{"id":17702,"date":"2022-08-25T20:55:20","date_gmt":"2022-08-25T18:55:20","guid":{"rendered":"http:\/\/just-now.news\/de\/deutschland\/inflation-und-politische-realitaetsferne-horrende-heimkosten-machen-pflegebeduerftige-zu-sozialfaellen\/"},"modified":"2022-08-25T20:55:20","modified_gmt":"2022-08-25T18:55:20","slug":"inflation-und-politische-realitaetsferne-horrende-heimkosten-machen-pflegebeduerftige-zu-sozialfaellen","status":"publish","type":"post","link":"https:\/\/now-news.de\/de\/deutschland\/inflation-und-politische-realitaetsferne-horrende-heimkosten-machen-pflegebeduerftige-zu-sozialfaellen\/","title":{"rendered":"Inflation und politische Realit\u00e4tsferne: Horrende Heimkosten machen Pflegebed\u00fcrftige zu Sozialf\u00e4llen"},"content":{"rendered":"<p><img decoding=\"async\" src=\"http:\/\/just-now.news\/de\/wp-content\/uploads\/sites\/3\/2022\/08\/630705afb480cc7c87316ab5.jpg\" \/><\/p>\n<p><em>von Susan Bonath<\/em><\/p>\n<p>Seit Corona ist der &#8220;Schutz der Vulnerablen&#8221; angesagt. Heroisch tragen seither Regierende und Beh\u00f6rden die Floskel vor sich her. Angeblich zu ihrem eigenen Wohl entm\u00fcndigte man Bewohner von Pflegeheimen geradezu. Man drangsalierte sie am Lebensende mit Besuchsverboten und Ausgangssperren \u2013 dies unter Bedingungen, die dank chronischen Personalmangels einen Alltag aus Einsamkeit und kasernenm\u00e4\u00dfig eingetakteter &#8220;Abwicklung&#8221; bescheren mussten. Man wird vermutlich nie erfahren, wie viele Bewohner in Pandemiezeiten nur mit Corona, aber zwangsvereinsamt an Depressionen starben.<\/p>\n<p>Der Kapitalismus kennt jedenfalls keine Solidarit\u00e4t mit Vulnerablen. Erfolgreich haben seine Apologeten auch die Pflegeheime in den Markt integriert. Der fordert von allen, von der Wiege bis zur Bahre, nur eins: Geld. So ein Platz in einer restriktiven Flie\u00dfband-Pflegeeinrichtung f\u00fcr die kleinen Leute \u2013 die Reichen haben da ganz andere M\u00f6glichkeiten \u2013 ist so teuer, dass die meisten Bewohner als Nummern beim Sozialamt enden. Und es wird noch teurer, denn die Politik der steigenden Gas- und Strompreise macht vor den &#8220;Vulnerablen&#8221;, bei aller &#8220;Solidarit\u00e4t&#8221;, nicht halt.<\/p>\n<p><strong>Explodierende Heimkosten<\/strong><\/p>\n<p>So explodieren allerorts die Eigenanteile f\u00fcr Pflegeheimpl\u00e4tze. Wie die <a rel=\"nofollow noopener\" target=\"_blank\" href=\"https:\/\/www.volksstimme.de\/sachsen-anhalt\/landespolitik\/eigenanteile-pflegeheimkosten-in-sachsen-anhalt-explodieren-3430473?reduced=true\"><em>Magdeburger<\/em>\u00a0<em>Volksstimme<\/em><\/a>\u00a0berichtete, steigen sie in Sachsen-Anhalt um bis zu 1.600 Euro. Laut <em><a rel=\"nofollow noopener\" target=\"_blank\" href=\"https:\/\/www.mz.de\/lokal\/merseburg\/teures-leben-im-pflegeheim-senioren-mussen-400-euro-mehr-im-monat-zahlen-3420494?reduced=true\">Mitteldeutscher Zeitung<\/a><\/em>\u00a0m\u00fcssen Bewohner in Merseburg bei Halle an der Saale schon jetzt rund 400 Euro mehr abdr\u00fccken. Geschr\u00f6pft werden auch Betroffene in <a rel=\"nofollow noopener\" target=\"_blank\" href=\"https:\/\/www.swr.de\/swraktuell\/baden-wuerttemberg\/heilbronn\/pflegeheime-leiden-unter-gasumlage-100.html\">S\u00fcdwestdeutschland<\/a>, <a rel=\"nofollow noopener\" target=\"_blank\" href=\"https:\/\/www.thueringer-allgemeine.de\/kosten-fuer-pflegeheime-steigen-weiter-id236005357.html\">Th\u00fcringen<\/a>\u00a0und ganz Deutschland. Die <em><a rel=\"nofollow noopener\" target=\"_blank\" href=\"https:\/\/www.faz.net\/aktuell\/rhein-main\/frankfurt\/pflegeheime-werden-wegen-tariftreuegesetz-immer-teurer-18212487.html\">Frankfurter Allgemeine Zeitung<\/a><\/em>\u00a0schob dies k\u00fcrzlich auf die Lohnerh\u00f6hung in der Pflege, ganz so, als w\u00e4ren nun die Besch\u00e4ftigten Schuld an der Misere.<\/p>\n<p>Bereits vor dem aktuellen Preissprung kosteten Pflegeheimpl\u00e4tze die Bed\u00fcrftigen ein Verm\u00f6gen. Im\u00a0<a rel=\"nofollow noopener\" target=\"_blank\" href=\"https:\/\/www.biallo.de\/soziales\/news\/pflegeheim\/#:~:text=Zuzahlung%20Pflegeheim%3A%20H%C3%B6hes%20des%20gesamten%20Eigenanteils&amp;text=Nach%20Angaben%20des%20Verbandes%20der,variiert%20von%20Bundesland%20zu%20Bundesland\">bundesweiten Durchschnitt<\/a> mussten Bewohner zu Beginn dieses Jahres fast 2.200 Euro pro Monat selbst aufbringen. Je nach Bundesland schwankten die Eigenanteile zwischen rund 1.600 Euro in Sachsen-Anhalt und mehr als 2.500 Euro in Nordrhein-Westfalen, Baden-W\u00fcrttemberg und im Saarland.<\/p>\n<p><strong>Miserable Zust\u00e4nde<\/strong><\/p>\n<p>Dabei sind die Zust\u00e4nde in vielen Heimen nicht die besten, um es gelinde auszudr\u00fccken. Es gibt unz\u00e4hlige Berichte \u00fcber gravierende Missst\u00e4nde. Ein <a rel=\"nofollow noopener\" target=\"_blank\" href=\"https:\/\/www.braunschweiger-zeitung.de\/braunschweig\/article235853197\/Missstaende-in-Braunschweiger-Pflegeheim.html\">Team des Journalisten G\u00fcnter Wallraff<\/a> deckte beispielsweise k\u00fcrzlich massive Pflegem\u00e4ngel\u00a0in einer Braunschweiger Einrichtung auf. Diese geh\u00f6rt, ganz im Zeichen der Zeit, einer Aktiengesellschaft namens Alloheim Senioren-Residenzen SE, die mit der marktgerechten Pflege ihre Gewinne scheffelt.<\/p>\n<p>Gegen ein Augsburger Pflegeheim <a rel=\"nofollow noopener\" target=\"_blank\" href=\"https:\/\/www.infranken.de\/bayern\/gravierende-missstaende-in-pflegeheim-wenig-essen-und-trinken-unversorgte-wunden-ermittlungen-laufen-art-5387735\">ermittelt<\/a> sogar die Staatsanwaltschaft. Bewohner bekamen dort zu wenig zu essen und trinken, wurden massiv vernachl\u00e4ssigt. Ein <a rel=\"nofollow noopener\" target=\"_blank\" href=\"https:\/\/www.aerzteblatt.de\/nachrichten\/131963\/Katastrophale-Zustaende-Qualitaet-von-Pflegeheimen-in-der-Kritik\">Einzelfall<\/a> ist das gewiss nicht. Wohl dem, der nicht das Pech hat, seinen Lebensabend f\u00fcr viel Geld unter solchen Bedingungen verbringen zu m\u00fcssen.<\/p>\n<p><strong>Mickrige Renten<\/strong><\/p>\n<p>Die Antwort auf die Frage, wie betroffene deutsche Durchschnittsrentner ohne lukrative Aktienpakete oder Immobilien so hohe Kosten \u00fcberhaupt bezahlen sollen, ist einfach: gar nicht. Ein Blick auf das gegenw\u00e4rtige Rentenniveau in Zahlen verdeutlicht die ganze Absurdit\u00e4t. Der Sozialwissenschaftler Stefan Sell pr\u00e4sentiert dessen Entwicklung von 2000 bis 2020 auf seiner Internetseite in einem \u00fcbersichtlichen\u00a0<a rel=\"nofollow noopener\" target=\"_blank\" href=\"https:\/\/www.sozialpolitik-aktuell.de\/files\/sozialpolitik-aktuell\/_Politikfelder\/Alter-Rente\/Datensammlung\/PDF-Dateien\/abbVIII44d.pdf\">Schaubild<\/a>.<\/p>\n<p>Demnach erhalten Frauen in Westdeutschland aktuell im Mittel 774 Euro brutto pro Monat, im Osten sind es rund 1.058 Euro. Bei M\u00e4nnern reicht das mittlere Niveau der Bruttorente von 1.123 Euro im Osten bis knapp 1.200 Euro im Westen. Man muss kein Mathe-Genie sein, um dem Finanzierungsmodell mit derart hohen Eigenanteilen eine Realit\u00e4tsferne der Extraklasse zu attestieren.<\/p>\n<p>Man fragt sich ferner, wo denn eigentlich die Beitr\u00e4ge zur Pflegeversicherung \u2013 <a rel=\"nofollow noopener\" target=\"_blank\" href=\"https:\/\/www.bundesgesundheitsministerium.de\/themen\/pflege\/online-ratgeber-pflege\/die-pflegeversicherung\/finanzierung.html#:~:text=Der%20Beitragssatz%20liegt%20bei%203,H%C3%A4lfte%2C%20also%20jeweils%201%2C525%20Prozent\">jeder lohnabh\u00e4ngig Besch\u00e4ftigte<\/a>\u00a0dr\u00fcckt monatlich drei bis 3,4 Prozent\u00a0seines Bruttogehalts ab \u2013 versickern. Insgesamt lebten 2019 von bundesweit rund 4,1 Millionen mehr oder weniger Pflegebed\u00fcrftigen gut 800.000 Menschen in <a rel=\"nofollow noopener\" target=\"_blank\" href=\"https:\/\/www.destatis.de\/DE\/Themen\/Gesellschaft-Umwelt\/Gesundheit\/Pflege\/Tabellen\/pflegebeduerftige-pflegestufe.html;jsessionid=06708D91B1AAB83E7ECA3EDD9FDA9323.live742\">Heimen<\/a>.<\/p>\n<p><strong>&#8220;Dann esst doch Kuchen!&#8221;<\/strong><\/p>\n<p>Das Leben vieler Pflegebed\u00fcrftigen endet also beim Sozialamt. Von Selbstbestimmung in unserer bunten Warenwelt ist dann nicht mehr allzu viel \u00fcbrig. Bei maximal 5.000 Euro Selbstbehalt auf der hohen Kante, die gerade einmal f\u00fcr eine Beerdigung leicht oberhalb der Sozialbestattung reichen d\u00fcrften, geht dann fast die gesamte Rente drauf, f\u00fcr den Rest springt das Sozialamt ein.<\/p>\n<p>Gerade einmal 27 Prozent des Sozialhilfesatzes d\u00fcrfen alleinlebende Heimbewohner als &#8220;<a rel=\"nofollow noopener\" target=\"_blank\" href=\"https:\/\/www.biva.de\/aus-unserer-beratungsarbeit\/wie-viel-taschengeld-steht-einem-bewohner-im-pflegeheim-zu\/#:~:text=Der%20Barbetrag%20umfasst%20mindestens%2027,Voraussetzungen%20ist%20eine%20Erh%C3%B6hung%20m%C3%B6glich\">Taschengeld<\/a>&#8221;\u00a0f\u00fcr sich behalten. Das sind in aller deutschen Kleinlichkeit genau 121 Euro und 23 Cent. Davon m\u00fcssen sie alles bezahlen, was es im Heim nicht gibt: den Friseur zum Beispiel, Zuzahlungen f\u00fcr Medikamente und Kliniktransporte, eigene K\u00f6rperpflegemittel und so weiter.<\/p>\n<p>Eines wird deutlich: So ernst, wie sie behaupten, ist all den Phrasendreschern der &#8220;Schutz der Vulnerablen&#8221; ersichtlich nicht. Man hat nicht den Eindruck, dass sich die Regierung je mit der Realit\u00e4t der Normalbev\u00f6lkerung besch\u00e4ftigt hat. Auch die aktuellen Debatten um Sanktions- und Energiepreis-Wahnsinn deuten darauf hin, frei nach dem Motto: &#8220;Wenn ihr kein Brot habt, dann esst doch Kuchen!&#8221;<\/p>\n<p><strong>Mehr zum Thema<\/strong> &#8211; <a rel=\"nofollow noopener\" target=\"_blank\" href=\"https:\/\/test.rtde.tech\/inland\/146704-schlicht-nicht-sparfaehig-grossteil-deutschen\/\">&#8220;Schlicht nicht sparf\u00e4hig&#8221; \u2013 Gro\u00dfteil der Deutschen kann kaum noch Geld zur\u00fccklegen<\/a><\/p>\n<p><br \/>\n<br \/><a href=\"https:\/\/de.rt.com\/inland\/147003-inflation-und-politische-realitatsferne-horrende\/\">Source link <\/a><\/p>\n","protected":false},"excerpt":{"rendered":"<p>von Susan Bonath Seit Corona ist der &#8220;Schutz der Vulnerablen&#8221; angesagt. Heroisch tragen seither Regierende und Beh\u00f6rden die Floskel vor sich her. Angeblich zu ihrem eigenen Wohl entm\u00fcndigte man Bewohner von Pflegeheimen geradezu. Man drangsalierte sie am Lebensende mit Besuchsverboten und Ausgangssperren \u2013 dies unter Bedingungen, die dank chronischen Personalmangels einen Alltag aus Einsamkeit und [&hellip;]<\/p>\n","protected":false},"author":3,"featured_media":17703,"comment_status":"open","ping_status":"open","sticky":false,"template":"","format":"standard","meta":{"wp_automatic_camp":["217"],"9a03cd961875370724db072bf6510096":["Inflation und politische Realit\u00e4tsferne: Horrende Heimkosten machen Pflegebed\u00fcrftige zu Sozialf\u00e4llen"],"original_link":["https:\/\/de.rt.com\/inland\/147003-inflation-und-politische-realitatsferne-horrende\/"],"_thumbnail_id":["17703"],"_wptg_p2tg_sent2tg":["2022-08-25 21:03:00"],"jnews_social_counter_last_update":["1777603307"]},"categories":[19,23],"tags":[31688,31687,198,3570,31689,4434,31686,31690,140],"yoast_head":"<!-- This site is optimized with the Yoast SEO Premium plugin v22.7 (Yoast SEO v22.7) - https:\/\/yoast.com\/wordpress\/plugins\/seo\/ -->\n<title>Inflation und politische Realit\u00e4tsferne: Horrende Heimkosten machen Pflegebed\u00fcrftige zu Sozialf\u00e4llen - just-now.NEWS Deutschland<\/title>\n<meta name=\"robots\" content=\"index, follow, max-snippet:-1, max-image-preview:large, max-video-preview:-1\" \/>\n<link rel=\"canonical\" href=\"https:\/\/now-news.de\/de\/deutschland\/inflation-und-politische-realitaetsferne-horrende-heimkosten-machen-pflegebeduerftige-zu-sozialfaellen\/\" \/>\n<meta property=\"og:locale\" content=\"de_DE\" \/>\n<meta property=\"og:type\" content=\"article\" \/>\n<meta property=\"og:title\" content=\"Inflation und politische Realit\u00e4tsferne: Horrende Heimkosten machen Pflegebed\u00fcrftige zu Sozialf\u00e4llen\" \/>\n<meta property=\"og:description\" content=\"von Susan Bonath Seit Corona ist der &#8220;Schutz der Vulnerablen&#8221; angesagt. Heroisch tragen seither Regierende und Beh\u00f6rden die Floskel vor sich her. Angeblich zu ihrem eigenen Wohl entm\u00fcndigte man Bewohner von Pflegeheimen geradezu. Man drangsalierte sie am Lebensende mit Besuchsverboten und Ausgangssperren \u2013 dies unter Bedingungen, die dank chronischen Personalmangels einen Alltag aus Einsamkeit und [&hellip;]\" \/>\n<meta property=\"og:url\" content=\"https:\/\/now-news.de\/de\/deutschland\/inflation-und-politische-realitaetsferne-horrende-heimkosten-machen-pflegebeduerftige-zu-sozialfaellen\/\" \/>\n<meta property=\"og:site_name\" content=\"just-now.NEWS Deutschland\" \/>\n<meta property=\"article:publisher\" content=\"https:\/\/www.facebook.com\/wirmachenauf\" \/>\n<meta property=\"article:published_time\" content=\"2022-08-25T18:55:20+00:00\" \/>\n<meta property=\"og:image\" content=\"https:\/\/now-news.de\/de\/wp-content\/uploads\/sites\/3\/2022\/08\/Inflation-und-politische-Realitaetsferne-Horrende-Heimkosten-machen-Pflegebeduerftige-zu-Sozialfaellen.jpg\" \/>\n\t<meta property=\"og:image:width\" content=\"460\" \/>\n\t<meta property=\"og:image:height\" content=\"259\" \/>\n\t<meta property=\"og:image:type\" content=\"image\/jpeg\" \/>\n<meta name=\"author\" content=\"rtnews\" \/>\n<meta name=\"twitter:card\" content=\"summary_large_image\" \/>\n<meta name=\"twitter:creator\" content=\"@WirMachenAuf_de\" \/>\n<meta name=\"twitter:site\" content=\"@WirMachenAuf_de\" \/>\n<meta name=\"twitter:label1\" content=\"Verfasst von\" \/>\n\t<meta name=\"twitter:data1\" content=\"rtnews\" \/>\n\t<meta name=\"twitter:label2\" content=\"Gesch\u00e4tzte Lesezeit\" \/>\n\t<meta name=\"twitter:data2\" content=\"4\u00a0Minuten\" \/>\n<script type=\"application\/ld+json\" class=\"yoast-schema-graph\">{\"@context\":\"https:\/\/schema.org\",\"@graph\":[{\"@type\":\"Article\",\"@id\":\"https:\/\/now-news.de\/de\/deutschland\/inflation-und-politische-realitaetsferne-horrende-heimkosten-machen-pflegebeduerftige-zu-sozialfaellen\/#article\",\"isPartOf\":{\"@id\":\"https:\/\/now-news.de\/de\/deutschland\/inflation-und-politische-realitaetsferne-horrende-heimkosten-machen-pflegebeduerftige-zu-sozialfaellen\/\"},\"author\":{\"name\":\"rtnews\",\"@id\":\"https:\/\/now-news.de\/de\/#\/schema\/person\/fb534a4e865501d8b3285208df34a9b5\"},\"headline\":\"Inflation und politische Realit\u00e4tsferne: Horrende Heimkosten machen Pflegebed\u00fcrftige zu Sozialf\u00e4llen\",\"datePublished\":\"2022-08-25T18:55:20+00:00\",\"dateModified\":\"2022-08-25T18:55:20+00:00\",\"mainEntityOfPage\":{\"@id\":\"https:\/\/now-news.de\/de\/deutschland\/inflation-und-politische-realitaetsferne-horrende-heimkosten-machen-pflegebeduerftige-zu-sozialfaellen\/\"},\"wordCount\":787,\"commentCount\":0,\"publisher\":{\"@id\":\"https:\/\/now-news.de\/de\/#organization\"},\"image\":{\"@id\":\"https:\/\/now-news.de\/de\/deutschland\/inflation-und-politische-realitaetsferne-horrende-heimkosten-machen-pflegebeduerftige-zu-sozialfaellen\/#primaryimage\"},\"thumbnailUrl\":\"https:\/\/now-news.de\/de\/wp-content\/uploads\/sites\/3\/2022\/08\/Inflation-und-politische-Realitaetsferne-Horrende-Heimkosten-machen-Pflegebeduerftige-zu-Sozialfaellen.jpg\",\"keywords\":[\"Heimkosten\",\"Horrende\",\"Inflation\",\"machen\",\"Pflegebed\u00fcrftige\",\"politische\",\"Realit\u00e4tsferne\",\"Sozialf\u00e4llen\",\"und\"],\"articleSection\":[\"Deutschland\",\"Russland\"],\"inLanguage\":\"de\",\"potentialAction\":[{\"@type\":\"CommentAction\",\"name\":\"Comment\",\"target\":[\"https:\/\/now-news.de\/de\/deutschland\/inflation-und-politische-realitaetsferne-horrende-heimkosten-machen-pflegebeduerftige-zu-sozialfaellen\/#respond\"]}]},{\"@type\":\"WebPage\",\"@id\":\"https:\/\/now-news.de\/de\/deutschland\/inflation-und-politische-realitaetsferne-horrende-heimkosten-machen-pflegebeduerftige-zu-sozialfaellen\/\",\"url\":\"https:\/\/now-news.de\/de\/deutschland\/inflation-und-politische-realitaetsferne-horrende-heimkosten-machen-pflegebeduerftige-zu-sozialfaellen\/\",\"name\":\"Inflation und politische Realit\u00e4tsferne: Horrende Heimkosten machen Pflegebed\u00fcrftige zu Sozialf\u00e4llen - just-now.NEWS Deutschland\",\"isPartOf\":{\"@id\":\"https:\/\/now-news.de\/de\/#website\"},\"primaryImageOfPage\":{\"@id\":\"https:\/\/now-news.de\/de\/deutschland\/inflation-und-politische-realitaetsferne-horrende-heimkosten-machen-pflegebeduerftige-zu-sozialfaellen\/#primaryimage\"},\"image\":{\"@id\":\"https:\/\/now-news.de\/de\/deutschland\/inflation-und-politische-realitaetsferne-horrende-heimkosten-machen-pflegebeduerftige-zu-sozialfaellen\/#primaryimage\"},\"thumbnailUrl\":\"https:\/\/now-news.de\/de\/wp-content\/uploads\/sites\/3\/2022\/08\/Inflation-und-politische-Realitaetsferne-Horrende-Heimkosten-machen-Pflegebeduerftige-zu-Sozialfaellen.jpg\",\"datePublished\":\"2022-08-25T18:55:20+00:00\",\"dateModified\":\"2022-08-25T18:55:20+00:00\",\"breadcrumb\":{\"@id\":\"https:\/\/now-news.de\/de\/deutschland\/inflation-und-politische-realitaetsferne-horrende-heimkosten-machen-pflegebeduerftige-zu-sozialfaellen\/#breadcrumb\"},\"inLanguage\":\"de\",\"potentialAction\":[{\"@type\":\"ReadAction\",\"target\":[\"https:\/\/now-news.de\/de\/deutschland\/inflation-und-politische-realitaetsferne-horrende-heimkosten-machen-pflegebeduerftige-zu-sozialfaellen\/\"]}]},{\"@type\":\"ImageObject\",\"inLanguage\":\"de\",\"@id\":\"https:\/\/now-news.de\/de\/deutschland\/inflation-und-politische-realitaetsferne-horrende-heimkosten-machen-pflegebeduerftige-zu-sozialfaellen\/#primaryimage\",\"url\":\"https:\/\/now-news.de\/de\/wp-content\/uploads\/sites\/3\/2022\/08\/Inflation-und-politische-Realitaetsferne-Horrende-Heimkosten-machen-Pflegebeduerftige-zu-Sozialfaellen.jpg\",\"contentUrl\":\"https:\/\/now-news.de\/de\/wp-content\/uploads\/sites\/3\/2022\/08\/Inflation-und-politische-Realitaetsferne-Horrende-Heimkosten-machen-Pflegebeduerftige-zu-Sozialfaellen.jpg\",\"width\":460,\"height\":259,\"caption\":\"Inflation und politische Realit\u00e4tsferne: Horrende Heimkosten machen Pflegebed\u00fcrftige zu Sozialf\u00e4llen\"},{\"@type\":\"BreadcrumbList\",\"@id\":\"https:\/\/now-news.de\/de\/deutschland\/inflation-und-politische-realitaetsferne-horrende-heimkosten-machen-pflegebeduerftige-zu-sozialfaellen\/#breadcrumb\",\"itemListElement\":[{\"@type\":\"ListItem\",\"position\":1,\"name\":\"Home\",\"item\":\"https:\/\/now-news.de\/de\/\"},{\"@type\":\"ListItem\",\"position\":2,\"name\":\"Inflation und politische Realit\u00e4tsferne: Horrende Heimkosten machen Pflegebed\u00fcrftige zu Sozialf\u00e4llen\"}]},{\"@type\":\"WebSite\",\"@id\":\"https:\/\/now-news.de\/de\/#website\",\"url\":\"https:\/\/now-news.de\/de\/\",\"name\":\"just-now.NEWS Deutschland\",\"description\":\"Das Portal f\u00fcr unzensierte Nachrichten aus der Welt\",\"publisher\":{\"@id\":\"https:\/\/now-news.de\/de\/#organization\"},\"potentialAction\":[{\"@type\":\"SearchAction\",\"target\":{\"@type\":\"EntryPoint\",\"urlTemplate\":\"https:\/\/now-news.de\/de\/?s={search_term_string}\"},\"query-input\":\"required name=search_term_string\"}],\"inLanguage\":\"de\"},{\"@type\":\"Organization\",\"@id\":\"https:\/\/now-news.de\/de\/#organization\",\"name\":\"Just Now News\",\"url\":\"https:\/\/now-news.de\/de\/\",\"logo\":{\"@type\":\"ImageObject\",\"inLanguage\":\"de\",\"@id\":\"https:\/\/now-news.de\/de\/#\/schema\/logo\/image\/\",\"url\":\"http:\/\/just-now.news\/de\/wp-content\/uploads\/sites\/3\/2022\/04\/logo500x500.jpg\",\"contentUrl\":\"http:\/\/just-now.news\/de\/wp-content\/uploads\/sites\/3\/2022\/04\/logo500x500.jpg\",\"width\":500,\"height\":500,\"caption\":\"Just Now News\"},\"image\":{\"@id\":\"https:\/\/now-news.de\/de\/#\/schema\/logo\/image\/\"},\"sameAs\":[\"https:\/\/www.facebook.com\/wirmachenauf\",\"https:\/\/x.com\/WirMachenAuf_de\"]},{\"@type\":\"Person\",\"@id\":\"https:\/\/now-news.de\/de\/#\/schema\/person\/fb534a4e865501d8b3285208df34a9b5\",\"name\":\"rtnews\",\"image\":{\"@type\":\"ImageObject\",\"inLanguage\":\"de\",\"@id\":\"https:\/\/now-news.de\/de\/#\/schema\/person\/image\/\",\"url\":\"https:\/\/secure.gravatar.com\/avatar\/82aafea7d8127119dd649515f56e2117?s=96&d=mm&r=g\",\"contentUrl\":\"https:\/\/secure.gravatar.com\/avatar\/82aafea7d8127119dd649515f56e2117?s=96&d=mm&r=g\",\"caption\":\"rtnews\"},\"url\":\"https:\/\/now-news.de\/de\/author\/rnews\/\"}]}<\/script>\n<!-- \/ Yoast SEO Premium plugin. -->","yoast_head_json":{"title":"Inflation und politische Realit\u00e4tsferne: Horrende Heimkosten machen Pflegebed\u00fcrftige zu Sozialf\u00e4llen - just-now.NEWS Deutschland","robots":{"index":"index","follow":"follow","max-snippet":"max-snippet:-1","max-image-preview":"max-image-preview:large","max-video-preview":"max-video-preview:-1"},"canonical":"https:\/\/now-news.de\/de\/deutschland\/inflation-und-politische-realitaetsferne-horrende-heimkosten-machen-pflegebeduerftige-zu-sozialfaellen\/","og_locale":"de_DE","og_type":"article","og_title":"Inflation und politische Realit\u00e4tsferne: Horrende Heimkosten machen Pflegebed\u00fcrftige zu Sozialf\u00e4llen","og_description":"von Susan Bonath Seit Corona ist der &#8220;Schutz der Vulnerablen&#8221; angesagt. Heroisch tragen seither Regierende und Beh\u00f6rden die Floskel vor sich her. Angeblich zu ihrem eigenen Wohl entm\u00fcndigte man Bewohner von Pflegeheimen geradezu. Man drangsalierte sie am Lebensende mit Besuchsverboten und Ausgangssperren \u2013 dies unter Bedingungen, die dank chronischen Personalmangels einen Alltag aus Einsamkeit und [&hellip;]","og_url":"https:\/\/now-news.de\/de\/deutschland\/inflation-und-politische-realitaetsferne-horrende-heimkosten-machen-pflegebeduerftige-zu-sozialfaellen\/","og_site_name":"just-now.NEWS Deutschland","article_publisher":"https:\/\/www.facebook.com\/wirmachenauf","article_published_time":"2022-08-25T18:55:20+00:00","og_image":[{"width":460,"height":259,"url":"https:\/\/now-news.de\/de\/wp-content\/uploads\/sites\/3\/2022\/08\/Inflation-und-politische-Realitaetsferne-Horrende-Heimkosten-machen-Pflegebeduerftige-zu-Sozialfaellen.jpg","type":"image\/jpeg"}],"author":"rtnews","twitter_card":"summary_large_image","twitter_creator":"@WirMachenAuf_de","twitter_site":"@WirMachenAuf_de","twitter_misc":{"Verfasst von":"rtnews","Gesch\u00e4tzte Lesezeit":"4\u00a0Minuten"},"schema":{"@context":"https:\/\/schema.org","@graph":[{"@type":"Article","@id":"https:\/\/now-news.de\/de\/deutschland\/inflation-und-politische-realitaetsferne-horrende-heimkosten-machen-pflegebeduerftige-zu-sozialfaellen\/#article","isPartOf":{"@id":"https:\/\/now-news.de\/de\/deutschland\/inflation-und-politische-realitaetsferne-horrende-heimkosten-machen-pflegebeduerftige-zu-sozialfaellen\/"},"author":{"name":"rtnews","@id":"https:\/\/now-news.de\/de\/#\/schema\/person\/fb534a4e865501d8b3285208df34a9b5"},"headline":"Inflation und politische Realit\u00e4tsferne: Horrende Heimkosten machen Pflegebed\u00fcrftige zu Sozialf\u00e4llen","datePublished":"2022-08-25T18:55:20+00:00","dateModified":"2022-08-25T18:55:20+00:00","mainEntityOfPage":{"@id":"https:\/\/now-news.de\/de\/deutschland\/inflation-und-politische-realitaetsferne-horrende-heimkosten-machen-pflegebeduerftige-zu-sozialfaellen\/"},"wordCount":787,"commentCount":0,"publisher":{"@id":"https:\/\/now-news.de\/de\/#organization"},"image":{"@id":"https:\/\/now-news.de\/de\/deutschland\/inflation-und-politische-realitaetsferne-horrende-heimkosten-machen-pflegebeduerftige-zu-sozialfaellen\/#primaryimage"},"thumbnailUrl":"https:\/\/now-news.de\/de\/wp-content\/uploads\/sites\/3\/2022\/08\/Inflation-und-politische-Realitaetsferne-Horrende-Heimkosten-machen-Pflegebeduerftige-zu-Sozialfaellen.jpg","keywords":["Heimkosten","Horrende","Inflation","machen","Pflegebed\u00fcrftige","politische","Realit\u00e4tsferne","Sozialf\u00e4llen","und"],"articleSection":["Deutschland","Russland"],"inLanguage":"de","potentialAction":[{"@type":"CommentAction","name":"Comment","target":["https:\/\/now-news.de\/de\/deutschland\/inflation-und-politische-realitaetsferne-horrende-heimkosten-machen-pflegebeduerftige-zu-sozialfaellen\/#respond"]}]},{"@type":"WebPage","@id":"https:\/\/now-news.de\/de\/deutschland\/inflation-und-politische-realitaetsferne-horrende-heimkosten-machen-pflegebeduerftige-zu-sozialfaellen\/","url":"https:\/\/now-news.de\/de\/deutschland\/inflation-und-politische-realitaetsferne-horrende-heimkosten-machen-pflegebeduerftige-zu-sozialfaellen\/","name":"Inflation und politische Realit\u00e4tsferne: Horrende Heimkosten machen Pflegebed\u00fcrftige zu Sozialf\u00e4llen - just-now.NEWS Deutschland","isPartOf":{"@id":"https:\/\/now-news.de\/de\/#website"},"primaryImageOfPage":{"@id":"https:\/\/now-news.de\/de\/deutschland\/inflation-und-politische-realitaetsferne-horrende-heimkosten-machen-pflegebeduerftige-zu-sozialfaellen\/#primaryimage"},"image":{"@id":"https:\/\/now-news.de\/de\/deutschland\/inflation-und-politische-realitaetsferne-horrende-heimkosten-machen-pflegebeduerftige-zu-sozialfaellen\/#primaryimage"},"thumbnailUrl":"https:\/\/now-news.de\/de\/wp-content\/uploads\/sites\/3\/2022\/08\/Inflation-und-politische-Realitaetsferne-Horrende-Heimkosten-machen-Pflegebeduerftige-zu-Sozialfaellen.jpg","datePublished":"2022-08-25T18:55:20+00:00","dateModified":"2022-08-25T18:55:20+00:00","breadcrumb":{"@id":"https:\/\/now-news.de\/de\/deutschland\/inflation-und-politische-realitaetsferne-horrende-heimkosten-machen-pflegebeduerftige-zu-sozialfaellen\/#breadcrumb"},"inLanguage":"de","potentialAction":[{"@type":"ReadAction","target":["https:\/\/now-news.de\/de\/deutschland\/inflation-und-politische-realitaetsferne-horrende-heimkosten-machen-pflegebeduerftige-zu-sozialfaellen\/"]}]},{"@type":"ImageObject","inLanguage":"de","@id":"https:\/\/now-news.de\/de\/deutschland\/inflation-und-politische-realitaetsferne-horrende-heimkosten-machen-pflegebeduerftige-zu-sozialfaellen\/#primaryimage","url":"https:\/\/now-news.de\/de\/wp-content\/uploads\/sites\/3\/2022\/08\/Inflation-und-politische-Realitaetsferne-Horrende-Heimkosten-machen-Pflegebeduerftige-zu-Sozialfaellen.jpg","contentUrl":"https:\/\/now-news.de\/de\/wp-content\/uploads\/sites\/3\/2022\/08\/Inflation-und-politische-Realitaetsferne-Horrende-Heimkosten-machen-Pflegebeduerftige-zu-Sozialfaellen.jpg","width":460,"height":259,"caption":"Inflation und politische Realit\u00e4tsferne: Horrende Heimkosten machen Pflegebed\u00fcrftige zu Sozialf\u00e4llen"},{"@type":"BreadcrumbList","@id":"https:\/\/now-news.de\/de\/deutschland\/inflation-und-politische-realitaetsferne-horrende-heimkosten-machen-pflegebeduerftige-zu-sozialfaellen\/#breadcrumb","itemListElement":[{"@type":"ListItem","position":1,"name":"Home","item":"https:\/\/now-news.de\/de\/"},{"@type":"ListItem","position":2,"name":"Inflation und politische Realit\u00e4tsferne: Horrende Heimkosten machen Pflegebed\u00fcrftige zu Sozialf\u00e4llen"}]},{"@type":"WebSite","@id":"https:\/\/now-news.de\/de\/#website","url":"https:\/\/now-news.de\/de\/","name":"just-now.NEWS Deutschland","description":"Das Portal f\u00fcr unzensierte Nachrichten aus der Welt","publisher":{"@id":"https:\/\/now-news.de\/de\/#organization"},"potentialAction":[{"@type":"SearchAction","target":{"@type":"EntryPoint","urlTemplate":"https:\/\/now-news.de\/de\/?s={search_term_string}"},"query-input":"required name=search_term_string"}],"inLanguage":"de"},{"@type":"Organization","@id":"https:\/\/now-news.de\/de\/#organization","name":"Just Now News","url":"https:\/\/now-news.de\/de\/","logo":{"@type":"ImageObject","inLanguage":"de","@id":"https:\/\/now-news.de\/de\/#\/schema\/logo\/image\/","url":"http:\/\/just-now.news\/de\/wp-content\/uploads\/sites\/3\/2022\/04\/logo500x500.jpg","contentUrl":"http:\/\/just-now.news\/de\/wp-content\/uploads\/sites\/3\/2022\/04\/logo500x500.jpg","width":500,"height":500,"caption":"Just Now News"},"image":{"@id":"https:\/\/now-news.de\/de\/#\/schema\/logo\/image\/"},"sameAs":["https:\/\/www.facebook.com\/wirmachenauf","https:\/\/x.com\/WirMachenAuf_de"]},{"@type":"Person","@id":"https:\/\/now-news.de\/de\/#\/schema\/person\/fb534a4e865501d8b3285208df34a9b5","name":"rtnews","image":{"@type":"ImageObject","inLanguage":"de","@id":"https:\/\/now-news.de\/de\/#\/schema\/person\/image\/","url":"https:\/\/secure.gravatar.com\/avatar\/82aafea7d8127119dd649515f56e2117?s=96&d=mm&r=g","contentUrl":"https:\/\/secure.gravatar.com\/avatar\/82aafea7d8127119dd649515f56e2117?s=96&d=mm&r=g","caption":"rtnews"},"url":"https:\/\/now-news.de\/de\/author\/rnews\/"}]}},"_links":{"self":[{"href":"https:\/\/now-news.de\/de\/wp-json\/wp\/v2\/posts\/17702"}],"collection":[{"href":"https:\/\/now-news.de\/de\/wp-json\/wp\/v2\/posts"}],"about":[{"href":"https:\/\/now-news.de\/de\/wp-json\/wp\/v2\/types\/post"}],"author":[{"embeddable":true,"href":"https:\/\/now-news.de\/de\/wp-json\/wp\/v2\/users\/3"}],"replies":[{"embeddable":true,"href":"https:\/\/now-news.de\/de\/wp-json\/wp\/v2\/comments?post=17702"}],"version-history":[{"count":0,"href":"https:\/\/now-news.de\/de\/wp-json\/wp\/v2\/posts\/17702\/revisions"}],"wp:featuredmedia":[{"embeddable":true,"href":"https:\/\/now-news.de\/de\/wp-json\/wp\/v2\/media\/17703"}],"wp:attachment":[{"href":"https:\/\/now-news.de\/de\/wp-json\/wp\/v2\/media?parent=17702"}],"wp:term":[{"taxonomy":"category","embeddable":true,"href":"https:\/\/now-news.de\/de\/wp-json\/wp\/v2\/categories?post=17702"},{"taxonomy":"post_tag","embeddable":true,"href":"https:\/\/now-news.de\/de\/wp-json\/wp\/v2\/tags?post=17702"}],"curies":[{"name":"wp","href":"https:\/\/api.w.org\/{rel}","templated":true}]}}