{"id":17696,"date":"2022-08-25T20:08:09","date_gmt":"2022-08-25T18:08:09","guid":{"rendered":"http:\/\/just-now.news\/de\/deutschland\/scholz-posiert-auf-panzer-in-putlos-besuch-bei-ukrainischen-soldaten\/"},"modified":"2022-08-25T20:08:09","modified_gmt":"2022-08-25T18:08:09","slug":"scholz-posiert-auf-panzer-in-putlos-besuch-bei-ukrainischen-soldaten","status":"publish","type":"post","link":"https:\/\/now-news.de\/de\/deutschland\/scholz-posiert-auf-panzer-in-putlos-besuch-bei-ukrainischen-soldaten\/","title":{"rendered":"Scholz posiert auf Panzer in Putlos \u2013 Besuch bei ukrainischen Soldaten"},"content":{"rendered":"<div class=\"Text-root Text-type_1 \">\n                Am Donnerstag hat der Bundeskanzler Olaf Scholz den Ausbildungsplatz f\u00fcr ukrainische Soldaten in Putlos besucht und Flugabwehrpanzer Gepard besichtigt. In einen der Panzer ist er hineingestiegen und hat ihn von innen begutachtet. Drei\u00dfig der Panzer soll die Ukraine noch in diesem Jahr bekommen.\n            <\/div>\n<p><\/p>\n<div class=\"Text-root Text-type_5 ArticleView-text ViewText-root \">\n<p>&#8220;Der Kanzler im Panzer&#8221;, &#8220;Hier klettert der <em>Panzler<\/em>&#8220;<em><\/em>&#8211; das Wortspiel gef\u00e4llt den Medien, die \u00fcber den heutigen Besuch von Olaf Scholz in Putlos berichten. Vormittags lie\u00df er sich direkt nach seiner Kanada-Reise per Hubschrauber zum\u00a0Truppen\u00fcbungsplatz Putlos im Kreis Ostholstein bringen. Hier findet die sechsw\u00f6chige Ausbildung f\u00fcr ukrainische Soldaten statt, die den Umgang mit dem\u00a0 Flugabwehrkanonenpanzer Gepard lernen.\u00a0<\/p>\n<p>Wie <em>dpa<\/em> berichtete, habe Scholz zun\u00e4chst das Gel\u00e4nde besichtigt. Anschlie\u00dfend sprach er mit den Streitkr\u00e4ften und Industrie-Ausbildern des R\u00fcstungsherstellers Krauss-Maffei Wegmann (KMW), bestieg einen der Panzer und begutachtete ihn von innen. W\u00e4hrend einer Ansprache hat der Bundeskanzler seine Entschlossenheit zur milit\u00e4rischen Unterst\u00fctzung der Ukraine gegen den Angriff Russlands bekr\u00e4ftigt.\u00a0<\/p>\n<p>&#8220;Die M\u00e4nner, die hier sind, werden ihr Land verteidigen. Sie werden es verteidigen gegen die furchtbare Bedrohung, die durch den brutalen Angriffskrieg Russlands entstanden ist f\u00fcr die Ukraine&#8221;, sagte Scholz, f\u00fcr den es der erste Besuch dieses Ausbildungsprogramms war.<\/p>\n<blockquote>\n<p><em>&#8220;Und wir werden sie weiter unterst\u00fctzen mit unseren finanziellen M\u00f6glichkeiten, aber auch mit den Waffen, die wir aus Deutschland zur Verf\u00fcgung stellen k\u00f6nnen.&#8221;<\/em><\/p>\n<\/blockquote>\n<p>Scholz sieht sich immer wieder &#8211; auch aus den Reihen der Ampel-Koalition &#8211; mit dem Vorwurf konfrontiert, er agiere zu z\u00f6gerlich und die Bundesregierung m\u00fcsse mehr schwere Waffen an die Ukraine liefern. Deutschland habe bereits viele wirksame und schwere Waffen geliefert, sagte Scholz in Putlos und\u00a0verwies auf die\u00a0Mehrfachraketenwerfer sowie die Panzerhaubitzen 2000. Die Ukraine habe das Recht dazu, das eigene Land, die eigene Unabh\u00e4ngigkeit und Souver\u00e4nit\u00e4t zu verteidigen. Abschlie\u00dfend sagte Scholz:\u00a0<\/p>\n<blockquote>\n<p><em>&#8220;Ich bin dankbar f\u00fcr das, was hier geleistet wird auf diesem Platz, f\u00fcr unsere Soldatinnen und Soldaten und ihren Einsatz, f\u00fcr die Unterst\u00fctzung, die die deutsche Industrie in diesem Zusammenhang leistet.&#8221;<\/em><\/p>\n<\/blockquote>\n<figure class=\"RTImage-root\">\n<div class=\"RTImage-image RTImage-original\"><picture class=\"Picture-root Picture-original\"><!--[if IE 9]><video style=\"display: none;\"><![endif]--><source media=\"(-webkit-min-device-pixel-ratio: 2) and (min-resolution: 120dpi)\" data-srcset=\" \nhttp:\/\/just-now.news\/de\/wp-content\/uploads\/sites\/3\/2022\/08\/6307975d48fbef6e9740f69b.jpg 850w,\n                http:\/\/just-now.news\/de\/wp-content\/uploads\/sites\/3\/2022\/08\/6307975d48fbef6e9740f69b.jpg 1960w,\n            \" ><source data-srcset=\" \nhttp:\/\/just-now.news\/de\/wp-content\/uploads\/sites\/3\/2022\/08\/6307975d48fbef6e9740f69b.jpg 460w,\n              http:\/\/just-now.news\/de\/wp-content\/uploads\/sites\/3\/2022\/08\/6307975d48fbef6e9740f69b.jpg 980w,\n            \" ><!--[if IE 9]><\/video><![endif]--><img decoding=\"async\" data- src=\"data:image\/png;base64,iVBORw0KGgoAAAANSUhEUgAAABAAAAAJCAQAAACRI2S5AAAAEElEQVR42mNkIAAYRxWAAQAG9gAKqv6+AwAAAABJRU5ErkJggg==\" class=\"Picture-root Picture-original lazyload\" data-src=\"http:\/\/just-now.news\/de\/wp-content\/uploads\/sites\/3\/2022\/08\/6307975d48fbef6e9740f69b.jpg\" alt=\"\"><\/source><\/source><\/picture><!-- noscript pattern --><noscript><img decoding=\"async\" src=\"http:\/\/just-now.news\/de\/wp-content\/uploads\/sites\/3\/2022\/08\/6307975d48fbef6e9740f69b.jpg\" alt=\"\"><\/noscript><\/div><figcaption class=\"RTImage-footer\"><span class=\"RTImage-caption\"><span class=\"RTImage-captionItem\">Olaf Scholz posiert vor einem Gepard-Panzer auf dem Truppen\u00fcbungsplatz in Putlos.<\/span><\/span><span class=\"RTImage-source\"><span class=\"RTImage-captionItem\">Axel Heimken<\/span><span class=\"RTImage-captionItem\"> \/ AFP<\/span><\/span><\/figcaption><\/figure>\n<p>Auf dem Truppen\u00fcbungsplatz an der Ostsee\u00a0beendet eine gr\u00f6\u00dfere Gruppe von Ukrainern am Wochenende die sechs Wochen dauernde und vom Panzerbauer Krauss-Maffei Wegmann organisierte Ausbildung\u00a0zur Bedienung des Flugabwehrkanonenpanzers. Eine genaue Zahl wird nicht genannt. Das Training ist aber Teil der von Deutschland finanzierten Lieferung von 30 Gepard-Panzern an die Ukraine.<\/p>\n<p>Die Ukraine hatte am 25. Juli erkl\u00e4rt, die ersten drei dieser Panzer und auch mehrere zehntausend Schuss Munition aus Deutschland erhalten zu haben. Inzwischen wurden mehr als drei der Waffensysteme in die Ukraine gebracht. Dass Russland &#8211; wie behauptet &#8211; bereits einen oder gar mehrere Geparde mit Angriffen zerst\u00f6rt hat, wird von deutscher Seite bestritten.<\/p>\n<p>Nach fr\u00fcheren Industrieangaben hatte KMW zuletzt noch 50 der ausgemusterten Panzer auf dem Hof stehen, von denen nun 30 an die Ukraine gehen. Der Gepard wurde in den 1970er Jahren entwickelt und produziert, und wird von den deutschen Streitkr\u00e4ften seit langem nicht mehr genutzt.\u00a0Ersetzt wurden sie st\u00fcckweise durch sogenannte Leichte Flugabwehrsysteme, von denen heute 67 im Besitz der Bundeswehr sind.\u00a0<\/p>\n<p>Der Gepard wurde nach Angaben der Bundeswehr in erster Linie entwickelt, um die Panzer- und Panzergrenadiertruppe vor angreifenden Flugzeugen und Hubschraubern im niedrigen H\u00f6henbereich zu sch\u00fctzen. Auch f\u00fcr den station\u00e4ren Schutz vor Angriffen aus der Luft, beispielsweise von Br\u00fccken oder Geb\u00e4uden, sei der Gepard geeignet. Wie die \u00dcbung f\u00fcr ukrainische Soldaten von technischer Seite aussieht, wird von <em>dpa<\/em> wie folgt beschrieben:\u00a0\u00a0<\/p>\n<p><em>&#8220;In der Luft \u00fcber dem Truppen\u00fcbungsplatz drehte ein Learjet seine Kreise. Die Maschine zog an einer drei bis vier Kilometer langen Leine einen Luftsack hinter sich her. Dieser stellt das Ziel dar. Der Sack hat einen eingebauten Sensor, der elektromagnetisch misst, wie nah die Treffer am Ziel sind. Das Ergebnis wird gleich an den Boden gefunkt. Kurze Feuerst\u00f6\u00dfe hallen aus der Entfernung \u00fcber den Truppen\u00fcbungsplatz. Sechs Schuss z\u00e4hlt ein &#8216;Feuersto\u00df kurz&#8217;, der in Sekundenbruchteilen abgegeben wird. Zwei Sekunden dauert der lange Feuersto\u00df. 680 Schuss Munition hat der Panzer an Bord.&#8221;<\/em><\/p>\n<p><strong>Mehr zum Thema<\/strong> &#8211; <a rel=\"nofollow noopener\" target=\"_blank\" href=\"https:\/\/meinungsfreiheit.rtde.life\/europa\/146746-scholz-habe-putin-versichert-dass\/\">Scholz: Habe Putin versichert, dass NATO-Beitritt der Ukraine die n\u00e4chsten 30 Jahre nicht ansteht<\/a><\/p>\n<p><em>(rt de\/dpa)<\/em><\/p>\n<\/div>\n<p><br \/>\n<br \/><a href=\"https:\/\/de.rt.com\/inland\/147099-scholz-posiert-auf-panzer-in-putlosu-ukrainischen-soldaten\/\">Source link <\/a><\/p>\n","protected":false},"excerpt":{"rendered":"<p>Am Donnerstag hat der Bundeskanzler Olaf Scholz den Ausbildungsplatz f\u00fcr ukrainische Soldaten in Putlos besucht und Flugabwehrpanzer Gepard besichtigt. In einen der Panzer ist er hineingestiegen und hat ihn von innen begutachtet. Drei\u00dfig der Panzer soll die Ukraine noch in diesem Jahr bekommen. &#8220;Der Kanzler im Panzer&#8221;, &#8220;Hier klettert der Panzler&#8220;&#8211; das Wortspiel gef\u00e4llt den [&hellip;]<\/p>\n","protected":false},"author":3,"featured_media":17697,"comment_status":"open","ping_status":"open","sticky":false,"template":"","format":"standard","meta":{"wp_automatic_camp":["217"],"5e6cd522dfe16bf487fe2a7209d75a5e":["Scholz posiert auf Panzer in Putlos \u2013 Besuch bei ukrainischen Soldaten"],"original_link":["https:\/\/de.rt.com\/inland\/147099-scholz-posiert-auf-panzer-in-putlosu-ukrainischen-soldaten\/"],"_thumbnail_id":["17697"],"_wptg_p2tg_sent2tg":["2022-08-25 20:12:53"],"jnews_social_counter_last_update":["1777229021"]},"categories":[19,23],"tags":[133,363,7709,11439,31682,31683,1001,2333,2332],"yoast_head":"<!-- This site is optimized with the Yoast SEO Premium plugin v22.7 (Yoast SEO v22.7) - https:\/\/yoast.com\/wordpress\/plugins\/seo\/ -->\n<title>Scholz posiert auf Panzer in Putlos \u2013 Besuch bei ukrainischen Soldaten - just-now.NEWS Deutschland<\/title>\n<meta name=\"robots\" content=\"index, follow, max-snippet:-1, max-image-preview:large, max-video-preview:-1\" \/>\n<link rel=\"canonical\" href=\"https:\/\/now-news.de\/de\/deutschland\/scholz-posiert-auf-panzer-in-putlos-besuch-bei-ukrainischen-soldaten\/\" \/>\n<meta property=\"og:locale\" content=\"de_DE\" \/>\n<meta property=\"og:type\" content=\"article\" \/>\n<meta property=\"og:title\" content=\"Scholz posiert auf Panzer in Putlos \u2013 Besuch bei ukrainischen Soldaten\" \/>\n<meta property=\"og:description\" content=\"Am Donnerstag hat der Bundeskanzler Olaf Scholz den Ausbildungsplatz f\u00fcr ukrainische Soldaten in Putlos besucht und Flugabwehrpanzer Gepard besichtigt. In einen der Panzer ist er hineingestiegen und hat ihn von innen begutachtet. Drei\u00dfig der Panzer soll die Ukraine noch in diesem Jahr bekommen. &#8220;Der Kanzler im Panzer&#8221;, &#8220;Hier klettert der Panzler&#8220;&#8211; das Wortspiel gef\u00e4llt den [&hellip;]\" \/>\n<meta property=\"og:url\" content=\"https:\/\/now-news.de\/de\/deutschland\/scholz-posiert-auf-panzer-in-putlos-besuch-bei-ukrainischen-soldaten\/\" \/>\n<meta property=\"og:site_name\" content=\"just-now.NEWS Deutschland\" \/>\n<meta property=\"article:publisher\" content=\"https:\/\/www.facebook.com\/wirmachenauf\" \/>\n<meta property=\"article:published_time\" content=\"2022-08-25T18:08:09+00:00\" \/>\n<meta property=\"og:image\" content=\"https:\/\/now-news.de\/de\/wp-content\/uploads\/sites\/3\/2022\/08\/Scholz-posiert-auf-Panzer-in-Putlos-\u2013-Besuch-bei-ukrainischen.jpg\" \/>\n\t<meta property=\"og:image:width\" content=\"1616\" \/>\n\t<meta property=\"og:image:height\" content=\"1080\" \/>\n\t<meta property=\"og:image:type\" content=\"image\/jpeg\" \/>\n<meta name=\"author\" content=\"rtnews\" \/>\n<meta name=\"twitter:card\" content=\"summary_large_image\" \/>\n<meta name=\"twitter:creator\" content=\"@WirMachenAuf_de\" \/>\n<meta name=\"twitter:site\" content=\"@WirMachenAuf_de\" \/>\n<meta name=\"twitter:label1\" content=\"Verfasst von\" \/>\n\t<meta name=\"twitter:data1\" content=\"rtnews\" \/>\n\t<meta name=\"twitter:label2\" content=\"Gesch\u00e4tzte Lesezeit\" \/>\n\t<meta name=\"twitter:data2\" content=\"4\u00a0Minuten\" \/>\n<script type=\"application\/ld+json\" class=\"yoast-schema-graph\">{\"@context\":\"https:\/\/schema.org\",\"@graph\":[{\"@type\":\"Article\",\"@id\":\"https:\/\/now-news.de\/de\/deutschland\/scholz-posiert-auf-panzer-in-putlos-besuch-bei-ukrainischen-soldaten\/#article\",\"isPartOf\":{\"@id\":\"https:\/\/now-news.de\/de\/deutschland\/scholz-posiert-auf-panzer-in-putlos-besuch-bei-ukrainischen-soldaten\/\"},\"author\":{\"name\":\"rtnews\",\"@id\":\"https:\/\/now-news.de\/de\/#\/schema\/person\/fb534a4e865501d8b3285208df34a9b5\"},\"headline\":\"Scholz posiert auf Panzer in Putlos \u2013 Besuch bei ukrainischen Soldaten\",\"datePublished\":\"2022-08-25T18:08:09+00:00\",\"dateModified\":\"2022-08-25T18:08:09+00:00\",\"mainEntityOfPage\":{\"@id\":\"https:\/\/now-news.de\/de\/deutschland\/scholz-posiert-auf-panzer-in-putlos-besuch-bei-ukrainischen-soldaten\/\"},\"wordCount\":727,\"commentCount\":1,\"publisher\":{\"@id\":\"https:\/\/now-news.de\/de\/#organization\"},\"image\":{\"@id\":\"https:\/\/now-news.de\/de\/deutschland\/scholz-posiert-auf-panzer-in-putlos-besuch-bei-ukrainischen-soldaten\/#primaryimage\"},\"thumbnailUrl\":\"https:\/\/now-news.de\/de\/wp-content\/uploads\/sites\/3\/2022\/08\/Scholz-posiert-auf-Panzer-in-Putlos-\u2013-Besuch-bei-ukrainischen.jpg\",\"keywords\":[\"AUF\",\"bei\",\"Besuch\",\"panzer\",\"posiert\",\"Putlos\",\"Scholz\",\"Soldaten\",\"ukrainischen\"],\"articleSection\":[\"Deutschland\",\"Russland\"],\"inLanguage\":\"de\",\"potentialAction\":[{\"@type\":\"CommentAction\",\"name\":\"Comment\",\"target\":[\"https:\/\/now-news.de\/de\/deutschland\/scholz-posiert-auf-panzer-in-putlos-besuch-bei-ukrainischen-soldaten\/#respond\"]}]},{\"@type\":\"WebPage\",\"@id\":\"https:\/\/now-news.de\/de\/deutschland\/scholz-posiert-auf-panzer-in-putlos-besuch-bei-ukrainischen-soldaten\/\",\"url\":\"https:\/\/now-news.de\/de\/deutschland\/scholz-posiert-auf-panzer-in-putlos-besuch-bei-ukrainischen-soldaten\/\",\"name\":\"Scholz posiert auf Panzer in Putlos \u2013 Besuch bei ukrainischen Soldaten - just-now.NEWS Deutschland\",\"isPartOf\":{\"@id\":\"https:\/\/now-news.de\/de\/#website\"},\"primaryImageOfPage\":{\"@id\":\"https:\/\/now-news.de\/de\/deutschland\/scholz-posiert-auf-panzer-in-putlos-besuch-bei-ukrainischen-soldaten\/#primaryimage\"},\"image\":{\"@id\":\"https:\/\/now-news.de\/de\/deutschland\/scholz-posiert-auf-panzer-in-putlos-besuch-bei-ukrainischen-soldaten\/#primaryimage\"},\"thumbnailUrl\":\"https:\/\/now-news.de\/de\/wp-content\/uploads\/sites\/3\/2022\/08\/Scholz-posiert-auf-Panzer-in-Putlos-\u2013-Besuch-bei-ukrainischen.jpg\",\"datePublished\":\"2022-08-25T18:08:09+00:00\",\"dateModified\":\"2022-08-25T18:08:09+00:00\",\"breadcrumb\":{\"@id\":\"https:\/\/now-news.de\/de\/deutschland\/scholz-posiert-auf-panzer-in-putlos-besuch-bei-ukrainischen-soldaten\/#breadcrumb\"},\"inLanguage\":\"de\",\"potentialAction\":[{\"@type\":\"ReadAction\",\"target\":[\"https:\/\/now-news.de\/de\/deutschland\/scholz-posiert-auf-panzer-in-putlos-besuch-bei-ukrainischen-soldaten\/\"]}]},{\"@type\":\"ImageObject\",\"inLanguage\":\"de\",\"@id\":\"https:\/\/now-news.de\/de\/deutschland\/scholz-posiert-auf-panzer-in-putlos-besuch-bei-ukrainischen-soldaten\/#primaryimage\",\"url\":\"https:\/\/now-news.de\/de\/wp-content\/uploads\/sites\/3\/2022\/08\/Scholz-posiert-auf-Panzer-in-Putlos-\u2013-Besuch-bei-ukrainischen.jpg\",\"contentUrl\":\"https:\/\/now-news.de\/de\/wp-content\/uploads\/sites\/3\/2022\/08\/Scholz-posiert-auf-Panzer-in-Putlos-\u2013-Besuch-bei-ukrainischen.jpg\",\"width\":1616,\"height\":1080,\"caption\":\"Scholz posiert auf Panzer in Putlos \u2013 Besuch bei ukrainischen Soldaten\"},{\"@type\":\"BreadcrumbList\",\"@id\":\"https:\/\/now-news.de\/de\/deutschland\/scholz-posiert-auf-panzer-in-putlos-besuch-bei-ukrainischen-soldaten\/#breadcrumb\",\"itemListElement\":[{\"@type\":\"ListItem\",\"position\":1,\"name\":\"Home\",\"item\":\"https:\/\/now-news.de\/de\/\"},{\"@type\":\"ListItem\",\"position\":2,\"name\":\"Scholz posiert auf Panzer in Putlos \u2013 Besuch bei ukrainischen Soldaten\"}]},{\"@type\":\"WebSite\",\"@id\":\"https:\/\/now-news.de\/de\/#website\",\"url\":\"https:\/\/now-news.de\/de\/\",\"name\":\"just-now.NEWS Deutschland\",\"description\":\"Das Portal f\u00fcr unzensierte Nachrichten aus der Welt\",\"publisher\":{\"@id\":\"https:\/\/now-news.de\/de\/#organization\"},\"potentialAction\":[{\"@type\":\"SearchAction\",\"target\":{\"@type\":\"EntryPoint\",\"urlTemplate\":\"https:\/\/now-news.de\/de\/?s={search_term_string}\"},\"query-input\":\"required name=search_term_string\"}],\"inLanguage\":\"de\"},{\"@type\":\"Organization\",\"@id\":\"https:\/\/now-news.de\/de\/#organization\",\"name\":\"Just Now News\",\"url\":\"https:\/\/now-news.de\/de\/\",\"logo\":{\"@type\":\"ImageObject\",\"inLanguage\":\"de\",\"@id\":\"https:\/\/now-news.de\/de\/#\/schema\/logo\/image\/\",\"url\":\"http:\/\/just-now.news\/de\/wp-content\/uploads\/sites\/3\/2022\/04\/logo500x500.jpg\",\"contentUrl\":\"http:\/\/just-now.news\/de\/wp-content\/uploads\/sites\/3\/2022\/04\/logo500x500.jpg\",\"width\":500,\"height\":500,\"caption\":\"Just Now News\"},\"image\":{\"@id\":\"https:\/\/now-news.de\/de\/#\/schema\/logo\/image\/\"},\"sameAs\":[\"https:\/\/www.facebook.com\/wirmachenauf\",\"https:\/\/x.com\/WirMachenAuf_de\"]},{\"@type\":\"Person\",\"@id\":\"https:\/\/now-news.de\/de\/#\/schema\/person\/fb534a4e865501d8b3285208df34a9b5\",\"name\":\"rtnews\",\"image\":{\"@type\":\"ImageObject\",\"inLanguage\":\"de\",\"@id\":\"https:\/\/now-news.de\/de\/#\/schema\/person\/image\/\",\"url\":\"https:\/\/secure.gravatar.com\/avatar\/82aafea7d8127119dd649515f56e2117?s=96&d=mm&r=g\",\"contentUrl\":\"https:\/\/secure.gravatar.com\/avatar\/82aafea7d8127119dd649515f56e2117?s=96&d=mm&r=g\",\"caption\":\"rtnews\"},\"url\":\"https:\/\/now-news.de\/de\/author\/rnews\/\"}]}<\/script>\n<!-- \/ Yoast SEO Premium plugin. -->","yoast_head_json":{"title":"Scholz posiert auf Panzer in Putlos \u2013 Besuch bei ukrainischen Soldaten - just-now.NEWS Deutschland","robots":{"index":"index","follow":"follow","max-snippet":"max-snippet:-1","max-image-preview":"max-image-preview:large","max-video-preview":"max-video-preview:-1"},"canonical":"https:\/\/now-news.de\/de\/deutschland\/scholz-posiert-auf-panzer-in-putlos-besuch-bei-ukrainischen-soldaten\/","og_locale":"de_DE","og_type":"article","og_title":"Scholz posiert auf Panzer in Putlos \u2013 Besuch bei ukrainischen Soldaten","og_description":"Am Donnerstag hat der Bundeskanzler Olaf Scholz den Ausbildungsplatz f\u00fcr ukrainische Soldaten in Putlos besucht und Flugabwehrpanzer Gepard besichtigt. In einen der Panzer ist er hineingestiegen und hat ihn von innen begutachtet. Drei\u00dfig der Panzer soll die Ukraine noch in diesem Jahr bekommen. &#8220;Der Kanzler im Panzer&#8221;, &#8220;Hier klettert der Panzler&#8220;&#8211; das Wortspiel gef\u00e4llt den [&hellip;]","og_url":"https:\/\/now-news.de\/de\/deutschland\/scholz-posiert-auf-panzer-in-putlos-besuch-bei-ukrainischen-soldaten\/","og_site_name":"just-now.NEWS Deutschland","article_publisher":"https:\/\/www.facebook.com\/wirmachenauf","article_published_time":"2022-08-25T18:08:09+00:00","og_image":[{"width":1616,"height":1080,"url":"https:\/\/now-news.de\/de\/wp-content\/uploads\/sites\/3\/2022\/08\/Scholz-posiert-auf-Panzer-in-Putlos-\u2013-Besuch-bei-ukrainischen.jpg","type":"image\/jpeg"}],"author":"rtnews","twitter_card":"summary_large_image","twitter_creator":"@WirMachenAuf_de","twitter_site":"@WirMachenAuf_de","twitter_misc":{"Verfasst von":"rtnews","Gesch\u00e4tzte Lesezeit":"4\u00a0Minuten"},"schema":{"@context":"https:\/\/schema.org","@graph":[{"@type":"Article","@id":"https:\/\/now-news.de\/de\/deutschland\/scholz-posiert-auf-panzer-in-putlos-besuch-bei-ukrainischen-soldaten\/#article","isPartOf":{"@id":"https:\/\/now-news.de\/de\/deutschland\/scholz-posiert-auf-panzer-in-putlos-besuch-bei-ukrainischen-soldaten\/"},"author":{"name":"rtnews","@id":"https:\/\/now-news.de\/de\/#\/schema\/person\/fb534a4e865501d8b3285208df34a9b5"},"headline":"Scholz posiert auf Panzer in Putlos \u2013 Besuch bei ukrainischen Soldaten","datePublished":"2022-08-25T18:08:09+00:00","dateModified":"2022-08-25T18:08:09+00:00","mainEntityOfPage":{"@id":"https:\/\/now-news.de\/de\/deutschland\/scholz-posiert-auf-panzer-in-putlos-besuch-bei-ukrainischen-soldaten\/"},"wordCount":727,"commentCount":1,"publisher":{"@id":"https:\/\/now-news.de\/de\/#organization"},"image":{"@id":"https:\/\/now-news.de\/de\/deutschland\/scholz-posiert-auf-panzer-in-putlos-besuch-bei-ukrainischen-soldaten\/#primaryimage"},"thumbnailUrl":"https:\/\/now-news.de\/de\/wp-content\/uploads\/sites\/3\/2022\/08\/Scholz-posiert-auf-Panzer-in-Putlos-\u2013-Besuch-bei-ukrainischen.jpg","keywords":["AUF","bei","Besuch","panzer","posiert","Putlos","Scholz","Soldaten","ukrainischen"],"articleSection":["Deutschland","Russland"],"inLanguage":"de","potentialAction":[{"@type":"CommentAction","name":"Comment","target":["https:\/\/now-news.de\/de\/deutschland\/scholz-posiert-auf-panzer-in-putlos-besuch-bei-ukrainischen-soldaten\/#respond"]}]},{"@type":"WebPage","@id":"https:\/\/now-news.de\/de\/deutschland\/scholz-posiert-auf-panzer-in-putlos-besuch-bei-ukrainischen-soldaten\/","url":"https:\/\/now-news.de\/de\/deutschland\/scholz-posiert-auf-panzer-in-putlos-besuch-bei-ukrainischen-soldaten\/","name":"Scholz posiert auf Panzer in Putlos \u2013 Besuch bei ukrainischen Soldaten - just-now.NEWS Deutschland","isPartOf":{"@id":"https:\/\/now-news.de\/de\/#website"},"primaryImageOfPage":{"@id":"https:\/\/now-news.de\/de\/deutschland\/scholz-posiert-auf-panzer-in-putlos-besuch-bei-ukrainischen-soldaten\/#primaryimage"},"image":{"@id":"https:\/\/now-news.de\/de\/deutschland\/scholz-posiert-auf-panzer-in-putlos-besuch-bei-ukrainischen-soldaten\/#primaryimage"},"thumbnailUrl":"https:\/\/now-news.de\/de\/wp-content\/uploads\/sites\/3\/2022\/08\/Scholz-posiert-auf-Panzer-in-Putlos-\u2013-Besuch-bei-ukrainischen.jpg","datePublished":"2022-08-25T18:08:09+00:00","dateModified":"2022-08-25T18:08:09+00:00","breadcrumb":{"@id":"https:\/\/now-news.de\/de\/deutschland\/scholz-posiert-auf-panzer-in-putlos-besuch-bei-ukrainischen-soldaten\/#breadcrumb"},"inLanguage":"de","potentialAction":[{"@type":"ReadAction","target":["https:\/\/now-news.de\/de\/deutschland\/scholz-posiert-auf-panzer-in-putlos-besuch-bei-ukrainischen-soldaten\/"]}]},{"@type":"ImageObject","inLanguage":"de","@id":"https:\/\/now-news.de\/de\/deutschland\/scholz-posiert-auf-panzer-in-putlos-besuch-bei-ukrainischen-soldaten\/#primaryimage","url":"https:\/\/now-news.de\/de\/wp-content\/uploads\/sites\/3\/2022\/08\/Scholz-posiert-auf-Panzer-in-Putlos-\u2013-Besuch-bei-ukrainischen.jpg","contentUrl":"https:\/\/now-news.de\/de\/wp-content\/uploads\/sites\/3\/2022\/08\/Scholz-posiert-auf-Panzer-in-Putlos-\u2013-Besuch-bei-ukrainischen.jpg","width":1616,"height":1080,"caption":"Scholz posiert auf Panzer in Putlos \u2013 Besuch bei ukrainischen Soldaten"},{"@type":"BreadcrumbList","@id":"https:\/\/now-news.de\/de\/deutschland\/scholz-posiert-auf-panzer-in-putlos-besuch-bei-ukrainischen-soldaten\/#breadcrumb","itemListElement":[{"@type":"ListItem","position":1,"name":"Home","item":"https:\/\/now-news.de\/de\/"},{"@type":"ListItem","position":2,"name":"Scholz posiert auf Panzer in Putlos \u2013 Besuch bei ukrainischen Soldaten"}]},{"@type":"WebSite","@id":"https:\/\/now-news.de\/de\/#website","url":"https:\/\/now-news.de\/de\/","name":"just-now.NEWS Deutschland","description":"Das Portal f\u00fcr unzensierte Nachrichten aus der Welt","publisher":{"@id":"https:\/\/now-news.de\/de\/#organization"},"potentialAction":[{"@type":"SearchAction","target":{"@type":"EntryPoint","urlTemplate":"https:\/\/now-news.de\/de\/?s={search_term_string}"},"query-input":"required name=search_term_string"}],"inLanguage":"de"},{"@type":"Organization","@id":"https:\/\/now-news.de\/de\/#organization","name":"Just Now News","url":"https:\/\/now-news.de\/de\/","logo":{"@type":"ImageObject","inLanguage":"de","@id":"https:\/\/now-news.de\/de\/#\/schema\/logo\/image\/","url":"http:\/\/just-now.news\/de\/wp-content\/uploads\/sites\/3\/2022\/04\/logo500x500.jpg","contentUrl":"http:\/\/just-now.news\/de\/wp-content\/uploads\/sites\/3\/2022\/04\/logo500x500.jpg","width":500,"height":500,"caption":"Just Now News"},"image":{"@id":"https:\/\/now-news.de\/de\/#\/schema\/logo\/image\/"},"sameAs":["https:\/\/www.facebook.com\/wirmachenauf","https:\/\/x.com\/WirMachenAuf_de"]},{"@type":"Person","@id":"https:\/\/now-news.de\/de\/#\/schema\/person\/fb534a4e865501d8b3285208df34a9b5","name":"rtnews","image":{"@type":"ImageObject","inLanguage":"de","@id":"https:\/\/now-news.de\/de\/#\/schema\/person\/image\/","url":"https:\/\/secure.gravatar.com\/avatar\/82aafea7d8127119dd649515f56e2117?s=96&d=mm&r=g","contentUrl":"https:\/\/secure.gravatar.com\/avatar\/82aafea7d8127119dd649515f56e2117?s=96&d=mm&r=g","caption":"rtnews"},"url":"https:\/\/now-news.de\/de\/author\/rnews\/"}]}},"_links":{"self":[{"href":"https:\/\/now-news.de\/de\/wp-json\/wp\/v2\/posts\/17696"}],"collection":[{"href":"https:\/\/now-news.de\/de\/wp-json\/wp\/v2\/posts"}],"about":[{"href":"https:\/\/now-news.de\/de\/wp-json\/wp\/v2\/types\/post"}],"author":[{"embeddable":true,"href":"https:\/\/now-news.de\/de\/wp-json\/wp\/v2\/users\/3"}],"replies":[{"embeddable":true,"href":"https:\/\/now-news.de\/de\/wp-json\/wp\/v2\/comments?post=17696"}],"version-history":[{"count":0,"href":"https:\/\/now-news.de\/de\/wp-json\/wp\/v2\/posts\/17696\/revisions"}],"wp:featuredmedia":[{"embeddable":true,"href":"https:\/\/now-news.de\/de\/wp-json\/wp\/v2\/media\/17697"}],"wp:attachment":[{"href":"https:\/\/now-news.de\/de\/wp-json\/wp\/v2\/media?parent=17696"}],"wp:term":[{"taxonomy":"category","embeddable":true,"href":"https:\/\/now-news.de\/de\/wp-json\/wp\/v2\/categories?post=17696"},{"taxonomy":"post_tag","embeddable":true,"href":"https:\/\/now-news.de\/de\/wp-json\/wp\/v2\/tags?post=17696"}],"curies":[{"name":"wp","href":"https:\/\/api.w.org\/{rel}","templated":true}]}}