{"id":17634,"date":"2022-08-25T05:30:00","date_gmt":"2022-08-25T03:30:00","guid":{"rendered":"http:\/\/just-now.news\/de\/deutschland\/ende-des-ueberflusses-macron-fordert-franzosen-zu-opferbereitschaft-auf\/"},"modified":"2022-08-25T05:30:00","modified_gmt":"2022-08-25T03:30:00","slug":"ende-des-ueberflusses-macron-fordert-franzosen-zu-opferbereitschaft-auf","status":"publish","type":"post","link":"https:\/\/now-news.de\/de\/deutschland\/ende-des-ueberflusses-macron-fordert-franzosen-zu-opferbereitschaft-auf\/","title":{"rendered":"&quot;Ende des \u00dcberflusses&quot; \u2013 Macron fordert Franzosen zu Opferbereitschaft auf"},"content":{"rendered":"<p><img decoding=\"async\" src=\"http:\/\/just-now.news\/de\/wp-content\/uploads\/sites\/3\/2022\/08\/63062b98b480cc21f7134737.jpg\" \/><\/p>\n<p>Frankreichs Pr\u00e4sident Emmanuel Macron hat seine Landsleute angesichts der Folgen des Klimawandels und des Ukraine-Krieges mit ungem\u00fctlichen Zukunftsaussichten konfrontiert. Zum Auftakt der ersten Kabinettssitzung nach der Sommerpause sprach Macron am Mittwoch vom &#8220;Ende des \u00dcberflusses, der Sorglosigkeit und der Gewissheiten&#8221;. Weiter sagte Macron:<\/p>\n<blockquote>\n<p><em>&#8220;Das ist im Grunde eine gro\u00dfe Umw\u00e4lzung, die wir erleben und auf die unsere Landsleute mit gro\u00dfer Beunruhigung reagieren k\u00f6nnen.&#8221;<\/em><\/p>\n<\/blockquote>\n<p>Die Politik m\u00fcsse nicht in Panikmache verfallen, aber die Lage klar benennen, sagte Macron. Und er erg\u00e4nzte:<\/p>\n<blockquote>\n<p><em>&#8220;Unser System der Freiheit hat einen Preis, der Opfer erfordern kann &#8230; Ich erwarte von der Regierung Ehrgeiz. Angesichts solcher Herausforderungen haben wir nicht das Recht, abzuwarten und zu verwalten.&#8221;<\/em><\/p>\n<\/blockquote>\n<p>Der Pr\u00e4sident f\u00fcgte hinzu:<\/p>\n<blockquote>\n<p><em>&#8220;Ich erwarte auch Ernsthaftigkeit und Glaubw\u00fcrdigkeit. Es ist leicht, alles und jedes zu versprechen, lassen Sie uns dieser Versuchung der Demagogie nicht nachgeben.&#8221;<\/em><\/p>\n<\/blockquote>\n<p>Ein Konzept zum Energiesparen sowie zur k\u00fcnftigen Energieversorgung werde Premierministerin \u00c9lisabeth Borne im September vorlegen, k\u00fcndigte Regierungssprecher Olivier V\u00e9ran nach der Kabinettssitzung an. Alle m\u00fcssten Anstrengungen zum Energiesparen unternehmen, sowohl im privaten als auch im \u00f6ffentlichen Bereich. V\u00e9ran sagte:<\/p>\n<blockquote>\n<p><em>&#8220;Das \u00f6ffentliche Bewusstsein muss sich in Taten umsetzen.&#8221;<\/em><\/p>\n<\/blockquote>\n<p>Der Staat werde nicht mit Vorschriften zum Sparen zwingen, es gehe nicht um P\u00e4dagogik, sondern um gute Beispiele. Wie kein anderes Land habe Frankreich die Kaufkraft der Bev\u00f6lkerung mit Milliardenaufwand gest\u00fctzt, die Inflation liege mit 6,7 Prozent niedriger als in den meisten anderen L\u00e4ndern, sagte der Regierungssprecher.<\/p>\n<p>Mit Blick auf die Staatsfinanzen und das \u00f6ffentliche Defizit h\u00e4tten die St\u00fctzungsma\u00dfnahmen aber Grenzen, sagte V\u00e9ran. So werde sich die bis Jahresende verl\u00e4ngerte Deckelung der Strom- und Gastarife f\u00fcr Endverbraucher nicht dauerhaft in bisherigem Umfang fortsetzen lassen k\u00f6nnen.<\/p>\n<p><strong>Mehr zum Thema<\/strong> \u2013 <a rel=\"nofollow noopener\" target=\"_blank\" href=\"https:\/\/deutsch.rt.com\/international\/146607-anruf-macron-putin-ukraine\/\">Anruf von Macron bei Putin: Staatsoberh\u00e4upter diskutieren \u00fcber das Kernkraftwerk Saporoschje<\/a><\/p>\n<\/p>\n<p><em>(rt de\/dpa)<\/em><\/p>\n<p><br \/>\n<br \/><a href=\"https:\/\/de.rt.com\/europa\/147006-ende-des-ueberflusses-macron-fordert-franzosen-zu-opferbereitschaft-auf\/\">Source link <\/a><\/p>\n","protected":false},"excerpt":{"rendered":"<p>Frankreichs Pr\u00e4sident Emmanuel Macron hat seine Landsleute angesichts der Folgen des Klimawandels und des Ukraine-Krieges mit ungem\u00fctlichen Zukunftsaussichten konfrontiert. Zum Auftakt der ersten Kabinettssitzung nach der Sommerpause sprach Macron am Mittwoch vom &#8220;Ende des \u00dcberflusses, der Sorglosigkeit und der Gewissheiten&#8221;. Weiter sagte Macron: &#8220;Das ist im Grunde eine gro\u00dfe Umw\u00e4lzung, die wir erleben und auf [&hellip;]<\/p>\n","protected":false},"author":3,"featured_media":17635,"comment_status":"open","ping_status":"open","sticky":false,"template":"","format":"standard","meta":{"wp_automatic_camp":["217"],"b616304b7fd03c5dd47d2c4ffc102841":["&quot;Ende des \u00dcberflusses&quot; \u2013 Macron fordert Franzosen zu Opferbereitschaft auf"],"original_link":["https:\/\/de.rt.com\/europa\/147006-ende-des-ueberflusses-macron-fordert-franzosen-zu-opferbereitschaft-auf\/"],"_thumbnail_id":["17635"],"_wptg_p2tg_sent2tg":["2022-08-25 05:45:47"],"jnews_social_counter_last_update":["1777357458"]},"categories":[19,23],"tags":[133,583,355,16620,1711,31630,31628,31629],"yoast_head":"<!-- This site is optimized with the Yoast SEO Premium plugin v22.7 (Yoast SEO v22.7) - https:\/\/yoast.com\/wordpress\/plugins\/seo\/ -->\n<title>&quot;Ende des \u00dcberflusses&quot; \u2013 Macron fordert Franzosen zu Opferbereitschaft auf - just-now.NEWS Deutschland<\/title>\n<meta name=\"robots\" content=\"index, follow, max-snippet:-1, max-image-preview:large, max-video-preview:-1\" \/>\n<link rel=\"canonical\" href=\"https:\/\/now-news.de\/de\/deutschland\/ende-des-ueberflusses-macron-fordert-franzosen-zu-opferbereitschaft-auf\/\" \/>\n<meta property=\"og:locale\" content=\"de_DE\" \/>\n<meta property=\"og:type\" content=\"article\" \/>\n<meta property=\"og:title\" content=\"&quot;Ende des \u00dcberflusses&quot; \u2013 Macron fordert Franzosen zu Opferbereitschaft auf\" \/>\n<meta property=\"og:description\" content=\"Frankreichs Pr\u00e4sident Emmanuel Macron hat seine Landsleute angesichts der Folgen des Klimawandels und des Ukraine-Krieges mit ungem\u00fctlichen Zukunftsaussichten konfrontiert. Zum Auftakt der ersten Kabinettssitzung nach der Sommerpause sprach Macron am Mittwoch vom &#8220;Ende des \u00dcberflusses, der Sorglosigkeit und der Gewissheiten&#8221;. Weiter sagte Macron: &#8220;Das ist im Grunde eine gro\u00dfe Umw\u00e4lzung, die wir erleben und auf [&hellip;]\" \/>\n<meta property=\"og:url\" content=\"https:\/\/now-news.de\/de\/deutschland\/ende-des-ueberflusses-macron-fordert-franzosen-zu-opferbereitschaft-auf\/\" \/>\n<meta property=\"og:site_name\" content=\"just-now.NEWS Deutschland\" \/>\n<meta property=\"article:publisher\" content=\"https:\/\/www.facebook.com\/wirmachenauf\" \/>\n<meta property=\"article:published_time\" content=\"2022-08-25T03:30:00+00:00\" \/>\n<meta property=\"og:image\" content=\"https:\/\/now-news.de\/de\/wp-content\/uploads\/sites\/3\/2022\/08\/quotEnde-des-Ueberflussesquot-\u2013-Macron-fordert-Franzosen-zu-Opferbereitschaft-auf.jpg\" \/>\n\t<meta property=\"og:image:width\" content=\"460\" \/>\n\t<meta property=\"og:image:height\" content=\"259\" \/>\n\t<meta property=\"og:image:type\" content=\"image\/jpeg\" \/>\n<meta name=\"author\" content=\"rtnews\" \/>\n<meta name=\"twitter:card\" content=\"summary_large_image\" \/>\n<meta name=\"twitter:creator\" content=\"@WirMachenAuf_de\" \/>\n<meta name=\"twitter:site\" content=\"@WirMachenAuf_de\" \/>\n<meta name=\"twitter:label1\" content=\"Verfasst von\" \/>\n\t<meta name=\"twitter:data1\" content=\"rtnews\" \/>\n\t<meta name=\"twitter:label2\" content=\"Gesch\u00e4tzte Lesezeit\" \/>\n\t<meta name=\"twitter:data2\" content=\"2\u00a0Minuten\" \/>\n<script type=\"application\/ld+json\" class=\"yoast-schema-graph\">{\"@context\":\"https:\/\/schema.org\",\"@graph\":[{\"@type\":\"Article\",\"@id\":\"https:\/\/now-news.de\/de\/deutschland\/ende-des-ueberflusses-macron-fordert-franzosen-zu-opferbereitschaft-auf\/#article\",\"isPartOf\":{\"@id\":\"https:\/\/now-news.de\/de\/deutschland\/ende-des-ueberflusses-macron-fordert-franzosen-zu-opferbereitschaft-auf\/\"},\"author\":{\"name\":\"rtnews\",\"@id\":\"https:\/\/now-news.de\/de\/#\/schema\/person\/fb534a4e865501d8b3285208df34a9b5\"},\"headline\":\"&quot;Ende des \u00dcberflusses&quot; \u2013 Macron fordert Franzosen zu Opferbereitschaft auf\",\"datePublished\":\"2022-08-25T03:30:00+00:00\",\"dateModified\":\"2022-08-25T03:30:00+00:00\",\"mainEntityOfPage\":{\"@id\":\"https:\/\/now-news.de\/de\/deutschland\/ende-des-ueberflusses-macron-fordert-franzosen-zu-opferbereitschaft-auf\/\"},\"wordCount\":326,\"commentCount\":0,\"publisher\":{\"@id\":\"https:\/\/now-news.de\/de\/#organization\"},\"image\":{\"@id\":\"https:\/\/now-news.de\/de\/deutschland\/ende-des-ueberflusses-macron-fordert-franzosen-zu-opferbereitschaft-auf\/#primaryimage\"},\"thumbnailUrl\":\"https:\/\/now-news.de\/de\/wp-content\/uploads\/sites\/3\/2022\/08\/quotEnde-des-Ueberflussesquot-\u2013-Macron-fordert-Franzosen-zu-Opferbereitschaft-auf.jpg\",\"keywords\":[\"AUF\",\"des\",\"fordert\",\"Franzosen\",\"macron\",\"Opferbereitschaft\",\"quotEnde\",\"\u00dcberflussesquot\"],\"articleSection\":[\"Deutschland\",\"Russland\"],\"inLanguage\":\"de\",\"potentialAction\":[{\"@type\":\"CommentAction\",\"name\":\"Comment\",\"target\":[\"https:\/\/now-news.de\/de\/deutschland\/ende-des-ueberflusses-macron-fordert-franzosen-zu-opferbereitschaft-auf\/#respond\"]}]},{\"@type\":\"WebPage\",\"@id\":\"https:\/\/now-news.de\/de\/deutschland\/ende-des-ueberflusses-macron-fordert-franzosen-zu-opferbereitschaft-auf\/\",\"url\":\"https:\/\/now-news.de\/de\/deutschland\/ende-des-ueberflusses-macron-fordert-franzosen-zu-opferbereitschaft-auf\/\",\"name\":\"&quot;Ende des \u00dcberflusses&quot; \u2013 Macron fordert Franzosen zu Opferbereitschaft auf - just-now.NEWS Deutschland\",\"isPartOf\":{\"@id\":\"https:\/\/now-news.de\/de\/#website\"},\"primaryImageOfPage\":{\"@id\":\"https:\/\/now-news.de\/de\/deutschland\/ende-des-ueberflusses-macron-fordert-franzosen-zu-opferbereitschaft-auf\/#primaryimage\"},\"image\":{\"@id\":\"https:\/\/now-news.de\/de\/deutschland\/ende-des-ueberflusses-macron-fordert-franzosen-zu-opferbereitschaft-auf\/#primaryimage\"},\"thumbnailUrl\":\"https:\/\/now-news.de\/de\/wp-content\/uploads\/sites\/3\/2022\/08\/quotEnde-des-Ueberflussesquot-\u2013-Macron-fordert-Franzosen-zu-Opferbereitschaft-auf.jpg\",\"datePublished\":\"2022-08-25T03:30:00+00:00\",\"dateModified\":\"2022-08-25T03:30:00+00:00\",\"breadcrumb\":{\"@id\":\"https:\/\/now-news.de\/de\/deutschland\/ende-des-ueberflusses-macron-fordert-franzosen-zu-opferbereitschaft-auf\/#breadcrumb\"},\"inLanguage\":\"de\",\"potentialAction\":[{\"@type\":\"ReadAction\",\"target\":[\"https:\/\/now-news.de\/de\/deutschland\/ende-des-ueberflusses-macron-fordert-franzosen-zu-opferbereitschaft-auf\/\"]}]},{\"@type\":\"ImageObject\",\"inLanguage\":\"de\",\"@id\":\"https:\/\/now-news.de\/de\/deutschland\/ende-des-ueberflusses-macron-fordert-franzosen-zu-opferbereitschaft-auf\/#primaryimage\",\"url\":\"https:\/\/now-news.de\/de\/wp-content\/uploads\/sites\/3\/2022\/08\/quotEnde-des-Ueberflussesquot-\u2013-Macron-fordert-Franzosen-zu-Opferbereitschaft-auf.jpg\",\"contentUrl\":\"https:\/\/now-news.de\/de\/wp-content\/uploads\/sites\/3\/2022\/08\/quotEnde-des-Ueberflussesquot-\u2013-Macron-fordert-Franzosen-zu-Opferbereitschaft-auf.jpg\",\"width\":460,\"height\":259,\"caption\":\"&quot;Ende des \u00dcberflusses&quot; \u2013 Macron fordert Franzosen zu Opferbereitschaft auf\"},{\"@type\":\"BreadcrumbList\",\"@id\":\"https:\/\/now-news.de\/de\/deutschland\/ende-des-ueberflusses-macron-fordert-franzosen-zu-opferbereitschaft-auf\/#breadcrumb\",\"itemListElement\":[{\"@type\":\"ListItem\",\"position\":1,\"name\":\"Home\",\"item\":\"https:\/\/now-news.de\/de\/\"},{\"@type\":\"ListItem\",\"position\":2,\"name\":\"&quot;Ende des \u00dcberflusses&quot; \u2013 Macron fordert Franzosen zu Opferbereitschaft auf\"}]},{\"@type\":\"WebSite\",\"@id\":\"https:\/\/now-news.de\/de\/#website\",\"url\":\"https:\/\/now-news.de\/de\/\",\"name\":\"just-now.NEWS Deutschland\",\"description\":\"Das Portal f\u00fcr unzensierte Nachrichten aus der Welt\",\"publisher\":{\"@id\":\"https:\/\/now-news.de\/de\/#organization\"},\"potentialAction\":[{\"@type\":\"SearchAction\",\"target\":{\"@type\":\"EntryPoint\",\"urlTemplate\":\"https:\/\/now-news.de\/de\/?s={search_term_string}\"},\"query-input\":\"required name=search_term_string\"}],\"inLanguage\":\"de\"},{\"@type\":\"Organization\",\"@id\":\"https:\/\/now-news.de\/de\/#organization\",\"name\":\"Just Now News\",\"url\":\"https:\/\/now-news.de\/de\/\",\"logo\":{\"@type\":\"ImageObject\",\"inLanguage\":\"de\",\"@id\":\"https:\/\/now-news.de\/de\/#\/schema\/logo\/image\/\",\"url\":\"http:\/\/just-now.news\/de\/wp-content\/uploads\/sites\/3\/2022\/04\/logo500x500.jpg\",\"contentUrl\":\"http:\/\/just-now.news\/de\/wp-content\/uploads\/sites\/3\/2022\/04\/logo500x500.jpg\",\"width\":500,\"height\":500,\"caption\":\"Just Now News\"},\"image\":{\"@id\":\"https:\/\/now-news.de\/de\/#\/schema\/logo\/image\/\"},\"sameAs\":[\"https:\/\/www.facebook.com\/wirmachenauf\",\"https:\/\/x.com\/WirMachenAuf_de\"]},{\"@type\":\"Person\",\"@id\":\"https:\/\/now-news.de\/de\/#\/schema\/person\/fb534a4e865501d8b3285208df34a9b5\",\"name\":\"rtnews\",\"image\":{\"@type\":\"ImageObject\",\"inLanguage\":\"de\",\"@id\":\"https:\/\/now-news.de\/de\/#\/schema\/person\/image\/\",\"url\":\"https:\/\/secure.gravatar.com\/avatar\/82aafea7d8127119dd649515f56e2117?s=96&d=mm&r=g\",\"contentUrl\":\"https:\/\/secure.gravatar.com\/avatar\/82aafea7d8127119dd649515f56e2117?s=96&d=mm&r=g\",\"caption\":\"rtnews\"},\"url\":\"https:\/\/now-news.de\/de\/author\/rnews\/\"}]}<\/script>\n<!-- \/ Yoast SEO Premium plugin. -->","yoast_head_json":{"title":"&quot;Ende des \u00dcberflusses&quot; \u2013 Macron fordert Franzosen zu Opferbereitschaft auf - just-now.NEWS Deutschland","robots":{"index":"index","follow":"follow","max-snippet":"max-snippet:-1","max-image-preview":"max-image-preview:large","max-video-preview":"max-video-preview:-1"},"canonical":"https:\/\/now-news.de\/de\/deutschland\/ende-des-ueberflusses-macron-fordert-franzosen-zu-opferbereitschaft-auf\/","og_locale":"de_DE","og_type":"article","og_title":"&quot;Ende des \u00dcberflusses&quot; \u2013 Macron fordert Franzosen zu Opferbereitschaft auf","og_description":"Frankreichs Pr\u00e4sident Emmanuel Macron hat seine Landsleute angesichts der Folgen des Klimawandels und des Ukraine-Krieges mit ungem\u00fctlichen Zukunftsaussichten konfrontiert. Zum Auftakt der ersten Kabinettssitzung nach der Sommerpause sprach Macron am Mittwoch vom &#8220;Ende des \u00dcberflusses, der Sorglosigkeit und der Gewissheiten&#8221;. Weiter sagte Macron: &#8220;Das ist im Grunde eine gro\u00dfe Umw\u00e4lzung, die wir erleben und auf [&hellip;]","og_url":"https:\/\/now-news.de\/de\/deutschland\/ende-des-ueberflusses-macron-fordert-franzosen-zu-opferbereitschaft-auf\/","og_site_name":"just-now.NEWS Deutschland","article_publisher":"https:\/\/www.facebook.com\/wirmachenauf","article_published_time":"2022-08-25T03:30:00+00:00","og_image":[{"width":460,"height":259,"url":"https:\/\/now-news.de\/de\/wp-content\/uploads\/sites\/3\/2022\/08\/quotEnde-des-Ueberflussesquot-\u2013-Macron-fordert-Franzosen-zu-Opferbereitschaft-auf.jpg","type":"image\/jpeg"}],"author":"rtnews","twitter_card":"summary_large_image","twitter_creator":"@WirMachenAuf_de","twitter_site":"@WirMachenAuf_de","twitter_misc":{"Verfasst von":"rtnews","Gesch\u00e4tzte Lesezeit":"2\u00a0Minuten"},"schema":{"@context":"https:\/\/schema.org","@graph":[{"@type":"Article","@id":"https:\/\/now-news.de\/de\/deutschland\/ende-des-ueberflusses-macron-fordert-franzosen-zu-opferbereitschaft-auf\/#article","isPartOf":{"@id":"https:\/\/now-news.de\/de\/deutschland\/ende-des-ueberflusses-macron-fordert-franzosen-zu-opferbereitschaft-auf\/"},"author":{"name":"rtnews","@id":"https:\/\/now-news.de\/de\/#\/schema\/person\/fb534a4e865501d8b3285208df34a9b5"},"headline":"&quot;Ende des \u00dcberflusses&quot; \u2013 Macron fordert Franzosen zu Opferbereitschaft auf","datePublished":"2022-08-25T03:30:00+00:00","dateModified":"2022-08-25T03:30:00+00:00","mainEntityOfPage":{"@id":"https:\/\/now-news.de\/de\/deutschland\/ende-des-ueberflusses-macron-fordert-franzosen-zu-opferbereitschaft-auf\/"},"wordCount":326,"commentCount":0,"publisher":{"@id":"https:\/\/now-news.de\/de\/#organization"},"image":{"@id":"https:\/\/now-news.de\/de\/deutschland\/ende-des-ueberflusses-macron-fordert-franzosen-zu-opferbereitschaft-auf\/#primaryimage"},"thumbnailUrl":"https:\/\/now-news.de\/de\/wp-content\/uploads\/sites\/3\/2022\/08\/quotEnde-des-Ueberflussesquot-\u2013-Macron-fordert-Franzosen-zu-Opferbereitschaft-auf.jpg","keywords":["AUF","des","fordert","Franzosen","macron","Opferbereitschaft","quotEnde","\u00dcberflussesquot"],"articleSection":["Deutschland","Russland"],"inLanguage":"de","potentialAction":[{"@type":"CommentAction","name":"Comment","target":["https:\/\/now-news.de\/de\/deutschland\/ende-des-ueberflusses-macron-fordert-franzosen-zu-opferbereitschaft-auf\/#respond"]}]},{"@type":"WebPage","@id":"https:\/\/now-news.de\/de\/deutschland\/ende-des-ueberflusses-macron-fordert-franzosen-zu-opferbereitschaft-auf\/","url":"https:\/\/now-news.de\/de\/deutschland\/ende-des-ueberflusses-macron-fordert-franzosen-zu-opferbereitschaft-auf\/","name":"&quot;Ende des \u00dcberflusses&quot; \u2013 Macron fordert Franzosen zu Opferbereitschaft auf - just-now.NEWS Deutschland","isPartOf":{"@id":"https:\/\/now-news.de\/de\/#website"},"primaryImageOfPage":{"@id":"https:\/\/now-news.de\/de\/deutschland\/ende-des-ueberflusses-macron-fordert-franzosen-zu-opferbereitschaft-auf\/#primaryimage"},"image":{"@id":"https:\/\/now-news.de\/de\/deutschland\/ende-des-ueberflusses-macron-fordert-franzosen-zu-opferbereitschaft-auf\/#primaryimage"},"thumbnailUrl":"https:\/\/now-news.de\/de\/wp-content\/uploads\/sites\/3\/2022\/08\/quotEnde-des-Ueberflussesquot-\u2013-Macron-fordert-Franzosen-zu-Opferbereitschaft-auf.jpg","datePublished":"2022-08-25T03:30:00+00:00","dateModified":"2022-08-25T03:30:00+00:00","breadcrumb":{"@id":"https:\/\/now-news.de\/de\/deutschland\/ende-des-ueberflusses-macron-fordert-franzosen-zu-opferbereitschaft-auf\/#breadcrumb"},"inLanguage":"de","potentialAction":[{"@type":"ReadAction","target":["https:\/\/now-news.de\/de\/deutschland\/ende-des-ueberflusses-macron-fordert-franzosen-zu-opferbereitschaft-auf\/"]}]},{"@type":"ImageObject","inLanguage":"de","@id":"https:\/\/now-news.de\/de\/deutschland\/ende-des-ueberflusses-macron-fordert-franzosen-zu-opferbereitschaft-auf\/#primaryimage","url":"https:\/\/now-news.de\/de\/wp-content\/uploads\/sites\/3\/2022\/08\/quotEnde-des-Ueberflussesquot-\u2013-Macron-fordert-Franzosen-zu-Opferbereitschaft-auf.jpg","contentUrl":"https:\/\/now-news.de\/de\/wp-content\/uploads\/sites\/3\/2022\/08\/quotEnde-des-Ueberflussesquot-\u2013-Macron-fordert-Franzosen-zu-Opferbereitschaft-auf.jpg","width":460,"height":259,"caption":"&quot;Ende des \u00dcberflusses&quot; \u2013 Macron fordert Franzosen zu Opferbereitschaft auf"},{"@type":"BreadcrumbList","@id":"https:\/\/now-news.de\/de\/deutschland\/ende-des-ueberflusses-macron-fordert-franzosen-zu-opferbereitschaft-auf\/#breadcrumb","itemListElement":[{"@type":"ListItem","position":1,"name":"Home","item":"https:\/\/now-news.de\/de\/"},{"@type":"ListItem","position":2,"name":"&quot;Ende des \u00dcberflusses&quot; \u2013 Macron fordert Franzosen zu Opferbereitschaft auf"}]},{"@type":"WebSite","@id":"https:\/\/now-news.de\/de\/#website","url":"https:\/\/now-news.de\/de\/","name":"just-now.NEWS Deutschland","description":"Das Portal f\u00fcr unzensierte Nachrichten aus der Welt","publisher":{"@id":"https:\/\/now-news.de\/de\/#organization"},"potentialAction":[{"@type":"SearchAction","target":{"@type":"EntryPoint","urlTemplate":"https:\/\/now-news.de\/de\/?s={search_term_string}"},"query-input":"required name=search_term_string"}],"inLanguage":"de"},{"@type":"Organization","@id":"https:\/\/now-news.de\/de\/#organization","name":"Just Now News","url":"https:\/\/now-news.de\/de\/","logo":{"@type":"ImageObject","inLanguage":"de","@id":"https:\/\/now-news.de\/de\/#\/schema\/logo\/image\/","url":"http:\/\/just-now.news\/de\/wp-content\/uploads\/sites\/3\/2022\/04\/logo500x500.jpg","contentUrl":"http:\/\/just-now.news\/de\/wp-content\/uploads\/sites\/3\/2022\/04\/logo500x500.jpg","width":500,"height":500,"caption":"Just Now News"},"image":{"@id":"https:\/\/now-news.de\/de\/#\/schema\/logo\/image\/"},"sameAs":["https:\/\/www.facebook.com\/wirmachenauf","https:\/\/x.com\/WirMachenAuf_de"]},{"@type":"Person","@id":"https:\/\/now-news.de\/de\/#\/schema\/person\/fb534a4e865501d8b3285208df34a9b5","name":"rtnews","image":{"@type":"ImageObject","inLanguage":"de","@id":"https:\/\/now-news.de\/de\/#\/schema\/person\/image\/","url":"https:\/\/secure.gravatar.com\/avatar\/82aafea7d8127119dd649515f56e2117?s=96&d=mm&r=g","contentUrl":"https:\/\/secure.gravatar.com\/avatar\/82aafea7d8127119dd649515f56e2117?s=96&d=mm&r=g","caption":"rtnews"},"url":"https:\/\/now-news.de\/de\/author\/rnews\/"}]}},"_links":{"self":[{"href":"https:\/\/now-news.de\/de\/wp-json\/wp\/v2\/posts\/17634"}],"collection":[{"href":"https:\/\/now-news.de\/de\/wp-json\/wp\/v2\/posts"}],"about":[{"href":"https:\/\/now-news.de\/de\/wp-json\/wp\/v2\/types\/post"}],"author":[{"embeddable":true,"href":"https:\/\/now-news.de\/de\/wp-json\/wp\/v2\/users\/3"}],"replies":[{"embeddable":true,"href":"https:\/\/now-news.de\/de\/wp-json\/wp\/v2\/comments?post=17634"}],"version-history":[{"count":0,"href":"https:\/\/now-news.de\/de\/wp-json\/wp\/v2\/posts\/17634\/revisions"}],"wp:featuredmedia":[{"embeddable":true,"href":"https:\/\/now-news.de\/de\/wp-json\/wp\/v2\/media\/17635"}],"wp:attachment":[{"href":"https:\/\/now-news.de\/de\/wp-json\/wp\/v2\/media?parent=17634"}],"wp:term":[{"taxonomy":"category","embeddable":true,"href":"https:\/\/now-news.de\/de\/wp-json\/wp\/v2\/categories?post=17634"},{"taxonomy":"post_tag","embeddable":true,"href":"https:\/\/now-news.de\/de\/wp-json\/wp\/v2\/tags?post=17634"}],"curies":[{"name":"wp","href":"https:\/\/api.w.org\/{rel}","templated":true}]}}