{"id":17626,"date":"2022-08-24T21:50:24","date_gmt":"2022-08-24T19:50:24","guid":{"rendered":"http:\/\/just-now.news\/de\/deutschland\/fall-dugina-mordverdacht-gegen-natalja-wowk-was-spricht-dafuer-was-dagegen\/"},"modified":"2022-08-24T21:50:24","modified_gmt":"2022-08-24T19:50:24","slug":"fall-dugina-mordverdacht-gegen-natalja-wowk-was-spricht-dafuer-was-dagegen","status":"publish","type":"post","link":"https:\/\/now-news.de\/de\/deutschland\/fall-dugina-mordverdacht-gegen-natalja-wowk-was-spricht-dafuer-was-dagegen\/","title":{"rendered":"Fall Dugina: Mordverdacht gegen Natalja Wowk \u2013 Was spricht daf\u00fcr, was dagegen?"},"content":{"rendered":"<p><img decoding=\"async\" src=\"http:\/\/just-now.news\/de\/wp-content\/uploads\/sites\/3\/2022\/08\/63062809b480cc3826710978.PNG\" \/><\/p>\n<p><em>Von Wladislaw Sankin<\/em><\/p>\n<p>Die deutschen Medien \u00e4u\u00dfern vielfach Zweifel an der Darstellung des russischen Geheimdienstes FSB im Mordfall Darja Dugina. Die pr\u00e4sentierten Videobeweise gegen die ukrainische B\u00fcrgerin Natalja Wowk seien nicht ausreichend, so der allgemeine Tenor. Es <a rel=\"nofollow noopener\" target=\"_blank\" href=\"https:\/\/www.focus.de\/politik\/ausland\/ukraine-krise\/die-moerderin-im-mini-cooper-nach-dugina-mord-praesentiert-kreml-taeterin-doch-viele-zweifel-bleiben_id_136989663.html\">fehle<\/a>\u00a0zum Beispiel\u00a0eine Darstellung dessen, wie die Verd\u00e4chtigte die\u00a0Bombe unter dem Auto ihres Opfers platziert haben soll. Auch wird darauf hingewiesen, dass die Ukraine kein Interesse am Mord der jungen Publizistin haben k\u00f6nne, der Kreml dagegen aber schon, der das Verbrechen als Vorwand f\u00fcr ein h\u00e4rteres Durchgreifen gegen Oppositionelle im Inland\u00a0nutzen k\u00f6nnte.<\/p>\n<p>Man h\u00e4tte an dieser Stelle gerne so viel Skepsis und Distanz bei allen bisher unaufgekl\u00e4rten F\u00e4llen mit politischer Brisanz gew\u00fcnscht, wie etwa im Fall Skripal oder Nawalny. Doch wie wir uns erinnern, hat die Videoaufnahme zweier russischer Staatsb\u00fcrger im Londoner Flughafen\u00a0bereits ausgereicht, um Russland\u00a0wegen der angeblichen Vergiftung an Sergei Skripal und seiner Tochter mit dem Nervenkampfstoff Nowitschok\u00a0im M\u00e4rz 2018\u00a0von der gesamten westlichen Politik an den Pranger zu stellen.\u00a0<\/p>\n<p>Auch seltsam klingt das von einer CDU-Politikerin vorgebrachte <a rel=\"nofollow noopener\" target=\"_blank\" href=\"https:\/\/www.zdf.de\/nachrichten\/politik\/dugina-anschlag-partisanen-widerstand-lange-ukraine-krieg-russland-100.html\">Argument<\/a>, Dugina h\u00e4tte im Kreml nichts zu entscheiden, sie sei kein Teil des Machtapparats und habe keinen Zugang zu Putin. Es ist zun\u00e4chst aber nicht einmal klar, ob der Anschlag Darja Dugina, ihrem Vater oder doch beiden galt, denn das in die Luft\u00a0gesprengte Auto hat nach den bislang bekannten Informationen dem Philosophen selbst geh\u00f6rt und er wollte urspr\u00fcnglich mit seiner Tochter mitfahren. Au\u00dferdem sei Alexander Dugin nach der festen\u00a0<a rel=\"nofollow noopener\" target=\"_blank\" href=\"https:\/\/meinungsfreiheit.rtde.life\/inland\/146712-klammheimliche-freude-reaktionen-in-deutschland\/\">\u00dcberzeugung<\/a> westlicher Medien kein Geringerer als das &#8220;Hirn Putins&#8221; oder der &#8220;Chef-Ideologe&#8221; des Kreml, wieso jetzt pl\u00f6tzlich &#8220;kein Einfluss&#8221;?\u00a0<\/p>\n<p>Solch rhetorische Equilibristik ist nachvollziehbar, denn die Eins\u00e4tze\u00a0sind hoch:\u00a0Kiew\u00a0strebt laut Darstellung westlicher Politik nach Freiheit und Demokratie, und sein Ruf darf auf keinen Fall durch einen\u00a0\u00fcblen Terrorverdacht beschmutzt werden. Nichtsdestotrotz ist die Frage angebracht, inwieweit ein solcher im Fall Dugina berechtigt ist.\u00a0<\/p>\n<p>Darja Dugina wurde am Dienstag nach einer \u00f6ffentlichen <a rel=\"nofollow noopener\" target=\"_blank\" href=\"https:\/\/vk.com\/video-134310637_456256832\">Trauerzeremonie <\/a>in Moskau beigesetzt. An diesem Tag\u00a0<a rel=\"nofollow noopener\" target=\"_blank\" href=\"https:\/\/t.me\/rian_ru\/175243\">ver\u00f6ffentlichte<\/a>\u00a0<em>RIA Nowosti\u00a0<\/em>Ausschnitte aus dem Gespr\u00e4ch mit dem Vater der Tatverd\u00e4chtigen Natalja Wowk Pawel in seiner Wohnung in Mariupol. Er sagte, dass sie fr\u00fcher bei den ukrainischen Streitkr\u00e4ften gedient habe. W\u00e4hrend ihres Dienstes habe sie an Schie\u00df\u00fcbungen teilgenommen. Nach einer Gehirnoperation habe sie jedoch k\u00fcndigen m\u00fcssen. Nach dem Beginn der russischen Milit\u00e4roperation in der Ukraine\u00a0sei sie mit ihrem Kind als Kriegsfl\u00fcchtling nach Frankreich gekommen. Dort habe es ihr jedoch\u00a0nicht gefallen,\u00a0weshalb sie nach Polen und danach zur\u00fcck in die Ukraine gegangen sei. Vor drei bis vier Tagen habe sie mit ihm via Skype telefoniert. Sie sagte, dass sie sich in Litauen befinde.\u00a0<\/p>\n<p>Pawel Wowk\u00a0selbst <a rel=\"nofollow noopener\" target=\"_blank\" href=\"https:\/\/www.ruptly.tv\/en\/videos\/20220823-033-DPR-I-do-not-believe-it-Father-of-suspect-in-Daria-Dugina-killing\">glaubt nicht<\/a>, dass seine Tochter &#8220;einen Menschen in die Luft jagen&#8221; k\u00f6nnte, h\u00e4lt es aber f\u00fcr m\u00f6glich, dass sie &#8220;wegen Geldes&#8221; etwa f\u00fcr Bespitzelung beauftragt werden k\u00f6nnte. Die Cousine der Verd\u00e4chtigen deutete an, dass Natalia &#8220;Probleme&#8221; hatte, weil ihr Sohn Daniil als Student einer Milit\u00e4rschule mobilisiert werden m\u00fcsste. Sie habe geweint, danach gelang es aber, die Sache mit dem Milit\u00e4rdienst irgendwie zu regeln. Nun sei ihr Sohn im Ausland, sagte sie.\u00a0<\/p>\n<p>Wie das russische Ermittlungskomitee sp\u00e4ter <a rel=\"nofollow noopener\" target=\"_blank\" href=\"https:\/\/t.me\/sledcom_press\/3014\">mitteilte<\/a>,\u00a0seien der Vater und weitere Verwandte sowie Teilnehmer und Mitarbeiter des Kulturfestivals &#8220;Tradition&#8221; befragt und die von Natalja Wowk gemietete Garage durchsucht worden. Die St\u00e4rke des detonierten Sprengk\u00f6rpers werde noch durch eine forensische Sprengstoffanalyse ermittelt, so die Beh\u00f6rde weiter. Abschlie\u00dfend teilte das Komitee mit, dass Wowk bald auf die Fahndungsliste gesetzt wird. &#8220;Weitere an dem Verbrechen beteiligte Personen werden derzeit ermittelt.&#8221;\u00a0<\/p>\n<p>F\u00fcr die russischen Beh\u00f6rden gibt es keine andere Spur als diese. Zumal die Angaben der Verwandten einen Ansatz f\u00fcr das Motiv zeigen: Die Verd\u00e4chtigte k\u00f6nnte einen Deal mit den ukrainischen Geheimdiensten eingegangen sein und ihren Sohn durch eine solche Tat von der Mobilisierung &#8220;freikaufen&#8221;. Laut Cousine halten die Nachbarn eben diese Version f\u00fcr m\u00f6glich &#8211; &#8220;wegen Daniil&#8221;. Beide Befragten gaben auch an, dass Natalia nach der Gehirnoperation hyperaktiv und unberechenbar geworden sei. &#8220;Ich wei\u00df nicht, was in ihrem Kopf vorgeht&#8221;, so die Cousine.\u00a0<\/p>\n<p>Russlands UN-Vertreter versprachen, dass der Fall auf internationaler Ebene besprochen wird. Auf welche Argumente wird Kiew in seiner Verteidigungsstrategie also setzen? &#8220;Das ist definitiv nicht unsere Verantwortung. Sie ist keine B\u00fcrgerin unseres Landes, wir sind nicht an ihr interessiert. Und sie befand sich nicht auf <a rel=\"nofollow noopener\" target=\"_blank\" href=\"https:\/\/tass.ru\/mezhdunarodnaya-panorama\/15543907?utm_source=yxnews&amp;utm_medium=desktop\">ukrainischem Gebiet&#8221;, <\/a>sagte Wladimir Selenskij, als er von den Journalisten auf einer Pressekonferenz gebeten wurde, den Fall zu kommentieren. Zuvor haben seine Regierungsvertreter Gedanken ge\u00e4u\u00dfert, dass es l\u00e4cherlich sei, eine Frau mit Kind eines solchen Verbrechens zu beschuldigen.<\/p>\n<p>Argumentative Artikulation eines Pr\u00e4sidenten und seines Amtes sieht anders aus. Au\u00dferdem ist der Umstand, dass die mutma\u00dfliche T\u00e4terin eine Frau mit Kind sein k\u00f6nnte, alles andere als &#8220;l\u00e4cherlich&#8221;. Denn ausgerechnet eine als Kriegsfl\u00fcchtling getarnte Frau mit einem Kind k\u00f6nnte viel eher alle Durchgangskontrollen passieren als m\u00e4nnliche Saboteure.<\/p>\n<p><strong>Frau als R\u00e4cherin<\/strong><\/p>\n<p>Die M\u00f6glichkeit, dass Natalia Wowk ihre Tat nicht aus Erpressung, sondern als \u00fcberzeugte ukrainische Nationalistin begehen k\u00f6nnte, sollte nicht ausgeschlossen sein. Ihr Vater \u00e4u\u00dfert da allerdings Zweifel. &#8220;Ich glaube nicht, dass sie so eine &#8216;Ukrainerin&#8217; war.&#8221; Jedenfalls, und das darf an dieser Stelle erw\u00e4hnt werden, hat die Beteiligung der Frauen im Guerillakampf und bei Sabotageaktionen in der Geschichte des ukrainischen Nationalismus lange Tradition.<\/p>\n<p>Die ukrainische Publizistin Miroslawa Berdnik hat \u00fcber die Bandera-Bewegung geforscht und teilte am Dienstag via Facebook ein von ihr eigenh\u00e4ndig im Archiv des ukrainischen Sicherheitsdienstes kopiertes Foto einer K\u00e4mpferin als Beispiel.\u00a0<\/p>\n<p>Der russische Schriftsteller, Politiker und ehemalige Volkswehrangeh\u00f6rige im Donbass Sachar Prilepin erinnerte am Dienstag im russischen Fernsehen daran, dass ukrainische Geheimdienste bei Terroraktionen auf dem Territorium der beiden Donbass-Republiken traditionell auf Frauen setzten. So wurde nach bisher bekannten <a rel=\"nofollow noopener\" target=\"_blank\" href=\"https:\/\/www.youtube.com\/watch?v=U9f-eIZKCZE\">Informationen<\/a> der Feldkommandeur Michail Tolstych (Giwi) im Februar 2017 in seinem Kabinett durch Sprengstoff get\u00f6tet, den die Kiewer Studentin Anastasija Petriga in eine Tisch-Schublade gelegt haben soll.<\/p>\n<p>Insgesamt sind ukrainische Frauen im nationalistisch gef\u00e4rbten Aktivismus sehr aktiv. In der Regel sind es\u00a0junge Frauen, die radikal-russophobe\u00a0Aktionen und Performances auf europ\u00e4ischen Stra\u00dfen durchf\u00fchren und\u00a0Menschen wegen ihres\u00a0loyalen\u00a0Verh\u00e4ltnisses zu Russland anp\u00f6beln und denunzieren.\u00a0Die von ihnen provozierten Skandale stellen sie dann stolz ins Netz.\u00a0Im April sorgte ein <a rel=\"nofollow noopener\" target=\"_blank\" href=\"https:\/\/www.youtube.com\/watch?v=F3qgt9u6Uis\">Video f\u00fcr Aufsehen<\/a>, in dem eine ukrainische Schauspielerin, als Hexe in Nationaltracht verkleidet, einem Klischee-Russen mit einer Sichel die Kehle durchschneidet. Die Macher des Videos griffen dabei bewusst auf heidnisch-mystische Elemente der ukrainischen Volkskultur zur\u00fcck, die Leser aus den Werken von Nikolai Gogol sehr gut kennen.\u00a0<\/p>\n<p>Dieses entsetzlich brutale St\u00fcck stellt offenbar keine Entgleisung eines einzelnen Werbeteams dar. Eine Ausstellung, die derzeit im Nationalen Museum der ukrainischen Geschichte im Zweiten Weltkrieg stattfindet, demonstriert, dass ausgerechnet das Weibliche im neuen ukrainischen gesellschaftlichen\u00a0Bewusstsein f\u00fcr Racheakte zust\u00e4ndig ist. Gewidmet ist das Kulturevent der ber\u00fchmten Statue &#8220;Mutter Heimat&#8221;, die seit ihrer Fertigstellung im Jahr 1981\u00a0eindrucksvoll\u00a0auf einem\u00a0H\u00fcgel in den Kiewer Himmel ragt.<\/p>\n<blockquote>\n<p><em>&#8220;Im Mittelpunkt der Ausstellung steht der Wandel des Bildes des Denkmals\u00a0im Bewusstsein und der Wahrnehmung der Gesellschaft&#8221;, teilt ein lokaler Telegram-Kanal mit.\u00a0<\/em><\/p>\n<\/blockquote>\n<p>Auf einem der Bilder h\u00e4lt die &#8220;Mutter Heimat&#8221; den abgehackten Kopf des russischen Pr\u00e4sidenten Wladimir Putin\u00a0in die H\u00f6he.\u00a0<\/p>\n<p><strong>Dudin als &#8220;Putins Hirn&#8221;<\/strong><\/p>\n<p>Nat\u00fcrlich sind solche geistigen Verrenkungen kein juristischer Beweis. Sie stellen aber einen kulturellen N\u00e4hrboden f\u00fcr politische Handlungen dar und k\u00f6nnen damit etwas \u00fcber Motive f\u00fcr solche Handlungen verraten. Schlie\u00dflich ist die Suche nach einem Motiv das entscheidende Element\u00a0jeder Ermittlung. In dieser Hinsicht ist ein Umstand erw\u00e4hnenswert: Ausgerechnet einen Tag vor der Sprengung des Autos von\u00a0Darja Dugina hat der reichweitenst\u00e4rkste Fernsehsender der Ukraine <em>1+1<\/em> ein Video \u00fcber Alexander Dugin\u00a0mit dem Titel &#8220;Er steuert Putin&#8221;\u00a0<a rel=\"nofollow noopener\" target=\"_blank\" href=\"https:\/\/www.youtube.com\/watch?v=OoW6_W0xnJs\">ver\u00f6ffentlicht<\/a>.<\/p>\n<p>Eindringlich wird im Video behauptet, dass Dugin &#8220;Putins Hirn&#8221; sei. Am\u00a0Tag nach dem Anschlag <a rel=\"nofollow noopener\" target=\"_blank\" href=\"https:\/\/www.youtube.com\/watch?v=SBvEZBpDzaI\">legte<\/a> der Sender mit dem Video &#8220;Ein pers\u00f6nlicher Schlag gegen Putin?&#8221; nach. Dieses wurde bereits knapp zwei Millionen Mal angeklickt. Der Medienexperte und im Exil lebende kritische Kenner ukrainischer Politik Anatolij Scharij weist darauf hin, dass ukrainische Medien sich zuvor \u00fcber viele Monate hinweg nicht f\u00fcr Dugin interessiert und &#8220;termingerecht&#8221; eine Kampagne ohne einen daf\u00fcr erkennbaren Anlass gestartet h\u00e4tten.<\/p>\n<p>Im Video &#8220;Er steuert Putin&#8221; kommt der russische Putin-Gegner Ilja Ponomarjow zu\u00a0Wort. Ausgerechnet er bringt am Tag nach dem Verbrechen die Version ins Spiel, dass eine russische Guerilla-Gruppe\u00a0das Attentat h\u00e4tte\u00a0ver\u00fcbt\u00a0haben k\u00f6nnen.\u00a0\u00a0<\/p>\n<p>Am Dienstag\u00a0<a rel=\"nofollow noopener\" target=\"_blank\" href=\"https:\/\/focus.ua\/voennye-novosti\/526423-dugina-lish-pervaya-danilov-obyasnil-zachem-rf-gotovit-seriyu-teraktov-protiv-svoih\">\u00e4u\u00dferte<\/a> der Sekret\u00e4r des Nationalen Sicherheits- und Verteidigungsrates, Alexei Danilow, eine Warnung, die viel eher nach einem vorsorglich vorgebrachten Alibi aussieht. Er teilte mit, dass die russischen Sicherheitsdienste im eigenen Land eine Reihe von Terroranschl\u00e4gen mit vielen zivilen Opfern vorbereiteten.\u00a0Er wies darauf hin, dass der Autobombenanschlag auf die Tochter des &#8220;Putin-Ideologen&#8221; Alexander Dugin der erste in einer Reihe von Terroranschl\u00e4gen war.<\/p>\n<p>Und er betonte, dass die Ukraine nicht am Anschlag auf die\u00a0Tochter &#8220;des russischen Propagandisten&#8221; beteiligt gewesen sei, weil &#8220;unser Staat keine Zivilisten t\u00f6tet, sondern Russland&#8221;. Doch wie oft schon hat Kiew Russland der Milit\u00e4rschl\u00e4ge gegen Zivilisten beschuldigt, die, wie sich sp\u00e4ter herausstellte, von Kiew selbst durchgef\u00fchrt worden waren \u2013 etwa auf den\u00a0<a rel=\"nofollow noopener\" target=\"_blank\" href=\"https:\/\/meinungsfreiheit.rtde.life\/meinung\/136651-angriff-auf-bahnhof-von-kramatorsk\/\">Bahnhof in Kramatorsk<\/a> oder das\u00a0<a rel=\"nofollow noopener\" target=\"_blank\" href=\"https:\/\/meinungsfreiheit.rtde.life\/meinung\/139757-ukraine-beschiesst-schulen-und-toetet-kinder-donezk-waerend-westen-selenskij-feiert\/\">Schauspielhaus in Mariupol<\/a>, um nur die brisantesten F\u00e4lle zu nennen.\u00a0<\/p>\n<p><strong>Mehr zum Thema<\/strong> &#8211; <a rel=\"nofollow noopener\" target=\"_blank\" href=\"https:\/\/meinungsfreiheit.rtde.life\/meinung\/136651-angriff-auf-bahnhof-von-kramatorsk\/\">Angriff auf den Bahnhof von Kramatorsk: Der Schl\u00fcssel zur Suche nach den T\u00e4tern<\/a><\/p>\n<p><br \/>\n<br \/><a href=\"https:\/\/de.rt.com\/meinung\/146908-fall-dugina-mordverdacht-gegen-natalja\/\">Source link <\/a><\/p>\n","protected":false},"excerpt":{"rendered":"<p>Von Wladislaw Sankin Die deutschen Medien \u00e4u\u00dfern vielfach Zweifel an der Darstellung des russischen Geheimdienstes FSB im Mordfall Darja Dugina. Die pr\u00e4sentierten Videobeweise gegen die ukrainische B\u00fcrgerin Natalja Wowk seien nicht ausreichend, so der allgemeine Tenor. Es fehle\u00a0zum Beispiel\u00a0eine Darstellung dessen, wie die Verd\u00e4chtigte die\u00a0Bombe unter dem Auto ihres Opfers platziert haben soll. Auch wird [&hellip;]<\/p>\n","protected":false},"author":3,"featured_media":17627,"comment_status":"open","ping_status":"open","sticky":false,"template":"","format":"standard","meta":{"wp_automatic_camp":["217"],"cc35cc63f6f8ee1912855d6e95117682":["Fall Dugina: Mordverdacht gegen Natalja Wowk \u2013 Was spricht daf\u00fcr, was dagegen?"],"original_link":["https:\/\/de.rt.com\/meinung\/146908-fall-dugina-mordverdacht-gegen-natalja\/"],"_thumbnail_id":["17627"],"_wptg_p2tg_sent2tg":["2022-08-25 00:07:51"],"jnews_social_counter_last_update":["1777274455"]},"categories":[19,23],"tags":[18043,29282,31386,1657,278,31620,31621,4067,31622],"yoast_head":"<!-- This site is optimized with the Yoast SEO Premium plugin v22.7 (Yoast SEO v22.7) - https:\/\/yoast.com\/wordpress\/plugins\/seo\/ -->\n<title>Fall Dugina: Mordverdacht gegen Natalja Wowk \u2013 Was spricht daf\u00fcr, was dagegen? - just-now.NEWS Deutschland<\/title>\n<meta name=\"robots\" content=\"index, follow, max-snippet:-1, max-image-preview:large, max-video-preview:-1\" \/>\n<link rel=\"canonical\" href=\"https:\/\/now-news.de\/de\/deutschland\/fall-dugina-mordverdacht-gegen-natalja-wowk-was-spricht-dafuer-was-dagegen\/\" \/>\n<meta property=\"og:locale\" content=\"de_DE\" \/>\n<meta property=\"og:type\" content=\"article\" \/>\n<meta property=\"og:title\" content=\"Fall Dugina: Mordverdacht gegen Natalja Wowk \u2013 Was spricht daf\u00fcr, was dagegen?\" \/>\n<meta property=\"og:description\" content=\"Von Wladislaw Sankin Die deutschen Medien \u00e4u\u00dfern vielfach Zweifel an der Darstellung des russischen Geheimdienstes FSB im Mordfall Darja Dugina. Die pr\u00e4sentierten Videobeweise gegen die ukrainische B\u00fcrgerin Natalja Wowk seien nicht ausreichend, so der allgemeine Tenor. Es fehle\u00a0zum Beispiel\u00a0eine Darstellung dessen, wie die Verd\u00e4chtigte die\u00a0Bombe unter dem Auto ihres Opfers platziert haben soll. Auch wird [&hellip;]\" \/>\n<meta property=\"og:url\" content=\"https:\/\/now-news.de\/de\/deutschland\/fall-dugina-mordverdacht-gegen-natalja-wowk-was-spricht-dafuer-was-dagegen\/\" \/>\n<meta property=\"og:site_name\" content=\"just-now.NEWS Deutschland\" \/>\n<meta property=\"article:publisher\" content=\"https:\/\/www.facebook.com\/wirmachenauf\" \/>\n<meta property=\"article:published_time\" content=\"2022-08-24T19:50:24+00:00\" \/>\n<meta property=\"og:image\" content=\"https:\/\/now-news.de\/de\/wp-content\/uploads\/sites\/3\/2022\/08\/Fall-Dugina-Mordverdacht-gegen-Natalja-Wowk-\u2013-Was-spricht-dafuer.PNG\" \/>\n\t<meta property=\"og:image:width\" content=\"460\" \/>\n\t<meta property=\"og:image:height\" content=\"259\" \/>\n\t<meta property=\"og:image:type\" content=\"image\/png\" \/>\n<meta name=\"author\" content=\"rtnews\" \/>\n<meta name=\"twitter:card\" content=\"summary_large_image\" \/>\n<meta name=\"twitter:creator\" content=\"@WirMachenAuf_de\" \/>\n<meta name=\"twitter:site\" content=\"@WirMachenAuf_de\" \/>\n<meta name=\"twitter:label1\" content=\"Verfasst von\" \/>\n\t<meta name=\"twitter:data1\" content=\"rtnews\" \/>\n\t<meta name=\"twitter:label2\" content=\"Gesch\u00e4tzte Lesezeit\" \/>\n\t<meta name=\"twitter:data2\" content=\"8\u00a0Minuten\" \/>\n<script type=\"application\/ld+json\" class=\"yoast-schema-graph\">{\"@context\":\"https:\/\/schema.org\",\"@graph\":[{\"@type\":\"Article\",\"@id\":\"https:\/\/now-news.de\/de\/deutschland\/fall-dugina-mordverdacht-gegen-natalja-wowk-was-spricht-dafuer-was-dagegen\/#article\",\"isPartOf\":{\"@id\":\"https:\/\/now-news.de\/de\/deutschland\/fall-dugina-mordverdacht-gegen-natalja-wowk-was-spricht-dafuer-was-dagegen\/\"},\"author\":{\"name\":\"rtnews\",\"@id\":\"https:\/\/now-news.de\/de\/#\/schema\/person\/fb534a4e865501d8b3285208df34a9b5\"},\"headline\":\"Fall Dugina: Mordverdacht gegen Natalja Wowk \u2013 Was spricht daf\u00fcr, was dagegen?\",\"datePublished\":\"2022-08-24T19:50:24+00:00\",\"dateModified\":\"2022-08-24T19:50:24+00:00\",\"mainEntityOfPage\":{\"@id\":\"https:\/\/now-news.de\/de\/deutschland\/fall-dugina-mordverdacht-gegen-natalja-wowk-was-spricht-dafuer-was-dagegen\/\"},\"wordCount\":1618,\"commentCount\":0,\"publisher\":{\"@id\":\"https:\/\/now-news.de\/de\/#organization\"},\"image\":{\"@id\":\"https:\/\/now-news.de\/de\/deutschland\/fall-dugina-mordverdacht-gegen-natalja-wowk-was-spricht-dafuer-was-dagegen\/#primaryimage\"},\"thumbnailUrl\":\"https:\/\/now-news.de\/de\/wp-content\/uploads\/sites\/3\/2022\/08\/Fall-Dugina-Mordverdacht-gegen-Natalja-Wowk-\u2013-Was-spricht-dafuer.PNG\",\"keywords\":[\"daf\u00fcr\",\"dagegen\",\"Dugina\",\"fall\",\"gegen\",\"Mordverdacht\",\"Natalja\",\"spricht\",\"Wowk\"],\"articleSection\":[\"Deutschland\",\"Russland\"],\"inLanguage\":\"de\",\"potentialAction\":[{\"@type\":\"CommentAction\",\"name\":\"Comment\",\"target\":[\"https:\/\/now-news.de\/de\/deutschland\/fall-dugina-mordverdacht-gegen-natalja-wowk-was-spricht-dafuer-was-dagegen\/#respond\"]}]},{\"@type\":\"WebPage\",\"@id\":\"https:\/\/now-news.de\/de\/deutschland\/fall-dugina-mordverdacht-gegen-natalja-wowk-was-spricht-dafuer-was-dagegen\/\",\"url\":\"https:\/\/now-news.de\/de\/deutschland\/fall-dugina-mordverdacht-gegen-natalja-wowk-was-spricht-dafuer-was-dagegen\/\",\"name\":\"Fall Dugina: Mordverdacht gegen Natalja Wowk \u2013 Was spricht daf\u00fcr, was dagegen? - just-now.NEWS Deutschland\",\"isPartOf\":{\"@id\":\"https:\/\/now-news.de\/de\/#website\"},\"primaryImageOfPage\":{\"@id\":\"https:\/\/now-news.de\/de\/deutschland\/fall-dugina-mordverdacht-gegen-natalja-wowk-was-spricht-dafuer-was-dagegen\/#primaryimage\"},\"image\":{\"@id\":\"https:\/\/now-news.de\/de\/deutschland\/fall-dugina-mordverdacht-gegen-natalja-wowk-was-spricht-dafuer-was-dagegen\/#primaryimage\"},\"thumbnailUrl\":\"https:\/\/now-news.de\/de\/wp-content\/uploads\/sites\/3\/2022\/08\/Fall-Dugina-Mordverdacht-gegen-Natalja-Wowk-\u2013-Was-spricht-dafuer.PNG\",\"datePublished\":\"2022-08-24T19:50:24+00:00\",\"dateModified\":\"2022-08-24T19:50:24+00:00\",\"breadcrumb\":{\"@id\":\"https:\/\/now-news.de\/de\/deutschland\/fall-dugina-mordverdacht-gegen-natalja-wowk-was-spricht-dafuer-was-dagegen\/#breadcrumb\"},\"inLanguage\":\"de\",\"potentialAction\":[{\"@type\":\"ReadAction\",\"target\":[\"https:\/\/now-news.de\/de\/deutschland\/fall-dugina-mordverdacht-gegen-natalja-wowk-was-spricht-dafuer-was-dagegen\/\"]}]},{\"@type\":\"ImageObject\",\"inLanguage\":\"de\",\"@id\":\"https:\/\/now-news.de\/de\/deutschland\/fall-dugina-mordverdacht-gegen-natalja-wowk-was-spricht-dafuer-was-dagegen\/#primaryimage\",\"url\":\"https:\/\/now-news.de\/de\/wp-content\/uploads\/sites\/3\/2022\/08\/Fall-Dugina-Mordverdacht-gegen-Natalja-Wowk-\u2013-Was-spricht-dafuer.PNG\",\"contentUrl\":\"https:\/\/now-news.de\/de\/wp-content\/uploads\/sites\/3\/2022\/08\/Fall-Dugina-Mordverdacht-gegen-Natalja-Wowk-\u2013-Was-spricht-dafuer.PNG\",\"width\":460,\"height\":259,\"caption\":\"Fall Dugina: Mordverdacht gegen Natalja Wowk \u2013 Was spricht daf\u00fcr, was dagegen?\"},{\"@type\":\"BreadcrumbList\",\"@id\":\"https:\/\/now-news.de\/de\/deutschland\/fall-dugina-mordverdacht-gegen-natalja-wowk-was-spricht-dafuer-was-dagegen\/#breadcrumb\",\"itemListElement\":[{\"@type\":\"ListItem\",\"position\":1,\"name\":\"Home\",\"item\":\"https:\/\/now-news.de\/de\/\"},{\"@type\":\"ListItem\",\"position\":2,\"name\":\"Fall Dugina: Mordverdacht gegen Natalja Wowk \u2013 Was spricht daf\u00fcr, was dagegen?\"}]},{\"@type\":\"WebSite\",\"@id\":\"https:\/\/now-news.de\/de\/#website\",\"url\":\"https:\/\/now-news.de\/de\/\",\"name\":\"just-now.NEWS Deutschland\",\"description\":\"Das Portal f\u00fcr unzensierte Nachrichten aus der Welt\",\"publisher\":{\"@id\":\"https:\/\/now-news.de\/de\/#organization\"},\"potentialAction\":[{\"@type\":\"SearchAction\",\"target\":{\"@type\":\"EntryPoint\",\"urlTemplate\":\"https:\/\/now-news.de\/de\/?s={search_term_string}\"},\"query-input\":\"required name=search_term_string\"}],\"inLanguage\":\"de\"},{\"@type\":\"Organization\",\"@id\":\"https:\/\/now-news.de\/de\/#organization\",\"name\":\"Just Now News\",\"url\":\"https:\/\/now-news.de\/de\/\",\"logo\":{\"@type\":\"ImageObject\",\"inLanguage\":\"de\",\"@id\":\"https:\/\/now-news.de\/de\/#\/schema\/logo\/image\/\",\"url\":\"http:\/\/just-now.news\/de\/wp-content\/uploads\/sites\/3\/2022\/04\/logo500x500.jpg\",\"contentUrl\":\"http:\/\/just-now.news\/de\/wp-content\/uploads\/sites\/3\/2022\/04\/logo500x500.jpg\",\"width\":500,\"height\":500,\"caption\":\"Just Now News\"},\"image\":{\"@id\":\"https:\/\/now-news.de\/de\/#\/schema\/logo\/image\/\"},\"sameAs\":[\"https:\/\/www.facebook.com\/wirmachenauf\",\"https:\/\/x.com\/WirMachenAuf_de\"]},{\"@type\":\"Person\",\"@id\":\"https:\/\/now-news.de\/de\/#\/schema\/person\/fb534a4e865501d8b3285208df34a9b5\",\"name\":\"rtnews\",\"image\":{\"@type\":\"ImageObject\",\"inLanguage\":\"de\",\"@id\":\"https:\/\/now-news.de\/de\/#\/schema\/person\/image\/\",\"url\":\"https:\/\/secure.gravatar.com\/avatar\/82aafea7d8127119dd649515f56e2117?s=96&d=mm&r=g\",\"contentUrl\":\"https:\/\/secure.gravatar.com\/avatar\/82aafea7d8127119dd649515f56e2117?s=96&d=mm&r=g\",\"caption\":\"rtnews\"},\"url\":\"https:\/\/now-news.de\/de\/author\/rnews\/\"}]}<\/script>\n<!-- \/ Yoast SEO Premium plugin. -->","yoast_head_json":{"title":"Fall Dugina: Mordverdacht gegen Natalja Wowk \u2013 Was spricht daf\u00fcr, was dagegen? - just-now.NEWS Deutschland","robots":{"index":"index","follow":"follow","max-snippet":"max-snippet:-1","max-image-preview":"max-image-preview:large","max-video-preview":"max-video-preview:-1"},"canonical":"https:\/\/now-news.de\/de\/deutschland\/fall-dugina-mordverdacht-gegen-natalja-wowk-was-spricht-dafuer-was-dagegen\/","og_locale":"de_DE","og_type":"article","og_title":"Fall Dugina: Mordverdacht gegen Natalja Wowk \u2013 Was spricht daf\u00fcr, was dagegen?","og_description":"Von Wladislaw Sankin Die deutschen Medien \u00e4u\u00dfern vielfach Zweifel an der Darstellung des russischen Geheimdienstes FSB im Mordfall Darja Dugina. Die pr\u00e4sentierten Videobeweise gegen die ukrainische B\u00fcrgerin Natalja Wowk seien nicht ausreichend, so der allgemeine Tenor. Es fehle\u00a0zum Beispiel\u00a0eine Darstellung dessen, wie die Verd\u00e4chtigte die\u00a0Bombe unter dem Auto ihres Opfers platziert haben soll. Auch wird [&hellip;]","og_url":"https:\/\/now-news.de\/de\/deutschland\/fall-dugina-mordverdacht-gegen-natalja-wowk-was-spricht-dafuer-was-dagegen\/","og_site_name":"just-now.NEWS Deutschland","article_publisher":"https:\/\/www.facebook.com\/wirmachenauf","article_published_time":"2022-08-24T19:50:24+00:00","og_image":[{"width":460,"height":259,"url":"https:\/\/now-news.de\/de\/wp-content\/uploads\/sites\/3\/2022\/08\/Fall-Dugina-Mordverdacht-gegen-Natalja-Wowk-\u2013-Was-spricht-dafuer.PNG","type":"image\/png"}],"author":"rtnews","twitter_card":"summary_large_image","twitter_creator":"@WirMachenAuf_de","twitter_site":"@WirMachenAuf_de","twitter_misc":{"Verfasst von":"rtnews","Gesch\u00e4tzte Lesezeit":"8\u00a0Minuten"},"schema":{"@context":"https:\/\/schema.org","@graph":[{"@type":"Article","@id":"https:\/\/now-news.de\/de\/deutschland\/fall-dugina-mordverdacht-gegen-natalja-wowk-was-spricht-dafuer-was-dagegen\/#article","isPartOf":{"@id":"https:\/\/now-news.de\/de\/deutschland\/fall-dugina-mordverdacht-gegen-natalja-wowk-was-spricht-dafuer-was-dagegen\/"},"author":{"name":"rtnews","@id":"https:\/\/now-news.de\/de\/#\/schema\/person\/fb534a4e865501d8b3285208df34a9b5"},"headline":"Fall Dugina: Mordverdacht gegen Natalja Wowk \u2013 Was spricht daf\u00fcr, was dagegen?","datePublished":"2022-08-24T19:50:24+00:00","dateModified":"2022-08-24T19:50:24+00:00","mainEntityOfPage":{"@id":"https:\/\/now-news.de\/de\/deutschland\/fall-dugina-mordverdacht-gegen-natalja-wowk-was-spricht-dafuer-was-dagegen\/"},"wordCount":1618,"commentCount":0,"publisher":{"@id":"https:\/\/now-news.de\/de\/#organization"},"image":{"@id":"https:\/\/now-news.de\/de\/deutschland\/fall-dugina-mordverdacht-gegen-natalja-wowk-was-spricht-dafuer-was-dagegen\/#primaryimage"},"thumbnailUrl":"https:\/\/now-news.de\/de\/wp-content\/uploads\/sites\/3\/2022\/08\/Fall-Dugina-Mordverdacht-gegen-Natalja-Wowk-\u2013-Was-spricht-dafuer.PNG","keywords":["daf\u00fcr","dagegen","Dugina","fall","gegen","Mordverdacht","Natalja","spricht","Wowk"],"articleSection":["Deutschland","Russland"],"inLanguage":"de","potentialAction":[{"@type":"CommentAction","name":"Comment","target":["https:\/\/now-news.de\/de\/deutschland\/fall-dugina-mordverdacht-gegen-natalja-wowk-was-spricht-dafuer-was-dagegen\/#respond"]}]},{"@type":"WebPage","@id":"https:\/\/now-news.de\/de\/deutschland\/fall-dugina-mordverdacht-gegen-natalja-wowk-was-spricht-dafuer-was-dagegen\/","url":"https:\/\/now-news.de\/de\/deutschland\/fall-dugina-mordverdacht-gegen-natalja-wowk-was-spricht-dafuer-was-dagegen\/","name":"Fall Dugina: Mordverdacht gegen Natalja Wowk \u2013 Was spricht daf\u00fcr, was dagegen? - just-now.NEWS Deutschland","isPartOf":{"@id":"https:\/\/now-news.de\/de\/#website"},"primaryImageOfPage":{"@id":"https:\/\/now-news.de\/de\/deutschland\/fall-dugina-mordverdacht-gegen-natalja-wowk-was-spricht-dafuer-was-dagegen\/#primaryimage"},"image":{"@id":"https:\/\/now-news.de\/de\/deutschland\/fall-dugina-mordverdacht-gegen-natalja-wowk-was-spricht-dafuer-was-dagegen\/#primaryimage"},"thumbnailUrl":"https:\/\/now-news.de\/de\/wp-content\/uploads\/sites\/3\/2022\/08\/Fall-Dugina-Mordverdacht-gegen-Natalja-Wowk-\u2013-Was-spricht-dafuer.PNG","datePublished":"2022-08-24T19:50:24+00:00","dateModified":"2022-08-24T19:50:24+00:00","breadcrumb":{"@id":"https:\/\/now-news.de\/de\/deutschland\/fall-dugina-mordverdacht-gegen-natalja-wowk-was-spricht-dafuer-was-dagegen\/#breadcrumb"},"inLanguage":"de","potentialAction":[{"@type":"ReadAction","target":["https:\/\/now-news.de\/de\/deutschland\/fall-dugina-mordverdacht-gegen-natalja-wowk-was-spricht-dafuer-was-dagegen\/"]}]},{"@type":"ImageObject","inLanguage":"de","@id":"https:\/\/now-news.de\/de\/deutschland\/fall-dugina-mordverdacht-gegen-natalja-wowk-was-spricht-dafuer-was-dagegen\/#primaryimage","url":"https:\/\/now-news.de\/de\/wp-content\/uploads\/sites\/3\/2022\/08\/Fall-Dugina-Mordverdacht-gegen-Natalja-Wowk-\u2013-Was-spricht-dafuer.PNG","contentUrl":"https:\/\/now-news.de\/de\/wp-content\/uploads\/sites\/3\/2022\/08\/Fall-Dugina-Mordverdacht-gegen-Natalja-Wowk-\u2013-Was-spricht-dafuer.PNG","width":460,"height":259,"caption":"Fall Dugina: Mordverdacht gegen Natalja Wowk \u2013 Was spricht daf\u00fcr, was dagegen?"},{"@type":"BreadcrumbList","@id":"https:\/\/now-news.de\/de\/deutschland\/fall-dugina-mordverdacht-gegen-natalja-wowk-was-spricht-dafuer-was-dagegen\/#breadcrumb","itemListElement":[{"@type":"ListItem","position":1,"name":"Home","item":"https:\/\/now-news.de\/de\/"},{"@type":"ListItem","position":2,"name":"Fall Dugina: Mordverdacht gegen Natalja Wowk \u2013 Was spricht daf\u00fcr, was dagegen?"}]},{"@type":"WebSite","@id":"https:\/\/now-news.de\/de\/#website","url":"https:\/\/now-news.de\/de\/","name":"just-now.NEWS Deutschland","description":"Das Portal f\u00fcr unzensierte Nachrichten aus der Welt","publisher":{"@id":"https:\/\/now-news.de\/de\/#organization"},"potentialAction":[{"@type":"SearchAction","target":{"@type":"EntryPoint","urlTemplate":"https:\/\/now-news.de\/de\/?s={search_term_string}"},"query-input":"required name=search_term_string"}],"inLanguage":"de"},{"@type":"Organization","@id":"https:\/\/now-news.de\/de\/#organization","name":"Just Now News","url":"https:\/\/now-news.de\/de\/","logo":{"@type":"ImageObject","inLanguage":"de","@id":"https:\/\/now-news.de\/de\/#\/schema\/logo\/image\/","url":"http:\/\/just-now.news\/de\/wp-content\/uploads\/sites\/3\/2022\/04\/logo500x500.jpg","contentUrl":"http:\/\/just-now.news\/de\/wp-content\/uploads\/sites\/3\/2022\/04\/logo500x500.jpg","width":500,"height":500,"caption":"Just Now News"},"image":{"@id":"https:\/\/now-news.de\/de\/#\/schema\/logo\/image\/"},"sameAs":["https:\/\/www.facebook.com\/wirmachenauf","https:\/\/x.com\/WirMachenAuf_de"]},{"@type":"Person","@id":"https:\/\/now-news.de\/de\/#\/schema\/person\/fb534a4e865501d8b3285208df34a9b5","name":"rtnews","image":{"@type":"ImageObject","inLanguage":"de","@id":"https:\/\/now-news.de\/de\/#\/schema\/person\/image\/","url":"https:\/\/secure.gravatar.com\/avatar\/82aafea7d8127119dd649515f56e2117?s=96&d=mm&r=g","contentUrl":"https:\/\/secure.gravatar.com\/avatar\/82aafea7d8127119dd649515f56e2117?s=96&d=mm&r=g","caption":"rtnews"},"url":"https:\/\/now-news.de\/de\/author\/rnews\/"}]}},"_links":{"self":[{"href":"https:\/\/now-news.de\/de\/wp-json\/wp\/v2\/posts\/17626"}],"collection":[{"href":"https:\/\/now-news.de\/de\/wp-json\/wp\/v2\/posts"}],"about":[{"href":"https:\/\/now-news.de\/de\/wp-json\/wp\/v2\/types\/post"}],"author":[{"embeddable":true,"href":"https:\/\/now-news.de\/de\/wp-json\/wp\/v2\/users\/3"}],"replies":[{"embeddable":true,"href":"https:\/\/now-news.de\/de\/wp-json\/wp\/v2\/comments?post=17626"}],"version-history":[{"count":0,"href":"https:\/\/now-news.de\/de\/wp-json\/wp\/v2\/posts\/17626\/revisions"}],"wp:featuredmedia":[{"embeddable":true,"href":"https:\/\/now-news.de\/de\/wp-json\/wp\/v2\/media\/17627"}],"wp:attachment":[{"href":"https:\/\/now-news.de\/de\/wp-json\/wp\/v2\/media?parent=17626"}],"wp:term":[{"taxonomy":"category","embeddable":true,"href":"https:\/\/now-news.de\/de\/wp-json\/wp\/v2\/categories?post=17626"},{"taxonomy":"post_tag","embeddable":true,"href":"https:\/\/now-news.de\/de\/wp-json\/wp\/v2\/tags?post=17626"}],"curies":[{"name":"wp","href":"https:\/\/api.w.org\/{rel}","templated":true}]}}