{"id":17604,"date":"2022-08-24T20:25:21","date_gmt":"2022-08-24T18:25:21","guid":{"rendered":"http:\/\/just-now.news\/de\/deutschland\/donald-der-aktendieb-eher-joe-der-rechtsbeuger\/"},"modified":"2022-08-24T20:25:21","modified_gmt":"2022-08-24T18:25:21","slug":"donald-der-aktendieb-eher-joe-der-rechtsbeuger","status":"publish","type":"post","link":"https:\/\/now-news.de\/de\/deutschland\/donald-der-aktendieb-eher-joe-der-rechtsbeuger\/","title":{"rendered":"Donald, der Aktendieb? Eher Joe, der Rechtsbeuger&#8230;"},"content":{"rendered":"<p><img decoding=\"async\" src=\"http:\/\/just-now.news\/de\/wp-content\/uploads\/sites\/3\/2022\/08\/630614c748fbef5120341b2e.jpg\" \/><\/p>\n<p><em>Von Dagmar Henn<\/em><\/p>\n<p>Jetzt sind es also 700 Seiten, die den gro\u00dfen Skandal um Trump ausmachen, oder &#8220;mehr als 300 Verschlusssachen&#8221;, wie die <em>FAZ<\/em> titelt, &#8220;durch Trump entwendet.&#8221; Und es ist kein Wunder, dass die bundesdeutschen Medien einhellig die Position der gegenw\u00e4rtigen US-Regierung einnehmen \u2013 mit Formulierungen, die klingen, als h\u00e4tte sich Trump heimlich ins Wei\u00dfe Haus geschlichen und die Akten aus Schr\u00e4nken gestohlen.<\/p>\n<p>Aber betrachten wir die Frage einmal logisch.<\/p>\n<p>Gibt es in den USA eine Instanz, die \u00fcber dem Pr\u00e4sidenten steht? Allerh\u00f6chstens der Supreme Court, das Oberste Gericht. Der Pr\u00e4sident hat unbegrenzten und vollst\u00e4ndigen Zugriff auf alle Dokumente, gleich welcher Sicherheitsstufe. Das bedeutet auch, dass er nach der Amtszeit Dokumente aus dieser Amtszeit immer noch einsehen darf. Anders s\u00e4he es damit aus, solche Dokumente, sofern sie noch klassifiziert sind, anderen zug\u00e4nglich zu machen. Aber dieser Vorwurf wird nicht erhoben. Es wird nur behauptet, sie seien nicht sicher genug aufbewahrt gewesen. Das allerdings ist Gegenstand der Debatte.<\/p>\n<p>Ist der Pr\u00e4sident befugt, eine Klassifizierung aufzuheben? Selbstverst\u00e4ndlich. Sollte Trump einen entsprechenden Beschluss w\u00e4hrend seiner Amtszeit getroffen haben, sind diese Dokumente deklassifiziert. Das Argument, da g\u00e4be es ein langwieriges Verfahren, ist schwach. Das langwierige Verfahren existiert als Hilfsmittel f\u00fcr Pr\u00e4sidenten, die unter Druck stehen, bestimmte Dokumente zu deklassifizieren, dies aber nicht tun wollen. In einer Pr\u00e4sidialdemokratie sind zwar die Gesetze auch vom Pr\u00e4sidenten zu befolgen, schlichte Verwaltungsverfahren aber nicht. Letztlich m\u00fcsste sich ein entsprechender Beschluss bei verfassungsrechtlicher Kl\u00e4rung als g\u00fcltig erweisen. Andernfalls w\u00e4re auch das Recht, alle Dokumente zu sehen, infrage gestellt.<\/p>\n<p>Ein weiterer Punkt, der nicht klar ist, ist, ob es sich bei den Akten, deren &#8220;Entwendung&#8221; Trump vorgeworfen wird, tats\u00e4chlich um die einzigen Kopien handelt. Im Normalfall existiert selbst ein streng klassifiziertes Dokument in mehreren Kopien; jedes Schreiben beispielsweise in einer Kopie beim Absender und einer weiteren beim Empf\u00e4nger. Historische Akten erwecken da oft einen falschen Eindruck, weil in der Regel mit Gl\u00fcck ein Exemplar aufgehoben wurde.<\/p>\n<p>Die Biden-Regierung beziehungsweise das US-Justizministerium bezieht sich jedoch in seinem Anspruch auf die Akten auf ein Urteil, das einem amtierenden Pr\u00e4sidenten einen Anspruch auf die &#8220;zur Erf\u00fcllung seiner Amtspflichten&#8221; erforderlichen Dokumente gibt. Dann sind es allerdings keine abgeschlossenen Akten, was gleichzeitig bedeutet, dass es aktuell noch weitere Kopien in den entsprechenden Beh\u00f6rden gibt. Gibt es aber weitere Kopien, dann bedarf es dieser nicht.<\/p>\n<p>Der rechtliche Punkt, um den es in der Auseinandersetzung geht, nennt sich exekutives Privileg. Der Begriff, allerdings nicht die Praxis, stammt aus der Eisenhower-\u00c4ra. Er beinhaltet das Recht, die Vertraulichkeit von Informationen auch Gerichten gegen\u00fcber zu bewahren. Der technische Grund f\u00fcr die Existenz dieses Privilegs ist simpel \u2013 bestimmte Arten von Verhandlungen sind gar nicht m\u00f6glich, wenn die Vertraulichkeit nicht garantiert ist. Dieses Privileg gilt auch f\u00fcr ehemalige Pr\u00e4sidenten. Auch das wieder aus pragmatischen Gr\u00fcnden: Ein Amtsinhaber, der f\u00fcrchten m\u00fcsste, von seinem Nachfolger blo\u00dfgestellt oder gar juristisch verfolgt zu werden, w\u00fcrde diesem nicht genug Informationen zukommen lassen, um einen reibungslosen \u00dcbergang zu gew\u00e4hrleisten.<\/p>\n<p>Nun zur Vorgeschichte der Durchsuchung. Im Januar \u00fcbergab Trump f\u00fcnfzehn Kisten mit Dokumenten an das Nationalarchiv (NARA). \u00dcblicherweise werden solche Akten kopiert und anschlie\u00dfend zur\u00fcckgegeben. Das soll im April auch geschehen sein. Im selben Monat nimmt das NARA aber Kontakt mit dem Justizministerium auf und informiert dar\u00fcber, dass sich klassifizierte Dokumente darunter bef\u00e4nden.<\/p>\n<p>Das ist an sich nicht ungew\u00f6hnlich; alle bisherigen US-Pr\u00e4sidenten hatten nach ihrer Amtszeit Unterlagen in Besitz, und oft wurden sie erst nach ihrem Tod zug\u00e4nglich. Trump hat j\u00fcngst erkl\u00e4rt, Barack Obama habe ganze drei\u00dfig Millionen Seiten mitgenommen. Ungew\u00f6hnlich ist allerdings, dass das Archiv sich an das Justizministerium wendet. Das Justizministerium schaltete daraufhin das FBI ein, ein weiterer h\u00f6chst ungew\u00f6hnlicher Vorgang. Und das FBI verlangte Einsicht in diese Akten \u2013 also erst einmal in die Kopien, die das NARA angefertigt hatte.<\/p>\n<p>Schon dieses Verlangen ist schwach begr\u00fcndet. Das Gesetz, auf dem die Archivierung der Unterlagen eines US-Pr\u00e4sidenten <a rel=\"nofollow noopener\" target=\"_blank\" href=\"https:\/\/justthenews.com\/government\/courts-law\/full-text-national-archives-letter-trump-classified-documents\">beruht<\/a> (und auf das sich die NARA-Leiterin beruft), der Presidential Records Act, verlangt, dass der Zugang nach dem Ende einer Amtszeit f\u00fcr mehrere Jahre streng beschr\u00e4nkt wird. Die Aufzeichnungen sollen nur &#8220;einem amtierenden Pr\u00e4sidenten zur Verf\u00fcgung gestellt werden, wenn diese Aufzeichnungen Informationen enthalten, die f\u00fcr die Erf\u00fcllung des laufenden Gesch\u00e4fts des amtierenden Pr\u00e4sidenten ben\u00f6tigt werden und andernorts nicht zur Verf\u00fcgung stehen.&#8221; Sprich, es m\u00fcssten zwei Punkte nachgewiesen sein \u2013 dass diese Dokumente tats\u00e4chlich aktuell ben\u00f6tigt werden, und dass es keine weiteren Kopien andernorts davon gibt. Beides ist bisher unbewiesene Behauptung.<\/p>\n<p>Der Anwalt Trumps verwies auf das exekutive Privileg und verlangte einen Aufschub, damit sein Mandant die Dokumente daraufhin sichten und entscheiden k\u00f6nne, ob er bei einigen davon Gebrauch von diesem Recht machen will. Das ist ein Verlangen, das v\u00f6llig den Spielregeln entspricht. Schlie\u00dflich werden selbst Schmierzettel des Pr\u00e4sidenten aufgehoben. Wer nachdenkt, was er schon alles einmal beim Telefonieren auf Zettel gemalt hat, begreift schnell, dass es dabei auch um Pers\u00f6nlichkeitsschutz geht, der in diesem Fall genau durch die Regeln der Aufbewahrung bedroht wird.<\/p>\n<p>Im Mai erkl\u00e4rte Jonathan Su, der stellvertretende Rechtsberater des Wei\u00dfen Hauses, gegen\u00fcber der neuen Leiterin des Nationalarchivs, Debra Steidel Wall, dass Biden einer Aufhebung des exekutiven Privilegs f\u00fcr Trump nicht widerspr\u00e4che. Daraufhin schrieb Steidel Wall an den Anwalt Trumps, sie werde dem FBI Einsicht gew\u00e4hren.<\/p>\n<p>Eine unbeantwortete Frage ist, ob die entsprechenden Beamten des FBI \u00fcberhaupt die n\u00f6tigen Sicherheitsfreigaben besa\u00dfen, um diese Dokumente zu sichten. Jedenfalls kamen sie zu dem Schluss, die Originale \u00fcbergeben haben zu wollen. Das Justizministerium schickte daraufhin eine Vorladung an Trumps Mannschaft, alle entsprechenden Dokumente zu \u00fcbergeben. Am 3. Juni dann kamen FBI-Angeh\u00f6rige mit dessen Zustimmung zu Trump und sein Anwalt \u00fcbergab ihnen Papiere. Am 8. August erfolgte dann die Durchsuchung.<\/p>\n<p>Noch einmal \u2013 der Grund, den NARA-Chefin Steidel Wall in ihrem Schreiben anf\u00fchrte, warum die Verwaltung des amtierenden Pr\u00e4sidenten Zugriff auf diese Dokumente haben solle, w\u00e4re, sofern er \u00fcberhaupt gegeben war, bereits durch die Einsicht in die Kopien erledigt gewesen. Ein anderer Grund macht diese Einsicht rechtswidrig.<\/p>\n<p>Einer der Gr\u00fcnde, warum die Auseinandersetzung um den Durchsuchungsbefehl so scharf ist, ist, dass in der Begr\u00fcndung desselben benannt sein muss, welche Dokumente warum gesucht werden sollen. Denn die Frage, was eigentlich gesucht wurde, ist neben der Frage, ob nicht ohnehin Kopien vorhanden waren, der zweite v\u00f6llig unklare Punkt in der Geschichte.<\/p>\n<p>Un\u00fcbersehbar ist allerdings, dass eine ganze Reihe Institutionen auf eine Weise reagiert haben, die bisher beispiellos ist. Ein Nationalarchiv, das sich direkt an das Justizministerium wendet, ist ein Nationalarchiv, dem man nur noch mit \u00e4u\u00dferster Vorsicht Akten \u00fcbergeben wird. Damit hat sich das h\u00f6chstrangigste Archiv der USA auf eine Stufe mit halb-wissenschaftlichen ideologischen Instituten wie der ehemaligen Gauck-Beh\u00f6rde gestellt. Auch, dass das Justizministerium dann sogleich das FBI in Marsch setzt, ist ungew\u00f6hnlich.<\/p>\n<p>Die Aufhebung des exekutiven Privilegs, die die NARA-Leiterin Steidel Wall so beil\u00e4ufig mitteilte, ist ein sehr ungew\u00f6hnlicher Akt. Sie bezog sich dabei auf ein Urteil des H\u00f6chsten Gerichts zu Nixon; dabei ging es um die Watergate-B\u00e4nder. Nixon hatte s\u00e4mtliche Gespr\u00e4che im Wei\u00dfen Haus aufzeichnen lassen. Das Band, um das es in dem Gerichtsverfahren ging, beinhaltete ein Gespr\u00e4ch zwischen Nixon und seinem Stabschef, wie man die Ermittlungen zu dem Einbruch in die Parteizentrale der Demokraten ausbremsen k\u00f6nne.<\/p>\n<p>Es handelte sich also um kein Gespr\u00e4ch, das aus Gr\u00fcnden der nationalen Sicherheit geheim war, sondern um ein Gespr\u00e4ch, in dem eine Verabredung zur Rechtsbeugung stattfand. Der Vorwurf, den das FBI gegen Trump vortr\u00e4gt, bezieht sich auf Dokumente, die andere f\u00fcr geheim erkl\u00e4rt haben. Wobei man eben nicht \u00fcbersehen darf, dass in dieser Frage der Pr\u00e4sident selbst f\u00fcr alle Dokumente seiner Amtszeit die h\u00f6chste Instanz ist. Im Grunde h\u00e4tte das FBI also erst belegen oder rechtlich durchsetzen m\u00fcssen, dass die Deklassifizierung durch Trump nicht rechtens war. Die Sachlage ist jener des Streitfalls um Watergate genau entgegengesetzt \u2013 der Pr\u00e4sident erkl\u00e4rt etwas f\u00fcr nicht klassifiziert, und das FBI besteht darauf, es sei es.<\/p>\n<p>Das US-Portal <em>Just the News<\/em><a rel=\"nofollow noopener\" target=\"_blank\" href=\"https:\/\/justthenews.com\/politics-policy\/all-things-trump\/biden-white-house-facilitated-dojs-criminal-probe-against-trump?utm_source=sf&amp;utm_medium=social&amp;utm_campaign=twjs\"> fragte<\/a> einen der bekanntesten US-amerikanischen Juristen, Alan Dershowizt, zu seiner Meinung bez\u00fcglich der Aufhebung des exekutiven Privilegs. Dershowitz hat zwar in der Vergangenheit auch bereits f\u00fcr Trump gearbeitet, aber ebenso f\u00fcr Epstein oder f\u00fcr Patty Hearst und angeblich sogar \u2013 vor vielen Jahren \u2013 f\u00fcr Nelson Mandela. Er ist langj\u00e4hriges Mitglied der Demokraten und lehrte an der juristischen Fakult\u00e4t von Harvard. Man k\u00f6nnte also annehmen, dass seine Aussage sowohl qualifiziert als auch in diesem Zusammenhang einigerma\u00dfen neutral ist.<\/p>\n<p>&#8220;Ich war sehr \u00fcberrascht&#8221;, kommentierte Dershowitz das Schreiben der Archivdirektorin. &#8220;Es sollte dem amtierenden Pr\u00e4sidenten nicht m\u00f6glich sein, das exekutive Privileg eines Vorg\u00e4ngers ohne dessen Zustimmung aufzuheben. Andernfalls bedeutet es nichts. Welcher Pr\u00e4sident wird etwas vertraulich diskutieren, wenn er wei\u00df, derjenige, der ihn in der Wahl geschlagen hat, kann und wird es ver\u00f6ffentlichen? Die vern\u00fcnftigste Auffassung ist, dass ein amtierender Pr\u00e4sident das Recht des vorhergehenden Pr\u00e4sidenten nicht aufheben kann. Das w\u00fcrde den ganzen Gedanken des Privilegs ad absurdum f\u00fchren.&#8221;<\/p>\n<p>Es zeichnet sich bereits ab, dass die Begr\u00fcndung des Durchsuchungsbeschlusses, um deren Herausgabe seit der Durchsuchung gerungen wird, nur in stark bis vollst\u00e4ndig geschw\u00e4rzter, also nutzloser Version freigegeben werden d\u00fcrfte. Die Begr\u00fcndung daf\u00fcr lautet &#8220;Quellenschutz&#8221;.<\/p>\n<p>Inzwischen ist ein <a rel=\"nofollow noopener\" target=\"_blank\" href=\"https:\/\/www.archives.gov\/files\/foia\/remus-letter-to-wall-re-trump-03.08.2022-privilege-letter-re-january-6-request.05.10.2022.pdf\">weiteres<\/a> Schreiben aufgetaucht, das aus dem Wei\u00dfen Haus an Steidel-Wall ging, mit Datum vom 10. Mai. In diesem schrieb Dana Remus, eine weitere Mitarbeiterin der Rechtsberatung des Wei\u00dfen Hauses: &#8220;Was die verbliebenen vorrangigen Aufzeichnungen betrifft, hat Pr\u00e4sident Biden die Anspr\u00fcche des ehemaligen Pr\u00e4sidenten abgewogen und ich habe mich mit dem B\u00fcro f\u00fcr Rechtsberatung im Justizministerium beraten. Der Pr\u00e4sident hat entschieden, dass eine Best\u00e4tigung des exekutiven Privilegs nicht im besten Interesse der Vereinigten Staaten und daher nicht begr\u00fcndet ist.&#8221;<\/p>\n<p>Damit ist endg\u00fcltig belegt, dass es die Regierung Biden war, die das ganze Verfahren angesto\u00dfen hat. Mit jedem weiteren Schritt wird der Fall explosiver. Vor allem, weil viele US-Amerikaner noch nicht vergessen haben d\u00fcrften, wie sich Hillary Clinton in einer ansatzweise \u00e4hnlichen Situation bezogen auf ihren Umgang mit Dokumenten und Kommunikation als Au\u00dfenministerin auf ihrem privaten Mailserver verhielt.<\/p>\n<p>Zero Hedge <a rel=\"nofollow noopener\" target=\"_blank\" href=\"https:\/\/www.zerohedge.com\/news\/2022-08-23\/fbi-had-blessing-biden-mar-lago-raid\">fasst<\/a> das so zusammen: &#8220;Sie bestritt, jemals eine Vorladung erhalten zu haben, sagte dem FBI, sie k\u00f6nne keines der eingeforderten 13 Mobilger\u00e4te finden, l\u00f6schte \u00fcber 30.000 Mails von ihrem pers\u00f6nlichen Server und machte \u00f6ffentlich Witze dar\u00fcber! Irgendwie f\u00fchrte dieses Verhalten nicht zu einem Durchsuchungsbeschluss f\u00fcr ihr Sommerhaus in Chappaqua, N.Y.&#8221;<\/p>\n<p>Es bleibt das gleiche Fazit, das schon zur Durchsuchung selbst zu ziehen war. Recht kann gebeugt werden und wird es auch oft und politisch instrumentalisiert, aber nur bis zu einer gewissen Grenze. Wird diese Grenze \u00fcberschritten, dann h\u00f6rt es auf, Recht zu sein und verwandelt sich in Willk\u00fcr. Der Schaden ist dauerhaft.<\/p>\n<p><strong>Mehr zum Thema<\/strong> \u2013 <a rel=\"nofollow noopener\" target=\"_blank\" href=\"https:\/\/pressefreiheit.rtde.tech\/meinung\/145801-trump-und-verfassungen-westens\/\">Trump und die Verfassung(en) des Westens<\/a><\/p>\n<\/p>\n<p><br \/>\n<br \/><a href=\"https:\/\/de.rt.com\/meinung\/146987-donald-aktendieb-eher-joe-rechtsbeuger\/\">Source link <\/a><\/p>\n","protected":false},"excerpt":{"rendered":"<p>Von Dagmar Henn Jetzt sind es also 700 Seiten, die den gro\u00dfen Skandal um Trump ausmachen, oder &#8220;mehr als 300 Verschlusssachen&#8221;, wie die FAZ titelt, &#8220;durch Trump entwendet.&#8221; Und es ist kein Wunder, dass die bundesdeutschen Medien einhellig die Position der gegenw\u00e4rtigen US-Regierung einnehmen \u2013 mit Formulierungen, die klingen, als h\u00e4tte sich Trump heimlich ins [&hellip;]<\/p>\n","protected":false},"author":3,"featured_media":17605,"comment_status":"open","ping_status":"open","sticky":false,"template":"","format":"standard","meta":{"wp_automatic_camp":["217"],"ff3b0a3cb4c7fea0224115f844bba749":["Donald, der Aktendieb? Eher Joe, der Rechtsbeuger..."],"original_link":["https:\/\/de.rt.com\/meinung\/146987-donald-aktendieb-eher-joe-rechtsbeuger\/"],"_thumbnail_id":["17605"],"_wptg_p2tg_sent2tg":["2022-08-24 20:37:52"],"jnews_social_counter_last_update":["1777201472"]},"categories":[19,23],"tags":[31598,82,3129,1777,2150,31599],"yoast_head":"<!-- This site is optimized with the Yoast SEO Premium plugin v22.7 (Yoast SEO v22.7) - https:\/\/yoast.com\/wordpress\/plugins\/seo\/ -->\n<title>Donald, der Aktendieb? Eher Joe, der Rechtsbeuger... - just-now.NEWS Deutschland<\/title>\n<meta name=\"robots\" content=\"index, follow, max-snippet:-1, max-image-preview:large, max-video-preview:-1\" \/>\n<link rel=\"canonical\" href=\"https:\/\/now-news.de\/de\/deutschland\/donald-der-aktendieb-eher-joe-der-rechtsbeuger\/\" \/>\n<meta property=\"og:locale\" content=\"de_DE\" \/>\n<meta property=\"og:type\" content=\"article\" \/>\n<meta property=\"og:title\" content=\"Donald, der Aktendieb? Eher Joe, der Rechtsbeuger...\" \/>\n<meta property=\"og:description\" content=\"Von Dagmar Henn Jetzt sind es also 700 Seiten, die den gro\u00dfen Skandal um Trump ausmachen, oder &#8220;mehr als 300 Verschlusssachen&#8221;, wie die FAZ titelt, &#8220;durch Trump entwendet.&#8221; Und es ist kein Wunder, dass die bundesdeutschen Medien einhellig die Position der gegenw\u00e4rtigen US-Regierung einnehmen \u2013 mit Formulierungen, die klingen, als h\u00e4tte sich Trump heimlich ins [&hellip;]\" \/>\n<meta property=\"og:url\" content=\"https:\/\/now-news.de\/de\/deutschland\/donald-der-aktendieb-eher-joe-der-rechtsbeuger\/\" \/>\n<meta property=\"og:site_name\" content=\"just-now.NEWS Deutschland\" \/>\n<meta property=\"article:publisher\" content=\"https:\/\/www.facebook.com\/wirmachenauf\" \/>\n<meta property=\"article:published_time\" content=\"2022-08-24T18:25:21+00:00\" \/>\n<meta property=\"og:image\" content=\"https:\/\/now-news.de\/de\/wp-content\/uploads\/sites\/3\/2022\/08\/Donald-der-Aktendieb-Eher-Joe-der-Rechtsbeuger.jpg\" \/>\n\t<meta property=\"og:image:width\" content=\"460\" \/>\n\t<meta property=\"og:image:height\" content=\"259\" \/>\n\t<meta property=\"og:image:type\" content=\"image\/jpeg\" \/>\n<meta name=\"author\" content=\"rtnews\" \/>\n<meta name=\"twitter:card\" content=\"summary_large_image\" \/>\n<meta name=\"twitter:creator\" content=\"@WirMachenAuf_de\" \/>\n<meta name=\"twitter:site\" content=\"@WirMachenAuf_de\" \/>\n<meta name=\"twitter:label1\" content=\"Verfasst von\" \/>\n\t<meta name=\"twitter:data1\" content=\"rtnews\" \/>\n\t<meta name=\"twitter:label2\" content=\"Gesch\u00e4tzte Lesezeit\" \/>\n\t<meta name=\"twitter:data2\" content=\"9\u00a0Minuten\" \/>\n<script type=\"application\/ld+json\" class=\"yoast-schema-graph\">{\"@context\":\"https:\/\/schema.org\",\"@graph\":[{\"@type\":\"Article\",\"@id\":\"https:\/\/now-news.de\/de\/deutschland\/donald-der-aktendieb-eher-joe-der-rechtsbeuger\/#article\",\"isPartOf\":{\"@id\":\"https:\/\/now-news.de\/de\/deutschland\/donald-der-aktendieb-eher-joe-der-rechtsbeuger\/\"},\"author\":{\"name\":\"rtnews\",\"@id\":\"https:\/\/now-news.de\/de\/#\/schema\/person\/fb534a4e865501d8b3285208df34a9b5\"},\"headline\":\"Donald, der Aktendieb? Eher Joe, der Rechtsbeuger&#8230;\",\"datePublished\":\"2022-08-24T18:25:21+00:00\",\"dateModified\":\"2022-08-24T18:25:21+00:00\",\"mainEntityOfPage\":{\"@id\":\"https:\/\/now-news.de\/de\/deutschland\/donald-der-aktendieb-eher-joe-der-rechtsbeuger\/\"},\"wordCount\":1891,\"commentCount\":0,\"publisher\":{\"@id\":\"https:\/\/now-news.de\/de\/#organization\"},\"image\":{\"@id\":\"https:\/\/now-news.de\/de\/deutschland\/donald-der-aktendieb-eher-joe-der-rechtsbeuger\/#primaryimage\"},\"thumbnailUrl\":\"https:\/\/now-news.de\/de\/wp-content\/uploads\/sites\/3\/2022\/08\/Donald-der-Aktendieb-Eher-Joe-der-Rechtsbeuger.jpg\",\"keywords\":[\"Aktendieb\",\"der\",\"Donald\",\"eher\",\"Joe\",\"Rechtsbeuger\"],\"articleSection\":[\"Deutschland\",\"Russland\"],\"inLanguage\":\"de\",\"potentialAction\":[{\"@type\":\"CommentAction\",\"name\":\"Comment\",\"target\":[\"https:\/\/now-news.de\/de\/deutschland\/donald-der-aktendieb-eher-joe-der-rechtsbeuger\/#respond\"]}]},{\"@type\":\"WebPage\",\"@id\":\"https:\/\/now-news.de\/de\/deutschland\/donald-der-aktendieb-eher-joe-der-rechtsbeuger\/\",\"url\":\"https:\/\/now-news.de\/de\/deutschland\/donald-der-aktendieb-eher-joe-der-rechtsbeuger\/\",\"name\":\"Donald, der Aktendieb? Eher Joe, der Rechtsbeuger... - just-now.NEWS Deutschland\",\"isPartOf\":{\"@id\":\"https:\/\/now-news.de\/de\/#website\"},\"primaryImageOfPage\":{\"@id\":\"https:\/\/now-news.de\/de\/deutschland\/donald-der-aktendieb-eher-joe-der-rechtsbeuger\/#primaryimage\"},\"image\":{\"@id\":\"https:\/\/now-news.de\/de\/deutschland\/donald-der-aktendieb-eher-joe-der-rechtsbeuger\/#primaryimage\"},\"thumbnailUrl\":\"https:\/\/now-news.de\/de\/wp-content\/uploads\/sites\/3\/2022\/08\/Donald-der-Aktendieb-Eher-Joe-der-Rechtsbeuger.jpg\",\"datePublished\":\"2022-08-24T18:25:21+00:00\",\"dateModified\":\"2022-08-24T18:25:21+00:00\",\"breadcrumb\":{\"@id\":\"https:\/\/now-news.de\/de\/deutschland\/donald-der-aktendieb-eher-joe-der-rechtsbeuger\/#breadcrumb\"},\"inLanguage\":\"de\",\"potentialAction\":[{\"@type\":\"ReadAction\",\"target\":[\"https:\/\/now-news.de\/de\/deutschland\/donald-der-aktendieb-eher-joe-der-rechtsbeuger\/\"]}]},{\"@type\":\"ImageObject\",\"inLanguage\":\"de\",\"@id\":\"https:\/\/now-news.de\/de\/deutschland\/donald-der-aktendieb-eher-joe-der-rechtsbeuger\/#primaryimage\",\"url\":\"https:\/\/now-news.de\/de\/wp-content\/uploads\/sites\/3\/2022\/08\/Donald-der-Aktendieb-Eher-Joe-der-Rechtsbeuger.jpg\",\"contentUrl\":\"https:\/\/now-news.de\/de\/wp-content\/uploads\/sites\/3\/2022\/08\/Donald-der-Aktendieb-Eher-Joe-der-Rechtsbeuger.jpg\",\"width\":460,\"height\":259,\"caption\":\"Donald, der Aktendieb? Eher Joe, der Rechtsbeuger...\"},{\"@type\":\"BreadcrumbList\",\"@id\":\"https:\/\/now-news.de\/de\/deutschland\/donald-der-aktendieb-eher-joe-der-rechtsbeuger\/#breadcrumb\",\"itemListElement\":[{\"@type\":\"ListItem\",\"position\":1,\"name\":\"Home\",\"item\":\"https:\/\/now-news.de\/de\/\"},{\"@type\":\"ListItem\",\"position\":2,\"name\":\"Donald, der Aktendieb? Eher Joe, der Rechtsbeuger&#8230;\"}]},{\"@type\":\"WebSite\",\"@id\":\"https:\/\/now-news.de\/de\/#website\",\"url\":\"https:\/\/now-news.de\/de\/\",\"name\":\"just-now.NEWS Deutschland\",\"description\":\"Das Portal f\u00fcr unzensierte Nachrichten aus der Welt\",\"publisher\":{\"@id\":\"https:\/\/now-news.de\/de\/#organization\"},\"potentialAction\":[{\"@type\":\"SearchAction\",\"target\":{\"@type\":\"EntryPoint\",\"urlTemplate\":\"https:\/\/now-news.de\/de\/?s={search_term_string}\"},\"query-input\":\"required name=search_term_string\"}],\"inLanguage\":\"de\"},{\"@type\":\"Organization\",\"@id\":\"https:\/\/now-news.de\/de\/#organization\",\"name\":\"Just Now News\",\"url\":\"https:\/\/now-news.de\/de\/\",\"logo\":{\"@type\":\"ImageObject\",\"inLanguage\":\"de\",\"@id\":\"https:\/\/now-news.de\/de\/#\/schema\/logo\/image\/\",\"url\":\"http:\/\/just-now.news\/de\/wp-content\/uploads\/sites\/3\/2022\/04\/logo500x500.jpg\",\"contentUrl\":\"http:\/\/just-now.news\/de\/wp-content\/uploads\/sites\/3\/2022\/04\/logo500x500.jpg\",\"width\":500,\"height\":500,\"caption\":\"Just Now News\"},\"image\":{\"@id\":\"https:\/\/now-news.de\/de\/#\/schema\/logo\/image\/\"},\"sameAs\":[\"https:\/\/www.facebook.com\/wirmachenauf\",\"https:\/\/x.com\/WirMachenAuf_de\"]},{\"@type\":\"Person\",\"@id\":\"https:\/\/now-news.de\/de\/#\/schema\/person\/fb534a4e865501d8b3285208df34a9b5\",\"name\":\"rtnews\",\"image\":{\"@type\":\"ImageObject\",\"inLanguage\":\"de\",\"@id\":\"https:\/\/now-news.de\/de\/#\/schema\/person\/image\/\",\"url\":\"https:\/\/secure.gravatar.com\/avatar\/82aafea7d8127119dd649515f56e2117?s=96&d=mm&r=g\",\"contentUrl\":\"https:\/\/secure.gravatar.com\/avatar\/82aafea7d8127119dd649515f56e2117?s=96&d=mm&r=g\",\"caption\":\"rtnews\"},\"url\":\"https:\/\/now-news.de\/de\/author\/rnews\/\"}]}<\/script>\n<!-- \/ Yoast SEO Premium plugin. -->","yoast_head_json":{"title":"Donald, der Aktendieb? Eher Joe, der Rechtsbeuger... - just-now.NEWS Deutschland","robots":{"index":"index","follow":"follow","max-snippet":"max-snippet:-1","max-image-preview":"max-image-preview:large","max-video-preview":"max-video-preview:-1"},"canonical":"https:\/\/now-news.de\/de\/deutschland\/donald-der-aktendieb-eher-joe-der-rechtsbeuger\/","og_locale":"de_DE","og_type":"article","og_title":"Donald, der Aktendieb? Eher Joe, der Rechtsbeuger...","og_description":"Von Dagmar Henn Jetzt sind es also 700 Seiten, die den gro\u00dfen Skandal um Trump ausmachen, oder &#8220;mehr als 300 Verschlusssachen&#8221;, wie die FAZ titelt, &#8220;durch Trump entwendet.&#8221; Und es ist kein Wunder, dass die bundesdeutschen Medien einhellig die Position der gegenw\u00e4rtigen US-Regierung einnehmen \u2013 mit Formulierungen, die klingen, als h\u00e4tte sich Trump heimlich ins [&hellip;]","og_url":"https:\/\/now-news.de\/de\/deutschland\/donald-der-aktendieb-eher-joe-der-rechtsbeuger\/","og_site_name":"just-now.NEWS Deutschland","article_publisher":"https:\/\/www.facebook.com\/wirmachenauf","article_published_time":"2022-08-24T18:25:21+00:00","og_image":[{"width":460,"height":259,"url":"https:\/\/now-news.de\/de\/wp-content\/uploads\/sites\/3\/2022\/08\/Donald-der-Aktendieb-Eher-Joe-der-Rechtsbeuger.jpg","type":"image\/jpeg"}],"author":"rtnews","twitter_card":"summary_large_image","twitter_creator":"@WirMachenAuf_de","twitter_site":"@WirMachenAuf_de","twitter_misc":{"Verfasst von":"rtnews","Gesch\u00e4tzte Lesezeit":"9\u00a0Minuten"},"schema":{"@context":"https:\/\/schema.org","@graph":[{"@type":"Article","@id":"https:\/\/now-news.de\/de\/deutschland\/donald-der-aktendieb-eher-joe-der-rechtsbeuger\/#article","isPartOf":{"@id":"https:\/\/now-news.de\/de\/deutschland\/donald-der-aktendieb-eher-joe-der-rechtsbeuger\/"},"author":{"name":"rtnews","@id":"https:\/\/now-news.de\/de\/#\/schema\/person\/fb534a4e865501d8b3285208df34a9b5"},"headline":"Donald, der Aktendieb? Eher Joe, der Rechtsbeuger&#8230;","datePublished":"2022-08-24T18:25:21+00:00","dateModified":"2022-08-24T18:25:21+00:00","mainEntityOfPage":{"@id":"https:\/\/now-news.de\/de\/deutschland\/donald-der-aktendieb-eher-joe-der-rechtsbeuger\/"},"wordCount":1891,"commentCount":0,"publisher":{"@id":"https:\/\/now-news.de\/de\/#organization"},"image":{"@id":"https:\/\/now-news.de\/de\/deutschland\/donald-der-aktendieb-eher-joe-der-rechtsbeuger\/#primaryimage"},"thumbnailUrl":"https:\/\/now-news.de\/de\/wp-content\/uploads\/sites\/3\/2022\/08\/Donald-der-Aktendieb-Eher-Joe-der-Rechtsbeuger.jpg","keywords":["Aktendieb","der","Donald","eher","Joe","Rechtsbeuger"],"articleSection":["Deutschland","Russland"],"inLanguage":"de","potentialAction":[{"@type":"CommentAction","name":"Comment","target":["https:\/\/now-news.de\/de\/deutschland\/donald-der-aktendieb-eher-joe-der-rechtsbeuger\/#respond"]}]},{"@type":"WebPage","@id":"https:\/\/now-news.de\/de\/deutschland\/donald-der-aktendieb-eher-joe-der-rechtsbeuger\/","url":"https:\/\/now-news.de\/de\/deutschland\/donald-der-aktendieb-eher-joe-der-rechtsbeuger\/","name":"Donald, der Aktendieb? Eher Joe, der Rechtsbeuger... - just-now.NEWS Deutschland","isPartOf":{"@id":"https:\/\/now-news.de\/de\/#website"},"primaryImageOfPage":{"@id":"https:\/\/now-news.de\/de\/deutschland\/donald-der-aktendieb-eher-joe-der-rechtsbeuger\/#primaryimage"},"image":{"@id":"https:\/\/now-news.de\/de\/deutschland\/donald-der-aktendieb-eher-joe-der-rechtsbeuger\/#primaryimage"},"thumbnailUrl":"https:\/\/now-news.de\/de\/wp-content\/uploads\/sites\/3\/2022\/08\/Donald-der-Aktendieb-Eher-Joe-der-Rechtsbeuger.jpg","datePublished":"2022-08-24T18:25:21+00:00","dateModified":"2022-08-24T18:25:21+00:00","breadcrumb":{"@id":"https:\/\/now-news.de\/de\/deutschland\/donald-der-aktendieb-eher-joe-der-rechtsbeuger\/#breadcrumb"},"inLanguage":"de","potentialAction":[{"@type":"ReadAction","target":["https:\/\/now-news.de\/de\/deutschland\/donald-der-aktendieb-eher-joe-der-rechtsbeuger\/"]}]},{"@type":"ImageObject","inLanguage":"de","@id":"https:\/\/now-news.de\/de\/deutschland\/donald-der-aktendieb-eher-joe-der-rechtsbeuger\/#primaryimage","url":"https:\/\/now-news.de\/de\/wp-content\/uploads\/sites\/3\/2022\/08\/Donald-der-Aktendieb-Eher-Joe-der-Rechtsbeuger.jpg","contentUrl":"https:\/\/now-news.de\/de\/wp-content\/uploads\/sites\/3\/2022\/08\/Donald-der-Aktendieb-Eher-Joe-der-Rechtsbeuger.jpg","width":460,"height":259,"caption":"Donald, der Aktendieb? Eher Joe, der Rechtsbeuger..."},{"@type":"BreadcrumbList","@id":"https:\/\/now-news.de\/de\/deutschland\/donald-der-aktendieb-eher-joe-der-rechtsbeuger\/#breadcrumb","itemListElement":[{"@type":"ListItem","position":1,"name":"Home","item":"https:\/\/now-news.de\/de\/"},{"@type":"ListItem","position":2,"name":"Donald, der Aktendieb? Eher Joe, der Rechtsbeuger&#8230;"}]},{"@type":"WebSite","@id":"https:\/\/now-news.de\/de\/#website","url":"https:\/\/now-news.de\/de\/","name":"just-now.NEWS Deutschland","description":"Das Portal f\u00fcr unzensierte Nachrichten aus der Welt","publisher":{"@id":"https:\/\/now-news.de\/de\/#organization"},"potentialAction":[{"@type":"SearchAction","target":{"@type":"EntryPoint","urlTemplate":"https:\/\/now-news.de\/de\/?s={search_term_string}"},"query-input":"required name=search_term_string"}],"inLanguage":"de"},{"@type":"Organization","@id":"https:\/\/now-news.de\/de\/#organization","name":"Just Now News","url":"https:\/\/now-news.de\/de\/","logo":{"@type":"ImageObject","inLanguage":"de","@id":"https:\/\/now-news.de\/de\/#\/schema\/logo\/image\/","url":"http:\/\/just-now.news\/de\/wp-content\/uploads\/sites\/3\/2022\/04\/logo500x500.jpg","contentUrl":"http:\/\/just-now.news\/de\/wp-content\/uploads\/sites\/3\/2022\/04\/logo500x500.jpg","width":500,"height":500,"caption":"Just Now News"},"image":{"@id":"https:\/\/now-news.de\/de\/#\/schema\/logo\/image\/"},"sameAs":["https:\/\/www.facebook.com\/wirmachenauf","https:\/\/x.com\/WirMachenAuf_de"]},{"@type":"Person","@id":"https:\/\/now-news.de\/de\/#\/schema\/person\/fb534a4e865501d8b3285208df34a9b5","name":"rtnews","image":{"@type":"ImageObject","inLanguage":"de","@id":"https:\/\/now-news.de\/de\/#\/schema\/person\/image\/","url":"https:\/\/secure.gravatar.com\/avatar\/82aafea7d8127119dd649515f56e2117?s=96&d=mm&r=g","contentUrl":"https:\/\/secure.gravatar.com\/avatar\/82aafea7d8127119dd649515f56e2117?s=96&d=mm&r=g","caption":"rtnews"},"url":"https:\/\/now-news.de\/de\/author\/rnews\/"}]}},"_links":{"self":[{"href":"https:\/\/now-news.de\/de\/wp-json\/wp\/v2\/posts\/17604"}],"collection":[{"href":"https:\/\/now-news.de\/de\/wp-json\/wp\/v2\/posts"}],"about":[{"href":"https:\/\/now-news.de\/de\/wp-json\/wp\/v2\/types\/post"}],"author":[{"embeddable":true,"href":"https:\/\/now-news.de\/de\/wp-json\/wp\/v2\/users\/3"}],"replies":[{"embeddable":true,"href":"https:\/\/now-news.de\/de\/wp-json\/wp\/v2\/comments?post=17604"}],"version-history":[{"count":0,"href":"https:\/\/now-news.de\/de\/wp-json\/wp\/v2\/posts\/17604\/revisions"}],"wp:featuredmedia":[{"embeddable":true,"href":"https:\/\/now-news.de\/de\/wp-json\/wp\/v2\/media\/17605"}],"wp:attachment":[{"href":"https:\/\/now-news.de\/de\/wp-json\/wp\/v2\/media?parent=17604"}],"wp:term":[{"taxonomy":"category","embeddable":true,"href":"https:\/\/now-news.de\/de\/wp-json\/wp\/v2\/categories?post=17604"},{"taxonomy":"post_tag","embeddable":true,"href":"https:\/\/now-news.de\/de\/wp-json\/wp\/v2\/tags?post=17604"}],"curies":[{"name":"wp","href":"https:\/\/api.w.org\/{rel}","templated":true}]}}