{"id":17517,"date":"2022-08-23T16:52:48","date_gmt":"2022-08-23T14:52:48","guid":{"rendered":"http:\/\/just-now.news\/de\/deutschland\/oesterreich-mehr-als-ein-drittel-mit-demokratie-im-land-nicht-zufrieden\/"},"modified":"2022-08-23T16:52:48","modified_gmt":"2022-08-23T14:52:48","slug":"oesterreich-mehr-als-ein-drittel-mit-demokratie-im-land-nicht-zufrieden","status":"publish","type":"post","link":"https:\/\/now-news.de\/de\/deutschland\/oesterreich-mehr-als-ein-drittel-mit-demokratie-im-land-nicht-zufrieden\/","title":{"rendered":"\u00d6sterreich: Mehr als ein Drittel mit Demokratie im Land nicht zufrieden"},"content":{"rendered":"<p><img decoding=\"async\" src=\"http:\/\/just-now.news\/de\/wp-content\/uploads\/sites\/3\/2022\/08\/6304c850b480cc0336545458.jpg\" \/><\/p>\n<div class=\"Text-root Text-type_1 \">\n                Seit Jahren besch\u00e4ftigen sich zwei \u00f6sterreichische Universit\u00e4ten mit der Frage, wie es um den Zustand der Demokratie in dem Alpenland bestellt ist. Aus ihren Untersuchungen geht hervor, dass mehr als ein Drittel der Bev\u00f6lkerung unzufrieden mit dem Funktionieren des Systems ist.\n            <\/div>\n<p><\/p>\n<div class=\"Text-root Text-type_5 ArticleView-text ViewText-root \">\n<p>Aus einer Studie in \u00d6sterreich geht hervor, dass nur f\u00fcr rund 61 Prozent der Menschen in dem Alpenland die Demokratie sehr bzw. eher gut ist. Mehr als ein Drittel (37 Prozent) bewerten das Funktionieren des Systems in ihrem Land als eher bzw. sehr schlecht.<\/p>\n<p>Die Studie f\u00fchrt seit Jahren das Austrian Democracy Lab (<a rel=\"nofollow noopener\" target=\"_blank\" href=\"https:\/\/www.austriandemocracylab.at\/\">ADL<\/a>) durch, &#8220;ein wissenschaftliches Forschungsprojekt&#8221;, das von der Universit\u00e4t f\u00fcr Weiterbildung Krems und der Universit\u00e4t Graz betrieben wird. In einer halbj\u00e4hrlichen Bev\u00f6lkerungsumfrage \u2013 dem Demokratieradar \u2013 werden laut den Autoren die Einstellungen der \u00d6sterreicher &#8220;rund um die Demokratie im Allgemeinen und das politische System \u00d6sterreichs im Besonderen&#8221; untersucht. Die ADL-Analysen laufen seit Anfang 2018. Zweimal im Jahr werden hierf\u00fcr rund 4.500 Personen ab 14 Jahren befragt.<\/p>\n<p>Die j\u00fcngsten Ergebnisse zeigten, dass die Zufriedenheit der Menschen in dem EU-Land mit ihrer Demokratie bei 61 Prozent verharrt. In einer am Montag ver\u00f6ffentlichten Mitteilung <a rel=\"nofollow noopener\" target=\"_blank\" href=\"https:\/\/www.donau-uni.ac.at\/de\/aktuelles\/news\/2022\/demokratiezufriedenheit-weiterhin-auf-niedrigem-niveau.html\">erkl\u00e4rte<\/a> Projektleiterin Dr. Katrin Praprotnik von der Universit\u00e4t Graz:<\/p>\n<blockquote>\n<p><em>&#8220;Viele sind unzufrieden mit der Art und Weise, wie die Demokratie in \u00d6sterreich gelebt wird.&#8221;<\/em><\/p>\n<\/blockquote>\n<p>Die Zustimmung zur &#8220;Demokratie als beste Regierungsform&#8221; blieb laut Praprotnik\u00a0jedoch stabil. Demnach stimmten\u00a087 Prozent der Befragten der Aussage zu, dass die Demokratie trotz Problemen besser als jede andere Regierungsform sei.\u00a0Wie es in der Mitteilung der Autoren weiter hei\u00dft,\u00a0stagniere aber die Demokratiezufriedenheit in dem Alpenland &#8220;auf niedrigem Niveau, leicht \u00fcber dem bisherigen Tiefststand der Messungen des Demokratieradars vom Herbst 2020&#8221;. Damals seien es 60 Prozent gewesen.<\/p>\n<p>Wie eine weitere Projektleiterin von der Universit\u00e4t f\u00fcr Weiterbildung Krems,\u00a0Dr. Christina Hainzl, erl\u00e4uterte, gibt es einen &#8220;Wunsch nach strukturellen Erneuerungen im politischen System, der sich verfestigt hat&#8221;.<\/p>\n<p>Aus der Studie geht demnach hervor, dass die Einsch\u00e4tzungen der Befragten zum System vor allem\u00a0zwischen den Altersgruppen abweichen.\u00a0Demnach seien besonders J\u00fcngere zwischen 30 und 44 Jahren sehr unzufrieden. W\u00e4hrenddessen zeigten sich Menschen von 60 Jahren und \u00e4lter sehr zufrieden mit dem politischen System in \u00d6sterreich.<\/p>\n<p>Ebenso unzufrieden mit dem Funktionieren der Demokratie seien Menschen,\u00a0die nach eigenen Angaben finanziell schlechter dastehen und sich das Geld &#8220;sehr genau einteilen m\u00fcssen&#8221;. Dies trifft zudem laut der Studie auch auf jene Menschen, die\u00a0der rechten FP\u00d6 oder einer anderen Partei nahestehen, die nicht im Parlament vertreten ist. Jene seien deutlich unzufriedener mit der Demokratie in \u00d6sterreich.<\/p>\n<p>Auch hinsichtlich der Zukunft seien den Ergebnissen der Untersuchung zufolge die Erwartungen viel pessimistischer geworden. So vertreten lediglich 22 Prozent der Befragten die Meinung, dass das Land &#8220;eine g\u00fcnstige Zukunft&#8221; erwartet. Auch bei den pers\u00f6nlichen Aussichten blickten viele besorgt auf die kommenden Jahre. Rund 40 Prozent seien demnach mit ihrer eigenen wirtschaftlichen Lage nicht zufrieden. Dies sei ein Anstieg um rund acht Prozentpunkte im Vergleich zu der letzten Befragung im Herbst 2021. Wie die Autoren der Studie weiter anf\u00fchren, betone knapp mehr als die H\u00e4lfte der Menschen, dass sie es zunehmend in \u00d6sterreich schwerer h\u00e4tten.<\/p>\n<p>Die immer schlechtere Stimmung in der Gesellschaft wegen Preissteigerungen und der Energiekrise d\u00fcrfte auch dazu beigetragen haben, dass sich nun einige Vertreter der \u00f6sterreichischen Regierungspartei \u00d6VP kritisch \u00fcber das derzeitige Sanktionssystem der EU\u00a0gegen Moskau \u00e4u\u00dfern. Damit verlie\u00dfen sie die offizielle Linie ihrer Partei.<\/p>\n<div class=\"EmbedBlock-root EmbedBlock-externalVideo EmbedBlock-odysee\">\n<div class=\"VkEmbed\"><iframe class=\"lazyload\" data-src=\"https:\/\/odysee.com\/$\/embed\/die-stimmung-kippt-in-%C3%B6sterreich-wachsende-kritik-wegen-sanktionen\/2bfa25411e922f8d4bf5929072b402aaf747c2e3\" frameborder=\"0\" width=\"853\" height=\"480\" allowfullscreen><\/iframe><\/div>\n<\/div>\n<p>Thomas Stelzer, Landeshauptmann\u00a0von Ober\u00f6sterreich, wies etwa darauf hin, dass man dar\u00fcber nachdenken m\u00fcsse, wer von diesen Strafma\u00dfnahmen am meisten betroffen sei. Auch sein Parteikollege und Tiroler Landesparteichef Anton Mattle sprang ihm bei und regte &#8220;eine Evaluierung&#8221; der EU-Strafma\u00dfnahmen gegen Russland an. W\u00e4hrend die Oppositionspartei FP\u00d6 Unterst\u00fctzung daf\u00fcr signalisierte, lehnten die Gr\u00fcnen, der Koalitionspartner der \u00d6VP in der Regierung, jegliche Lockerungen der Sanktionen kategorisch ab. Ein Kurswechsel in \u00d6sterreich w\u00fcrde demnach &#8220;Moskau in die H\u00e4nde spielen&#8221;, w\u00e4re zudem f\u00fcr ganz Europa &#8220;ein Stolperstein&#8221; und bedrohte &#8220;die europ\u00e4ische Einigkeit&#8221;, erkl\u00e4rte die au\u00dfenpolitische Sprecherin der \u00f6sterreichischen Gr\u00fcnen, Ewa Ernst-Dziedzic.\u00a0<\/p>\n<p><strong>Mehr zum Thema\u00a0&#8211;\u00a0<\/strong><a rel=\"nofollow noopener\" target=\"_blank\" href=\"https:\/\/test.rtde.tech\/international\/146163-kissinger-wir-stehen-am-rande\/\">Kissinger: &#8220;Wir stehen am Rande eines selbst verschuldeten Krieges mit Russland und China&#8221;<\/a><\/p>\n<\/div>\n<p><br \/>\n<br \/><a href=\"https:\/\/de.rt.com\/europa\/146874-oesterreich-mehr-als-ein-drittel-mit-demokratie-im-land-nicht-zufrieden\/\">Source link <\/a><\/p>\n","protected":false},"excerpt":{"rendered":"<p>Seit Jahren besch\u00e4ftigen sich zwei \u00f6sterreichische Universit\u00e4ten mit der Frage, wie es um den Zustand der Demokratie in dem Alpenland bestellt ist. Aus ihren Untersuchungen geht hervor, dass mehr als ein Drittel der Bev\u00f6lkerung unzufrieden mit dem Funktionieren des Systems ist. Aus einer Studie in \u00d6sterreich geht hervor, dass nur f\u00fcr rund 61 Prozent der [&hellip;]<\/p>\n","protected":false},"author":3,"featured_media":17518,"comment_status":"open","ping_status":"open","sticky":false,"template":"","format":"standard","meta":{"wp_automatic_camp":["217"],"f8cdb772e961f43f954ea119b3b19e2c":["\u00d6sterreich: Mehr als ein Drittel mit Demokratie im Land nicht zufrieden"],"original_link":["https:\/\/de.rt.com\/europa\/146874-oesterreich-mehr-als-ein-drittel-mit-demokratie-im-land-nicht-zufrieden\/"],"_thumbnail_id":["17518"],"_wptg_p2tg_sent2tg":["2022-08-23 17:02:48"],"jnews_social_counter_last_update":["1777192602"]},"categories":[19,23],"tags":[273,2570,21204,357,7414,2063,419,800,7290,30258],"yoast_head":"<!-- This site is optimized with the Yoast SEO Premium plugin v22.7 (Yoast SEO v22.7) - https:\/\/yoast.com\/wordpress\/plugins\/seo\/ -->\n<title>\u00d6sterreich: Mehr als ein Drittel mit Demokratie im Land nicht zufrieden - just-now.NEWS Deutschland<\/title>\n<meta name=\"robots\" content=\"index, follow, max-snippet:-1, max-image-preview:large, max-video-preview:-1\" \/>\n<link rel=\"canonical\" href=\"https:\/\/now-news.de\/de\/deutschland\/oesterreich-mehr-als-ein-drittel-mit-demokratie-im-land-nicht-zufrieden\/\" \/>\n<meta property=\"og:locale\" content=\"de_DE\" \/>\n<meta property=\"og:type\" content=\"article\" \/>\n<meta property=\"og:title\" content=\"\u00d6sterreich: Mehr als ein Drittel mit Demokratie im Land nicht zufrieden\" \/>\n<meta property=\"og:description\" content=\"Seit Jahren besch\u00e4ftigen sich zwei \u00f6sterreichische Universit\u00e4ten mit der Frage, wie es um den Zustand der Demokratie in dem Alpenland bestellt ist. Aus ihren Untersuchungen geht hervor, dass mehr als ein Drittel der Bev\u00f6lkerung unzufrieden mit dem Funktionieren des Systems ist. Aus einer Studie in \u00d6sterreich geht hervor, dass nur f\u00fcr rund 61 Prozent der [&hellip;]\" \/>\n<meta property=\"og:url\" content=\"https:\/\/now-news.de\/de\/deutschland\/oesterreich-mehr-als-ein-drittel-mit-demokratie-im-land-nicht-zufrieden\/\" \/>\n<meta property=\"og:site_name\" content=\"just-now.NEWS Deutschland\" \/>\n<meta property=\"article:publisher\" content=\"https:\/\/www.facebook.com\/wirmachenauf\" \/>\n<meta property=\"article:published_time\" content=\"2022-08-23T14:52:48+00:00\" \/>\n<meta property=\"og:image\" content=\"https:\/\/now-news.de\/de\/wp-content\/uploads\/sites\/3\/2022\/08\/Oesterreich-Mehr-als-ein-Drittel-mit-Demokratie-im-Land-nicht.jpg\" \/>\n\t<meta property=\"og:image:width\" content=\"460\" \/>\n\t<meta property=\"og:image:height\" content=\"259\" \/>\n\t<meta property=\"og:image:type\" content=\"image\/jpeg\" \/>\n<meta name=\"author\" content=\"rtnews\" \/>\n<meta name=\"twitter:card\" content=\"summary_large_image\" \/>\n<meta name=\"twitter:creator\" content=\"@WirMachenAuf_de\" \/>\n<meta name=\"twitter:site\" content=\"@WirMachenAuf_de\" \/>\n<meta name=\"twitter:label1\" content=\"Verfasst von\" \/>\n\t<meta name=\"twitter:data1\" content=\"rtnews\" \/>\n\t<meta name=\"twitter:label2\" content=\"Gesch\u00e4tzte Lesezeit\" \/>\n\t<meta name=\"twitter:data2\" content=\"3\u00a0Minuten\" \/>\n<script type=\"application\/ld+json\" class=\"yoast-schema-graph\">{\"@context\":\"https:\/\/schema.org\",\"@graph\":[{\"@type\":\"Article\",\"@id\":\"https:\/\/now-news.de\/de\/deutschland\/oesterreich-mehr-als-ein-drittel-mit-demokratie-im-land-nicht-zufrieden\/#article\",\"isPartOf\":{\"@id\":\"https:\/\/now-news.de\/de\/deutschland\/oesterreich-mehr-als-ein-drittel-mit-demokratie-im-land-nicht-zufrieden\/\"},\"author\":{\"name\":\"rtnews\",\"@id\":\"https:\/\/now-news.de\/de\/#\/schema\/person\/fb534a4e865501d8b3285208df34a9b5\"},\"headline\":\"\u00d6sterreich: Mehr als ein Drittel mit Demokratie im Land nicht zufrieden\",\"datePublished\":\"2022-08-23T14:52:48+00:00\",\"dateModified\":\"2022-08-23T14:52:48+00:00\",\"mainEntityOfPage\":{\"@id\":\"https:\/\/now-news.de\/de\/deutschland\/oesterreich-mehr-als-ein-drittel-mit-demokratie-im-land-nicht-zufrieden\/\"},\"wordCount\":709,\"commentCount\":0,\"publisher\":{\"@id\":\"https:\/\/now-news.de\/de\/#organization\"},\"image\":{\"@id\":\"https:\/\/now-news.de\/de\/deutschland\/oesterreich-mehr-als-ein-drittel-mit-demokratie-im-land-nicht-zufrieden\/#primaryimage\"},\"thumbnailUrl\":\"https:\/\/now-news.de\/de\/wp-content\/uploads\/sites\/3\/2022\/08\/Oesterreich-Mehr-als-ein-Drittel-mit-Demokratie-im-Land-nicht.jpg\",\"keywords\":[\"als\",\"Demokratie\",\"Drittel\",\"ein\",\"Land\",\"mehr\",\"mit\",\"nicht\",\"\u00d6sterreich\",\"zufrieden\"],\"articleSection\":[\"Deutschland\",\"Russland\"],\"inLanguage\":\"de\",\"potentialAction\":[{\"@type\":\"CommentAction\",\"name\":\"Comment\",\"target\":[\"https:\/\/now-news.de\/de\/deutschland\/oesterreich-mehr-als-ein-drittel-mit-demokratie-im-land-nicht-zufrieden\/#respond\"]}]},{\"@type\":\"WebPage\",\"@id\":\"https:\/\/now-news.de\/de\/deutschland\/oesterreich-mehr-als-ein-drittel-mit-demokratie-im-land-nicht-zufrieden\/\",\"url\":\"https:\/\/now-news.de\/de\/deutschland\/oesterreich-mehr-als-ein-drittel-mit-demokratie-im-land-nicht-zufrieden\/\",\"name\":\"\u00d6sterreich: Mehr als ein Drittel mit Demokratie im Land nicht zufrieden - just-now.NEWS Deutschland\",\"isPartOf\":{\"@id\":\"https:\/\/now-news.de\/de\/#website\"},\"primaryImageOfPage\":{\"@id\":\"https:\/\/now-news.de\/de\/deutschland\/oesterreich-mehr-als-ein-drittel-mit-demokratie-im-land-nicht-zufrieden\/#primaryimage\"},\"image\":{\"@id\":\"https:\/\/now-news.de\/de\/deutschland\/oesterreich-mehr-als-ein-drittel-mit-demokratie-im-land-nicht-zufrieden\/#primaryimage\"},\"thumbnailUrl\":\"https:\/\/now-news.de\/de\/wp-content\/uploads\/sites\/3\/2022\/08\/Oesterreich-Mehr-als-ein-Drittel-mit-Demokratie-im-Land-nicht.jpg\",\"datePublished\":\"2022-08-23T14:52:48+00:00\",\"dateModified\":\"2022-08-23T14:52:48+00:00\",\"breadcrumb\":{\"@id\":\"https:\/\/now-news.de\/de\/deutschland\/oesterreich-mehr-als-ein-drittel-mit-demokratie-im-land-nicht-zufrieden\/#breadcrumb\"},\"inLanguage\":\"de\",\"potentialAction\":[{\"@type\":\"ReadAction\",\"target\":[\"https:\/\/now-news.de\/de\/deutschland\/oesterreich-mehr-als-ein-drittel-mit-demokratie-im-land-nicht-zufrieden\/\"]}]},{\"@type\":\"ImageObject\",\"inLanguage\":\"de\",\"@id\":\"https:\/\/now-news.de\/de\/deutschland\/oesterreich-mehr-als-ein-drittel-mit-demokratie-im-land-nicht-zufrieden\/#primaryimage\",\"url\":\"https:\/\/now-news.de\/de\/wp-content\/uploads\/sites\/3\/2022\/08\/Oesterreich-Mehr-als-ein-Drittel-mit-Demokratie-im-Land-nicht.jpg\",\"contentUrl\":\"https:\/\/now-news.de\/de\/wp-content\/uploads\/sites\/3\/2022\/08\/Oesterreich-Mehr-als-ein-Drittel-mit-Demokratie-im-Land-nicht.jpg\",\"width\":460,\"height\":259,\"caption\":\"\u00d6sterreich: Mehr als ein Drittel mit Demokratie im Land nicht zufrieden\"},{\"@type\":\"BreadcrumbList\",\"@id\":\"https:\/\/now-news.de\/de\/deutschland\/oesterreich-mehr-als-ein-drittel-mit-demokratie-im-land-nicht-zufrieden\/#breadcrumb\",\"itemListElement\":[{\"@type\":\"ListItem\",\"position\":1,\"name\":\"Home\",\"item\":\"https:\/\/now-news.de\/de\/\"},{\"@type\":\"ListItem\",\"position\":2,\"name\":\"\u00d6sterreich: Mehr als ein Drittel mit Demokratie im Land nicht zufrieden\"}]},{\"@type\":\"WebSite\",\"@id\":\"https:\/\/now-news.de\/de\/#website\",\"url\":\"https:\/\/now-news.de\/de\/\",\"name\":\"just-now.NEWS Deutschland\",\"description\":\"Das Portal f\u00fcr unzensierte Nachrichten aus der Welt\",\"publisher\":{\"@id\":\"https:\/\/now-news.de\/de\/#organization\"},\"potentialAction\":[{\"@type\":\"SearchAction\",\"target\":{\"@type\":\"EntryPoint\",\"urlTemplate\":\"https:\/\/now-news.de\/de\/?s={search_term_string}\"},\"query-input\":\"required name=search_term_string\"}],\"inLanguage\":\"de\"},{\"@type\":\"Organization\",\"@id\":\"https:\/\/now-news.de\/de\/#organization\",\"name\":\"Just Now News\",\"url\":\"https:\/\/now-news.de\/de\/\",\"logo\":{\"@type\":\"ImageObject\",\"inLanguage\":\"de\",\"@id\":\"https:\/\/now-news.de\/de\/#\/schema\/logo\/image\/\",\"url\":\"http:\/\/just-now.news\/de\/wp-content\/uploads\/sites\/3\/2022\/04\/logo500x500.jpg\",\"contentUrl\":\"http:\/\/just-now.news\/de\/wp-content\/uploads\/sites\/3\/2022\/04\/logo500x500.jpg\",\"width\":500,\"height\":500,\"caption\":\"Just Now News\"},\"image\":{\"@id\":\"https:\/\/now-news.de\/de\/#\/schema\/logo\/image\/\"},\"sameAs\":[\"https:\/\/www.facebook.com\/wirmachenauf\",\"https:\/\/x.com\/WirMachenAuf_de\"]},{\"@type\":\"Person\",\"@id\":\"https:\/\/now-news.de\/de\/#\/schema\/person\/fb534a4e865501d8b3285208df34a9b5\",\"name\":\"rtnews\",\"image\":{\"@type\":\"ImageObject\",\"inLanguage\":\"de\",\"@id\":\"https:\/\/now-news.de\/de\/#\/schema\/person\/image\/\",\"url\":\"https:\/\/secure.gravatar.com\/avatar\/82aafea7d8127119dd649515f56e2117?s=96&d=mm&r=g\",\"contentUrl\":\"https:\/\/secure.gravatar.com\/avatar\/82aafea7d8127119dd649515f56e2117?s=96&d=mm&r=g\",\"caption\":\"rtnews\"},\"url\":\"https:\/\/now-news.de\/de\/author\/rnews\/\"}]}<\/script>\n<!-- \/ Yoast SEO Premium plugin. -->","yoast_head_json":{"title":"\u00d6sterreich: Mehr als ein Drittel mit Demokratie im Land nicht zufrieden - just-now.NEWS Deutschland","robots":{"index":"index","follow":"follow","max-snippet":"max-snippet:-1","max-image-preview":"max-image-preview:large","max-video-preview":"max-video-preview:-1"},"canonical":"https:\/\/now-news.de\/de\/deutschland\/oesterreich-mehr-als-ein-drittel-mit-demokratie-im-land-nicht-zufrieden\/","og_locale":"de_DE","og_type":"article","og_title":"\u00d6sterreich: Mehr als ein Drittel mit Demokratie im Land nicht zufrieden","og_description":"Seit Jahren besch\u00e4ftigen sich zwei \u00f6sterreichische Universit\u00e4ten mit der Frage, wie es um den Zustand der Demokratie in dem Alpenland bestellt ist. Aus ihren Untersuchungen geht hervor, dass mehr als ein Drittel der Bev\u00f6lkerung unzufrieden mit dem Funktionieren des Systems ist. Aus einer Studie in \u00d6sterreich geht hervor, dass nur f\u00fcr rund 61 Prozent der [&hellip;]","og_url":"https:\/\/now-news.de\/de\/deutschland\/oesterreich-mehr-als-ein-drittel-mit-demokratie-im-land-nicht-zufrieden\/","og_site_name":"just-now.NEWS Deutschland","article_publisher":"https:\/\/www.facebook.com\/wirmachenauf","article_published_time":"2022-08-23T14:52:48+00:00","og_image":[{"width":460,"height":259,"url":"https:\/\/now-news.de\/de\/wp-content\/uploads\/sites\/3\/2022\/08\/Oesterreich-Mehr-als-ein-Drittel-mit-Demokratie-im-Land-nicht.jpg","type":"image\/jpeg"}],"author":"rtnews","twitter_card":"summary_large_image","twitter_creator":"@WirMachenAuf_de","twitter_site":"@WirMachenAuf_de","twitter_misc":{"Verfasst von":"rtnews","Gesch\u00e4tzte Lesezeit":"3\u00a0Minuten"},"schema":{"@context":"https:\/\/schema.org","@graph":[{"@type":"Article","@id":"https:\/\/now-news.de\/de\/deutschland\/oesterreich-mehr-als-ein-drittel-mit-demokratie-im-land-nicht-zufrieden\/#article","isPartOf":{"@id":"https:\/\/now-news.de\/de\/deutschland\/oesterreich-mehr-als-ein-drittel-mit-demokratie-im-land-nicht-zufrieden\/"},"author":{"name":"rtnews","@id":"https:\/\/now-news.de\/de\/#\/schema\/person\/fb534a4e865501d8b3285208df34a9b5"},"headline":"\u00d6sterreich: Mehr als ein Drittel mit Demokratie im Land nicht zufrieden","datePublished":"2022-08-23T14:52:48+00:00","dateModified":"2022-08-23T14:52:48+00:00","mainEntityOfPage":{"@id":"https:\/\/now-news.de\/de\/deutschland\/oesterreich-mehr-als-ein-drittel-mit-demokratie-im-land-nicht-zufrieden\/"},"wordCount":709,"commentCount":0,"publisher":{"@id":"https:\/\/now-news.de\/de\/#organization"},"image":{"@id":"https:\/\/now-news.de\/de\/deutschland\/oesterreich-mehr-als-ein-drittel-mit-demokratie-im-land-nicht-zufrieden\/#primaryimage"},"thumbnailUrl":"https:\/\/now-news.de\/de\/wp-content\/uploads\/sites\/3\/2022\/08\/Oesterreich-Mehr-als-ein-Drittel-mit-Demokratie-im-Land-nicht.jpg","keywords":["als","Demokratie","Drittel","ein","Land","mehr","mit","nicht","\u00d6sterreich","zufrieden"],"articleSection":["Deutschland","Russland"],"inLanguage":"de","potentialAction":[{"@type":"CommentAction","name":"Comment","target":["https:\/\/now-news.de\/de\/deutschland\/oesterreich-mehr-als-ein-drittel-mit-demokratie-im-land-nicht-zufrieden\/#respond"]}]},{"@type":"WebPage","@id":"https:\/\/now-news.de\/de\/deutschland\/oesterreich-mehr-als-ein-drittel-mit-demokratie-im-land-nicht-zufrieden\/","url":"https:\/\/now-news.de\/de\/deutschland\/oesterreich-mehr-als-ein-drittel-mit-demokratie-im-land-nicht-zufrieden\/","name":"\u00d6sterreich: Mehr als ein Drittel mit Demokratie im Land nicht zufrieden - just-now.NEWS Deutschland","isPartOf":{"@id":"https:\/\/now-news.de\/de\/#website"},"primaryImageOfPage":{"@id":"https:\/\/now-news.de\/de\/deutschland\/oesterreich-mehr-als-ein-drittel-mit-demokratie-im-land-nicht-zufrieden\/#primaryimage"},"image":{"@id":"https:\/\/now-news.de\/de\/deutschland\/oesterreich-mehr-als-ein-drittel-mit-demokratie-im-land-nicht-zufrieden\/#primaryimage"},"thumbnailUrl":"https:\/\/now-news.de\/de\/wp-content\/uploads\/sites\/3\/2022\/08\/Oesterreich-Mehr-als-ein-Drittel-mit-Demokratie-im-Land-nicht.jpg","datePublished":"2022-08-23T14:52:48+00:00","dateModified":"2022-08-23T14:52:48+00:00","breadcrumb":{"@id":"https:\/\/now-news.de\/de\/deutschland\/oesterreich-mehr-als-ein-drittel-mit-demokratie-im-land-nicht-zufrieden\/#breadcrumb"},"inLanguage":"de","potentialAction":[{"@type":"ReadAction","target":["https:\/\/now-news.de\/de\/deutschland\/oesterreich-mehr-als-ein-drittel-mit-demokratie-im-land-nicht-zufrieden\/"]}]},{"@type":"ImageObject","inLanguage":"de","@id":"https:\/\/now-news.de\/de\/deutschland\/oesterreich-mehr-als-ein-drittel-mit-demokratie-im-land-nicht-zufrieden\/#primaryimage","url":"https:\/\/now-news.de\/de\/wp-content\/uploads\/sites\/3\/2022\/08\/Oesterreich-Mehr-als-ein-Drittel-mit-Demokratie-im-Land-nicht.jpg","contentUrl":"https:\/\/now-news.de\/de\/wp-content\/uploads\/sites\/3\/2022\/08\/Oesterreich-Mehr-als-ein-Drittel-mit-Demokratie-im-Land-nicht.jpg","width":460,"height":259,"caption":"\u00d6sterreich: Mehr als ein Drittel mit Demokratie im Land nicht zufrieden"},{"@type":"BreadcrumbList","@id":"https:\/\/now-news.de\/de\/deutschland\/oesterreich-mehr-als-ein-drittel-mit-demokratie-im-land-nicht-zufrieden\/#breadcrumb","itemListElement":[{"@type":"ListItem","position":1,"name":"Home","item":"https:\/\/now-news.de\/de\/"},{"@type":"ListItem","position":2,"name":"\u00d6sterreich: Mehr als ein Drittel mit Demokratie im Land nicht zufrieden"}]},{"@type":"WebSite","@id":"https:\/\/now-news.de\/de\/#website","url":"https:\/\/now-news.de\/de\/","name":"just-now.NEWS Deutschland","description":"Das Portal f\u00fcr unzensierte Nachrichten aus der Welt","publisher":{"@id":"https:\/\/now-news.de\/de\/#organization"},"potentialAction":[{"@type":"SearchAction","target":{"@type":"EntryPoint","urlTemplate":"https:\/\/now-news.de\/de\/?s={search_term_string}"},"query-input":"required name=search_term_string"}],"inLanguage":"de"},{"@type":"Organization","@id":"https:\/\/now-news.de\/de\/#organization","name":"Just Now News","url":"https:\/\/now-news.de\/de\/","logo":{"@type":"ImageObject","inLanguage":"de","@id":"https:\/\/now-news.de\/de\/#\/schema\/logo\/image\/","url":"http:\/\/just-now.news\/de\/wp-content\/uploads\/sites\/3\/2022\/04\/logo500x500.jpg","contentUrl":"http:\/\/just-now.news\/de\/wp-content\/uploads\/sites\/3\/2022\/04\/logo500x500.jpg","width":500,"height":500,"caption":"Just Now News"},"image":{"@id":"https:\/\/now-news.de\/de\/#\/schema\/logo\/image\/"},"sameAs":["https:\/\/www.facebook.com\/wirmachenauf","https:\/\/x.com\/WirMachenAuf_de"]},{"@type":"Person","@id":"https:\/\/now-news.de\/de\/#\/schema\/person\/fb534a4e865501d8b3285208df34a9b5","name":"rtnews","image":{"@type":"ImageObject","inLanguage":"de","@id":"https:\/\/now-news.de\/de\/#\/schema\/person\/image\/","url":"https:\/\/secure.gravatar.com\/avatar\/82aafea7d8127119dd649515f56e2117?s=96&d=mm&r=g","contentUrl":"https:\/\/secure.gravatar.com\/avatar\/82aafea7d8127119dd649515f56e2117?s=96&d=mm&r=g","caption":"rtnews"},"url":"https:\/\/now-news.de\/de\/author\/rnews\/"}]}},"_links":{"self":[{"href":"https:\/\/now-news.de\/de\/wp-json\/wp\/v2\/posts\/17517"}],"collection":[{"href":"https:\/\/now-news.de\/de\/wp-json\/wp\/v2\/posts"}],"about":[{"href":"https:\/\/now-news.de\/de\/wp-json\/wp\/v2\/types\/post"}],"author":[{"embeddable":true,"href":"https:\/\/now-news.de\/de\/wp-json\/wp\/v2\/users\/3"}],"replies":[{"embeddable":true,"href":"https:\/\/now-news.de\/de\/wp-json\/wp\/v2\/comments?post=17517"}],"version-history":[{"count":0,"href":"https:\/\/now-news.de\/de\/wp-json\/wp\/v2\/posts\/17517\/revisions"}],"wp:featuredmedia":[{"embeddable":true,"href":"https:\/\/now-news.de\/de\/wp-json\/wp\/v2\/media\/17518"}],"wp:attachment":[{"href":"https:\/\/now-news.de\/de\/wp-json\/wp\/v2\/media?parent=17517"}],"wp:term":[{"taxonomy":"category","embeddable":true,"href":"https:\/\/now-news.de\/de\/wp-json\/wp\/v2\/categories?post=17517"},{"taxonomy":"post_tag","embeddable":true,"href":"https:\/\/now-news.de\/de\/wp-json\/wp\/v2\/tags?post=17517"}],"curies":[{"name":"wp","href":"https:\/\/api.w.org\/{rel}","templated":true}]}}