{"id":17497,"date":"2022-08-23T11:02:29","date_gmt":"2022-08-23T09:02:29","guid":{"rendered":"http:\/\/just-now.news\/de\/deutschland\/un-ruft-zur-untersuchung-des-mordes-an-darja-dugina-auf\/"},"modified":"2022-08-23T11:02:29","modified_gmt":"2022-08-23T09:02:29","slug":"un-ruft-zur-untersuchung-des-mordes-an-darja-dugina-auf","status":"publish","type":"post","link":"https:\/\/now-news.de\/de\/deutschland\/un-ruft-zur-untersuchung-des-mordes-an-darja-dugina-auf\/","title":{"rendered":"UN ruft zur Untersuchung des Mordes an Darja Dugina auf"},"content":{"rendered":"<p><img decoding=\"async\" src=\"http:\/\/just-now.news\/de\/wp-content\/uploads\/sites\/3\/2022\/08\/630496d1b480cc03e472c05e.jpg\" \/><\/p>\n<div class=\"Text-root Text-type_1 \">\n                Laut St\u00e9phane Dujarric, dem Sprecher von UN-Generalsekret\u00e4r Ant\u00f3nio Guterres, fordert die UN &#8220;eine Untersuchung zur Ermittlung der Fakten&#8221; hinter dem gewaltsamen Tod der russischen Journalistin Darja Dugina. Dies gab er am gestrigen Montag gegen\u00fcber Journalisten bekannt.\n            <\/div>\n<p><\/p>\n<div class=\"Text-root Text-type_5 ArticleView-text ViewText-root \">\n<p>Der Anschlag mit einer Autobombe am vergangenen Samstag, bei dem Darja Dugina get\u00f6tet wurde, zeige die wahre Natur des ukrainischen Staates und der UN-Sicherheitsrat werde bei seinem n\u00e4chsten Treffen dar\u00fcber informiert, sagte Russlands st\u00e4ndiger Vertreter im Gremium, Wassili Nebensja.<\/p>\n<p>&#8220;Wir haben f\u00fcr morgen (heute Dienstag) um ein dringendes Treffen zur Situation rund um das Kernkraftwerk Saporischschja gebeten, wo die ukrainischen Provokationen fortgesetzt werden&#8221;, f\u00fcgte Nebensja gegen\u00fcber der russischen Nachrichtenagentur <em>TASS<\/em> hinzu und sagte, dass er in diesem Zusammenhang auch den Anschlag in Moskau zur Sprache bringen werde. &#8220;Die Verbindung zwischen ukrainischen Saboteuren und diesem Mord ist offensichtlich und wurde bereits vom FSB aufgedeckt.&#8221;<\/p>\n<p>Die 29-j\u00e4hrige Darja Dugina war die Tochter des Philosophen Aleksandr Dugin, die gemeinsam mit ihrem Vater am vergangenen Samstag ein Festival au\u00dferhalb von Moskau besucht hatte. Auf der R\u00fcckfahrt wurde Dugina bei der Explosion einer Bombe im SUV ihres Vaters get\u00f6tet, der sich zu dem Zeitpunkt in einem Fahrzeug befand. Eine Quelle innerhalb des russischen Sicherheitsdienstes teilte am Montag gegen\u00fcber <em>TASS<\/em> mit, dass Dugina selbst das beabsichtigte Ziel war und dass die Bombe aus der Ferne gez\u00fcndet wurde, nachdem der M\u00f6rder sich vergewissern konnte, dass Dugina hinter dem Steuer sa\u00df.<\/p>\n<p>Als Verd\u00e4chtige hat der FSB eine 43-j\u00e4hrige ukrainische Staatsangeh\u00f6rige namens Natalja Wowk identifiziert. Der russische Inlandsgeheimdienst ver\u00f6ffentlichte zudem am Montag ein Video einer \u00dcberwachungskamera, auf dem man sieht, wie Wowk im vergangenen Juli in einem Auto mit Kennzeichen der Volksrepublik Donezk und in Begleitung ihrer Tochter im Teenageralter in Russland einreist. Wowk war auch als Mieterin einer Wohnung im selben Moskauer Wohnhaus registriert, in dem Dugina lebte und verlie\u00df nachweislich bereits am Sonntag umgehend das Land in Richtung Estland. Dabei hatte sie gem\u00e4\u00df weiteren Videos von \u00dcberwachungskameras an ihrem Auto inzwischen ukrainische Nummernschilder angebracht und ihre Haare gef\u00e4rbt.<\/p>\n<p>Die Ukraine hat jede offizielle Beteiligung an dem Bombenanschlag bestritten. Russischen Medienberichten zufolge tauchte Wowk jedoch in einer im vergangenen April ver\u00f6ffentlichten Datenbank des Personals der ukrainischen Nationalgarde unter dem Nachnamen Schaban auf und hatte nachweislich Verbindungen zum Neonazi-Regiment Asow.<\/p>\n<p><strong>Mehr zum Thema<\/strong> &#8211; <a rel=\"nofollow noopener\" target=\"_blank\" href=\"https:\/\/pressefreiheit.rtde.live\/russland\/146788-dugin-aussert-sich-zum-tod\/\">Dugin \u00e4u\u00dfert sich zum Tod seiner Tochter, Pr\u00e4sident Putin bekundet sein Beileid<\/a><\/p>\n<\/div>\n<p><br \/>\n<br \/><a href=\"https:\/\/de.rt.com\/russland\/146849-un-ruft-zur-untersuchung-mordes-an-dugina-auf\/\">Source link <\/a><\/p>\n","protected":false},"excerpt":{"rendered":"<p>Laut St\u00e9phane Dujarric, dem Sprecher von UN-Generalsekret\u00e4r Ant\u00f3nio Guterres, fordert die UN &#8220;eine Untersuchung zur Ermittlung der Fakten&#8221; hinter dem gewaltsamen Tod der russischen Journalistin Darja Dugina. Dies gab er am gestrigen Montag gegen\u00fcber Journalisten bekannt. Der Anschlag mit einer Autobombe am vergangenen Samstag, bei dem Darja Dugina get\u00f6tet wurde, zeige die wahre Natur des [&hellip;]<\/p>\n","protected":false},"author":3,"featured_media":17498,"comment_status":"open","ping_status":"open","sticky":false,"template":"","format":"standard","meta":{"wp_automatic_camp":["217"],"e408d0c02ed17092656fa6c6a2d629ec":["UN ruft zur Untersuchung des Mordes an Darja Dugina auf"],"original_link":["https:\/\/de.rt.com\/russland\/146849-un-ruft-zur-untersuchung-mordes-an-dugina-auf\/"],"_thumbnail_id":["17498"],"_wptg_p2tg_sent2tg":["2022-08-23 11:07:29"],"jnews_social_counter_last_update":["1777113315"]},"categories":[19,23],"tags":[133,31409,583,31386,19576,6183,7226,581],"yoast_head":"<!-- This site is optimized with the Yoast SEO Premium plugin v22.7 (Yoast SEO v22.7) - https:\/\/yoast.com\/wordpress\/plugins\/seo\/ -->\n<title>UN ruft zur Untersuchung des Mordes an Darja Dugina auf - just-now.NEWS Deutschland<\/title>\n<meta name=\"robots\" content=\"index, follow, max-snippet:-1, max-image-preview:large, max-video-preview:-1\" \/>\n<link rel=\"canonical\" href=\"https:\/\/now-news.de\/de\/deutschland\/un-ruft-zur-untersuchung-des-mordes-an-darja-dugina-auf\/\" \/>\n<meta property=\"og:locale\" content=\"de_DE\" \/>\n<meta property=\"og:type\" content=\"article\" \/>\n<meta property=\"og:title\" content=\"UN ruft zur Untersuchung des Mordes an Darja Dugina auf\" \/>\n<meta property=\"og:description\" content=\"Laut St\u00e9phane Dujarric, dem Sprecher von UN-Generalsekret\u00e4r Ant\u00f3nio Guterres, fordert die UN &#8220;eine Untersuchung zur Ermittlung der Fakten&#8221; hinter dem gewaltsamen Tod der russischen Journalistin Darja Dugina. Dies gab er am gestrigen Montag gegen\u00fcber Journalisten bekannt. Der Anschlag mit einer Autobombe am vergangenen Samstag, bei dem Darja Dugina get\u00f6tet wurde, zeige die wahre Natur des [&hellip;]\" \/>\n<meta property=\"og:url\" content=\"https:\/\/now-news.de\/de\/deutschland\/un-ruft-zur-untersuchung-des-mordes-an-darja-dugina-auf\/\" \/>\n<meta property=\"og:site_name\" content=\"just-now.NEWS Deutschland\" \/>\n<meta property=\"article:publisher\" content=\"https:\/\/www.facebook.com\/wirmachenauf\" \/>\n<meta property=\"article:published_time\" content=\"2022-08-23T09:02:29+00:00\" \/>\n<meta property=\"og:image\" content=\"https:\/\/now-news.de\/de\/wp-content\/uploads\/sites\/3\/2022\/08\/UN-ruft-zur-Untersuchung-des-Mordes-an-Darja-Dugina-auf.jpg\" \/>\n\t<meta property=\"og:image:width\" content=\"460\" \/>\n\t<meta property=\"og:image:height\" content=\"259\" \/>\n\t<meta property=\"og:image:type\" content=\"image\/jpeg\" \/>\n<meta name=\"author\" content=\"rtnews\" \/>\n<meta name=\"twitter:card\" content=\"summary_large_image\" \/>\n<meta name=\"twitter:creator\" content=\"@WirMachenAuf_de\" \/>\n<meta name=\"twitter:site\" content=\"@WirMachenAuf_de\" \/>\n<meta name=\"twitter:label1\" content=\"Verfasst von\" \/>\n\t<meta name=\"twitter:data1\" content=\"rtnews\" \/>\n\t<meta name=\"twitter:label2\" content=\"Gesch\u00e4tzte Lesezeit\" \/>\n\t<meta name=\"twitter:data2\" content=\"2\u00a0Minuten\" \/>\n<script type=\"application\/ld+json\" class=\"yoast-schema-graph\">{\"@context\":\"https:\/\/schema.org\",\"@graph\":[{\"@type\":\"Article\",\"@id\":\"https:\/\/now-news.de\/de\/deutschland\/un-ruft-zur-untersuchung-des-mordes-an-darja-dugina-auf\/#article\",\"isPartOf\":{\"@id\":\"https:\/\/now-news.de\/de\/deutschland\/un-ruft-zur-untersuchung-des-mordes-an-darja-dugina-auf\/\"},\"author\":{\"name\":\"rtnews\",\"@id\":\"https:\/\/now-news.de\/de\/#\/schema\/person\/fb534a4e865501d8b3285208df34a9b5\"},\"headline\":\"UN ruft zur Untersuchung des Mordes an Darja Dugina auf\",\"datePublished\":\"2022-08-23T09:02:29+00:00\",\"dateModified\":\"2022-08-23T09:02:29+00:00\",\"mainEntityOfPage\":{\"@id\":\"https:\/\/now-news.de\/de\/deutschland\/un-ruft-zur-untersuchung-des-mordes-an-darja-dugina-auf\/\"},\"wordCount\":422,\"commentCount\":0,\"publisher\":{\"@id\":\"https:\/\/now-news.de\/de\/#organization\"},\"image\":{\"@id\":\"https:\/\/now-news.de\/de\/deutschland\/un-ruft-zur-untersuchung-des-mordes-an-darja-dugina-auf\/#primaryimage\"},\"thumbnailUrl\":\"https:\/\/now-news.de\/de\/wp-content\/uploads\/sites\/3\/2022\/08\/UN-ruft-zur-Untersuchung-des-Mordes-an-Darja-Dugina-auf.jpg\",\"keywords\":[\"AUF\",\"Darja\",\"des\",\"Dugina\",\"Mordes\",\"ruft\",\"Untersuchung\",\"zur\"],\"articleSection\":[\"Deutschland\",\"Russland\"],\"inLanguage\":\"de\",\"potentialAction\":[{\"@type\":\"CommentAction\",\"name\":\"Comment\",\"target\":[\"https:\/\/now-news.de\/de\/deutschland\/un-ruft-zur-untersuchung-des-mordes-an-darja-dugina-auf\/#respond\"]}]},{\"@type\":\"WebPage\",\"@id\":\"https:\/\/now-news.de\/de\/deutschland\/un-ruft-zur-untersuchung-des-mordes-an-darja-dugina-auf\/\",\"url\":\"https:\/\/now-news.de\/de\/deutschland\/un-ruft-zur-untersuchung-des-mordes-an-darja-dugina-auf\/\",\"name\":\"UN ruft zur Untersuchung des Mordes an Darja Dugina auf - just-now.NEWS Deutschland\",\"isPartOf\":{\"@id\":\"https:\/\/now-news.de\/de\/#website\"},\"primaryImageOfPage\":{\"@id\":\"https:\/\/now-news.de\/de\/deutschland\/un-ruft-zur-untersuchung-des-mordes-an-darja-dugina-auf\/#primaryimage\"},\"image\":{\"@id\":\"https:\/\/now-news.de\/de\/deutschland\/un-ruft-zur-untersuchung-des-mordes-an-darja-dugina-auf\/#primaryimage\"},\"thumbnailUrl\":\"https:\/\/now-news.de\/de\/wp-content\/uploads\/sites\/3\/2022\/08\/UN-ruft-zur-Untersuchung-des-Mordes-an-Darja-Dugina-auf.jpg\",\"datePublished\":\"2022-08-23T09:02:29+00:00\",\"dateModified\":\"2022-08-23T09:02:29+00:00\",\"breadcrumb\":{\"@id\":\"https:\/\/now-news.de\/de\/deutschland\/un-ruft-zur-untersuchung-des-mordes-an-darja-dugina-auf\/#breadcrumb\"},\"inLanguage\":\"de\",\"potentialAction\":[{\"@type\":\"ReadAction\",\"target\":[\"https:\/\/now-news.de\/de\/deutschland\/un-ruft-zur-untersuchung-des-mordes-an-darja-dugina-auf\/\"]}]},{\"@type\":\"ImageObject\",\"inLanguage\":\"de\",\"@id\":\"https:\/\/now-news.de\/de\/deutschland\/un-ruft-zur-untersuchung-des-mordes-an-darja-dugina-auf\/#primaryimage\",\"url\":\"https:\/\/now-news.de\/de\/wp-content\/uploads\/sites\/3\/2022\/08\/UN-ruft-zur-Untersuchung-des-Mordes-an-Darja-Dugina-auf.jpg\",\"contentUrl\":\"https:\/\/now-news.de\/de\/wp-content\/uploads\/sites\/3\/2022\/08\/UN-ruft-zur-Untersuchung-des-Mordes-an-Darja-Dugina-auf.jpg\",\"width\":460,\"height\":259,\"caption\":\"UN ruft zur Untersuchung des Mordes an Darja Dugina auf\"},{\"@type\":\"BreadcrumbList\",\"@id\":\"https:\/\/now-news.de\/de\/deutschland\/un-ruft-zur-untersuchung-des-mordes-an-darja-dugina-auf\/#breadcrumb\",\"itemListElement\":[{\"@type\":\"ListItem\",\"position\":1,\"name\":\"Home\",\"item\":\"https:\/\/now-news.de\/de\/\"},{\"@type\":\"ListItem\",\"position\":2,\"name\":\"UN ruft zur Untersuchung des Mordes an Darja Dugina auf\"}]},{\"@type\":\"WebSite\",\"@id\":\"https:\/\/now-news.de\/de\/#website\",\"url\":\"https:\/\/now-news.de\/de\/\",\"name\":\"just-now.NEWS Deutschland\",\"description\":\"Das Portal f\u00fcr unzensierte Nachrichten aus der Welt\",\"publisher\":{\"@id\":\"https:\/\/now-news.de\/de\/#organization\"},\"potentialAction\":[{\"@type\":\"SearchAction\",\"target\":{\"@type\":\"EntryPoint\",\"urlTemplate\":\"https:\/\/now-news.de\/de\/?s={search_term_string}\"},\"query-input\":\"required name=search_term_string\"}],\"inLanguage\":\"de\"},{\"@type\":\"Organization\",\"@id\":\"https:\/\/now-news.de\/de\/#organization\",\"name\":\"Just Now News\",\"url\":\"https:\/\/now-news.de\/de\/\",\"logo\":{\"@type\":\"ImageObject\",\"inLanguage\":\"de\",\"@id\":\"https:\/\/now-news.de\/de\/#\/schema\/logo\/image\/\",\"url\":\"http:\/\/just-now.news\/de\/wp-content\/uploads\/sites\/3\/2022\/04\/logo500x500.jpg\",\"contentUrl\":\"http:\/\/just-now.news\/de\/wp-content\/uploads\/sites\/3\/2022\/04\/logo500x500.jpg\",\"width\":500,\"height\":500,\"caption\":\"Just Now News\"},\"image\":{\"@id\":\"https:\/\/now-news.de\/de\/#\/schema\/logo\/image\/\"},\"sameAs\":[\"https:\/\/www.facebook.com\/wirmachenauf\",\"https:\/\/x.com\/WirMachenAuf_de\"]},{\"@type\":\"Person\",\"@id\":\"https:\/\/now-news.de\/de\/#\/schema\/person\/fb534a4e865501d8b3285208df34a9b5\",\"name\":\"rtnews\",\"image\":{\"@type\":\"ImageObject\",\"inLanguage\":\"de\",\"@id\":\"https:\/\/now-news.de\/de\/#\/schema\/person\/image\/\",\"url\":\"https:\/\/secure.gravatar.com\/avatar\/82aafea7d8127119dd649515f56e2117?s=96&d=mm&r=g\",\"contentUrl\":\"https:\/\/secure.gravatar.com\/avatar\/82aafea7d8127119dd649515f56e2117?s=96&d=mm&r=g\",\"caption\":\"rtnews\"},\"url\":\"https:\/\/now-news.de\/de\/author\/rnews\/\"}]}<\/script>\n<!-- \/ Yoast SEO Premium plugin. -->","yoast_head_json":{"title":"UN ruft zur Untersuchung des Mordes an Darja Dugina auf - just-now.NEWS Deutschland","robots":{"index":"index","follow":"follow","max-snippet":"max-snippet:-1","max-image-preview":"max-image-preview:large","max-video-preview":"max-video-preview:-1"},"canonical":"https:\/\/now-news.de\/de\/deutschland\/un-ruft-zur-untersuchung-des-mordes-an-darja-dugina-auf\/","og_locale":"de_DE","og_type":"article","og_title":"UN ruft zur Untersuchung des Mordes an Darja Dugina auf","og_description":"Laut St\u00e9phane Dujarric, dem Sprecher von UN-Generalsekret\u00e4r Ant\u00f3nio Guterres, fordert die UN &#8220;eine Untersuchung zur Ermittlung der Fakten&#8221; hinter dem gewaltsamen Tod der russischen Journalistin Darja Dugina. Dies gab er am gestrigen Montag gegen\u00fcber Journalisten bekannt. Der Anschlag mit einer Autobombe am vergangenen Samstag, bei dem Darja Dugina get\u00f6tet wurde, zeige die wahre Natur des [&hellip;]","og_url":"https:\/\/now-news.de\/de\/deutschland\/un-ruft-zur-untersuchung-des-mordes-an-darja-dugina-auf\/","og_site_name":"just-now.NEWS Deutschland","article_publisher":"https:\/\/www.facebook.com\/wirmachenauf","article_published_time":"2022-08-23T09:02:29+00:00","og_image":[{"width":460,"height":259,"url":"https:\/\/now-news.de\/de\/wp-content\/uploads\/sites\/3\/2022\/08\/UN-ruft-zur-Untersuchung-des-Mordes-an-Darja-Dugina-auf.jpg","type":"image\/jpeg"}],"author":"rtnews","twitter_card":"summary_large_image","twitter_creator":"@WirMachenAuf_de","twitter_site":"@WirMachenAuf_de","twitter_misc":{"Verfasst von":"rtnews","Gesch\u00e4tzte Lesezeit":"2\u00a0Minuten"},"schema":{"@context":"https:\/\/schema.org","@graph":[{"@type":"Article","@id":"https:\/\/now-news.de\/de\/deutschland\/un-ruft-zur-untersuchung-des-mordes-an-darja-dugina-auf\/#article","isPartOf":{"@id":"https:\/\/now-news.de\/de\/deutschland\/un-ruft-zur-untersuchung-des-mordes-an-darja-dugina-auf\/"},"author":{"name":"rtnews","@id":"https:\/\/now-news.de\/de\/#\/schema\/person\/fb534a4e865501d8b3285208df34a9b5"},"headline":"UN ruft zur Untersuchung des Mordes an Darja Dugina auf","datePublished":"2022-08-23T09:02:29+00:00","dateModified":"2022-08-23T09:02:29+00:00","mainEntityOfPage":{"@id":"https:\/\/now-news.de\/de\/deutschland\/un-ruft-zur-untersuchung-des-mordes-an-darja-dugina-auf\/"},"wordCount":422,"commentCount":0,"publisher":{"@id":"https:\/\/now-news.de\/de\/#organization"},"image":{"@id":"https:\/\/now-news.de\/de\/deutschland\/un-ruft-zur-untersuchung-des-mordes-an-darja-dugina-auf\/#primaryimage"},"thumbnailUrl":"https:\/\/now-news.de\/de\/wp-content\/uploads\/sites\/3\/2022\/08\/UN-ruft-zur-Untersuchung-des-Mordes-an-Darja-Dugina-auf.jpg","keywords":["AUF","Darja","des","Dugina","Mordes","ruft","Untersuchung","zur"],"articleSection":["Deutschland","Russland"],"inLanguage":"de","potentialAction":[{"@type":"CommentAction","name":"Comment","target":["https:\/\/now-news.de\/de\/deutschland\/un-ruft-zur-untersuchung-des-mordes-an-darja-dugina-auf\/#respond"]}]},{"@type":"WebPage","@id":"https:\/\/now-news.de\/de\/deutschland\/un-ruft-zur-untersuchung-des-mordes-an-darja-dugina-auf\/","url":"https:\/\/now-news.de\/de\/deutschland\/un-ruft-zur-untersuchung-des-mordes-an-darja-dugina-auf\/","name":"UN ruft zur Untersuchung des Mordes an Darja Dugina auf - just-now.NEWS Deutschland","isPartOf":{"@id":"https:\/\/now-news.de\/de\/#website"},"primaryImageOfPage":{"@id":"https:\/\/now-news.de\/de\/deutschland\/un-ruft-zur-untersuchung-des-mordes-an-darja-dugina-auf\/#primaryimage"},"image":{"@id":"https:\/\/now-news.de\/de\/deutschland\/un-ruft-zur-untersuchung-des-mordes-an-darja-dugina-auf\/#primaryimage"},"thumbnailUrl":"https:\/\/now-news.de\/de\/wp-content\/uploads\/sites\/3\/2022\/08\/UN-ruft-zur-Untersuchung-des-Mordes-an-Darja-Dugina-auf.jpg","datePublished":"2022-08-23T09:02:29+00:00","dateModified":"2022-08-23T09:02:29+00:00","breadcrumb":{"@id":"https:\/\/now-news.de\/de\/deutschland\/un-ruft-zur-untersuchung-des-mordes-an-darja-dugina-auf\/#breadcrumb"},"inLanguage":"de","potentialAction":[{"@type":"ReadAction","target":["https:\/\/now-news.de\/de\/deutschland\/un-ruft-zur-untersuchung-des-mordes-an-darja-dugina-auf\/"]}]},{"@type":"ImageObject","inLanguage":"de","@id":"https:\/\/now-news.de\/de\/deutschland\/un-ruft-zur-untersuchung-des-mordes-an-darja-dugina-auf\/#primaryimage","url":"https:\/\/now-news.de\/de\/wp-content\/uploads\/sites\/3\/2022\/08\/UN-ruft-zur-Untersuchung-des-Mordes-an-Darja-Dugina-auf.jpg","contentUrl":"https:\/\/now-news.de\/de\/wp-content\/uploads\/sites\/3\/2022\/08\/UN-ruft-zur-Untersuchung-des-Mordes-an-Darja-Dugina-auf.jpg","width":460,"height":259,"caption":"UN ruft zur Untersuchung des Mordes an Darja Dugina auf"},{"@type":"BreadcrumbList","@id":"https:\/\/now-news.de\/de\/deutschland\/un-ruft-zur-untersuchung-des-mordes-an-darja-dugina-auf\/#breadcrumb","itemListElement":[{"@type":"ListItem","position":1,"name":"Home","item":"https:\/\/now-news.de\/de\/"},{"@type":"ListItem","position":2,"name":"UN ruft zur Untersuchung des Mordes an Darja Dugina auf"}]},{"@type":"WebSite","@id":"https:\/\/now-news.de\/de\/#website","url":"https:\/\/now-news.de\/de\/","name":"just-now.NEWS Deutschland","description":"Das Portal f\u00fcr unzensierte Nachrichten aus der Welt","publisher":{"@id":"https:\/\/now-news.de\/de\/#organization"},"potentialAction":[{"@type":"SearchAction","target":{"@type":"EntryPoint","urlTemplate":"https:\/\/now-news.de\/de\/?s={search_term_string}"},"query-input":"required name=search_term_string"}],"inLanguage":"de"},{"@type":"Organization","@id":"https:\/\/now-news.de\/de\/#organization","name":"Just Now News","url":"https:\/\/now-news.de\/de\/","logo":{"@type":"ImageObject","inLanguage":"de","@id":"https:\/\/now-news.de\/de\/#\/schema\/logo\/image\/","url":"http:\/\/just-now.news\/de\/wp-content\/uploads\/sites\/3\/2022\/04\/logo500x500.jpg","contentUrl":"http:\/\/just-now.news\/de\/wp-content\/uploads\/sites\/3\/2022\/04\/logo500x500.jpg","width":500,"height":500,"caption":"Just Now News"},"image":{"@id":"https:\/\/now-news.de\/de\/#\/schema\/logo\/image\/"},"sameAs":["https:\/\/www.facebook.com\/wirmachenauf","https:\/\/x.com\/WirMachenAuf_de"]},{"@type":"Person","@id":"https:\/\/now-news.de\/de\/#\/schema\/person\/fb534a4e865501d8b3285208df34a9b5","name":"rtnews","image":{"@type":"ImageObject","inLanguage":"de","@id":"https:\/\/now-news.de\/de\/#\/schema\/person\/image\/","url":"https:\/\/secure.gravatar.com\/avatar\/82aafea7d8127119dd649515f56e2117?s=96&d=mm&r=g","contentUrl":"https:\/\/secure.gravatar.com\/avatar\/82aafea7d8127119dd649515f56e2117?s=96&d=mm&r=g","caption":"rtnews"},"url":"https:\/\/now-news.de\/de\/author\/rnews\/"}]}},"_links":{"self":[{"href":"https:\/\/now-news.de\/de\/wp-json\/wp\/v2\/posts\/17497"}],"collection":[{"href":"https:\/\/now-news.de\/de\/wp-json\/wp\/v2\/posts"}],"about":[{"href":"https:\/\/now-news.de\/de\/wp-json\/wp\/v2\/types\/post"}],"author":[{"embeddable":true,"href":"https:\/\/now-news.de\/de\/wp-json\/wp\/v2\/users\/3"}],"replies":[{"embeddable":true,"href":"https:\/\/now-news.de\/de\/wp-json\/wp\/v2\/comments?post=17497"}],"version-history":[{"count":0,"href":"https:\/\/now-news.de\/de\/wp-json\/wp\/v2\/posts\/17497\/revisions"}],"wp:featuredmedia":[{"embeddable":true,"href":"https:\/\/now-news.de\/de\/wp-json\/wp\/v2\/media\/17498"}],"wp:attachment":[{"href":"https:\/\/now-news.de\/de\/wp-json\/wp\/v2\/media?parent=17497"}],"wp:term":[{"taxonomy":"category","embeddable":true,"href":"https:\/\/now-news.de\/de\/wp-json\/wp\/v2\/categories?post=17497"},{"taxonomy":"post_tag","embeddable":true,"href":"https:\/\/now-news.de\/de\/wp-json\/wp\/v2\/tags?post=17497"}],"curies":[{"name":"wp","href":"https:\/\/api.w.org\/{rel}","templated":true}]}}