{"id":17448,"date":"2022-08-22T16:44:43","date_gmt":"2022-08-22T14:44:43","guid":{"rendered":"http:\/\/just-now.news\/de\/deutschland\/bundeswehr-generalinspekteur-eberhard-zorn-lehnt-wehrpflicht-weiterhin-ab\/"},"modified":"2022-08-22T16:44:43","modified_gmt":"2022-08-22T14:44:43","slug":"bundeswehr-generalinspekteur-eberhard-zorn-lehnt-wehrpflicht-weiterhin-ab","status":"publish","type":"post","link":"https:\/\/now-news.de\/de\/deutschland\/bundeswehr-generalinspekteur-eberhard-zorn-lehnt-wehrpflicht-weiterhin-ab\/","title":{"rendered":"Bundeswehr-Generalinspekteur Eberhard Zorn lehnt Wehrpflicht weiterhin ab"},"content":{"rendered":"<p><img decoding=\"async\" src=\"http:\/\/just-now.news\/de\/wp-content\/uploads\/sites\/3\/2022\/08\/630371ac48fbef3b185a6e16.jpg\" \/><\/p>\n<p>Der Generalinspekteur der Bundeswehr, General Eberhard Zorn, hat sich trotz des anhaltenden Personalmangels bei der Armee erneut gegen eine Wiedereinf\u00fchrung des verpflichtenden Wehrdienstes in Deutschland ausgesprochen. Die Aufgaben der Truppe h\u00e4tten sich gewandelt, erkl\u00e4rte Zorn im Gespr\u00e4ch mit der <em>Mediengruppe Bayern<\/em>. Sowohl die Ausr\u00fcstung als auch deren Bedienung seien demnach komplexer geworden.<\/p>\n<p>Infolgedessen br\u00e4uchten Soldaten deutlich l\u00e4nger, um dies zu beherrschen, so der General. Auch verf\u00fcge die Bundeswehr weder \u00fcber das n\u00f6tige Ausbildungspersonal f\u00fcr Wehrpflichtige noch \u00fcber die Infrastruktur, &#8220;um eine kurzfristige Wiedereinf\u00fchrung der Wehrpflicht zu erm\u00f6glichen&#8221;. Ferner betonte Zorn mit Blick auf die zunehmend instabile politische Weltlage jedoch:\u00a0<\/p>\n<blockquote>\n<p><em>&#8220;Deutschland war, ist und wird stets in der Lage sein, das eigene Territorium sowie das B\u00fcndnisgebiet zu verteidigen.&#8221; <\/em><\/p>\n<\/blockquote>\n<p>Laut dem Generalinspekteur sei das Sonderverm\u00f6gen von 100 Milliarden Euro dabei sehr wichtig. Die Finanzspritze erm\u00f6gliche es der Bundeswehr, Beschaffungsprojekte parallel anzugehen, die sonst erst nacheinander h\u00e4tten realisiert werden k\u00f6nnen. Daneben brauche die Bundeswehr &#8220;eine solide kontinuierliche Finanzausstattung, die sich am Zwei-Prozent-Ziel der NATO orientiert&#8221;.<\/p>\n<p>Mit Blick auf die russische Milit\u00e4roperation in der Ukraine sagte Zorn, dass die &#8220;freiheitlichen Demokratien&#8221; nun f\u00fcreinander einstehen m\u00fcssten.\u00a0&#8220;Dass ein gr\u00f6\u00dferer Nachbar den kleineren angreift oder ihm seinen Willen aufzwingt, darf keine Schule machen.&#8221;\u00a0Russland mache &#8220;keinen Halt vor ziviler Infrastruktur&#8221; und nehme &#8220;das Leid der ukrainischen Bev\u00f6lkerung wissentlich in Kauf&#8221;, behauptete Zorn. Argumente f\u00fcr seine Anschuldigungen lieferte er keine.<\/p>\n<p>Stattdessen erg\u00e4nzte der General, dass den russischen Soldaten &#8220;tapfer und clever&#8221; k\u00e4mpfende Ukrainer entgegenst\u00fcnden, die &#8220;mit Partisanentaktiken und <a rel=\"nofollow noopener\" target=\"_blank\" href=\"https:\/\/test.rtde.tech\/meinung\/142403-gefahr-fur-europa-nato-waffen\/\">modernem westlichen Kriegsger\u00e4t<\/a>&#8221; den Vormarsch der russischen Truppen verlangsamen w\u00fcrden. Dieser Ansatz werde nach Meinung des Generalinspekteurs vermutlich auch in den kommenden Wochen zu beobachten sein.\u00a0<\/p>\n<p>Erst am Samstag hatte das russische Verteidigungsministerium in einer Pressemitteilung \u00fcber eine dieser ukrainischen &#8220;Partisanentaktiken&#8221; gegen russische Armeeangeh\u00f6rige berichtet. Demnach habe sich am 31. Juli\u00a0in der N\u00e4he der Ortschaft Wassiljewka ein Giftstoffeinsatz gegen russische Armeeangeh\u00f6rige ereignet.\u00a0Mehrere Soldaten seien mit schweren Vergiftungserscheinungen in ein Milit\u00e4rspital eingeliefert worden. Russland warf der ukrainischen F\u00fchrung daraufhin vor, &#8220;Terroranschl\u00e4ge gegen russische Soldaten und Zivilisten&#8221; begangen zu haben. \u00a0\u00a0\u00a0\u00a0<\/p>\n<p><strong>Mehr zum Thema<\/strong> &#8211;\u00a0<a rel=\"nofollow noopener\" target=\"_blank\" href=\"https:\/\/test.rtde.tech\/meinung\/144519-es-ist-sache-nicht-wert\/\">&#8220;Es ist die Sache nicht wert&#8221; \u2013 Ukrainer wollen nicht f\u00fcr Selenskijs Ziele sterben<\/a><\/p>\n<p><br \/>\n<br \/><a href=\"https:\/\/de.rt.com\/inland\/146764-bundeswehr-generalinspekteur-eberhard-zorn-lehnt\/\">Source link <\/a><\/p>\n","protected":false},"excerpt":{"rendered":"<p>Der Generalinspekteur der Bundeswehr, General Eberhard Zorn, hat sich trotz des anhaltenden Personalmangels bei der Armee erneut gegen eine Wiedereinf\u00fchrung des verpflichtenden Wehrdienstes in Deutschland ausgesprochen. Die Aufgaben der Truppe h\u00e4tten sich gewandelt, erkl\u00e4rte Zorn im Gespr\u00e4ch mit der Mediengruppe Bayern. Sowohl die Ausr\u00fcstung als auch deren Bedienung seien demnach komplexer geworden. Infolgedessen br\u00e4uchten Soldaten [&hellip;]<\/p>\n","protected":false},"author":3,"featured_media":17449,"comment_status":"open","ping_status":"open","sticky":false,"template":"","format":"standard","meta":{"wp_automatic_camp":["217"],"19d6060d4b2ec181a8955fcdfc506e67":["Bundeswehr-Generalinspekteur Eberhard Zorn lehnt Wehrpflicht weiterhin ab"],"original_link":["https:\/\/de.rt.com\/inland\/146764-bundeswehr-generalinspekteur-eberhard-zorn-lehnt\/"],"_thumbnail_id":["17449"],"_wptg_p2tg_sent2tg":["2022-08-22 16:49:26"],"jnews_social_counter_last_update":["1777486220"]},"categories":[19,23],"tags":[31449,31450,2034,31451,4250,25497],"yoast_head":"<!-- This site is optimized with the Yoast SEO Premium plugin v22.7 (Yoast SEO v22.7) - https:\/\/yoast.com\/wordpress\/plugins\/seo\/ -->\n<title>Bundeswehr-Generalinspekteur Eberhard Zorn lehnt Wehrpflicht weiterhin ab - just-now.NEWS Deutschland<\/title>\n<meta name=\"robots\" content=\"index, follow, max-snippet:-1, max-image-preview:large, max-video-preview:-1\" \/>\n<link rel=\"canonical\" href=\"https:\/\/now-news.de\/de\/deutschland\/bundeswehr-generalinspekteur-eberhard-zorn-lehnt-wehrpflicht-weiterhin-ab\/\" \/>\n<meta property=\"og:locale\" content=\"de_DE\" \/>\n<meta property=\"og:type\" content=\"article\" \/>\n<meta property=\"og:title\" content=\"Bundeswehr-Generalinspekteur Eberhard Zorn lehnt Wehrpflicht weiterhin ab\" \/>\n<meta property=\"og:description\" content=\"Der Generalinspekteur der Bundeswehr, General Eberhard Zorn, hat sich trotz des anhaltenden Personalmangels bei der Armee erneut gegen eine Wiedereinf\u00fchrung des verpflichtenden Wehrdienstes in Deutschland ausgesprochen. Die Aufgaben der Truppe h\u00e4tten sich gewandelt, erkl\u00e4rte Zorn im Gespr\u00e4ch mit der Mediengruppe Bayern. Sowohl die Ausr\u00fcstung als auch deren Bedienung seien demnach komplexer geworden. Infolgedessen br\u00e4uchten Soldaten [&hellip;]\" \/>\n<meta property=\"og:url\" content=\"https:\/\/now-news.de\/de\/deutschland\/bundeswehr-generalinspekteur-eberhard-zorn-lehnt-wehrpflicht-weiterhin-ab\/\" \/>\n<meta property=\"og:site_name\" content=\"just-now.NEWS Deutschland\" \/>\n<meta property=\"article:publisher\" content=\"https:\/\/www.facebook.com\/wirmachenauf\" \/>\n<meta property=\"article:published_time\" content=\"2022-08-22T14:44:43+00:00\" \/>\n<meta property=\"og:image\" content=\"https:\/\/now-news.de\/de\/wp-content\/uploads\/sites\/3\/2022\/08\/Bundeswehr-Generalinspekteur-Eberhard-Zorn-lehnt-Wehrpflicht-weiterhin-ab.jpg\" \/>\n\t<meta property=\"og:image:width\" content=\"460\" \/>\n\t<meta property=\"og:image:height\" content=\"259\" \/>\n\t<meta property=\"og:image:type\" content=\"image\/jpeg\" \/>\n<meta name=\"author\" content=\"rtnews\" \/>\n<meta name=\"twitter:card\" content=\"summary_large_image\" \/>\n<meta name=\"twitter:creator\" content=\"@WirMachenAuf_de\" \/>\n<meta name=\"twitter:site\" content=\"@WirMachenAuf_de\" \/>\n<meta name=\"twitter:label1\" content=\"Verfasst von\" \/>\n\t<meta name=\"twitter:data1\" content=\"rtnews\" \/>\n\t<meta name=\"twitter:label2\" content=\"Gesch\u00e4tzte Lesezeit\" \/>\n\t<meta name=\"twitter:data2\" content=\"2\u00a0Minuten\" \/>\n<script type=\"application\/ld+json\" class=\"yoast-schema-graph\">{\"@context\":\"https:\/\/schema.org\",\"@graph\":[{\"@type\":\"Article\",\"@id\":\"https:\/\/now-news.de\/de\/deutschland\/bundeswehr-generalinspekteur-eberhard-zorn-lehnt-wehrpflicht-weiterhin-ab\/#article\",\"isPartOf\":{\"@id\":\"https:\/\/now-news.de\/de\/deutschland\/bundeswehr-generalinspekteur-eberhard-zorn-lehnt-wehrpflicht-weiterhin-ab\/\"},\"author\":{\"name\":\"rtnews\",\"@id\":\"https:\/\/now-news.de\/de\/#\/schema\/person\/fb534a4e865501d8b3285208df34a9b5\"},\"headline\":\"Bundeswehr-Generalinspekteur Eberhard Zorn lehnt Wehrpflicht weiterhin ab\",\"datePublished\":\"2022-08-22T14:44:43+00:00\",\"dateModified\":\"2022-08-22T14:44:43+00:00\",\"mainEntityOfPage\":{\"@id\":\"https:\/\/now-news.de\/de\/deutschland\/bundeswehr-generalinspekteur-eberhard-zorn-lehnt-wehrpflicht-weiterhin-ab\/\"},\"wordCount\":391,\"commentCount\":0,\"publisher\":{\"@id\":\"https:\/\/now-news.de\/de\/#organization\"},\"image\":{\"@id\":\"https:\/\/now-news.de\/de\/deutschland\/bundeswehr-generalinspekteur-eberhard-zorn-lehnt-wehrpflicht-weiterhin-ab\/#primaryimage\"},\"thumbnailUrl\":\"https:\/\/now-news.de\/de\/wp-content\/uploads\/sites\/3\/2022\/08\/Bundeswehr-Generalinspekteur-Eberhard-Zorn-lehnt-Wehrpflicht-weiterhin-ab.jpg\",\"keywords\":[\"BundeswehrGeneralinspekteur\",\"Eberhard\",\"lehnt\",\"Wehrpflicht\",\"weiterhin\",\"Zorn\"],\"articleSection\":[\"Deutschland\",\"Russland\"],\"inLanguage\":\"de\",\"potentialAction\":[{\"@type\":\"CommentAction\",\"name\":\"Comment\",\"target\":[\"https:\/\/now-news.de\/de\/deutschland\/bundeswehr-generalinspekteur-eberhard-zorn-lehnt-wehrpflicht-weiterhin-ab\/#respond\"]}]},{\"@type\":\"WebPage\",\"@id\":\"https:\/\/now-news.de\/de\/deutschland\/bundeswehr-generalinspekteur-eberhard-zorn-lehnt-wehrpflicht-weiterhin-ab\/\",\"url\":\"https:\/\/now-news.de\/de\/deutschland\/bundeswehr-generalinspekteur-eberhard-zorn-lehnt-wehrpflicht-weiterhin-ab\/\",\"name\":\"Bundeswehr-Generalinspekteur Eberhard Zorn lehnt Wehrpflicht weiterhin ab - just-now.NEWS Deutschland\",\"isPartOf\":{\"@id\":\"https:\/\/now-news.de\/de\/#website\"},\"primaryImageOfPage\":{\"@id\":\"https:\/\/now-news.de\/de\/deutschland\/bundeswehr-generalinspekteur-eberhard-zorn-lehnt-wehrpflicht-weiterhin-ab\/#primaryimage\"},\"image\":{\"@id\":\"https:\/\/now-news.de\/de\/deutschland\/bundeswehr-generalinspekteur-eberhard-zorn-lehnt-wehrpflicht-weiterhin-ab\/#primaryimage\"},\"thumbnailUrl\":\"https:\/\/now-news.de\/de\/wp-content\/uploads\/sites\/3\/2022\/08\/Bundeswehr-Generalinspekteur-Eberhard-Zorn-lehnt-Wehrpflicht-weiterhin-ab.jpg\",\"datePublished\":\"2022-08-22T14:44:43+00:00\",\"dateModified\":\"2022-08-22T14:44:43+00:00\",\"breadcrumb\":{\"@id\":\"https:\/\/now-news.de\/de\/deutschland\/bundeswehr-generalinspekteur-eberhard-zorn-lehnt-wehrpflicht-weiterhin-ab\/#breadcrumb\"},\"inLanguage\":\"de\",\"potentialAction\":[{\"@type\":\"ReadAction\",\"target\":[\"https:\/\/now-news.de\/de\/deutschland\/bundeswehr-generalinspekteur-eberhard-zorn-lehnt-wehrpflicht-weiterhin-ab\/\"]}]},{\"@type\":\"ImageObject\",\"inLanguage\":\"de\",\"@id\":\"https:\/\/now-news.de\/de\/deutschland\/bundeswehr-generalinspekteur-eberhard-zorn-lehnt-wehrpflicht-weiterhin-ab\/#primaryimage\",\"url\":\"https:\/\/now-news.de\/de\/wp-content\/uploads\/sites\/3\/2022\/08\/Bundeswehr-Generalinspekteur-Eberhard-Zorn-lehnt-Wehrpflicht-weiterhin-ab.jpg\",\"contentUrl\":\"https:\/\/now-news.de\/de\/wp-content\/uploads\/sites\/3\/2022\/08\/Bundeswehr-Generalinspekteur-Eberhard-Zorn-lehnt-Wehrpflicht-weiterhin-ab.jpg\",\"width\":460,\"height\":259,\"caption\":\"Bundeswehr-Generalinspekteur Eberhard Zorn lehnt Wehrpflicht weiterhin ab\"},{\"@type\":\"BreadcrumbList\",\"@id\":\"https:\/\/now-news.de\/de\/deutschland\/bundeswehr-generalinspekteur-eberhard-zorn-lehnt-wehrpflicht-weiterhin-ab\/#breadcrumb\",\"itemListElement\":[{\"@type\":\"ListItem\",\"position\":1,\"name\":\"Home\",\"item\":\"https:\/\/now-news.de\/de\/\"},{\"@type\":\"ListItem\",\"position\":2,\"name\":\"Bundeswehr-Generalinspekteur Eberhard Zorn lehnt Wehrpflicht weiterhin ab\"}]},{\"@type\":\"WebSite\",\"@id\":\"https:\/\/now-news.de\/de\/#website\",\"url\":\"https:\/\/now-news.de\/de\/\",\"name\":\"just-now.NEWS Deutschland\",\"description\":\"Das Portal f\u00fcr unzensierte Nachrichten aus der Welt\",\"publisher\":{\"@id\":\"https:\/\/now-news.de\/de\/#organization\"},\"potentialAction\":[{\"@type\":\"SearchAction\",\"target\":{\"@type\":\"EntryPoint\",\"urlTemplate\":\"https:\/\/now-news.de\/de\/?s={search_term_string}\"},\"query-input\":\"required name=search_term_string\"}],\"inLanguage\":\"de\"},{\"@type\":\"Organization\",\"@id\":\"https:\/\/now-news.de\/de\/#organization\",\"name\":\"Just Now News\",\"url\":\"https:\/\/now-news.de\/de\/\",\"logo\":{\"@type\":\"ImageObject\",\"inLanguage\":\"de\",\"@id\":\"https:\/\/now-news.de\/de\/#\/schema\/logo\/image\/\",\"url\":\"http:\/\/just-now.news\/de\/wp-content\/uploads\/sites\/3\/2022\/04\/logo500x500.jpg\",\"contentUrl\":\"http:\/\/just-now.news\/de\/wp-content\/uploads\/sites\/3\/2022\/04\/logo500x500.jpg\",\"width\":500,\"height\":500,\"caption\":\"Just Now News\"},\"image\":{\"@id\":\"https:\/\/now-news.de\/de\/#\/schema\/logo\/image\/\"},\"sameAs\":[\"https:\/\/www.facebook.com\/wirmachenauf\",\"https:\/\/x.com\/WirMachenAuf_de\"]},{\"@type\":\"Person\",\"@id\":\"https:\/\/now-news.de\/de\/#\/schema\/person\/fb534a4e865501d8b3285208df34a9b5\",\"name\":\"rtnews\",\"image\":{\"@type\":\"ImageObject\",\"inLanguage\":\"de\",\"@id\":\"https:\/\/now-news.de\/de\/#\/schema\/person\/image\/\",\"url\":\"https:\/\/secure.gravatar.com\/avatar\/82aafea7d8127119dd649515f56e2117?s=96&d=mm&r=g\",\"contentUrl\":\"https:\/\/secure.gravatar.com\/avatar\/82aafea7d8127119dd649515f56e2117?s=96&d=mm&r=g\",\"caption\":\"rtnews\"},\"url\":\"https:\/\/now-news.de\/de\/author\/rnews\/\"}]}<\/script>\n<!-- \/ Yoast SEO Premium plugin. -->","yoast_head_json":{"title":"Bundeswehr-Generalinspekteur Eberhard Zorn lehnt Wehrpflicht weiterhin ab - just-now.NEWS Deutschland","robots":{"index":"index","follow":"follow","max-snippet":"max-snippet:-1","max-image-preview":"max-image-preview:large","max-video-preview":"max-video-preview:-1"},"canonical":"https:\/\/now-news.de\/de\/deutschland\/bundeswehr-generalinspekteur-eberhard-zorn-lehnt-wehrpflicht-weiterhin-ab\/","og_locale":"de_DE","og_type":"article","og_title":"Bundeswehr-Generalinspekteur Eberhard Zorn lehnt Wehrpflicht weiterhin ab","og_description":"Der Generalinspekteur der Bundeswehr, General Eberhard Zorn, hat sich trotz des anhaltenden Personalmangels bei der Armee erneut gegen eine Wiedereinf\u00fchrung des verpflichtenden Wehrdienstes in Deutschland ausgesprochen. Die Aufgaben der Truppe h\u00e4tten sich gewandelt, erkl\u00e4rte Zorn im Gespr\u00e4ch mit der Mediengruppe Bayern. Sowohl die Ausr\u00fcstung als auch deren Bedienung seien demnach komplexer geworden. Infolgedessen br\u00e4uchten Soldaten [&hellip;]","og_url":"https:\/\/now-news.de\/de\/deutschland\/bundeswehr-generalinspekteur-eberhard-zorn-lehnt-wehrpflicht-weiterhin-ab\/","og_site_name":"just-now.NEWS Deutschland","article_publisher":"https:\/\/www.facebook.com\/wirmachenauf","article_published_time":"2022-08-22T14:44:43+00:00","og_image":[{"width":460,"height":259,"url":"https:\/\/now-news.de\/de\/wp-content\/uploads\/sites\/3\/2022\/08\/Bundeswehr-Generalinspekteur-Eberhard-Zorn-lehnt-Wehrpflicht-weiterhin-ab.jpg","type":"image\/jpeg"}],"author":"rtnews","twitter_card":"summary_large_image","twitter_creator":"@WirMachenAuf_de","twitter_site":"@WirMachenAuf_de","twitter_misc":{"Verfasst von":"rtnews","Gesch\u00e4tzte Lesezeit":"2\u00a0Minuten"},"schema":{"@context":"https:\/\/schema.org","@graph":[{"@type":"Article","@id":"https:\/\/now-news.de\/de\/deutschland\/bundeswehr-generalinspekteur-eberhard-zorn-lehnt-wehrpflicht-weiterhin-ab\/#article","isPartOf":{"@id":"https:\/\/now-news.de\/de\/deutschland\/bundeswehr-generalinspekteur-eberhard-zorn-lehnt-wehrpflicht-weiterhin-ab\/"},"author":{"name":"rtnews","@id":"https:\/\/now-news.de\/de\/#\/schema\/person\/fb534a4e865501d8b3285208df34a9b5"},"headline":"Bundeswehr-Generalinspekteur Eberhard Zorn lehnt Wehrpflicht weiterhin ab","datePublished":"2022-08-22T14:44:43+00:00","dateModified":"2022-08-22T14:44:43+00:00","mainEntityOfPage":{"@id":"https:\/\/now-news.de\/de\/deutschland\/bundeswehr-generalinspekteur-eberhard-zorn-lehnt-wehrpflicht-weiterhin-ab\/"},"wordCount":391,"commentCount":0,"publisher":{"@id":"https:\/\/now-news.de\/de\/#organization"},"image":{"@id":"https:\/\/now-news.de\/de\/deutschland\/bundeswehr-generalinspekteur-eberhard-zorn-lehnt-wehrpflicht-weiterhin-ab\/#primaryimage"},"thumbnailUrl":"https:\/\/now-news.de\/de\/wp-content\/uploads\/sites\/3\/2022\/08\/Bundeswehr-Generalinspekteur-Eberhard-Zorn-lehnt-Wehrpflicht-weiterhin-ab.jpg","keywords":["BundeswehrGeneralinspekteur","Eberhard","lehnt","Wehrpflicht","weiterhin","Zorn"],"articleSection":["Deutschland","Russland"],"inLanguage":"de","potentialAction":[{"@type":"CommentAction","name":"Comment","target":["https:\/\/now-news.de\/de\/deutschland\/bundeswehr-generalinspekteur-eberhard-zorn-lehnt-wehrpflicht-weiterhin-ab\/#respond"]}]},{"@type":"WebPage","@id":"https:\/\/now-news.de\/de\/deutschland\/bundeswehr-generalinspekteur-eberhard-zorn-lehnt-wehrpflicht-weiterhin-ab\/","url":"https:\/\/now-news.de\/de\/deutschland\/bundeswehr-generalinspekteur-eberhard-zorn-lehnt-wehrpflicht-weiterhin-ab\/","name":"Bundeswehr-Generalinspekteur Eberhard Zorn lehnt Wehrpflicht weiterhin ab - just-now.NEWS Deutschland","isPartOf":{"@id":"https:\/\/now-news.de\/de\/#website"},"primaryImageOfPage":{"@id":"https:\/\/now-news.de\/de\/deutschland\/bundeswehr-generalinspekteur-eberhard-zorn-lehnt-wehrpflicht-weiterhin-ab\/#primaryimage"},"image":{"@id":"https:\/\/now-news.de\/de\/deutschland\/bundeswehr-generalinspekteur-eberhard-zorn-lehnt-wehrpflicht-weiterhin-ab\/#primaryimage"},"thumbnailUrl":"https:\/\/now-news.de\/de\/wp-content\/uploads\/sites\/3\/2022\/08\/Bundeswehr-Generalinspekteur-Eberhard-Zorn-lehnt-Wehrpflicht-weiterhin-ab.jpg","datePublished":"2022-08-22T14:44:43+00:00","dateModified":"2022-08-22T14:44:43+00:00","breadcrumb":{"@id":"https:\/\/now-news.de\/de\/deutschland\/bundeswehr-generalinspekteur-eberhard-zorn-lehnt-wehrpflicht-weiterhin-ab\/#breadcrumb"},"inLanguage":"de","potentialAction":[{"@type":"ReadAction","target":["https:\/\/now-news.de\/de\/deutschland\/bundeswehr-generalinspekteur-eberhard-zorn-lehnt-wehrpflicht-weiterhin-ab\/"]}]},{"@type":"ImageObject","inLanguage":"de","@id":"https:\/\/now-news.de\/de\/deutschland\/bundeswehr-generalinspekteur-eberhard-zorn-lehnt-wehrpflicht-weiterhin-ab\/#primaryimage","url":"https:\/\/now-news.de\/de\/wp-content\/uploads\/sites\/3\/2022\/08\/Bundeswehr-Generalinspekteur-Eberhard-Zorn-lehnt-Wehrpflicht-weiterhin-ab.jpg","contentUrl":"https:\/\/now-news.de\/de\/wp-content\/uploads\/sites\/3\/2022\/08\/Bundeswehr-Generalinspekteur-Eberhard-Zorn-lehnt-Wehrpflicht-weiterhin-ab.jpg","width":460,"height":259,"caption":"Bundeswehr-Generalinspekteur Eberhard Zorn lehnt Wehrpflicht weiterhin ab"},{"@type":"BreadcrumbList","@id":"https:\/\/now-news.de\/de\/deutschland\/bundeswehr-generalinspekteur-eberhard-zorn-lehnt-wehrpflicht-weiterhin-ab\/#breadcrumb","itemListElement":[{"@type":"ListItem","position":1,"name":"Home","item":"https:\/\/now-news.de\/de\/"},{"@type":"ListItem","position":2,"name":"Bundeswehr-Generalinspekteur Eberhard Zorn lehnt Wehrpflicht weiterhin ab"}]},{"@type":"WebSite","@id":"https:\/\/now-news.de\/de\/#website","url":"https:\/\/now-news.de\/de\/","name":"just-now.NEWS Deutschland","description":"Das Portal f\u00fcr unzensierte Nachrichten aus der Welt","publisher":{"@id":"https:\/\/now-news.de\/de\/#organization"},"potentialAction":[{"@type":"SearchAction","target":{"@type":"EntryPoint","urlTemplate":"https:\/\/now-news.de\/de\/?s={search_term_string}"},"query-input":"required name=search_term_string"}],"inLanguage":"de"},{"@type":"Organization","@id":"https:\/\/now-news.de\/de\/#organization","name":"Just Now News","url":"https:\/\/now-news.de\/de\/","logo":{"@type":"ImageObject","inLanguage":"de","@id":"https:\/\/now-news.de\/de\/#\/schema\/logo\/image\/","url":"http:\/\/just-now.news\/de\/wp-content\/uploads\/sites\/3\/2022\/04\/logo500x500.jpg","contentUrl":"http:\/\/just-now.news\/de\/wp-content\/uploads\/sites\/3\/2022\/04\/logo500x500.jpg","width":500,"height":500,"caption":"Just Now News"},"image":{"@id":"https:\/\/now-news.de\/de\/#\/schema\/logo\/image\/"},"sameAs":["https:\/\/www.facebook.com\/wirmachenauf","https:\/\/x.com\/WirMachenAuf_de"]},{"@type":"Person","@id":"https:\/\/now-news.de\/de\/#\/schema\/person\/fb534a4e865501d8b3285208df34a9b5","name":"rtnews","image":{"@type":"ImageObject","inLanguage":"de","@id":"https:\/\/now-news.de\/de\/#\/schema\/person\/image\/","url":"https:\/\/secure.gravatar.com\/avatar\/82aafea7d8127119dd649515f56e2117?s=96&d=mm&r=g","contentUrl":"https:\/\/secure.gravatar.com\/avatar\/82aafea7d8127119dd649515f56e2117?s=96&d=mm&r=g","caption":"rtnews"},"url":"https:\/\/now-news.de\/de\/author\/rnews\/"}]}},"_links":{"self":[{"href":"https:\/\/now-news.de\/de\/wp-json\/wp\/v2\/posts\/17448"}],"collection":[{"href":"https:\/\/now-news.de\/de\/wp-json\/wp\/v2\/posts"}],"about":[{"href":"https:\/\/now-news.de\/de\/wp-json\/wp\/v2\/types\/post"}],"author":[{"embeddable":true,"href":"https:\/\/now-news.de\/de\/wp-json\/wp\/v2\/users\/3"}],"replies":[{"embeddable":true,"href":"https:\/\/now-news.de\/de\/wp-json\/wp\/v2\/comments?post=17448"}],"version-history":[{"count":0,"href":"https:\/\/now-news.de\/de\/wp-json\/wp\/v2\/posts\/17448\/revisions"}],"wp:featuredmedia":[{"embeddable":true,"href":"https:\/\/now-news.de\/de\/wp-json\/wp\/v2\/media\/17449"}],"wp:attachment":[{"href":"https:\/\/now-news.de\/de\/wp-json\/wp\/v2\/media?parent=17448"}],"wp:term":[{"taxonomy":"category","embeddable":true,"href":"https:\/\/now-news.de\/de\/wp-json\/wp\/v2\/categories?post=17448"},{"taxonomy":"post_tag","embeddable":true,"href":"https:\/\/now-news.de\/de\/wp-json\/wp\/v2\/tags?post=17448"}],"curies":[{"name":"wp","href":"https:\/\/api.w.org\/{rel}","templated":true}]}}