{"id":17411,"date":"2022-08-22T08:49:40","date_gmt":"2022-08-22T06:49:40","guid":{"rendered":"http:\/\/just-now.news\/de\/deutschland\/deutsche-stiefel-auf-dem-balkan-zwischen-friedensmission-und-traumatischen-erinnerungen\/"},"modified":"2022-08-22T08:49:40","modified_gmt":"2022-08-22T06:49:40","slug":"deutsche-stiefel-auf-dem-balkan-zwischen-friedensmission-und-traumatischen-erinnerungen","status":"publish","type":"post","link":"https:\/\/now-news.de\/de\/deutschland\/deutsche-stiefel-auf-dem-balkan-zwischen-friedensmission-und-traumatischen-erinnerungen\/","title":{"rendered":"Deutsche Stiefel auf dem Balkan: Zwischen Friedensmission und traumatischen Erinnerungen"},"content":{"rendered":"<p><img decoding=\"async\" src=\"http:\/\/just-now.news\/de\/wp-content\/uploads\/sites\/3\/2022\/08\/6303270048fbef4d0b2cdbce.jpg\" \/><\/p>\n<p><em>Eine Analyse von Marinko U\u010dur<\/em><em> <br \/><\/em><br \/> Die j\u00fcngste Ankunft einer Gruppe von 50 deutschen Soldaten in Bosnien und Herzegowina hat die Stimmung in jener multinationalen Gemeinschaft, die von wirtschaftlichen Problemen und ethnischen Spannungen belastet ist, weiter aufgew\u00fchlt. Die Deutschen kommen als Verst\u00e4rkung der EUFOR-Mission und nennen als Grund die &#8220;angespannte innenpolitische Lage und Russlands Einflussnahmeversuche&#8221;, obwohl Moskau bisher unz\u00e4hlige Male hervorgehoben hat, es unterst\u00fctze die Integrit\u00e4t der durch das Abkommen von Dayton aus zwei Entit\u00e4ten und drei konstitutiven V\u00f6lkern geschaffenen Gemeinschaft.<\/p>\n<p>Solche Zusicherungen kommen offenbar nicht zu Ohren der Berliner Entscheidungstr\u00e4ger, insbesondere der deutschen Au\u00dfenministerin Annalena Baerbock, der lautesten Bef\u00fcrworterin der Entsendung deutscher Soldaten auf den Balkan. So gab der Bundestag ohne gro\u00dfen Widerstand der Bundeswehr gr\u00fcnes Licht, sich der Althea-Mission mit einer symbolischen Zahl von nur 50\u00a0Mann anzuschlie\u00dfen. Die Entscheidung des Deutschen Bundestages hat in der Republika Srpska angesichts der traumatischen Erfahrungen\u00a0in der Vergangenheit, insbesondere w\u00e4hrend des Zweiten Weltkriegs, alte \u00c4ngste und Bedenken bez\u00fcglich der guten Absichten Deutschlands und seiner Truppen geweckt.<\/p>\n<p>Die Serben vergessen auch nicht die Rolle Deutschlands beim blutigen Zerfall des ehemaligen Jugoslawiens w\u00e4hrend der B\u00fcrgerkriege in den 90er Jahren des letzten Jahrhunderts sowie die Tatsache, dass die Deutschen fast immer auf der Seite der Feinde Serbiens\u00a0standen. Zur Verkomplizierung der Sache tragen die Vertreter der beiden anderen V\u00f6lker in Bosnien und Herzegowina bei: die Kroaten, aber vor allem die Bosniaken, die die Ankunft der deutschen Soldaten fast mit Beifall begr\u00fc\u00dften.<\/p>\n<p>Dadurch wurde ihre Pr\u00e4senz in diesem Land weiter problematisiert, und Politiker\u00a0sowie irgendwelche Analysten schalteten sich sofort in die Diskussion \u00fcber die Zweckm\u00e4\u00dfigkeit ihrer Ankunft und ihres Aufenthalts ein.\u00a0Je nach nationaler Zugeh\u00f6rigkeit waren diese wiederum F\u00dcR oder GEGEN die neueste Entwicklung der Lage. Die angebliche Absicht Russlands, die Stabilit\u00e4t und Sicherheit des Landes zu untergraben, welche der Bundestag als Begr\u00fcndung geschluckt hat, versuchte wenig \u00fcberzeugend der ehemalige Leiter der Milit\u00e4rvertretung bei der NATO, Alija Ko\u017eljak, zu erkl\u00e4ren:<\/p>\n<blockquote>\n<p><em>&#8220;Die Botschaft, die an Bosnien und Herzegowina gesendet wird, lautet, dass diejenigen Kr\u00e4fte, die im Namen der Russischen F\u00f6deration die Stabilit\u00e4t und Sicherheit in Bosnien und Herzegowina untergraben, definitiv auf ein Hindernis sto\u00dfen werden, denn dies ist auch eine Best\u00e4tigung der Entschlossenheit der EUFOR, dass Frieden und Stabilit\u00e4t nicht in Frage gestellt werden.&#8221;<\/em><\/p>\n<\/blockquote>\n<p>Und weiter:<\/p>\n<blockquote>\n<p><em>&#8220;Es ist offensichtlich, dass es sich um koordinierte Aktivit\u00e4ten sowohl der NATO als auch der EU handelt, da diese Entscheidungen nach dem j\u00fcngsten NATO-Gipfel in Madrid getroffen wurden, wo in Zusammenarbeit mit der EU eine Entscheidung \u00fcber politische und praktische Unterst\u00fctzung f\u00fcr Bosnien und Herzegowina getroffen wurde, und Deutschland tut genau das, indem es politische und praktische Unterst\u00fctzung in dieses Land entsendet.&#8221;<\/em><\/p>\n<\/blockquote>\n<p>Ko\u017eljak behauptete zudem, dass sich das moderne Deutschland l\u00e4ngst\u00a0von seiner Nazi-Vergangenheit verabschiedet habe und dass es keinen Platz f\u00fcr Angst vor dem modernen Deutschland und seinen Soldaten gebe. Hiervon lie\u00df sich die andere Seite allerdings nicht beirren, da sie der immer h\u00e4ufigeren Demonstration deutscher Milit\u00e4rmacht, einschlie\u00dflich dieses j\u00fcngsten deutschen &#8220;Vorsto\u00dfes auf den Balkan&#8221; skeptisch gegen\u00fcbersteht. So sagte das serbische Mitglied der dreik\u00f6pfigen Pr\u00e4sidentschaft des Landes Milorad Dodik:<\/p>\n<blockquote>\n<p><em>&#8220;In diese milit\u00e4rische Struktur k\u00f6nnen wir kein Vertrauen haben, wenn man bedenkt, dass durch diese Entschlie\u00dfung des Bundestages ein Eingriff in die verfassungsrechtliche Ordnung angedeutet wurde, was eine typische Einmischung in die Angelegenheiten eines Landes ist<\/em>. <em>Wir werden auf alle Momente und Elemente hinweisen, warum ich dagegen bin. Deutschland kann hier, nicht nur aufgrund historischer, sondern auch aktueller Ans\u00e4tze gegen\u00fcber Bosnien und Herzegowina, absolut nicht das Vertrauen von uns Serben und der Republika Srpska genie\u00dfen, wenn man an die zuvor angenommene Entschlie\u00dfung des Bundestages denkt, in der steht, dass das politische System ge\u00e4ndert und alles auf die BiH-Ebene konzentriert und zentralisiert werden muss und die Entit\u00e4ten abzuschaffen sind. Wir k\u00f6nnen einer solchen Politik Deutschlands und seiner Pr\u00e4senz hier nicht vertrauen und sie nicht unterst\u00fctzen.&#8221;<\/em><\/p>\n<\/blockquote>\n<p>Zuvor hatte Dodik bereits erkl\u00e4rt, dass<\/p>\n<blockquote>\n<p><em>&#8220;Deutschland, das im Zweiten Weltkrieg die Ustascha dabei unterst\u00fctzte, hier die Serben zu t\u00f6ten und Konzentrationslager einzurichten, nun seine Streitkr\u00e4fte ank\u00fcndigt. Ihre Streitkr\u00e4fte sind hier in keiner Form willkommen und k\u00f6nnen nicht ohne die Entscheidung des Pr\u00e4sidiums von Bosnien und Herzegowina kommen. Ich \u00f6ffne Deutschland nicht eine Sekunde lang die T\u00fcr, hier mit seinen Truppen einzumarschieren.&#8221;<\/em><\/p>\n<\/blockquote>\n<p>Er dr\u00fcckte zudem sein Bedauern dar\u00fcber aus, dass er einst seine Zustimmung zur Verl\u00e4ngerung der Althea-Mission in Bosnien und Herzegowina gegeben habe. F\u00fcr einen unabh\u00e4ngigen Beobachter von au\u00dfen mag es scheinen, als ob sich die ausl\u00e4ndischen Soldaten wegen m\u00f6glicher Spannungen vor den f\u00fcr den 2. Oktober angesetzten Parlamentswahlen helfend in einem Land mit fragilem Frieden und br\u00fcchiger Stabilit\u00e4t positionieren wollen. Es gibt aber auch Stimmen, die behaupten, die NATO versuche, sich aufgrund des fehlenden Konsenses in Bosnien und Herzegowina bez\u00fcglich eines Beitritts zum Milit\u00e4rb\u00fcndnis besser zu positionieren.<\/p>\n<p>Die Republika Srpska, eine der beiden Entit\u00e4ten des Landes, ist entschieden gegen die M\u00f6glichkeit, dass BiH Mitglied eines Milit\u00e4rb\u00fcndnisses werde. Sowohl die Regierung als auch die Opposition in dieser Entit\u00e4t bestehen stattdessen auf Neutralit\u00e4t, was im \u00fcbrigen auch die offizielle Au\u00dfenpolitik Serbiens ist. F\u00fcr die NATO ist das eine neue Herausforderung sowie eine neue Unbekannte, und daher die Eile, EUFOR mit zus\u00e4tzlichen Soldaten aufzustocken.<\/p>\n<p>Hinzu kommt noch, dass das derzeitige Mandat der EUFOR-Mission im November ausl\u00e4uft und es Sache des Sicherheitsrates der\u00a0Vereinten Nationen ist, \u00fcber die Verl\u00e4ngerung um ein weiteres Jahr zu entscheiden. Allerdings bef\u00fcrchten Strategen des westlichen Milit\u00e4rb\u00fcndnisses und Politiker in Br\u00fcssel, dass Russland dann ein Veto gegen die Verl\u00e4ngerung des Mandats einlegen k\u00f6nnte, welche die am l\u00e4ngsten andauernde Bodenmilit\u00e4roperation der Europ\u00e4ischen Union und die einzige mit Exekutivmandat f\u00fcr die Gewaltanwendung in Krisensituationen ist.\u00a0<\/p>\n<p>Deutschland ist in der vergangenen Woche auf eine andere, diesmal skurrile Weise ins Rampenlicht nicht nur der Balkan-\u00d6ffentlichkeit ger\u00fcckt. Tats\u00e4chlich ist der Diplomat Christian Schmidt, seines Zeichens ehemaliger Landwirtschaftsminister in der Regierung Angela Merkel und sp\u00e4ter auf den Posten des Hohen Repr\u00e4sentanten (OHR) bestellt, der wahre Schuldige daf\u00fcr.<\/p>\n<p>Angesichts einer zunehmenden Ablehnung dieser Personalie seitens der Regierung der Republika Srpska, weil Schmidt nicht nach der standardm\u00e4\u00dfigen Verfahrensweise und Entscheidungsfindung des UN-Sicherheitsrates ernannt wurde, sowie dem Umstand, dass Russland und China gegen seine Ernennung zum Leiter des OHR waren, hat dieser nun auf die Frage eines Journalisten &#8220;die Nerven verloren&#8221; und sich sehr undiplomatisch verhalten.<\/p>\n<p>Ein Video der entscheidenden Pressekonferenz kursiert seit Tagen in den sozialen Medien und stellt den &#8220;deutschen Touristen Schmidt&#8221;, wie sie ihn hier nennen, in einem ganz anderen Licht dar \u2026 weshalb er von zahlreichen Medien, besonders von jenen aus seiner Heimat Deutschland, an den Pranger gestellt wird:\u00a0<\/p>\n<blockquote>\n<p><em>&#8220;M\u00fcll!!! Totaler Quatsch! Leute, ich sitze oder stehe hier nicht rum, ich k\u00fcmmere mich um dieses Land. Dies ist eine Stadt, in der Menschen ihr Leben verloren haben, und wir sind nicht hier, um politische Spielchen zu spielen. Und in diesem Land spielen die Leute politische Spielchen \u2013 nicht die Menschen, sondern die Politiker. Ich habe genug davon. Stellen Sie Ihre Fragen, aber beachten Sie, wie ich Entscheidungen treffe und mit Menschen umgehe. Entschuldigen Sie, dass ich so offen bin, aber es steht mir bis hier mit all diesen Beschimpfungen, die v\u00f6llig falsch sind.&#8221;<\/em><\/p>\n<\/blockquote>\n<div class=\"EmbedBlock-root EmbedBlock-twitter\">\n<div class=\"TwitterEmbed\">\n<blockquote class=\"twitter-tweet lazyload\" data-twitter=\"twitter-tweet\">\n<p lang=\"en\" dir=\"ltr\"><a rel=\"nofollow noopener\" target=\"_blank\" href=\"https:\/\/twitter.com\/hashtag\/BiH?src=hash&amp;ref_src=twsrc%5Etfw\">#BiH<\/a> ????????: Following numerous chaotic and destabilizing moves over the past few weeks, <a rel=\"nofollow noopener\" target=\"_blank\" href=\"https:\/\/twitter.com\/OHR_BiH?ref_src=twsrc%5Etfw\">@OHR_BiH<\/a> Christian Schmidt has once again shown that he is not the right pick for this role. He should simply resign before he puts Bosnia into complete disarray.<a rel=\"nofollow noopener\" target=\"_blank\" href=\"https:\/\/t.co\/WR73GxKaes\">pic.twitter.com\/WR73GxKaes<\/a><\/p>\n<p>\u2014 Jakub Bielamowicz (@KubaBielamowicz) <a rel=\"nofollow noopener\" target=\"_blank\" href=\"https:\/\/twitter.com\/KubaBielamowicz\/status\/1559997483765403648?ref_src=twsrc%5Etfw\">August 17, 2022<\/a><\/p><\/blockquote><\/div><\/div>\n<p><strong>Mehr zum Thema<\/strong> &#8211; <a rel=\"nofollow noopener\" target=\"_blank\" href=\"https:\/\/de.rt.com\/meinung\/134687-weg-zum-krieg-in-ukraine\/\">Der Weg zum Krieg in der Ukraine begann 1999 im Kosovo<\/a><\/p>\n<p><script async src=\"https:\/\/platform.twitter.com\/widgets.js\" charset=\"utf-8\"><\/script><br \/>\n<br \/><br \/>\n<br \/><a href=\"https:\/\/de.rt.com\/europa\/146717-deutsche-stiefel-auf-balkan-zwischen\/\">Source link <\/a><\/p>\n","protected":false},"excerpt":{"rendered":"<p>Eine Analyse von Marinko U\u010dur Die j\u00fcngste Ankunft einer Gruppe von 50 deutschen Soldaten in Bosnien und Herzegowina hat die Stimmung in jener multinationalen Gemeinschaft, die von wirtschaftlichen Problemen und ethnischen Spannungen belastet ist, weiter aufgew\u00fchlt. Die Deutschen kommen als Verst\u00e4rkung der EUFOR-Mission und nennen als Grund die &#8220;angespannte innenpolitische Lage und Russlands Einflussnahmeversuche&#8221;, obwohl [&hellip;]<\/p>\n","protected":false},"author":3,"featured_media":17412,"comment_status":"open","ping_status":"open","sticky":false,"template":"","format":"standard","meta":{"wp_automatic_camp":["217"],"31a271c85d2212147f332d9c075b0c67":["Deutsche Stiefel auf dem Balkan: Zwischen Friedensmission und traumatischen Erinnerungen"],"original_link":["https:\/\/de.rt.com\/europa\/146717-deutsche-stiefel-auf-balkan-zwischen\/"],"_thumbnail_id":["17412"],"_wptg_p2tg_sent2tg":["2022-08-22 09:00:36"],"jnews_social_counter_last_update":["1777641759"]},"categories":[19,23],"tags":[133,28537,134,2374,14677,31416,31415,31417,140,436],"yoast_head":"<!-- This site is optimized with the Yoast SEO Premium plugin v22.7 (Yoast SEO v22.7) - https:\/\/yoast.com\/wordpress\/plugins\/seo\/ -->\n<title>Deutsche Stiefel auf dem Balkan: Zwischen Friedensmission und traumatischen Erinnerungen - just-now.NEWS Deutschland<\/title>\n<meta name=\"robots\" content=\"index, follow, max-snippet:-1, max-image-preview:large, max-video-preview:-1\" \/>\n<link rel=\"canonical\" href=\"https:\/\/now-news.de\/de\/deutschland\/deutsche-stiefel-auf-dem-balkan-zwischen-friedensmission-und-traumatischen-erinnerungen\/\" \/>\n<meta property=\"og:locale\" content=\"de_DE\" \/>\n<meta property=\"og:type\" content=\"article\" \/>\n<meta property=\"og:title\" content=\"Deutsche Stiefel auf dem Balkan: Zwischen Friedensmission und traumatischen Erinnerungen\" \/>\n<meta property=\"og:description\" content=\"Eine Analyse von Marinko U\u010dur Die j\u00fcngste Ankunft einer Gruppe von 50 deutschen Soldaten in Bosnien und Herzegowina hat die Stimmung in jener multinationalen Gemeinschaft, die von wirtschaftlichen Problemen und ethnischen Spannungen belastet ist, weiter aufgew\u00fchlt. Die Deutschen kommen als Verst\u00e4rkung der EUFOR-Mission und nennen als Grund die &#8220;angespannte innenpolitische Lage und Russlands Einflussnahmeversuche&#8221;, obwohl [&hellip;]\" \/>\n<meta property=\"og:url\" content=\"https:\/\/now-news.de\/de\/deutschland\/deutsche-stiefel-auf-dem-balkan-zwischen-friedensmission-und-traumatischen-erinnerungen\/\" \/>\n<meta property=\"og:site_name\" content=\"just-now.NEWS Deutschland\" \/>\n<meta property=\"article:publisher\" content=\"https:\/\/www.facebook.com\/wirmachenauf\" \/>\n<meta property=\"article:published_time\" content=\"2022-08-22T06:49:40+00:00\" \/>\n<meta property=\"og:image\" content=\"https:\/\/now-news.de\/de\/wp-content\/uploads\/sites\/3\/2022\/08\/Deutsche-Stiefel-auf-dem-Balkan-Zwischen-Friedensmission-und-traumatischen-Erinnerungen.jpg\" \/>\n\t<meta property=\"og:image:width\" content=\"460\" \/>\n\t<meta property=\"og:image:height\" content=\"259\" \/>\n\t<meta property=\"og:image:type\" content=\"image\/jpeg\" \/>\n<meta name=\"author\" content=\"rtnews\" \/>\n<meta name=\"twitter:card\" content=\"summary_large_image\" \/>\n<meta name=\"twitter:creator\" content=\"@WirMachenAuf_de\" \/>\n<meta name=\"twitter:site\" content=\"@WirMachenAuf_de\" \/>\n<meta name=\"twitter:label1\" content=\"Verfasst von\" \/>\n\t<meta name=\"twitter:data1\" content=\"rtnews\" \/>\n\t<meta name=\"twitter:label2\" content=\"Gesch\u00e4tzte Lesezeit\" \/>\n\t<meta name=\"twitter:data2\" content=\"7\u00a0Minuten\" \/>\n<script type=\"application\/ld+json\" class=\"yoast-schema-graph\">{\"@context\":\"https:\/\/schema.org\",\"@graph\":[{\"@type\":\"Article\",\"@id\":\"https:\/\/now-news.de\/de\/deutschland\/deutsche-stiefel-auf-dem-balkan-zwischen-friedensmission-und-traumatischen-erinnerungen\/#article\",\"isPartOf\":{\"@id\":\"https:\/\/now-news.de\/de\/deutschland\/deutsche-stiefel-auf-dem-balkan-zwischen-friedensmission-und-traumatischen-erinnerungen\/\"},\"author\":{\"name\":\"rtnews\",\"@id\":\"https:\/\/now-news.de\/de\/#\/schema\/person\/fb534a4e865501d8b3285208df34a9b5\"},\"headline\":\"Deutsche Stiefel auf dem Balkan: Zwischen Friedensmission und traumatischen Erinnerungen\",\"datePublished\":\"2022-08-22T06:49:40+00:00\",\"dateModified\":\"2022-08-22T06:49:40+00:00\",\"mainEntityOfPage\":{\"@id\":\"https:\/\/now-news.de\/de\/deutschland\/deutsche-stiefel-auf-dem-balkan-zwischen-friedensmission-und-traumatischen-erinnerungen\/\"},\"wordCount\":1343,\"commentCount\":0,\"publisher\":{\"@id\":\"https:\/\/now-news.de\/de\/#organization\"},\"image\":{\"@id\":\"https:\/\/now-news.de\/de\/deutschland\/deutsche-stiefel-auf-dem-balkan-zwischen-friedensmission-und-traumatischen-erinnerungen\/#primaryimage\"},\"thumbnailUrl\":\"https:\/\/now-news.de\/de\/wp-content\/uploads\/sites\/3\/2022\/08\/Deutsche-Stiefel-auf-dem-Balkan-Zwischen-Friedensmission-und-traumatischen-Erinnerungen.jpg\",\"keywords\":[\"AUF\",\"Balkan\",\"DEM\",\"Deutsche\",\"Erinnerungen\",\"Friedensmission\",\"Stiefel\",\"traumatischen\",\"und\",\"zwischen\"],\"articleSection\":[\"Deutschland\",\"Russland\"],\"inLanguage\":\"de\",\"potentialAction\":[{\"@type\":\"CommentAction\",\"name\":\"Comment\",\"target\":[\"https:\/\/now-news.de\/de\/deutschland\/deutsche-stiefel-auf-dem-balkan-zwischen-friedensmission-und-traumatischen-erinnerungen\/#respond\"]}]},{\"@type\":\"WebPage\",\"@id\":\"https:\/\/now-news.de\/de\/deutschland\/deutsche-stiefel-auf-dem-balkan-zwischen-friedensmission-und-traumatischen-erinnerungen\/\",\"url\":\"https:\/\/now-news.de\/de\/deutschland\/deutsche-stiefel-auf-dem-balkan-zwischen-friedensmission-und-traumatischen-erinnerungen\/\",\"name\":\"Deutsche Stiefel auf dem Balkan: Zwischen Friedensmission und traumatischen Erinnerungen - just-now.NEWS Deutschland\",\"isPartOf\":{\"@id\":\"https:\/\/now-news.de\/de\/#website\"},\"primaryImageOfPage\":{\"@id\":\"https:\/\/now-news.de\/de\/deutschland\/deutsche-stiefel-auf-dem-balkan-zwischen-friedensmission-und-traumatischen-erinnerungen\/#primaryimage\"},\"image\":{\"@id\":\"https:\/\/now-news.de\/de\/deutschland\/deutsche-stiefel-auf-dem-balkan-zwischen-friedensmission-und-traumatischen-erinnerungen\/#primaryimage\"},\"thumbnailUrl\":\"https:\/\/now-news.de\/de\/wp-content\/uploads\/sites\/3\/2022\/08\/Deutsche-Stiefel-auf-dem-Balkan-Zwischen-Friedensmission-und-traumatischen-Erinnerungen.jpg\",\"datePublished\":\"2022-08-22T06:49:40+00:00\",\"dateModified\":\"2022-08-22T06:49:40+00:00\",\"breadcrumb\":{\"@id\":\"https:\/\/now-news.de\/de\/deutschland\/deutsche-stiefel-auf-dem-balkan-zwischen-friedensmission-und-traumatischen-erinnerungen\/#breadcrumb\"},\"inLanguage\":\"de\",\"potentialAction\":[{\"@type\":\"ReadAction\",\"target\":[\"https:\/\/now-news.de\/de\/deutschland\/deutsche-stiefel-auf-dem-balkan-zwischen-friedensmission-und-traumatischen-erinnerungen\/\"]}]},{\"@type\":\"ImageObject\",\"inLanguage\":\"de\",\"@id\":\"https:\/\/now-news.de\/de\/deutschland\/deutsche-stiefel-auf-dem-balkan-zwischen-friedensmission-und-traumatischen-erinnerungen\/#primaryimage\",\"url\":\"https:\/\/now-news.de\/de\/wp-content\/uploads\/sites\/3\/2022\/08\/Deutsche-Stiefel-auf-dem-Balkan-Zwischen-Friedensmission-und-traumatischen-Erinnerungen.jpg\",\"contentUrl\":\"https:\/\/now-news.de\/de\/wp-content\/uploads\/sites\/3\/2022\/08\/Deutsche-Stiefel-auf-dem-Balkan-Zwischen-Friedensmission-und-traumatischen-Erinnerungen.jpg\",\"width\":460,\"height\":259,\"caption\":\"Deutsche Stiefel auf dem Balkan: Zwischen Friedensmission und traumatischen Erinnerungen\"},{\"@type\":\"BreadcrumbList\",\"@id\":\"https:\/\/now-news.de\/de\/deutschland\/deutsche-stiefel-auf-dem-balkan-zwischen-friedensmission-und-traumatischen-erinnerungen\/#breadcrumb\",\"itemListElement\":[{\"@type\":\"ListItem\",\"position\":1,\"name\":\"Home\",\"item\":\"https:\/\/now-news.de\/de\/\"},{\"@type\":\"ListItem\",\"position\":2,\"name\":\"Deutsche Stiefel auf dem Balkan: Zwischen Friedensmission und traumatischen Erinnerungen\"}]},{\"@type\":\"WebSite\",\"@id\":\"https:\/\/now-news.de\/de\/#website\",\"url\":\"https:\/\/now-news.de\/de\/\",\"name\":\"just-now.NEWS Deutschland\",\"description\":\"Das Portal f\u00fcr unzensierte Nachrichten aus der Welt\",\"publisher\":{\"@id\":\"https:\/\/now-news.de\/de\/#organization\"},\"potentialAction\":[{\"@type\":\"SearchAction\",\"target\":{\"@type\":\"EntryPoint\",\"urlTemplate\":\"https:\/\/now-news.de\/de\/?s={search_term_string}\"},\"query-input\":\"required name=search_term_string\"}],\"inLanguage\":\"de\"},{\"@type\":\"Organization\",\"@id\":\"https:\/\/now-news.de\/de\/#organization\",\"name\":\"Just Now News\",\"url\":\"https:\/\/now-news.de\/de\/\",\"logo\":{\"@type\":\"ImageObject\",\"inLanguage\":\"de\",\"@id\":\"https:\/\/now-news.de\/de\/#\/schema\/logo\/image\/\",\"url\":\"http:\/\/just-now.news\/de\/wp-content\/uploads\/sites\/3\/2022\/04\/logo500x500.jpg\",\"contentUrl\":\"http:\/\/just-now.news\/de\/wp-content\/uploads\/sites\/3\/2022\/04\/logo500x500.jpg\",\"width\":500,\"height\":500,\"caption\":\"Just Now News\"},\"image\":{\"@id\":\"https:\/\/now-news.de\/de\/#\/schema\/logo\/image\/\"},\"sameAs\":[\"https:\/\/www.facebook.com\/wirmachenauf\",\"https:\/\/x.com\/WirMachenAuf_de\"]},{\"@type\":\"Person\",\"@id\":\"https:\/\/now-news.de\/de\/#\/schema\/person\/fb534a4e865501d8b3285208df34a9b5\",\"name\":\"rtnews\",\"image\":{\"@type\":\"ImageObject\",\"inLanguage\":\"de\",\"@id\":\"https:\/\/now-news.de\/de\/#\/schema\/person\/image\/\",\"url\":\"https:\/\/secure.gravatar.com\/avatar\/82aafea7d8127119dd649515f56e2117?s=96&d=mm&r=g\",\"contentUrl\":\"https:\/\/secure.gravatar.com\/avatar\/82aafea7d8127119dd649515f56e2117?s=96&d=mm&r=g\",\"caption\":\"rtnews\"},\"url\":\"https:\/\/now-news.de\/de\/author\/rnews\/\"}]}<\/script>\n<!-- \/ Yoast SEO Premium plugin. -->","yoast_head_json":{"title":"Deutsche Stiefel auf dem Balkan: Zwischen Friedensmission und traumatischen Erinnerungen - just-now.NEWS Deutschland","robots":{"index":"index","follow":"follow","max-snippet":"max-snippet:-1","max-image-preview":"max-image-preview:large","max-video-preview":"max-video-preview:-1"},"canonical":"https:\/\/now-news.de\/de\/deutschland\/deutsche-stiefel-auf-dem-balkan-zwischen-friedensmission-und-traumatischen-erinnerungen\/","og_locale":"de_DE","og_type":"article","og_title":"Deutsche Stiefel auf dem Balkan: Zwischen Friedensmission und traumatischen Erinnerungen","og_description":"Eine Analyse von Marinko U\u010dur Die j\u00fcngste Ankunft einer Gruppe von 50 deutschen Soldaten in Bosnien und Herzegowina hat die Stimmung in jener multinationalen Gemeinschaft, die von wirtschaftlichen Problemen und ethnischen Spannungen belastet ist, weiter aufgew\u00fchlt. Die Deutschen kommen als Verst\u00e4rkung der EUFOR-Mission und nennen als Grund die &#8220;angespannte innenpolitische Lage und Russlands Einflussnahmeversuche&#8221;, obwohl [&hellip;]","og_url":"https:\/\/now-news.de\/de\/deutschland\/deutsche-stiefel-auf-dem-balkan-zwischen-friedensmission-und-traumatischen-erinnerungen\/","og_site_name":"just-now.NEWS Deutschland","article_publisher":"https:\/\/www.facebook.com\/wirmachenauf","article_published_time":"2022-08-22T06:49:40+00:00","og_image":[{"width":460,"height":259,"url":"https:\/\/now-news.de\/de\/wp-content\/uploads\/sites\/3\/2022\/08\/Deutsche-Stiefel-auf-dem-Balkan-Zwischen-Friedensmission-und-traumatischen-Erinnerungen.jpg","type":"image\/jpeg"}],"author":"rtnews","twitter_card":"summary_large_image","twitter_creator":"@WirMachenAuf_de","twitter_site":"@WirMachenAuf_de","twitter_misc":{"Verfasst von":"rtnews","Gesch\u00e4tzte Lesezeit":"7\u00a0Minuten"},"schema":{"@context":"https:\/\/schema.org","@graph":[{"@type":"Article","@id":"https:\/\/now-news.de\/de\/deutschland\/deutsche-stiefel-auf-dem-balkan-zwischen-friedensmission-und-traumatischen-erinnerungen\/#article","isPartOf":{"@id":"https:\/\/now-news.de\/de\/deutschland\/deutsche-stiefel-auf-dem-balkan-zwischen-friedensmission-und-traumatischen-erinnerungen\/"},"author":{"name":"rtnews","@id":"https:\/\/now-news.de\/de\/#\/schema\/person\/fb534a4e865501d8b3285208df34a9b5"},"headline":"Deutsche Stiefel auf dem Balkan: Zwischen Friedensmission und traumatischen Erinnerungen","datePublished":"2022-08-22T06:49:40+00:00","dateModified":"2022-08-22T06:49:40+00:00","mainEntityOfPage":{"@id":"https:\/\/now-news.de\/de\/deutschland\/deutsche-stiefel-auf-dem-balkan-zwischen-friedensmission-und-traumatischen-erinnerungen\/"},"wordCount":1343,"commentCount":0,"publisher":{"@id":"https:\/\/now-news.de\/de\/#organization"},"image":{"@id":"https:\/\/now-news.de\/de\/deutschland\/deutsche-stiefel-auf-dem-balkan-zwischen-friedensmission-und-traumatischen-erinnerungen\/#primaryimage"},"thumbnailUrl":"https:\/\/now-news.de\/de\/wp-content\/uploads\/sites\/3\/2022\/08\/Deutsche-Stiefel-auf-dem-Balkan-Zwischen-Friedensmission-und-traumatischen-Erinnerungen.jpg","keywords":["AUF","Balkan","DEM","Deutsche","Erinnerungen","Friedensmission","Stiefel","traumatischen","und","zwischen"],"articleSection":["Deutschland","Russland"],"inLanguage":"de","potentialAction":[{"@type":"CommentAction","name":"Comment","target":["https:\/\/now-news.de\/de\/deutschland\/deutsche-stiefel-auf-dem-balkan-zwischen-friedensmission-und-traumatischen-erinnerungen\/#respond"]}]},{"@type":"WebPage","@id":"https:\/\/now-news.de\/de\/deutschland\/deutsche-stiefel-auf-dem-balkan-zwischen-friedensmission-und-traumatischen-erinnerungen\/","url":"https:\/\/now-news.de\/de\/deutschland\/deutsche-stiefel-auf-dem-balkan-zwischen-friedensmission-und-traumatischen-erinnerungen\/","name":"Deutsche Stiefel auf dem Balkan: Zwischen Friedensmission und traumatischen Erinnerungen - just-now.NEWS Deutschland","isPartOf":{"@id":"https:\/\/now-news.de\/de\/#website"},"primaryImageOfPage":{"@id":"https:\/\/now-news.de\/de\/deutschland\/deutsche-stiefel-auf-dem-balkan-zwischen-friedensmission-und-traumatischen-erinnerungen\/#primaryimage"},"image":{"@id":"https:\/\/now-news.de\/de\/deutschland\/deutsche-stiefel-auf-dem-balkan-zwischen-friedensmission-und-traumatischen-erinnerungen\/#primaryimage"},"thumbnailUrl":"https:\/\/now-news.de\/de\/wp-content\/uploads\/sites\/3\/2022\/08\/Deutsche-Stiefel-auf-dem-Balkan-Zwischen-Friedensmission-und-traumatischen-Erinnerungen.jpg","datePublished":"2022-08-22T06:49:40+00:00","dateModified":"2022-08-22T06:49:40+00:00","breadcrumb":{"@id":"https:\/\/now-news.de\/de\/deutschland\/deutsche-stiefel-auf-dem-balkan-zwischen-friedensmission-und-traumatischen-erinnerungen\/#breadcrumb"},"inLanguage":"de","potentialAction":[{"@type":"ReadAction","target":["https:\/\/now-news.de\/de\/deutschland\/deutsche-stiefel-auf-dem-balkan-zwischen-friedensmission-und-traumatischen-erinnerungen\/"]}]},{"@type":"ImageObject","inLanguage":"de","@id":"https:\/\/now-news.de\/de\/deutschland\/deutsche-stiefel-auf-dem-balkan-zwischen-friedensmission-und-traumatischen-erinnerungen\/#primaryimage","url":"https:\/\/now-news.de\/de\/wp-content\/uploads\/sites\/3\/2022\/08\/Deutsche-Stiefel-auf-dem-Balkan-Zwischen-Friedensmission-und-traumatischen-Erinnerungen.jpg","contentUrl":"https:\/\/now-news.de\/de\/wp-content\/uploads\/sites\/3\/2022\/08\/Deutsche-Stiefel-auf-dem-Balkan-Zwischen-Friedensmission-und-traumatischen-Erinnerungen.jpg","width":460,"height":259,"caption":"Deutsche Stiefel auf dem Balkan: Zwischen Friedensmission und traumatischen Erinnerungen"},{"@type":"BreadcrumbList","@id":"https:\/\/now-news.de\/de\/deutschland\/deutsche-stiefel-auf-dem-balkan-zwischen-friedensmission-und-traumatischen-erinnerungen\/#breadcrumb","itemListElement":[{"@type":"ListItem","position":1,"name":"Home","item":"https:\/\/now-news.de\/de\/"},{"@type":"ListItem","position":2,"name":"Deutsche Stiefel auf dem Balkan: Zwischen Friedensmission und traumatischen Erinnerungen"}]},{"@type":"WebSite","@id":"https:\/\/now-news.de\/de\/#website","url":"https:\/\/now-news.de\/de\/","name":"just-now.NEWS Deutschland","description":"Das Portal f\u00fcr unzensierte Nachrichten aus der Welt","publisher":{"@id":"https:\/\/now-news.de\/de\/#organization"},"potentialAction":[{"@type":"SearchAction","target":{"@type":"EntryPoint","urlTemplate":"https:\/\/now-news.de\/de\/?s={search_term_string}"},"query-input":"required name=search_term_string"}],"inLanguage":"de"},{"@type":"Organization","@id":"https:\/\/now-news.de\/de\/#organization","name":"Just Now News","url":"https:\/\/now-news.de\/de\/","logo":{"@type":"ImageObject","inLanguage":"de","@id":"https:\/\/now-news.de\/de\/#\/schema\/logo\/image\/","url":"http:\/\/just-now.news\/de\/wp-content\/uploads\/sites\/3\/2022\/04\/logo500x500.jpg","contentUrl":"http:\/\/just-now.news\/de\/wp-content\/uploads\/sites\/3\/2022\/04\/logo500x500.jpg","width":500,"height":500,"caption":"Just Now News"},"image":{"@id":"https:\/\/now-news.de\/de\/#\/schema\/logo\/image\/"},"sameAs":["https:\/\/www.facebook.com\/wirmachenauf","https:\/\/x.com\/WirMachenAuf_de"]},{"@type":"Person","@id":"https:\/\/now-news.de\/de\/#\/schema\/person\/fb534a4e865501d8b3285208df34a9b5","name":"rtnews","image":{"@type":"ImageObject","inLanguage":"de","@id":"https:\/\/now-news.de\/de\/#\/schema\/person\/image\/","url":"https:\/\/secure.gravatar.com\/avatar\/82aafea7d8127119dd649515f56e2117?s=96&d=mm&r=g","contentUrl":"https:\/\/secure.gravatar.com\/avatar\/82aafea7d8127119dd649515f56e2117?s=96&d=mm&r=g","caption":"rtnews"},"url":"https:\/\/now-news.de\/de\/author\/rnews\/"}]}},"_links":{"self":[{"href":"https:\/\/now-news.de\/de\/wp-json\/wp\/v2\/posts\/17411"}],"collection":[{"href":"https:\/\/now-news.de\/de\/wp-json\/wp\/v2\/posts"}],"about":[{"href":"https:\/\/now-news.de\/de\/wp-json\/wp\/v2\/types\/post"}],"author":[{"embeddable":true,"href":"https:\/\/now-news.de\/de\/wp-json\/wp\/v2\/users\/3"}],"replies":[{"embeddable":true,"href":"https:\/\/now-news.de\/de\/wp-json\/wp\/v2\/comments?post=17411"}],"version-history":[{"count":0,"href":"https:\/\/now-news.de\/de\/wp-json\/wp\/v2\/posts\/17411\/revisions"}],"wp:featuredmedia":[{"embeddable":true,"href":"https:\/\/now-news.de\/de\/wp-json\/wp\/v2\/media\/17412"}],"wp:attachment":[{"href":"https:\/\/now-news.de\/de\/wp-json\/wp\/v2\/media?parent=17411"}],"wp:term":[{"taxonomy":"category","embeddable":true,"href":"https:\/\/now-news.de\/de\/wp-json\/wp\/v2\/categories?post=17411"},{"taxonomy":"post_tag","embeddable":true,"href":"https:\/\/now-news.de\/de\/wp-json\/wp\/v2\/tags?post=17411"}],"curies":[{"name":"wp","href":"https:\/\/api.w.org\/{rel}","templated":true}]}}