{"id":17409,"date":"2022-08-22T07:59:03","date_gmt":"2022-08-22T05:59:03","guid":{"rendered":"http:\/\/just-now.news\/de\/deutschland\/bundesbankpraesident-warnt-vor-zweistelliger-inflation-im-herbst\/"},"modified":"2022-08-22T07:59:03","modified_gmt":"2022-08-22T05:59:03","slug":"bundesbankpraesident-warnt-vor-zweistelliger-inflation-im-herbst","status":"publish","type":"post","link":"https:\/\/now-news.de\/de\/deutschland\/bundesbankpraesident-warnt-vor-zweistelliger-inflation-im-herbst\/","title":{"rendered":"Bundesbankpr\u00e4sident warnt vor zweistelliger Inflation im Herbst"},"content":{"rendered":"<p><img decoding=\"async\" src=\"http:\/\/just-now.news\/de\/wp-content\/uploads\/sites\/3\/2022\/08\/63020fef48fbef47216ba9c8.jpg\" \/><\/p>\n<div class=\"Text-root Text-type_1 \">\n                Die Inflation in Deutschland k\u00f6nnte nach Einsch\u00e4tzung von Bundesbankpr\u00e4sident Joachim Nagel in den Herbstmonaten einen zweistelligen Wert erreichen. Auch f\u00fcr das kommende Jahr gibt der Bundesbankpr\u00e4sident keine Entwarnung \u2013 die Inflation bleibe auch 2023 ein Thema.\n            <\/div>\n<p><\/p>\n<div class=\"Text-root Text-type_5 ArticleView-text ViewText-root \">\n<p>Laut Einsch\u00e4tzungen des Bundesbankpr\u00e4sidenten Joachim Nagel k\u00f6nnte die Inflation in Deutschland in den Herbstmonaten zweistellige Werte erreichen. Gegen\u00fcber der <em>Rheinischen Post<\/em> sagte Nagel am Samstag:<\/p>\n<blockquote>\n<p><em>&#8220;Der Tankrabatt und das Neun-Euro-Ticket laufen aus, das d\u00fcrfte die Inflationsrate um gut einen Prozentpunkt erh\u00f6hen.&#8221;<\/em><\/p>\n<\/blockquote>\n<p>Die Gasumlage komme, im Gegenzug solle die Mehrwertsteuer auf Gas gesenkt werden, was wiederum die Preise d\u00e4mpfe. Nagel erg\u00e4nzte:<\/p>\n<blockquote>\n<p><em>&#8220;In Summe ist in den Herbstmonaten sogar eine Inflationsrate von zehn Prozent m\u00f6glich.&#8221;<\/em><\/p>\n<\/blockquote>\n<p>Nagel machte die historische Dimension deutlich:<\/p>\n<blockquote>\n<p><em>&#8220;Zweistellige Inflationsraten wurden in Deutschland das letzte Mal vor \u00fcber siebzig Jahren gemessen.&#8221;<\/em><\/p>\n<\/blockquote>\n<p>Im vierten Quartal 1951 habe die Inflationsrate nach den damaligen Berechnungen bei elf Prozent gelegen. Auch f\u00fcr das kommende Jahr gibt der Bundesbankpr\u00e4sident keine Entwarnung:<\/p>\n<blockquote>\n<p><em>&#8220;Das Thema Inflation wird 2023 nicht verschwinden.&#8221;<\/em><\/p>\n<\/blockquote>\n<p>Russland habe seine Gaslieferungen drastisch reduziert, und die Preise f\u00fcr Erdgas und Elektrizit\u00e4t seien st\u00e4rker gestiegen als erwartet. Nachdem im Gesamtjahr 2022 die Inflationsrate nach europ\u00e4ischer Berechnung bei acht Prozent liegen d\u00fcrfte, erwartet Nagel f\u00fcr das kommende Jahr eine Rate von sechs Prozent.<\/p>\n<p>Nagel forderte weitere Zinserh\u00f6hungen durch die Europ\u00e4ische Zentralbank (EZB). Die n\u00e4chste Sitzung findet am 8. September statt. Eine Zahl f\u00fcr eine m\u00f6gliche Zinserh\u00f6hung wollte Nagel nicht nennen. Er erkl\u00e4rte:<\/p>\n<blockquote>\n<p><em>&#8220;Entscheidend wird sein, die mittelfristigen Inflationserwartungen stabil bei zwei Prozent zu halten. Ich bin davon \u00fcberzeugt, dass der EZB-Rat die daf\u00fcr notwendigen geldpolitischen Ma\u00dfnahmen ergreift.&#8221;<\/em><\/p>\n<\/blockquote>\n<p>Im Juli hatte die EZB die Leitzinsen um 0,50 Prozentpunkte angehoben. F\u00fcr die konjunkturelle Entwicklung zeigt sich Nagel pessimistisch:<\/p>\n<blockquote>\n<p><em>&#8220;Wenn sich die Energiekrise zuspitzt, erscheint eine Rezession im kommenden Winter wahrscheinlich.&#8221;<\/em><\/p>\n<\/blockquote>\n<p>Die Tarifpartner rief er zu &#8220;verantwortungsvollen Tarifabschl\u00fcssen&#8221; auf.<\/p>\n<p><strong>Mehr zum Thema<\/strong> \u2013 <a rel=\"nofollow noopener\" target=\"_blank\" href=\"https:\/\/deutsch.rt.com\/inland\/146436-scholz-niemand-in-land-hat\/\">Scholz: &#8220;Niemand in diesem Land hat vor, dass auf Demonstranten geschossen wird&#8221;<\/a><\/p>\n<\/p>\n<p><em>(rt de\/dpa)<\/em><\/p>\n<\/div>\n<p><br \/>\n<br \/><a href=\"https:\/\/de.rt.com\/inland\/146698-bundesbankpraesident-warnt-vor-zweistelliger-inflation\/\">Source link <\/a><\/p>\n","protected":false},"excerpt":{"rendered":"<p>Die Inflation in Deutschland k\u00f6nnte nach Einsch\u00e4tzung von Bundesbankpr\u00e4sident Joachim Nagel in den Herbstmonaten einen zweistelligen Wert erreichen. Auch f\u00fcr das kommende Jahr gibt der Bundesbankpr\u00e4sident keine Entwarnung \u2013 die Inflation bleibe auch 2023 ein Thema. Laut Einsch\u00e4tzungen des Bundesbankpr\u00e4sidenten Joachim Nagel k\u00f6nnte die Inflation in Deutschland in den Herbstmonaten zweistellige Werte erreichen. Gegen\u00fcber der [&hellip;]<\/p>\n","protected":false},"author":3,"featured_media":17410,"comment_status":"open","ping_status":"open","sticky":false,"template":"","format":"standard","meta":{"wp_automatic_camp":["217"],"4741d68783b7bcdccf52d783c44363d1":["Bundesbankpr\u00e4sident warnt vor zweistelliger Inflation im Herbst"],"original_link":["https:\/\/de.rt.com\/inland\/146698-bundesbankpraesident-warnt-vor-zweistelliger-inflation\/"],"_thumbnail_id":["17410"],"_wptg_p2tg_sent2tg":["2022-08-22 08:10:32"],"jnews_social_counter_last_update":["1777344791"]},"categories":[19,23],"tags":[31413,529,198,320,912,31414],"yoast_head":"<!-- This site is optimized with the Yoast SEO Premium plugin v22.7 (Yoast SEO v22.7) - https:\/\/yoast.com\/wordpress\/plugins\/seo\/ -->\n<title>Bundesbankpr\u00e4sident warnt vor zweistelliger Inflation im Herbst - just-now.NEWS Deutschland<\/title>\n<meta name=\"robots\" content=\"index, follow, max-snippet:-1, max-image-preview:large, max-video-preview:-1\" \/>\n<link rel=\"canonical\" href=\"https:\/\/now-news.de\/de\/deutschland\/bundesbankpraesident-warnt-vor-zweistelliger-inflation-im-herbst\/\" \/>\n<meta property=\"og:locale\" content=\"de_DE\" \/>\n<meta property=\"og:type\" content=\"article\" \/>\n<meta property=\"og:title\" content=\"Bundesbankpr\u00e4sident warnt vor zweistelliger Inflation im Herbst\" \/>\n<meta property=\"og:description\" content=\"Die Inflation in Deutschland k\u00f6nnte nach Einsch\u00e4tzung von Bundesbankpr\u00e4sident Joachim Nagel in den Herbstmonaten einen zweistelligen Wert erreichen. Auch f\u00fcr das kommende Jahr gibt der Bundesbankpr\u00e4sident keine Entwarnung \u2013 die Inflation bleibe auch 2023 ein Thema. Laut Einsch\u00e4tzungen des Bundesbankpr\u00e4sidenten Joachim Nagel k\u00f6nnte die Inflation in Deutschland in den Herbstmonaten zweistellige Werte erreichen. Gegen\u00fcber der [&hellip;]\" \/>\n<meta property=\"og:url\" content=\"https:\/\/now-news.de\/de\/deutschland\/bundesbankpraesident-warnt-vor-zweistelliger-inflation-im-herbst\/\" \/>\n<meta property=\"og:site_name\" content=\"just-now.NEWS Deutschland\" \/>\n<meta property=\"article:publisher\" content=\"https:\/\/www.facebook.com\/wirmachenauf\" \/>\n<meta property=\"article:published_time\" content=\"2022-08-22T05:59:03+00:00\" \/>\n<meta property=\"og:image\" content=\"https:\/\/now-news.de\/de\/wp-content\/uploads\/sites\/3\/2022\/08\/Bundesbankpraesident-warnt-vor-zweistelliger-Inflation-im-Herbst.jpg\" \/>\n\t<meta property=\"og:image:width\" content=\"460\" \/>\n\t<meta property=\"og:image:height\" content=\"259\" \/>\n\t<meta property=\"og:image:type\" content=\"image\/jpeg\" \/>\n<meta name=\"author\" content=\"rtnews\" \/>\n<meta name=\"twitter:card\" content=\"summary_large_image\" \/>\n<meta name=\"twitter:creator\" content=\"@WirMachenAuf_de\" \/>\n<meta name=\"twitter:site\" content=\"@WirMachenAuf_de\" \/>\n<meta name=\"twitter:label1\" content=\"Verfasst von\" \/>\n\t<meta name=\"twitter:data1\" content=\"rtnews\" \/>\n\t<meta name=\"twitter:label2\" content=\"Gesch\u00e4tzte Lesezeit\" \/>\n\t<meta name=\"twitter:data2\" content=\"2\u00a0Minuten\" \/>\n<script type=\"application\/ld+json\" class=\"yoast-schema-graph\">{\"@context\":\"https:\/\/schema.org\",\"@graph\":[{\"@type\":\"Article\",\"@id\":\"https:\/\/now-news.de\/de\/deutschland\/bundesbankpraesident-warnt-vor-zweistelliger-inflation-im-herbst\/#article\",\"isPartOf\":{\"@id\":\"https:\/\/now-news.de\/de\/deutschland\/bundesbankpraesident-warnt-vor-zweistelliger-inflation-im-herbst\/\"},\"author\":{\"name\":\"rtnews\",\"@id\":\"https:\/\/now-news.de\/de\/#\/schema\/person\/fb534a4e865501d8b3285208df34a9b5\"},\"headline\":\"Bundesbankpr\u00e4sident warnt vor zweistelliger Inflation im Herbst\",\"datePublished\":\"2022-08-22T05:59:03+00:00\",\"dateModified\":\"2022-08-22T05:59:03+00:00\",\"mainEntityOfPage\":{\"@id\":\"https:\/\/now-news.de\/de\/deutschland\/bundesbankpraesident-warnt-vor-zweistelliger-inflation-im-herbst\/\"},\"wordCount\":351,\"commentCount\":0,\"publisher\":{\"@id\":\"https:\/\/now-news.de\/de\/#organization\"},\"image\":{\"@id\":\"https:\/\/now-news.de\/de\/deutschland\/bundesbankpraesident-warnt-vor-zweistelliger-inflation-im-herbst\/#primaryimage\"},\"thumbnailUrl\":\"https:\/\/now-news.de\/de\/wp-content\/uploads\/sites\/3\/2022\/08\/Bundesbankpraesident-warnt-vor-zweistelliger-Inflation-im-Herbst.jpg\",\"keywords\":[\"Bundesbankpr\u00e4sident\",\"Herbst\",\"Inflation\",\"vor\",\"warnt\",\"zweistelliger\"],\"articleSection\":[\"Deutschland\",\"Russland\"],\"inLanguage\":\"de\",\"potentialAction\":[{\"@type\":\"CommentAction\",\"name\":\"Comment\",\"target\":[\"https:\/\/now-news.de\/de\/deutschland\/bundesbankpraesident-warnt-vor-zweistelliger-inflation-im-herbst\/#respond\"]}]},{\"@type\":\"WebPage\",\"@id\":\"https:\/\/now-news.de\/de\/deutschland\/bundesbankpraesident-warnt-vor-zweistelliger-inflation-im-herbst\/\",\"url\":\"https:\/\/now-news.de\/de\/deutschland\/bundesbankpraesident-warnt-vor-zweistelliger-inflation-im-herbst\/\",\"name\":\"Bundesbankpr\u00e4sident warnt vor zweistelliger Inflation im Herbst - just-now.NEWS Deutschland\",\"isPartOf\":{\"@id\":\"https:\/\/now-news.de\/de\/#website\"},\"primaryImageOfPage\":{\"@id\":\"https:\/\/now-news.de\/de\/deutschland\/bundesbankpraesident-warnt-vor-zweistelliger-inflation-im-herbst\/#primaryimage\"},\"image\":{\"@id\":\"https:\/\/now-news.de\/de\/deutschland\/bundesbankpraesident-warnt-vor-zweistelliger-inflation-im-herbst\/#primaryimage\"},\"thumbnailUrl\":\"https:\/\/now-news.de\/de\/wp-content\/uploads\/sites\/3\/2022\/08\/Bundesbankpraesident-warnt-vor-zweistelliger-Inflation-im-Herbst.jpg\",\"datePublished\":\"2022-08-22T05:59:03+00:00\",\"dateModified\":\"2022-08-22T05:59:03+00:00\",\"breadcrumb\":{\"@id\":\"https:\/\/now-news.de\/de\/deutschland\/bundesbankpraesident-warnt-vor-zweistelliger-inflation-im-herbst\/#breadcrumb\"},\"inLanguage\":\"de\",\"potentialAction\":[{\"@type\":\"ReadAction\",\"target\":[\"https:\/\/now-news.de\/de\/deutschland\/bundesbankpraesident-warnt-vor-zweistelliger-inflation-im-herbst\/\"]}]},{\"@type\":\"ImageObject\",\"inLanguage\":\"de\",\"@id\":\"https:\/\/now-news.de\/de\/deutschland\/bundesbankpraesident-warnt-vor-zweistelliger-inflation-im-herbst\/#primaryimage\",\"url\":\"https:\/\/now-news.de\/de\/wp-content\/uploads\/sites\/3\/2022\/08\/Bundesbankpraesident-warnt-vor-zweistelliger-Inflation-im-Herbst.jpg\",\"contentUrl\":\"https:\/\/now-news.de\/de\/wp-content\/uploads\/sites\/3\/2022\/08\/Bundesbankpraesident-warnt-vor-zweistelliger-Inflation-im-Herbst.jpg\",\"width\":460,\"height\":259,\"caption\":\"Bundesbankpr\u00e4sident warnt vor zweistelliger Inflation im Herbst\"},{\"@type\":\"BreadcrumbList\",\"@id\":\"https:\/\/now-news.de\/de\/deutschland\/bundesbankpraesident-warnt-vor-zweistelliger-inflation-im-herbst\/#breadcrumb\",\"itemListElement\":[{\"@type\":\"ListItem\",\"position\":1,\"name\":\"Home\",\"item\":\"https:\/\/now-news.de\/de\/\"},{\"@type\":\"ListItem\",\"position\":2,\"name\":\"Bundesbankpr\u00e4sident warnt vor zweistelliger Inflation im Herbst\"}]},{\"@type\":\"WebSite\",\"@id\":\"https:\/\/now-news.de\/de\/#website\",\"url\":\"https:\/\/now-news.de\/de\/\",\"name\":\"just-now.NEWS Deutschland\",\"description\":\"Das Portal f\u00fcr unzensierte Nachrichten aus der Welt\",\"publisher\":{\"@id\":\"https:\/\/now-news.de\/de\/#organization\"},\"potentialAction\":[{\"@type\":\"SearchAction\",\"target\":{\"@type\":\"EntryPoint\",\"urlTemplate\":\"https:\/\/now-news.de\/de\/?s={search_term_string}\"},\"query-input\":\"required name=search_term_string\"}],\"inLanguage\":\"de\"},{\"@type\":\"Organization\",\"@id\":\"https:\/\/now-news.de\/de\/#organization\",\"name\":\"Just Now News\",\"url\":\"https:\/\/now-news.de\/de\/\",\"logo\":{\"@type\":\"ImageObject\",\"inLanguage\":\"de\",\"@id\":\"https:\/\/now-news.de\/de\/#\/schema\/logo\/image\/\",\"url\":\"http:\/\/just-now.news\/de\/wp-content\/uploads\/sites\/3\/2022\/04\/logo500x500.jpg\",\"contentUrl\":\"http:\/\/just-now.news\/de\/wp-content\/uploads\/sites\/3\/2022\/04\/logo500x500.jpg\",\"width\":500,\"height\":500,\"caption\":\"Just Now News\"},\"image\":{\"@id\":\"https:\/\/now-news.de\/de\/#\/schema\/logo\/image\/\"},\"sameAs\":[\"https:\/\/www.facebook.com\/wirmachenauf\",\"https:\/\/x.com\/WirMachenAuf_de\"]},{\"@type\":\"Person\",\"@id\":\"https:\/\/now-news.de\/de\/#\/schema\/person\/fb534a4e865501d8b3285208df34a9b5\",\"name\":\"rtnews\",\"image\":{\"@type\":\"ImageObject\",\"inLanguage\":\"de\",\"@id\":\"https:\/\/now-news.de\/de\/#\/schema\/person\/image\/\",\"url\":\"https:\/\/secure.gravatar.com\/avatar\/82aafea7d8127119dd649515f56e2117?s=96&d=mm&r=g\",\"contentUrl\":\"https:\/\/secure.gravatar.com\/avatar\/82aafea7d8127119dd649515f56e2117?s=96&d=mm&r=g\",\"caption\":\"rtnews\"},\"url\":\"https:\/\/now-news.de\/de\/author\/rnews\/\"}]}<\/script>\n<!-- \/ Yoast SEO Premium plugin. -->","yoast_head_json":{"title":"Bundesbankpr\u00e4sident warnt vor zweistelliger Inflation im Herbst - just-now.NEWS Deutschland","robots":{"index":"index","follow":"follow","max-snippet":"max-snippet:-1","max-image-preview":"max-image-preview:large","max-video-preview":"max-video-preview:-1"},"canonical":"https:\/\/now-news.de\/de\/deutschland\/bundesbankpraesident-warnt-vor-zweistelliger-inflation-im-herbst\/","og_locale":"de_DE","og_type":"article","og_title":"Bundesbankpr\u00e4sident warnt vor zweistelliger Inflation im Herbst","og_description":"Die Inflation in Deutschland k\u00f6nnte nach Einsch\u00e4tzung von Bundesbankpr\u00e4sident Joachim Nagel in den Herbstmonaten einen zweistelligen Wert erreichen. Auch f\u00fcr das kommende Jahr gibt der Bundesbankpr\u00e4sident keine Entwarnung \u2013 die Inflation bleibe auch 2023 ein Thema. Laut Einsch\u00e4tzungen des Bundesbankpr\u00e4sidenten Joachim Nagel k\u00f6nnte die Inflation in Deutschland in den Herbstmonaten zweistellige Werte erreichen. Gegen\u00fcber der [&hellip;]","og_url":"https:\/\/now-news.de\/de\/deutschland\/bundesbankpraesident-warnt-vor-zweistelliger-inflation-im-herbst\/","og_site_name":"just-now.NEWS Deutschland","article_publisher":"https:\/\/www.facebook.com\/wirmachenauf","article_published_time":"2022-08-22T05:59:03+00:00","og_image":[{"width":460,"height":259,"url":"https:\/\/now-news.de\/de\/wp-content\/uploads\/sites\/3\/2022\/08\/Bundesbankpraesident-warnt-vor-zweistelliger-Inflation-im-Herbst.jpg","type":"image\/jpeg"}],"author":"rtnews","twitter_card":"summary_large_image","twitter_creator":"@WirMachenAuf_de","twitter_site":"@WirMachenAuf_de","twitter_misc":{"Verfasst von":"rtnews","Gesch\u00e4tzte Lesezeit":"2\u00a0Minuten"},"schema":{"@context":"https:\/\/schema.org","@graph":[{"@type":"Article","@id":"https:\/\/now-news.de\/de\/deutschland\/bundesbankpraesident-warnt-vor-zweistelliger-inflation-im-herbst\/#article","isPartOf":{"@id":"https:\/\/now-news.de\/de\/deutschland\/bundesbankpraesident-warnt-vor-zweistelliger-inflation-im-herbst\/"},"author":{"name":"rtnews","@id":"https:\/\/now-news.de\/de\/#\/schema\/person\/fb534a4e865501d8b3285208df34a9b5"},"headline":"Bundesbankpr\u00e4sident warnt vor zweistelliger Inflation im Herbst","datePublished":"2022-08-22T05:59:03+00:00","dateModified":"2022-08-22T05:59:03+00:00","mainEntityOfPage":{"@id":"https:\/\/now-news.de\/de\/deutschland\/bundesbankpraesident-warnt-vor-zweistelliger-inflation-im-herbst\/"},"wordCount":351,"commentCount":0,"publisher":{"@id":"https:\/\/now-news.de\/de\/#organization"},"image":{"@id":"https:\/\/now-news.de\/de\/deutschland\/bundesbankpraesident-warnt-vor-zweistelliger-inflation-im-herbst\/#primaryimage"},"thumbnailUrl":"https:\/\/now-news.de\/de\/wp-content\/uploads\/sites\/3\/2022\/08\/Bundesbankpraesident-warnt-vor-zweistelliger-Inflation-im-Herbst.jpg","keywords":["Bundesbankpr\u00e4sident","Herbst","Inflation","vor","warnt","zweistelliger"],"articleSection":["Deutschland","Russland"],"inLanguage":"de","potentialAction":[{"@type":"CommentAction","name":"Comment","target":["https:\/\/now-news.de\/de\/deutschland\/bundesbankpraesident-warnt-vor-zweistelliger-inflation-im-herbst\/#respond"]}]},{"@type":"WebPage","@id":"https:\/\/now-news.de\/de\/deutschland\/bundesbankpraesident-warnt-vor-zweistelliger-inflation-im-herbst\/","url":"https:\/\/now-news.de\/de\/deutschland\/bundesbankpraesident-warnt-vor-zweistelliger-inflation-im-herbst\/","name":"Bundesbankpr\u00e4sident warnt vor zweistelliger Inflation im Herbst - just-now.NEWS Deutschland","isPartOf":{"@id":"https:\/\/now-news.de\/de\/#website"},"primaryImageOfPage":{"@id":"https:\/\/now-news.de\/de\/deutschland\/bundesbankpraesident-warnt-vor-zweistelliger-inflation-im-herbst\/#primaryimage"},"image":{"@id":"https:\/\/now-news.de\/de\/deutschland\/bundesbankpraesident-warnt-vor-zweistelliger-inflation-im-herbst\/#primaryimage"},"thumbnailUrl":"https:\/\/now-news.de\/de\/wp-content\/uploads\/sites\/3\/2022\/08\/Bundesbankpraesident-warnt-vor-zweistelliger-Inflation-im-Herbst.jpg","datePublished":"2022-08-22T05:59:03+00:00","dateModified":"2022-08-22T05:59:03+00:00","breadcrumb":{"@id":"https:\/\/now-news.de\/de\/deutschland\/bundesbankpraesident-warnt-vor-zweistelliger-inflation-im-herbst\/#breadcrumb"},"inLanguage":"de","potentialAction":[{"@type":"ReadAction","target":["https:\/\/now-news.de\/de\/deutschland\/bundesbankpraesident-warnt-vor-zweistelliger-inflation-im-herbst\/"]}]},{"@type":"ImageObject","inLanguage":"de","@id":"https:\/\/now-news.de\/de\/deutschland\/bundesbankpraesident-warnt-vor-zweistelliger-inflation-im-herbst\/#primaryimage","url":"https:\/\/now-news.de\/de\/wp-content\/uploads\/sites\/3\/2022\/08\/Bundesbankpraesident-warnt-vor-zweistelliger-Inflation-im-Herbst.jpg","contentUrl":"https:\/\/now-news.de\/de\/wp-content\/uploads\/sites\/3\/2022\/08\/Bundesbankpraesident-warnt-vor-zweistelliger-Inflation-im-Herbst.jpg","width":460,"height":259,"caption":"Bundesbankpr\u00e4sident warnt vor zweistelliger Inflation im Herbst"},{"@type":"BreadcrumbList","@id":"https:\/\/now-news.de\/de\/deutschland\/bundesbankpraesident-warnt-vor-zweistelliger-inflation-im-herbst\/#breadcrumb","itemListElement":[{"@type":"ListItem","position":1,"name":"Home","item":"https:\/\/now-news.de\/de\/"},{"@type":"ListItem","position":2,"name":"Bundesbankpr\u00e4sident warnt vor zweistelliger Inflation im Herbst"}]},{"@type":"WebSite","@id":"https:\/\/now-news.de\/de\/#website","url":"https:\/\/now-news.de\/de\/","name":"just-now.NEWS Deutschland","description":"Das Portal f\u00fcr unzensierte Nachrichten aus der Welt","publisher":{"@id":"https:\/\/now-news.de\/de\/#organization"},"potentialAction":[{"@type":"SearchAction","target":{"@type":"EntryPoint","urlTemplate":"https:\/\/now-news.de\/de\/?s={search_term_string}"},"query-input":"required name=search_term_string"}],"inLanguage":"de"},{"@type":"Organization","@id":"https:\/\/now-news.de\/de\/#organization","name":"Just Now News","url":"https:\/\/now-news.de\/de\/","logo":{"@type":"ImageObject","inLanguage":"de","@id":"https:\/\/now-news.de\/de\/#\/schema\/logo\/image\/","url":"http:\/\/just-now.news\/de\/wp-content\/uploads\/sites\/3\/2022\/04\/logo500x500.jpg","contentUrl":"http:\/\/just-now.news\/de\/wp-content\/uploads\/sites\/3\/2022\/04\/logo500x500.jpg","width":500,"height":500,"caption":"Just Now News"},"image":{"@id":"https:\/\/now-news.de\/de\/#\/schema\/logo\/image\/"},"sameAs":["https:\/\/www.facebook.com\/wirmachenauf","https:\/\/x.com\/WirMachenAuf_de"]},{"@type":"Person","@id":"https:\/\/now-news.de\/de\/#\/schema\/person\/fb534a4e865501d8b3285208df34a9b5","name":"rtnews","image":{"@type":"ImageObject","inLanguage":"de","@id":"https:\/\/now-news.de\/de\/#\/schema\/person\/image\/","url":"https:\/\/secure.gravatar.com\/avatar\/82aafea7d8127119dd649515f56e2117?s=96&d=mm&r=g","contentUrl":"https:\/\/secure.gravatar.com\/avatar\/82aafea7d8127119dd649515f56e2117?s=96&d=mm&r=g","caption":"rtnews"},"url":"https:\/\/now-news.de\/de\/author\/rnews\/"}]}},"_links":{"self":[{"href":"https:\/\/now-news.de\/de\/wp-json\/wp\/v2\/posts\/17409"}],"collection":[{"href":"https:\/\/now-news.de\/de\/wp-json\/wp\/v2\/posts"}],"about":[{"href":"https:\/\/now-news.de\/de\/wp-json\/wp\/v2\/types\/post"}],"author":[{"embeddable":true,"href":"https:\/\/now-news.de\/de\/wp-json\/wp\/v2\/users\/3"}],"replies":[{"embeddable":true,"href":"https:\/\/now-news.de\/de\/wp-json\/wp\/v2\/comments?post=17409"}],"version-history":[{"count":0,"href":"https:\/\/now-news.de\/de\/wp-json\/wp\/v2\/posts\/17409\/revisions"}],"wp:featuredmedia":[{"embeddable":true,"href":"https:\/\/now-news.de\/de\/wp-json\/wp\/v2\/media\/17410"}],"wp:attachment":[{"href":"https:\/\/now-news.de\/de\/wp-json\/wp\/v2\/media?parent=17409"}],"wp:term":[{"taxonomy":"category","embeddable":true,"href":"https:\/\/now-news.de\/de\/wp-json\/wp\/v2\/categories?post=17409"},{"taxonomy":"post_tag","embeddable":true,"href":"https:\/\/now-news.de\/de\/wp-json\/wp\/v2\/tags?post=17409"}],"curies":[{"name":"wp","href":"https:\/\/api.w.org\/{rel}","templated":true}]}}