{"id":17378,"date":"2022-08-21T15:25:27","date_gmt":"2022-08-21T13:25:27","guid":{"rendered":"http:\/\/just-now.news\/de\/deutschland\/ard-magazin-kontraste-ueber-russland-propaganda-mit-schaum-vor-dem-mund\/"},"modified":"2022-08-21T15:25:27","modified_gmt":"2022-08-21T13:25:27","slug":"ard-magazin-kontraste-ueber-russland-propaganda-mit-schaum-vor-dem-mund","status":"publish","type":"post","link":"https:\/\/now-news.de\/de\/deutschland\/ard-magazin-kontraste-ueber-russland-propaganda-mit-schaum-vor-dem-mund\/","title":{"rendered":"ARD-Magazin Kontraste \u00fcber Russland: Propaganda mit Schaum vor dem Mund"},"content":{"rendered":"<p><img decoding=\"async\" src=\"http:\/\/just-now.news\/de\/wp-content\/uploads\/sites\/3\/2022\/08\/6301548ab480cc246c5133b1.PNG\" \/><\/p>\n<p><em>von Gert Ewen Ungar<\/em><\/p>\n<p>Die Ukraine verliert gerade trotz umfangreicher Waffenlieferungen durch den Westen den milit\u00e4rischen Teil des Krieges. Deutschland und die EU verlieren den Wirtschaftskrieg gegen Russland. Die B\u00fcrger Deutschlands werden von der deutschen Politik f\u00fcr einen aussichtslosen wirtschaftspolitischen Stellungskampf in Geiselhaft genommen. Die deutsche Politik ist bereit, den Wohlstand von vielen einer l\u00e4ngst verlorenen Sache preiszugeben: der Idee der Vernichtung Russlands. Und was machen die \u00f6ffentlich-rechtlichen Medien? Sie machen Propaganda, erdichten Verschw\u00f6rungstheorien und versuchen, das Feindbild Russland etabliert zu halten.\u00a0<\/p>\n<p>Zuletzt tat sich das <em>ARD<\/em>-Format <em>Kontraste<\/em> mit einem Beitrag hervor, der journalistisch zwar von bedauernswerter D\u00fcrftigkeit, unter propagandistischen und manipulativen Gesichtspunkten handwerklich aber gut gelungen ist. Produziert wurde die <em>Kontraste<\/em>-Sendung vom skandalumwitterten <em>rbb<\/em>.<\/p>\n<p>Der <a rel=\"nofollow noopener\" target=\"_blank\" href=\"https:\/\/www.rbb-online.de\/kontraste\/archiv\/kontraste-vom-04-08-2022\/das-imperialistische-weltbild-des-kreml.html\">Beitrag<\/a> tr\u00e4gt den rei\u00dferischen Titel &#8220;Putins Diktatur. Das imperialistische Weltbild des Kremls&#8221;.<em>\u00a0<\/em>Verantwortlicher Autor ist der selbst ernannte Experte f\u00fcr Verschw\u00f6rungstheorien und Nazi-J\u00e4ger Silvio Duwe.<\/p>\n<p>Duwe geh\u00f6rt zu jenen Journalisten, die sich an der medialen Denunziation von Kritikern der Corona-Ma\u00dfnahmen beteiligten. Es waren unter anderem seine Beitr\u00e4ge, die bewusst den Eindruck erweckten, die Kritiker der Ma\u00dfnahmen seien vor allem Rechte, Verschw\u00f6rungstheoretiker und Antisemiten. Duwes Technik der Denunziation ist immer dieselbe: Er nimmt eine extreme Aussage, sucht ein extremes Bild und verallgemeinert. Alle Demonstranten, die sich auf den Protesten gegen den staatlichen Irrsinn einfinden, sind so wie diese eine extreme Position. Die Protestierenden erscheinen damit in ihrer Gesamtheit d\u00fcmmlich, unaufgekl\u00e4rt und stellen\u00a0in ihrer Dummheit eine Gefahr f\u00fcr die Gemeinschaft dar.<\/p>\n<p>Das ist nat\u00fcrlich unlauter und hat mit sich um Objektivierung bem\u00fchendem Journalismus nichts zu tun. Zur Vermeidung einer inhaltlichen Auseinandersetzung diffamiert Duwe. Dass es seine Beitr\u00e4ge trotz dieser primitiven Technik bis in die \u00f6ffentlich-rechtlichen Sender schaffen, sagt viel aus \u00fcber den Zustand des deutschen Qualit\u00e4tsjournalismus. Er mag ganz viele Qualit\u00e4ten besitzen, nur Qualit\u00e4t besitzt er eben nicht.\u00a0<\/p>\n<p>Seine Diffamierungstechnik verwendet Duwe auch im <em>Kontraste<\/em>-Beitrag.\u00a0Schon die ersten Sekunden des Beitrags sind hochgradig manipulativ. Man sieht Soldatinnen, die in Reih und Glied \u00fcber einen Platz marschieren. F\u00fcr den Bruchteil einer Sekunde sieht man rote Armbinden mit einem wei\u00dfen Kreis. Und wer genau hinschaut, erkennt in der Mitte eine schwarze Zahl. Die Assoziation mit dem Nationalsozialismus dr\u00e4ngt sich auf.\u00a0<\/p>\n<p>Die Bildredakteure der <em>ARD<\/em> mussten sicherlich lange suchen, um diesen manipulativen Ausschnitt an den Anfang dieser h\u00f6chst fragw\u00fcrdigen Reportage stellen zu k\u00f6nnen. Er stimmt die Zuschauer suggestiv auf die folgenden neun Minuten reiner Propaganda ein. Im Gleichschritt marschierende Soldaten,\u00a0die angedeutete Symbolik des Nationalsozialismus, milit\u00e4rischer Tusch, der in bedrohlich klingendes Synthie-Gewaber \u00fcbergeht \u2013 das Framing ist perfekt. Jeder f\u00fchlt unmittelbar, es geht im Folgenden um das ganz ganz B\u00f6se.\u00a0\u00a0<\/p>\n<p>Der kurze Ausschnitt stammt von 2019 und zeigt eine Probe f\u00fcr die Parade zum Tag des Sieges \u00fcber den Faschismus in Sankt Petersburg. Auf den Armbinden stehen Zahlen, um eine bessere \u00dcbersicht zu haben und einfacher korrigieren zu k\u00f6nnen. Bei der feierlichen Parade am 9. Mai werden keine Armbinden getragen. Die Unterstellung aber ist perfide: Zum Tag der Feier der Befreiung vom Faschismus tragen russische Soldaten faschistische Symbole. Diese Verdrehung der Tatsachen entlarvt den Beitrag f\u00fcr den aufmerksamen Beobachter dann aber auch unmittelbar. Den unaufmerksamen packt er dagegen an seiner verwundbarsten Stelle: an den Emotionen. Die absichtsvoll hervorgerufenen Gef\u00fchle nehmen seinen kritischen Verstand sofort gefangen.<\/p>\n<p>Vielsagend, dass die\u00a0<em>ARD<\/em>\u00a0die Umdeutung der Siegesparade zu einem faschistischen Marsch dem ukrainischen YouTube-Propagandisten <a rel=\"nofollow noopener\" target=\"_blank\" href=\"https:\/\/www.youtube.com\/watch?v=X0AGdA_8inI\">Juri Porutschik<\/a> zu verdanken hat, was die Quellenangabe auf dem Video verr\u00e4t. Noch im April\u00a02019 hat er die \u00dcbung auf dem\u00a0Palastplatz in Sankt Petersburg mit Vertonung durch\u00a0das im Jahre 1938 ver\u00f6ffentlichte Wehrmachtslied &#8220;Erika&#8221; verballhornt. Um die gew\u00fcnschte Wirkung zu verst\u00e4rken, lie\u00df der Kanal-Betreiber eine kurze Videosequenz mit marschierenden Frauen in Milit\u00e4runiform neunmal \u00fcber den Bildschirm laufen. Andere Videos des Propagandisten zeigen Russen <a rel=\"nofollow noopener\" target=\"_blank\" href=\"https:\/\/www.youtube.com\/watch?v=38JksiT92cs\">in Tiergestalt<\/a>, als\u00a0<a rel=\"nofollow noopener\" target=\"_blank\" href=\"https:\/\/www.youtube.com\/watch?v=GTmRZzmUaQE\">Untermenschen<\/a> oder demonstrieren seine Gewaltfantasien, wie etwa eine\u00a0<a rel=\"nofollow noopener\" target=\"_blank\" href=\"https:\/\/www.youtube.com\/watch?v=WKLyqABgtd4\">simulierte Zerst\u00f6rung<\/a> der Krim-Br\u00fccke. Mit \u00dcbernahme des\u00a0Propaganda-Beitrags von \u00fcbelster Sorte\u00a0hat sich der deutsche \u00f6ffentlich-rechtliche Rundfunk einer offen rassistischen, gewaltverherrlichenden Quelle bedient.\u00a0<\/p>\n<p>Auch im weiteren Verlauf des <em>Kontraste<\/em>-Beitrags wird es kaum besser: Zitate werden aus dem Zusammenhang gerissen, es wird dekontextualisiert, \u00fcber Bildschnitte werden Verbindungen konstruiert, die faktisch nicht existieren. So sagt die Off-Stimme (Minute 00:30 des Beitrags), Russland sende immer wieder Drohgeb\u00e4rden gen Westen. Direkt danach wird die \u00c4u\u00dferung des Filmregisseurs und Direktors des Studios &#8220;Mosfilm&#8221; Karen Schachnasarow eingeblendet: &#8220;Wenn n\u00f6tig, wird es Konzentrationslager geben, Umerziehung, Sterilisation.&#8221; Das sagte er in einer Talkshow im Fr\u00fchjahr, als Russland unter dem Eindruck der Sanktionen und der aggressiven Rhetorik des Westens stand. Schachnasarow meinte, dass der Westen in Russland mit Sicherheit ein repressives Regime einf\u00fchren w\u00fcrde, sollte es den Krieg verlieren. Der Sinn des Zitats wird damit in sein Gegenteil verkehrt.<\/p>\n<p>Eine weitere Manipulation: Randst\u00e4ndige Erscheinungen werden zu vermeintlich dominanten Str\u00f6mungen stilisiert.\u00a0In einem wilden Zusammenschnitt von Aussagen wird der Eindruck erweckt, in Russland werde nur strenges, einf\u00f6rmiges Denken geduldet. Es gebe keinen Raum f\u00fcr Vielfalt. In einem Land, das sich \u00fcber elf Zeitzonen erstreckt, in dem zudem \u00fcber hundert unterschiedliche V\u00f6lker mit ihren unterschiedlichen Kulturen leben, ist das wenig evident. Es entspricht auch nicht der Lebenswirklichkeit.<\/p>\n<p>Vor Jahren hatte Wladimir Putin sich zum russischen Philosophen Iwan Ilijin ge\u00e4u\u00dfert und ihn mit der Aussage zitiert, dass Gott Russe gewesen sein muss. Putin h\u00e4lt Ilijin f\u00fcr lesenswert, dennoch ist Ilijin in Russland nach wie vor weitgehend unbedeutend. Wer sich allerdings die M\u00fche macht, bei Google die Schlagworte Ilijin und Putin einzugeben, wird schon anhand der deutschen Suchergebnisse versichert, dass Ilijins Denken vermittelt \u00fcber Putin das russische Selbstverst\u00e4ndnis zentral und ausschlie\u00dflich negativ pr\u00e4gt. So funktioniert per Algorithmus gesteuerte Propaganda.<\/p>\n<p>Die These, Ilijin sei von Putin zum staatstragenden Philosophen erhoben worden, vertrat zun\u00e4chst der US-amerikanische Historiker Timothy Snyder, dessen <a rel=\"nofollow noopener\" target=\"_blank\" href=\"https:\/\/meinungsfreiheit.rtde.life\/meinung\/77542-marchenlekture-fur-mainstream-timothy-snyder\/\">&#8220;Forschungen&#8221;<\/a> zu Russland zwar keinerlei wissenschaftlichen Standards gen\u00fcgen, die aber alle etablierten Klischees und Vorurteile \u00fcber Russen bedienen und daher in entsprechenden Kreisen Verbreitung finden. Man liest gern schwarz auf wei\u00df, was man eigentlich immer schon wusste und jetzt beim Lesen best\u00e4tigt bekommt. Man kann sicher sein, Duwe ist ein gro\u00dfer Fan von Snyder.<\/p>\n<p>Duwe h\u00e4tte statt Ilijin auch ein anderes, wesentlich prominenteres Beispiel der Philosophiegeschichte w\u00e4hlen k\u00f6nnen: Immanuel Kant. Putin hat den Wiederaufbau von Kants Wohnhaus in Kaliningrad pers\u00f6nlich unterst\u00fctzt. Allerdings h\u00e4tte sich die Geschichte, dass dem russischen Pr\u00e4sidenten die Pflege des Andenkens des Autors von &#8220;Zum ewigen Frieden&#8221; eine Herzensangelegenheit ist, nat\u00fcrlich deutlich schlechter instrumentalisieren lassen. Deswegen nimmt sie Duwe in seinen Reportage auch nicht auf, obwohl ihm das Faktum bei seinen Recherchen mit Sicherheit begegnet ist. Aber es w\u00fcrde Duwes Message vom faschistischen Russland erheblich st\u00f6ren.<\/p>\n<p>Auch die <em>Nowaja Chronologia<\/em>, die das <em>Kontraste<\/em>-Machwerk mit Aufmerksamkeit bedenkt, hat in Russland keineswegs die breite Stellung, die der Beitrag suggeriert. Sie gilt als randst\u00e4ndig und wird von Mathematikern, Historikern, Biologen, Arch\u00e4ologen, Linguisten, Physikern, Astronomen, Chemikern und Vertretern anderer Wissenschaften kritisiert. Es ist eine Technik der Manipulation der Zuschauer, randst\u00e4ndige Entwicklungen in ihrer Bedeutung zu \u00fcberh\u00f6hen und einen umfassenden gesellschaftlichen Einfluss zu behaupten. Der deutsche Zuschauer kann das nicht \u00fcberpr\u00fcfen. Die <em>ARD<\/em> nutzt hier das Vertrauen der Zuschauer in ihre Berichterstattung zur Manipulation und Irref\u00fchrung.<\/p>\n<p>Dass sich die russischen Wissenschaften von einer Einzelmeinung abgrenzen, passt aber wiederum nicht in das Bild vom irrationalen, wilden russischen Untermenschen, das Duwe hier bedient. Weil das aber so ist, wird es weggelassen. Schlie\u00dflich ist es Ziel des Beitrags, einen Rassismus zu reaktivieren, der tief in der deutschen Kultur verankert ist.<\/p>\n<p>Schlie\u00dflich kommt Anne Applebaum zu Wort. Ihre &#8220;Expertise&#8221; durfte freilich nicht fehlen. Auch sie ist weniger bekannt f\u00fcr ihr wissenschaftlich solides Arbeiten als vor allem f\u00fcr ihre sich aus reaktion\u00e4ren Klischees n\u00e4hrenden verbalen Tiefschl\u00e4ge gegen ein der westlichen Dominanz\u00a0widerstehendes Russland.<\/p>\n<p>Nat\u00fcrlich ist Applebaum Mitglied in den entsprechenden US-amerikanischen Thinktanks. Sie ist unter anderem im Vorstand des aus dem US-Haushalt finanzierten National Endowment for Democracy, dessen Ziel die weltweite F\u00f6rderung der liberalen Demokratie ist. Applebaum ist also keineswegs unabh\u00e4ngige Historikerin, sondern verfolgt und f\u00f6rdert die geopolitischen Interessen der USA. <em>Kontraste<\/em> und der dazugeh\u00f6rige Beitrag in der <em><a rel=\"nofollow noopener\" target=\"_blank\" href=\"https:\/\/www.tagesschau.de\/russland-diktatur-applebaum-101.html\">Tagesschau<\/a><\/em> verschweigen diesen Zusammenhang nat\u00fcrlich. Daf\u00fcr darf sie sich ausgiebig auslassen. So meint Applebaum, das System Putin sei auf einen einzelnen F\u00fchrer zugeschnitten, der nicht ausgetauscht werden k\u00f6nne. Es gebe keine geregelte Nachfolge.<\/p>\n<p>Das ist nat\u00fcrlich absoluter Bl\u00f6dsinn und vollkommen an der Realit\u00e4t vorbei. Die Nachfolge Putins ist nat\u00fcrlich geregelt, und zwar durch die russische Verfassung. Der Pr\u00e4sident wird direkt gew\u00e4hlt, und um das Pr\u00e4sidentenamt kann sich jeder russische B\u00fcrger bewerben, der nicht vorbestraft ist. Es mag Applebaum irritieren, aber Demokratien funktionieren so.<\/p>\n<p>Ob Putin seine Nachfolge tats\u00e4chlich ungeregelt l\u00e4sst oder nicht doch einen Nachfolger zumindest ins Rennen zu schicken versucht, wird sich zeigen.<\/p>\n<p>Wer \u00fcbrigens seine Nachfolge tats\u00e4chlich v\u00f6llig ungeregelt gelassen hat, war die deutsche Dauerregentin Angela Merkel. Das allein macht Deutschland aber noch nicht zu einer faschistischen Diktatur.<\/p>\n<p>Wenn Applebaum meint, es sei Zeichen autorit\u00e4rer Regime, die Realit\u00e4t vor dem Volk verbergen zu m\u00fcssen, dann sollte sie sich mal an die eigene Nase fassen. Der Westen und insbesondere die deutschen Medien des Mainstreams unternehmen gerade alles, um die Realit\u00e4t vor dem eigenen Volk zu verbergen. Applebaum hat mit ihrem Auftritt im <em>Kontraste<\/em>-Beitrag daran Anteil.<\/p>\n<p>Diese Wahrheit ist dabei ganz schlicht: Der Westen ist dabei, den Krieg zu verlieren. Er verliert zudem seine Stellung als Hegemon in der Welt. Er kann der Welt seine Regeln k\u00fcnftig nicht mehr diktieren und steigt \u00f6konomisch und politisch ab. Der <em>Kontraste<\/em>-Beitrag ist ein Paradebeispiel f\u00fcr den Versuch des Verbergens dieser Realit\u00e4t.<\/p>\n<p>Dass Applebaum jede diplomatische L\u00f6sung f\u00fcr die Ukraine verneint, ist vor dem Hintergrund ihrer Einbettung in westliche Propaganda-Strukturen keine \u00dcberraschung. F\u00fcr sie kann es nur ein Ziel geben \u2013 Russland muss besiegt werden. Applebaum ist Propagandistin durch und durch. Das Leben ukrainischer Soldaten ist ihr in ihrem Zynismus gleichg\u00fcltig. Zudem lebt sie in den USA und daher weit weg vom Geschehen. Sie wird die Konsequenzen ihrer Forderungen kaum sp\u00fcren. Man kann hoffen, dass in der EU niemand auf sie h\u00f6rt.\u00a0<\/p>\n<p>Die Frage bleibt nat\u00fcrlich, warum die <em>ARD<\/em> einen derartigen Beitrag produziert, der alle Kriterien von Propaganda erf\u00fcllt. Er dient, es wurde eben schon angedeutet, vor allem dem Verschweigen und dem Ablenken vom eigenen, westlichen Versagen.\u00a0<\/p>\n<p>Der milit\u00e4rische Konflikt in der Ukraine h\u00e4tte vermieden werden k\u00f6nnen. Er h\u00e4tte bereits 2008 vermieden werden k\u00f6nnen, wenn die NATO der Ukraine nicht signalisiert h\u00e4tte, sie sei bereit f\u00fcr eine Aufnahme.<\/p>\n<p>Er h\u00e4tte 2014 verhindert werden k\u00f6nnen, wenn die EU die Ukraine nicht zur Unterschrift unter das EU-Assoziierungsabkommen gedr\u00e4ngt h\u00e4tte. Der legitime Pr\u00e4sident Wiktor Janukowitsch hatte die Unterschrift verweigert und wurde weggeputscht, sodass schlie\u00dflich der Ministerpr\u00e4sident der \u00dcbergangsregierung Arseni Jazenjuk das Dokument unterschreiben konnte. Im Osten des Landes brach ein B\u00fcrgerkrieg aus.<\/p>\n<p>Der Konflikt h\u00e4tte auch nach Ausbruch des B\u00fcrgerkrieges noch verhindert werden k\u00f6nnen, wenn Deutschland und Frankreich ihren Verpflichtungen als Garantiem\u00e4chte im Rahmen der Minsker Vereinbarungen nachgekommen w\u00e4ren. Ihre Aufgabe war es, die ukrainische Seite zur Umsetzung der\u00a0Zusagen\u00a0zu dr\u00e4ngen. Sie haben das unterlassen.<\/p>\n<p>Der milit\u00e4rische Konflikt h\u00e4tte auch kurz vor dem Einmarsch russischer Truppen in die Ukraine noch verhindert werden k\u00f6nnen, h\u00e4tten sich die USA und die NATO auf die russische Forderung nach Sicherheitsgarantien eingelassen. Sie taten es nicht.<\/p>\n<p>Dass dieser Konflikt eskalierte, hat daher vor allem der Westen zu verantworten. Er ist seinem imperialistischen Expansions- und Gestaltungsanspruch zu verdanken. Mit inneren Entwicklungen in Russland hat das alles zun\u00e4chst gar nichts zu tun.<\/p>\n<p><em>Kontraste<\/em> dagegen thematisiert von all den Entwicklungen hin zum Krieg nichts. Die Reportage verl\u00e4sst sich vollst\u00e4ndig auf eine ahistorische Argumentation, bedient dabei dumpfe Klischees und Ressentiments sowie einen sehr deutschen Rassismus.<\/p>\n<p>Im Beitrag wird behauptet, aus Gr\u00fcnden einer innerrussisch erstarkten Ideologie habe Russland die Ukraine mit dem Ziel \u00fcberfallen, sie zu vernichten und die Ukrainer in einem umfassenden Genozid auszurotten. Das ist nicht nur falsch, sondern schlicht gelogen. Die historischen Abl\u00e4ufe bis zum Ausbruch des Krieges sind einfach recherchierbar. Dass es Duwe in seinem Beitrag unterl\u00e4sst, auf diese Entwicklung hinzuweisen, muss ihm als b\u00f6se Absicht ausgelegt werden.<\/p>\n<p>Ziel der milit\u00e4rischen Operation Russlands ist nicht die Ausl\u00f6schung der Ukraine, sondern die Wahrung russischer Sicherheitsinteressen und der Schutz der russischsprachigen Bev\u00f6lkerung in der Ukraine.<\/p>\n<p>Dass die russischsprachige Bev\u00f6lkerung in der Ukraine bedroht ist sowie zahlreiche andere, extrem bedenkliche Entwicklungen in der Ukraine verschweigt <em>Kontraste<\/em>.<\/p>\n<p>Den Fakten nach ist es exakt umgekehrt: Der Westen hat das Auferstehen eines dumpfen Nationalismus in der Ukraine nicht nur geduldet, sondern aktiv gef\u00f6rdert. Ergebnis war ein System der Repression. Unter anderem der Erlass diskriminierender Sprachgesetze verbunden mit dem bedrohlichen Erstarken einer rechtsnationalistischen Bewegung bef\u00f6rderte den Wunsch eines Teils der ukrainischen Bev\u00f6lkerung, sich von der Ukraine zu l\u00f6sen.<\/p>\n<p>In Wladimir Selenskijs Ukraine wird die politische Opposition massiv unterdr\u00fcckt, die Medien sind gleichgeschaltet, und es herrscht eine strenge Zensur. All das, was Duwe in seinem Beitrag Russland vorwirft, passiert gerade in der Ukraine. Vor echtem Faschismus halten Duwe und die <em>ARD<\/em> die Augen fest geschlossen. Deutschland hat keine Resilienz gegen Faschismus.<\/p>\n<p>Denn was eben auch zur Wahrheit geh\u00f6rt: \u00dcberall, wo der Westen einf\u00e4llt, entsteht Extremismus. Der IS im Irak und in Syrien, Neonazismus in der Ukraine. Auch in Wei\u00dfrussland hat der Westen versucht, Nationalismus zu f\u00f6rdern. Das ist kein Zufall. Es ist eine klare Strategie des Westens, sich absolut reaktion\u00e4rer Elemente zur Durchsetzung eigener machtpolitischer Anspr\u00fcche zu bedienen.<\/p>\n<p>Wovon der Beitrag au\u00dferdem noch schweigt, ist der deutliche Rechtsrutsch westlicher Staaten. Auch im Westen ist die Zensur auf dem Vormarsch. Journalisten werden verfolgt, weggesperrt und drangsaliert.<\/p>\n<p>Es sind \u00fcbrigens Systemjournalisten wie Duwe, die das nicht nur begr\u00fc\u00dfen, sondern aktiv f\u00f6rdern. Duwe geh\u00f6rt zu jenen Journalisten, die beispielsweise Ken Jebsen aktiv diffamiert haben. Als Systemjournalist, der Regierungshandeln affirmativ begleitet und gegen Kritik immunisiert, hat Duwe an der zunehmenden Unterdr\u00fcckung und Diskriminierung Andersdenkender in Deutschland Anteil. Er h\u00e4lt Denunziation und Diskriminierung f\u00fcr seine journalistische Aufgabe. Ihm erscheint das als Kampf gegen rechts. Was er dabei \u00fcbersieht, ist, welchen Beitrag er zum Rechtsrutsch in Deutschland leistet. Er f\u00f6rdert aktiv ein System der Repression.\u00a0<\/p>\n<p><strong>Mehr zum Thema\u00a0<\/strong>\u2013\u00a0<a rel=\"nofollow noopener\" target=\"_blank\" href=\"https:\/\/test.rtde.tech\/meinung\/145169-rbb-mitarbeiter-sundermeyer-angst-und\/\">&#8220;Es gibt Menschen, die m\u00f6chten nicht mehr diskreditiert werden&#8221; \u2013 RBB-Mann Sundermeyer unterwegs<\/a><\/p>\n<p><br \/>\n<br \/><a href=\"https:\/\/de.rt.com\/meinung\/146270-ard-magazin-kontraste-ueber-russland\/\">Source link <\/a><\/p>\n","protected":false},"excerpt":{"rendered":"<p>von Gert Ewen Ungar Die Ukraine verliert gerade trotz umfangreicher Waffenlieferungen durch den Westen den milit\u00e4rischen Teil des Krieges. Deutschland und die EU verlieren den Wirtschaftskrieg gegen Russland. Die B\u00fcrger Deutschlands werden von der deutschen Politik f\u00fcr einen aussichtslosen wirtschaftspolitischen Stellungskampf in Geiselhaft genommen. Die deutsche Politik ist bereit, den Wohlstand von vielen einer l\u00e4ngst [&hellip;]<\/p>\n","protected":false},"author":3,"featured_media":17379,"comment_status":"open","ping_status":"open","sticky":false,"template":"","format":"standard","meta":{"wp_automatic_camp":["217"],"84a16845a432882f3a69aacb8b004bdd":["ARD-Magazin Kontraste \u00fcber Russland: Propaganda mit Schaum vor dem Mund"],"original_link":["https:\/\/de.rt.com\/meinung\/146270-ard-magazin-kontraste-ueber-russland\/"],"_thumbnail_id":["17379"],"_wptg_p2tg_sent2tg":["2022-08-21 15:28:39"],"jnews_social_counter_last_update":["1777792126"]},"categories":[19,23],"tags":[31389,134,31390,419,23944,498,126,31391,139,320],"yoast_head":"<!-- This site is optimized with the Yoast SEO Premium plugin v22.7 (Yoast SEO v22.7) - https:\/\/yoast.com\/wordpress\/plugins\/seo\/ -->\n<title>ARD-Magazin Kontraste \u00fcber Russland: Propaganda mit Schaum vor dem Mund - just-now.NEWS Deutschland<\/title>\n<meta name=\"robots\" content=\"index, follow, max-snippet:-1, max-image-preview:large, max-video-preview:-1\" \/>\n<link rel=\"canonical\" href=\"https:\/\/now-news.de\/de\/deutschland\/ard-magazin-kontraste-ueber-russland-propaganda-mit-schaum-vor-dem-mund\/\" \/>\n<meta property=\"og:locale\" content=\"de_DE\" \/>\n<meta property=\"og:type\" content=\"article\" \/>\n<meta property=\"og:title\" content=\"ARD-Magazin Kontraste \u00fcber Russland: Propaganda mit Schaum vor dem Mund\" \/>\n<meta property=\"og:description\" content=\"von Gert Ewen Ungar Die Ukraine verliert gerade trotz umfangreicher Waffenlieferungen durch den Westen den milit\u00e4rischen Teil des Krieges. Deutschland und die EU verlieren den Wirtschaftskrieg gegen Russland. Die B\u00fcrger Deutschlands werden von der deutschen Politik f\u00fcr einen aussichtslosen wirtschaftspolitischen Stellungskampf in Geiselhaft genommen. Die deutsche Politik ist bereit, den Wohlstand von vielen einer l\u00e4ngst [&hellip;]\" \/>\n<meta property=\"og:url\" content=\"https:\/\/now-news.de\/de\/deutschland\/ard-magazin-kontraste-ueber-russland-propaganda-mit-schaum-vor-dem-mund\/\" \/>\n<meta property=\"og:site_name\" content=\"just-now.NEWS Deutschland\" \/>\n<meta property=\"article:publisher\" content=\"https:\/\/www.facebook.com\/wirmachenauf\" \/>\n<meta property=\"article:published_time\" content=\"2022-08-21T13:25:27+00:00\" \/>\n<meta property=\"og:image\" content=\"https:\/\/now-news.de\/de\/wp-content\/uploads\/sites\/3\/2022\/08\/ARD-Magazin-Kontraste-ueber-Russland-Propaganda-mit-Schaum-vor-dem-Mund.PNG\" \/>\n\t<meta property=\"og:image:width\" content=\"460\" \/>\n\t<meta property=\"og:image:height\" content=\"259\" \/>\n\t<meta property=\"og:image:type\" content=\"image\/png\" \/>\n<meta name=\"author\" content=\"rtnews\" \/>\n<meta name=\"twitter:card\" content=\"summary_large_image\" \/>\n<meta name=\"twitter:creator\" content=\"@WirMachenAuf_de\" \/>\n<meta name=\"twitter:site\" content=\"@WirMachenAuf_de\" \/>\n<meta name=\"twitter:label1\" content=\"Verfasst von\" \/>\n\t<meta name=\"twitter:data1\" content=\"rtnews\" \/>\n\t<meta name=\"twitter:label2\" content=\"Gesch\u00e4tzte Lesezeit\" \/>\n\t<meta name=\"twitter:data2\" content=\"12\u00a0Minuten\" \/>\n<script type=\"application\/ld+json\" class=\"yoast-schema-graph\">{\"@context\":\"https:\/\/schema.org\",\"@graph\":[{\"@type\":\"Article\",\"@id\":\"https:\/\/now-news.de\/de\/deutschland\/ard-magazin-kontraste-ueber-russland-propaganda-mit-schaum-vor-dem-mund\/#article\",\"isPartOf\":{\"@id\":\"https:\/\/now-news.de\/de\/deutschland\/ard-magazin-kontraste-ueber-russland-propaganda-mit-schaum-vor-dem-mund\/\"},\"author\":{\"name\":\"rtnews\",\"@id\":\"https:\/\/now-news.de\/de\/#\/schema\/person\/fb534a4e865501d8b3285208df34a9b5\"},\"headline\":\"ARD-Magazin Kontraste \u00fcber Russland: Propaganda mit Schaum vor dem Mund\",\"datePublished\":\"2022-08-21T13:25:27+00:00\",\"dateModified\":\"2022-08-21T13:25:27+00:00\",\"mainEntityOfPage\":{\"@id\":\"https:\/\/now-news.de\/de\/deutschland\/ard-magazin-kontraste-ueber-russland-propaganda-mit-schaum-vor-dem-mund\/\"},\"wordCount\":2465,\"commentCount\":0,\"publisher\":{\"@id\":\"https:\/\/now-news.de\/de\/#organization\"},\"image\":{\"@id\":\"https:\/\/now-news.de\/de\/deutschland\/ard-magazin-kontraste-ueber-russland-propaganda-mit-schaum-vor-dem-mund\/#primaryimage\"},\"thumbnailUrl\":\"https:\/\/now-news.de\/de\/wp-content\/uploads\/sites\/3\/2022\/08\/ARD-Magazin-Kontraste-ueber-Russland-Propaganda-mit-Schaum-vor-dem-Mund.PNG\",\"keywords\":[\"ARDMagazin\",\"DEM\",\"Kontraste\",\"mit\",\"Mund\",\"Propaganda\",\"russland\",\"Schaum\",\"\u00fcber\",\"vor\"],\"articleSection\":[\"Deutschland\",\"Russland\"],\"inLanguage\":\"de\",\"potentialAction\":[{\"@type\":\"CommentAction\",\"name\":\"Comment\",\"target\":[\"https:\/\/now-news.de\/de\/deutschland\/ard-magazin-kontraste-ueber-russland-propaganda-mit-schaum-vor-dem-mund\/#respond\"]}]},{\"@type\":\"WebPage\",\"@id\":\"https:\/\/now-news.de\/de\/deutschland\/ard-magazin-kontraste-ueber-russland-propaganda-mit-schaum-vor-dem-mund\/\",\"url\":\"https:\/\/now-news.de\/de\/deutschland\/ard-magazin-kontraste-ueber-russland-propaganda-mit-schaum-vor-dem-mund\/\",\"name\":\"ARD-Magazin Kontraste \u00fcber Russland: Propaganda mit Schaum vor dem Mund - just-now.NEWS Deutschland\",\"isPartOf\":{\"@id\":\"https:\/\/now-news.de\/de\/#website\"},\"primaryImageOfPage\":{\"@id\":\"https:\/\/now-news.de\/de\/deutschland\/ard-magazin-kontraste-ueber-russland-propaganda-mit-schaum-vor-dem-mund\/#primaryimage\"},\"image\":{\"@id\":\"https:\/\/now-news.de\/de\/deutschland\/ard-magazin-kontraste-ueber-russland-propaganda-mit-schaum-vor-dem-mund\/#primaryimage\"},\"thumbnailUrl\":\"https:\/\/now-news.de\/de\/wp-content\/uploads\/sites\/3\/2022\/08\/ARD-Magazin-Kontraste-ueber-Russland-Propaganda-mit-Schaum-vor-dem-Mund.PNG\",\"datePublished\":\"2022-08-21T13:25:27+00:00\",\"dateModified\":\"2022-08-21T13:25:27+00:00\",\"breadcrumb\":{\"@id\":\"https:\/\/now-news.de\/de\/deutschland\/ard-magazin-kontraste-ueber-russland-propaganda-mit-schaum-vor-dem-mund\/#breadcrumb\"},\"inLanguage\":\"de\",\"potentialAction\":[{\"@type\":\"ReadAction\",\"target\":[\"https:\/\/now-news.de\/de\/deutschland\/ard-magazin-kontraste-ueber-russland-propaganda-mit-schaum-vor-dem-mund\/\"]}]},{\"@type\":\"ImageObject\",\"inLanguage\":\"de\",\"@id\":\"https:\/\/now-news.de\/de\/deutschland\/ard-magazin-kontraste-ueber-russland-propaganda-mit-schaum-vor-dem-mund\/#primaryimage\",\"url\":\"https:\/\/now-news.de\/de\/wp-content\/uploads\/sites\/3\/2022\/08\/ARD-Magazin-Kontraste-ueber-Russland-Propaganda-mit-Schaum-vor-dem-Mund.PNG\",\"contentUrl\":\"https:\/\/now-news.de\/de\/wp-content\/uploads\/sites\/3\/2022\/08\/ARD-Magazin-Kontraste-ueber-Russland-Propaganda-mit-Schaum-vor-dem-Mund.PNG\",\"width\":460,\"height\":259,\"caption\":\"ARD-Magazin Kontraste \u00fcber Russland: Propaganda mit Schaum vor dem Mund\"},{\"@type\":\"BreadcrumbList\",\"@id\":\"https:\/\/now-news.de\/de\/deutschland\/ard-magazin-kontraste-ueber-russland-propaganda-mit-schaum-vor-dem-mund\/#breadcrumb\",\"itemListElement\":[{\"@type\":\"ListItem\",\"position\":1,\"name\":\"Home\",\"item\":\"https:\/\/now-news.de\/de\/\"},{\"@type\":\"ListItem\",\"position\":2,\"name\":\"ARD-Magazin Kontraste \u00fcber Russland: Propaganda mit Schaum vor dem Mund\"}]},{\"@type\":\"WebSite\",\"@id\":\"https:\/\/now-news.de\/de\/#website\",\"url\":\"https:\/\/now-news.de\/de\/\",\"name\":\"just-now.NEWS Deutschland\",\"description\":\"Das Portal f\u00fcr unzensierte Nachrichten aus der Welt\",\"publisher\":{\"@id\":\"https:\/\/now-news.de\/de\/#organization\"},\"potentialAction\":[{\"@type\":\"SearchAction\",\"target\":{\"@type\":\"EntryPoint\",\"urlTemplate\":\"https:\/\/now-news.de\/de\/?s={search_term_string}\"},\"query-input\":\"required name=search_term_string\"}],\"inLanguage\":\"de\"},{\"@type\":\"Organization\",\"@id\":\"https:\/\/now-news.de\/de\/#organization\",\"name\":\"Just Now News\",\"url\":\"https:\/\/now-news.de\/de\/\",\"logo\":{\"@type\":\"ImageObject\",\"inLanguage\":\"de\",\"@id\":\"https:\/\/now-news.de\/de\/#\/schema\/logo\/image\/\",\"url\":\"http:\/\/just-now.news\/de\/wp-content\/uploads\/sites\/3\/2022\/04\/logo500x500.jpg\",\"contentUrl\":\"http:\/\/just-now.news\/de\/wp-content\/uploads\/sites\/3\/2022\/04\/logo500x500.jpg\",\"width\":500,\"height\":500,\"caption\":\"Just Now News\"},\"image\":{\"@id\":\"https:\/\/now-news.de\/de\/#\/schema\/logo\/image\/\"},\"sameAs\":[\"https:\/\/www.facebook.com\/wirmachenauf\",\"https:\/\/x.com\/WirMachenAuf_de\"]},{\"@type\":\"Person\",\"@id\":\"https:\/\/now-news.de\/de\/#\/schema\/person\/fb534a4e865501d8b3285208df34a9b5\",\"name\":\"rtnews\",\"image\":{\"@type\":\"ImageObject\",\"inLanguage\":\"de\",\"@id\":\"https:\/\/now-news.de\/de\/#\/schema\/person\/image\/\",\"url\":\"https:\/\/secure.gravatar.com\/avatar\/82aafea7d8127119dd649515f56e2117?s=96&d=mm&r=g\",\"contentUrl\":\"https:\/\/secure.gravatar.com\/avatar\/82aafea7d8127119dd649515f56e2117?s=96&d=mm&r=g\",\"caption\":\"rtnews\"},\"url\":\"https:\/\/now-news.de\/de\/author\/rnews\/\"}]}<\/script>\n<!-- \/ Yoast SEO Premium plugin. -->","yoast_head_json":{"title":"ARD-Magazin Kontraste \u00fcber Russland: Propaganda mit Schaum vor dem Mund - just-now.NEWS Deutschland","robots":{"index":"index","follow":"follow","max-snippet":"max-snippet:-1","max-image-preview":"max-image-preview:large","max-video-preview":"max-video-preview:-1"},"canonical":"https:\/\/now-news.de\/de\/deutschland\/ard-magazin-kontraste-ueber-russland-propaganda-mit-schaum-vor-dem-mund\/","og_locale":"de_DE","og_type":"article","og_title":"ARD-Magazin Kontraste \u00fcber Russland: Propaganda mit Schaum vor dem Mund","og_description":"von Gert Ewen Ungar Die Ukraine verliert gerade trotz umfangreicher Waffenlieferungen durch den Westen den milit\u00e4rischen Teil des Krieges. Deutschland und die EU verlieren den Wirtschaftskrieg gegen Russland. Die B\u00fcrger Deutschlands werden von der deutschen Politik f\u00fcr einen aussichtslosen wirtschaftspolitischen Stellungskampf in Geiselhaft genommen. Die deutsche Politik ist bereit, den Wohlstand von vielen einer l\u00e4ngst [&hellip;]","og_url":"https:\/\/now-news.de\/de\/deutschland\/ard-magazin-kontraste-ueber-russland-propaganda-mit-schaum-vor-dem-mund\/","og_site_name":"just-now.NEWS Deutschland","article_publisher":"https:\/\/www.facebook.com\/wirmachenauf","article_published_time":"2022-08-21T13:25:27+00:00","og_image":[{"width":460,"height":259,"url":"https:\/\/now-news.de\/de\/wp-content\/uploads\/sites\/3\/2022\/08\/ARD-Magazin-Kontraste-ueber-Russland-Propaganda-mit-Schaum-vor-dem-Mund.PNG","type":"image\/png"}],"author":"rtnews","twitter_card":"summary_large_image","twitter_creator":"@WirMachenAuf_de","twitter_site":"@WirMachenAuf_de","twitter_misc":{"Verfasst von":"rtnews","Gesch\u00e4tzte Lesezeit":"12\u00a0Minuten"},"schema":{"@context":"https:\/\/schema.org","@graph":[{"@type":"Article","@id":"https:\/\/now-news.de\/de\/deutschland\/ard-magazin-kontraste-ueber-russland-propaganda-mit-schaum-vor-dem-mund\/#article","isPartOf":{"@id":"https:\/\/now-news.de\/de\/deutschland\/ard-magazin-kontraste-ueber-russland-propaganda-mit-schaum-vor-dem-mund\/"},"author":{"name":"rtnews","@id":"https:\/\/now-news.de\/de\/#\/schema\/person\/fb534a4e865501d8b3285208df34a9b5"},"headline":"ARD-Magazin Kontraste \u00fcber Russland: Propaganda mit Schaum vor dem Mund","datePublished":"2022-08-21T13:25:27+00:00","dateModified":"2022-08-21T13:25:27+00:00","mainEntityOfPage":{"@id":"https:\/\/now-news.de\/de\/deutschland\/ard-magazin-kontraste-ueber-russland-propaganda-mit-schaum-vor-dem-mund\/"},"wordCount":2465,"commentCount":0,"publisher":{"@id":"https:\/\/now-news.de\/de\/#organization"},"image":{"@id":"https:\/\/now-news.de\/de\/deutschland\/ard-magazin-kontraste-ueber-russland-propaganda-mit-schaum-vor-dem-mund\/#primaryimage"},"thumbnailUrl":"https:\/\/now-news.de\/de\/wp-content\/uploads\/sites\/3\/2022\/08\/ARD-Magazin-Kontraste-ueber-Russland-Propaganda-mit-Schaum-vor-dem-Mund.PNG","keywords":["ARDMagazin","DEM","Kontraste","mit","Mund","Propaganda","russland","Schaum","\u00fcber","vor"],"articleSection":["Deutschland","Russland"],"inLanguage":"de","potentialAction":[{"@type":"CommentAction","name":"Comment","target":["https:\/\/now-news.de\/de\/deutschland\/ard-magazin-kontraste-ueber-russland-propaganda-mit-schaum-vor-dem-mund\/#respond"]}]},{"@type":"WebPage","@id":"https:\/\/now-news.de\/de\/deutschland\/ard-magazin-kontraste-ueber-russland-propaganda-mit-schaum-vor-dem-mund\/","url":"https:\/\/now-news.de\/de\/deutschland\/ard-magazin-kontraste-ueber-russland-propaganda-mit-schaum-vor-dem-mund\/","name":"ARD-Magazin Kontraste \u00fcber Russland: Propaganda mit Schaum vor dem Mund - just-now.NEWS Deutschland","isPartOf":{"@id":"https:\/\/now-news.de\/de\/#website"},"primaryImageOfPage":{"@id":"https:\/\/now-news.de\/de\/deutschland\/ard-magazin-kontraste-ueber-russland-propaganda-mit-schaum-vor-dem-mund\/#primaryimage"},"image":{"@id":"https:\/\/now-news.de\/de\/deutschland\/ard-magazin-kontraste-ueber-russland-propaganda-mit-schaum-vor-dem-mund\/#primaryimage"},"thumbnailUrl":"https:\/\/now-news.de\/de\/wp-content\/uploads\/sites\/3\/2022\/08\/ARD-Magazin-Kontraste-ueber-Russland-Propaganda-mit-Schaum-vor-dem-Mund.PNG","datePublished":"2022-08-21T13:25:27+00:00","dateModified":"2022-08-21T13:25:27+00:00","breadcrumb":{"@id":"https:\/\/now-news.de\/de\/deutschland\/ard-magazin-kontraste-ueber-russland-propaganda-mit-schaum-vor-dem-mund\/#breadcrumb"},"inLanguage":"de","potentialAction":[{"@type":"ReadAction","target":["https:\/\/now-news.de\/de\/deutschland\/ard-magazin-kontraste-ueber-russland-propaganda-mit-schaum-vor-dem-mund\/"]}]},{"@type":"ImageObject","inLanguage":"de","@id":"https:\/\/now-news.de\/de\/deutschland\/ard-magazin-kontraste-ueber-russland-propaganda-mit-schaum-vor-dem-mund\/#primaryimage","url":"https:\/\/now-news.de\/de\/wp-content\/uploads\/sites\/3\/2022\/08\/ARD-Magazin-Kontraste-ueber-Russland-Propaganda-mit-Schaum-vor-dem-Mund.PNG","contentUrl":"https:\/\/now-news.de\/de\/wp-content\/uploads\/sites\/3\/2022\/08\/ARD-Magazin-Kontraste-ueber-Russland-Propaganda-mit-Schaum-vor-dem-Mund.PNG","width":460,"height":259,"caption":"ARD-Magazin Kontraste \u00fcber Russland: Propaganda mit Schaum vor dem Mund"},{"@type":"BreadcrumbList","@id":"https:\/\/now-news.de\/de\/deutschland\/ard-magazin-kontraste-ueber-russland-propaganda-mit-schaum-vor-dem-mund\/#breadcrumb","itemListElement":[{"@type":"ListItem","position":1,"name":"Home","item":"https:\/\/now-news.de\/de\/"},{"@type":"ListItem","position":2,"name":"ARD-Magazin Kontraste \u00fcber Russland: Propaganda mit Schaum vor dem Mund"}]},{"@type":"WebSite","@id":"https:\/\/now-news.de\/de\/#website","url":"https:\/\/now-news.de\/de\/","name":"just-now.NEWS Deutschland","description":"Das Portal f\u00fcr unzensierte Nachrichten aus der Welt","publisher":{"@id":"https:\/\/now-news.de\/de\/#organization"},"potentialAction":[{"@type":"SearchAction","target":{"@type":"EntryPoint","urlTemplate":"https:\/\/now-news.de\/de\/?s={search_term_string}"},"query-input":"required name=search_term_string"}],"inLanguage":"de"},{"@type":"Organization","@id":"https:\/\/now-news.de\/de\/#organization","name":"Just Now News","url":"https:\/\/now-news.de\/de\/","logo":{"@type":"ImageObject","inLanguage":"de","@id":"https:\/\/now-news.de\/de\/#\/schema\/logo\/image\/","url":"http:\/\/just-now.news\/de\/wp-content\/uploads\/sites\/3\/2022\/04\/logo500x500.jpg","contentUrl":"http:\/\/just-now.news\/de\/wp-content\/uploads\/sites\/3\/2022\/04\/logo500x500.jpg","width":500,"height":500,"caption":"Just Now News"},"image":{"@id":"https:\/\/now-news.de\/de\/#\/schema\/logo\/image\/"},"sameAs":["https:\/\/www.facebook.com\/wirmachenauf","https:\/\/x.com\/WirMachenAuf_de"]},{"@type":"Person","@id":"https:\/\/now-news.de\/de\/#\/schema\/person\/fb534a4e865501d8b3285208df34a9b5","name":"rtnews","image":{"@type":"ImageObject","inLanguage":"de","@id":"https:\/\/now-news.de\/de\/#\/schema\/person\/image\/","url":"https:\/\/secure.gravatar.com\/avatar\/82aafea7d8127119dd649515f56e2117?s=96&d=mm&r=g","contentUrl":"https:\/\/secure.gravatar.com\/avatar\/82aafea7d8127119dd649515f56e2117?s=96&d=mm&r=g","caption":"rtnews"},"url":"https:\/\/now-news.de\/de\/author\/rnews\/"}]}},"_links":{"self":[{"href":"https:\/\/now-news.de\/de\/wp-json\/wp\/v2\/posts\/17378"}],"collection":[{"href":"https:\/\/now-news.de\/de\/wp-json\/wp\/v2\/posts"}],"about":[{"href":"https:\/\/now-news.de\/de\/wp-json\/wp\/v2\/types\/post"}],"author":[{"embeddable":true,"href":"https:\/\/now-news.de\/de\/wp-json\/wp\/v2\/users\/3"}],"replies":[{"embeddable":true,"href":"https:\/\/now-news.de\/de\/wp-json\/wp\/v2\/comments?post=17378"}],"version-history":[{"count":0,"href":"https:\/\/now-news.de\/de\/wp-json\/wp\/v2\/posts\/17378\/revisions"}],"wp:featuredmedia":[{"embeddable":true,"href":"https:\/\/now-news.de\/de\/wp-json\/wp\/v2\/media\/17379"}],"wp:attachment":[{"href":"https:\/\/now-news.de\/de\/wp-json\/wp\/v2\/media?parent=17378"}],"wp:term":[{"taxonomy":"category","embeddable":true,"href":"https:\/\/now-news.de\/de\/wp-json\/wp\/v2\/categories?post=17378"},{"taxonomy":"post_tag","embeddable":true,"href":"https:\/\/now-news.de\/de\/wp-json\/wp\/v2\/tags?post=17378"}],"curies":[{"name":"wp","href":"https:\/\/api.w.org\/{rel}","templated":true}]}}