{"id":17335,"date":"2022-08-20T17:03:09","date_gmt":"2022-08-20T15:03:09","guid":{"rendered":"http:\/\/just-now.news\/de\/deutschland\/nato-siegesfeier-in-kiew-gab-es-denn-eine-siegesfeier-in-kabul\/"},"modified":"2022-08-20T17:03:09","modified_gmt":"2022-08-20T15:03:09","slug":"nato-siegesfeier-in-kiew-gab-es-denn-eine-siegesfeier-in-kabul","status":"publish","type":"post","link":"https:\/\/now-news.de\/de\/deutschland\/nato-siegesfeier-in-kiew-gab-es-denn-eine-siegesfeier-in-kabul\/","title":{"rendered":"NATO-Siegesfeier in Kiew? \u2013 Gab es denn eine Siegesfeier in Kabul?"},"content":{"rendered":"<p><img decoding=\"async\" src=\"http:\/\/just-now.news\/de\/wp-content\/uploads\/sites\/3\/2022\/08\/62fa0680b480cc5bc85080ab.jpg\" \/><\/p>\n<div class=\"Text-root Text-type_1 \">\n                &#8220;Geberkonferenz in Kopenhagen \u2013 1,5 Milliarden Euro f\u00fcr die Ukraine&#8221;, so lautet eine Ukraine-Schlagzeile der Tagesschau vom 11. August. Mal wieder trafen sich diverse NATO-L\u00e4nder; diesmal in Kopenhagen, um weitere Waffenlieferungen zu beschlie\u00dfen. Man will 1,5 Milliarden Euro an das Regime in Kiew \u00fcberweisen.\n            <\/div>\n<p><\/p>\n<div class=\"Text-root Text-type_5 ArticleView-text ViewText-root \">\n<p><em>von Uli Gellermann<\/em><\/p>\n<p>Es ist nur logisch, dass die NATO-Staaten f\u00fcr einen NATO-Krieg <a rel=\"nofollow noopener\" target=\"_blank\" href=\"https:\/\/www.tagesschau.de\/ausland\/europa\/ukraine-geberkonferenz-105.html#:~:text=Geberkonferenz%20in%20Kopenhagen%201%2C5%20Milliarden%20Euro%20f%C3%BCr%20die%20Ukraine&amp;text=26%20L%C3%A4nder%20haben%20an%20der,Ausbildung%20von%20Soldaten%20verwendet%20werden.\">spenden<\/a>. Auch logisch war, dass die vorige Geberkonferenz auf dem US-Luftwaffenst\u00fctzpunkt in Ramstein stattfand. In dem Ort, von dem die USA ihre M\u00f6rder-Drohnen in jedes missliebige Land der Erde steuern. Dort, wo jeden Tag klargemacht wird, dass Deutschland ein besetztes Land ist und der Zwangskumpan der USA beim V\u00f6lkermorden.<\/p>\n<p><strong>Geberkonferenz f\u00fcr Afghanistan<\/strong><\/p>\n<p>Schon im M\u00e4rz gab es eine <a rel=\"nofollow noopener\" target=\"_blank\" href=\"https:\/\/pressefreiheit.rtde.tech\/international\/135157-baerbock-sagt-weitere-200-millionen-fuer-afghanistan-zu\/\">virtuelle Geberkonferenz<\/a> f\u00fcr Afghanistan: Rund 2,4 Milliarden Dollar kamen f\u00fcr den Wiederaufbau des Landes zusammen. Das ist nat\u00fcrlich nichts gegen die 849,7 Milliarden Dollar, die von den USA in den Krieg gegen die Afghanen investiert wurden. Die Deutschen waren an diesem Krieg, der in den einschl\u00e4gigen Medien beharrlich &#8220;Einsatz&#8221; oder &#8220;Mission&#8221; genannt wird, mit bescheidenen 20 Milliarden Euro dabei.<\/p>\n<p><strong>Die USA verlieren ihre Kriege immer<\/strong><\/p>\n<p>Kriege werden zumeist gef\u00fchrt, um sie zu gewinnen. Diese altmodische Ansicht wird von den USA seit Jahr und Tag widerlegt. Von Vietnam bis Afghanistan: Die USA verlieren ihre Kriege immer. Denn sie f\u00fchren gern Kriege gegen die jeweilige Bev\u00f6lkerung. Diese kann man auf Dauer nicht gewinnen. Au\u00dfer man eliminiert die jeweilige Bev\u00f6lkerung komplett. Mit der chemischen Vernichtung des vietnamesischen Urwaldes h\u00e4tten die USA beinahe das Komplett-Ziel erreicht.<\/p>\n<p><strong>US-NATO-Krieg in der Ukraine<\/strong><\/p>\n<p>Ist der US-NATO-Krieg in der Ukraine auch einer gegen die Bev\u00f6lkerung? Haben den nicht die Russen begonnen? Kriege schaden immer prim\u00e4r den Menschen, in deren Land der Krieg stattfindet. Im Fall der Ukraine also den Ukrainern. Und den Ukraine-Krieg haben jene begonnen, die den russischen Ukrainern verboten haben, ihre Sprache offiziell zu benutzen. Jene, die in der Ukraine einen m\u00f6rderischen Krieg gegen die russischsprachige Bev\u00f6lkerung gef\u00fchrt haben. Alles gute Freunde der USA und der EU.<\/p>\n<p><strong>Russen wollen keinen US-Vasallenstaat an ihrer Grenze<\/strong><\/p>\n<p>Auch der NATO-Krieg in der Ukraine ist nicht zu gewinnen: Sowohl, weil die Ukrainer nie gefragt wurden, ob sie in einem NATO-Staat leben wollen, als auch, weil die Russen keinen US-Vasallenstaat an ihrer Grenze haben wollen. Warum die USA trotzdem erneut einen nicht zu gewinnenden Krieg f\u00fchren? Weil schon die Kriegsandrohung manche Staaten so einsch\u00fcchtert, dass sie das tun, was die USA gerade wollen, so machen Imperialisten militarisierte Au\u00dfenpolitik.<\/p>\n<p><strong>Aus der Geschichte lernen?<\/strong><\/p>\n<p>Wenn Verb\u00fcndete der USA, zum Beispiel die Deutschen, aus der Geschichte lernen wollten, sollten sie ihre US-Freunde fragen, warum es am Ende des NATO-Krieges in Afghanistan keine NATO-Siegesfeier gegeben hat. Und dann sollten sie die USA und deren Freunde in der deutschen Politik und den Medien fragen, wann der Termin der Ukraine-NATO-Siegesfeier ist. Wenn es Antworten g\u00e4be, k\u00f6nnten sie sehr lehrreich sein.<\/p>\n<p><em><strong>Uli Gellermann<\/strong>\u00a0ist Filmemacher und Journalist. Seine Erfahrungen mit den \u00f6ffentlich-rechtlichen Sendern grundieren seine Medienkritik. Er ist Herausgeber der Webseite <a rel=\"nofollow noopener\" target=\"_blank\" href=\"https:\/\/www.rationalgalerie.de\/home\/siegesfeier-in-kiew\">RATIONALGALERIE<\/a><\/em><em>.<\/em><\/p>\n<p><strong>Mehr zum Thema &#8211;<\/strong>\u00a0<a rel=\"nofollow noopener\" target=\"_blank\" href=\"https:\/\/pressefreiheit.rtde.tech\/international\/146116-waffenlieferungen-in-ukraine-entblossen-grassierende\/\">Die Waffenlieferungen in die Ukraine entbl\u00f6\u00dfen eine grassierende Korruption<\/a><\/p>\n<\/p>\n<\/div>\n<p><br \/>\n<br \/><a href=\"https:\/\/de.rt.com\/meinung\/146150-nato-siegesfeier-in-kiew\/\">Source link <\/a><\/p>\n","protected":false},"excerpt":{"rendered":"<p>&#8220;Geberkonferenz in Kopenhagen \u2013 1,5 Milliarden Euro f\u00fcr die Ukraine&#8221;, so lautet eine Ukraine-Schlagzeile der Tagesschau vom 11. August. Mal wieder trafen sich diverse NATO-L\u00e4nder; diesmal in Kopenhagen, um weitere Waffenlieferungen zu beschlie\u00dfen. Man will 1,5 Milliarden Euro an das Regime in Kiew \u00fcberweisen. von Uli Gellermann Es ist nur logisch, dass die NATO-Staaten f\u00fcr [&hellip;]<\/p>\n","protected":false},"author":3,"featured_media":17336,"comment_status":"open","ping_status":"open","sticky":false,"template":"","format":"standard","meta":{"wp_automatic_camp":["217"],"798d7bf9bb28ce163652e142db9811ca":["NATO-Siegesfeier in Kiew? \u2013 Gab es denn eine Siegesfeier in Kabul?"],"original_link":["https:\/\/de.rt.com\/meinung\/146150-nato-siegesfeier-in-kiew\/"],"_thumbnail_id":["17336"],"_wptg_p2tg_sent2tg":["2022-08-20 17:13:49"],"jnews_social_counter_last_update":["1777190301"]},"categories":[19,23],"tags":[26464,275,11610,3236,1025,31357,19961],"yoast_head":"<!-- This site is optimized with the Yoast SEO Premium plugin v22.7 (Yoast SEO v22.7) - https:\/\/yoast.com\/wordpress\/plugins\/seo\/ -->\n<title>NATO-Siegesfeier in Kiew? \u2013 Gab es denn eine Siegesfeier in Kabul? - just-now.NEWS Deutschland<\/title>\n<meta name=\"robots\" content=\"index, follow, max-snippet:-1, max-image-preview:large, max-video-preview:-1\" \/>\n<link rel=\"canonical\" href=\"https:\/\/now-news.de\/de\/deutschland\/nato-siegesfeier-in-kiew-gab-es-denn-eine-siegesfeier-in-kabul\/\" \/>\n<meta property=\"og:locale\" content=\"de_DE\" \/>\n<meta property=\"og:type\" content=\"article\" \/>\n<meta property=\"og:title\" content=\"NATO-Siegesfeier in Kiew? \u2013 Gab es denn eine Siegesfeier in Kabul?\" \/>\n<meta property=\"og:description\" content=\"&#8220;Geberkonferenz in Kopenhagen \u2013 1,5 Milliarden Euro f\u00fcr die Ukraine&#8221;, so lautet eine Ukraine-Schlagzeile der Tagesschau vom 11. August. Mal wieder trafen sich diverse NATO-L\u00e4nder; diesmal in Kopenhagen, um weitere Waffenlieferungen zu beschlie\u00dfen. Man will 1,5 Milliarden Euro an das Regime in Kiew \u00fcberweisen. von Uli Gellermann Es ist nur logisch, dass die NATO-Staaten f\u00fcr [&hellip;]\" \/>\n<meta property=\"og:url\" content=\"https:\/\/now-news.de\/de\/deutschland\/nato-siegesfeier-in-kiew-gab-es-denn-eine-siegesfeier-in-kabul\/\" \/>\n<meta property=\"og:site_name\" content=\"just-now.NEWS Deutschland\" \/>\n<meta property=\"article:publisher\" content=\"https:\/\/www.facebook.com\/wirmachenauf\" \/>\n<meta property=\"article:published_time\" content=\"2022-08-20T15:03:09+00:00\" \/>\n<meta property=\"og:image\" content=\"https:\/\/now-news.de\/de\/wp-content\/uploads\/sites\/3\/2022\/08\/NATO-Siegesfeier-in-Kiew-\u2013-Gab-es-denn-eine-Siegesfeier-in.jpg\" \/>\n\t<meta property=\"og:image:width\" content=\"460\" \/>\n\t<meta property=\"og:image:height\" content=\"259\" \/>\n\t<meta property=\"og:image:type\" content=\"image\/jpeg\" \/>\n<meta name=\"author\" content=\"rtnews\" \/>\n<meta name=\"twitter:card\" content=\"summary_large_image\" \/>\n<meta name=\"twitter:creator\" content=\"@WirMachenAuf_de\" \/>\n<meta name=\"twitter:site\" content=\"@WirMachenAuf_de\" \/>\n<meta name=\"twitter:label1\" content=\"Verfasst von\" \/>\n\t<meta name=\"twitter:data1\" content=\"rtnews\" \/>\n\t<meta name=\"twitter:label2\" content=\"Gesch\u00e4tzte Lesezeit\" \/>\n\t<meta name=\"twitter:data2\" content=\"3\u00a0Minuten\" \/>\n<script type=\"application\/ld+json\" class=\"yoast-schema-graph\">{\"@context\":\"https:\/\/schema.org\",\"@graph\":[{\"@type\":\"Article\",\"@id\":\"https:\/\/now-news.de\/de\/deutschland\/nato-siegesfeier-in-kiew-gab-es-denn-eine-siegesfeier-in-kabul\/#article\",\"isPartOf\":{\"@id\":\"https:\/\/now-news.de\/de\/deutschland\/nato-siegesfeier-in-kiew-gab-es-denn-eine-siegesfeier-in-kabul\/\"},\"author\":{\"name\":\"rtnews\",\"@id\":\"https:\/\/now-news.de\/de\/#\/schema\/person\/fb534a4e865501d8b3285208df34a9b5\"},\"headline\":\"NATO-Siegesfeier in Kiew? \u2013 Gab es denn eine Siegesfeier in Kabul?\",\"datePublished\":\"2022-08-20T15:03:09+00:00\",\"dateModified\":\"2022-08-20T15:03:09+00:00\",\"mainEntityOfPage\":{\"@id\":\"https:\/\/now-news.de\/de\/deutschland\/nato-siegesfeier-in-kiew-gab-es-denn-eine-siegesfeier-in-kabul\/\"},\"wordCount\":539,\"commentCount\":0,\"publisher\":{\"@id\":\"https:\/\/now-news.de\/de\/#organization\"},\"image\":{\"@id\":\"https:\/\/now-news.de\/de\/deutschland\/nato-siegesfeier-in-kiew-gab-es-denn-eine-siegesfeier-in-kabul\/#primaryimage\"},\"thumbnailUrl\":\"https:\/\/now-news.de\/de\/wp-content\/uploads\/sites\/3\/2022\/08\/NATO-Siegesfeier-in-Kiew-\u2013-Gab-es-denn-eine-Siegesfeier-in.jpg\",\"keywords\":[\"denn\",\"eine\",\"gab\",\"Kabul\",\"Kiew\",\"NATOSiegesfeier\",\"Siegesfeier\"],\"articleSection\":[\"Deutschland\",\"Russland\"],\"inLanguage\":\"de\",\"potentialAction\":[{\"@type\":\"CommentAction\",\"name\":\"Comment\",\"target\":[\"https:\/\/now-news.de\/de\/deutschland\/nato-siegesfeier-in-kiew-gab-es-denn-eine-siegesfeier-in-kabul\/#respond\"]}]},{\"@type\":\"WebPage\",\"@id\":\"https:\/\/now-news.de\/de\/deutschland\/nato-siegesfeier-in-kiew-gab-es-denn-eine-siegesfeier-in-kabul\/\",\"url\":\"https:\/\/now-news.de\/de\/deutschland\/nato-siegesfeier-in-kiew-gab-es-denn-eine-siegesfeier-in-kabul\/\",\"name\":\"NATO-Siegesfeier in Kiew? \u2013 Gab es denn eine Siegesfeier in Kabul? - just-now.NEWS Deutschland\",\"isPartOf\":{\"@id\":\"https:\/\/now-news.de\/de\/#website\"},\"primaryImageOfPage\":{\"@id\":\"https:\/\/now-news.de\/de\/deutschland\/nato-siegesfeier-in-kiew-gab-es-denn-eine-siegesfeier-in-kabul\/#primaryimage\"},\"image\":{\"@id\":\"https:\/\/now-news.de\/de\/deutschland\/nato-siegesfeier-in-kiew-gab-es-denn-eine-siegesfeier-in-kabul\/#primaryimage\"},\"thumbnailUrl\":\"https:\/\/now-news.de\/de\/wp-content\/uploads\/sites\/3\/2022\/08\/NATO-Siegesfeier-in-Kiew-\u2013-Gab-es-denn-eine-Siegesfeier-in.jpg\",\"datePublished\":\"2022-08-20T15:03:09+00:00\",\"dateModified\":\"2022-08-20T15:03:09+00:00\",\"breadcrumb\":{\"@id\":\"https:\/\/now-news.de\/de\/deutschland\/nato-siegesfeier-in-kiew-gab-es-denn-eine-siegesfeier-in-kabul\/#breadcrumb\"},\"inLanguage\":\"de\",\"potentialAction\":[{\"@type\":\"ReadAction\",\"target\":[\"https:\/\/now-news.de\/de\/deutschland\/nato-siegesfeier-in-kiew-gab-es-denn-eine-siegesfeier-in-kabul\/\"]}]},{\"@type\":\"ImageObject\",\"inLanguage\":\"de\",\"@id\":\"https:\/\/now-news.de\/de\/deutschland\/nato-siegesfeier-in-kiew-gab-es-denn-eine-siegesfeier-in-kabul\/#primaryimage\",\"url\":\"https:\/\/now-news.de\/de\/wp-content\/uploads\/sites\/3\/2022\/08\/NATO-Siegesfeier-in-Kiew-\u2013-Gab-es-denn-eine-Siegesfeier-in.jpg\",\"contentUrl\":\"https:\/\/now-news.de\/de\/wp-content\/uploads\/sites\/3\/2022\/08\/NATO-Siegesfeier-in-Kiew-\u2013-Gab-es-denn-eine-Siegesfeier-in.jpg\",\"width\":460,\"height\":259,\"caption\":\"NATO-Siegesfeier in Kiew? \u2013 Gab es denn eine Siegesfeier in Kabul?\"},{\"@type\":\"BreadcrumbList\",\"@id\":\"https:\/\/now-news.de\/de\/deutschland\/nato-siegesfeier-in-kiew-gab-es-denn-eine-siegesfeier-in-kabul\/#breadcrumb\",\"itemListElement\":[{\"@type\":\"ListItem\",\"position\":1,\"name\":\"Home\",\"item\":\"https:\/\/now-news.de\/de\/\"},{\"@type\":\"ListItem\",\"position\":2,\"name\":\"NATO-Siegesfeier in Kiew? \u2013 Gab es denn eine Siegesfeier in Kabul?\"}]},{\"@type\":\"WebSite\",\"@id\":\"https:\/\/now-news.de\/de\/#website\",\"url\":\"https:\/\/now-news.de\/de\/\",\"name\":\"just-now.NEWS Deutschland\",\"description\":\"Das Portal f\u00fcr unzensierte Nachrichten aus der Welt\",\"publisher\":{\"@id\":\"https:\/\/now-news.de\/de\/#organization\"},\"potentialAction\":[{\"@type\":\"SearchAction\",\"target\":{\"@type\":\"EntryPoint\",\"urlTemplate\":\"https:\/\/now-news.de\/de\/?s={search_term_string}\"},\"query-input\":\"required name=search_term_string\"}],\"inLanguage\":\"de\"},{\"@type\":\"Organization\",\"@id\":\"https:\/\/now-news.de\/de\/#organization\",\"name\":\"Just Now News\",\"url\":\"https:\/\/now-news.de\/de\/\",\"logo\":{\"@type\":\"ImageObject\",\"inLanguage\":\"de\",\"@id\":\"https:\/\/now-news.de\/de\/#\/schema\/logo\/image\/\",\"url\":\"http:\/\/just-now.news\/de\/wp-content\/uploads\/sites\/3\/2022\/04\/logo500x500.jpg\",\"contentUrl\":\"http:\/\/just-now.news\/de\/wp-content\/uploads\/sites\/3\/2022\/04\/logo500x500.jpg\",\"width\":500,\"height\":500,\"caption\":\"Just Now News\"},\"image\":{\"@id\":\"https:\/\/now-news.de\/de\/#\/schema\/logo\/image\/\"},\"sameAs\":[\"https:\/\/www.facebook.com\/wirmachenauf\",\"https:\/\/x.com\/WirMachenAuf_de\"]},{\"@type\":\"Person\",\"@id\":\"https:\/\/now-news.de\/de\/#\/schema\/person\/fb534a4e865501d8b3285208df34a9b5\",\"name\":\"rtnews\",\"image\":{\"@type\":\"ImageObject\",\"inLanguage\":\"de\",\"@id\":\"https:\/\/now-news.de\/de\/#\/schema\/person\/image\/\",\"url\":\"https:\/\/secure.gravatar.com\/avatar\/82aafea7d8127119dd649515f56e2117?s=96&d=mm&r=g\",\"contentUrl\":\"https:\/\/secure.gravatar.com\/avatar\/82aafea7d8127119dd649515f56e2117?s=96&d=mm&r=g\",\"caption\":\"rtnews\"},\"url\":\"https:\/\/now-news.de\/de\/author\/rnews\/\"}]}<\/script>\n<!-- \/ Yoast SEO Premium plugin. -->","yoast_head_json":{"title":"NATO-Siegesfeier in Kiew? \u2013 Gab es denn eine Siegesfeier in Kabul? - just-now.NEWS Deutschland","robots":{"index":"index","follow":"follow","max-snippet":"max-snippet:-1","max-image-preview":"max-image-preview:large","max-video-preview":"max-video-preview:-1"},"canonical":"https:\/\/now-news.de\/de\/deutschland\/nato-siegesfeier-in-kiew-gab-es-denn-eine-siegesfeier-in-kabul\/","og_locale":"de_DE","og_type":"article","og_title":"NATO-Siegesfeier in Kiew? \u2013 Gab es denn eine Siegesfeier in Kabul?","og_description":"&#8220;Geberkonferenz in Kopenhagen \u2013 1,5 Milliarden Euro f\u00fcr die Ukraine&#8221;, so lautet eine Ukraine-Schlagzeile der Tagesschau vom 11. August. Mal wieder trafen sich diverse NATO-L\u00e4nder; diesmal in Kopenhagen, um weitere Waffenlieferungen zu beschlie\u00dfen. Man will 1,5 Milliarden Euro an das Regime in Kiew \u00fcberweisen. von Uli Gellermann Es ist nur logisch, dass die NATO-Staaten f\u00fcr [&hellip;]","og_url":"https:\/\/now-news.de\/de\/deutschland\/nato-siegesfeier-in-kiew-gab-es-denn-eine-siegesfeier-in-kabul\/","og_site_name":"just-now.NEWS Deutschland","article_publisher":"https:\/\/www.facebook.com\/wirmachenauf","article_published_time":"2022-08-20T15:03:09+00:00","og_image":[{"width":460,"height":259,"url":"https:\/\/now-news.de\/de\/wp-content\/uploads\/sites\/3\/2022\/08\/NATO-Siegesfeier-in-Kiew-\u2013-Gab-es-denn-eine-Siegesfeier-in.jpg","type":"image\/jpeg"}],"author":"rtnews","twitter_card":"summary_large_image","twitter_creator":"@WirMachenAuf_de","twitter_site":"@WirMachenAuf_de","twitter_misc":{"Verfasst von":"rtnews","Gesch\u00e4tzte Lesezeit":"3\u00a0Minuten"},"schema":{"@context":"https:\/\/schema.org","@graph":[{"@type":"Article","@id":"https:\/\/now-news.de\/de\/deutschland\/nato-siegesfeier-in-kiew-gab-es-denn-eine-siegesfeier-in-kabul\/#article","isPartOf":{"@id":"https:\/\/now-news.de\/de\/deutschland\/nato-siegesfeier-in-kiew-gab-es-denn-eine-siegesfeier-in-kabul\/"},"author":{"name":"rtnews","@id":"https:\/\/now-news.de\/de\/#\/schema\/person\/fb534a4e865501d8b3285208df34a9b5"},"headline":"NATO-Siegesfeier in Kiew? \u2013 Gab es denn eine Siegesfeier in Kabul?","datePublished":"2022-08-20T15:03:09+00:00","dateModified":"2022-08-20T15:03:09+00:00","mainEntityOfPage":{"@id":"https:\/\/now-news.de\/de\/deutschland\/nato-siegesfeier-in-kiew-gab-es-denn-eine-siegesfeier-in-kabul\/"},"wordCount":539,"commentCount":0,"publisher":{"@id":"https:\/\/now-news.de\/de\/#organization"},"image":{"@id":"https:\/\/now-news.de\/de\/deutschland\/nato-siegesfeier-in-kiew-gab-es-denn-eine-siegesfeier-in-kabul\/#primaryimage"},"thumbnailUrl":"https:\/\/now-news.de\/de\/wp-content\/uploads\/sites\/3\/2022\/08\/NATO-Siegesfeier-in-Kiew-\u2013-Gab-es-denn-eine-Siegesfeier-in.jpg","keywords":["denn","eine","gab","Kabul","Kiew","NATOSiegesfeier","Siegesfeier"],"articleSection":["Deutschland","Russland"],"inLanguage":"de","potentialAction":[{"@type":"CommentAction","name":"Comment","target":["https:\/\/now-news.de\/de\/deutschland\/nato-siegesfeier-in-kiew-gab-es-denn-eine-siegesfeier-in-kabul\/#respond"]}]},{"@type":"WebPage","@id":"https:\/\/now-news.de\/de\/deutschland\/nato-siegesfeier-in-kiew-gab-es-denn-eine-siegesfeier-in-kabul\/","url":"https:\/\/now-news.de\/de\/deutschland\/nato-siegesfeier-in-kiew-gab-es-denn-eine-siegesfeier-in-kabul\/","name":"NATO-Siegesfeier in Kiew? \u2013 Gab es denn eine Siegesfeier in Kabul? - just-now.NEWS Deutschland","isPartOf":{"@id":"https:\/\/now-news.de\/de\/#website"},"primaryImageOfPage":{"@id":"https:\/\/now-news.de\/de\/deutschland\/nato-siegesfeier-in-kiew-gab-es-denn-eine-siegesfeier-in-kabul\/#primaryimage"},"image":{"@id":"https:\/\/now-news.de\/de\/deutschland\/nato-siegesfeier-in-kiew-gab-es-denn-eine-siegesfeier-in-kabul\/#primaryimage"},"thumbnailUrl":"https:\/\/now-news.de\/de\/wp-content\/uploads\/sites\/3\/2022\/08\/NATO-Siegesfeier-in-Kiew-\u2013-Gab-es-denn-eine-Siegesfeier-in.jpg","datePublished":"2022-08-20T15:03:09+00:00","dateModified":"2022-08-20T15:03:09+00:00","breadcrumb":{"@id":"https:\/\/now-news.de\/de\/deutschland\/nato-siegesfeier-in-kiew-gab-es-denn-eine-siegesfeier-in-kabul\/#breadcrumb"},"inLanguage":"de","potentialAction":[{"@type":"ReadAction","target":["https:\/\/now-news.de\/de\/deutschland\/nato-siegesfeier-in-kiew-gab-es-denn-eine-siegesfeier-in-kabul\/"]}]},{"@type":"ImageObject","inLanguage":"de","@id":"https:\/\/now-news.de\/de\/deutschland\/nato-siegesfeier-in-kiew-gab-es-denn-eine-siegesfeier-in-kabul\/#primaryimage","url":"https:\/\/now-news.de\/de\/wp-content\/uploads\/sites\/3\/2022\/08\/NATO-Siegesfeier-in-Kiew-\u2013-Gab-es-denn-eine-Siegesfeier-in.jpg","contentUrl":"https:\/\/now-news.de\/de\/wp-content\/uploads\/sites\/3\/2022\/08\/NATO-Siegesfeier-in-Kiew-\u2013-Gab-es-denn-eine-Siegesfeier-in.jpg","width":460,"height":259,"caption":"NATO-Siegesfeier in Kiew? \u2013 Gab es denn eine Siegesfeier in Kabul?"},{"@type":"BreadcrumbList","@id":"https:\/\/now-news.de\/de\/deutschland\/nato-siegesfeier-in-kiew-gab-es-denn-eine-siegesfeier-in-kabul\/#breadcrumb","itemListElement":[{"@type":"ListItem","position":1,"name":"Home","item":"https:\/\/now-news.de\/de\/"},{"@type":"ListItem","position":2,"name":"NATO-Siegesfeier in Kiew? \u2013 Gab es denn eine Siegesfeier in Kabul?"}]},{"@type":"WebSite","@id":"https:\/\/now-news.de\/de\/#website","url":"https:\/\/now-news.de\/de\/","name":"just-now.NEWS Deutschland","description":"Das Portal f\u00fcr unzensierte Nachrichten aus der Welt","publisher":{"@id":"https:\/\/now-news.de\/de\/#organization"},"potentialAction":[{"@type":"SearchAction","target":{"@type":"EntryPoint","urlTemplate":"https:\/\/now-news.de\/de\/?s={search_term_string}"},"query-input":"required name=search_term_string"}],"inLanguage":"de"},{"@type":"Organization","@id":"https:\/\/now-news.de\/de\/#organization","name":"Just Now News","url":"https:\/\/now-news.de\/de\/","logo":{"@type":"ImageObject","inLanguage":"de","@id":"https:\/\/now-news.de\/de\/#\/schema\/logo\/image\/","url":"http:\/\/just-now.news\/de\/wp-content\/uploads\/sites\/3\/2022\/04\/logo500x500.jpg","contentUrl":"http:\/\/just-now.news\/de\/wp-content\/uploads\/sites\/3\/2022\/04\/logo500x500.jpg","width":500,"height":500,"caption":"Just Now News"},"image":{"@id":"https:\/\/now-news.de\/de\/#\/schema\/logo\/image\/"},"sameAs":["https:\/\/www.facebook.com\/wirmachenauf","https:\/\/x.com\/WirMachenAuf_de"]},{"@type":"Person","@id":"https:\/\/now-news.de\/de\/#\/schema\/person\/fb534a4e865501d8b3285208df34a9b5","name":"rtnews","image":{"@type":"ImageObject","inLanguage":"de","@id":"https:\/\/now-news.de\/de\/#\/schema\/person\/image\/","url":"https:\/\/secure.gravatar.com\/avatar\/82aafea7d8127119dd649515f56e2117?s=96&d=mm&r=g","contentUrl":"https:\/\/secure.gravatar.com\/avatar\/82aafea7d8127119dd649515f56e2117?s=96&d=mm&r=g","caption":"rtnews"},"url":"https:\/\/now-news.de\/de\/author\/rnews\/"}]}},"_links":{"self":[{"href":"https:\/\/now-news.de\/de\/wp-json\/wp\/v2\/posts\/17335"}],"collection":[{"href":"https:\/\/now-news.de\/de\/wp-json\/wp\/v2\/posts"}],"about":[{"href":"https:\/\/now-news.de\/de\/wp-json\/wp\/v2\/types\/post"}],"author":[{"embeddable":true,"href":"https:\/\/now-news.de\/de\/wp-json\/wp\/v2\/users\/3"}],"replies":[{"embeddable":true,"href":"https:\/\/now-news.de\/de\/wp-json\/wp\/v2\/comments?post=17335"}],"version-history":[{"count":0,"href":"https:\/\/now-news.de\/de\/wp-json\/wp\/v2\/posts\/17335\/revisions"}],"wp:featuredmedia":[{"embeddable":true,"href":"https:\/\/now-news.de\/de\/wp-json\/wp\/v2\/media\/17336"}],"wp:attachment":[{"href":"https:\/\/now-news.de\/de\/wp-json\/wp\/v2\/media?parent=17335"}],"wp:term":[{"taxonomy":"category","embeddable":true,"href":"https:\/\/now-news.de\/de\/wp-json\/wp\/v2\/categories?post=17335"},{"taxonomy":"post_tag","embeddable":true,"href":"https:\/\/now-news.de\/de\/wp-json\/wp\/v2\/tags?post=17335"}],"curies":[{"name":"wp","href":"https:\/\/api.w.org\/{rel}","templated":true}]}}