{"id":17325,"date":"2022-08-20T14:30:10","date_gmt":"2022-08-20T12:30:10","guid":{"rendered":"http:\/\/just-now.news\/de\/deutschland\/bloomberg-deutschland-droht-die-deindustrialisierung\/"},"modified":"2022-08-20T14:30:10","modified_gmt":"2022-08-20T12:30:10","slug":"bloomberg-deutschland-droht-die-deindustrialisierung","status":"publish","type":"post","link":"https:\/\/now-news.de\/de\/deutschland\/bloomberg-deutschland-droht-die-deindustrialisierung\/","title":{"rendered":"Bloomberg: Deutschland droht die Deindustrialisierung"},"content":{"rendered":"<p><img decoding=\"async\" src=\"http:\/\/just-now.news\/de\/wp-content\/uploads\/sites\/3\/2022\/08\/62ffa414b480cc753b05b418.jpg\" \/><\/p>\n<div class=\"Text-root Text-type_1 \">\n                Steigende Strompreise k\u00f6nnten eine Abwanderung der Industrie aus dem Land ausl\u00f6sen. Unternehmen leiden zunehmend unter den steigenden Kosten. Eine L\u00f6sung ist nicht in Sicht.\n            <\/div>\n<p><\/p>\n<div class=\"Text-root Text-type_5 ArticleView-text ViewText-root \">\n<p>Eine umfassende Energiekrise k\u00f6nnte den deutschen Industriesektor ernsthaft gef\u00e4hrden, da die Hersteller von Autoteilen, Chemikalien und Stahl mit Energiepreisen k\u00e4mpfen, die fast jeden Tag neue H\u00f6chstst\u00e4nde erreichen, berichtete <a rel=\"nofollow noopener\" target=\"_blank\" href=\"https:\/\/www.bloomberg.com\/news\/articles\/2022-08-19\/germany-risks-a-factory-exodus-as-energy-prices-bite-hard\"><em>Bloomberg<\/em><\/a> am Freitag.<\/p>\n<p>&#8220;Die Energieinflation ist hier viel dramatischer als anderswo&#8221;, sagte Ralf Stoffels, Vorstandsvorsitzender von <a rel=\"nofollow noopener\" target=\"_blank\" href=\"https:\/\/www.biw.de\/\">BIW Isolierstoffe<\/a>, einem Hersteller von Silikonteilen f\u00fcr die Automobil-, Luftfahrt- und Haushaltsger\u00e4teindustrie.<\/p>\n<blockquote>\n<p><em>&#8220;Ich bef\u00fcrchte eine allm\u00e4hliche Deindustrialisierung der deutschen Wirtschaft&#8221;, f\u00fcgte er hinzu.<\/em><\/p>\n<\/blockquote>\n<p>Berichten zufolge haben sich die Preise f\u00fcr Gas und Strom in Deutschland in den letzten zwei Monaten mehr als verdoppelt.<\/p>\n<p>Anfang dieser Woche erreichte der europ\u00e4ische Benchmark-Strompreis ein Rekordhoch von mehr als 500 Euro (509 Dollar) pro Megawattstunde, was einem Anstieg von \u00fcber 500 Prozent seit dem vergangenen Jahr entspricht.<\/p>\n<p>Am Freitag wurden die europ\u00e4ischen Erdgas-Futures an der TTF-B\u00f6rse mit rund 242 Euro pro Megawattstunde gehandelt, zehnmal so viel wie im August 2021.<\/p>\n<p>&#8220;Die Preise stellen f\u00fcr viele energieintensive Unternehmen, die im internationalen Wettbewerb stehen, eine gro\u00dfe Belastung dar&#8221;, zitierte <em>Bloomberg<\/em> Matthias Ruch, den Sprecher des weltweit zweitgr\u00f6\u00dften Chemieproduzenten <a rel=\"nofollow noopener\" target=\"_blank\" href=\"https:\/\/corporate.evonik.com\/de\/presse\">Evonik Industries<\/a>.<\/p>\n<p>Die Gaslieferungen aus Russland, Deutschlands gr\u00f6\u00dftem Energielieferanten, sind in den letzten Monaten aufgrund von technischen Problemen \u2013 bedingt durch die mit der Ukrainekrise verbundenen Sanktionen \u2013 stetig zur\u00fcckgegangen.<\/p>\n<p>Um die Krise in den Griff zu bekommen, hat die deutsche Regierung die B\u00fcrger zur Senkung ihres Energieverbrauchs aufgefordert. Empfohlen wird unter anderem ein eingeschr\u00e4nkter Gebrauch von Klimaanlagen oder die Reduzierung des Warmwasserverbrauchs. Berlin hat zudem Schritte zur Wiederbelebung von Kohlekraftwerken unternommen und eine zus\u00e4tzliche Abgabe auf den Gasverbrauch erhoben.<\/p>\n<p><em>\u00dcbersetzung aus dem <a rel=\"nofollow noopener\" target=\"_blank\" href=\"https:\/\/swentr.site\/business\/561133-germany-indusry-exodus-power-prices\/\">Englischen<\/a><\/em><\/p>\n<p><strong>Mehr zum Thema<\/strong> &#8211; <a rel=\"nofollow noopener\" target=\"_blank\" href=\"https:\/\/test.rtde.tech\/kurzclips\/video\/145961-droht-stromrationierung\/\">Droht in Europa die Stromrationierung? <\/a><\/p>\n<\/div>\n<p><br \/>\n<br \/><a href=\"https:\/\/de.rt.com\/inland\/146569-bloomberg-deutschland-droht-deindustrialisierung\/\">Source link <\/a><\/p>\n","protected":false},"excerpt":{"rendered":"<p>Steigende Strompreise k\u00f6nnten eine Abwanderung der Industrie aus dem Land ausl\u00f6sen. Unternehmen leiden zunehmend unter den steigenden Kosten. Eine L\u00f6sung ist nicht in Sicht. Eine umfassende Energiekrise k\u00f6nnte den deutschen Industriesektor ernsthaft gef\u00e4hrden, da die Hersteller von Autoteilen, Chemikalien und Stahl mit Energiepreisen k\u00e4mpfen, die fast jeden Tag neue H\u00f6chstst\u00e4nde erreichen, berichtete Bloomberg am Freitag. [&hellip;]<\/p>\n","protected":false},"author":3,"featured_media":17326,"comment_status":"open","ping_status":"open","sticky":false,"template":"","format":"standard","meta":{"wp_automatic_camp":["217"],"5d131d58ec469a8b15d5930494e98df5":["Bloomberg: Deutschland droht die Deindustrialisierung"],"original_link":["https:\/\/de.rt.com\/inland\/146569-bloomberg-deutschland-droht-deindustrialisierung\/"],"_thumbnail_id":["17326"],"_wptg_p2tg_sent2tg":["2022-08-20 14:33:36"],"jnews_social_counter_last_update":["1777328397"]},"categories":[19,23],"tags":[118,31345,179,45,44],"yoast_head":"<!-- This site is optimized with the Yoast SEO Premium plugin v22.7 (Yoast SEO v22.7) - https:\/\/yoast.com\/wordpress\/plugins\/seo\/ -->\n<title>Bloomberg: Deutschland droht die Deindustrialisierung - just-now.NEWS Deutschland<\/title>\n<meta name=\"robots\" content=\"index, follow, max-snippet:-1, max-image-preview:large, max-video-preview:-1\" \/>\n<link rel=\"canonical\" href=\"https:\/\/now-news.de\/de\/deutschland\/bloomberg-deutschland-droht-die-deindustrialisierung\/\" \/>\n<meta property=\"og:locale\" content=\"de_DE\" \/>\n<meta property=\"og:type\" content=\"article\" \/>\n<meta property=\"og:title\" content=\"Bloomberg: Deutschland droht die Deindustrialisierung\" \/>\n<meta property=\"og:description\" content=\"Steigende Strompreise k\u00f6nnten eine Abwanderung der Industrie aus dem Land ausl\u00f6sen. Unternehmen leiden zunehmend unter den steigenden Kosten. Eine L\u00f6sung ist nicht in Sicht. Eine umfassende Energiekrise k\u00f6nnte den deutschen Industriesektor ernsthaft gef\u00e4hrden, da die Hersteller von Autoteilen, Chemikalien und Stahl mit Energiepreisen k\u00e4mpfen, die fast jeden Tag neue H\u00f6chstst\u00e4nde erreichen, berichtete Bloomberg am Freitag. [&hellip;]\" \/>\n<meta property=\"og:url\" content=\"https:\/\/now-news.de\/de\/deutschland\/bloomberg-deutschland-droht-die-deindustrialisierung\/\" \/>\n<meta property=\"og:site_name\" content=\"just-now.NEWS Deutschland\" \/>\n<meta property=\"article:publisher\" content=\"https:\/\/www.facebook.com\/wirmachenauf\" \/>\n<meta property=\"article:published_time\" content=\"2022-08-20T12:30:10+00:00\" \/>\n<meta property=\"og:image\" content=\"https:\/\/now-news.de\/de\/wp-content\/uploads\/sites\/3\/2022\/08\/Bloomberg-Deutschland-droht-die-Deindustrialisierung.jpg\" \/>\n\t<meta property=\"og:image:width\" content=\"460\" \/>\n\t<meta property=\"og:image:height\" content=\"259\" \/>\n\t<meta property=\"og:image:type\" content=\"image\/jpeg\" \/>\n<meta name=\"author\" content=\"rtnews\" \/>\n<meta name=\"twitter:card\" content=\"summary_large_image\" \/>\n<meta name=\"twitter:creator\" content=\"@WirMachenAuf_de\" \/>\n<meta name=\"twitter:site\" content=\"@WirMachenAuf_de\" \/>\n<meta name=\"twitter:label1\" content=\"Verfasst von\" \/>\n\t<meta name=\"twitter:data1\" content=\"rtnews\" \/>\n\t<meta name=\"twitter:label2\" content=\"Gesch\u00e4tzte Lesezeit\" \/>\n\t<meta name=\"twitter:data2\" content=\"2\u00a0Minuten\" \/>\n<script type=\"application\/ld+json\" class=\"yoast-schema-graph\">{\"@context\":\"https:\/\/schema.org\",\"@graph\":[{\"@type\":\"Article\",\"@id\":\"https:\/\/now-news.de\/de\/deutschland\/bloomberg-deutschland-droht-die-deindustrialisierung\/#article\",\"isPartOf\":{\"@id\":\"https:\/\/now-news.de\/de\/deutschland\/bloomberg-deutschland-droht-die-deindustrialisierung\/\"},\"author\":{\"name\":\"rtnews\",\"@id\":\"https:\/\/now-news.de\/de\/#\/schema\/person\/fb534a4e865501d8b3285208df34a9b5\"},\"headline\":\"Bloomberg: Deutschland droht die Deindustrialisierung\",\"datePublished\":\"2022-08-20T12:30:10+00:00\",\"dateModified\":\"2022-08-20T12:30:10+00:00\",\"mainEntityOfPage\":{\"@id\":\"https:\/\/now-news.de\/de\/deutschland\/bloomberg-deutschland-droht-die-deindustrialisierung\/\"},\"wordCount\":309,\"commentCount\":1,\"publisher\":{\"@id\":\"https:\/\/now-news.de\/de\/#organization\"},\"image\":{\"@id\":\"https:\/\/now-news.de\/de\/deutschland\/bloomberg-deutschland-droht-die-deindustrialisierung\/#primaryimage\"},\"thumbnailUrl\":\"https:\/\/now-news.de\/de\/wp-content\/uploads\/sites\/3\/2022\/08\/Bloomberg-Deutschland-droht-die-Deindustrialisierung.jpg\",\"keywords\":[\"bloomberg\",\"Deindustrialisierung\",\"Deutschland\",\"die\",\"droht\"],\"articleSection\":[\"Deutschland\",\"Russland\"],\"inLanguage\":\"de\",\"potentialAction\":[{\"@type\":\"CommentAction\",\"name\":\"Comment\",\"target\":[\"https:\/\/now-news.de\/de\/deutschland\/bloomberg-deutschland-droht-die-deindustrialisierung\/#respond\"]}]},{\"@type\":\"WebPage\",\"@id\":\"https:\/\/now-news.de\/de\/deutschland\/bloomberg-deutschland-droht-die-deindustrialisierung\/\",\"url\":\"https:\/\/now-news.de\/de\/deutschland\/bloomberg-deutschland-droht-die-deindustrialisierung\/\",\"name\":\"Bloomberg: Deutschland droht die Deindustrialisierung - just-now.NEWS Deutschland\",\"isPartOf\":{\"@id\":\"https:\/\/now-news.de\/de\/#website\"},\"primaryImageOfPage\":{\"@id\":\"https:\/\/now-news.de\/de\/deutschland\/bloomberg-deutschland-droht-die-deindustrialisierung\/#primaryimage\"},\"image\":{\"@id\":\"https:\/\/now-news.de\/de\/deutschland\/bloomberg-deutschland-droht-die-deindustrialisierung\/#primaryimage\"},\"thumbnailUrl\":\"https:\/\/now-news.de\/de\/wp-content\/uploads\/sites\/3\/2022\/08\/Bloomberg-Deutschland-droht-die-Deindustrialisierung.jpg\",\"datePublished\":\"2022-08-20T12:30:10+00:00\",\"dateModified\":\"2022-08-20T12:30:10+00:00\",\"breadcrumb\":{\"@id\":\"https:\/\/now-news.de\/de\/deutschland\/bloomberg-deutschland-droht-die-deindustrialisierung\/#breadcrumb\"},\"inLanguage\":\"de\",\"potentialAction\":[{\"@type\":\"ReadAction\",\"target\":[\"https:\/\/now-news.de\/de\/deutschland\/bloomberg-deutschland-droht-die-deindustrialisierung\/\"]}]},{\"@type\":\"ImageObject\",\"inLanguage\":\"de\",\"@id\":\"https:\/\/now-news.de\/de\/deutschland\/bloomberg-deutschland-droht-die-deindustrialisierung\/#primaryimage\",\"url\":\"https:\/\/now-news.de\/de\/wp-content\/uploads\/sites\/3\/2022\/08\/Bloomberg-Deutschland-droht-die-Deindustrialisierung.jpg\",\"contentUrl\":\"https:\/\/now-news.de\/de\/wp-content\/uploads\/sites\/3\/2022\/08\/Bloomberg-Deutschland-droht-die-Deindustrialisierung.jpg\",\"width\":460,\"height\":259,\"caption\":\"Bloomberg: Deutschland droht die Deindustrialisierung\"},{\"@type\":\"BreadcrumbList\",\"@id\":\"https:\/\/now-news.de\/de\/deutschland\/bloomberg-deutschland-droht-die-deindustrialisierung\/#breadcrumb\",\"itemListElement\":[{\"@type\":\"ListItem\",\"position\":1,\"name\":\"Home\",\"item\":\"https:\/\/now-news.de\/de\/\"},{\"@type\":\"ListItem\",\"position\":2,\"name\":\"Bloomberg: Deutschland droht die Deindustrialisierung\"}]},{\"@type\":\"WebSite\",\"@id\":\"https:\/\/now-news.de\/de\/#website\",\"url\":\"https:\/\/now-news.de\/de\/\",\"name\":\"just-now.NEWS Deutschland\",\"description\":\"Das Portal f\u00fcr unzensierte Nachrichten aus der Welt\",\"publisher\":{\"@id\":\"https:\/\/now-news.de\/de\/#organization\"},\"potentialAction\":[{\"@type\":\"SearchAction\",\"target\":{\"@type\":\"EntryPoint\",\"urlTemplate\":\"https:\/\/now-news.de\/de\/?s={search_term_string}\"},\"query-input\":\"required name=search_term_string\"}],\"inLanguage\":\"de\"},{\"@type\":\"Organization\",\"@id\":\"https:\/\/now-news.de\/de\/#organization\",\"name\":\"Just Now News\",\"url\":\"https:\/\/now-news.de\/de\/\",\"logo\":{\"@type\":\"ImageObject\",\"inLanguage\":\"de\",\"@id\":\"https:\/\/now-news.de\/de\/#\/schema\/logo\/image\/\",\"url\":\"http:\/\/just-now.news\/de\/wp-content\/uploads\/sites\/3\/2022\/04\/logo500x500.jpg\",\"contentUrl\":\"http:\/\/just-now.news\/de\/wp-content\/uploads\/sites\/3\/2022\/04\/logo500x500.jpg\",\"width\":500,\"height\":500,\"caption\":\"Just Now News\"},\"image\":{\"@id\":\"https:\/\/now-news.de\/de\/#\/schema\/logo\/image\/\"},\"sameAs\":[\"https:\/\/www.facebook.com\/wirmachenauf\",\"https:\/\/x.com\/WirMachenAuf_de\"]},{\"@type\":\"Person\",\"@id\":\"https:\/\/now-news.de\/de\/#\/schema\/person\/fb534a4e865501d8b3285208df34a9b5\",\"name\":\"rtnews\",\"image\":{\"@type\":\"ImageObject\",\"inLanguage\":\"de\",\"@id\":\"https:\/\/now-news.de\/de\/#\/schema\/person\/image\/\",\"url\":\"https:\/\/secure.gravatar.com\/avatar\/82aafea7d8127119dd649515f56e2117?s=96&d=mm&r=g\",\"contentUrl\":\"https:\/\/secure.gravatar.com\/avatar\/82aafea7d8127119dd649515f56e2117?s=96&d=mm&r=g\",\"caption\":\"rtnews\"},\"url\":\"https:\/\/now-news.de\/de\/author\/rnews\/\"}]}<\/script>\n<!-- \/ Yoast SEO Premium plugin. -->","yoast_head_json":{"title":"Bloomberg: Deutschland droht die Deindustrialisierung - just-now.NEWS Deutschland","robots":{"index":"index","follow":"follow","max-snippet":"max-snippet:-1","max-image-preview":"max-image-preview:large","max-video-preview":"max-video-preview:-1"},"canonical":"https:\/\/now-news.de\/de\/deutschland\/bloomberg-deutschland-droht-die-deindustrialisierung\/","og_locale":"de_DE","og_type":"article","og_title":"Bloomberg: Deutschland droht die Deindustrialisierung","og_description":"Steigende Strompreise k\u00f6nnten eine Abwanderung der Industrie aus dem Land ausl\u00f6sen. Unternehmen leiden zunehmend unter den steigenden Kosten. Eine L\u00f6sung ist nicht in Sicht. Eine umfassende Energiekrise k\u00f6nnte den deutschen Industriesektor ernsthaft gef\u00e4hrden, da die Hersteller von Autoteilen, Chemikalien und Stahl mit Energiepreisen k\u00e4mpfen, die fast jeden Tag neue H\u00f6chstst\u00e4nde erreichen, berichtete Bloomberg am Freitag. [&hellip;]","og_url":"https:\/\/now-news.de\/de\/deutschland\/bloomberg-deutschland-droht-die-deindustrialisierung\/","og_site_name":"just-now.NEWS Deutschland","article_publisher":"https:\/\/www.facebook.com\/wirmachenauf","article_published_time":"2022-08-20T12:30:10+00:00","og_image":[{"width":460,"height":259,"url":"https:\/\/now-news.de\/de\/wp-content\/uploads\/sites\/3\/2022\/08\/Bloomberg-Deutschland-droht-die-Deindustrialisierung.jpg","type":"image\/jpeg"}],"author":"rtnews","twitter_card":"summary_large_image","twitter_creator":"@WirMachenAuf_de","twitter_site":"@WirMachenAuf_de","twitter_misc":{"Verfasst von":"rtnews","Gesch\u00e4tzte Lesezeit":"2\u00a0Minuten"},"schema":{"@context":"https:\/\/schema.org","@graph":[{"@type":"Article","@id":"https:\/\/now-news.de\/de\/deutschland\/bloomberg-deutschland-droht-die-deindustrialisierung\/#article","isPartOf":{"@id":"https:\/\/now-news.de\/de\/deutschland\/bloomberg-deutschland-droht-die-deindustrialisierung\/"},"author":{"name":"rtnews","@id":"https:\/\/now-news.de\/de\/#\/schema\/person\/fb534a4e865501d8b3285208df34a9b5"},"headline":"Bloomberg: Deutschland droht die Deindustrialisierung","datePublished":"2022-08-20T12:30:10+00:00","dateModified":"2022-08-20T12:30:10+00:00","mainEntityOfPage":{"@id":"https:\/\/now-news.de\/de\/deutschland\/bloomberg-deutschland-droht-die-deindustrialisierung\/"},"wordCount":309,"commentCount":1,"publisher":{"@id":"https:\/\/now-news.de\/de\/#organization"},"image":{"@id":"https:\/\/now-news.de\/de\/deutschland\/bloomberg-deutschland-droht-die-deindustrialisierung\/#primaryimage"},"thumbnailUrl":"https:\/\/now-news.de\/de\/wp-content\/uploads\/sites\/3\/2022\/08\/Bloomberg-Deutschland-droht-die-Deindustrialisierung.jpg","keywords":["bloomberg","Deindustrialisierung","Deutschland","die","droht"],"articleSection":["Deutschland","Russland"],"inLanguage":"de","potentialAction":[{"@type":"CommentAction","name":"Comment","target":["https:\/\/now-news.de\/de\/deutschland\/bloomberg-deutschland-droht-die-deindustrialisierung\/#respond"]}]},{"@type":"WebPage","@id":"https:\/\/now-news.de\/de\/deutschland\/bloomberg-deutschland-droht-die-deindustrialisierung\/","url":"https:\/\/now-news.de\/de\/deutschland\/bloomberg-deutschland-droht-die-deindustrialisierung\/","name":"Bloomberg: Deutschland droht die Deindustrialisierung - just-now.NEWS Deutschland","isPartOf":{"@id":"https:\/\/now-news.de\/de\/#website"},"primaryImageOfPage":{"@id":"https:\/\/now-news.de\/de\/deutschland\/bloomberg-deutschland-droht-die-deindustrialisierung\/#primaryimage"},"image":{"@id":"https:\/\/now-news.de\/de\/deutschland\/bloomberg-deutschland-droht-die-deindustrialisierung\/#primaryimage"},"thumbnailUrl":"https:\/\/now-news.de\/de\/wp-content\/uploads\/sites\/3\/2022\/08\/Bloomberg-Deutschland-droht-die-Deindustrialisierung.jpg","datePublished":"2022-08-20T12:30:10+00:00","dateModified":"2022-08-20T12:30:10+00:00","breadcrumb":{"@id":"https:\/\/now-news.de\/de\/deutschland\/bloomberg-deutschland-droht-die-deindustrialisierung\/#breadcrumb"},"inLanguage":"de","potentialAction":[{"@type":"ReadAction","target":["https:\/\/now-news.de\/de\/deutschland\/bloomberg-deutschland-droht-die-deindustrialisierung\/"]}]},{"@type":"ImageObject","inLanguage":"de","@id":"https:\/\/now-news.de\/de\/deutschland\/bloomberg-deutschland-droht-die-deindustrialisierung\/#primaryimage","url":"https:\/\/now-news.de\/de\/wp-content\/uploads\/sites\/3\/2022\/08\/Bloomberg-Deutschland-droht-die-Deindustrialisierung.jpg","contentUrl":"https:\/\/now-news.de\/de\/wp-content\/uploads\/sites\/3\/2022\/08\/Bloomberg-Deutschland-droht-die-Deindustrialisierung.jpg","width":460,"height":259,"caption":"Bloomberg: Deutschland droht die Deindustrialisierung"},{"@type":"BreadcrumbList","@id":"https:\/\/now-news.de\/de\/deutschland\/bloomberg-deutschland-droht-die-deindustrialisierung\/#breadcrumb","itemListElement":[{"@type":"ListItem","position":1,"name":"Home","item":"https:\/\/now-news.de\/de\/"},{"@type":"ListItem","position":2,"name":"Bloomberg: Deutschland droht die Deindustrialisierung"}]},{"@type":"WebSite","@id":"https:\/\/now-news.de\/de\/#website","url":"https:\/\/now-news.de\/de\/","name":"just-now.NEWS Deutschland","description":"Das Portal f\u00fcr unzensierte Nachrichten aus der Welt","publisher":{"@id":"https:\/\/now-news.de\/de\/#organization"},"potentialAction":[{"@type":"SearchAction","target":{"@type":"EntryPoint","urlTemplate":"https:\/\/now-news.de\/de\/?s={search_term_string}"},"query-input":"required name=search_term_string"}],"inLanguage":"de"},{"@type":"Organization","@id":"https:\/\/now-news.de\/de\/#organization","name":"Just Now News","url":"https:\/\/now-news.de\/de\/","logo":{"@type":"ImageObject","inLanguage":"de","@id":"https:\/\/now-news.de\/de\/#\/schema\/logo\/image\/","url":"http:\/\/just-now.news\/de\/wp-content\/uploads\/sites\/3\/2022\/04\/logo500x500.jpg","contentUrl":"http:\/\/just-now.news\/de\/wp-content\/uploads\/sites\/3\/2022\/04\/logo500x500.jpg","width":500,"height":500,"caption":"Just Now News"},"image":{"@id":"https:\/\/now-news.de\/de\/#\/schema\/logo\/image\/"},"sameAs":["https:\/\/www.facebook.com\/wirmachenauf","https:\/\/x.com\/WirMachenAuf_de"]},{"@type":"Person","@id":"https:\/\/now-news.de\/de\/#\/schema\/person\/fb534a4e865501d8b3285208df34a9b5","name":"rtnews","image":{"@type":"ImageObject","inLanguage":"de","@id":"https:\/\/now-news.de\/de\/#\/schema\/person\/image\/","url":"https:\/\/secure.gravatar.com\/avatar\/82aafea7d8127119dd649515f56e2117?s=96&d=mm&r=g","contentUrl":"https:\/\/secure.gravatar.com\/avatar\/82aafea7d8127119dd649515f56e2117?s=96&d=mm&r=g","caption":"rtnews"},"url":"https:\/\/now-news.de\/de\/author\/rnews\/"}]}},"_links":{"self":[{"href":"https:\/\/now-news.de\/de\/wp-json\/wp\/v2\/posts\/17325"}],"collection":[{"href":"https:\/\/now-news.de\/de\/wp-json\/wp\/v2\/posts"}],"about":[{"href":"https:\/\/now-news.de\/de\/wp-json\/wp\/v2\/types\/post"}],"author":[{"embeddable":true,"href":"https:\/\/now-news.de\/de\/wp-json\/wp\/v2\/users\/3"}],"replies":[{"embeddable":true,"href":"https:\/\/now-news.de\/de\/wp-json\/wp\/v2\/comments?post=17325"}],"version-history":[{"count":0,"href":"https:\/\/now-news.de\/de\/wp-json\/wp\/v2\/posts\/17325\/revisions"}],"wp:featuredmedia":[{"embeddable":true,"href":"https:\/\/now-news.de\/de\/wp-json\/wp\/v2\/media\/17326"}],"wp:attachment":[{"href":"https:\/\/now-news.de\/de\/wp-json\/wp\/v2\/media?parent=17325"}],"wp:term":[{"taxonomy":"category","embeddable":true,"href":"https:\/\/now-news.de\/de\/wp-json\/wp\/v2\/categories?post=17325"},{"taxonomy":"post_tag","embeddable":true,"href":"https:\/\/now-news.de\/de\/wp-json\/wp\/v2\/tags?post=17325"}],"curies":[{"name":"wp","href":"https:\/\/api.w.org\/{rel}","templated":true}]}}