{"id":1727,"date":"2022-04-20T10:27:13","date_gmt":"2022-04-20T11:27:13","guid":{"rendered":"http:\/\/just-now.news\/de\/deutschland\/baerbock-besucht-baltische-staaten-jeder-quadratzentimeter-des-buendnisgebiets-wird-verteidigt\/"},"modified":"2022-04-20T10:27:13","modified_gmt":"2022-04-20T11:27:13","slug":"baerbock-besucht-baltische-staaten-jeder-quadratzentimeter-des-buendnisgebiets-wird-verteidigt","status":"publish","type":"post","link":"https:\/\/now-news.de\/de\/deutschland\/baerbock-besucht-baltische-staaten-jeder-quadratzentimeter-des-buendnisgebiets-wird-verteidigt\/","title":{"rendered":"Baerbock besucht baltische Staaten: &quot;Jeder Quadratzentimeter des B\u00fcndnisgebiets&quot; wird verteidigt"},"content":{"rendered":"<div class=\"Text-root Text-type_5 ArticleView-text ViewText-root \">\n<p>&#8220;Wir sind bereit, uns zur Sicherheit unserer Partner noch st\u00e4rker einzubringen&#8221;, erkl\u00e4rte die Bundesau\u00dfenministerin Annalena Baerbock\u00a0am Mittwoch kurz vor ihrem Abflug aus Berlin zu einer dreit\u00e4gigen Reise in die baltischen Staaten Lettland, Estland und Litauen. Ohne weitere Details zu nennen, betonte sie:<\/p>\n<blockquote>\n<p><em>&#8220;Wir werden im Notfall jeden Quadratzentimeter unseres gemeinsamen B\u00fcndnisgebiets verteidigen.&#8221;<\/em><\/p>\n<\/blockquote>\n<p>Ziel dieser Reise sei laut Ausw\u00e4rtigem Amt der Austausch mit den baltischen Partnern dar\u00fcber, &#8220;was der russische Angriffskrieg auf die Ukraine f\u00fcr die Sicherheit Europas bedeutet&#8221; und f\u00fcr die notwendigen Reaktionen von\u00a0EU,\u00a0NATO\u00a0und internationaler Gemeinschaft.\u00a0Seit beinahe acht Wochen herrsche auf dem europ\u00e4ischen Kontinent Krieg, &#8220;und mit jeder Woche erleben wir neue Dimensionen der Gewalt und Brutalit\u00e4t von Seiten Russlands&#8221;. Sie wolle, so Baerbock, auf ihrer Reise ins Baltikum deutlich <a target=\"_blank\" href=\"https:\/\/www.auswaertiges-amt.de\/de\/newsroom\/-\/2523126\" rel=\"noopener noreferrer\">machen<\/a>:<\/p>\n<blockquote>\n<p><em>&#8220;Deutschland tr\u00e4gt den neuen Realit\u00e4ten Rechnung, mit aller Konsequenz: Wir unterst\u00fctzen die Ukraine entschlossen bei ihrem \u00dcberlebenskampf, mit Waffen, finanzieller Unterst\u00fctzung und weiteren harten Sanktionen gegen Putins Machtbasis. Und wir st\u00e4rken unsere eigene Wehrhaftigkeit und leisten unseren Beitrag zur Neuausrichtung unserer Sicherheit in Europa. Damit sich unsere Partner auf Deutschland verlassen k\u00f6nnen.&#8221;<\/em><\/p>\n<\/blockquote>\n<div class=\"ReadMore-root Section-root Section-is1to3-xs_is1to1\" data-widgets=\"ReadMore\" data-has-alias>\n<div class=\"Section-container Section-isRow-isTop-isWrap\">\n<article class=\"Card-root Card-is1to1 \">\n<div class=\"Card-imageWrap\">\n<div class=\"Card-picture\">\n<picture class=\"Picture-root Picture-default\"><!--[if IE 9]><video style=\"display: none;\"><![endif]--><source media=\"(-webkit-min-device-pixel-ratio: 2) and (min-resolution: 120dpi)\" data-srcset=\" \nhttps:\/\/cdni.russiatoday.com\/deutsch\/images\/2022.04\/thumbnail\/625fa25f48fbef32620e3e26.jpg 850w,\n                https:\/\/cdni.russiatoday.com\/deutsch\/images\/2022.04\/article\/625fa25f48fbef32620e3e25.jpg 1960w,\n            \" srcset=\"data:image\/png;base64,iVBORw0KGgoAAAANSUhEUgAAABAAAAAJCAQAAACRI2S5AAAAEElEQVR42mNkIAAYRxWAAQAG9gAKqv6+AwAAAABJRU5ErkJggg==\"><source data-srcset=\" \nhttps:\/\/cdni.russiatoday.com\/deutsch\/images\/2022.04\/thumbnail\/625fa25f48fbef32620e3e26.jpg 460w,\n              https:\/\/cdni.russiatoday.com\/deutsch\/images\/2022.04\/article\/625fa25f48fbef32620e3e25.jpg 980w,\n            \" srcset=\"data:image\/png;base64,iVBORw0KGgoAAAANSUhEUgAAABAAAAAJCAQAAACRI2S5AAAAEElEQVR42mNkIAAYRxWAAQAG9gAKqv6+AwAAAABJRU5ErkJggg==\"><!--[if IE 9]><\/video><![endif]--><\/source><\/source><\/picture><!-- noscript pattern --><noscript><img decoding=\"async\" src=\"https:\/\/cdni.russiatoday.com\/deutsch\/images\/2022.04\/article\/625fa25f48fbef32620e3e25.jpg\" alt=\"US-Verb\u00fcndete unterst\u00fctzen ukrainische Luftwaffe durch Lieferung von Ersatzteilen\"><\/noscript>    <\/div><\/div>\n<div class=\"Card-contentWrap\">\n<div class=\"Card-content\">\n<div class=\"Card-title\">\n<div class=\"HeaderNews-root HeaderNews-type_6 \">\n<p>            <a target=\"_blank\" href=\"https:\/\/de.rt.com\/international\/136558-us-verbundete-unterstutzen-ukrainische-luftwaffe\/\" class=\"Link-root Link-isFullCard \" rel=\"noopener\"><br \/>\n                US-Verb\u00fcndete unterst\u00fctzen ukrainische Luftwaffe durch Lieferung von Ersatzteilen<br \/>\n            <\/a><\/p><\/div><\/div><\/div><\/div>\n<\/article>\n<\/div><\/div>\n<p>Wie es auf der Website des Ausw\u00e4rtigen Amtes dazu weiter <a target=\"_blank\" href=\"https:\/\/www.auswaertiges-amt.de\/de\/aussenpolitik\/europa\/baerbock-baltikum\/2523112\" rel=\"noopener noreferrer\">hei\u00dft<\/a>, werde die erste Station dieser Reise die\u00a0Hauptstadt Lettlands sein. In Riga werde\u00a0die Au\u00dfenministerin politische Gespr\u00e4che f\u00fchren, unter anderem mit ihrem lettischen Amtskollegen Edgars Rink\u0113vi\u010ds und dem Ministerpr\u00e4sidenten Kri\u0161j\u0101nis Kari\u0146\u0161. Am Nachmittag wolle Baerbock an Beratungen der drei baltischen Au\u00dfenminister Rink\u0113vi\u010ds\u00a0, Eva-Maria Liimets (Estland) und Gabrielius Landsbergis (Litauen) teilnehmen.<\/p>\n<p>Von diesen baltischen Staaten k\u00f6nne Deutschland \u00fcber Wehrhaftigkeit viel lernen, erkl\u00e4rte die Ministerin. Seit Jahren investierten Lettland, Estland und Litauen &#8220;in die Sicherheit der Energieversorgung, der IT-Infrastruktur, in die Widerstandsf\u00e4higkeit der Medienlandschaft und in die F\u00e4higkeiten der Verteidigung&#8221;. Im Baltikum blickten die Menschen laut Baerbock seit Jahren intensiv und mit Sorge in Richtung Russland. Die Spitzenpolitikerin von B\u00fcndnis 90\/Die Gr\u00fcnen betonte:<\/p>\n<blockquote>\n<p><em>&#8220;Ihren Erfahrungen und Einblicken m\u00f6chte ich genau zuh\u00f6ren.&#8221;<\/em><\/p>\n<\/blockquote>\n<p>Am Donnerstag geht es dann weiter nach Estland und am Freitag\u00a0soll Baerbock\u00a0in der litauischen Hauptstadt Vilnius unter anderem den Staatspr\u00e4sidenten Gitanas Naus\u0117da zu einem Gespr\u00e4ch treffen.<\/p>\n<p>In der Erkl\u00e4rung vor ihrer Abreise warf die deutsche Au\u00dfenminitserin dem russischen Pr\u00e4sidenten Wladimir Putin vor, &#8220;weder auf Menschenleben oder das V\u00f6lkerrecht noch auf das Leben und die Entwicklungschancen seiner eigenen Bev\u00f6lkerung&#8221; R\u00fccksicht zu nehmen. Mit dem Krieg in der Ukraine habe Putin, so Baerbock, &#8220;auch gro\u00dfe Teile der europ\u00e4ischen Sicherheitsarchitektur in Tr\u00fcmmer gelegt, auf die wir in den letzten Jahrzehnten gebaut haben, und die gerade f\u00fcr unsere osteurop\u00e4ischen Freunde auch eine Sicherheitsgarantie war.&#8221;<\/p>\n<p><strong>Mehr zum Thema<\/strong> &#8211; <a target=\"_blank\" href=\"https:\/\/de.rt.com\/international\/136371-von-leyen-fordert-schnellere-waffenlieferungen\/\" rel=\"noopener noreferrer\">Von der Leyen fordert schnellere Waffenlieferungen an die Ukraine<\/a><\/p>\n<\/div>\n<p><br \/>\n<br \/><a href=\"https:\/\/de.rt.com\/europa\/136567-baerbock-besucht-baltische-staaten-jeder\/\">Source link <\/a><\/p>\n","protected":false},"excerpt":{"rendered":"<p>&#8220;Wir sind bereit, uns zur Sicherheit unserer Partner noch st\u00e4rker einzubringen&#8221;, erkl\u00e4rte die Bundesau\u00dfenministerin Annalena Baerbock\u00a0am Mittwoch kurz vor ihrem Abflug aus Berlin zu einer dreit\u00e4gigen Reise in die baltischen Staaten Lettland, Estland und Litauen. Ohne weitere Details zu nennen, betonte sie: &#8220;Wir werden im Notfall jeden Quadratzentimeter unseres gemeinsamen B\u00fcndnisgebiets verteidigen.&#8221; Ziel dieser Reise [&hellip;]<\/p>\n","protected":false},"author":3,"featured_media":1728,"comment_status":"open","ping_status":"open","sticky":false,"template":"","format":"standard","meta":{"wp_automatic_camp":["217"],"9a0038a33913faf68ea981847982a4d9":["Baerbock besucht baltische Staaten: &quot;Jeder Quadratzentimeter des B\u00fcndnisgebiets&quot; wird verteidigt"],"original_link":["https:\/\/de.rt.com\/europa\/136567-baerbock-besucht-baltische-staaten-jeder\/"],"_thumbnail_id":["1728"],"wp_automatic_remove_first_image":["yes"],"_wptg_p2tg_sent2tg":["2022-04-20 10:38:17"],"jnews_social_counter_last_update":["1777263508"]},"categories":[19,23],"tags":[587,4748,4747,4752,583,4751,4750,4749,4753,374],"yoast_head":"<!-- This site is optimized with the Yoast SEO Premium plugin v22.7 (Yoast SEO v22.7) - https:\/\/yoast.com\/wordpress\/plugins\/seo\/ -->\n<title>Baerbock besucht baltische Staaten: &quot;Jeder Quadratzentimeter des B\u00fcndnisgebiets&quot; wird verteidigt - just-now.NEWS Deutschland<\/title>\n<meta name=\"robots\" content=\"index, follow, max-snippet:-1, max-image-preview:large, max-video-preview:-1\" \/>\n<link rel=\"canonical\" href=\"https:\/\/now-news.de\/de\/deutschland\/baerbock-besucht-baltische-staaten-jeder-quadratzentimeter-des-buendnisgebiets-wird-verteidigt\/\" \/>\n<meta property=\"og:locale\" content=\"de_DE\" \/>\n<meta property=\"og:type\" content=\"article\" \/>\n<meta property=\"og:title\" content=\"Baerbock besucht baltische Staaten: &quot;Jeder Quadratzentimeter des B\u00fcndnisgebiets&quot; wird verteidigt\" \/>\n<meta property=\"og:description\" content=\"&#8220;Wir sind bereit, uns zur Sicherheit unserer Partner noch st\u00e4rker einzubringen&#8221;, erkl\u00e4rte die Bundesau\u00dfenministerin Annalena Baerbock\u00a0am Mittwoch kurz vor ihrem Abflug aus Berlin zu einer dreit\u00e4gigen Reise in die baltischen Staaten Lettland, Estland und Litauen. Ohne weitere Details zu nennen, betonte sie: &#8220;Wir werden im Notfall jeden Quadratzentimeter unseres gemeinsamen B\u00fcndnisgebiets verteidigen.&#8221; Ziel dieser Reise [&hellip;]\" \/>\n<meta property=\"og:url\" content=\"https:\/\/now-news.de\/de\/deutschland\/baerbock-besucht-baltische-staaten-jeder-quadratzentimeter-des-buendnisgebiets-wird-verteidigt\/\" \/>\n<meta property=\"og:site_name\" content=\"just-now.NEWS Deutschland\" \/>\n<meta property=\"article:publisher\" content=\"https:\/\/www.facebook.com\/wirmachenauf\" \/>\n<meta property=\"article:published_time\" content=\"2022-04-20T11:27:13+00:00\" \/>\n<meta property=\"og:image\" content=\"https:\/\/now-news.de\/de\/wp-content\/uploads\/sites\/3\/2022\/04\/Baerbock-besucht-baltische-Staaten-quotJeder-Quadratzentimeter-des-Buendnisgebietsquot-wird-verteidigt.jpg\" \/>\n\t<meta property=\"og:image:width\" content=\"1104\" \/>\n\t<meta property=\"og:image:height\" content=\"622\" \/>\n\t<meta property=\"og:image:type\" content=\"image\/jpeg\" \/>\n<meta name=\"author\" content=\"rtnews\" \/>\n<meta name=\"twitter:card\" content=\"summary_large_image\" \/>\n<meta name=\"twitter:creator\" content=\"@WirMachenAuf_de\" \/>\n<meta name=\"twitter:site\" content=\"@WirMachenAuf_de\" \/>\n<meta name=\"twitter:label1\" content=\"Verfasst von\" \/>\n\t<meta name=\"twitter:data1\" content=\"rtnews\" \/>\n\t<meta name=\"twitter:label2\" content=\"Gesch\u00e4tzte Lesezeit\" \/>\n\t<meta name=\"twitter:data2\" content=\"2\u00a0Minuten\" \/>\n<script type=\"application\/ld+json\" class=\"yoast-schema-graph\">{\"@context\":\"https:\/\/schema.org\",\"@graph\":[{\"@type\":\"Article\",\"@id\":\"https:\/\/now-news.de\/de\/deutschland\/baerbock-besucht-baltische-staaten-jeder-quadratzentimeter-des-buendnisgebiets-wird-verteidigt\/#article\",\"isPartOf\":{\"@id\":\"https:\/\/now-news.de\/de\/deutschland\/baerbock-besucht-baltische-staaten-jeder-quadratzentimeter-des-buendnisgebiets-wird-verteidigt\/\"},\"author\":{\"name\":\"rtnews\",\"@id\":\"https:\/\/now-news.de\/de\/#\/schema\/person\/fb534a4e865501d8b3285208df34a9b5\"},\"headline\":\"Baerbock besucht baltische Staaten: &quot;Jeder Quadratzentimeter des B\u00fcndnisgebiets&quot; wird verteidigt\",\"datePublished\":\"2022-04-20T11:27:13+00:00\",\"dateModified\":\"2022-04-20T11:27:13+00:00\",\"mainEntityOfPage\":{\"@id\":\"https:\/\/now-news.de\/de\/deutschland\/baerbock-besucht-baltische-staaten-jeder-quadratzentimeter-des-buendnisgebiets-wird-verteidigt\/\"},\"wordCount\":501,\"commentCount\":0,\"publisher\":{\"@id\":\"https:\/\/now-news.de\/de\/#organization\"},\"image\":{\"@id\":\"https:\/\/now-news.de\/de\/deutschland\/baerbock-besucht-baltische-staaten-jeder-quadratzentimeter-des-buendnisgebiets-wird-verteidigt\/#primaryimage\"},\"thumbnailUrl\":\"https:\/\/now-news.de\/de\/wp-content\/uploads\/sites\/3\/2022\/04\/Baerbock-besucht-baltische-Staaten-quotJeder-Quadratzentimeter-des-Buendnisgebietsquot-wird-verteidigt.jpg\",\"keywords\":[\"Baerbock\",\"baltische\",\"besucht\",\"B\u00fcndnisgebietsquot\",\"des\",\"Quadratzentimeter\",\"quotJeder\",\"Staaten\",\"verteidigt\",\"wird\"],\"articleSection\":[\"Deutschland\",\"Russland\"],\"inLanguage\":\"de\",\"potentialAction\":[{\"@type\":\"CommentAction\",\"name\":\"Comment\",\"target\":[\"https:\/\/now-news.de\/de\/deutschland\/baerbock-besucht-baltische-staaten-jeder-quadratzentimeter-des-buendnisgebiets-wird-verteidigt\/#respond\"]}]},{\"@type\":\"WebPage\",\"@id\":\"https:\/\/now-news.de\/de\/deutschland\/baerbock-besucht-baltische-staaten-jeder-quadratzentimeter-des-buendnisgebiets-wird-verteidigt\/\",\"url\":\"https:\/\/now-news.de\/de\/deutschland\/baerbock-besucht-baltische-staaten-jeder-quadratzentimeter-des-buendnisgebiets-wird-verteidigt\/\",\"name\":\"Baerbock besucht baltische Staaten: &quot;Jeder Quadratzentimeter des B\u00fcndnisgebiets&quot; wird verteidigt - just-now.NEWS Deutschland\",\"isPartOf\":{\"@id\":\"https:\/\/now-news.de\/de\/#website\"},\"primaryImageOfPage\":{\"@id\":\"https:\/\/now-news.de\/de\/deutschland\/baerbock-besucht-baltische-staaten-jeder-quadratzentimeter-des-buendnisgebiets-wird-verteidigt\/#primaryimage\"},\"image\":{\"@id\":\"https:\/\/now-news.de\/de\/deutschland\/baerbock-besucht-baltische-staaten-jeder-quadratzentimeter-des-buendnisgebiets-wird-verteidigt\/#primaryimage\"},\"thumbnailUrl\":\"https:\/\/now-news.de\/de\/wp-content\/uploads\/sites\/3\/2022\/04\/Baerbock-besucht-baltische-Staaten-quotJeder-Quadratzentimeter-des-Buendnisgebietsquot-wird-verteidigt.jpg\",\"datePublished\":\"2022-04-20T11:27:13+00:00\",\"dateModified\":\"2022-04-20T11:27:13+00:00\",\"breadcrumb\":{\"@id\":\"https:\/\/now-news.de\/de\/deutschland\/baerbock-besucht-baltische-staaten-jeder-quadratzentimeter-des-buendnisgebiets-wird-verteidigt\/#breadcrumb\"},\"inLanguage\":\"de\",\"potentialAction\":[{\"@type\":\"ReadAction\",\"target\":[\"https:\/\/now-news.de\/de\/deutschland\/baerbock-besucht-baltische-staaten-jeder-quadratzentimeter-des-buendnisgebiets-wird-verteidigt\/\"]}]},{\"@type\":\"ImageObject\",\"inLanguage\":\"de\",\"@id\":\"https:\/\/now-news.de\/de\/deutschland\/baerbock-besucht-baltische-staaten-jeder-quadratzentimeter-des-buendnisgebiets-wird-verteidigt\/#primaryimage\",\"url\":\"https:\/\/now-news.de\/de\/wp-content\/uploads\/sites\/3\/2022\/04\/Baerbock-besucht-baltische-Staaten-quotJeder-Quadratzentimeter-des-Buendnisgebietsquot-wird-verteidigt.jpg\",\"contentUrl\":\"https:\/\/now-news.de\/de\/wp-content\/uploads\/sites\/3\/2022\/04\/Baerbock-besucht-baltische-Staaten-quotJeder-Quadratzentimeter-des-Buendnisgebietsquot-wird-verteidigt.jpg\",\"width\":1104,\"height\":622,\"caption\":\"Baerbock besucht baltische Staaten: &quot;Jeder Quadratzentimeter des B\u00fcndnisgebiets&quot; wird verteidigt\"},{\"@type\":\"BreadcrumbList\",\"@id\":\"https:\/\/now-news.de\/de\/deutschland\/baerbock-besucht-baltische-staaten-jeder-quadratzentimeter-des-buendnisgebiets-wird-verteidigt\/#breadcrumb\",\"itemListElement\":[{\"@type\":\"ListItem\",\"position\":1,\"name\":\"Home\",\"item\":\"https:\/\/now-news.de\/de\/\"},{\"@type\":\"ListItem\",\"position\":2,\"name\":\"Baerbock besucht baltische Staaten: &quot;Jeder Quadratzentimeter des B\u00fcndnisgebiets&quot; wird verteidigt\"}]},{\"@type\":\"WebSite\",\"@id\":\"https:\/\/now-news.de\/de\/#website\",\"url\":\"https:\/\/now-news.de\/de\/\",\"name\":\"just-now.NEWS Deutschland\",\"description\":\"Das Portal f\u00fcr unzensierte Nachrichten aus der Welt\",\"publisher\":{\"@id\":\"https:\/\/now-news.de\/de\/#organization\"},\"potentialAction\":[{\"@type\":\"SearchAction\",\"target\":{\"@type\":\"EntryPoint\",\"urlTemplate\":\"https:\/\/now-news.de\/de\/?s={search_term_string}\"},\"query-input\":\"required name=search_term_string\"}],\"inLanguage\":\"de\"},{\"@type\":\"Organization\",\"@id\":\"https:\/\/now-news.de\/de\/#organization\",\"name\":\"Just Now News\",\"url\":\"https:\/\/now-news.de\/de\/\",\"logo\":{\"@type\":\"ImageObject\",\"inLanguage\":\"de\",\"@id\":\"https:\/\/now-news.de\/de\/#\/schema\/logo\/image\/\",\"url\":\"http:\/\/just-now.news\/de\/wp-content\/uploads\/sites\/3\/2022\/04\/logo500x500.jpg\",\"contentUrl\":\"http:\/\/just-now.news\/de\/wp-content\/uploads\/sites\/3\/2022\/04\/logo500x500.jpg\",\"width\":500,\"height\":500,\"caption\":\"Just Now News\"},\"image\":{\"@id\":\"https:\/\/now-news.de\/de\/#\/schema\/logo\/image\/\"},\"sameAs\":[\"https:\/\/www.facebook.com\/wirmachenauf\",\"https:\/\/x.com\/WirMachenAuf_de\"]},{\"@type\":\"Person\",\"@id\":\"https:\/\/now-news.de\/de\/#\/schema\/person\/fb534a4e865501d8b3285208df34a9b5\",\"name\":\"rtnews\",\"image\":{\"@type\":\"ImageObject\",\"inLanguage\":\"de\",\"@id\":\"https:\/\/now-news.de\/de\/#\/schema\/person\/image\/\",\"url\":\"https:\/\/secure.gravatar.com\/avatar\/82aafea7d8127119dd649515f56e2117?s=96&d=mm&r=g\",\"contentUrl\":\"https:\/\/secure.gravatar.com\/avatar\/82aafea7d8127119dd649515f56e2117?s=96&d=mm&r=g\",\"caption\":\"rtnews\"},\"url\":\"https:\/\/now-news.de\/de\/author\/rnews\/\"}]}<\/script>\n<!-- \/ Yoast SEO Premium plugin. -->","yoast_head_json":{"title":"Baerbock besucht baltische Staaten: &quot;Jeder Quadratzentimeter des B\u00fcndnisgebiets&quot; wird verteidigt - just-now.NEWS Deutschland","robots":{"index":"index","follow":"follow","max-snippet":"max-snippet:-1","max-image-preview":"max-image-preview:large","max-video-preview":"max-video-preview:-1"},"canonical":"https:\/\/now-news.de\/de\/deutschland\/baerbock-besucht-baltische-staaten-jeder-quadratzentimeter-des-buendnisgebiets-wird-verteidigt\/","og_locale":"de_DE","og_type":"article","og_title":"Baerbock besucht baltische Staaten: &quot;Jeder Quadratzentimeter des B\u00fcndnisgebiets&quot; wird verteidigt","og_description":"&#8220;Wir sind bereit, uns zur Sicherheit unserer Partner noch st\u00e4rker einzubringen&#8221;, erkl\u00e4rte die Bundesau\u00dfenministerin Annalena Baerbock\u00a0am Mittwoch kurz vor ihrem Abflug aus Berlin zu einer dreit\u00e4gigen Reise in die baltischen Staaten Lettland, Estland und Litauen. Ohne weitere Details zu nennen, betonte sie: &#8220;Wir werden im Notfall jeden Quadratzentimeter unseres gemeinsamen B\u00fcndnisgebiets verteidigen.&#8221; Ziel dieser Reise [&hellip;]","og_url":"https:\/\/now-news.de\/de\/deutschland\/baerbock-besucht-baltische-staaten-jeder-quadratzentimeter-des-buendnisgebiets-wird-verteidigt\/","og_site_name":"just-now.NEWS Deutschland","article_publisher":"https:\/\/www.facebook.com\/wirmachenauf","article_published_time":"2022-04-20T11:27:13+00:00","og_image":[{"width":1104,"height":622,"url":"https:\/\/now-news.de\/de\/wp-content\/uploads\/sites\/3\/2022\/04\/Baerbock-besucht-baltische-Staaten-quotJeder-Quadratzentimeter-des-Buendnisgebietsquot-wird-verteidigt.jpg","type":"image\/jpeg"}],"author":"rtnews","twitter_card":"summary_large_image","twitter_creator":"@WirMachenAuf_de","twitter_site":"@WirMachenAuf_de","twitter_misc":{"Verfasst von":"rtnews","Gesch\u00e4tzte Lesezeit":"2\u00a0Minuten"},"schema":{"@context":"https:\/\/schema.org","@graph":[{"@type":"Article","@id":"https:\/\/now-news.de\/de\/deutschland\/baerbock-besucht-baltische-staaten-jeder-quadratzentimeter-des-buendnisgebiets-wird-verteidigt\/#article","isPartOf":{"@id":"https:\/\/now-news.de\/de\/deutschland\/baerbock-besucht-baltische-staaten-jeder-quadratzentimeter-des-buendnisgebiets-wird-verteidigt\/"},"author":{"name":"rtnews","@id":"https:\/\/now-news.de\/de\/#\/schema\/person\/fb534a4e865501d8b3285208df34a9b5"},"headline":"Baerbock besucht baltische Staaten: &quot;Jeder Quadratzentimeter des B\u00fcndnisgebiets&quot; wird verteidigt","datePublished":"2022-04-20T11:27:13+00:00","dateModified":"2022-04-20T11:27:13+00:00","mainEntityOfPage":{"@id":"https:\/\/now-news.de\/de\/deutschland\/baerbock-besucht-baltische-staaten-jeder-quadratzentimeter-des-buendnisgebiets-wird-verteidigt\/"},"wordCount":501,"commentCount":0,"publisher":{"@id":"https:\/\/now-news.de\/de\/#organization"},"image":{"@id":"https:\/\/now-news.de\/de\/deutschland\/baerbock-besucht-baltische-staaten-jeder-quadratzentimeter-des-buendnisgebiets-wird-verteidigt\/#primaryimage"},"thumbnailUrl":"https:\/\/now-news.de\/de\/wp-content\/uploads\/sites\/3\/2022\/04\/Baerbock-besucht-baltische-Staaten-quotJeder-Quadratzentimeter-des-Buendnisgebietsquot-wird-verteidigt.jpg","keywords":["Baerbock","baltische","besucht","B\u00fcndnisgebietsquot","des","Quadratzentimeter","quotJeder","Staaten","verteidigt","wird"],"articleSection":["Deutschland","Russland"],"inLanguage":"de","potentialAction":[{"@type":"CommentAction","name":"Comment","target":["https:\/\/now-news.de\/de\/deutschland\/baerbock-besucht-baltische-staaten-jeder-quadratzentimeter-des-buendnisgebiets-wird-verteidigt\/#respond"]}]},{"@type":"WebPage","@id":"https:\/\/now-news.de\/de\/deutschland\/baerbock-besucht-baltische-staaten-jeder-quadratzentimeter-des-buendnisgebiets-wird-verteidigt\/","url":"https:\/\/now-news.de\/de\/deutschland\/baerbock-besucht-baltische-staaten-jeder-quadratzentimeter-des-buendnisgebiets-wird-verteidigt\/","name":"Baerbock besucht baltische Staaten: &quot;Jeder Quadratzentimeter des B\u00fcndnisgebiets&quot; wird verteidigt - just-now.NEWS Deutschland","isPartOf":{"@id":"https:\/\/now-news.de\/de\/#website"},"primaryImageOfPage":{"@id":"https:\/\/now-news.de\/de\/deutschland\/baerbock-besucht-baltische-staaten-jeder-quadratzentimeter-des-buendnisgebiets-wird-verteidigt\/#primaryimage"},"image":{"@id":"https:\/\/now-news.de\/de\/deutschland\/baerbock-besucht-baltische-staaten-jeder-quadratzentimeter-des-buendnisgebiets-wird-verteidigt\/#primaryimage"},"thumbnailUrl":"https:\/\/now-news.de\/de\/wp-content\/uploads\/sites\/3\/2022\/04\/Baerbock-besucht-baltische-Staaten-quotJeder-Quadratzentimeter-des-Buendnisgebietsquot-wird-verteidigt.jpg","datePublished":"2022-04-20T11:27:13+00:00","dateModified":"2022-04-20T11:27:13+00:00","breadcrumb":{"@id":"https:\/\/now-news.de\/de\/deutschland\/baerbock-besucht-baltische-staaten-jeder-quadratzentimeter-des-buendnisgebiets-wird-verteidigt\/#breadcrumb"},"inLanguage":"de","potentialAction":[{"@type":"ReadAction","target":["https:\/\/now-news.de\/de\/deutschland\/baerbock-besucht-baltische-staaten-jeder-quadratzentimeter-des-buendnisgebiets-wird-verteidigt\/"]}]},{"@type":"ImageObject","inLanguage":"de","@id":"https:\/\/now-news.de\/de\/deutschland\/baerbock-besucht-baltische-staaten-jeder-quadratzentimeter-des-buendnisgebiets-wird-verteidigt\/#primaryimage","url":"https:\/\/now-news.de\/de\/wp-content\/uploads\/sites\/3\/2022\/04\/Baerbock-besucht-baltische-Staaten-quotJeder-Quadratzentimeter-des-Buendnisgebietsquot-wird-verteidigt.jpg","contentUrl":"https:\/\/now-news.de\/de\/wp-content\/uploads\/sites\/3\/2022\/04\/Baerbock-besucht-baltische-Staaten-quotJeder-Quadratzentimeter-des-Buendnisgebietsquot-wird-verteidigt.jpg","width":1104,"height":622,"caption":"Baerbock besucht baltische Staaten: &quot;Jeder Quadratzentimeter des B\u00fcndnisgebiets&quot; wird verteidigt"},{"@type":"BreadcrumbList","@id":"https:\/\/now-news.de\/de\/deutschland\/baerbock-besucht-baltische-staaten-jeder-quadratzentimeter-des-buendnisgebiets-wird-verteidigt\/#breadcrumb","itemListElement":[{"@type":"ListItem","position":1,"name":"Home","item":"https:\/\/now-news.de\/de\/"},{"@type":"ListItem","position":2,"name":"Baerbock besucht baltische Staaten: &quot;Jeder Quadratzentimeter des B\u00fcndnisgebiets&quot; wird verteidigt"}]},{"@type":"WebSite","@id":"https:\/\/now-news.de\/de\/#website","url":"https:\/\/now-news.de\/de\/","name":"just-now.NEWS Deutschland","description":"Das Portal f\u00fcr unzensierte Nachrichten aus der Welt","publisher":{"@id":"https:\/\/now-news.de\/de\/#organization"},"potentialAction":[{"@type":"SearchAction","target":{"@type":"EntryPoint","urlTemplate":"https:\/\/now-news.de\/de\/?s={search_term_string}"},"query-input":"required name=search_term_string"}],"inLanguage":"de"},{"@type":"Organization","@id":"https:\/\/now-news.de\/de\/#organization","name":"Just Now News","url":"https:\/\/now-news.de\/de\/","logo":{"@type":"ImageObject","inLanguage":"de","@id":"https:\/\/now-news.de\/de\/#\/schema\/logo\/image\/","url":"http:\/\/just-now.news\/de\/wp-content\/uploads\/sites\/3\/2022\/04\/logo500x500.jpg","contentUrl":"http:\/\/just-now.news\/de\/wp-content\/uploads\/sites\/3\/2022\/04\/logo500x500.jpg","width":500,"height":500,"caption":"Just Now News"},"image":{"@id":"https:\/\/now-news.de\/de\/#\/schema\/logo\/image\/"},"sameAs":["https:\/\/www.facebook.com\/wirmachenauf","https:\/\/x.com\/WirMachenAuf_de"]},{"@type":"Person","@id":"https:\/\/now-news.de\/de\/#\/schema\/person\/fb534a4e865501d8b3285208df34a9b5","name":"rtnews","image":{"@type":"ImageObject","inLanguage":"de","@id":"https:\/\/now-news.de\/de\/#\/schema\/person\/image\/","url":"https:\/\/secure.gravatar.com\/avatar\/82aafea7d8127119dd649515f56e2117?s=96&d=mm&r=g","contentUrl":"https:\/\/secure.gravatar.com\/avatar\/82aafea7d8127119dd649515f56e2117?s=96&d=mm&r=g","caption":"rtnews"},"url":"https:\/\/now-news.de\/de\/author\/rnews\/"}]}},"_links":{"self":[{"href":"https:\/\/now-news.de\/de\/wp-json\/wp\/v2\/posts\/1727"}],"collection":[{"href":"https:\/\/now-news.de\/de\/wp-json\/wp\/v2\/posts"}],"about":[{"href":"https:\/\/now-news.de\/de\/wp-json\/wp\/v2\/types\/post"}],"author":[{"embeddable":true,"href":"https:\/\/now-news.de\/de\/wp-json\/wp\/v2\/users\/3"}],"replies":[{"embeddable":true,"href":"https:\/\/now-news.de\/de\/wp-json\/wp\/v2\/comments?post=1727"}],"version-history":[{"count":0,"href":"https:\/\/now-news.de\/de\/wp-json\/wp\/v2\/posts\/1727\/revisions"}],"wp:featuredmedia":[{"embeddable":true,"href":"https:\/\/now-news.de\/de\/wp-json\/wp\/v2\/media\/1728"}],"wp:attachment":[{"href":"https:\/\/now-news.de\/de\/wp-json\/wp\/v2\/media?parent=1727"}],"wp:term":[{"taxonomy":"category","embeddable":true,"href":"https:\/\/now-news.de\/de\/wp-json\/wp\/v2\/categories?post=1727"},{"taxonomy":"post_tag","embeddable":true,"href":"https:\/\/now-news.de\/de\/wp-json\/wp\/v2\/tags?post=1727"}],"curies":[{"name":"wp","href":"https:\/\/api.w.org\/{rel}","templated":true}]}}