{"id":17269,"date":"2022-08-19T17:13:54","date_gmt":"2022-08-19T15:13:54","guid":{"rendered":"http:\/\/just-now.news\/de\/deutschland\/extremisten-ueberall-der-westen-braucht-suendenboecke-fuer-seine-selbstzerstoererische-politik\/"},"modified":"2022-08-19T17:13:54","modified_gmt":"2022-08-19T15:13:54","slug":"extremisten-ueberall-der-westen-braucht-suendenboecke-fuer-seine-selbstzerstoererische-politik","status":"publish","type":"post","link":"https:\/\/now-news.de\/de\/deutschland\/extremisten-ueberall-der-westen-braucht-suendenboecke-fuer-seine-selbstzerstoererische-politik\/","title":{"rendered":"&quot;Extremisten&quot; \u00fcberall: Der Westen braucht S\u00fcndenb\u00f6cke f\u00fcr seine selbstzerst\u00f6rerische Politik"},"content":{"rendered":"<p><img decoding=\"async\" src=\"http:\/\/just-now.news\/de\/wp-content\/uploads\/sites\/3\/2022\/08\/62ff82cb48fbef119563140d.jpg\" \/><\/p>\n<div class=\"Text-root Text-type_1 \">\n                Das westliche Establishment versucht verzweifelt, die Verantwortung f\u00fcr die drohende Katastrophe einer Energiekrise, gekoppelt mit einer Sozialmisere, abzuw\u00e4lzen, die ausschlie\u00dflich von ihnen selbst verursacht wurde. Entweder sieht man die Schuld bei Putin oder bei den eigenen B\u00fcrgern.\n            <\/div>\n<p><\/p>\n<div class=\"Text-root Text-type_5 ArticleView-text ViewText-root \">\n<p><em>von Rachel Marsden\u00a0 <\/em><\/p>\n<p>Zu Beginn des Ukraine-Konflikts proklamierte der offizielle Westen seine Geschlossenheit gegen\u00fcber Moskau und versprach, den \u00dcbergang weg von russischen fossilen Brennstoffen hin zu umweltfreundlicherer Energie zu beschleunigen. Die Idee dahinter war, dem Kreml dadurch Einnahmen zu entziehen, was der Meinung nach dazu f\u00fchren sollte, der Milit\u00e4roperation gegen die Ukraine den finanziellen Boden zu entziehen. In Folge hat man schnurstracks die Grundlagen der eigenen Energieversorgung \u2013 g\u00fcnstiges Gas aus Europas gr\u00f6\u00dftem Land \u2013 auf den Kopf gestellt und mit Sanktionen belegt.<\/p>\n<p>Es dauerte nicht lange, bis jedem klar wurde, dass das viel leichter gesagt als getan ist, und es dauerte nicht weniger lang, bis Regierungen ihre B\u00fcrger \u00f6ffentlich auffordern mussten, &#8220;ihren Teil beizutragen&#8221; und einen Teil ihres allt\u00e4glichen Komforts und ihrer Lebensqualit\u00e4t zu opfern, wie etwa nur noch kurz zu duschen \u2013 am besten kalt. Als ob dies die Alarmglocken der Vertreter der Industrie zum Schweigen bringen w\u00fcrde, die bereits wegen drohender Rationierungen bei der Energieversorgung geschlagen wurden.<\/p>\n<p>Als N\u00e4chstes begannen westliche Regierungen, von ihrem Vorhaben zur\u00fcckzutreten, jene Energieformen auszurotten, die als nicht gr\u00fcn genug verdammt worden waren. Nur wenige Monate vor der Ukraine-Krise hatte Deutschland seinen Nachbarn Frankreich f\u00fcr sein Beharren auf die Kernenergie scharf ger\u00fcgt. Jetzt k\u00f6nnte sich Berlin m\u00f6glicherweise ins selbe Boot wie Paris setzen und Kernkraft wieder als Energiequelle anerkennen, w\u00e4hrend es gleichzeitig stillgelegte Kohlekraftwerke wieder hochfahren will.<\/p>\n<p>Westeuropa dachte zun\u00e4chst, man k\u00f6nne sich zumindest auf Wasserkraft aus Norwegen verlassen, aber die trockene und regenarme Sommerhitze bedroht nun auch diese Energiequelle und Oslo denkt bereits \u00fcber Begrenzungen seiner Energieexporte nach. Selbst verfl\u00fcssigtes Erdgas aus Gro\u00dfbritannien kann m\u00f6glicherweise nicht in die EU importiert werden, nachdem k\u00fcrzlich giftige und sogar radioaktive Verunreinigungen in den Lieferungen gefunden wurden, wobei das Gas urspr\u00fcnglich aus L\u00e4ndern wie den USA und Katar stammte.<\/p>\n<p>Die ersten Anzeichen der kommenden Misere sind bereits sichtbar \u2013 lange noch bevor die winterliche Heizperiode einschl\u00e4gt. Das britische Beratungsunternehmen Cornwall Insights warnte bereits vor m\u00f6glichen Stromabschaltungen und leeren Supermarktregalen in Gro\u00dfbritannien. Die durchschnittlichen Energiekosten f\u00fcr Haushalte liegen in Gro\u00dfbritannien bereits bei rund 4.700 Euro pro Jahr und werden gem\u00e4\u00df Prognosen noch h\u00f6her steigen. Die Bank von England warnte vor einer Rezession inmitten einer Inflation, die in Deutschland gerade den h\u00f6chsten Stand seit der Wiedervereinigung im Jahr 1990 erreicht hat, w\u00e4hrend L\u00e4nder wie Spanien und Italien die Reduktion der Leistung von Heizungen und Klimaanlagen in \u00f6ffentlichen und gewerblichen Geb\u00e4uden angeordnet haben.<\/p>\n<p>Ein von der Europ\u00e4ischen Union verh\u00e4ngtes Einsparungsziel von 15 Prozent beim Energieverbrauch in allen Mitgliedsstaaten ist eben erst in Kraft getreten und liefert einen weiteren Vorwand, um Dienstleistungen f\u00fcr die Steuerzahler zu reduzieren. Der B\u00fcrgermeister der franz\u00f6sischen Stadt Cabri\u00e8s nutzte diese Ma\u00dfnahme der EU als Vorwand, um das \u00f6rtliche Schwimmbad inmitten der Rekordhitze des diesj\u00e4hrigen Sommers zu schlie\u00dfen und begr\u00fcndete seine Entscheidung mit der Wahl zwischen den Kosten f\u00fcr die Verpflegung von Schulkindern mit immer teureren Bio-Lebensmitteln in der Schulkantine oder dem Erhalt dieser Freizeiteinrichtung.<\/p>\n<p>Und wer ist an all dem schuld? Das sollte doch offensichtlich sein, oder etwa nicht? Die westlichen Regierungen schneiden sich von ihrer bisherigen Energiequelle ab, um Geopolitik zu betreiben, indem sie die Ukraine in ihre \u00dcberlegungen einbeziehen \u2013 aber die Schuld sehen sie eindeutig bei Russland. Das haben sie so gesagt und das ist es, worauf sie sich eingeschossen haben. &#8220;Putins neue Gasverknappung zwingt Europa in eine Rezession und in einen Winter mit harten Rationierungen&#8221;, lautete eine Schlagzeile des amerikanischen Nachrichtensenders CNBC. US-Pr\u00e4sident Joe Biden bezeichnete die Erh\u00f6hungen bei den Verbraucherpreisen kurzerhand als &#8220;Putins Steuern auf Lebensmittel und Gas&#8221;. Doch die westlichen Regierungen haben sich diese Probleme selbst \u2013 und vor allem ihren B\u00fcrgern \u2013\u00a0 &#8220;f\u00fcr die Ukraine&#8221; an den Hals gebunden.<\/p>\n<p>Das Problem f\u00fcr die westlichen Regierungen ist jedoch, dass immer weniger ihrer B\u00fcrger ihnen diese Begr\u00fcndungen abzukaufen scheinen. Laut einer k\u00fcrzlich durchgef\u00fchrten Umfrage des Meinungsforschungsinstituts Rasmussen, schreiben in den USA nur elf Prozent der Befragten Putin die Schuld f\u00fcr die Wirtschaftskrise zu, w\u00e4hrend 52 Prozent die Politik von Joe Biden daf\u00fcr verantwortlich machen. Jetzt gibt es Anzeichen daf\u00fcr, dass ein neuer S\u00fcndenbock aufgebaut wird, der herhalten muss. Und dieser S\u00fcndenbock sind die &#8220;Populisten&#8221;.<\/p>\n<p>&#8220;Wir k\u00f6nnen davon ausgehen, dass die Populisten und Extremisten wieder versuchen werden, Proteste f\u00fcr ihre Zwecke zu missbrauchen&#8221;, sagte die Sprecherin des Bundesinnenministeriums, Britta Beylage-Haarmann, der Deutschen Welle. &#8220;Extremistische Akteure und Gruppierungen in Deutschland k\u00f6nnen zu einer Zunahme der Gefahrenlage f\u00fchren, wenn entsprechende gesellschaftliche Krisenbedingungen dies zulassen.&#8221;<\/p>\n<p>Es ist eine beunruhigende Tatsache, wenn westliche Offizielle versuchen, gew\u00f6hnliche B\u00fcrger als &#8220;Extremisten&#8221; abzustempeln, die sich einer radikalen Politik widersetzen \u2013 einschlie\u00dflich des Beharrens ihrer Regierungen, die Frage der Energieversorgung mit der Frage der Ukraine zu verkn\u00fcpfen \u2013, w\u00e4hrend es in Wahrheit die Positionen der Regierungen sind, die immer radikaler werden.<\/p>\n<p>Der offizielle Westen hat in der Vergangenheit konzertierte Anstrengungen unternommen, um jede Opposition gegen seine Pl\u00e4ne zu diskreditieren, indem er den Widerstand aus Teilen der Bev\u00f6lkerung als etwas darstellte, das in den Katakomben des Kremls gebraut wurde. Und jetzt, w\u00e4hrend der offizielle Westen darauf beharrt, sozialen, wirtschaftlichen und industriellen Schaden als politische Angelegenheit zu behandeln und Chaos am Horizont aufziehen sieht, bereitet man sich darauf vor, den Unmut aus der Bev\u00f6lkerung als illegitim zu verunglimpfen.<\/p>\n<p>Nicht nur verunglimpfte die franz\u00f6sische Regierung die Vorsitzende der franz\u00f6sischen Oppositionspartei, Marine Le Pen, sondern griff sie auch direkt an, nachdem sie sich zu bevorstehenden Stromausf\u00e4llen im Land ge\u00e4u\u00dfert hatte und bezichtigte sie gef\u00e4hrlichen Populismus zu betreiben. &#8220;Europa wird vor einer Stromnotlage stehen, insbesondere wegen der Frage rund um die russischen Gasimporte. Diese Sanktionen sind einfach nutzlos. Alles, was sie bewirken, ist, die Europ\u00e4er leiden zu lassen. Und dazu geh\u00f6ren auch die Franzosen&#8221;, sagte Marine Le Pen von der Partei Rassemblement National. &#8220;Man muss schon auf beiden Augen blind sein, um nicht zu erkennen, dass die russische Wirtschaft entgegen den \u00fcbertriebenen Behauptungen unserer Regierung nicht am Boden liegt und nicht am Rande zum Bankrott steht.&#8221; Die franz\u00f6sische Ministerin f\u00fcr die Energiewende, Agn\u00e8s Pannier-Runacher, antwortete darauf, dass die \u00c4u\u00dferungen von Le Pen &#8220;au\u00dferordentlich gef\u00e4hrlich&#8221; und &#8220;unverantwortlich&#8221; seien und hat damit berechtigte Bedenken, die von den durchschnittlichen Franzosen geteilt werden, als etwas Unverantwortliches gebrandmarkt.<\/p>\n<p>Populistische Staatslenker in Teilen der westlichen Welt, vom mexikanischen Pr\u00e4sidenten Andr\u00e9s Manuel L\u00f3pez Obrador bis zum ungarischen Premierminister Viktor Orb\u00e1n und dem serbischen Pr\u00e4sidenten Aleksandar Vu\u010di\u0107, haben sich offen gegen antirussische Sanktionen ausgesprochen, die sich f\u00fcr den westlichen Durchschnittsb\u00fcrger von Natur aus nachteilig auswirken. Aber nur weil es populistische Politiker sind, die den Mut haben, sich f\u00fcr ihre B\u00fcrger einzusetzen, hei\u00dft das nicht, dass ihre Bedenken abgetan oder an den Rand gedr\u00e4ngt werden k\u00f6nnen, denn sie reflektieren die Sorgen eines gro\u00dfen Teils der schweigenden Mehrheit.\u00a0<\/p>\n<p>Das westliche Establishment versucht verzweifelt, die Verantwortung f\u00fcr eine drohende Katastrophe abzuw\u00e4lzen, die ausschlie\u00dflich von ihm selbst verursacht wurde \u2013 entweder auf Putin oder auf ihre eigenen B\u00fcrger.<\/p>\n<p><em>\u00dcbersetzt aus dem <a rel=\"nofollow noopener\" target=\"_blank\" href=\"https:\/\/swentr.site\/russia\/560649-putin-west-officials-extremism\/\">Englischen<\/a>.<\/em><\/p>\n<p><em>Rachel Marsden ist eine Kolumnistin, politische Strategin und Moderatorin eines unabh\u00e4ngig produzierten franz\u00f6sischsprachigen Programms, das auf Sputnik France ausgestrahlt wird. Ihre Website finden man unter rachelmarsden.com.<\/em><\/p>\n<p><strong>Mehr zum Thema<\/strong> &#8211; <a rel=\"nofollow noopener\" target=\"_blank\" href=\"https:\/\/test.rtde.tech\/meinung\/144927-risse-der-eu-trotz-aller-bekenntnisse-zur-solidaritaet\/\">Trotz Bekenntnis zur Solidarit\u00e4t zeitigt der Druck bereits Risse in der EU-Fassade<\/a><\/p>\n<\/div>\n<p><br \/>\n<br \/><a href=\"https:\/\/de.rt.com\/meinung\/146560-extremisten-uberall-westen-braucht-sundenbocke\/\">Source link <\/a><\/p>\n","protected":false},"excerpt":{"rendered":"<p>Das westliche Establishment versucht verzweifelt, die Verantwortung f\u00fcr die drohende Katastrophe einer Energiekrise, gekoppelt mit einer Sozialmisere, abzuw\u00e4lzen, die ausschlie\u00dflich von ihnen selbst verursacht wurde. Entweder sieht man die Schuld bei Putin oder bei den eigenen B\u00fcrgern. von Rachel Marsden\u00a0 Zu Beginn des Ukraine-Konflikts proklamierte der offizielle Westen seine Geschlossenheit gegen\u00fcber Moskau und versprach, den [&hellip;]<\/p>\n","protected":false},"author":3,"featured_media":17270,"comment_status":"open","ping_status":"open","sticky":false,"template":"","format":"standard","meta":{"wp_automatic_camp":["217"],"52594374fb3f26b2bbd928e5d2523bbe":["&quot;Extremisten&quot; \u00fcberall: Der Westen braucht S\u00fcndenb\u00f6cke f\u00fcr seine selbstzerst\u00f6rerische Politik"],"original_link":["https:\/\/de.rt.com\/meinung\/146560-extremisten-uberall-westen-braucht-sundenbocke\/"],"_thumbnail_id":["17270"],"_wptg_p2tg_sent2tg":["2022-08-19 17:21:15"],"jnews_social_counter_last_update":["1777592870"]},"categories":[19,23],"tags":[8879,82,221,592,31292,265,31294,31293,1940,378],"yoast_head":"<!-- This site is optimized with the Yoast SEO Premium plugin v22.7 (Yoast SEO v22.7) - https:\/\/yoast.com\/wordpress\/plugins\/seo\/ -->\n<title>&quot;Extremisten&quot; \u00fcberall: Der Westen braucht S\u00fcndenb\u00f6cke f\u00fcr seine selbstzerst\u00f6rerische Politik - just-now.NEWS Deutschland<\/title>\n<meta name=\"robots\" content=\"index, follow, max-snippet:-1, max-image-preview:large, max-video-preview:-1\" \/>\n<link rel=\"canonical\" href=\"https:\/\/now-news.de\/de\/deutschland\/extremisten-ueberall-der-westen-braucht-suendenboecke-fuer-seine-selbstzerstoererische-politik\/\" \/>\n<meta property=\"og:locale\" content=\"de_DE\" \/>\n<meta property=\"og:type\" content=\"article\" \/>\n<meta property=\"og:title\" content=\"&quot;Extremisten&quot; \u00fcberall: Der Westen braucht S\u00fcndenb\u00f6cke f\u00fcr seine selbstzerst\u00f6rerische Politik\" \/>\n<meta property=\"og:description\" content=\"Das westliche Establishment versucht verzweifelt, die Verantwortung f\u00fcr die drohende Katastrophe einer Energiekrise, gekoppelt mit einer Sozialmisere, abzuw\u00e4lzen, die ausschlie\u00dflich von ihnen selbst verursacht wurde. Entweder sieht man die Schuld bei Putin oder bei den eigenen B\u00fcrgern. von Rachel Marsden\u00a0 Zu Beginn des Ukraine-Konflikts proklamierte der offizielle Westen seine Geschlossenheit gegen\u00fcber Moskau und versprach, den [&hellip;]\" \/>\n<meta property=\"og:url\" content=\"https:\/\/now-news.de\/de\/deutschland\/extremisten-ueberall-der-westen-braucht-suendenboecke-fuer-seine-selbstzerstoererische-politik\/\" \/>\n<meta property=\"og:site_name\" content=\"just-now.NEWS Deutschland\" \/>\n<meta property=\"article:publisher\" content=\"https:\/\/www.facebook.com\/wirmachenauf\" \/>\n<meta property=\"article:published_time\" content=\"2022-08-19T15:13:54+00:00\" \/>\n<meta property=\"og:image\" content=\"https:\/\/now-news.de\/de\/wp-content\/uploads\/sites\/3\/2022\/08\/quotExtremistenquot-ueberall-Der-Westen-braucht-Suendenboecke-fuer-seine-selbstzerstoererische-Politik.jpg\" \/>\n\t<meta property=\"og:image:width\" content=\"460\" \/>\n\t<meta property=\"og:image:height\" content=\"259\" \/>\n\t<meta property=\"og:image:type\" content=\"image\/jpeg\" \/>\n<meta name=\"author\" content=\"rtnews\" \/>\n<meta name=\"twitter:card\" content=\"summary_large_image\" \/>\n<meta name=\"twitter:creator\" content=\"@WirMachenAuf_de\" \/>\n<meta name=\"twitter:site\" content=\"@WirMachenAuf_de\" \/>\n<meta name=\"twitter:label1\" content=\"Verfasst von\" \/>\n\t<meta name=\"twitter:data1\" content=\"rtnews\" \/>\n\t<meta name=\"twitter:label2\" content=\"Gesch\u00e4tzte Lesezeit\" \/>\n\t<meta name=\"twitter:data2\" content=\"6\u00a0Minuten\" \/>\n<script type=\"application\/ld+json\" class=\"yoast-schema-graph\">{\"@context\":\"https:\/\/schema.org\",\"@graph\":[{\"@type\":\"Article\",\"@id\":\"https:\/\/now-news.de\/de\/deutschland\/extremisten-ueberall-der-westen-braucht-suendenboecke-fuer-seine-selbstzerstoererische-politik\/#article\",\"isPartOf\":{\"@id\":\"https:\/\/now-news.de\/de\/deutschland\/extremisten-ueberall-der-westen-braucht-suendenboecke-fuer-seine-selbstzerstoererische-politik\/\"},\"author\":{\"name\":\"rtnews\",\"@id\":\"https:\/\/now-news.de\/de\/#\/schema\/person\/fb534a4e865501d8b3285208df34a9b5\"},\"headline\":\"&quot;Extremisten&quot; \u00fcberall: Der Westen braucht S\u00fcndenb\u00f6cke f\u00fcr seine selbstzerst\u00f6rerische Politik\",\"datePublished\":\"2022-08-19T15:13:54+00:00\",\"dateModified\":\"2022-08-19T15:13:54+00:00\",\"mainEntityOfPage\":{\"@id\":\"https:\/\/now-news.de\/de\/deutschland\/extremisten-ueberall-der-westen-braucht-suendenboecke-fuer-seine-selbstzerstoererische-politik\/\"},\"wordCount\":1314,\"commentCount\":0,\"publisher\":{\"@id\":\"https:\/\/now-news.de\/de\/#organization\"},\"image\":{\"@id\":\"https:\/\/now-news.de\/de\/deutschland\/extremisten-ueberall-der-westen-braucht-suendenboecke-fuer-seine-selbstzerstoererische-politik\/#primaryimage\"},\"thumbnailUrl\":\"https:\/\/now-news.de\/de\/wp-content\/uploads\/sites\/3\/2022\/08\/quotExtremistenquot-ueberall-Der-Westen-braucht-Suendenboecke-fuer-seine-selbstzerstoererische-Politik.jpg\",\"keywords\":[\"braucht\",\"der\",\"f\u00fcr\",\"Politik\",\"quotExtremistenquot\",\"seine\",\"selbstzerst\u00f6rerische\",\"S\u00fcndenb\u00f6cke\",\"\u00fcberall\",\"Westen\"],\"articleSection\":[\"Deutschland\",\"Russland\"],\"inLanguage\":\"de\",\"potentialAction\":[{\"@type\":\"CommentAction\",\"name\":\"Comment\",\"target\":[\"https:\/\/now-news.de\/de\/deutschland\/extremisten-ueberall-der-westen-braucht-suendenboecke-fuer-seine-selbstzerstoererische-politik\/#respond\"]}]},{\"@type\":\"WebPage\",\"@id\":\"https:\/\/now-news.de\/de\/deutschland\/extremisten-ueberall-der-westen-braucht-suendenboecke-fuer-seine-selbstzerstoererische-politik\/\",\"url\":\"https:\/\/now-news.de\/de\/deutschland\/extremisten-ueberall-der-westen-braucht-suendenboecke-fuer-seine-selbstzerstoererische-politik\/\",\"name\":\"&quot;Extremisten&quot; \u00fcberall: Der Westen braucht S\u00fcndenb\u00f6cke f\u00fcr seine selbstzerst\u00f6rerische Politik - just-now.NEWS Deutschland\",\"isPartOf\":{\"@id\":\"https:\/\/now-news.de\/de\/#website\"},\"primaryImageOfPage\":{\"@id\":\"https:\/\/now-news.de\/de\/deutschland\/extremisten-ueberall-der-westen-braucht-suendenboecke-fuer-seine-selbstzerstoererische-politik\/#primaryimage\"},\"image\":{\"@id\":\"https:\/\/now-news.de\/de\/deutschland\/extremisten-ueberall-der-westen-braucht-suendenboecke-fuer-seine-selbstzerstoererische-politik\/#primaryimage\"},\"thumbnailUrl\":\"https:\/\/now-news.de\/de\/wp-content\/uploads\/sites\/3\/2022\/08\/quotExtremistenquot-ueberall-Der-Westen-braucht-Suendenboecke-fuer-seine-selbstzerstoererische-Politik.jpg\",\"datePublished\":\"2022-08-19T15:13:54+00:00\",\"dateModified\":\"2022-08-19T15:13:54+00:00\",\"breadcrumb\":{\"@id\":\"https:\/\/now-news.de\/de\/deutschland\/extremisten-ueberall-der-westen-braucht-suendenboecke-fuer-seine-selbstzerstoererische-politik\/#breadcrumb\"},\"inLanguage\":\"de\",\"potentialAction\":[{\"@type\":\"ReadAction\",\"target\":[\"https:\/\/now-news.de\/de\/deutschland\/extremisten-ueberall-der-westen-braucht-suendenboecke-fuer-seine-selbstzerstoererische-politik\/\"]}]},{\"@type\":\"ImageObject\",\"inLanguage\":\"de\",\"@id\":\"https:\/\/now-news.de\/de\/deutschland\/extremisten-ueberall-der-westen-braucht-suendenboecke-fuer-seine-selbstzerstoererische-politik\/#primaryimage\",\"url\":\"https:\/\/now-news.de\/de\/wp-content\/uploads\/sites\/3\/2022\/08\/quotExtremistenquot-ueberall-Der-Westen-braucht-Suendenboecke-fuer-seine-selbstzerstoererische-Politik.jpg\",\"contentUrl\":\"https:\/\/now-news.de\/de\/wp-content\/uploads\/sites\/3\/2022\/08\/quotExtremistenquot-ueberall-Der-Westen-braucht-Suendenboecke-fuer-seine-selbstzerstoererische-Politik.jpg\",\"width\":460,\"height\":259,\"caption\":\"&quot;Extremisten&quot; \u00fcberall: Der Westen braucht S\u00fcndenb\u00f6cke f\u00fcr seine selbstzerst\u00f6rerische Politik\"},{\"@type\":\"BreadcrumbList\",\"@id\":\"https:\/\/now-news.de\/de\/deutschland\/extremisten-ueberall-der-westen-braucht-suendenboecke-fuer-seine-selbstzerstoererische-politik\/#breadcrumb\",\"itemListElement\":[{\"@type\":\"ListItem\",\"position\":1,\"name\":\"Home\",\"item\":\"https:\/\/now-news.de\/de\/\"},{\"@type\":\"ListItem\",\"position\":2,\"name\":\"&quot;Extremisten&quot; \u00fcberall: Der Westen braucht S\u00fcndenb\u00f6cke f\u00fcr seine selbstzerst\u00f6rerische Politik\"}]},{\"@type\":\"WebSite\",\"@id\":\"https:\/\/now-news.de\/de\/#website\",\"url\":\"https:\/\/now-news.de\/de\/\",\"name\":\"just-now.NEWS Deutschland\",\"description\":\"Das Portal f\u00fcr unzensierte Nachrichten aus der Welt\",\"publisher\":{\"@id\":\"https:\/\/now-news.de\/de\/#organization\"},\"potentialAction\":[{\"@type\":\"SearchAction\",\"target\":{\"@type\":\"EntryPoint\",\"urlTemplate\":\"https:\/\/now-news.de\/de\/?s={search_term_string}\"},\"query-input\":\"required name=search_term_string\"}],\"inLanguage\":\"de\"},{\"@type\":\"Organization\",\"@id\":\"https:\/\/now-news.de\/de\/#organization\",\"name\":\"Just Now News\",\"url\":\"https:\/\/now-news.de\/de\/\",\"logo\":{\"@type\":\"ImageObject\",\"inLanguage\":\"de\",\"@id\":\"https:\/\/now-news.de\/de\/#\/schema\/logo\/image\/\",\"url\":\"http:\/\/just-now.news\/de\/wp-content\/uploads\/sites\/3\/2022\/04\/logo500x500.jpg\",\"contentUrl\":\"http:\/\/just-now.news\/de\/wp-content\/uploads\/sites\/3\/2022\/04\/logo500x500.jpg\",\"width\":500,\"height\":500,\"caption\":\"Just Now News\"},\"image\":{\"@id\":\"https:\/\/now-news.de\/de\/#\/schema\/logo\/image\/\"},\"sameAs\":[\"https:\/\/www.facebook.com\/wirmachenauf\",\"https:\/\/x.com\/WirMachenAuf_de\"]},{\"@type\":\"Person\",\"@id\":\"https:\/\/now-news.de\/de\/#\/schema\/person\/fb534a4e865501d8b3285208df34a9b5\",\"name\":\"rtnews\",\"image\":{\"@type\":\"ImageObject\",\"inLanguage\":\"de\",\"@id\":\"https:\/\/now-news.de\/de\/#\/schema\/person\/image\/\",\"url\":\"https:\/\/secure.gravatar.com\/avatar\/82aafea7d8127119dd649515f56e2117?s=96&d=mm&r=g\",\"contentUrl\":\"https:\/\/secure.gravatar.com\/avatar\/82aafea7d8127119dd649515f56e2117?s=96&d=mm&r=g\",\"caption\":\"rtnews\"},\"url\":\"https:\/\/now-news.de\/de\/author\/rnews\/\"}]}<\/script>\n<!-- \/ Yoast SEO Premium plugin. -->","yoast_head_json":{"title":"&quot;Extremisten&quot; \u00fcberall: Der Westen braucht S\u00fcndenb\u00f6cke f\u00fcr seine selbstzerst\u00f6rerische Politik - just-now.NEWS Deutschland","robots":{"index":"index","follow":"follow","max-snippet":"max-snippet:-1","max-image-preview":"max-image-preview:large","max-video-preview":"max-video-preview:-1"},"canonical":"https:\/\/now-news.de\/de\/deutschland\/extremisten-ueberall-der-westen-braucht-suendenboecke-fuer-seine-selbstzerstoererische-politik\/","og_locale":"de_DE","og_type":"article","og_title":"&quot;Extremisten&quot; \u00fcberall: Der Westen braucht S\u00fcndenb\u00f6cke f\u00fcr seine selbstzerst\u00f6rerische Politik","og_description":"Das westliche Establishment versucht verzweifelt, die Verantwortung f\u00fcr die drohende Katastrophe einer Energiekrise, gekoppelt mit einer Sozialmisere, abzuw\u00e4lzen, die ausschlie\u00dflich von ihnen selbst verursacht wurde. Entweder sieht man die Schuld bei Putin oder bei den eigenen B\u00fcrgern. von Rachel Marsden\u00a0 Zu Beginn des Ukraine-Konflikts proklamierte der offizielle Westen seine Geschlossenheit gegen\u00fcber Moskau und versprach, den [&hellip;]","og_url":"https:\/\/now-news.de\/de\/deutschland\/extremisten-ueberall-der-westen-braucht-suendenboecke-fuer-seine-selbstzerstoererische-politik\/","og_site_name":"just-now.NEWS Deutschland","article_publisher":"https:\/\/www.facebook.com\/wirmachenauf","article_published_time":"2022-08-19T15:13:54+00:00","og_image":[{"width":460,"height":259,"url":"https:\/\/now-news.de\/de\/wp-content\/uploads\/sites\/3\/2022\/08\/quotExtremistenquot-ueberall-Der-Westen-braucht-Suendenboecke-fuer-seine-selbstzerstoererische-Politik.jpg","type":"image\/jpeg"}],"author":"rtnews","twitter_card":"summary_large_image","twitter_creator":"@WirMachenAuf_de","twitter_site":"@WirMachenAuf_de","twitter_misc":{"Verfasst von":"rtnews","Gesch\u00e4tzte Lesezeit":"6\u00a0Minuten"},"schema":{"@context":"https:\/\/schema.org","@graph":[{"@type":"Article","@id":"https:\/\/now-news.de\/de\/deutschland\/extremisten-ueberall-der-westen-braucht-suendenboecke-fuer-seine-selbstzerstoererische-politik\/#article","isPartOf":{"@id":"https:\/\/now-news.de\/de\/deutschland\/extremisten-ueberall-der-westen-braucht-suendenboecke-fuer-seine-selbstzerstoererische-politik\/"},"author":{"name":"rtnews","@id":"https:\/\/now-news.de\/de\/#\/schema\/person\/fb534a4e865501d8b3285208df34a9b5"},"headline":"&quot;Extremisten&quot; \u00fcberall: Der Westen braucht S\u00fcndenb\u00f6cke f\u00fcr seine selbstzerst\u00f6rerische Politik","datePublished":"2022-08-19T15:13:54+00:00","dateModified":"2022-08-19T15:13:54+00:00","mainEntityOfPage":{"@id":"https:\/\/now-news.de\/de\/deutschland\/extremisten-ueberall-der-westen-braucht-suendenboecke-fuer-seine-selbstzerstoererische-politik\/"},"wordCount":1314,"commentCount":0,"publisher":{"@id":"https:\/\/now-news.de\/de\/#organization"},"image":{"@id":"https:\/\/now-news.de\/de\/deutschland\/extremisten-ueberall-der-westen-braucht-suendenboecke-fuer-seine-selbstzerstoererische-politik\/#primaryimage"},"thumbnailUrl":"https:\/\/now-news.de\/de\/wp-content\/uploads\/sites\/3\/2022\/08\/quotExtremistenquot-ueberall-Der-Westen-braucht-Suendenboecke-fuer-seine-selbstzerstoererische-Politik.jpg","keywords":["braucht","der","f\u00fcr","Politik","quotExtremistenquot","seine","selbstzerst\u00f6rerische","S\u00fcndenb\u00f6cke","\u00fcberall","Westen"],"articleSection":["Deutschland","Russland"],"inLanguage":"de","potentialAction":[{"@type":"CommentAction","name":"Comment","target":["https:\/\/now-news.de\/de\/deutschland\/extremisten-ueberall-der-westen-braucht-suendenboecke-fuer-seine-selbstzerstoererische-politik\/#respond"]}]},{"@type":"WebPage","@id":"https:\/\/now-news.de\/de\/deutschland\/extremisten-ueberall-der-westen-braucht-suendenboecke-fuer-seine-selbstzerstoererische-politik\/","url":"https:\/\/now-news.de\/de\/deutschland\/extremisten-ueberall-der-westen-braucht-suendenboecke-fuer-seine-selbstzerstoererische-politik\/","name":"&quot;Extremisten&quot; \u00fcberall: Der Westen braucht S\u00fcndenb\u00f6cke f\u00fcr seine selbstzerst\u00f6rerische Politik - just-now.NEWS Deutschland","isPartOf":{"@id":"https:\/\/now-news.de\/de\/#website"},"primaryImageOfPage":{"@id":"https:\/\/now-news.de\/de\/deutschland\/extremisten-ueberall-der-westen-braucht-suendenboecke-fuer-seine-selbstzerstoererische-politik\/#primaryimage"},"image":{"@id":"https:\/\/now-news.de\/de\/deutschland\/extremisten-ueberall-der-westen-braucht-suendenboecke-fuer-seine-selbstzerstoererische-politik\/#primaryimage"},"thumbnailUrl":"https:\/\/now-news.de\/de\/wp-content\/uploads\/sites\/3\/2022\/08\/quotExtremistenquot-ueberall-Der-Westen-braucht-Suendenboecke-fuer-seine-selbstzerstoererische-Politik.jpg","datePublished":"2022-08-19T15:13:54+00:00","dateModified":"2022-08-19T15:13:54+00:00","breadcrumb":{"@id":"https:\/\/now-news.de\/de\/deutschland\/extremisten-ueberall-der-westen-braucht-suendenboecke-fuer-seine-selbstzerstoererische-politik\/#breadcrumb"},"inLanguage":"de","potentialAction":[{"@type":"ReadAction","target":["https:\/\/now-news.de\/de\/deutschland\/extremisten-ueberall-der-westen-braucht-suendenboecke-fuer-seine-selbstzerstoererische-politik\/"]}]},{"@type":"ImageObject","inLanguage":"de","@id":"https:\/\/now-news.de\/de\/deutschland\/extremisten-ueberall-der-westen-braucht-suendenboecke-fuer-seine-selbstzerstoererische-politik\/#primaryimage","url":"https:\/\/now-news.de\/de\/wp-content\/uploads\/sites\/3\/2022\/08\/quotExtremistenquot-ueberall-Der-Westen-braucht-Suendenboecke-fuer-seine-selbstzerstoererische-Politik.jpg","contentUrl":"https:\/\/now-news.de\/de\/wp-content\/uploads\/sites\/3\/2022\/08\/quotExtremistenquot-ueberall-Der-Westen-braucht-Suendenboecke-fuer-seine-selbstzerstoererische-Politik.jpg","width":460,"height":259,"caption":"&quot;Extremisten&quot; \u00fcberall: Der Westen braucht S\u00fcndenb\u00f6cke f\u00fcr seine selbstzerst\u00f6rerische Politik"},{"@type":"BreadcrumbList","@id":"https:\/\/now-news.de\/de\/deutschland\/extremisten-ueberall-der-westen-braucht-suendenboecke-fuer-seine-selbstzerstoererische-politik\/#breadcrumb","itemListElement":[{"@type":"ListItem","position":1,"name":"Home","item":"https:\/\/now-news.de\/de\/"},{"@type":"ListItem","position":2,"name":"&quot;Extremisten&quot; \u00fcberall: Der Westen braucht S\u00fcndenb\u00f6cke f\u00fcr seine selbstzerst\u00f6rerische Politik"}]},{"@type":"WebSite","@id":"https:\/\/now-news.de\/de\/#website","url":"https:\/\/now-news.de\/de\/","name":"just-now.NEWS Deutschland","description":"Das Portal f\u00fcr unzensierte Nachrichten aus der Welt","publisher":{"@id":"https:\/\/now-news.de\/de\/#organization"},"potentialAction":[{"@type":"SearchAction","target":{"@type":"EntryPoint","urlTemplate":"https:\/\/now-news.de\/de\/?s={search_term_string}"},"query-input":"required name=search_term_string"}],"inLanguage":"de"},{"@type":"Organization","@id":"https:\/\/now-news.de\/de\/#organization","name":"Just Now News","url":"https:\/\/now-news.de\/de\/","logo":{"@type":"ImageObject","inLanguage":"de","@id":"https:\/\/now-news.de\/de\/#\/schema\/logo\/image\/","url":"http:\/\/just-now.news\/de\/wp-content\/uploads\/sites\/3\/2022\/04\/logo500x500.jpg","contentUrl":"http:\/\/just-now.news\/de\/wp-content\/uploads\/sites\/3\/2022\/04\/logo500x500.jpg","width":500,"height":500,"caption":"Just Now News"},"image":{"@id":"https:\/\/now-news.de\/de\/#\/schema\/logo\/image\/"},"sameAs":["https:\/\/www.facebook.com\/wirmachenauf","https:\/\/x.com\/WirMachenAuf_de"]},{"@type":"Person","@id":"https:\/\/now-news.de\/de\/#\/schema\/person\/fb534a4e865501d8b3285208df34a9b5","name":"rtnews","image":{"@type":"ImageObject","inLanguage":"de","@id":"https:\/\/now-news.de\/de\/#\/schema\/person\/image\/","url":"https:\/\/secure.gravatar.com\/avatar\/82aafea7d8127119dd649515f56e2117?s=96&d=mm&r=g","contentUrl":"https:\/\/secure.gravatar.com\/avatar\/82aafea7d8127119dd649515f56e2117?s=96&d=mm&r=g","caption":"rtnews"},"url":"https:\/\/now-news.de\/de\/author\/rnews\/"}]}},"_links":{"self":[{"href":"https:\/\/now-news.de\/de\/wp-json\/wp\/v2\/posts\/17269"}],"collection":[{"href":"https:\/\/now-news.de\/de\/wp-json\/wp\/v2\/posts"}],"about":[{"href":"https:\/\/now-news.de\/de\/wp-json\/wp\/v2\/types\/post"}],"author":[{"embeddable":true,"href":"https:\/\/now-news.de\/de\/wp-json\/wp\/v2\/users\/3"}],"replies":[{"embeddable":true,"href":"https:\/\/now-news.de\/de\/wp-json\/wp\/v2\/comments?post=17269"}],"version-history":[{"count":0,"href":"https:\/\/now-news.de\/de\/wp-json\/wp\/v2\/posts\/17269\/revisions"}],"wp:featuredmedia":[{"embeddable":true,"href":"https:\/\/now-news.de\/de\/wp-json\/wp\/v2\/media\/17270"}],"wp:attachment":[{"href":"https:\/\/now-news.de\/de\/wp-json\/wp\/v2\/media?parent=17269"}],"wp:term":[{"taxonomy":"category","embeddable":true,"href":"https:\/\/now-news.de\/de\/wp-json\/wp\/v2\/categories?post=17269"},{"taxonomy":"post_tag","embeddable":true,"href":"https:\/\/now-news.de\/de\/wp-json\/wp\/v2\/tags?post=17269"}],"curies":[{"name":"wp","href":"https:\/\/api.w.org\/{rel}","templated":true}]}}