{"id":17255,"date":"2022-08-19T14:18:41","date_gmt":"2022-08-19T12:18:41","guid":{"rendered":"http:\/\/just-now.news\/de\/deutschland\/geburtenrueckgang-nach-impfung-auch-in-oesterreich-mfg-fordert-zahlen-von-statistik-austria\/"},"modified":"2022-08-19T14:18:41","modified_gmt":"2022-08-19T12:18:41","slug":"geburtenrueckgang-nach-impfung-auch-in-oesterreich-mfg-fordert-zahlen-von-statistik-austria","status":"publish","type":"post","link":"https:\/\/now-news.de\/de\/deutschland\/geburtenrueckgang-nach-impfung-auch-in-oesterreich-mfg-fordert-zahlen-von-statistik-austria\/","title":{"rendered":"Geburtenr\u00fcckgang nach Impfung auch in \u00d6sterreich? MFG fordert Zahlen von Statistik Austria"},"content":{"rendered":"<p><img decoding=\"async\" src=\"http:\/\/just-now.news\/de\/wp-content\/uploads\/sites\/3\/2022\/08\/62ff4e9d48fbef6c5f0a29c4.jpg\" \/><\/p>\n<div class=\"Text-root Text-type_1 \">\n                Aktuelle Statistiken belegen die weiterhin auff\u00e4llige Tatsache zu beobachtender Geburtenr\u00fcckg\u00e4nge im Jahresvergleich zu dem Durchschnitt der Jahre 2019 bis 2021, so in Deutschland und der Schweiz. Die Kleinpartei MFG fordert nun die Statistik Austria auf, endlich Zahlen f\u00fcr \u00d6sterreich vorzulegen.\n            <\/div>\n<p><\/p>\n<div class=\"Text-root Text-type_5 ArticleView-text ViewText-root \">\n<p>Der Presseinformationsdienst <em>OTS <\/em><a rel=\"nofollow noopener\" target=\"_blank\" href=\"https:\/\/www.ots.at\/presseaussendung\/OTS_20220818_OTS0119\/massiver-geburtenrueckgang-eine-folge-der-corona-impfung-anhang\">zitiert<\/a> Dr. Christian Fiala, Gyn\u00e4kologe und Vizevorsitzender der \u00f6sterreichischen Kleinpartei MFG\u2013\u00d6sterreich Menschen \u2013 Freiheit \u2013 Grundrechte, mit der Bewertung, dass es ein &#8220;seltsamer&#8221; Vorgang sei, dass die\u00a0Statistik Austria weiterhin noch keine Zahlen zu den aktuellen Geburtenraten in der Alpenrepublik ver\u00f6ffentlicht hat.\u00a0Die MFG hatte\u00a0mit ihrem impfkritischen Profil bei den letzten ober\u00f6sterreichischen\u00a0Landtagswahlen\u00a0im\u00a0September 2021\u00a0drei Mandate <a rel=\"nofollow noopener\" target=\"_blank\" href=\"https:\/\/www.tt.com\/artikel\/30814168\/mfg-scheiterte-nur-in-drei-gemeinden-drittstaerkste-kraft-in-kufstein\">gewonnen<\/a>.\u00a0<\/p>\n<p>Der Vorgang an sich sei untypisch, da\u00a0es &#8220;sich schlie\u00dflich bei den Geburtsmeldungen nicht um komplexe Auswertungen handelt&#8221;, so Dr. Fiala. Aktuelle offizielle Zahlen aus Deutschland und der Schweiz w\u00fcrden laut dem MFG-Vorsitzenden bei Betrachtung der Zahlen, &#8220;einen massiven R\u00fcckgang an Geburten in den ersten f\u00fcnf Monaten dieses Jahres zeigen&#8221;. In Deutschland betrug der R\u00fcckgang rund <a rel=\"nofollow noopener\" target=\"_blank\" href=\"https:\/\/www.destatis.de\/DE\/Themen\/Gesellschaft-Umwelt\/Bevoelkerung\/Geburten\/geburten-2021.html\">neun Prozent<\/a>, in der Schweiz <a rel=\"nofollow noopener\" target=\"_blank\" href=\"https:\/\/www.aletheia-scimed.ch\/wp-content\/uploads\/2022\/08\/Geburtenrueckgang-in-den-Schweizer-Kantonen_13082022.pdf\">dreizehn Prozent<\/a> jeweils im Vergleich zum Durchschnitt der Jahre 2019 bis 2021. Fiala wird mit der Feststellung zitiert:<\/p>\n<blockquote>\n<p><em>&#8220;Dies ist auch deshalb sehr \u00fcberraschend, weil die Geburten in den letzten 10 Jahren in beiden L\u00e4ndern stark zugenommen haben und der beobachtete aktuelle R\u00fcckgang mit diesem Trend bricht.&#8221;<\/em><\/p>\n<\/blockquote>\n<p>So h\u00e4tte &#8220;eine detaillierte Auswertung&#8221; der vorliegenden Schweizer Daten aufgezeigt, &#8220;dass der massive Geburtenr\u00fcckgang in allen Schweizer Kantonen zeitgleich auftrat und zwischen 2,5 Prozent und 29,1 Prozent betrug (mit Ausnahme eines einzigen Kantons)&#8221;. Diese Daten w\u00fcrden laut Fiala &#8220;\u00e4u\u00dferst signifikant mit dem Zeitpunkt der ersten Coronaimpfung in der Altersgruppe 20 bis 49 Jahre neun Monate zuvor&#8221;\u00a0korrelieren. Der MFG-Politiker\u00a0verwies dabei auf die Tatsache:<\/p>\n<blockquote>\n<p><em>&#8220;Ob hier ein kausaler Zusammenhang mit der Coronaimpfung besteht, ist noch nicht endg\u00fcltig gekl\u00e4rt.&#8221;<\/em><\/p>\n<\/blockquote>\n<p>Ein Zusammenhang mit Coronainfektionen sei &#8220;jedenfalls nicht zu beobachten&#8221;. Sofern Daten vorliegen, w\u00fcrden sich \u00e4hnliche Auff\u00e4lligkeiten &#8220;auch in anderen europ\u00e4ischen L\u00e4ndern zeigen&#8221;. So <a rel=\"nofollow noopener\" target=\"_blank\" href=\"https:\/\/sweden.postsen.com\/news\/25286\/Fewer-children-are-born-in-Sweden-according-to-Statistics-Sweden.html\">titelte<\/a> die schwedische Seite <em>Sweden-Posts <\/em>am 13. August: &#8220;Nach Angaben von Statistics Sweden werden in Schweden weniger Kinder geboren.&#8221; Zwischen Januar und April dieses Jahres wurden in Schweden &#8220;35.467 Kinder geboren, das sind 2.483 Kinder weniger als im entsprechenden Zeitraum 2021&#8221;. In dem Artikel hei\u00dft es weiter zu den ver\u00f6ffentlichten Zahlen:<\/p>\n<blockquote>\n<p><em>&#8220;Im Jahr 2021 wurden 1,69 Kinder pro Frau geboren, jetzt liegt die entsprechende Zahl bei 1,57.&#8221;<\/em><\/p>\n<\/blockquote>\n<p>Fiala erinnerte an die Tatsache, dass\u00a0jedes neue Medikament \u2013 Bezug nehmend auf die\u00a0COVID-19-Impfstoffe \u2013 vor einer Zulassung hinsichtlich m\u00f6glicher Impf-Auswirkungen auf Schwangere gesondert gepr\u00fcft werden muss. Dies w\u00e4re\u00a0jedoch nur bedingt umgesetzt worden, auch deshalb &#8220;haben alle verf\u00fcgbaren Impfungen lediglich eine bedingte Zulassung erhalten&#8221;, so der Politiker. So hei\u00dft es in einer <a rel=\"nofollow noopener\" target=\"_blank\" href=\"https:\/\/pubmed.ncbi.nlm.nih.gov\/34734259\/\">US-Studie<\/a> aus dem Dezember 2021:<\/p>\n<blockquote>\n<p><em>&#8220;Obwohl mehrere <a rel=\"nofollow noopener\" target=\"_blank\" href=\"https:\/\/www.iffsreproduction.org\/\">Fruchtbarkeitsgesellschaften<\/a> verk\u00fcndet haben, dass eine Beeintr\u00e4chtigung der Fruchtbarkeit durch COVID-19-mRNA-Impfstoffe unwahrscheinlich ist, l\u00e4sst sich nicht leugnen, dass die derzeitige Beweislage sehr begrenzt ist, was einer der Gr\u00fcnde f\u00fcr die z\u00f6gerliche Haltung der Bev\u00f6lkerung gegen\u00fcber der Impfung ist, insbesondere bei schwangeren Frauen. &#8220;<\/em><\/p>\n<\/blockquote>\n<p>Der deutsche Hersteller BioNTech <a rel=\"nofollow noopener\" target=\"_blank\" href=\"https:\/\/www.ema.europa.eu\/en\/documents\/product-information\/comirnaty-epar-product-information_de.pdf\">schreibt<\/a> in seinem Beipacktext: &#8220;Zusammenfassung\u00a0der Merkmale des Arzneimittels&#8221; lediglich \u00fcber Erfahrungswerte aus Tierversuchen. So hei\u00dft es w\u00f6rtlich:<\/p>\n<blockquote>\n<p><em>&#8220;Zwar liegen derzeit nur wenige Daten zum Schwangerschaftsausgang nach einer Impfung im ersten Trimenon (Schwangerschaftsabschnitt) vor, jedoch wurde kein erh\u00f6htes Risiko f\u00fcr eine Fehlgeburt beobachtet. Tierexperimentelle Studien (<\/em>mit Ratten \u2013 Punkt 5.3<em>) lassen nicht auf direkte oder indirekte sch\u00e4dliche Wirkungen in Bezug auf Schwangerschaft, embryonale\/f\u00f6tale Entwicklung, Geburt oder postnatale Entwicklung schlie\u00dfen.&#8221;\u00a0<\/em><\/p>\n<\/blockquote>\n<p>In den USA wurden \u00fcber das Vaccine Adverse Event Reporting System (VAERS), ein Meldesystem f\u00fcr Verdachtsf\u00e4lle unerw\u00fcnschter Wirkungen von Impfstoffen, zwischen Dezember 2020 bis Mitte August 2022 in der Rubrik: &#8220;Berichte \u00fcber Fehlgeburten nach COVID-Impfung&#8221; knapp 4922 Vorf\u00e4lle <a rel=\"nofollow noopener\" target=\"_blank\" href=\"https:\/\/openvaers.com\/covid-data\/reproductive-health\">gemeldet<\/a>.<\/p>\n<p>Fiala bezeichnete es als &#8220;unverantwortlich und skandal\u00f6s&#8221;, dass aufgrund fehlender Studiendaten &#8220;\u00fcber Auswirkungen auf die Fruchtbarkeit von Frauen und M\u00e4nnern&#8221;, erst im Nachhinein neue Untersuchungen &#8220;in Angriff genommen wurden und die endg\u00fcltigen Ergebnisse erst Ende dieses Jahres beziehungsweise im Jahr 2024 erwartet werden&#8221;. Zahlen zu\u00a0Geburtsmeldungen sollten daher &#8220;in Zukunft in kurzen Abst\u00e4nden ver\u00f6ffentlicht werden&#8221;. Zudem sollten laufende Impfkampagnen &#8220;als Vorsichtsma\u00dfnahme sofort eingestellt werden&#8221;.<\/p>\n<p><strong>Mehr zum Thema \u2013<\/strong>\u00a0<a rel=\"nofollow noopener\" target=\"_blank\" href=\"https:\/\/pressefreiheit.rtde.tech\/international\/146445-100-millionen-dosen-pro-jahr\/\">100 Millionen Dosen pro Jahr: Krisenprofiteur Moderna baut neue Produktionsst\u00e4tte in Australien<\/a><\/p>\n<\/p>\n<\/div>\n<p><br \/>\n<br \/><a href=\"https:\/\/de.rt.com\/europa\/146539-gibt-es-zusammenhang-zwischen-corona\/\">Source link <\/a><\/p>\n","protected":false},"excerpt":{"rendered":"<p>Aktuelle Statistiken belegen die weiterhin auff\u00e4llige Tatsache zu beobachtender Geburtenr\u00fcckg\u00e4nge im Jahresvergleich zu dem Durchschnitt der Jahre 2019 bis 2021, so in Deutschland und der Schweiz. Die Kleinpartei MFG fordert nun die Statistik Austria auf, endlich Zahlen f\u00fcr \u00d6sterreich vorzulegen. Der Presseinformationsdienst OTS zitiert Dr. Christian Fiala, Gyn\u00e4kologe und Vizevorsitzender der \u00f6sterreichischen Kleinpartei MFG\u2013\u00d6sterreich Menschen [&hellip;]<\/p>\n","protected":false},"author":3,"featured_media":17256,"comment_status":"open","ping_status":"open","sticky":false,"template":"","format":"standard","meta":{"wp_automatic_camp":["217"],"81c08698caa62aa86bfeb6562da1f996":["Geburtenr\u00fcckgang nach Impfung auch in \u00d6sterreich? MFG fordert Zahlen von Statistik Austria"],"original_link":["https:\/\/de.rt.com\/europa\/146539-gibt-es-zusammenhang-zwischen-corona\/"],"_thumbnail_id":["17256"],"_wptg_p2tg_sent2tg":["2022-08-19 14:24:45"],"jnews_social_counter_last_update":["1777583836"]},"categories":[19,23],"tags":[1475,31287,355,25581,294,31286,979,7290,24869,50,14138],"yoast_head":"<!-- This site is optimized with the Yoast SEO Premium plugin v22.7 (Yoast SEO v22.7) - https:\/\/yoast.com\/wordpress\/plugins\/seo\/ -->\n<title>Geburtenr\u00fcckgang nach Impfung auch in \u00d6sterreich? MFG fordert Zahlen von Statistik Austria - just-now.NEWS Deutschland<\/title>\n<meta name=\"robots\" content=\"index, follow, max-snippet:-1, max-image-preview:large, max-video-preview:-1\" \/>\n<link rel=\"canonical\" href=\"https:\/\/now-news.de\/de\/deutschland\/geburtenrueckgang-nach-impfung-auch-in-oesterreich-mfg-fordert-zahlen-von-statistik-austria\/\" \/>\n<meta property=\"og:locale\" content=\"de_DE\" \/>\n<meta property=\"og:type\" content=\"article\" \/>\n<meta property=\"og:title\" content=\"Geburtenr\u00fcckgang nach Impfung auch in \u00d6sterreich? MFG fordert Zahlen von Statistik Austria\" \/>\n<meta property=\"og:description\" content=\"Aktuelle Statistiken belegen die weiterhin auff\u00e4llige Tatsache zu beobachtender Geburtenr\u00fcckg\u00e4nge im Jahresvergleich zu dem Durchschnitt der Jahre 2019 bis 2021, so in Deutschland und der Schweiz. Die Kleinpartei MFG fordert nun die Statistik Austria auf, endlich Zahlen f\u00fcr \u00d6sterreich vorzulegen. Der Presseinformationsdienst OTS zitiert Dr. Christian Fiala, Gyn\u00e4kologe und Vizevorsitzender der \u00f6sterreichischen Kleinpartei MFG\u2013\u00d6sterreich Menschen [&hellip;]\" \/>\n<meta property=\"og:url\" content=\"https:\/\/now-news.de\/de\/deutschland\/geburtenrueckgang-nach-impfung-auch-in-oesterreich-mfg-fordert-zahlen-von-statistik-austria\/\" \/>\n<meta property=\"og:site_name\" content=\"just-now.NEWS Deutschland\" \/>\n<meta property=\"article:publisher\" content=\"https:\/\/www.facebook.com\/wirmachenauf\" \/>\n<meta property=\"article:published_time\" content=\"2022-08-19T12:18:41+00:00\" \/>\n<meta property=\"og:image\" content=\"https:\/\/now-news.de\/de\/wp-content\/uploads\/sites\/3\/2022\/08\/Geburtenrueckgang-nach-Impfung-auch-in-Oesterreich-MFG-fordert-Zahlen-von.jpg\" \/>\n\t<meta property=\"og:image:width\" content=\"460\" \/>\n\t<meta property=\"og:image:height\" content=\"259\" \/>\n\t<meta property=\"og:image:type\" content=\"image\/jpeg\" \/>\n<meta name=\"author\" content=\"rtnews\" \/>\n<meta name=\"twitter:card\" content=\"summary_large_image\" \/>\n<meta name=\"twitter:creator\" content=\"@WirMachenAuf_de\" \/>\n<meta name=\"twitter:site\" content=\"@WirMachenAuf_de\" \/>\n<meta name=\"twitter:label1\" content=\"Verfasst von\" \/>\n\t<meta name=\"twitter:data1\" content=\"rtnews\" \/>\n\t<meta name=\"twitter:label2\" content=\"Gesch\u00e4tzte Lesezeit\" \/>\n\t<meta name=\"twitter:data2\" content=\"4\u00a0Minuten\" \/>\n<script type=\"application\/ld+json\" class=\"yoast-schema-graph\">{\"@context\":\"https:\/\/schema.org\",\"@graph\":[{\"@type\":\"Article\",\"@id\":\"https:\/\/now-news.de\/de\/deutschland\/geburtenrueckgang-nach-impfung-auch-in-oesterreich-mfg-fordert-zahlen-von-statistik-austria\/#article\",\"isPartOf\":{\"@id\":\"https:\/\/now-news.de\/de\/deutschland\/geburtenrueckgang-nach-impfung-auch-in-oesterreich-mfg-fordert-zahlen-von-statistik-austria\/\"},\"author\":{\"name\":\"rtnews\",\"@id\":\"https:\/\/now-news.de\/de\/#\/schema\/person\/fb534a4e865501d8b3285208df34a9b5\"},\"headline\":\"Geburtenr\u00fcckgang nach Impfung auch in \u00d6sterreich? MFG fordert Zahlen von Statistik Austria\",\"datePublished\":\"2022-08-19T12:18:41+00:00\",\"dateModified\":\"2022-08-19T12:18:41+00:00\",\"mainEntityOfPage\":{\"@id\":\"https:\/\/now-news.de\/de\/deutschland\/geburtenrueckgang-nach-impfung-auch-in-oesterreich-mfg-fordert-zahlen-von-statistik-austria\/\"},\"wordCount\":720,\"commentCount\":0,\"publisher\":{\"@id\":\"https:\/\/now-news.de\/de\/#organization\"},\"image\":{\"@id\":\"https:\/\/now-news.de\/de\/deutschland\/geburtenrueckgang-nach-impfung-auch-in-oesterreich-mfg-fordert-zahlen-von-statistik-austria\/#primaryimage\"},\"thumbnailUrl\":\"https:\/\/now-news.de\/de\/wp-content\/uploads\/sites\/3\/2022\/08\/Geburtenrueckgang-nach-Impfung-auch-in-Oesterreich-MFG-fordert-Zahlen-von.jpg\",\"keywords\":[\"auch\",\"Austria\",\"fordert\",\"Geburtenr\u00fcckgang\",\"impfung\",\"MFG\",\"nach\",\"\u00d6sterreich\",\"Statistik\",\"von\",\"zahlen\"],\"articleSection\":[\"Deutschland\",\"Russland\"],\"inLanguage\":\"de\",\"potentialAction\":[{\"@type\":\"CommentAction\",\"name\":\"Comment\",\"target\":[\"https:\/\/now-news.de\/de\/deutschland\/geburtenrueckgang-nach-impfung-auch-in-oesterreich-mfg-fordert-zahlen-von-statistik-austria\/#respond\"]}]},{\"@type\":\"WebPage\",\"@id\":\"https:\/\/now-news.de\/de\/deutschland\/geburtenrueckgang-nach-impfung-auch-in-oesterreich-mfg-fordert-zahlen-von-statistik-austria\/\",\"url\":\"https:\/\/now-news.de\/de\/deutschland\/geburtenrueckgang-nach-impfung-auch-in-oesterreich-mfg-fordert-zahlen-von-statistik-austria\/\",\"name\":\"Geburtenr\u00fcckgang nach Impfung auch in \u00d6sterreich? MFG fordert Zahlen von Statistik Austria - just-now.NEWS Deutschland\",\"isPartOf\":{\"@id\":\"https:\/\/now-news.de\/de\/#website\"},\"primaryImageOfPage\":{\"@id\":\"https:\/\/now-news.de\/de\/deutschland\/geburtenrueckgang-nach-impfung-auch-in-oesterreich-mfg-fordert-zahlen-von-statistik-austria\/#primaryimage\"},\"image\":{\"@id\":\"https:\/\/now-news.de\/de\/deutschland\/geburtenrueckgang-nach-impfung-auch-in-oesterreich-mfg-fordert-zahlen-von-statistik-austria\/#primaryimage\"},\"thumbnailUrl\":\"https:\/\/now-news.de\/de\/wp-content\/uploads\/sites\/3\/2022\/08\/Geburtenrueckgang-nach-Impfung-auch-in-Oesterreich-MFG-fordert-Zahlen-von.jpg\",\"datePublished\":\"2022-08-19T12:18:41+00:00\",\"dateModified\":\"2022-08-19T12:18:41+00:00\",\"breadcrumb\":{\"@id\":\"https:\/\/now-news.de\/de\/deutschland\/geburtenrueckgang-nach-impfung-auch-in-oesterreich-mfg-fordert-zahlen-von-statistik-austria\/#breadcrumb\"},\"inLanguage\":\"de\",\"potentialAction\":[{\"@type\":\"ReadAction\",\"target\":[\"https:\/\/now-news.de\/de\/deutschland\/geburtenrueckgang-nach-impfung-auch-in-oesterreich-mfg-fordert-zahlen-von-statistik-austria\/\"]}]},{\"@type\":\"ImageObject\",\"inLanguage\":\"de\",\"@id\":\"https:\/\/now-news.de\/de\/deutschland\/geburtenrueckgang-nach-impfung-auch-in-oesterreich-mfg-fordert-zahlen-von-statistik-austria\/#primaryimage\",\"url\":\"https:\/\/now-news.de\/de\/wp-content\/uploads\/sites\/3\/2022\/08\/Geburtenrueckgang-nach-Impfung-auch-in-Oesterreich-MFG-fordert-Zahlen-von.jpg\",\"contentUrl\":\"https:\/\/now-news.de\/de\/wp-content\/uploads\/sites\/3\/2022\/08\/Geburtenrueckgang-nach-Impfung-auch-in-Oesterreich-MFG-fordert-Zahlen-von.jpg\",\"width\":460,\"height\":259,\"caption\":\"Geburtenr\u00fcckgang nach Impfung auch in \u00d6sterreich? MFG fordert Zahlen von Statistik Austria\"},{\"@type\":\"BreadcrumbList\",\"@id\":\"https:\/\/now-news.de\/de\/deutschland\/geburtenrueckgang-nach-impfung-auch-in-oesterreich-mfg-fordert-zahlen-von-statistik-austria\/#breadcrumb\",\"itemListElement\":[{\"@type\":\"ListItem\",\"position\":1,\"name\":\"Home\",\"item\":\"https:\/\/now-news.de\/de\/\"},{\"@type\":\"ListItem\",\"position\":2,\"name\":\"Geburtenr\u00fcckgang nach Impfung auch in \u00d6sterreich? MFG fordert Zahlen von Statistik Austria\"}]},{\"@type\":\"WebSite\",\"@id\":\"https:\/\/now-news.de\/de\/#website\",\"url\":\"https:\/\/now-news.de\/de\/\",\"name\":\"just-now.NEWS Deutschland\",\"description\":\"Das Portal f\u00fcr unzensierte Nachrichten aus der Welt\",\"publisher\":{\"@id\":\"https:\/\/now-news.de\/de\/#organization\"},\"potentialAction\":[{\"@type\":\"SearchAction\",\"target\":{\"@type\":\"EntryPoint\",\"urlTemplate\":\"https:\/\/now-news.de\/de\/?s={search_term_string}\"},\"query-input\":\"required name=search_term_string\"}],\"inLanguage\":\"de\"},{\"@type\":\"Organization\",\"@id\":\"https:\/\/now-news.de\/de\/#organization\",\"name\":\"Just Now News\",\"url\":\"https:\/\/now-news.de\/de\/\",\"logo\":{\"@type\":\"ImageObject\",\"inLanguage\":\"de\",\"@id\":\"https:\/\/now-news.de\/de\/#\/schema\/logo\/image\/\",\"url\":\"http:\/\/just-now.news\/de\/wp-content\/uploads\/sites\/3\/2022\/04\/logo500x500.jpg\",\"contentUrl\":\"http:\/\/just-now.news\/de\/wp-content\/uploads\/sites\/3\/2022\/04\/logo500x500.jpg\",\"width\":500,\"height\":500,\"caption\":\"Just Now News\"},\"image\":{\"@id\":\"https:\/\/now-news.de\/de\/#\/schema\/logo\/image\/\"},\"sameAs\":[\"https:\/\/www.facebook.com\/wirmachenauf\",\"https:\/\/x.com\/WirMachenAuf_de\"]},{\"@type\":\"Person\",\"@id\":\"https:\/\/now-news.de\/de\/#\/schema\/person\/fb534a4e865501d8b3285208df34a9b5\",\"name\":\"rtnews\",\"image\":{\"@type\":\"ImageObject\",\"inLanguage\":\"de\",\"@id\":\"https:\/\/now-news.de\/de\/#\/schema\/person\/image\/\",\"url\":\"https:\/\/secure.gravatar.com\/avatar\/82aafea7d8127119dd649515f56e2117?s=96&d=mm&r=g\",\"contentUrl\":\"https:\/\/secure.gravatar.com\/avatar\/82aafea7d8127119dd649515f56e2117?s=96&d=mm&r=g\",\"caption\":\"rtnews\"},\"url\":\"https:\/\/now-news.de\/de\/author\/rnews\/\"}]}<\/script>\n<!-- \/ Yoast SEO Premium plugin. -->","yoast_head_json":{"title":"Geburtenr\u00fcckgang nach Impfung auch in \u00d6sterreich? MFG fordert Zahlen von Statistik Austria - just-now.NEWS Deutschland","robots":{"index":"index","follow":"follow","max-snippet":"max-snippet:-1","max-image-preview":"max-image-preview:large","max-video-preview":"max-video-preview:-1"},"canonical":"https:\/\/now-news.de\/de\/deutschland\/geburtenrueckgang-nach-impfung-auch-in-oesterreich-mfg-fordert-zahlen-von-statistik-austria\/","og_locale":"de_DE","og_type":"article","og_title":"Geburtenr\u00fcckgang nach Impfung auch in \u00d6sterreich? MFG fordert Zahlen von Statistik Austria","og_description":"Aktuelle Statistiken belegen die weiterhin auff\u00e4llige Tatsache zu beobachtender Geburtenr\u00fcckg\u00e4nge im Jahresvergleich zu dem Durchschnitt der Jahre 2019 bis 2021, so in Deutschland und der Schweiz. Die Kleinpartei MFG fordert nun die Statistik Austria auf, endlich Zahlen f\u00fcr \u00d6sterreich vorzulegen. Der Presseinformationsdienst OTS zitiert Dr. Christian Fiala, Gyn\u00e4kologe und Vizevorsitzender der \u00f6sterreichischen Kleinpartei MFG\u2013\u00d6sterreich Menschen [&hellip;]","og_url":"https:\/\/now-news.de\/de\/deutschland\/geburtenrueckgang-nach-impfung-auch-in-oesterreich-mfg-fordert-zahlen-von-statistik-austria\/","og_site_name":"just-now.NEWS Deutschland","article_publisher":"https:\/\/www.facebook.com\/wirmachenauf","article_published_time":"2022-08-19T12:18:41+00:00","og_image":[{"width":460,"height":259,"url":"https:\/\/now-news.de\/de\/wp-content\/uploads\/sites\/3\/2022\/08\/Geburtenrueckgang-nach-Impfung-auch-in-Oesterreich-MFG-fordert-Zahlen-von.jpg","type":"image\/jpeg"}],"author":"rtnews","twitter_card":"summary_large_image","twitter_creator":"@WirMachenAuf_de","twitter_site":"@WirMachenAuf_de","twitter_misc":{"Verfasst von":"rtnews","Gesch\u00e4tzte Lesezeit":"4\u00a0Minuten"},"schema":{"@context":"https:\/\/schema.org","@graph":[{"@type":"Article","@id":"https:\/\/now-news.de\/de\/deutschland\/geburtenrueckgang-nach-impfung-auch-in-oesterreich-mfg-fordert-zahlen-von-statistik-austria\/#article","isPartOf":{"@id":"https:\/\/now-news.de\/de\/deutschland\/geburtenrueckgang-nach-impfung-auch-in-oesterreich-mfg-fordert-zahlen-von-statistik-austria\/"},"author":{"name":"rtnews","@id":"https:\/\/now-news.de\/de\/#\/schema\/person\/fb534a4e865501d8b3285208df34a9b5"},"headline":"Geburtenr\u00fcckgang nach Impfung auch in \u00d6sterreich? MFG fordert Zahlen von Statistik Austria","datePublished":"2022-08-19T12:18:41+00:00","dateModified":"2022-08-19T12:18:41+00:00","mainEntityOfPage":{"@id":"https:\/\/now-news.de\/de\/deutschland\/geburtenrueckgang-nach-impfung-auch-in-oesterreich-mfg-fordert-zahlen-von-statistik-austria\/"},"wordCount":720,"commentCount":0,"publisher":{"@id":"https:\/\/now-news.de\/de\/#organization"},"image":{"@id":"https:\/\/now-news.de\/de\/deutschland\/geburtenrueckgang-nach-impfung-auch-in-oesterreich-mfg-fordert-zahlen-von-statistik-austria\/#primaryimage"},"thumbnailUrl":"https:\/\/now-news.de\/de\/wp-content\/uploads\/sites\/3\/2022\/08\/Geburtenrueckgang-nach-Impfung-auch-in-Oesterreich-MFG-fordert-Zahlen-von.jpg","keywords":["auch","Austria","fordert","Geburtenr\u00fcckgang","impfung","MFG","nach","\u00d6sterreich","Statistik","von","zahlen"],"articleSection":["Deutschland","Russland"],"inLanguage":"de","potentialAction":[{"@type":"CommentAction","name":"Comment","target":["https:\/\/now-news.de\/de\/deutschland\/geburtenrueckgang-nach-impfung-auch-in-oesterreich-mfg-fordert-zahlen-von-statistik-austria\/#respond"]}]},{"@type":"WebPage","@id":"https:\/\/now-news.de\/de\/deutschland\/geburtenrueckgang-nach-impfung-auch-in-oesterreich-mfg-fordert-zahlen-von-statistik-austria\/","url":"https:\/\/now-news.de\/de\/deutschland\/geburtenrueckgang-nach-impfung-auch-in-oesterreich-mfg-fordert-zahlen-von-statistik-austria\/","name":"Geburtenr\u00fcckgang nach Impfung auch in \u00d6sterreich? MFG fordert Zahlen von Statistik Austria - just-now.NEWS Deutschland","isPartOf":{"@id":"https:\/\/now-news.de\/de\/#website"},"primaryImageOfPage":{"@id":"https:\/\/now-news.de\/de\/deutschland\/geburtenrueckgang-nach-impfung-auch-in-oesterreich-mfg-fordert-zahlen-von-statistik-austria\/#primaryimage"},"image":{"@id":"https:\/\/now-news.de\/de\/deutschland\/geburtenrueckgang-nach-impfung-auch-in-oesterreich-mfg-fordert-zahlen-von-statistik-austria\/#primaryimage"},"thumbnailUrl":"https:\/\/now-news.de\/de\/wp-content\/uploads\/sites\/3\/2022\/08\/Geburtenrueckgang-nach-Impfung-auch-in-Oesterreich-MFG-fordert-Zahlen-von.jpg","datePublished":"2022-08-19T12:18:41+00:00","dateModified":"2022-08-19T12:18:41+00:00","breadcrumb":{"@id":"https:\/\/now-news.de\/de\/deutschland\/geburtenrueckgang-nach-impfung-auch-in-oesterreich-mfg-fordert-zahlen-von-statistik-austria\/#breadcrumb"},"inLanguage":"de","potentialAction":[{"@type":"ReadAction","target":["https:\/\/now-news.de\/de\/deutschland\/geburtenrueckgang-nach-impfung-auch-in-oesterreich-mfg-fordert-zahlen-von-statistik-austria\/"]}]},{"@type":"ImageObject","inLanguage":"de","@id":"https:\/\/now-news.de\/de\/deutschland\/geburtenrueckgang-nach-impfung-auch-in-oesterreich-mfg-fordert-zahlen-von-statistik-austria\/#primaryimage","url":"https:\/\/now-news.de\/de\/wp-content\/uploads\/sites\/3\/2022\/08\/Geburtenrueckgang-nach-Impfung-auch-in-Oesterreich-MFG-fordert-Zahlen-von.jpg","contentUrl":"https:\/\/now-news.de\/de\/wp-content\/uploads\/sites\/3\/2022\/08\/Geburtenrueckgang-nach-Impfung-auch-in-Oesterreich-MFG-fordert-Zahlen-von.jpg","width":460,"height":259,"caption":"Geburtenr\u00fcckgang nach Impfung auch in \u00d6sterreich? MFG fordert Zahlen von Statistik Austria"},{"@type":"BreadcrumbList","@id":"https:\/\/now-news.de\/de\/deutschland\/geburtenrueckgang-nach-impfung-auch-in-oesterreich-mfg-fordert-zahlen-von-statistik-austria\/#breadcrumb","itemListElement":[{"@type":"ListItem","position":1,"name":"Home","item":"https:\/\/now-news.de\/de\/"},{"@type":"ListItem","position":2,"name":"Geburtenr\u00fcckgang nach Impfung auch in \u00d6sterreich? MFG fordert Zahlen von Statistik Austria"}]},{"@type":"WebSite","@id":"https:\/\/now-news.de\/de\/#website","url":"https:\/\/now-news.de\/de\/","name":"just-now.NEWS Deutschland","description":"Das Portal f\u00fcr unzensierte Nachrichten aus der Welt","publisher":{"@id":"https:\/\/now-news.de\/de\/#organization"},"potentialAction":[{"@type":"SearchAction","target":{"@type":"EntryPoint","urlTemplate":"https:\/\/now-news.de\/de\/?s={search_term_string}"},"query-input":"required name=search_term_string"}],"inLanguage":"de"},{"@type":"Organization","@id":"https:\/\/now-news.de\/de\/#organization","name":"Just Now News","url":"https:\/\/now-news.de\/de\/","logo":{"@type":"ImageObject","inLanguage":"de","@id":"https:\/\/now-news.de\/de\/#\/schema\/logo\/image\/","url":"http:\/\/just-now.news\/de\/wp-content\/uploads\/sites\/3\/2022\/04\/logo500x500.jpg","contentUrl":"http:\/\/just-now.news\/de\/wp-content\/uploads\/sites\/3\/2022\/04\/logo500x500.jpg","width":500,"height":500,"caption":"Just Now News"},"image":{"@id":"https:\/\/now-news.de\/de\/#\/schema\/logo\/image\/"},"sameAs":["https:\/\/www.facebook.com\/wirmachenauf","https:\/\/x.com\/WirMachenAuf_de"]},{"@type":"Person","@id":"https:\/\/now-news.de\/de\/#\/schema\/person\/fb534a4e865501d8b3285208df34a9b5","name":"rtnews","image":{"@type":"ImageObject","inLanguage":"de","@id":"https:\/\/now-news.de\/de\/#\/schema\/person\/image\/","url":"https:\/\/secure.gravatar.com\/avatar\/82aafea7d8127119dd649515f56e2117?s=96&d=mm&r=g","contentUrl":"https:\/\/secure.gravatar.com\/avatar\/82aafea7d8127119dd649515f56e2117?s=96&d=mm&r=g","caption":"rtnews"},"url":"https:\/\/now-news.de\/de\/author\/rnews\/"}]}},"_links":{"self":[{"href":"https:\/\/now-news.de\/de\/wp-json\/wp\/v2\/posts\/17255"}],"collection":[{"href":"https:\/\/now-news.de\/de\/wp-json\/wp\/v2\/posts"}],"about":[{"href":"https:\/\/now-news.de\/de\/wp-json\/wp\/v2\/types\/post"}],"author":[{"embeddable":true,"href":"https:\/\/now-news.de\/de\/wp-json\/wp\/v2\/users\/3"}],"replies":[{"embeddable":true,"href":"https:\/\/now-news.de\/de\/wp-json\/wp\/v2\/comments?post=17255"}],"version-history":[{"count":0,"href":"https:\/\/now-news.de\/de\/wp-json\/wp\/v2\/posts\/17255\/revisions"}],"wp:featuredmedia":[{"embeddable":true,"href":"https:\/\/now-news.de\/de\/wp-json\/wp\/v2\/media\/17256"}],"wp:attachment":[{"href":"https:\/\/now-news.de\/de\/wp-json\/wp\/v2\/media?parent=17255"}],"wp:term":[{"taxonomy":"category","embeddable":true,"href":"https:\/\/now-news.de\/de\/wp-json\/wp\/v2\/categories?post=17255"},{"taxonomy":"post_tag","embeddable":true,"href":"https:\/\/now-news.de\/de\/wp-json\/wp\/v2\/tags?post=17255"}],"curies":[{"name":"wp","href":"https:\/\/api.w.org\/{rel}","templated":true}]}}