{"id":17223,"date":"2022-08-19T06:45:00","date_gmt":"2022-08-19T04:45:00","guid":{"rendered":"http:\/\/just-now.news\/de\/deutschland\/teilnehmer-der-koelner-satire-demo-bedanken-sich-fuer-die-corona-politik-fotoreihe\/"},"modified":"2022-08-19T06:45:00","modified_gmt":"2022-08-19T04:45:00","slug":"teilnehmer-der-koelner-satire-demo-bedanken-sich-fuer-die-corona-politik-fotoreihe","status":"publish","type":"post","link":"https:\/\/now-news.de\/de\/deutschland\/teilnehmer-der-koelner-satire-demo-bedanken-sich-fuer-die-corona-politik-fotoreihe\/","title":{"rendered":"Teilnehmer der K\u00f6lner Satire-Demo &quot;bedanken&quot; sich f\u00fcr die Corona-Politik (Fotoreihe)"},"content":{"rendered":"<div class=\"Text-root Text-type_1 \">\n                Auf der satirischen &#8220;Danke Demo K\u00f6ln&#8221; verliehen am Mittwoch sowohl Redner als auch Teilnehmer ihrem Protest gegen die Corona-Politik mit Witz und Humor Ausdruck. Dabei kam neben den Corona-Ma\u00dfnahmen auch die Sanktions- und Energiepolitik der Regierung zur Sprache. RT DE dokumentiert die Demo mit vielen Fotos.\n            <\/div>\n<p><\/p>\n<div class=\"Text-root Text-type_5 ArticleView-text ViewText-root \">\n<p>F\u00fcr Mittwochabend hatte die Initiative &#8220;Danke Demo K\u00f6ln&#8221; in Kooperation mit den Initiativen &#8220;APO D\u00fcsseldorf&#8221; und &#8220;K\u00f6ln ist aktiv&#8221; zu einer gemeinsamen Satire-Demo unter dem Motto &#8220;Wir sagen Danke f\u00fcr die Coronapolitik!&#8221; in K\u00f6ln aufgerufen.<\/p>\n<figure class=\"RTImage-root\">\n<div class=\"RTImage-image RTImage-original\"><picture class=\"Picture-root Picture-original\"><!--[if IE 9]><video style=\"display: none;\"><![endif]--><source media=\"(-webkit-min-device-pixel-ratio: 2) and (min-resolution: 120dpi)\" data-srcset=\" \nhttp:\/\/just-now.news\/de\/wp-content\/uploads\/sites\/3\/2022\/08\/62fe2be2b480cc54521cccef.JPG 850w,\n                http:\/\/just-now.news\/de\/wp-content\/uploads\/sites\/3\/2022\/08\/62fe2be2b480cc54521cccef.JPG 1960w,\n            \" ><source data-srcset=\" \nhttp:\/\/just-now.news\/de\/wp-content\/uploads\/sites\/3\/2022\/08\/62fe2be2b480cc54521cccef.JPG 460w,\n              http:\/\/just-now.news\/de\/wp-content\/uploads\/sites\/3\/2022\/08\/62fe2be2b480cc54521cccef.JPG 980w,\n            \" ><!--[if IE 9]><\/video><![endif]--><img decoding=\"async\" data- src=\"data:image\/png;base64,iVBORw0KGgoAAAANSUhEUgAAABAAAAAJCAQAAACRI2S5AAAAEElEQVR42mNkIAAYRxWAAQAG9gAKqv6+AwAAAABJRU5ErkJggg==\" class=\"Picture-root Picture-original lazyload\" data-src=\"http:\/\/just-now.news\/de\/wp-content\/uploads\/sites\/3\/2022\/08\/62fe2be2b480cc54521cccef.JPG\" alt=\"\"><\/source><\/source><\/picture><!-- noscript pattern --><noscript><img decoding=\"async\" src=\"http:\/\/just-now.news\/de\/wp-content\/uploads\/sites\/3\/2022\/08\/62fe2be2b480cc54521cccef.JPG\" alt=\"\"><\/noscript><\/div><figcaption class=\"RTImage-footer\"><span class=\"RTImage-caption\"><span class=\"RTImage-captionItem\">&#8220;Egal, was auch passiert&#8221; Plakat auf der K\u00f6lner Satire Demo, 17.08.2022<\/span><\/span><span class=\"RTImage-source\"><span class=\"RTImage-captionItem\">Felicitas Rabe<\/span><\/span><\/figcaption><\/figure>\n<p>Circa 500 Teilnehmer beteiligten sich mit vielerlei satirischen Dankesschildern und Transparenten am humorvollen Protest gegen die Corona-Politik der Regierung. Den Veranstaltern war es ein Anliegen, den Widerstand auch im Sommer aufrechtzuerhalten, in dem man von Ma\u00dfnahmen eher verschont geblieben war.<\/p>\n<figure class=\"RTImage-root\">\n<div class=\"RTImage-image RTImage-original\"><picture class=\"Picture-root Picture-original\"><!--[if IE 9]><video style=\"display: none;\"><![endif]--><source media=\"(-webkit-min-device-pixel-ratio: 2) and (min-resolution: 120dpi)\" data-srcset=\" \nhttp:\/\/just-now.news\/de\/wp-content\/uploads\/sites\/3\/2022\/08\/62fe2ca948fbef68c67a8f1d.JPG 850w,\n                http:\/\/just-now.news\/de\/wp-content\/uploads\/sites\/3\/2022\/08\/62fe2ca948fbef68c67a8f1d.JPG 1960w,\n            \" ><source data-srcset=\" \nhttp:\/\/just-now.news\/de\/wp-content\/uploads\/sites\/3\/2022\/08\/62fe2ca948fbef68c67a8f1d.JPG 460w,\n              http:\/\/just-now.news\/de\/wp-content\/uploads\/sites\/3\/2022\/08\/62fe2ca948fbef68c67a8f1d.JPG 980w,\n            \" ><!--[if IE 9]><\/video><![endif]--><img decoding=\"async\" data- src=\"data:image\/png;base64,iVBORw0KGgoAAAANSUhEUgAAABAAAAAJCAQAAACRI2S5AAAAEElEQVR42mNkIAAYRxWAAQAG9gAKqv6+AwAAAABJRU5ErkJggg==\" class=\"Picture-root Picture-original lazyload\" data-src=\"http:\/\/just-now.news\/de\/wp-content\/uploads\/sites\/3\/2022\/08\/62fe2ca948fbef68c67a8f1d.JPG\" alt=\"\"><\/source><\/source><\/picture><!-- noscript pattern --><noscript><img decoding=\"async\" src=\"http:\/\/just-now.news\/de\/wp-content\/uploads\/sites\/3\/2022\/08\/62fe2ca948fbef68c67a8f1d.JPG\" alt=\"\"><\/noscript><\/div><figcaption class=\"RTImage-footer\"><span class=\"RTImage-caption\"><span class=\"RTImage-captionItem\">Ein Plakat auf der K\u00f6lner Satire-Demo am 17. August 2022<\/span><\/span><span class=\"RTImage-source\"><span class=\"RTImage-captionItem\">Felicitas Rabe<\/span><\/span><\/figcaption><\/figure>\n<p>Mittels kontinuierlicher Pr\u00e4senz der Ma\u00dfnahmenkritiker wolle man dazu beitragen, dass der Protest gegen\u00fcber Politik und Medien auch bei sommerlicher &#8220;Gew\u00e4hrung&#8221; von Grundrechten nicht einschlafe.<\/p>\n<figure class=\"RTImage-root\">\n<div class=\"RTImage-image RTImage-original\"><picture class=\"Picture-root Picture-original\"><!--[if IE 9]><video style=\"display: none;\"><![endif]--><source media=\"(-webkit-min-device-pixel-ratio: 2) and (min-resolution: 120dpi)\" data-srcset=\" \nhttp:\/\/just-now.news\/de\/wp-content\/uploads\/sites\/3\/2022\/08\/62fe2d3248fbef66cd1f5b2d.JPG 850w,\n                http:\/\/just-now.news\/de\/wp-content\/uploads\/sites\/3\/2022\/08\/62fe2d3248fbef66cd1f5b2d.JPG 1960w,\n            \" ><source data-srcset=\" \nhttp:\/\/just-now.news\/de\/wp-content\/uploads\/sites\/3\/2022\/08\/62fe2d3248fbef66cd1f5b2d.JPG 460w,\n              http:\/\/just-now.news\/de\/wp-content\/uploads\/sites\/3\/2022\/08\/62fe2d3248fbef66cd1f5b2d.JPG 980w,\n            \" ><!--[if IE 9]><\/video><![endif]--><img decoding=\"async\" data- src=\"data:image\/png;base64,iVBORw0KGgoAAAANSUhEUgAAABAAAAAJCAQAAACRI2S5AAAAEElEQVR42mNkIAAYRxWAAQAG9gAKqv6+AwAAAABJRU5ErkJggg==\" class=\"Picture-root Picture-original lazyload\" data-src=\"http:\/\/just-now.news\/de\/wp-content\/uploads\/sites\/3\/2022\/08\/62fe2d3248fbef66cd1f5b2d.JPG\" alt=\"\"><\/source><\/source><\/picture><!-- noscript pattern --><noscript><img decoding=\"async\" src=\"http:\/\/just-now.news\/de\/wp-content\/uploads\/sites\/3\/2022\/08\/62fe2d3248fbef66cd1f5b2d.JPG\" alt=\"\"><\/noscript><\/div><figcaption class=\"RTImage-footer\"><span class=\"RTImage-caption\"><span class=\"RTImage-captionItem\">Ein Plakat auf der K\u00f6lner Satire-Demo am 17. August 2022<\/span><\/span><span class=\"RTImage-source\"><span class=\"RTImage-captionItem\">Felicitas Rabe<\/span><\/span><\/figcaption><\/figure>\n<p>Bei der Anfangskundgebung am K\u00f6lner Rudolfplatz freuten sich die Veranstalter, dass Hunderte von Menschen ihrem Aufruf an einem Wochentag gefolgt sind. In ihrer Rede erl\u00e4uterten sie das Satire-Motto der Danke-Demo mit einem Zitat von Kurt Tucholsky: Demnach sei &#8220;Satire der Humor, der die Geduld verloren hat&#8221;. Denn nach zweieinhalb Jahren Cancel Culture, Diffamierungen, Ausgrenzungen und Zensur und vielem mehr habe man mittlerweile die Geduld mit der Politik verloren.<\/p>\n<figure class=\"RTImage-root\">\n<div class=\"RTImage-image RTImage-original\"><picture class=\"Picture-root Picture-original\"><!--[if IE 9]><video style=\"display: none;\"><![endif]--><source media=\"(-webkit-min-device-pixel-ratio: 2) and (min-resolution: 120dpi)\" data-srcset=\" \nhttp:\/\/just-now.news\/de\/wp-content\/uploads\/sites\/3\/2022\/08\/62fe2dc448fbef6c5f0a28fd.JPG 850w,\n                http:\/\/just-now.news\/de\/wp-content\/uploads\/sites\/3\/2022\/08\/62fe2dc448fbef6c5f0a28fd.JPG 1960w,\n            \" ><source data-srcset=\" \nhttp:\/\/just-now.news\/de\/wp-content\/uploads\/sites\/3\/2022\/08\/62fe2dc448fbef6c5f0a28fd.JPG 460w,\n              http:\/\/just-now.news\/de\/wp-content\/uploads\/sites\/3\/2022\/08\/62fe2dc448fbef6c5f0a28fd.JPG 980w,\n            \" ><!--[if IE 9]><\/video><![endif]--><img decoding=\"async\" data- src=\"data:image\/png;base64,iVBORw0KGgoAAAANSUhEUgAAABAAAAAJCAQAAACRI2S5AAAAEElEQVR42mNkIAAYRxWAAQAG9gAKqv6+AwAAAABJRU5ErkJggg==\" class=\"Picture-root Picture-original lazyload\" data-src=\"http:\/\/just-now.news\/de\/wp-content\/uploads\/sites\/3\/2022\/08\/62fe2dc448fbef6c5f0a28fd.JPG\" alt=\"\"><\/source><\/source><\/picture><!-- noscript pattern --><noscript><img decoding=\"async\" src=\"http:\/\/just-now.news\/de\/wp-content\/uploads\/sites\/3\/2022\/08\/62fe2dc448fbef6c5f0a28fd.JPG\" alt=\"\"><\/noscript><\/div><figcaption class=\"RTImage-footer\"><span class=\"RTImage-caption\"><span class=\"RTImage-captionItem\">Ein Plakat auf der K\u00f6lner Satire-Demo am 17. August 2022<\/span><\/span><span class=\"RTImage-source\"><span class=\"RTImage-captionItem\">Felicitas Rabe<\/span><\/span><\/figcaption><\/figure>\n<p>Die Veranstalterin bezog sich auch auf die Politikwissenschaftlerin Ulrike Gu\u00e9rot, die zuletzt in Bezug auf die Corona-Ma\u00dfnahmen ge\u00e4u\u00dfert habe, dass hier die demokratische Basis unserer Gesellschaft auf dem Spiel stehe. Wenn der freie Diskurs nicht mehr gew\u00fcnscht sei und Meinungen nicht mehr ge\u00e4u\u00dfert w\u00fcrden, widerspreche das den Grundpfeilern der Demokratie. Das Eingangsstatement endete mit der Frage, wann man sich endlich wieder auf die Werte der Aufkl\u00e4rung und das Recht besinne, sich gem\u00e4\u00df seines eigenen Verstands zu verhalten.<\/p>\n<figure class=\"RTImage-root\">\n<div class=\"RTImage-image RTImage-original\"><picture class=\"Picture-root Picture-original\"><!--[if IE 9]><video style=\"display: none;\"><![endif]--><source media=\"(-webkit-min-device-pixel-ratio: 2) and (min-resolution: 120dpi)\" data-srcset=\" \nhttp:\/\/just-now.news\/de\/wp-content\/uploads\/sites\/3\/2022\/08\/62fe2e77b480cc53760a777d.JPG 850w,\n                http:\/\/just-now.news\/de\/wp-content\/uploads\/sites\/3\/2022\/08\/62fe2e77b480cc53760a777d.JPG 1960w,\n            \" ><source data-srcset=\" \nhttp:\/\/just-now.news\/de\/wp-content\/uploads\/sites\/3\/2022\/08\/62fe2e77b480cc53760a777d.JPG 460w,\n              http:\/\/just-now.news\/de\/wp-content\/uploads\/sites\/3\/2022\/08\/62fe2e77b480cc53760a777d.JPG 980w,\n            \" ><!--[if IE 9]><\/video><![endif]--><img decoding=\"async\" data- src=\"data:image\/png;base64,iVBORw0KGgoAAAANSUhEUgAAABAAAAAJCAQAAACRI2S5AAAAEElEQVR42mNkIAAYRxWAAQAG9gAKqv6+AwAAAABJRU5ErkJggg==\" class=\"Picture-root Picture-original lazyload\" data-src=\"http:\/\/just-now.news\/de\/wp-content\/uploads\/sites\/3\/2022\/08\/62fe2e77b480cc53760a777d.JPG\" alt=\"\"><\/source><\/source><\/picture><!-- noscript pattern --><noscript><img decoding=\"async\" src=\"http:\/\/just-now.news\/de\/wp-content\/uploads\/sites\/3\/2022\/08\/62fe2e77b480cc53760a777d.JPG\" alt=\"\"><\/noscript><\/div><figcaption class=\"RTImage-footer\"><span class=\"RTImage-caption\"><span class=\"RTImage-captionItem\">Ein Plakat auf der K\u00f6lner Satire-Demo am 17. August 2022<\/span><\/span><span class=\"RTImage-source\"><span class=\"RTImage-captionItem\">Felicitas Rabe<\/span><\/span><\/figcaption><\/figure>\n<p>Dass Kritik an den Medien, der Diffamierungen abweichender Meinungen und den \u00fcberbordenden Zensurma\u00dfnahmen eines der Hauptanliegen der Demo-Teilnehmer war, konnte man an den vielf\u00e4ltigen diesbez\u00fcglichen &#8220;Danksagungen&#8221; auf den Demo-Plakaten erkennen.<\/p>\n<figure class=\"RTImage-root\">\n<div class=\"RTImage-image RTImage-original\"><picture class=\"Picture-root Picture-original\"><!--[if IE 9]><video style=\"display: none;\"><![endif]--><source media=\"(-webkit-min-device-pixel-ratio: 2) and (min-resolution: 120dpi)\" data-srcset=\" \nhttp:\/\/just-now.news\/de\/wp-content\/uploads\/sites\/3\/2022\/08\/62fe2ef648fbef673f460b13.JPG 850w,\n                http:\/\/just-now.news\/de\/wp-content\/uploads\/sites\/3\/2022\/08\/62fe2ef648fbef673f460b13.JPG 1960w,\n            \" ><source data-srcset=\" \nhttp:\/\/just-now.news\/de\/wp-content\/uploads\/sites\/3\/2022\/08\/62fe2ef648fbef673f460b13.JPG 460w,\n              http:\/\/just-now.news\/de\/wp-content\/uploads\/sites\/3\/2022\/08\/62fe2ef648fbef673f460b13.JPG 980w,\n            \" ><!--[if IE 9]><\/video><![endif]--><img decoding=\"async\" data- src=\"data:image\/png;base64,iVBORw0KGgoAAAANSUhEUgAAABAAAAAJCAQAAACRI2S5AAAAEElEQVR42mNkIAAYRxWAAQAG9gAKqv6+AwAAAABJRU5ErkJggg==\" class=\"Picture-root Picture-original lazyload\" data-src=\"http:\/\/just-now.news\/de\/wp-content\/uploads\/sites\/3\/2022\/08\/62fe2ef648fbef673f460b13.JPG\" alt=\"\"><\/source><\/source><\/picture><!-- noscript pattern --><noscript><img decoding=\"async\" src=\"http:\/\/just-now.news\/de\/wp-content\/uploads\/sites\/3\/2022\/08\/62fe2ef648fbef673f460b13.JPG\" alt=\"\"><\/noscript><\/div><figcaption class=\"RTImage-footer\"><span class=\"RTImage-caption\"><span class=\"RTImage-captionItem\">Ein Plakat auf der K\u00f6lner Satire-Demo am 17. August 2022<\/span><\/span><span class=\"RTImage-source\"><span class=\"RTImage-captionItem\">Felicitas Rabe<\/span><\/span><\/figcaption><\/figure>\n<p>Rechtsanwalt Markus Haintz, der als Gastredner eingeladen war, &#8220;bedankte&#8221; sich in seiner Rede unter anderem bei Gesundheitsminister Karl Lauterbach, der es geschafft habe, alles zu verkaufen, was die Pharmaindustrie habe loswerden wollen. Dann bedankte er sich auch beim Gr\u00fcnder des Weltwirtschaftsforums Klaus Schwab f\u00fcr die Einflussnahme der Teilnehmer seines &#8220;Young Global Leaders&#8221;-Programms auf die Weltpolitik. Ohne die Infiltrierung der westlichen Regierungen durch die &#8220;Young Global Leaders&#8221; w\u00e4re die Pandemie nicht m\u00f6glich gewesen, so der Rechtsanwalt.<\/p>\n<figure class=\"RTImage-root\">\n<div class=\"RTImage-image RTImage-original\"><picture class=\"Picture-root Picture-original\"><!--[if IE 9]><video style=\"display: none;\"><![endif]--><source media=\"(-webkit-min-device-pixel-ratio: 2) and (min-resolution: 120dpi)\" data-srcset=\" \nhttp:\/\/just-now.news\/de\/wp-content\/uploads\/sites\/3\/2022\/08\/62fe2f80b480cc545351a9d7.JPG 850w,\n                http:\/\/just-now.news\/de\/wp-content\/uploads\/sites\/3\/2022\/08\/62fe2f80b480cc545351a9d7.JPG 1960w,\n            \" ><source data-srcset=\" \nhttp:\/\/just-now.news\/de\/wp-content\/uploads\/sites\/3\/2022\/08\/62fe2f80b480cc545351a9d7.JPG 460w,\n              http:\/\/just-now.news\/de\/wp-content\/uploads\/sites\/3\/2022\/08\/62fe2f80b480cc545351a9d7.JPG 980w,\n            \" ><!--[if IE 9]><\/video><![endif]--><img decoding=\"async\" data- src=\"data:image\/png;base64,iVBORw0KGgoAAAANSUhEUgAAABAAAAAJCAQAAACRI2S5AAAAEElEQVR42mNkIAAYRxWAAQAG9gAKqv6+AwAAAABJRU5ErkJggg==\" class=\"Picture-root Picture-original lazyload\" data-src=\"http:\/\/just-now.news\/de\/wp-content\/uploads\/sites\/3\/2022\/08\/62fe2f80b480cc545351a9d7.JPG\" alt=\"\"><\/source><\/source><\/picture><!-- noscript pattern --><noscript><img decoding=\"async\" src=\"http:\/\/just-now.news\/de\/wp-content\/uploads\/sites\/3\/2022\/08\/62fe2f80b480cc545351a9d7.JPG\" alt=\"\"><\/noscript><\/div><figcaption class=\"RTImage-footer\"><span class=\"RTImage-caption\"><span class=\"RTImage-captionItem\">Plakate auf der K\u00f6lner Satire-Demo am 17. August 2022<\/span><\/span><span class=\"RTImage-source\"><span class=\"RTImage-captionItem\">Felicitas Rabe<\/span><\/span><\/figcaption><\/figure>\n<p>Sein besonderer Dank galt schlie\u00dflich auch den Medien f\u00fcr deren freiwillige Gleichschaltung. An der Stelle dankte er auch allen, die die Zensurma\u00dfnahmen konsequent durchgezogen h\u00e4tten \u2013 denn &#8220;eine Meinung ist genug in einer Demokratie&#8221;.<\/p>\n<p>Den Staatsanwaltschaften dankte er f\u00fcr ihre &#8220;Hexenjagd&#8221; auf \u00c4rzte und Patienten, die sich dem Corona-Diktat nicht h\u00e4tten beugen wollen, und diesbez\u00fcglich f\u00fcr das &#8220;Verdienst&#8221; der Staatsanwaltschaften, die vielen Hausdurchsuchungsbefehle anzuordnen.<\/p>\n<figure class=\"RTImage-root\">\n<div class=\"RTImage-image RTImage-original\"><picture class=\"Picture-root Picture-original\"><!--[if IE 9]><video style=\"display: none;\"><![endif]--><source media=\"(-webkit-min-device-pixel-ratio: 2) and (min-resolution: 120dpi)\" data-srcset=\" \nhttp:\/\/just-now.news\/de\/wp-content\/uploads\/sites\/3\/2022\/08\/62fe311948fbef689e646dd1.png 850w,\n                http:\/\/just-now.news\/de\/wp-content\/uploads\/sites\/3\/2022\/08\/62fe311948fbef689e646dd1.png 1960w,\n            \" ><source data-srcset=\" \nhttp:\/\/just-now.news\/de\/wp-content\/uploads\/sites\/3\/2022\/08\/62fe311948fbef689e646dd1.png 460w,\n              http:\/\/just-now.news\/de\/wp-content\/uploads\/sites\/3\/2022\/08\/62fe311948fbef689e646dd1.png 980w,\n            \" ><!--[if IE 9]><\/video><![endif]--><img decoding=\"async\" data- src=\"data:image\/png;base64,iVBORw0KGgoAAAANSUhEUgAAABAAAAAJCAQAAACRI2S5AAAAEElEQVR42mNkIAAYRxWAAQAG9gAKqv6+AwAAAABJRU5ErkJggg==\" class=\"Picture-root Picture-original lazyload\" data-src=\"http:\/\/just-now.news\/de\/wp-content\/uploads\/sites\/3\/2022\/08\/62fe311948fbef689e646dd1.png\" alt=\"\"><\/source><\/source><\/picture><!-- noscript pattern --><noscript><img decoding=\"async\" src=\"http:\/\/just-now.news\/de\/wp-content\/uploads\/sites\/3\/2022\/08\/62fe311948fbef689e646dd1.png\" alt=\"\"><\/noscript><\/div><figcaption class=\"RTImage-footer\"><span class=\"RTImage-caption\"><span class=\"RTImage-captionItem\">Ein T-Shirt auf der K\u00f6lner Satire-Demo am 17. August 2022<\/span><\/span><span class=\"RTImage-source\"><span class=\"RTImage-captionItem\">Felicitas Rabe<\/span><\/span><\/figcaption><\/figure>\n<p>Im Gespr\u00e4ch mit <em>RT<\/em> teilte Haintz, Gr\u00fcndungsmitglied der Anw\u00e4lte f\u00fcr Aufkl\u00e4rung, mit, dass ihm der satirische Ansatz dieser K\u00f6lner Demonstration schon deshalb gefalle, weil man das Ganze auch mit Humor sehen sollte. &#8220;Au\u00dferdem geht es gerade darum, im Sommer, wenn nicht viel los ist, weiterhin pr\u00e4sent zu bleiben und Gesicht zu zeigen.&#8221;<\/p>\n<figure class=\"RTImage-root\">\n<div class=\"RTImage-image RTImage-original\"><picture class=\"Picture-root Picture-original\"><!--[if IE 9]><video style=\"display: none;\"><![endif]--><source media=\"(-webkit-min-device-pixel-ratio: 2) and (min-resolution: 120dpi)\" data-srcset=\" \nhttp:\/\/just-now.news\/de\/wp-content\/uploads\/sites\/3\/2022\/08\/62fe3184b480cc564833d795.JPG 850w,\n                http:\/\/just-now.news\/de\/wp-content\/uploads\/sites\/3\/2022\/08\/62fe3184b480cc564833d795.JPG 1960w,\n            \" ><source data-srcset=\" \nhttp:\/\/just-now.news\/de\/wp-content\/uploads\/sites\/3\/2022\/08\/62fe3184b480cc564833d795.JPG 460w,\n              http:\/\/just-now.news\/de\/wp-content\/uploads\/sites\/3\/2022\/08\/62fe3184b480cc564833d795.JPG 980w,\n            \" ><!--[if IE 9]><\/video><![endif]--><img decoding=\"async\" data- src=\"data:image\/png;base64,iVBORw0KGgoAAAANSUhEUgAAABAAAAAJCAQAAACRI2S5AAAAEElEQVR42mNkIAAYRxWAAQAG9gAKqv6+AwAAAABJRU5ErkJggg==\" class=\"Picture-root Picture-original lazyload\" data-src=\"http:\/\/just-now.news\/de\/wp-content\/uploads\/sites\/3\/2022\/08\/62fe3184b480cc564833d795.JPG\" alt=\"\"><\/source><\/source><\/picture><!-- noscript pattern --><noscript><img decoding=\"async\" src=\"http:\/\/just-now.news\/de\/wp-content\/uploads\/sites\/3\/2022\/08\/62fe3184b480cc564833d795.JPG\" alt=\"\"><\/noscript><\/div><figcaption class=\"RTImage-footer\"><span class=\"RTImage-caption\"><span class=\"RTImage-captionItem\">Ein Plakat auf der K\u00f6lner Satire-Demo am 17. August 2022<\/span><\/span><span class=\"RTImage-source\"><span class=\"RTImage-captionItem\">Felicitas Rabe<\/span><\/span><\/figcaption><\/figure>\n<p>Auf die Frage, wie er die Entwicklung in der Justiz aktuell bewerte, \u00e4u\u00dferte Haintz sich vorsichtig. Beim bayerischen OLG (Oberlandesgericht) habe es k\u00fcrzlich ein faires Urteil zum Thema \u00c4rzte und Gesundheitszeugnisse gegeben. Die Justiz stehe noch nicht vollkommen unter dem Einfluss der Politik. &#8220;Aktuell hat die Justiz wieder ein bisschen mehr Mut, auch mal gegen die Regierung zu entscheiden.&#8221; Aber es sei noch ein langer Weg.<\/p>\n<figure class=\"RTImage-root\">\n<div class=\"RTImage-image RTImage-original\"><picture class=\"Picture-root Picture-original\"><!--[if IE 9]><video style=\"display: none;\"><![endif]--><source media=\"(-webkit-min-device-pixel-ratio: 2) and (min-resolution: 120dpi)\" data-srcset=\" \nhttp:\/\/just-now.news\/de\/wp-content\/uploads\/sites\/3\/2022\/08\/62fe321c48fbef68c67a8f32.JPG 850w,\n                http:\/\/just-now.news\/de\/wp-content\/uploads\/sites\/3\/2022\/08\/62fe321c48fbef68c67a8f32.JPG 1960w,\n            \" ><source data-srcset=\" \nhttp:\/\/just-now.news\/de\/wp-content\/uploads\/sites\/3\/2022\/08\/62fe321c48fbef68c67a8f32.JPG 460w,\n              http:\/\/just-now.news\/de\/wp-content\/uploads\/sites\/3\/2022\/08\/62fe321c48fbef68c67a8f32.JPG 980w,\n            \" ><!--[if IE 9]><\/video><![endif]--><img decoding=\"async\" data- src=\"data:image\/png;base64,iVBORw0KGgoAAAANSUhEUgAAABAAAAAJCAQAAACRI2S5AAAAEElEQVR42mNkIAAYRxWAAQAG9gAKqv6+AwAAAABJRU5ErkJggg==\" class=\"Picture-root Picture-original lazyload\" data-src=\"http:\/\/just-now.news\/de\/wp-content\/uploads\/sites\/3\/2022\/08\/62fe321c48fbef68c67a8f32.JPG\" alt=\"\"><\/source><\/source><\/picture><!-- noscript pattern --><noscript><img decoding=\"async\" src=\"http:\/\/just-now.news\/de\/wp-content\/uploads\/sites\/3\/2022\/08\/62fe321c48fbef68c67a8f32.JPG\" alt=\"\"><\/noscript><\/div><figcaption class=\"RTImage-footer\"><span class=\"RTImage-caption\"><span class=\"RTImage-captionItem\">Die Wiener Musiker \u00c4on und Morgaine auf der K\u00f6lner Satire-Demo am 17. August 2022<\/span><\/span><span class=\"RTImage-source\"><span class=\"RTImage-captionItem\">Felicitas Rabe<\/span><\/span><\/figcaption><\/figure>\n<p>Der s\u00fcddeutsche Unternehmer und Aktivist Wolfgang Greulich &#8220;bedankte&#8221; sich als Gastredner bei der Regierung auch f\u00fcr ihre L\u00fcgen, die der aktuellen Gasverteuerung zugrunde l\u00e4gen und f\u00fcr die L\u00fcgen dar\u00fcber, wer angeblich den Gashahn zugedreht h\u00e4tte.<\/p>\n<p>Bei der EU in Br\u00fcssel &#8220;bedankte&#8221; er sich f\u00fcr die Einf\u00fchrung der Gasumlage und ganz &#8220;besonderen Dank&#8221; fand er f\u00fcr den Shell-Konzern, der es geschafft habe, inmitten der \u00d6lknappheit innerhalb eines Jahres seinen Gewinn von acht Milliarden Euro auf 11,5 Milliarden Euro zu steigern.<\/p>\n<figure class=\"RTImage-root\">\n<div class=\"RTImage-image RTImage-original\"><picture class=\"Picture-root Picture-original\"><!--[if IE 9]><video style=\"display: none;\"><![endif]--><source media=\"(-webkit-min-device-pixel-ratio: 2) and (min-resolution: 120dpi)\" data-srcset=\" \nhttp:\/\/just-now.news\/de\/wp-content\/uploads\/sites\/3\/2022\/08\/62fe328a48fbef68c67a8f35.JPG 850w,\n                http:\/\/just-now.news\/de\/wp-content\/uploads\/sites\/3\/2022\/08\/62fe328a48fbef68c67a8f35.JPG 1960w,\n            \" ><source data-srcset=\" \nhttp:\/\/just-now.news\/de\/wp-content\/uploads\/sites\/3\/2022\/08\/62fe328a48fbef68c67a8f35.JPG 460w,\n              http:\/\/just-now.news\/de\/wp-content\/uploads\/sites\/3\/2022\/08\/62fe328a48fbef68c67a8f35.JPG 980w,\n            \" ><!--[if IE 9]><\/video><![endif]--><img decoding=\"async\" data- src=\"data:image\/png;base64,iVBORw0KGgoAAAANSUhEUgAAABAAAAAJCAQAAACRI2S5AAAAEElEQVR42mNkIAAYRxWAAQAG9gAKqv6+AwAAAABJRU5ErkJggg==\" class=\"Picture-root Picture-original lazyload\" data-src=\"http:\/\/just-now.news\/de\/wp-content\/uploads\/sites\/3\/2022\/08\/62fe328a48fbef68c67a8f35.JPG\" alt=\"\"><\/source><\/source><\/picture><!-- noscript pattern --><noscript><img decoding=\"async\" src=\"http:\/\/just-now.news\/de\/wp-content\/uploads\/sites\/3\/2022\/08\/62fe328a48fbef68c67a8f35.JPG\" alt=\"\"><\/noscript><\/div><figcaption class=\"RTImage-footer\"><span class=\"RTImage-caption\"><span class=\"RTImage-captionItem\">Ein Plakat auf der K\u00f6lner Satire-Demo am 17. August 2022<\/span><\/span><span class=\"RTImage-source\"><span class=\"RTImage-captionItem\">Felicitas Rabe<\/span><\/span><\/figcaption><\/figure>\n<p>Angef\u00fchrt wurde die Demonstration von etwa 20 Freiheitstrommlern aus Bochum, die dem zweist\u00fcndigen Umzug durch die K\u00f6lner Innenstadt lautstark Aufmerksamkeit verliehen.\u00a0<\/p>\n<figure class=\"RTImage-root\">\n<div class=\"RTImage-image RTImage-original\"><picture class=\"Picture-root Picture-original\"><!--[if IE 9]><video style=\"display: none;\"><![endif]--><source media=\"(-webkit-min-device-pixel-ratio: 2) and (min-resolution: 120dpi)\" data-srcset=\" \nhttp:\/\/just-now.news\/de\/wp-content\/uploads\/sites\/3\/2022\/08\/62fe330e48fbef140119ec85.JPG 850w,\n                http:\/\/just-now.news\/de\/wp-content\/uploads\/sites\/3\/2022\/08\/62fe330e48fbef140119ec85.JPG 1960w,\n            \" ><source data-srcset=\" \nhttp:\/\/just-now.news\/de\/wp-content\/uploads\/sites\/3\/2022\/08\/62fe330e48fbef140119ec85.JPG 460w,\n              http:\/\/just-now.news\/de\/wp-content\/uploads\/sites\/3\/2022\/08\/62fe330e48fbef140119ec85.JPG 980w,\n            \" ><!--[if IE 9]><\/video><![endif]--><img decoding=\"async\" data- src=\"data:image\/png;base64,iVBORw0KGgoAAAANSUhEUgAAABAAAAAJCAQAAACRI2S5AAAAEElEQVR42mNkIAAYRxWAAQAG9gAKqv6+AwAAAABJRU5ErkJggg==\" class=\"Picture-root Picture-original lazyload\" data-src=\"http:\/\/just-now.news\/de\/wp-content\/uploads\/sites\/3\/2022\/08\/62fe330e48fbef140119ec85.JPG\" alt=\"\"><\/source><\/source><\/picture><!-- noscript pattern --><noscript><img decoding=\"async\" src=\"http:\/\/just-now.news\/de\/wp-content\/uploads\/sites\/3\/2022\/08\/62fe330e48fbef140119ec85.JPG\" alt=\"\"><\/noscript><\/div><figcaption class=\"RTImage-footer\"><span class=\"RTImage-caption\"><span class=\"RTImage-captionItem\">Die Bochumer Freiheitstrommler auf der K\u00f6lner Satire-Demo am 17. August 2022<\/span><\/span><span class=\"RTImage-source\"><span class=\"RTImage-captionItem\">Felicitas Rabe<\/span><\/span><\/figcaption><\/figure>\n<p>Die Musiker \u00c4on und Morgaine aus Wien, die als K\u00fcnstler \u00fcberregional f\u00fcr ihre kritische Haltung gegen\u00fcber der Corona-Politik bekannt geworden waren, waren f\u00fcr diese Protestveranstaltung extra aus Wien angereist und gaben w\u00e4hrend des Umzugs auf einer Lkw-B\u00fchne ein Live-Konzert.<\/p>\n<figure class=\"RTImage-root\">\n<div class=\"RTImage-image RTImage-original\"><picture class=\"Picture-root Picture-original\"><!--[if IE 9]><video style=\"display: none;\"><![endif]--><source media=\"(-webkit-min-device-pixel-ratio: 2) and (min-resolution: 120dpi)\" data-srcset=\" \nhttp:\/\/just-now.news\/de\/wp-content\/uploads\/sites\/3\/2022\/08\/62fe33a548fbef689e646dd8.JPG 850w,\n                http:\/\/just-now.news\/de\/wp-content\/uploads\/sites\/3\/2022\/08\/62fe33a548fbef689e646dd8.JPG 1960w,\n            \" ><source data-srcset=\" \nhttp:\/\/just-now.news\/de\/wp-content\/uploads\/sites\/3\/2022\/08\/62fe33a548fbef689e646dd8.JPG 460w,\n              http:\/\/just-now.news\/de\/wp-content\/uploads\/sites\/3\/2022\/08\/62fe33a548fbef689e646dd8.JPG 980w,\n            \" ><!--[if IE 9]><\/video><![endif]--><img decoding=\"async\" data- src=\"data:image\/png;base64,iVBORw0KGgoAAAANSUhEUgAAABAAAAAJCAQAAACRI2S5AAAAEElEQVR42mNkIAAYRxWAAQAG9gAKqv6+AwAAAABJRU5ErkJggg==\" class=\"Picture-root Picture-original lazyload\" data-src=\"http:\/\/just-now.news\/de\/wp-content\/uploads\/sites\/3\/2022\/08\/62fe33a548fbef689e646dd8.JPG\" alt=\"\"><\/source><\/source><\/picture><!-- noscript pattern --><noscript><img decoding=\"async\" src=\"http:\/\/just-now.news\/de\/wp-content\/uploads\/sites\/3\/2022\/08\/62fe33a548fbef689e646dd8.JPG\" alt=\"\"><\/noscript><\/div><figcaption class=\"RTImage-footer\"><span class=\"RTImage-caption\"><span class=\"RTImage-captionItem\">Ein Plakat auf der K\u00f6lner Satire-Demo am 17. August 2022<\/span><\/span><span class=\"RTImage-source\"><span class=\"RTImage-captionItem\">Felicitas Rabe<\/span><\/span><\/figcaption><\/figure>\n<p>Bei der K\u00f6lner &#8220;Danke-Demo&#8221; trugen aber neben Rednern und Musikern ganz besonders die vielen Teilnehmer mit witzigen Schildern und Transparenten kreativ zur Verwirklichung des Mottos &#8220;Wir sagen Danke!&#8221; bei. Die Veranstalter k\u00fcndigten die n\u00e4chste Satire-Demo f\u00fcr den 17. September in K\u00f6ln an. Dann solle der Umzug an einem Samstag stattfinden.<\/p>\n<figure class=\"RTImage-root\">\n<div class=\"RTImage-image RTImage-original\"><picture class=\"Picture-root Picture-original\"><!--[if IE 9]><video style=\"display: none;\"><![endif]--><source media=\"(-webkit-min-device-pixel-ratio: 2) and (min-resolution: 120dpi)\" data-srcset=\" \nhttp:\/\/just-now.news\/de\/wp-content\/uploads\/sites\/3\/2022\/08\/62fe3419b480cc538b6246f3.JPG 850w,\n                http:\/\/just-now.news\/de\/wp-content\/uploads\/sites\/3\/2022\/08\/62fe3419b480cc538b6246f3.JPG 1960w,\n            \" ><source data-srcset=\" \nhttp:\/\/just-now.news\/de\/wp-content\/uploads\/sites\/3\/2022\/08\/62fe3419b480cc538b6246f3.JPG 460w,\n              http:\/\/just-now.news\/de\/wp-content\/uploads\/sites\/3\/2022\/08\/62fe3419b480cc538b6246f3.JPG 980w,\n            \" ><!--[if IE 9]><\/video><![endif]--><img decoding=\"async\" data- src=\"data:image\/png;base64,iVBORw0KGgoAAAANSUhEUgAAABAAAAAJCAQAAACRI2S5AAAAEElEQVR42mNkIAAYRxWAAQAG9gAKqv6+AwAAAABJRU5ErkJggg==\" class=\"Picture-root Picture-original lazyload\" data-src=\"http:\/\/just-now.news\/de\/wp-content\/uploads\/sites\/3\/2022\/08\/62fe3419b480cc538b6246f3.JPG\" alt=\"\"><\/source><\/source><\/picture><!-- noscript pattern --><noscript><img decoding=\"async\" src=\"http:\/\/just-now.news\/de\/wp-content\/uploads\/sites\/3\/2022\/08\/62fe3419b480cc538b6246f3.JPG\" alt=\"\"><\/noscript><\/div><figcaption class=\"RTImage-footer\"><span class=\"RTImage-caption\"><span class=\"RTImage-captionItem\">Ein Plakat auf der K\u00f6lner Satire-Demo am 17. August 2022<\/span><\/span><span class=\"RTImage-source\"><span class=\"RTImage-captionItem\">Felicitas Rabe<\/span><\/span><\/figcaption><\/figure>\n<p><strong>Mehr zum Thema<\/strong> &#8211; <a rel=\"nofollow noopener\" target=\"_blank\" href=\"https:\/\/test.rtde.tech\/meinung\/145290-empfehlung-ard-ruhe-ist-erste\/\">Empfehlung der ARD: Ruhe ist die erste B\u00fcrgerpflicht<\/a><\/p>\n<\/div>\n<p><br \/>\n<br \/><a href=\"https:\/\/de.rt.com\/inland\/146454-teilnehmer-an-koelner-satire-demo-bedanken-sich-fuer-corona-massnahmen\/\">Source link <\/a><\/p>\n","protected":false},"excerpt":{"rendered":"<p>Auf der satirischen &#8220;Danke Demo K\u00f6ln&#8221; verliehen am Mittwoch sowohl Redner als auch Teilnehmer ihrem Protest gegen die Corona-Politik mit Witz und Humor Ausdruck. Dabei kam neben den Corona-Ma\u00dfnahmen auch die Sanktions- und Energiepolitik der Regierung zur Sprache. RT DE dokumentiert die Demo mit vielen Fotos. F\u00fcr Mittwochabend hatte die Initiative &#8220;Danke Demo K\u00f6ln&#8221; in [&hellip;]<\/p>\n","protected":false},"author":3,"featured_media":17224,"comment_status":"open","ping_status":"open","sticky":false,"template":"","format":"standard","meta":{"wp_automatic_camp":["217"],"467078f9b2e263faa8ee6ef4b70bdf58":["Teilnehmer der K\u00f6lner Satire-Demo &quot;bedanken&quot; sich f\u00fcr die Corona-Politik (Fotoreihe)"],"original_link":["https:\/\/de.rt.com\/inland\/146454-teilnehmer-an-koelner-satire-demo-bedanken-sich-fuer-corona-massnahmen\/"],"_thumbnail_id":["17224"],"_wptg_p2tg_sent2tg":["2022-08-19 06:53:06"],"jnews_social_counter_last_update":["1777614594"]},"categories":[19,23],"tags":[24965,82,45,31265,221,612,31264,31263,434,20415],"yoast_head":"<!-- This site is optimized with the Yoast SEO Premium plugin v22.7 (Yoast SEO v22.7) - https:\/\/yoast.com\/wordpress\/plugins\/seo\/ -->\n<title>Teilnehmer der K\u00f6lner Satire-Demo &quot;bedanken&quot; sich f\u00fcr die Corona-Politik (Fotoreihe) - just-now.NEWS Deutschland<\/title>\n<meta name=\"robots\" content=\"index, follow, max-snippet:-1, max-image-preview:large, max-video-preview:-1\" \/>\n<link rel=\"canonical\" href=\"https:\/\/now-news.de\/de\/deutschland\/teilnehmer-der-koelner-satire-demo-bedanken-sich-fuer-die-corona-politik-fotoreihe\/\" \/>\n<meta property=\"og:locale\" content=\"de_DE\" \/>\n<meta property=\"og:type\" content=\"article\" \/>\n<meta property=\"og:title\" content=\"Teilnehmer der K\u00f6lner Satire-Demo &quot;bedanken&quot; sich f\u00fcr die Corona-Politik (Fotoreihe)\" \/>\n<meta property=\"og:description\" content=\"Auf der satirischen &#8220;Danke Demo K\u00f6ln&#8221; verliehen am Mittwoch sowohl Redner als auch Teilnehmer ihrem Protest gegen die Corona-Politik mit Witz und Humor Ausdruck. Dabei kam neben den Corona-Ma\u00dfnahmen auch die Sanktions- und Energiepolitik der Regierung zur Sprache. RT DE dokumentiert die Demo mit vielen Fotos. F\u00fcr Mittwochabend hatte die Initiative &#8220;Danke Demo K\u00f6ln&#8221; in [&hellip;]\" \/>\n<meta property=\"og:url\" content=\"https:\/\/now-news.de\/de\/deutschland\/teilnehmer-der-koelner-satire-demo-bedanken-sich-fuer-die-corona-politik-fotoreihe\/\" \/>\n<meta property=\"og:site_name\" content=\"just-now.NEWS Deutschland\" \/>\n<meta property=\"article:publisher\" content=\"https:\/\/www.facebook.com\/wirmachenauf\" \/>\n<meta property=\"article:published_time\" content=\"2022-08-19T04:45:00+00:00\" \/>\n<meta property=\"og:image\" content=\"https:\/\/now-news.de\/de\/wp-content\/uploads\/sites\/3\/2022\/08\/Teilnehmer-der-Koelner-Satire-Demo-quotbedankenquot-sich-fuer-die-Corona-Politik-Fotoreihe.JPG\" \/>\n\t<meta property=\"og:image:width\" content=\"1620\" \/>\n\t<meta property=\"og:image:height\" content=\"1080\" \/>\n\t<meta property=\"og:image:type\" content=\"image\/jpeg\" \/>\n<meta name=\"author\" content=\"rtnews\" \/>\n<meta name=\"twitter:card\" content=\"summary_large_image\" \/>\n<meta name=\"twitter:creator\" content=\"@WirMachenAuf_de\" \/>\n<meta name=\"twitter:site\" content=\"@WirMachenAuf_de\" \/>\n<meta name=\"twitter:label1\" content=\"Verfasst von\" \/>\n\t<meta name=\"twitter:data1\" content=\"rtnews\" \/>\n\t<meta name=\"twitter:label2\" content=\"Gesch\u00e4tzte Lesezeit\" \/>\n\t<meta name=\"twitter:data2\" content=\"5\u00a0Minuten\" \/>\n<script type=\"application\/ld+json\" class=\"yoast-schema-graph\">{\"@context\":\"https:\/\/schema.org\",\"@graph\":[{\"@type\":\"Article\",\"@id\":\"https:\/\/now-news.de\/de\/deutschland\/teilnehmer-der-koelner-satire-demo-bedanken-sich-fuer-die-corona-politik-fotoreihe\/#article\",\"isPartOf\":{\"@id\":\"https:\/\/now-news.de\/de\/deutschland\/teilnehmer-der-koelner-satire-demo-bedanken-sich-fuer-die-corona-politik-fotoreihe\/\"},\"author\":{\"name\":\"rtnews\",\"@id\":\"https:\/\/now-news.de\/de\/#\/schema\/person\/fb534a4e865501d8b3285208df34a9b5\"},\"headline\":\"Teilnehmer der K\u00f6lner Satire-Demo &quot;bedanken&quot; sich f\u00fcr die Corona-Politik (Fotoreihe)\",\"datePublished\":\"2022-08-19T04:45:00+00:00\",\"dateModified\":\"2022-08-19T04:45:00+00:00\",\"mainEntityOfPage\":{\"@id\":\"https:\/\/now-news.de\/de\/deutschland\/teilnehmer-der-koelner-satire-demo-bedanken-sich-fuer-die-corona-politik-fotoreihe\/\"},\"wordCount\":1027,\"commentCount\":0,\"publisher\":{\"@id\":\"https:\/\/now-news.de\/de\/#organization\"},\"image\":{\"@id\":\"https:\/\/now-news.de\/de\/deutschland\/teilnehmer-der-koelner-satire-demo-bedanken-sich-fuer-die-corona-politik-fotoreihe\/#primaryimage\"},\"thumbnailUrl\":\"https:\/\/now-news.de\/de\/wp-content\/uploads\/sites\/3\/2022\/08\/Teilnehmer-der-Koelner-Satire-Demo-quotbedankenquot-sich-fuer-die-Corona-Politik-Fotoreihe.JPG\",\"keywords\":[\"CoronaPolitik\",\"der\",\"die\",\"Fotoreihe\",\"f\u00fcr\",\"K\u00f6lner\",\"quotbedankenquot\",\"SatireDemo\",\"sich\",\"Teilnehmer\"],\"articleSection\":[\"Deutschland\",\"Russland\"],\"inLanguage\":\"de\",\"potentialAction\":[{\"@type\":\"CommentAction\",\"name\":\"Comment\",\"target\":[\"https:\/\/now-news.de\/de\/deutschland\/teilnehmer-der-koelner-satire-demo-bedanken-sich-fuer-die-corona-politik-fotoreihe\/#respond\"]}]},{\"@type\":\"WebPage\",\"@id\":\"https:\/\/now-news.de\/de\/deutschland\/teilnehmer-der-koelner-satire-demo-bedanken-sich-fuer-die-corona-politik-fotoreihe\/\",\"url\":\"https:\/\/now-news.de\/de\/deutschland\/teilnehmer-der-koelner-satire-demo-bedanken-sich-fuer-die-corona-politik-fotoreihe\/\",\"name\":\"Teilnehmer der K\u00f6lner Satire-Demo &quot;bedanken&quot; sich f\u00fcr die Corona-Politik (Fotoreihe) - just-now.NEWS Deutschland\",\"isPartOf\":{\"@id\":\"https:\/\/now-news.de\/de\/#website\"},\"primaryImageOfPage\":{\"@id\":\"https:\/\/now-news.de\/de\/deutschland\/teilnehmer-der-koelner-satire-demo-bedanken-sich-fuer-die-corona-politik-fotoreihe\/#primaryimage\"},\"image\":{\"@id\":\"https:\/\/now-news.de\/de\/deutschland\/teilnehmer-der-koelner-satire-demo-bedanken-sich-fuer-die-corona-politik-fotoreihe\/#primaryimage\"},\"thumbnailUrl\":\"https:\/\/now-news.de\/de\/wp-content\/uploads\/sites\/3\/2022\/08\/Teilnehmer-der-Koelner-Satire-Demo-quotbedankenquot-sich-fuer-die-Corona-Politik-Fotoreihe.JPG\",\"datePublished\":\"2022-08-19T04:45:00+00:00\",\"dateModified\":\"2022-08-19T04:45:00+00:00\",\"breadcrumb\":{\"@id\":\"https:\/\/now-news.de\/de\/deutschland\/teilnehmer-der-koelner-satire-demo-bedanken-sich-fuer-die-corona-politik-fotoreihe\/#breadcrumb\"},\"inLanguage\":\"de\",\"potentialAction\":[{\"@type\":\"ReadAction\",\"target\":[\"https:\/\/now-news.de\/de\/deutschland\/teilnehmer-der-koelner-satire-demo-bedanken-sich-fuer-die-corona-politik-fotoreihe\/\"]}]},{\"@type\":\"ImageObject\",\"inLanguage\":\"de\",\"@id\":\"https:\/\/now-news.de\/de\/deutschland\/teilnehmer-der-koelner-satire-demo-bedanken-sich-fuer-die-corona-politik-fotoreihe\/#primaryimage\",\"url\":\"https:\/\/now-news.de\/de\/wp-content\/uploads\/sites\/3\/2022\/08\/Teilnehmer-der-Koelner-Satire-Demo-quotbedankenquot-sich-fuer-die-Corona-Politik-Fotoreihe.JPG\",\"contentUrl\":\"https:\/\/now-news.de\/de\/wp-content\/uploads\/sites\/3\/2022\/08\/Teilnehmer-der-Koelner-Satire-Demo-quotbedankenquot-sich-fuer-die-Corona-Politik-Fotoreihe.JPG\",\"width\":1620,\"height\":1080,\"caption\":\"Teilnehmer der K\u00f6lner Satire-Demo &quot;bedanken&quot; sich f\u00fcr die Corona-Politik (Fotoreihe)\"},{\"@type\":\"BreadcrumbList\",\"@id\":\"https:\/\/now-news.de\/de\/deutschland\/teilnehmer-der-koelner-satire-demo-bedanken-sich-fuer-die-corona-politik-fotoreihe\/#breadcrumb\",\"itemListElement\":[{\"@type\":\"ListItem\",\"position\":1,\"name\":\"Home\",\"item\":\"https:\/\/now-news.de\/de\/\"},{\"@type\":\"ListItem\",\"position\":2,\"name\":\"Teilnehmer der K\u00f6lner Satire-Demo &quot;bedanken&quot; sich f\u00fcr die Corona-Politik (Fotoreihe)\"}]},{\"@type\":\"WebSite\",\"@id\":\"https:\/\/now-news.de\/de\/#website\",\"url\":\"https:\/\/now-news.de\/de\/\",\"name\":\"just-now.NEWS Deutschland\",\"description\":\"Das Portal f\u00fcr unzensierte Nachrichten aus der Welt\",\"publisher\":{\"@id\":\"https:\/\/now-news.de\/de\/#organization\"},\"potentialAction\":[{\"@type\":\"SearchAction\",\"target\":{\"@type\":\"EntryPoint\",\"urlTemplate\":\"https:\/\/now-news.de\/de\/?s={search_term_string}\"},\"query-input\":\"required name=search_term_string\"}],\"inLanguage\":\"de\"},{\"@type\":\"Organization\",\"@id\":\"https:\/\/now-news.de\/de\/#organization\",\"name\":\"Just Now News\",\"url\":\"https:\/\/now-news.de\/de\/\",\"logo\":{\"@type\":\"ImageObject\",\"inLanguage\":\"de\",\"@id\":\"https:\/\/now-news.de\/de\/#\/schema\/logo\/image\/\",\"url\":\"http:\/\/just-now.news\/de\/wp-content\/uploads\/sites\/3\/2022\/04\/logo500x500.jpg\",\"contentUrl\":\"http:\/\/just-now.news\/de\/wp-content\/uploads\/sites\/3\/2022\/04\/logo500x500.jpg\",\"width\":500,\"height\":500,\"caption\":\"Just Now News\"},\"image\":{\"@id\":\"https:\/\/now-news.de\/de\/#\/schema\/logo\/image\/\"},\"sameAs\":[\"https:\/\/www.facebook.com\/wirmachenauf\",\"https:\/\/x.com\/WirMachenAuf_de\"]},{\"@type\":\"Person\",\"@id\":\"https:\/\/now-news.de\/de\/#\/schema\/person\/fb534a4e865501d8b3285208df34a9b5\",\"name\":\"rtnews\",\"image\":{\"@type\":\"ImageObject\",\"inLanguage\":\"de\",\"@id\":\"https:\/\/now-news.de\/de\/#\/schema\/person\/image\/\",\"url\":\"https:\/\/secure.gravatar.com\/avatar\/82aafea7d8127119dd649515f56e2117?s=96&d=mm&r=g\",\"contentUrl\":\"https:\/\/secure.gravatar.com\/avatar\/82aafea7d8127119dd649515f56e2117?s=96&d=mm&r=g\",\"caption\":\"rtnews\"},\"url\":\"https:\/\/now-news.de\/de\/author\/rnews\/\"}]}<\/script>\n<!-- \/ Yoast SEO Premium plugin. -->","yoast_head_json":{"title":"Teilnehmer der K\u00f6lner Satire-Demo &quot;bedanken&quot; sich f\u00fcr die Corona-Politik (Fotoreihe) - just-now.NEWS Deutschland","robots":{"index":"index","follow":"follow","max-snippet":"max-snippet:-1","max-image-preview":"max-image-preview:large","max-video-preview":"max-video-preview:-1"},"canonical":"https:\/\/now-news.de\/de\/deutschland\/teilnehmer-der-koelner-satire-demo-bedanken-sich-fuer-die-corona-politik-fotoreihe\/","og_locale":"de_DE","og_type":"article","og_title":"Teilnehmer der K\u00f6lner Satire-Demo &quot;bedanken&quot; sich f\u00fcr die Corona-Politik (Fotoreihe)","og_description":"Auf der satirischen &#8220;Danke Demo K\u00f6ln&#8221; verliehen am Mittwoch sowohl Redner als auch Teilnehmer ihrem Protest gegen die Corona-Politik mit Witz und Humor Ausdruck. Dabei kam neben den Corona-Ma\u00dfnahmen auch die Sanktions- und Energiepolitik der Regierung zur Sprache. RT DE dokumentiert die Demo mit vielen Fotos. F\u00fcr Mittwochabend hatte die Initiative &#8220;Danke Demo K\u00f6ln&#8221; in [&hellip;]","og_url":"https:\/\/now-news.de\/de\/deutschland\/teilnehmer-der-koelner-satire-demo-bedanken-sich-fuer-die-corona-politik-fotoreihe\/","og_site_name":"just-now.NEWS Deutschland","article_publisher":"https:\/\/www.facebook.com\/wirmachenauf","article_published_time":"2022-08-19T04:45:00+00:00","og_image":[{"width":1620,"height":1080,"url":"https:\/\/now-news.de\/de\/wp-content\/uploads\/sites\/3\/2022\/08\/Teilnehmer-der-Koelner-Satire-Demo-quotbedankenquot-sich-fuer-die-Corona-Politik-Fotoreihe.JPG","type":"image\/jpeg"}],"author":"rtnews","twitter_card":"summary_large_image","twitter_creator":"@WirMachenAuf_de","twitter_site":"@WirMachenAuf_de","twitter_misc":{"Verfasst von":"rtnews","Gesch\u00e4tzte Lesezeit":"5\u00a0Minuten"},"schema":{"@context":"https:\/\/schema.org","@graph":[{"@type":"Article","@id":"https:\/\/now-news.de\/de\/deutschland\/teilnehmer-der-koelner-satire-demo-bedanken-sich-fuer-die-corona-politik-fotoreihe\/#article","isPartOf":{"@id":"https:\/\/now-news.de\/de\/deutschland\/teilnehmer-der-koelner-satire-demo-bedanken-sich-fuer-die-corona-politik-fotoreihe\/"},"author":{"name":"rtnews","@id":"https:\/\/now-news.de\/de\/#\/schema\/person\/fb534a4e865501d8b3285208df34a9b5"},"headline":"Teilnehmer der K\u00f6lner Satire-Demo &quot;bedanken&quot; sich f\u00fcr die Corona-Politik (Fotoreihe)","datePublished":"2022-08-19T04:45:00+00:00","dateModified":"2022-08-19T04:45:00+00:00","mainEntityOfPage":{"@id":"https:\/\/now-news.de\/de\/deutschland\/teilnehmer-der-koelner-satire-demo-bedanken-sich-fuer-die-corona-politik-fotoreihe\/"},"wordCount":1027,"commentCount":0,"publisher":{"@id":"https:\/\/now-news.de\/de\/#organization"},"image":{"@id":"https:\/\/now-news.de\/de\/deutschland\/teilnehmer-der-koelner-satire-demo-bedanken-sich-fuer-die-corona-politik-fotoreihe\/#primaryimage"},"thumbnailUrl":"https:\/\/now-news.de\/de\/wp-content\/uploads\/sites\/3\/2022\/08\/Teilnehmer-der-Koelner-Satire-Demo-quotbedankenquot-sich-fuer-die-Corona-Politik-Fotoreihe.JPG","keywords":["CoronaPolitik","der","die","Fotoreihe","f\u00fcr","K\u00f6lner","quotbedankenquot","SatireDemo","sich","Teilnehmer"],"articleSection":["Deutschland","Russland"],"inLanguage":"de","potentialAction":[{"@type":"CommentAction","name":"Comment","target":["https:\/\/now-news.de\/de\/deutschland\/teilnehmer-der-koelner-satire-demo-bedanken-sich-fuer-die-corona-politik-fotoreihe\/#respond"]}]},{"@type":"WebPage","@id":"https:\/\/now-news.de\/de\/deutschland\/teilnehmer-der-koelner-satire-demo-bedanken-sich-fuer-die-corona-politik-fotoreihe\/","url":"https:\/\/now-news.de\/de\/deutschland\/teilnehmer-der-koelner-satire-demo-bedanken-sich-fuer-die-corona-politik-fotoreihe\/","name":"Teilnehmer der K\u00f6lner Satire-Demo &quot;bedanken&quot; sich f\u00fcr die Corona-Politik (Fotoreihe) - just-now.NEWS Deutschland","isPartOf":{"@id":"https:\/\/now-news.de\/de\/#website"},"primaryImageOfPage":{"@id":"https:\/\/now-news.de\/de\/deutschland\/teilnehmer-der-koelner-satire-demo-bedanken-sich-fuer-die-corona-politik-fotoreihe\/#primaryimage"},"image":{"@id":"https:\/\/now-news.de\/de\/deutschland\/teilnehmer-der-koelner-satire-demo-bedanken-sich-fuer-die-corona-politik-fotoreihe\/#primaryimage"},"thumbnailUrl":"https:\/\/now-news.de\/de\/wp-content\/uploads\/sites\/3\/2022\/08\/Teilnehmer-der-Koelner-Satire-Demo-quotbedankenquot-sich-fuer-die-Corona-Politik-Fotoreihe.JPG","datePublished":"2022-08-19T04:45:00+00:00","dateModified":"2022-08-19T04:45:00+00:00","breadcrumb":{"@id":"https:\/\/now-news.de\/de\/deutschland\/teilnehmer-der-koelner-satire-demo-bedanken-sich-fuer-die-corona-politik-fotoreihe\/#breadcrumb"},"inLanguage":"de","potentialAction":[{"@type":"ReadAction","target":["https:\/\/now-news.de\/de\/deutschland\/teilnehmer-der-koelner-satire-demo-bedanken-sich-fuer-die-corona-politik-fotoreihe\/"]}]},{"@type":"ImageObject","inLanguage":"de","@id":"https:\/\/now-news.de\/de\/deutschland\/teilnehmer-der-koelner-satire-demo-bedanken-sich-fuer-die-corona-politik-fotoreihe\/#primaryimage","url":"https:\/\/now-news.de\/de\/wp-content\/uploads\/sites\/3\/2022\/08\/Teilnehmer-der-Koelner-Satire-Demo-quotbedankenquot-sich-fuer-die-Corona-Politik-Fotoreihe.JPG","contentUrl":"https:\/\/now-news.de\/de\/wp-content\/uploads\/sites\/3\/2022\/08\/Teilnehmer-der-Koelner-Satire-Demo-quotbedankenquot-sich-fuer-die-Corona-Politik-Fotoreihe.JPG","width":1620,"height":1080,"caption":"Teilnehmer der K\u00f6lner Satire-Demo &quot;bedanken&quot; sich f\u00fcr die Corona-Politik (Fotoreihe)"},{"@type":"BreadcrumbList","@id":"https:\/\/now-news.de\/de\/deutschland\/teilnehmer-der-koelner-satire-demo-bedanken-sich-fuer-die-corona-politik-fotoreihe\/#breadcrumb","itemListElement":[{"@type":"ListItem","position":1,"name":"Home","item":"https:\/\/now-news.de\/de\/"},{"@type":"ListItem","position":2,"name":"Teilnehmer der K\u00f6lner Satire-Demo &quot;bedanken&quot; sich f\u00fcr die Corona-Politik (Fotoreihe)"}]},{"@type":"WebSite","@id":"https:\/\/now-news.de\/de\/#website","url":"https:\/\/now-news.de\/de\/","name":"just-now.NEWS Deutschland","description":"Das Portal f\u00fcr unzensierte Nachrichten aus der Welt","publisher":{"@id":"https:\/\/now-news.de\/de\/#organization"},"potentialAction":[{"@type":"SearchAction","target":{"@type":"EntryPoint","urlTemplate":"https:\/\/now-news.de\/de\/?s={search_term_string}"},"query-input":"required name=search_term_string"}],"inLanguage":"de"},{"@type":"Organization","@id":"https:\/\/now-news.de\/de\/#organization","name":"Just Now News","url":"https:\/\/now-news.de\/de\/","logo":{"@type":"ImageObject","inLanguage":"de","@id":"https:\/\/now-news.de\/de\/#\/schema\/logo\/image\/","url":"http:\/\/just-now.news\/de\/wp-content\/uploads\/sites\/3\/2022\/04\/logo500x500.jpg","contentUrl":"http:\/\/just-now.news\/de\/wp-content\/uploads\/sites\/3\/2022\/04\/logo500x500.jpg","width":500,"height":500,"caption":"Just Now News"},"image":{"@id":"https:\/\/now-news.de\/de\/#\/schema\/logo\/image\/"},"sameAs":["https:\/\/www.facebook.com\/wirmachenauf","https:\/\/x.com\/WirMachenAuf_de"]},{"@type":"Person","@id":"https:\/\/now-news.de\/de\/#\/schema\/person\/fb534a4e865501d8b3285208df34a9b5","name":"rtnews","image":{"@type":"ImageObject","inLanguage":"de","@id":"https:\/\/now-news.de\/de\/#\/schema\/person\/image\/","url":"https:\/\/secure.gravatar.com\/avatar\/82aafea7d8127119dd649515f56e2117?s=96&d=mm&r=g","contentUrl":"https:\/\/secure.gravatar.com\/avatar\/82aafea7d8127119dd649515f56e2117?s=96&d=mm&r=g","caption":"rtnews"},"url":"https:\/\/now-news.de\/de\/author\/rnews\/"}]}},"_links":{"self":[{"href":"https:\/\/now-news.de\/de\/wp-json\/wp\/v2\/posts\/17223"}],"collection":[{"href":"https:\/\/now-news.de\/de\/wp-json\/wp\/v2\/posts"}],"about":[{"href":"https:\/\/now-news.de\/de\/wp-json\/wp\/v2\/types\/post"}],"author":[{"embeddable":true,"href":"https:\/\/now-news.de\/de\/wp-json\/wp\/v2\/users\/3"}],"replies":[{"embeddable":true,"href":"https:\/\/now-news.de\/de\/wp-json\/wp\/v2\/comments?post=17223"}],"version-history":[{"count":0,"href":"https:\/\/now-news.de\/de\/wp-json\/wp\/v2\/posts\/17223\/revisions"}],"wp:featuredmedia":[{"embeddable":true,"href":"https:\/\/now-news.de\/de\/wp-json\/wp\/v2\/media\/17224"}],"wp:attachment":[{"href":"https:\/\/now-news.de\/de\/wp-json\/wp\/v2\/media?parent=17223"}],"wp:term":[{"taxonomy":"category","embeddable":true,"href":"https:\/\/now-news.de\/de\/wp-json\/wp\/v2\/categories?post=17223"},{"taxonomy":"post_tag","embeddable":true,"href":"https:\/\/now-news.de\/de\/wp-json\/wp\/v2\/tags?post=17223"}],"curies":[{"name":"wp","href":"https:\/\/api.w.org\/{rel}","templated":true}]}}