{"id":17219,"date":"2022-08-19T06:00:00","date_gmt":"2022-08-19T04:00:00","guid":{"rendered":"http:\/\/just-now.news\/de\/deutschland\/praesidentschaftswahl-in-brasilien-spd-vorsitzender-klingbeil-hofft-auf-sieg-lula-da-silvas\/"},"modified":"2022-08-19T06:00:00","modified_gmt":"2022-08-19T04:00:00","slug":"praesidentschaftswahl-in-brasilien-spd-vorsitzender-klingbeil-hofft-auf-sieg-lula-da-silvas","status":"publish","type":"post","link":"https:\/\/now-news.de\/de\/deutschland\/praesidentschaftswahl-in-brasilien-spd-vorsitzender-klingbeil-hofft-auf-sieg-lula-da-silvas\/","title":{"rendered":"Pr\u00e4sidentschaftswahl in Brasilien: SPD-Vorsitzender Klingbeil hofft auf Sieg Lula da Silvas"},"content":{"rendered":"<p><img decoding=\"async\" src=\"http:\/\/just-now.news\/de\/wp-content\/uploads\/sites\/3\/2022\/08\/62fe5e22b480cc57ea4c3cfb.jpg\" \/><\/p>\n<p>Der SPD-Vorsitzende Lars Klingbeil rechnet im\u00a0Falle eines Sieges\u00a0des linken Ex-Staatschef Luiz In\u00e1cio Lula da Silva bei der im Oktober anstehenden Pr\u00e4sidentschaftswahl in Brasilien mit einer im Sinne Deutschlands verlaufenden Neuausrichtung der derzeitigen Energie- und Klimapolitik in dem s\u00fcdamerikanischen Land. &#8220;Deutschland w\u00fcrde einen sehr verl\u00e4sslichen und konsequenten Partner haben, wenn Lula Pr\u00e4sident ist und es zum Beispiel darum geht, internationale Klima-Vereinbarungen voranzubringen&#8221;, erl\u00e4uterte Klingbeil der Nachrichtenagentur\u00a0<em>dpa<\/em>\u00a0nach einem Treffen mit Lula in der brasilianischen Hauptstadt S\u00e3o Paulo.<\/p>\n<p>Bestehende Kooperationen \u2013 etwa zum Schutz des Regenwaldes \u2013 k\u00f6nnten dann ausgebaut und um weitere erg\u00e4nzt werden, so Klingbeil. Das betreffe auch die Produktion von gr\u00fcnem Wasserstoff, erg\u00e4nzte er. Im Jahr 2020 hatte das Bundesumweltministerium seine F\u00f6rderzahlungen f\u00fcr den internationalen Fonds zum Regenwaldschutz in Brasilien angesichts von Unstimmigkeiten mit der brasilianischen Regierung \u00fcber die Verwendung\u00a0der Mittel vorerst eingestellt.\u00a0\u00a0<\/p>\n<p>Brasilien w\u00e4hlt am 2. Oktober einen neuen Staatschef. Dabei kommt es zu einem Duell zwischen Amtsinhaber Jair Bolsonaro und dem linken Ex-Pr\u00e4sidenten Lula, der wegen Korruption und Geldw\u00e4sche 2018 zu einer Haftstrafe verurteilt worden war. Der Politiker konnte deshalb nicht an der letzten Pr\u00e4sidentenwahl in dem Land teilnehmen.\u00a0<\/p>\n<p><strong>Mehr zum Thema &#8211;<\/strong>\u00a0<a rel=\"nofollow noopener\" target=\"_blank\" href=\"https:\/\/test.rtde.tech\/amerika\/143558-brasiliens-praesident-bolsonaro-habe-loesung-fuer-ukraine-konflikt\/\">Brasiliens Pr\u00e4sident Bolsonaro: &#8220;Habe L\u00f6sung f\u00fcr Ukraine-Konflikt&#8221;<\/a><\/p>\n<p>(rt\/dpa)<\/p>\n<p><br \/>\n<br \/><a href=\"https:\/\/de.rt.com\/amerika\/146482-prasidentschaftswahl-in-brasilien-spd-vorsitzender\/\">Source link <\/a><\/p>\n","protected":false},"excerpt":{"rendered":"<p>Der SPD-Vorsitzende Lars Klingbeil rechnet im\u00a0Falle eines Sieges\u00a0des linken Ex-Staatschef Luiz In\u00e1cio Lula da Silva bei der im Oktober anstehenden Pr\u00e4sidentschaftswahl in Brasilien mit einer im Sinne Deutschlands verlaufenden Neuausrichtung der derzeitigen Energie- und Klimapolitik in dem s\u00fcdamerikanischen Land. &#8220;Deutschland w\u00fcrde einen sehr verl\u00e4sslichen und konsequenten Partner haben, wenn Lula Pr\u00e4sident ist und es zum [&hellip;]<\/p>\n","protected":false},"author":3,"featured_media":17220,"comment_status":"open","ping_status":"open","sticky":false,"template":"","format":"standard","meta":{"wp_automatic_camp":["217"],"562d5b0da23e8b20cf2dffb0b79e8adf":["Pr\u00e4sidentschaftswahl in Brasilien: SPD-Vorsitzender Klingbeil hofft auf Sieg Lula da Silvas"],"original_link":["https:\/\/de.rt.com\/amerika\/146482-prasidentschaftswahl-in-brasilien-spd-vorsitzender\/"],"_thumbnail_id":["17220"],"_wptg_p2tg_sent2tg":["2022-08-19 06:05:36"],"jnews_social_counter_last_update":["1777573502"]},"categories":[19,23],"tags":[133,10646,20366,18061,4648,8762,9001,31259,31258],"yoast_head":"<!-- This site is optimized with the Yoast SEO Premium plugin v22.7 (Yoast SEO v22.7) - https:\/\/yoast.com\/wordpress\/plugins\/seo\/ -->\n<title>Pr\u00e4sidentschaftswahl in Brasilien: SPD-Vorsitzender Klingbeil hofft auf Sieg Lula da Silvas - just-now.NEWS Deutschland<\/title>\n<meta name=\"robots\" content=\"index, follow, max-snippet:-1, max-image-preview:large, max-video-preview:-1\" \/>\n<link rel=\"canonical\" href=\"https:\/\/now-news.de\/de\/deutschland\/praesidentschaftswahl-in-brasilien-spd-vorsitzender-klingbeil-hofft-auf-sieg-lula-da-silvas\/\" \/>\n<meta property=\"og:locale\" content=\"de_DE\" \/>\n<meta property=\"og:type\" content=\"article\" \/>\n<meta property=\"og:title\" content=\"Pr\u00e4sidentschaftswahl in Brasilien: SPD-Vorsitzender Klingbeil hofft auf Sieg Lula da Silvas\" \/>\n<meta property=\"og:description\" content=\"Der SPD-Vorsitzende Lars Klingbeil rechnet im\u00a0Falle eines Sieges\u00a0des linken Ex-Staatschef Luiz In\u00e1cio Lula da Silva bei der im Oktober anstehenden Pr\u00e4sidentschaftswahl in Brasilien mit einer im Sinne Deutschlands verlaufenden Neuausrichtung der derzeitigen Energie- und Klimapolitik in dem s\u00fcdamerikanischen Land. &#8220;Deutschland w\u00fcrde einen sehr verl\u00e4sslichen und konsequenten Partner haben, wenn Lula Pr\u00e4sident ist und es zum [&hellip;]\" \/>\n<meta property=\"og:url\" content=\"https:\/\/now-news.de\/de\/deutschland\/praesidentschaftswahl-in-brasilien-spd-vorsitzender-klingbeil-hofft-auf-sieg-lula-da-silvas\/\" \/>\n<meta property=\"og:site_name\" content=\"just-now.NEWS Deutschland\" \/>\n<meta property=\"article:publisher\" content=\"https:\/\/www.facebook.com\/wirmachenauf\" \/>\n<meta property=\"article:published_time\" content=\"2022-08-19T04:00:00+00:00\" \/>\n<meta property=\"og:image\" content=\"https:\/\/now-news.de\/de\/wp-content\/uploads\/sites\/3\/2022\/08\/Praesidentschaftswahl-in-Brasilien-SPD-Vorsitzender-Klingbeil-hofft-auf-Sieg-Lula-da.jpg\" \/>\n\t<meta property=\"og:image:width\" content=\"460\" \/>\n\t<meta property=\"og:image:height\" content=\"259\" \/>\n\t<meta property=\"og:image:type\" content=\"image\/jpeg\" \/>\n<meta name=\"author\" content=\"rtnews\" \/>\n<meta name=\"twitter:card\" content=\"summary_large_image\" \/>\n<meta name=\"twitter:creator\" content=\"@WirMachenAuf_de\" \/>\n<meta name=\"twitter:site\" content=\"@WirMachenAuf_de\" \/>\n<meta name=\"twitter:label1\" content=\"Verfasst von\" \/>\n\t<meta name=\"twitter:data1\" content=\"rtnews\" \/>\n\t<meta name=\"twitter:label2\" content=\"Gesch\u00e4tzte Lesezeit\" \/>\n\t<meta name=\"twitter:data2\" content=\"1\u00a0Minute\" \/>\n<script type=\"application\/ld+json\" class=\"yoast-schema-graph\">{\"@context\":\"https:\/\/schema.org\",\"@graph\":[{\"@type\":\"Article\",\"@id\":\"https:\/\/now-news.de\/de\/deutschland\/praesidentschaftswahl-in-brasilien-spd-vorsitzender-klingbeil-hofft-auf-sieg-lula-da-silvas\/#article\",\"isPartOf\":{\"@id\":\"https:\/\/now-news.de\/de\/deutschland\/praesidentschaftswahl-in-brasilien-spd-vorsitzender-klingbeil-hofft-auf-sieg-lula-da-silvas\/\"},\"author\":{\"name\":\"rtnews\",\"@id\":\"https:\/\/now-news.de\/de\/#\/schema\/person\/fb534a4e865501d8b3285208df34a9b5\"},\"headline\":\"Pr\u00e4sidentschaftswahl in Brasilien: SPD-Vorsitzender Klingbeil hofft auf Sieg Lula da Silvas\",\"datePublished\":\"2022-08-19T04:00:00+00:00\",\"dateModified\":\"2022-08-19T04:00:00+00:00\",\"mainEntityOfPage\":{\"@id\":\"https:\/\/now-news.de\/de\/deutschland\/praesidentschaftswahl-in-brasilien-spd-vorsitzender-klingbeil-hofft-auf-sieg-lula-da-silvas\/\"},\"wordCount\":230,\"commentCount\":0,\"publisher\":{\"@id\":\"https:\/\/now-news.de\/de\/#organization\"},\"image\":{\"@id\":\"https:\/\/now-news.de\/de\/deutschland\/praesidentschaftswahl-in-brasilien-spd-vorsitzender-klingbeil-hofft-auf-sieg-lula-da-silvas\/#primaryimage\"},\"thumbnailUrl\":\"https:\/\/now-news.de\/de\/wp-content\/uploads\/sites\/3\/2022\/08\/Praesidentschaftswahl-in-Brasilien-SPD-Vorsitzender-Klingbeil-hofft-auf-Sieg-Lula-da.jpg\",\"keywords\":[\"AUF\",\"Brasilien\",\"hofft\",\"Klingbeil\",\"Lula\",\"Pr\u00e4sidentschaftswahl\",\"Sieg\",\"Silvas\",\"SPDVorsitzender\"],\"articleSection\":[\"Deutschland\",\"Russland\"],\"inLanguage\":\"de\",\"potentialAction\":[{\"@type\":\"CommentAction\",\"name\":\"Comment\",\"target\":[\"https:\/\/now-news.de\/de\/deutschland\/praesidentschaftswahl-in-brasilien-spd-vorsitzender-klingbeil-hofft-auf-sieg-lula-da-silvas\/#respond\"]}]},{\"@type\":\"WebPage\",\"@id\":\"https:\/\/now-news.de\/de\/deutschland\/praesidentschaftswahl-in-brasilien-spd-vorsitzender-klingbeil-hofft-auf-sieg-lula-da-silvas\/\",\"url\":\"https:\/\/now-news.de\/de\/deutschland\/praesidentschaftswahl-in-brasilien-spd-vorsitzender-klingbeil-hofft-auf-sieg-lula-da-silvas\/\",\"name\":\"Pr\u00e4sidentschaftswahl in Brasilien: SPD-Vorsitzender Klingbeil hofft auf Sieg Lula da Silvas - just-now.NEWS Deutschland\",\"isPartOf\":{\"@id\":\"https:\/\/now-news.de\/de\/#website\"},\"primaryImageOfPage\":{\"@id\":\"https:\/\/now-news.de\/de\/deutschland\/praesidentschaftswahl-in-brasilien-spd-vorsitzender-klingbeil-hofft-auf-sieg-lula-da-silvas\/#primaryimage\"},\"image\":{\"@id\":\"https:\/\/now-news.de\/de\/deutschland\/praesidentschaftswahl-in-brasilien-spd-vorsitzender-klingbeil-hofft-auf-sieg-lula-da-silvas\/#primaryimage\"},\"thumbnailUrl\":\"https:\/\/now-news.de\/de\/wp-content\/uploads\/sites\/3\/2022\/08\/Praesidentschaftswahl-in-Brasilien-SPD-Vorsitzender-Klingbeil-hofft-auf-Sieg-Lula-da.jpg\",\"datePublished\":\"2022-08-19T04:00:00+00:00\",\"dateModified\":\"2022-08-19T04:00:00+00:00\",\"breadcrumb\":{\"@id\":\"https:\/\/now-news.de\/de\/deutschland\/praesidentschaftswahl-in-brasilien-spd-vorsitzender-klingbeil-hofft-auf-sieg-lula-da-silvas\/#breadcrumb\"},\"inLanguage\":\"de\",\"potentialAction\":[{\"@type\":\"ReadAction\",\"target\":[\"https:\/\/now-news.de\/de\/deutschland\/praesidentschaftswahl-in-brasilien-spd-vorsitzender-klingbeil-hofft-auf-sieg-lula-da-silvas\/\"]}]},{\"@type\":\"ImageObject\",\"inLanguage\":\"de\",\"@id\":\"https:\/\/now-news.de\/de\/deutschland\/praesidentschaftswahl-in-brasilien-spd-vorsitzender-klingbeil-hofft-auf-sieg-lula-da-silvas\/#primaryimage\",\"url\":\"https:\/\/now-news.de\/de\/wp-content\/uploads\/sites\/3\/2022\/08\/Praesidentschaftswahl-in-Brasilien-SPD-Vorsitzender-Klingbeil-hofft-auf-Sieg-Lula-da.jpg\",\"contentUrl\":\"https:\/\/now-news.de\/de\/wp-content\/uploads\/sites\/3\/2022\/08\/Praesidentschaftswahl-in-Brasilien-SPD-Vorsitzender-Klingbeil-hofft-auf-Sieg-Lula-da.jpg\",\"width\":460,\"height\":259,\"caption\":\"Pr\u00e4sidentschaftswahl in Brasilien: SPD-Vorsitzender Klingbeil hofft auf Sieg Lula da Silvas\"},{\"@type\":\"BreadcrumbList\",\"@id\":\"https:\/\/now-news.de\/de\/deutschland\/praesidentschaftswahl-in-brasilien-spd-vorsitzender-klingbeil-hofft-auf-sieg-lula-da-silvas\/#breadcrumb\",\"itemListElement\":[{\"@type\":\"ListItem\",\"position\":1,\"name\":\"Home\",\"item\":\"https:\/\/now-news.de\/de\/\"},{\"@type\":\"ListItem\",\"position\":2,\"name\":\"Pr\u00e4sidentschaftswahl in Brasilien: SPD-Vorsitzender Klingbeil hofft auf Sieg Lula da Silvas\"}]},{\"@type\":\"WebSite\",\"@id\":\"https:\/\/now-news.de\/de\/#website\",\"url\":\"https:\/\/now-news.de\/de\/\",\"name\":\"just-now.NEWS Deutschland\",\"description\":\"Das Portal f\u00fcr unzensierte Nachrichten aus der Welt\",\"publisher\":{\"@id\":\"https:\/\/now-news.de\/de\/#organization\"},\"potentialAction\":[{\"@type\":\"SearchAction\",\"target\":{\"@type\":\"EntryPoint\",\"urlTemplate\":\"https:\/\/now-news.de\/de\/?s={search_term_string}\"},\"query-input\":\"required name=search_term_string\"}],\"inLanguage\":\"de\"},{\"@type\":\"Organization\",\"@id\":\"https:\/\/now-news.de\/de\/#organization\",\"name\":\"Just Now News\",\"url\":\"https:\/\/now-news.de\/de\/\",\"logo\":{\"@type\":\"ImageObject\",\"inLanguage\":\"de\",\"@id\":\"https:\/\/now-news.de\/de\/#\/schema\/logo\/image\/\",\"url\":\"http:\/\/just-now.news\/de\/wp-content\/uploads\/sites\/3\/2022\/04\/logo500x500.jpg\",\"contentUrl\":\"http:\/\/just-now.news\/de\/wp-content\/uploads\/sites\/3\/2022\/04\/logo500x500.jpg\",\"width\":500,\"height\":500,\"caption\":\"Just Now News\"},\"image\":{\"@id\":\"https:\/\/now-news.de\/de\/#\/schema\/logo\/image\/\"},\"sameAs\":[\"https:\/\/www.facebook.com\/wirmachenauf\",\"https:\/\/x.com\/WirMachenAuf_de\"]},{\"@type\":\"Person\",\"@id\":\"https:\/\/now-news.de\/de\/#\/schema\/person\/fb534a4e865501d8b3285208df34a9b5\",\"name\":\"rtnews\",\"image\":{\"@type\":\"ImageObject\",\"inLanguage\":\"de\",\"@id\":\"https:\/\/now-news.de\/de\/#\/schema\/person\/image\/\",\"url\":\"https:\/\/secure.gravatar.com\/avatar\/82aafea7d8127119dd649515f56e2117?s=96&d=mm&r=g\",\"contentUrl\":\"https:\/\/secure.gravatar.com\/avatar\/82aafea7d8127119dd649515f56e2117?s=96&d=mm&r=g\",\"caption\":\"rtnews\"},\"url\":\"https:\/\/now-news.de\/de\/author\/rnews\/\"}]}<\/script>\n<!-- \/ Yoast SEO Premium plugin. -->","yoast_head_json":{"title":"Pr\u00e4sidentschaftswahl in Brasilien: SPD-Vorsitzender Klingbeil hofft auf Sieg Lula da Silvas - just-now.NEWS Deutschland","robots":{"index":"index","follow":"follow","max-snippet":"max-snippet:-1","max-image-preview":"max-image-preview:large","max-video-preview":"max-video-preview:-1"},"canonical":"https:\/\/now-news.de\/de\/deutschland\/praesidentschaftswahl-in-brasilien-spd-vorsitzender-klingbeil-hofft-auf-sieg-lula-da-silvas\/","og_locale":"de_DE","og_type":"article","og_title":"Pr\u00e4sidentschaftswahl in Brasilien: SPD-Vorsitzender Klingbeil hofft auf Sieg Lula da Silvas","og_description":"Der SPD-Vorsitzende Lars Klingbeil rechnet im\u00a0Falle eines Sieges\u00a0des linken Ex-Staatschef Luiz In\u00e1cio Lula da Silva bei der im Oktober anstehenden Pr\u00e4sidentschaftswahl in Brasilien mit einer im Sinne Deutschlands verlaufenden Neuausrichtung der derzeitigen Energie- und Klimapolitik in dem s\u00fcdamerikanischen Land. &#8220;Deutschland w\u00fcrde einen sehr verl\u00e4sslichen und konsequenten Partner haben, wenn Lula Pr\u00e4sident ist und es zum [&hellip;]","og_url":"https:\/\/now-news.de\/de\/deutschland\/praesidentschaftswahl-in-brasilien-spd-vorsitzender-klingbeil-hofft-auf-sieg-lula-da-silvas\/","og_site_name":"just-now.NEWS Deutschland","article_publisher":"https:\/\/www.facebook.com\/wirmachenauf","article_published_time":"2022-08-19T04:00:00+00:00","og_image":[{"width":460,"height":259,"url":"https:\/\/now-news.de\/de\/wp-content\/uploads\/sites\/3\/2022\/08\/Praesidentschaftswahl-in-Brasilien-SPD-Vorsitzender-Klingbeil-hofft-auf-Sieg-Lula-da.jpg","type":"image\/jpeg"}],"author":"rtnews","twitter_card":"summary_large_image","twitter_creator":"@WirMachenAuf_de","twitter_site":"@WirMachenAuf_de","twitter_misc":{"Verfasst von":"rtnews","Gesch\u00e4tzte Lesezeit":"1\u00a0Minute"},"schema":{"@context":"https:\/\/schema.org","@graph":[{"@type":"Article","@id":"https:\/\/now-news.de\/de\/deutschland\/praesidentschaftswahl-in-brasilien-spd-vorsitzender-klingbeil-hofft-auf-sieg-lula-da-silvas\/#article","isPartOf":{"@id":"https:\/\/now-news.de\/de\/deutschland\/praesidentschaftswahl-in-brasilien-spd-vorsitzender-klingbeil-hofft-auf-sieg-lula-da-silvas\/"},"author":{"name":"rtnews","@id":"https:\/\/now-news.de\/de\/#\/schema\/person\/fb534a4e865501d8b3285208df34a9b5"},"headline":"Pr\u00e4sidentschaftswahl in Brasilien: SPD-Vorsitzender Klingbeil hofft auf Sieg Lula da Silvas","datePublished":"2022-08-19T04:00:00+00:00","dateModified":"2022-08-19T04:00:00+00:00","mainEntityOfPage":{"@id":"https:\/\/now-news.de\/de\/deutschland\/praesidentschaftswahl-in-brasilien-spd-vorsitzender-klingbeil-hofft-auf-sieg-lula-da-silvas\/"},"wordCount":230,"commentCount":0,"publisher":{"@id":"https:\/\/now-news.de\/de\/#organization"},"image":{"@id":"https:\/\/now-news.de\/de\/deutschland\/praesidentschaftswahl-in-brasilien-spd-vorsitzender-klingbeil-hofft-auf-sieg-lula-da-silvas\/#primaryimage"},"thumbnailUrl":"https:\/\/now-news.de\/de\/wp-content\/uploads\/sites\/3\/2022\/08\/Praesidentschaftswahl-in-Brasilien-SPD-Vorsitzender-Klingbeil-hofft-auf-Sieg-Lula-da.jpg","keywords":["AUF","Brasilien","hofft","Klingbeil","Lula","Pr\u00e4sidentschaftswahl","Sieg","Silvas","SPDVorsitzender"],"articleSection":["Deutschland","Russland"],"inLanguage":"de","potentialAction":[{"@type":"CommentAction","name":"Comment","target":["https:\/\/now-news.de\/de\/deutschland\/praesidentschaftswahl-in-brasilien-spd-vorsitzender-klingbeil-hofft-auf-sieg-lula-da-silvas\/#respond"]}]},{"@type":"WebPage","@id":"https:\/\/now-news.de\/de\/deutschland\/praesidentschaftswahl-in-brasilien-spd-vorsitzender-klingbeil-hofft-auf-sieg-lula-da-silvas\/","url":"https:\/\/now-news.de\/de\/deutschland\/praesidentschaftswahl-in-brasilien-spd-vorsitzender-klingbeil-hofft-auf-sieg-lula-da-silvas\/","name":"Pr\u00e4sidentschaftswahl in Brasilien: SPD-Vorsitzender Klingbeil hofft auf Sieg Lula da Silvas - just-now.NEWS Deutschland","isPartOf":{"@id":"https:\/\/now-news.de\/de\/#website"},"primaryImageOfPage":{"@id":"https:\/\/now-news.de\/de\/deutschland\/praesidentschaftswahl-in-brasilien-spd-vorsitzender-klingbeil-hofft-auf-sieg-lula-da-silvas\/#primaryimage"},"image":{"@id":"https:\/\/now-news.de\/de\/deutschland\/praesidentschaftswahl-in-brasilien-spd-vorsitzender-klingbeil-hofft-auf-sieg-lula-da-silvas\/#primaryimage"},"thumbnailUrl":"https:\/\/now-news.de\/de\/wp-content\/uploads\/sites\/3\/2022\/08\/Praesidentschaftswahl-in-Brasilien-SPD-Vorsitzender-Klingbeil-hofft-auf-Sieg-Lula-da.jpg","datePublished":"2022-08-19T04:00:00+00:00","dateModified":"2022-08-19T04:00:00+00:00","breadcrumb":{"@id":"https:\/\/now-news.de\/de\/deutschland\/praesidentschaftswahl-in-brasilien-spd-vorsitzender-klingbeil-hofft-auf-sieg-lula-da-silvas\/#breadcrumb"},"inLanguage":"de","potentialAction":[{"@type":"ReadAction","target":["https:\/\/now-news.de\/de\/deutschland\/praesidentschaftswahl-in-brasilien-spd-vorsitzender-klingbeil-hofft-auf-sieg-lula-da-silvas\/"]}]},{"@type":"ImageObject","inLanguage":"de","@id":"https:\/\/now-news.de\/de\/deutschland\/praesidentschaftswahl-in-brasilien-spd-vorsitzender-klingbeil-hofft-auf-sieg-lula-da-silvas\/#primaryimage","url":"https:\/\/now-news.de\/de\/wp-content\/uploads\/sites\/3\/2022\/08\/Praesidentschaftswahl-in-Brasilien-SPD-Vorsitzender-Klingbeil-hofft-auf-Sieg-Lula-da.jpg","contentUrl":"https:\/\/now-news.de\/de\/wp-content\/uploads\/sites\/3\/2022\/08\/Praesidentschaftswahl-in-Brasilien-SPD-Vorsitzender-Klingbeil-hofft-auf-Sieg-Lula-da.jpg","width":460,"height":259,"caption":"Pr\u00e4sidentschaftswahl in Brasilien: SPD-Vorsitzender Klingbeil hofft auf Sieg Lula da Silvas"},{"@type":"BreadcrumbList","@id":"https:\/\/now-news.de\/de\/deutschland\/praesidentschaftswahl-in-brasilien-spd-vorsitzender-klingbeil-hofft-auf-sieg-lula-da-silvas\/#breadcrumb","itemListElement":[{"@type":"ListItem","position":1,"name":"Home","item":"https:\/\/now-news.de\/de\/"},{"@type":"ListItem","position":2,"name":"Pr\u00e4sidentschaftswahl in Brasilien: SPD-Vorsitzender Klingbeil hofft auf Sieg Lula da Silvas"}]},{"@type":"WebSite","@id":"https:\/\/now-news.de\/de\/#website","url":"https:\/\/now-news.de\/de\/","name":"just-now.NEWS Deutschland","description":"Das Portal f\u00fcr unzensierte Nachrichten aus der Welt","publisher":{"@id":"https:\/\/now-news.de\/de\/#organization"},"potentialAction":[{"@type":"SearchAction","target":{"@type":"EntryPoint","urlTemplate":"https:\/\/now-news.de\/de\/?s={search_term_string}"},"query-input":"required name=search_term_string"}],"inLanguage":"de"},{"@type":"Organization","@id":"https:\/\/now-news.de\/de\/#organization","name":"Just Now News","url":"https:\/\/now-news.de\/de\/","logo":{"@type":"ImageObject","inLanguage":"de","@id":"https:\/\/now-news.de\/de\/#\/schema\/logo\/image\/","url":"http:\/\/just-now.news\/de\/wp-content\/uploads\/sites\/3\/2022\/04\/logo500x500.jpg","contentUrl":"http:\/\/just-now.news\/de\/wp-content\/uploads\/sites\/3\/2022\/04\/logo500x500.jpg","width":500,"height":500,"caption":"Just Now News"},"image":{"@id":"https:\/\/now-news.de\/de\/#\/schema\/logo\/image\/"},"sameAs":["https:\/\/www.facebook.com\/wirmachenauf","https:\/\/x.com\/WirMachenAuf_de"]},{"@type":"Person","@id":"https:\/\/now-news.de\/de\/#\/schema\/person\/fb534a4e865501d8b3285208df34a9b5","name":"rtnews","image":{"@type":"ImageObject","inLanguage":"de","@id":"https:\/\/now-news.de\/de\/#\/schema\/person\/image\/","url":"https:\/\/secure.gravatar.com\/avatar\/82aafea7d8127119dd649515f56e2117?s=96&d=mm&r=g","contentUrl":"https:\/\/secure.gravatar.com\/avatar\/82aafea7d8127119dd649515f56e2117?s=96&d=mm&r=g","caption":"rtnews"},"url":"https:\/\/now-news.de\/de\/author\/rnews\/"}]}},"_links":{"self":[{"href":"https:\/\/now-news.de\/de\/wp-json\/wp\/v2\/posts\/17219"}],"collection":[{"href":"https:\/\/now-news.de\/de\/wp-json\/wp\/v2\/posts"}],"about":[{"href":"https:\/\/now-news.de\/de\/wp-json\/wp\/v2\/types\/post"}],"author":[{"embeddable":true,"href":"https:\/\/now-news.de\/de\/wp-json\/wp\/v2\/users\/3"}],"replies":[{"embeddable":true,"href":"https:\/\/now-news.de\/de\/wp-json\/wp\/v2\/comments?post=17219"}],"version-history":[{"count":0,"href":"https:\/\/now-news.de\/de\/wp-json\/wp\/v2\/posts\/17219\/revisions"}],"wp:featuredmedia":[{"embeddable":true,"href":"https:\/\/now-news.de\/de\/wp-json\/wp\/v2\/media\/17220"}],"wp:attachment":[{"href":"https:\/\/now-news.de\/de\/wp-json\/wp\/v2\/media?parent=17219"}],"wp:term":[{"taxonomy":"category","embeddable":true,"href":"https:\/\/now-news.de\/de\/wp-json\/wp\/v2\/categories?post=17219"},{"taxonomy":"post_tag","embeddable":true,"href":"https:\/\/now-news.de\/de\/wp-json\/wp\/v2\/tags?post=17219"}],"curies":[{"name":"wp","href":"https:\/\/api.w.org\/{rel}","templated":true}]}}