{"id":17184,"date":"2022-08-18T15:07:49","date_gmt":"2022-08-18T13:07:49","guid":{"rendered":"http:\/\/just-now.news\/de\/deutschland\/experte-die-krise-die-ueber-europa-hereinbricht-ist-in-der-geschichte-beispiellos\/"},"modified":"2022-08-18T15:07:49","modified_gmt":"2022-08-18T13:07:49","slug":"experte-die-krise-die-ueber-europa-hereinbricht-ist-in-der-geschichte-beispiellos","status":"publish","type":"post","link":"https:\/\/now-news.de\/de\/deutschland\/experte-die-krise-die-ueber-europa-hereinbricht-ist-in-der-geschichte-beispiellos\/","title":{"rendered":"Experte: Die Krise, die \u00fcber Europa hereinbricht, ist in der Geschichte beispiellos"},"content":{"rendered":"<p><img decoding=\"async\" src=\"http:\/\/just-now.news\/de\/wp-content\/uploads\/sites\/3\/2022\/08\/62fe398ab480cc54521ccd0c.jpg\" \/><\/p>\n<p>Die Wirtschaftskrise, die sich in Europa als Folge des Krieges in der Ukraine und der gegen Russland verh\u00e4ngten Sanktionen abzeichnet, wird einzigartig sein, sagte Pawel Samijew, Experte und Leiter der analytischen Agentur <em>BusinessDrome<\/em>, in einem Interview mit <em>Lenta.ru<\/em>. Diesmal h\u00e4tten die europ\u00e4ischen Staaten gleichzeitig mit Wirtschafts-, Energie- und Nahrungsmittelschwierigkeiten zu k\u00e4mpfen. Der Experte erl\u00e4uterte:<\/p>\n<blockquote>\n<p><em>&#8220;Die bevorstehende Krise ist einzigartig, weil drei Faktoren gleichzeitig zusammenkommen. Erstens w\u00fcrde es jetzt ohnehin eine zyklische globale Krise geben, die um die Jahreswende 2021\/2022 erwartet wurde. Aber w\u00e4hrend der Pandemie wurden alle M\u00e4rkte mit Geld \u00fcberschwemmt, sodass die Krise vermieden werden konnte, obwohl eine zyklische Version davon sogar notwendig ist.&#8221;<\/em><\/p>\n<\/blockquote>\n<p>Die &#8220;\u00dcberschwemmung der M\u00e4rkte mit Geld&#8221; k\u00f6nne die Krise, die wir derzeit erleben, &#8220;nur noch versch\u00e4rfen, wodurch sie mit der Gro\u00dfen Depression in den USA vergleichbar w\u00e4re&#8221;, so der Experte:<\/p>\n<blockquote>\n<p><em>&#8220;Parallel zur Wirtschaftskrise erleben wir, zumindest in Europa, eine massive Energiekrise. Dazu kommt eine Nahrungsmittelkrise, die mit der Ernte oder der Logistik zusammenh\u00e4ngt. Auch inflation\u00e4re Faktoren haben ihren Teil dazu beigetragen. Infolgedessen haben wir es mit drei starken Krisen gleichzeitig zu tun. Das ist beispiellos \u2013 normalerweise gibt es entweder nur eine wirtschaftliche oder nur eine sektorale Krise.&#8221;<\/em><\/p>\n<\/blockquote>\n<p>Dem Experten zufolge\u00a0seien die Auswirkungen der derzeitigen Krise gerade deshalb nicht vorhersehbar, weil sie so einzigartig ist.<\/p>\n<p>In jedem Fall wird der Wirtschaftsraum eine gewisse Neuausrichtung der Technologie, eine Umstrukturierung der M\u00e4rkte sowie R\u00fcckg\u00e4nge in einer Reihe von Marktsegmenten erleben, so der Experte.<\/p>\n<p><em>Bloomberg<\/em> hatte zuvor <a rel=\"nofollow noopener\" target=\"_blank\" href=\"https:\/\/www.bloomberg.com\/news\/articles\/2022-08-15\/economists-say-a-euro-zone-recession-is-now-more-likely-than-not\">berichtet<\/a>, dass 60 Prozent der von der Agentur befragten Experten eine Rezession f\u00fcr die Wirtschaft der Eurozone vorhersagen.<\/p>\n<p><strong>Mehr zum Thema &#8211;<\/strong>\u00a0<a rel=\"nofollow noopener\" target=\"_blank\" href=\"https:\/\/de.rt.com\/inland\/144933-linder-berater-feld-warnt-vor\/\">Lindner-Berater warnt vor Rezession: Bisherige konjunkturelle R\u00fcckschl\u00e4ge waren erst der Anfang<\/a><\/p>\n<p><br \/>\n<br \/><a href=\"https:\/\/de.rt.com\/europa\/146395-experte-krise-uber-europa-hereinbricht\/\">Source link <\/a><\/p>\n","protected":false},"excerpt":{"rendered":"<p>Die Wirtschaftskrise, die sich in Europa als Folge des Krieges in der Ukraine und der gegen Russland verh\u00e4ngten Sanktionen abzeichnet, wird einzigartig sein, sagte Pawel Samijew, Experte und Leiter der analytischen Agentur BusinessDrome, in einem Interview mit Lenta.ru. Diesmal h\u00e4tten die europ\u00e4ischen Staaten gleichzeitig mit Wirtschafts-, Energie- und Nahrungsmittelschwierigkeiten zu k\u00e4mpfen. Der Experte erl\u00e4uterte: &#8220;Die [&hellip;]<\/p>\n","protected":false},"author":3,"featured_media":17185,"comment_status":"open","ping_status":"open","sticky":false,"template":"","format":"standard","meta":{"wp_automatic_camp":["217"],"77d578c61f53593b04b1accfbf45dc7c":["Experte: Die Krise, die \u00fcber Europa hereinbricht, ist in der Geschichte beispiellos"],"original_link":["https:\/\/de.rt.com\/europa\/146395-experte-krise-uber-europa-hereinbricht\/"],"_thumbnail_id":["17185"],"_wptg_p2tg_sent2tg":["2022-08-18 15:19:01"],"jnews_social_counter_last_update":["1777462468"]},"categories":[19,23],"tags":[10009,82,45,1370,3927,851,31227,414,861,139],"yoast_head":"<!-- This site is optimized with the Yoast SEO Premium plugin v22.7 (Yoast SEO v22.7) - https:\/\/yoast.com\/wordpress\/plugins\/seo\/ -->\n<title>Experte: Die Krise, die \u00fcber Europa hereinbricht, ist in der Geschichte beispiellos - just-now.NEWS Deutschland<\/title>\n<meta name=\"robots\" content=\"index, follow, max-snippet:-1, max-image-preview:large, max-video-preview:-1\" \/>\n<link rel=\"canonical\" href=\"https:\/\/now-news.de\/de\/deutschland\/experte-die-krise-die-ueber-europa-hereinbricht-ist-in-der-geschichte-beispiellos\/\" \/>\n<meta property=\"og:locale\" content=\"de_DE\" \/>\n<meta property=\"og:type\" content=\"article\" \/>\n<meta property=\"og:title\" content=\"Experte: Die Krise, die \u00fcber Europa hereinbricht, ist in der Geschichte beispiellos\" \/>\n<meta property=\"og:description\" content=\"Die Wirtschaftskrise, die sich in Europa als Folge des Krieges in der Ukraine und der gegen Russland verh\u00e4ngten Sanktionen abzeichnet, wird einzigartig sein, sagte Pawel Samijew, Experte und Leiter der analytischen Agentur BusinessDrome, in einem Interview mit Lenta.ru. Diesmal h\u00e4tten die europ\u00e4ischen Staaten gleichzeitig mit Wirtschafts-, Energie- und Nahrungsmittelschwierigkeiten zu k\u00e4mpfen. Der Experte erl\u00e4uterte: &#8220;Die [&hellip;]\" \/>\n<meta property=\"og:url\" content=\"https:\/\/now-news.de\/de\/deutschland\/experte-die-krise-die-ueber-europa-hereinbricht-ist-in-der-geschichte-beispiellos\/\" \/>\n<meta property=\"og:site_name\" content=\"just-now.NEWS Deutschland\" \/>\n<meta property=\"article:publisher\" content=\"https:\/\/www.facebook.com\/wirmachenauf\" \/>\n<meta property=\"article:published_time\" content=\"2022-08-18T13:07:49+00:00\" \/>\n<meta property=\"og:image\" content=\"https:\/\/now-news.de\/de\/wp-content\/uploads\/sites\/3\/2022\/08\/Experte-Die-Krise-die-ueber-Europa-hereinbricht-ist-in-der.jpg\" \/>\n\t<meta property=\"og:image:width\" content=\"460\" \/>\n\t<meta property=\"og:image:height\" content=\"259\" \/>\n\t<meta property=\"og:image:type\" content=\"image\/jpeg\" \/>\n<meta name=\"author\" content=\"rtnews\" \/>\n<meta name=\"twitter:card\" content=\"summary_large_image\" \/>\n<meta name=\"twitter:creator\" content=\"@WirMachenAuf_de\" \/>\n<meta name=\"twitter:site\" content=\"@WirMachenAuf_de\" \/>\n<meta name=\"twitter:label1\" content=\"Verfasst von\" \/>\n\t<meta name=\"twitter:data1\" content=\"rtnews\" \/>\n\t<meta name=\"twitter:label2\" content=\"Gesch\u00e4tzte Lesezeit\" \/>\n\t<meta name=\"twitter:data2\" content=\"1\u00a0Minute\" \/>\n<script type=\"application\/ld+json\" class=\"yoast-schema-graph\">{\"@context\":\"https:\/\/schema.org\",\"@graph\":[{\"@type\":\"Article\",\"@id\":\"https:\/\/now-news.de\/de\/deutschland\/experte-die-krise-die-ueber-europa-hereinbricht-ist-in-der-geschichte-beispiellos\/#article\",\"isPartOf\":{\"@id\":\"https:\/\/now-news.de\/de\/deutschland\/experte-die-krise-die-ueber-europa-hereinbricht-ist-in-der-geschichte-beispiellos\/\"},\"author\":{\"name\":\"rtnews\",\"@id\":\"https:\/\/now-news.de\/de\/#\/schema\/person\/fb534a4e865501d8b3285208df34a9b5\"},\"headline\":\"Experte: Die Krise, die \u00fcber Europa hereinbricht, ist in der Geschichte beispiellos\",\"datePublished\":\"2022-08-18T13:07:49+00:00\",\"dateModified\":\"2022-08-18T13:07:49+00:00\",\"mainEntityOfPage\":{\"@id\":\"https:\/\/now-news.de\/de\/deutschland\/experte-die-krise-die-ueber-europa-hereinbricht-ist-in-der-geschichte-beispiellos\/\"},\"wordCount\":307,\"commentCount\":0,\"publisher\":{\"@id\":\"https:\/\/now-news.de\/de\/#organization\"},\"image\":{\"@id\":\"https:\/\/now-news.de\/de\/deutschland\/experte-die-krise-die-ueber-europa-hereinbricht-ist-in-der-geschichte-beispiellos\/#primaryimage\"},\"thumbnailUrl\":\"https:\/\/now-news.de\/de\/wp-content\/uploads\/sites\/3\/2022\/08\/Experte-Die-Krise-die-ueber-Europa-hereinbricht-ist-in-der.jpg\",\"keywords\":[\"beispiellos\",\"der\",\"die\",\"Europa\",\"Experte\",\"Geschichte\",\"hereinbricht\",\"ist\",\"krise\",\"\u00fcber\"],\"articleSection\":[\"Deutschland\",\"Russland\"],\"inLanguage\":\"de\",\"potentialAction\":[{\"@type\":\"CommentAction\",\"name\":\"Comment\",\"target\":[\"https:\/\/now-news.de\/de\/deutschland\/experte-die-krise-die-ueber-europa-hereinbricht-ist-in-der-geschichte-beispiellos\/#respond\"]}]},{\"@type\":\"WebPage\",\"@id\":\"https:\/\/now-news.de\/de\/deutschland\/experte-die-krise-die-ueber-europa-hereinbricht-ist-in-der-geschichte-beispiellos\/\",\"url\":\"https:\/\/now-news.de\/de\/deutschland\/experte-die-krise-die-ueber-europa-hereinbricht-ist-in-der-geschichte-beispiellos\/\",\"name\":\"Experte: Die Krise, die \u00fcber Europa hereinbricht, ist in der Geschichte beispiellos - just-now.NEWS Deutschland\",\"isPartOf\":{\"@id\":\"https:\/\/now-news.de\/de\/#website\"},\"primaryImageOfPage\":{\"@id\":\"https:\/\/now-news.de\/de\/deutschland\/experte-die-krise-die-ueber-europa-hereinbricht-ist-in-der-geschichte-beispiellos\/#primaryimage\"},\"image\":{\"@id\":\"https:\/\/now-news.de\/de\/deutschland\/experte-die-krise-die-ueber-europa-hereinbricht-ist-in-der-geschichte-beispiellos\/#primaryimage\"},\"thumbnailUrl\":\"https:\/\/now-news.de\/de\/wp-content\/uploads\/sites\/3\/2022\/08\/Experte-Die-Krise-die-ueber-Europa-hereinbricht-ist-in-der.jpg\",\"datePublished\":\"2022-08-18T13:07:49+00:00\",\"dateModified\":\"2022-08-18T13:07:49+00:00\",\"breadcrumb\":{\"@id\":\"https:\/\/now-news.de\/de\/deutschland\/experte-die-krise-die-ueber-europa-hereinbricht-ist-in-der-geschichte-beispiellos\/#breadcrumb\"},\"inLanguage\":\"de\",\"potentialAction\":[{\"@type\":\"ReadAction\",\"target\":[\"https:\/\/now-news.de\/de\/deutschland\/experte-die-krise-die-ueber-europa-hereinbricht-ist-in-der-geschichte-beispiellos\/\"]}]},{\"@type\":\"ImageObject\",\"inLanguage\":\"de\",\"@id\":\"https:\/\/now-news.de\/de\/deutschland\/experte-die-krise-die-ueber-europa-hereinbricht-ist-in-der-geschichte-beispiellos\/#primaryimage\",\"url\":\"https:\/\/now-news.de\/de\/wp-content\/uploads\/sites\/3\/2022\/08\/Experte-Die-Krise-die-ueber-Europa-hereinbricht-ist-in-der.jpg\",\"contentUrl\":\"https:\/\/now-news.de\/de\/wp-content\/uploads\/sites\/3\/2022\/08\/Experte-Die-Krise-die-ueber-Europa-hereinbricht-ist-in-der.jpg\",\"width\":460,\"height\":259,\"caption\":\"Experte: Die Krise, die \u00fcber Europa hereinbricht, ist in der Geschichte beispiellos\"},{\"@type\":\"BreadcrumbList\",\"@id\":\"https:\/\/now-news.de\/de\/deutschland\/experte-die-krise-die-ueber-europa-hereinbricht-ist-in-der-geschichte-beispiellos\/#breadcrumb\",\"itemListElement\":[{\"@type\":\"ListItem\",\"position\":1,\"name\":\"Home\",\"item\":\"https:\/\/now-news.de\/de\/\"},{\"@type\":\"ListItem\",\"position\":2,\"name\":\"Experte: Die Krise, die \u00fcber Europa hereinbricht, ist in der Geschichte beispiellos\"}]},{\"@type\":\"WebSite\",\"@id\":\"https:\/\/now-news.de\/de\/#website\",\"url\":\"https:\/\/now-news.de\/de\/\",\"name\":\"just-now.NEWS Deutschland\",\"description\":\"Das Portal f\u00fcr unzensierte Nachrichten aus der Welt\",\"publisher\":{\"@id\":\"https:\/\/now-news.de\/de\/#organization\"},\"potentialAction\":[{\"@type\":\"SearchAction\",\"target\":{\"@type\":\"EntryPoint\",\"urlTemplate\":\"https:\/\/now-news.de\/de\/?s={search_term_string}\"},\"query-input\":\"required name=search_term_string\"}],\"inLanguage\":\"de\"},{\"@type\":\"Organization\",\"@id\":\"https:\/\/now-news.de\/de\/#organization\",\"name\":\"Just Now News\",\"url\":\"https:\/\/now-news.de\/de\/\",\"logo\":{\"@type\":\"ImageObject\",\"inLanguage\":\"de\",\"@id\":\"https:\/\/now-news.de\/de\/#\/schema\/logo\/image\/\",\"url\":\"http:\/\/just-now.news\/de\/wp-content\/uploads\/sites\/3\/2022\/04\/logo500x500.jpg\",\"contentUrl\":\"http:\/\/just-now.news\/de\/wp-content\/uploads\/sites\/3\/2022\/04\/logo500x500.jpg\",\"width\":500,\"height\":500,\"caption\":\"Just Now News\"},\"image\":{\"@id\":\"https:\/\/now-news.de\/de\/#\/schema\/logo\/image\/\"},\"sameAs\":[\"https:\/\/www.facebook.com\/wirmachenauf\",\"https:\/\/x.com\/WirMachenAuf_de\"]},{\"@type\":\"Person\",\"@id\":\"https:\/\/now-news.de\/de\/#\/schema\/person\/fb534a4e865501d8b3285208df34a9b5\",\"name\":\"rtnews\",\"image\":{\"@type\":\"ImageObject\",\"inLanguage\":\"de\",\"@id\":\"https:\/\/now-news.de\/de\/#\/schema\/person\/image\/\",\"url\":\"https:\/\/secure.gravatar.com\/avatar\/82aafea7d8127119dd649515f56e2117?s=96&d=mm&r=g\",\"contentUrl\":\"https:\/\/secure.gravatar.com\/avatar\/82aafea7d8127119dd649515f56e2117?s=96&d=mm&r=g\",\"caption\":\"rtnews\"},\"url\":\"https:\/\/now-news.de\/de\/author\/rnews\/\"}]}<\/script>\n<!-- \/ Yoast SEO Premium plugin. -->","yoast_head_json":{"title":"Experte: Die Krise, die \u00fcber Europa hereinbricht, ist in der Geschichte beispiellos - just-now.NEWS Deutschland","robots":{"index":"index","follow":"follow","max-snippet":"max-snippet:-1","max-image-preview":"max-image-preview:large","max-video-preview":"max-video-preview:-1"},"canonical":"https:\/\/now-news.de\/de\/deutschland\/experte-die-krise-die-ueber-europa-hereinbricht-ist-in-der-geschichte-beispiellos\/","og_locale":"de_DE","og_type":"article","og_title":"Experte: Die Krise, die \u00fcber Europa hereinbricht, ist in der Geschichte beispiellos","og_description":"Die Wirtschaftskrise, die sich in Europa als Folge des Krieges in der Ukraine und der gegen Russland verh\u00e4ngten Sanktionen abzeichnet, wird einzigartig sein, sagte Pawel Samijew, Experte und Leiter der analytischen Agentur BusinessDrome, in einem Interview mit Lenta.ru. Diesmal h\u00e4tten die europ\u00e4ischen Staaten gleichzeitig mit Wirtschafts-, Energie- und Nahrungsmittelschwierigkeiten zu k\u00e4mpfen. Der Experte erl\u00e4uterte: &#8220;Die [&hellip;]","og_url":"https:\/\/now-news.de\/de\/deutschland\/experte-die-krise-die-ueber-europa-hereinbricht-ist-in-der-geschichte-beispiellos\/","og_site_name":"just-now.NEWS Deutschland","article_publisher":"https:\/\/www.facebook.com\/wirmachenauf","article_published_time":"2022-08-18T13:07:49+00:00","og_image":[{"width":460,"height":259,"url":"https:\/\/now-news.de\/de\/wp-content\/uploads\/sites\/3\/2022\/08\/Experte-Die-Krise-die-ueber-Europa-hereinbricht-ist-in-der.jpg","type":"image\/jpeg"}],"author":"rtnews","twitter_card":"summary_large_image","twitter_creator":"@WirMachenAuf_de","twitter_site":"@WirMachenAuf_de","twitter_misc":{"Verfasst von":"rtnews","Gesch\u00e4tzte Lesezeit":"1\u00a0Minute"},"schema":{"@context":"https:\/\/schema.org","@graph":[{"@type":"Article","@id":"https:\/\/now-news.de\/de\/deutschland\/experte-die-krise-die-ueber-europa-hereinbricht-ist-in-der-geschichte-beispiellos\/#article","isPartOf":{"@id":"https:\/\/now-news.de\/de\/deutschland\/experte-die-krise-die-ueber-europa-hereinbricht-ist-in-der-geschichte-beispiellos\/"},"author":{"name":"rtnews","@id":"https:\/\/now-news.de\/de\/#\/schema\/person\/fb534a4e865501d8b3285208df34a9b5"},"headline":"Experte: Die Krise, die \u00fcber Europa hereinbricht, ist in der Geschichte beispiellos","datePublished":"2022-08-18T13:07:49+00:00","dateModified":"2022-08-18T13:07:49+00:00","mainEntityOfPage":{"@id":"https:\/\/now-news.de\/de\/deutschland\/experte-die-krise-die-ueber-europa-hereinbricht-ist-in-der-geschichte-beispiellos\/"},"wordCount":307,"commentCount":0,"publisher":{"@id":"https:\/\/now-news.de\/de\/#organization"},"image":{"@id":"https:\/\/now-news.de\/de\/deutschland\/experte-die-krise-die-ueber-europa-hereinbricht-ist-in-der-geschichte-beispiellos\/#primaryimage"},"thumbnailUrl":"https:\/\/now-news.de\/de\/wp-content\/uploads\/sites\/3\/2022\/08\/Experte-Die-Krise-die-ueber-Europa-hereinbricht-ist-in-der.jpg","keywords":["beispiellos","der","die","Europa","Experte","Geschichte","hereinbricht","ist","krise","\u00fcber"],"articleSection":["Deutschland","Russland"],"inLanguage":"de","potentialAction":[{"@type":"CommentAction","name":"Comment","target":["https:\/\/now-news.de\/de\/deutschland\/experte-die-krise-die-ueber-europa-hereinbricht-ist-in-der-geschichte-beispiellos\/#respond"]}]},{"@type":"WebPage","@id":"https:\/\/now-news.de\/de\/deutschland\/experte-die-krise-die-ueber-europa-hereinbricht-ist-in-der-geschichte-beispiellos\/","url":"https:\/\/now-news.de\/de\/deutschland\/experte-die-krise-die-ueber-europa-hereinbricht-ist-in-der-geschichte-beispiellos\/","name":"Experte: Die Krise, die \u00fcber Europa hereinbricht, ist in der Geschichte beispiellos - just-now.NEWS Deutschland","isPartOf":{"@id":"https:\/\/now-news.de\/de\/#website"},"primaryImageOfPage":{"@id":"https:\/\/now-news.de\/de\/deutschland\/experte-die-krise-die-ueber-europa-hereinbricht-ist-in-der-geschichte-beispiellos\/#primaryimage"},"image":{"@id":"https:\/\/now-news.de\/de\/deutschland\/experte-die-krise-die-ueber-europa-hereinbricht-ist-in-der-geschichte-beispiellos\/#primaryimage"},"thumbnailUrl":"https:\/\/now-news.de\/de\/wp-content\/uploads\/sites\/3\/2022\/08\/Experte-Die-Krise-die-ueber-Europa-hereinbricht-ist-in-der.jpg","datePublished":"2022-08-18T13:07:49+00:00","dateModified":"2022-08-18T13:07:49+00:00","breadcrumb":{"@id":"https:\/\/now-news.de\/de\/deutschland\/experte-die-krise-die-ueber-europa-hereinbricht-ist-in-der-geschichte-beispiellos\/#breadcrumb"},"inLanguage":"de","potentialAction":[{"@type":"ReadAction","target":["https:\/\/now-news.de\/de\/deutschland\/experte-die-krise-die-ueber-europa-hereinbricht-ist-in-der-geschichte-beispiellos\/"]}]},{"@type":"ImageObject","inLanguage":"de","@id":"https:\/\/now-news.de\/de\/deutschland\/experte-die-krise-die-ueber-europa-hereinbricht-ist-in-der-geschichte-beispiellos\/#primaryimage","url":"https:\/\/now-news.de\/de\/wp-content\/uploads\/sites\/3\/2022\/08\/Experte-Die-Krise-die-ueber-Europa-hereinbricht-ist-in-der.jpg","contentUrl":"https:\/\/now-news.de\/de\/wp-content\/uploads\/sites\/3\/2022\/08\/Experte-Die-Krise-die-ueber-Europa-hereinbricht-ist-in-der.jpg","width":460,"height":259,"caption":"Experte: Die Krise, die \u00fcber Europa hereinbricht, ist in der Geschichte beispiellos"},{"@type":"BreadcrumbList","@id":"https:\/\/now-news.de\/de\/deutschland\/experte-die-krise-die-ueber-europa-hereinbricht-ist-in-der-geschichte-beispiellos\/#breadcrumb","itemListElement":[{"@type":"ListItem","position":1,"name":"Home","item":"https:\/\/now-news.de\/de\/"},{"@type":"ListItem","position":2,"name":"Experte: Die Krise, die \u00fcber Europa hereinbricht, ist in der Geschichte beispiellos"}]},{"@type":"WebSite","@id":"https:\/\/now-news.de\/de\/#website","url":"https:\/\/now-news.de\/de\/","name":"just-now.NEWS Deutschland","description":"Das Portal f\u00fcr unzensierte Nachrichten aus der Welt","publisher":{"@id":"https:\/\/now-news.de\/de\/#organization"},"potentialAction":[{"@type":"SearchAction","target":{"@type":"EntryPoint","urlTemplate":"https:\/\/now-news.de\/de\/?s={search_term_string}"},"query-input":"required name=search_term_string"}],"inLanguage":"de"},{"@type":"Organization","@id":"https:\/\/now-news.de\/de\/#organization","name":"Just Now News","url":"https:\/\/now-news.de\/de\/","logo":{"@type":"ImageObject","inLanguage":"de","@id":"https:\/\/now-news.de\/de\/#\/schema\/logo\/image\/","url":"http:\/\/just-now.news\/de\/wp-content\/uploads\/sites\/3\/2022\/04\/logo500x500.jpg","contentUrl":"http:\/\/just-now.news\/de\/wp-content\/uploads\/sites\/3\/2022\/04\/logo500x500.jpg","width":500,"height":500,"caption":"Just Now News"},"image":{"@id":"https:\/\/now-news.de\/de\/#\/schema\/logo\/image\/"},"sameAs":["https:\/\/www.facebook.com\/wirmachenauf","https:\/\/x.com\/WirMachenAuf_de"]},{"@type":"Person","@id":"https:\/\/now-news.de\/de\/#\/schema\/person\/fb534a4e865501d8b3285208df34a9b5","name":"rtnews","image":{"@type":"ImageObject","inLanguage":"de","@id":"https:\/\/now-news.de\/de\/#\/schema\/person\/image\/","url":"https:\/\/secure.gravatar.com\/avatar\/82aafea7d8127119dd649515f56e2117?s=96&d=mm&r=g","contentUrl":"https:\/\/secure.gravatar.com\/avatar\/82aafea7d8127119dd649515f56e2117?s=96&d=mm&r=g","caption":"rtnews"},"url":"https:\/\/now-news.de\/de\/author\/rnews\/"}]}},"_links":{"self":[{"href":"https:\/\/now-news.de\/de\/wp-json\/wp\/v2\/posts\/17184"}],"collection":[{"href":"https:\/\/now-news.de\/de\/wp-json\/wp\/v2\/posts"}],"about":[{"href":"https:\/\/now-news.de\/de\/wp-json\/wp\/v2\/types\/post"}],"author":[{"embeddable":true,"href":"https:\/\/now-news.de\/de\/wp-json\/wp\/v2\/users\/3"}],"replies":[{"embeddable":true,"href":"https:\/\/now-news.de\/de\/wp-json\/wp\/v2\/comments?post=17184"}],"version-history":[{"count":0,"href":"https:\/\/now-news.de\/de\/wp-json\/wp\/v2\/posts\/17184\/revisions"}],"wp:featuredmedia":[{"embeddable":true,"href":"https:\/\/now-news.de\/de\/wp-json\/wp\/v2\/media\/17185"}],"wp:attachment":[{"href":"https:\/\/now-news.de\/de\/wp-json\/wp\/v2\/media?parent=17184"}],"wp:term":[{"taxonomy":"category","embeddable":true,"href":"https:\/\/now-news.de\/de\/wp-json\/wp\/v2\/categories?post=17184"},{"taxonomy":"post_tag","embeddable":true,"href":"https:\/\/now-news.de\/de\/wp-json\/wp\/v2\/tags?post=17184"}],"curies":[{"name":"wp","href":"https:\/\/api.w.org\/{rel}","templated":true}]}}