{"id":17174,"date":"2022-08-18T13:25:24","date_gmt":"2022-08-18T11:25:24","guid":{"rendered":"http:\/\/just-now.news\/de\/deutschland\/die-unterstuetzung-europas-fuer-die-ukraine-broeckelt\/"},"modified":"2022-08-18T13:25:24","modified_gmt":"2022-08-18T11:25:24","slug":"die-unterstuetzung-europas-fuer-die-ukraine-broeckelt","status":"publish","type":"post","link":"https:\/\/now-news.de\/de\/deutschland\/die-unterstuetzung-europas-fuer-die-ukraine-broeckelt\/","title":{"rendered":"Die Unterst\u00fctzung Europas f\u00fcr die Ukraine br\u00f6ckelt"},"content":{"rendered":"<p><img decoding=\"async\" src=\"http:\/\/just-now.news\/de\/wp-content\/uploads\/sites\/3\/2022\/08\/62fe0cdc48fbef661d0bc753.jpg\" \/><\/p>\n<p>Das Institut f\u00fcr Weltwirtschaft hat zur Messung der Unterst\u00fctzungsleistung westlicher Staaten f\u00fcr die Ukraine ein eigenes Tool entwickelt. Der Ukraine Support Tracker ist eine Datenbank, in der die finanziellen, milit\u00e4rischen und humanit\u00e4ren Hilfsleistungen f\u00fcr die Ukraine erfasst werden. Der Tracker zeigt f\u00fcr den Monat Juli: Die Unterst\u00fctzung f\u00fcr die Ukraine br\u00f6ckelt. Es gab praktisch keine weiteren Hilfszusagen.<\/p>\n<p>Der Tracker erfasst die Unterst\u00fctzungsleistungen von insgesamt 40 L\u00e4ndern. Er differenziert in drei Kategorien: milit\u00e4rische, humanit\u00e4re und finanzielle Unterst\u00fctzung. Dar\u00fcber hinaus unterscheidet er noch zwischen zugesagten und tats\u00e4chlich geleisteten Hilfen. Neben der EU, den Vereinigten Staaten und Gro\u00dfbritannien flie\u00dfen noch die Daten aus der T\u00fcrkei, Australien, Norwegen, S\u00fcdkorea, Neuseeland, China, Indien, Taiwan und der Schweiz ein.<\/p>\n<p>Aus den Daten f\u00fcr Juli geht hervor, dass die sechs gr\u00f6\u00dften europ\u00e4ischen L\u00e4nder der Ukraine keine weiteren Zusagen gemacht haben. Einzig Norwegen hat der Ukraine eine weitere Unterst\u00fctzung in Form einer Finanzhilfe in H\u00f6he von einer Milliarde Euro in Aussicht gestellt.<\/p>\n<p>Der R\u00fcckgang entspricht allerdings dem Trend: Schon im Juni waren die zugesagten Unterst\u00fctzungsleistungen deutlich zur\u00fcckgegangen.<\/p>\n<p>Die Daten verdeutlichen allerdings auch, dass die tats\u00e4chlich erbrachten Hilfsleistungen zunehmen. Das hei\u00dft, der Abstand zwischen zugesagten Hilfen und faktisch erbrachten Hilfen verringert sich.<\/p>\n<p>Christoph Trebesch, Leiter des Teams, das den Ukraine Support Tracker erstellt, weist darauf hin, dass beispielsweise Deutschland im Juli zwar keine neuen Waffen zugesagt, allerdings einen Teil der bisher zugesagten Waffen im besagten Monat geliefert hat.<\/p>\n<p>Bisher erweisen sich den Daten zufolge vor allem die USA und Gro\u00dfbritannien als zuverl\u00e4ssige Unterst\u00fctzer der Ukraine. Deutschland liegt mit Kanada und Polen gleichauf an dritter Position. Das entspricht auch der These, dass vor allem die USA Interesse an einem m\u00f6glichst langen Krieg haben.<\/p>\n<p>Die EU-Kommission setze sich zwar verbal regelm\u00e4\u00dfig f\u00fcr gro\u00dfe Unterst\u00fctzungspakete ein, schreibt das Kieler Institut. Es komme dann aber oftmals auf L\u00e4nderebene zu Verz\u00f6gerungen. Diese Unzuverl\u00e4ssigkeit sei f\u00fcr die Ukraine problematisch.<\/p>\n<p>Ob sich aus den zur\u00fcckgehenden Unterst\u00fctzungszusagen auch ableiten l\u00e4sst, dass der Westen mit einem baldigen Ende des Krieges rechnet, vielleicht sogar darauf hinarbeitet, dazu sagt das Kieler Institut nichts.<\/p>\n<p><strong>Mehr zum Thema<\/strong>\u00a0\u2013 <a rel=\"nofollow noopener\" target=\"_blank\" href=\"https:\/\/de.rt.com\/meinung\/146214-wer-hat-interesse-an-nuklearen-katastophe\/\">Wer hat ein Interesse an einer nuklearen Katastrophe in der Ukraine?<\/a><\/p>\n<p><br \/>\n<br \/><a href=\"https:\/\/de.rt.com\/europa\/146448-die-unterstuetzung-europas-fuer-die-ukraine-broeckelt\/\">Source link <\/a><\/p>\n","protected":false},"excerpt":{"rendered":"<p>Das Institut f\u00fcr Weltwirtschaft hat zur Messung der Unterst\u00fctzungsleistung westlicher Staaten f\u00fcr die Ukraine ein eigenes Tool entwickelt. Der Ukraine Support Tracker ist eine Datenbank, in der die finanziellen, milit\u00e4rischen und humanit\u00e4ren Hilfsleistungen f\u00fcr die Ukraine erfasst werden. Der Tracker zeigt f\u00fcr den Monat Juli: Die Unterst\u00fctzung f\u00fcr die Ukraine br\u00f6ckelt. Es gab praktisch keine [&hellip;]<\/p>\n","protected":false},"author":3,"featured_media":17175,"comment_status":"open","ping_status":"open","sticky":false,"template":"","format":"standard","meta":{"wp_automatic_camp":["217"],"e25f494aa58604c1c4e6f81e5ee8134b":["Die Unterst\u00fctzung Europas f\u00fcr die Ukraine br\u00f6ckelt"],"original_link":["https:\/\/de.rt.com\/europa\/146448-die-unterstuetzung-europas-fuer-die-ukraine-broeckelt\/"],"_thumbnail_id":["17175"],"_wptg_p2tg_sent2tg":["2022-08-18 13:27:13"],"jnews_social_counter_last_update":["1777314468"]},"categories":[19,23],"tags":[28070,45,1293,221,127,962],"yoast_head":"<!-- This site is optimized with the Yoast SEO Premium plugin v22.7 (Yoast SEO v22.7) - https:\/\/yoast.com\/wordpress\/plugins\/seo\/ -->\n<title>Die Unterst\u00fctzung Europas f\u00fcr die Ukraine br\u00f6ckelt - just-now.NEWS Deutschland<\/title>\n<meta name=\"robots\" content=\"index, follow, max-snippet:-1, max-image-preview:large, max-video-preview:-1\" \/>\n<link rel=\"canonical\" href=\"https:\/\/now-news.de\/de\/deutschland\/die-unterstuetzung-europas-fuer-die-ukraine-broeckelt\/\" \/>\n<meta property=\"og:locale\" content=\"de_DE\" \/>\n<meta property=\"og:type\" content=\"article\" \/>\n<meta property=\"og:title\" content=\"Die Unterst\u00fctzung Europas f\u00fcr die Ukraine br\u00f6ckelt\" \/>\n<meta property=\"og:description\" content=\"Das Institut f\u00fcr Weltwirtschaft hat zur Messung der Unterst\u00fctzungsleistung westlicher Staaten f\u00fcr die Ukraine ein eigenes Tool entwickelt. Der Ukraine Support Tracker ist eine Datenbank, in der die finanziellen, milit\u00e4rischen und humanit\u00e4ren Hilfsleistungen f\u00fcr die Ukraine erfasst werden. Der Tracker zeigt f\u00fcr den Monat Juli: Die Unterst\u00fctzung f\u00fcr die Ukraine br\u00f6ckelt. Es gab praktisch keine [&hellip;]\" \/>\n<meta property=\"og:url\" content=\"https:\/\/now-news.de\/de\/deutschland\/die-unterstuetzung-europas-fuer-die-ukraine-broeckelt\/\" \/>\n<meta property=\"og:site_name\" content=\"just-now.NEWS Deutschland\" \/>\n<meta property=\"article:publisher\" content=\"https:\/\/www.facebook.com\/wirmachenauf\" \/>\n<meta property=\"article:published_time\" content=\"2022-08-18T11:25:24+00:00\" \/>\n<meta property=\"og:image\" content=\"https:\/\/now-news.de\/de\/wp-content\/uploads\/sites\/3\/2022\/08\/Die-Unterstuetzung-Europas-fuer-die-Ukraine-broeckelt.jpg\" \/>\n\t<meta property=\"og:image:width\" content=\"460\" \/>\n\t<meta property=\"og:image:height\" content=\"259\" \/>\n\t<meta property=\"og:image:type\" content=\"image\/jpeg\" \/>\n<meta name=\"author\" content=\"rtnews\" \/>\n<meta name=\"twitter:card\" content=\"summary_large_image\" \/>\n<meta name=\"twitter:creator\" content=\"@WirMachenAuf_de\" \/>\n<meta name=\"twitter:site\" content=\"@WirMachenAuf_de\" \/>\n<meta name=\"twitter:label1\" content=\"Verfasst von\" \/>\n\t<meta name=\"twitter:data1\" content=\"rtnews\" \/>\n\t<meta name=\"twitter:label2\" content=\"Gesch\u00e4tzte Lesezeit\" \/>\n\t<meta name=\"twitter:data2\" content=\"2\u00a0Minuten\" \/>\n<script type=\"application\/ld+json\" class=\"yoast-schema-graph\">{\"@context\":\"https:\/\/schema.org\",\"@graph\":[{\"@type\":\"Article\",\"@id\":\"https:\/\/now-news.de\/de\/deutschland\/die-unterstuetzung-europas-fuer-die-ukraine-broeckelt\/#article\",\"isPartOf\":{\"@id\":\"https:\/\/now-news.de\/de\/deutschland\/die-unterstuetzung-europas-fuer-die-ukraine-broeckelt\/\"},\"author\":{\"name\":\"rtnews\",\"@id\":\"https:\/\/now-news.de\/de\/#\/schema\/person\/fb534a4e865501d8b3285208df34a9b5\"},\"headline\":\"Die Unterst\u00fctzung Europas f\u00fcr die Ukraine br\u00f6ckelt\",\"datePublished\":\"2022-08-18T11:25:24+00:00\",\"dateModified\":\"2022-08-18T11:25:24+00:00\",\"mainEntityOfPage\":{\"@id\":\"https:\/\/now-news.de\/de\/deutschland\/die-unterstuetzung-europas-fuer-die-ukraine-broeckelt\/\"},\"wordCount\":406,\"commentCount\":0,\"publisher\":{\"@id\":\"https:\/\/now-news.de\/de\/#organization\"},\"image\":{\"@id\":\"https:\/\/now-news.de\/de\/deutschland\/die-unterstuetzung-europas-fuer-die-ukraine-broeckelt\/#primaryimage\"},\"thumbnailUrl\":\"https:\/\/now-news.de\/de\/wp-content\/uploads\/sites\/3\/2022\/08\/Die-Unterstuetzung-Europas-fuer-die-Ukraine-broeckelt.jpg\",\"keywords\":[\"br\u00f6ckelt\",\"die\",\"Europas\",\"f\u00fcr\",\"ukraine\",\"Unterst\u00fctzung\"],\"articleSection\":[\"Deutschland\",\"Russland\"],\"inLanguage\":\"de\",\"potentialAction\":[{\"@type\":\"CommentAction\",\"name\":\"Comment\",\"target\":[\"https:\/\/now-news.de\/de\/deutschland\/die-unterstuetzung-europas-fuer-die-ukraine-broeckelt\/#respond\"]}]},{\"@type\":\"WebPage\",\"@id\":\"https:\/\/now-news.de\/de\/deutschland\/die-unterstuetzung-europas-fuer-die-ukraine-broeckelt\/\",\"url\":\"https:\/\/now-news.de\/de\/deutschland\/die-unterstuetzung-europas-fuer-die-ukraine-broeckelt\/\",\"name\":\"Die Unterst\u00fctzung Europas f\u00fcr die Ukraine br\u00f6ckelt - just-now.NEWS Deutschland\",\"isPartOf\":{\"@id\":\"https:\/\/now-news.de\/de\/#website\"},\"primaryImageOfPage\":{\"@id\":\"https:\/\/now-news.de\/de\/deutschland\/die-unterstuetzung-europas-fuer-die-ukraine-broeckelt\/#primaryimage\"},\"image\":{\"@id\":\"https:\/\/now-news.de\/de\/deutschland\/die-unterstuetzung-europas-fuer-die-ukraine-broeckelt\/#primaryimage\"},\"thumbnailUrl\":\"https:\/\/now-news.de\/de\/wp-content\/uploads\/sites\/3\/2022\/08\/Die-Unterstuetzung-Europas-fuer-die-Ukraine-broeckelt.jpg\",\"datePublished\":\"2022-08-18T11:25:24+00:00\",\"dateModified\":\"2022-08-18T11:25:24+00:00\",\"breadcrumb\":{\"@id\":\"https:\/\/now-news.de\/de\/deutschland\/die-unterstuetzung-europas-fuer-die-ukraine-broeckelt\/#breadcrumb\"},\"inLanguage\":\"de\",\"potentialAction\":[{\"@type\":\"ReadAction\",\"target\":[\"https:\/\/now-news.de\/de\/deutschland\/die-unterstuetzung-europas-fuer-die-ukraine-broeckelt\/\"]}]},{\"@type\":\"ImageObject\",\"inLanguage\":\"de\",\"@id\":\"https:\/\/now-news.de\/de\/deutschland\/die-unterstuetzung-europas-fuer-die-ukraine-broeckelt\/#primaryimage\",\"url\":\"https:\/\/now-news.de\/de\/wp-content\/uploads\/sites\/3\/2022\/08\/Die-Unterstuetzung-Europas-fuer-die-Ukraine-broeckelt.jpg\",\"contentUrl\":\"https:\/\/now-news.de\/de\/wp-content\/uploads\/sites\/3\/2022\/08\/Die-Unterstuetzung-Europas-fuer-die-Ukraine-broeckelt.jpg\",\"width\":460,\"height\":259,\"caption\":\"Die Unterst\u00fctzung Europas f\u00fcr die Ukraine br\u00f6ckelt\"},{\"@type\":\"BreadcrumbList\",\"@id\":\"https:\/\/now-news.de\/de\/deutschland\/die-unterstuetzung-europas-fuer-die-ukraine-broeckelt\/#breadcrumb\",\"itemListElement\":[{\"@type\":\"ListItem\",\"position\":1,\"name\":\"Home\",\"item\":\"https:\/\/now-news.de\/de\/\"},{\"@type\":\"ListItem\",\"position\":2,\"name\":\"Die Unterst\u00fctzung Europas f\u00fcr die Ukraine br\u00f6ckelt\"}]},{\"@type\":\"WebSite\",\"@id\":\"https:\/\/now-news.de\/de\/#website\",\"url\":\"https:\/\/now-news.de\/de\/\",\"name\":\"just-now.NEWS Deutschland\",\"description\":\"Das Portal f\u00fcr unzensierte Nachrichten aus der Welt\",\"publisher\":{\"@id\":\"https:\/\/now-news.de\/de\/#organization\"},\"potentialAction\":[{\"@type\":\"SearchAction\",\"target\":{\"@type\":\"EntryPoint\",\"urlTemplate\":\"https:\/\/now-news.de\/de\/?s={search_term_string}\"},\"query-input\":\"required name=search_term_string\"}],\"inLanguage\":\"de\"},{\"@type\":\"Organization\",\"@id\":\"https:\/\/now-news.de\/de\/#organization\",\"name\":\"Just Now News\",\"url\":\"https:\/\/now-news.de\/de\/\",\"logo\":{\"@type\":\"ImageObject\",\"inLanguage\":\"de\",\"@id\":\"https:\/\/now-news.de\/de\/#\/schema\/logo\/image\/\",\"url\":\"http:\/\/just-now.news\/de\/wp-content\/uploads\/sites\/3\/2022\/04\/logo500x500.jpg\",\"contentUrl\":\"http:\/\/just-now.news\/de\/wp-content\/uploads\/sites\/3\/2022\/04\/logo500x500.jpg\",\"width\":500,\"height\":500,\"caption\":\"Just Now News\"},\"image\":{\"@id\":\"https:\/\/now-news.de\/de\/#\/schema\/logo\/image\/\"},\"sameAs\":[\"https:\/\/www.facebook.com\/wirmachenauf\",\"https:\/\/x.com\/WirMachenAuf_de\"]},{\"@type\":\"Person\",\"@id\":\"https:\/\/now-news.de\/de\/#\/schema\/person\/fb534a4e865501d8b3285208df34a9b5\",\"name\":\"rtnews\",\"image\":{\"@type\":\"ImageObject\",\"inLanguage\":\"de\",\"@id\":\"https:\/\/now-news.de\/de\/#\/schema\/person\/image\/\",\"url\":\"https:\/\/secure.gravatar.com\/avatar\/82aafea7d8127119dd649515f56e2117?s=96&d=mm&r=g\",\"contentUrl\":\"https:\/\/secure.gravatar.com\/avatar\/82aafea7d8127119dd649515f56e2117?s=96&d=mm&r=g\",\"caption\":\"rtnews\"},\"url\":\"https:\/\/now-news.de\/de\/author\/rnews\/\"}]}<\/script>\n<!-- \/ Yoast SEO Premium plugin. -->","yoast_head_json":{"title":"Die Unterst\u00fctzung Europas f\u00fcr die Ukraine br\u00f6ckelt - just-now.NEWS Deutschland","robots":{"index":"index","follow":"follow","max-snippet":"max-snippet:-1","max-image-preview":"max-image-preview:large","max-video-preview":"max-video-preview:-1"},"canonical":"https:\/\/now-news.de\/de\/deutschland\/die-unterstuetzung-europas-fuer-die-ukraine-broeckelt\/","og_locale":"de_DE","og_type":"article","og_title":"Die Unterst\u00fctzung Europas f\u00fcr die Ukraine br\u00f6ckelt","og_description":"Das Institut f\u00fcr Weltwirtschaft hat zur Messung der Unterst\u00fctzungsleistung westlicher Staaten f\u00fcr die Ukraine ein eigenes Tool entwickelt. Der Ukraine Support Tracker ist eine Datenbank, in der die finanziellen, milit\u00e4rischen und humanit\u00e4ren Hilfsleistungen f\u00fcr die Ukraine erfasst werden. Der Tracker zeigt f\u00fcr den Monat Juli: Die Unterst\u00fctzung f\u00fcr die Ukraine br\u00f6ckelt. Es gab praktisch keine [&hellip;]","og_url":"https:\/\/now-news.de\/de\/deutschland\/die-unterstuetzung-europas-fuer-die-ukraine-broeckelt\/","og_site_name":"just-now.NEWS Deutschland","article_publisher":"https:\/\/www.facebook.com\/wirmachenauf","article_published_time":"2022-08-18T11:25:24+00:00","og_image":[{"width":460,"height":259,"url":"https:\/\/now-news.de\/de\/wp-content\/uploads\/sites\/3\/2022\/08\/Die-Unterstuetzung-Europas-fuer-die-Ukraine-broeckelt.jpg","type":"image\/jpeg"}],"author":"rtnews","twitter_card":"summary_large_image","twitter_creator":"@WirMachenAuf_de","twitter_site":"@WirMachenAuf_de","twitter_misc":{"Verfasst von":"rtnews","Gesch\u00e4tzte Lesezeit":"2\u00a0Minuten"},"schema":{"@context":"https:\/\/schema.org","@graph":[{"@type":"Article","@id":"https:\/\/now-news.de\/de\/deutschland\/die-unterstuetzung-europas-fuer-die-ukraine-broeckelt\/#article","isPartOf":{"@id":"https:\/\/now-news.de\/de\/deutschland\/die-unterstuetzung-europas-fuer-die-ukraine-broeckelt\/"},"author":{"name":"rtnews","@id":"https:\/\/now-news.de\/de\/#\/schema\/person\/fb534a4e865501d8b3285208df34a9b5"},"headline":"Die Unterst\u00fctzung Europas f\u00fcr die Ukraine br\u00f6ckelt","datePublished":"2022-08-18T11:25:24+00:00","dateModified":"2022-08-18T11:25:24+00:00","mainEntityOfPage":{"@id":"https:\/\/now-news.de\/de\/deutschland\/die-unterstuetzung-europas-fuer-die-ukraine-broeckelt\/"},"wordCount":406,"commentCount":0,"publisher":{"@id":"https:\/\/now-news.de\/de\/#organization"},"image":{"@id":"https:\/\/now-news.de\/de\/deutschland\/die-unterstuetzung-europas-fuer-die-ukraine-broeckelt\/#primaryimage"},"thumbnailUrl":"https:\/\/now-news.de\/de\/wp-content\/uploads\/sites\/3\/2022\/08\/Die-Unterstuetzung-Europas-fuer-die-Ukraine-broeckelt.jpg","keywords":["br\u00f6ckelt","die","Europas","f\u00fcr","ukraine","Unterst\u00fctzung"],"articleSection":["Deutschland","Russland"],"inLanguage":"de","potentialAction":[{"@type":"CommentAction","name":"Comment","target":["https:\/\/now-news.de\/de\/deutschland\/die-unterstuetzung-europas-fuer-die-ukraine-broeckelt\/#respond"]}]},{"@type":"WebPage","@id":"https:\/\/now-news.de\/de\/deutschland\/die-unterstuetzung-europas-fuer-die-ukraine-broeckelt\/","url":"https:\/\/now-news.de\/de\/deutschland\/die-unterstuetzung-europas-fuer-die-ukraine-broeckelt\/","name":"Die Unterst\u00fctzung Europas f\u00fcr die Ukraine br\u00f6ckelt - just-now.NEWS Deutschland","isPartOf":{"@id":"https:\/\/now-news.de\/de\/#website"},"primaryImageOfPage":{"@id":"https:\/\/now-news.de\/de\/deutschland\/die-unterstuetzung-europas-fuer-die-ukraine-broeckelt\/#primaryimage"},"image":{"@id":"https:\/\/now-news.de\/de\/deutschland\/die-unterstuetzung-europas-fuer-die-ukraine-broeckelt\/#primaryimage"},"thumbnailUrl":"https:\/\/now-news.de\/de\/wp-content\/uploads\/sites\/3\/2022\/08\/Die-Unterstuetzung-Europas-fuer-die-Ukraine-broeckelt.jpg","datePublished":"2022-08-18T11:25:24+00:00","dateModified":"2022-08-18T11:25:24+00:00","breadcrumb":{"@id":"https:\/\/now-news.de\/de\/deutschland\/die-unterstuetzung-europas-fuer-die-ukraine-broeckelt\/#breadcrumb"},"inLanguage":"de","potentialAction":[{"@type":"ReadAction","target":["https:\/\/now-news.de\/de\/deutschland\/die-unterstuetzung-europas-fuer-die-ukraine-broeckelt\/"]}]},{"@type":"ImageObject","inLanguage":"de","@id":"https:\/\/now-news.de\/de\/deutschland\/die-unterstuetzung-europas-fuer-die-ukraine-broeckelt\/#primaryimage","url":"https:\/\/now-news.de\/de\/wp-content\/uploads\/sites\/3\/2022\/08\/Die-Unterstuetzung-Europas-fuer-die-Ukraine-broeckelt.jpg","contentUrl":"https:\/\/now-news.de\/de\/wp-content\/uploads\/sites\/3\/2022\/08\/Die-Unterstuetzung-Europas-fuer-die-Ukraine-broeckelt.jpg","width":460,"height":259,"caption":"Die Unterst\u00fctzung Europas f\u00fcr die Ukraine br\u00f6ckelt"},{"@type":"BreadcrumbList","@id":"https:\/\/now-news.de\/de\/deutschland\/die-unterstuetzung-europas-fuer-die-ukraine-broeckelt\/#breadcrumb","itemListElement":[{"@type":"ListItem","position":1,"name":"Home","item":"https:\/\/now-news.de\/de\/"},{"@type":"ListItem","position":2,"name":"Die Unterst\u00fctzung Europas f\u00fcr die Ukraine br\u00f6ckelt"}]},{"@type":"WebSite","@id":"https:\/\/now-news.de\/de\/#website","url":"https:\/\/now-news.de\/de\/","name":"just-now.NEWS Deutschland","description":"Das Portal f\u00fcr unzensierte Nachrichten aus der Welt","publisher":{"@id":"https:\/\/now-news.de\/de\/#organization"},"potentialAction":[{"@type":"SearchAction","target":{"@type":"EntryPoint","urlTemplate":"https:\/\/now-news.de\/de\/?s={search_term_string}"},"query-input":"required name=search_term_string"}],"inLanguage":"de"},{"@type":"Organization","@id":"https:\/\/now-news.de\/de\/#organization","name":"Just Now News","url":"https:\/\/now-news.de\/de\/","logo":{"@type":"ImageObject","inLanguage":"de","@id":"https:\/\/now-news.de\/de\/#\/schema\/logo\/image\/","url":"http:\/\/just-now.news\/de\/wp-content\/uploads\/sites\/3\/2022\/04\/logo500x500.jpg","contentUrl":"http:\/\/just-now.news\/de\/wp-content\/uploads\/sites\/3\/2022\/04\/logo500x500.jpg","width":500,"height":500,"caption":"Just Now News"},"image":{"@id":"https:\/\/now-news.de\/de\/#\/schema\/logo\/image\/"},"sameAs":["https:\/\/www.facebook.com\/wirmachenauf","https:\/\/x.com\/WirMachenAuf_de"]},{"@type":"Person","@id":"https:\/\/now-news.de\/de\/#\/schema\/person\/fb534a4e865501d8b3285208df34a9b5","name":"rtnews","image":{"@type":"ImageObject","inLanguage":"de","@id":"https:\/\/now-news.de\/de\/#\/schema\/person\/image\/","url":"https:\/\/secure.gravatar.com\/avatar\/82aafea7d8127119dd649515f56e2117?s=96&d=mm&r=g","contentUrl":"https:\/\/secure.gravatar.com\/avatar\/82aafea7d8127119dd649515f56e2117?s=96&d=mm&r=g","caption":"rtnews"},"url":"https:\/\/now-news.de\/de\/author\/rnews\/"}]}},"_links":{"self":[{"href":"https:\/\/now-news.de\/de\/wp-json\/wp\/v2\/posts\/17174"}],"collection":[{"href":"https:\/\/now-news.de\/de\/wp-json\/wp\/v2\/posts"}],"about":[{"href":"https:\/\/now-news.de\/de\/wp-json\/wp\/v2\/types\/post"}],"author":[{"embeddable":true,"href":"https:\/\/now-news.de\/de\/wp-json\/wp\/v2\/users\/3"}],"replies":[{"embeddable":true,"href":"https:\/\/now-news.de\/de\/wp-json\/wp\/v2\/comments?post=17174"}],"version-history":[{"count":0,"href":"https:\/\/now-news.de\/de\/wp-json\/wp\/v2\/posts\/17174\/revisions"}],"wp:featuredmedia":[{"embeddable":true,"href":"https:\/\/now-news.de\/de\/wp-json\/wp\/v2\/media\/17175"}],"wp:attachment":[{"href":"https:\/\/now-news.de\/de\/wp-json\/wp\/v2\/media?parent=17174"}],"wp:term":[{"taxonomy":"category","embeddable":true,"href":"https:\/\/now-news.de\/de\/wp-json\/wp\/v2\/categories?post=17174"},{"taxonomy":"post_tag","embeddable":true,"href":"https:\/\/now-news.de\/de\/wp-json\/wp\/v2\/tags?post=17174"}],"curies":[{"name":"wp","href":"https:\/\/api.w.org\/{rel}","templated":true}]}}