{"id":17169,"date":"2022-08-18T11:48:05","date_gmt":"2022-08-18T09:48:05","guid":{"rendered":"http:\/\/just-now.news\/de\/deutschland\/medizinstatistiker-antes-lauterbachs-aussagen-koennen-fundamental-nicht-stimmen\/"},"modified":"2022-08-18T11:48:05","modified_gmt":"2022-08-18T09:48:05","slug":"medizinstatistiker-antes-lauterbachs-aussagen-koennen-fundamental-nicht-stimmen","status":"publish","type":"post","link":"https:\/\/now-news.de\/de\/deutschland\/medizinstatistiker-antes-lauterbachs-aussagen-koennen-fundamental-nicht-stimmen\/","title":{"rendered":"Medizinstatistiker Antes: &quot;Lauterbachs Aussagen k\u00f6nnen fundamental nicht stimmen&quot;"},"content":{"rendered":"<p><img decoding=\"async\" src=\"http:\/\/just-now.news\/de\/wp-content\/uploads\/sites\/3\/2022\/08\/62fd360a48fbef140119ebfc.jpg\" \/><\/p>\n<div class=\"Text-root Text-type_1 \">\n                Bundesgesundheitsminister Karl Lauterbach ist vor allem f\u00fcr seine rege Twitter-Aktivit\u00e4t bekannt. Nun kritisieren Wissenschaftler, dass Lauterbach gr\u00fcndlicher recherchieren sollte, bevor er sich f\u00fcr Ma\u00dfnahmen ausspricht und Studien postet \u2013 offenbar liest er diese n\u00e4mlich nicht gr\u00fcndlich.\n            <\/div>\n<p><\/p>\n<div class=\"Text-root Text-type_5 ArticleView-text ViewText-root \">\n<p>Internationale Experten fordern, dass Bundesgesundheitsminister Karl Lauterbach (SPD) gr\u00fcndlicher recherchieren soll, bevor er sich f\u00fcr irgendwelche Corona-Ma\u00dfnahmen ausspricht. Grund daf\u00fcr sei nicht etwa deren kritische Haltung gegen\u00fcber Ma\u00dfnahmen, sondern die simple Tatsache, dass Lauterbach offenbar die Arbeiten gar nicht richtig anschaut, so der deutsche Medizinstatistiker Gerd Antes gegen\u00fcber <em>Focus online<\/em>. F\u00fcr Alasdair Munro, Forscher f\u00fcr Kinderinfektionskrankheiten am britischen Universit\u00e4ts-Krankenhaus Southampton, w\u00e4re dies noch die am &#8220;wenigsten besorgniserregende Erkl\u00e4rung&#8221;.<\/p>\n<p>Konkret geht es um einen Tweet Lauterbachs von Ende Juli, in dem er eine &#8220;Mega-Studie&#8221; aus den USA zum Sinn von Maskentragen anpreist \u2013 dort seien 1.700 Studien ausgewertet worden, so Lauterbach. Doch wenn Lauterbach, der noch 2021 im Interview mit dem <em>Spiegel<\/em> erkl\u00e4rte, dass er wissenschaftliche Studien regelm\u00e4\u00dfig unter Alkoholeinfluss liest (<a rel=\"nofollow noopener\" target=\"_blank\" href=\"https:\/\/www.spiegel.de\/politik\/deutschland\/karl-lauterbach-als-corona-erklaerer-versuche-mich-an-die-regel-zu-halten-nur-eine-talkshow-pro-woche-a-58b39e59-69f1-4cd8-a5c0-7937ae718fa7\">Zitat<\/a>: &#8220;In der Regel genehmige ich mir auch ein Glas Wein zu meinen Studien&#8221;, &#8220;Trinke jeden Tag Wein&#8221;) sich wenigstens das Studien-Abstract durchgelesen h\u00e4tte, h\u00e4tte er sofort gesehen, dass nur 13 Studien in das Ergebnis geflossen sind.<\/p>\n<blockquote>\n<p><em>&#8220;Ziemlich erstaunlich, dass Deutschlands Bundesgesundheitsminister nicht sehen kann, dass diese Preprint-Studie offensichtlicher M\u00fcll ist&#8221;, erkl\u00e4rte der irische Epidemiologe Darren Dahly auf Twitter.<\/em><\/p>\n<\/blockquote>\n<div class=\"EmbedBlock-root EmbedBlock-twitter\">\n<div class=\"TwitterEmbed\">\n<blockquote class=\"twitter-tweet lazyload\" data-twitter=\"twitter-tweet\">\n<p lang=\"en\" dir=\"ltr\">Pretty amazing that Gemany&#8217;s Federal Minister for Health can&#8217;t see that this pre-print is obvious garbage. <a rel=\"nofollow noopener\" target=\"_blank\" href=\"https:\/\/t.co\/UXhz9sCI8t\">https:\/\/t.co\/UXhz9sCI8t<\/a><\/p>\n<p>\u2014 Darren Dahly, PhD oMG FFs JfC SMDH (@statsepi) <a rel=\"nofollow noopener\" target=\"_blank\" href=\"https:\/\/twitter.com\/statsepi\/status\/1554052415153967104?ref_src=twsrc%5Etfw\">August 1, 2022<\/a><\/p><\/blockquote>\n<\/div>\n<\/div>\n<p>Zudem gibt es zahlreiche weitere Kritik an der &#8220;Studie&#8221;, bei der es sich genau genommen um ein noch nicht begutachtetes Preprint handelt. Antes erkl\u00e4rte, dass ihn Lauterbachs Verhalten &#8220;sprachlos&#8221; mache. Zudem sei die Arbeit von &#8220;unterirdischer Qualit\u00e4t&#8221;. Der Statistiker Christoph Rothe bezeichnete die Publikation sogar als &#8220;Comedy-Gold&#8221;:<\/p>\n<blockquote>\n<p><em>&#8220;Diese Meta-Studie ist geradezu Comedy-Gold. In einem der 13 betrachten Paper geht es angeblich um 11 oder 20 Personen auf einem Flug (so sicher ist sich die Meta-Studie bei der Zahl wohl nicht). In Wahrheit geht es in dem Paper um milit\u00e4rische Gasmasken und Luftr\u00f6hrenschnitte.&#8221;<\/em><em><\/em><\/p>\n<\/blockquote>\n<div class=\"EmbedBlock-root EmbedBlock-twitter\">\n<div class=\"TwitterEmbed\">\n<blockquote class=\"twitter-tweet lazyload\" data-twitter=\"twitter-tweet\">\n<p lang=\"de\" dir=\"ltr\">Diese Meta-Studie ist geradezu Comedy-Gold. In einem der 13 betrachten Paper geht es angeblich um 11 oder 20 Personen auf einem Flug (so sicher ist sich die Meta-Studie bei der Zahl wohl nicht). In Wahrheit geht es in dem Paper um milit\u00e4rische Gasmasken und Luftr\u00f6hrenschnitte.???? <a rel=\"nofollow noopener\" target=\"_blank\" href=\"https:\/\/t.co\/DKK84WX8an\">pic.twitter.com\/DKK84WX8an<\/a><\/p>\n<p>\u2014 Christoph Rothe (@christoph_rothe) <a rel=\"nofollow noopener\" target=\"_blank\" href=\"https:\/\/twitter.com\/christoph_rothe\/status\/1554073463840808960?ref_src=twsrc%5Etfw\">August 1, 2022<\/a><\/p><\/blockquote>\n<\/div>\n<\/div>\n<p>Den Wissenschaftlern geht es dabei nicht einmal darum, die Sinnhaftigkeit von Ma\u00dfnahmen grunds\u00e4tzlich\u00a0infrage zu stellen, sondern allein darum, dass Lauterbach gr\u00fcndlicher recherchieren solle, bevor er sich \u00f6ffentlich \u00e4u\u00dfert. Antes warnt davor, Lauterbachs Aussagen ungefiltert f\u00fcr Bares zu nehmen:<\/p>\n<blockquote>\n<p><em>&#8220;Wer die Studienmenge und Komplexit\u00e4t durchschaut, dem war fr\u00fchzeitig klar, dass seine Aussagen fundamental nicht stimmen k\u00f6nnen.&#8221;<\/em><\/p>\n<\/blockquote>\n<p><strong>Mehr zum Thema\u00a0\u2013\u00a0<\/strong><a rel=\"nofollow noopener\" target=\"_blank\" href=\"https:\/\/test.rtde.tech\/inland\/146154-verstoss-gegen-berliner-corona-isolationspflicht\/\">Versto\u00df gegen Berliner Corona-Isolationspflicht? Anzeige gegen Minister Lauterbach<\/a><\/p>\n<\/div>\n<p><script async src=\"https:\/\/platform.twitter.com\/widgets.js\" charset=\"utf-8\"><\/script><br \/>\n<br \/><br \/>\n<br \/><a href=\"https:\/\/de.rt.com\/inland\/146417-medizinstatistiker-antes-lauterbachs-aussagen-konnen\/\">Source link <\/a><\/p>\n","protected":false},"excerpt":{"rendered":"<p>Bundesgesundheitsminister Karl Lauterbach ist vor allem f\u00fcr seine rege Twitter-Aktivit\u00e4t bekannt. Nun kritisieren Wissenschaftler, dass Lauterbach gr\u00fcndlicher recherchieren sollte, bevor er sich f\u00fcr Ma\u00dfnahmen ausspricht und Studien postet \u2013 offenbar liest er diese n\u00e4mlich nicht gr\u00fcndlich. Internationale Experten fordern, dass Bundesgesundheitsminister Karl Lauterbach (SPD) gr\u00fcndlicher recherchieren soll, bevor er sich f\u00fcr irgendwelche Corona-Ma\u00dfnahmen ausspricht. Grund [&hellip;]<\/p>\n","protected":false},"author":3,"featured_media":17170,"comment_status":"open","ping_status":"open","sticky":false,"template":"","format":"standard","meta":{"wp_automatic_camp":["217"],"3dfa6580ae22429f363f371565f0e4dc":["Medizinstatistiker Antes: &quot;Lauterbachs Aussagen k\u00f6nnen fundamental nicht stimmen&quot;"],"original_link":["https:\/\/de.rt.com\/inland\/146417-medizinstatistiker-antes-lauterbachs-aussagen-konnen\/"],"_thumbnail_id":["17170"],"_wptg_p2tg_sent2tg":["2022-08-18 11:50:18"],"jnews_social_counter_last_update":["1777171392"]},"categories":[19,23],"tags":[31210,22003,31212,4296,31209,800,31211,31213],"yoast_head":"<!-- This site is optimized with the Yoast SEO Premium plugin v22.7 (Yoast SEO v22.7) - https:\/\/yoast.com\/wordpress\/plugins\/seo\/ -->\n<title>Medizinstatistiker Antes: &quot;Lauterbachs Aussagen k\u00f6nnen fundamental nicht stimmen&quot; - just-now.NEWS Deutschland<\/title>\n<meta name=\"robots\" content=\"index, follow, max-snippet:-1, max-image-preview:large, max-video-preview:-1\" \/>\n<link rel=\"canonical\" href=\"https:\/\/now-news.de\/de\/deutschland\/medizinstatistiker-antes-lauterbachs-aussagen-koennen-fundamental-nicht-stimmen\/\" \/>\n<meta property=\"og:locale\" content=\"de_DE\" \/>\n<meta property=\"og:type\" content=\"article\" \/>\n<meta property=\"og:title\" content=\"Medizinstatistiker Antes: &quot;Lauterbachs Aussagen k\u00f6nnen fundamental nicht stimmen&quot;\" \/>\n<meta property=\"og:description\" content=\"Bundesgesundheitsminister Karl Lauterbach ist vor allem f\u00fcr seine rege Twitter-Aktivit\u00e4t bekannt. Nun kritisieren Wissenschaftler, dass Lauterbach gr\u00fcndlicher recherchieren sollte, bevor er sich f\u00fcr Ma\u00dfnahmen ausspricht und Studien postet \u2013 offenbar liest er diese n\u00e4mlich nicht gr\u00fcndlich. Internationale Experten fordern, dass Bundesgesundheitsminister Karl Lauterbach (SPD) gr\u00fcndlicher recherchieren soll, bevor er sich f\u00fcr irgendwelche Corona-Ma\u00dfnahmen ausspricht. Grund [&hellip;]\" \/>\n<meta property=\"og:url\" content=\"https:\/\/now-news.de\/de\/deutschland\/medizinstatistiker-antes-lauterbachs-aussagen-koennen-fundamental-nicht-stimmen\/\" \/>\n<meta property=\"og:site_name\" content=\"just-now.NEWS Deutschland\" \/>\n<meta property=\"article:publisher\" content=\"https:\/\/www.facebook.com\/wirmachenauf\" \/>\n<meta property=\"article:published_time\" content=\"2022-08-18T09:48:05+00:00\" \/>\n<meta property=\"og:image\" content=\"https:\/\/now-news.de\/de\/wp-content\/uploads\/sites\/3\/2022\/08\/Medizinstatistiker-Antes-quotLauterbachs-Aussagen-koennen-fundamental-nicht-stimmenquot.jpg\" \/>\n\t<meta property=\"og:image:width\" content=\"460\" \/>\n\t<meta property=\"og:image:height\" content=\"259\" \/>\n\t<meta property=\"og:image:type\" content=\"image\/jpeg\" \/>\n<meta name=\"author\" content=\"rtnews\" \/>\n<meta name=\"twitter:card\" content=\"summary_large_image\" \/>\n<meta name=\"twitter:creator\" content=\"@WirMachenAuf_de\" \/>\n<meta name=\"twitter:site\" content=\"@WirMachenAuf_de\" \/>\n<meta name=\"twitter:label1\" content=\"Verfasst von\" \/>\n\t<meta name=\"twitter:data1\" content=\"rtnews\" \/>\n\t<meta name=\"twitter:label2\" content=\"Gesch\u00e4tzte Lesezeit\" \/>\n\t<meta name=\"twitter:data2\" content=\"2\u00a0Minuten\" \/>\n<script type=\"application\/ld+json\" class=\"yoast-schema-graph\">{\"@context\":\"https:\/\/schema.org\",\"@graph\":[{\"@type\":\"Article\",\"@id\":\"https:\/\/now-news.de\/de\/deutschland\/medizinstatistiker-antes-lauterbachs-aussagen-koennen-fundamental-nicht-stimmen\/#article\",\"isPartOf\":{\"@id\":\"https:\/\/now-news.de\/de\/deutschland\/medizinstatistiker-antes-lauterbachs-aussagen-koennen-fundamental-nicht-stimmen\/\"},\"author\":{\"name\":\"rtnews\",\"@id\":\"https:\/\/now-news.de\/de\/#\/schema\/person\/fb534a4e865501d8b3285208df34a9b5\"},\"headline\":\"Medizinstatistiker Antes: &quot;Lauterbachs Aussagen k\u00f6nnen fundamental nicht stimmen&quot;\",\"datePublished\":\"2022-08-18T09:48:05+00:00\",\"dateModified\":\"2022-08-18T09:48:05+00:00\",\"mainEntityOfPage\":{\"@id\":\"https:\/\/now-news.de\/de\/deutschland\/medizinstatistiker-antes-lauterbachs-aussagen-koennen-fundamental-nicht-stimmen\/\"},\"wordCount\":505,\"commentCount\":0,\"publisher\":{\"@id\":\"https:\/\/now-news.de\/de\/#organization\"},\"image\":{\"@id\":\"https:\/\/now-news.de\/de\/deutschland\/medizinstatistiker-antes-lauterbachs-aussagen-koennen-fundamental-nicht-stimmen\/#primaryimage\"},\"thumbnailUrl\":\"https:\/\/now-news.de\/de\/wp-content\/uploads\/sites\/3\/2022\/08\/Medizinstatistiker-Antes-quotLauterbachs-Aussagen-koennen-fundamental-nicht-stimmenquot.jpg\",\"keywords\":[\"Antes\",\"Aussagen\",\"fundamental\",\"k\u00f6nnen\",\"Medizinstatistiker\",\"nicht\",\"quotLauterbachs\",\"stimmenquot\"],\"articleSection\":[\"Deutschland\",\"Russland\"],\"inLanguage\":\"de\",\"potentialAction\":[{\"@type\":\"CommentAction\",\"name\":\"Comment\",\"target\":[\"https:\/\/now-news.de\/de\/deutschland\/medizinstatistiker-antes-lauterbachs-aussagen-koennen-fundamental-nicht-stimmen\/#respond\"]}]},{\"@type\":\"WebPage\",\"@id\":\"https:\/\/now-news.de\/de\/deutschland\/medizinstatistiker-antes-lauterbachs-aussagen-koennen-fundamental-nicht-stimmen\/\",\"url\":\"https:\/\/now-news.de\/de\/deutschland\/medizinstatistiker-antes-lauterbachs-aussagen-koennen-fundamental-nicht-stimmen\/\",\"name\":\"Medizinstatistiker Antes: &quot;Lauterbachs Aussagen k\u00f6nnen fundamental nicht stimmen&quot; - just-now.NEWS Deutschland\",\"isPartOf\":{\"@id\":\"https:\/\/now-news.de\/de\/#website\"},\"primaryImageOfPage\":{\"@id\":\"https:\/\/now-news.de\/de\/deutschland\/medizinstatistiker-antes-lauterbachs-aussagen-koennen-fundamental-nicht-stimmen\/#primaryimage\"},\"image\":{\"@id\":\"https:\/\/now-news.de\/de\/deutschland\/medizinstatistiker-antes-lauterbachs-aussagen-koennen-fundamental-nicht-stimmen\/#primaryimage\"},\"thumbnailUrl\":\"https:\/\/now-news.de\/de\/wp-content\/uploads\/sites\/3\/2022\/08\/Medizinstatistiker-Antes-quotLauterbachs-Aussagen-koennen-fundamental-nicht-stimmenquot.jpg\",\"datePublished\":\"2022-08-18T09:48:05+00:00\",\"dateModified\":\"2022-08-18T09:48:05+00:00\",\"breadcrumb\":{\"@id\":\"https:\/\/now-news.de\/de\/deutschland\/medizinstatistiker-antes-lauterbachs-aussagen-koennen-fundamental-nicht-stimmen\/#breadcrumb\"},\"inLanguage\":\"de\",\"potentialAction\":[{\"@type\":\"ReadAction\",\"target\":[\"https:\/\/now-news.de\/de\/deutschland\/medizinstatistiker-antes-lauterbachs-aussagen-koennen-fundamental-nicht-stimmen\/\"]}]},{\"@type\":\"ImageObject\",\"inLanguage\":\"de\",\"@id\":\"https:\/\/now-news.de\/de\/deutschland\/medizinstatistiker-antes-lauterbachs-aussagen-koennen-fundamental-nicht-stimmen\/#primaryimage\",\"url\":\"https:\/\/now-news.de\/de\/wp-content\/uploads\/sites\/3\/2022\/08\/Medizinstatistiker-Antes-quotLauterbachs-Aussagen-koennen-fundamental-nicht-stimmenquot.jpg\",\"contentUrl\":\"https:\/\/now-news.de\/de\/wp-content\/uploads\/sites\/3\/2022\/08\/Medizinstatistiker-Antes-quotLauterbachs-Aussagen-koennen-fundamental-nicht-stimmenquot.jpg\",\"width\":460,\"height\":259,\"caption\":\"Medizinstatistiker Antes: &quot;Lauterbachs Aussagen k\u00f6nnen fundamental nicht stimmen&quot;\"},{\"@type\":\"BreadcrumbList\",\"@id\":\"https:\/\/now-news.de\/de\/deutschland\/medizinstatistiker-antes-lauterbachs-aussagen-koennen-fundamental-nicht-stimmen\/#breadcrumb\",\"itemListElement\":[{\"@type\":\"ListItem\",\"position\":1,\"name\":\"Home\",\"item\":\"https:\/\/now-news.de\/de\/\"},{\"@type\":\"ListItem\",\"position\":2,\"name\":\"Medizinstatistiker Antes: &quot;Lauterbachs Aussagen k\u00f6nnen fundamental nicht stimmen&quot;\"}]},{\"@type\":\"WebSite\",\"@id\":\"https:\/\/now-news.de\/de\/#website\",\"url\":\"https:\/\/now-news.de\/de\/\",\"name\":\"just-now.NEWS Deutschland\",\"description\":\"Das Portal f\u00fcr unzensierte Nachrichten aus der Welt\",\"publisher\":{\"@id\":\"https:\/\/now-news.de\/de\/#organization\"},\"potentialAction\":[{\"@type\":\"SearchAction\",\"target\":{\"@type\":\"EntryPoint\",\"urlTemplate\":\"https:\/\/now-news.de\/de\/?s={search_term_string}\"},\"query-input\":\"required name=search_term_string\"}],\"inLanguage\":\"de\"},{\"@type\":\"Organization\",\"@id\":\"https:\/\/now-news.de\/de\/#organization\",\"name\":\"Just Now News\",\"url\":\"https:\/\/now-news.de\/de\/\",\"logo\":{\"@type\":\"ImageObject\",\"inLanguage\":\"de\",\"@id\":\"https:\/\/now-news.de\/de\/#\/schema\/logo\/image\/\",\"url\":\"http:\/\/just-now.news\/de\/wp-content\/uploads\/sites\/3\/2022\/04\/logo500x500.jpg\",\"contentUrl\":\"http:\/\/just-now.news\/de\/wp-content\/uploads\/sites\/3\/2022\/04\/logo500x500.jpg\",\"width\":500,\"height\":500,\"caption\":\"Just Now News\"},\"image\":{\"@id\":\"https:\/\/now-news.de\/de\/#\/schema\/logo\/image\/\"},\"sameAs\":[\"https:\/\/www.facebook.com\/wirmachenauf\",\"https:\/\/x.com\/WirMachenAuf_de\"]},{\"@type\":\"Person\",\"@id\":\"https:\/\/now-news.de\/de\/#\/schema\/person\/fb534a4e865501d8b3285208df34a9b5\",\"name\":\"rtnews\",\"image\":{\"@type\":\"ImageObject\",\"inLanguage\":\"de\",\"@id\":\"https:\/\/now-news.de\/de\/#\/schema\/person\/image\/\",\"url\":\"https:\/\/secure.gravatar.com\/avatar\/82aafea7d8127119dd649515f56e2117?s=96&d=mm&r=g\",\"contentUrl\":\"https:\/\/secure.gravatar.com\/avatar\/82aafea7d8127119dd649515f56e2117?s=96&d=mm&r=g\",\"caption\":\"rtnews\"},\"url\":\"https:\/\/now-news.de\/de\/author\/rnews\/\"}]}<\/script>\n<!-- \/ Yoast SEO Premium plugin. -->","yoast_head_json":{"title":"Medizinstatistiker Antes: &quot;Lauterbachs Aussagen k\u00f6nnen fundamental nicht stimmen&quot; - just-now.NEWS Deutschland","robots":{"index":"index","follow":"follow","max-snippet":"max-snippet:-1","max-image-preview":"max-image-preview:large","max-video-preview":"max-video-preview:-1"},"canonical":"https:\/\/now-news.de\/de\/deutschland\/medizinstatistiker-antes-lauterbachs-aussagen-koennen-fundamental-nicht-stimmen\/","og_locale":"de_DE","og_type":"article","og_title":"Medizinstatistiker Antes: &quot;Lauterbachs Aussagen k\u00f6nnen fundamental nicht stimmen&quot;","og_description":"Bundesgesundheitsminister Karl Lauterbach ist vor allem f\u00fcr seine rege Twitter-Aktivit\u00e4t bekannt. Nun kritisieren Wissenschaftler, dass Lauterbach gr\u00fcndlicher recherchieren sollte, bevor er sich f\u00fcr Ma\u00dfnahmen ausspricht und Studien postet \u2013 offenbar liest er diese n\u00e4mlich nicht gr\u00fcndlich. Internationale Experten fordern, dass Bundesgesundheitsminister Karl Lauterbach (SPD) gr\u00fcndlicher recherchieren soll, bevor er sich f\u00fcr irgendwelche Corona-Ma\u00dfnahmen ausspricht. Grund [&hellip;]","og_url":"https:\/\/now-news.de\/de\/deutschland\/medizinstatistiker-antes-lauterbachs-aussagen-koennen-fundamental-nicht-stimmen\/","og_site_name":"just-now.NEWS Deutschland","article_publisher":"https:\/\/www.facebook.com\/wirmachenauf","article_published_time":"2022-08-18T09:48:05+00:00","og_image":[{"width":460,"height":259,"url":"https:\/\/now-news.de\/de\/wp-content\/uploads\/sites\/3\/2022\/08\/Medizinstatistiker-Antes-quotLauterbachs-Aussagen-koennen-fundamental-nicht-stimmenquot.jpg","type":"image\/jpeg"}],"author":"rtnews","twitter_card":"summary_large_image","twitter_creator":"@WirMachenAuf_de","twitter_site":"@WirMachenAuf_de","twitter_misc":{"Verfasst von":"rtnews","Gesch\u00e4tzte Lesezeit":"2\u00a0Minuten"},"schema":{"@context":"https:\/\/schema.org","@graph":[{"@type":"Article","@id":"https:\/\/now-news.de\/de\/deutschland\/medizinstatistiker-antes-lauterbachs-aussagen-koennen-fundamental-nicht-stimmen\/#article","isPartOf":{"@id":"https:\/\/now-news.de\/de\/deutschland\/medizinstatistiker-antes-lauterbachs-aussagen-koennen-fundamental-nicht-stimmen\/"},"author":{"name":"rtnews","@id":"https:\/\/now-news.de\/de\/#\/schema\/person\/fb534a4e865501d8b3285208df34a9b5"},"headline":"Medizinstatistiker Antes: &quot;Lauterbachs Aussagen k\u00f6nnen fundamental nicht stimmen&quot;","datePublished":"2022-08-18T09:48:05+00:00","dateModified":"2022-08-18T09:48:05+00:00","mainEntityOfPage":{"@id":"https:\/\/now-news.de\/de\/deutschland\/medizinstatistiker-antes-lauterbachs-aussagen-koennen-fundamental-nicht-stimmen\/"},"wordCount":505,"commentCount":0,"publisher":{"@id":"https:\/\/now-news.de\/de\/#organization"},"image":{"@id":"https:\/\/now-news.de\/de\/deutschland\/medizinstatistiker-antes-lauterbachs-aussagen-koennen-fundamental-nicht-stimmen\/#primaryimage"},"thumbnailUrl":"https:\/\/now-news.de\/de\/wp-content\/uploads\/sites\/3\/2022\/08\/Medizinstatistiker-Antes-quotLauterbachs-Aussagen-koennen-fundamental-nicht-stimmenquot.jpg","keywords":["Antes","Aussagen","fundamental","k\u00f6nnen","Medizinstatistiker","nicht","quotLauterbachs","stimmenquot"],"articleSection":["Deutschland","Russland"],"inLanguage":"de","potentialAction":[{"@type":"CommentAction","name":"Comment","target":["https:\/\/now-news.de\/de\/deutschland\/medizinstatistiker-antes-lauterbachs-aussagen-koennen-fundamental-nicht-stimmen\/#respond"]}]},{"@type":"WebPage","@id":"https:\/\/now-news.de\/de\/deutschland\/medizinstatistiker-antes-lauterbachs-aussagen-koennen-fundamental-nicht-stimmen\/","url":"https:\/\/now-news.de\/de\/deutschland\/medizinstatistiker-antes-lauterbachs-aussagen-koennen-fundamental-nicht-stimmen\/","name":"Medizinstatistiker Antes: &quot;Lauterbachs Aussagen k\u00f6nnen fundamental nicht stimmen&quot; - just-now.NEWS Deutschland","isPartOf":{"@id":"https:\/\/now-news.de\/de\/#website"},"primaryImageOfPage":{"@id":"https:\/\/now-news.de\/de\/deutschland\/medizinstatistiker-antes-lauterbachs-aussagen-koennen-fundamental-nicht-stimmen\/#primaryimage"},"image":{"@id":"https:\/\/now-news.de\/de\/deutschland\/medizinstatistiker-antes-lauterbachs-aussagen-koennen-fundamental-nicht-stimmen\/#primaryimage"},"thumbnailUrl":"https:\/\/now-news.de\/de\/wp-content\/uploads\/sites\/3\/2022\/08\/Medizinstatistiker-Antes-quotLauterbachs-Aussagen-koennen-fundamental-nicht-stimmenquot.jpg","datePublished":"2022-08-18T09:48:05+00:00","dateModified":"2022-08-18T09:48:05+00:00","breadcrumb":{"@id":"https:\/\/now-news.de\/de\/deutschland\/medizinstatistiker-antes-lauterbachs-aussagen-koennen-fundamental-nicht-stimmen\/#breadcrumb"},"inLanguage":"de","potentialAction":[{"@type":"ReadAction","target":["https:\/\/now-news.de\/de\/deutschland\/medizinstatistiker-antes-lauterbachs-aussagen-koennen-fundamental-nicht-stimmen\/"]}]},{"@type":"ImageObject","inLanguage":"de","@id":"https:\/\/now-news.de\/de\/deutschland\/medizinstatistiker-antes-lauterbachs-aussagen-koennen-fundamental-nicht-stimmen\/#primaryimage","url":"https:\/\/now-news.de\/de\/wp-content\/uploads\/sites\/3\/2022\/08\/Medizinstatistiker-Antes-quotLauterbachs-Aussagen-koennen-fundamental-nicht-stimmenquot.jpg","contentUrl":"https:\/\/now-news.de\/de\/wp-content\/uploads\/sites\/3\/2022\/08\/Medizinstatistiker-Antes-quotLauterbachs-Aussagen-koennen-fundamental-nicht-stimmenquot.jpg","width":460,"height":259,"caption":"Medizinstatistiker Antes: &quot;Lauterbachs Aussagen k\u00f6nnen fundamental nicht stimmen&quot;"},{"@type":"BreadcrumbList","@id":"https:\/\/now-news.de\/de\/deutschland\/medizinstatistiker-antes-lauterbachs-aussagen-koennen-fundamental-nicht-stimmen\/#breadcrumb","itemListElement":[{"@type":"ListItem","position":1,"name":"Home","item":"https:\/\/now-news.de\/de\/"},{"@type":"ListItem","position":2,"name":"Medizinstatistiker Antes: &quot;Lauterbachs Aussagen k\u00f6nnen fundamental nicht stimmen&quot;"}]},{"@type":"WebSite","@id":"https:\/\/now-news.de\/de\/#website","url":"https:\/\/now-news.de\/de\/","name":"just-now.NEWS Deutschland","description":"Das Portal f\u00fcr unzensierte Nachrichten aus der Welt","publisher":{"@id":"https:\/\/now-news.de\/de\/#organization"},"potentialAction":[{"@type":"SearchAction","target":{"@type":"EntryPoint","urlTemplate":"https:\/\/now-news.de\/de\/?s={search_term_string}"},"query-input":"required name=search_term_string"}],"inLanguage":"de"},{"@type":"Organization","@id":"https:\/\/now-news.de\/de\/#organization","name":"Just Now News","url":"https:\/\/now-news.de\/de\/","logo":{"@type":"ImageObject","inLanguage":"de","@id":"https:\/\/now-news.de\/de\/#\/schema\/logo\/image\/","url":"http:\/\/just-now.news\/de\/wp-content\/uploads\/sites\/3\/2022\/04\/logo500x500.jpg","contentUrl":"http:\/\/just-now.news\/de\/wp-content\/uploads\/sites\/3\/2022\/04\/logo500x500.jpg","width":500,"height":500,"caption":"Just Now News"},"image":{"@id":"https:\/\/now-news.de\/de\/#\/schema\/logo\/image\/"},"sameAs":["https:\/\/www.facebook.com\/wirmachenauf","https:\/\/x.com\/WirMachenAuf_de"]},{"@type":"Person","@id":"https:\/\/now-news.de\/de\/#\/schema\/person\/fb534a4e865501d8b3285208df34a9b5","name":"rtnews","image":{"@type":"ImageObject","inLanguage":"de","@id":"https:\/\/now-news.de\/de\/#\/schema\/person\/image\/","url":"https:\/\/secure.gravatar.com\/avatar\/82aafea7d8127119dd649515f56e2117?s=96&d=mm&r=g","contentUrl":"https:\/\/secure.gravatar.com\/avatar\/82aafea7d8127119dd649515f56e2117?s=96&d=mm&r=g","caption":"rtnews"},"url":"https:\/\/now-news.de\/de\/author\/rnews\/"}]}},"_links":{"self":[{"href":"https:\/\/now-news.de\/de\/wp-json\/wp\/v2\/posts\/17169"}],"collection":[{"href":"https:\/\/now-news.de\/de\/wp-json\/wp\/v2\/posts"}],"about":[{"href":"https:\/\/now-news.de\/de\/wp-json\/wp\/v2\/types\/post"}],"author":[{"embeddable":true,"href":"https:\/\/now-news.de\/de\/wp-json\/wp\/v2\/users\/3"}],"replies":[{"embeddable":true,"href":"https:\/\/now-news.de\/de\/wp-json\/wp\/v2\/comments?post=17169"}],"version-history":[{"count":0,"href":"https:\/\/now-news.de\/de\/wp-json\/wp\/v2\/posts\/17169\/revisions"}],"wp:featuredmedia":[{"embeddable":true,"href":"https:\/\/now-news.de\/de\/wp-json\/wp\/v2\/media\/17170"}],"wp:attachment":[{"href":"https:\/\/now-news.de\/de\/wp-json\/wp\/v2\/media?parent=17169"}],"wp:term":[{"taxonomy":"category","embeddable":true,"href":"https:\/\/now-news.de\/de\/wp-json\/wp\/v2\/categories?post=17169"},{"taxonomy":"post_tag","embeddable":true,"href":"https:\/\/now-news.de\/de\/wp-json\/wp\/v2\/tags?post=17169"}],"curies":[{"name":"wp","href":"https:\/\/api.w.org\/{rel}","templated":true}]}}