{"id":17041,"date":"2022-08-16T13:47:37","date_gmt":"2022-08-16T11:47:37","guid":{"rendered":"http:\/\/just-now.news\/de\/deutschland\/jugendfestival-auf-der-krim-veranstalter-trotzen-cancel-culture\/"},"modified":"2022-08-16T13:47:37","modified_gmt":"2022-08-16T11:47:37","slug":"jugendfestival-auf-der-krim-veranstalter-trotzen-cancel-culture","status":"publish","type":"post","link":"https:\/\/now-news.de\/de\/deutschland\/jugendfestival-auf-der-krim-veranstalter-trotzen-cancel-culture\/","title":{"rendered":"Jugendfestival auf der Krim: Veranstalter trotzen Cancel Culture"},"content":{"rendered":"<p><img decoding=\"async\" src=\"http:\/\/just-now.news\/de\/wp-content\/uploads\/sites\/3\/2022\/08\/62fb7935b480cc22432299a8.jpg\" \/><\/p>\n<div class=\"Text-root Text-type_1 \">\n                Auf der Krim findet diese Woche das Jugendfestival Tawrida.ART statt. Daran nehmen unter anderem junge Leute aus den Volksrepubliken Donezk und Lugansk teil. Der Schwerpunkt des Events liegt auf der F\u00f6rderung der russischen Kultur vor dem Hintergrund Cancel Culture.\n            <\/div>\n<p><\/p>\n<div class=\"Text-root Text-type_5 ArticleView-text ViewText-root \">\n<p>Seit dem 15. August findet auf der Schwarzmeer-Halbinsel Krim ein Kultur- und Kunstfestival f\u00fcr Jugendliche statt. Etwa 4.000 junge Leute, darunter Studenten, aus ganz Russland machen bei Tawrida.ART mit. Unter ihnen sind Mitglieder des Kulturvereins Tawrida, Vertreter der Kultur-, Kunst- und Kreativszene, Blogger, Influencer und Vertreter von Studentenmedien. Au\u00dferdem nehmen daran Vertreter der F\u00f6deralen Agentur f\u00fcr Angelegenheiten der Jugend (Rosmolodesch) teil.<\/p>\n<p>Die Veranstaltung wird bis zum 19. August dauern. Ihr Austragungsort ist die Kapselbucht in der N\u00e4he von Sudak. Dieses Jahr sind die wichtigsten Mottos &#8220;Leben und Arbeit in Russland&#8221; und &#8220;Wir lassen uns nicht canceln&#8221;.<\/p>\n<p>Das Festival wurde am Montag mit einer bunten Show er\u00f6ffnet. Zu dieser Veranstaltung waren auch Teilnehmer und Gewinner der Pr\u00e4sidenteninitiative &#8220;Russland \u2013 ein Land der M\u00f6glichkeiten&#8221;, Teilnehmer des humanit\u00e4ren Projekts #WirSindZusammen f\u00fcr die Bev\u00f6lkerung der Volksrepubliken Donezk und Lugansk, freiwillige Helfer sowie 500 junge Leute aus dem Donbass und den Gebieten Cherson und Saporoschje eingeladen worden.<\/p>\n<p>Russlands Pr\u00e4sident Wladimir Putin wandte sich am Montag an die Festivalteilnehmer mit einer Videobotschaft. Dort wies er darauf hin, dass die Jugendlichen durch &#8220;gemeinsame Werte&#8221; wie &#8220;Glauben an die Gerechtigkeit, Liebe zur Heimat, Streben nach Selbstentfaltung und ihren aufrichtigen Wunsch, Menschen zu helfen&#8221; vereint seien. Nach Ansicht des Pr\u00e4sidenten machen ebendiese Werte die russische Kultur aus. Mit Blick auf den Druck, unter den einige russische K\u00fcnstler im Westen geraten waren, sagte der Staatschef:<\/p>\n<blockquote>\n<p><em>&#8220;Alle Versuche, unsere Kultur und Russland zu canceln, sind vergeblich. Das ist einfach Unsinn. Und diejenigen, die anders denken, haben leider die Lehren aus der Geschichte nicht gezogen. Aber Geschichte wird von Menschen gemacht. Und heute macht ihr die Geschichte \u2013 junge Leute, die es wissen, zu tr\u00e4umen, zu schaffen, zu arbeiten und zu siegen.&#8221;<\/em><\/p>\n<\/blockquote>\n<p>Putin unterstrich au\u00dferdem, dass junge Menschen aus den befreiten Volksrepubliken Donezk und Lugansk am diesj\u00e4hrigen Festival teilnehmen. Er betonte auch, dass die Russen nur &#8220;gemeinsam&#8221; stark sein k\u00f6nnten. Der Pr\u00e4sident w\u00fcnschte den jungen Menschen neue Freunde, Erfolg und alles Gute.<\/p>\n<p>Das Festival Tawrida.ART findet zum vierten Mal auf der Krim statt. Die meisten Teilnehmer des Festivals sind kreative junge Menschen aus Russland. Tawrida ist einer der historischen Namen der Halbinsel Krim. Tawrida.ART ist Teil des f\u00f6deralen Projekts &#8220;Jugend Russlands&#8221; und wird von der Rosmolodesch unterst\u00fctzt.<\/p>\n<p><strong>Mehr zum Thema<\/strong> &#8211; <a rel=\"nofollow noopener\" target=\"_blank\" href=\"https:\/\/de.rt.com\/meinung\/144748-kunst-oder-vandalismus-was-experten\/\">Kunst oder Vandalismus: Was Experten \u00fcber Stra\u00dfenkunst in Russland sagen<\/a><\/p>\n<\/div>\n<p><br \/>\n<br \/><a href=\"https:\/\/de.rt.com\/russland\/146257-jugendfestival-auf-der-krim-veranstalter-trotzen-cancel-culture\/\">Source link <\/a><\/p>\n","protected":false},"excerpt":{"rendered":"<p>Auf der Krim findet diese Woche das Jugendfestival Tawrida.ART statt. Daran nehmen unter anderem junge Leute aus den Volksrepubliken Donezk und Lugansk teil. Der Schwerpunkt des Events liegt auf der F\u00f6rderung der russischen Kultur vor dem Hintergrund Cancel Culture. Seit dem 15. August findet auf der Schwarzmeer-Halbinsel Krim ein Kultur- und Kunstfestival f\u00fcr Jugendliche statt. [&hellip;]<\/p>\n","protected":false},"author":3,"featured_media":17042,"comment_status":"open","ping_status":"open","sticky":false,"template":"","format":"standard","meta":{"wp_automatic_camp":["217"],"4e8bea9aa94c954981df445529b03148":["Jugendfestival auf der Krim: Veranstalter trotzen Cancel Culture"],"original_link":["https:\/\/de.rt.com\/russland\/146257-jugendfestival-auf-der-krim-veranstalter-trotzen-cancel-culture\/"],"_thumbnail_id":["17042"],"_wptg_p2tg_sent2tg":["2022-08-16 13:49:40"],"jnews_social_counter_last_update":["1777348608"]},"categories":[19,23],"tags":[133,3664,2200,82,31106,11438,31107,29416],"yoast_head":"<!-- This site is optimized with the Yoast SEO Premium plugin v22.7 (Yoast SEO v22.7) - https:\/\/yoast.com\/wordpress\/plugins\/seo\/ -->\n<title>Jugendfestival auf der Krim: Veranstalter trotzen Cancel Culture - just-now.NEWS Deutschland<\/title>\n<meta name=\"robots\" content=\"index, follow, max-snippet:-1, max-image-preview:large, max-video-preview:-1\" \/>\n<link rel=\"canonical\" href=\"https:\/\/now-news.de\/de\/deutschland\/jugendfestival-auf-der-krim-veranstalter-trotzen-cancel-culture\/\" \/>\n<meta property=\"og:locale\" content=\"de_DE\" \/>\n<meta property=\"og:type\" content=\"article\" \/>\n<meta property=\"og:title\" content=\"Jugendfestival auf der Krim: Veranstalter trotzen Cancel Culture\" \/>\n<meta property=\"og:description\" content=\"Auf der Krim findet diese Woche das Jugendfestival Tawrida.ART statt. Daran nehmen unter anderem junge Leute aus den Volksrepubliken Donezk und Lugansk teil. Der Schwerpunkt des Events liegt auf der F\u00f6rderung der russischen Kultur vor dem Hintergrund Cancel Culture. Seit dem 15. August findet auf der Schwarzmeer-Halbinsel Krim ein Kultur- und Kunstfestival f\u00fcr Jugendliche statt. [&hellip;]\" \/>\n<meta property=\"og:url\" content=\"https:\/\/now-news.de\/de\/deutschland\/jugendfestival-auf-der-krim-veranstalter-trotzen-cancel-culture\/\" \/>\n<meta property=\"og:site_name\" content=\"just-now.NEWS Deutschland\" \/>\n<meta property=\"article:publisher\" content=\"https:\/\/www.facebook.com\/wirmachenauf\" \/>\n<meta property=\"article:published_time\" content=\"2022-08-16T11:47:37+00:00\" \/>\n<meta property=\"og:image\" content=\"https:\/\/now-news.de\/de\/wp-content\/uploads\/sites\/3\/2022\/08\/Jugendfestival-auf-der-Krim-Veranstalter-trotzen-Cancel-Culture.jpg\" \/>\n\t<meta property=\"og:image:width\" content=\"460\" \/>\n\t<meta property=\"og:image:height\" content=\"259\" \/>\n\t<meta property=\"og:image:type\" content=\"image\/jpeg\" \/>\n<meta name=\"author\" content=\"rtnews\" \/>\n<meta name=\"twitter:card\" content=\"summary_large_image\" \/>\n<meta name=\"twitter:creator\" content=\"@WirMachenAuf_de\" \/>\n<meta name=\"twitter:site\" content=\"@WirMachenAuf_de\" \/>\n<meta name=\"twitter:label1\" content=\"Verfasst von\" \/>\n\t<meta name=\"twitter:data1\" content=\"rtnews\" \/>\n\t<meta name=\"twitter:label2\" content=\"Gesch\u00e4tzte Lesezeit\" \/>\n\t<meta name=\"twitter:data2\" content=\"2\u00a0Minuten\" \/>\n<script type=\"application\/ld+json\" class=\"yoast-schema-graph\">{\"@context\":\"https:\/\/schema.org\",\"@graph\":[{\"@type\":\"Article\",\"@id\":\"https:\/\/now-news.de\/de\/deutschland\/jugendfestival-auf-der-krim-veranstalter-trotzen-cancel-culture\/#article\",\"isPartOf\":{\"@id\":\"https:\/\/now-news.de\/de\/deutschland\/jugendfestival-auf-der-krim-veranstalter-trotzen-cancel-culture\/\"},\"author\":{\"name\":\"rtnews\",\"@id\":\"https:\/\/now-news.de\/de\/#\/schema\/person\/fb534a4e865501d8b3285208df34a9b5\"},\"headline\":\"Jugendfestival auf der Krim: Veranstalter trotzen Cancel Culture\",\"datePublished\":\"2022-08-16T11:47:37+00:00\",\"dateModified\":\"2022-08-16T11:47:37+00:00\",\"mainEntityOfPage\":{\"@id\":\"https:\/\/now-news.de\/de\/deutschland\/jugendfestival-auf-der-krim-veranstalter-trotzen-cancel-culture\/\"},\"wordCount\":451,\"commentCount\":0,\"publisher\":{\"@id\":\"https:\/\/now-news.de\/de\/#organization\"},\"image\":{\"@id\":\"https:\/\/now-news.de\/de\/deutschland\/jugendfestival-auf-der-krim-veranstalter-trotzen-cancel-culture\/#primaryimage\"},\"thumbnailUrl\":\"https:\/\/now-news.de\/de\/wp-content\/uploads\/sites\/3\/2022\/08\/Jugendfestival-auf-der-Krim-Veranstalter-trotzen-Cancel-Culture.jpg\",\"keywords\":[\"AUF\",\"Cancel\",\"Culture\",\"der\",\"Jugendfestival\",\"krim\",\"trotzen\",\"Veranstalter\"],\"articleSection\":[\"Deutschland\",\"Russland\"],\"inLanguage\":\"de\",\"potentialAction\":[{\"@type\":\"CommentAction\",\"name\":\"Comment\",\"target\":[\"https:\/\/now-news.de\/de\/deutschland\/jugendfestival-auf-der-krim-veranstalter-trotzen-cancel-culture\/#respond\"]}]},{\"@type\":\"WebPage\",\"@id\":\"https:\/\/now-news.de\/de\/deutschland\/jugendfestival-auf-der-krim-veranstalter-trotzen-cancel-culture\/\",\"url\":\"https:\/\/now-news.de\/de\/deutschland\/jugendfestival-auf-der-krim-veranstalter-trotzen-cancel-culture\/\",\"name\":\"Jugendfestival auf der Krim: Veranstalter trotzen Cancel Culture - just-now.NEWS Deutschland\",\"isPartOf\":{\"@id\":\"https:\/\/now-news.de\/de\/#website\"},\"primaryImageOfPage\":{\"@id\":\"https:\/\/now-news.de\/de\/deutschland\/jugendfestival-auf-der-krim-veranstalter-trotzen-cancel-culture\/#primaryimage\"},\"image\":{\"@id\":\"https:\/\/now-news.de\/de\/deutschland\/jugendfestival-auf-der-krim-veranstalter-trotzen-cancel-culture\/#primaryimage\"},\"thumbnailUrl\":\"https:\/\/now-news.de\/de\/wp-content\/uploads\/sites\/3\/2022\/08\/Jugendfestival-auf-der-Krim-Veranstalter-trotzen-Cancel-Culture.jpg\",\"datePublished\":\"2022-08-16T11:47:37+00:00\",\"dateModified\":\"2022-08-16T11:47:37+00:00\",\"breadcrumb\":{\"@id\":\"https:\/\/now-news.de\/de\/deutschland\/jugendfestival-auf-der-krim-veranstalter-trotzen-cancel-culture\/#breadcrumb\"},\"inLanguage\":\"de\",\"potentialAction\":[{\"@type\":\"ReadAction\",\"target\":[\"https:\/\/now-news.de\/de\/deutschland\/jugendfestival-auf-der-krim-veranstalter-trotzen-cancel-culture\/\"]}]},{\"@type\":\"ImageObject\",\"inLanguage\":\"de\",\"@id\":\"https:\/\/now-news.de\/de\/deutschland\/jugendfestival-auf-der-krim-veranstalter-trotzen-cancel-culture\/#primaryimage\",\"url\":\"https:\/\/now-news.de\/de\/wp-content\/uploads\/sites\/3\/2022\/08\/Jugendfestival-auf-der-Krim-Veranstalter-trotzen-Cancel-Culture.jpg\",\"contentUrl\":\"https:\/\/now-news.de\/de\/wp-content\/uploads\/sites\/3\/2022\/08\/Jugendfestival-auf-der-Krim-Veranstalter-trotzen-Cancel-Culture.jpg\",\"width\":460,\"height\":259,\"caption\":\"Jugendfestival auf der Krim: Veranstalter trotzen Cancel Culture\"},{\"@type\":\"BreadcrumbList\",\"@id\":\"https:\/\/now-news.de\/de\/deutschland\/jugendfestival-auf-der-krim-veranstalter-trotzen-cancel-culture\/#breadcrumb\",\"itemListElement\":[{\"@type\":\"ListItem\",\"position\":1,\"name\":\"Home\",\"item\":\"https:\/\/now-news.de\/de\/\"},{\"@type\":\"ListItem\",\"position\":2,\"name\":\"Jugendfestival auf der Krim: Veranstalter trotzen Cancel Culture\"}]},{\"@type\":\"WebSite\",\"@id\":\"https:\/\/now-news.de\/de\/#website\",\"url\":\"https:\/\/now-news.de\/de\/\",\"name\":\"just-now.NEWS Deutschland\",\"description\":\"Das Portal f\u00fcr unzensierte Nachrichten aus der Welt\",\"publisher\":{\"@id\":\"https:\/\/now-news.de\/de\/#organization\"},\"potentialAction\":[{\"@type\":\"SearchAction\",\"target\":{\"@type\":\"EntryPoint\",\"urlTemplate\":\"https:\/\/now-news.de\/de\/?s={search_term_string}\"},\"query-input\":\"required name=search_term_string\"}],\"inLanguage\":\"de\"},{\"@type\":\"Organization\",\"@id\":\"https:\/\/now-news.de\/de\/#organization\",\"name\":\"Just Now News\",\"url\":\"https:\/\/now-news.de\/de\/\",\"logo\":{\"@type\":\"ImageObject\",\"inLanguage\":\"de\",\"@id\":\"https:\/\/now-news.de\/de\/#\/schema\/logo\/image\/\",\"url\":\"http:\/\/just-now.news\/de\/wp-content\/uploads\/sites\/3\/2022\/04\/logo500x500.jpg\",\"contentUrl\":\"http:\/\/just-now.news\/de\/wp-content\/uploads\/sites\/3\/2022\/04\/logo500x500.jpg\",\"width\":500,\"height\":500,\"caption\":\"Just Now News\"},\"image\":{\"@id\":\"https:\/\/now-news.de\/de\/#\/schema\/logo\/image\/\"},\"sameAs\":[\"https:\/\/www.facebook.com\/wirmachenauf\",\"https:\/\/x.com\/WirMachenAuf_de\"]},{\"@type\":\"Person\",\"@id\":\"https:\/\/now-news.de\/de\/#\/schema\/person\/fb534a4e865501d8b3285208df34a9b5\",\"name\":\"rtnews\",\"image\":{\"@type\":\"ImageObject\",\"inLanguage\":\"de\",\"@id\":\"https:\/\/now-news.de\/de\/#\/schema\/person\/image\/\",\"url\":\"https:\/\/secure.gravatar.com\/avatar\/82aafea7d8127119dd649515f56e2117?s=96&d=mm&r=g\",\"contentUrl\":\"https:\/\/secure.gravatar.com\/avatar\/82aafea7d8127119dd649515f56e2117?s=96&d=mm&r=g\",\"caption\":\"rtnews\"},\"url\":\"https:\/\/now-news.de\/de\/author\/rnews\/\"}]}<\/script>\n<!-- \/ Yoast SEO Premium plugin. -->","yoast_head_json":{"title":"Jugendfestival auf der Krim: Veranstalter trotzen Cancel Culture - just-now.NEWS Deutschland","robots":{"index":"index","follow":"follow","max-snippet":"max-snippet:-1","max-image-preview":"max-image-preview:large","max-video-preview":"max-video-preview:-1"},"canonical":"https:\/\/now-news.de\/de\/deutschland\/jugendfestival-auf-der-krim-veranstalter-trotzen-cancel-culture\/","og_locale":"de_DE","og_type":"article","og_title":"Jugendfestival auf der Krim: Veranstalter trotzen Cancel Culture","og_description":"Auf der Krim findet diese Woche das Jugendfestival Tawrida.ART statt. Daran nehmen unter anderem junge Leute aus den Volksrepubliken Donezk und Lugansk teil. Der Schwerpunkt des Events liegt auf der F\u00f6rderung der russischen Kultur vor dem Hintergrund Cancel Culture. Seit dem 15. August findet auf der Schwarzmeer-Halbinsel Krim ein Kultur- und Kunstfestival f\u00fcr Jugendliche statt. [&hellip;]","og_url":"https:\/\/now-news.de\/de\/deutschland\/jugendfestival-auf-der-krim-veranstalter-trotzen-cancel-culture\/","og_site_name":"just-now.NEWS Deutschland","article_publisher":"https:\/\/www.facebook.com\/wirmachenauf","article_published_time":"2022-08-16T11:47:37+00:00","og_image":[{"width":460,"height":259,"url":"https:\/\/now-news.de\/de\/wp-content\/uploads\/sites\/3\/2022\/08\/Jugendfestival-auf-der-Krim-Veranstalter-trotzen-Cancel-Culture.jpg","type":"image\/jpeg"}],"author":"rtnews","twitter_card":"summary_large_image","twitter_creator":"@WirMachenAuf_de","twitter_site":"@WirMachenAuf_de","twitter_misc":{"Verfasst von":"rtnews","Gesch\u00e4tzte Lesezeit":"2\u00a0Minuten"},"schema":{"@context":"https:\/\/schema.org","@graph":[{"@type":"Article","@id":"https:\/\/now-news.de\/de\/deutschland\/jugendfestival-auf-der-krim-veranstalter-trotzen-cancel-culture\/#article","isPartOf":{"@id":"https:\/\/now-news.de\/de\/deutschland\/jugendfestival-auf-der-krim-veranstalter-trotzen-cancel-culture\/"},"author":{"name":"rtnews","@id":"https:\/\/now-news.de\/de\/#\/schema\/person\/fb534a4e865501d8b3285208df34a9b5"},"headline":"Jugendfestival auf der Krim: Veranstalter trotzen Cancel Culture","datePublished":"2022-08-16T11:47:37+00:00","dateModified":"2022-08-16T11:47:37+00:00","mainEntityOfPage":{"@id":"https:\/\/now-news.de\/de\/deutschland\/jugendfestival-auf-der-krim-veranstalter-trotzen-cancel-culture\/"},"wordCount":451,"commentCount":0,"publisher":{"@id":"https:\/\/now-news.de\/de\/#organization"},"image":{"@id":"https:\/\/now-news.de\/de\/deutschland\/jugendfestival-auf-der-krim-veranstalter-trotzen-cancel-culture\/#primaryimage"},"thumbnailUrl":"https:\/\/now-news.de\/de\/wp-content\/uploads\/sites\/3\/2022\/08\/Jugendfestival-auf-der-Krim-Veranstalter-trotzen-Cancel-Culture.jpg","keywords":["AUF","Cancel","Culture","der","Jugendfestival","krim","trotzen","Veranstalter"],"articleSection":["Deutschland","Russland"],"inLanguage":"de","potentialAction":[{"@type":"CommentAction","name":"Comment","target":["https:\/\/now-news.de\/de\/deutschland\/jugendfestival-auf-der-krim-veranstalter-trotzen-cancel-culture\/#respond"]}]},{"@type":"WebPage","@id":"https:\/\/now-news.de\/de\/deutschland\/jugendfestival-auf-der-krim-veranstalter-trotzen-cancel-culture\/","url":"https:\/\/now-news.de\/de\/deutschland\/jugendfestival-auf-der-krim-veranstalter-trotzen-cancel-culture\/","name":"Jugendfestival auf der Krim: Veranstalter trotzen Cancel Culture - just-now.NEWS Deutschland","isPartOf":{"@id":"https:\/\/now-news.de\/de\/#website"},"primaryImageOfPage":{"@id":"https:\/\/now-news.de\/de\/deutschland\/jugendfestival-auf-der-krim-veranstalter-trotzen-cancel-culture\/#primaryimage"},"image":{"@id":"https:\/\/now-news.de\/de\/deutschland\/jugendfestival-auf-der-krim-veranstalter-trotzen-cancel-culture\/#primaryimage"},"thumbnailUrl":"https:\/\/now-news.de\/de\/wp-content\/uploads\/sites\/3\/2022\/08\/Jugendfestival-auf-der-Krim-Veranstalter-trotzen-Cancel-Culture.jpg","datePublished":"2022-08-16T11:47:37+00:00","dateModified":"2022-08-16T11:47:37+00:00","breadcrumb":{"@id":"https:\/\/now-news.de\/de\/deutschland\/jugendfestival-auf-der-krim-veranstalter-trotzen-cancel-culture\/#breadcrumb"},"inLanguage":"de","potentialAction":[{"@type":"ReadAction","target":["https:\/\/now-news.de\/de\/deutschland\/jugendfestival-auf-der-krim-veranstalter-trotzen-cancel-culture\/"]}]},{"@type":"ImageObject","inLanguage":"de","@id":"https:\/\/now-news.de\/de\/deutschland\/jugendfestival-auf-der-krim-veranstalter-trotzen-cancel-culture\/#primaryimage","url":"https:\/\/now-news.de\/de\/wp-content\/uploads\/sites\/3\/2022\/08\/Jugendfestival-auf-der-Krim-Veranstalter-trotzen-Cancel-Culture.jpg","contentUrl":"https:\/\/now-news.de\/de\/wp-content\/uploads\/sites\/3\/2022\/08\/Jugendfestival-auf-der-Krim-Veranstalter-trotzen-Cancel-Culture.jpg","width":460,"height":259,"caption":"Jugendfestival auf der Krim: Veranstalter trotzen Cancel Culture"},{"@type":"BreadcrumbList","@id":"https:\/\/now-news.de\/de\/deutschland\/jugendfestival-auf-der-krim-veranstalter-trotzen-cancel-culture\/#breadcrumb","itemListElement":[{"@type":"ListItem","position":1,"name":"Home","item":"https:\/\/now-news.de\/de\/"},{"@type":"ListItem","position":2,"name":"Jugendfestival auf der Krim: Veranstalter trotzen Cancel Culture"}]},{"@type":"WebSite","@id":"https:\/\/now-news.de\/de\/#website","url":"https:\/\/now-news.de\/de\/","name":"just-now.NEWS Deutschland","description":"Das Portal f\u00fcr unzensierte Nachrichten aus der Welt","publisher":{"@id":"https:\/\/now-news.de\/de\/#organization"},"potentialAction":[{"@type":"SearchAction","target":{"@type":"EntryPoint","urlTemplate":"https:\/\/now-news.de\/de\/?s={search_term_string}"},"query-input":"required name=search_term_string"}],"inLanguage":"de"},{"@type":"Organization","@id":"https:\/\/now-news.de\/de\/#organization","name":"Just Now News","url":"https:\/\/now-news.de\/de\/","logo":{"@type":"ImageObject","inLanguage":"de","@id":"https:\/\/now-news.de\/de\/#\/schema\/logo\/image\/","url":"http:\/\/just-now.news\/de\/wp-content\/uploads\/sites\/3\/2022\/04\/logo500x500.jpg","contentUrl":"http:\/\/just-now.news\/de\/wp-content\/uploads\/sites\/3\/2022\/04\/logo500x500.jpg","width":500,"height":500,"caption":"Just Now News"},"image":{"@id":"https:\/\/now-news.de\/de\/#\/schema\/logo\/image\/"},"sameAs":["https:\/\/www.facebook.com\/wirmachenauf","https:\/\/x.com\/WirMachenAuf_de"]},{"@type":"Person","@id":"https:\/\/now-news.de\/de\/#\/schema\/person\/fb534a4e865501d8b3285208df34a9b5","name":"rtnews","image":{"@type":"ImageObject","inLanguage":"de","@id":"https:\/\/now-news.de\/de\/#\/schema\/person\/image\/","url":"https:\/\/secure.gravatar.com\/avatar\/82aafea7d8127119dd649515f56e2117?s=96&d=mm&r=g","contentUrl":"https:\/\/secure.gravatar.com\/avatar\/82aafea7d8127119dd649515f56e2117?s=96&d=mm&r=g","caption":"rtnews"},"url":"https:\/\/now-news.de\/de\/author\/rnews\/"}]}},"_links":{"self":[{"href":"https:\/\/now-news.de\/de\/wp-json\/wp\/v2\/posts\/17041"}],"collection":[{"href":"https:\/\/now-news.de\/de\/wp-json\/wp\/v2\/posts"}],"about":[{"href":"https:\/\/now-news.de\/de\/wp-json\/wp\/v2\/types\/post"}],"author":[{"embeddable":true,"href":"https:\/\/now-news.de\/de\/wp-json\/wp\/v2\/users\/3"}],"replies":[{"embeddable":true,"href":"https:\/\/now-news.de\/de\/wp-json\/wp\/v2\/comments?post=17041"}],"version-history":[{"count":0,"href":"https:\/\/now-news.de\/de\/wp-json\/wp\/v2\/posts\/17041\/revisions"}],"wp:featuredmedia":[{"embeddable":true,"href":"https:\/\/now-news.de\/de\/wp-json\/wp\/v2\/media\/17042"}],"wp:attachment":[{"href":"https:\/\/now-news.de\/de\/wp-json\/wp\/v2\/media?parent=17041"}],"wp:term":[{"taxonomy":"category","embeddable":true,"href":"https:\/\/now-news.de\/de\/wp-json\/wp\/v2\/categories?post=17041"},{"taxonomy":"post_tag","embeddable":true,"href":"https:\/\/now-news.de\/de\/wp-json\/wp\/v2\/tags?post=17041"}],"curies":[{"name":"wp","href":"https:\/\/api.w.org\/{rel}","templated":true}]}}