{"id":17027,"date":"2022-08-16T09:38:17","date_gmt":"2022-08-16T07:38:17","guid":{"rendered":"http:\/\/just-now.news\/de\/deutschland\/weltweit-einsetzbar-us-armee-gruendet-abschreckungstriade-gegen-russland-und-china\/"},"modified":"2022-08-16T09:38:17","modified_gmt":"2022-08-16T07:38:17","slug":"weltweit-einsetzbar-us-armee-gruendet-abschreckungstriade-gegen-russland-und-china","status":"publish","type":"post","link":"https:\/\/now-news.de\/de\/deutschland\/weltweit-einsetzbar-us-armee-gruendet-abschreckungstriade-gegen-russland-und-china\/","title":{"rendered":"Weltweit einsetzbar: US-Armee gr\u00fcndet &quot;Abschreckungstriade&quot; gegen Russland und China"},"content":{"rendered":"<p><img decoding=\"async\" src=\"http:\/\/just-now.news\/de\/wp-content\/uploads\/sites\/3\/2022\/08\/62fa3459b480cc3f6a1a4f85.jpg\" \/><\/p>\n<div class=\"Text-root Text-type_1 \">\n                Ein Zusammenschluss aus drei Kommandoeinheiten des US-Milit\u00e4rs will k\u00fcnftig umfassender auf Angriffe jedweder Art reagieren k\u00f6nnen. Dies beinhalte demnach t\u00f6dliche Operationen in der physischen Welt, gepaart mit nicht-t\u00f6dlichen Operationen wie Informationskriegsf\u00fchrung \u2013 weltweit.\n            <\/div>\n<p><\/p>\n<div class=\"Text-root Text-type_5 ArticleView-text ViewText-root \">\n<p>Die US-Armee hat zur Verbesserung ihrer operativen F\u00e4higkeiten auf dem Schlachtfeld angesichts neuer Bedrohungen laut eigenen Angaben mit der Bildung einer neuen &#8220;Abschreckungstriade&#8221; aus den bisher getrennt agierenden Kommandos\u00a0f\u00fcr Spezialeins\u00e4tze, f\u00fcr Weltraum- und Raketenabwehr sowie Cyberoperationen begonnen. &#8220;Wenn wir unserer Konkurrenz einen Schritt voraus sein wollen, ist eine enge Koordination zwischen dem Special Operations Command (SOCOM), dem Space Command (SPACECOM) und dem\u00a0Cyber Command (CYBERCOM) ein Muss&#8221;, sagte General James Dickinson, Leiter des US Space Command, am Dienstag auf dem <a rel=\"nofollow noopener\" target=\"_blank\" href=\"https:\/\/smdsymposium.org\/\">Space and Missile Defense Symposium<\/a>, einer Bildungs-, Weiterbildungs- und Networking-Veranstaltung der Weltraum- und Raketenabwehrgemeinschaft,\u00a0in Huntsville, wo das Konzept von den\u00a0befehlshabenden Gener\u00e4len der drei Organisationen erstmals vorgestellt wurde.\u00a0\u00a0<\/p>\n<p>Der Sinn der Triade bestehe demnach darin, die F\u00e4higkeiten\u00a0der einzelnen Kommandos miteinander zu verkn\u00fcpfen, um effektivere Strategien f\u00fcr die moderne Kriegsf\u00fchrung konzipieren zu k\u00f6nnen.\u00a0Das Heer &#8220;entwickelt einen innovativen Weg, um asymmetrische Vorteile zu generieren, indem es die Wirkung von weltraumgest\u00fctzten Cyber- und SOF-F\u00e4higkeiten (Special Operations Forces) \u00fcber das gesamte Spektrum eines Konflikts hinweg zusammenf\u00fchrt&#8221;, so Dickinson. &#8220;Diese Einfluss-Triade stellt eine wichtige Entwicklung in diesen hochspezialisierten Bereichen dar.&#8221;\u00a0<\/p>\n<p>Dies k\u00f6nnte laut Dickinson auch die Bildung kombinierter Teams f\u00fcr die Verteidigung kritischer Cyber-Infrastrukturen oder die Bildung von Zellen f\u00fcr die Informationskriegsf\u00fchrung umfassen, in denen Satelliteneins\u00e4tze durch Spezialeinheiten unterst\u00fctzt werden. &#8220;Die Verschmelzung traditioneller weltraumgest\u00fctzter F\u00e4higkeiten mit Cyber- und Spezialoperationen kann neue und reaktionsschnelle Abschreckungsoptionen schaffen&#8221;, so Dickinson weiter. Hierbei w\u00fcrde die neue Triade von zwei weiteren Triaden unterst\u00fctzt:\u00a0<\/p>\n<blockquote>\n<p>&#8220;<em>Eine, die die Verschmelzung von weltraum-, see- und landgest\u00fctzten Sensoren beinhaltet, und eine, die auf der Verbesserung der dienststelleninternen und internationalen Partnerschaften basiert.<\/em>&#8220;<\/p>\n<\/blockquote>\n<p>&#8220;Wir wissen, dass die Weltraumkapazit\u00e4ten der Armee noch eindrucksvoller werden, wenn sie zusammen mit Cyber- und Spezialoperationen eingesetzt werden&#8221;, erg\u00e4nzte Generalleutnant Daniel Karbler, Kommandeur des Space and Missile Defense Command.\u00a0&#8220;Dieser neue Dreiklang erm\u00f6glicht es uns, die individuellen St\u00e4rken optimal zu nutzen und bietet flexible Optionen zur Bek\u00e4mpfung von Fehlinformationen, Cyberangriffen und irregul\u00e4ren asymmetrischen Bedrohungen. Zu diesen Optionen geh\u00f6rt es, jederzeit und \u00fcberall \u00fcberraschend anzugreifen und auf gegnerische Angriffe zu reagieren oder sie zu vergelten.&#8221;<\/p>\n<p>Dies beinhalte demnach t\u00f6dliche Operationen in der physischen Welt, gepaart mit nicht-t\u00f6dlichen Operationen wie Informationskriegsf\u00fchrung. &#8220;Wir haben Beispiele im Kampf gegen den IS, bei denen t\u00f6dliche und nicht-t\u00f6dliche Operationen f\u00fcr einen viel gr\u00f6\u00dferen, ganzheitlichen Effekt kombiniert wurden&#8221;, erkl\u00e4rte der Kommandeur des US-Special Operations Command, Jonathan Braga, gegen\u00fcber den anwesenden Reportern.\u00a0Diese Strategie h\u00e4tte eine gr\u00f6\u00dfere Wirkung erzielt, als man das im Vorfeld f\u00fcr m\u00f6glich gehalten hatte.<\/p>\n<div class=\"EmbedBlock-root EmbedBlock-twitter\">\n<div class=\"TwitterEmbed\">\n<blockquote class=\"twitter-tweet lazyload\" data-twitter=\"twitter-tweet\">\n<p lang=\"en\" dir=\"ltr\">&#8220;As we analyze this operating environment, we see the requirement to converge the fwd presence &amp; access of ARSOF Soldiers w\/ Space and Cyber domains. That is why we are working hand in glove with <a rel=\"nofollow noopener\" target=\"_blank\" href=\"https:\/\/twitter.com\/ARCYBER?ref_src=twsrc%5Etfw\">@ARCYBER<\/a> &amp; <a rel=\"nofollow noopener\" target=\"_blank\" href=\"https:\/\/twitter.com\/ArmySMDC?ref_src=twsrc%5Etfw\">@ArmySMDC<\/a> to establish the Cyber, Space, SOF Triad.&#8221;~Lt. Gen. Braga <a rel=\"nofollow noopener\" target=\"_blank\" href=\"https:\/\/t.co\/cTEyc6WODn\">https:\/\/t.co\/cTEyc6WODn<\/a><\/p>\n<p>\u2014 USASOC (@USASOCNews) <a rel=\"nofollow noopener\" target=\"_blank\" href=\"https:\/\/twitter.com\/USASOCNews\/status\/1557428079143882753?ref_src=twsrc%5Etfw\">August 10, 2022<\/a><\/p><\/blockquote>\n<\/div>\n<\/div>\n<p>Doch mit dem Ende des 20-j\u00e4hrigen Krieges im Nahen Osten habe sich der Schwerpunkt des Milit\u00e4rs auf &#8220;f\u00e4higere Gegner in China und Russland&#8221; verlagert, die &#8220;weitaus raffinierter sind als terroristische Gruppen&#8221;. In der heutigen Kriegsf\u00fchrung sei nahezu jeder Bereich umk\u00e4mpft, so Braga. Deshalb m\u00fcsse die\u00a0US-Armee auch die Konvergenz von Weltraum-, Cyber- und Spezialoperationsf\u00e4higkeiten beschleunigen, um &#8220;unsere Beobachter im gesamten Spektrum herauszufordern&#8221;. W\u00e4hrend die gegnerischen Streitkr\u00e4fte weiterhin in das Sammeln von Informationen und das Ausnutzen kritischer Schwachstellen investieren, m\u00fcsse die US-Armee die drei Kommandos hingegen daf\u00fcr nutzen, die gegnerischen Streitkr\u00e4fte abzuschrecken.<\/p>\n<blockquote>\n<p>\u00a0&#8220;<em>Informationsoperationen sind extrem wichtig, Einflussoperationen sind extrem wichtig, ein Beitrag zur integrierten Abschreckung ist extrem wichtig.<\/em>&#8220;<\/p>\n<\/blockquote>\n<p>Laut Braga soll das &#8220;neue moderne Konzept der Cyberspace- und Special Operations-Triade&#8221; die nukleare Triade der Vereinigten Staaten aber nicht ersetzen, sondern lediglich die &#8220;integrierte Abschreckung&#8221; verbessern. &#8220;Wenn man sich noch einmal ansieht, was die Triade als Teil der integrierten Abschreckung bringt\u00a0\u2013 n\u00e4mlich die F\u00e4higkeit, das Kalk\u00fcl des Gegners zu beeinflussen \u2013, dann wird die Triade das beeinflussen&#8221;, f\u00fcgte er hinzu. &#8220;Unser erster Schritt ist die Integration \u00fcber gemeinsame und mehrere Kampfkommandos hinweg sowie mit unseren Verb\u00fcndeten und Partnern.&#8221;<\/p>\n<p>&#8220;Wir alle nutzen die Erkenntnisse der Nachrichtendienste f\u00fcr alles, was wir tun&#8221;, so Braga weiter. &#8220;Aber als wir dar\u00fcber nachdachten, stellte sich immer mehr heraus, dass wir uns in gewisser Weise \u00e4hneln: Wir sind alle \u00fcberregional t\u00e4tig, wir arbeiten alle f\u00fcr mehrere Vorgesetzte. Wir alle bringen Effekte ein, um zu versuchen, mit relativ kleinen Kr\u00e4ften, die zu einer viel gr\u00f6\u00dferen gemeinsamen Kraft beitragen, gr\u00f6\u00dfere \u00fcbergeordnete Effekte zu erzielen. Wir gehen philosophisch alle auf dieselbe Weise vor.&#8221;<\/p>\n<p>&#8220;Wir sehen das weltweit&#8221;, erkl\u00e4rte General\u00a0Maria Barrett, Befehlshaberin des US-Cyber Command. Keiner der Teilnehmer der Triade sei auf eine bestimmte Region beschr\u00e4nkt. &#8220;Sie erm\u00f6glicht es uns, mehr Optionen \u00fcber das gesamte Spektrum von Wettbewerben, Krisen und Konflikten hinweg anzubieten&#8221;, f\u00fcgte sie hinzu. Da die Triade einen Rahmen schaffe, &#8220;k\u00f6nnen wir diese Dinge schneller als bisher umsetzen und Daten leichter austauschen&#8221;, so Barrett.<\/p>\n<p>Die befehlshabenden Gener\u00e4le der drei\u00a0Kommandos wollen in den n\u00e4chsten 12 Monaten deshalb auch nach weiteren M\u00f6glichkeiten\u00a0suchen, k\u00fcnftig effektiver zusammenzuarbeiten. So sollen auch im Einsatz stehende Kommandeure auf die Triade aufmerksam werden und sie zuk\u00fcnftig bei Operationen auf dem Schlachtfeld einsetzen.<\/p>\n<p><strong>Mehr zum Thema &#8211;<\/strong>\u00a0<a rel=\"nofollow noopener\" target=\"_blank\" href=\"https:\/\/test.rtde.tech\/nordamerika\/142685-dokumente-us-spezialkrafte-in-us\/\">&#8220;127-Echo-Projekte&#8221; \u2013 Geheimprogramm f\u00fcr Stellvertreterkriege der USA<\/a><\/p>\n<\/div>\n<p><script async src=\"https:\/\/platform.twitter.com\/widgets.js\" charset=\"utf-8\"><\/script><br \/>\n<br \/><br \/>\n<br \/><a href=\"https:\/\/de.rt.com\/nordamerika\/146144-weltweit-einsetzbar-us-armee-grundet\/\">Source link <\/a><\/p>\n","protected":false},"excerpt":{"rendered":"<p>Ein Zusammenschluss aus drei Kommandoeinheiten des US-Milit\u00e4rs will k\u00fcnftig umfassender auf Angriffe jedweder Art reagieren k\u00f6nnen. Dies beinhalte demnach t\u00f6dliche Operationen in der physischen Welt, gepaart mit nicht-t\u00f6dlichen Operationen wie Informationskriegsf\u00fchrung \u2013 weltweit. Die US-Armee hat zur Verbesserung ihrer operativen F\u00e4higkeiten auf dem Schlachtfeld angesichts neuer Bedrohungen laut eigenen Angaben mit der Bildung einer neuen [&hellip;]<\/p>\n","protected":false},"author":3,"featured_media":17028,"comment_status":"open","ping_status":"open","sticky":false,"template":"","format":"standard","meta":{"wp_automatic_camp":["217"],"33604c4f87be4f91605020ed4242c164":["Weltweit einsetzbar: US-Armee gr\u00fcndet &quot;Abschreckungstriade&quot; gegen Russland und China"],"original_link":["https:\/\/de.rt.com\/nordamerika\/146144-weltweit-einsetzbar-us-armee-grundet\/"],"_thumbnail_id":["17028"],"_wptg_p2tg_sent2tg":["2022-08-16 09:45:53"],"jnews_social_counter_last_update":["1777457072"]},"categories":[19,23],"tags":[192,31097,278,13981,31098,126,140,14895,11625],"yoast_head":"<!-- This site is optimized with the Yoast SEO Premium plugin v22.7 (Yoast SEO v22.7) - https:\/\/yoast.com\/wordpress\/plugins\/seo\/ -->\n<title>Weltweit einsetzbar: US-Armee gr\u00fcndet &quot;Abschreckungstriade&quot; gegen Russland und China - just-now.NEWS Deutschland<\/title>\n<meta name=\"robots\" content=\"index, follow, max-snippet:-1, max-image-preview:large, max-video-preview:-1\" \/>\n<link rel=\"canonical\" href=\"https:\/\/now-news.de\/de\/deutschland\/weltweit-einsetzbar-us-armee-gruendet-abschreckungstriade-gegen-russland-und-china\/\" \/>\n<meta property=\"og:locale\" content=\"de_DE\" \/>\n<meta property=\"og:type\" content=\"article\" \/>\n<meta property=\"og:title\" content=\"Weltweit einsetzbar: US-Armee gr\u00fcndet &quot;Abschreckungstriade&quot; gegen Russland und China\" \/>\n<meta property=\"og:description\" content=\"Ein Zusammenschluss aus drei Kommandoeinheiten des US-Milit\u00e4rs will k\u00fcnftig umfassender auf Angriffe jedweder Art reagieren k\u00f6nnen. Dies beinhalte demnach t\u00f6dliche Operationen in der physischen Welt, gepaart mit nicht-t\u00f6dlichen Operationen wie Informationskriegsf\u00fchrung \u2013 weltweit. Die US-Armee hat zur Verbesserung ihrer operativen F\u00e4higkeiten auf dem Schlachtfeld angesichts neuer Bedrohungen laut eigenen Angaben mit der Bildung einer neuen [&hellip;]\" \/>\n<meta property=\"og:url\" content=\"https:\/\/now-news.de\/de\/deutschland\/weltweit-einsetzbar-us-armee-gruendet-abschreckungstriade-gegen-russland-und-china\/\" \/>\n<meta property=\"og:site_name\" content=\"just-now.NEWS Deutschland\" \/>\n<meta property=\"article:publisher\" content=\"https:\/\/www.facebook.com\/wirmachenauf\" \/>\n<meta property=\"article:published_time\" content=\"2022-08-16T07:38:17+00:00\" \/>\n<meta property=\"og:image\" content=\"https:\/\/now-news.de\/de\/wp-content\/uploads\/sites\/3\/2022\/08\/Weltweit-einsetzbar-US-Armee-gruendet-quotAbschreckungstriadequot-gegen-Russland-und-China.jpg\" \/>\n\t<meta property=\"og:image:width\" content=\"460\" \/>\n\t<meta property=\"og:image:height\" content=\"259\" \/>\n\t<meta property=\"og:image:type\" content=\"image\/jpeg\" \/>\n<meta name=\"author\" content=\"rtnews\" \/>\n<meta name=\"twitter:card\" content=\"summary_large_image\" \/>\n<meta name=\"twitter:creator\" content=\"@WirMachenAuf_de\" \/>\n<meta name=\"twitter:site\" content=\"@WirMachenAuf_de\" \/>\n<meta name=\"twitter:label1\" content=\"Verfasst von\" \/>\n\t<meta name=\"twitter:data1\" content=\"rtnews\" \/>\n\t<meta name=\"twitter:label2\" content=\"Gesch\u00e4tzte Lesezeit\" \/>\n\t<meta name=\"twitter:data2\" content=\"5\u00a0Minuten\" \/>\n<script type=\"application\/ld+json\" class=\"yoast-schema-graph\">{\"@context\":\"https:\/\/schema.org\",\"@graph\":[{\"@type\":\"Article\",\"@id\":\"https:\/\/now-news.de\/de\/deutschland\/weltweit-einsetzbar-us-armee-gruendet-abschreckungstriade-gegen-russland-und-china\/#article\",\"isPartOf\":{\"@id\":\"https:\/\/now-news.de\/de\/deutschland\/weltweit-einsetzbar-us-armee-gruendet-abschreckungstriade-gegen-russland-und-china\/\"},\"author\":{\"name\":\"rtnews\",\"@id\":\"https:\/\/now-news.de\/de\/#\/schema\/person\/fb534a4e865501d8b3285208df34a9b5\"},\"headline\":\"Weltweit einsetzbar: US-Armee gr\u00fcndet &quot;Abschreckungstriade&quot; gegen Russland und China\",\"datePublished\":\"2022-08-16T07:38:17+00:00\",\"dateModified\":\"2022-08-16T07:38:17+00:00\",\"mainEntityOfPage\":{\"@id\":\"https:\/\/now-news.de\/de\/deutschland\/weltweit-einsetzbar-us-armee-gruendet-abschreckungstriade-gegen-russland-und-china\/\"},\"wordCount\":964,\"commentCount\":0,\"publisher\":{\"@id\":\"https:\/\/now-news.de\/de\/#organization\"},\"image\":{\"@id\":\"https:\/\/now-news.de\/de\/deutschland\/weltweit-einsetzbar-us-armee-gruendet-abschreckungstriade-gegen-russland-und-china\/#primaryimage\"},\"thumbnailUrl\":\"https:\/\/now-news.de\/de\/wp-content\/uploads\/sites\/3\/2022\/08\/Weltweit-einsetzbar-US-Armee-gruendet-quotAbschreckungstriadequot-gegen-Russland-und-China.jpg\",\"keywords\":[\"China\",\"einsetzbar\",\"gegen\",\"gr\u00fcndet\",\"quotAbschreckungstriadequot\",\"russland\",\"und\",\"USArmee\",\"weltweit\"],\"articleSection\":[\"Deutschland\",\"Russland\"],\"inLanguage\":\"de\",\"potentialAction\":[{\"@type\":\"CommentAction\",\"name\":\"Comment\",\"target\":[\"https:\/\/now-news.de\/de\/deutschland\/weltweit-einsetzbar-us-armee-gruendet-abschreckungstriade-gegen-russland-und-china\/#respond\"]}]},{\"@type\":\"WebPage\",\"@id\":\"https:\/\/now-news.de\/de\/deutschland\/weltweit-einsetzbar-us-armee-gruendet-abschreckungstriade-gegen-russland-und-china\/\",\"url\":\"https:\/\/now-news.de\/de\/deutschland\/weltweit-einsetzbar-us-armee-gruendet-abschreckungstriade-gegen-russland-und-china\/\",\"name\":\"Weltweit einsetzbar: US-Armee gr\u00fcndet &quot;Abschreckungstriade&quot; gegen Russland und China - just-now.NEWS Deutschland\",\"isPartOf\":{\"@id\":\"https:\/\/now-news.de\/de\/#website\"},\"primaryImageOfPage\":{\"@id\":\"https:\/\/now-news.de\/de\/deutschland\/weltweit-einsetzbar-us-armee-gruendet-abschreckungstriade-gegen-russland-und-china\/#primaryimage\"},\"image\":{\"@id\":\"https:\/\/now-news.de\/de\/deutschland\/weltweit-einsetzbar-us-armee-gruendet-abschreckungstriade-gegen-russland-und-china\/#primaryimage\"},\"thumbnailUrl\":\"https:\/\/now-news.de\/de\/wp-content\/uploads\/sites\/3\/2022\/08\/Weltweit-einsetzbar-US-Armee-gruendet-quotAbschreckungstriadequot-gegen-Russland-und-China.jpg\",\"datePublished\":\"2022-08-16T07:38:17+00:00\",\"dateModified\":\"2022-08-16T07:38:17+00:00\",\"breadcrumb\":{\"@id\":\"https:\/\/now-news.de\/de\/deutschland\/weltweit-einsetzbar-us-armee-gruendet-abschreckungstriade-gegen-russland-und-china\/#breadcrumb\"},\"inLanguage\":\"de\",\"potentialAction\":[{\"@type\":\"ReadAction\",\"target\":[\"https:\/\/now-news.de\/de\/deutschland\/weltweit-einsetzbar-us-armee-gruendet-abschreckungstriade-gegen-russland-und-china\/\"]}]},{\"@type\":\"ImageObject\",\"inLanguage\":\"de\",\"@id\":\"https:\/\/now-news.de\/de\/deutschland\/weltweit-einsetzbar-us-armee-gruendet-abschreckungstriade-gegen-russland-und-china\/#primaryimage\",\"url\":\"https:\/\/now-news.de\/de\/wp-content\/uploads\/sites\/3\/2022\/08\/Weltweit-einsetzbar-US-Armee-gruendet-quotAbschreckungstriadequot-gegen-Russland-und-China.jpg\",\"contentUrl\":\"https:\/\/now-news.de\/de\/wp-content\/uploads\/sites\/3\/2022\/08\/Weltweit-einsetzbar-US-Armee-gruendet-quotAbschreckungstriadequot-gegen-Russland-und-China.jpg\",\"width\":460,\"height\":259,\"caption\":\"Weltweit einsetzbar: US-Armee gr\u00fcndet &quot;Abschreckungstriade&quot; gegen Russland und China\"},{\"@type\":\"BreadcrumbList\",\"@id\":\"https:\/\/now-news.de\/de\/deutschland\/weltweit-einsetzbar-us-armee-gruendet-abschreckungstriade-gegen-russland-und-china\/#breadcrumb\",\"itemListElement\":[{\"@type\":\"ListItem\",\"position\":1,\"name\":\"Home\",\"item\":\"https:\/\/now-news.de\/de\/\"},{\"@type\":\"ListItem\",\"position\":2,\"name\":\"Weltweit einsetzbar: US-Armee gr\u00fcndet &quot;Abschreckungstriade&quot; gegen Russland und China\"}]},{\"@type\":\"WebSite\",\"@id\":\"https:\/\/now-news.de\/de\/#website\",\"url\":\"https:\/\/now-news.de\/de\/\",\"name\":\"just-now.NEWS Deutschland\",\"description\":\"Das Portal f\u00fcr unzensierte Nachrichten aus der Welt\",\"publisher\":{\"@id\":\"https:\/\/now-news.de\/de\/#organization\"},\"potentialAction\":[{\"@type\":\"SearchAction\",\"target\":{\"@type\":\"EntryPoint\",\"urlTemplate\":\"https:\/\/now-news.de\/de\/?s={search_term_string}\"},\"query-input\":\"required name=search_term_string\"}],\"inLanguage\":\"de\"},{\"@type\":\"Organization\",\"@id\":\"https:\/\/now-news.de\/de\/#organization\",\"name\":\"Just Now News\",\"url\":\"https:\/\/now-news.de\/de\/\",\"logo\":{\"@type\":\"ImageObject\",\"inLanguage\":\"de\",\"@id\":\"https:\/\/now-news.de\/de\/#\/schema\/logo\/image\/\",\"url\":\"http:\/\/just-now.news\/de\/wp-content\/uploads\/sites\/3\/2022\/04\/logo500x500.jpg\",\"contentUrl\":\"http:\/\/just-now.news\/de\/wp-content\/uploads\/sites\/3\/2022\/04\/logo500x500.jpg\",\"width\":500,\"height\":500,\"caption\":\"Just Now News\"},\"image\":{\"@id\":\"https:\/\/now-news.de\/de\/#\/schema\/logo\/image\/\"},\"sameAs\":[\"https:\/\/www.facebook.com\/wirmachenauf\",\"https:\/\/x.com\/WirMachenAuf_de\"]},{\"@type\":\"Person\",\"@id\":\"https:\/\/now-news.de\/de\/#\/schema\/person\/fb534a4e865501d8b3285208df34a9b5\",\"name\":\"rtnews\",\"image\":{\"@type\":\"ImageObject\",\"inLanguage\":\"de\",\"@id\":\"https:\/\/now-news.de\/de\/#\/schema\/person\/image\/\",\"url\":\"https:\/\/secure.gravatar.com\/avatar\/82aafea7d8127119dd649515f56e2117?s=96&d=mm&r=g\",\"contentUrl\":\"https:\/\/secure.gravatar.com\/avatar\/82aafea7d8127119dd649515f56e2117?s=96&d=mm&r=g\",\"caption\":\"rtnews\"},\"url\":\"https:\/\/now-news.de\/de\/author\/rnews\/\"}]}<\/script>\n<!-- \/ Yoast SEO Premium plugin. -->","yoast_head_json":{"title":"Weltweit einsetzbar: US-Armee gr\u00fcndet &quot;Abschreckungstriade&quot; gegen Russland und China - just-now.NEWS Deutschland","robots":{"index":"index","follow":"follow","max-snippet":"max-snippet:-1","max-image-preview":"max-image-preview:large","max-video-preview":"max-video-preview:-1"},"canonical":"https:\/\/now-news.de\/de\/deutschland\/weltweit-einsetzbar-us-armee-gruendet-abschreckungstriade-gegen-russland-und-china\/","og_locale":"de_DE","og_type":"article","og_title":"Weltweit einsetzbar: US-Armee gr\u00fcndet &quot;Abschreckungstriade&quot; gegen Russland und China","og_description":"Ein Zusammenschluss aus drei Kommandoeinheiten des US-Milit\u00e4rs will k\u00fcnftig umfassender auf Angriffe jedweder Art reagieren k\u00f6nnen. Dies beinhalte demnach t\u00f6dliche Operationen in der physischen Welt, gepaart mit nicht-t\u00f6dlichen Operationen wie Informationskriegsf\u00fchrung \u2013 weltweit. Die US-Armee hat zur Verbesserung ihrer operativen F\u00e4higkeiten auf dem Schlachtfeld angesichts neuer Bedrohungen laut eigenen Angaben mit der Bildung einer neuen [&hellip;]","og_url":"https:\/\/now-news.de\/de\/deutschland\/weltweit-einsetzbar-us-armee-gruendet-abschreckungstriade-gegen-russland-und-china\/","og_site_name":"just-now.NEWS Deutschland","article_publisher":"https:\/\/www.facebook.com\/wirmachenauf","article_published_time":"2022-08-16T07:38:17+00:00","og_image":[{"width":460,"height":259,"url":"https:\/\/now-news.de\/de\/wp-content\/uploads\/sites\/3\/2022\/08\/Weltweit-einsetzbar-US-Armee-gruendet-quotAbschreckungstriadequot-gegen-Russland-und-China.jpg","type":"image\/jpeg"}],"author":"rtnews","twitter_card":"summary_large_image","twitter_creator":"@WirMachenAuf_de","twitter_site":"@WirMachenAuf_de","twitter_misc":{"Verfasst von":"rtnews","Gesch\u00e4tzte Lesezeit":"5\u00a0Minuten"},"schema":{"@context":"https:\/\/schema.org","@graph":[{"@type":"Article","@id":"https:\/\/now-news.de\/de\/deutschland\/weltweit-einsetzbar-us-armee-gruendet-abschreckungstriade-gegen-russland-und-china\/#article","isPartOf":{"@id":"https:\/\/now-news.de\/de\/deutschland\/weltweit-einsetzbar-us-armee-gruendet-abschreckungstriade-gegen-russland-und-china\/"},"author":{"name":"rtnews","@id":"https:\/\/now-news.de\/de\/#\/schema\/person\/fb534a4e865501d8b3285208df34a9b5"},"headline":"Weltweit einsetzbar: US-Armee gr\u00fcndet &quot;Abschreckungstriade&quot; gegen Russland und China","datePublished":"2022-08-16T07:38:17+00:00","dateModified":"2022-08-16T07:38:17+00:00","mainEntityOfPage":{"@id":"https:\/\/now-news.de\/de\/deutschland\/weltweit-einsetzbar-us-armee-gruendet-abschreckungstriade-gegen-russland-und-china\/"},"wordCount":964,"commentCount":0,"publisher":{"@id":"https:\/\/now-news.de\/de\/#organization"},"image":{"@id":"https:\/\/now-news.de\/de\/deutschland\/weltweit-einsetzbar-us-armee-gruendet-abschreckungstriade-gegen-russland-und-china\/#primaryimage"},"thumbnailUrl":"https:\/\/now-news.de\/de\/wp-content\/uploads\/sites\/3\/2022\/08\/Weltweit-einsetzbar-US-Armee-gruendet-quotAbschreckungstriadequot-gegen-Russland-und-China.jpg","keywords":["China","einsetzbar","gegen","gr\u00fcndet","quotAbschreckungstriadequot","russland","und","USArmee","weltweit"],"articleSection":["Deutschland","Russland"],"inLanguage":"de","potentialAction":[{"@type":"CommentAction","name":"Comment","target":["https:\/\/now-news.de\/de\/deutschland\/weltweit-einsetzbar-us-armee-gruendet-abschreckungstriade-gegen-russland-und-china\/#respond"]}]},{"@type":"WebPage","@id":"https:\/\/now-news.de\/de\/deutschland\/weltweit-einsetzbar-us-armee-gruendet-abschreckungstriade-gegen-russland-und-china\/","url":"https:\/\/now-news.de\/de\/deutschland\/weltweit-einsetzbar-us-armee-gruendet-abschreckungstriade-gegen-russland-und-china\/","name":"Weltweit einsetzbar: US-Armee gr\u00fcndet &quot;Abschreckungstriade&quot; gegen Russland und China - just-now.NEWS Deutschland","isPartOf":{"@id":"https:\/\/now-news.de\/de\/#website"},"primaryImageOfPage":{"@id":"https:\/\/now-news.de\/de\/deutschland\/weltweit-einsetzbar-us-armee-gruendet-abschreckungstriade-gegen-russland-und-china\/#primaryimage"},"image":{"@id":"https:\/\/now-news.de\/de\/deutschland\/weltweit-einsetzbar-us-armee-gruendet-abschreckungstriade-gegen-russland-und-china\/#primaryimage"},"thumbnailUrl":"https:\/\/now-news.de\/de\/wp-content\/uploads\/sites\/3\/2022\/08\/Weltweit-einsetzbar-US-Armee-gruendet-quotAbschreckungstriadequot-gegen-Russland-und-China.jpg","datePublished":"2022-08-16T07:38:17+00:00","dateModified":"2022-08-16T07:38:17+00:00","breadcrumb":{"@id":"https:\/\/now-news.de\/de\/deutschland\/weltweit-einsetzbar-us-armee-gruendet-abschreckungstriade-gegen-russland-und-china\/#breadcrumb"},"inLanguage":"de","potentialAction":[{"@type":"ReadAction","target":["https:\/\/now-news.de\/de\/deutschland\/weltweit-einsetzbar-us-armee-gruendet-abschreckungstriade-gegen-russland-und-china\/"]}]},{"@type":"ImageObject","inLanguage":"de","@id":"https:\/\/now-news.de\/de\/deutschland\/weltweit-einsetzbar-us-armee-gruendet-abschreckungstriade-gegen-russland-und-china\/#primaryimage","url":"https:\/\/now-news.de\/de\/wp-content\/uploads\/sites\/3\/2022\/08\/Weltweit-einsetzbar-US-Armee-gruendet-quotAbschreckungstriadequot-gegen-Russland-und-China.jpg","contentUrl":"https:\/\/now-news.de\/de\/wp-content\/uploads\/sites\/3\/2022\/08\/Weltweit-einsetzbar-US-Armee-gruendet-quotAbschreckungstriadequot-gegen-Russland-und-China.jpg","width":460,"height":259,"caption":"Weltweit einsetzbar: US-Armee gr\u00fcndet &quot;Abschreckungstriade&quot; gegen Russland und China"},{"@type":"BreadcrumbList","@id":"https:\/\/now-news.de\/de\/deutschland\/weltweit-einsetzbar-us-armee-gruendet-abschreckungstriade-gegen-russland-und-china\/#breadcrumb","itemListElement":[{"@type":"ListItem","position":1,"name":"Home","item":"https:\/\/now-news.de\/de\/"},{"@type":"ListItem","position":2,"name":"Weltweit einsetzbar: US-Armee gr\u00fcndet &quot;Abschreckungstriade&quot; gegen Russland und China"}]},{"@type":"WebSite","@id":"https:\/\/now-news.de\/de\/#website","url":"https:\/\/now-news.de\/de\/","name":"just-now.NEWS Deutschland","description":"Das Portal f\u00fcr unzensierte Nachrichten aus der Welt","publisher":{"@id":"https:\/\/now-news.de\/de\/#organization"},"potentialAction":[{"@type":"SearchAction","target":{"@type":"EntryPoint","urlTemplate":"https:\/\/now-news.de\/de\/?s={search_term_string}"},"query-input":"required name=search_term_string"}],"inLanguage":"de"},{"@type":"Organization","@id":"https:\/\/now-news.de\/de\/#organization","name":"Just Now News","url":"https:\/\/now-news.de\/de\/","logo":{"@type":"ImageObject","inLanguage":"de","@id":"https:\/\/now-news.de\/de\/#\/schema\/logo\/image\/","url":"http:\/\/just-now.news\/de\/wp-content\/uploads\/sites\/3\/2022\/04\/logo500x500.jpg","contentUrl":"http:\/\/just-now.news\/de\/wp-content\/uploads\/sites\/3\/2022\/04\/logo500x500.jpg","width":500,"height":500,"caption":"Just Now News"},"image":{"@id":"https:\/\/now-news.de\/de\/#\/schema\/logo\/image\/"},"sameAs":["https:\/\/www.facebook.com\/wirmachenauf","https:\/\/x.com\/WirMachenAuf_de"]},{"@type":"Person","@id":"https:\/\/now-news.de\/de\/#\/schema\/person\/fb534a4e865501d8b3285208df34a9b5","name":"rtnews","image":{"@type":"ImageObject","inLanguage":"de","@id":"https:\/\/now-news.de\/de\/#\/schema\/person\/image\/","url":"https:\/\/secure.gravatar.com\/avatar\/82aafea7d8127119dd649515f56e2117?s=96&d=mm&r=g","contentUrl":"https:\/\/secure.gravatar.com\/avatar\/82aafea7d8127119dd649515f56e2117?s=96&d=mm&r=g","caption":"rtnews"},"url":"https:\/\/now-news.de\/de\/author\/rnews\/"}]}},"_links":{"self":[{"href":"https:\/\/now-news.de\/de\/wp-json\/wp\/v2\/posts\/17027"}],"collection":[{"href":"https:\/\/now-news.de\/de\/wp-json\/wp\/v2\/posts"}],"about":[{"href":"https:\/\/now-news.de\/de\/wp-json\/wp\/v2\/types\/post"}],"author":[{"embeddable":true,"href":"https:\/\/now-news.de\/de\/wp-json\/wp\/v2\/users\/3"}],"replies":[{"embeddable":true,"href":"https:\/\/now-news.de\/de\/wp-json\/wp\/v2\/comments?post=17027"}],"version-history":[{"count":0,"href":"https:\/\/now-news.de\/de\/wp-json\/wp\/v2\/posts\/17027\/revisions"}],"wp:featuredmedia":[{"embeddable":true,"href":"https:\/\/now-news.de\/de\/wp-json\/wp\/v2\/media\/17028"}],"wp:attachment":[{"href":"https:\/\/now-news.de\/de\/wp-json\/wp\/v2\/media?parent=17027"}],"wp:term":[{"taxonomy":"category","embeddable":true,"href":"https:\/\/now-news.de\/de\/wp-json\/wp\/v2\/categories?post=17027"},{"taxonomy":"post_tag","embeddable":true,"href":"https:\/\/now-news.de\/de\/wp-json\/wp\/v2\/tags?post=17027"}],"curies":[{"name":"wp","href":"https:\/\/api.w.org\/{rel}","templated":true}]}}