{"id":1691,"date":"2022-04-20T08:05:03","date_gmt":"2022-04-20T09:05:03","guid":{"rendered":"http:\/\/just-now.news\/de\/deutschland\/brasiliens-ex-staatschef-lula-da-silva-bestaetigt-praesidentschaftsambitionen\/"},"modified":"2022-04-20T08:05:03","modified_gmt":"2022-04-20T09:05:03","slug":"brasiliens-ex-staatschef-lula-da-silva-bestaetigt-praesidentschaftsambitionen","status":"publish","type":"post","link":"https:\/\/now-news.de\/de\/deutschland\/brasiliens-ex-staatschef-lula-da-silva-bestaetigt-praesidentschaftsambitionen\/","title":{"rendered":"Brasiliens Ex-Staatschef Lula da Silva best\u00e4tigt Pr\u00e4sidentschaftsambitionen"},"content":{"rendered":"<div class=\"Text-root Text-type_5 ArticleView-text ViewText-root \">\n<p>Luiz In\u00e1cio Lula da Silva, der zwischen 2003 und 2010 Brasilien regiert hat, will in den Wahlkampf f\u00fcr eine m\u00f6gliche Kandidatur bei den Pr\u00e4sidentschaftswahlen in Brasilien ziehen, die f\u00fcr den 2. Oktober angesetzt sind. Am 19. April hat er offiziell best\u00e4tigt, als Vorkandidat antreten zu wollen. Der 76-J\u00e4hrige k\u00fcndigte auf Twitter an, er werde sich f\u00fcr die Vorkandidatur am 7. Mai anmelden und dann durch Brasilien reisen.<\/p>\n<div class=\"EmbedBlock-root EmbedBlock-twitter\">\n<div class=\"TwitterEmbed\">\n<blockquote class=\"twitter-tweet lazyload\" data-twitter=\"twitter-tweet\">\n<p lang=\"pt\" dir=\"ltr\">Estou acostumado a participar de elei\u00e7\u00f5es. N\u00e3o me encanto nem me entriste\u00e7o com pesquisas. Acho que temos um bom hist\u00f3rico de governos. Terei o lan\u00e7amento da minha pr\u00e9-candidatura no dia 7 de maio e depois quero percorrer o Brasil.<\/p>\n<p>\u2014 Lula (@LulaOficial) <a target=\"_blank\" href=\"https:\/\/twitter.com\/LulaOficial\/status\/1516525612562845696?ref_src=twsrc%5Etfw\" rel=\"noopener\">April 19, 2022<\/a><\/p><\/blockquote>\n<\/div>\n<\/div>\n<blockquote>\n<p><em>&#8220;Ich bin es gewohnt, an Wahlen teilzunehmen.&#8221;<\/em><\/p>\n<\/blockquote>\n<p>Zuletzt hatte das Gr\u00fcndungsmitglied der brasilianischen Arbeiterpartei Partido dos Trabalhadores (PT)\u00a0das Management des amtierenden Staatschefs Jair Bolsonaro scharf kritisiert und wiederholt die M\u00f6glichkeit angedeutet, f\u00fcr das Pr\u00e4sidentenamt erneut zu kandidieren. Am 13. April billigte die PT-F\u00fchrung Lulas Ernennung zum Kandidaten f\u00fcr die Pr\u00e4sidentschaftswahlen.<\/p>\n<div class=\"ReadMore-root Section-root Section-is1to3-xs_is1to1\" data-widgets=\"ReadMore\" data-has-alias>\n<div class=\"Section-container Section-isRow-isTop-isWrap\">\n<article class=\"Card-root Card-is1to1 \">\n<div class=\"Card-imageWrap\">\n<div class=\"Card-picture\">\n<picture class=\"Picture-root Picture-default\"><!--[if IE 9]><video style=\"display: none;\"><![endif]--><source media=\"(-webkit-min-device-pixel-ratio: 2) and (min-resolution: 120dpi)\" data-srcset=\" \nhttps:\/\/cdni.russiatoday.com\/deutsch\/images\/2021.06\/thumbnail\/60d18cf6b480cc489f3c90f2.JPG 850w,\n                https:\/\/cdni.russiatoday.com\/deutsch\/images\/2021.06\/article\/60d18cf6b480cc489f3c90f1.JPG 1960w,\n            \" srcset=\"data:image\/png;base64,iVBORw0KGgoAAAANSUhEUgAAABAAAAAJCAQAAACRI2S5AAAAEElEQVR42mNkIAAYRxWAAQAG9gAKqv6+AwAAAABJRU5ErkJggg==\"><source data-srcset=\" \nhttps:\/\/cdni.russiatoday.com\/deutsch\/images\/2021.06\/thumbnail\/60d18cf6b480cc489f3c90f2.JPG 460w,\n              https:\/\/cdni.russiatoday.com\/deutsch\/images\/2021.06\/article\/60d18cf6b480cc489f3c90f1.JPG 980w,\n            \" srcset=\"data:image\/png;base64,iVBORw0KGgoAAAANSUhEUgAAABAAAAAJCAQAAACRI2S5AAAAEElEQVR42mNkIAAYRxWAAQAG9gAKqv6+AwAAAABJRU5ErkJggg==\"><!--[if IE 9]><\/video><![endif]--><\/source><\/source><\/picture><!-- noscript pattern --><noscript><img decoding=\"async\" src=\"https:\/\/cdni.russiatoday.com\/deutsch\/images\/2021.06\/article\/60d18cf6b480cc489f3c90f1.JPG\" alt=\"Brasilien: Gericht spricht Ex-Pr\u00e4sident Lula von weiteren Korruptionsvorw\u00fcrfen frei\"><\/noscript>    <\/div><\/div>\n<div class=\"Card-contentWrap\">\n<div class=\"Card-content\">\n<div class=\"Card-title\">\n<div class=\"HeaderNews-root HeaderNews-type_6 \">\n<p>            <a target=\"_blank\" href=\"https:\/\/de.rt.com\/amerika\/119522-brasilien-gericht-spricht-ex-prasident-lula\/\" class=\"Link-root Link-isFullCard \" rel=\"noopener\"><br \/>\n                Brasilien: Gericht spricht Ex-Pr\u00e4sident Lula von weiteren Korruptionsvorw\u00fcrfen frei<br \/>\n            <\/a><\/p><\/div><\/div><\/div><\/div>\n<\/article>\n<\/div><\/div>\n<p>In einer j\u00fcngsten Umfrage, an der zwischen dem 1. und 3. April 2.000 Menschen teilnahmen, <a target=\"_blank\" href=\"https:\/\/lp.genialinvestimentos.com.br\/nas-eleicoes2022\/\" rel=\"noopener noreferrer\">lag<\/a> Lula mit einem Abstand von 15 Prozent vor Bolsonaro. Den linken Politiker wollten 46 Prozent der Befragen als Staatschef sehen; der amtierende Staatschef schnitt mit 31 Prozent ab.<\/p>\n<p>Lula war im Jahr 2018 wegen Korruption und Geldw\u00e4sche zu zw\u00f6lf Jahren und einem Monat Haft verurteilt worden. Obwohl der linke Politiker in den Umfragen vorne lag, konnte er an den Pr\u00e4sidentschaftswahlen 2018 nicht teilnehmen. Pr\u00e4sident wurde damals Bolsonaro. Im M\u00e4rz 2021 hob ein Richter des Obersten Gerichtshof in Bras\u00edlia die Verurteilungen Lulas auf, womit dieser seine politischen Rechte zur\u00fcckbekam. Bald darauf kehrte er auf die politische B\u00fchne zur\u00fcck.<\/p>\n<p><strong>Mehr zum Thema<\/strong> &#8211;\u00a0<a target=\"_blank\" href=\"https:\/\/de.rt.com\/amerika\/131679-brasilien-bolsonaro-besuch-moskau-kommentar\/\" rel=\"noopener noreferrer\">S\u00fcdamerikaexpertin \u00fcber Bolsonaro-Besuch in Moskau: Zeichen f\u00fcr unabh\u00e4ngige Politik Brasiliens<\/a><\/p>\n<p>(rt\/dpa)<\/p>\n<\/div>\n<p><script async src=\"https:\/\/platform.twitter.com\/widgets.js\" charset=\"utf-8\"><\/script><br \/>\n<br \/><br \/>\n<br \/><a href=\"https:\/\/de.rt.com\/amerika\/136564-brasiliens-ex-staatschef-lula-da-silva-bestaetigt-seine-praesidentschaftsambitionen\/\">Source link <\/a><\/p>\n","protected":false},"excerpt":{"rendered":"<p>Luiz In\u00e1cio Lula da Silva, der zwischen 2003 und 2010 Brasilien regiert hat, will in den Wahlkampf f\u00fcr eine m\u00f6gliche Kandidatur bei den Pr\u00e4sidentschaftswahlen in Brasilien ziehen, die f\u00fcr den 2. Oktober angesetzt sind. Am 19. April hat er offiziell best\u00e4tigt, als Vorkandidat antreten zu wollen. Der 76-J\u00e4hrige k\u00fcndigte auf Twitter an, er werde sich [&hellip;]<\/p>\n","protected":false},"author":3,"featured_media":1692,"comment_status":"open","ping_status":"open","sticky":false,"template":"","format":"standard","meta":{"wp_automatic_camp":["217"],"44e98e77cd173baee9efd7dbf9523fd5":["Brasiliens Ex-Staatschef Lula da Silva best\u00e4tigt Pr\u00e4sidentschaftsambitionen"],"original_link":["https:\/\/de.rt.com\/amerika\/136564-brasiliens-ex-staatschef-lula-da-silva-bestaetigt-seine-praesidentschaftsambitionen\/"],"_thumbnail_id":["1692"],"wp_automatic_remove_first_image":["yes"],"_wptg_p2tg_sent2tg":["2022-04-20 08:09:11"],"jnews_social_counter_last_update":["1777339284"]},"categories":[19,23],"tags":[1438,4646,4647,4648,4650,4649],"yoast_head":"<!-- This site is optimized with the Yoast SEO Premium plugin v22.7 (Yoast SEO v22.7) - https:\/\/yoast.com\/wordpress\/plugins\/seo\/ -->\n<title>Brasiliens Ex-Staatschef Lula da Silva best\u00e4tigt Pr\u00e4sidentschaftsambitionen - just-now.NEWS Deutschland<\/title>\n<meta name=\"robots\" content=\"index, follow, max-snippet:-1, max-image-preview:large, max-video-preview:-1\" \/>\n<link rel=\"canonical\" href=\"https:\/\/now-news.de\/de\/deutschland\/brasiliens-ex-staatschef-lula-da-silva-bestaetigt-praesidentschaftsambitionen\/\" \/>\n<meta property=\"og:locale\" content=\"de_DE\" \/>\n<meta property=\"og:type\" content=\"article\" \/>\n<meta property=\"og:title\" content=\"Brasiliens Ex-Staatschef Lula da Silva best\u00e4tigt Pr\u00e4sidentschaftsambitionen\" \/>\n<meta property=\"og:description\" content=\"Luiz In\u00e1cio Lula da Silva, der zwischen 2003 und 2010 Brasilien regiert hat, will in den Wahlkampf f\u00fcr eine m\u00f6gliche Kandidatur bei den Pr\u00e4sidentschaftswahlen in Brasilien ziehen, die f\u00fcr den 2. Oktober angesetzt sind. Am 19. April hat er offiziell best\u00e4tigt, als Vorkandidat antreten zu wollen. Der 76-J\u00e4hrige k\u00fcndigte auf Twitter an, er werde sich [&hellip;]\" \/>\n<meta property=\"og:url\" content=\"https:\/\/now-news.de\/de\/deutschland\/brasiliens-ex-staatschef-lula-da-silva-bestaetigt-praesidentschaftsambitionen\/\" \/>\n<meta property=\"og:site_name\" content=\"just-now.NEWS Deutschland\" \/>\n<meta property=\"article:publisher\" content=\"https:\/\/www.facebook.com\/wirmachenauf\" \/>\n<meta property=\"article:published_time\" content=\"2022-04-20T09:05:03+00:00\" \/>\n<meta property=\"og:image\" content=\"https:\/\/now-news.de\/de\/wp-content\/uploads\/sites\/3\/2022\/04\/Brasiliens-Ex-Staatschef-Lula-da-Silva-bestaetigt-Praesidentschaftsambitionen.jpg\" \/>\n\t<meta property=\"og:image:width\" content=\"1104\" \/>\n\t<meta property=\"og:image:height\" content=\"622\" \/>\n\t<meta property=\"og:image:type\" content=\"image\/jpeg\" \/>\n<meta name=\"author\" content=\"rtnews\" \/>\n<meta name=\"twitter:card\" content=\"summary_large_image\" \/>\n<meta name=\"twitter:creator\" content=\"@WirMachenAuf_de\" \/>\n<meta name=\"twitter:site\" content=\"@WirMachenAuf_de\" \/>\n<meta name=\"twitter:label1\" content=\"Verfasst von\" \/>\n\t<meta name=\"twitter:data1\" content=\"rtnews\" \/>\n\t<meta name=\"twitter:label2\" content=\"Gesch\u00e4tzte Lesezeit\" \/>\n\t<meta name=\"twitter:data2\" content=\"2\u00a0Minuten\" \/>\n<script type=\"application\/ld+json\" class=\"yoast-schema-graph\">{\"@context\":\"https:\/\/schema.org\",\"@graph\":[{\"@type\":\"Article\",\"@id\":\"https:\/\/now-news.de\/de\/deutschland\/brasiliens-ex-staatschef-lula-da-silva-bestaetigt-praesidentschaftsambitionen\/#article\",\"isPartOf\":{\"@id\":\"https:\/\/now-news.de\/de\/deutschland\/brasiliens-ex-staatschef-lula-da-silva-bestaetigt-praesidentschaftsambitionen\/\"},\"author\":{\"name\":\"rtnews\",\"@id\":\"https:\/\/now-news.de\/de\/#\/schema\/person\/fb534a4e865501d8b3285208df34a9b5\"},\"headline\":\"Brasiliens Ex-Staatschef Lula da Silva best\u00e4tigt Pr\u00e4sidentschaftsambitionen\",\"datePublished\":\"2022-04-20T09:05:03+00:00\",\"dateModified\":\"2022-04-20T09:05:03+00:00\",\"mainEntityOfPage\":{\"@id\":\"https:\/\/now-news.de\/de\/deutschland\/brasiliens-ex-staatschef-lula-da-silva-bestaetigt-praesidentschaftsambitionen\/\"},\"wordCount\":331,\"commentCount\":0,\"publisher\":{\"@id\":\"https:\/\/now-news.de\/de\/#organization\"},\"image\":{\"@id\":\"https:\/\/now-news.de\/de\/deutschland\/brasiliens-ex-staatschef-lula-da-silva-bestaetigt-praesidentschaftsambitionen\/#primaryimage\"},\"thumbnailUrl\":\"https:\/\/now-news.de\/de\/wp-content\/uploads\/sites\/3\/2022\/04\/Brasiliens-Ex-Staatschef-Lula-da-Silva-bestaetigt-Praesidentschaftsambitionen.jpg\",\"keywords\":[\"best\u00e4tigt\",\"Brasiliens\",\"ExStaatschef\",\"Lula\",\"Pr\u00e4sidentschaftsambitionen\",\"Silva\"],\"articleSection\":[\"Deutschland\",\"Russland\"],\"inLanguage\":\"de\",\"potentialAction\":[{\"@type\":\"CommentAction\",\"name\":\"Comment\",\"target\":[\"https:\/\/now-news.de\/de\/deutschland\/brasiliens-ex-staatschef-lula-da-silva-bestaetigt-praesidentschaftsambitionen\/#respond\"]}]},{\"@type\":\"WebPage\",\"@id\":\"https:\/\/now-news.de\/de\/deutschland\/brasiliens-ex-staatschef-lula-da-silva-bestaetigt-praesidentschaftsambitionen\/\",\"url\":\"https:\/\/now-news.de\/de\/deutschland\/brasiliens-ex-staatschef-lula-da-silva-bestaetigt-praesidentschaftsambitionen\/\",\"name\":\"Brasiliens Ex-Staatschef Lula da Silva best\u00e4tigt Pr\u00e4sidentschaftsambitionen - just-now.NEWS Deutschland\",\"isPartOf\":{\"@id\":\"https:\/\/now-news.de\/de\/#website\"},\"primaryImageOfPage\":{\"@id\":\"https:\/\/now-news.de\/de\/deutschland\/brasiliens-ex-staatschef-lula-da-silva-bestaetigt-praesidentschaftsambitionen\/#primaryimage\"},\"image\":{\"@id\":\"https:\/\/now-news.de\/de\/deutschland\/brasiliens-ex-staatschef-lula-da-silva-bestaetigt-praesidentschaftsambitionen\/#primaryimage\"},\"thumbnailUrl\":\"https:\/\/now-news.de\/de\/wp-content\/uploads\/sites\/3\/2022\/04\/Brasiliens-Ex-Staatschef-Lula-da-Silva-bestaetigt-Praesidentschaftsambitionen.jpg\",\"datePublished\":\"2022-04-20T09:05:03+00:00\",\"dateModified\":\"2022-04-20T09:05:03+00:00\",\"breadcrumb\":{\"@id\":\"https:\/\/now-news.de\/de\/deutschland\/brasiliens-ex-staatschef-lula-da-silva-bestaetigt-praesidentschaftsambitionen\/#breadcrumb\"},\"inLanguage\":\"de\",\"potentialAction\":[{\"@type\":\"ReadAction\",\"target\":[\"https:\/\/now-news.de\/de\/deutschland\/brasiliens-ex-staatschef-lula-da-silva-bestaetigt-praesidentschaftsambitionen\/\"]}]},{\"@type\":\"ImageObject\",\"inLanguage\":\"de\",\"@id\":\"https:\/\/now-news.de\/de\/deutschland\/brasiliens-ex-staatschef-lula-da-silva-bestaetigt-praesidentschaftsambitionen\/#primaryimage\",\"url\":\"https:\/\/now-news.de\/de\/wp-content\/uploads\/sites\/3\/2022\/04\/Brasiliens-Ex-Staatschef-Lula-da-Silva-bestaetigt-Praesidentschaftsambitionen.jpg\",\"contentUrl\":\"https:\/\/now-news.de\/de\/wp-content\/uploads\/sites\/3\/2022\/04\/Brasiliens-Ex-Staatschef-Lula-da-Silva-bestaetigt-Praesidentschaftsambitionen.jpg\",\"width\":1104,\"height\":622,\"caption\":\"Brasiliens Ex-Staatschef Lula da Silva best\u00e4tigt Pr\u00e4sidentschaftsambitionen\"},{\"@type\":\"BreadcrumbList\",\"@id\":\"https:\/\/now-news.de\/de\/deutschland\/brasiliens-ex-staatschef-lula-da-silva-bestaetigt-praesidentschaftsambitionen\/#breadcrumb\",\"itemListElement\":[{\"@type\":\"ListItem\",\"position\":1,\"name\":\"Home\",\"item\":\"https:\/\/now-news.de\/de\/\"},{\"@type\":\"ListItem\",\"position\":2,\"name\":\"Brasiliens Ex-Staatschef Lula da Silva best\u00e4tigt Pr\u00e4sidentschaftsambitionen\"}]},{\"@type\":\"WebSite\",\"@id\":\"https:\/\/now-news.de\/de\/#website\",\"url\":\"https:\/\/now-news.de\/de\/\",\"name\":\"just-now.NEWS Deutschland\",\"description\":\"Das Portal f\u00fcr unzensierte Nachrichten aus der Welt\",\"publisher\":{\"@id\":\"https:\/\/now-news.de\/de\/#organization\"},\"potentialAction\":[{\"@type\":\"SearchAction\",\"target\":{\"@type\":\"EntryPoint\",\"urlTemplate\":\"https:\/\/now-news.de\/de\/?s={search_term_string}\"},\"query-input\":\"required name=search_term_string\"}],\"inLanguage\":\"de\"},{\"@type\":\"Organization\",\"@id\":\"https:\/\/now-news.de\/de\/#organization\",\"name\":\"Just Now News\",\"url\":\"https:\/\/now-news.de\/de\/\",\"logo\":{\"@type\":\"ImageObject\",\"inLanguage\":\"de\",\"@id\":\"https:\/\/now-news.de\/de\/#\/schema\/logo\/image\/\",\"url\":\"http:\/\/just-now.news\/de\/wp-content\/uploads\/sites\/3\/2022\/04\/logo500x500.jpg\",\"contentUrl\":\"http:\/\/just-now.news\/de\/wp-content\/uploads\/sites\/3\/2022\/04\/logo500x500.jpg\",\"width\":500,\"height\":500,\"caption\":\"Just Now News\"},\"image\":{\"@id\":\"https:\/\/now-news.de\/de\/#\/schema\/logo\/image\/\"},\"sameAs\":[\"https:\/\/www.facebook.com\/wirmachenauf\",\"https:\/\/x.com\/WirMachenAuf_de\"]},{\"@type\":\"Person\",\"@id\":\"https:\/\/now-news.de\/de\/#\/schema\/person\/fb534a4e865501d8b3285208df34a9b5\",\"name\":\"rtnews\",\"image\":{\"@type\":\"ImageObject\",\"inLanguage\":\"de\",\"@id\":\"https:\/\/now-news.de\/de\/#\/schema\/person\/image\/\",\"url\":\"https:\/\/secure.gravatar.com\/avatar\/82aafea7d8127119dd649515f56e2117?s=96&d=mm&r=g\",\"contentUrl\":\"https:\/\/secure.gravatar.com\/avatar\/82aafea7d8127119dd649515f56e2117?s=96&d=mm&r=g\",\"caption\":\"rtnews\"},\"url\":\"https:\/\/now-news.de\/de\/author\/rnews\/\"}]}<\/script>\n<!-- \/ Yoast SEO Premium plugin. -->","yoast_head_json":{"title":"Brasiliens Ex-Staatschef Lula da Silva best\u00e4tigt Pr\u00e4sidentschaftsambitionen - just-now.NEWS Deutschland","robots":{"index":"index","follow":"follow","max-snippet":"max-snippet:-1","max-image-preview":"max-image-preview:large","max-video-preview":"max-video-preview:-1"},"canonical":"https:\/\/now-news.de\/de\/deutschland\/brasiliens-ex-staatschef-lula-da-silva-bestaetigt-praesidentschaftsambitionen\/","og_locale":"de_DE","og_type":"article","og_title":"Brasiliens Ex-Staatschef Lula da Silva best\u00e4tigt Pr\u00e4sidentschaftsambitionen","og_description":"Luiz In\u00e1cio Lula da Silva, der zwischen 2003 und 2010 Brasilien regiert hat, will in den Wahlkampf f\u00fcr eine m\u00f6gliche Kandidatur bei den Pr\u00e4sidentschaftswahlen in Brasilien ziehen, die f\u00fcr den 2. Oktober angesetzt sind. Am 19. April hat er offiziell best\u00e4tigt, als Vorkandidat antreten zu wollen. Der 76-J\u00e4hrige k\u00fcndigte auf Twitter an, er werde sich [&hellip;]","og_url":"https:\/\/now-news.de\/de\/deutschland\/brasiliens-ex-staatschef-lula-da-silva-bestaetigt-praesidentschaftsambitionen\/","og_site_name":"just-now.NEWS Deutschland","article_publisher":"https:\/\/www.facebook.com\/wirmachenauf","article_published_time":"2022-04-20T09:05:03+00:00","og_image":[{"width":1104,"height":622,"url":"https:\/\/now-news.de\/de\/wp-content\/uploads\/sites\/3\/2022\/04\/Brasiliens-Ex-Staatschef-Lula-da-Silva-bestaetigt-Praesidentschaftsambitionen.jpg","type":"image\/jpeg"}],"author":"rtnews","twitter_card":"summary_large_image","twitter_creator":"@WirMachenAuf_de","twitter_site":"@WirMachenAuf_de","twitter_misc":{"Verfasst von":"rtnews","Gesch\u00e4tzte Lesezeit":"2\u00a0Minuten"},"schema":{"@context":"https:\/\/schema.org","@graph":[{"@type":"Article","@id":"https:\/\/now-news.de\/de\/deutschland\/brasiliens-ex-staatschef-lula-da-silva-bestaetigt-praesidentschaftsambitionen\/#article","isPartOf":{"@id":"https:\/\/now-news.de\/de\/deutschland\/brasiliens-ex-staatschef-lula-da-silva-bestaetigt-praesidentschaftsambitionen\/"},"author":{"name":"rtnews","@id":"https:\/\/now-news.de\/de\/#\/schema\/person\/fb534a4e865501d8b3285208df34a9b5"},"headline":"Brasiliens Ex-Staatschef Lula da Silva best\u00e4tigt Pr\u00e4sidentschaftsambitionen","datePublished":"2022-04-20T09:05:03+00:00","dateModified":"2022-04-20T09:05:03+00:00","mainEntityOfPage":{"@id":"https:\/\/now-news.de\/de\/deutschland\/brasiliens-ex-staatschef-lula-da-silva-bestaetigt-praesidentschaftsambitionen\/"},"wordCount":331,"commentCount":0,"publisher":{"@id":"https:\/\/now-news.de\/de\/#organization"},"image":{"@id":"https:\/\/now-news.de\/de\/deutschland\/brasiliens-ex-staatschef-lula-da-silva-bestaetigt-praesidentschaftsambitionen\/#primaryimage"},"thumbnailUrl":"https:\/\/now-news.de\/de\/wp-content\/uploads\/sites\/3\/2022\/04\/Brasiliens-Ex-Staatschef-Lula-da-Silva-bestaetigt-Praesidentschaftsambitionen.jpg","keywords":["best\u00e4tigt","Brasiliens","ExStaatschef","Lula","Pr\u00e4sidentschaftsambitionen","Silva"],"articleSection":["Deutschland","Russland"],"inLanguage":"de","potentialAction":[{"@type":"CommentAction","name":"Comment","target":["https:\/\/now-news.de\/de\/deutschland\/brasiliens-ex-staatschef-lula-da-silva-bestaetigt-praesidentschaftsambitionen\/#respond"]}]},{"@type":"WebPage","@id":"https:\/\/now-news.de\/de\/deutschland\/brasiliens-ex-staatschef-lula-da-silva-bestaetigt-praesidentschaftsambitionen\/","url":"https:\/\/now-news.de\/de\/deutschland\/brasiliens-ex-staatschef-lula-da-silva-bestaetigt-praesidentschaftsambitionen\/","name":"Brasiliens Ex-Staatschef Lula da Silva best\u00e4tigt Pr\u00e4sidentschaftsambitionen - just-now.NEWS Deutschland","isPartOf":{"@id":"https:\/\/now-news.de\/de\/#website"},"primaryImageOfPage":{"@id":"https:\/\/now-news.de\/de\/deutschland\/brasiliens-ex-staatschef-lula-da-silva-bestaetigt-praesidentschaftsambitionen\/#primaryimage"},"image":{"@id":"https:\/\/now-news.de\/de\/deutschland\/brasiliens-ex-staatschef-lula-da-silva-bestaetigt-praesidentschaftsambitionen\/#primaryimage"},"thumbnailUrl":"https:\/\/now-news.de\/de\/wp-content\/uploads\/sites\/3\/2022\/04\/Brasiliens-Ex-Staatschef-Lula-da-Silva-bestaetigt-Praesidentschaftsambitionen.jpg","datePublished":"2022-04-20T09:05:03+00:00","dateModified":"2022-04-20T09:05:03+00:00","breadcrumb":{"@id":"https:\/\/now-news.de\/de\/deutschland\/brasiliens-ex-staatschef-lula-da-silva-bestaetigt-praesidentschaftsambitionen\/#breadcrumb"},"inLanguage":"de","potentialAction":[{"@type":"ReadAction","target":["https:\/\/now-news.de\/de\/deutschland\/brasiliens-ex-staatschef-lula-da-silva-bestaetigt-praesidentschaftsambitionen\/"]}]},{"@type":"ImageObject","inLanguage":"de","@id":"https:\/\/now-news.de\/de\/deutschland\/brasiliens-ex-staatschef-lula-da-silva-bestaetigt-praesidentschaftsambitionen\/#primaryimage","url":"https:\/\/now-news.de\/de\/wp-content\/uploads\/sites\/3\/2022\/04\/Brasiliens-Ex-Staatschef-Lula-da-Silva-bestaetigt-Praesidentschaftsambitionen.jpg","contentUrl":"https:\/\/now-news.de\/de\/wp-content\/uploads\/sites\/3\/2022\/04\/Brasiliens-Ex-Staatschef-Lula-da-Silva-bestaetigt-Praesidentschaftsambitionen.jpg","width":1104,"height":622,"caption":"Brasiliens Ex-Staatschef Lula da Silva best\u00e4tigt Pr\u00e4sidentschaftsambitionen"},{"@type":"BreadcrumbList","@id":"https:\/\/now-news.de\/de\/deutschland\/brasiliens-ex-staatschef-lula-da-silva-bestaetigt-praesidentschaftsambitionen\/#breadcrumb","itemListElement":[{"@type":"ListItem","position":1,"name":"Home","item":"https:\/\/now-news.de\/de\/"},{"@type":"ListItem","position":2,"name":"Brasiliens Ex-Staatschef Lula da Silva best\u00e4tigt Pr\u00e4sidentschaftsambitionen"}]},{"@type":"WebSite","@id":"https:\/\/now-news.de\/de\/#website","url":"https:\/\/now-news.de\/de\/","name":"just-now.NEWS Deutschland","description":"Das Portal f\u00fcr unzensierte Nachrichten aus der Welt","publisher":{"@id":"https:\/\/now-news.de\/de\/#organization"},"potentialAction":[{"@type":"SearchAction","target":{"@type":"EntryPoint","urlTemplate":"https:\/\/now-news.de\/de\/?s={search_term_string}"},"query-input":"required name=search_term_string"}],"inLanguage":"de"},{"@type":"Organization","@id":"https:\/\/now-news.de\/de\/#organization","name":"Just Now News","url":"https:\/\/now-news.de\/de\/","logo":{"@type":"ImageObject","inLanguage":"de","@id":"https:\/\/now-news.de\/de\/#\/schema\/logo\/image\/","url":"http:\/\/just-now.news\/de\/wp-content\/uploads\/sites\/3\/2022\/04\/logo500x500.jpg","contentUrl":"http:\/\/just-now.news\/de\/wp-content\/uploads\/sites\/3\/2022\/04\/logo500x500.jpg","width":500,"height":500,"caption":"Just Now News"},"image":{"@id":"https:\/\/now-news.de\/de\/#\/schema\/logo\/image\/"},"sameAs":["https:\/\/www.facebook.com\/wirmachenauf","https:\/\/x.com\/WirMachenAuf_de"]},{"@type":"Person","@id":"https:\/\/now-news.de\/de\/#\/schema\/person\/fb534a4e865501d8b3285208df34a9b5","name":"rtnews","image":{"@type":"ImageObject","inLanguage":"de","@id":"https:\/\/now-news.de\/de\/#\/schema\/person\/image\/","url":"https:\/\/secure.gravatar.com\/avatar\/82aafea7d8127119dd649515f56e2117?s=96&d=mm&r=g","contentUrl":"https:\/\/secure.gravatar.com\/avatar\/82aafea7d8127119dd649515f56e2117?s=96&d=mm&r=g","caption":"rtnews"},"url":"https:\/\/now-news.de\/de\/author\/rnews\/"}]}},"_links":{"self":[{"href":"https:\/\/now-news.de\/de\/wp-json\/wp\/v2\/posts\/1691"}],"collection":[{"href":"https:\/\/now-news.de\/de\/wp-json\/wp\/v2\/posts"}],"about":[{"href":"https:\/\/now-news.de\/de\/wp-json\/wp\/v2\/types\/post"}],"author":[{"embeddable":true,"href":"https:\/\/now-news.de\/de\/wp-json\/wp\/v2\/users\/3"}],"replies":[{"embeddable":true,"href":"https:\/\/now-news.de\/de\/wp-json\/wp\/v2\/comments?post=1691"}],"version-history":[{"count":0,"href":"https:\/\/now-news.de\/de\/wp-json\/wp\/v2\/posts\/1691\/revisions"}],"wp:featuredmedia":[{"embeddable":true,"href":"https:\/\/now-news.de\/de\/wp-json\/wp\/v2\/media\/1692"}],"wp:attachment":[{"href":"https:\/\/now-news.de\/de\/wp-json\/wp\/v2\/media?parent=1691"}],"wp:term":[{"taxonomy":"category","embeddable":true,"href":"https:\/\/now-news.de\/de\/wp-json\/wp\/v2\/categories?post=1691"},{"taxonomy":"post_tag","embeddable":true,"href":"https:\/\/now-news.de\/de\/wp-json\/wp\/v2\/tags?post=1691"}],"curies":[{"name":"wp","href":"https:\/\/api.w.org\/{rel}","templated":true}]}}