{"id":16894,"date":"2022-08-13T21:43:42","date_gmt":"2022-08-13T19:43:42","guid":{"rendered":"http:\/\/just-now.news\/de\/deutschland\/die-meinung-des-westens-ueber-die-geschehnisse-im-donbass-ist-im-wandel\/"},"modified":"2022-08-13T21:43:42","modified_gmt":"2022-08-13T19:43:42","slug":"die-meinung-des-westens-ueber-die-geschehnisse-im-donbass-ist-im-wandel","status":"publish","type":"post","link":"https:\/\/now-news.de\/de\/deutschland\/die-meinung-des-westens-ueber-die-geschehnisse-im-donbass-ist-im-wandel\/","title":{"rendered":"Die Meinung des Westens \u00fcber die Geschehnisse im Donbass ist im Wandel"},"content":{"rendered":"<p><img decoding=\"async\" src=\"http:\/\/just-now.news\/de\/wp-content\/uploads\/sites\/3\/2022\/08\/62f4cf3b48fbef5c9a11ba41.jpg\" \/><\/p>\n<div class=\"Text-root Text-type_1 \">\n                Die Bewohner in dem von Kiew kontrollierten Gebiet des Donbass warten auf den russischen Frieden, in ihnen ist eine Proteststimmung erwacht. Franz\u00f6sische Journalisten, die mit Einwohnern von Kramatorsk sprachen, konnten sich davon \u00fcberzeugen. Die Bewohner gaben Informationen \u00fcber Standorte des ukrainischen Milit\u00e4rs preis, so dass die russische Armee gezielte Angriffe durchf\u00fchren konnte.\n            <\/div>\n<p><\/p>\n<div class=\"Text-root Text-type_5 ArticleView-text ViewText-root \">\n<p><em>von Andrei Reztschikow <\/em><\/p>\n<p>In einem Artikel f\u00fcr <em>Agence France-Presse<\/em> berichteten franz\u00f6sische Journalisten \u00fcber die Stimmungslage der Bev\u00f6lkerung in der Ostukraine. Die Autoren des Berichts verweisen darauf, dass &#8220;viele Einheimische keinen Zweifel daran haben, warum diese Gebiete Angriffen ausgesetzt sind \u2013 sie sagen, die ukrainischen Truppen h\u00e4tten sich in verlassenen H\u00e4usern und Schulen verschanzt&#8221;. Auch Pawel Kirilenko, Gouverneur des von Kiew kontrollierten Teils der Region Donezk, best\u00e4tigt, dass viele Menschen auf den russischen Frieden warten. Damit erkl\u00e4rte er die genaue Kenntnis des russischen Milit\u00e4rs von der Stationierung ukrainischer Truppen in H\u00e4usern und Schulen in St\u00e4dten des Donbass.<\/p>\n<p>Die Schule Nr. 23, die f\u00fcr 500 Sch\u00fcler bestimmt war, wurde in Kramatorsk als eine der ersten zerst\u00f6rt. Nach Aussage von Denis Sysojew, einem lokalen Verantwortlichen f\u00fcr das Bildungswesen, sind seit Beginn des Krieges sieben weitere Schulen in der Stadt besch\u00e4digt worden. Der Artikel besagt, dass die Schule Nr. 23 als Lebensmittellager genutzt wurde. Doch Jewgeni, ein 70-j\u00e4hriger Drechsler, erkl\u00e4rte den franz\u00f6sischen Journalisten, warum die Schule besch\u00e4digt wurde: &#8220;Die Russen zielen auf ukrainische Soldaten&#8221;. &#8220;Ich wei\u00df nicht, ob sie noch in der Schule waren (als das Geb\u00e4ude getroffen wurde), doch wir konnten sie hier regelm\u00e4\u00dfig kommen und gehen sehen&#8221;, sagte der Rentner. &#8220;Und es gibt viele &#8216;wohlmeinende&#8217; Menschen in unserer Gegend, die den Russen helfen und sie informieren wollen.&#8221;<\/p>\n<p>Natalia, die Mutter von drei Sch\u00fclern dieser Schule, ist der gleichen Meinung. Zus\u00e4tzlich erw\u00e4hnte sie eine Gruppe von Einheimischen im Telegram-Messenger, wo, wie sie sagte, die Kommentare keinen Zweifel daran lassen, &#8220;wer pro-russisch ist und wer nicht&#8221;.<\/p>\n<p>Nicht weniger Aufsehen erregte ein Interview mit der US-Journalistin Ann Coulter. In einem Interview mit dem bekannten britischen TV-Moderator Piers Morgan beschuldigte sie die NATO, die Ukraine-Krise provoziert zu haben, und forderte den Westen auf, Kiew nicht l\u00e4nger zu unterst\u00fctzen. &#8220;Die Ukraine war historisch gesehen eine Einflusszone des russischen Reiches. Was die NATO betrifft, so hat das B\u00fcndnis nach dem Zusammenbruch der UdSSR keinen sinnhaften Zweck mehr, doch wir h\u00f6ren nicht damit auf, uns zu erweitern&#8221;, so Coulter.<\/p>\n<p>Ende vergangener Woche beschuldigte der britische Journalist Rod Liddle in einem Artikel f\u00fcr die <em>Times<\/em> seine westlichen Kollegen, die Wahrheit \u00fcber die bedeutenden Erfolge Russlands bei der Spezialoperation zu verheimlichen. Stattdessen \u00fcbertreiben die Journalisten \u00fcber die F\u00e4higkeiten der ukrainischen Streitkr\u00e4fte (AFU), und &#8220;jede Aussage eines ukrainischen Politikers, sei sie auch noch so l\u00e4cherlich, wird f\u00fcr bare M\u00fcnze genommen&#8221;. Eine solche Berichterstattung sei Wunschdenken, folgerte Liddle.<\/p>\n<p>Der Politologe und ehemalige Chefredakteur der Zeitung <em>Kiew Telegraph<\/em>, Wladimir Skatschko, h\u00e4lt solche Berichte und \u00c4u\u00dferungen von Journalisten f\u00fcr Versuche, eine weiche Unterlage f\u00fcr den kommenden Sturz der AFU und des Kiewer Regimes zu finden. &#8220;Die franz\u00f6sische Journalisten verschaffen den Kiewer Beh\u00f6rden ein Alibi f\u00fcr den Fall, dass sie v\u00f6llig versagen. Man kann jederzeit auf solche Berichte zur\u00fcckgreifen und behaupten: &#8220;Wir haben euch doch gewarnt&#8221;. Auf diese Weise kann man nicht nur die Niederlage der AFU erkl\u00e4ren, sondern auch versuchen, diejenigen zu bestrafen, die an der ukrainischen Krise und dem zuk\u00fcnftigen Scheitern beteiligt sind&#8221;, meint Skatschko.<\/p>\n<p>Solche Publikationen in der ausl\u00e4ndischen Presse zeigen, dass es im Westen &#8220;noch einen gesunden Menschenverstand und die F\u00e4higkeit zur Vorhersage gibt&#8221;. &#8220;Manchmal gehen westliche Journalisten zu weit \u2013 von der totalen Ablehnung Russlands bis zur totalen Begeisterung&#8221;, sagte der Experte.<\/p>\n<p>Und der Politologe Wladimir Kornilow erinnerte daran, dass immer wieder Berichte von der Frontlinie in den westlichen Medien ver\u00f6ffentlicht wurden, in denen es darum ging, was die Bewohner des Donbass tats\u00e4chlich von den Ukrainern halten. &#8220;Solche Berichterstattung gab es aus Sewerodonezk und Lissitschansk, als die ukrainischen Truppen noch in diesen St\u00e4dten waren. Die Einheimischen, obwohl sie von den Problemen wussten, die sie zu erwarten h\u00e4tten, sprachen trotzdem davon, dass sie auf die Russen warten w\u00fcrden. Ganz allgemein h\u00e4tte jeder halbwegs objektive Journalist, von denen es in den franz\u00f6sischen Medien doch einige wenige gibt, dies nicht \u00fcbersehen k\u00f6nnen. Manchmal sickert dies jedoch in Berichte westlicher Journalisten und sogar in \u00c4u\u00dferungen einiger ukrainischer Pers\u00f6nlichkeiten, Offiziere und Soldaten, durch, die offen zugeben, dass die Bewohner des Donbass sicherlich keine Patrioten der Ukraine sind&#8221;, betonte Kornilow.<\/p>\n<p>Der Gespr\u00e4chspartner f\u00fcgte hinzu, dass die Einheimischen, mit denen er spricht, sich auf Russland freuen. &#8220;Das ist die Mehrheit, und davon gibt es viele Berichte westlicher Journalisten, die vor Ort waren, nicht von denen, die aus London schreiben. Der \u00fcberwiegende Teil der Bewohner des Donbass wartet auf Russland&#8221;, betonte Kornilow.<\/p>\n<p>Alexander Perendschiew, au\u00dferordentlicher Professor f\u00fcr Politikwissenschaft und Soziologie an der Russischen Wirtschaftsuniversit\u00e4t Plechanow und Mitglied des Expertenrats &#8220;Offiziere Russlands&#8221;, stellt ebenfalls fest, dass der Bericht der <em>Agence France-Presse<\/em> vor dem Hintergrund der verlogenen Materialien zur Lage im Donbass hervorsticht. Es ist ein Versuch, das wahre Bild zu zeigen, zu sagen, dass die Anwohner das russische Milit\u00e4r als Befreier erwarten und dass die ukrainischen Truppen als Besatzer auf fremdem Territorium wahrgenommen werden. In Zukunft wird die Zahl solcher Ver\u00f6ffentlichungen im Westen nur noch zunehmen.<\/p>\n<p>&#8220;Es scheint, der Versuch einer Auseinandersetzung zu sein, um zu verstehen, was die Bewohner des Donbass selbst denken. Jetzt ist ein Wendepunkt im System der \u00f6ffentlichen Meinungsbildung des Westens. In diesem konkreten Fall k\u00f6nnte gerade Frankreich der Vork\u00e4mpfer sein&#8221;, glaubt Perendschiew.<\/p>\n<p>Dem Experten zufolge helfen solche Bem\u00fchungen, das Kr\u00e4ftegleichgewicht im Donbass zu verstehen und zu begreifen, warum &#8220;die verb\u00fcndete russische Koalition auf jeden Fall vorankommt&#8221;.<\/p>\n<p>&#8220;Ich hoffe, dass die Franzosen bereits verstehen, dass Kramatorsk und Slawjansk zum Ursprung dieses &#8216;russischen Fr\u00fchlings&#8217; geh\u00f6ren. M\u00f6glicherweise wollten die Journalisten herausfinden, ob die Proteststimmung noch anh\u00e4lt, weil ukrainische Truppen in diese St\u00e4dte eingedrungen waren, dort fand eine Strafexpedition statt, die das Chaos h\u00e4tte austilgen sollen. Doch jetzt zeigt sich die Unm\u00f6glichkeit einer solchen S\u00e4uberungsaktion, wenn es eine heimliche Proteststimmung existiert&#8221;, so der Gespr\u00e4chspartner abschlie\u00dfend.<\/p>\n<p><em>\u00dcbersetzt aus dem\u00a0<\/em><a rel=\"nofollow noopener\" target=\"_blank\" href=\"https:\/\/vz.ru\/world\/2022\/7\/30\/1170153.html\"><em>Russischen<\/em><\/a><em>.<\/em><\/p>\n<p><em>RT DE bem\u00fcht sich um ein breites Meinungsspektrum. Gastbeitr\u00e4ge und Meinungsartikel m\u00fcssen nicht die Sichtweise der Redaktion widerspiegeln.<\/em><\/p>\n<p><strong>Mehr zum Thema<\/strong> &#8211; <a rel=\"nofollow noopener\" target=\"_blank\" href=\"https:\/\/pressefreiheit.rtde.live\/meinung\/144104-so-viele-mini-stalingrads-warum\/\">So viele Mini-Stalingrads \u2013 Warum erkennen die Deutschen nicht, was sich in der Ukraine abspielt?<\/a><\/p>\n<\/div>\n<p><br \/>\n<br \/><a href=\"https:\/\/de.rt.com\/international\/145853-meinung-westens-uber-geschehnisse-im\/\">Source link <\/a><\/p>\n","protected":false},"excerpt":{"rendered":"<p>Die Bewohner in dem von Kiew kontrollierten Gebiet des Donbass warten auf den russischen Frieden, in ihnen ist eine Proteststimmung erwacht. Franz\u00f6sische Journalisten, die mit Einwohnern von Kramatorsk sprachen, konnten sich davon \u00fcberzeugen. Die Bewohner gaben Informationen \u00fcber Standorte des ukrainischen Milit\u00e4rs preis, so dass die russische Armee gezielte Angriffe durchf\u00fchren konnte. von Andrei Reztschikow [&hellip;]<\/p>\n","protected":false},"author":3,"featured_media":16895,"comment_status":"open","ping_status":"open","sticky":false,"template":"","format":"standard","meta":{"wp_automatic_camp":["217"],"a851efb492ab22637fa65b8b2c3ef168":["Die Meinung des Westens \u00fcber die Geschehnisse im Donbass ist im Wandel"],"original_link":["https:\/\/de.rt.com\/international\/145853-meinung-westens-uber-geschehnisse-im\/"],"_thumbnail_id":["16895"],"_wptg_p2tg_sent2tg":["2022-08-13 21:57:13"],"jnews_social_counter_last_update":["1777458139"]},"categories":[19,23],"tags":[583,45,818,30995,414,6658,139,6967,3117],"yoast_head":"<!-- This site is optimized with the Yoast SEO Premium plugin v22.7 (Yoast SEO v22.7) - https:\/\/yoast.com\/wordpress\/plugins\/seo\/ -->\n<title>Die Meinung des Westens \u00fcber die Geschehnisse im Donbass ist im Wandel - just-now.NEWS Deutschland<\/title>\n<meta name=\"robots\" content=\"index, follow, max-snippet:-1, max-image-preview:large, max-video-preview:-1\" \/>\n<link rel=\"canonical\" href=\"https:\/\/now-news.de\/de\/deutschland\/die-meinung-des-westens-ueber-die-geschehnisse-im-donbass-ist-im-wandel\/\" \/>\n<meta property=\"og:locale\" content=\"de_DE\" \/>\n<meta property=\"og:type\" content=\"article\" \/>\n<meta property=\"og:title\" content=\"Die Meinung des Westens \u00fcber die Geschehnisse im Donbass ist im Wandel\" \/>\n<meta property=\"og:description\" content=\"Die Bewohner in dem von Kiew kontrollierten Gebiet des Donbass warten auf den russischen Frieden, in ihnen ist eine Proteststimmung erwacht. Franz\u00f6sische Journalisten, die mit Einwohnern von Kramatorsk sprachen, konnten sich davon \u00fcberzeugen. Die Bewohner gaben Informationen \u00fcber Standorte des ukrainischen Milit\u00e4rs preis, so dass die russische Armee gezielte Angriffe durchf\u00fchren konnte. von Andrei Reztschikow [&hellip;]\" \/>\n<meta property=\"og:url\" content=\"https:\/\/now-news.de\/de\/deutschland\/die-meinung-des-westens-ueber-die-geschehnisse-im-donbass-ist-im-wandel\/\" \/>\n<meta property=\"og:site_name\" content=\"just-now.NEWS Deutschland\" \/>\n<meta property=\"article:publisher\" content=\"https:\/\/www.facebook.com\/wirmachenauf\" \/>\n<meta property=\"article:published_time\" content=\"2022-08-13T19:43:42+00:00\" \/>\n<meta property=\"og:image\" content=\"https:\/\/now-news.de\/de\/wp-content\/uploads\/sites\/3\/2022\/08\/Die-Meinung-des-Westens-ueber-die-Geschehnisse-im-Donbass-ist.jpg\" \/>\n\t<meta property=\"og:image:width\" content=\"460\" \/>\n\t<meta property=\"og:image:height\" content=\"259\" \/>\n\t<meta property=\"og:image:type\" content=\"image\/jpeg\" \/>\n<meta name=\"author\" content=\"rtnews\" \/>\n<meta name=\"twitter:card\" content=\"summary_large_image\" \/>\n<meta name=\"twitter:creator\" content=\"@WirMachenAuf_de\" \/>\n<meta name=\"twitter:site\" content=\"@WirMachenAuf_de\" \/>\n<meta name=\"twitter:label1\" content=\"Verfasst von\" \/>\n\t<meta name=\"twitter:data1\" content=\"rtnews\" \/>\n\t<meta name=\"twitter:label2\" content=\"Gesch\u00e4tzte Lesezeit\" \/>\n\t<meta name=\"twitter:data2\" content=\"6\u00a0Minuten\" \/>\n<script type=\"application\/ld+json\" class=\"yoast-schema-graph\">{\"@context\":\"https:\/\/schema.org\",\"@graph\":[{\"@type\":\"Article\",\"@id\":\"https:\/\/now-news.de\/de\/deutschland\/die-meinung-des-westens-ueber-die-geschehnisse-im-donbass-ist-im-wandel\/#article\",\"isPartOf\":{\"@id\":\"https:\/\/now-news.de\/de\/deutschland\/die-meinung-des-westens-ueber-die-geschehnisse-im-donbass-ist-im-wandel\/\"},\"author\":{\"name\":\"rtnews\",\"@id\":\"https:\/\/now-news.de\/de\/#\/schema\/person\/fb534a4e865501d8b3285208df34a9b5\"},\"headline\":\"Die Meinung des Westens \u00fcber die Geschehnisse im Donbass ist im Wandel\",\"datePublished\":\"2022-08-13T19:43:42+00:00\",\"dateModified\":\"2022-08-13T19:43:42+00:00\",\"mainEntityOfPage\":{\"@id\":\"https:\/\/now-news.de\/de\/deutschland\/die-meinung-des-westens-ueber-die-geschehnisse-im-donbass-ist-im-wandel\/\"},\"wordCount\":1113,\"commentCount\":0,\"publisher\":{\"@id\":\"https:\/\/now-news.de\/de\/#organization\"},\"image\":{\"@id\":\"https:\/\/now-news.de\/de\/deutschland\/die-meinung-des-westens-ueber-die-geschehnisse-im-donbass-ist-im-wandel\/#primaryimage\"},\"thumbnailUrl\":\"https:\/\/now-news.de\/de\/wp-content\/uploads\/sites\/3\/2022\/08\/Die-Meinung-des-Westens-ueber-die-Geschehnisse-im-Donbass-ist.jpg\",\"keywords\":[\"des\",\"die\",\"Donbass\",\"Geschehnisse\",\"ist\",\"Meinung\",\"\u00fcber\",\"Wandel\",\"Westens\"],\"articleSection\":[\"Deutschland\",\"Russland\"],\"inLanguage\":\"de\",\"potentialAction\":[{\"@type\":\"CommentAction\",\"name\":\"Comment\",\"target\":[\"https:\/\/now-news.de\/de\/deutschland\/die-meinung-des-westens-ueber-die-geschehnisse-im-donbass-ist-im-wandel\/#respond\"]}]},{\"@type\":\"WebPage\",\"@id\":\"https:\/\/now-news.de\/de\/deutschland\/die-meinung-des-westens-ueber-die-geschehnisse-im-donbass-ist-im-wandel\/\",\"url\":\"https:\/\/now-news.de\/de\/deutschland\/die-meinung-des-westens-ueber-die-geschehnisse-im-donbass-ist-im-wandel\/\",\"name\":\"Die Meinung des Westens \u00fcber die Geschehnisse im Donbass ist im Wandel - just-now.NEWS Deutschland\",\"isPartOf\":{\"@id\":\"https:\/\/now-news.de\/de\/#website\"},\"primaryImageOfPage\":{\"@id\":\"https:\/\/now-news.de\/de\/deutschland\/die-meinung-des-westens-ueber-die-geschehnisse-im-donbass-ist-im-wandel\/#primaryimage\"},\"image\":{\"@id\":\"https:\/\/now-news.de\/de\/deutschland\/die-meinung-des-westens-ueber-die-geschehnisse-im-donbass-ist-im-wandel\/#primaryimage\"},\"thumbnailUrl\":\"https:\/\/now-news.de\/de\/wp-content\/uploads\/sites\/3\/2022\/08\/Die-Meinung-des-Westens-ueber-die-Geschehnisse-im-Donbass-ist.jpg\",\"datePublished\":\"2022-08-13T19:43:42+00:00\",\"dateModified\":\"2022-08-13T19:43:42+00:00\",\"breadcrumb\":{\"@id\":\"https:\/\/now-news.de\/de\/deutschland\/die-meinung-des-westens-ueber-die-geschehnisse-im-donbass-ist-im-wandel\/#breadcrumb\"},\"inLanguage\":\"de\",\"potentialAction\":[{\"@type\":\"ReadAction\",\"target\":[\"https:\/\/now-news.de\/de\/deutschland\/die-meinung-des-westens-ueber-die-geschehnisse-im-donbass-ist-im-wandel\/\"]}]},{\"@type\":\"ImageObject\",\"inLanguage\":\"de\",\"@id\":\"https:\/\/now-news.de\/de\/deutschland\/die-meinung-des-westens-ueber-die-geschehnisse-im-donbass-ist-im-wandel\/#primaryimage\",\"url\":\"https:\/\/now-news.de\/de\/wp-content\/uploads\/sites\/3\/2022\/08\/Die-Meinung-des-Westens-ueber-die-Geschehnisse-im-Donbass-ist.jpg\",\"contentUrl\":\"https:\/\/now-news.de\/de\/wp-content\/uploads\/sites\/3\/2022\/08\/Die-Meinung-des-Westens-ueber-die-Geschehnisse-im-Donbass-ist.jpg\",\"width\":460,\"height\":259,\"caption\":\"Die Meinung des Westens \u00fcber die Geschehnisse im Donbass ist im Wandel\"},{\"@type\":\"BreadcrumbList\",\"@id\":\"https:\/\/now-news.de\/de\/deutschland\/die-meinung-des-westens-ueber-die-geschehnisse-im-donbass-ist-im-wandel\/#breadcrumb\",\"itemListElement\":[{\"@type\":\"ListItem\",\"position\":1,\"name\":\"Home\",\"item\":\"https:\/\/now-news.de\/de\/\"},{\"@type\":\"ListItem\",\"position\":2,\"name\":\"Die Meinung des Westens \u00fcber die Geschehnisse im Donbass ist im Wandel\"}]},{\"@type\":\"WebSite\",\"@id\":\"https:\/\/now-news.de\/de\/#website\",\"url\":\"https:\/\/now-news.de\/de\/\",\"name\":\"just-now.NEWS Deutschland\",\"description\":\"Das Portal f\u00fcr unzensierte Nachrichten aus der Welt\",\"publisher\":{\"@id\":\"https:\/\/now-news.de\/de\/#organization\"},\"potentialAction\":[{\"@type\":\"SearchAction\",\"target\":{\"@type\":\"EntryPoint\",\"urlTemplate\":\"https:\/\/now-news.de\/de\/?s={search_term_string}\"},\"query-input\":\"required name=search_term_string\"}],\"inLanguage\":\"de\"},{\"@type\":\"Organization\",\"@id\":\"https:\/\/now-news.de\/de\/#organization\",\"name\":\"Just Now News\",\"url\":\"https:\/\/now-news.de\/de\/\",\"logo\":{\"@type\":\"ImageObject\",\"inLanguage\":\"de\",\"@id\":\"https:\/\/now-news.de\/de\/#\/schema\/logo\/image\/\",\"url\":\"http:\/\/just-now.news\/de\/wp-content\/uploads\/sites\/3\/2022\/04\/logo500x500.jpg\",\"contentUrl\":\"http:\/\/just-now.news\/de\/wp-content\/uploads\/sites\/3\/2022\/04\/logo500x500.jpg\",\"width\":500,\"height\":500,\"caption\":\"Just Now News\"},\"image\":{\"@id\":\"https:\/\/now-news.de\/de\/#\/schema\/logo\/image\/\"},\"sameAs\":[\"https:\/\/www.facebook.com\/wirmachenauf\",\"https:\/\/x.com\/WirMachenAuf_de\"]},{\"@type\":\"Person\",\"@id\":\"https:\/\/now-news.de\/de\/#\/schema\/person\/fb534a4e865501d8b3285208df34a9b5\",\"name\":\"rtnews\",\"image\":{\"@type\":\"ImageObject\",\"inLanguage\":\"de\",\"@id\":\"https:\/\/now-news.de\/de\/#\/schema\/person\/image\/\",\"url\":\"https:\/\/secure.gravatar.com\/avatar\/82aafea7d8127119dd649515f56e2117?s=96&d=mm&r=g\",\"contentUrl\":\"https:\/\/secure.gravatar.com\/avatar\/82aafea7d8127119dd649515f56e2117?s=96&d=mm&r=g\",\"caption\":\"rtnews\"},\"url\":\"https:\/\/now-news.de\/de\/author\/rnews\/\"}]}<\/script>\n<!-- \/ Yoast SEO Premium plugin. -->","yoast_head_json":{"title":"Die Meinung des Westens \u00fcber die Geschehnisse im Donbass ist im Wandel - just-now.NEWS Deutschland","robots":{"index":"index","follow":"follow","max-snippet":"max-snippet:-1","max-image-preview":"max-image-preview:large","max-video-preview":"max-video-preview:-1"},"canonical":"https:\/\/now-news.de\/de\/deutschland\/die-meinung-des-westens-ueber-die-geschehnisse-im-donbass-ist-im-wandel\/","og_locale":"de_DE","og_type":"article","og_title":"Die Meinung des Westens \u00fcber die Geschehnisse im Donbass ist im Wandel","og_description":"Die Bewohner in dem von Kiew kontrollierten Gebiet des Donbass warten auf den russischen Frieden, in ihnen ist eine Proteststimmung erwacht. Franz\u00f6sische Journalisten, die mit Einwohnern von Kramatorsk sprachen, konnten sich davon \u00fcberzeugen. Die Bewohner gaben Informationen \u00fcber Standorte des ukrainischen Milit\u00e4rs preis, so dass die russische Armee gezielte Angriffe durchf\u00fchren konnte. von Andrei Reztschikow [&hellip;]","og_url":"https:\/\/now-news.de\/de\/deutschland\/die-meinung-des-westens-ueber-die-geschehnisse-im-donbass-ist-im-wandel\/","og_site_name":"just-now.NEWS Deutschland","article_publisher":"https:\/\/www.facebook.com\/wirmachenauf","article_published_time":"2022-08-13T19:43:42+00:00","og_image":[{"width":460,"height":259,"url":"https:\/\/now-news.de\/de\/wp-content\/uploads\/sites\/3\/2022\/08\/Die-Meinung-des-Westens-ueber-die-Geschehnisse-im-Donbass-ist.jpg","type":"image\/jpeg"}],"author":"rtnews","twitter_card":"summary_large_image","twitter_creator":"@WirMachenAuf_de","twitter_site":"@WirMachenAuf_de","twitter_misc":{"Verfasst von":"rtnews","Gesch\u00e4tzte Lesezeit":"6\u00a0Minuten"},"schema":{"@context":"https:\/\/schema.org","@graph":[{"@type":"Article","@id":"https:\/\/now-news.de\/de\/deutschland\/die-meinung-des-westens-ueber-die-geschehnisse-im-donbass-ist-im-wandel\/#article","isPartOf":{"@id":"https:\/\/now-news.de\/de\/deutschland\/die-meinung-des-westens-ueber-die-geschehnisse-im-donbass-ist-im-wandel\/"},"author":{"name":"rtnews","@id":"https:\/\/now-news.de\/de\/#\/schema\/person\/fb534a4e865501d8b3285208df34a9b5"},"headline":"Die Meinung des Westens \u00fcber die Geschehnisse im Donbass ist im Wandel","datePublished":"2022-08-13T19:43:42+00:00","dateModified":"2022-08-13T19:43:42+00:00","mainEntityOfPage":{"@id":"https:\/\/now-news.de\/de\/deutschland\/die-meinung-des-westens-ueber-die-geschehnisse-im-donbass-ist-im-wandel\/"},"wordCount":1113,"commentCount":0,"publisher":{"@id":"https:\/\/now-news.de\/de\/#organization"},"image":{"@id":"https:\/\/now-news.de\/de\/deutschland\/die-meinung-des-westens-ueber-die-geschehnisse-im-donbass-ist-im-wandel\/#primaryimage"},"thumbnailUrl":"https:\/\/now-news.de\/de\/wp-content\/uploads\/sites\/3\/2022\/08\/Die-Meinung-des-Westens-ueber-die-Geschehnisse-im-Donbass-ist.jpg","keywords":["des","die","Donbass","Geschehnisse","ist","Meinung","\u00fcber","Wandel","Westens"],"articleSection":["Deutschland","Russland"],"inLanguage":"de","potentialAction":[{"@type":"CommentAction","name":"Comment","target":["https:\/\/now-news.de\/de\/deutschland\/die-meinung-des-westens-ueber-die-geschehnisse-im-donbass-ist-im-wandel\/#respond"]}]},{"@type":"WebPage","@id":"https:\/\/now-news.de\/de\/deutschland\/die-meinung-des-westens-ueber-die-geschehnisse-im-donbass-ist-im-wandel\/","url":"https:\/\/now-news.de\/de\/deutschland\/die-meinung-des-westens-ueber-die-geschehnisse-im-donbass-ist-im-wandel\/","name":"Die Meinung des Westens \u00fcber die Geschehnisse im Donbass ist im Wandel - just-now.NEWS Deutschland","isPartOf":{"@id":"https:\/\/now-news.de\/de\/#website"},"primaryImageOfPage":{"@id":"https:\/\/now-news.de\/de\/deutschland\/die-meinung-des-westens-ueber-die-geschehnisse-im-donbass-ist-im-wandel\/#primaryimage"},"image":{"@id":"https:\/\/now-news.de\/de\/deutschland\/die-meinung-des-westens-ueber-die-geschehnisse-im-donbass-ist-im-wandel\/#primaryimage"},"thumbnailUrl":"https:\/\/now-news.de\/de\/wp-content\/uploads\/sites\/3\/2022\/08\/Die-Meinung-des-Westens-ueber-die-Geschehnisse-im-Donbass-ist.jpg","datePublished":"2022-08-13T19:43:42+00:00","dateModified":"2022-08-13T19:43:42+00:00","breadcrumb":{"@id":"https:\/\/now-news.de\/de\/deutschland\/die-meinung-des-westens-ueber-die-geschehnisse-im-donbass-ist-im-wandel\/#breadcrumb"},"inLanguage":"de","potentialAction":[{"@type":"ReadAction","target":["https:\/\/now-news.de\/de\/deutschland\/die-meinung-des-westens-ueber-die-geschehnisse-im-donbass-ist-im-wandel\/"]}]},{"@type":"ImageObject","inLanguage":"de","@id":"https:\/\/now-news.de\/de\/deutschland\/die-meinung-des-westens-ueber-die-geschehnisse-im-donbass-ist-im-wandel\/#primaryimage","url":"https:\/\/now-news.de\/de\/wp-content\/uploads\/sites\/3\/2022\/08\/Die-Meinung-des-Westens-ueber-die-Geschehnisse-im-Donbass-ist.jpg","contentUrl":"https:\/\/now-news.de\/de\/wp-content\/uploads\/sites\/3\/2022\/08\/Die-Meinung-des-Westens-ueber-die-Geschehnisse-im-Donbass-ist.jpg","width":460,"height":259,"caption":"Die Meinung des Westens \u00fcber die Geschehnisse im Donbass ist im Wandel"},{"@type":"BreadcrumbList","@id":"https:\/\/now-news.de\/de\/deutschland\/die-meinung-des-westens-ueber-die-geschehnisse-im-donbass-ist-im-wandel\/#breadcrumb","itemListElement":[{"@type":"ListItem","position":1,"name":"Home","item":"https:\/\/now-news.de\/de\/"},{"@type":"ListItem","position":2,"name":"Die Meinung des Westens \u00fcber die Geschehnisse im Donbass ist im Wandel"}]},{"@type":"WebSite","@id":"https:\/\/now-news.de\/de\/#website","url":"https:\/\/now-news.de\/de\/","name":"just-now.NEWS Deutschland","description":"Das Portal f\u00fcr unzensierte Nachrichten aus der Welt","publisher":{"@id":"https:\/\/now-news.de\/de\/#organization"},"potentialAction":[{"@type":"SearchAction","target":{"@type":"EntryPoint","urlTemplate":"https:\/\/now-news.de\/de\/?s={search_term_string}"},"query-input":"required name=search_term_string"}],"inLanguage":"de"},{"@type":"Organization","@id":"https:\/\/now-news.de\/de\/#organization","name":"Just Now News","url":"https:\/\/now-news.de\/de\/","logo":{"@type":"ImageObject","inLanguage":"de","@id":"https:\/\/now-news.de\/de\/#\/schema\/logo\/image\/","url":"http:\/\/just-now.news\/de\/wp-content\/uploads\/sites\/3\/2022\/04\/logo500x500.jpg","contentUrl":"http:\/\/just-now.news\/de\/wp-content\/uploads\/sites\/3\/2022\/04\/logo500x500.jpg","width":500,"height":500,"caption":"Just Now News"},"image":{"@id":"https:\/\/now-news.de\/de\/#\/schema\/logo\/image\/"},"sameAs":["https:\/\/www.facebook.com\/wirmachenauf","https:\/\/x.com\/WirMachenAuf_de"]},{"@type":"Person","@id":"https:\/\/now-news.de\/de\/#\/schema\/person\/fb534a4e865501d8b3285208df34a9b5","name":"rtnews","image":{"@type":"ImageObject","inLanguage":"de","@id":"https:\/\/now-news.de\/de\/#\/schema\/person\/image\/","url":"https:\/\/secure.gravatar.com\/avatar\/82aafea7d8127119dd649515f56e2117?s=96&d=mm&r=g","contentUrl":"https:\/\/secure.gravatar.com\/avatar\/82aafea7d8127119dd649515f56e2117?s=96&d=mm&r=g","caption":"rtnews"},"url":"https:\/\/now-news.de\/de\/author\/rnews\/"}]}},"_links":{"self":[{"href":"https:\/\/now-news.de\/de\/wp-json\/wp\/v2\/posts\/16894"}],"collection":[{"href":"https:\/\/now-news.de\/de\/wp-json\/wp\/v2\/posts"}],"about":[{"href":"https:\/\/now-news.de\/de\/wp-json\/wp\/v2\/types\/post"}],"author":[{"embeddable":true,"href":"https:\/\/now-news.de\/de\/wp-json\/wp\/v2\/users\/3"}],"replies":[{"embeddable":true,"href":"https:\/\/now-news.de\/de\/wp-json\/wp\/v2\/comments?post=16894"}],"version-history":[{"count":0,"href":"https:\/\/now-news.de\/de\/wp-json\/wp\/v2\/posts\/16894\/revisions"}],"wp:featuredmedia":[{"embeddable":true,"href":"https:\/\/now-news.de\/de\/wp-json\/wp\/v2\/media\/16895"}],"wp:attachment":[{"href":"https:\/\/now-news.de\/de\/wp-json\/wp\/v2\/media?parent=16894"}],"wp:term":[{"taxonomy":"category","embeddable":true,"href":"https:\/\/now-news.de\/de\/wp-json\/wp\/v2\/categories?post=16894"},{"taxonomy":"post_tag","embeddable":true,"href":"https:\/\/now-news.de\/de\/wp-json\/wp\/v2\/tags?post=16894"}],"curies":[{"name":"wp","href":"https:\/\/api.w.org\/{rel}","templated":true}]}}