{"id":16879,"date":"2022-08-13T17:14:52","date_gmt":"2022-08-13T15:14:52","guid":{"rendered":"http:\/\/just-now.news\/de\/deutschland\/westintegration-moldawien-riskiert-wiederholung-der-tragoedie-der-ukraine-teil-1\/"},"modified":"2022-08-13T17:14:52","modified_gmt":"2022-08-13T15:14:52","slug":"westintegration-moldawien-riskiert-wiederholung-der-tragoedie-der-ukraine-teil-1","status":"publish","type":"post","link":"https:\/\/now-news.de\/de\/deutschland\/westintegration-moldawien-riskiert-wiederholung-der-tragoedie-der-ukraine-teil-1\/","title":{"rendered":"&quot;Westintegration&quot;: Moldawien riskiert Wiederholung der Trag\u00f6die der Ukraine \u2013 Teil 1"},"content":{"rendered":"<p><img decoding=\"async\" src=\"http:\/\/just-now.news\/de\/wp-content\/uploads\/sites\/3\/2022\/08\/62f25444b480cc75a755db3b.jpg\" \/><\/p>\n<p><em>von Alexander M\u00e4nner<\/em><\/p>\n<p>Ende April kam es in Moldawien aufgrund der Kampfhandlungen in seinem Nachbarland Ukraine zu Zwischenf\u00e4llen, die f\u00fcr die gesamte Schwarzmeerregion mit schlimmen Konsequenzen h\u00e4tten enden k\u00f6nnen.<\/p>\n<p>Damaligen Berichten <a rel=\"nofollow noopener\" target=\"_blank\" href=\"https:\/\/edition.cnn.com\/2022\/04\/27\/europe\/transnistria-moldova-ukraine-russia-war-explainer-intl\/index.html\">zufolge<\/a> haben Unbekannte in der abtr\u00fcnnigen Provinz <a rel=\"nofollow noopener\" target=\"_blank\" href=\"https:\/\/de.rt.com\/europa\/138938-krise-in-transnistrien-wird-ukraine\/\">Transnistrien<\/a>, die eine fast 500 Kilometer lange Grenze zur Ukraine hat und wo seit 30 Jahren russische Friedenstruppen stationiert sind, mehrere Sprengstoffanschl\u00e4ge ver\u00fcbt. Die Situation versch\u00e4rfte sich derma\u00dfen, dass Kriegsangst ausbrach und viele Menschen eine bewaffnete Konfrontation\u00a0zwischen Moldawien und\u00a0Russland bef\u00fcrchteten. Zum Gl\u00fcck wurde eine weitere Eskalation vermieden. Dennoch ist die Sicherheitslage in Moldawien weiterhin schwierig.<\/p>\n<p>Vor allem hat diese Entwicklung angesichts der geopolitischen Auseinandersetzung zwischen dem Westen und Russland deutlich gemacht, dass Moldawien immer noch gen\u00fcgend Konfliktpotential in sich birgt und deshalb von zahlreichen <a rel=\"nofollow noopener\" target=\"_blank\" href=\"https:\/\/www.lowyinstitute.org\/the-interpreter\/transnistria-next-front-ukraine-war\">Experten<\/a> zurecht als der n\u00e4chste gef\u00e4hrliche Krisenherd in Osteuropa angesehen wird.<\/p>\n<p><strong>Tragisches Beispiel der Ukraine<\/strong><\/p>\n<p>Dieses Konfliktpotential wurde vor Kurzem bereits um ein Vielfaches verst\u00e4rkt, nachdem Moldawiens F\u00fchrung beschlossen hatte, &#8220;den Weg nach Europa zu gehen&#8221;, komme was wolle. Offenbar soll das Land dabei eine \u00e4hnliche Strategie verfolgen wie einst die Ukraine \u2013 inklusive der Ann\u00e4herung zur EU und der NATO mit der Perspektive auf einen Beitritt in diese beiden Bl\u00f6cke.<\/p>\n<p>In der Hauptstadt Chi\u0219in\u0103u nimmt man dabei offenbar keine R\u00fccksicht auf die Interessen Russlands, was aufgrund des tragischen Beispiels der <a rel=\"nofollow noopener\" target=\"_blank\" href=\"https:\/\/www.reuters.com\/article\/uk-ukraine-crisis-anniversary-idUKKBN0LM0YK20150218\">postmaidanen Entwicklung<\/a> der Ukraine wenig Zuversicht f\u00fcr Moldawien bietet. Zur Erinnerung: Die Ukraine hatte nach dem blutigen Umsturz in Kiew im Februar 2014 einen unerbittlichen Kurs Richtung EU- und NATO-Mitgliedschaft eingeschlagen und war nach wenigen Monaten in einen bis heute andauernden B\u00fcrgerkrieg hineingeschlittert, der laut UN-Angaben mindestens <a rel=\"nofollow noopener\" target=\"_blank\" href=\"https:\/\/www.n-tv.de\/politik\/Uno-meldet-fast-13-000-Tote-in-Ostukraine-article20821339.html\">13.000 Todesopfer<\/a> forderte. Zudem war die ukrainische Volkswirtschaft nach dem &#8220;Euromaidan&#8221; um die H\u00e4lfte eingebrochen und hat sich verschuldet. Sie wird seitdem unter anderem durch die Schuldenpolitik der US-dominierten <a rel=\"nofollow noopener\" target=\"_blank\" href=\"https:\/\/www.tagesschau.de\/wirtschaft\/iwf-weltbank-ukraine-hilfe-101.html\">IWF<\/a> und <a rel=\"nofollow noopener\" target=\"_blank\" href=\"https:\/\/www.zeit.de\/news\/2022-06\/08\/weltbank-unterstuetzt-ukraine-mit-weiteren-milliarden\">Weltbank<\/a> kontrolliert und balanciert seit Jahren am Rande eines Bankrotts.<\/p>\n<p>Ihren vorerst traurigsten H\u00f6hepunkt erreichte die ukrainische &#8220;Westintegration&#8221; mit der milit\u00e4rischen Auseinandersetzung mit der Atommacht Russland, in dessen Folge die Ukraine bereits zig Tausende Soldaten und mehr als 25 Prozent ihres Territoriums verloren hat. Es ist daher h\u00f6chste Zeit, die bereits sichtbaren Parallelen zwischen diesem Krisenland und dem sich noch am Anfang seiner &#8220;Reise nach Europa&#8221; befindenden Moldawien aufzuzeigen, um diese Republik vor einer \u00e4hnlichen Trag\u00f6die, wie der in der Ukraine, zu warnen.<\/p>\n<p>Zun\u00e4chst ist zu konstatieren, dass auch Moldawien seit dem Zerfall der UdSSR sich im Einflussbereich sowohl des Westens als auch Russlands befindet und ebenfalls einen ungel\u00f6sten Territorialkonflikt aufweist, dem ein blutiger <a rel=\"nofollow noopener\" target=\"_blank\" href=\"https:\/\/de.rt.com\/international\/137191-transnistrien-brutale-prazedenzfall-postsowjetischen-krieges\/\">B\u00fcrgerkrieg<\/a> in der Region Transnistrien im Jahr 1992 vorausgegangen war. Dieser Konflikt war \u2013 \u00e4hnlich wie der innerukrainische Konflikt im Donbass \u2013 die Folge davon, dass die moldawische Bev\u00f6lkerung in einen prorussischen und eine proeurop\u00e4ischen Teil gespalten war und sich darum nicht auf eine Zukunftsperspektive ihres Landes einigen konnte.<\/p>\n<p><strong>Moldawiens ideologische Westintegration<\/strong><\/p>\n<p>Chi\u0219in\u0103u sah sich nach dem verlorenen B\u00fcrgerkrieg gezwungen, diese Sachlage anzuerkennen und daher eine ausgewogene und neutrale Politik im Hinblick auf die westlichen Akteure und Moskau zu betreiben. Es ist sogar ein neutraler Status in der Verfassung des Landes verankert worden. Allerdings wurde dieser Ansatz mit dem Machtantritt der EU-orientierten Pr\u00e4sidentin <a rel=\"nofollow noopener\" target=\"_blank\" href=\"https:\/\/www.bbc.com\/news\/av\/world-europe-54965755\">Maia Sandu<\/a> 2020 in Moldawien revidiert und das Land sollte endg\u00fcltig westlich-liberal ausgerichtet und <a rel=\"nofollow noopener\" target=\"_blank\" href=\"https:\/\/www.reuters.com\/markets\/commodities\/exclusive-moldovan-president-russia-joining-eu-is-our-choice-2021-12-14\/\">Mitglied in der Europ\u00e4ischen Union<\/a> werden.<\/p>\n<p>F\u00fcr Sandu, die \u00fcbrigens auch die\u00a0<a rel=\"nofollow noopener\" target=\"_blank\" href=\"https:\/\/www.rri.ro\/de_de\/rumaeniens_staatschef_besucht_moldaurepublik-2629310\">rum\u00e4nische Staatsangeh\u00f6rigkeit<\/a> besitzt und damit EU-B\u00fcrgerin ist, geht es offenbar um mehr als nur um die Bestechung der Eliten, was erfahrungsgem\u00e4\u00df typisch f\u00fcr die moldawische Politik w\u00e4re und deshalb auch kein Problem darstellen w\u00fcrde. Nein, es geht \u2013 wie am Beispiel der Ukraine \u2013 wohl darum, Moldawien insbesondere wirtschaftlich, sicherheitspolitisch und ideologisch unter die v\u00f6llige Kontrolle des Westens zu stellen.<\/p>\n<p>Dies l\u00e4sst sich mit Hilfe von Nichtregierungsorganisationen umsetzen. Denn durch NGOs erfolgt nicht nur die Finanzierung, sondern auch die Kontrolle und die anschlie\u00dfende direkte Verwaltung jener politischen Kr\u00e4fte, die bereit sind, die Anweisungen der westlichen Akteure umzusetzen.<\/p>\n<p>Eine der gr\u00f6\u00dften Herausforderungen bei der Westintegration stellt f\u00fcr diese Akteure die ideologische Spaltung der moldawischen Gesellschaft dar. Viele Moldawier wollen die engen Beziehungen zu Russland aufrechterhalten, w\u00e4hrend der Gro\u00dfteil zur EU geh\u00f6ren will. Um die Leute also auf eine Linie zu bringen, soll die kulturelle und historische Basis der moldawischen Bev\u00f6lkerung ge\u00e4ndert und zugleich eine neue, negative Wahrnehmung Russlands in der Gesellschaft geformt werden. Dies wird etwa mit Hilfe des Rundfunks und des Bildungssystems gehandhabt.<\/p>\n<p>Daf\u00fcr haben die moldawischen Beh\u00f6rden <a rel=\"nofollow noopener\" target=\"_blank\" href=\"https:\/\/www.interfax.ru\/world\/844383\">laut Angaben<\/a> von <em>Interfax<\/em>\u00a0beschlossen, dass die heimischen Fernsehsender nur Unterhaltungsshows und keine politischen oder analytischen Programme aus Russland ausstrahlen d\u00fcrfen. Zum anderen geben westliche NGOs wie die <a rel=\"nofollow noopener\" target=\"_blank\" href=\"https:\/\/www.soros.md\/\">Soros Foundation Moldova<\/a>\u00a0entsprechende Lehrb\u00fccher f\u00fcr Schulen und Hochschulen heraus, die zur landesweiten Verbreitung der Russophobie und der Umdeutung bzw. Verf\u00e4lschung der moldawischen Geschichte ma\u00dfgeblich beitragen sollen.<\/p>\n<p><strong>Wirtschaftliche Abh\u00e4ngigkeit vom Westen<\/strong><\/p>\n<p>Um die antirussische Rhetorik zu f\u00f6rdern und die westlich-liberale Orientierung des Landes zu unterst\u00fctzen, sollen allein von den USA etwa eine Milliarde Dollar f\u00fcr entsprechende\u00a0 Reformen in Moldawien in den vergangenen zwei Jahren <a rel=\"nofollow noopener\" target=\"_blank\" href=\"https:\/\/infobrics.org\/post\/35872\">bereitgestellt<\/a> worden sein. Da Washington seine finanzielle &#8220;Unterst\u00fctzung&#8221; bekanntlich nicht kostenlos gew\u00e4hrt und die Mitarbeiter von NGOs sowie andere Aktivisten f\u00fcr &#8220;Demokratie und Zivilgesellschaften&#8221; auch nicht umsonst arbeiten, w\u00e4ren wir bei der Frage des Geldes beziehungsweise der Finanzierung des westlichen Kurses Moldawiens anbelangt.<\/p>\n<p>Ein zentraler Aspekt der Westintegration ist die Sicherstellung der Kontrolle \u00fcber die moldawische Volkswirtschaft durch Finanzinstitutionen wie der IWF oder Weltbank. Hierbei sind zahlreiche Experten der Auffassung, dass Chi\u0219in\u0103u gem\u00e4\u00df der westlichen Vorgaben im Wirtschaftsbereich die Weichen auf eine gef\u00e4hrliche Konfrontation mit Russland stellt.<\/p>\n<p>Auch der bekannte griechische Politologe Paul Antonopoulos\u00a0f\u00fchrt diesbez\u00fcglich in einem <a rel=\"nofollow noopener\" target=\"_blank\" href=\"https:\/\/infobrics.org\/post\/35872\">Artikel<\/a> an, dass die Wirtschaftsreformen darauf abzielen, die moldawische Wirtschaft auf westliche M\u00e4rkte auszurichten, da der Ukraine-Krieg die Handelskorridore, Lieferketten und die Nachfrage nach Produkten beeintr\u00e4chtigt habe. Durch US-Finanzierung w\u00fcrden daf\u00fcr neue Verkehrsinfrastrukturen und Logistikdrehkreuze entwickelt, die das interne logistische Potenzial Moldawiens st\u00e4rken und die Zollverfahren an den Grenz\u00fcberg\u00e4ngen zwischen Moldawien und der EU optimieren sollen.<\/p>\n<p>US-Beamte w\u00fcrden sogar offen zugeben, so Antonopoulos, dass es in Washington Pl\u00e4ne geben soll, die Handels- und Wirtschaftsbeziehungen zwischen Moldawien und Russland zu beenden, um die Russen auf dem europ\u00e4ischen Kontinent am Ende zu isolieren.<\/p>\n<p><em>Teil 2 erscheint am Sonntag.<\/em><\/p>\n<p><em>RT DE bem\u00fcht sich um ein breites Meinungsspektrum. Gastbeitr\u00e4ge und Meinungsartikel m\u00fcssen nicht die Sichtweise der Redaktion widerspiegeln.<\/em><\/p>\n<p><strong>Mehr zum Thema<\/strong> &#8211; <a rel=\"nofollow noopener\" target=\"_blank\" href=\"https:\/\/test.rtde.tech\/europa\/144199-transnistrisches-aussenministerium-kuendigt-plaene-zum-anschluss-an-russland-an\/\">Transnistrien k\u00fcndigt Pl\u00e4ne zum Anschluss an Russland an<\/a><\/p>\n<p><br \/>\n<br \/><a href=\"https:\/\/de.rt.com\/international\/145656-westintegration-moldawien-riskiert-wiederholung-tragodie\/\">Source link <\/a><\/p>\n","protected":false},"excerpt":{"rendered":"<p>von Alexander M\u00e4nner Ende April kam es in Moldawien aufgrund der Kampfhandlungen in seinem Nachbarland Ukraine zu Zwischenf\u00e4llen, die f\u00fcr die gesamte Schwarzmeerregion mit schlimmen Konsequenzen h\u00e4tten enden k\u00f6nnen. Damaligen Berichten zufolge haben Unbekannte in der abtr\u00fcnnigen Provinz Transnistrien, die eine fast 500 Kilometer lange Grenze zur Ukraine hat und wo seit 30 Jahren russische [&hellip;]<\/p>\n","protected":false},"author":3,"featured_media":16880,"comment_status":"open","ping_status":"open","sticky":false,"template":"","format":"standard","meta":{"wp_automatic_camp":["217"],"85e952b12bdd14b77df6c7252fcbd3d7":["&quot;Westintegration&quot;: Moldawien riskiert Wiederholung der Trag\u00f6die der Ukraine \u2013 Teil 1"],"original_link":["https:\/\/de.rt.com\/international\/145656-westintegration-moldawien-riskiert-wiederholung-tragodie\/"],"_thumbnail_id":["16880"],"_wptg_p2tg_sent2tg":["2022-08-13 17:21:51"],"jnews_social_counter_last_update":["1777343358"]},"categories":[19,23],"tags":[82,25732,30982,21134,3240,22773,127,21636],"yoast_head":"<!-- This site is optimized with the Yoast SEO Premium plugin v22.7 (Yoast SEO v22.7) - https:\/\/yoast.com\/wordpress\/plugins\/seo\/ -->\n<title>&quot;Westintegration&quot;: Moldawien riskiert Wiederholung der Trag\u00f6die der Ukraine \u2013 Teil 1 - just-now.NEWS Deutschland<\/title>\n<meta name=\"robots\" content=\"index, follow, max-snippet:-1, max-image-preview:large, max-video-preview:-1\" \/>\n<link rel=\"canonical\" href=\"https:\/\/now-news.de\/de\/deutschland\/westintegration-moldawien-riskiert-wiederholung-der-tragoedie-der-ukraine-teil-1\/\" \/>\n<meta property=\"og:locale\" content=\"de_DE\" \/>\n<meta property=\"og:type\" content=\"article\" \/>\n<meta property=\"og:title\" content=\"&quot;Westintegration&quot;: Moldawien riskiert Wiederholung der Trag\u00f6die der Ukraine \u2013 Teil 1\" \/>\n<meta property=\"og:description\" content=\"von Alexander M\u00e4nner Ende April kam es in Moldawien aufgrund der Kampfhandlungen in seinem Nachbarland Ukraine zu Zwischenf\u00e4llen, die f\u00fcr die gesamte Schwarzmeerregion mit schlimmen Konsequenzen h\u00e4tten enden k\u00f6nnen. Damaligen Berichten zufolge haben Unbekannte in der abtr\u00fcnnigen Provinz Transnistrien, die eine fast 500 Kilometer lange Grenze zur Ukraine hat und wo seit 30 Jahren russische [&hellip;]\" \/>\n<meta property=\"og:url\" content=\"https:\/\/now-news.de\/de\/deutschland\/westintegration-moldawien-riskiert-wiederholung-der-tragoedie-der-ukraine-teil-1\/\" \/>\n<meta property=\"og:site_name\" content=\"just-now.NEWS Deutschland\" \/>\n<meta property=\"article:publisher\" content=\"https:\/\/www.facebook.com\/wirmachenauf\" \/>\n<meta property=\"article:published_time\" content=\"2022-08-13T15:14:52+00:00\" \/>\n<meta property=\"og:image\" content=\"https:\/\/now-news.de\/de\/wp-content\/uploads\/sites\/3\/2022\/08\/quotWestintegrationquot-Moldawien-riskiert-Wiederholung-der-Tragoedie-der-Ukraine-\u2013-Teil.jpg\" \/>\n\t<meta property=\"og:image:width\" content=\"460\" \/>\n\t<meta property=\"og:image:height\" content=\"259\" \/>\n\t<meta property=\"og:image:type\" content=\"image\/jpeg\" \/>\n<meta name=\"author\" content=\"rtnews\" \/>\n<meta name=\"twitter:card\" content=\"summary_large_image\" \/>\n<meta name=\"twitter:creator\" content=\"@WirMachenAuf_de\" \/>\n<meta name=\"twitter:site\" content=\"@WirMachenAuf_de\" \/>\n<meta name=\"twitter:label1\" content=\"Verfasst von\" \/>\n\t<meta name=\"twitter:data1\" content=\"rtnews\" \/>\n\t<meta name=\"twitter:label2\" content=\"Gesch\u00e4tzte Lesezeit\" \/>\n\t<meta name=\"twitter:data2\" content=\"6\u00a0Minuten\" \/>\n<script type=\"application\/ld+json\" class=\"yoast-schema-graph\">{\"@context\":\"https:\/\/schema.org\",\"@graph\":[{\"@type\":\"Article\",\"@id\":\"https:\/\/now-news.de\/de\/deutschland\/westintegration-moldawien-riskiert-wiederholung-der-tragoedie-der-ukraine-teil-1\/#article\",\"isPartOf\":{\"@id\":\"https:\/\/now-news.de\/de\/deutschland\/westintegration-moldawien-riskiert-wiederholung-der-tragoedie-der-ukraine-teil-1\/\"},\"author\":{\"name\":\"rtnews\",\"@id\":\"https:\/\/now-news.de\/de\/#\/schema\/person\/fb534a4e865501d8b3285208df34a9b5\"},\"headline\":\"&quot;Westintegration&quot;: Moldawien riskiert Wiederholung der Trag\u00f6die der Ukraine \u2013 Teil 1\",\"datePublished\":\"2022-08-13T15:14:52+00:00\",\"dateModified\":\"2022-08-13T15:14:52+00:00\",\"mainEntityOfPage\":{\"@id\":\"https:\/\/now-news.de\/de\/deutschland\/westintegration-moldawien-riskiert-wiederholung-der-tragoedie-der-ukraine-teil-1\/\"},\"wordCount\":1125,\"commentCount\":0,\"publisher\":{\"@id\":\"https:\/\/now-news.de\/de\/#organization\"},\"image\":{\"@id\":\"https:\/\/now-news.de\/de\/deutschland\/westintegration-moldawien-riskiert-wiederholung-der-tragoedie-der-ukraine-teil-1\/#primaryimage\"},\"thumbnailUrl\":\"https:\/\/now-news.de\/de\/wp-content\/uploads\/sites\/3\/2022\/08\/quotWestintegrationquot-Moldawien-riskiert-Wiederholung-der-Tragoedie-der-Ukraine-\u2013-Teil.jpg\",\"keywords\":[\"der\",\"Moldawien\",\"quotWestintegrationquot\",\"riskiert\",\"Teil\",\"Trag\u00f6die\",\"ukraine\",\"Wiederholung\"],\"articleSection\":[\"Deutschland\",\"Russland\"],\"inLanguage\":\"de\",\"potentialAction\":[{\"@type\":\"CommentAction\",\"name\":\"Comment\",\"target\":[\"https:\/\/now-news.de\/de\/deutschland\/westintegration-moldawien-riskiert-wiederholung-der-tragoedie-der-ukraine-teil-1\/#respond\"]}]},{\"@type\":\"WebPage\",\"@id\":\"https:\/\/now-news.de\/de\/deutschland\/westintegration-moldawien-riskiert-wiederholung-der-tragoedie-der-ukraine-teil-1\/\",\"url\":\"https:\/\/now-news.de\/de\/deutschland\/westintegration-moldawien-riskiert-wiederholung-der-tragoedie-der-ukraine-teil-1\/\",\"name\":\"&quot;Westintegration&quot;: Moldawien riskiert Wiederholung der Trag\u00f6die der Ukraine \u2013 Teil 1 - just-now.NEWS Deutschland\",\"isPartOf\":{\"@id\":\"https:\/\/now-news.de\/de\/#website\"},\"primaryImageOfPage\":{\"@id\":\"https:\/\/now-news.de\/de\/deutschland\/westintegration-moldawien-riskiert-wiederholung-der-tragoedie-der-ukraine-teil-1\/#primaryimage\"},\"image\":{\"@id\":\"https:\/\/now-news.de\/de\/deutschland\/westintegration-moldawien-riskiert-wiederholung-der-tragoedie-der-ukraine-teil-1\/#primaryimage\"},\"thumbnailUrl\":\"https:\/\/now-news.de\/de\/wp-content\/uploads\/sites\/3\/2022\/08\/quotWestintegrationquot-Moldawien-riskiert-Wiederholung-der-Tragoedie-der-Ukraine-\u2013-Teil.jpg\",\"datePublished\":\"2022-08-13T15:14:52+00:00\",\"dateModified\":\"2022-08-13T15:14:52+00:00\",\"breadcrumb\":{\"@id\":\"https:\/\/now-news.de\/de\/deutschland\/westintegration-moldawien-riskiert-wiederholung-der-tragoedie-der-ukraine-teil-1\/#breadcrumb\"},\"inLanguage\":\"de\",\"potentialAction\":[{\"@type\":\"ReadAction\",\"target\":[\"https:\/\/now-news.de\/de\/deutschland\/westintegration-moldawien-riskiert-wiederholung-der-tragoedie-der-ukraine-teil-1\/\"]}]},{\"@type\":\"ImageObject\",\"inLanguage\":\"de\",\"@id\":\"https:\/\/now-news.de\/de\/deutschland\/westintegration-moldawien-riskiert-wiederholung-der-tragoedie-der-ukraine-teil-1\/#primaryimage\",\"url\":\"https:\/\/now-news.de\/de\/wp-content\/uploads\/sites\/3\/2022\/08\/quotWestintegrationquot-Moldawien-riskiert-Wiederholung-der-Tragoedie-der-Ukraine-\u2013-Teil.jpg\",\"contentUrl\":\"https:\/\/now-news.de\/de\/wp-content\/uploads\/sites\/3\/2022\/08\/quotWestintegrationquot-Moldawien-riskiert-Wiederholung-der-Tragoedie-der-Ukraine-\u2013-Teil.jpg\",\"width\":460,\"height\":259,\"caption\":\"&quot;Westintegration&quot;: Moldawien riskiert Wiederholung der Trag\u00f6die der Ukraine \u2013 Teil 1\"},{\"@type\":\"BreadcrumbList\",\"@id\":\"https:\/\/now-news.de\/de\/deutschland\/westintegration-moldawien-riskiert-wiederholung-der-tragoedie-der-ukraine-teil-1\/#breadcrumb\",\"itemListElement\":[{\"@type\":\"ListItem\",\"position\":1,\"name\":\"Home\",\"item\":\"https:\/\/now-news.de\/de\/\"},{\"@type\":\"ListItem\",\"position\":2,\"name\":\"&quot;Westintegration&quot;: Moldawien riskiert Wiederholung der Trag\u00f6die der Ukraine \u2013 Teil 1\"}]},{\"@type\":\"WebSite\",\"@id\":\"https:\/\/now-news.de\/de\/#website\",\"url\":\"https:\/\/now-news.de\/de\/\",\"name\":\"just-now.NEWS Deutschland\",\"description\":\"Das Portal f\u00fcr unzensierte Nachrichten aus der Welt\",\"publisher\":{\"@id\":\"https:\/\/now-news.de\/de\/#organization\"},\"potentialAction\":[{\"@type\":\"SearchAction\",\"target\":{\"@type\":\"EntryPoint\",\"urlTemplate\":\"https:\/\/now-news.de\/de\/?s={search_term_string}\"},\"query-input\":\"required name=search_term_string\"}],\"inLanguage\":\"de\"},{\"@type\":\"Organization\",\"@id\":\"https:\/\/now-news.de\/de\/#organization\",\"name\":\"Just Now News\",\"url\":\"https:\/\/now-news.de\/de\/\",\"logo\":{\"@type\":\"ImageObject\",\"inLanguage\":\"de\",\"@id\":\"https:\/\/now-news.de\/de\/#\/schema\/logo\/image\/\",\"url\":\"http:\/\/just-now.news\/de\/wp-content\/uploads\/sites\/3\/2022\/04\/logo500x500.jpg\",\"contentUrl\":\"http:\/\/just-now.news\/de\/wp-content\/uploads\/sites\/3\/2022\/04\/logo500x500.jpg\",\"width\":500,\"height\":500,\"caption\":\"Just Now News\"},\"image\":{\"@id\":\"https:\/\/now-news.de\/de\/#\/schema\/logo\/image\/\"},\"sameAs\":[\"https:\/\/www.facebook.com\/wirmachenauf\",\"https:\/\/x.com\/WirMachenAuf_de\"]},{\"@type\":\"Person\",\"@id\":\"https:\/\/now-news.de\/de\/#\/schema\/person\/fb534a4e865501d8b3285208df34a9b5\",\"name\":\"rtnews\",\"image\":{\"@type\":\"ImageObject\",\"inLanguage\":\"de\",\"@id\":\"https:\/\/now-news.de\/de\/#\/schema\/person\/image\/\",\"url\":\"https:\/\/secure.gravatar.com\/avatar\/82aafea7d8127119dd649515f56e2117?s=96&d=mm&r=g\",\"contentUrl\":\"https:\/\/secure.gravatar.com\/avatar\/82aafea7d8127119dd649515f56e2117?s=96&d=mm&r=g\",\"caption\":\"rtnews\"},\"url\":\"https:\/\/now-news.de\/de\/author\/rnews\/\"}]}<\/script>\n<!-- \/ Yoast SEO Premium plugin. -->","yoast_head_json":{"title":"&quot;Westintegration&quot;: Moldawien riskiert Wiederholung der Trag\u00f6die der Ukraine \u2013 Teil 1 - just-now.NEWS Deutschland","robots":{"index":"index","follow":"follow","max-snippet":"max-snippet:-1","max-image-preview":"max-image-preview:large","max-video-preview":"max-video-preview:-1"},"canonical":"https:\/\/now-news.de\/de\/deutschland\/westintegration-moldawien-riskiert-wiederholung-der-tragoedie-der-ukraine-teil-1\/","og_locale":"de_DE","og_type":"article","og_title":"&quot;Westintegration&quot;: Moldawien riskiert Wiederholung der Trag\u00f6die der Ukraine \u2013 Teil 1","og_description":"von Alexander M\u00e4nner Ende April kam es in Moldawien aufgrund der Kampfhandlungen in seinem Nachbarland Ukraine zu Zwischenf\u00e4llen, die f\u00fcr die gesamte Schwarzmeerregion mit schlimmen Konsequenzen h\u00e4tten enden k\u00f6nnen. Damaligen Berichten zufolge haben Unbekannte in der abtr\u00fcnnigen Provinz Transnistrien, die eine fast 500 Kilometer lange Grenze zur Ukraine hat und wo seit 30 Jahren russische [&hellip;]","og_url":"https:\/\/now-news.de\/de\/deutschland\/westintegration-moldawien-riskiert-wiederholung-der-tragoedie-der-ukraine-teil-1\/","og_site_name":"just-now.NEWS Deutschland","article_publisher":"https:\/\/www.facebook.com\/wirmachenauf","article_published_time":"2022-08-13T15:14:52+00:00","og_image":[{"width":460,"height":259,"url":"https:\/\/now-news.de\/de\/wp-content\/uploads\/sites\/3\/2022\/08\/quotWestintegrationquot-Moldawien-riskiert-Wiederholung-der-Tragoedie-der-Ukraine-\u2013-Teil.jpg","type":"image\/jpeg"}],"author":"rtnews","twitter_card":"summary_large_image","twitter_creator":"@WirMachenAuf_de","twitter_site":"@WirMachenAuf_de","twitter_misc":{"Verfasst von":"rtnews","Gesch\u00e4tzte Lesezeit":"6\u00a0Minuten"},"schema":{"@context":"https:\/\/schema.org","@graph":[{"@type":"Article","@id":"https:\/\/now-news.de\/de\/deutschland\/westintegration-moldawien-riskiert-wiederholung-der-tragoedie-der-ukraine-teil-1\/#article","isPartOf":{"@id":"https:\/\/now-news.de\/de\/deutschland\/westintegration-moldawien-riskiert-wiederholung-der-tragoedie-der-ukraine-teil-1\/"},"author":{"name":"rtnews","@id":"https:\/\/now-news.de\/de\/#\/schema\/person\/fb534a4e865501d8b3285208df34a9b5"},"headline":"&quot;Westintegration&quot;: Moldawien riskiert Wiederholung der Trag\u00f6die der Ukraine \u2013 Teil 1","datePublished":"2022-08-13T15:14:52+00:00","dateModified":"2022-08-13T15:14:52+00:00","mainEntityOfPage":{"@id":"https:\/\/now-news.de\/de\/deutschland\/westintegration-moldawien-riskiert-wiederholung-der-tragoedie-der-ukraine-teil-1\/"},"wordCount":1125,"commentCount":0,"publisher":{"@id":"https:\/\/now-news.de\/de\/#organization"},"image":{"@id":"https:\/\/now-news.de\/de\/deutschland\/westintegration-moldawien-riskiert-wiederholung-der-tragoedie-der-ukraine-teil-1\/#primaryimage"},"thumbnailUrl":"https:\/\/now-news.de\/de\/wp-content\/uploads\/sites\/3\/2022\/08\/quotWestintegrationquot-Moldawien-riskiert-Wiederholung-der-Tragoedie-der-Ukraine-\u2013-Teil.jpg","keywords":["der","Moldawien","quotWestintegrationquot","riskiert","Teil","Trag\u00f6die","ukraine","Wiederholung"],"articleSection":["Deutschland","Russland"],"inLanguage":"de","potentialAction":[{"@type":"CommentAction","name":"Comment","target":["https:\/\/now-news.de\/de\/deutschland\/westintegration-moldawien-riskiert-wiederholung-der-tragoedie-der-ukraine-teil-1\/#respond"]}]},{"@type":"WebPage","@id":"https:\/\/now-news.de\/de\/deutschland\/westintegration-moldawien-riskiert-wiederholung-der-tragoedie-der-ukraine-teil-1\/","url":"https:\/\/now-news.de\/de\/deutschland\/westintegration-moldawien-riskiert-wiederholung-der-tragoedie-der-ukraine-teil-1\/","name":"&quot;Westintegration&quot;: Moldawien riskiert Wiederholung der Trag\u00f6die der Ukraine \u2013 Teil 1 - just-now.NEWS Deutschland","isPartOf":{"@id":"https:\/\/now-news.de\/de\/#website"},"primaryImageOfPage":{"@id":"https:\/\/now-news.de\/de\/deutschland\/westintegration-moldawien-riskiert-wiederholung-der-tragoedie-der-ukraine-teil-1\/#primaryimage"},"image":{"@id":"https:\/\/now-news.de\/de\/deutschland\/westintegration-moldawien-riskiert-wiederholung-der-tragoedie-der-ukraine-teil-1\/#primaryimage"},"thumbnailUrl":"https:\/\/now-news.de\/de\/wp-content\/uploads\/sites\/3\/2022\/08\/quotWestintegrationquot-Moldawien-riskiert-Wiederholung-der-Tragoedie-der-Ukraine-\u2013-Teil.jpg","datePublished":"2022-08-13T15:14:52+00:00","dateModified":"2022-08-13T15:14:52+00:00","breadcrumb":{"@id":"https:\/\/now-news.de\/de\/deutschland\/westintegration-moldawien-riskiert-wiederholung-der-tragoedie-der-ukraine-teil-1\/#breadcrumb"},"inLanguage":"de","potentialAction":[{"@type":"ReadAction","target":["https:\/\/now-news.de\/de\/deutschland\/westintegration-moldawien-riskiert-wiederholung-der-tragoedie-der-ukraine-teil-1\/"]}]},{"@type":"ImageObject","inLanguage":"de","@id":"https:\/\/now-news.de\/de\/deutschland\/westintegration-moldawien-riskiert-wiederholung-der-tragoedie-der-ukraine-teil-1\/#primaryimage","url":"https:\/\/now-news.de\/de\/wp-content\/uploads\/sites\/3\/2022\/08\/quotWestintegrationquot-Moldawien-riskiert-Wiederholung-der-Tragoedie-der-Ukraine-\u2013-Teil.jpg","contentUrl":"https:\/\/now-news.de\/de\/wp-content\/uploads\/sites\/3\/2022\/08\/quotWestintegrationquot-Moldawien-riskiert-Wiederholung-der-Tragoedie-der-Ukraine-\u2013-Teil.jpg","width":460,"height":259,"caption":"&quot;Westintegration&quot;: Moldawien riskiert Wiederholung der Trag\u00f6die der Ukraine \u2013 Teil 1"},{"@type":"BreadcrumbList","@id":"https:\/\/now-news.de\/de\/deutschland\/westintegration-moldawien-riskiert-wiederholung-der-tragoedie-der-ukraine-teil-1\/#breadcrumb","itemListElement":[{"@type":"ListItem","position":1,"name":"Home","item":"https:\/\/now-news.de\/de\/"},{"@type":"ListItem","position":2,"name":"&quot;Westintegration&quot;: Moldawien riskiert Wiederholung der Trag\u00f6die der Ukraine \u2013 Teil 1"}]},{"@type":"WebSite","@id":"https:\/\/now-news.de\/de\/#website","url":"https:\/\/now-news.de\/de\/","name":"just-now.NEWS Deutschland","description":"Das Portal f\u00fcr unzensierte Nachrichten aus der Welt","publisher":{"@id":"https:\/\/now-news.de\/de\/#organization"},"potentialAction":[{"@type":"SearchAction","target":{"@type":"EntryPoint","urlTemplate":"https:\/\/now-news.de\/de\/?s={search_term_string}"},"query-input":"required name=search_term_string"}],"inLanguage":"de"},{"@type":"Organization","@id":"https:\/\/now-news.de\/de\/#organization","name":"Just Now News","url":"https:\/\/now-news.de\/de\/","logo":{"@type":"ImageObject","inLanguage":"de","@id":"https:\/\/now-news.de\/de\/#\/schema\/logo\/image\/","url":"http:\/\/just-now.news\/de\/wp-content\/uploads\/sites\/3\/2022\/04\/logo500x500.jpg","contentUrl":"http:\/\/just-now.news\/de\/wp-content\/uploads\/sites\/3\/2022\/04\/logo500x500.jpg","width":500,"height":500,"caption":"Just Now News"},"image":{"@id":"https:\/\/now-news.de\/de\/#\/schema\/logo\/image\/"},"sameAs":["https:\/\/www.facebook.com\/wirmachenauf","https:\/\/x.com\/WirMachenAuf_de"]},{"@type":"Person","@id":"https:\/\/now-news.de\/de\/#\/schema\/person\/fb534a4e865501d8b3285208df34a9b5","name":"rtnews","image":{"@type":"ImageObject","inLanguage":"de","@id":"https:\/\/now-news.de\/de\/#\/schema\/person\/image\/","url":"https:\/\/secure.gravatar.com\/avatar\/82aafea7d8127119dd649515f56e2117?s=96&d=mm&r=g","contentUrl":"https:\/\/secure.gravatar.com\/avatar\/82aafea7d8127119dd649515f56e2117?s=96&d=mm&r=g","caption":"rtnews"},"url":"https:\/\/now-news.de\/de\/author\/rnews\/"}]}},"_links":{"self":[{"href":"https:\/\/now-news.de\/de\/wp-json\/wp\/v2\/posts\/16879"}],"collection":[{"href":"https:\/\/now-news.de\/de\/wp-json\/wp\/v2\/posts"}],"about":[{"href":"https:\/\/now-news.de\/de\/wp-json\/wp\/v2\/types\/post"}],"author":[{"embeddable":true,"href":"https:\/\/now-news.de\/de\/wp-json\/wp\/v2\/users\/3"}],"replies":[{"embeddable":true,"href":"https:\/\/now-news.de\/de\/wp-json\/wp\/v2\/comments?post=16879"}],"version-history":[{"count":0,"href":"https:\/\/now-news.de\/de\/wp-json\/wp\/v2\/posts\/16879\/revisions"}],"wp:featuredmedia":[{"embeddable":true,"href":"https:\/\/now-news.de\/de\/wp-json\/wp\/v2\/media\/16880"}],"wp:attachment":[{"href":"https:\/\/now-news.de\/de\/wp-json\/wp\/v2\/media?parent=16879"}],"wp:term":[{"taxonomy":"category","embeddable":true,"href":"https:\/\/now-news.de\/de\/wp-json\/wp\/v2\/categories?post=16879"},{"taxonomy":"post_tag","embeddable":true,"href":"https:\/\/now-news.de\/de\/wp-json\/wp\/v2\/tags?post=16879"}],"curies":[{"name":"wp","href":"https:\/\/api.w.org\/{rel}","templated":true}]}}