{"id":16826,"date":"2022-08-12T19:05:03","date_gmt":"2022-08-12T17:05:03","guid":{"rendered":"http:\/\/just-now.news\/de\/deutschland\/die-deutschen-zwinkerten-die-stalingrad-fantasien-des-herrn-arestowitsch\/"},"modified":"2022-08-12T19:05:03","modified_gmt":"2022-08-12T17:05:03","slug":"die-deutschen-zwinkerten-die-stalingrad-fantasien-des-herrn-arestowitsch","status":"publish","type":"post","link":"https:\/\/now-news.de\/de\/deutschland\/die-deutschen-zwinkerten-die-stalingrad-fantasien-des-herrn-arestowitsch\/","title":{"rendered":"&quot;Die Deutschen zwinkerten&quot;: Die Stalingrad-Fantasien des Herrn Arestowitsch"},"content":{"rendered":"<p><img decoding=\"async\" src=\"http:\/\/just-now.news\/de\/wp-content\/uploads\/sites\/3\/2022\/08\/62f6516648fbef3b80776d9b.jpg\" \/><\/p>\n<div class=\"Text-root Text-type_1 \">\n                L\u00fcge und Wahrheit sind schwer voneinander zu trennen bei den S\u00e4tzen, die aus dem Munde des ukrainischen Chef-Propagandisten Arestowitsch stammen. Aber in manchen F\u00e4llen w\u00e4re es wichtig zu wissen, womit man es zu tun hat. Doch die Wahrheit interessiert in Deutschland nicht mehr.\n            <\/div>\n<p><\/p>\n<div class=\"Text-root Text-type_5 ArticleView-text ViewText-root \">\n<p><em>von Dagmar Henn<\/em><\/p>\n<p>L\u00fcgt er einfach? Oder steckt dahinter ein weiteres Ereignis, das ein Skandal werden m\u00fcsste, wenn die Bundesrepublik nur halb so demokratisch w\u00e4re, wie sie von sich behauptet? Klar, beim ukrainischen Pr\u00e4sidentenberater Alexei Arestowitsch kann man sich da nicht sicher sein; aber wenn es noch eine funktionierende Opposition im Deutschen Bundestag g\u00e4be, w\u00e4re das eine Nachfrage wert.<\/p>\n<p>Hier das, was er <a rel=\"nofollow noopener\" target=\"_blank\" href=\"https:\/\/t.me\/zarussia_1\/5958\">erz\u00e4hlt<\/a>. Wir reden hier von einem Treffen der NATO-Verteidigungsminister, wie es sich in D\u00e4nemark gerade wiederholt. Es gab mittlerweile mehrere dieser Treffen, zwei davon in Ramstein, aber das zweite war nur virtuell. Es geht also eindeutig um das NATO-Treffen in Ramstein am 28. April, und Arestowitsch bezieht sich auf den ukrainischen Au\u00dfenminister als Quelle.<\/p>\n<blockquote>\n<p><em>&#8220;In Ramstein sch\u00fcttelten sich alle die H\u00e4nde und sagten: &#8216;Bitte, macht den Bastard [Russland] fertig!&#8217; Die Schweden f\u00fcgten hinzu: &#8216;Wegen Poltawa!&#8217; Die Franzosen f\u00fcgten hinzu: &#8216;Wegen Borodino!&#8217; Die Deutschen schwiegen, aber sie zwinkerten: &#8216;T\u00f6tet es [Russland]!&#8217; Sie sagten: &#8216;Endlich werdet ihr es fertigmachen! Tut es! Lasst es uns alle zusammen tun!'&#8221;<\/em><\/p>\n<\/blockquote>\n<p>Die deutsche Vertretung bei dem beschriebenen Treffen d\u00fcrfte aus Verteidigungsministerin Christine Lambrecht (SPD) plus vermutlich Generalinspekteur und Entourage bestanden haben.<\/p>\n<p>F\u00fcr jene, denen die verwendeten Ortsnamen nichts sagen: In Poltawa fand 1709 die entscheidende Schlacht zwischen Schweden unter Karl XII. und Russland unter Peter I. statt, die f\u00fcr Schweden mit einer vernichtenden Niederlage endete und das Ende des schwedischen Gro\u00dfreiches einl\u00e4utete, und Russland unter anderem das Gebiet hinzuf\u00fcgte, auf dem heute Petersburg steht.<\/p>\n<p>In Borodino war die gro\u00dfe Schlacht des napoleonischen Russlandfeldzugs. Man kann eine sehr ausf\u00fchrliche Darstellung im dritten Teil der sowjetischen Verfilmung von &#8220;Krieg und Frieden&#8221; sehen. Sie endete ohne Sieger; beide Seiten waren am n\u00e4chsten Tag nicht imstande, die K\u00e4mpfe fortzusetzen. Danach zogen sich die napoleonischen Truppen nach Moskau zur\u00fcck, das der russische Stratege Kutusow r\u00e4umen und niederbrennen lie\u00df, woraufhin das gewaltige napoleonische Heer, das sich aus der zerst\u00f6rten, leeren Stadt nicht versorgen konnte, den verlustreichen R\u00fcckweg antrat.<\/p>\n<p>Es sind also die Orte zweier Schlachten, die letztlich \u00fcber den Ausgang des jeweiligen Krieges entschieden. In beiden F\u00e4llen waren es die Angreifer, die die Niederlage erlitten. Und jetzt zu dem Punkt, der ein Skandal ist, sollte er wahr sein. &#8220;Die Deutschen schwiegen, aber sie zwinkerten.&#8221; Es braucht nicht allzu viel Verstand, um zu erkennen, wie der unausgesprochene Ortsname an dieser Stelle lautet. Die beiden ersten geben die Richtung klar vor. Stalingrad.<\/p>\n<p>Nun ist allerdings eigentlich inzwischen selbst in die offizielle staatliche Erz\u00e4hlung durchgesickert, dass die Niederlage der Hitlerwehrmacht die Voraussetzung der Befreiung Deutschlands war. Der Grund, warum der Ortsname nicht ausgesprochen wird, ist, dass jemand, der von einer Revanche f\u00fcr Stalingrad tr\u00e4umt, sich mit der Naziwehrmacht identifiziert, mit Nazideutschland, und nicht mit einem demokratischen Land, das erst durch die Niederlage dieser Macht \u00fcberhaupt m\u00f6glich war. Wie hatte das Hemingway formuliert? &#8220;Jeder, der die Freiheit liebt, schuldet der Roten Armee so viel, dass es niemals entgolten werden kann.&#8221;<\/p>\n<p>Frau Lambrecht m\u00fcsste, als Mitglied der SPD, zumindest noch wissen, dass der Sieg der Roten Armee bei Stalingrad die Voraussetzung daf\u00fcr war, dass viele Mitglieder ihrer Partei aus den Konzentrationslagern der Nazis befreit oder aus dem Exil zur\u00fcckkehren konnten. W\u00fcrde sie nach der Erw\u00e4hnung von Poltawa und Borodino als Grund, warum man &#8220;Russland fertigmachen&#8221; wolle, zwinkern? Nach dem Motto, egal, wenn die damaligen Vertreter meiner Partei, von der auch eine ganze Reihe im Widerstand gegen Hitler umkamen, eben keine Gerechtigkeit mehr erfahren h\u00e4tten, Hauptsache, Russland ist platt?<\/p>\n<p>Oder waren es die Vertreter der Bundeswehr selbst, die sich mit der Naziwehrmacht identifizierten und von einer Rache f\u00fcr Hitlers Niederlage tr\u00e4umen? Die also folglich f\u00fcr ihre Positionen nicht geeignet sind, weil sie sich nicht auf ein demokratisches Deutschland beziehen, sondern auf seinen historisch schlimmsten Feind? Das n\u00e4mlich war der Nazistaat samt seiner Armee.<\/p>\n<p>Nun, wie gesagt, wenn Arestowitsch eine Geschichte erz\u00e4hlt, muss sie nicht wahr sein. Aber im Umgang mit dieser Geschichte g\u00e4be es nur zwei M\u00f6glichkeiten. M\u00f6glichkeit eins w\u00e4re, sie ist wahr. Dann m\u00fcsste herausgefunden werden, wer aus der Gruppe der deutschen Teilnehmer da zwinkernd zugestimmt hat, und die betreffende Person (oder die betreffenden Personen) m\u00fcsste aus dem Dienst entfernt werden, weil die Loyalit\u00e4t zu einer demokratischen Verfassung mehr als fraglich ist.<\/p>\n<p>M\u00f6glichkeit zwei ist, Arestowitsch hat sich diese Geschichte ausgedacht. Nachdem Arestowitsch Berater des ukrainischen Pr\u00e4sidenten ist und diese Geschichte in der \u00d6ffentlichkeit, in einem Interview, erz\u00e4hlt hat, w\u00e4re eine diplomatische Note angebracht, in der man sich dagegen verwehrt, von ukrainischen Vertretern in die N\u00e4he der Naziwehrmacht ger\u00fcckt zu werden. So etwas macht man (nur als technischer Hinweis f\u00fcr die Verantwortlichen), indem man den Botschafter einbestellt und ihm ein Schreiben entsprechenden Inhalts zur Weiterleitung \u00fcbergibt. (Und w\u00e4re Lambrecht eine Sozialdemokratin mit Geschichtsbewusstsein, w\u00fcrde sie sich \u00fcber diese Erz\u00e4hlung auch pers\u00f6nlich emp\u00f6ren).<\/p>\n<p>Leider, leider wird nichts davon geschehen. Denn jenes Deutschland, das sich auf die deutschen Antifaschisten bezieht, f\u00fcr das Stalingrad ein Sieg war und keine Niederlage, wird durch den Pakt mit der Bandera-Ukraine immer weiter in den Schatten gedr\u00e4ngt und zum Schweigen gebracht. Man wird zwar immer noch ab und zu von irgendwelchen kleinen Neonazis in der Bundeswehr lesen, die man entdeckt und entfernt hat; aber weder die in der Anekdote zumindest vorgenommene Unterstellung, die Verteidigungsministerin und\/oder ihr Anhang hegten Sympathien f\u00fcr die Naziwehrmacht, noch tats\u00e4chlich vorhandene Sympathien dieser Art werden noch irgendwelche Konsequenzen haben. Wollen wir wetten?<\/p>\n<p>Nicht zu vergessen \u2013 mit dieser Anekdote hat nat\u00fcrlich auch Arestowitsch erkl\u00e4rt, auf welcher Seite seine Sympathien liegen, wenn es um Stalingrad geht. Denn jemand, der den Sieg der Roten Armee \u00fcber die Naziwehrmacht als Sieg der Menschheit \u00fcber die Barbarei begreift, w\u00fcrde eine solche Anekdote nicht mit Genugtuung, sondern mit Abscheu erz\u00e4hlen. Arestowitsch identifiziert sich mit Nazideutschland. Was niemanden \u00fcberrascht, der die politische Entwicklung der Bandera-Ukraine kennt.<\/p>\n<p>Man wird in Deutschland so tun, als h\u00e4tte Arestowitsch diese S\u00e4tze nie gesagt. Man wird weiter Waffen in die Ukraine liefern, das eigene Land weiter in den Ruin treiben, den Deutschen weiter die Heizung abdrehen und weiter jeden freien Fahnenmast mit der fremden Fahne eines Staates best\u00fccken, dessen Vertreter von einem Sieg der Wehrmacht bei Stalingrad tr\u00e4umen.<\/p>\n<p>Aber wenn die Liste, die Arestowitsch zitiert, von Poltawa \u00fcber Borodino bis Stalingrad, eines lehrt, dann das: Gleich, wie der Ort hei\u00dfen mag, der diese Liste vervollst\u00e4ndigen wird, es wird ihn geben. Irgendwo auf der Landkarte ist er bereits zu finden, auch wenn noch niemand wei\u00df, wo. Und dann, wenn dieser unbekannte Ort zu einem bekannten geworden ist, wird auch das andere Deutschland wieder aus dem Schatten treten und seine Stimme erheben. Und Gericht halten \u00fcber jene, die sich mit der braunen Pest gemein gemacht haben.<\/p>\n<p><strong>Mehr zum Thema<\/strong> &#8211; <a rel=\"nofollow noopener\" target=\"_blank\" href=\"https:\/\/de.rt.com\/europa\/142340-botschafter-melnyck-leugnet-mitschuld-ukrainischer-nationalisten-massaker-polen-juden\/\">Botschafter Melnyk leugnet Mitschuld ukrainischer Nationalisten an Massaker an Polen und Juden<\/a><\/p>\n<\/div>\n<p><br \/>\n<br \/><a href=\"https:\/\/de.rt.com\/meinung\/145967-deutschen-zwinkerten-stalingrad-fantasien-herrn\/\">Source link <\/a><\/p>\n","protected":false},"excerpt":{"rendered":"<p>L\u00fcge und Wahrheit sind schwer voneinander zu trennen bei den S\u00e4tzen, die aus dem Munde des ukrainischen Chef-Propagandisten Arestowitsch stammen. Aber in manchen F\u00e4llen w\u00e4re es wichtig zu wissen, womit man es zu tun hat. Doch die Wahrheit interessiert in Deutschland nicht mehr. von Dagmar Henn L\u00fcgt er einfach? Oder steckt dahinter ein weiteres Ereignis, [&hellip;]<\/p>\n","protected":false},"author":3,"featured_media":16827,"comment_status":"open","ping_status":"open","sticky":false,"template":"","format":"standard","meta":{"wp_automatic_camp":["217"],"48b5a285126faf693fab599b551351b8":["&quot;Die Deutschen zwinkerten&quot;: Die Stalingrad-Fantasien des Herrn Arestowitsch"],"original_link":["https:\/\/de.rt.com\/meinung\/145967-deutschen-zwinkerten-stalingrad-fantasien-herrn\/"],"_thumbnail_id":["16827"],"_wptg_p2tg_sent2tg":["2022-08-12 19:37:42"],"jnews_social_counter_last_update":["1777186294"]},"categories":[19,23],"tags":[25756,583,577,45,30924,1933,30923,30922],"yoast_head":"<!-- This site is optimized with the Yoast SEO Premium plugin v22.7 (Yoast SEO v22.7) - https:\/\/yoast.com\/wordpress\/plugins\/seo\/ -->\n<title>&quot;Die Deutschen zwinkerten&quot;: Die Stalingrad-Fantasien des Herrn Arestowitsch - just-now.NEWS Deutschland<\/title>\n<meta name=\"robots\" content=\"index, follow, max-snippet:-1, max-image-preview:large, max-video-preview:-1\" \/>\n<link rel=\"canonical\" href=\"https:\/\/now-news.de\/de\/deutschland\/die-deutschen-zwinkerten-die-stalingrad-fantasien-des-herrn-arestowitsch\/\" \/>\n<meta property=\"og:locale\" content=\"de_DE\" \/>\n<meta property=\"og:type\" content=\"article\" \/>\n<meta property=\"og:title\" content=\"&quot;Die Deutschen zwinkerten&quot;: Die Stalingrad-Fantasien des Herrn Arestowitsch\" \/>\n<meta property=\"og:description\" content=\"L\u00fcge und Wahrheit sind schwer voneinander zu trennen bei den S\u00e4tzen, die aus dem Munde des ukrainischen Chef-Propagandisten Arestowitsch stammen. Aber in manchen F\u00e4llen w\u00e4re es wichtig zu wissen, womit man es zu tun hat. Doch die Wahrheit interessiert in Deutschland nicht mehr. von Dagmar Henn L\u00fcgt er einfach? Oder steckt dahinter ein weiteres Ereignis, [&hellip;]\" \/>\n<meta property=\"og:url\" content=\"https:\/\/now-news.de\/de\/deutschland\/die-deutschen-zwinkerten-die-stalingrad-fantasien-des-herrn-arestowitsch\/\" \/>\n<meta property=\"og:site_name\" content=\"just-now.NEWS Deutschland\" \/>\n<meta property=\"article:publisher\" content=\"https:\/\/www.facebook.com\/wirmachenauf\" \/>\n<meta property=\"article:published_time\" content=\"2022-08-12T17:05:03+00:00\" \/>\n<meta property=\"og:image\" content=\"https:\/\/now-news.de\/de\/wp-content\/uploads\/sites\/3\/2022\/08\/quotDie-Deutschen-zwinkertenquot-Die-Stalingrad-Fantasien-des-Herrn-Arestowitsch.jpg\" \/>\n\t<meta property=\"og:image:width\" content=\"460\" \/>\n\t<meta property=\"og:image:height\" content=\"259\" \/>\n\t<meta property=\"og:image:type\" content=\"image\/jpeg\" \/>\n<meta name=\"author\" content=\"rtnews\" \/>\n<meta name=\"twitter:card\" content=\"summary_large_image\" \/>\n<meta name=\"twitter:creator\" content=\"@WirMachenAuf_de\" \/>\n<meta name=\"twitter:site\" content=\"@WirMachenAuf_de\" \/>\n<meta name=\"twitter:label1\" content=\"Verfasst von\" \/>\n\t<meta name=\"twitter:data1\" content=\"rtnews\" \/>\n\t<meta name=\"twitter:label2\" content=\"Gesch\u00e4tzte Lesezeit\" \/>\n\t<meta name=\"twitter:data2\" content=\"6\u00a0Minuten\" \/>\n<script type=\"application\/ld+json\" class=\"yoast-schema-graph\">{\"@context\":\"https:\/\/schema.org\",\"@graph\":[{\"@type\":\"Article\",\"@id\":\"https:\/\/now-news.de\/de\/deutschland\/die-deutschen-zwinkerten-die-stalingrad-fantasien-des-herrn-arestowitsch\/#article\",\"isPartOf\":{\"@id\":\"https:\/\/now-news.de\/de\/deutschland\/die-deutschen-zwinkerten-die-stalingrad-fantasien-des-herrn-arestowitsch\/\"},\"author\":{\"name\":\"rtnews\",\"@id\":\"https:\/\/now-news.de\/de\/#\/schema\/person\/fb534a4e865501d8b3285208df34a9b5\"},\"headline\":\"&quot;Die Deutschen zwinkerten&quot;: Die Stalingrad-Fantasien des Herrn Arestowitsch\",\"datePublished\":\"2022-08-12T17:05:03+00:00\",\"dateModified\":\"2022-08-12T17:05:03+00:00\",\"mainEntityOfPage\":{\"@id\":\"https:\/\/now-news.de\/de\/deutschland\/die-deutschen-zwinkerten-die-stalingrad-fantasien-des-herrn-arestowitsch\/\"},\"wordCount\":1237,\"commentCount\":0,\"publisher\":{\"@id\":\"https:\/\/now-news.de\/de\/#organization\"},\"image\":{\"@id\":\"https:\/\/now-news.de\/de\/deutschland\/die-deutschen-zwinkerten-die-stalingrad-fantasien-des-herrn-arestowitsch\/#primaryimage\"},\"thumbnailUrl\":\"https:\/\/now-news.de\/de\/wp-content\/uploads\/sites\/3\/2022\/08\/quotDie-Deutschen-zwinkertenquot-Die-Stalingrad-Fantasien-des-Herrn-Arestowitsch.jpg\",\"keywords\":[\"Arestowitsch\",\"des\",\"Deutschen\",\"die\",\"Herrn\",\"quotDie\",\"StalingradFantasien\",\"zwinkertenquot\"],\"articleSection\":[\"Deutschland\",\"Russland\"],\"inLanguage\":\"de\",\"potentialAction\":[{\"@type\":\"CommentAction\",\"name\":\"Comment\",\"target\":[\"https:\/\/now-news.de\/de\/deutschland\/die-deutschen-zwinkerten-die-stalingrad-fantasien-des-herrn-arestowitsch\/#respond\"]}]},{\"@type\":\"WebPage\",\"@id\":\"https:\/\/now-news.de\/de\/deutschland\/die-deutschen-zwinkerten-die-stalingrad-fantasien-des-herrn-arestowitsch\/\",\"url\":\"https:\/\/now-news.de\/de\/deutschland\/die-deutschen-zwinkerten-die-stalingrad-fantasien-des-herrn-arestowitsch\/\",\"name\":\"&quot;Die Deutschen zwinkerten&quot;: Die Stalingrad-Fantasien des Herrn Arestowitsch - just-now.NEWS Deutschland\",\"isPartOf\":{\"@id\":\"https:\/\/now-news.de\/de\/#website\"},\"primaryImageOfPage\":{\"@id\":\"https:\/\/now-news.de\/de\/deutschland\/die-deutschen-zwinkerten-die-stalingrad-fantasien-des-herrn-arestowitsch\/#primaryimage\"},\"image\":{\"@id\":\"https:\/\/now-news.de\/de\/deutschland\/die-deutschen-zwinkerten-die-stalingrad-fantasien-des-herrn-arestowitsch\/#primaryimage\"},\"thumbnailUrl\":\"https:\/\/now-news.de\/de\/wp-content\/uploads\/sites\/3\/2022\/08\/quotDie-Deutschen-zwinkertenquot-Die-Stalingrad-Fantasien-des-Herrn-Arestowitsch.jpg\",\"datePublished\":\"2022-08-12T17:05:03+00:00\",\"dateModified\":\"2022-08-12T17:05:03+00:00\",\"breadcrumb\":{\"@id\":\"https:\/\/now-news.de\/de\/deutschland\/die-deutschen-zwinkerten-die-stalingrad-fantasien-des-herrn-arestowitsch\/#breadcrumb\"},\"inLanguage\":\"de\",\"potentialAction\":[{\"@type\":\"ReadAction\",\"target\":[\"https:\/\/now-news.de\/de\/deutschland\/die-deutschen-zwinkerten-die-stalingrad-fantasien-des-herrn-arestowitsch\/\"]}]},{\"@type\":\"ImageObject\",\"inLanguage\":\"de\",\"@id\":\"https:\/\/now-news.de\/de\/deutschland\/die-deutschen-zwinkerten-die-stalingrad-fantasien-des-herrn-arestowitsch\/#primaryimage\",\"url\":\"https:\/\/now-news.de\/de\/wp-content\/uploads\/sites\/3\/2022\/08\/quotDie-Deutschen-zwinkertenquot-Die-Stalingrad-Fantasien-des-Herrn-Arestowitsch.jpg\",\"contentUrl\":\"https:\/\/now-news.de\/de\/wp-content\/uploads\/sites\/3\/2022\/08\/quotDie-Deutschen-zwinkertenquot-Die-Stalingrad-Fantasien-des-Herrn-Arestowitsch.jpg\",\"width\":460,\"height\":259,\"caption\":\"&quot;Die Deutschen zwinkerten&quot;: Die Stalingrad-Fantasien des Herrn Arestowitsch\"},{\"@type\":\"BreadcrumbList\",\"@id\":\"https:\/\/now-news.de\/de\/deutschland\/die-deutschen-zwinkerten-die-stalingrad-fantasien-des-herrn-arestowitsch\/#breadcrumb\",\"itemListElement\":[{\"@type\":\"ListItem\",\"position\":1,\"name\":\"Home\",\"item\":\"https:\/\/now-news.de\/de\/\"},{\"@type\":\"ListItem\",\"position\":2,\"name\":\"&quot;Die Deutschen zwinkerten&quot;: Die Stalingrad-Fantasien des Herrn Arestowitsch\"}]},{\"@type\":\"WebSite\",\"@id\":\"https:\/\/now-news.de\/de\/#website\",\"url\":\"https:\/\/now-news.de\/de\/\",\"name\":\"just-now.NEWS Deutschland\",\"description\":\"Das Portal f\u00fcr unzensierte Nachrichten aus der Welt\",\"publisher\":{\"@id\":\"https:\/\/now-news.de\/de\/#organization\"},\"potentialAction\":[{\"@type\":\"SearchAction\",\"target\":{\"@type\":\"EntryPoint\",\"urlTemplate\":\"https:\/\/now-news.de\/de\/?s={search_term_string}\"},\"query-input\":\"required name=search_term_string\"}],\"inLanguage\":\"de\"},{\"@type\":\"Organization\",\"@id\":\"https:\/\/now-news.de\/de\/#organization\",\"name\":\"Just Now News\",\"url\":\"https:\/\/now-news.de\/de\/\",\"logo\":{\"@type\":\"ImageObject\",\"inLanguage\":\"de\",\"@id\":\"https:\/\/now-news.de\/de\/#\/schema\/logo\/image\/\",\"url\":\"http:\/\/just-now.news\/de\/wp-content\/uploads\/sites\/3\/2022\/04\/logo500x500.jpg\",\"contentUrl\":\"http:\/\/just-now.news\/de\/wp-content\/uploads\/sites\/3\/2022\/04\/logo500x500.jpg\",\"width\":500,\"height\":500,\"caption\":\"Just Now News\"},\"image\":{\"@id\":\"https:\/\/now-news.de\/de\/#\/schema\/logo\/image\/\"},\"sameAs\":[\"https:\/\/www.facebook.com\/wirmachenauf\",\"https:\/\/x.com\/WirMachenAuf_de\"]},{\"@type\":\"Person\",\"@id\":\"https:\/\/now-news.de\/de\/#\/schema\/person\/fb534a4e865501d8b3285208df34a9b5\",\"name\":\"rtnews\",\"image\":{\"@type\":\"ImageObject\",\"inLanguage\":\"de\",\"@id\":\"https:\/\/now-news.de\/de\/#\/schema\/person\/image\/\",\"url\":\"https:\/\/secure.gravatar.com\/avatar\/82aafea7d8127119dd649515f56e2117?s=96&d=mm&r=g\",\"contentUrl\":\"https:\/\/secure.gravatar.com\/avatar\/82aafea7d8127119dd649515f56e2117?s=96&d=mm&r=g\",\"caption\":\"rtnews\"},\"url\":\"https:\/\/now-news.de\/de\/author\/rnews\/\"}]}<\/script>\n<!-- \/ Yoast SEO Premium plugin. -->","yoast_head_json":{"title":"&quot;Die Deutschen zwinkerten&quot;: Die Stalingrad-Fantasien des Herrn Arestowitsch - just-now.NEWS Deutschland","robots":{"index":"index","follow":"follow","max-snippet":"max-snippet:-1","max-image-preview":"max-image-preview:large","max-video-preview":"max-video-preview:-1"},"canonical":"https:\/\/now-news.de\/de\/deutschland\/die-deutschen-zwinkerten-die-stalingrad-fantasien-des-herrn-arestowitsch\/","og_locale":"de_DE","og_type":"article","og_title":"&quot;Die Deutschen zwinkerten&quot;: Die Stalingrad-Fantasien des Herrn Arestowitsch","og_description":"L\u00fcge und Wahrheit sind schwer voneinander zu trennen bei den S\u00e4tzen, die aus dem Munde des ukrainischen Chef-Propagandisten Arestowitsch stammen. Aber in manchen F\u00e4llen w\u00e4re es wichtig zu wissen, womit man es zu tun hat. Doch die Wahrheit interessiert in Deutschland nicht mehr. von Dagmar Henn L\u00fcgt er einfach? Oder steckt dahinter ein weiteres Ereignis, [&hellip;]","og_url":"https:\/\/now-news.de\/de\/deutschland\/die-deutschen-zwinkerten-die-stalingrad-fantasien-des-herrn-arestowitsch\/","og_site_name":"just-now.NEWS Deutschland","article_publisher":"https:\/\/www.facebook.com\/wirmachenauf","article_published_time":"2022-08-12T17:05:03+00:00","og_image":[{"width":460,"height":259,"url":"https:\/\/now-news.de\/de\/wp-content\/uploads\/sites\/3\/2022\/08\/quotDie-Deutschen-zwinkertenquot-Die-Stalingrad-Fantasien-des-Herrn-Arestowitsch.jpg","type":"image\/jpeg"}],"author":"rtnews","twitter_card":"summary_large_image","twitter_creator":"@WirMachenAuf_de","twitter_site":"@WirMachenAuf_de","twitter_misc":{"Verfasst von":"rtnews","Gesch\u00e4tzte Lesezeit":"6\u00a0Minuten"},"schema":{"@context":"https:\/\/schema.org","@graph":[{"@type":"Article","@id":"https:\/\/now-news.de\/de\/deutschland\/die-deutschen-zwinkerten-die-stalingrad-fantasien-des-herrn-arestowitsch\/#article","isPartOf":{"@id":"https:\/\/now-news.de\/de\/deutschland\/die-deutschen-zwinkerten-die-stalingrad-fantasien-des-herrn-arestowitsch\/"},"author":{"name":"rtnews","@id":"https:\/\/now-news.de\/de\/#\/schema\/person\/fb534a4e865501d8b3285208df34a9b5"},"headline":"&quot;Die Deutschen zwinkerten&quot;: Die Stalingrad-Fantasien des Herrn Arestowitsch","datePublished":"2022-08-12T17:05:03+00:00","dateModified":"2022-08-12T17:05:03+00:00","mainEntityOfPage":{"@id":"https:\/\/now-news.de\/de\/deutschland\/die-deutschen-zwinkerten-die-stalingrad-fantasien-des-herrn-arestowitsch\/"},"wordCount":1237,"commentCount":0,"publisher":{"@id":"https:\/\/now-news.de\/de\/#organization"},"image":{"@id":"https:\/\/now-news.de\/de\/deutschland\/die-deutschen-zwinkerten-die-stalingrad-fantasien-des-herrn-arestowitsch\/#primaryimage"},"thumbnailUrl":"https:\/\/now-news.de\/de\/wp-content\/uploads\/sites\/3\/2022\/08\/quotDie-Deutschen-zwinkertenquot-Die-Stalingrad-Fantasien-des-Herrn-Arestowitsch.jpg","keywords":["Arestowitsch","des","Deutschen","die","Herrn","quotDie","StalingradFantasien","zwinkertenquot"],"articleSection":["Deutschland","Russland"],"inLanguage":"de","potentialAction":[{"@type":"CommentAction","name":"Comment","target":["https:\/\/now-news.de\/de\/deutschland\/die-deutschen-zwinkerten-die-stalingrad-fantasien-des-herrn-arestowitsch\/#respond"]}]},{"@type":"WebPage","@id":"https:\/\/now-news.de\/de\/deutschland\/die-deutschen-zwinkerten-die-stalingrad-fantasien-des-herrn-arestowitsch\/","url":"https:\/\/now-news.de\/de\/deutschland\/die-deutschen-zwinkerten-die-stalingrad-fantasien-des-herrn-arestowitsch\/","name":"&quot;Die Deutschen zwinkerten&quot;: Die Stalingrad-Fantasien des Herrn Arestowitsch - just-now.NEWS Deutschland","isPartOf":{"@id":"https:\/\/now-news.de\/de\/#website"},"primaryImageOfPage":{"@id":"https:\/\/now-news.de\/de\/deutschland\/die-deutschen-zwinkerten-die-stalingrad-fantasien-des-herrn-arestowitsch\/#primaryimage"},"image":{"@id":"https:\/\/now-news.de\/de\/deutschland\/die-deutschen-zwinkerten-die-stalingrad-fantasien-des-herrn-arestowitsch\/#primaryimage"},"thumbnailUrl":"https:\/\/now-news.de\/de\/wp-content\/uploads\/sites\/3\/2022\/08\/quotDie-Deutschen-zwinkertenquot-Die-Stalingrad-Fantasien-des-Herrn-Arestowitsch.jpg","datePublished":"2022-08-12T17:05:03+00:00","dateModified":"2022-08-12T17:05:03+00:00","breadcrumb":{"@id":"https:\/\/now-news.de\/de\/deutschland\/die-deutschen-zwinkerten-die-stalingrad-fantasien-des-herrn-arestowitsch\/#breadcrumb"},"inLanguage":"de","potentialAction":[{"@type":"ReadAction","target":["https:\/\/now-news.de\/de\/deutschland\/die-deutschen-zwinkerten-die-stalingrad-fantasien-des-herrn-arestowitsch\/"]}]},{"@type":"ImageObject","inLanguage":"de","@id":"https:\/\/now-news.de\/de\/deutschland\/die-deutschen-zwinkerten-die-stalingrad-fantasien-des-herrn-arestowitsch\/#primaryimage","url":"https:\/\/now-news.de\/de\/wp-content\/uploads\/sites\/3\/2022\/08\/quotDie-Deutschen-zwinkertenquot-Die-Stalingrad-Fantasien-des-Herrn-Arestowitsch.jpg","contentUrl":"https:\/\/now-news.de\/de\/wp-content\/uploads\/sites\/3\/2022\/08\/quotDie-Deutschen-zwinkertenquot-Die-Stalingrad-Fantasien-des-Herrn-Arestowitsch.jpg","width":460,"height":259,"caption":"&quot;Die Deutschen zwinkerten&quot;: Die Stalingrad-Fantasien des Herrn Arestowitsch"},{"@type":"BreadcrumbList","@id":"https:\/\/now-news.de\/de\/deutschland\/die-deutschen-zwinkerten-die-stalingrad-fantasien-des-herrn-arestowitsch\/#breadcrumb","itemListElement":[{"@type":"ListItem","position":1,"name":"Home","item":"https:\/\/now-news.de\/de\/"},{"@type":"ListItem","position":2,"name":"&quot;Die Deutschen zwinkerten&quot;: Die Stalingrad-Fantasien des Herrn Arestowitsch"}]},{"@type":"WebSite","@id":"https:\/\/now-news.de\/de\/#website","url":"https:\/\/now-news.de\/de\/","name":"just-now.NEWS Deutschland","description":"Das Portal f\u00fcr unzensierte Nachrichten aus der Welt","publisher":{"@id":"https:\/\/now-news.de\/de\/#organization"},"potentialAction":[{"@type":"SearchAction","target":{"@type":"EntryPoint","urlTemplate":"https:\/\/now-news.de\/de\/?s={search_term_string}"},"query-input":"required name=search_term_string"}],"inLanguage":"de"},{"@type":"Organization","@id":"https:\/\/now-news.de\/de\/#organization","name":"Just Now News","url":"https:\/\/now-news.de\/de\/","logo":{"@type":"ImageObject","inLanguage":"de","@id":"https:\/\/now-news.de\/de\/#\/schema\/logo\/image\/","url":"http:\/\/just-now.news\/de\/wp-content\/uploads\/sites\/3\/2022\/04\/logo500x500.jpg","contentUrl":"http:\/\/just-now.news\/de\/wp-content\/uploads\/sites\/3\/2022\/04\/logo500x500.jpg","width":500,"height":500,"caption":"Just Now News"},"image":{"@id":"https:\/\/now-news.de\/de\/#\/schema\/logo\/image\/"},"sameAs":["https:\/\/www.facebook.com\/wirmachenauf","https:\/\/x.com\/WirMachenAuf_de"]},{"@type":"Person","@id":"https:\/\/now-news.de\/de\/#\/schema\/person\/fb534a4e865501d8b3285208df34a9b5","name":"rtnews","image":{"@type":"ImageObject","inLanguage":"de","@id":"https:\/\/now-news.de\/de\/#\/schema\/person\/image\/","url":"https:\/\/secure.gravatar.com\/avatar\/82aafea7d8127119dd649515f56e2117?s=96&d=mm&r=g","contentUrl":"https:\/\/secure.gravatar.com\/avatar\/82aafea7d8127119dd649515f56e2117?s=96&d=mm&r=g","caption":"rtnews"},"url":"https:\/\/now-news.de\/de\/author\/rnews\/"}]}},"_links":{"self":[{"href":"https:\/\/now-news.de\/de\/wp-json\/wp\/v2\/posts\/16826"}],"collection":[{"href":"https:\/\/now-news.de\/de\/wp-json\/wp\/v2\/posts"}],"about":[{"href":"https:\/\/now-news.de\/de\/wp-json\/wp\/v2\/types\/post"}],"author":[{"embeddable":true,"href":"https:\/\/now-news.de\/de\/wp-json\/wp\/v2\/users\/3"}],"replies":[{"embeddable":true,"href":"https:\/\/now-news.de\/de\/wp-json\/wp\/v2\/comments?post=16826"}],"version-history":[{"count":0,"href":"https:\/\/now-news.de\/de\/wp-json\/wp\/v2\/posts\/16826\/revisions"}],"wp:featuredmedia":[{"embeddable":true,"href":"https:\/\/now-news.de\/de\/wp-json\/wp\/v2\/media\/16827"}],"wp:attachment":[{"href":"https:\/\/now-news.de\/de\/wp-json\/wp\/v2\/media?parent=16826"}],"wp:term":[{"taxonomy":"category","embeddable":true,"href":"https:\/\/now-news.de\/de\/wp-json\/wp\/v2\/categories?post=16826"},{"taxonomy":"post_tag","embeddable":true,"href":"https:\/\/now-news.de\/de\/wp-json\/wp\/v2\/tags?post=16826"}],"curies":[{"name":"wp","href":"https:\/\/api.w.org\/{rel}","templated":true}]}}