{"id":16824,"date":"2022-08-12T19:17:52","date_gmt":"2022-08-12T17:17:52","guid":{"rendered":"http:\/\/just-now.news\/de\/deutschland\/impfen-nach-dem-iphone-prinzip\/"},"modified":"2022-08-12T19:17:52","modified_gmt":"2022-08-12T17:17:52","slug":"impfen-nach-dem-iphone-prinzip","status":"publish","type":"post","link":"https:\/\/now-news.de\/de\/deutschland\/impfen-nach-dem-iphone-prinzip\/","title":{"rendered":"Impfen nach dem &quot;iPhone-Prinzip&quot;?"},"content":{"rendered":"<p><img decoding=\"async\" src=\"http:\/\/just-now.news\/de\/wp-content\/uploads\/sites\/3\/2022\/08\/62f661e448fbef3b80776dbc.jpg\" \/><\/p>\n<p>Moderna plant einen Kombi-Impfstoff, der jedes Jahr aktualisiert gegen die wichtigsten, saisonalen Viruserkrankungen sch\u00fctzen soll. Das sagt der Franzose <a rel=\"nofollow noopener\" target=\"_blank\" href=\"https:\/\/de.wikipedia.org\/wiki\/St%C3%A9phane_Bancel\">St\u00e9phane Bancel<\/a>, CEO und Miteigent\u00fcmer des Pharma-Konzerns, in einem Interview mit <em><a rel=\"nofollow noopener\" target=\"_blank\" href=\"https:\/\/edition.cnn.com\/2022\/08\/11\/business\/moderna-covid-vaccines-annual-booster-intl-hnk\/index.html\">CNN Business<\/a>. <\/em>Dabei\u00a0greift er zur Erkl\u00e4rung seiner Idee auf das iPhone zur\u00fcck. Viele Nutzer w\u00fcrden sich immer im September, wenn das neue Modell auf den Markt kommt, ein neues iPhone zulegen, das dann mit aktualisierten Apps ausgestattet und technisch auf dem neuesten Stand sei.<\/p>\n<p>Analog dazu stellt er sich die Zukunft seiner Impfstoff-Pr\u00e4parate vor. Einmal im Jahr v\u00f6llig \u00fcberarbeitet soll es dann Schutz vor den wichtigsten durch Viren verursachten Erkrankungen der oberen Atemwege bieten. Mit nur einem einzigen j\u00e4hrlichen Booster k\u00e4me dann jeder Geimpfte sicher durch die Viren-Saison, so sein Versprechen. Den Zeitraum f\u00fcr die Entwicklung eines derartigen Universalpr\u00e4parats sch\u00e4tzt er auf drei bis f\u00fcnf Jahre.\u00a0<\/p>\n<p><strong>Impfentscheidung auf Grundlage des eigenen Risikoprofils<\/strong><\/p>\n<p>Er betont, die Menschen k\u00f6nnten durch die Kenntnis ihres eigenen Risikoprofils absch\u00e4tzen, ob sie sich impfen lassen sollten. Wenn sie sich f\u00fcr eine Impfung entscheiden, m\u00fcssten sie diese nur einmal im Jahr auffrischen lassen. Bancel ist zudem zuversichtlich, dass die COVID-19-Pandemie zum Ende dieses Jahres ausklingt. Das Virus sei dann zwar nicht verschwunden, aber es seien dann zahlreiche pharmazeutische &#8220;Werkzeuge&#8221; vorhanden, so dass jeder f\u00fcr sich selbst entscheiden k\u00f6nne. Er geht davon aus, dass sich viele f\u00fcr ein Leben mit dem Virus entscheiden werden, etwa so, wie wir jetzt mit Erk\u00e4ltungen leben.\u00a0<\/p>\n<p><strong>Aktie ist eingebrochen<\/strong><\/p>\n<p>Moderna verdiente bisher bereits mit seinem COVID-Impfstoff Milliarden US-Dollar. Zuletzt war der Aktienkurs jedoch eingebrochen, da f\u00fcr das <a rel=\"nofollow noopener\" target=\"_blank\" href=\"https:\/\/de.wikipedia.org\/wiki\/COVAX\">Impfprogramm COVAX<\/a> der WHO, das vor allem \u00e4rmere L\u00e4nder mit Impfstoff versorgen wollte, Bestellungen storniert wurden.\u00a0Dessen ungeachtet hat der Pharmaproduzent nach eigenen Aussagen aktuell vierzig weitere Produkte in der Entwicklung. Das Unternehmen plant l\u00e4ngst f\u00fcr die Zeit nach COVID, sagte Bancel.\u00a0In der Entwicklung seien unter anderem individuell ma\u00dfgeschneiderte Medikamente gegen Krebs.<\/p>\n<p><strong>Mehr zum Thema <\/strong>\u2013 <a rel=\"nofollow noopener\" target=\"_blank\" href=\"https:\/\/de.rt.com\/inland\/145896-wissenschaftler-stellen-fragen-zur-impfstoff\/\">Wissenschaftler stellen Fragen zur Impfstoff-Qualit\u00e4t: PEI kommt seinem Auftrag nicht nach<\/a><\/p>\n<p><br \/>\n<br \/><a href=\"https:\/\/de.rt.com\/gesellschaft\/145982-impfen-nach-iphone-prinzip\/\">Source link <\/a><\/p>\n","protected":false},"excerpt":{"rendered":"<p>Moderna plant einen Kombi-Impfstoff, der jedes Jahr aktualisiert gegen die wichtigsten, saisonalen Viruserkrankungen sch\u00fctzen soll. Das sagt der Franzose St\u00e9phane Bancel, CEO und Miteigent\u00fcmer des Pharma-Konzerns, in einem Interview mit CNN Business. Dabei\u00a0greift er zur Erkl\u00e4rung seiner Idee auf das iPhone zur\u00fcck. Viele Nutzer w\u00fcrden sich immer im September, wenn das neue Modell auf den [&hellip;]<\/p>\n","protected":false},"author":3,"featured_media":16825,"comment_status":"open","ping_status":"open","sticky":false,"template":"","format":"standard","meta":{"wp_automatic_camp":["217"],"706fd756525e162982a74e597c2516a6":["Impfen nach dem &quot;iPhone-Prinzip&quot;?"],"original_link":["https:\/\/de.rt.com\/gesellschaft\/145982-impfen-nach-iphone-prinzip\/"],"_thumbnail_id":["16825"],"_wptg_p2tg_sent2tg":["2022-08-12 19:21:44"],"jnews_social_counter_last_update":["1777412795"]},"categories":[19,23],"tags":[134,3339,979,30921],"yoast_head":"<!-- This site is optimized with the Yoast SEO Premium plugin v22.7 (Yoast SEO v22.7) - https:\/\/yoast.com\/wordpress\/plugins\/seo\/ -->\n<title>Impfen nach dem &quot;iPhone-Prinzip&quot;? - just-now.NEWS Deutschland<\/title>\n<meta name=\"robots\" content=\"index, follow, max-snippet:-1, max-image-preview:large, max-video-preview:-1\" \/>\n<link rel=\"canonical\" href=\"https:\/\/now-news.de\/de\/deutschland\/impfen-nach-dem-iphone-prinzip\/\" \/>\n<meta property=\"og:locale\" content=\"de_DE\" \/>\n<meta property=\"og:type\" content=\"article\" \/>\n<meta property=\"og:title\" content=\"Impfen nach dem &quot;iPhone-Prinzip&quot;?\" \/>\n<meta property=\"og:description\" content=\"Moderna plant einen Kombi-Impfstoff, der jedes Jahr aktualisiert gegen die wichtigsten, saisonalen Viruserkrankungen sch\u00fctzen soll. Das sagt der Franzose St\u00e9phane Bancel, CEO und Miteigent\u00fcmer des Pharma-Konzerns, in einem Interview mit CNN Business. Dabei\u00a0greift er zur Erkl\u00e4rung seiner Idee auf das iPhone zur\u00fcck. Viele Nutzer w\u00fcrden sich immer im September, wenn das neue Modell auf den [&hellip;]\" \/>\n<meta property=\"og:url\" content=\"https:\/\/now-news.de\/de\/deutschland\/impfen-nach-dem-iphone-prinzip\/\" \/>\n<meta property=\"og:site_name\" content=\"just-now.NEWS Deutschland\" \/>\n<meta property=\"article:publisher\" content=\"https:\/\/www.facebook.com\/wirmachenauf\" \/>\n<meta property=\"article:published_time\" content=\"2022-08-12T17:17:52+00:00\" \/>\n<meta property=\"og:image\" content=\"https:\/\/now-news.de\/de\/wp-content\/uploads\/sites\/3\/2022\/08\/Impfen-nach-dem-quotiPhone-Prinzipquot.jpg\" \/>\n\t<meta property=\"og:image:width\" content=\"460\" \/>\n\t<meta property=\"og:image:height\" content=\"259\" \/>\n\t<meta property=\"og:image:type\" content=\"image\/jpeg\" \/>\n<meta name=\"author\" content=\"rtnews\" \/>\n<meta name=\"twitter:card\" content=\"summary_large_image\" \/>\n<meta name=\"twitter:creator\" content=\"@WirMachenAuf_de\" \/>\n<meta name=\"twitter:site\" content=\"@WirMachenAuf_de\" \/>\n<meta name=\"twitter:label1\" content=\"Verfasst von\" \/>\n\t<meta name=\"twitter:data1\" content=\"rtnews\" \/>\n\t<meta name=\"twitter:label2\" content=\"Gesch\u00e4tzte Lesezeit\" \/>\n\t<meta name=\"twitter:data2\" content=\"2\u00a0Minuten\" \/>\n<script type=\"application\/ld+json\" class=\"yoast-schema-graph\">{\"@context\":\"https:\/\/schema.org\",\"@graph\":[{\"@type\":\"Article\",\"@id\":\"https:\/\/now-news.de\/de\/deutschland\/impfen-nach-dem-iphone-prinzip\/#article\",\"isPartOf\":{\"@id\":\"https:\/\/now-news.de\/de\/deutschland\/impfen-nach-dem-iphone-prinzip\/\"},\"author\":{\"name\":\"rtnews\",\"@id\":\"https:\/\/now-news.de\/de\/#\/schema\/person\/fb534a4e865501d8b3285208df34a9b5\"},\"headline\":\"Impfen nach dem &quot;iPhone-Prinzip&quot;?\",\"datePublished\":\"2022-08-12T17:17:52+00:00\",\"dateModified\":\"2022-08-12T17:17:52+00:00\",\"mainEntityOfPage\":{\"@id\":\"https:\/\/now-news.de\/de\/deutschland\/impfen-nach-dem-iphone-prinzip\/\"},\"wordCount\":361,\"commentCount\":0,\"publisher\":{\"@id\":\"https:\/\/now-news.de\/de\/#organization\"},\"image\":{\"@id\":\"https:\/\/now-news.de\/de\/deutschland\/impfen-nach-dem-iphone-prinzip\/#primaryimage\"},\"thumbnailUrl\":\"https:\/\/now-news.de\/de\/wp-content\/uploads\/sites\/3\/2022\/08\/Impfen-nach-dem-quotiPhone-Prinzipquot.jpg\",\"keywords\":[\"DEM\",\"impfen\",\"nach\",\"quotiPhonePrinzipquot\"],\"articleSection\":[\"Deutschland\",\"Russland\"],\"inLanguage\":\"de\",\"potentialAction\":[{\"@type\":\"CommentAction\",\"name\":\"Comment\",\"target\":[\"https:\/\/now-news.de\/de\/deutschland\/impfen-nach-dem-iphone-prinzip\/#respond\"]}]},{\"@type\":\"WebPage\",\"@id\":\"https:\/\/now-news.de\/de\/deutschland\/impfen-nach-dem-iphone-prinzip\/\",\"url\":\"https:\/\/now-news.de\/de\/deutschland\/impfen-nach-dem-iphone-prinzip\/\",\"name\":\"Impfen nach dem &quot;iPhone-Prinzip&quot;? - just-now.NEWS Deutschland\",\"isPartOf\":{\"@id\":\"https:\/\/now-news.de\/de\/#website\"},\"primaryImageOfPage\":{\"@id\":\"https:\/\/now-news.de\/de\/deutschland\/impfen-nach-dem-iphone-prinzip\/#primaryimage\"},\"image\":{\"@id\":\"https:\/\/now-news.de\/de\/deutschland\/impfen-nach-dem-iphone-prinzip\/#primaryimage\"},\"thumbnailUrl\":\"https:\/\/now-news.de\/de\/wp-content\/uploads\/sites\/3\/2022\/08\/Impfen-nach-dem-quotiPhone-Prinzipquot.jpg\",\"datePublished\":\"2022-08-12T17:17:52+00:00\",\"dateModified\":\"2022-08-12T17:17:52+00:00\",\"breadcrumb\":{\"@id\":\"https:\/\/now-news.de\/de\/deutschland\/impfen-nach-dem-iphone-prinzip\/#breadcrumb\"},\"inLanguage\":\"de\",\"potentialAction\":[{\"@type\":\"ReadAction\",\"target\":[\"https:\/\/now-news.de\/de\/deutschland\/impfen-nach-dem-iphone-prinzip\/\"]}]},{\"@type\":\"ImageObject\",\"inLanguage\":\"de\",\"@id\":\"https:\/\/now-news.de\/de\/deutschland\/impfen-nach-dem-iphone-prinzip\/#primaryimage\",\"url\":\"https:\/\/now-news.de\/de\/wp-content\/uploads\/sites\/3\/2022\/08\/Impfen-nach-dem-quotiPhone-Prinzipquot.jpg\",\"contentUrl\":\"https:\/\/now-news.de\/de\/wp-content\/uploads\/sites\/3\/2022\/08\/Impfen-nach-dem-quotiPhone-Prinzipquot.jpg\",\"width\":460,\"height\":259,\"caption\":\"Impfen nach dem &quot;iPhone-Prinzip&quot;?\"},{\"@type\":\"BreadcrumbList\",\"@id\":\"https:\/\/now-news.de\/de\/deutschland\/impfen-nach-dem-iphone-prinzip\/#breadcrumb\",\"itemListElement\":[{\"@type\":\"ListItem\",\"position\":1,\"name\":\"Home\",\"item\":\"https:\/\/now-news.de\/de\/\"},{\"@type\":\"ListItem\",\"position\":2,\"name\":\"Impfen nach dem &quot;iPhone-Prinzip&quot;?\"}]},{\"@type\":\"WebSite\",\"@id\":\"https:\/\/now-news.de\/de\/#website\",\"url\":\"https:\/\/now-news.de\/de\/\",\"name\":\"just-now.NEWS Deutschland\",\"description\":\"Das Portal f\u00fcr unzensierte Nachrichten aus der Welt\",\"publisher\":{\"@id\":\"https:\/\/now-news.de\/de\/#organization\"},\"potentialAction\":[{\"@type\":\"SearchAction\",\"target\":{\"@type\":\"EntryPoint\",\"urlTemplate\":\"https:\/\/now-news.de\/de\/?s={search_term_string}\"},\"query-input\":\"required name=search_term_string\"}],\"inLanguage\":\"de\"},{\"@type\":\"Organization\",\"@id\":\"https:\/\/now-news.de\/de\/#organization\",\"name\":\"Just Now News\",\"url\":\"https:\/\/now-news.de\/de\/\",\"logo\":{\"@type\":\"ImageObject\",\"inLanguage\":\"de\",\"@id\":\"https:\/\/now-news.de\/de\/#\/schema\/logo\/image\/\",\"url\":\"http:\/\/just-now.news\/de\/wp-content\/uploads\/sites\/3\/2022\/04\/logo500x500.jpg\",\"contentUrl\":\"http:\/\/just-now.news\/de\/wp-content\/uploads\/sites\/3\/2022\/04\/logo500x500.jpg\",\"width\":500,\"height\":500,\"caption\":\"Just Now News\"},\"image\":{\"@id\":\"https:\/\/now-news.de\/de\/#\/schema\/logo\/image\/\"},\"sameAs\":[\"https:\/\/www.facebook.com\/wirmachenauf\",\"https:\/\/x.com\/WirMachenAuf_de\"]},{\"@type\":\"Person\",\"@id\":\"https:\/\/now-news.de\/de\/#\/schema\/person\/fb534a4e865501d8b3285208df34a9b5\",\"name\":\"rtnews\",\"image\":{\"@type\":\"ImageObject\",\"inLanguage\":\"de\",\"@id\":\"https:\/\/now-news.de\/de\/#\/schema\/person\/image\/\",\"url\":\"https:\/\/secure.gravatar.com\/avatar\/82aafea7d8127119dd649515f56e2117?s=96&d=mm&r=g\",\"contentUrl\":\"https:\/\/secure.gravatar.com\/avatar\/82aafea7d8127119dd649515f56e2117?s=96&d=mm&r=g\",\"caption\":\"rtnews\"},\"url\":\"https:\/\/now-news.de\/de\/author\/rnews\/\"}]}<\/script>\n<!-- \/ Yoast SEO Premium plugin. -->","yoast_head_json":{"title":"Impfen nach dem &quot;iPhone-Prinzip&quot;? - just-now.NEWS Deutschland","robots":{"index":"index","follow":"follow","max-snippet":"max-snippet:-1","max-image-preview":"max-image-preview:large","max-video-preview":"max-video-preview:-1"},"canonical":"https:\/\/now-news.de\/de\/deutschland\/impfen-nach-dem-iphone-prinzip\/","og_locale":"de_DE","og_type":"article","og_title":"Impfen nach dem &quot;iPhone-Prinzip&quot;?","og_description":"Moderna plant einen Kombi-Impfstoff, der jedes Jahr aktualisiert gegen die wichtigsten, saisonalen Viruserkrankungen sch\u00fctzen soll. Das sagt der Franzose St\u00e9phane Bancel, CEO und Miteigent\u00fcmer des Pharma-Konzerns, in einem Interview mit CNN Business. Dabei\u00a0greift er zur Erkl\u00e4rung seiner Idee auf das iPhone zur\u00fcck. Viele Nutzer w\u00fcrden sich immer im September, wenn das neue Modell auf den [&hellip;]","og_url":"https:\/\/now-news.de\/de\/deutschland\/impfen-nach-dem-iphone-prinzip\/","og_site_name":"just-now.NEWS Deutschland","article_publisher":"https:\/\/www.facebook.com\/wirmachenauf","article_published_time":"2022-08-12T17:17:52+00:00","og_image":[{"width":460,"height":259,"url":"https:\/\/now-news.de\/de\/wp-content\/uploads\/sites\/3\/2022\/08\/Impfen-nach-dem-quotiPhone-Prinzipquot.jpg","type":"image\/jpeg"}],"author":"rtnews","twitter_card":"summary_large_image","twitter_creator":"@WirMachenAuf_de","twitter_site":"@WirMachenAuf_de","twitter_misc":{"Verfasst von":"rtnews","Gesch\u00e4tzte Lesezeit":"2\u00a0Minuten"},"schema":{"@context":"https:\/\/schema.org","@graph":[{"@type":"Article","@id":"https:\/\/now-news.de\/de\/deutschland\/impfen-nach-dem-iphone-prinzip\/#article","isPartOf":{"@id":"https:\/\/now-news.de\/de\/deutschland\/impfen-nach-dem-iphone-prinzip\/"},"author":{"name":"rtnews","@id":"https:\/\/now-news.de\/de\/#\/schema\/person\/fb534a4e865501d8b3285208df34a9b5"},"headline":"Impfen nach dem &quot;iPhone-Prinzip&quot;?","datePublished":"2022-08-12T17:17:52+00:00","dateModified":"2022-08-12T17:17:52+00:00","mainEntityOfPage":{"@id":"https:\/\/now-news.de\/de\/deutschland\/impfen-nach-dem-iphone-prinzip\/"},"wordCount":361,"commentCount":0,"publisher":{"@id":"https:\/\/now-news.de\/de\/#organization"},"image":{"@id":"https:\/\/now-news.de\/de\/deutschland\/impfen-nach-dem-iphone-prinzip\/#primaryimage"},"thumbnailUrl":"https:\/\/now-news.de\/de\/wp-content\/uploads\/sites\/3\/2022\/08\/Impfen-nach-dem-quotiPhone-Prinzipquot.jpg","keywords":["DEM","impfen","nach","quotiPhonePrinzipquot"],"articleSection":["Deutschland","Russland"],"inLanguage":"de","potentialAction":[{"@type":"CommentAction","name":"Comment","target":["https:\/\/now-news.de\/de\/deutschland\/impfen-nach-dem-iphone-prinzip\/#respond"]}]},{"@type":"WebPage","@id":"https:\/\/now-news.de\/de\/deutschland\/impfen-nach-dem-iphone-prinzip\/","url":"https:\/\/now-news.de\/de\/deutschland\/impfen-nach-dem-iphone-prinzip\/","name":"Impfen nach dem &quot;iPhone-Prinzip&quot;? - just-now.NEWS Deutschland","isPartOf":{"@id":"https:\/\/now-news.de\/de\/#website"},"primaryImageOfPage":{"@id":"https:\/\/now-news.de\/de\/deutschland\/impfen-nach-dem-iphone-prinzip\/#primaryimage"},"image":{"@id":"https:\/\/now-news.de\/de\/deutschland\/impfen-nach-dem-iphone-prinzip\/#primaryimage"},"thumbnailUrl":"https:\/\/now-news.de\/de\/wp-content\/uploads\/sites\/3\/2022\/08\/Impfen-nach-dem-quotiPhone-Prinzipquot.jpg","datePublished":"2022-08-12T17:17:52+00:00","dateModified":"2022-08-12T17:17:52+00:00","breadcrumb":{"@id":"https:\/\/now-news.de\/de\/deutschland\/impfen-nach-dem-iphone-prinzip\/#breadcrumb"},"inLanguage":"de","potentialAction":[{"@type":"ReadAction","target":["https:\/\/now-news.de\/de\/deutschland\/impfen-nach-dem-iphone-prinzip\/"]}]},{"@type":"ImageObject","inLanguage":"de","@id":"https:\/\/now-news.de\/de\/deutschland\/impfen-nach-dem-iphone-prinzip\/#primaryimage","url":"https:\/\/now-news.de\/de\/wp-content\/uploads\/sites\/3\/2022\/08\/Impfen-nach-dem-quotiPhone-Prinzipquot.jpg","contentUrl":"https:\/\/now-news.de\/de\/wp-content\/uploads\/sites\/3\/2022\/08\/Impfen-nach-dem-quotiPhone-Prinzipquot.jpg","width":460,"height":259,"caption":"Impfen nach dem &quot;iPhone-Prinzip&quot;?"},{"@type":"BreadcrumbList","@id":"https:\/\/now-news.de\/de\/deutschland\/impfen-nach-dem-iphone-prinzip\/#breadcrumb","itemListElement":[{"@type":"ListItem","position":1,"name":"Home","item":"https:\/\/now-news.de\/de\/"},{"@type":"ListItem","position":2,"name":"Impfen nach dem &quot;iPhone-Prinzip&quot;?"}]},{"@type":"WebSite","@id":"https:\/\/now-news.de\/de\/#website","url":"https:\/\/now-news.de\/de\/","name":"just-now.NEWS Deutschland","description":"Das Portal f\u00fcr unzensierte Nachrichten aus der Welt","publisher":{"@id":"https:\/\/now-news.de\/de\/#organization"},"potentialAction":[{"@type":"SearchAction","target":{"@type":"EntryPoint","urlTemplate":"https:\/\/now-news.de\/de\/?s={search_term_string}"},"query-input":"required name=search_term_string"}],"inLanguage":"de"},{"@type":"Organization","@id":"https:\/\/now-news.de\/de\/#organization","name":"Just Now News","url":"https:\/\/now-news.de\/de\/","logo":{"@type":"ImageObject","inLanguage":"de","@id":"https:\/\/now-news.de\/de\/#\/schema\/logo\/image\/","url":"http:\/\/just-now.news\/de\/wp-content\/uploads\/sites\/3\/2022\/04\/logo500x500.jpg","contentUrl":"http:\/\/just-now.news\/de\/wp-content\/uploads\/sites\/3\/2022\/04\/logo500x500.jpg","width":500,"height":500,"caption":"Just Now News"},"image":{"@id":"https:\/\/now-news.de\/de\/#\/schema\/logo\/image\/"},"sameAs":["https:\/\/www.facebook.com\/wirmachenauf","https:\/\/x.com\/WirMachenAuf_de"]},{"@type":"Person","@id":"https:\/\/now-news.de\/de\/#\/schema\/person\/fb534a4e865501d8b3285208df34a9b5","name":"rtnews","image":{"@type":"ImageObject","inLanguage":"de","@id":"https:\/\/now-news.de\/de\/#\/schema\/person\/image\/","url":"https:\/\/secure.gravatar.com\/avatar\/82aafea7d8127119dd649515f56e2117?s=96&d=mm&r=g","contentUrl":"https:\/\/secure.gravatar.com\/avatar\/82aafea7d8127119dd649515f56e2117?s=96&d=mm&r=g","caption":"rtnews"},"url":"https:\/\/now-news.de\/de\/author\/rnews\/"}]}},"_links":{"self":[{"href":"https:\/\/now-news.de\/de\/wp-json\/wp\/v2\/posts\/16824"}],"collection":[{"href":"https:\/\/now-news.de\/de\/wp-json\/wp\/v2\/posts"}],"about":[{"href":"https:\/\/now-news.de\/de\/wp-json\/wp\/v2\/types\/post"}],"author":[{"embeddable":true,"href":"https:\/\/now-news.de\/de\/wp-json\/wp\/v2\/users\/3"}],"replies":[{"embeddable":true,"href":"https:\/\/now-news.de\/de\/wp-json\/wp\/v2\/comments?post=16824"}],"version-history":[{"count":0,"href":"https:\/\/now-news.de\/de\/wp-json\/wp\/v2\/posts\/16824\/revisions"}],"wp:featuredmedia":[{"embeddable":true,"href":"https:\/\/now-news.de\/de\/wp-json\/wp\/v2\/media\/16825"}],"wp:attachment":[{"href":"https:\/\/now-news.de\/de\/wp-json\/wp\/v2\/media?parent=16824"}],"wp:term":[{"taxonomy":"category","embeddable":true,"href":"https:\/\/now-news.de\/de\/wp-json\/wp\/v2\/categories?post=16824"},{"taxonomy":"post_tag","embeddable":true,"href":"https:\/\/now-news.de\/de\/wp-json\/wp\/v2\/tags?post=16824"}],"curies":[{"name":"wp","href":"https:\/\/api.w.org\/{rel}","templated":true}]}}