{"id":16800,"date":"2022-08-12T15:31:47","date_gmt":"2022-08-12T13:31:47","guid":{"rendered":"http:\/\/just-now.news\/de\/deutschland\/bundeswehr-setzt-einsatz-in-mali-vorerst-aus\/"},"modified":"2022-08-12T15:31:47","modified_gmt":"2022-08-12T13:31:47","slug":"bundeswehr-setzt-einsatz-in-mali-vorerst-aus","status":"publish","type":"post","link":"https:\/\/now-news.de\/de\/deutschland\/bundeswehr-setzt-einsatz-in-mali-vorerst-aus\/","title":{"rendered":"Bundeswehr setzt Einsatz in Mali vorerst aus"},"content":{"rendered":"<p><img decoding=\"async\" src=\"http:\/\/just-now.news\/de\/wp-content\/uploads\/sites\/3\/2022\/08\/62f64ba548fbef4b3466720e.jpg\" \/><\/p>\n<div class=\"Text-root Text-type_1 \">\n                Nachdem der Bundeswehr erneut die \u00dcberflugrechte \u00fcber Mali verweigert worden waren, konnte ein anstehender Personalwechsel der Bundeswehr nicht durchgef\u00fchrt werden. Darauf reagierte das Verteidigungsministerium mit der Einstellung aller Bundeswehr-Operationen in Mali.\n            <\/div>\n<p><\/p>\n<div class=\"Text-root Text-type_5 ArticleView-text ViewText-root \">\n<p>In einem Tweet teilte das Verteidigungsministerium den Abbruch der Operationen der Aufkl\u00e4rungskr\u00e4fte und der Transportfl\u00fcge mit. Die Einheiten der Bundeswehr sollen aber weiterhin in Mali verbleiben, sich dort aber nur noch um den Eigenschutz k\u00fcmmern.<\/p>\n<p><strong>Truppen bleiben vorerst stationiert<\/strong><\/p>\n<p>Generell sei Deutschland bereit, sich weiter an der Friedensmission in Mali zu beteiligen, teilte Regierungssprecher Steffen Hebestreit mit. Daf\u00fcr sei man aber auf die Unterst\u00fctzung der dortigen Regierung angewiesen.<\/p>\n<p>Zuletzt war es zwischen westlichen Regierungen und der \u00dcbergangsregierung in Mali wiederholt zu Konflikten gekommen. Bereits im Juni hatte sich Frankreich aus dem afrikanischen Land zur\u00fcckgezogen.<\/p>\n<p>Der umstrittene Einsatz steht bereits seit Langem in der Kritik. Es ist der gr\u00f6\u00dfte Auslandseinsatz der Bundeswehr. In Mali beteiligt sich das deutsche Heer gleich an zwei Missionen: der EU-gef\u00fchrten Ausbildungsmission EUTM Mali und dem UN-Einsatz MINUSMA.\u00a0<\/p>\n<p><strong>Malis Zusammenarbeit mit Russland stellte deutschen Einsatz infrage<\/strong><\/p>\n<p>Das westafrikanische Land ist politisch instabil. Zuletzt hatte es im Mai 2021 einen Milit\u00e4rputsch gegeben. Die neuen Machthaber wandten sich zunehmend vom Westen ab. Bereits zu Beginn des Jahres stand der Einsatz der Bundeswehr in Mali infrage, nachdem bekannt geworden war, dass sich die Milit\u00e4rregierung um eine Zusammenarbeit mit Russland bem\u00fcht hatte. Der Einsatz von russischen Ausbildern wird von Mali nicht bestritten. Allerdings behaupteten die USA, es seien zudem russische S\u00f6ldner in Mali stationiert.<\/p>\n<p>Schon damals gab es im Bundestag erhebliche Zweifel am weiteren Sinn des Mali-Einsatzes, zumal aufgrund der unklaren Faktenlage die Gefahr bestand, dass sich deutsche und russische Truppen bei Kampfhandlungen gegen\u00fcberstehen k\u00f6nnten. Dennoch wurde bis heute am Einsatz festgehalten.<\/p>\n<p><strong>Mehr zum Thema<\/strong>\u00a0\u2013 <a rel=\"nofollow noopener\" target=\"_blank\" href=\"https:\/\/de.rt.com\/international\/144516-angst-vor-aufstanden-osterreich-und\/\">Angst vor Aufst\u00e4nden? \u00d6sterreich und Deutschland bereiten sich auf Milit\u00e4reins\u00e4tze im Innern vor<\/a><\/p>\n<\/p>\n<\/div>\n<p><br \/>\n<br \/><a href=\"https:\/\/de.rt.com\/afrika\/145957-bundeswehr-setzt-einsatz-in-mali-vorerst-aus\/\">Source link <\/a><\/p>\n","protected":false},"excerpt":{"rendered":"<p>Nachdem der Bundeswehr erneut die \u00dcberflugrechte \u00fcber Mali verweigert worden waren, konnte ein anstehender Personalwechsel der Bundeswehr nicht durchgef\u00fchrt werden. Darauf reagierte das Verteidigungsministerium mit der Einstellung aller Bundeswehr-Operationen in Mali. In einem Tweet teilte das Verteidigungsministerium den Abbruch der Operationen der Aufkl\u00e4rungskr\u00e4fte und der Transportfl\u00fcge mit. Die Einheiten der Bundeswehr sollen aber weiterhin in [&hellip;]<\/p>\n","protected":false},"author":3,"featured_media":16801,"comment_status":"open","ping_status":"open","sticky":false,"template":"","format":"standard","meta":{"wp_automatic_camp":["217"],"8b2040afe24c7b63c9886cbc7eae5e41":["Bundeswehr setzt Einsatz in Mali vorerst aus"],"original_link":["https:\/\/de.rt.com\/afrika\/145957-bundeswehr-setzt-einsatz-in-mali-vorerst-aus\/"],"_thumbnail_id":["16801"],"_wptg_p2tg_sent2tg":["2022-08-12 15:37:46"],"jnews_social_counter_last_update":["1788401772"]},"categories":[19,23],"tags":[679,12292,1021,17736,1997,30634],"class_list":["post-16800","post","type-post","status-publish","format-standard","has-post-thumbnail","hentry","category-deutschland","category-russland","tag-aus","tag-bundeswehr","tag-einsatz","tag-mali","tag-setzt","tag-vorerst"],"yoast_head":"<!-- This site is optimized with the Yoast SEO Premium plugin v22.7 (Yoast SEO v28.2) - https:\/\/yoast.com\/product\/yoast-seo-premium-wordpress\/ -->\n<title>Bundeswehr setzt Einsatz in Mali vorerst aus - just-now.NEWS Deutschland<\/title>\n<meta name=\"robots\" content=\"index, follow, max-snippet:-1, max-image-preview:large, max-video-preview:-1\" \/>\n<link rel=\"canonical\" href=\"https:\/\/now-news.de\/de\/deutschland\/bundeswehr-setzt-einsatz-in-mali-vorerst-aus\/\" \/>\n<meta property=\"og:locale\" content=\"de_DE\" \/>\n<meta property=\"og:type\" content=\"article\" \/>\n<meta property=\"og:title\" content=\"Bundeswehr setzt Einsatz in Mali vorerst aus\" \/>\n<meta property=\"og:description\" content=\"Nachdem der Bundeswehr erneut die \u00dcberflugrechte \u00fcber Mali verweigert worden waren, konnte ein anstehender Personalwechsel der Bundeswehr nicht durchgef\u00fchrt werden. Darauf reagierte das Verteidigungsministerium mit der Einstellung aller Bundeswehr-Operationen in Mali. In einem Tweet teilte das Verteidigungsministerium den Abbruch der Operationen der Aufkl\u00e4rungskr\u00e4fte und der Transportfl\u00fcge mit. Die Einheiten der Bundeswehr sollen aber weiterhin in [&hellip;]\" \/>\n<meta property=\"og:url\" content=\"https:\/\/now-news.de\/de\/deutschland\/bundeswehr-setzt-einsatz-in-mali-vorerst-aus\/\" \/>\n<meta property=\"og:site_name\" content=\"just-now.NEWS Deutschland\" \/>\n<meta property=\"article:publisher\" content=\"https:\/\/www.facebook.com\/wirmachenauf\" \/>\n<meta property=\"article:published_time\" content=\"2022-08-12T13:31:47+00:00\" \/>\n<meta property=\"og:image\" content=\"https:\/\/now-news.de\/de\/wp-content\/uploads\/sites\/3\/2022\/08\/Bundeswehr-setzt-Einsatz-in-Mali-vorerst-aus.jpg\" \/>\n\t<meta property=\"og:image:width\" content=\"460\" \/>\n\t<meta property=\"og:image:height\" content=\"259\" \/>\n\t<meta property=\"og:image:type\" content=\"image\/jpeg\" \/>\n<meta name=\"author\" content=\"rtnews\" \/>\n<meta name=\"twitter:card\" content=\"summary_large_image\" \/>\n<meta name=\"twitter:creator\" content=\"@WirMachenAuf_de\" \/>\n<meta name=\"twitter:site\" content=\"@WirMachenAuf_de\" \/>\n<meta name=\"twitter:label1\" content=\"Verfasst von\" \/>\n\t<meta name=\"twitter:data1\" content=\"rtnews\" \/>\n\t<meta name=\"twitter:label2\" content=\"Gesch\u00e4tzte Lesezeit\" \/>\n\t<meta name=\"twitter:data2\" content=\"2\u00a0Minuten\" \/>\n<script type=\"application\/ld+json\" class=\"yoast-schema-graph\">{\"@context\":\"https:\\\/\\\/schema.org\",\"@graph\":[{\"@type\":\"Article\",\"@id\":\"https:\\\/\\\/now-news.de\\\/de\\\/deutschland\\\/bundeswehr-setzt-einsatz-in-mali-vorerst-aus\\\/#article\",\"isPartOf\":{\"@id\":\"https:\\\/\\\/now-news.de\\\/de\\\/deutschland\\\/bundeswehr-setzt-einsatz-in-mali-vorerst-aus\\\/\"},\"author\":{\"name\":\"rtnews\",\"@id\":\"https:\\\/\\\/now-news.de\\\/de\\\/#\\\/schema\\\/person\\\/fb534a4e865501d8b3285208df34a9b5\"},\"headline\":\"Bundeswehr setzt Einsatz in Mali vorerst aus\",\"datePublished\":\"2022-08-12T13:31:47+00:00\",\"mainEntityOfPage\":{\"@id\":\"https:\\\/\\\/now-news.de\\\/de\\\/deutschland\\\/bundeswehr-setzt-einsatz-in-mali-vorerst-aus\\\/\"},\"wordCount\":326,\"commentCount\":0,\"publisher\":{\"@id\":\"https:\\\/\\\/now-news.de\\\/de\\\/#organization\"},\"image\":{\"@id\":\"https:\\\/\\\/now-news.de\\\/de\\\/deutschland\\\/bundeswehr-setzt-einsatz-in-mali-vorerst-aus\\\/#primaryimage\"},\"thumbnailUrl\":\"https:\\\/\\\/now-news.de\\\/de\\\/wp-content\\\/uploads\\\/sites\\\/3\\\/2022\\\/08\\\/Bundeswehr-setzt-Einsatz-in-Mali-vorerst-aus.jpg\",\"keywords\":[\"aus\",\"Bundeswehr\",\"Einsatz\",\"Mali\",\"setzt\",\"vorerst\"],\"articleSection\":[\"Deutschland\",\"Russland\"],\"inLanguage\":\"de\",\"potentialAction\":[{\"@type\":\"CommentAction\",\"name\":\"Comment\",\"target\":[\"https:\\\/\\\/now-news.de\\\/de\\\/deutschland\\\/bundeswehr-setzt-einsatz-in-mali-vorerst-aus\\\/#respond\"]}]},{\"@type\":\"WebPage\",\"@id\":\"https:\\\/\\\/now-news.de\\\/de\\\/deutschland\\\/bundeswehr-setzt-einsatz-in-mali-vorerst-aus\\\/\",\"url\":\"https:\\\/\\\/now-news.de\\\/de\\\/deutschland\\\/bundeswehr-setzt-einsatz-in-mali-vorerst-aus\\\/\",\"name\":\"Bundeswehr setzt Einsatz in Mali vorerst aus - just-now.NEWS Deutschland\",\"isPartOf\":{\"@id\":\"https:\\\/\\\/now-news.de\\\/de\\\/#website\"},\"primaryImageOfPage\":{\"@id\":\"https:\\\/\\\/now-news.de\\\/de\\\/deutschland\\\/bundeswehr-setzt-einsatz-in-mali-vorerst-aus\\\/#primaryimage\"},\"image\":{\"@id\":\"https:\\\/\\\/now-news.de\\\/de\\\/deutschland\\\/bundeswehr-setzt-einsatz-in-mali-vorerst-aus\\\/#primaryimage\"},\"thumbnailUrl\":\"https:\\\/\\\/now-news.de\\\/de\\\/wp-content\\\/uploads\\\/sites\\\/3\\\/2022\\\/08\\\/Bundeswehr-setzt-Einsatz-in-Mali-vorerst-aus.jpg\",\"datePublished\":\"2022-08-12T13:31:47+00:00\",\"breadcrumb\":{\"@id\":\"https:\\\/\\\/now-news.de\\\/de\\\/deutschland\\\/bundeswehr-setzt-einsatz-in-mali-vorerst-aus\\\/#breadcrumb\"},\"inLanguage\":\"de\",\"potentialAction\":[{\"@type\":\"ReadAction\",\"target\":[\"https:\\\/\\\/now-news.de\\\/de\\\/deutschland\\\/bundeswehr-setzt-einsatz-in-mali-vorerst-aus\\\/\"]}]},{\"@type\":\"ImageObject\",\"inLanguage\":\"de\",\"@id\":\"https:\\\/\\\/now-news.de\\\/de\\\/deutschland\\\/bundeswehr-setzt-einsatz-in-mali-vorerst-aus\\\/#primaryimage\",\"url\":\"https:\\\/\\\/now-news.de\\\/de\\\/wp-content\\\/uploads\\\/sites\\\/3\\\/2022\\\/08\\\/Bundeswehr-setzt-Einsatz-in-Mali-vorerst-aus.jpg\",\"contentUrl\":\"https:\\\/\\\/now-news.de\\\/de\\\/wp-content\\\/uploads\\\/sites\\\/3\\\/2022\\\/08\\\/Bundeswehr-setzt-Einsatz-in-Mali-vorerst-aus.jpg\",\"width\":460,\"height\":259,\"caption\":\"Bundeswehr setzt Einsatz in Mali vorerst aus\"},{\"@type\":\"BreadcrumbList\",\"@id\":\"https:\\\/\\\/now-news.de\\\/de\\\/deutschland\\\/bundeswehr-setzt-einsatz-in-mali-vorerst-aus\\\/#breadcrumb\",\"itemListElement\":[{\"@type\":\"ListItem\",\"position\":1,\"name\":\"Home\",\"item\":\"https:\\\/\\\/now-news.de\\\/de\\\/\"},{\"@type\":\"ListItem\",\"position\":2,\"name\":\"Bundeswehr setzt Einsatz in Mali vorerst aus\"}]},{\"@type\":\"WebSite\",\"@id\":\"https:\\\/\\\/now-news.de\\\/de\\\/#website\",\"url\":\"https:\\\/\\\/now-news.de\\\/de\\\/\",\"name\":\"just-now.NEWS Deutschland\",\"description\":\"Das Portal f\u00fcr unzensierte Nachrichten aus der Welt\",\"publisher\":{\"@id\":\"https:\\\/\\\/now-news.de\\\/de\\\/#organization\"},\"potentialAction\":[{\"@type\":\"SearchAction\",\"target\":{\"@type\":\"EntryPoint\",\"urlTemplate\":\"https:\\\/\\\/now-news.de\\\/de\\\/?s={search_term_string}\"},\"query-input\":{\"@type\":\"PropertyValueSpecification\",\"valueRequired\":true,\"valueName\":\"search_term_string\"}}],\"inLanguage\":\"de\"},{\"@type\":\"Organization\",\"@id\":\"https:\\\/\\\/now-news.de\\\/de\\\/#organization\",\"name\":\"Just Now News\",\"url\":\"https:\\\/\\\/now-news.de\\\/de\\\/\",\"logo\":{\"@type\":\"ImageObject\",\"inLanguage\":\"de\",\"@id\":\"https:\\\/\\\/now-news.de\\\/de\\\/#\\\/schema\\\/logo\\\/image\\\/\",\"url\":\"http:\\\/\\\/just-now.news\\\/de\\\/wp-content\\\/uploads\\\/sites\\\/3\\\/2022\\\/04\\\/logo500x500.jpg\",\"contentUrl\":\"http:\\\/\\\/just-now.news\\\/de\\\/wp-content\\\/uploads\\\/sites\\\/3\\\/2022\\\/04\\\/logo500x500.jpg\",\"width\":500,\"height\":500,\"caption\":\"Just Now News\"},\"image\":{\"@id\":\"https:\\\/\\\/now-news.de\\\/de\\\/#\\\/schema\\\/logo\\\/image\\\/\"},\"sameAs\":[\"https:\\\/\\\/www.facebook.com\\\/wirmachenauf\",\"https:\\\/\\\/x.com\\\/WirMachenAuf_de\"]},{\"@type\":\"Person\",\"@id\":\"https:\\\/\\\/now-news.de\\\/de\\\/#\\\/schema\\\/person\\\/fb534a4e865501d8b3285208df34a9b5\",\"name\":\"rtnews\",\"image\":{\"@type\":\"ImageObject\",\"inLanguage\":\"de\",\"@id\":\"https:\\\/\\\/secure.gravatar.com\\\/avatar\\\/358fe31b3ab5769fea05376e1953329834cd9912cf9daf607e2af3076a1b982b?s=96&d=mm&r=g\",\"url\":\"https:\\\/\\\/secure.gravatar.com\\\/avatar\\\/358fe31b3ab5769fea05376e1953329834cd9912cf9daf607e2af3076a1b982b?s=96&d=mm&r=g\",\"contentUrl\":\"https:\\\/\\\/secure.gravatar.com\\\/avatar\\\/358fe31b3ab5769fea05376e1953329834cd9912cf9daf607e2af3076a1b982b?s=96&d=mm&r=g\",\"caption\":\"rtnews\"},\"url\":\"https:\\\/\\\/now-news.de\\\/de\\\/author\\\/rnews\\\/\"}]}<\/script>\n<!-- \/ Yoast SEO Premium plugin. -->","yoast_head_json":{"title":"Bundeswehr setzt Einsatz in Mali vorerst aus - just-now.NEWS Deutschland","robots":{"index":"index","follow":"follow","max-snippet":"max-snippet:-1","max-image-preview":"max-image-preview:large","max-video-preview":"max-video-preview:-1"},"canonical":"https:\/\/now-news.de\/de\/deutschland\/bundeswehr-setzt-einsatz-in-mali-vorerst-aus\/","og_locale":"de_DE","og_type":"article","og_title":"Bundeswehr setzt Einsatz in Mali vorerst aus","og_description":"Nachdem der Bundeswehr erneut die \u00dcberflugrechte \u00fcber Mali verweigert worden waren, konnte ein anstehender Personalwechsel der Bundeswehr nicht durchgef\u00fchrt werden. Darauf reagierte das Verteidigungsministerium mit der Einstellung aller Bundeswehr-Operationen in Mali. In einem Tweet teilte das Verteidigungsministerium den Abbruch der Operationen der Aufkl\u00e4rungskr\u00e4fte und der Transportfl\u00fcge mit. Die Einheiten der Bundeswehr sollen aber weiterhin in [&hellip;]","og_url":"https:\/\/now-news.de\/de\/deutschland\/bundeswehr-setzt-einsatz-in-mali-vorerst-aus\/","og_site_name":"just-now.NEWS Deutschland","article_publisher":"https:\/\/www.facebook.com\/wirmachenauf","article_published_time":"2022-08-12T13:31:47+00:00","og_image":[{"width":460,"height":259,"url":"https:\/\/now-news.de\/de\/wp-content\/uploads\/sites\/3\/2022\/08\/Bundeswehr-setzt-Einsatz-in-Mali-vorerst-aus.jpg","type":"image\/jpeg"}],"author":"rtnews","twitter_card":"summary_large_image","twitter_creator":"@WirMachenAuf_de","twitter_site":"@WirMachenAuf_de","twitter_misc":{"Verfasst von":"rtnews","Gesch\u00e4tzte Lesezeit":"2\u00a0Minuten"},"schema":{"@context":"https:\/\/schema.org","@graph":[{"@type":"Article","@id":"https:\/\/now-news.de\/de\/deutschland\/bundeswehr-setzt-einsatz-in-mali-vorerst-aus\/#article","isPartOf":{"@id":"https:\/\/now-news.de\/de\/deutschland\/bundeswehr-setzt-einsatz-in-mali-vorerst-aus\/"},"author":{"name":"rtnews","@id":"https:\/\/now-news.de\/de\/#\/schema\/person\/fb534a4e865501d8b3285208df34a9b5"},"headline":"Bundeswehr setzt Einsatz in Mali vorerst aus","datePublished":"2022-08-12T13:31:47+00:00","mainEntityOfPage":{"@id":"https:\/\/now-news.de\/de\/deutschland\/bundeswehr-setzt-einsatz-in-mali-vorerst-aus\/"},"wordCount":326,"commentCount":0,"publisher":{"@id":"https:\/\/now-news.de\/de\/#organization"},"image":{"@id":"https:\/\/now-news.de\/de\/deutschland\/bundeswehr-setzt-einsatz-in-mali-vorerst-aus\/#primaryimage"},"thumbnailUrl":"https:\/\/now-news.de\/de\/wp-content\/uploads\/sites\/3\/2022\/08\/Bundeswehr-setzt-Einsatz-in-Mali-vorerst-aus.jpg","keywords":["aus","Bundeswehr","Einsatz","Mali","setzt","vorerst"],"articleSection":["Deutschland","Russland"],"inLanguage":"de","potentialAction":[{"@type":"CommentAction","name":"Comment","target":["https:\/\/now-news.de\/de\/deutschland\/bundeswehr-setzt-einsatz-in-mali-vorerst-aus\/#respond"]}]},{"@type":"WebPage","@id":"https:\/\/now-news.de\/de\/deutschland\/bundeswehr-setzt-einsatz-in-mali-vorerst-aus\/","url":"https:\/\/now-news.de\/de\/deutschland\/bundeswehr-setzt-einsatz-in-mali-vorerst-aus\/","name":"Bundeswehr setzt Einsatz in Mali vorerst aus - just-now.NEWS Deutschland","isPartOf":{"@id":"https:\/\/now-news.de\/de\/#website"},"primaryImageOfPage":{"@id":"https:\/\/now-news.de\/de\/deutschland\/bundeswehr-setzt-einsatz-in-mali-vorerst-aus\/#primaryimage"},"image":{"@id":"https:\/\/now-news.de\/de\/deutschland\/bundeswehr-setzt-einsatz-in-mali-vorerst-aus\/#primaryimage"},"thumbnailUrl":"https:\/\/now-news.de\/de\/wp-content\/uploads\/sites\/3\/2022\/08\/Bundeswehr-setzt-Einsatz-in-Mali-vorerst-aus.jpg","datePublished":"2022-08-12T13:31:47+00:00","breadcrumb":{"@id":"https:\/\/now-news.de\/de\/deutschland\/bundeswehr-setzt-einsatz-in-mali-vorerst-aus\/#breadcrumb"},"inLanguage":"de","potentialAction":[{"@type":"ReadAction","target":["https:\/\/now-news.de\/de\/deutschland\/bundeswehr-setzt-einsatz-in-mali-vorerst-aus\/"]}]},{"@type":"ImageObject","inLanguage":"de","@id":"https:\/\/now-news.de\/de\/deutschland\/bundeswehr-setzt-einsatz-in-mali-vorerst-aus\/#primaryimage","url":"https:\/\/now-news.de\/de\/wp-content\/uploads\/sites\/3\/2022\/08\/Bundeswehr-setzt-Einsatz-in-Mali-vorerst-aus.jpg","contentUrl":"https:\/\/now-news.de\/de\/wp-content\/uploads\/sites\/3\/2022\/08\/Bundeswehr-setzt-Einsatz-in-Mali-vorerst-aus.jpg","width":460,"height":259,"caption":"Bundeswehr setzt Einsatz in Mali vorerst aus"},{"@type":"BreadcrumbList","@id":"https:\/\/now-news.de\/de\/deutschland\/bundeswehr-setzt-einsatz-in-mali-vorerst-aus\/#breadcrumb","itemListElement":[{"@type":"ListItem","position":1,"name":"Home","item":"https:\/\/now-news.de\/de\/"},{"@type":"ListItem","position":2,"name":"Bundeswehr setzt Einsatz in Mali vorerst aus"}]},{"@type":"WebSite","@id":"https:\/\/now-news.de\/de\/#website","url":"https:\/\/now-news.de\/de\/","name":"just-now.NEWS Deutschland","description":"Das Portal f\u00fcr unzensierte Nachrichten aus der Welt","publisher":{"@id":"https:\/\/now-news.de\/de\/#organization"},"potentialAction":[{"@type":"SearchAction","target":{"@type":"EntryPoint","urlTemplate":"https:\/\/now-news.de\/de\/?s={search_term_string}"},"query-input":{"@type":"PropertyValueSpecification","valueRequired":true,"valueName":"search_term_string"}}],"inLanguage":"de"},{"@type":"Organization","@id":"https:\/\/now-news.de\/de\/#organization","name":"Just Now News","url":"https:\/\/now-news.de\/de\/","logo":{"@type":"ImageObject","inLanguage":"de","@id":"https:\/\/now-news.de\/de\/#\/schema\/logo\/image\/","url":"http:\/\/just-now.news\/de\/wp-content\/uploads\/sites\/3\/2022\/04\/logo500x500.jpg","contentUrl":"http:\/\/just-now.news\/de\/wp-content\/uploads\/sites\/3\/2022\/04\/logo500x500.jpg","width":500,"height":500,"caption":"Just Now News"},"image":{"@id":"https:\/\/now-news.de\/de\/#\/schema\/logo\/image\/"},"sameAs":["https:\/\/www.facebook.com\/wirmachenauf","https:\/\/x.com\/WirMachenAuf_de"]},{"@type":"Person","@id":"https:\/\/now-news.de\/de\/#\/schema\/person\/fb534a4e865501d8b3285208df34a9b5","name":"rtnews","image":{"@type":"ImageObject","inLanguage":"de","@id":"https:\/\/secure.gravatar.com\/avatar\/358fe31b3ab5769fea05376e1953329834cd9912cf9daf607e2af3076a1b982b?s=96&d=mm&r=g","url":"https:\/\/secure.gravatar.com\/avatar\/358fe31b3ab5769fea05376e1953329834cd9912cf9daf607e2af3076a1b982b?s=96&d=mm&r=g","contentUrl":"https:\/\/secure.gravatar.com\/avatar\/358fe31b3ab5769fea05376e1953329834cd9912cf9daf607e2af3076a1b982b?s=96&d=mm&r=g","caption":"rtnews"},"url":"https:\/\/now-news.de\/de\/author\/rnews\/"}]}},"_links":{"self":[{"href":"https:\/\/now-news.de\/de\/wp-json\/wp\/v2\/posts\/16800","targetHints":{"allow":["GET"]}}],"collection":[{"href":"https:\/\/now-news.de\/de\/wp-json\/wp\/v2\/posts"}],"about":[{"href":"https:\/\/now-news.de\/de\/wp-json\/wp\/v2\/types\/post"}],"author":[{"embeddable":true,"href":"https:\/\/now-news.de\/de\/wp-json\/wp\/v2\/users\/3"}],"replies":[{"embeddable":true,"href":"https:\/\/now-news.de\/de\/wp-json\/wp\/v2\/comments?post=16800"}],"version-history":[{"count":0,"href":"https:\/\/now-news.de\/de\/wp-json\/wp\/v2\/posts\/16800\/revisions"}],"wp:featuredmedia":[{"embeddable":true,"href":"https:\/\/now-news.de\/de\/wp-json\/wp\/v2\/media\/16801"}],"wp:attachment":[{"href":"https:\/\/now-news.de\/de\/wp-json\/wp\/v2\/media?parent=16800"}],"wp:term":[{"taxonomy":"category","embeddable":true,"href":"https:\/\/now-news.de\/de\/wp-json\/wp\/v2\/categories?post=16800"},{"taxonomy":"post_tag","embeddable":true,"href":"https:\/\/now-news.de\/de\/wp-json\/wp\/v2\/tags?post=16800"}],"curies":[{"name":"wp","href":"https:\/\/api.w.org\/{rel}","templated":true}]}}