{"id":1675,"date":"2022-04-20T07:13:33","date_gmt":"2022-04-20T08:13:33","guid":{"rendered":"http:\/\/just-now.news\/de\/deutschland\/pakistan-bietet-indien-friedliche-loesung-im-konflikt-um-jammu-und-kaschmir-an\/"},"modified":"2022-04-20T07:13:33","modified_gmt":"2022-04-20T08:13:33","slug":"pakistan-bietet-indien-friedliche-loesung-im-konflikt-um-jammu-und-kaschmir-an","status":"publish","type":"post","link":"https:\/\/now-news.de\/de\/deutschland\/pakistan-bietet-indien-friedliche-loesung-im-konflikt-um-jammu-und-kaschmir-an\/","title":{"rendered":"Pakistan bietet Indien friedliche L\u00f6sung im Konflikt um Jammu und Kaschmir an"},"content":{"rendered":"<div class=\"Text-root Text-type_5 ArticleView-text ViewText-root \">\n<p>Am Sonntag hat sich Pakistans neuer Premierminister Shehbaz Sharif mit einem Appell an seinen indischen Amtskollegen Narendra Modi gerichtet. Darin rief er zu einer endg\u00fcltigen friedlichen L\u00f6sung der Streitigkeiten zwischen Islamabad und Neu-Delhi insbesondere bez\u00fcglich der langj\u00e4hrigen Auseinandersetzung um die Regionen Jammu und Kaschmir auf.<\/p>\n<div class=\"ReadMore-root Section-root Section-is1to3-xs_is1to1\" data-widgets=\"ReadMore\" data-has-alias>\n<div class=\"Section-container Section-isRow-isTop-isWrap\">\n<article class=\"Card-root Card-is1to1 \">\n<div class=\"Card-imageWrap\">\n<div class=\"Card-picture\">\n<picture class=\"Picture-root Picture-default\"><!--[if IE 9]><video style=\"display: none;\"><![endif]--><source media=\"(-webkit-min-device-pixel-ratio: 2) and (min-resolution: 120dpi)\" data-srcset=\" \nhttps:\/\/cdni.russiatoday.com\/deutsch\/images\/2022.04\/thumbnail\/62554dd748fbef54624d84d2.jpg 850w,\n                https:\/\/cdni.russiatoday.com\/deutsch\/images\/2022.04\/article\/62554dd748fbef54624d84d2.jpg 1960w,\n            \" srcset=\"data:image\/png;base64,iVBORw0KGgoAAAANSUhEUgAAABAAAAAJCAQAAACRI2S5AAAAEElEQVR42mNkIAAYRxWAAQAG9gAKqv6+AwAAAABJRU5ErkJggg==\"><source data-srcset=\" \nhttps:\/\/cdni.russiatoday.com\/deutsch\/images\/2022.04\/thumbnail\/62554dd748fbef54624d84d2.jpg 460w,\n              https:\/\/cdni.russiatoday.com\/deutsch\/images\/2022.04\/article\/62554dd748fbef54624d84d2.jpg 980w,\n            \" srcset=\"data:image\/png;base64,iVBORw0KGgoAAAANSUhEUgAAABAAAAAJCAQAAACRI2S5AAAAEElEQVR42mNkIAAYRxWAAQAG9gAKqv6+AwAAAABJRU5ErkJggg==\"><!--[if IE 9]><\/video><![endif]--><\/source><\/source><\/picture><!-- noscript pattern --><noscript><img decoding=\"async\" src=\"https:\/\/cdni.russiatoday.com\/deutsch\/images\/2022.04\/article\/62554dd748fbef54624d84d2.jpg\" alt=\"Pakistan am Scheideweg: Wie der Ukraine-Krieg die innere Spaltung des Landes offenlegt\"><\/noscript>    <\/div><\/div>\n<div class=\"Card-contentWrap\">\n<div class=\"Card-label\">\n                <span class=\"Label-root Label-analyse\"><br \/>\n                    Analyse<br \/>\n                <\/span>\n            <\/div>\n<div class=\"Card-content\">\n<div class=\"Card-title\">\n<div class=\"HeaderNews-root HeaderNews-type_6 \">\n<p>            <a target=\"_blank\" href=\"https:\/\/de.rt.com\/asien\/136013-pakistan-am-scheideweg\/\" class=\"Link-root Link-isFullCard \" rel=\"noopener\"><br \/>\n                Pakistan am Scheideweg: Wie der Ukraine-Krieg die innere Spaltung des Landes offenlegt<br \/>\n            <\/a><\/p><\/div><\/div><\/div><\/div>\n<\/article>\n<\/div><\/div>\n<p>&#8220;Wir glauben, dass friedliche und kooperative Verbindungen zwischen Pakistan und Indien f\u00fcr den Fortschritt und einen sozialen und wirtschaftlichen Aufstieg der Region unerl\u00e4sslich sind&#8221;, zitiert die pakistanische Zeitung <em>Dawn<\/em> den Premierminister. Um diese Ziele zu erreichen, sei &#8220;eine friedliche L\u00f6sung aller anhaltenden Streitigkeiten, darunter der Kernfrage um Jammu und Kaschmir&#8221; notwendig. Nach Meinung des Premierministers sollen die Atomm\u00e4chte Pakistan und Indien gemeinsam am Fortschritt und Wohlstand der beiden V\u00f6lker zusammenarbeiten.<\/p>\n<p>In den vergangenen Jahren hatten Islamabad und Neu-Delhi sich gegenseitig beschuldigt, Terrorgruppen auf dem Gebiet des jeweiligen Nachbarn zu unterst\u00fctzen. Sharif hob in seinem Brief hervor, dass Pakistan sich f\u00fcr eine &#8220;Aufrechterhaltung des regionalen Friedens&#8221; engagiere. Der Beitrag des Landes zur Bek\u00e4mpfung des Terrorismus sei &#8220;gut bekannt und international anerkannt&#8221;, so Sharif.<\/p>\n<p>Eine Woche zuvor hatte der indische Premierminister Narendra Modi Sharif zum Amtsantritt als pakistanischer Regierungschef gratuliert und beteuert, dass Indien an &#8220;Frieden und Stabilit\u00e4t in einer Region frei von Terror&#8221; interessiert sei.<\/p>\n<p>Shehbaz Sharif war am 11. April als Premierminister best\u00e4tigt worden, nachdem sein Vorg\u00e4nger Imran Khan das Amt infolge eines Misstrauensvotums verloren hatte. Khan behauptete, dass seine Abl\u00f6sung auf Betreiben der USA geschehen sei und seine Anh\u00e4nger veranstalteten massive Stra\u00dfenproteste.<\/p>\n<div class=\"ReadMore-root Section-root Section-is1to3-xs_is1to1\" data-widgets=\"ReadMore\" data-has-alias>\n<div class=\"Section-container Section-isRow-isTop-isWrap\">\n<article class=\"Card-root Card-is1to1 \">\n<div class=\"Card-imageWrap\">\n<div class=\"Card-picture\">\n<picture class=\"Picture-root Picture-default\"><!--[if IE 9]><video style=\"display: none;\"><![endif]--><source media=\"(-webkit-min-device-pixel-ratio: 2) and (min-resolution: 120dpi)\" data-srcset=\" \nhttps:\/\/cdni.russiatoday.com\/deutsch\/images\/2022.04\/thumbnail\/62546ef448fbef608c4c0dab.jpg 850w,\n                https:\/\/cdni.russiatoday.com\/deutsch\/images\/2022.04\/article\/62546ef448fbef608c4c0dab.jpg 1960w,\n            \" srcset=\"data:image\/png;base64,iVBORw0KGgoAAAANSUhEUgAAABAAAAAJCAQAAACRI2S5AAAAEElEQVR42mNkIAAYRxWAAQAG9gAKqv6+AwAAAABJRU5ErkJggg==\"><source data-srcset=\" \nhttps:\/\/cdni.russiatoday.com\/deutsch\/images\/2022.04\/thumbnail\/62546ef448fbef608c4c0dab.jpg 460w,\n              https:\/\/cdni.russiatoday.com\/deutsch\/images\/2022.04\/article\/62546ef448fbef608c4c0dab.jpg 980w,\n            \" srcset=\"data:image\/png;base64,iVBORw0KGgoAAAANSUhEUgAAABAAAAAJCAQAAACRI2S5AAAAEElEQVR42mNkIAAYRxWAAQAG9gAKqv6+AwAAAABJRU5ErkJggg==\"><!--[if IE 9]><\/video><![endif]--><img decoding=\"async\" data-sizes=\"auto\" src=\"data:image\/png;base64,iVBORw0KGgoAAAANSUhEUgAAABAAAAAJCAQAAACRI2S5AAAAEElEQVR42mNkIAAYRxWAAQAG9gAKqv6+AwAAAABJRU5ErkJggg==\" class=\"Picture-root Picture-default lazyload\" data-src=\"https:\/\/cdni.russiatoday.com\/deutsch\/images\/2022.04\/thumbnail\/62546ef448fbef608c4c0dab.jpg\" alt='Pakistan: Neuer Premierminister gew\u00e4hlt; Ex-Premier Imran Khan verk\u00fcndet \"Freiheitskampf\"'><\/source><\/source><\/picture><!-- noscript pattern --><noscript><img decoding=\"async\" src=\"https:\/\/cdni.russiatoday.com\/deutsch\/images\/2022.04\/article\/62546ef448fbef608c4c0dab.jpg\" alt='Pakistan: Neuer Premierminister gew\u00e4hlt; Ex-Premier Imran Khan verk\u00fcndet \"Freiheitskampf\"'><\/noscript>    <\/div><\/div>\n<div class=\"Card-contentWrap\">\n<div class=\"Card-content\">\n<div class=\"Card-title\">\n<div class=\"HeaderNews-root HeaderNews-type_6 \">\n<p>            <a target=\"_blank\" href=\"https:\/\/de.rt.com\/asien\/135985-pakistan-neuer-premierminister-gewaehlt\/\" class=\"Link-root Link-isFullCard \" rel=\"noopener\"><br \/>\n                Pakistan: Neuer Premierminister gew\u00e4hlt; Ex-Premier Imran Khan verk\u00fcndet &#8220;Freiheitskampf&#8221;<br \/>\n            <\/a><\/p><\/div><\/div><\/div><\/div>\n<\/article>\n<\/div><\/div>\n<p>Die im \u00f6stlichen Himalaja gelegene Region Kaschmir war jahrzehntelang zwischen Indien und Pakistan umstritten. Beide L\u00e4nder beanspruchen sie vollst\u00e4ndig, kontrollieren aber nur Teile davon. In den 1940er- und 1960er-Jahren hatten die Nachbarstaaten zwei Kriege um die Kontrolle \u00fcber Kaschmir ausgetragen. Im Jahr 2021 konnte ein gr\u00f6\u00dferer Konflikt nur knapp verhindert werden, w\u00e4hrend die Lage in der Region angespannt bleibt.<\/p>\n<p>Medienberichten aus Indien zufolge bereiten nun beide Seiten ein Treffen zwischen Modi und Sharif im Rahmen eines Gipfeltreffens der Shanghaier Organisation f\u00fcr Zusammenarbeit vor, welches im Juli in Usbekistan stattfinden soll.<\/p>\n<p><strong>Mehr zum Thema<\/strong> &#8211; <a target=\"_blank\" href=\"https:\/\/de.rt.com\/asien\/114664-pakistanischer-general-zu-indien-feindschaft-begraben\/\" rel=\"noopener noreferrer\">Pakistanischer General zu Indien: Feindschaft der Vergangenheit begraben und Frieden schaffen<\/a><\/p>\n<\/div>\n<p><br \/>\n<br \/><a href=\"https:\/\/de.rt.com\/asien\/136563-pakistan-bietet-indien-frieden-an\/\">Source link <\/a><\/p>\n","protected":false},"excerpt":{"rendered":"<p>Am Sonntag hat sich Pakistans neuer Premierminister Shehbaz Sharif mit einem Appell an seinen indischen Amtskollegen Narendra Modi gerichtet. Darin rief er zu einer endg\u00fcltigen friedlichen L\u00f6sung der Streitigkeiten zwischen Islamabad und Neu-Delhi insbesondere bez\u00fcglich der langj\u00e4hrigen Auseinandersetzung um die Regionen Jammu und Kaschmir auf. Analyse Pakistan am Scheideweg: Wie der Ukraine-Krieg die innere Spaltung [&hellip;]<\/p>\n","protected":false},"author":3,"featured_media":1676,"comment_status":"open","ping_status":"open","sticky":false,"template":"","format":"standard","meta":{"wp_automatic_camp":["217"],"60b4a532f6bd5ce003a8d8cd4e149137":["Pakistan bietet Indien friedliche L\u00f6sung im Konflikt um Jammu und Kaschmir an"],"original_link":["https:\/\/de.rt.com\/asien\/136563-pakistan-bietet-indien-frieden-an\/"],"_thumbnail_id":["1676"],"wp_automatic_remove_first_image":["yes"],"_wptg_p2tg_sent2tg":["2022-04-20 07:22:46"],"jnews_social_counter_last_update":["1777568830"]},"categories":[19,23],"tags":[1035,4582,356,4584,4585,1810,4583,1787,140],"yoast_head":"<!-- This site is optimized with the Yoast SEO Premium plugin v22.7 (Yoast SEO v22.7) - https:\/\/yoast.com\/wordpress\/plugins\/seo\/ -->\n<title>Pakistan bietet Indien friedliche L\u00f6sung im Konflikt um Jammu und Kaschmir an - just-now.NEWS Deutschland<\/title>\n<meta name=\"robots\" content=\"index, follow, max-snippet:-1, max-image-preview:large, max-video-preview:-1\" \/>\n<link rel=\"canonical\" href=\"https:\/\/now-news.de\/de\/deutschland\/pakistan-bietet-indien-friedliche-loesung-im-konflikt-um-jammu-und-kaschmir-an\/\" \/>\n<meta property=\"og:locale\" content=\"de_DE\" \/>\n<meta property=\"og:type\" content=\"article\" \/>\n<meta property=\"og:title\" content=\"Pakistan bietet Indien friedliche L\u00f6sung im Konflikt um Jammu und Kaschmir an\" \/>\n<meta property=\"og:description\" content=\"Am Sonntag hat sich Pakistans neuer Premierminister Shehbaz Sharif mit einem Appell an seinen indischen Amtskollegen Narendra Modi gerichtet. Darin rief er zu einer endg\u00fcltigen friedlichen L\u00f6sung der Streitigkeiten zwischen Islamabad und Neu-Delhi insbesondere bez\u00fcglich der langj\u00e4hrigen Auseinandersetzung um die Regionen Jammu und Kaschmir auf. Analyse Pakistan am Scheideweg: Wie der Ukraine-Krieg die innere Spaltung [&hellip;]\" \/>\n<meta property=\"og:url\" content=\"https:\/\/now-news.de\/de\/deutschland\/pakistan-bietet-indien-friedliche-loesung-im-konflikt-um-jammu-und-kaschmir-an\/\" \/>\n<meta property=\"og:site_name\" content=\"just-now.NEWS Deutschland\" \/>\n<meta property=\"article:publisher\" content=\"https:\/\/www.facebook.com\/wirmachenauf\" \/>\n<meta property=\"article:published_time\" content=\"2022-04-20T08:13:33+00:00\" \/>\n<meta property=\"og:image\" content=\"https:\/\/now-news.de\/de\/wp-content\/uploads\/sites\/3\/2022\/04\/Pakistan-bietet-Indien-friedliche-Loesung-im-Konflikt-um-Jammu-und.jpg\" \/>\n\t<meta property=\"og:image:width\" content=\"1104\" \/>\n\t<meta property=\"og:image:height\" content=\"622\" \/>\n\t<meta property=\"og:image:type\" content=\"image\/jpeg\" \/>\n<meta name=\"author\" content=\"rtnews\" \/>\n<meta name=\"twitter:card\" content=\"summary_large_image\" \/>\n<meta name=\"twitter:creator\" content=\"@WirMachenAuf_de\" \/>\n<meta name=\"twitter:site\" content=\"@WirMachenAuf_de\" \/>\n<meta name=\"twitter:label1\" content=\"Verfasst von\" \/>\n\t<meta name=\"twitter:data1\" content=\"rtnews\" \/>\n\t<meta name=\"twitter:label2\" content=\"Gesch\u00e4tzte Lesezeit\" \/>\n\t<meta name=\"twitter:data2\" content=\"2\u00a0Minuten\" \/>\n<script type=\"application\/ld+json\" class=\"yoast-schema-graph\">{\"@context\":\"https:\/\/schema.org\",\"@graph\":[{\"@type\":\"Article\",\"@id\":\"https:\/\/now-news.de\/de\/deutschland\/pakistan-bietet-indien-friedliche-loesung-im-konflikt-um-jammu-und-kaschmir-an\/#article\",\"isPartOf\":{\"@id\":\"https:\/\/now-news.de\/de\/deutschland\/pakistan-bietet-indien-friedliche-loesung-im-konflikt-um-jammu-und-kaschmir-an\/\"},\"author\":{\"name\":\"rtnews\",\"@id\":\"https:\/\/now-news.de\/de\/#\/schema\/person\/fb534a4e865501d8b3285208df34a9b5\"},\"headline\":\"Pakistan bietet Indien friedliche L\u00f6sung im Konflikt um Jammu und Kaschmir an\",\"datePublished\":\"2022-04-20T08:13:33+00:00\",\"dateModified\":\"2022-04-20T08:13:33+00:00\",\"mainEntityOfPage\":{\"@id\":\"https:\/\/now-news.de\/de\/deutschland\/pakistan-bietet-indien-friedliche-loesung-im-konflikt-um-jammu-und-kaschmir-an\/\"},\"wordCount\":404,\"commentCount\":0,\"publisher\":{\"@id\":\"https:\/\/now-news.de\/de\/#organization\"},\"image\":{\"@id\":\"https:\/\/now-news.de\/de\/deutschland\/pakistan-bietet-indien-friedliche-loesung-im-konflikt-um-jammu-und-kaschmir-an\/#primaryimage\"},\"thumbnailUrl\":\"https:\/\/now-news.de\/de\/wp-content\/uploads\/sites\/3\/2022\/04\/Pakistan-bietet-Indien-friedliche-Loesung-im-Konflikt-um-Jammu-und.jpg\",\"keywords\":[\"bietet\",\"friedliche\",\"Indien\",\"Jammu\",\"Kaschmir\",\"Konflikt\",\"L\u00f6sung\",\"Pakistan\",\"und\"],\"articleSection\":[\"Deutschland\",\"Russland\"],\"inLanguage\":\"de\",\"potentialAction\":[{\"@type\":\"CommentAction\",\"name\":\"Comment\",\"target\":[\"https:\/\/now-news.de\/de\/deutschland\/pakistan-bietet-indien-friedliche-loesung-im-konflikt-um-jammu-und-kaschmir-an\/#respond\"]}]},{\"@type\":\"WebPage\",\"@id\":\"https:\/\/now-news.de\/de\/deutschland\/pakistan-bietet-indien-friedliche-loesung-im-konflikt-um-jammu-und-kaschmir-an\/\",\"url\":\"https:\/\/now-news.de\/de\/deutschland\/pakistan-bietet-indien-friedliche-loesung-im-konflikt-um-jammu-und-kaschmir-an\/\",\"name\":\"Pakistan bietet Indien friedliche L\u00f6sung im Konflikt um Jammu und Kaschmir an - just-now.NEWS Deutschland\",\"isPartOf\":{\"@id\":\"https:\/\/now-news.de\/de\/#website\"},\"primaryImageOfPage\":{\"@id\":\"https:\/\/now-news.de\/de\/deutschland\/pakistan-bietet-indien-friedliche-loesung-im-konflikt-um-jammu-und-kaschmir-an\/#primaryimage\"},\"image\":{\"@id\":\"https:\/\/now-news.de\/de\/deutschland\/pakistan-bietet-indien-friedliche-loesung-im-konflikt-um-jammu-und-kaschmir-an\/#primaryimage\"},\"thumbnailUrl\":\"https:\/\/now-news.de\/de\/wp-content\/uploads\/sites\/3\/2022\/04\/Pakistan-bietet-Indien-friedliche-Loesung-im-Konflikt-um-Jammu-und.jpg\",\"datePublished\":\"2022-04-20T08:13:33+00:00\",\"dateModified\":\"2022-04-20T08:13:33+00:00\",\"breadcrumb\":{\"@id\":\"https:\/\/now-news.de\/de\/deutschland\/pakistan-bietet-indien-friedliche-loesung-im-konflikt-um-jammu-und-kaschmir-an\/#breadcrumb\"},\"inLanguage\":\"de\",\"potentialAction\":[{\"@type\":\"ReadAction\",\"target\":[\"https:\/\/now-news.de\/de\/deutschland\/pakistan-bietet-indien-friedliche-loesung-im-konflikt-um-jammu-und-kaschmir-an\/\"]}]},{\"@type\":\"ImageObject\",\"inLanguage\":\"de\",\"@id\":\"https:\/\/now-news.de\/de\/deutschland\/pakistan-bietet-indien-friedliche-loesung-im-konflikt-um-jammu-und-kaschmir-an\/#primaryimage\",\"url\":\"https:\/\/now-news.de\/de\/wp-content\/uploads\/sites\/3\/2022\/04\/Pakistan-bietet-Indien-friedliche-Loesung-im-Konflikt-um-Jammu-und.jpg\",\"contentUrl\":\"https:\/\/now-news.de\/de\/wp-content\/uploads\/sites\/3\/2022\/04\/Pakistan-bietet-Indien-friedliche-Loesung-im-Konflikt-um-Jammu-und.jpg\",\"width\":1104,\"height\":622,\"caption\":\"Pakistan bietet Indien friedliche L\u00f6sung im Konflikt um Jammu und Kaschmir an\"},{\"@type\":\"BreadcrumbList\",\"@id\":\"https:\/\/now-news.de\/de\/deutschland\/pakistan-bietet-indien-friedliche-loesung-im-konflikt-um-jammu-und-kaschmir-an\/#breadcrumb\",\"itemListElement\":[{\"@type\":\"ListItem\",\"position\":1,\"name\":\"Home\",\"item\":\"https:\/\/now-news.de\/de\/\"},{\"@type\":\"ListItem\",\"position\":2,\"name\":\"Pakistan bietet Indien friedliche L\u00f6sung im Konflikt um Jammu und Kaschmir an\"}]},{\"@type\":\"WebSite\",\"@id\":\"https:\/\/now-news.de\/de\/#website\",\"url\":\"https:\/\/now-news.de\/de\/\",\"name\":\"just-now.NEWS Deutschland\",\"description\":\"Das Portal f\u00fcr unzensierte Nachrichten aus der Welt\",\"publisher\":{\"@id\":\"https:\/\/now-news.de\/de\/#organization\"},\"potentialAction\":[{\"@type\":\"SearchAction\",\"target\":{\"@type\":\"EntryPoint\",\"urlTemplate\":\"https:\/\/now-news.de\/de\/?s={search_term_string}\"},\"query-input\":\"required name=search_term_string\"}],\"inLanguage\":\"de\"},{\"@type\":\"Organization\",\"@id\":\"https:\/\/now-news.de\/de\/#organization\",\"name\":\"Just Now News\",\"url\":\"https:\/\/now-news.de\/de\/\",\"logo\":{\"@type\":\"ImageObject\",\"inLanguage\":\"de\",\"@id\":\"https:\/\/now-news.de\/de\/#\/schema\/logo\/image\/\",\"url\":\"http:\/\/just-now.news\/de\/wp-content\/uploads\/sites\/3\/2022\/04\/logo500x500.jpg\",\"contentUrl\":\"http:\/\/just-now.news\/de\/wp-content\/uploads\/sites\/3\/2022\/04\/logo500x500.jpg\",\"width\":500,\"height\":500,\"caption\":\"Just Now News\"},\"image\":{\"@id\":\"https:\/\/now-news.de\/de\/#\/schema\/logo\/image\/\"},\"sameAs\":[\"https:\/\/www.facebook.com\/wirmachenauf\",\"https:\/\/x.com\/WirMachenAuf_de\"]},{\"@type\":\"Person\",\"@id\":\"https:\/\/now-news.de\/de\/#\/schema\/person\/fb534a4e865501d8b3285208df34a9b5\",\"name\":\"rtnews\",\"image\":{\"@type\":\"ImageObject\",\"inLanguage\":\"de\",\"@id\":\"https:\/\/now-news.de\/de\/#\/schema\/person\/image\/\",\"url\":\"https:\/\/secure.gravatar.com\/avatar\/82aafea7d8127119dd649515f56e2117?s=96&d=mm&r=g\",\"contentUrl\":\"https:\/\/secure.gravatar.com\/avatar\/82aafea7d8127119dd649515f56e2117?s=96&d=mm&r=g\",\"caption\":\"rtnews\"},\"url\":\"https:\/\/now-news.de\/de\/author\/rnews\/\"}]}<\/script>\n<!-- \/ Yoast SEO Premium plugin. -->","yoast_head_json":{"title":"Pakistan bietet Indien friedliche L\u00f6sung im Konflikt um Jammu und Kaschmir an - just-now.NEWS Deutschland","robots":{"index":"index","follow":"follow","max-snippet":"max-snippet:-1","max-image-preview":"max-image-preview:large","max-video-preview":"max-video-preview:-1"},"canonical":"https:\/\/now-news.de\/de\/deutschland\/pakistan-bietet-indien-friedliche-loesung-im-konflikt-um-jammu-und-kaschmir-an\/","og_locale":"de_DE","og_type":"article","og_title":"Pakistan bietet Indien friedliche L\u00f6sung im Konflikt um Jammu und Kaschmir an","og_description":"Am Sonntag hat sich Pakistans neuer Premierminister Shehbaz Sharif mit einem Appell an seinen indischen Amtskollegen Narendra Modi gerichtet. Darin rief er zu einer endg\u00fcltigen friedlichen L\u00f6sung der Streitigkeiten zwischen Islamabad und Neu-Delhi insbesondere bez\u00fcglich der langj\u00e4hrigen Auseinandersetzung um die Regionen Jammu und Kaschmir auf. Analyse Pakistan am Scheideweg: Wie der Ukraine-Krieg die innere Spaltung [&hellip;]","og_url":"https:\/\/now-news.de\/de\/deutschland\/pakistan-bietet-indien-friedliche-loesung-im-konflikt-um-jammu-und-kaschmir-an\/","og_site_name":"just-now.NEWS Deutschland","article_publisher":"https:\/\/www.facebook.com\/wirmachenauf","article_published_time":"2022-04-20T08:13:33+00:00","og_image":[{"width":1104,"height":622,"url":"https:\/\/now-news.de\/de\/wp-content\/uploads\/sites\/3\/2022\/04\/Pakistan-bietet-Indien-friedliche-Loesung-im-Konflikt-um-Jammu-und.jpg","type":"image\/jpeg"}],"author":"rtnews","twitter_card":"summary_large_image","twitter_creator":"@WirMachenAuf_de","twitter_site":"@WirMachenAuf_de","twitter_misc":{"Verfasst von":"rtnews","Gesch\u00e4tzte Lesezeit":"2\u00a0Minuten"},"schema":{"@context":"https:\/\/schema.org","@graph":[{"@type":"Article","@id":"https:\/\/now-news.de\/de\/deutschland\/pakistan-bietet-indien-friedliche-loesung-im-konflikt-um-jammu-und-kaschmir-an\/#article","isPartOf":{"@id":"https:\/\/now-news.de\/de\/deutschland\/pakistan-bietet-indien-friedliche-loesung-im-konflikt-um-jammu-und-kaschmir-an\/"},"author":{"name":"rtnews","@id":"https:\/\/now-news.de\/de\/#\/schema\/person\/fb534a4e865501d8b3285208df34a9b5"},"headline":"Pakistan bietet Indien friedliche L\u00f6sung im Konflikt um Jammu und Kaschmir an","datePublished":"2022-04-20T08:13:33+00:00","dateModified":"2022-04-20T08:13:33+00:00","mainEntityOfPage":{"@id":"https:\/\/now-news.de\/de\/deutschland\/pakistan-bietet-indien-friedliche-loesung-im-konflikt-um-jammu-und-kaschmir-an\/"},"wordCount":404,"commentCount":0,"publisher":{"@id":"https:\/\/now-news.de\/de\/#organization"},"image":{"@id":"https:\/\/now-news.de\/de\/deutschland\/pakistan-bietet-indien-friedliche-loesung-im-konflikt-um-jammu-und-kaschmir-an\/#primaryimage"},"thumbnailUrl":"https:\/\/now-news.de\/de\/wp-content\/uploads\/sites\/3\/2022\/04\/Pakistan-bietet-Indien-friedliche-Loesung-im-Konflikt-um-Jammu-und.jpg","keywords":["bietet","friedliche","Indien","Jammu","Kaschmir","Konflikt","L\u00f6sung","Pakistan","und"],"articleSection":["Deutschland","Russland"],"inLanguage":"de","potentialAction":[{"@type":"CommentAction","name":"Comment","target":["https:\/\/now-news.de\/de\/deutschland\/pakistan-bietet-indien-friedliche-loesung-im-konflikt-um-jammu-und-kaschmir-an\/#respond"]}]},{"@type":"WebPage","@id":"https:\/\/now-news.de\/de\/deutschland\/pakistan-bietet-indien-friedliche-loesung-im-konflikt-um-jammu-und-kaschmir-an\/","url":"https:\/\/now-news.de\/de\/deutschland\/pakistan-bietet-indien-friedliche-loesung-im-konflikt-um-jammu-und-kaschmir-an\/","name":"Pakistan bietet Indien friedliche L\u00f6sung im Konflikt um Jammu und Kaschmir an - just-now.NEWS Deutschland","isPartOf":{"@id":"https:\/\/now-news.de\/de\/#website"},"primaryImageOfPage":{"@id":"https:\/\/now-news.de\/de\/deutschland\/pakistan-bietet-indien-friedliche-loesung-im-konflikt-um-jammu-und-kaschmir-an\/#primaryimage"},"image":{"@id":"https:\/\/now-news.de\/de\/deutschland\/pakistan-bietet-indien-friedliche-loesung-im-konflikt-um-jammu-und-kaschmir-an\/#primaryimage"},"thumbnailUrl":"https:\/\/now-news.de\/de\/wp-content\/uploads\/sites\/3\/2022\/04\/Pakistan-bietet-Indien-friedliche-Loesung-im-Konflikt-um-Jammu-und.jpg","datePublished":"2022-04-20T08:13:33+00:00","dateModified":"2022-04-20T08:13:33+00:00","breadcrumb":{"@id":"https:\/\/now-news.de\/de\/deutschland\/pakistan-bietet-indien-friedliche-loesung-im-konflikt-um-jammu-und-kaschmir-an\/#breadcrumb"},"inLanguage":"de","potentialAction":[{"@type":"ReadAction","target":["https:\/\/now-news.de\/de\/deutschland\/pakistan-bietet-indien-friedliche-loesung-im-konflikt-um-jammu-und-kaschmir-an\/"]}]},{"@type":"ImageObject","inLanguage":"de","@id":"https:\/\/now-news.de\/de\/deutschland\/pakistan-bietet-indien-friedliche-loesung-im-konflikt-um-jammu-und-kaschmir-an\/#primaryimage","url":"https:\/\/now-news.de\/de\/wp-content\/uploads\/sites\/3\/2022\/04\/Pakistan-bietet-Indien-friedliche-Loesung-im-Konflikt-um-Jammu-und.jpg","contentUrl":"https:\/\/now-news.de\/de\/wp-content\/uploads\/sites\/3\/2022\/04\/Pakistan-bietet-Indien-friedliche-Loesung-im-Konflikt-um-Jammu-und.jpg","width":1104,"height":622,"caption":"Pakistan bietet Indien friedliche L\u00f6sung im Konflikt um Jammu und Kaschmir an"},{"@type":"BreadcrumbList","@id":"https:\/\/now-news.de\/de\/deutschland\/pakistan-bietet-indien-friedliche-loesung-im-konflikt-um-jammu-und-kaschmir-an\/#breadcrumb","itemListElement":[{"@type":"ListItem","position":1,"name":"Home","item":"https:\/\/now-news.de\/de\/"},{"@type":"ListItem","position":2,"name":"Pakistan bietet Indien friedliche L\u00f6sung im Konflikt um Jammu und Kaschmir an"}]},{"@type":"WebSite","@id":"https:\/\/now-news.de\/de\/#website","url":"https:\/\/now-news.de\/de\/","name":"just-now.NEWS Deutschland","description":"Das Portal f\u00fcr unzensierte Nachrichten aus der Welt","publisher":{"@id":"https:\/\/now-news.de\/de\/#organization"},"potentialAction":[{"@type":"SearchAction","target":{"@type":"EntryPoint","urlTemplate":"https:\/\/now-news.de\/de\/?s={search_term_string}"},"query-input":"required name=search_term_string"}],"inLanguage":"de"},{"@type":"Organization","@id":"https:\/\/now-news.de\/de\/#organization","name":"Just Now News","url":"https:\/\/now-news.de\/de\/","logo":{"@type":"ImageObject","inLanguage":"de","@id":"https:\/\/now-news.de\/de\/#\/schema\/logo\/image\/","url":"http:\/\/just-now.news\/de\/wp-content\/uploads\/sites\/3\/2022\/04\/logo500x500.jpg","contentUrl":"http:\/\/just-now.news\/de\/wp-content\/uploads\/sites\/3\/2022\/04\/logo500x500.jpg","width":500,"height":500,"caption":"Just Now News"},"image":{"@id":"https:\/\/now-news.de\/de\/#\/schema\/logo\/image\/"},"sameAs":["https:\/\/www.facebook.com\/wirmachenauf","https:\/\/x.com\/WirMachenAuf_de"]},{"@type":"Person","@id":"https:\/\/now-news.de\/de\/#\/schema\/person\/fb534a4e865501d8b3285208df34a9b5","name":"rtnews","image":{"@type":"ImageObject","inLanguage":"de","@id":"https:\/\/now-news.de\/de\/#\/schema\/person\/image\/","url":"https:\/\/secure.gravatar.com\/avatar\/82aafea7d8127119dd649515f56e2117?s=96&d=mm&r=g","contentUrl":"https:\/\/secure.gravatar.com\/avatar\/82aafea7d8127119dd649515f56e2117?s=96&d=mm&r=g","caption":"rtnews"},"url":"https:\/\/now-news.de\/de\/author\/rnews\/"}]}},"_links":{"self":[{"href":"https:\/\/now-news.de\/de\/wp-json\/wp\/v2\/posts\/1675"}],"collection":[{"href":"https:\/\/now-news.de\/de\/wp-json\/wp\/v2\/posts"}],"about":[{"href":"https:\/\/now-news.de\/de\/wp-json\/wp\/v2\/types\/post"}],"author":[{"embeddable":true,"href":"https:\/\/now-news.de\/de\/wp-json\/wp\/v2\/users\/3"}],"replies":[{"embeddable":true,"href":"https:\/\/now-news.de\/de\/wp-json\/wp\/v2\/comments?post=1675"}],"version-history":[{"count":0,"href":"https:\/\/now-news.de\/de\/wp-json\/wp\/v2\/posts\/1675\/revisions"}],"wp:featuredmedia":[{"embeddable":true,"href":"https:\/\/now-news.de\/de\/wp-json\/wp\/v2\/media\/1676"}],"wp:attachment":[{"href":"https:\/\/now-news.de\/de\/wp-json\/wp\/v2\/media?parent=1675"}],"wp:term":[{"taxonomy":"category","embeddable":true,"href":"https:\/\/now-news.de\/de\/wp-json\/wp\/v2\/categories?post=1675"},{"taxonomy":"post_tag","embeddable":true,"href":"https:\/\/now-news.de\/de\/wp-json\/wp\/v2\/tags?post=1675"}],"curies":[{"name":"wp","href":"https:\/\/api.w.org\/{rel}","templated":true}]}}