{"id":16650,"date":"2022-08-10T21:01:45","date_gmt":"2022-08-10T19:01:45","guid":{"rendered":"http:\/\/just-now.news\/de\/deutschland\/trump-und-die-verfassungen-des-westens\/"},"modified":"2022-08-10T21:01:45","modified_gmt":"2022-08-10T19:01:45","slug":"trump-und-die-verfassungen-des-westens","status":"publish","type":"post","link":"https:\/\/now-news.de\/de\/deutschland\/trump-und-die-verfassungen-des-westens\/","title":{"rendered":"Trump und die Verfassung(en) des Westens"},"content":{"rendered":"<p><img decoding=\"async\" src=\"http:\/\/just-now.news\/de\/wp-content\/uploads\/sites\/3\/2022\/08\/62f3eb45b480cc2b92613a81.jpg\" \/><\/p>\n<div class=\"Text-root Text-type_1 \">\n                Jetzt also eine Hausdurchsuchung bei einem ehemaligen US-Pr\u00e4sidenten. Und mit fast religi\u00f6sem Eifer wird vorgebetet, wie n\u00f6tig und sinnvoll das war. Dabei ist das nicht nur ein juristisch zweifelhaftes Vorgehen. Da wird \u2013 wieder einmal \u2013 die Axt an Verfassungsgrunds\u00e4tze gelegt.\n            <\/div>\n<p><\/p>\n<div class=\"Text-root Text-type_5 ArticleView-text ViewText-root \">\n<p><em>von Dagmar Henn<\/em><\/p>\n<p>Erinnert sich noch jemand an den Film &#8220;Rosenkrieg&#8221; mit Kathleen Turner und Michael Douglas? Da ging es um ein Paar, das in Scheidung lebt und im Streit um den gemeinsamen Besitz diesen und sich selbst zerst\u00f6rt. Irgendwie hat der Westen momentan etwas von einem dieser Ehepartner. W\u00e4hrend lauthals die Verteidigung der &#8220;westlichen Werte&#8221; beschworen wird, f\u00fcr die man der Ukraine gegen Russland beistehen m\u00fcsse, werden eben diese Werte St\u00fcck f\u00fcr St\u00fcck zertr\u00fcmmert. Als unbeachteter Kollateralschaden eines hassgetriebenen W\u00fctens.<\/p>\n<p>Wobei, das Haus bleibt in diesem Film stehen. Der kollektive Westen gr\u00e4bt gerade eher an den Fundamenten. Mit einem Presslufthammer, mindestens. Selbst wenn man nicht an diese Werte glaubt, hat es etwas Unheimliches, solche Handlungen zu beobachten. Wie einen katholischen Bischof, der Messwein auf den Boden gie\u00dft.<\/p>\n<p>Der letzte Akt solcher Art war die Durchsuchung des Wohnsitzes von Donald Trump durch das FBI. Die deutsche Presse reagierte erwartbar darauf, nicht anders, als sie all die Jahre seiner Pr\u00e4sidentschaft \u00fcber reagiert hatte, treu auf Seiten der demokratischen Regierung. Nur die Republikaner &#8220;emp\u00f6ren sich&#8221;(<em><a rel=\"nofollow noopener\" target=\"_blank\" href=\"https:\/\/news.google.com\/articles\/CAIiEPZzOYY2-HaxK25-vLFMxdAqGQgEKhAIACoHCAow2t-GCzC_8oQDMPXHwAM?uo=CAUiS2h0dHBzOi8vd3d3LnN1ZWRkZXV0c2NoZS5kZS9wb2xpdGlrL3RydW1wLWZiaS1yYXp6aWEtcmVwdWJsaWthbmVyLTEuNTYzNjgwM9IBAA&amp;hl=de&amp;gl=DE&amp;ceid=DE%3Ade\">S\u00fcddeutsche<\/a><\/em>), die <em>ZEIT<\/em>\u00a0<a rel=\"nofollow noopener\" target=\"_blank\" href=\"https:\/\/news.google.com\/articles\/CBMiU2h0dHBzOi8vd3d3LnplaXQuZGUvcG9saXRpay9hdXNsYW5kLzIwMjItMDgvZG9uYWxkLXRydW1wLWZiaS13YWhsa2FtcGYtcmVwdWJsaWthbmVy0gEA?hl=de&amp;gl=DE&amp;ceid=DE%3Ade\">erkl\u00e4rt<\/a> zu Trump gar &#8220;Ohne Handschellen wird man ihn wohl nicht mehr los&#8221;, und die <em>FAZ\u00a0<\/em><a rel=\"nofollow noopener\" target=\"_blank\" href=\"https:\/\/news.google.com\/articles\/CBMifGh0dHBzOi8vd3d3LmZhei5uZXQvYWt0dWVsbC9wb2xpdGlrL2F1c2xhbmQvZG9uYWxkLXRydW1wLXNwaW5udC1kaWUtbWFlci12b24tZGVyLXBvbGl0aXNjaGVuLXZlcmZvbGd1bmctd2VpdGVyLTE4MjMyNDEzLmh0bWzSAX5odHRwczovL20uZmF6Lm5ldC9ha3R1ZWxsL3BvbGl0aWsvYXVzbGFuZC9kb25hbGQtdHJ1bXAtc3Bpbm50LWRpZS1tYWVyLXZvbi1kZXItcG9saXRpc2NoZW4tdmVyZm9sZ3VuZy13ZWl0ZXItMTgyMzI0MTMuYW1wLmh0bWw?hl=de&amp;gl=DE&amp;ceid=DE%3Ade\">schreibt<\/a> \u00fcber &#8220;Trumps M\u00e4r von der politischen Verfolgung.&#8221; Ein Skandal wird h\u00f6chstens in angeblich von Trump die Toilette hinuntergesp\u00fclten Dokumenten gesehen, nicht in der Durchsuchung.<\/p>\n<p>Das Ziel, Trump irgendwie zu schaden, scheint alle Mittel zu rechtfertigen, da sind die deutschen Medien nur eine Verl\u00e4ngerung des US-amerikanischen Mainstreams. Aber auch hier geht es wie bei Gro\u00dfbritannien bei den Sanktionen gegen einen eigenen Staatsb\u00fcrger nicht nur um eine konkrete Handlung, sondern gleichzeitig um eine symbolische.<\/p>\n<p>Diese symbolische Ebene ist, so eigenartig das f\u00fcr manche vielleicht klingen mag, in der Politik allgegenw\u00e4rtig. Ich rede jetzt nicht von Symbolpolitik, wie sie die Gr\u00fcnen gerne betreiben, bei der drei, vier Personen f\u00fcr f\u00fcnf Minuten Protest mimen oder geschlechtslose Toiletten als gro\u00dfer Erfolg verkauft werden. Ich rede von jener Symbolik, die sich in den t\u00e4glichen Abl\u00e4ufen einer protokollarischen Hierarchie verbirgt, die man eigentlich wahrnehmen muss, wenn man irgendwo als Vertreter nicht nur seiner selbst auftritt (eines von vielen Dingen, die einer Annalena Baerbock v\u00f6llig abgehen).<\/p>\n<p>Ihre Bestandteile finden sich irgendwo auf der Linie von l\u00e4cherlich bis sakral. Wie \u00fcberall sonst auch, k\u00f6nnen symbolische Handlungen in der Politik falsch und verlogen sein, aber auch anr\u00fchrend und echt. Ihre Grundlage liegt im kollektiven Wesen des Menschen; jedes Kollektiv entwickelt Symbole und Rituale der Selbstvergewisserung, das kann man schon an Fu\u00dfballvereinen beobachten. Politische Symbolik bezieht sich auf die gr\u00f6\u00dften Kollektive, die die Menschheit kennt.<\/p>\n<p>Der Grund, warum Auftritte von Au\u00dfenministerin Annalena Baerbock im Sommerkleidchen eine Art symbolischer Dissonanz erzeugen, ist der, dass die Unterscheidung zwischen privater und &#8220;dienstlicher&#8221; Kleidung in der Politik das Symbol daf\u00fcr ist, dass ein Auftritt eben nicht als private Person erfolgt, die ihren pers\u00f6nlichen Neigungen und Abneigungen folgen kann, sondern im Auftrag eines gr\u00f6\u00dferen Kollektivs. Die formelle Kleidung signalisiert unter anderem den Respekt gegen\u00fcber den nicht anwesenden Mitgliedern dieses Kollektivs, und private, &#8220;lockere&#8221; Kleidung signalisiert, dass dieser Respekt nicht vorhanden ist und die auftretende Person ihr Handeln als aus sich selbst heraus legitimiert betrachtet, als Spielfeld der privaten Neigung.<\/p>\n<p>Viele politische Positionen sind in unterschiedlichem Ma\u00df Teil dieser Symbolik. Die Position des US-Pr\u00e4sidenten ist mit Sicherheit unter den am St\u00e4rksten symbolisch aufgeladenen. Schlie\u00dflich ist die US-Verfassung sehr alt, die Rolle des Pr\u00e4sidenten wurde im 18. Jahrhundert definiert und hat noch deutliche Ankl\u00e4nge an das K\u00f6nigtum und dessen symbolische Stellung. Wobei die britischen K\u00f6nige des 18. Jahrhunderts schon jene nach der Enthauptung von Charles I. waren, also gewisserma\u00dfen K\u00f6nige minderer, eingeschr\u00e4nkter Macht.<\/p>\n<p>Apropos K\u00f6pfen von K\u00f6nigen \u2013 auch hier ist die symbolische Ebene mindestens so wichtig wie die machtpolitische; es ist ein Akt, der sich nicht reproduzieren l\u00e4sst, denn was immer danach als politisches System entsteht, wird dem vorhergehenden nicht mehr gleichen. Die Person l\u00e4sst sich ersetzen. Aber das Wissen um die \u00dcberwindbarkeit der Macht bleibt.<\/p>\n<p>Es gibt viele juristisch zweifelhafte Aspekte an der Durchsuchung des Anwesens des ehemaligen US-Pr\u00e4sidenten. Das beginnt mit der Frage, warum nicht erst einmal ein Brief geschickt wurde, um nach gewissen Akten zu fragen, wie das als normale Umgangsform \u00fcblich ist. Wenn man vom Nachbarn einen ausgeliehenen Schraubenschl\u00fcssel wiederhaben will, tritt man auch nicht gleich die T\u00fcr ein. Danach w\u00e4re es immer noch m\u00f6glich gewesen, auf Herausgabe der Akten zu klagen.<\/p>\n<p>Und nat\u00fcrlich hat es einen unangenehmen Beigeschmack, wenn der Richter, der den Durchsuchungsbeschluss abzeichnete, vor Antritt dieses Amtes ausgerechnet der private Anwalt von Jeffrey Epstein war, damit also Teil des Clinton-Zirkels, wie randst\u00e4ndig auch immer.<\/p>\n<p>Es gibt kein Gesetz, werden jetzt die Parteig\u00e4nger der US-Demokraten sagen, das es verbietet, gegen einen Ex-Pr\u00e4sidenten rechtlich vorzugehen. Das stimmt. Aber das Recht hat zwei Enden, zwei Bereiche, in denen es nicht greift. Am unteren Ende stehen Handlungen, die so selbstverst\u00e4ndlich sind, dass sie keiner rechtlichen Definition bed\u00fcrfen. Am oberen Ende Handlungen, die so unvorstellbar sind, dass eine rechtliche Definition keinen Sinn macht. Es gibt kein Einwanderungsrecht f\u00fcr Au\u00dferirdische, und kein Gesetz, das es dem Papst verbietet, bei Vollmond nackt auf dem Petersplatz zu tanzen.<\/p>\n<p>In den fast 250 Jahren, die die Verfassung der USA inzwischen in Kraft ist, gab es erst eine Hausdurchsuchung bei einem ehemaligen Pr\u00e4sidenten. Das ist die bei Trump, vor wenigen Tagen. Es gab bisher 45 Pr\u00e4sidenten. Viele davon hatten Akten bei sich zu Hause. Das wei\u00df man schon alleine deshalb, weil diese \u00fcblicherweise nach ihrem Tod in einer Bibliothek aufbewahrt werden, die ihren Namen tr\u00e4gt. Die Vernichtung von Akten ist ein Problem, weil die Archivierungspflicht in den USA sehr weitgehend ist; aber bei einer Hausdurchsuchung l\u00e4sst sich nur ein Vorhandensein von Akten feststellen, aber nicht eine Vernichtung.<\/p>\n<p>Und grunds\u00e4tzlich gibt es gegen\u00fcber einem Pr\u00e4sidenten in einer pr\u00e4sidialen Verfassung wie der US-amerikanischen kein Geheimnis. Aus seiner Amtszeit gibt es keine Information, die zu erhalten er keinen Anspruch hat. Erst nach Ablauf der Amtszeit, und nur bezogen auf Ereignisse und Akten, die danach entstanden sind, g\u00e4be es irgendeinen Ansatz zur Kritik.<\/p>\n<p>Es sieht eher wie eine kleinliche, umgekehrte Reinszenierung der Vorw\u00fcrfe gegen\u00fcber Hillary Clinton aus, die tats\u00e4chlich nicht nur Kommunikation aus dem Au\u00dfenministerium \u00fcber den privaten Rechner laufen lie\u00df, sondern solche Kommunikation zus\u00e4tzlich auch noch l\u00f6schte. Wobei die Position eines Pr\u00e4sidenten eben noch einmal eine andere ist als einer Au\u00dfenministerin.<\/p>\n<p>Das mag vor\u00fcbergehend einigen ihrer Fans ein gewisses Hoch verschaffen. Aber was geschieht mit der Rolle des Pr\u00e4sidenten in den USA? Nachdem bereits so getan wird, als sei der unverkennbar geistig bereits sehr eingeschr\u00e4nkte Joe Biden eine angebrachte Besetzung in einer fundamentalen Krise? Oder, anders herum formuliert, was bleibt noch \u00fcbrig von diesem Amt und seiner Stellung in der US-amerikanischen Gesellschaft, in der jedes Kind die komplette Liste der Pr\u00e4sidenten heruntersagen kann, wenn die n\u00e4chsten zwei Jahre so weitergehen?<\/p>\n<p>Und dabei geht es nicht um Au\u00dfenpolitik. Es geht um die Menge der \u00dcberzeugungen, die die Lager in der Gesellschaft noch miteinander teilen. Die sie vielleicht noch nicht einmal davon abhalten, einander an die Kehle zu gehen, aber Grundlage daf\u00fcr sein k\u00f6nnten, damit wieder aufzuh\u00f6ren und weiter in einem Land miteinander zu leben.<\/p>\n<p>Diesen eigenartigen Zug, Grunds\u00e4tze preiszugeben, die f\u00fcr ihn selbst noch wichtig sein k\u00f6nnten, zeigte der Westen bereits in ersten Ans\u00e4tzen im Sommer 2014, als in Kiew ein Angriff auf die dortige russische Botschaft erfolgte und der UN-Sicherheitsrat diesen Angriff nicht verurteilte. Das war ein im Grunde banales Ereignis, das routinem\u00e4\u00dfig mit einer Formulierung des Bedauerns abgefertigt h\u00e4tte werden k\u00f6nnen; in den Jahrzehnten davor war es mitnichten ein Ausdruck besonderer Sympathie, dies zu tun, sondern schlicht die Wahrnehmung der Tatsache, dass die Sicherheit von Botschaften ein gemeinsames Interesse darstellt.<\/p>\n<p>Im selben Sommer nahm es dann das Internationale Komitee vom Roten Kreuz widerspruchslos hin, dass die ukrainischen Truppen eine Versorgung des Donbass mit humanit\u00e4rer Hilfe blockierten. Ein klarer Versto\u00df gegen das Kriegsv\u00f6lkerrecht, aber weil das IKRK nicht dagegen protestierte, blieb er unsichtbar. Der Preis daf\u00fcr war nur ein enormer Vertrauensverlust auf der anderen Seite; f\u00fcr eine Organisation, deren Ursprung in einer Versorgung von Kriegsopfern ohne Betracht ihrer Zugeh\u00f6rigkeit liegt, keine Lappalie.<\/p>\n<p>So ging es mit einer internationalen Organisation nach der anderen; als wolle man jede Struktur, die einen Schritt in Richtung Frieden mit dem auserw\u00e4hlten Gegner erm\u00f6glicht, gezielt in St\u00fccke schlagen. Aber inzwischen ist dieser Prozess tief in die eigene Politik eingedrungen. Es werden nicht mehr nur die Vasen zertr\u00fcmmert, es wird mit dem Presslufthammer an den tragenden W\u00e4nden gearbeitet und am Fundament gegraben.<\/p>\n<p>Es ist keine Zerst\u00f6rung von unten, die \u00fcblicherweise von einem Modell begleitet wird, wie die Dinge besser zu regeln w\u00e4ren. Es ist eine Zerst\u00f6rung von oben, eine Macht, die sich selbst der Legitimit\u00e4t beraubt (es ist nicht m\u00f6glich, gegen Ex-Pr\u00e4sident Trump vorzugehen, ohne den Pr\u00e4sidenten Biden zu schw\u00e4chen, so wie es nicht m\u00f6glich ist, gegen einen Ex-Kanzler Schr\u00f6der vorzugehen, ohne den Kanzler Scholz zu sch\u00e4digen); die auf ihre Schw\u00e4che mit w\u00fctenden Anklagen gegen jede abweichende Meinung reagiert, ohne an dieser Schw\u00e4che etwas \u00e4ndern zu k\u00f6nnen, die im Gegenteil immer weitere schw\u00e4chende Schritte unternimmt.<\/p>\n<p>Bei aller Bem\u00fchung, die rationalen Triebkr\u00e4fte hinter diesem Verhalten zu erkennen und zu benennen, es bleibt ein unheimliches, absurdes Theater. Die Magna Carta? Die Stellung des US-Pr\u00e4sidenten? Ins Feuer damit. Das, was unauff\u00e4llig auf internationaler B\u00fchne begonnen hat, was dann mit Zensur und Einschr\u00e4nkung des Meinungskorridors fortgesetzt wurde, ist inzwischen bei den Verfassungsgrundlagen angekommen, und in einem Staat des Westens nach dem anderen geschieht dasselbe. Ins Feuer damit.<\/p>\n<p>Dabei verschwinden weder die Bev\u00f6lkerungen noch die Staaten des Westens, wenn dieser seine Machtstellung verliert. Den meisten gew\u00f6hnlichen B\u00fcrgern w\u00e4re das ohne den erzwungenen Showdown in der Ukraine und den Sanktionszirkus vermutlich nicht einmal sonderlich aufgefallen; nur die eigenen Politiker n\u00f6tigen sie, an diesem Untergangstheater teilzunehmen, und sorgen nach Kr\u00e4ften daf\u00fcr, dass nichts mehr \u00fcbrig bleibt.<\/p>\n<p>W\u00e4hrenddessen <a rel=\"nofollow noopener\" target=\"_blank\" href=\"https:\/\/www.youtube.com\/watch?v=YMZ6FvpvleA\">rufen<\/a> sie wie Monthy Pythons Schwarzer Ritter: &#8220;Das ist doch nur eine Fleischwunde!&#8221;<\/p>\n<p><strong>Mehr zum Thema<\/strong> &#8211; <a rel=\"nofollow noopener\" target=\"_blank\" href=\"https:\/\/de.rt.com\/meinung\/144750-grossbritannien-entsorgt-magna-carta-um\/\">Gro\u00dfbritannien entsorgt die Magna Carta, um Graham Phillips zu strafen<\/a><\/p>\n<p>\u00a0<\/p>\n<\/p>\n<\/div>\n<p><br \/>\n<br \/><a href=\"https:\/\/de.rt.com\/meinung\/145801-trump-und-verfassungen-westens\/\">Source link <\/a><\/p>\n","protected":false},"excerpt":{"rendered":"<p>Jetzt also eine Hausdurchsuchung bei einem ehemaligen US-Pr\u00e4sidenten. Und mit fast religi\u00f6sem Eifer wird vorgebetet, wie n\u00f6tig und sinnvoll das war. Dabei ist das nicht nur ein juristisch zweifelhaftes Vorgehen. Da wird \u2013 wieder einmal \u2013 die Axt an Verfassungsgrunds\u00e4tze gelegt. von Dagmar Henn Erinnert sich noch jemand an den Film &#8220;Rosenkrieg&#8221; mit Kathleen Turner [&hellip;]<\/p>\n","protected":false},"author":3,"featured_media":16651,"comment_status":"open","ping_status":"open","sticky":false,"template":"","format":"standard","meta":{"wp_automatic_camp":["217"],"1ab38e3d7cfa82a6e4d70371108156e0":["Trump und die Verfassung(en) des Westens"],"original_link":["https:\/\/de.rt.com\/meinung\/145801-trump-und-verfassungen-westens\/"],"_thumbnail_id":["16651"],"_wptg_p2tg_sent2tg":["2022-08-10 21:15:13"],"jnews_social_counter_last_update":["1777322817"]},"categories":[19,23],"tags":[583,45,1639,140,30776,3117],"yoast_head":"<!-- This site is optimized with the Yoast SEO Premium plugin v22.7 (Yoast SEO v22.7) - https:\/\/yoast.com\/wordpress\/plugins\/seo\/ -->\n<title>Trump und die Verfassung(en) des Westens - just-now.NEWS Deutschland<\/title>\n<meta name=\"robots\" content=\"index, follow, max-snippet:-1, max-image-preview:large, max-video-preview:-1\" \/>\n<link rel=\"canonical\" href=\"https:\/\/now-news.de\/de\/deutschland\/trump-und-die-verfassungen-des-westens\/\" \/>\n<meta property=\"og:locale\" content=\"de_DE\" \/>\n<meta property=\"og:type\" content=\"article\" \/>\n<meta property=\"og:title\" content=\"Trump und die Verfassung(en) des Westens\" \/>\n<meta property=\"og:description\" content=\"Jetzt also eine Hausdurchsuchung bei einem ehemaligen US-Pr\u00e4sidenten. Und mit fast religi\u00f6sem Eifer wird vorgebetet, wie n\u00f6tig und sinnvoll das war. Dabei ist das nicht nur ein juristisch zweifelhaftes Vorgehen. Da wird \u2013 wieder einmal \u2013 die Axt an Verfassungsgrunds\u00e4tze gelegt. von Dagmar Henn Erinnert sich noch jemand an den Film &#8220;Rosenkrieg&#8221; mit Kathleen Turner [&hellip;]\" \/>\n<meta property=\"og:url\" content=\"https:\/\/now-news.de\/de\/deutschland\/trump-und-die-verfassungen-des-westens\/\" \/>\n<meta property=\"og:site_name\" content=\"just-now.NEWS Deutschland\" \/>\n<meta property=\"article:publisher\" content=\"https:\/\/www.facebook.com\/wirmachenauf\" \/>\n<meta property=\"article:published_time\" content=\"2022-08-10T19:01:45+00:00\" \/>\n<meta property=\"og:image\" content=\"https:\/\/now-news.de\/de\/wp-content\/uploads\/sites\/3\/2022\/08\/Trump-und-die-Verfassungen-des-Westens.jpg\" \/>\n\t<meta property=\"og:image:width\" content=\"460\" \/>\n\t<meta property=\"og:image:height\" content=\"259\" \/>\n\t<meta property=\"og:image:type\" content=\"image\/jpeg\" \/>\n<meta name=\"author\" content=\"rtnews\" \/>\n<meta name=\"twitter:card\" content=\"summary_large_image\" \/>\n<meta name=\"twitter:creator\" content=\"@WirMachenAuf_de\" \/>\n<meta name=\"twitter:site\" content=\"@WirMachenAuf_de\" \/>\n<meta name=\"twitter:label1\" content=\"Verfasst von\" \/>\n\t<meta name=\"twitter:data1\" content=\"rtnews\" \/>\n\t<meta name=\"twitter:label2\" content=\"Gesch\u00e4tzte Lesezeit\" \/>\n\t<meta name=\"twitter:data2\" content=\"9\u00a0Minuten\" \/>\n<script type=\"application\/ld+json\" class=\"yoast-schema-graph\">{\"@context\":\"https:\/\/schema.org\",\"@graph\":[{\"@type\":\"Article\",\"@id\":\"https:\/\/now-news.de\/de\/deutschland\/trump-und-die-verfassungen-des-westens\/#article\",\"isPartOf\":{\"@id\":\"https:\/\/now-news.de\/de\/deutschland\/trump-und-die-verfassungen-des-westens\/\"},\"author\":{\"name\":\"rtnews\",\"@id\":\"https:\/\/now-news.de\/de\/#\/schema\/person\/fb534a4e865501d8b3285208df34a9b5\"},\"headline\":\"Trump und die Verfassung(en) des Westens\",\"datePublished\":\"2022-08-10T19:01:45+00:00\",\"dateModified\":\"2022-08-10T19:01:45+00:00\",\"mainEntityOfPage\":{\"@id\":\"https:\/\/now-news.de\/de\/deutschland\/trump-und-die-verfassungen-des-westens\/\"},\"wordCount\":1818,\"commentCount\":0,\"publisher\":{\"@id\":\"https:\/\/now-news.de\/de\/#organization\"},\"image\":{\"@id\":\"https:\/\/now-news.de\/de\/deutschland\/trump-und-die-verfassungen-des-westens\/#primaryimage\"},\"thumbnailUrl\":\"https:\/\/now-news.de\/de\/wp-content\/uploads\/sites\/3\/2022\/08\/Trump-und-die-Verfassungen-des-Westens.jpg\",\"keywords\":[\"des\",\"die\",\"trump\",\"und\",\"Verfassungen\",\"Westens\"],\"articleSection\":[\"Deutschland\",\"Russland\"],\"inLanguage\":\"de\",\"potentialAction\":[{\"@type\":\"CommentAction\",\"name\":\"Comment\",\"target\":[\"https:\/\/now-news.de\/de\/deutschland\/trump-und-die-verfassungen-des-westens\/#respond\"]}]},{\"@type\":\"WebPage\",\"@id\":\"https:\/\/now-news.de\/de\/deutschland\/trump-und-die-verfassungen-des-westens\/\",\"url\":\"https:\/\/now-news.de\/de\/deutschland\/trump-und-die-verfassungen-des-westens\/\",\"name\":\"Trump und die Verfassung(en) des Westens - just-now.NEWS Deutschland\",\"isPartOf\":{\"@id\":\"https:\/\/now-news.de\/de\/#website\"},\"primaryImageOfPage\":{\"@id\":\"https:\/\/now-news.de\/de\/deutschland\/trump-und-die-verfassungen-des-westens\/#primaryimage\"},\"image\":{\"@id\":\"https:\/\/now-news.de\/de\/deutschland\/trump-und-die-verfassungen-des-westens\/#primaryimage\"},\"thumbnailUrl\":\"https:\/\/now-news.de\/de\/wp-content\/uploads\/sites\/3\/2022\/08\/Trump-und-die-Verfassungen-des-Westens.jpg\",\"datePublished\":\"2022-08-10T19:01:45+00:00\",\"dateModified\":\"2022-08-10T19:01:45+00:00\",\"breadcrumb\":{\"@id\":\"https:\/\/now-news.de\/de\/deutschland\/trump-und-die-verfassungen-des-westens\/#breadcrumb\"},\"inLanguage\":\"de\",\"potentialAction\":[{\"@type\":\"ReadAction\",\"target\":[\"https:\/\/now-news.de\/de\/deutschland\/trump-und-die-verfassungen-des-westens\/\"]}]},{\"@type\":\"ImageObject\",\"inLanguage\":\"de\",\"@id\":\"https:\/\/now-news.de\/de\/deutschland\/trump-und-die-verfassungen-des-westens\/#primaryimage\",\"url\":\"https:\/\/now-news.de\/de\/wp-content\/uploads\/sites\/3\/2022\/08\/Trump-und-die-Verfassungen-des-Westens.jpg\",\"contentUrl\":\"https:\/\/now-news.de\/de\/wp-content\/uploads\/sites\/3\/2022\/08\/Trump-und-die-Verfassungen-des-Westens.jpg\",\"width\":460,\"height\":259,\"caption\":\"Trump und die Verfassung(en) des Westens\"},{\"@type\":\"BreadcrumbList\",\"@id\":\"https:\/\/now-news.de\/de\/deutschland\/trump-und-die-verfassungen-des-westens\/#breadcrumb\",\"itemListElement\":[{\"@type\":\"ListItem\",\"position\":1,\"name\":\"Home\",\"item\":\"https:\/\/now-news.de\/de\/\"},{\"@type\":\"ListItem\",\"position\":2,\"name\":\"Trump und die Verfassung(en) des Westens\"}]},{\"@type\":\"WebSite\",\"@id\":\"https:\/\/now-news.de\/de\/#website\",\"url\":\"https:\/\/now-news.de\/de\/\",\"name\":\"just-now.NEWS Deutschland\",\"description\":\"Das Portal f\u00fcr unzensierte Nachrichten aus der Welt\",\"publisher\":{\"@id\":\"https:\/\/now-news.de\/de\/#organization\"},\"potentialAction\":[{\"@type\":\"SearchAction\",\"target\":{\"@type\":\"EntryPoint\",\"urlTemplate\":\"https:\/\/now-news.de\/de\/?s={search_term_string}\"},\"query-input\":\"required name=search_term_string\"}],\"inLanguage\":\"de\"},{\"@type\":\"Organization\",\"@id\":\"https:\/\/now-news.de\/de\/#organization\",\"name\":\"Just Now News\",\"url\":\"https:\/\/now-news.de\/de\/\",\"logo\":{\"@type\":\"ImageObject\",\"inLanguage\":\"de\",\"@id\":\"https:\/\/now-news.de\/de\/#\/schema\/logo\/image\/\",\"url\":\"http:\/\/just-now.news\/de\/wp-content\/uploads\/sites\/3\/2022\/04\/logo500x500.jpg\",\"contentUrl\":\"http:\/\/just-now.news\/de\/wp-content\/uploads\/sites\/3\/2022\/04\/logo500x500.jpg\",\"width\":500,\"height\":500,\"caption\":\"Just Now News\"},\"image\":{\"@id\":\"https:\/\/now-news.de\/de\/#\/schema\/logo\/image\/\"},\"sameAs\":[\"https:\/\/www.facebook.com\/wirmachenauf\",\"https:\/\/x.com\/WirMachenAuf_de\"]},{\"@type\":\"Person\",\"@id\":\"https:\/\/now-news.de\/de\/#\/schema\/person\/fb534a4e865501d8b3285208df34a9b5\",\"name\":\"rtnews\",\"image\":{\"@type\":\"ImageObject\",\"inLanguage\":\"de\",\"@id\":\"https:\/\/now-news.de\/de\/#\/schema\/person\/image\/\",\"url\":\"https:\/\/secure.gravatar.com\/avatar\/82aafea7d8127119dd649515f56e2117?s=96&d=mm&r=g\",\"contentUrl\":\"https:\/\/secure.gravatar.com\/avatar\/82aafea7d8127119dd649515f56e2117?s=96&d=mm&r=g\",\"caption\":\"rtnews\"},\"url\":\"https:\/\/now-news.de\/de\/author\/rnews\/\"}]}<\/script>\n<!-- \/ Yoast SEO Premium plugin. -->","yoast_head_json":{"title":"Trump und die Verfassung(en) des Westens - just-now.NEWS Deutschland","robots":{"index":"index","follow":"follow","max-snippet":"max-snippet:-1","max-image-preview":"max-image-preview:large","max-video-preview":"max-video-preview:-1"},"canonical":"https:\/\/now-news.de\/de\/deutschland\/trump-und-die-verfassungen-des-westens\/","og_locale":"de_DE","og_type":"article","og_title":"Trump und die Verfassung(en) des Westens","og_description":"Jetzt also eine Hausdurchsuchung bei einem ehemaligen US-Pr\u00e4sidenten. Und mit fast religi\u00f6sem Eifer wird vorgebetet, wie n\u00f6tig und sinnvoll das war. Dabei ist das nicht nur ein juristisch zweifelhaftes Vorgehen. Da wird \u2013 wieder einmal \u2013 die Axt an Verfassungsgrunds\u00e4tze gelegt. von Dagmar Henn Erinnert sich noch jemand an den Film &#8220;Rosenkrieg&#8221; mit Kathleen Turner [&hellip;]","og_url":"https:\/\/now-news.de\/de\/deutschland\/trump-und-die-verfassungen-des-westens\/","og_site_name":"just-now.NEWS Deutschland","article_publisher":"https:\/\/www.facebook.com\/wirmachenauf","article_published_time":"2022-08-10T19:01:45+00:00","og_image":[{"width":460,"height":259,"url":"https:\/\/now-news.de\/de\/wp-content\/uploads\/sites\/3\/2022\/08\/Trump-und-die-Verfassungen-des-Westens.jpg","type":"image\/jpeg"}],"author":"rtnews","twitter_card":"summary_large_image","twitter_creator":"@WirMachenAuf_de","twitter_site":"@WirMachenAuf_de","twitter_misc":{"Verfasst von":"rtnews","Gesch\u00e4tzte Lesezeit":"9\u00a0Minuten"},"schema":{"@context":"https:\/\/schema.org","@graph":[{"@type":"Article","@id":"https:\/\/now-news.de\/de\/deutschland\/trump-und-die-verfassungen-des-westens\/#article","isPartOf":{"@id":"https:\/\/now-news.de\/de\/deutschland\/trump-und-die-verfassungen-des-westens\/"},"author":{"name":"rtnews","@id":"https:\/\/now-news.de\/de\/#\/schema\/person\/fb534a4e865501d8b3285208df34a9b5"},"headline":"Trump und die Verfassung(en) des Westens","datePublished":"2022-08-10T19:01:45+00:00","dateModified":"2022-08-10T19:01:45+00:00","mainEntityOfPage":{"@id":"https:\/\/now-news.de\/de\/deutschland\/trump-und-die-verfassungen-des-westens\/"},"wordCount":1818,"commentCount":0,"publisher":{"@id":"https:\/\/now-news.de\/de\/#organization"},"image":{"@id":"https:\/\/now-news.de\/de\/deutschland\/trump-und-die-verfassungen-des-westens\/#primaryimage"},"thumbnailUrl":"https:\/\/now-news.de\/de\/wp-content\/uploads\/sites\/3\/2022\/08\/Trump-und-die-Verfassungen-des-Westens.jpg","keywords":["des","die","trump","und","Verfassungen","Westens"],"articleSection":["Deutschland","Russland"],"inLanguage":"de","potentialAction":[{"@type":"CommentAction","name":"Comment","target":["https:\/\/now-news.de\/de\/deutschland\/trump-und-die-verfassungen-des-westens\/#respond"]}]},{"@type":"WebPage","@id":"https:\/\/now-news.de\/de\/deutschland\/trump-und-die-verfassungen-des-westens\/","url":"https:\/\/now-news.de\/de\/deutschland\/trump-und-die-verfassungen-des-westens\/","name":"Trump und die Verfassung(en) des Westens - just-now.NEWS Deutschland","isPartOf":{"@id":"https:\/\/now-news.de\/de\/#website"},"primaryImageOfPage":{"@id":"https:\/\/now-news.de\/de\/deutschland\/trump-und-die-verfassungen-des-westens\/#primaryimage"},"image":{"@id":"https:\/\/now-news.de\/de\/deutschland\/trump-und-die-verfassungen-des-westens\/#primaryimage"},"thumbnailUrl":"https:\/\/now-news.de\/de\/wp-content\/uploads\/sites\/3\/2022\/08\/Trump-und-die-Verfassungen-des-Westens.jpg","datePublished":"2022-08-10T19:01:45+00:00","dateModified":"2022-08-10T19:01:45+00:00","breadcrumb":{"@id":"https:\/\/now-news.de\/de\/deutschland\/trump-und-die-verfassungen-des-westens\/#breadcrumb"},"inLanguage":"de","potentialAction":[{"@type":"ReadAction","target":["https:\/\/now-news.de\/de\/deutschland\/trump-und-die-verfassungen-des-westens\/"]}]},{"@type":"ImageObject","inLanguage":"de","@id":"https:\/\/now-news.de\/de\/deutschland\/trump-und-die-verfassungen-des-westens\/#primaryimage","url":"https:\/\/now-news.de\/de\/wp-content\/uploads\/sites\/3\/2022\/08\/Trump-und-die-Verfassungen-des-Westens.jpg","contentUrl":"https:\/\/now-news.de\/de\/wp-content\/uploads\/sites\/3\/2022\/08\/Trump-und-die-Verfassungen-des-Westens.jpg","width":460,"height":259,"caption":"Trump und die Verfassung(en) des Westens"},{"@type":"BreadcrumbList","@id":"https:\/\/now-news.de\/de\/deutschland\/trump-und-die-verfassungen-des-westens\/#breadcrumb","itemListElement":[{"@type":"ListItem","position":1,"name":"Home","item":"https:\/\/now-news.de\/de\/"},{"@type":"ListItem","position":2,"name":"Trump und die Verfassung(en) des Westens"}]},{"@type":"WebSite","@id":"https:\/\/now-news.de\/de\/#website","url":"https:\/\/now-news.de\/de\/","name":"just-now.NEWS Deutschland","description":"Das Portal f\u00fcr unzensierte Nachrichten aus der Welt","publisher":{"@id":"https:\/\/now-news.de\/de\/#organization"},"potentialAction":[{"@type":"SearchAction","target":{"@type":"EntryPoint","urlTemplate":"https:\/\/now-news.de\/de\/?s={search_term_string}"},"query-input":"required name=search_term_string"}],"inLanguage":"de"},{"@type":"Organization","@id":"https:\/\/now-news.de\/de\/#organization","name":"Just Now News","url":"https:\/\/now-news.de\/de\/","logo":{"@type":"ImageObject","inLanguage":"de","@id":"https:\/\/now-news.de\/de\/#\/schema\/logo\/image\/","url":"http:\/\/just-now.news\/de\/wp-content\/uploads\/sites\/3\/2022\/04\/logo500x500.jpg","contentUrl":"http:\/\/just-now.news\/de\/wp-content\/uploads\/sites\/3\/2022\/04\/logo500x500.jpg","width":500,"height":500,"caption":"Just Now News"},"image":{"@id":"https:\/\/now-news.de\/de\/#\/schema\/logo\/image\/"},"sameAs":["https:\/\/www.facebook.com\/wirmachenauf","https:\/\/x.com\/WirMachenAuf_de"]},{"@type":"Person","@id":"https:\/\/now-news.de\/de\/#\/schema\/person\/fb534a4e865501d8b3285208df34a9b5","name":"rtnews","image":{"@type":"ImageObject","inLanguage":"de","@id":"https:\/\/now-news.de\/de\/#\/schema\/person\/image\/","url":"https:\/\/secure.gravatar.com\/avatar\/82aafea7d8127119dd649515f56e2117?s=96&d=mm&r=g","contentUrl":"https:\/\/secure.gravatar.com\/avatar\/82aafea7d8127119dd649515f56e2117?s=96&d=mm&r=g","caption":"rtnews"},"url":"https:\/\/now-news.de\/de\/author\/rnews\/"}]}},"_links":{"self":[{"href":"https:\/\/now-news.de\/de\/wp-json\/wp\/v2\/posts\/16650"}],"collection":[{"href":"https:\/\/now-news.de\/de\/wp-json\/wp\/v2\/posts"}],"about":[{"href":"https:\/\/now-news.de\/de\/wp-json\/wp\/v2\/types\/post"}],"author":[{"embeddable":true,"href":"https:\/\/now-news.de\/de\/wp-json\/wp\/v2\/users\/3"}],"replies":[{"embeddable":true,"href":"https:\/\/now-news.de\/de\/wp-json\/wp\/v2\/comments?post=16650"}],"version-history":[{"count":0,"href":"https:\/\/now-news.de\/de\/wp-json\/wp\/v2\/posts\/16650\/revisions"}],"wp:featuredmedia":[{"embeddable":true,"href":"https:\/\/now-news.de\/de\/wp-json\/wp\/v2\/media\/16651"}],"wp:attachment":[{"href":"https:\/\/now-news.de\/de\/wp-json\/wp\/v2\/media?parent=16650"}],"wp:term":[{"taxonomy":"category","embeddable":true,"href":"https:\/\/now-news.de\/de\/wp-json\/wp\/v2\/categories?post=16650"},{"taxonomy":"post_tag","embeddable":true,"href":"https:\/\/now-news.de\/de\/wp-json\/wp\/v2\/tags?post=16650"}],"curies":[{"name":"wp","href":"https:\/\/api.w.org\/{rel}","templated":true}]}}