{"id":16637,"date":"2022-08-10T18:23:09","date_gmt":"2022-08-10T16:23:09","guid":{"rendered":"http:\/\/just-now.news\/de\/deutschland\/durchsuchung-bei-trump-verantwortlicher-richter-war-jeffrey-epsteins-anwalt\/"},"modified":"2022-08-10T18:23:09","modified_gmt":"2022-08-10T16:23:09","slug":"durchsuchung-bei-trump-verantwortlicher-richter-war-jeffrey-epsteins-anwalt","status":"publish","type":"post","link":"https:\/\/now-news.de\/de\/deutschland\/durchsuchung-bei-trump-verantwortlicher-richter-war-jeffrey-epsteins-anwalt\/","title":{"rendered":"Durchsuchung bei Trump: Verantwortlicher Richter war Jeffrey Epsteins Anwalt"},"content":{"rendered":"<p><img decoding=\"async\" src=\"http:\/\/just-now.news\/de\/wp-content\/uploads\/sites\/3\/2022\/08\/62f3961e48fbef633a28ecb6.jpg\" \/><\/p>\n<p>US-Bundesbeamte durchsuchten\u00a0zu Beginn dieser Woche das Haus und Anwesen des ehemaligen Pr\u00e4sidenten Donald Trump in Mar-a-Lago, Florida, weil sie davon ausgingen, dass in den Privatr\u00e4umen weitere geheime Informationen\u00a0zu finden seien. Bereits Anfang des Jahres h\u00e4tten die US-Beh\u00f6rden mehr als ein Dutzend Kisten mit Dokumenten des Wei\u00dfen Hauses aus dem Resort geholt, wie mit der Angelegenheit vertraute Personen dem <em>Wall Street Journal\u00a0<\/em>(<em>WSJ<\/em>) <a rel=\"nofollow noopener\" target=\"_blank\" href=\"https:\/\/www.wsj.com\/articles\/fbi-search-of-trumps-florida-home-mar-a-lago-is-criticized-by-republicans-11660049490?mod=Searchresults_pos1&amp;page=1\">mitteilten<\/a>.\u00a0Die Durchsuchung fand laut dem <em>WSJ<\/em> etwa zwei Monate nach einem Treffen der Trump-Anw\u00e4lte mit Beamten des Justizministeriums statt.<\/p>\n<p>US-Medien <a rel=\"nofollow noopener\" target=\"_blank\" href=\"https:\/\/nypost.com\/2022\/08\/09\/judge-who-approved-fbi-raid-on-mar-a-lago-once-linked-to-jeffrey-epstein\/\">berichten<\/a>\u00a0nun einen Tag sp\u00e4ter dar\u00fcber, dass\u00a0Bruce Reinhart, der\u00a0Bundesrichter, der den Durchsuchungsbefehl f\u00fcr das Haus des ehemaligen US-Pr\u00e4sidenten Donald Trump in Florida unterzeichnete, eine zumindest\u00a0pikante berufliche Vergangenheit vorzuweisen hat: Jahrelang arbeitete er f\u00fcr den bekannten vorbestraften P\u00e4dophilen Jeffrey Epstein. Nachweislich wechselte Reinhart im Jahre 2008 von einer \u00f6rtlichen US-Staatsanwaltschaft in die Anwaltschaft, um von dort aus mehrere Angestellte aus dem Umfeld von Jeffrey Epstein juristisch zu vertreten. Zu den damaligen Vorg\u00e4ngen hei\u00dft es in einem <a rel=\"nofollow noopener\" target=\"_blank\" href=\"https:\/\/twitter.com\/ComfortablySmug\/status\/1556987024485355520?ref_src=twsrc%5Etfw%7Ctwcamp%5Etweetembed%7Ctwterm%5E1556987024485355520%7Ctwgr%5E222c67fa305fc65eaa1cc02c119c73bf88e28562%7Ctwcon%5Es1_&amp;ref_url=https%3A%2F%2Fwww.pacificpundit.com%2F2022%2F08%2F09%2Fread-about-epstein-pedo-client-defender-bruce-e-reinhart-from-miami-herald%2F\">Artikel<\/a> des <em>The Miami Herald<\/em> aus dem Jahr 2018 (Bezahlschranke):<\/p>\n<blockquote>\n<p><em>&#8220;Am 23. Oktober 2007, als die Bundesstaatsanw\u00e4lte in S\u00fcdflorida inmitten angespannter Verhandlungen standen, um einen Vergleich mit dem beschuldigten Sexh\u00e4ndler Jeffrey Epstein abzuschlie\u00dfen, schmiedete ein leitender Staatsanwalt in seinem B\u00fcro leise Pl\u00e4ne, das B\u00fcro der US-Staatsanwaltschaft nach elf Jahren zu verlassen.&#8221;<\/em><\/p>\n<\/blockquote>\n<p>Dieser Staatsanwalt war Bruce Reinhart, der dann vorerst eine Gesellschaft mit beschr\u00e4nkter Haftung in Florida gr\u00fcndete, rein zuf\u00e4llig mit derselben Adresse wie die des Hauptanwalts von Epstein, Jack Golberger. Reinhart begann am 2. Januar 2008 mit der Vertretung von Epsteins Mitarbeitern, wie Gerichtsakten belegen. Laut dem <em>The Miami Herald vertrat Reinhart <\/em>unter anderem einen von Epsteins Privat-Piloten, seine Disponentin Sarah Kellen, sowie Nadia Marcinkova, die Epstein seit ihrem f\u00fcnfzehnten Lebensjahr gekannt haben soll und die von ihm als seine &#8220;jugoslawische Sexsklavin&#8221; <a rel=\"nofollow noopener\" target=\"_blank\" href=\"https:\/\/nypost.com\/article\/nadia-marchinkova-jeffrey-epstein-flight-logs\/\">bezeichnet<\/a> wurde.<\/p>\n<p>Eine umstrittene <a rel=\"nofollow noopener\" target=\"_blank\" href=\"https:\/\/modernconsensus.com\/cryptocurrencies\/bitcoin\/judge-in-craig-wright-lawsuit-once-quit-as-us-attorney-to-work-for-jefferey-epstein\/\">Vereinbarung<\/a> mit der Bundesstaatsanwaltschaft gew\u00e4hrte demnach Kellen und Marcinkova strafrechtliche Immunit\u00e4t und erm\u00f6glichte es Epstein zudem, sich in Bezug auf die Staatsanwaltschaft schuldig zu bekennen, statt sich einer bundesstaatlichen Anklage stellen zu m\u00fcssen. Epstein wurde lediglich zu einer 18-monatigen Haftstrafe verurteilt. W\u00e4hrend der Haftzeit hatte er t\u00e4glich bis zu zw\u00f6lf Stunden Freigang, um in seinem B\u00fcro zu arbeiten. Nach dreizehn Monaten wurde er im Juli 2009 wegen guter F\u00fchrung aus der Haft entlassen und in das Register f\u00fcr Sexualstraft\u00e4ter <a rel=\"nofollow noopener\" target=\"_blank\" href=\"https:\/\/www.refinery29.com\/en-us\/2020\/05\/9832402\/jeffrey-epstein-charges-sex-trafficking-jail-timeline\">eingetragen<\/a>.<\/p>\n<p>Im Jahr 2011 wurde Reinhart in einer Klage nach dem Crime Victims&#8217; Rights Act (Gesetz \u00fcber die Rechte von Verbrechensopfern) genannt, in der ihm vorgeworfen wurde, gegen die Richtlinien des Justizministeriums versto\u00dfen zu <a rel=\"nofollow noopener\" target=\"_blank\" href=\"https:\/\/modernconsensus.com\/cryptocurrencies\/bitcoin\/judge-in-craig-wright-lawsuit-once-quit-as-us-attorney-to-work-for-jefferey-epstein\/\">haben, indem<\/a> er 2007\/2008 &#8220;die Seiten gewechselt hatte&#8221;. Auch wurde ihm vorgeworfen, &#8220;Insiderwissen&#8221; an Epstein weitergegeben zu haben. In einer eidesstattlichen Erkl\u00e4rung aus dem Jahr 2011 schwor Reinhart unter Eid, dass er &#8220;w\u00e4hrend er bei der US-Staatsanwaltschaft war, nicht Teil des Teams war, das f\u00fcr Ermittlungen im Fall Epstein recherchierte, und daher nicht in vertrauliche Informationen \u00fcber den Fall eingeweiht war&#8221;.<\/p>\n<p>Laut dem Artikel des\u00a0<em>The Miami Herald <\/em>widersprachen &#8220;Reinharts ehemalige Vorgesetzte in der US-Staatsanwaltschaft diesen Darstellungen&#8221;\u00a0und erkl\u00e4rten demgegen\u00fcber, dass &#8220;Bruce Reinhart w\u00e4hrend seiner Zeit als stellvertretender US-Staatsanwalt vertrauliche, nicht \u00f6ffentliche Informationen \u00fcber die Epstein-Angelegenheit erhalten hatte&#8221;. Reinhart wurde im M\u00e4rz 2018 nach zehn Jahren in privater Praxis wieder zu einem Richter an einem Amtsgericht ernannt. Dies geschah jedoch nicht durch den amtierenden Pr\u00e4sidenten, das w\u00e4re Donald Trump gewesen, sondern er wurde von den Richtern des zust\u00e4ndigen Bezirksgerichts in dieses Amt berufen. Reinhart konnte laut mehreren US-Medien &#8220;nicht\u00a0f\u00fcr eine Stellungnahme erreicht werden&#8221;.<\/p>\n<p>Im Februar dieses Jahres teilte die National Archives and Records Administration mit, sie habe das US-Justizministerium <a rel=\"nofollow noopener\" target=\"_blank\" href=\"https:\/\/abcnews.go.com\/Politics\/national-archives-confirms-documents-retrieved-mar-lago-classified\/story?id=82989164\">alarmiert<\/a>, nachdem sie in Mar-a-Lago f\u00fcnfzehn Kisten mit Dokumenten, darunter auch einige Verschlusssachen, gefunden hatte. Donald Trump <a rel=\"nofollow noopener\" target=\"_blank\" href=\"https:\/\/www.newsmax.com\/newsfront\/donald-trump-mar-a-lago-fbi\/2022\/08\/09\/id\/1082374\/\">best\u00e4tigte<\/a> ver\u00f6ffentlichte Berichte \u00fcber die Razzia in Mar-a-Lago und\u00a0teilte US-Medien am Montag mit, dass das Resort &#8220;von einer gro\u00dfen Gruppe von FBI-Agenten belagert, \u00fcberfallen und besetzt wurde&#8221;, ausgel\u00f6st durch einen Gerichtsbeschluss von\u00a0Bruce Reinhart.\u00a0Die Pressesprecherin des Wei\u00dfen Hauses, Karine Jean-Pierre, erkl\u00e4rte laut dem <em>WSJ<\/em>, dass US-Pr\u00e4sident Biden nicht im Voraus \u00fcber die Durchsuchung von Mar-a-Lago durch das FBI informiert worden sei.\u00a0<\/p>\n<p><strong>Mehr zum Thema \u2013<\/strong>\u00a0<a rel=\"nofollow noopener\" target=\"_blank\" href=\"https:\/\/test.rtde.tech\/international\/142199-urteilsspruch-jeffrey-epstein-vertraute-maxwell\/\">Urteilsspruch: Epstein-Vertraute Maxwell muss f\u00fcr 20 Jahre ins Gef\u00e4ngnis<\/a><\/p>\n<p><script async src=\"https:\/\/platform.twitter.com\/widgets.js\" charset=\"utf-8\"><\/script><br \/>\n<br \/><br \/>\n<br \/><a href=\"https:\/\/de.rt.com\/international\/145765-durchsuchung-bei-trump-verantwortlicher-richter\/\">Source link <\/a><\/p>\n","protected":false},"excerpt":{"rendered":"<p>US-Bundesbeamte durchsuchten\u00a0zu Beginn dieser Woche das Haus und Anwesen des ehemaligen Pr\u00e4sidenten Donald Trump in Mar-a-Lago, Florida, weil sie davon ausgingen, dass in den Privatr\u00e4umen weitere geheime Informationen\u00a0zu finden seien. Bereits Anfang des Jahres h\u00e4tten die US-Beh\u00f6rden mehr als ein Dutzend Kisten mit Dokumenten des Wei\u00dfen Hauses aus dem Resort geholt, wie mit der Angelegenheit [&hellip;]<\/p>\n","protected":false},"author":3,"featured_media":16638,"comment_status":"open","ping_status":"open","sticky":false,"template":"","format":"standard","meta":{"wp_automatic_camp":["217"],"9e5337d574baff02ac488e9e19928301":["Durchsuchung bei Trump: Verantwortlicher Richter war Jeffrey Epsteins Anwalt"],"original_link":["https:\/\/de.rt.com\/international\/145765-durchsuchung-bei-trump-verantwortlicher-richter\/"],"_thumbnail_id":["16638"],"jnews_social_counter_last_update":["1777214881"],"_wptg_p2tg_sent2tg":["2022-08-10 18:35:32"]},"categories":[19,23],"tags":[12607,363,30765,29660,25518,3949,1639,30766,2223],"yoast_head":"<!-- This site is optimized with the Yoast SEO Premium plugin v22.7 (Yoast SEO v22.7) - https:\/\/yoast.com\/wordpress\/plugins\/seo\/ -->\n<title>Durchsuchung bei Trump: Verantwortlicher Richter war Jeffrey Epsteins Anwalt - just-now.NEWS Deutschland<\/title>\n<meta name=\"robots\" content=\"index, follow, max-snippet:-1, max-image-preview:large, max-video-preview:-1\" \/>\n<link rel=\"canonical\" href=\"https:\/\/now-news.de\/de\/deutschland\/durchsuchung-bei-trump-verantwortlicher-richter-war-jeffrey-epsteins-anwalt\/\" \/>\n<meta property=\"og:locale\" content=\"de_DE\" \/>\n<meta property=\"og:type\" content=\"article\" \/>\n<meta property=\"og:title\" content=\"Durchsuchung bei Trump: Verantwortlicher Richter war Jeffrey Epsteins Anwalt\" \/>\n<meta property=\"og:description\" content=\"US-Bundesbeamte durchsuchten\u00a0zu Beginn dieser Woche das Haus und Anwesen des ehemaligen Pr\u00e4sidenten Donald Trump in Mar-a-Lago, Florida, weil sie davon ausgingen, dass in den Privatr\u00e4umen weitere geheime Informationen\u00a0zu finden seien. Bereits Anfang des Jahres h\u00e4tten die US-Beh\u00f6rden mehr als ein Dutzend Kisten mit Dokumenten des Wei\u00dfen Hauses aus dem Resort geholt, wie mit der Angelegenheit [&hellip;]\" \/>\n<meta property=\"og:url\" content=\"https:\/\/now-news.de\/de\/deutschland\/durchsuchung-bei-trump-verantwortlicher-richter-war-jeffrey-epsteins-anwalt\/\" \/>\n<meta property=\"og:site_name\" content=\"just-now.NEWS Deutschland\" \/>\n<meta property=\"article:publisher\" content=\"https:\/\/www.facebook.com\/wirmachenauf\" \/>\n<meta property=\"article:published_time\" content=\"2022-08-10T16:23:09+00:00\" \/>\n<meta property=\"og:image\" content=\"https:\/\/now-news.de\/de\/wp-content\/uploads\/sites\/3\/2022\/08\/Durchsuchung-bei-Trump-Verantwortlicher-Richter-war-Jeffrey-Epsteins-Anwalt.jpg\" \/>\n\t<meta property=\"og:image:width\" content=\"460\" \/>\n\t<meta property=\"og:image:height\" content=\"259\" \/>\n\t<meta property=\"og:image:type\" content=\"image\/jpeg\" \/>\n<meta name=\"author\" content=\"rtnews\" \/>\n<meta name=\"twitter:card\" content=\"summary_large_image\" \/>\n<meta name=\"twitter:creator\" content=\"@WirMachenAuf_de\" \/>\n<meta name=\"twitter:site\" content=\"@WirMachenAuf_de\" \/>\n<meta name=\"twitter:label1\" content=\"Verfasst von\" \/>\n\t<meta name=\"twitter:data1\" content=\"rtnews\" \/>\n\t<meta name=\"twitter:label2\" content=\"Gesch\u00e4tzte Lesezeit\" \/>\n\t<meta name=\"twitter:data2\" content=\"4\u00a0Minuten\" \/>\n<script type=\"application\/ld+json\" class=\"yoast-schema-graph\">{\"@context\":\"https:\/\/schema.org\",\"@graph\":[{\"@type\":\"Article\",\"@id\":\"https:\/\/now-news.de\/de\/deutschland\/durchsuchung-bei-trump-verantwortlicher-richter-war-jeffrey-epsteins-anwalt\/#article\",\"isPartOf\":{\"@id\":\"https:\/\/now-news.de\/de\/deutschland\/durchsuchung-bei-trump-verantwortlicher-richter-war-jeffrey-epsteins-anwalt\/\"},\"author\":{\"name\":\"rtnews\",\"@id\":\"https:\/\/now-news.de\/de\/#\/schema\/person\/fb534a4e865501d8b3285208df34a9b5\"},\"headline\":\"Durchsuchung bei Trump: Verantwortlicher Richter war Jeffrey Epsteins Anwalt\",\"datePublished\":\"2022-08-10T16:23:09+00:00\",\"dateModified\":\"2022-08-10T16:23:09+00:00\",\"mainEntityOfPage\":{\"@id\":\"https:\/\/now-news.de\/de\/deutschland\/durchsuchung-bei-trump-verantwortlicher-richter-war-jeffrey-epsteins-anwalt\/\"},\"wordCount\":732,\"commentCount\":0,\"publisher\":{\"@id\":\"https:\/\/now-news.de\/de\/#organization\"},\"image\":{\"@id\":\"https:\/\/now-news.de\/de\/deutschland\/durchsuchung-bei-trump-verantwortlicher-richter-war-jeffrey-epsteins-anwalt\/#primaryimage\"},\"thumbnailUrl\":\"https:\/\/now-news.de\/de\/wp-content\/uploads\/sites\/3\/2022\/08\/Durchsuchung-bei-Trump-Verantwortlicher-Richter-war-Jeffrey-Epsteins-Anwalt.jpg\",\"keywords\":[\"Anwalt\",\"bei\",\"Durchsuchung\",\"EPSTEINS\",\"Jeffrey\",\"Richter\",\"trump\",\"Verantwortlicher\",\"War\"],\"articleSection\":[\"Deutschland\",\"Russland\"],\"inLanguage\":\"de\",\"potentialAction\":[{\"@type\":\"CommentAction\",\"name\":\"Comment\",\"target\":[\"https:\/\/now-news.de\/de\/deutschland\/durchsuchung-bei-trump-verantwortlicher-richter-war-jeffrey-epsteins-anwalt\/#respond\"]}]},{\"@type\":\"WebPage\",\"@id\":\"https:\/\/now-news.de\/de\/deutschland\/durchsuchung-bei-trump-verantwortlicher-richter-war-jeffrey-epsteins-anwalt\/\",\"url\":\"https:\/\/now-news.de\/de\/deutschland\/durchsuchung-bei-trump-verantwortlicher-richter-war-jeffrey-epsteins-anwalt\/\",\"name\":\"Durchsuchung bei Trump: Verantwortlicher Richter war Jeffrey Epsteins Anwalt - just-now.NEWS Deutschland\",\"isPartOf\":{\"@id\":\"https:\/\/now-news.de\/de\/#website\"},\"primaryImageOfPage\":{\"@id\":\"https:\/\/now-news.de\/de\/deutschland\/durchsuchung-bei-trump-verantwortlicher-richter-war-jeffrey-epsteins-anwalt\/#primaryimage\"},\"image\":{\"@id\":\"https:\/\/now-news.de\/de\/deutschland\/durchsuchung-bei-trump-verantwortlicher-richter-war-jeffrey-epsteins-anwalt\/#primaryimage\"},\"thumbnailUrl\":\"https:\/\/now-news.de\/de\/wp-content\/uploads\/sites\/3\/2022\/08\/Durchsuchung-bei-Trump-Verantwortlicher-Richter-war-Jeffrey-Epsteins-Anwalt.jpg\",\"datePublished\":\"2022-08-10T16:23:09+00:00\",\"dateModified\":\"2022-08-10T16:23:09+00:00\",\"breadcrumb\":{\"@id\":\"https:\/\/now-news.de\/de\/deutschland\/durchsuchung-bei-trump-verantwortlicher-richter-war-jeffrey-epsteins-anwalt\/#breadcrumb\"},\"inLanguage\":\"de\",\"potentialAction\":[{\"@type\":\"ReadAction\",\"target\":[\"https:\/\/now-news.de\/de\/deutschland\/durchsuchung-bei-trump-verantwortlicher-richter-war-jeffrey-epsteins-anwalt\/\"]}]},{\"@type\":\"ImageObject\",\"inLanguage\":\"de\",\"@id\":\"https:\/\/now-news.de\/de\/deutschland\/durchsuchung-bei-trump-verantwortlicher-richter-war-jeffrey-epsteins-anwalt\/#primaryimage\",\"url\":\"https:\/\/now-news.de\/de\/wp-content\/uploads\/sites\/3\/2022\/08\/Durchsuchung-bei-Trump-Verantwortlicher-Richter-war-Jeffrey-Epsteins-Anwalt.jpg\",\"contentUrl\":\"https:\/\/now-news.de\/de\/wp-content\/uploads\/sites\/3\/2022\/08\/Durchsuchung-bei-Trump-Verantwortlicher-Richter-war-Jeffrey-Epsteins-Anwalt.jpg\",\"width\":460,\"height\":259,\"caption\":\"Durchsuchung bei Trump: Verantwortlicher Richter war Jeffrey Epsteins Anwalt\"},{\"@type\":\"BreadcrumbList\",\"@id\":\"https:\/\/now-news.de\/de\/deutschland\/durchsuchung-bei-trump-verantwortlicher-richter-war-jeffrey-epsteins-anwalt\/#breadcrumb\",\"itemListElement\":[{\"@type\":\"ListItem\",\"position\":1,\"name\":\"Home\",\"item\":\"https:\/\/now-news.de\/de\/\"},{\"@type\":\"ListItem\",\"position\":2,\"name\":\"Durchsuchung bei Trump: Verantwortlicher Richter war Jeffrey Epsteins Anwalt\"}]},{\"@type\":\"WebSite\",\"@id\":\"https:\/\/now-news.de\/de\/#website\",\"url\":\"https:\/\/now-news.de\/de\/\",\"name\":\"just-now.NEWS Deutschland\",\"description\":\"Das Portal f\u00fcr unzensierte Nachrichten aus der Welt\",\"publisher\":{\"@id\":\"https:\/\/now-news.de\/de\/#organization\"},\"potentialAction\":[{\"@type\":\"SearchAction\",\"target\":{\"@type\":\"EntryPoint\",\"urlTemplate\":\"https:\/\/now-news.de\/de\/?s={search_term_string}\"},\"query-input\":\"required name=search_term_string\"}],\"inLanguage\":\"de\"},{\"@type\":\"Organization\",\"@id\":\"https:\/\/now-news.de\/de\/#organization\",\"name\":\"Just Now News\",\"url\":\"https:\/\/now-news.de\/de\/\",\"logo\":{\"@type\":\"ImageObject\",\"inLanguage\":\"de\",\"@id\":\"https:\/\/now-news.de\/de\/#\/schema\/logo\/image\/\",\"url\":\"http:\/\/just-now.news\/de\/wp-content\/uploads\/sites\/3\/2022\/04\/logo500x500.jpg\",\"contentUrl\":\"http:\/\/just-now.news\/de\/wp-content\/uploads\/sites\/3\/2022\/04\/logo500x500.jpg\",\"width\":500,\"height\":500,\"caption\":\"Just Now News\"},\"image\":{\"@id\":\"https:\/\/now-news.de\/de\/#\/schema\/logo\/image\/\"},\"sameAs\":[\"https:\/\/www.facebook.com\/wirmachenauf\",\"https:\/\/x.com\/WirMachenAuf_de\"]},{\"@type\":\"Person\",\"@id\":\"https:\/\/now-news.de\/de\/#\/schema\/person\/fb534a4e865501d8b3285208df34a9b5\",\"name\":\"rtnews\",\"image\":{\"@type\":\"ImageObject\",\"inLanguage\":\"de\",\"@id\":\"https:\/\/now-news.de\/de\/#\/schema\/person\/image\/\",\"url\":\"https:\/\/secure.gravatar.com\/avatar\/82aafea7d8127119dd649515f56e2117?s=96&d=mm&r=g\",\"contentUrl\":\"https:\/\/secure.gravatar.com\/avatar\/82aafea7d8127119dd649515f56e2117?s=96&d=mm&r=g\",\"caption\":\"rtnews\"},\"url\":\"https:\/\/now-news.de\/de\/author\/rnews\/\"}]}<\/script>\n<!-- \/ Yoast SEO Premium plugin. -->","yoast_head_json":{"title":"Durchsuchung bei Trump: Verantwortlicher Richter war Jeffrey Epsteins Anwalt - just-now.NEWS Deutschland","robots":{"index":"index","follow":"follow","max-snippet":"max-snippet:-1","max-image-preview":"max-image-preview:large","max-video-preview":"max-video-preview:-1"},"canonical":"https:\/\/now-news.de\/de\/deutschland\/durchsuchung-bei-trump-verantwortlicher-richter-war-jeffrey-epsteins-anwalt\/","og_locale":"de_DE","og_type":"article","og_title":"Durchsuchung bei Trump: Verantwortlicher Richter war Jeffrey Epsteins Anwalt","og_description":"US-Bundesbeamte durchsuchten\u00a0zu Beginn dieser Woche das Haus und Anwesen des ehemaligen Pr\u00e4sidenten Donald Trump in Mar-a-Lago, Florida, weil sie davon ausgingen, dass in den Privatr\u00e4umen weitere geheime Informationen\u00a0zu finden seien. Bereits Anfang des Jahres h\u00e4tten die US-Beh\u00f6rden mehr als ein Dutzend Kisten mit Dokumenten des Wei\u00dfen Hauses aus dem Resort geholt, wie mit der Angelegenheit [&hellip;]","og_url":"https:\/\/now-news.de\/de\/deutschland\/durchsuchung-bei-trump-verantwortlicher-richter-war-jeffrey-epsteins-anwalt\/","og_site_name":"just-now.NEWS Deutschland","article_publisher":"https:\/\/www.facebook.com\/wirmachenauf","article_published_time":"2022-08-10T16:23:09+00:00","og_image":[{"width":460,"height":259,"url":"https:\/\/now-news.de\/de\/wp-content\/uploads\/sites\/3\/2022\/08\/Durchsuchung-bei-Trump-Verantwortlicher-Richter-war-Jeffrey-Epsteins-Anwalt.jpg","type":"image\/jpeg"}],"author":"rtnews","twitter_card":"summary_large_image","twitter_creator":"@WirMachenAuf_de","twitter_site":"@WirMachenAuf_de","twitter_misc":{"Verfasst von":"rtnews","Gesch\u00e4tzte Lesezeit":"4\u00a0Minuten"},"schema":{"@context":"https:\/\/schema.org","@graph":[{"@type":"Article","@id":"https:\/\/now-news.de\/de\/deutschland\/durchsuchung-bei-trump-verantwortlicher-richter-war-jeffrey-epsteins-anwalt\/#article","isPartOf":{"@id":"https:\/\/now-news.de\/de\/deutschland\/durchsuchung-bei-trump-verantwortlicher-richter-war-jeffrey-epsteins-anwalt\/"},"author":{"name":"rtnews","@id":"https:\/\/now-news.de\/de\/#\/schema\/person\/fb534a4e865501d8b3285208df34a9b5"},"headline":"Durchsuchung bei Trump: Verantwortlicher Richter war Jeffrey Epsteins Anwalt","datePublished":"2022-08-10T16:23:09+00:00","dateModified":"2022-08-10T16:23:09+00:00","mainEntityOfPage":{"@id":"https:\/\/now-news.de\/de\/deutschland\/durchsuchung-bei-trump-verantwortlicher-richter-war-jeffrey-epsteins-anwalt\/"},"wordCount":732,"commentCount":0,"publisher":{"@id":"https:\/\/now-news.de\/de\/#organization"},"image":{"@id":"https:\/\/now-news.de\/de\/deutschland\/durchsuchung-bei-trump-verantwortlicher-richter-war-jeffrey-epsteins-anwalt\/#primaryimage"},"thumbnailUrl":"https:\/\/now-news.de\/de\/wp-content\/uploads\/sites\/3\/2022\/08\/Durchsuchung-bei-Trump-Verantwortlicher-Richter-war-Jeffrey-Epsteins-Anwalt.jpg","keywords":["Anwalt","bei","Durchsuchung","EPSTEINS","Jeffrey","Richter","trump","Verantwortlicher","War"],"articleSection":["Deutschland","Russland"],"inLanguage":"de","potentialAction":[{"@type":"CommentAction","name":"Comment","target":["https:\/\/now-news.de\/de\/deutschland\/durchsuchung-bei-trump-verantwortlicher-richter-war-jeffrey-epsteins-anwalt\/#respond"]}]},{"@type":"WebPage","@id":"https:\/\/now-news.de\/de\/deutschland\/durchsuchung-bei-trump-verantwortlicher-richter-war-jeffrey-epsteins-anwalt\/","url":"https:\/\/now-news.de\/de\/deutschland\/durchsuchung-bei-trump-verantwortlicher-richter-war-jeffrey-epsteins-anwalt\/","name":"Durchsuchung bei Trump: Verantwortlicher Richter war Jeffrey Epsteins Anwalt - just-now.NEWS Deutschland","isPartOf":{"@id":"https:\/\/now-news.de\/de\/#website"},"primaryImageOfPage":{"@id":"https:\/\/now-news.de\/de\/deutschland\/durchsuchung-bei-trump-verantwortlicher-richter-war-jeffrey-epsteins-anwalt\/#primaryimage"},"image":{"@id":"https:\/\/now-news.de\/de\/deutschland\/durchsuchung-bei-trump-verantwortlicher-richter-war-jeffrey-epsteins-anwalt\/#primaryimage"},"thumbnailUrl":"https:\/\/now-news.de\/de\/wp-content\/uploads\/sites\/3\/2022\/08\/Durchsuchung-bei-Trump-Verantwortlicher-Richter-war-Jeffrey-Epsteins-Anwalt.jpg","datePublished":"2022-08-10T16:23:09+00:00","dateModified":"2022-08-10T16:23:09+00:00","breadcrumb":{"@id":"https:\/\/now-news.de\/de\/deutschland\/durchsuchung-bei-trump-verantwortlicher-richter-war-jeffrey-epsteins-anwalt\/#breadcrumb"},"inLanguage":"de","potentialAction":[{"@type":"ReadAction","target":["https:\/\/now-news.de\/de\/deutschland\/durchsuchung-bei-trump-verantwortlicher-richter-war-jeffrey-epsteins-anwalt\/"]}]},{"@type":"ImageObject","inLanguage":"de","@id":"https:\/\/now-news.de\/de\/deutschland\/durchsuchung-bei-trump-verantwortlicher-richter-war-jeffrey-epsteins-anwalt\/#primaryimage","url":"https:\/\/now-news.de\/de\/wp-content\/uploads\/sites\/3\/2022\/08\/Durchsuchung-bei-Trump-Verantwortlicher-Richter-war-Jeffrey-Epsteins-Anwalt.jpg","contentUrl":"https:\/\/now-news.de\/de\/wp-content\/uploads\/sites\/3\/2022\/08\/Durchsuchung-bei-Trump-Verantwortlicher-Richter-war-Jeffrey-Epsteins-Anwalt.jpg","width":460,"height":259,"caption":"Durchsuchung bei Trump: Verantwortlicher Richter war Jeffrey Epsteins Anwalt"},{"@type":"BreadcrumbList","@id":"https:\/\/now-news.de\/de\/deutschland\/durchsuchung-bei-trump-verantwortlicher-richter-war-jeffrey-epsteins-anwalt\/#breadcrumb","itemListElement":[{"@type":"ListItem","position":1,"name":"Home","item":"https:\/\/now-news.de\/de\/"},{"@type":"ListItem","position":2,"name":"Durchsuchung bei Trump: Verantwortlicher Richter war Jeffrey Epsteins Anwalt"}]},{"@type":"WebSite","@id":"https:\/\/now-news.de\/de\/#website","url":"https:\/\/now-news.de\/de\/","name":"just-now.NEWS Deutschland","description":"Das Portal f\u00fcr unzensierte Nachrichten aus der Welt","publisher":{"@id":"https:\/\/now-news.de\/de\/#organization"},"potentialAction":[{"@type":"SearchAction","target":{"@type":"EntryPoint","urlTemplate":"https:\/\/now-news.de\/de\/?s={search_term_string}"},"query-input":"required name=search_term_string"}],"inLanguage":"de"},{"@type":"Organization","@id":"https:\/\/now-news.de\/de\/#organization","name":"Just Now News","url":"https:\/\/now-news.de\/de\/","logo":{"@type":"ImageObject","inLanguage":"de","@id":"https:\/\/now-news.de\/de\/#\/schema\/logo\/image\/","url":"http:\/\/just-now.news\/de\/wp-content\/uploads\/sites\/3\/2022\/04\/logo500x500.jpg","contentUrl":"http:\/\/just-now.news\/de\/wp-content\/uploads\/sites\/3\/2022\/04\/logo500x500.jpg","width":500,"height":500,"caption":"Just Now News"},"image":{"@id":"https:\/\/now-news.de\/de\/#\/schema\/logo\/image\/"},"sameAs":["https:\/\/www.facebook.com\/wirmachenauf","https:\/\/x.com\/WirMachenAuf_de"]},{"@type":"Person","@id":"https:\/\/now-news.de\/de\/#\/schema\/person\/fb534a4e865501d8b3285208df34a9b5","name":"rtnews","image":{"@type":"ImageObject","inLanguage":"de","@id":"https:\/\/now-news.de\/de\/#\/schema\/person\/image\/","url":"https:\/\/secure.gravatar.com\/avatar\/82aafea7d8127119dd649515f56e2117?s=96&d=mm&r=g","contentUrl":"https:\/\/secure.gravatar.com\/avatar\/82aafea7d8127119dd649515f56e2117?s=96&d=mm&r=g","caption":"rtnews"},"url":"https:\/\/now-news.de\/de\/author\/rnews\/"}]}},"_links":{"self":[{"href":"https:\/\/now-news.de\/de\/wp-json\/wp\/v2\/posts\/16637"}],"collection":[{"href":"https:\/\/now-news.de\/de\/wp-json\/wp\/v2\/posts"}],"about":[{"href":"https:\/\/now-news.de\/de\/wp-json\/wp\/v2\/types\/post"}],"author":[{"embeddable":true,"href":"https:\/\/now-news.de\/de\/wp-json\/wp\/v2\/users\/3"}],"replies":[{"embeddable":true,"href":"https:\/\/now-news.de\/de\/wp-json\/wp\/v2\/comments?post=16637"}],"version-history":[{"count":0,"href":"https:\/\/now-news.de\/de\/wp-json\/wp\/v2\/posts\/16637\/revisions"}],"wp:featuredmedia":[{"embeddable":true,"href":"https:\/\/now-news.de\/de\/wp-json\/wp\/v2\/media\/16638"}],"wp:attachment":[{"href":"https:\/\/now-news.de\/de\/wp-json\/wp\/v2\/media?parent=16637"}],"wp:term":[{"taxonomy":"category","embeddable":true,"href":"https:\/\/now-news.de\/de\/wp-json\/wp\/v2\/categories?post=16637"},{"taxonomy":"post_tag","embeddable":true,"href":"https:\/\/now-news.de\/de\/wp-json\/wp\/v2\/tags?post=16637"}],"curies":[{"name":"wp","href":"https:\/\/api.w.org\/{rel}","templated":true}]}}