{"id":16621,"date":"2022-08-10T15:25:29","date_gmt":"2022-08-10T13:25:29","guid":{"rendered":"http:\/\/just-now.news\/de\/deutschland\/neue-regierung-in-japan\/"},"modified":"2022-08-10T15:25:29","modified_gmt":"2022-08-10T13:25:29","slug":"neue-regierung-in-japan","status":"publish","type":"post","link":"https:\/\/now-news.de\/de\/deutschland\/neue-regierung-in-japan\/","title":{"rendered":"Neue Regierung in Japan"},"content":{"rendered":"<p><img decoding=\"async\" src=\"http:\/\/just-now.news\/de\/wp-content\/uploads\/sites\/3\/2022\/08\/62f3a4ff48fbef591612aaf6.jpg\" \/><\/p>\n<div class=\"Text-root Text-type_1 \">\n                Angesichts der Kritik an der japanischen Regierung wegen ihrer m\u00f6glichen Verbindungen zur Vereinigungskirche hat der japanische Premierminister Fumio Kishida das Kabinett umgebildet. Viele Minister blieben im Amt, aber Nobuo Kishi wurde von seinem Posten abgel\u00f6st.\n            <\/div>\n<p><\/p>\n<div class=\"Text-root Text-type_5 ArticleView-text ViewText-root \">\n<p>Am Mittwoch ist Japans Regierung zur\u00fcckgetreten, so die russische Nachrichtenagentur\u00a0<em>TASS<\/em> unter Berufung auf <em>Associated Press<\/em>. Der japanische Premierminister Fumio Kishida erkl\u00e4rte sp\u00e4ter, dass er das Kabinett umbilden wolle, um die Regierung von der Vereinigungskirche (auch als &#8220;Mun-Bewegung&#8221; bekannt) zu distanzieren. J\u00fcngsten Umfragen zufolge war die Zustimmung f\u00fcr Kishidas Regierung auf 46 Prozent gesunken, unter anderem wegen der m\u00f6glichen Verbindungen einiger Minister zur Vereinigungskirche.<\/p>\n<p>Ebenfalls heute best\u00e4tigte Kishida nach dem R\u00fccktritt des bisherigen Kabinetts eine neue Zusammensetzung der Regierung.<\/p>\n<p>Au\u00dfenminister Yoshimasa Hayashi, Finanzminister Shun&#8217;ichi Suzuki, Gesundheitsminister Katsunobu Kat\u014d\u00a0sowie der Leiter des Kabinettssekretariats, Hirokazu Matsuno, bleiben im Amt. Tetsuo Sait\u014d ist weiterhin Minister f\u00fcr Land, Infrastruktur, Verkehr und Tourismus.<\/p>\n<p>Yasukazu Hamada, der von 2008 bis 2009 Verteidigungsminister war, kehrte auf diesen Posten zur\u00fcck und ersetzte Nobuo Kishi. Kishi, der j\u00fcngere Bruder des k\u00fcrzlich ermordeten Ex-Premiers Shinz\u014d Abe, wird Nationaler Sicherheitsberater des Premierministers.<\/p>\n<p>Die ehemalige Ministerin f\u00fcr Allgemeine Angelegenheiten, Sanae Takaichi, wurde zur neuen Ministerin f\u00fcr wirtschaftliche Sicherheit ernannt.<\/p>\n<p>Tar\u014d K\u014dno, der von 2017 bis 2019 Au\u00dfenminister war, ist Minister f\u00fcr Digitalisierung geworden.<\/p>\n<p>Der fr\u00fchere Wirtschaftsentwicklungsminister Yasutoshi Nishimura, der f\u00fcr die Reaktion der Regierung auf COVID-19 verantwortlich war, wird Minister f\u00fcr Wirtschaft, Handel und Industrie. Er wird gleichzeitig\u00a0f\u00fcr die wirtschaftliche Zusammenarbeit mit Russland zust\u00e4ndig sein. Yasuhiro Hanashi wird Justizminister, Keiko Nagaoka Bildungsministerin.<\/p>\n<p>Am 8. Juli hatte ein Mann\u00a0w\u00e4hrend einer Wahlkampfrede in der alten Kaiserstadt Nara zwei Sch\u00fcsse auf den ehemaligen japanischen Premierminister Shinz\u014d Abe abgefeuert. Der Politiker verstarb sp\u00e4ter im Krankenhaus.<\/p>\n<p>Im Laufe der Verh\u00f6re gab der Attent\u00e4ter zu, dass er w\u00fctend auf Abe gewesen sei, da\u00a0er Abe f\u00fcr einen Vertreter der Vereinigungskirche gehalten habe. Der T\u00e4ter soll ver\u00e4rgert gewesen sein, weil die gro\u00dfen Spenden seiner Mutter an die Kirche seine Familie\u00a0mittellos gemacht h\u00e4tten. Einige Experten halten die Vereinigungskirche f\u00fcr eine destruktive Sekte. Nach dem Attentat waren viele Japaner von den m\u00f6glichen Verbindungen zwischen der Vereinigungskirche und Japans Spitzenpolitikern schockiert.<\/p>\n<p><strong>Mehr zum Thema<\/strong> &#8211; <a rel=\"nofollow noopener\" target=\"_blank\" href=\"https:\/\/de.rt.com\/international\/video\/145494-japan-weist-chinas-anspruch-auf\/\">Japan weist Chinas Anspruch auf ausschlie\u00dfliche Wirtschaftszone nach Milit\u00e4r\u00fcbungen in Taiwan zur\u00fcck<\/a><\/p>\n<\/div>\n<p><br \/>\n<br \/><a href=\"https:\/\/de.rt.com\/international\/145771-neue-regierung-in-japan\/\">Source link <\/a><\/p>\n","protected":false},"excerpt":{"rendered":"<p>Angesichts der Kritik an der japanischen Regierung wegen ihrer m\u00f6glichen Verbindungen zur Vereinigungskirche hat der japanische Premierminister Fumio Kishida das Kabinett umgebildet. Viele Minister blieben im Amt, aber Nobuo Kishi wurde von seinem Posten abgel\u00f6st. Am Mittwoch ist Japans Regierung zur\u00fcckgetreten, so die russische Nachrichtenagentur\u00a0TASS unter Berufung auf Associated Press. Der japanische Premierminister Fumio Kishida [&hellip;]<\/p>\n","protected":false},"author":3,"featured_media":16622,"comment_status":"open","ping_status":"open","sticky":false,"template":"","format":"standard","meta":{"wp_automatic_camp":["217"],"d8b672df883d3d99daffaacc790d2b22":["Neue Regierung in Japan"],"original_link":["https:\/\/de.rt.com\/international\/145771-neue-regierung-in-japan\/"],"_thumbnail_id":["16622"],"_wptg_p2tg_sent2tg":["2022-08-10 15:54:16"],"jnews_social_counter_last_update":["1777599772"]},"categories":[19,23],"tags":[5232,1227,46],"yoast_head":"<!-- This site is optimized with the Yoast SEO Premium plugin v22.7 (Yoast SEO v22.7) - https:\/\/yoast.com\/wordpress\/plugins\/seo\/ -->\n<title>Neue Regierung in Japan - just-now.NEWS Deutschland<\/title>\n<meta name=\"robots\" content=\"index, follow, max-snippet:-1, max-image-preview:large, max-video-preview:-1\" \/>\n<link rel=\"canonical\" href=\"https:\/\/now-news.de\/de\/deutschland\/neue-regierung-in-japan\/\" \/>\n<meta property=\"og:locale\" content=\"de_DE\" \/>\n<meta property=\"og:type\" content=\"article\" \/>\n<meta property=\"og:title\" content=\"Neue Regierung in Japan\" \/>\n<meta property=\"og:description\" content=\"Angesichts der Kritik an der japanischen Regierung wegen ihrer m\u00f6glichen Verbindungen zur Vereinigungskirche hat der japanische Premierminister Fumio Kishida das Kabinett umgebildet. Viele Minister blieben im Amt, aber Nobuo Kishi wurde von seinem Posten abgel\u00f6st. Am Mittwoch ist Japans Regierung zur\u00fcckgetreten, so die russische Nachrichtenagentur\u00a0TASS unter Berufung auf Associated Press. Der japanische Premierminister Fumio Kishida [&hellip;]\" \/>\n<meta property=\"og:url\" content=\"https:\/\/now-news.de\/de\/deutschland\/neue-regierung-in-japan\/\" \/>\n<meta property=\"og:site_name\" content=\"just-now.NEWS Deutschland\" \/>\n<meta property=\"article:publisher\" content=\"https:\/\/www.facebook.com\/wirmachenauf\" \/>\n<meta property=\"article:published_time\" content=\"2022-08-10T13:25:29+00:00\" \/>\n<meta property=\"og:image\" content=\"https:\/\/now-news.de\/de\/wp-content\/uploads\/sites\/3\/2022\/08\/Neue-Regierung-in-Japan.jpg\" \/>\n\t<meta property=\"og:image:width\" content=\"460\" \/>\n\t<meta property=\"og:image:height\" content=\"259\" \/>\n\t<meta property=\"og:image:type\" content=\"image\/jpeg\" \/>\n<meta name=\"author\" content=\"rtnews\" \/>\n<meta name=\"twitter:card\" content=\"summary_large_image\" \/>\n<meta name=\"twitter:creator\" content=\"@WirMachenAuf_de\" \/>\n<meta name=\"twitter:site\" content=\"@WirMachenAuf_de\" \/>\n<meta name=\"twitter:label1\" content=\"Verfasst von\" \/>\n\t<meta name=\"twitter:data1\" content=\"rtnews\" \/>\n\t<meta name=\"twitter:label2\" content=\"Gesch\u00e4tzte Lesezeit\" \/>\n\t<meta name=\"twitter:data2\" content=\"2\u00a0Minuten\" \/>\n<script type=\"application\/ld+json\" class=\"yoast-schema-graph\">{\"@context\":\"https:\/\/schema.org\",\"@graph\":[{\"@type\":\"Article\",\"@id\":\"https:\/\/now-news.de\/de\/deutschland\/neue-regierung-in-japan\/#article\",\"isPartOf\":{\"@id\":\"https:\/\/now-news.de\/de\/deutschland\/neue-regierung-in-japan\/\"},\"author\":{\"name\":\"rtnews\",\"@id\":\"https:\/\/now-news.de\/de\/#\/schema\/person\/fb534a4e865501d8b3285208df34a9b5\"},\"headline\":\"Neue Regierung in Japan\",\"datePublished\":\"2022-08-10T13:25:29+00:00\",\"dateModified\":\"2022-08-10T13:25:29+00:00\",\"mainEntityOfPage\":{\"@id\":\"https:\/\/now-news.de\/de\/deutschland\/neue-regierung-in-japan\/\"},\"wordCount\":408,\"commentCount\":0,\"publisher\":{\"@id\":\"https:\/\/now-news.de\/de\/#organization\"},\"image\":{\"@id\":\"https:\/\/now-news.de\/de\/deutschland\/neue-regierung-in-japan\/#primaryimage\"},\"thumbnailUrl\":\"https:\/\/now-news.de\/de\/wp-content\/uploads\/sites\/3\/2022\/08\/Neue-Regierung-in-Japan.jpg\",\"keywords\":[\"Japan\",\"NEUE\",\"Regierung\"],\"articleSection\":[\"Deutschland\",\"Russland\"],\"inLanguage\":\"de\",\"potentialAction\":[{\"@type\":\"CommentAction\",\"name\":\"Comment\",\"target\":[\"https:\/\/now-news.de\/de\/deutschland\/neue-regierung-in-japan\/#respond\"]}]},{\"@type\":\"WebPage\",\"@id\":\"https:\/\/now-news.de\/de\/deutschland\/neue-regierung-in-japan\/\",\"url\":\"https:\/\/now-news.de\/de\/deutschland\/neue-regierung-in-japan\/\",\"name\":\"Neue Regierung in Japan - just-now.NEWS Deutschland\",\"isPartOf\":{\"@id\":\"https:\/\/now-news.de\/de\/#website\"},\"primaryImageOfPage\":{\"@id\":\"https:\/\/now-news.de\/de\/deutschland\/neue-regierung-in-japan\/#primaryimage\"},\"image\":{\"@id\":\"https:\/\/now-news.de\/de\/deutschland\/neue-regierung-in-japan\/#primaryimage\"},\"thumbnailUrl\":\"https:\/\/now-news.de\/de\/wp-content\/uploads\/sites\/3\/2022\/08\/Neue-Regierung-in-Japan.jpg\",\"datePublished\":\"2022-08-10T13:25:29+00:00\",\"dateModified\":\"2022-08-10T13:25:29+00:00\",\"breadcrumb\":{\"@id\":\"https:\/\/now-news.de\/de\/deutschland\/neue-regierung-in-japan\/#breadcrumb\"},\"inLanguage\":\"de\",\"potentialAction\":[{\"@type\":\"ReadAction\",\"target\":[\"https:\/\/now-news.de\/de\/deutschland\/neue-regierung-in-japan\/\"]}]},{\"@type\":\"ImageObject\",\"inLanguage\":\"de\",\"@id\":\"https:\/\/now-news.de\/de\/deutschland\/neue-regierung-in-japan\/#primaryimage\",\"url\":\"https:\/\/now-news.de\/de\/wp-content\/uploads\/sites\/3\/2022\/08\/Neue-Regierung-in-Japan.jpg\",\"contentUrl\":\"https:\/\/now-news.de\/de\/wp-content\/uploads\/sites\/3\/2022\/08\/Neue-Regierung-in-Japan.jpg\",\"width\":460,\"height\":259,\"caption\":\"Neue Regierung in Japan\"},{\"@type\":\"BreadcrumbList\",\"@id\":\"https:\/\/now-news.de\/de\/deutschland\/neue-regierung-in-japan\/#breadcrumb\",\"itemListElement\":[{\"@type\":\"ListItem\",\"position\":1,\"name\":\"Home\",\"item\":\"https:\/\/now-news.de\/de\/\"},{\"@type\":\"ListItem\",\"position\":2,\"name\":\"Neue Regierung in Japan\"}]},{\"@type\":\"WebSite\",\"@id\":\"https:\/\/now-news.de\/de\/#website\",\"url\":\"https:\/\/now-news.de\/de\/\",\"name\":\"just-now.NEWS Deutschland\",\"description\":\"Das Portal f\u00fcr unzensierte Nachrichten aus der Welt\",\"publisher\":{\"@id\":\"https:\/\/now-news.de\/de\/#organization\"},\"potentialAction\":[{\"@type\":\"SearchAction\",\"target\":{\"@type\":\"EntryPoint\",\"urlTemplate\":\"https:\/\/now-news.de\/de\/?s={search_term_string}\"},\"query-input\":\"required name=search_term_string\"}],\"inLanguage\":\"de\"},{\"@type\":\"Organization\",\"@id\":\"https:\/\/now-news.de\/de\/#organization\",\"name\":\"Just Now News\",\"url\":\"https:\/\/now-news.de\/de\/\",\"logo\":{\"@type\":\"ImageObject\",\"inLanguage\":\"de\",\"@id\":\"https:\/\/now-news.de\/de\/#\/schema\/logo\/image\/\",\"url\":\"http:\/\/just-now.news\/de\/wp-content\/uploads\/sites\/3\/2022\/04\/logo500x500.jpg\",\"contentUrl\":\"http:\/\/just-now.news\/de\/wp-content\/uploads\/sites\/3\/2022\/04\/logo500x500.jpg\",\"width\":500,\"height\":500,\"caption\":\"Just Now News\"},\"image\":{\"@id\":\"https:\/\/now-news.de\/de\/#\/schema\/logo\/image\/\"},\"sameAs\":[\"https:\/\/www.facebook.com\/wirmachenauf\",\"https:\/\/x.com\/WirMachenAuf_de\"]},{\"@type\":\"Person\",\"@id\":\"https:\/\/now-news.de\/de\/#\/schema\/person\/fb534a4e865501d8b3285208df34a9b5\",\"name\":\"rtnews\",\"image\":{\"@type\":\"ImageObject\",\"inLanguage\":\"de\",\"@id\":\"https:\/\/now-news.de\/de\/#\/schema\/person\/image\/\",\"url\":\"https:\/\/secure.gravatar.com\/avatar\/82aafea7d8127119dd649515f56e2117?s=96&d=mm&r=g\",\"contentUrl\":\"https:\/\/secure.gravatar.com\/avatar\/82aafea7d8127119dd649515f56e2117?s=96&d=mm&r=g\",\"caption\":\"rtnews\"},\"url\":\"https:\/\/now-news.de\/de\/author\/rnews\/\"}]}<\/script>\n<!-- \/ Yoast SEO Premium plugin. -->","yoast_head_json":{"title":"Neue Regierung in Japan - just-now.NEWS Deutschland","robots":{"index":"index","follow":"follow","max-snippet":"max-snippet:-1","max-image-preview":"max-image-preview:large","max-video-preview":"max-video-preview:-1"},"canonical":"https:\/\/now-news.de\/de\/deutschland\/neue-regierung-in-japan\/","og_locale":"de_DE","og_type":"article","og_title":"Neue Regierung in Japan","og_description":"Angesichts der Kritik an der japanischen Regierung wegen ihrer m\u00f6glichen Verbindungen zur Vereinigungskirche hat der japanische Premierminister Fumio Kishida das Kabinett umgebildet. Viele Minister blieben im Amt, aber Nobuo Kishi wurde von seinem Posten abgel\u00f6st. Am Mittwoch ist Japans Regierung zur\u00fcckgetreten, so die russische Nachrichtenagentur\u00a0TASS unter Berufung auf Associated Press. Der japanische Premierminister Fumio Kishida [&hellip;]","og_url":"https:\/\/now-news.de\/de\/deutschland\/neue-regierung-in-japan\/","og_site_name":"just-now.NEWS Deutschland","article_publisher":"https:\/\/www.facebook.com\/wirmachenauf","article_published_time":"2022-08-10T13:25:29+00:00","og_image":[{"width":460,"height":259,"url":"https:\/\/now-news.de\/de\/wp-content\/uploads\/sites\/3\/2022\/08\/Neue-Regierung-in-Japan.jpg","type":"image\/jpeg"}],"author":"rtnews","twitter_card":"summary_large_image","twitter_creator":"@WirMachenAuf_de","twitter_site":"@WirMachenAuf_de","twitter_misc":{"Verfasst von":"rtnews","Gesch\u00e4tzte Lesezeit":"2\u00a0Minuten"},"schema":{"@context":"https:\/\/schema.org","@graph":[{"@type":"Article","@id":"https:\/\/now-news.de\/de\/deutschland\/neue-regierung-in-japan\/#article","isPartOf":{"@id":"https:\/\/now-news.de\/de\/deutschland\/neue-regierung-in-japan\/"},"author":{"name":"rtnews","@id":"https:\/\/now-news.de\/de\/#\/schema\/person\/fb534a4e865501d8b3285208df34a9b5"},"headline":"Neue Regierung in Japan","datePublished":"2022-08-10T13:25:29+00:00","dateModified":"2022-08-10T13:25:29+00:00","mainEntityOfPage":{"@id":"https:\/\/now-news.de\/de\/deutschland\/neue-regierung-in-japan\/"},"wordCount":408,"commentCount":0,"publisher":{"@id":"https:\/\/now-news.de\/de\/#organization"},"image":{"@id":"https:\/\/now-news.de\/de\/deutschland\/neue-regierung-in-japan\/#primaryimage"},"thumbnailUrl":"https:\/\/now-news.de\/de\/wp-content\/uploads\/sites\/3\/2022\/08\/Neue-Regierung-in-Japan.jpg","keywords":["Japan","NEUE","Regierung"],"articleSection":["Deutschland","Russland"],"inLanguage":"de","potentialAction":[{"@type":"CommentAction","name":"Comment","target":["https:\/\/now-news.de\/de\/deutschland\/neue-regierung-in-japan\/#respond"]}]},{"@type":"WebPage","@id":"https:\/\/now-news.de\/de\/deutschland\/neue-regierung-in-japan\/","url":"https:\/\/now-news.de\/de\/deutschland\/neue-regierung-in-japan\/","name":"Neue Regierung in Japan - just-now.NEWS Deutschland","isPartOf":{"@id":"https:\/\/now-news.de\/de\/#website"},"primaryImageOfPage":{"@id":"https:\/\/now-news.de\/de\/deutschland\/neue-regierung-in-japan\/#primaryimage"},"image":{"@id":"https:\/\/now-news.de\/de\/deutschland\/neue-regierung-in-japan\/#primaryimage"},"thumbnailUrl":"https:\/\/now-news.de\/de\/wp-content\/uploads\/sites\/3\/2022\/08\/Neue-Regierung-in-Japan.jpg","datePublished":"2022-08-10T13:25:29+00:00","dateModified":"2022-08-10T13:25:29+00:00","breadcrumb":{"@id":"https:\/\/now-news.de\/de\/deutschland\/neue-regierung-in-japan\/#breadcrumb"},"inLanguage":"de","potentialAction":[{"@type":"ReadAction","target":["https:\/\/now-news.de\/de\/deutschland\/neue-regierung-in-japan\/"]}]},{"@type":"ImageObject","inLanguage":"de","@id":"https:\/\/now-news.de\/de\/deutschland\/neue-regierung-in-japan\/#primaryimage","url":"https:\/\/now-news.de\/de\/wp-content\/uploads\/sites\/3\/2022\/08\/Neue-Regierung-in-Japan.jpg","contentUrl":"https:\/\/now-news.de\/de\/wp-content\/uploads\/sites\/3\/2022\/08\/Neue-Regierung-in-Japan.jpg","width":460,"height":259,"caption":"Neue Regierung in Japan"},{"@type":"BreadcrumbList","@id":"https:\/\/now-news.de\/de\/deutschland\/neue-regierung-in-japan\/#breadcrumb","itemListElement":[{"@type":"ListItem","position":1,"name":"Home","item":"https:\/\/now-news.de\/de\/"},{"@type":"ListItem","position":2,"name":"Neue Regierung in Japan"}]},{"@type":"WebSite","@id":"https:\/\/now-news.de\/de\/#website","url":"https:\/\/now-news.de\/de\/","name":"just-now.NEWS Deutschland","description":"Das Portal f\u00fcr unzensierte Nachrichten aus der Welt","publisher":{"@id":"https:\/\/now-news.de\/de\/#organization"},"potentialAction":[{"@type":"SearchAction","target":{"@type":"EntryPoint","urlTemplate":"https:\/\/now-news.de\/de\/?s={search_term_string}"},"query-input":"required name=search_term_string"}],"inLanguage":"de"},{"@type":"Organization","@id":"https:\/\/now-news.de\/de\/#organization","name":"Just Now News","url":"https:\/\/now-news.de\/de\/","logo":{"@type":"ImageObject","inLanguage":"de","@id":"https:\/\/now-news.de\/de\/#\/schema\/logo\/image\/","url":"http:\/\/just-now.news\/de\/wp-content\/uploads\/sites\/3\/2022\/04\/logo500x500.jpg","contentUrl":"http:\/\/just-now.news\/de\/wp-content\/uploads\/sites\/3\/2022\/04\/logo500x500.jpg","width":500,"height":500,"caption":"Just Now News"},"image":{"@id":"https:\/\/now-news.de\/de\/#\/schema\/logo\/image\/"},"sameAs":["https:\/\/www.facebook.com\/wirmachenauf","https:\/\/x.com\/WirMachenAuf_de"]},{"@type":"Person","@id":"https:\/\/now-news.de\/de\/#\/schema\/person\/fb534a4e865501d8b3285208df34a9b5","name":"rtnews","image":{"@type":"ImageObject","inLanguage":"de","@id":"https:\/\/now-news.de\/de\/#\/schema\/person\/image\/","url":"https:\/\/secure.gravatar.com\/avatar\/82aafea7d8127119dd649515f56e2117?s=96&d=mm&r=g","contentUrl":"https:\/\/secure.gravatar.com\/avatar\/82aafea7d8127119dd649515f56e2117?s=96&d=mm&r=g","caption":"rtnews"},"url":"https:\/\/now-news.de\/de\/author\/rnews\/"}]}},"_links":{"self":[{"href":"https:\/\/now-news.de\/de\/wp-json\/wp\/v2\/posts\/16621"}],"collection":[{"href":"https:\/\/now-news.de\/de\/wp-json\/wp\/v2\/posts"}],"about":[{"href":"https:\/\/now-news.de\/de\/wp-json\/wp\/v2\/types\/post"}],"author":[{"embeddable":true,"href":"https:\/\/now-news.de\/de\/wp-json\/wp\/v2\/users\/3"}],"replies":[{"embeddable":true,"href":"https:\/\/now-news.de\/de\/wp-json\/wp\/v2\/comments?post=16621"}],"version-history":[{"count":0,"href":"https:\/\/now-news.de\/de\/wp-json\/wp\/v2\/posts\/16621\/revisions"}],"wp:featuredmedia":[{"embeddable":true,"href":"https:\/\/now-news.de\/de\/wp-json\/wp\/v2\/media\/16622"}],"wp:attachment":[{"href":"https:\/\/now-news.de\/de\/wp-json\/wp\/v2\/media?parent=16621"}],"wp:term":[{"taxonomy":"category","embeddable":true,"href":"https:\/\/now-news.de\/de\/wp-json\/wp\/v2\/categories?post=16621"},{"taxonomy":"post_tag","embeddable":true,"href":"https:\/\/now-news.de\/de\/wp-json\/wp\/v2\/tags?post=16621"}],"curies":[{"name":"wp","href":"https:\/\/api.w.org\/{rel}","templated":true}]}}