{"id":16589,"date":"2022-08-09T21:59:16","date_gmt":"2022-08-09T19:59:16","guid":{"rendered":"http:\/\/just-now.news\/de\/deutschland\/uniklinik-regensburg-schriftlicher-appell-an-ungeimpftes-personal-bitte-nicht-kuendigen\/"},"modified":"2022-08-09T21:59:16","modified_gmt":"2022-08-09T19:59:16","slug":"uniklinik-regensburg-schriftlicher-appell-an-ungeimpftes-personal-bitte-nicht-kuendigen","status":"publish","type":"post","link":"https:\/\/now-news.de\/de\/deutschland\/uniklinik-regensburg-schriftlicher-appell-an-ungeimpftes-personal-bitte-nicht-kuendigen\/","title":{"rendered":"Uniklinik Regensburg: Schriftlicher Appell an ungeimpftes Personal \u2013 Bitte nicht k\u00fcndigen"},"content":{"rendered":"<p><img decoding=\"async\" src=\"http:\/\/just-now.news\/de\/wp-content\/uploads\/sites\/3\/2022\/08\/62f2631a48fbef2779539da3.jpg\" \/><\/p>\n<div class=\"Text-root Text-type_1 \">\n                Die Uniklinik Regensburg macht sich Sorgen um die &#8220;Gew\u00e4hrleistung der Versorgungssicherheit&#8221; im Hause. Ein Brief an ungeimpfte Mitarbeiter sorgt nun f\u00fcr mediale Aufmerksamkeit. Darin wird explizit darum gebeten, dass betroffene Kollegen mit einer K\u00fcndigung noch warten sollen.\n            <\/div>\n<p><\/p>\n<div class=\"Text-root Text-type_5 ArticleView-text ViewText-root \">\n<p>Ein internes Schreiben der\u00a0Leitung der Uniklinik Regensburg vom 4. August wird medial kontrovers diskutiert: Darf die Gesch\u00e4ftsf\u00fchrung einer medizinischen Einrichtung in Zeiten der Corona-Krise ungeimpfte Angestellte, Pflegepersonal wie auch \u00c4rzteschaft um Verst\u00e4ndnis und Hilfe bitten? Der Brief fand seinen Weg in die sozialen Medien und sorgt aufgrund der ehrlichen Worte gegen\u00fcber den Kollegen nun f\u00fcr erhebliche Aufmerksamkeit. So hei\u00dft es im Originalschreiben:<\/p>\n<blockquote>\n<p><em>&#8220;Vor diesem Hintergrund bitten wir alle betroffenen Mitarbeiter, die weiteren Entwicklungen und Entscheidungen abzuwarten und ihrerseits keine Ma\u00dfnahmen zur eventuellen Beendigung des Besch\u00e4ftigungsverh\u00e4ltnisses am UKR zu erw\u00e4gen, (&#8230;)&#8221;<\/em><\/p>\n<\/blockquote>\n<div class=\"EmbedBlock-root EmbedBlock-twitter\">\n<div class=\"TwitterEmbed\">\n<blockquote class=\"twitter-tweet lazyload\" data-twitter=\"twitter-tweet\">\n<p lang=\"de\" dir=\"ltr\">Uniklinik Regensburg bittet alle ungeimpften Mitarbeiter nicht voreilig zu k\u00fcndigen.???? <a rel=\"nofollow noopener\" target=\"_blank\" href=\"https:\/\/t.co\/vtNeepcnlF\">pic.twitter.com\/vtNeepcnlF<\/a><\/p>\n<p>\u2014 Todor Gowedarski (@TGowedarski) <a rel=\"nofollow noopener\" target=\"_blank\" href=\"https:\/\/twitter.com\/TGowedarski\/status\/1555878403701723142?ref_src=twsrc%5Etfw\">August 6, 2022<\/a><\/p><\/blockquote>\n<\/div>\n<\/div>\n<p>Eine Sprecherin der Klinikleitung <a rel=\"nofollow noopener\" target=\"_blank\" href=\"https:\/\/www.berliner-zeitung.de\/news\/klinik-bittet-ungeimpfte-aerzte-und-pfleger-weiterzuarbeiten-impfpflicht-li.254431\">best\u00e4tigte<\/a> auf Anfrage der <em>Berliner Zeitung<\/em>, dass das in den sozialen Medien diskutierte Schreiben echt ist. Ausschlaggebend f\u00fcr das Rundschreiben war f\u00fcr den Vorstandsvorsitzenden und \u00c4rztlichen Direktor des Hauses, dass das Bayerische Staatsministerium f\u00fcr Gesundheit und Pflege am 3. August in einem Schreiben an entsprechende H\u00e4user und Einrichtungen mitteilte, dass &#8220;von Seiten der Gesundheits\u00e4mter derzeit weder Bu\u00dfgeldma\u00dfnahmen noch Betretungs- und Besch\u00e4ftigungsverbote verh\u00e4ngt&#8221; w\u00fcrden. Dies wird wiederum begr\u00fcndet mit dem Status quo in Bayern in der Pflege:<\/p>\n<blockquote>\n<p><em>&#8220;Hintergrund sind ungekl\u00e4rte rechtliche Fragen, deren endg\u00fcltige gerichtliche Bewertung abgewartet werden soll, sowie bestehende Personalengp\u00e4sse (&#8230;).&#8221;<\/em><\/p>\n<\/blockquote>\n<p>Oberste Priorit\u00e4t f\u00fcr die bayerische Landespolitik wie auch die Klinikleitung habe demnach bei ihrer Entscheidung aktuell die &#8220;Gew\u00e4hrleistung der Versorgungssicherheit&#8221;. Seitens der\u00a0Uniklinik Regensburg bestehe f\u00fcr die so dringend ben\u00f6tigten Kollegen jedoch auch weiterhin &#8220;mit der vorl\u00e4ufigen Ma\u00dfnahmenaussetzung leider noch keine dauerhafte rechtliche Klarheit&#8221;, so die Darlegungen im Rundbrief.\u00a0Die Sprecherin der Uniklinik teilte der <em>Berliner Zeitung\u00a0<\/em>zu der weiterhin unklaren und verunsichernden rechtlichen Situation der ungeimpften Arbeitnehmer mit:<\/p>\n<blockquote>\n<p><em>&#8220;Unserer Kenntnis nach besitzen die Gesundheits\u00e4mter dabei einen gewissen Ermessensspielraum und k\u00f6nnen beispielsweise auch die Systemrelevanz von Mitarbeitern in ihre Entscheidung mit einflie\u00dfen lassen. Es bleibt bislang abzuwarten, welche Ma\u00dfnahmen ergriffen werden und ob zum Beispiel<\/em>\u00a0<em>konkret Betretungsverbote oder \u00e4hnliches ausgesprochen werden.&#8221;<\/em><\/p>\n<\/blockquote>\n<p>So herrsche intern &#8220;Unsicherheit bei den betroffenen Mitarbeitern&#8221;. Um diese abzubauen, sei es dem Vorstand ein Anliegen gewesen, &#8220;die Informationen, die wir vom Bayerischen Staatsministerium f\u00fcr Gesundheit und Pflege erhalten haben, direkt an die Mitarbeiter weiterzugeben&#8221;. Den Angaben nach sind am Universit\u00e4tsklinikum Regensburg derzeit rund 5.000 Menschen besch\u00e4ftigt. Der Klinikleitung zufolge verf\u00fcgen etwa 95 Prozent von ihnen \u00fcber einen Immunit\u00e4tsnachweis, umso beeindruckender wirkt die anscheinende Notwendigkeit des nun bekannt gewordenen Rundbriefs. Dieser\u00a0endet mit dem Hinweis:<\/p>\n<blockquote>\n<p><em>&#8220;Wir versichern Ihnen, dass wir alles tun, um unserem Versorgungsauftrag vollumf\u00e4nglich nachzukommen und dies auch gegen\u00fcber den Gesundheitsbeh\u00f6rden deutlich zum Ausdruck zu bringen.&#8221;<\/em><\/p>\n<\/blockquote>\n<p>Die Deutschen Krankenhausgesellschaft wie auch der Vorstand der Deutschen Stiftung Patientenschutz kritisieren die Politik des Bundesgesundheitsministeriums und pr\u00e4ferieren mittlerweile die politische <a rel=\"nofollow noopener\" target=\"_blank\" href=\"https:\/\/www.zeit.de\/gesundheit\/2022-07\/coronavirus-impfpflicht-pflegepersonal-krankenhausgesellschaft\">Aufhebung<\/a> der einrichtungsbezogenen Impfpflicht.\u00a0Bayerns Gesundheitsminister Klaus Holetschek hat vor wenigen Wochen sogar direkt\u00a0<a rel=\"nofollow noopener\" target=\"_blank\" href=\"https:\/\/www.br.de\/nachrichten\/deutschland-welt\/ein-skandal-rufe-nach-ende-der-teil-impfpflicht-mehren-sich,TCsxbTa\">gefordert<\/a>, die\u00a0einrichtungsbezogene Impfpflicht zum 30. September 2022 vorzeitig aufzuheben. Damit k\u00f6nne man &#8220;die Einrichtungen und die Gesundheits\u00e4mter vor weiterer B\u00fcrokratie bewahren&#8221;, so\u00a0Holetschek laut\u00a0<em>BR24<\/em>.<\/p>\n<p><strong>Mehr zum Thema &#8211;<\/strong>\u00a0<a rel=\"nofollow noopener\" target=\"_blank\" href=\"https:\/\/pressefreiheit.rtde.tech\/meinung\/145361-kliniken-behandeln-immer-weniger-patienten\/\">Kliniken behandeln immer weniger Patienten \u2013 doch der Anteil der COVID-F\u00e4lle w\u00e4chst seit Impfbeginn<\/a><\/p>\n<\/div>\n<p><script async src=\"https:\/\/platform.twitter.com\/widgets.js\" charset=\"utf-8\"><\/script><br \/>\n<br \/><br \/>\n<br \/><a href=\"https:\/\/de.rt.com\/inland\/145681-uniklinik-regensburg-schriftlicher-appell-an-ungeimpftes-personal-bitte-nicht-kuendigen\/\">Source link <\/a><\/p>\n","protected":false},"excerpt":{"rendered":"<p>Die Uniklinik Regensburg macht sich Sorgen um die &#8220;Gew\u00e4hrleistung der Versorgungssicherheit&#8221; im Hause. Ein Brief an ungeimpfte Mitarbeiter sorgt nun f\u00fcr mediale Aufmerksamkeit. Darin wird explizit darum gebeten, dass betroffene Kollegen mit einer K\u00fcndigung noch warten sollen. Ein internes Schreiben der\u00a0Leitung der Uniklinik Regensburg vom 4. August wird medial kontrovers diskutiert: Darf die Gesch\u00e4ftsf\u00fchrung einer [&hellip;]<\/p>\n","protected":false},"author":3,"featured_media":16590,"comment_status":"open","ping_status":"open","sticky":false,"template":"","format":"standard","meta":{"wp_automatic_camp":["217"],"7b551a1beb77fd5637c1cef95cab3620":["Uniklinik Regensburg: Schriftlicher Appell an ungeimpftes Personal \u2013 Bitte nicht k\u00fcndigen"],"original_link":["https:\/\/de.rt.com\/inland\/145681-uniklinik-regensburg-schriftlicher-appell-an-ungeimpftes-personal-bitte-nicht-kuendigen\/"],"_thumbnail_id":["16590"],"_wptg_p2tg_sent2tg":["2022-08-09 23:16:21"],"jnews_social_counter_last_update":["1777391838"]},"categories":[19,23],"tags":[24702,22757,19880,800,639,11372,30735,28561,26645],"yoast_head":"<!-- This site is optimized with the Yoast SEO Premium plugin v22.7 (Yoast SEO v22.7) - https:\/\/yoast.com\/wordpress\/plugins\/seo\/ -->\n<title>Uniklinik Regensburg: Schriftlicher Appell an ungeimpftes Personal \u2013 Bitte nicht k\u00fcndigen - just-now.NEWS Deutschland<\/title>\n<meta name=\"robots\" content=\"index, follow, max-snippet:-1, max-image-preview:large, max-video-preview:-1\" \/>\n<link rel=\"canonical\" href=\"https:\/\/now-news.de\/de\/deutschland\/uniklinik-regensburg-schriftlicher-appell-an-ungeimpftes-personal-bitte-nicht-kuendigen\/\" \/>\n<meta property=\"og:locale\" content=\"de_DE\" \/>\n<meta property=\"og:type\" content=\"article\" \/>\n<meta property=\"og:title\" content=\"Uniklinik Regensburg: Schriftlicher Appell an ungeimpftes Personal \u2013 Bitte nicht k\u00fcndigen\" \/>\n<meta property=\"og:description\" content=\"Die Uniklinik Regensburg macht sich Sorgen um die &#8220;Gew\u00e4hrleistung der Versorgungssicherheit&#8221; im Hause. Ein Brief an ungeimpfte Mitarbeiter sorgt nun f\u00fcr mediale Aufmerksamkeit. Darin wird explizit darum gebeten, dass betroffene Kollegen mit einer K\u00fcndigung noch warten sollen. Ein internes Schreiben der\u00a0Leitung der Uniklinik Regensburg vom 4. August wird medial kontrovers diskutiert: Darf die Gesch\u00e4ftsf\u00fchrung einer [&hellip;]\" \/>\n<meta property=\"og:url\" content=\"https:\/\/now-news.de\/de\/deutschland\/uniklinik-regensburg-schriftlicher-appell-an-ungeimpftes-personal-bitte-nicht-kuendigen\/\" \/>\n<meta property=\"og:site_name\" content=\"just-now.NEWS Deutschland\" \/>\n<meta property=\"article:publisher\" content=\"https:\/\/www.facebook.com\/wirmachenauf\" \/>\n<meta property=\"article:published_time\" content=\"2022-08-09T19:59:16+00:00\" \/>\n<meta property=\"og:image\" content=\"https:\/\/now-news.de\/de\/wp-content\/uploads\/sites\/3\/2022\/08\/Uniklinik-Regensburg-Schriftlicher-Appell-an-ungeimpftes-Personal-\u2013-Bitte-nicht.jpg\" \/>\n\t<meta property=\"og:image:width\" content=\"460\" \/>\n\t<meta property=\"og:image:height\" content=\"259\" \/>\n\t<meta property=\"og:image:type\" content=\"image\/jpeg\" \/>\n<meta name=\"author\" content=\"rtnews\" \/>\n<meta name=\"twitter:card\" content=\"summary_large_image\" \/>\n<meta name=\"twitter:creator\" content=\"@WirMachenAuf_de\" \/>\n<meta name=\"twitter:site\" content=\"@WirMachenAuf_de\" \/>\n<meta name=\"twitter:label1\" content=\"Verfasst von\" \/>\n\t<meta name=\"twitter:data1\" content=\"rtnews\" \/>\n\t<meta name=\"twitter:label2\" content=\"Gesch\u00e4tzte Lesezeit\" \/>\n\t<meta name=\"twitter:data2\" content=\"3\u00a0Minuten\" \/>\n<script type=\"application\/ld+json\" class=\"yoast-schema-graph\">{\"@context\":\"https:\/\/schema.org\",\"@graph\":[{\"@type\":\"Article\",\"@id\":\"https:\/\/now-news.de\/de\/deutschland\/uniklinik-regensburg-schriftlicher-appell-an-ungeimpftes-personal-bitte-nicht-kuendigen\/#article\",\"isPartOf\":{\"@id\":\"https:\/\/now-news.de\/de\/deutschland\/uniklinik-regensburg-schriftlicher-appell-an-ungeimpftes-personal-bitte-nicht-kuendigen\/\"},\"author\":{\"name\":\"rtnews\",\"@id\":\"https:\/\/now-news.de\/de\/#\/schema\/person\/fb534a4e865501d8b3285208df34a9b5\"},\"headline\":\"Uniklinik Regensburg: Schriftlicher Appell an ungeimpftes Personal \u2013 Bitte nicht k\u00fcndigen\",\"datePublished\":\"2022-08-09T19:59:16+00:00\",\"dateModified\":\"2022-08-09T19:59:16+00:00\",\"mainEntityOfPage\":{\"@id\":\"https:\/\/now-news.de\/de\/deutschland\/uniklinik-regensburg-schriftlicher-appell-an-ungeimpftes-personal-bitte-nicht-kuendigen\/\"},\"wordCount\":590,\"commentCount\":0,\"publisher\":{\"@id\":\"https:\/\/now-news.de\/de\/#organization\"},\"image\":{\"@id\":\"https:\/\/now-news.de\/de\/deutschland\/uniklinik-regensburg-schriftlicher-appell-an-ungeimpftes-personal-bitte-nicht-kuendigen\/#primaryimage\"},\"thumbnailUrl\":\"https:\/\/now-news.de\/de\/wp-content\/uploads\/sites\/3\/2022\/08\/Uniklinik-Regensburg-Schriftlicher-Appell-an-ungeimpftes-Personal-\u2013-Bitte-nicht.jpg\",\"keywords\":[\"Appell\",\"bitte\",\"k\u00fcndigen\",\"nicht\",\"Personal\",\"regensburg\",\"Schriftlicher\",\"ungeimpftes\",\"UniKlinik\"],\"articleSection\":[\"Deutschland\",\"Russland\"],\"inLanguage\":\"de\",\"potentialAction\":[{\"@type\":\"CommentAction\",\"name\":\"Comment\",\"target\":[\"https:\/\/now-news.de\/de\/deutschland\/uniklinik-regensburg-schriftlicher-appell-an-ungeimpftes-personal-bitte-nicht-kuendigen\/#respond\"]}]},{\"@type\":\"WebPage\",\"@id\":\"https:\/\/now-news.de\/de\/deutschland\/uniklinik-regensburg-schriftlicher-appell-an-ungeimpftes-personal-bitte-nicht-kuendigen\/\",\"url\":\"https:\/\/now-news.de\/de\/deutschland\/uniklinik-regensburg-schriftlicher-appell-an-ungeimpftes-personal-bitte-nicht-kuendigen\/\",\"name\":\"Uniklinik Regensburg: Schriftlicher Appell an ungeimpftes Personal \u2013 Bitte nicht k\u00fcndigen - just-now.NEWS Deutschland\",\"isPartOf\":{\"@id\":\"https:\/\/now-news.de\/de\/#website\"},\"primaryImageOfPage\":{\"@id\":\"https:\/\/now-news.de\/de\/deutschland\/uniklinik-regensburg-schriftlicher-appell-an-ungeimpftes-personal-bitte-nicht-kuendigen\/#primaryimage\"},\"image\":{\"@id\":\"https:\/\/now-news.de\/de\/deutschland\/uniklinik-regensburg-schriftlicher-appell-an-ungeimpftes-personal-bitte-nicht-kuendigen\/#primaryimage\"},\"thumbnailUrl\":\"https:\/\/now-news.de\/de\/wp-content\/uploads\/sites\/3\/2022\/08\/Uniklinik-Regensburg-Schriftlicher-Appell-an-ungeimpftes-Personal-\u2013-Bitte-nicht.jpg\",\"datePublished\":\"2022-08-09T19:59:16+00:00\",\"dateModified\":\"2022-08-09T19:59:16+00:00\",\"breadcrumb\":{\"@id\":\"https:\/\/now-news.de\/de\/deutschland\/uniklinik-regensburg-schriftlicher-appell-an-ungeimpftes-personal-bitte-nicht-kuendigen\/#breadcrumb\"},\"inLanguage\":\"de\",\"potentialAction\":[{\"@type\":\"ReadAction\",\"target\":[\"https:\/\/now-news.de\/de\/deutschland\/uniklinik-regensburg-schriftlicher-appell-an-ungeimpftes-personal-bitte-nicht-kuendigen\/\"]}]},{\"@type\":\"ImageObject\",\"inLanguage\":\"de\",\"@id\":\"https:\/\/now-news.de\/de\/deutschland\/uniklinik-regensburg-schriftlicher-appell-an-ungeimpftes-personal-bitte-nicht-kuendigen\/#primaryimage\",\"url\":\"https:\/\/now-news.de\/de\/wp-content\/uploads\/sites\/3\/2022\/08\/Uniklinik-Regensburg-Schriftlicher-Appell-an-ungeimpftes-Personal-\u2013-Bitte-nicht.jpg\",\"contentUrl\":\"https:\/\/now-news.de\/de\/wp-content\/uploads\/sites\/3\/2022\/08\/Uniklinik-Regensburg-Schriftlicher-Appell-an-ungeimpftes-Personal-\u2013-Bitte-nicht.jpg\",\"width\":460,\"height\":259,\"caption\":\"Uniklinik Regensburg: Schriftlicher Appell an ungeimpftes Personal \u2013 Bitte nicht k\u00fcndigen\"},{\"@type\":\"BreadcrumbList\",\"@id\":\"https:\/\/now-news.de\/de\/deutschland\/uniklinik-regensburg-schriftlicher-appell-an-ungeimpftes-personal-bitte-nicht-kuendigen\/#breadcrumb\",\"itemListElement\":[{\"@type\":\"ListItem\",\"position\":1,\"name\":\"Home\",\"item\":\"https:\/\/now-news.de\/de\/\"},{\"@type\":\"ListItem\",\"position\":2,\"name\":\"Uniklinik Regensburg: Schriftlicher Appell an ungeimpftes Personal \u2013 Bitte nicht k\u00fcndigen\"}]},{\"@type\":\"WebSite\",\"@id\":\"https:\/\/now-news.de\/de\/#website\",\"url\":\"https:\/\/now-news.de\/de\/\",\"name\":\"just-now.NEWS Deutschland\",\"description\":\"Das Portal f\u00fcr unzensierte Nachrichten aus der Welt\",\"publisher\":{\"@id\":\"https:\/\/now-news.de\/de\/#organization\"},\"potentialAction\":[{\"@type\":\"SearchAction\",\"target\":{\"@type\":\"EntryPoint\",\"urlTemplate\":\"https:\/\/now-news.de\/de\/?s={search_term_string}\"},\"query-input\":\"required name=search_term_string\"}],\"inLanguage\":\"de\"},{\"@type\":\"Organization\",\"@id\":\"https:\/\/now-news.de\/de\/#organization\",\"name\":\"Just Now News\",\"url\":\"https:\/\/now-news.de\/de\/\",\"logo\":{\"@type\":\"ImageObject\",\"inLanguage\":\"de\",\"@id\":\"https:\/\/now-news.de\/de\/#\/schema\/logo\/image\/\",\"url\":\"http:\/\/just-now.news\/de\/wp-content\/uploads\/sites\/3\/2022\/04\/logo500x500.jpg\",\"contentUrl\":\"http:\/\/just-now.news\/de\/wp-content\/uploads\/sites\/3\/2022\/04\/logo500x500.jpg\",\"width\":500,\"height\":500,\"caption\":\"Just Now News\"},\"image\":{\"@id\":\"https:\/\/now-news.de\/de\/#\/schema\/logo\/image\/\"},\"sameAs\":[\"https:\/\/www.facebook.com\/wirmachenauf\",\"https:\/\/x.com\/WirMachenAuf_de\"]},{\"@type\":\"Person\",\"@id\":\"https:\/\/now-news.de\/de\/#\/schema\/person\/fb534a4e865501d8b3285208df34a9b5\",\"name\":\"rtnews\",\"image\":{\"@type\":\"ImageObject\",\"inLanguage\":\"de\",\"@id\":\"https:\/\/now-news.de\/de\/#\/schema\/person\/image\/\",\"url\":\"https:\/\/secure.gravatar.com\/avatar\/82aafea7d8127119dd649515f56e2117?s=96&d=mm&r=g\",\"contentUrl\":\"https:\/\/secure.gravatar.com\/avatar\/82aafea7d8127119dd649515f56e2117?s=96&d=mm&r=g\",\"caption\":\"rtnews\"},\"url\":\"https:\/\/now-news.de\/de\/author\/rnews\/\"}]}<\/script>\n<!-- \/ Yoast SEO Premium plugin. -->","yoast_head_json":{"title":"Uniklinik Regensburg: Schriftlicher Appell an ungeimpftes Personal \u2013 Bitte nicht k\u00fcndigen - just-now.NEWS Deutschland","robots":{"index":"index","follow":"follow","max-snippet":"max-snippet:-1","max-image-preview":"max-image-preview:large","max-video-preview":"max-video-preview:-1"},"canonical":"https:\/\/now-news.de\/de\/deutschland\/uniklinik-regensburg-schriftlicher-appell-an-ungeimpftes-personal-bitte-nicht-kuendigen\/","og_locale":"de_DE","og_type":"article","og_title":"Uniklinik Regensburg: Schriftlicher Appell an ungeimpftes Personal \u2013 Bitte nicht k\u00fcndigen","og_description":"Die Uniklinik Regensburg macht sich Sorgen um die &#8220;Gew\u00e4hrleistung der Versorgungssicherheit&#8221; im Hause. Ein Brief an ungeimpfte Mitarbeiter sorgt nun f\u00fcr mediale Aufmerksamkeit. Darin wird explizit darum gebeten, dass betroffene Kollegen mit einer K\u00fcndigung noch warten sollen. Ein internes Schreiben der\u00a0Leitung der Uniklinik Regensburg vom 4. August wird medial kontrovers diskutiert: Darf die Gesch\u00e4ftsf\u00fchrung einer [&hellip;]","og_url":"https:\/\/now-news.de\/de\/deutschland\/uniklinik-regensburg-schriftlicher-appell-an-ungeimpftes-personal-bitte-nicht-kuendigen\/","og_site_name":"just-now.NEWS Deutschland","article_publisher":"https:\/\/www.facebook.com\/wirmachenauf","article_published_time":"2022-08-09T19:59:16+00:00","og_image":[{"width":460,"height":259,"url":"https:\/\/now-news.de\/de\/wp-content\/uploads\/sites\/3\/2022\/08\/Uniklinik-Regensburg-Schriftlicher-Appell-an-ungeimpftes-Personal-\u2013-Bitte-nicht.jpg","type":"image\/jpeg"}],"author":"rtnews","twitter_card":"summary_large_image","twitter_creator":"@WirMachenAuf_de","twitter_site":"@WirMachenAuf_de","twitter_misc":{"Verfasst von":"rtnews","Gesch\u00e4tzte Lesezeit":"3\u00a0Minuten"},"schema":{"@context":"https:\/\/schema.org","@graph":[{"@type":"Article","@id":"https:\/\/now-news.de\/de\/deutschland\/uniklinik-regensburg-schriftlicher-appell-an-ungeimpftes-personal-bitte-nicht-kuendigen\/#article","isPartOf":{"@id":"https:\/\/now-news.de\/de\/deutschland\/uniklinik-regensburg-schriftlicher-appell-an-ungeimpftes-personal-bitte-nicht-kuendigen\/"},"author":{"name":"rtnews","@id":"https:\/\/now-news.de\/de\/#\/schema\/person\/fb534a4e865501d8b3285208df34a9b5"},"headline":"Uniklinik Regensburg: Schriftlicher Appell an ungeimpftes Personal \u2013 Bitte nicht k\u00fcndigen","datePublished":"2022-08-09T19:59:16+00:00","dateModified":"2022-08-09T19:59:16+00:00","mainEntityOfPage":{"@id":"https:\/\/now-news.de\/de\/deutschland\/uniklinik-regensburg-schriftlicher-appell-an-ungeimpftes-personal-bitte-nicht-kuendigen\/"},"wordCount":590,"commentCount":0,"publisher":{"@id":"https:\/\/now-news.de\/de\/#organization"},"image":{"@id":"https:\/\/now-news.de\/de\/deutschland\/uniklinik-regensburg-schriftlicher-appell-an-ungeimpftes-personal-bitte-nicht-kuendigen\/#primaryimage"},"thumbnailUrl":"https:\/\/now-news.de\/de\/wp-content\/uploads\/sites\/3\/2022\/08\/Uniklinik-Regensburg-Schriftlicher-Appell-an-ungeimpftes-Personal-\u2013-Bitte-nicht.jpg","keywords":["Appell","bitte","k\u00fcndigen","nicht","Personal","regensburg","Schriftlicher","ungeimpftes","UniKlinik"],"articleSection":["Deutschland","Russland"],"inLanguage":"de","potentialAction":[{"@type":"CommentAction","name":"Comment","target":["https:\/\/now-news.de\/de\/deutschland\/uniklinik-regensburg-schriftlicher-appell-an-ungeimpftes-personal-bitte-nicht-kuendigen\/#respond"]}]},{"@type":"WebPage","@id":"https:\/\/now-news.de\/de\/deutschland\/uniklinik-regensburg-schriftlicher-appell-an-ungeimpftes-personal-bitte-nicht-kuendigen\/","url":"https:\/\/now-news.de\/de\/deutschland\/uniklinik-regensburg-schriftlicher-appell-an-ungeimpftes-personal-bitte-nicht-kuendigen\/","name":"Uniklinik Regensburg: Schriftlicher Appell an ungeimpftes Personal \u2013 Bitte nicht k\u00fcndigen - just-now.NEWS Deutschland","isPartOf":{"@id":"https:\/\/now-news.de\/de\/#website"},"primaryImageOfPage":{"@id":"https:\/\/now-news.de\/de\/deutschland\/uniklinik-regensburg-schriftlicher-appell-an-ungeimpftes-personal-bitte-nicht-kuendigen\/#primaryimage"},"image":{"@id":"https:\/\/now-news.de\/de\/deutschland\/uniklinik-regensburg-schriftlicher-appell-an-ungeimpftes-personal-bitte-nicht-kuendigen\/#primaryimage"},"thumbnailUrl":"https:\/\/now-news.de\/de\/wp-content\/uploads\/sites\/3\/2022\/08\/Uniklinik-Regensburg-Schriftlicher-Appell-an-ungeimpftes-Personal-\u2013-Bitte-nicht.jpg","datePublished":"2022-08-09T19:59:16+00:00","dateModified":"2022-08-09T19:59:16+00:00","breadcrumb":{"@id":"https:\/\/now-news.de\/de\/deutschland\/uniklinik-regensburg-schriftlicher-appell-an-ungeimpftes-personal-bitte-nicht-kuendigen\/#breadcrumb"},"inLanguage":"de","potentialAction":[{"@type":"ReadAction","target":["https:\/\/now-news.de\/de\/deutschland\/uniklinik-regensburg-schriftlicher-appell-an-ungeimpftes-personal-bitte-nicht-kuendigen\/"]}]},{"@type":"ImageObject","inLanguage":"de","@id":"https:\/\/now-news.de\/de\/deutschland\/uniklinik-regensburg-schriftlicher-appell-an-ungeimpftes-personal-bitte-nicht-kuendigen\/#primaryimage","url":"https:\/\/now-news.de\/de\/wp-content\/uploads\/sites\/3\/2022\/08\/Uniklinik-Regensburg-Schriftlicher-Appell-an-ungeimpftes-Personal-\u2013-Bitte-nicht.jpg","contentUrl":"https:\/\/now-news.de\/de\/wp-content\/uploads\/sites\/3\/2022\/08\/Uniklinik-Regensburg-Schriftlicher-Appell-an-ungeimpftes-Personal-\u2013-Bitte-nicht.jpg","width":460,"height":259,"caption":"Uniklinik Regensburg: Schriftlicher Appell an ungeimpftes Personal \u2013 Bitte nicht k\u00fcndigen"},{"@type":"BreadcrumbList","@id":"https:\/\/now-news.de\/de\/deutschland\/uniklinik-regensburg-schriftlicher-appell-an-ungeimpftes-personal-bitte-nicht-kuendigen\/#breadcrumb","itemListElement":[{"@type":"ListItem","position":1,"name":"Home","item":"https:\/\/now-news.de\/de\/"},{"@type":"ListItem","position":2,"name":"Uniklinik Regensburg: Schriftlicher Appell an ungeimpftes Personal \u2013 Bitte nicht k\u00fcndigen"}]},{"@type":"WebSite","@id":"https:\/\/now-news.de\/de\/#website","url":"https:\/\/now-news.de\/de\/","name":"just-now.NEWS Deutschland","description":"Das Portal f\u00fcr unzensierte Nachrichten aus der Welt","publisher":{"@id":"https:\/\/now-news.de\/de\/#organization"},"potentialAction":[{"@type":"SearchAction","target":{"@type":"EntryPoint","urlTemplate":"https:\/\/now-news.de\/de\/?s={search_term_string}"},"query-input":"required name=search_term_string"}],"inLanguage":"de"},{"@type":"Organization","@id":"https:\/\/now-news.de\/de\/#organization","name":"Just Now News","url":"https:\/\/now-news.de\/de\/","logo":{"@type":"ImageObject","inLanguage":"de","@id":"https:\/\/now-news.de\/de\/#\/schema\/logo\/image\/","url":"http:\/\/just-now.news\/de\/wp-content\/uploads\/sites\/3\/2022\/04\/logo500x500.jpg","contentUrl":"http:\/\/just-now.news\/de\/wp-content\/uploads\/sites\/3\/2022\/04\/logo500x500.jpg","width":500,"height":500,"caption":"Just Now News"},"image":{"@id":"https:\/\/now-news.de\/de\/#\/schema\/logo\/image\/"},"sameAs":["https:\/\/www.facebook.com\/wirmachenauf","https:\/\/x.com\/WirMachenAuf_de"]},{"@type":"Person","@id":"https:\/\/now-news.de\/de\/#\/schema\/person\/fb534a4e865501d8b3285208df34a9b5","name":"rtnews","image":{"@type":"ImageObject","inLanguage":"de","@id":"https:\/\/now-news.de\/de\/#\/schema\/person\/image\/","url":"https:\/\/secure.gravatar.com\/avatar\/82aafea7d8127119dd649515f56e2117?s=96&d=mm&r=g","contentUrl":"https:\/\/secure.gravatar.com\/avatar\/82aafea7d8127119dd649515f56e2117?s=96&d=mm&r=g","caption":"rtnews"},"url":"https:\/\/now-news.de\/de\/author\/rnews\/"}]}},"_links":{"self":[{"href":"https:\/\/now-news.de\/de\/wp-json\/wp\/v2\/posts\/16589"}],"collection":[{"href":"https:\/\/now-news.de\/de\/wp-json\/wp\/v2\/posts"}],"about":[{"href":"https:\/\/now-news.de\/de\/wp-json\/wp\/v2\/types\/post"}],"author":[{"embeddable":true,"href":"https:\/\/now-news.de\/de\/wp-json\/wp\/v2\/users\/3"}],"replies":[{"embeddable":true,"href":"https:\/\/now-news.de\/de\/wp-json\/wp\/v2\/comments?post=16589"}],"version-history":[{"count":0,"href":"https:\/\/now-news.de\/de\/wp-json\/wp\/v2\/posts\/16589\/revisions"}],"wp:featuredmedia":[{"embeddable":true,"href":"https:\/\/now-news.de\/de\/wp-json\/wp\/v2\/media\/16590"}],"wp:attachment":[{"href":"https:\/\/now-news.de\/de\/wp-json\/wp\/v2\/media?parent=16589"}],"wp:term":[{"taxonomy":"category","embeddable":true,"href":"https:\/\/now-news.de\/de\/wp-json\/wp\/v2\/categories?post=16589"},{"taxonomy":"post_tag","embeddable":true,"href":"https:\/\/now-news.de\/de\/wp-json\/wp\/v2\/tags?post=16589"}],"curies":[{"name":"wp","href":"https:\/\/api.w.org\/{rel}","templated":true}]}}