{"id":16587,"date":"2022-08-09T22:50:37","date_gmt":"2022-08-09T20:50:37","guid":{"rendered":"http:\/\/just-now.news\/de\/deutschland\/bloomberg-polnischer-premierminister-hat-keine-zeit-fuer-boris-johnson\/"},"modified":"2022-08-09T22:50:37","modified_gmt":"2022-08-09T20:50:37","slug":"bloomberg-polnischer-premierminister-hat-keine-zeit-fuer-boris-johnson","status":"publish","type":"post","link":"https:\/\/now-news.de\/de\/deutschland\/bloomberg-polnischer-premierminister-hat-keine-zeit-fuer-boris-johnson\/","title":{"rendered":"Bloomberg: Polnischer Premierminister &quot;hat keine Zeit&quot; f\u00fcr Boris Johnson"},"content":{"rendered":"<p><img decoding=\"async\" src=\"http:\/\/just-now.news\/de\/wp-content\/uploads\/sites\/3\/2022\/08\/62f25ff5b480cc7920738aef.jpg\" \/><\/p>\n<div class=\"Text-root Text-type_1 \">\n                Pl\u00e4ne f\u00fcr einen Besuch des scheidenden britischen Regierungschefs Boris Johnson in Polen konnten Medienberichten zufolge nicht realisiert werden. London und Warschau sei es nicht gelungen, einen passenden Termin zu finden.\n            <\/div>\n<p><\/p>\n<div class=\"Text-root Text-type_5 ArticleView-text ViewText-root \">\n<p>Das B\u00fcro des scheidenden britischen Premierministers Boris Johnson hat eine Reise nach Warschau abgesagt, nachdem es von den polnischen Amtskollegen dar\u00fcber informiert wurde, dass der polnische Premierminister Mateusz Morawiecki keine Zeit f\u00fcr ein Treffen mit dem Regierungschef h\u00e4tte, berichtete <em>Bloomberg<\/em> am Montag.<\/p>\n<p>Downing Street teilte den Medien mit, dass die Planungen des Besuchs bis letzte Woche im Prozess waren. Laut <em>Bloomberg<\/em> h\u00e4tten London und Warschau mehrere m\u00f6gliche Termine f\u00fcr das Treffen er\u00f6rtert, darunter den 8. August, der Plan scheiterte jedoch letztlich.<\/p>\n<p>Dem Bericht zufolge will Johnson vor seinem Ausscheiden aus dem Amt im n\u00e4chsten Monat noch eine Reihe von Telefonaten und pers\u00f6nlichen Treffen mit f\u00fchrenden Politikern der Welt abhalten. US-Pr\u00e4sident Joe Biden und der franz\u00f6sische Pr\u00e4sident Emmanuel Macron stehen auf der Liste seiner Abschiedskontakte, obwohl beide noch nicht mit dem britischen Politiker gesprochen haben, so die Ausf\u00fchrung.<\/p>\n<p>Boris Johnson hatte Anfang Juli nach einer Reihe von Skandalen seinen R\u00fccktritt als Vorsitzender der Konservativen Partei angek\u00fcndigt. Der ehemalige Finanzminister Rishi Sunak und die Au\u00dfenministerin Liz Truss kandidieren f\u00fcr seine Nachfolge als Spitze der Partei und bei der Wahl zum Premierminister des Vereinigten K\u00f6nigreichs im n\u00e4chsten Monat.<\/p>\n<p>Die offensichtliche Absage Polens erfolgte, obwohl Johnson einer der lautst\u00e4rksten Unterst\u00fctzer der Ukraine gegen\u00fcber Russland ist, was er als einen wichtigen Teil seines politischen Verm\u00e4chtnisses betrachtet. Morawiecki ist ebenfalls ein scharfer Kritiker Moskaus. Beide L\u00e4nder haben Kiew mit Milit\u00e4rhilfe und Botschaften der Ermutigung zum Weiterk\u00e4mpfen \u00fcberh\u00e4uft.<\/p>\n<p>Russland hatte am 24. Februar Truppen in die Ukraine entsandt, weil Kiew die Minsker Vereinbarungen, die den Gebieten Donezk und Lugansk einen Sonderstatus innerhalb des ukrainischen Staates zusagten, nicht umgesetzt hat. Die von Deutschland und Frankreich vermittelten Protokolle wurden im Jahr 2014 unterzeichnet. Der ehemalige ukrainische Pr\u00e4sident Petro Poroschenko r\u00e4umte inzwischen ein, dass Kiew den Waffenstillstand vorrangig dazu nutzen wollte, um Zeit zu gewinnen und &#8220;m\u00e4chtige Streitkr\u00e4fte zu schaffen&#8221;.<\/p>\n<p>Im Februar 2022 erkannte der Kreml die Donbass-Republiken als unabh\u00e4ngige Staaten an und verlangte, dass die Ukraine sich offiziell zu einem neutralen Land erkl\u00e4rt, das sich niemals einem westlichen Milit\u00e4rblock anschlie\u00dfen werde. Kiew besteht nach wie vor darauf, dass die russische Offensive v\u00f6llig unprovoziert war.<\/p>\n<p><strong>Mehr zum Thema<\/strong> &#8211; <a rel=\"nofollow noopener\" target=\"_blank\" href=\"https:\/\/de.rt.com\/europa\/144538-medienberichte-johnson-konnte-nachste-nato\/\">Medienberichte: Boris Johnson k\u00f6nnte NATO-Generalsekret\u00e4r werden <\/a><\/p>\n<\/p>\n<\/div>\n<p><br \/>\n<br \/><a href=\"https:\/\/de.rt.com\/europa\/145678-bloomberg-polnischer-premierminister-hat-keine-zeit-boris-johnson\/\">Source link <\/a><\/p>\n","protected":false},"excerpt":{"rendered":"<p>Pl\u00e4ne f\u00fcr einen Besuch des scheidenden britischen Regierungschefs Boris Johnson in Polen konnten Medienberichten zufolge nicht realisiert werden. London und Warschau sei es nicht gelungen, einen passenden Termin zu finden. Das B\u00fcro des scheidenden britischen Premierministers Boris Johnson hat eine Reise nach Warschau abgesagt, nachdem es von den polnischen Amtskollegen dar\u00fcber informiert wurde, dass der [&hellip;]<\/p>\n","protected":false},"author":3,"featured_media":16588,"comment_status":"open","ping_status":"open","sticky":false,"template":"","format":"standard","meta":{"wp_automatic_camp":["217"],"704833f93658af8653eeef6e4af6bee7":["Bloomberg: Polnischer Premierminister &quot;hat keine Zeit&quot; f\u00fcr Boris Johnson"],"original_link":["https:\/\/de.rt.com\/europa\/145678-bloomberg-polnischer-premierminister-hat-keine-zeit-boris-johnson\/"],"_thumbnail_id":["16588"],"_wptg_p2tg_sent2tg":["2022-08-09 23:00:20"],"jnews_social_counter_last_update":["1777191207"]},"categories":[19,23],"tags":[118,6985,221,3708,375,19459,416,22398,30734],"yoast_head":"<!-- This site is optimized with the Yoast SEO Premium plugin v22.7 (Yoast SEO v22.7) - https:\/\/yoast.com\/wordpress\/plugins\/seo\/ -->\n<title>Bloomberg: Polnischer Premierminister &quot;hat keine Zeit&quot; f\u00fcr Boris Johnson - just-now.NEWS Deutschland<\/title>\n<meta name=\"robots\" content=\"index, follow, max-snippet:-1, max-image-preview:large, max-video-preview:-1\" \/>\n<link rel=\"canonical\" href=\"https:\/\/now-news.de\/de\/deutschland\/bloomberg-polnischer-premierminister-hat-keine-zeit-fuer-boris-johnson\/\" \/>\n<meta property=\"og:locale\" content=\"de_DE\" \/>\n<meta property=\"og:type\" content=\"article\" \/>\n<meta property=\"og:title\" content=\"Bloomberg: Polnischer Premierminister &quot;hat keine Zeit&quot; f\u00fcr Boris Johnson\" \/>\n<meta property=\"og:description\" content=\"Pl\u00e4ne f\u00fcr einen Besuch des scheidenden britischen Regierungschefs Boris Johnson in Polen konnten Medienberichten zufolge nicht realisiert werden. London und Warschau sei es nicht gelungen, einen passenden Termin zu finden. Das B\u00fcro des scheidenden britischen Premierministers Boris Johnson hat eine Reise nach Warschau abgesagt, nachdem es von den polnischen Amtskollegen dar\u00fcber informiert wurde, dass der [&hellip;]\" \/>\n<meta property=\"og:url\" content=\"https:\/\/now-news.de\/de\/deutschland\/bloomberg-polnischer-premierminister-hat-keine-zeit-fuer-boris-johnson\/\" \/>\n<meta property=\"og:site_name\" content=\"just-now.NEWS Deutschland\" \/>\n<meta property=\"article:publisher\" content=\"https:\/\/www.facebook.com\/wirmachenauf\" \/>\n<meta property=\"article:published_time\" content=\"2022-08-09T20:50:37+00:00\" \/>\n<meta property=\"og:image\" content=\"https:\/\/now-news.de\/de\/wp-content\/uploads\/sites\/3\/2022\/08\/Bloomberg-Polnischer-Premierminister-quothat-keine-Zeitquot-fuer-Boris-Johnson.jpg\" \/>\n\t<meta property=\"og:image:width\" content=\"460\" \/>\n\t<meta property=\"og:image:height\" content=\"259\" \/>\n\t<meta property=\"og:image:type\" content=\"image\/jpeg\" \/>\n<meta name=\"author\" content=\"rtnews\" \/>\n<meta name=\"twitter:card\" content=\"summary_large_image\" \/>\n<meta name=\"twitter:creator\" content=\"@WirMachenAuf_de\" \/>\n<meta name=\"twitter:site\" content=\"@WirMachenAuf_de\" \/>\n<meta name=\"twitter:label1\" content=\"Verfasst von\" \/>\n\t<meta name=\"twitter:data1\" content=\"rtnews\" \/>\n\t<meta name=\"twitter:label2\" content=\"Gesch\u00e4tzte Lesezeit\" \/>\n\t<meta name=\"twitter:data2\" content=\"2\u00a0Minuten\" \/>\n<script type=\"application\/ld+json\" class=\"yoast-schema-graph\">{\"@context\":\"https:\/\/schema.org\",\"@graph\":[{\"@type\":\"Article\",\"@id\":\"https:\/\/now-news.de\/de\/deutschland\/bloomberg-polnischer-premierminister-hat-keine-zeit-fuer-boris-johnson\/#article\",\"isPartOf\":{\"@id\":\"https:\/\/now-news.de\/de\/deutschland\/bloomberg-polnischer-premierminister-hat-keine-zeit-fuer-boris-johnson\/\"},\"author\":{\"name\":\"rtnews\",\"@id\":\"https:\/\/now-news.de\/de\/#\/schema\/person\/fb534a4e865501d8b3285208df34a9b5\"},\"headline\":\"Bloomberg: Polnischer Premierminister &quot;hat keine Zeit&quot; f\u00fcr Boris Johnson\",\"datePublished\":\"2022-08-09T20:50:37+00:00\",\"dateModified\":\"2022-08-09T20:50:37+00:00\",\"mainEntityOfPage\":{\"@id\":\"https:\/\/now-news.de\/de\/deutschland\/bloomberg-polnischer-premierminister-hat-keine-zeit-fuer-boris-johnson\/\"},\"wordCount\":438,\"commentCount\":0,\"publisher\":{\"@id\":\"https:\/\/now-news.de\/de\/#organization\"},\"image\":{\"@id\":\"https:\/\/now-news.de\/de\/deutschland\/bloomberg-polnischer-premierminister-hat-keine-zeit-fuer-boris-johnson\/#primaryimage\"},\"thumbnailUrl\":\"https:\/\/now-news.de\/de\/wp-content\/uploads\/sites\/3\/2022\/08\/Bloomberg-Polnischer-Premierminister-quothat-keine-Zeitquot-fuer-Boris-Johnson.jpg\",\"keywords\":[\"bloomberg\",\"Boris\",\"f\u00fcr\",\"Johnson\",\"keine\",\"Polnischer\",\"Premierminister\",\"quotHat\",\"Zeitquot\"],\"articleSection\":[\"Deutschland\",\"Russland\"],\"inLanguage\":\"de\",\"potentialAction\":[{\"@type\":\"CommentAction\",\"name\":\"Comment\",\"target\":[\"https:\/\/now-news.de\/de\/deutschland\/bloomberg-polnischer-premierminister-hat-keine-zeit-fuer-boris-johnson\/#respond\"]}]},{\"@type\":\"WebPage\",\"@id\":\"https:\/\/now-news.de\/de\/deutschland\/bloomberg-polnischer-premierminister-hat-keine-zeit-fuer-boris-johnson\/\",\"url\":\"https:\/\/now-news.de\/de\/deutschland\/bloomberg-polnischer-premierminister-hat-keine-zeit-fuer-boris-johnson\/\",\"name\":\"Bloomberg: Polnischer Premierminister &quot;hat keine Zeit&quot; f\u00fcr Boris Johnson - just-now.NEWS Deutschland\",\"isPartOf\":{\"@id\":\"https:\/\/now-news.de\/de\/#website\"},\"primaryImageOfPage\":{\"@id\":\"https:\/\/now-news.de\/de\/deutschland\/bloomberg-polnischer-premierminister-hat-keine-zeit-fuer-boris-johnson\/#primaryimage\"},\"image\":{\"@id\":\"https:\/\/now-news.de\/de\/deutschland\/bloomberg-polnischer-premierminister-hat-keine-zeit-fuer-boris-johnson\/#primaryimage\"},\"thumbnailUrl\":\"https:\/\/now-news.de\/de\/wp-content\/uploads\/sites\/3\/2022\/08\/Bloomberg-Polnischer-Premierminister-quothat-keine-Zeitquot-fuer-Boris-Johnson.jpg\",\"datePublished\":\"2022-08-09T20:50:37+00:00\",\"dateModified\":\"2022-08-09T20:50:37+00:00\",\"breadcrumb\":{\"@id\":\"https:\/\/now-news.de\/de\/deutschland\/bloomberg-polnischer-premierminister-hat-keine-zeit-fuer-boris-johnson\/#breadcrumb\"},\"inLanguage\":\"de\",\"potentialAction\":[{\"@type\":\"ReadAction\",\"target\":[\"https:\/\/now-news.de\/de\/deutschland\/bloomberg-polnischer-premierminister-hat-keine-zeit-fuer-boris-johnson\/\"]}]},{\"@type\":\"ImageObject\",\"inLanguage\":\"de\",\"@id\":\"https:\/\/now-news.de\/de\/deutschland\/bloomberg-polnischer-premierminister-hat-keine-zeit-fuer-boris-johnson\/#primaryimage\",\"url\":\"https:\/\/now-news.de\/de\/wp-content\/uploads\/sites\/3\/2022\/08\/Bloomberg-Polnischer-Premierminister-quothat-keine-Zeitquot-fuer-Boris-Johnson.jpg\",\"contentUrl\":\"https:\/\/now-news.de\/de\/wp-content\/uploads\/sites\/3\/2022\/08\/Bloomberg-Polnischer-Premierminister-quothat-keine-Zeitquot-fuer-Boris-Johnson.jpg\",\"width\":460,\"height\":259,\"caption\":\"Bloomberg: Polnischer Premierminister &quot;hat keine Zeit&quot; f\u00fcr Boris Johnson\"},{\"@type\":\"BreadcrumbList\",\"@id\":\"https:\/\/now-news.de\/de\/deutschland\/bloomberg-polnischer-premierminister-hat-keine-zeit-fuer-boris-johnson\/#breadcrumb\",\"itemListElement\":[{\"@type\":\"ListItem\",\"position\":1,\"name\":\"Home\",\"item\":\"https:\/\/now-news.de\/de\/\"},{\"@type\":\"ListItem\",\"position\":2,\"name\":\"Bloomberg: Polnischer Premierminister &quot;hat keine Zeit&quot; f\u00fcr Boris Johnson\"}]},{\"@type\":\"WebSite\",\"@id\":\"https:\/\/now-news.de\/de\/#website\",\"url\":\"https:\/\/now-news.de\/de\/\",\"name\":\"just-now.NEWS Deutschland\",\"description\":\"Das Portal f\u00fcr unzensierte Nachrichten aus der Welt\",\"publisher\":{\"@id\":\"https:\/\/now-news.de\/de\/#organization\"},\"potentialAction\":[{\"@type\":\"SearchAction\",\"target\":{\"@type\":\"EntryPoint\",\"urlTemplate\":\"https:\/\/now-news.de\/de\/?s={search_term_string}\"},\"query-input\":\"required name=search_term_string\"}],\"inLanguage\":\"de\"},{\"@type\":\"Organization\",\"@id\":\"https:\/\/now-news.de\/de\/#organization\",\"name\":\"Just Now News\",\"url\":\"https:\/\/now-news.de\/de\/\",\"logo\":{\"@type\":\"ImageObject\",\"inLanguage\":\"de\",\"@id\":\"https:\/\/now-news.de\/de\/#\/schema\/logo\/image\/\",\"url\":\"http:\/\/just-now.news\/de\/wp-content\/uploads\/sites\/3\/2022\/04\/logo500x500.jpg\",\"contentUrl\":\"http:\/\/just-now.news\/de\/wp-content\/uploads\/sites\/3\/2022\/04\/logo500x500.jpg\",\"width\":500,\"height\":500,\"caption\":\"Just Now News\"},\"image\":{\"@id\":\"https:\/\/now-news.de\/de\/#\/schema\/logo\/image\/\"},\"sameAs\":[\"https:\/\/www.facebook.com\/wirmachenauf\",\"https:\/\/x.com\/WirMachenAuf_de\"]},{\"@type\":\"Person\",\"@id\":\"https:\/\/now-news.de\/de\/#\/schema\/person\/fb534a4e865501d8b3285208df34a9b5\",\"name\":\"rtnews\",\"image\":{\"@type\":\"ImageObject\",\"inLanguage\":\"de\",\"@id\":\"https:\/\/now-news.de\/de\/#\/schema\/person\/image\/\",\"url\":\"https:\/\/secure.gravatar.com\/avatar\/82aafea7d8127119dd649515f56e2117?s=96&d=mm&r=g\",\"contentUrl\":\"https:\/\/secure.gravatar.com\/avatar\/82aafea7d8127119dd649515f56e2117?s=96&d=mm&r=g\",\"caption\":\"rtnews\"},\"url\":\"https:\/\/now-news.de\/de\/author\/rnews\/\"}]}<\/script>\n<!-- \/ Yoast SEO Premium plugin. -->","yoast_head_json":{"title":"Bloomberg: Polnischer Premierminister &quot;hat keine Zeit&quot; f\u00fcr Boris Johnson - just-now.NEWS Deutschland","robots":{"index":"index","follow":"follow","max-snippet":"max-snippet:-1","max-image-preview":"max-image-preview:large","max-video-preview":"max-video-preview:-1"},"canonical":"https:\/\/now-news.de\/de\/deutschland\/bloomberg-polnischer-premierminister-hat-keine-zeit-fuer-boris-johnson\/","og_locale":"de_DE","og_type":"article","og_title":"Bloomberg: Polnischer Premierminister &quot;hat keine Zeit&quot; f\u00fcr Boris Johnson","og_description":"Pl\u00e4ne f\u00fcr einen Besuch des scheidenden britischen Regierungschefs Boris Johnson in Polen konnten Medienberichten zufolge nicht realisiert werden. London und Warschau sei es nicht gelungen, einen passenden Termin zu finden. Das B\u00fcro des scheidenden britischen Premierministers Boris Johnson hat eine Reise nach Warschau abgesagt, nachdem es von den polnischen Amtskollegen dar\u00fcber informiert wurde, dass der [&hellip;]","og_url":"https:\/\/now-news.de\/de\/deutschland\/bloomberg-polnischer-premierminister-hat-keine-zeit-fuer-boris-johnson\/","og_site_name":"just-now.NEWS Deutschland","article_publisher":"https:\/\/www.facebook.com\/wirmachenauf","article_published_time":"2022-08-09T20:50:37+00:00","og_image":[{"width":460,"height":259,"url":"https:\/\/now-news.de\/de\/wp-content\/uploads\/sites\/3\/2022\/08\/Bloomberg-Polnischer-Premierminister-quothat-keine-Zeitquot-fuer-Boris-Johnson.jpg","type":"image\/jpeg"}],"author":"rtnews","twitter_card":"summary_large_image","twitter_creator":"@WirMachenAuf_de","twitter_site":"@WirMachenAuf_de","twitter_misc":{"Verfasst von":"rtnews","Gesch\u00e4tzte Lesezeit":"2\u00a0Minuten"},"schema":{"@context":"https:\/\/schema.org","@graph":[{"@type":"Article","@id":"https:\/\/now-news.de\/de\/deutschland\/bloomberg-polnischer-premierminister-hat-keine-zeit-fuer-boris-johnson\/#article","isPartOf":{"@id":"https:\/\/now-news.de\/de\/deutschland\/bloomberg-polnischer-premierminister-hat-keine-zeit-fuer-boris-johnson\/"},"author":{"name":"rtnews","@id":"https:\/\/now-news.de\/de\/#\/schema\/person\/fb534a4e865501d8b3285208df34a9b5"},"headline":"Bloomberg: Polnischer Premierminister &quot;hat keine Zeit&quot; f\u00fcr Boris Johnson","datePublished":"2022-08-09T20:50:37+00:00","dateModified":"2022-08-09T20:50:37+00:00","mainEntityOfPage":{"@id":"https:\/\/now-news.de\/de\/deutschland\/bloomberg-polnischer-premierminister-hat-keine-zeit-fuer-boris-johnson\/"},"wordCount":438,"commentCount":0,"publisher":{"@id":"https:\/\/now-news.de\/de\/#organization"},"image":{"@id":"https:\/\/now-news.de\/de\/deutschland\/bloomberg-polnischer-premierminister-hat-keine-zeit-fuer-boris-johnson\/#primaryimage"},"thumbnailUrl":"https:\/\/now-news.de\/de\/wp-content\/uploads\/sites\/3\/2022\/08\/Bloomberg-Polnischer-Premierminister-quothat-keine-Zeitquot-fuer-Boris-Johnson.jpg","keywords":["bloomberg","Boris","f\u00fcr","Johnson","keine","Polnischer","Premierminister","quotHat","Zeitquot"],"articleSection":["Deutschland","Russland"],"inLanguage":"de","potentialAction":[{"@type":"CommentAction","name":"Comment","target":["https:\/\/now-news.de\/de\/deutschland\/bloomberg-polnischer-premierminister-hat-keine-zeit-fuer-boris-johnson\/#respond"]}]},{"@type":"WebPage","@id":"https:\/\/now-news.de\/de\/deutschland\/bloomberg-polnischer-premierminister-hat-keine-zeit-fuer-boris-johnson\/","url":"https:\/\/now-news.de\/de\/deutschland\/bloomberg-polnischer-premierminister-hat-keine-zeit-fuer-boris-johnson\/","name":"Bloomberg: Polnischer Premierminister &quot;hat keine Zeit&quot; f\u00fcr Boris Johnson - just-now.NEWS Deutschland","isPartOf":{"@id":"https:\/\/now-news.de\/de\/#website"},"primaryImageOfPage":{"@id":"https:\/\/now-news.de\/de\/deutschland\/bloomberg-polnischer-premierminister-hat-keine-zeit-fuer-boris-johnson\/#primaryimage"},"image":{"@id":"https:\/\/now-news.de\/de\/deutschland\/bloomberg-polnischer-premierminister-hat-keine-zeit-fuer-boris-johnson\/#primaryimage"},"thumbnailUrl":"https:\/\/now-news.de\/de\/wp-content\/uploads\/sites\/3\/2022\/08\/Bloomberg-Polnischer-Premierminister-quothat-keine-Zeitquot-fuer-Boris-Johnson.jpg","datePublished":"2022-08-09T20:50:37+00:00","dateModified":"2022-08-09T20:50:37+00:00","breadcrumb":{"@id":"https:\/\/now-news.de\/de\/deutschland\/bloomberg-polnischer-premierminister-hat-keine-zeit-fuer-boris-johnson\/#breadcrumb"},"inLanguage":"de","potentialAction":[{"@type":"ReadAction","target":["https:\/\/now-news.de\/de\/deutschland\/bloomberg-polnischer-premierminister-hat-keine-zeit-fuer-boris-johnson\/"]}]},{"@type":"ImageObject","inLanguage":"de","@id":"https:\/\/now-news.de\/de\/deutschland\/bloomberg-polnischer-premierminister-hat-keine-zeit-fuer-boris-johnson\/#primaryimage","url":"https:\/\/now-news.de\/de\/wp-content\/uploads\/sites\/3\/2022\/08\/Bloomberg-Polnischer-Premierminister-quothat-keine-Zeitquot-fuer-Boris-Johnson.jpg","contentUrl":"https:\/\/now-news.de\/de\/wp-content\/uploads\/sites\/3\/2022\/08\/Bloomberg-Polnischer-Premierminister-quothat-keine-Zeitquot-fuer-Boris-Johnson.jpg","width":460,"height":259,"caption":"Bloomberg: Polnischer Premierminister &quot;hat keine Zeit&quot; f\u00fcr Boris Johnson"},{"@type":"BreadcrumbList","@id":"https:\/\/now-news.de\/de\/deutschland\/bloomberg-polnischer-premierminister-hat-keine-zeit-fuer-boris-johnson\/#breadcrumb","itemListElement":[{"@type":"ListItem","position":1,"name":"Home","item":"https:\/\/now-news.de\/de\/"},{"@type":"ListItem","position":2,"name":"Bloomberg: Polnischer Premierminister &quot;hat keine Zeit&quot; f\u00fcr Boris Johnson"}]},{"@type":"WebSite","@id":"https:\/\/now-news.de\/de\/#website","url":"https:\/\/now-news.de\/de\/","name":"just-now.NEWS Deutschland","description":"Das Portal f\u00fcr unzensierte Nachrichten aus der Welt","publisher":{"@id":"https:\/\/now-news.de\/de\/#organization"},"potentialAction":[{"@type":"SearchAction","target":{"@type":"EntryPoint","urlTemplate":"https:\/\/now-news.de\/de\/?s={search_term_string}"},"query-input":"required name=search_term_string"}],"inLanguage":"de"},{"@type":"Organization","@id":"https:\/\/now-news.de\/de\/#organization","name":"Just Now News","url":"https:\/\/now-news.de\/de\/","logo":{"@type":"ImageObject","inLanguage":"de","@id":"https:\/\/now-news.de\/de\/#\/schema\/logo\/image\/","url":"http:\/\/just-now.news\/de\/wp-content\/uploads\/sites\/3\/2022\/04\/logo500x500.jpg","contentUrl":"http:\/\/just-now.news\/de\/wp-content\/uploads\/sites\/3\/2022\/04\/logo500x500.jpg","width":500,"height":500,"caption":"Just Now News"},"image":{"@id":"https:\/\/now-news.de\/de\/#\/schema\/logo\/image\/"},"sameAs":["https:\/\/www.facebook.com\/wirmachenauf","https:\/\/x.com\/WirMachenAuf_de"]},{"@type":"Person","@id":"https:\/\/now-news.de\/de\/#\/schema\/person\/fb534a4e865501d8b3285208df34a9b5","name":"rtnews","image":{"@type":"ImageObject","inLanguage":"de","@id":"https:\/\/now-news.de\/de\/#\/schema\/person\/image\/","url":"https:\/\/secure.gravatar.com\/avatar\/82aafea7d8127119dd649515f56e2117?s=96&d=mm&r=g","contentUrl":"https:\/\/secure.gravatar.com\/avatar\/82aafea7d8127119dd649515f56e2117?s=96&d=mm&r=g","caption":"rtnews"},"url":"https:\/\/now-news.de\/de\/author\/rnews\/"}]}},"_links":{"self":[{"href":"https:\/\/now-news.de\/de\/wp-json\/wp\/v2\/posts\/16587"}],"collection":[{"href":"https:\/\/now-news.de\/de\/wp-json\/wp\/v2\/posts"}],"about":[{"href":"https:\/\/now-news.de\/de\/wp-json\/wp\/v2\/types\/post"}],"author":[{"embeddable":true,"href":"https:\/\/now-news.de\/de\/wp-json\/wp\/v2\/users\/3"}],"replies":[{"embeddable":true,"href":"https:\/\/now-news.de\/de\/wp-json\/wp\/v2\/comments?post=16587"}],"version-history":[{"count":0,"href":"https:\/\/now-news.de\/de\/wp-json\/wp\/v2\/posts\/16587\/revisions"}],"wp:featuredmedia":[{"embeddable":true,"href":"https:\/\/now-news.de\/de\/wp-json\/wp\/v2\/media\/16588"}],"wp:attachment":[{"href":"https:\/\/now-news.de\/de\/wp-json\/wp\/v2\/media?parent=16587"}],"wp:term":[{"taxonomy":"category","embeddable":true,"href":"https:\/\/now-news.de\/de\/wp-json\/wp\/v2\/categories?post=16587"},{"taxonomy":"post_tag","embeddable":true,"href":"https:\/\/now-news.de\/de\/wp-json\/wp\/v2\/tags?post=16587"}],"curies":[{"name":"wp","href":"https:\/\/api.w.org\/{rel}","templated":true}]}}