{"id":16571,"date":"2022-08-09T21:02:41","date_gmt":"2022-08-09T19:02:41","guid":{"rendered":"http:\/\/just-now.news\/de\/deutschland\/infantile-politik-eine-deutsche-regierung-gefangen-im-jetzt\/"},"modified":"2022-08-09T21:02:41","modified_gmt":"2022-08-09T19:02:41","slug":"infantile-politik-eine-deutsche-regierung-gefangen-im-jetzt","status":"publish","type":"post","link":"https:\/\/now-news.de\/de\/deutschland\/infantile-politik-eine-deutsche-regierung-gefangen-im-jetzt\/","title":{"rendered":"Infantile Politik: Eine deutsche Regierung gefangen im Jetzt"},"content":{"rendered":"<p><img decoding=\"async\" src=\"http:\/\/just-now.news\/de\/wp-content\/uploads\/sites\/3\/2022\/08\/62f2685fb480cc75a755db5c.jpg\" \/><\/p>\n<p><em>von\u00a0Tom J. Wellbrock<\/em><\/p>\n<p>Einem unter vier Jahre alten Kind zu erkl\u00e4ren, dass es morgen in den Zoo geht oder das Abendessen in f\u00fcnf Minuten auf dem Tisch steht, ist ein ziemlich sinnloses Unterfangen. Da Kindern dieser Altersgruppe das Zeitgef\u00fchl noch fehlt, k\u00f6nnen sie mit solchen Aussichten \u2013 und seien sie noch so reizvoll \u2013 wenig bis gar nichts anfangen. Bis etwa zum vierten Lebensjahr k\u00f6nnen Kinder ihre Bed\u00fcrfnisse nicht hinten anstellen. Aus ihrer Sicht ist eine sofortige Erf\u00fcllung derer der einzig gangbare Weg.<\/p>\n<p>Schwenken wir jetzt zur Politik unserer Bundesregierung her\u00fcber, stellen wir geradezu erschreckende Parallelen zu Kleinkindern fest. Der Unterschied besteht darin, dass erwachsene Menschen mit politischer Verantwortung in der Lage sein sollten, der gedanklichen Gefangenschaft der Gegenwart zu entrinnen. Eine andere Frage ist, ob sie das wollen.<\/p>\n<p><strong>Politik und Vergangenheit<\/strong><\/p>\n<p>Der Ukraine-Konflikt eignet sich hervorragend, um das infantile politische Verhalten zu analysieren. Der Erz\u00e4hlung zufolge hat es vor dem 24. Februar 2022, als Russland in die Ukraine ging, keine Vorgeschichte gegeben. Moderatoren wie Markus Lanz, seines Zeichens St\u00f6hner des Wortes &#8220;Aleppo&#8221;, wenn er \u00fcber etwas Schreckliches sprechen will, zeigen das eindrucksvoll. Vermutlich wei\u00df Lanz nicht, was genau er meint, wenn er mit betroffener Miene &#8220;Aleppo&#8221; sagt, aber zum Ausdruck bringen m\u00f6chte, dass er etwas mit den Russen anspricht, die in Aleppo etwas gemacht haben m\u00fcssen, das er immer wieder in Form eines pathetischen &#8220;Aleppo&#8221; zum Ausdruck bringt.<\/p>\n<p>Nun nutzt Lanz diesen Begriff nicht, um uns \u00fcber historische Zusammenh\u00e4nge aufzukl\u00e4ren, sondern um uns in der Gegenwart zu veranschaulichen, dass die Schrecken von Aleppo \u2013 was auch immer das in seiner Gedankenwelt konkret bedeuten mag \u2013 auch heute noch Einfluss nehmen auf die Geopolitik Russlands. Wir m\u00fcssen also sofort reagieren auf all das, was der Russe macht, sonst droht uns \u2026 &#8220;Aleppo&#8221;!<\/p>\n<p>Allerdings muss man Lanz an dieser Stelle schon fast in Schutz nehmen, denn immerhin versucht er, so etwas wie Geschichte in seine Erz\u00e4hlung einzubauen. Zwar v\u00f6llig zusammenhangslos, ohne Informationsgehalt und an Stellen, die so gar nicht passen wollen \u2013 aber so ist das, wenn man im Grunde keine Ahnung hat, wor\u00fcber man spricht. Er k\u00f6nnte wahlweise auch &#8220;Barock&#8221; oder &#8220;Gummiboot&#8221; sagen, es h\u00e4tte im Endeffekt die gleiche Wirkung.<\/p>\n<p>Ansonsten ist Lanz voll auf Linie. Auch f\u00fcr ihn gab es die Ukraine vor dem 24. Februar im Grunde nicht. Das zeigt sich regelm\u00e4\u00dfig an seiner Reaktion, wenn ein bemitleidenswerter Gast versucht, auf die Vorgeschichte einzugehen, die zum Kriegsbeginn im Februar 2022 f\u00fchrte.<\/p>\n<p>&#8220;Das hilft uns ja nun auch nicht weiter&#8221;, ist einer der Kerns\u00e4tze, die Lanz in solchen Momenten herausposaunt. Allerdings irrt der Moderator der politischen Spiele-Shows an diesem Punkt komplett, denn man muss kein Genie sein, um zu erkennen, dass jedes Ereignis eine Vorgeschichte hat, die ihrerseits Einfluss auf alles hat, was wir heute vorfinden. So auch in der Ukraine. Doch \u00fcber das, was vor dem Februar 2022 geschah, in aller Ausgiebigkeit zu berichten, w\u00fcrde naturgem\u00e4\u00df das uns den lieben langen Tag pr\u00e4sentierte Bild des demokratischen Wunderlandes, das zur europ\u00e4ischen Familie geh\u00f6rt wie das Salz in die Nudelsuppe, geh\u00f6rig verhageln. Das br\u00e4chte uns sehr wohl weiter, aber weder Lanz noch Baerbock noch Habeck noch Scholz wollen das h\u00f6ren.<\/p>\n<p>Und so wird mit viel politischem und medialem Aufwand vermieden, die Geschichte zurate zu ziehen und all das, was in der Ukraine bisher geschah, in Augenschein zu nehmen. Wirklich verwundern kann das aus Sicht der Bundesregierung (und vieler anderer westlicher Staaten) nicht, denn die Bedeutung und der Ursprung des jetzigen Konfliktes in der Ukraine w\u00fcrde auf die zur\u00fcckfallen, die behaupten, immer alles f\u00fcr den Frieden getan zu haben. Sie haben es nicht, und sie wissen das!<\/p>\n<p><strong>Politik und Zukunft<\/strong><\/p>\n<p>Das Verharren in der Gegenwart hat nicht nur Einfluss auf die Einordnung geschichtlicher Ereignisse, die nur in Ausz\u00fcgen und unter dem Weglassen wichtiger Aspekte zu einem chaotischen Puzzle an Unvollst\u00e4ndigkeit f\u00fchren, das f\u00fcr die historische Bewertung unbrauchbar ist. Es wirkt sich nat\u00fcrlich auch auf die Zukunft aus, sofern sie nicht oder nur oberfl\u00e4chlich und gewissenlos betrachtet wird.<\/p>\n<p>Nehmen wir Aussagen wie die, dass uns wom\u00f6glich ein &#8220;Lehman-Brothers-Effekt im Energiebereich&#8221; bevorstehe (Habeck), oder im Falle ausbleibender Gaslieferungen k\u00f6nnten wir der Ukraine nicht mehr helfen, weil wir hierzulande mit &#8220;Volksaufst\u00e4nden&#8221; besch\u00e4ftigt seien (Baerbock). Sie wirken zun\u00e4chst in die Zukunft gerichtet, doch der Schein tr\u00fcgt.<\/p>\n<p>Denn w\u00e4hrend der Aufbau von Angst und Unsicherheit l\u00e4ngst zu einem politischen Stilmittel geworden ist, das genutzt werden kann, um bei der Bev\u00f6lkerung Akzeptanz f\u00fcr v\u00f6llig absurde politische Entscheidungen zu erzeugen, ist der Glaube an die durch Habeck und Baerbock beschriebenen Szenarien bei den beiden selbst h\u00f6chstwahrscheinlich nicht sehr stark ausgepr\u00e4gt.<\/p>\n<p>Man k\u00f6nnte nun einwenden, dass die beiden (und all ihre Komplizen) sehr genau wissen, was sie tun und die Zerst\u00f6rung der bisherigen Gesellschaftsform billigend und skrupellos in Kauf nehmen. Ein weiterer Einwand lautet, dass weder Habeck noch Baerbock noch sonst ein Politiker in Deutschland wirklich berechtigt ist, Entscheidungen zu treffen. Wenn man bedenkt, dass es Habeck selbst war, der k\u00fcrzlich sagte, Nord Stream 2 k\u00f6nne nicht in Betrieb genommen werden, weil das Projekt &#8220;amerikanischen Sanktionen&#8221; unterliege, unterstreicht das diesen Einwand.<\/p>\n<p>Doch gerade der zweite (berechtigte) Einwand spricht daf\u00fcr, dass die politische Klasse Deutschlands nicht wirklich an derart gravierende Szenarien glaubt. Vielmehr herrscht das Gef\u00fchl der Unbesiegbarkeit vor, eine &#8220;The-winner-takes-it-all&#8221;-Mentalit\u00e4t gepaart mit dem Glauben daran, von einflussreichen Kr\u00e4ften, vornehmlich aus den USA, gesch\u00fctzt zu werden. W\u00fcrde ein Politiker mit Verantwortungsgef\u00fchl und Verstand bef\u00fcrchten, k\u00fcnftig mit Volksaufst\u00e4nden oder einem zusammenbrechenden Wirtschaftssystem konfrontiert zu sein, w\u00e4re die einzig sinnvolle Reaktion darauf, die Richtung zu \u00e4ndern, umzusteuern, um das \u00fcbelste aller Szenarien zu verhindern. Doch davon sind unsere Politiker weit entfernt.<\/p>\n<p>In diesem Fall also wird die Zukunft gedanklich neu und nach den eigenen Vorstellungen gestaltet. Dadurch wird allerdings ein realistischer Blick auf das, was kommen mag, erschwert bis verunm\u00f6glicht und somit die naheliegende Zukunft eben doch ignoriert. Unsere Politik befindet sich unter einer &#8220;W\u00fcnsch-dir-was&#8221;-K\u00e4seglocke, unter der sie sich selbst in Sicherheit wiegt, komme, was da wolle. Das d\u00fcrfte auch der Grund daf\u00fcr sein, dass Habeck, Baerbock, Scholz &amp; Co. scheinbar v\u00f6llig sorglos die Fahrt gegen die Wand fortsetzen. Wenn sie sicher sind, selbst in guten H\u00e4nden und nicht von gravierenden Ereignissen bedroht zu sein, erkl\u00e4rt das ihr v\u00f6llig verantwortungsloses Handeln der Bev\u00f6lkerung gegen\u00fcber auf eine perfide Art und Weise.<\/p>\n<p><strong>Narzisstische Politiker<\/strong><\/p>\n<p>Losgel\u00f6st von der infantilen Leugnung von Vergangenheit und Zukunft in den beschriebenen Formen kommt bei den meisten unserer politischen Verantwortungstr\u00e4ger eine narzisstische St\u00f6rung hinzu.<\/p>\n<p>Eine Therapeutin erkl\u00e4rte einmal, warum sie Narzissten nicht gern, m\u00f6glichst nie, therapiere: &#8220;Wenn ich den Klienten zu Beginn der ersten Sitzung frage, wo er sein Problem sieht, antwortet dieser, dass er keines habe. Es ist sein Umfeld, das problematisch sei.&#8221;<\/p>\n<p>Die hierzulande herrschende Politik zeigt \u2013 mal mehr, mal weniger \u2013 erhebliche narzisstische Z\u00fcge. Die eigenen Entscheidungen werden nicht angezweifelt, wenn ein Plan misslingt, tr\u00e4gt ein Au\u00dfenstehender (immer gern genommen: Putin) die Schuld, \u00f6ffentlichkeitswirksame Auftritte lassen jegliches Gesp\u00fcr f\u00fcr eigene Unzul\u00e4nglichkeiten oder politische Inkompetenz in den Hintergrund treten. Der Auftritt ist wichtiger als seine Substanz.<\/p>\n<p>Wir haben es mit Politikern zu tun, die sowohl fachlich als auch pers\u00f6nlich ihren Aufgaben nicht gewachsen sind, dies aber mit jeder Faser ihres K\u00f6rpers leugnen. Um an dieser Stelle von den genannten &#8220;\u00fcblichen Verd\u00e4chtigen&#8221; abzur\u00fccken, nehmen wir als Beispiel Christine Lambrecht (SPD). Lambrecht ist Deutschlands Verteidigungsministerin.<\/p>\n<p>Als Bundesministerin f\u00fcr Verteidigung im Kabinett von Olaf Scholz (SPD) muss man sie schon aus fachlichen Gr\u00fcnden als komplette Fehlbesetzung bezeichnen. In ihrer gesamten politischen Laufbahn hatte Lambrecht nie etwas mit Verteidigung oder der Bundeswehr zu tun. Als h\u00f6chstes der Gef\u00fchle k\u00f6nnte man ihre Haltung gegen\u00fcber dem deutschen Waffenrecht bezeichnen, die sie kundtat, nachdem Walter L\u00fcbcke (CDU) bei einem Attentat ums Leben kam. Sie setzte sich damals f\u00fcr eine Versch\u00e4rfung des Waffenrechts ein, was direkt nach einem Todesfall nat\u00fcrlich reiner Populismus ist und nichts \u00fcber Lambrechts F\u00e4higkeiten aussagt.<\/p>\n<p>Die Bundesregierung ist gespickt mit Fehlbesetzungen, etwa Christian Lindner (FDP), der als Finanzminister die Erfahrung eines Hausmeisters, Politikwissenschaftlers und Reserveoffiziers in die Waagschale wirft. Robert Habeck (B\u00fcndnis 90\/Die Gr\u00fcnen), der laut Aussage von Annalena Baerbock (ebenfalls B\u00fcndnis 90\/Die Gr\u00fcnen) &#8220;von den Schweinen&#8221; kommt, w\u00e4hrend sie selbst sich im V\u00f6lkerrecht zu Hause sieht, ohne hier etwas Substanzielles vorweisen zu k\u00f6nnen. Die Liste lie\u00dfe sich weiter fortsetzen.<\/p>\n<p>Fazit: Die Kombination aus Inkompetenz, Narzissmus und dem infantilen Aufenthalt im Jetzt, die unsere Politik ausmacht, ist gef\u00e4hrlich. Sie f\u00fchrt zu Selbst\u00fcbersch\u00e4tzung, fachlich falschen Entscheidungen, Verantwortungslosigkeit und einer verheerenden Distanz zur Bev\u00f6lkerung.<\/p>\n<p>Zum Abschluss sei Scholz zitiert, der das Drama auf schon beinahe zynische Art und Weise untermauerte. Beim Amtsantritt von Lambrecht als Ministerin f\u00fcr Verteidigung sagte er: &#8220;Sie wird eine ganz, ganz bedeutende Verteidigungsministerin der Bundesrepublik Deutschland sein.&#8221;<\/p>\n<p>Infantile Narzissten unter sich, k\u00f6nnte man sagen.<\/p>\n<p><strong>Mehr zum Thema &#8211; <\/strong><a rel=\"nofollow noopener\" target=\"_blank\" href=\"https:\/\/test.rtde.tech\/meinung\/138384-nato-oliv-habeck-wird-deutschland\/\">NATO-oliv-Habeck wird Deutschland ruinieren<\/a><\/p>\n<\/p>\n<p><br \/>\n<br \/><a href=\"https:\/\/de.rt.com\/meinung\/145647-infantile-politik-gefangen-im-jetzt\/\">Source link <\/a><\/p>\n","protected":false},"excerpt":{"rendered":"<p>von\u00a0Tom J. Wellbrock Einem unter vier Jahre alten Kind zu erkl\u00e4ren, dass es morgen in den Zoo geht oder das Abendessen in f\u00fcnf Minuten auf dem Tisch steht, ist ein ziemlich sinnloses Unterfangen. Da Kindern dieser Altersgruppe das Zeitgef\u00fchl noch fehlt, k\u00f6nnen sie mit solchen Aussichten \u2013 und seien sie noch so reizvoll \u2013 wenig [&hellip;]<\/p>\n","protected":false},"author":3,"featured_media":16572,"comment_status":"open","ping_status":"open","sticky":false,"template":"","format":"standard","meta":{"wp_automatic_camp":["217"],"c36af51484ac43f06cb5238d7bf47316":["Infantile Politik: Eine deutsche Regierung gefangen im Jetzt"],"original_link":["https:\/\/de.rt.com\/meinung\/145647-infantile-politik-gefangen-im-jetzt\/"],"_thumbnail_id":["16572"],"_wptg_p2tg_sent2tg":["2022-08-09 21:08:22"],"jnews_social_counter_last_update":["1777169563"]},"categories":[19,23],"tags":[2374,275,1087,30725,2731,592,46],"yoast_head":"<!-- This site is optimized with the Yoast SEO Premium plugin v22.7 (Yoast SEO v22.7) - https:\/\/yoast.com\/wordpress\/plugins\/seo\/ -->\n<title>Infantile Politik: Eine deutsche Regierung gefangen im Jetzt - just-now.NEWS Deutschland<\/title>\n<meta name=\"robots\" content=\"index, follow, max-snippet:-1, max-image-preview:large, max-video-preview:-1\" \/>\n<link rel=\"canonical\" href=\"https:\/\/now-news.de\/de\/deutschland\/infantile-politik-eine-deutsche-regierung-gefangen-im-jetzt\/\" \/>\n<meta property=\"og:locale\" content=\"de_DE\" \/>\n<meta property=\"og:type\" content=\"article\" \/>\n<meta property=\"og:title\" content=\"Infantile Politik: Eine deutsche Regierung gefangen im Jetzt\" \/>\n<meta property=\"og:description\" content=\"von\u00a0Tom J. Wellbrock Einem unter vier Jahre alten Kind zu erkl\u00e4ren, dass es morgen in den Zoo geht oder das Abendessen in f\u00fcnf Minuten auf dem Tisch steht, ist ein ziemlich sinnloses Unterfangen. Da Kindern dieser Altersgruppe das Zeitgef\u00fchl noch fehlt, k\u00f6nnen sie mit solchen Aussichten \u2013 und seien sie noch so reizvoll \u2013 wenig [&hellip;]\" \/>\n<meta property=\"og:url\" content=\"https:\/\/now-news.de\/de\/deutschland\/infantile-politik-eine-deutsche-regierung-gefangen-im-jetzt\/\" \/>\n<meta property=\"og:site_name\" content=\"just-now.NEWS Deutschland\" \/>\n<meta property=\"article:publisher\" content=\"https:\/\/www.facebook.com\/wirmachenauf\" \/>\n<meta property=\"article:published_time\" content=\"2022-08-09T19:02:41+00:00\" \/>\n<meta property=\"og:image\" content=\"https:\/\/now-news.de\/de\/wp-content\/uploads\/sites\/3\/2022\/08\/Infantile-Politik-Eine-deutsche-Regierung-gefangen-im-Jetzt.jpg\" \/>\n\t<meta property=\"og:image:width\" content=\"460\" \/>\n\t<meta property=\"og:image:height\" content=\"259\" \/>\n\t<meta property=\"og:image:type\" content=\"image\/jpeg\" \/>\n<meta name=\"author\" content=\"rtnews\" \/>\n<meta name=\"twitter:card\" content=\"summary_large_image\" \/>\n<meta name=\"twitter:creator\" content=\"@WirMachenAuf_de\" \/>\n<meta name=\"twitter:site\" content=\"@WirMachenAuf_de\" \/>\n<meta name=\"twitter:label1\" content=\"Verfasst von\" \/>\n\t<meta name=\"twitter:data1\" content=\"rtnews\" \/>\n\t<meta name=\"twitter:label2\" content=\"Gesch\u00e4tzte Lesezeit\" \/>\n\t<meta name=\"twitter:data2\" content=\"8\u00a0Minuten\" \/>\n<script type=\"application\/ld+json\" class=\"yoast-schema-graph\">{\"@context\":\"https:\/\/schema.org\",\"@graph\":[{\"@type\":\"Article\",\"@id\":\"https:\/\/now-news.de\/de\/deutschland\/infantile-politik-eine-deutsche-regierung-gefangen-im-jetzt\/#article\",\"isPartOf\":{\"@id\":\"https:\/\/now-news.de\/de\/deutschland\/infantile-politik-eine-deutsche-regierung-gefangen-im-jetzt\/\"},\"author\":{\"name\":\"rtnews\",\"@id\":\"https:\/\/now-news.de\/de\/#\/schema\/person\/fb534a4e865501d8b3285208df34a9b5\"},\"headline\":\"Infantile Politik: Eine deutsche Regierung gefangen im Jetzt\",\"datePublished\":\"2022-08-09T19:02:41+00:00\",\"dateModified\":\"2022-08-09T19:02:41+00:00\",\"mainEntityOfPage\":{\"@id\":\"https:\/\/now-news.de\/de\/deutschland\/infantile-politik-eine-deutsche-regierung-gefangen-im-jetzt\/\"},\"wordCount\":1553,\"commentCount\":0,\"publisher\":{\"@id\":\"https:\/\/now-news.de\/de\/#organization\"},\"image\":{\"@id\":\"https:\/\/now-news.de\/de\/deutschland\/infantile-politik-eine-deutsche-regierung-gefangen-im-jetzt\/#primaryimage\"},\"thumbnailUrl\":\"https:\/\/now-news.de\/de\/wp-content\/uploads\/sites\/3\/2022\/08\/Infantile-Politik-Eine-deutsche-Regierung-gefangen-im-Jetzt.jpg\",\"keywords\":[\"Deutsche\",\"eine\",\"gefangen\",\"Infantile\",\"Jetzt\",\"Politik\",\"Regierung\"],\"articleSection\":[\"Deutschland\",\"Russland\"],\"inLanguage\":\"de\",\"potentialAction\":[{\"@type\":\"CommentAction\",\"name\":\"Comment\",\"target\":[\"https:\/\/now-news.de\/de\/deutschland\/infantile-politik-eine-deutsche-regierung-gefangen-im-jetzt\/#respond\"]}]},{\"@type\":\"WebPage\",\"@id\":\"https:\/\/now-news.de\/de\/deutschland\/infantile-politik-eine-deutsche-regierung-gefangen-im-jetzt\/\",\"url\":\"https:\/\/now-news.de\/de\/deutschland\/infantile-politik-eine-deutsche-regierung-gefangen-im-jetzt\/\",\"name\":\"Infantile Politik: Eine deutsche Regierung gefangen im Jetzt - just-now.NEWS Deutschland\",\"isPartOf\":{\"@id\":\"https:\/\/now-news.de\/de\/#website\"},\"primaryImageOfPage\":{\"@id\":\"https:\/\/now-news.de\/de\/deutschland\/infantile-politik-eine-deutsche-regierung-gefangen-im-jetzt\/#primaryimage\"},\"image\":{\"@id\":\"https:\/\/now-news.de\/de\/deutschland\/infantile-politik-eine-deutsche-regierung-gefangen-im-jetzt\/#primaryimage\"},\"thumbnailUrl\":\"https:\/\/now-news.de\/de\/wp-content\/uploads\/sites\/3\/2022\/08\/Infantile-Politik-Eine-deutsche-Regierung-gefangen-im-Jetzt.jpg\",\"datePublished\":\"2022-08-09T19:02:41+00:00\",\"dateModified\":\"2022-08-09T19:02:41+00:00\",\"breadcrumb\":{\"@id\":\"https:\/\/now-news.de\/de\/deutschland\/infantile-politik-eine-deutsche-regierung-gefangen-im-jetzt\/#breadcrumb\"},\"inLanguage\":\"de\",\"potentialAction\":[{\"@type\":\"ReadAction\",\"target\":[\"https:\/\/now-news.de\/de\/deutschland\/infantile-politik-eine-deutsche-regierung-gefangen-im-jetzt\/\"]}]},{\"@type\":\"ImageObject\",\"inLanguage\":\"de\",\"@id\":\"https:\/\/now-news.de\/de\/deutschland\/infantile-politik-eine-deutsche-regierung-gefangen-im-jetzt\/#primaryimage\",\"url\":\"https:\/\/now-news.de\/de\/wp-content\/uploads\/sites\/3\/2022\/08\/Infantile-Politik-Eine-deutsche-Regierung-gefangen-im-Jetzt.jpg\",\"contentUrl\":\"https:\/\/now-news.de\/de\/wp-content\/uploads\/sites\/3\/2022\/08\/Infantile-Politik-Eine-deutsche-Regierung-gefangen-im-Jetzt.jpg\",\"width\":460,\"height\":259,\"caption\":\"Infantile Politik: Eine deutsche Regierung gefangen im Jetzt\"},{\"@type\":\"BreadcrumbList\",\"@id\":\"https:\/\/now-news.de\/de\/deutschland\/infantile-politik-eine-deutsche-regierung-gefangen-im-jetzt\/#breadcrumb\",\"itemListElement\":[{\"@type\":\"ListItem\",\"position\":1,\"name\":\"Home\",\"item\":\"https:\/\/now-news.de\/de\/\"},{\"@type\":\"ListItem\",\"position\":2,\"name\":\"Infantile Politik: Eine deutsche Regierung gefangen im Jetzt\"}]},{\"@type\":\"WebSite\",\"@id\":\"https:\/\/now-news.de\/de\/#website\",\"url\":\"https:\/\/now-news.de\/de\/\",\"name\":\"just-now.NEWS Deutschland\",\"description\":\"Das Portal f\u00fcr unzensierte Nachrichten aus der Welt\",\"publisher\":{\"@id\":\"https:\/\/now-news.de\/de\/#organization\"},\"potentialAction\":[{\"@type\":\"SearchAction\",\"target\":{\"@type\":\"EntryPoint\",\"urlTemplate\":\"https:\/\/now-news.de\/de\/?s={search_term_string}\"},\"query-input\":\"required name=search_term_string\"}],\"inLanguage\":\"de\"},{\"@type\":\"Organization\",\"@id\":\"https:\/\/now-news.de\/de\/#organization\",\"name\":\"Just Now News\",\"url\":\"https:\/\/now-news.de\/de\/\",\"logo\":{\"@type\":\"ImageObject\",\"inLanguage\":\"de\",\"@id\":\"https:\/\/now-news.de\/de\/#\/schema\/logo\/image\/\",\"url\":\"http:\/\/just-now.news\/de\/wp-content\/uploads\/sites\/3\/2022\/04\/logo500x500.jpg\",\"contentUrl\":\"http:\/\/just-now.news\/de\/wp-content\/uploads\/sites\/3\/2022\/04\/logo500x500.jpg\",\"width\":500,\"height\":500,\"caption\":\"Just Now News\"},\"image\":{\"@id\":\"https:\/\/now-news.de\/de\/#\/schema\/logo\/image\/\"},\"sameAs\":[\"https:\/\/www.facebook.com\/wirmachenauf\",\"https:\/\/x.com\/WirMachenAuf_de\"]},{\"@type\":\"Person\",\"@id\":\"https:\/\/now-news.de\/de\/#\/schema\/person\/fb534a4e865501d8b3285208df34a9b5\",\"name\":\"rtnews\",\"image\":{\"@type\":\"ImageObject\",\"inLanguage\":\"de\",\"@id\":\"https:\/\/now-news.de\/de\/#\/schema\/person\/image\/\",\"url\":\"https:\/\/secure.gravatar.com\/avatar\/82aafea7d8127119dd649515f56e2117?s=96&d=mm&r=g\",\"contentUrl\":\"https:\/\/secure.gravatar.com\/avatar\/82aafea7d8127119dd649515f56e2117?s=96&d=mm&r=g\",\"caption\":\"rtnews\"},\"url\":\"https:\/\/now-news.de\/de\/author\/rnews\/\"}]}<\/script>\n<!-- \/ Yoast SEO Premium plugin. -->","yoast_head_json":{"title":"Infantile Politik: Eine deutsche Regierung gefangen im Jetzt - just-now.NEWS Deutschland","robots":{"index":"index","follow":"follow","max-snippet":"max-snippet:-1","max-image-preview":"max-image-preview:large","max-video-preview":"max-video-preview:-1"},"canonical":"https:\/\/now-news.de\/de\/deutschland\/infantile-politik-eine-deutsche-regierung-gefangen-im-jetzt\/","og_locale":"de_DE","og_type":"article","og_title":"Infantile Politik: Eine deutsche Regierung gefangen im Jetzt","og_description":"von\u00a0Tom J. Wellbrock Einem unter vier Jahre alten Kind zu erkl\u00e4ren, dass es morgen in den Zoo geht oder das Abendessen in f\u00fcnf Minuten auf dem Tisch steht, ist ein ziemlich sinnloses Unterfangen. Da Kindern dieser Altersgruppe das Zeitgef\u00fchl noch fehlt, k\u00f6nnen sie mit solchen Aussichten \u2013 und seien sie noch so reizvoll \u2013 wenig [&hellip;]","og_url":"https:\/\/now-news.de\/de\/deutschland\/infantile-politik-eine-deutsche-regierung-gefangen-im-jetzt\/","og_site_name":"just-now.NEWS Deutschland","article_publisher":"https:\/\/www.facebook.com\/wirmachenauf","article_published_time":"2022-08-09T19:02:41+00:00","og_image":[{"width":460,"height":259,"url":"https:\/\/now-news.de\/de\/wp-content\/uploads\/sites\/3\/2022\/08\/Infantile-Politik-Eine-deutsche-Regierung-gefangen-im-Jetzt.jpg","type":"image\/jpeg"}],"author":"rtnews","twitter_card":"summary_large_image","twitter_creator":"@WirMachenAuf_de","twitter_site":"@WirMachenAuf_de","twitter_misc":{"Verfasst von":"rtnews","Gesch\u00e4tzte Lesezeit":"8\u00a0Minuten"},"schema":{"@context":"https:\/\/schema.org","@graph":[{"@type":"Article","@id":"https:\/\/now-news.de\/de\/deutschland\/infantile-politik-eine-deutsche-regierung-gefangen-im-jetzt\/#article","isPartOf":{"@id":"https:\/\/now-news.de\/de\/deutschland\/infantile-politik-eine-deutsche-regierung-gefangen-im-jetzt\/"},"author":{"name":"rtnews","@id":"https:\/\/now-news.de\/de\/#\/schema\/person\/fb534a4e865501d8b3285208df34a9b5"},"headline":"Infantile Politik: Eine deutsche Regierung gefangen im Jetzt","datePublished":"2022-08-09T19:02:41+00:00","dateModified":"2022-08-09T19:02:41+00:00","mainEntityOfPage":{"@id":"https:\/\/now-news.de\/de\/deutschland\/infantile-politik-eine-deutsche-regierung-gefangen-im-jetzt\/"},"wordCount":1553,"commentCount":0,"publisher":{"@id":"https:\/\/now-news.de\/de\/#organization"},"image":{"@id":"https:\/\/now-news.de\/de\/deutschland\/infantile-politik-eine-deutsche-regierung-gefangen-im-jetzt\/#primaryimage"},"thumbnailUrl":"https:\/\/now-news.de\/de\/wp-content\/uploads\/sites\/3\/2022\/08\/Infantile-Politik-Eine-deutsche-Regierung-gefangen-im-Jetzt.jpg","keywords":["Deutsche","eine","gefangen","Infantile","Jetzt","Politik","Regierung"],"articleSection":["Deutschland","Russland"],"inLanguage":"de","potentialAction":[{"@type":"CommentAction","name":"Comment","target":["https:\/\/now-news.de\/de\/deutschland\/infantile-politik-eine-deutsche-regierung-gefangen-im-jetzt\/#respond"]}]},{"@type":"WebPage","@id":"https:\/\/now-news.de\/de\/deutschland\/infantile-politik-eine-deutsche-regierung-gefangen-im-jetzt\/","url":"https:\/\/now-news.de\/de\/deutschland\/infantile-politik-eine-deutsche-regierung-gefangen-im-jetzt\/","name":"Infantile Politik: Eine deutsche Regierung gefangen im Jetzt - just-now.NEWS Deutschland","isPartOf":{"@id":"https:\/\/now-news.de\/de\/#website"},"primaryImageOfPage":{"@id":"https:\/\/now-news.de\/de\/deutschland\/infantile-politik-eine-deutsche-regierung-gefangen-im-jetzt\/#primaryimage"},"image":{"@id":"https:\/\/now-news.de\/de\/deutschland\/infantile-politik-eine-deutsche-regierung-gefangen-im-jetzt\/#primaryimage"},"thumbnailUrl":"https:\/\/now-news.de\/de\/wp-content\/uploads\/sites\/3\/2022\/08\/Infantile-Politik-Eine-deutsche-Regierung-gefangen-im-Jetzt.jpg","datePublished":"2022-08-09T19:02:41+00:00","dateModified":"2022-08-09T19:02:41+00:00","breadcrumb":{"@id":"https:\/\/now-news.de\/de\/deutschland\/infantile-politik-eine-deutsche-regierung-gefangen-im-jetzt\/#breadcrumb"},"inLanguage":"de","potentialAction":[{"@type":"ReadAction","target":["https:\/\/now-news.de\/de\/deutschland\/infantile-politik-eine-deutsche-regierung-gefangen-im-jetzt\/"]}]},{"@type":"ImageObject","inLanguage":"de","@id":"https:\/\/now-news.de\/de\/deutschland\/infantile-politik-eine-deutsche-regierung-gefangen-im-jetzt\/#primaryimage","url":"https:\/\/now-news.de\/de\/wp-content\/uploads\/sites\/3\/2022\/08\/Infantile-Politik-Eine-deutsche-Regierung-gefangen-im-Jetzt.jpg","contentUrl":"https:\/\/now-news.de\/de\/wp-content\/uploads\/sites\/3\/2022\/08\/Infantile-Politik-Eine-deutsche-Regierung-gefangen-im-Jetzt.jpg","width":460,"height":259,"caption":"Infantile Politik: Eine deutsche Regierung gefangen im Jetzt"},{"@type":"BreadcrumbList","@id":"https:\/\/now-news.de\/de\/deutschland\/infantile-politik-eine-deutsche-regierung-gefangen-im-jetzt\/#breadcrumb","itemListElement":[{"@type":"ListItem","position":1,"name":"Home","item":"https:\/\/now-news.de\/de\/"},{"@type":"ListItem","position":2,"name":"Infantile Politik: Eine deutsche Regierung gefangen im Jetzt"}]},{"@type":"WebSite","@id":"https:\/\/now-news.de\/de\/#website","url":"https:\/\/now-news.de\/de\/","name":"just-now.NEWS Deutschland","description":"Das Portal f\u00fcr unzensierte Nachrichten aus der Welt","publisher":{"@id":"https:\/\/now-news.de\/de\/#organization"},"potentialAction":[{"@type":"SearchAction","target":{"@type":"EntryPoint","urlTemplate":"https:\/\/now-news.de\/de\/?s={search_term_string}"},"query-input":"required name=search_term_string"}],"inLanguage":"de"},{"@type":"Organization","@id":"https:\/\/now-news.de\/de\/#organization","name":"Just Now News","url":"https:\/\/now-news.de\/de\/","logo":{"@type":"ImageObject","inLanguage":"de","@id":"https:\/\/now-news.de\/de\/#\/schema\/logo\/image\/","url":"http:\/\/just-now.news\/de\/wp-content\/uploads\/sites\/3\/2022\/04\/logo500x500.jpg","contentUrl":"http:\/\/just-now.news\/de\/wp-content\/uploads\/sites\/3\/2022\/04\/logo500x500.jpg","width":500,"height":500,"caption":"Just Now News"},"image":{"@id":"https:\/\/now-news.de\/de\/#\/schema\/logo\/image\/"},"sameAs":["https:\/\/www.facebook.com\/wirmachenauf","https:\/\/x.com\/WirMachenAuf_de"]},{"@type":"Person","@id":"https:\/\/now-news.de\/de\/#\/schema\/person\/fb534a4e865501d8b3285208df34a9b5","name":"rtnews","image":{"@type":"ImageObject","inLanguage":"de","@id":"https:\/\/now-news.de\/de\/#\/schema\/person\/image\/","url":"https:\/\/secure.gravatar.com\/avatar\/82aafea7d8127119dd649515f56e2117?s=96&d=mm&r=g","contentUrl":"https:\/\/secure.gravatar.com\/avatar\/82aafea7d8127119dd649515f56e2117?s=96&d=mm&r=g","caption":"rtnews"},"url":"https:\/\/now-news.de\/de\/author\/rnews\/"}]}},"_links":{"self":[{"href":"https:\/\/now-news.de\/de\/wp-json\/wp\/v2\/posts\/16571"}],"collection":[{"href":"https:\/\/now-news.de\/de\/wp-json\/wp\/v2\/posts"}],"about":[{"href":"https:\/\/now-news.de\/de\/wp-json\/wp\/v2\/types\/post"}],"author":[{"embeddable":true,"href":"https:\/\/now-news.de\/de\/wp-json\/wp\/v2\/users\/3"}],"replies":[{"embeddable":true,"href":"https:\/\/now-news.de\/de\/wp-json\/wp\/v2\/comments?post=16571"}],"version-history":[{"count":0,"href":"https:\/\/now-news.de\/de\/wp-json\/wp\/v2\/posts\/16571\/revisions"}],"wp:featuredmedia":[{"embeddable":true,"href":"https:\/\/now-news.de\/de\/wp-json\/wp\/v2\/media\/16572"}],"wp:attachment":[{"href":"https:\/\/now-news.de\/de\/wp-json\/wp\/v2\/media?parent=16571"}],"wp:term":[{"taxonomy":"category","embeddable":true,"href":"https:\/\/now-news.de\/de\/wp-json\/wp\/v2\/categories?post=16571"},{"taxonomy":"post_tag","embeddable":true,"href":"https:\/\/now-news.de\/de\/wp-json\/wp\/v2\/tags?post=16571"}],"curies":[{"name":"wp","href":"https:\/\/api.w.org\/{rel}","templated":true}]}}