{"id":16545,"date":"2022-08-09T17:51:40","date_gmt":"2022-08-09T15:51:40","guid":{"rendered":"http:\/\/just-now.news\/de\/deutschland\/mordserie-an-muslimen-in-albuquerque-polizei-verstaerkt-praesenz\/"},"modified":"2022-08-09T17:51:40","modified_gmt":"2022-08-09T15:51:40","slug":"mordserie-an-muslimen-in-albuquerque-polizei-verstaerkt-praesenz","status":"publish","type":"post","link":"https:\/\/now-news.de\/de\/deutschland\/mordserie-an-muslimen-in-albuquerque-polizei-verstaerkt-praesenz\/","title":{"rendered":"Mordserie an Muslimen in Albuquerque: Polizei verst\u00e4rkt Pr\u00e4senz"},"content":{"rendered":"<p><img decoding=\"async\" src=\"http:\/\/just-now.news\/de\/wp-content\/uploads\/sites\/3\/2022\/08\/62f241d848fbef2f03262565.jpg\" \/><\/p>\n<div class=\"Text-root Text-type_1 \">\n                Nach einer Mordserie an Muslimen verst\u00e4rkt die Polizei von Albuquerque ihre Pr\u00e4senz. Drei der vier Morde ereigneten sich innerhalb von zwei Wochen. Die Opfer stammten aus Pakistan und Afghanistan. US-Pr\u00e4sident Joe Biden bezeichnete die Morde als &#8220;hasserf\u00fcllte Angriffe&#8221;.\n            <\/div>\n<p><\/p>\n<div class=\"Text-root Text-type_5 ArticleView-text ViewText-root \">\n<p>Die Polizei in Albuquerque im US-Bundesstaat New Mexico hat nach vier Morden an Muslimen ihre Pr\u00e4senz vor Ort verst\u00e4rkt. Tim Keller, der B\u00fcrgermeister der Stadt, sagte dem Sender <em>CNN<\/em>:<\/p>\n<blockquote>\n<p><em>&#8220;Wir sorgen zun\u00e4chst einmal f\u00fcr eine sichtbare Polizeipr\u00e4senz in den Moscheen, um deutlich zu machen, dass wir da sind und beobachten.&#8221;<\/em><\/p>\n<\/blockquote>\n<p>In bestimmten Gegenden der Stadt patrouilliere die Polizei nun h\u00e4ufiger. In dieser Woche beginne auch der Schulunterricht wieder. Daher werde es spezielle Programme f\u00fcr die Sicherheit muslimischer Sch\u00fcler geben, k\u00fcndigte Keller an und hob hervor:<\/p>\n<blockquote>\n<p><em>&#8220;Wir versuchen also, extrem sichtbar zu sein.&#8221;<\/em><\/p>\n<\/blockquote>\n<p>Am Samstagabend hatte\u00a0die Polizei in Albuquerque mitgeteilt, dass sie einen Mord an einem Muslimen untersuche, der m\u00f6glicherweise in Verbindung mit drei \u00e4hnlichen Taten in der Stadt stehe. In allen vier F\u00e4llen aus den vergangenen neun Monaten habe es sich bei den Ermordeten um muslimische M\u00e4nner aus S\u00fcdasien gehandelt. Die Bundespolizei FBI unterst\u00fctze die \u00f6rtliche Polizei bei den Ermittlungen.<\/p>\n<p>Die drei j\u00fcngsten Morde ereigneten sich innerhalb von zwei Wochen und versetzten die Stadt in Aufregung. US-Pr\u00e4sident Joe Biden sagte am Sonntag angesichts der Vorf\u00e4lle:<\/p>\n<blockquote>\n<p><em>&#8220;Diese hasserf\u00fcllten Angriffe haben keinen Platz in Amerika.&#8221;<\/em><\/p>\n<\/blockquote>\n<p>Auf Twitter versichert der Politiker den Angeh\u00f6rigen der Glaubensgemeinschaft seinen Beistand. Er sei erbost und traurig \u00fcber die grausame Ermordung von vier muslimischen M\u00e4nnern in\u00a0Albuquerque.<\/p>\n<blockquote>\n<p><em>&#8220;W\u00e4hrend wir auf eine umfassende Untersuchung warten, sind meine Gebete bei den Familien der Opfer, und meine Regierung steht fest an der Seite der muslimischen Gemeinschaft.&#8221;<\/em><\/p>\n<\/blockquote>\n<div class=\"EmbedBlock-root EmbedBlock-twitter\">\n<div class=\"TwitterEmbed\">\n<blockquote class=\"twitter-tweet lazyload\" data-twitter=\"twitter-tweet\">\n<p lang=\"en\" dir=\"ltr\">I am angered and saddened by the horrific killings of four Muslim men in Albuquerque. While we await a full investigation, my prayers are with the victims\u2019 families, and my Administration stands strongly with the Muslim community.These hateful attacks have no place in America.<\/p>\n<p>\u2014 President Biden (@POTUS) <a rel=\"nofollow noopener\" target=\"_blank\" href=\"https:\/\/twitter.com\/POTUS\/status\/1556331838817374211?ref_src=twsrc%5Etfw\">August 7, 2022<\/a><\/p><\/blockquote>\n<\/div>\n<\/div>\n<p>Am Freitag waren Polizeibeamte von Albuquerque \u00fcber eine Schie\u00dferei in der Stadt alarmiert worden. Am Tatort fanden sie die Leiche des 25-j\u00e4hrigen Naeem Hussain mit pakistanischer Herkunft vor.<\/p>\n<p>Der Tod des Mannes ereignete sich einen Tag, nachdem die Beh\u00f6rden festgestellt hatten, dass eine Verbindung zwischen den Morden an dem 27-j\u00e4hrigen Muhammed Afzaal Hussain und dem 41-j\u00e4hrigen Aftab Hussein besteht. Beide aus Pakistan stammenden Muslime seien in den vergangenen zwei Wochen im S\u00fcdosten von Albuquerque get\u00f6tet worden, so die Polizei.<\/p>\n<p>Zudem versuchen Ermittler festzustellen, ob der Mord an Mohammad Ahmadi aus Afghanistan mit den j\u00fcngsten Morden zusammenh\u00e4ngt. Mohammad Ahmadi war im November 2021 vor einem Gesch\u00e4ft get\u00f6tet worden.<\/p>\n<p>Laut Polizei haben die Morde an den vier M\u00e4nnern eine auff\u00e4llige Gemeinsamkeit: Sie alle waren Muslime s\u00fcdasiatischer Herkunft.<strong><\/strong><\/p>\n<p><strong>Mehr zum Thema<\/strong> &#8211; <a rel=\"nofollow noopener\" target=\"_blank\" href=\"https:\/\/de.rt.com\/international\/143126-18-tote-nach-zwei-schiessereien\/\">18 Tote nach zwei Schie\u00dfereien in S\u00fcdafrika<\/a><\/p>\n<p>(<em>rt de\/dpa<\/em>)<\/p>\n<\/div>\n<p><script async src=\"https:\/\/platform.twitter.com\/widgets.js\" charset=\"utf-8\"><\/script><br \/>\n<br \/><br \/>\n<br \/><a href=\"https:\/\/de.rt.com\/nordamerika\/145660-mordserie-an-muslimen-in-usa\/\">Source link <\/a><\/p>\n","protected":false},"excerpt":{"rendered":"<p>Nach einer Mordserie an Muslimen verst\u00e4rkt die Polizei von Albuquerque ihre Pr\u00e4senz. Drei der vier Morde ereigneten sich innerhalb von zwei Wochen. Die Opfer stammten aus Pakistan und Afghanistan. US-Pr\u00e4sident Joe Biden bezeichnete die Morde als &#8220;hasserf\u00fcllte Angriffe&#8221;. Die Polizei in Albuquerque im US-Bundesstaat New Mexico hat nach vier Morden an Muslimen ihre Pr\u00e4senz vor [&hellip;]<\/p>\n","protected":false},"author":3,"featured_media":16546,"comment_status":"open","ping_status":"open","sticky":false,"template":"","format":"standard","meta":{"wp_automatic_camp":["217"],"47edb5aa92a2bd3fdc7ed5e09b56e6be":["Mordserie an Muslimen in Albuquerque: Polizei verst\u00e4rkt Pr\u00e4senz"],"original_link":["https:\/\/de.rt.com\/nordamerika\/145660-mordserie-an-muslimen-in-usa\/"],"_thumbnail_id":["16546"],"_wptg_p2tg_sent2tg":["2022-08-09 17:54:17"],"jnews_social_counter_last_update":["1777091082"]},"categories":[19,23],"tags":[30709,30707,30708,7579,26690,10898],"yoast_head":"<!-- This site is optimized with the Yoast SEO Premium plugin v22.7 (Yoast SEO v22.7) - https:\/\/yoast.com\/wordpress\/plugins\/seo\/ -->\n<title>Mordserie an Muslimen in Albuquerque: Polizei verst\u00e4rkt Pr\u00e4senz - just-now.NEWS Deutschland<\/title>\n<meta name=\"robots\" content=\"index, follow, max-snippet:-1, max-image-preview:large, max-video-preview:-1\" \/>\n<link rel=\"canonical\" href=\"https:\/\/now-news.de\/de\/deutschland\/mordserie-an-muslimen-in-albuquerque-polizei-verstaerkt-praesenz\/\" \/>\n<meta property=\"og:locale\" content=\"de_DE\" \/>\n<meta property=\"og:type\" content=\"article\" \/>\n<meta property=\"og:title\" content=\"Mordserie an Muslimen in Albuquerque: Polizei verst\u00e4rkt Pr\u00e4senz\" \/>\n<meta property=\"og:description\" content=\"Nach einer Mordserie an Muslimen verst\u00e4rkt die Polizei von Albuquerque ihre Pr\u00e4senz. Drei der vier Morde ereigneten sich innerhalb von zwei Wochen. Die Opfer stammten aus Pakistan und Afghanistan. US-Pr\u00e4sident Joe Biden bezeichnete die Morde als &#8220;hasserf\u00fcllte Angriffe&#8221;. Die Polizei in Albuquerque im US-Bundesstaat New Mexico hat nach vier Morden an Muslimen ihre Pr\u00e4senz vor [&hellip;]\" \/>\n<meta property=\"og:url\" content=\"https:\/\/now-news.de\/de\/deutschland\/mordserie-an-muslimen-in-albuquerque-polizei-verstaerkt-praesenz\/\" \/>\n<meta property=\"og:site_name\" content=\"just-now.NEWS Deutschland\" \/>\n<meta property=\"article:publisher\" content=\"https:\/\/www.facebook.com\/wirmachenauf\" \/>\n<meta property=\"article:published_time\" content=\"2022-08-09T15:51:40+00:00\" \/>\n<meta property=\"og:image\" content=\"https:\/\/now-news.de\/de\/wp-content\/uploads\/sites\/3\/2022\/08\/Mordserie-an-Muslimen-in-Albuquerque-Polizei-verstaerkt-Praesenz.jpg\" \/>\n\t<meta property=\"og:image:width\" content=\"460\" \/>\n\t<meta property=\"og:image:height\" content=\"259\" \/>\n\t<meta property=\"og:image:type\" content=\"image\/jpeg\" \/>\n<meta name=\"author\" content=\"rtnews\" \/>\n<meta name=\"twitter:card\" content=\"summary_large_image\" \/>\n<meta name=\"twitter:creator\" content=\"@WirMachenAuf_de\" \/>\n<meta name=\"twitter:site\" content=\"@WirMachenAuf_de\" \/>\n<meta name=\"twitter:label1\" content=\"Verfasst von\" \/>\n\t<meta name=\"twitter:data1\" content=\"rtnews\" \/>\n\t<meta name=\"twitter:label2\" content=\"Gesch\u00e4tzte Lesezeit\" \/>\n\t<meta name=\"twitter:data2\" content=\"3\u00a0Minuten\" \/>\n<script type=\"application\/ld+json\" class=\"yoast-schema-graph\">{\"@context\":\"https:\/\/schema.org\",\"@graph\":[{\"@type\":\"Article\",\"@id\":\"https:\/\/now-news.de\/de\/deutschland\/mordserie-an-muslimen-in-albuquerque-polizei-verstaerkt-praesenz\/#article\",\"isPartOf\":{\"@id\":\"https:\/\/now-news.de\/de\/deutschland\/mordserie-an-muslimen-in-albuquerque-polizei-verstaerkt-praesenz\/\"},\"author\":{\"name\":\"rtnews\",\"@id\":\"https:\/\/now-news.de\/de\/#\/schema\/person\/fb534a4e865501d8b3285208df34a9b5\"},\"headline\":\"Mordserie an Muslimen in Albuquerque: Polizei verst\u00e4rkt Pr\u00e4senz\",\"datePublished\":\"2022-08-09T15:51:40+00:00\",\"dateModified\":\"2022-08-09T15:51:40+00:00\",\"mainEntityOfPage\":{\"@id\":\"https:\/\/now-news.de\/de\/deutschland\/mordserie-an-muslimen-in-albuquerque-polizei-verstaerkt-praesenz\/\"},\"wordCount\":515,\"commentCount\":0,\"publisher\":{\"@id\":\"https:\/\/now-news.de\/de\/#organization\"},\"image\":{\"@id\":\"https:\/\/now-news.de\/de\/deutschland\/mordserie-an-muslimen-in-albuquerque-polizei-verstaerkt-praesenz\/#primaryimage\"},\"thumbnailUrl\":\"https:\/\/now-news.de\/de\/wp-content\/uploads\/sites\/3\/2022\/08\/Mordserie-an-Muslimen-in-Albuquerque-Polizei-verstaerkt-Praesenz.jpg\",\"keywords\":[\"Albuquerque\",\"Mordserie\",\"Muslimen\",\"Polizei\",\"Pr\u00e4senz\",\"verst\u00e4rkt\"],\"articleSection\":[\"Deutschland\",\"Russland\"],\"inLanguage\":\"de\",\"potentialAction\":[{\"@type\":\"CommentAction\",\"name\":\"Comment\",\"target\":[\"https:\/\/now-news.de\/de\/deutschland\/mordserie-an-muslimen-in-albuquerque-polizei-verstaerkt-praesenz\/#respond\"]}]},{\"@type\":\"WebPage\",\"@id\":\"https:\/\/now-news.de\/de\/deutschland\/mordserie-an-muslimen-in-albuquerque-polizei-verstaerkt-praesenz\/\",\"url\":\"https:\/\/now-news.de\/de\/deutschland\/mordserie-an-muslimen-in-albuquerque-polizei-verstaerkt-praesenz\/\",\"name\":\"Mordserie an Muslimen in Albuquerque: Polizei verst\u00e4rkt Pr\u00e4senz - just-now.NEWS Deutschland\",\"isPartOf\":{\"@id\":\"https:\/\/now-news.de\/de\/#website\"},\"primaryImageOfPage\":{\"@id\":\"https:\/\/now-news.de\/de\/deutschland\/mordserie-an-muslimen-in-albuquerque-polizei-verstaerkt-praesenz\/#primaryimage\"},\"image\":{\"@id\":\"https:\/\/now-news.de\/de\/deutschland\/mordserie-an-muslimen-in-albuquerque-polizei-verstaerkt-praesenz\/#primaryimage\"},\"thumbnailUrl\":\"https:\/\/now-news.de\/de\/wp-content\/uploads\/sites\/3\/2022\/08\/Mordserie-an-Muslimen-in-Albuquerque-Polizei-verstaerkt-Praesenz.jpg\",\"datePublished\":\"2022-08-09T15:51:40+00:00\",\"dateModified\":\"2022-08-09T15:51:40+00:00\",\"breadcrumb\":{\"@id\":\"https:\/\/now-news.de\/de\/deutschland\/mordserie-an-muslimen-in-albuquerque-polizei-verstaerkt-praesenz\/#breadcrumb\"},\"inLanguage\":\"de\",\"potentialAction\":[{\"@type\":\"ReadAction\",\"target\":[\"https:\/\/now-news.de\/de\/deutschland\/mordserie-an-muslimen-in-albuquerque-polizei-verstaerkt-praesenz\/\"]}]},{\"@type\":\"ImageObject\",\"inLanguage\":\"de\",\"@id\":\"https:\/\/now-news.de\/de\/deutschland\/mordserie-an-muslimen-in-albuquerque-polizei-verstaerkt-praesenz\/#primaryimage\",\"url\":\"https:\/\/now-news.de\/de\/wp-content\/uploads\/sites\/3\/2022\/08\/Mordserie-an-Muslimen-in-Albuquerque-Polizei-verstaerkt-Praesenz.jpg\",\"contentUrl\":\"https:\/\/now-news.de\/de\/wp-content\/uploads\/sites\/3\/2022\/08\/Mordserie-an-Muslimen-in-Albuquerque-Polizei-verstaerkt-Praesenz.jpg\",\"width\":460,\"height\":259,\"caption\":\"Mordserie an Muslimen in Albuquerque: Polizei verst\u00e4rkt Pr\u00e4senz\"},{\"@type\":\"BreadcrumbList\",\"@id\":\"https:\/\/now-news.de\/de\/deutschland\/mordserie-an-muslimen-in-albuquerque-polizei-verstaerkt-praesenz\/#breadcrumb\",\"itemListElement\":[{\"@type\":\"ListItem\",\"position\":1,\"name\":\"Home\",\"item\":\"https:\/\/now-news.de\/de\/\"},{\"@type\":\"ListItem\",\"position\":2,\"name\":\"Mordserie an Muslimen in Albuquerque: Polizei verst\u00e4rkt Pr\u00e4senz\"}]},{\"@type\":\"WebSite\",\"@id\":\"https:\/\/now-news.de\/de\/#website\",\"url\":\"https:\/\/now-news.de\/de\/\",\"name\":\"just-now.NEWS Deutschland\",\"description\":\"Das Portal f\u00fcr unzensierte Nachrichten aus der Welt\",\"publisher\":{\"@id\":\"https:\/\/now-news.de\/de\/#organization\"},\"potentialAction\":[{\"@type\":\"SearchAction\",\"target\":{\"@type\":\"EntryPoint\",\"urlTemplate\":\"https:\/\/now-news.de\/de\/?s={search_term_string}\"},\"query-input\":\"required name=search_term_string\"}],\"inLanguage\":\"de\"},{\"@type\":\"Organization\",\"@id\":\"https:\/\/now-news.de\/de\/#organization\",\"name\":\"Just Now News\",\"url\":\"https:\/\/now-news.de\/de\/\",\"logo\":{\"@type\":\"ImageObject\",\"inLanguage\":\"de\",\"@id\":\"https:\/\/now-news.de\/de\/#\/schema\/logo\/image\/\",\"url\":\"http:\/\/just-now.news\/de\/wp-content\/uploads\/sites\/3\/2022\/04\/logo500x500.jpg\",\"contentUrl\":\"http:\/\/just-now.news\/de\/wp-content\/uploads\/sites\/3\/2022\/04\/logo500x500.jpg\",\"width\":500,\"height\":500,\"caption\":\"Just Now News\"},\"image\":{\"@id\":\"https:\/\/now-news.de\/de\/#\/schema\/logo\/image\/\"},\"sameAs\":[\"https:\/\/www.facebook.com\/wirmachenauf\",\"https:\/\/x.com\/WirMachenAuf_de\"]},{\"@type\":\"Person\",\"@id\":\"https:\/\/now-news.de\/de\/#\/schema\/person\/fb534a4e865501d8b3285208df34a9b5\",\"name\":\"rtnews\",\"image\":{\"@type\":\"ImageObject\",\"inLanguage\":\"de\",\"@id\":\"https:\/\/now-news.de\/de\/#\/schema\/person\/image\/\",\"url\":\"https:\/\/secure.gravatar.com\/avatar\/82aafea7d8127119dd649515f56e2117?s=96&d=mm&r=g\",\"contentUrl\":\"https:\/\/secure.gravatar.com\/avatar\/82aafea7d8127119dd649515f56e2117?s=96&d=mm&r=g\",\"caption\":\"rtnews\"},\"url\":\"https:\/\/now-news.de\/de\/author\/rnews\/\"}]}<\/script>\n<!-- \/ Yoast SEO Premium plugin. -->","yoast_head_json":{"title":"Mordserie an Muslimen in Albuquerque: Polizei verst\u00e4rkt Pr\u00e4senz - just-now.NEWS Deutschland","robots":{"index":"index","follow":"follow","max-snippet":"max-snippet:-1","max-image-preview":"max-image-preview:large","max-video-preview":"max-video-preview:-1"},"canonical":"https:\/\/now-news.de\/de\/deutschland\/mordserie-an-muslimen-in-albuquerque-polizei-verstaerkt-praesenz\/","og_locale":"de_DE","og_type":"article","og_title":"Mordserie an Muslimen in Albuquerque: Polizei verst\u00e4rkt Pr\u00e4senz","og_description":"Nach einer Mordserie an Muslimen verst\u00e4rkt die Polizei von Albuquerque ihre Pr\u00e4senz. Drei der vier Morde ereigneten sich innerhalb von zwei Wochen. Die Opfer stammten aus Pakistan und Afghanistan. US-Pr\u00e4sident Joe Biden bezeichnete die Morde als &#8220;hasserf\u00fcllte Angriffe&#8221;. Die Polizei in Albuquerque im US-Bundesstaat New Mexico hat nach vier Morden an Muslimen ihre Pr\u00e4senz vor [&hellip;]","og_url":"https:\/\/now-news.de\/de\/deutschland\/mordserie-an-muslimen-in-albuquerque-polizei-verstaerkt-praesenz\/","og_site_name":"just-now.NEWS Deutschland","article_publisher":"https:\/\/www.facebook.com\/wirmachenauf","article_published_time":"2022-08-09T15:51:40+00:00","og_image":[{"width":460,"height":259,"url":"https:\/\/now-news.de\/de\/wp-content\/uploads\/sites\/3\/2022\/08\/Mordserie-an-Muslimen-in-Albuquerque-Polizei-verstaerkt-Praesenz.jpg","type":"image\/jpeg"}],"author":"rtnews","twitter_card":"summary_large_image","twitter_creator":"@WirMachenAuf_de","twitter_site":"@WirMachenAuf_de","twitter_misc":{"Verfasst von":"rtnews","Gesch\u00e4tzte Lesezeit":"3\u00a0Minuten"},"schema":{"@context":"https:\/\/schema.org","@graph":[{"@type":"Article","@id":"https:\/\/now-news.de\/de\/deutschland\/mordserie-an-muslimen-in-albuquerque-polizei-verstaerkt-praesenz\/#article","isPartOf":{"@id":"https:\/\/now-news.de\/de\/deutschland\/mordserie-an-muslimen-in-albuquerque-polizei-verstaerkt-praesenz\/"},"author":{"name":"rtnews","@id":"https:\/\/now-news.de\/de\/#\/schema\/person\/fb534a4e865501d8b3285208df34a9b5"},"headline":"Mordserie an Muslimen in Albuquerque: Polizei verst\u00e4rkt Pr\u00e4senz","datePublished":"2022-08-09T15:51:40+00:00","dateModified":"2022-08-09T15:51:40+00:00","mainEntityOfPage":{"@id":"https:\/\/now-news.de\/de\/deutschland\/mordserie-an-muslimen-in-albuquerque-polizei-verstaerkt-praesenz\/"},"wordCount":515,"commentCount":0,"publisher":{"@id":"https:\/\/now-news.de\/de\/#organization"},"image":{"@id":"https:\/\/now-news.de\/de\/deutschland\/mordserie-an-muslimen-in-albuquerque-polizei-verstaerkt-praesenz\/#primaryimage"},"thumbnailUrl":"https:\/\/now-news.de\/de\/wp-content\/uploads\/sites\/3\/2022\/08\/Mordserie-an-Muslimen-in-Albuquerque-Polizei-verstaerkt-Praesenz.jpg","keywords":["Albuquerque","Mordserie","Muslimen","Polizei","Pr\u00e4senz","verst\u00e4rkt"],"articleSection":["Deutschland","Russland"],"inLanguage":"de","potentialAction":[{"@type":"CommentAction","name":"Comment","target":["https:\/\/now-news.de\/de\/deutschland\/mordserie-an-muslimen-in-albuquerque-polizei-verstaerkt-praesenz\/#respond"]}]},{"@type":"WebPage","@id":"https:\/\/now-news.de\/de\/deutschland\/mordserie-an-muslimen-in-albuquerque-polizei-verstaerkt-praesenz\/","url":"https:\/\/now-news.de\/de\/deutschland\/mordserie-an-muslimen-in-albuquerque-polizei-verstaerkt-praesenz\/","name":"Mordserie an Muslimen in Albuquerque: Polizei verst\u00e4rkt Pr\u00e4senz - just-now.NEWS Deutschland","isPartOf":{"@id":"https:\/\/now-news.de\/de\/#website"},"primaryImageOfPage":{"@id":"https:\/\/now-news.de\/de\/deutschland\/mordserie-an-muslimen-in-albuquerque-polizei-verstaerkt-praesenz\/#primaryimage"},"image":{"@id":"https:\/\/now-news.de\/de\/deutschland\/mordserie-an-muslimen-in-albuquerque-polizei-verstaerkt-praesenz\/#primaryimage"},"thumbnailUrl":"https:\/\/now-news.de\/de\/wp-content\/uploads\/sites\/3\/2022\/08\/Mordserie-an-Muslimen-in-Albuquerque-Polizei-verstaerkt-Praesenz.jpg","datePublished":"2022-08-09T15:51:40+00:00","dateModified":"2022-08-09T15:51:40+00:00","breadcrumb":{"@id":"https:\/\/now-news.de\/de\/deutschland\/mordserie-an-muslimen-in-albuquerque-polizei-verstaerkt-praesenz\/#breadcrumb"},"inLanguage":"de","potentialAction":[{"@type":"ReadAction","target":["https:\/\/now-news.de\/de\/deutschland\/mordserie-an-muslimen-in-albuquerque-polizei-verstaerkt-praesenz\/"]}]},{"@type":"ImageObject","inLanguage":"de","@id":"https:\/\/now-news.de\/de\/deutschland\/mordserie-an-muslimen-in-albuquerque-polizei-verstaerkt-praesenz\/#primaryimage","url":"https:\/\/now-news.de\/de\/wp-content\/uploads\/sites\/3\/2022\/08\/Mordserie-an-Muslimen-in-Albuquerque-Polizei-verstaerkt-Praesenz.jpg","contentUrl":"https:\/\/now-news.de\/de\/wp-content\/uploads\/sites\/3\/2022\/08\/Mordserie-an-Muslimen-in-Albuquerque-Polizei-verstaerkt-Praesenz.jpg","width":460,"height":259,"caption":"Mordserie an Muslimen in Albuquerque: Polizei verst\u00e4rkt Pr\u00e4senz"},{"@type":"BreadcrumbList","@id":"https:\/\/now-news.de\/de\/deutschland\/mordserie-an-muslimen-in-albuquerque-polizei-verstaerkt-praesenz\/#breadcrumb","itemListElement":[{"@type":"ListItem","position":1,"name":"Home","item":"https:\/\/now-news.de\/de\/"},{"@type":"ListItem","position":2,"name":"Mordserie an Muslimen in Albuquerque: Polizei verst\u00e4rkt Pr\u00e4senz"}]},{"@type":"WebSite","@id":"https:\/\/now-news.de\/de\/#website","url":"https:\/\/now-news.de\/de\/","name":"just-now.NEWS Deutschland","description":"Das Portal f\u00fcr unzensierte Nachrichten aus der Welt","publisher":{"@id":"https:\/\/now-news.de\/de\/#organization"},"potentialAction":[{"@type":"SearchAction","target":{"@type":"EntryPoint","urlTemplate":"https:\/\/now-news.de\/de\/?s={search_term_string}"},"query-input":"required name=search_term_string"}],"inLanguage":"de"},{"@type":"Organization","@id":"https:\/\/now-news.de\/de\/#organization","name":"Just Now News","url":"https:\/\/now-news.de\/de\/","logo":{"@type":"ImageObject","inLanguage":"de","@id":"https:\/\/now-news.de\/de\/#\/schema\/logo\/image\/","url":"http:\/\/just-now.news\/de\/wp-content\/uploads\/sites\/3\/2022\/04\/logo500x500.jpg","contentUrl":"http:\/\/just-now.news\/de\/wp-content\/uploads\/sites\/3\/2022\/04\/logo500x500.jpg","width":500,"height":500,"caption":"Just Now News"},"image":{"@id":"https:\/\/now-news.de\/de\/#\/schema\/logo\/image\/"},"sameAs":["https:\/\/www.facebook.com\/wirmachenauf","https:\/\/x.com\/WirMachenAuf_de"]},{"@type":"Person","@id":"https:\/\/now-news.de\/de\/#\/schema\/person\/fb534a4e865501d8b3285208df34a9b5","name":"rtnews","image":{"@type":"ImageObject","inLanguage":"de","@id":"https:\/\/now-news.de\/de\/#\/schema\/person\/image\/","url":"https:\/\/secure.gravatar.com\/avatar\/82aafea7d8127119dd649515f56e2117?s=96&d=mm&r=g","contentUrl":"https:\/\/secure.gravatar.com\/avatar\/82aafea7d8127119dd649515f56e2117?s=96&d=mm&r=g","caption":"rtnews"},"url":"https:\/\/now-news.de\/de\/author\/rnews\/"}]}},"_links":{"self":[{"href":"https:\/\/now-news.de\/de\/wp-json\/wp\/v2\/posts\/16545"}],"collection":[{"href":"https:\/\/now-news.de\/de\/wp-json\/wp\/v2\/posts"}],"about":[{"href":"https:\/\/now-news.de\/de\/wp-json\/wp\/v2\/types\/post"}],"author":[{"embeddable":true,"href":"https:\/\/now-news.de\/de\/wp-json\/wp\/v2\/users\/3"}],"replies":[{"embeddable":true,"href":"https:\/\/now-news.de\/de\/wp-json\/wp\/v2\/comments?post=16545"}],"version-history":[{"count":0,"href":"https:\/\/now-news.de\/de\/wp-json\/wp\/v2\/posts\/16545\/revisions"}],"wp:featuredmedia":[{"embeddable":true,"href":"https:\/\/now-news.de\/de\/wp-json\/wp\/v2\/media\/16546"}],"wp:attachment":[{"href":"https:\/\/now-news.de\/de\/wp-json\/wp\/v2\/media?parent=16545"}],"wp:term":[{"taxonomy":"category","embeddable":true,"href":"https:\/\/now-news.de\/de\/wp-json\/wp\/v2\/categories?post=16545"},{"taxonomy":"post_tag","embeddable":true,"href":"https:\/\/now-news.de\/de\/wp-json\/wp\/v2\/tags?post=16545"}],"curies":[{"name":"wp","href":"https:\/\/api.w.org\/{rel}","templated":true}]}}