{"id":16513,"date":"2022-08-09T08:28:45","date_gmt":"2022-08-09T06:28:45","guid":{"rendered":"http:\/\/just-now.news\/de\/china\/wuerdentraeger-gedenken-des-80-jahrestages-der-pazifikschlacht-von-guadalcanal\/"},"modified":"2022-08-09T08:28:45","modified_gmt":"2022-08-09T06:28:45","slug":"wuerdentraeger-gedenken-des-80-jahrestages-der-pazifikschlacht-von-guadalcanal","status":"publish","type":"post","link":"https:\/\/now-news.de\/de\/china\/wuerdentraeger-gedenken-des-80-jahrestages-der-pazifikschlacht-von-guadalcanal\/","title":{"rendered":"W\u00fcrdentr\u00e4ger gedenken des 80. Jahrestages der Pazifikschlacht von Guadalcanal"},"content":{"rendered":"<div>\n<p>Top-Diplomaten haben sich in Honiara, der Hauptstadt der Salomonen, versammelt, um des 80. Jahrestages der blutigen Schlacht von Guadalcanal (7. August 1942 bis 9. Februar 1943) zu gedenken, die als Wendepunkt w\u00e4hrend des Zweiten Weltkriegs f\u00fcr die Alliierten gilt Kr\u00e4fte.<\/p>\n<p>Unter den Teilnehmern waren Wendy Sherman, die stellvertretende US-Au\u00dfenministerin, Caroline Kennedy, die US-Botschafterin in Australien, Makoto Onika, Japans Verteidigungsminister, sowie die Minister f\u00fcr Pazifik und Verteidigungsindustrie von Australien (Pat Conroy) und Neuseeland (Peeni Henare). ).  Der Premierminister der Salomonen, Manasseh Sogavare, war bei den Verhandlungen abwesend.<\/p>\n<p>US-Botschafterin Kennedy dankte den Nachkommen der Retter ihres Vaters, John F. Kennedy, der das Kommando \u00fcber ein Patrouillenboot der US Navy hatte, das am 1. August 1943 von einem japanischen Zerst\u00f6rer zerst\u00f6rt wurde.<\/p>\n<p>\u201eMeine Familie und ich sind zwei Solomon Islander Scouts \u2013 Biaku Gasa und Eroni Kumana \u2013, die das Leben meines Vaters gerettet haben, pers\u00f6nlich zu Dank verpflichtet\u201c, sagte sie den Teilnehmern.<\/p>\n<p>\u201eDank ihnen \u00fcberlebten er und seine Crew den Untergang von PT-109 und (er war) in der Lage, nach Hause zur\u00fcckzukehren und schlie\u00dflich f\u00fcr das Pr\u00e4sidentenamt zu kandidieren.  Seine Erfahrungen hier machten ihn zu dem Mann und der F\u00fchrungspers\u00f6nlichkeit, die er war, so wie die Erfahrungen so vieler anderer die M\u00e4nner und Frauen formten, die sie werden w\u00fcrden.\u201c<\/p>\n<figure id=\"attachment_4651932\" style=\"width: 525px\" class=\"wp-caption alignnone\"> Dieses am 7. August 2022 aufgenommene Bild zeigt Japans Verteidigungsminister Makoto Oniki (5. L), Japans Stabschef, Joint Staff General Koji Yamazaki (C), der f\u00fcr Fotos mit der US-Botschafterin in Australien, Caroline Kennedy (5. R), posiert Der australische Minister f\u00fcr internationale Entwicklung und den Pazifik und der Minister f\u00fcr Verteidigungsindustrie Pat Conroy (4. R) w\u00e4hrend einer Zeremonie zum 80. Jahrestag der Schlacht von Guadalcanal am Skyline Ridge in Honiara auf den Salomonen.  (Charley Pringi\/AFP \u00fcber Getty Images)<\/figure>\n<p>Der Vater des stellvertretenden US-Au\u00dfenministers Sherman, Mal Sherman, k\u00e4mpfte im Alter von 19 Jahren ebenfalls auf Guadalcanal.<\/p>\n<p>\u201eIch wei\u00df, dass er hier auf Guadalcanal im Einsatz verwundet wurde und dass sich seine Wunden schlie\u00dflich mit Dschungelf\u00e4ule infiziert haben.  Er wurde krank genug, um evakuiert zu werden \u2013 zuerst nach Neuseeland, wo er immer sagte, die Kiwis h\u00e4tten sich au\u00dferordentlich um ihn gek\u00fcmmert, und schlie\u00dflich nach Kalifornien\u201c, sagte sie.<\/p>\n<p>\u201eWie viele Veteranen des Zweiten Weltkriegs sprach er nicht gern viel \u00fcber seinen Dienst.  Er hat sich nicht damit ger\u00fchmt.  Er schwelgte nicht darin.  Trotzdem hat ihn seine Erfahrung hier gepr\u00e4gt.  Und es hat mich im Gegenzug gepr\u00e4gt.\u201c<\/p>\n<p>Am 7. August 1942 begannen die alliierten Streitkr\u00e4fte den sechsmonatigen Feldzug zur R\u00fcckeroberung der Insel Guadalcanal, Tulagi und Gavutu-Tanambogo, nur wenige Monate nach der bedeutenden Schlacht von Midway.  Es war auch ein Testgel\u00e4nde f\u00fcr die amphibische Kriegsf\u00fchrung des US Marine Corps.<\/p>\n<p>In der Schlacht von Guadalcanal kam es zu gro\u00dfen Gefechten in der Luft, zu Wasser und zu Land, was zu 1.600 alliierten Opfern und 24.000 japanischen Todesopfern f\u00fchrte.<\/p>\n<h2>Sherman bekr\u00e4ftigt das Engagement der USA f\u00fcr den Pazifik<\/h2>\n<p>Der stellvertretende Staatssekret\u00e4r Sherman sagte, im Nachhinein sei es leicht zu erkennen, dass die Schlacht ein Wendepunkt im pazifischen Raum war.<\/p>\n<p>\u201eAber f\u00fcr die Marinesoldaten, die den dichten und feuchten Dschungel patrouillieren, die sich sowohl vor feindlichen Scharfsch\u00fctzen als auch vor l\u00e4hmenden Krankheiten in Acht nehmen mussten \u2026 f\u00fcr die Seeleute, die schreckliche Nachtschlachten in den Meeren um diese Inseln f\u00fchrten \u2026 f\u00fcr die Flieger, die in unz\u00e4hlige Luftk\u00e4mpfe verwickelt waren in der Himmel \u00fcber \u2026 die Zukunft war unbekannt und unerkennbar\u201c, sagte sie.<\/p>\n<p>In Anspielung auf Moskau und Peking sagte Sherman, dass einige Weltf\u00fchrer im Laufe der Zeit \u201edie schrecklichen Lektionen vergessen, die sie hier gelernt haben, oder sie sich vielleicht nie zu Herzen genommen haben\u201c.<\/p>\n<p>\u201eF\u00fchrungskr\u00e4fte, die glauben, dass andere geschw\u00e4cht werden m\u00fcssen, wenn sie aufsteigen wollen.  F\u00fchrungskr\u00e4fte, die glauben, dass Zwang, Druck und Gewalt Werkzeuge sind, die ungestraft eingesetzt werden k\u00f6nnen.<\/p>\n<p>\u201eF\u00fchrungskr\u00e4fte, die glauben, dass die Prinzipien und Institutionen, die die Welt nach dem Zweiten Weltkrieg geschaffen hat \u2013 die auf Regeln basierende internationale Ordnung, die seit Generationen Frieden und Wohlstand im Indopazifik und auf der ganzen Welt erm\u00f6glicht \u2013 ignoriert und untergraben werden k\u00f6nnen, werden geschw\u00e4cht und zerst\u00f6rt.\u201c<\/p>\n<p>Sherman wiederholte die Bem\u00fchungen der Biden-Regierung, sich mit dem Pazifik zu besch\u00e4ftigen, einschlie\u00dflich der Entscheidung von Minister Antony Blinken, die Indopazifik-Strategie der USA Anfang dieses Jahres auf Fidschi zu ver\u00f6ffentlichen, und der Rede von Vizepr\u00e4sidentin Kamala Harris vor dem Pacific Island Forum im Juli sowie der Ank\u00fcndigung neuer US-Botschaften in Tonga, Kiribati und auf den Salomonen.<\/p>\n<h2>Solomons Premierminister verteidigt Abwesenheit<\/h2>\n<p>In der Zwischenzeit war der Premierminister der Salomonen, Sogavare, gezwungen, seine Abwesenheit zu verteidigen, indem er behauptete, seine Regierung sei bei allen Veranstaltungen zum Jahrestag \u201egut vertreten\u201c gewesen.<\/p>\n<p>Er sagte, die Behauptungen einer diplomatischen Br\u00fcskierung seien irref\u00fchrend und es fehle an Verst\u00e4ndnis f\u00fcr die \u201erelevanten Protokolle, die w\u00e4hrend der Ereignisse angewendet und ausge\u00fcbt werden\u201c.<\/p>\n<p>\u201eSollte ein Regierungschef an der Veranstaltung teilnehmen, w\u00e4re die Anwesenheit des Premierministers erforderlich.  Es werden Anstrengungen unternommen, um sicherzustellen, dass das Protokoll konsequent auf alle zuk\u00fcnftigen Ereignisse angewendet wird, die die Anwesenheit des Premierministers erfordern\u201c, sagte sein B\u00fcro in einer Erkl\u00e4rung.<\/p>\n<p>In den pazifischen Nationen ist es jedoch \u00fcblich, dass Staatsoberh\u00e4upter an W\u00fcrdentr\u00e4gern teilnehmen und sich mit ihnen unterhalten, die unter ihrem offiziellen Rang stehen \u2013 weil viele pazifische Nationen kleinere B\u00fcrokratien und Regierungen haben.<\/p>\n<p>Sherman, der sich am selben Tag mit Sogavare traf, sagte, er habe \u201eeine wichtige Gelegenheit verpasst\u201c.<\/p>\n<figure id=\"attachment_4651935\" style=\"width: 525px\" class=\"wp-caption alignnone\"><img decoding=\"async\" class=\"lazy size-medium_vertical wp-image-4651935\" src=\"http:\/\/just-now.news\/de\/wp-content\/uploads\/sites\/3\/2022\/08\/1660026854_565_Wuerdentraeger-gedenken-des-80-Jahrestages-der-Pazifikschlacht-von-Guadalcanal.jpg\" alt=\"Epoch Times Foto\" width=\"525\" height=\"350\"> Dieses am 7. August 2022 aufgenommene Bild zeigt die stellvertretende US-Au\u00dfenministerin Wendy Sherman, die nach einer Zeremonie zum 80. Jahrestag der Schlacht von Guadalcanal am Skyline Ridge in Honiara mit dem Premierminister der Salomonen, Manasseh Sogavare (R), f\u00fcr Fotos posiert , Salomon-Inseln.  (Mavis Podokolo\/AFP \u00fcber Getty Images)<\/figure>\n<p>\u201eDies war ein Ort, an dem sich internationale F\u00fchrer versammelten, um zu sagen, dass die Arbeit mit den Salomonen zur Zeit des Zweiten Weltkriegs entscheidend f\u00fcr den Sieg, die Gew\u00e4hrleistung von Freiheit und Demokratie war.  Und deshalb tat mir der Premierminister wirklich leid, weil ich denke, dass er eine wichtige Gelegenheit verpasst hat\u201c, sagte sie der Australian Broadcasting Corporation.<\/p>\n<p>Die Beziehungen zwischen Sogavare und demokratischen F\u00fchrern sind ins Rutschen geraten, nachdem der Premierminister einen umstrittenen Sicherheitspakt mit Peking unterzeichnet hat.<\/p>\n<p>Der Pakt wird der Kommunistischen Partei Chinas die T\u00fcr \u00f6ffnen, um Truppen, Waffen und Marineschiffe in der Region zu stationieren.<\/p>\n<\/div>\n<p><br \/>\n<b> Text ist eine \u00dcbersetzung vom Epoch Times Artikel:<\/p>\n<p><a href=\"https:\/\/www.theepochtimes.com\/mourn-and-grow-together-dignitaries-commemorate-80th-anniversary-of-the-pacific-battle-of-guadalcanal_4651827.html\">Source link <\/a><\/p>\n","protected":false},"excerpt":{"rendered":"<p>Top-Diplomaten haben sich in Honiara, der Hauptstadt der Salomonen, versammelt, um des 80. Jahrestages der blutigen Schlacht von Guadalcanal (7. August 1942 bis 9. Februar 1943) zu gedenken, die als Wendepunkt w\u00e4hrend des Zweiten Weltkriegs f\u00fcr die Alliierten gilt Kr\u00e4fte. Unter den Teilnehmern waren Wendy Sherman, die stellvertretende US-Au\u00dfenministerin, Caroline Kennedy, die US-Botschafterin in Australien, [&hellip;]<\/p>\n","protected":false},"author":6,"featured_media":16514,"comment_status":"open","ping_status":"open","sticky":false,"template":"","format":"standard","meta":{"wp_automatic_camp":["1164"],"60a747aa972c703e2b2d29b0f075c259":["W\u00fcrdentr\u00e4ger gedenken des 80. Jahrestages der Pazifikschlacht von Guadalcanal\n"],"original_link":["https:\/\/www.theepochtimes.com\/mourn-and-grow-together-dignitaries-commemorate-80th-anniversary-of-the-pacific-battle-of-guadalcanal_4651827.html"],"_thumbnail_id":["16514"],"wp_automatic_remove_first_image":["yes"],"jnews_social_counter_last_update":["1788586690"]},"categories":[21],"tags":[82,583,19371,30688,30686,30687,50,30685],"class_list":["post-16513","post","type-post","status-publish","format-standard","has-post-thumbnail","hentry","category-china","tag-der","tag-des","tag-gedenken","tag-guadalcanal","tag-jahrestages","tag-pazifikschlacht","tag-von","tag-wuerdentraeger"],"yoast_head":"<!-- This site is optimized with the Yoast SEO Premium plugin v22.7 (Yoast SEO v28.2) - https:\/\/yoast.com\/product\/yoast-seo-premium-wordpress\/ -->\n<title>W\u00fcrdentr\u00e4ger gedenken des 80. Jahrestages der Pazifikschlacht von Guadalcanal - just-now.NEWS Deutschland<\/title>\n<meta name=\"robots\" content=\"index, follow, max-snippet:-1, max-image-preview:large, max-video-preview:-1\" \/>\n<link rel=\"canonical\" href=\"https:\/\/now-news.de\/de\/china\/wuerdentraeger-gedenken-des-80-jahrestages-der-pazifikschlacht-von-guadalcanal\/\" \/>\n<meta property=\"og:locale\" content=\"de_DE\" \/>\n<meta property=\"og:type\" content=\"article\" \/>\n<meta property=\"og:title\" content=\"W\u00fcrdentr\u00e4ger gedenken des 80. Jahrestages der Pazifikschlacht von Guadalcanal\" \/>\n<meta property=\"og:description\" content=\"Top-Diplomaten haben sich in Honiara, der Hauptstadt der Salomonen, versammelt, um des 80. Jahrestages der blutigen Schlacht von Guadalcanal (7. August 1942 bis 9. Februar 1943) zu gedenken, die als Wendepunkt w\u00e4hrend des Zweiten Weltkriegs f\u00fcr die Alliierten gilt Kr\u00e4fte. Unter den Teilnehmern waren Wendy Sherman, die stellvertretende US-Au\u00dfenministerin, Caroline Kennedy, die US-Botschafterin in Australien, [&hellip;]\" \/>\n<meta property=\"og:url\" content=\"https:\/\/now-news.de\/de\/china\/wuerdentraeger-gedenken-des-80-jahrestages-der-pazifikschlacht-von-guadalcanal\/\" \/>\n<meta property=\"og:site_name\" content=\"just-now.NEWS Deutschland\" \/>\n<meta property=\"article:publisher\" content=\"https:\/\/www.facebook.com\/wirmachenauf\" \/>\n<meta property=\"article:published_time\" content=\"2022-08-09T06:28:45+00:00\" \/>\n<meta property=\"og:image\" content=\"https:\/\/now-news.de\/de\/wp-content\/uploads\/sites\/3\/2022\/08\/1660026857_Wuerdentraeger-gedenken-des-80-Jahrestages-der-Pazifikschlacht-von-Guadalcanal.jpg\" \/>\n\t<meta property=\"og:image:width\" content=\"1024\" \/>\n\t<meta property=\"og:image:height\" content=\"683\" \/>\n\t<meta property=\"og:image:type\" content=\"image\/jpeg\" \/>\n<meta name=\"author\" content=\"epoch\" \/>\n<meta name=\"twitter:card\" content=\"summary_large_image\" \/>\n<meta name=\"twitter:creator\" content=\"@WirMachenAuf_de\" \/>\n<meta name=\"twitter:site\" content=\"@WirMachenAuf_de\" \/>\n<meta name=\"twitter:label1\" content=\"Verfasst von\" \/>\n\t<meta name=\"twitter:data1\" content=\"epoch\" \/>\n\t<meta name=\"twitter:label2\" content=\"Gesch\u00e4tzte Lesezeit\" \/>\n\t<meta name=\"twitter:data2\" content=\"5\u00a0Minuten\" \/>\n<script type=\"application\/ld+json\" class=\"yoast-schema-graph\">{\"@context\":\"https:\\\/\\\/schema.org\",\"@graph\":[{\"@type\":\"Article\",\"@id\":\"https:\\\/\\\/now-news.de\\\/de\\\/china\\\/wuerdentraeger-gedenken-des-80-jahrestages-der-pazifikschlacht-von-guadalcanal\\\/#article\",\"isPartOf\":{\"@id\":\"https:\\\/\\\/now-news.de\\\/de\\\/china\\\/wuerdentraeger-gedenken-des-80-jahrestages-der-pazifikschlacht-von-guadalcanal\\\/\"},\"author\":{\"name\":\"epoch\",\"@id\":\"https:\\\/\\\/now-news.de\\\/de\\\/#\\\/schema\\\/person\\\/c6dfcd35a72a074487761b9d49aef52f\"},\"headline\":\"W\u00fcrdentr\u00e4ger gedenken des 80. Jahrestages der Pazifikschlacht von Guadalcanal\",\"datePublished\":\"2022-08-09T06:28:45+00:00\",\"mainEntityOfPage\":{\"@id\":\"https:\\\/\\\/now-news.de\\\/de\\\/china\\\/wuerdentraeger-gedenken-des-80-jahrestages-der-pazifikschlacht-von-guadalcanal\\\/\"},\"wordCount\":1092,\"commentCount\":0,\"publisher\":{\"@id\":\"https:\\\/\\\/now-news.de\\\/de\\\/#organization\"},\"image\":{\"@id\":\"https:\\\/\\\/now-news.de\\\/de\\\/china\\\/wuerdentraeger-gedenken-des-80-jahrestages-der-pazifikschlacht-von-guadalcanal\\\/#primaryimage\"},\"thumbnailUrl\":\"https:\\\/\\\/now-news.de\\\/de\\\/wp-content\\\/uploads\\\/sites\\\/3\\\/2022\\\/08\\\/1660026857_Wuerdentraeger-gedenken-des-80-Jahrestages-der-Pazifikschlacht-von-Guadalcanal.jpg\",\"keywords\":[\"der\",\"des\",\"Gedenken\",\"Guadalcanal\",\"Jahrestages\",\"Pazifikschlacht\",\"von\",\"W\u00fcrdentr\u00e4ger\"],\"articleSection\":[\"China\"],\"inLanguage\":\"de\",\"potentialAction\":[{\"@type\":\"CommentAction\",\"name\":\"Comment\",\"target\":[\"https:\\\/\\\/now-news.de\\\/de\\\/china\\\/wuerdentraeger-gedenken-des-80-jahrestages-der-pazifikschlacht-von-guadalcanal\\\/#respond\"]}]},{\"@type\":\"WebPage\",\"@id\":\"https:\\\/\\\/now-news.de\\\/de\\\/china\\\/wuerdentraeger-gedenken-des-80-jahrestages-der-pazifikschlacht-von-guadalcanal\\\/\",\"url\":\"https:\\\/\\\/now-news.de\\\/de\\\/china\\\/wuerdentraeger-gedenken-des-80-jahrestages-der-pazifikschlacht-von-guadalcanal\\\/\",\"name\":\"W\u00fcrdentr\u00e4ger gedenken des 80. Jahrestages der Pazifikschlacht von Guadalcanal - just-now.NEWS Deutschland\",\"isPartOf\":{\"@id\":\"https:\\\/\\\/now-news.de\\\/de\\\/#website\"},\"primaryImageOfPage\":{\"@id\":\"https:\\\/\\\/now-news.de\\\/de\\\/china\\\/wuerdentraeger-gedenken-des-80-jahrestages-der-pazifikschlacht-von-guadalcanal\\\/#primaryimage\"},\"image\":{\"@id\":\"https:\\\/\\\/now-news.de\\\/de\\\/china\\\/wuerdentraeger-gedenken-des-80-jahrestages-der-pazifikschlacht-von-guadalcanal\\\/#primaryimage\"},\"thumbnailUrl\":\"https:\\\/\\\/now-news.de\\\/de\\\/wp-content\\\/uploads\\\/sites\\\/3\\\/2022\\\/08\\\/1660026857_Wuerdentraeger-gedenken-des-80-Jahrestages-der-Pazifikschlacht-von-Guadalcanal.jpg\",\"datePublished\":\"2022-08-09T06:28:45+00:00\",\"breadcrumb\":{\"@id\":\"https:\\\/\\\/now-news.de\\\/de\\\/china\\\/wuerdentraeger-gedenken-des-80-jahrestages-der-pazifikschlacht-von-guadalcanal\\\/#breadcrumb\"},\"inLanguage\":\"de\",\"potentialAction\":[{\"@type\":\"ReadAction\",\"target\":[\"https:\\\/\\\/now-news.de\\\/de\\\/china\\\/wuerdentraeger-gedenken-des-80-jahrestages-der-pazifikschlacht-von-guadalcanal\\\/\"]}]},{\"@type\":\"ImageObject\",\"inLanguage\":\"de\",\"@id\":\"https:\\\/\\\/now-news.de\\\/de\\\/china\\\/wuerdentraeger-gedenken-des-80-jahrestages-der-pazifikschlacht-von-guadalcanal\\\/#primaryimage\",\"url\":\"https:\\\/\\\/now-news.de\\\/de\\\/wp-content\\\/uploads\\\/sites\\\/3\\\/2022\\\/08\\\/1660026857_Wuerdentraeger-gedenken-des-80-Jahrestages-der-Pazifikschlacht-von-Guadalcanal.jpg\",\"contentUrl\":\"https:\\\/\\\/now-news.de\\\/de\\\/wp-content\\\/uploads\\\/sites\\\/3\\\/2022\\\/08\\\/1660026857_Wuerdentraeger-gedenken-des-80-Jahrestages-der-Pazifikschlacht-von-Guadalcanal.jpg\",\"width\":1024,\"height\":683},{\"@type\":\"BreadcrumbList\",\"@id\":\"https:\\\/\\\/now-news.de\\\/de\\\/china\\\/wuerdentraeger-gedenken-des-80-jahrestages-der-pazifikschlacht-von-guadalcanal\\\/#breadcrumb\",\"itemListElement\":[{\"@type\":\"ListItem\",\"position\":1,\"name\":\"Home\",\"item\":\"https:\\\/\\\/now-news.de\\\/de\\\/\"},{\"@type\":\"ListItem\",\"position\":2,\"name\":\"W\u00fcrdentr\u00e4ger gedenken des 80. Jahrestages der Pazifikschlacht von Guadalcanal\"}]},{\"@type\":\"WebSite\",\"@id\":\"https:\\\/\\\/now-news.de\\\/de\\\/#website\",\"url\":\"https:\\\/\\\/now-news.de\\\/de\\\/\",\"name\":\"just-now.NEWS Deutschland\",\"description\":\"Das Portal f\u00fcr unzensierte Nachrichten aus der Welt\",\"publisher\":{\"@id\":\"https:\\\/\\\/now-news.de\\\/de\\\/#organization\"},\"potentialAction\":[{\"@type\":\"SearchAction\",\"target\":{\"@type\":\"EntryPoint\",\"urlTemplate\":\"https:\\\/\\\/now-news.de\\\/de\\\/?s={search_term_string}\"},\"query-input\":{\"@type\":\"PropertyValueSpecification\",\"valueRequired\":true,\"valueName\":\"search_term_string\"}}],\"inLanguage\":\"de\"},{\"@type\":\"Organization\",\"@id\":\"https:\\\/\\\/now-news.de\\\/de\\\/#organization\",\"name\":\"Just Now News\",\"url\":\"https:\\\/\\\/now-news.de\\\/de\\\/\",\"logo\":{\"@type\":\"ImageObject\",\"inLanguage\":\"de\",\"@id\":\"https:\\\/\\\/now-news.de\\\/de\\\/#\\\/schema\\\/logo\\\/image\\\/\",\"url\":\"http:\\\/\\\/just-now.news\\\/de\\\/wp-content\\\/uploads\\\/sites\\\/3\\\/2022\\\/04\\\/logo500x500.jpg\",\"contentUrl\":\"http:\\\/\\\/just-now.news\\\/de\\\/wp-content\\\/uploads\\\/sites\\\/3\\\/2022\\\/04\\\/logo500x500.jpg\",\"width\":500,\"height\":500,\"caption\":\"Just Now News\"},\"image\":{\"@id\":\"https:\\\/\\\/now-news.de\\\/de\\\/#\\\/schema\\\/logo\\\/image\\\/\"},\"sameAs\":[\"https:\\\/\\\/www.facebook.com\\\/wirmachenauf\",\"https:\\\/\\\/x.com\\\/WirMachenAuf_de\"]},{\"@type\":\"Person\",\"@id\":\"https:\\\/\\\/now-news.de\\\/de\\\/#\\\/schema\\\/person\\\/c6dfcd35a72a074487761b9d49aef52f\",\"name\":\"epoch\",\"image\":{\"@type\":\"ImageObject\",\"inLanguage\":\"de\",\"@id\":\"https:\\\/\\\/secure.gravatar.com\\\/avatar\\\/3ce30b3158f4769819569da15be18fdd3e8a7584596372f4974d5b8ef0a3b93b?s=96&d=mm&r=g\",\"url\":\"https:\\\/\\\/secure.gravatar.com\\\/avatar\\\/3ce30b3158f4769819569da15be18fdd3e8a7584596372f4974d5b8ef0a3b93b?s=96&d=mm&r=g\",\"contentUrl\":\"https:\\\/\\\/secure.gravatar.com\\\/avatar\\\/3ce30b3158f4769819569da15be18fdd3e8a7584596372f4974d5b8ef0a3b93b?s=96&d=mm&r=g\",\"caption\":\"epoch\"},\"url\":\"https:\\\/\\\/now-news.de\\\/de\\\/author\\\/epoch\\\/\"}]}<\/script>\n<!-- \/ Yoast SEO Premium plugin. -->","yoast_head_json":{"title":"W\u00fcrdentr\u00e4ger gedenken des 80. Jahrestages der Pazifikschlacht von Guadalcanal - just-now.NEWS Deutschland","robots":{"index":"index","follow":"follow","max-snippet":"max-snippet:-1","max-image-preview":"max-image-preview:large","max-video-preview":"max-video-preview:-1"},"canonical":"https:\/\/now-news.de\/de\/china\/wuerdentraeger-gedenken-des-80-jahrestages-der-pazifikschlacht-von-guadalcanal\/","og_locale":"de_DE","og_type":"article","og_title":"W\u00fcrdentr\u00e4ger gedenken des 80. Jahrestages der Pazifikschlacht von Guadalcanal","og_description":"Top-Diplomaten haben sich in Honiara, der Hauptstadt der Salomonen, versammelt, um des 80. Jahrestages der blutigen Schlacht von Guadalcanal (7. August 1942 bis 9. Februar 1943) zu gedenken, die als Wendepunkt w\u00e4hrend des Zweiten Weltkriegs f\u00fcr die Alliierten gilt Kr\u00e4fte. Unter den Teilnehmern waren Wendy Sherman, die stellvertretende US-Au\u00dfenministerin, Caroline Kennedy, die US-Botschafterin in Australien, [&hellip;]","og_url":"https:\/\/now-news.de\/de\/china\/wuerdentraeger-gedenken-des-80-jahrestages-der-pazifikschlacht-von-guadalcanal\/","og_site_name":"just-now.NEWS Deutschland","article_publisher":"https:\/\/www.facebook.com\/wirmachenauf","article_published_time":"2022-08-09T06:28:45+00:00","og_image":[{"width":1024,"height":683,"url":"https:\/\/now-news.de\/de\/wp-content\/uploads\/sites\/3\/2022\/08\/1660026857_Wuerdentraeger-gedenken-des-80-Jahrestages-der-Pazifikschlacht-von-Guadalcanal.jpg","type":"image\/jpeg"}],"author":"epoch","twitter_card":"summary_large_image","twitter_creator":"@WirMachenAuf_de","twitter_site":"@WirMachenAuf_de","twitter_misc":{"Verfasst von":"epoch","Gesch\u00e4tzte Lesezeit":"5\u00a0Minuten"},"schema":{"@context":"https:\/\/schema.org","@graph":[{"@type":"Article","@id":"https:\/\/now-news.de\/de\/china\/wuerdentraeger-gedenken-des-80-jahrestages-der-pazifikschlacht-von-guadalcanal\/#article","isPartOf":{"@id":"https:\/\/now-news.de\/de\/china\/wuerdentraeger-gedenken-des-80-jahrestages-der-pazifikschlacht-von-guadalcanal\/"},"author":{"name":"epoch","@id":"https:\/\/now-news.de\/de\/#\/schema\/person\/c6dfcd35a72a074487761b9d49aef52f"},"headline":"W\u00fcrdentr\u00e4ger gedenken des 80. Jahrestages der Pazifikschlacht von Guadalcanal","datePublished":"2022-08-09T06:28:45+00:00","mainEntityOfPage":{"@id":"https:\/\/now-news.de\/de\/china\/wuerdentraeger-gedenken-des-80-jahrestages-der-pazifikschlacht-von-guadalcanal\/"},"wordCount":1092,"commentCount":0,"publisher":{"@id":"https:\/\/now-news.de\/de\/#organization"},"image":{"@id":"https:\/\/now-news.de\/de\/china\/wuerdentraeger-gedenken-des-80-jahrestages-der-pazifikschlacht-von-guadalcanal\/#primaryimage"},"thumbnailUrl":"https:\/\/now-news.de\/de\/wp-content\/uploads\/sites\/3\/2022\/08\/1660026857_Wuerdentraeger-gedenken-des-80-Jahrestages-der-Pazifikschlacht-von-Guadalcanal.jpg","keywords":["der","des","Gedenken","Guadalcanal","Jahrestages","Pazifikschlacht","von","W\u00fcrdentr\u00e4ger"],"articleSection":["China"],"inLanguage":"de","potentialAction":[{"@type":"CommentAction","name":"Comment","target":["https:\/\/now-news.de\/de\/china\/wuerdentraeger-gedenken-des-80-jahrestages-der-pazifikschlacht-von-guadalcanal\/#respond"]}]},{"@type":"WebPage","@id":"https:\/\/now-news.de\/de\/china\/wuerdentraeger-gedenken-des-80-jahrestages-der-pazifikschlacht-von-guadalcanal\/","url":"https:\/\/now-news.de\/de\/china\/wuerdentraeger-gedenken-des-80-jahrestages-der-pazifikschlacht-von-guadalcanal\/","name":"W\u00fcrdentr\u00e4ger gedenken des 80. Jahrestages der Pazifikschlacht von Guadalcanal - just-now.NEWS Deutschland","isPartOf":{"@id":"https:\/\/now-news.de\/de\/#website"},"primaryImageOfPage":{"@id":"https:\/\/now-news.de\/de\/china\/wuerdentraeger-gedenken-des-80-jahrestages-der-pazifikschlacht-von-guadalcanal\/#primaryimage"},"image":{"@id":"https:\/\/now-news.de\/de\/china\/wuerdentraeger-gedenken-des-80-jahrestages-der-pazifikschlacht-von-guadalcanal\/#primaryimage"},"thumbnailUrl":"https:\/\/now-news.de\/de\/wp-content\/uploads\/sites\/3\/2022\/08\/1660026857_Wuerdentraeger-gedenken-des-80-Jahrestages-der-Pazifikschlacht-von-Guadalcanal.jpg","datePublished":"2022-08-09T06:28:45+00:00","breadcrumb":{"@id":"https:\/\/now-news.de\/de\/china\/wuerdentraeger-gedenken-des-80-jahrestages-der-pazifikschlacht-von-guadalcanal\/#breadcrumb"},"inLanguage":"de","potentialAction":[{"@type":"ReadAction","target":["https:\/\/now-news.de\/de\/china\/wuerdentraeger-gedenken-des-80-jahrestages-der-pazifikschlacht-von-guadalcanal\/"]}]},{"@type":"ImageObject","inLanguage":"de","@id":"https:\/\/now-news.de\/de\/china\/wuerdentraeger-gedenken-des-80-jahrestages-der-pazifikschlacht-von-guadalcanal\/#primaryimage","url":"https:\/\/now-news.de\/de\/wp-content\/uploads\/sites\/3\/2022\/08\/1660026857_Wuerdentraeger-gedenken-des-80-Jahrestages-der-Pazifikschlacht-von-Guadalcanal.jpg","contentUrl":"https:\/\/now-news.de\/de\/wp-content\/uploads\/sites\/3\/2022\/08\/1660026857_Wuerdentraeger-gedenken-des-80-Jahrestages-der-Pazifikschlacht-von-Guadalcanal.jpg","width":1024,"height":683},{"@type":"BreadcrumbList","@id":"https:\/\/now-news.de\/de\/china\/wuerdentraeger-gedenken-des-80-jahrestages-der-pazifikschlacht-von-guadalcanal\/#breadcrumb","itemListElement":[{"@type":"ListItem","position":1,"name":"Home","item":"https:\/\/now-news.de\/de\/"},{"@type":"ListItem","position":2,"name":"W\u00fcrdentr\u00e4ger gedenken des 80. Jahrestages der Pazifikschlacht von Guadalcanal"}]},{"@type":"WebSite","@id":"https:\/\/now-news.de\/de\/#website","url":"https:\/\/now-news.de\/de\/","name":"just-now.NEWS Deutschland","description":"Das Portal f\u00fcr unzensierte Nachrichten aus der Welt","publisher":{"@id":"https:\/\/now-news.de\/de\/#organization"},"potentialAction":[{"@type":"SearchAction","target":{"@type":"EntryPoint","urlTemplate":"https:\/\/now-news.de\/de\/?s={search_term_string}"},"query-input":{"@type":"PropertyValueSpecification","valueRequired":true,"valueName":"search_term_string"}}],"inLanguage":"de"},{"@type":"Organization","@id":"https:\/\/now-news.de\/de\/#organization","name":"Just Now News","url":"https:\/\/now-news.de\/de\/","logo":{"@type":"ImageObject","inLanguage":"de","@id":"https:\/\/now-news.de\/de\/#\/schema\/logo\/image\/","url":"http:\/\/just-now.news\/de\/wp-content\/uploads\/sites\/3\/2022\/04\/logo500x500.jpg","contentUrl":"http:\/\/just-now.news\/de\/wp-content\/uploads\/sites\/3\/2022\/04\/logo500x500.jpg","width":500,"height":500,"caption":"Just Now News"},"image":{"@id":"https:\/\/now-news.de\/de\/#\/schema\/logo\/image\/"},"sameAs":["https:\/\/www.facebook.com\/wirmachenauf","https:\/\/x.com\/WirMachenAuf_de"]},{"@type":"Person","@id":"https:\/\/now-news.de\/de\/#\/schema\/person\/c6dfcd35a72a074487761b9d49aef52f","name":"epoch","image":{"@type":"ImageObject","inLanguage":"de","@id":"https:\/\/secure.gravatar.com\/avatar\/3ce30b3158f4769819569da15be18fdd3e8a7584596372f4974d5b8ef0a3b93b?s=96&d=mm&r=g","url":"https:\/\/secure.gravatar.com\/avatar\/3ce30b3158f4769819569da15be18fdd3e8a7584596372f4974d5b8ef0a3b93b?s=96&d=mm&r=g","contentUrl":"https:\/\/secure.gravatar.com\/avatar\/3ce30b3158f4769819569da15be18fdd3e8a7584596372f4974d5b8ef0a3b93b?s=96&d=mm&r=g","caption":"epoch"},"url":"https:\/\/now-news.de\/de\/author\/epoch\/"}]}},"_links":{"self":[{"href":"https:\/\/now-news.de\/de\/wp-json\/wp\/v2\/posts\/16513","targetHints":{"allow":["GET"]}}],"collection":[{"href":"https:\/\/now-news.de\/de\/wp-json\/wp\/v2\/posts"}],"about":[{"href":"https:\/\/now-news.de\/de\/wp-json\/wp\/v2\/types\/post"}],"author":[{"embeddable":true,"href":"https:\/\/now-news.de\/de\/wp-json\/wp\/v2\/users\/6"}],"replies":[{"embeddable":true,"href":"https:\/\/now-news.de\/de\/wp-json\/wp\/v2\/comments?post=16513"}],"version-history":[{"count":0,"href":"https:\/\/now-news.de\/de\/wp-json\/wp\/v2\/posts\/16513\/revisions"}],"wp:featuredmedia":[{"embeddable":true,"href":"https:\/\/now-news.de\/de\/wp-json\/wp\/v2\/media\/16514"}],"wp:attachment":[{"href":"https:\/\/now-news.de\/de\/wp-json\/wp\/v2\/media?parent=16513"}],"wp:term":[{"taxonomy":"category","embeddable":true,"href":"https:\/\/now-news.de\/de\/wp-json\/wp\/v2\/categories?post=16513"},{"taxonomy":"post_tag","embeddable":true,"href":"https:\/\/now-news.de\/de\/wp-json\/wp\/v2\/tags?post=16513"}],"curies":[{"name":"wp","href":"https:\/\/api.w.org\/{rel}","templated":true}]}}