{"id":16436,"date":"2022-08-08T06:15:00","date_gmt":"2022-08-08T04:15:00","guid":{"rendered":"http:\/\/just-now.news\/de\/deutschland\/nachhaltigkeit-und-artenschutz-ade-oezdemirs-plan-deutsche-landwirte-sollen-mehr-getreide-anbauen\/"},"modified":"2022-08-08T06:15:00","modified_gmt":"2022-08-08T04:15:00","slug":"nachhaltigkeit-und-artenschutz-ade-oezdemirs-plan-deutsche-landwirte-sollen-mehr-getreide-anbauen","status":"publish","type":"post","link":"https:\/\/now-news.de\/de\/deutschland\/nachhaltigkeit-und-artenschutz-ade-oezdemirs-plan-deutsche-landwirte-sollen-mehr-getreide-anbauen\/","title":{"rendered":"Nachhaltigkeit und Artenschutz ade \u2013 \u00d6zdemirs Plan: Deutsche Landwirte sollen mehr Getreide anbauen"},"content":{"rendered":"<p><img decoding=\"async\" src=\"http:\/\/just-now.news\/de\/wp-content\/uploads\/sites\/3\/2022\/08\/62efaaa0b480cc5ff428790d.jpg\" \/><\/p>\n<div class=\"Text-root Text-type_1 \">\n                Geht es nach Agrarminister \u00d6zdemir, sollen deutsche Bauern mehr Fl\u00e4chen zum Getreideanbau nutzen. Gem\u00e4\u00df EU-Vorgaben vorgesehene Artenschutzfl\u00e4chen sollen erst 2024 eingef\u00fchrt werden.  Zustimmung kommt vom Bauernverband. Umweltsch\u00fctzer werfen \u00d6zdemir dagegen vor, dem Druck der Agrarlobby nachgegeben zu haben und den Artenschutz zu torpedieren.\n            <\/div>\n<p><\/p>\n<div class=\"Text-root Text-type_5 ArticleView-text ViewText-root \">\n<p>Landwirte in Deutschland k\u00f6nnen angesichts angespannter internationaler Agrarm\u00e4rkte infolge des Ukraine-Kriegs mehr Fl\u00e4chen zum Getreideanbau nutzen. Dazu sollen die EU-Neuregelungen zur Fl\u00e4chenstilllegung und zum Fruchtwechsel im kommenden Jahr einmalig ausgesetzt werden. Ziel ist es, die Versorgung mit Lebensmitteln zu sichern.<\/p>\n<p>Das sieht ein Kompromissvorschlag von Agrarminister Cem \u00d6zdemir (Gr\u00fcne) vor. Der Minister will Bauern erm\u00f6glichen, Agrarfl\u00e4chen f\u00fcr den Anbau bestimmter Pflanzen zur Nahrungsmittelproduktion l\u00e4nger zu nutzen. So sollen die eigentlich geplanten zus\u00e4tzlichen Artenschutzfl\u00e4chen erst 2024 eingef\u00fchrt werden. Bauern k\u00f6nnten dann im kommenden Jahr auf diesen Fl\u00e4chen weiter Nahrungsmittel anbauen.<\/p>\n<p>Hintergrund sind ab 2023 greifende EU-Vorgaben, wonach ein Teil der Landwirtschaftsfl\u00e4chen dem Artenschutz dienen soll. Zudem soll der Anbau derselben Ackerpflanze zwei Jahre in Folge auf derselben Fl\u00e4che zum Bodenschutz grunds\u00e4tzlich nicht mehr m\u00f6glich sein. Br\u00fcssel gew\u00e4hrt aber Spielr\u00e4ume, die Umsetzung wiederum ist Sache der EU-Staaten. \u00d6zdemir hat nun einen Vorschlag unterbreitet, der ein Aussetzen von Fruchtwechsel und Fl\u00e4chenstilllegung vorsieht. Er braucht den Angaben zufolge nun die Zustimmung der L\u00e4nder.<\/p>\n<p>Die erstmalige verpflichtende Fl\u00e4chenstilllegung soll 2023 einmalig ausgesetzt werden. Stattdessen soll laut Ministerium ein landwirtschaftlicher Anbau weiter\u00a0m\u00f6glich sein, &#8220;allerdings im Sinne der Ziele des Kommissionsvorschlags eingeschr\u00e4nkt auf die Produktion von Nahrungsmitteln, daher auf die Kulturen Getreide (ohne Mais), Sonnenblumen und H\u00fclsenfr\u00fcchte (ohne Soja)&#8221;. Das gelte nur f\u00fcr die Fl\u00e4chen, die nicht bereits 2021 und 2022 als brachliegendes Ackerland ausgewiesen seien:<\/p>\n<blockquote>\n<p><em> &#8220;Die bestehenden Artenvielfaltsfl\u00e4chen werden dadurch weiterhin gesch\u00fctzt und k\u00f6nnen ihre Leistung f\u00fcr Natur- und Artenschutz sowie eine nachhaltige Landwirtschaft erbringen.&#8221;<\/em><\/p>\n<\/blockquote>\n<p>Zudem ist\u00a0die EU \u00d6zdemirs Vorschlag gefolgt und l\u00e4sst eine Ausnahme beim Fruchtfolgenwechsel zu. Die entsprechende Regelung werde 2023 einmalig ausgesetzt. Damit k\u00f6nnten Landwirte in Deutschland auf etwa 380.000 Hektar ausnahmsweise Weizen\u00a0infolge von\u00a0Weizen anbauen. Nach wissenschaftlichen Berechnungen k\u00f6nnten damit bis zu 3,4 Millionen Tonnen Weizen angebaut werden. So gelinge es am besten, &#8220;die Getreideertr\u00e4ge in Deutschland stabil zu halten und damit zur Stabilit\u00e4t der Weltm\u00e4rkte beizutragen&#8221;, hie\u00df es.<\/p>\n<p>\u00d6zdemir betonte mit Blick auf den Artenschutz, f\u00fcr ihne gelte, &#8220;dass jede Ma\u00dfnahme zur L\u00f6sung einer Krise darauf hin \u00fcberpr\u00fcft werden muss, dass sie eine andere nicht versch\u00e4rft&#8221;. Die Landwirtschaft habe ein Angebot gemacht, durch Beibehalten der Produktion die Getreidem\u00e4rkte zu beruhigen.<\/p>\n<p>Der Pr\u00e4sident des Bauernverbands, Joachim Rukwied, nannte die Entscheidung \u00fcberf\u00e4llig, die in letzter Minute komme. Die Bauern h\u00e4tten bereits mit der Anbauplanung f\u00fcr das kommende Jahr begonnen. Eine Aussetzung f\u00fcr ein Jahr sei aber nicht ausreichend. Um weiter eine sichere Lebensmittelversorgung gew\u00e4hrleisten und in Krisenzeiten reagieren zu k\u00f6nnen, m\u00fcssten alle Fl\u00e4chen genutzt werden k\u00f6nnen, auf denen es landwirtschaftlich sinnvoll sei.<\/p>\n<p>\u00d6zdemir habe endlich eingelenkt, sagte Baden-W\u00fcrttembergs Minister f\u00fcr Ern\u00e4hrung, L\u00e4ndlichen Raum und Verbraucherschutz, Peter Hauk (CDU), der auch Sprecher der unionsgef\u00fchrten Agrarressorts der L\u00e4nder ist. Bayerns Agrarministerin Michaela Kaniber (CSU) nannte es &#8220;\u00fcberf\u00e4llig, jetzt die Spielr\u00e4ume, die die EU-Kommission er\u00f6ffnet hat, zu nutzen und so Verantwortung f\u00fcr die Ern\u00e4hrungssicherung zu \u00fcbernehmen&#8221;. Die stellvertretende Vorsitzende der FDP-Bundestagsfraktion, Carina Konrad, forderte, die Regelungen schnell und rechtssicher umzusetzen, da die Aussaat bevorstehe. Aus Sicht von Unions-Fraktionsvize Steffen Bilger (CDU) hat \u00d6zdemir mit seinem &#8220;parteitaktisch motivierten Zaudern&#8221; wertvolle Zeit vertan. Die Regel\u00e4nderungen sehe er nur als ersten Schritt, sagte er.<\/p>\n<p>Greenpeace-Experte Matthias Lambrecht kritisierte, die ohnehin viel zu geringen Fl\u00e4chen zum Schutz der Artenvielfalt w\u00fcrden so wirtschaftlichen Interessen geopfert:<\/p>\n<blockquote>\n<p><em>&#8220;Dabei ist die Ern\u00e4hrungssicherung in Kriegszeiten nur ein Vorwand, um wertvolle Biotope unterzupfl\u00fcgen.&#8221;<\/em><\/p>\n<\/blockquote>\n<p>Dort angebauter Weizen w\u00fcrde erst im n\u00e4chsten Jahr und in nicht ausreichender Menge zur Verf\u00fcgung stehen, um der akuten globalen Hungerkrise wirkungsvoll zu begegnen. Mit einem Ausstieg aus dem Biosprit k\u00f6nnte umgehend ein Vielfaches der Getreidemenge bereitgestellt werden, sagte Lambrecht. Auch die Umwelthilfe fordert, die F\u00f6rderung f\u00fcr Agrosprit sofort zu beenden und Fl\u00e4chen f\u00fcr die Lebensmittelproduktion umzuwidmen. Der Gr\u00fcnen-Politiker Jan-Niclas Gesenhues forderte im <em>Redaktionsnetzwerk Deutschland<\/em> eine Reduzierung von Getreide in der Futterversorgung und ein Ende des Biosprit-Einsatzes.<\/p>\n<p><strong>Mehr zum Thema<\/strong> &#8211; <a rel=\"nofollow noopener\" target=\"_blank\" href=\"https:\/\/test.rtde.tech\/inland\/145460-getreidekrise-ozdemir-will-landwirten-nun\/\">Getreidekrise: \u00d6zdemir will Landwirten nun doch mehr Weizenanbau erm\u00f6glichen<\/a><\/p>\n<div class=\"EmbedBlock-root EmbedBlock-externalVideo EmbedBlock-odysee\">\n<div class=\"VkEmbed\"><iframe class=\"lazyload\" data-src=\"https:\/\/odysee.com\/$\/embed\/wirtschaft-geht-unter-deutsche-lebensmittelbranche-in-gr%C3%B6%C3%9Fter-krise-seit-70-jahren\/4d76defa5f5e57b2f104a202ad058ac5b7e0d257\" frameborder=\"0\" width=\"853\" height=\"480\" allowfullscreen><\/iframe><\/div>\n<\/div>\n<p>(rt\/dpa)<\/p>\n<\/div>\n<p><br \/>\n<br \/><a href=\"https:\/\/de.rt.com\/inland\/145521-nachhaltigkeit-und-artenschutz-ade-oezdemirs-plan\/\">Source link <\/a><\/p>\n","protected":false},"excerpt":{"rendered":"<p>Geht es nach Agrarminister \u00d6zdemir, sollen deutsche Bauern mehr Fl\u00e4chen zum Getreideanbau nutzen. Gem\u00e4\u00df EU-Vorgaben vorgesehene Artenschutzfl\u00e4chen sollen erst 2024 eingef\u00fchrt werden. Zustimmung kommt vom Bauernverband. Umweltsch\u00fctzer werfen \u00d6zdemir dagegen vor, dem Druck der Agrarlobby nachgegeben zu haben und den Artenschutz zu torpedieren. Landwirte in Deutschland k\u00f6nnen angesichts angespannter internationaler Agrarm\u00e4rkte infolge des Ukraine-Kriegs mehr [&hellip;]<\/p>\n","protected":false},"author":3,"featured_media":16437,"comment_status":"open","ping_status":"open","sticky":false,"template":"","format":"standard","meta":{"wp_automatic_camp":["217"],"41afc78a23c3c18b6d1ff854c776bf58":["Nachhaltigkeit und Artenschutz ade \u2013 \u00d6zdemirs Plan: Deutsche Landwirte sollen mehr Getreide anbauen"],"original_link":["https:\/\/de.rt.com\/inland\/145521-nachhaltigkeit-und-artenschutz-ade-oezdemirs-plan\/"],"_thumbnail_id":["16437"],"_wptg_p2tg_sent2tg":["2022-08-08 06:30:21"],"jnews_social_counter_last_update":["1777284448"]},"categories":[19,23],"tags":[28374,30615,30613,2374,21610,16060,2063,10566,30614,2746,1677,140],"yoast_head":"<!-- This site is optimized with the Yoast SEO Premium plugin v22.7 (Yoast SEO v22.7) - https:\/\/yoast.com\/wordpress\/plugins\/seo\/ -->\n<title>Nachhaltigkeit und Artenschutz ade \u2013 \u00d6zdemirs Plan: Deutsche Landwirte sollen mehr Getreide anbauen - just-now.NEWS Deutschland<\/title>\n<meta name=\"robots\" content=\"index, follow, max-snippet:-1, max-image-preview:large, max-video-preview:-1\" \/>\n<link rel=\"canonical\" href=\"https:\/\/now-news.de\/de\/deutschland\/nachhaltigkeit-und-artenschutz-ade-oezdemirs-plan-deutsche-landwirte-sollen-mehr-getreide-anbauen\/\" \/>\n<meta property=\"og:locale\" content=\"de_DE\" \/>\n<meta property=\"og:type\" content=\"article\" \/>\n<meta property=\"og:title\" content=\"Nachhaltigkeit und Artenschutz ade \u2013 \u00d6zdemirs Plan: Deutsche Landwirte sollen mehr Getreide anbauen\" \/>\n<meta property=\"og:description\" content=\"Geht es nach Agrarminister \u00d6zdemir, sollen deutsche Bauern mehr Fl\u00e4chen zum Getreideanbau nutzen. Gem\u00e4\u00df EU-Vorgaben vorgesehene Artenschutzfl\u00e4chen sollen erst 2024 eingef\u00fchrt werden. Zustimmung kommt vom Bauernverband. Umweltsch\u00fctzer werfen \u00d6zdemir dagegen vor, dem Druck der Agrarlobby nachgegeben zu haben und den Artenschutz zu torpedieren. Landwirte in Deutschland k\u00f6nnen angesichts angespannter internationaler Agrarm\u00e4rkte infolge des Ukraine-Kriegs mehr [&hellip;]\" \/>\n<meta property=\"og:url\" content=\"https:\/\/now-news.de\/de\/deutschland\/nachhaltigkeit-und-artenschutz-ade-oezdemirs-plan-deutsche-landwirte-sollen-mehr-getreide-anbauen\/\" \/>\n<meta property=\"og:site_name\" content=\"just-now.NEWS Deutschland\" \/>\n<meta property=\"article:publisher\" content=\"https:\/\/www.facebook.com\/wirmachenauf\" \/>\n<meta property=\"article:published_time\" content=\"2022-08-08T04:15:00+00:00\" \/>\n<meta property=\"og:image\" content=\"https:\/\/now-news.de\/de\/wp-content\/uploads\/sites\/3\/2022\/08\/Nachhaltigkeit-und-Artenschutz-ade-\u2013-Oezdemirs-Plan-Deutsche-Landwirte-sollen.jpg\" \/>\n\t<meta property=\"og:image:width\" content=\"460\" \/>\n\t<meta property=\"og:image:height\" content=\"259\" \/>\n\t<meta property=\"og:image:type\" content=\"image\/jpeg\" \/>\n<meta name=\"author\" content=\"rtnews\" \/>\n<meta name=\"twitter:card\" content=\"summary_large_image\" \/>\n<meta name=\"twitter:creator\" content=\"@WirMachenAuf_de\" \/>\n<meta name=\"twitter:site\" content=\"@WirMachenAuf_de\" \/>\n<meta name=\"twitter:label1\" content=\"Verfasst von\" \/>\n\t<meta name=\"twitter:data1\" content=\"rtnews\" \/>\n\t<meta name=\"twitter:label2\" content=\"Gesch\u00e4tzte Lesezeit\" \/>\n\t<meta name=\"twitter:data2\" content=\"4\u00a0Minuten\" \/>\n<script type=\"application\/ld+json\" class=\"yoast-schema-graph\">{\"@context\":\"https:\/\/schema.org\",\"@graph\":[{\"@type\":\"Article\",\"@id\":\"https:\/\/now-news.de\/de\/deutschland\/nachhaltigkeit-und-artenschutz-ade-oezdemirs-plan-deutsche-landwirte-sollen-mehr-getreide-anbauen\/#article\",\"isPartOf\":{\"@id\":\"https:\/\/now-news.de\/de\/deutschland\/nachhaltigkeit-und-artenschutz-ade-oezdemirs-plan-deutsche-landwirte-sollen-mehr-getreide-anbauen\/\"},\"author\":{\"name\":\"rtnews\",\"@id\":\"https:\/\/now-news.de\/de\/#\/schema\/person\/fb534a4e865501d8b3285208df34a9b5\"},\"headline\":\"Nachhaltigkeit und Artenschutz ade \u2013 \u00d6zdemirs Plan: Deutsche Landwirte sollen mehr Getreide anbauen\",\"datePublished\":\"2022-08-08T04:15:00+00:00\",\"dateModified\":\"2022-08-08T04:15:00+00:00\",\"mainEntityOfPage\":{\"@id\":\"https:\/\/now-news.de\/de\/deutschland\/nachhaltigkeit-und-artenschutz-ade-oezdemirs-plan-deutsche-landwirte-sollen-mehr-getreide-anbauen\/\"},\"wordCount\":767,\"commentCount\":0,\"publisher\":{\"@id\":\"https:\/\/now-news.de\/de\/#organization\"},\"image\":{\"@id\":\"https:\/\/now-news.de\/de\/deutschland\/nachhaltigkeit-und-artenschutz-ade-oezdemirs-plan-deutsche-landwirte-sollen-mehr-getreide-anbauen\/#primaryimage\"},\"thumbnailUrl\":\"https:\/\/now-news.de\/de\/wp-content\/uploads\/sites\/3\/2022\/08\/Nachhaltigkeit-und-Artenschutz-ade-\u2013-Oezdemirs-Plan-Deutsche-Landwirte-sollen.jpg\",\"keywords\":[\"ade\",\"anbauen\",\"Artenschutz\",\"Deutsche\",\"Getreide\",\"Landwirte\",\"mehr\",\"nachhaltigkeit\",\"\u00d6zdemirs\",\"Plan\",\"sollen\",\"und\"],\"articleSection\":[\"Deutschland\",\"Russland\"],\"inLanguage\":\"de\",\"potentialAction\":[{\"@type\":\"CommentAction\",\"name\":\"Comment\",\"target\":[\"https:\/\/now-news.de\/de\/deutschland\/nachhaltigkeit-und-artenschutz-ade-oezdemirs-plan-deutsche-landwirte-sollen-mehr-getreide-anbauen\/#respond\"]}]},{\"@type\":\"WebPage\",\"@id\":\"https:\/\/now-news.de\/de\/deutschland\/nachhaltigkeit-und-artenschutz-ade-oezdemirs-plan-deutsche-landwirte-sollen-mehr-getreide-anbauen\/\",\"url\":\"https:\/\/now-news.de\/de\/deutschland\/nachhaltigkeit-und-artenschutz-ade-oezdemirs-plan-deutsche-landwirte-sollen-mehr-getreide-anbauen\/\",\"name\":\"Nachhaltigkeit und Artenschutz ade \u2013 \u00d6zdemirs Plan: Deutsche Landwirte sollen mehr Getreide anbauen - just-now.NEWS Deutschland\",\"isPartOf\":{\"@id\":\"https:\/\/now-news.de\/de\/#website\"},\"primaryImageOfPage\":{\"@id\":\"https:\/\/now-news.de\/de\/deutschland\/nachhaltigkeit-und-artenschutz-ade-oezdemirs-plan-deutsche-landwirte-sollen-mehr-getreide-anbauen\/#primaryimage\"},\"image\":{\"@id\":\"https:\/\/now-news.de\/de\/deutschland\/nachhaltigkeit-und-artenschutz-ade-oezdemirs-plan-deutsche-landwirte-sollen-mehr-getreide-anbauen\/#primaryimage\"},\"thumbnailUrl\":\"https:\/\/now-news.de\/de\/wp-content\/uploads\/sites\/3\/2022\/08\/Nachhaltigkeit-und-Artenschutz-ade-\u2013-Oezdemirs-Plan-Deutsche-Landwirte-sollen.jpg\",\"datePublished\":\"2022-08-08T04:15:00+00:00\",\"dateModified\":\"2022-08-08T04:15:00+00:00\",\"breadcrumb\":{\"@id\":\"https:\/\/now-news.de\/de\/deutschland\/nachhaltigkeit-und-artenschutz-ade-oezdemirs-plan-deutsche-landwirte-sollen-mehr-getreide-anbauen\/#breadcrumb\"},\"inLanguage\":\"de\",\"potentialAction\":[{\"@type\":\"ReadAction\",\"target\":[\"https:\/\/now-news.de\/de\/deutschland\/nachhaltigkeit-und-artenschutz-ade-oezdemirs-plan-deutsche-landwirte-sollen-mehr-getreide-anbauen\/\"]}]},{\"@type\":\"ImageObject\",\"inLanguage\":\"de\",\"@id\":\"https:\/\/now-news.de\/de\/deutschland\/nachhaltigkeit-und-artenschutz-ade-oezdemirs-plan-deutsche-landwirte-sollen-mehr-getreide-anbauen\/#primaryimage\",\"url\":\"https:\/\/now-news.de\/de\/wp-content\/uploads\/sites\/3\/2022\/08\/Nachhaltigkeit-und-Artenschutz-ade-\u2013-Oezdemirs-Plan-Deutsche-Landwirte-sollen.jpg\",\"contentUrl\":\"https:\/\/now-news.de\/de\/wp-content\/uploads\/sites\/3\/2022\/08\/Nachhaltigkeit-und-Artenschutz-ade-\u2013-Oezdemirs-Plan-Deutsche-Landwirte-sollen.jpg\",\"width\":460,\"height\":259,\"caption\":\"Nachhaltigkeit und Artenschutz ade \u2013 \u00d6zdemirs Plan: Deutsche Landwirte sollen mehr Getreide anbauen\"},{\"@type\":\"BreadcrumbList\",\"@id\":\"https:\/\/now-news.de\/de\/deutschland\/nachhaltigkeit-und-artenschutz-ade-oezdemirs-plan-deutsche-landwirte-sollen-mehr-getreide-anbauen\/#breadcrumb\",\"itemListElement\":[{\"@type\":\"ListItem\",\"position\":1,\"name\":\"Home\",\"item\":\"https:\/\/now-news.de\/de\/\"},{\"@type\":\"ListItem\",\"position\":2,\"name\":\"Nachhaltigkeit und Artenschutz ade \u2013 \u00d6zdemirs Plan: Deutsche Landwirte sollen mehr Getreide anbauen\"}]},{\"@type\":\"WebSite\",\"@id\":\"https:\/\/now-news.de\/de\/#website\",\"url\":\"https:\/\/now-news.de\/de\/\",\"name\":\"just-now.NEWS Deutschland\",\"description\":\"Das Portal f\u00fcr unzensierte Nachrichten aus der Welt\",\"publisher\":{\"@id\":\"https:\/\/now-news.de\/de\/#organization\"},\"potentialAction\":[{\"@type\":\"SearchAction\",\"target\":{\"@type\":\"EntryPoint\",\"urlTemplate\":\"https:\/\/now-news.de\/de\/?s={search_term_string}\"},\"query-input\":\"required name=search_term_string\"}],\"inLanguage\":\"de\"},{\"@type\":\"Organization\",\"@id\":\"https:\/\/now-news.de\/de\/#organization\",\"name\":\"Just Now News\",\"url\":\"https:\/\/now-news.de\/de\/\",\"logo\":{\"@type\":\"ImageObject\",\"inLanguage\":\"de\",\"@id\":\"https:\/\/now-news.de\/de\/#\/schema\/logo\/image\/\",\"url\":\"http:\/\/just-now.news\/de\/wp-content\/uploads\/sites\/3\/2022\/04\/logo500x500.jpg\",\"contentUrl\":\"http:\/\/just-now.news\/de\/wp-content\/uploads\/sites\/3\/2022\/04\/logo500x500.jpg\",\"width\":500,\"height\":500,\"caption\":\"Just Now News\"},\"image\":{\"@id\":\"https:\/\/now-news.de\/de\/#\/schema\/logo\/image\/\"},\"sameAs\":[\"https:\/\/www.facebook.com\/wirmachenauf\",\"https:\/\/x.com\/WirMachenAuf_de\"]},{\"@type\":\"Person\",\"@id\":\"https:\/\/now-news.de\/de\/#\/schema\/person\/fb534a4e865501d8b3285208df34a9b5\",\"name\":\"rtnews\",\"image\":{\"@type\":\"ImageObject\",\"inLanguage\":\"de\",\"@id\":\"https:\/\/now-news.de\/de\/#\/schema\/person\/image\/\",\"url\":\"https:\/\/secure.gravatar.com\/avatar\/82aafea7d8127119dd649515f56e2117?s=96&d=mm&r=g\",\"contentUrl\":\"https:\/\/secure.gravatar.com\/avatar\/82aafea7d8127119dd649515f56e2117?s=96&d=mm&r=g\",\"caption\":\"rtnews\"},\"url\":\"https:\/\/now-news.de\/de\/author\/rnews\/\"}]}<\/script>\n<!-- \/ Yoast SEO Premium plugin. -->","yoast_head_json":{"title":"Nachhaltigkeit und Artenschutz ade \u2013 \u00d6zdemirs Plan: Deutsche Landwirte sollen mehr Getreide anbauen - just-now.NEWS Deutschland","robots":{"index":"index","follow":"follow","max-snippet":"max-snippet:-1","max-image-preview":"max-image-preview:large","max-video-preview":"max-video-preview:-1"},"canonical":"https:\/\/now-news.de\/de\/deutschland\/nachhaltigkeit-und-artenschutz-ade-oezdemirs-plan-deutsche-landwirte-sollen-mehr-getreide-anbauen\/","og_locale":"de_DE","og_type":"article","og_title":"Nachhaltigkeit und Artenschutz ade \u2013 \u00d6zdemirs Plan: Deutsche Landwirte sollen mehr Getreide anbauen","og_description":"Geht es nach Agrarminister \u00d6zdemir, sollen deutsche Bauern mehr Fl\u00e4chen zum Getreideanbau nutzen. Gem\u00e4\u00df EU-Vorgaben vorgesehene Artenschutzfl\u00e4chen sollen erst 2024 eingef\u00fchrt werden. Zustimmung kommt vom Bauernverband. Umweltsch\u00fctzer werfen \u00d6zdemir dagegen vor, dem Druck der Agrarlobby nachgegeben zu haben und den Artenschutz zu torpedieren. Landwirte in Deutschland k\u00f6nnen angesichts angespannter internationaler Agrarm\u00e4rkte infolge des Ukraine-Kriegs mehr [&hellip;]","og_url":"https:\/\/now-news.de\/de\/deutschland\/nachhaltigkeit-und-artenschutz-ade-oezdemirs-plan-deutsche-landwirte-sollen-mehr-getreide-anbauen\/","og_site_name":"just-now.NEWS Deutschland","article_publisher":"https:\/\/www.facebook.com\/wirmachenauf","article_published_time":"2022-08-08T04:15:00+00:00","og_image":[{"width":460,"height":259,"url":"https:\/\/now-news.de\/de\/wp-content\/uploads\/sites\/3\/2022\/08\/Nachhaltigkeit-und-Artenschutz-ade-\u2013-Oezdemirs-Plan-Deutsche-Landwirte-sollen.jpg","type":"image\/jpeg"}],"author":"rtnews","twitter_card":"summary_large_image","twitter_creator":"@WirMachenAuf_de","twitter_site":"@WirMachenAuf_de","twitter_misc":{"Verfasst von":"rtnews","Gesch\u00e4tzte Lesezeit":"4\u00a0Minuten"},"schema":{"@context":"https:\/\/schema.org","@graph":[{"@type":"Article","@id":"https:\/\/now-news.de\/de\/deutschland\/nachhaltigkeit-und-artenschutz-ade-oezdemirs-plan-deutsche-landwirte-sollen-mehr-getreide-anbauen\/#article","isPartOf":{"@id":"https:\/\/now-news.de\/de\/deutschland\/nachhaltigkeit-und-artenschutz-ade-oezdemirs-plan-deutsche-landwirte-sollen-mehr-getreide-anbauen\/"},"author":{"name":"rtnews","@id":"https:\/\/now-news.de\/de\/#\/schema\/person\/fb534a4e865501d8b3285208df34a9b5"},"headline":"Nachhaltigkeit und Artenschutz ade \u2013 \u00d6zdemirs Plan: Deutsche Landwirte sollen mehr Getreide anbauen","datePublished":"2022-08-08T04:15:00+00:00","dateModified":"2022-08-08T04:15:00+00:00","mainEntityOfPage":{"@id":"https:\/\/now-news.de\/de\/deutschland\/nachhaltigkeit-und-artenschutz-ade-oezdemirs-plan-deutsche-landwirte-sollen-mehr-getreide-anbauen\/"},"wordCount":767,"commentCount":0,"publisher":{"@id":"https:\/\/now-news.de\/de\/#organization"},"image":{"@id":"https:\/\/now-news.de\/de\/deutschland\/nachhaltigkeit-und-artenschutz-ade-oezdemirs-plan-deutsche-landwirte-sollen-mehr-getreide-anbauen\/#primaryimage"},"thumbnailUrl":"https:\/\/now-news.de\/de\/wp-content\/uploads\/sites\/3\/2022\/08\/Nachhaltigkeit-und-Artenschutz-ade-\u2013-Oezdemirs-Plan-Deutsche-Landwirte-sollen.jpg","keywords":["ade","anbauen","Artenschutz","Deutsche","Getreide","Landwirte","mehr","nachhaltigkeit","\u00d6zdemirs","Plan","sollen","und"],"articleSection":["Deutschland","Russland"],"inLanguage":"de","potentialAction":[{"@type":"CommentAction","name":"Comment","target":["https:\/\/now-news.de\/de\/deutschland\/nachhaltigkeit-und-artenschutz-ade-oezdemirs-plan-deutsche-landwirte-sollen-mehr-getreide-anbauen\/#respond"]}]},{"@type":"WebPage","@id":"https:\/\/now-news.de\/de\/deutschland\/nachhaltigkeit-und-artenschutz-ade-oezdemirs-plan-deutsche-landwirte-sollen-mehr-getreide-anbauen\/","url":"https:\/\/now-news.de\/de\/deutschland\/nachhaltigkeit-und-artenschutz-ade-oezdemirs-plan-deutsche-landwirte-sollen-mehr-getreide-anbauen\/","name":"Nachhaltigkeit und Artenschutz ade \u2013 \u00d6zdemirs Plan: Deutsche Landwirte sollen mehr Getreide anbauen - just-now.NEWS Deutschland","isPartOf":{"@id":"https:\/\/now-news.de\/de\/#website"},"primaryImageOfPage":{"@id":"https:\/\/now-news.de\/de\/deutschland\/nachhaltigkeit-und-artenschutz-ade-oezdemirs-plan-deutsche-landwirte-sollen-mehr-getreide-anbauen\/#primaryimage"},"image":{"@id":"https:\/\/now-news.de\/de\/deutschland\/nachhaltigkeit-und-artenschutz-ade-oezdemirs-plan-deutsche-landwirte-sollen-mehr-getreide-anbauen\/#primaryimage"},"thumbnailUrl":"https:\/\/now-news.de\/de\/wp-content\/uploads\/sites\/3\/2022\/08\/Nachhaltigkeit-und-Artenschutz-ade-\u2013-Oezdemirs-Plan-Deutsche-Landwirte-sollen.jpg","datePublished":"2022-08-08T04:15:00+00:00","dateModified":"2022-08-08T04:15:00+00:00","breadcrumb":{"@id":"https:\/\/now-news.de\/de\/deutschland\/nachhaltigkeit-und-artenschutz-ade-oezdemirs-plan-deutsche-landwirte-sollen-mehr-getreide-anbauen\/#breadcrumb"},"inLanguage":"de","potentialAction":[{"@type":"ReadAction","target":["https:\/\/now-news.de\/de\/deutschland\/nachhaltigkeit-und-artenschutz-ade-oezdemirs-plan-deutsche-landwirte-sollen-mehr-getreide-anbauen\/"]}]},{"@type":"ImageObject","inLanguage":"de","@id":"https:\/\/now-news.de\/de\/deutschland\/nachhaltigkeit-und-artenschutz-ade-oezdemirs-plan-deutsche-landwirte-sollen-mehr-getreide-anbauen\/#primaryimage","url":"https:\/\/now-news.de\/de\/wp-content\/uploads\/sites\/3\/2022\/08\/Nachhaltigkeit-und-Artenschutz-ade-\u2013-Oezdemirs-Plan-Deutsche-Landwirte-sollen.jpg","contentUrl":"https:\/\/now-news.de\/de\/wp-content\/uploads\/sites\/3\/2022\/08\/Nachhaltigkeit-und-Artenschutz-ade-\u2013-Oezdemirs-Plan-Deutsche-Landwirte-sollen.jpg","width":460,"height":259,"caption":"Nachhaltigkeit und Artenschutz ade \u2013 \u00d6zdemirs Plan: Deutsche Landwirte sollen mehr Getreide anbauen"},{"@type":"BreadcrumbList","@id":"https:\/\/now-news.de\/de\/deutschland\/nachhaltigkeit-und-artenschutz-ade-oezdemirs-plan-deutsche-landwirte-sollen-mehr-getreide-anbauen\/#breadcrumb","itemListElement":[{"@type":"ListItem","position":1,"name":"Home","item":"https:\/\/now-news.de\/de\/"},{"@type":"ListItem","position":2,"name":"Nachhaltigkeit und Artenschutz ade \u2013 \u00d6zdemirs Plan: Deutsche Landwirte sollen mehr Getreide anbauen"}]},{"@type":"WebSite","@id":"https:\/\/now-news.de\/de\/#website","url":"https:\/\/now-news.de\/de\/","name":"just-now.NEWS Deutschland","description":"Das Portal f\u00fcr unzensierte Nachrichten aus der Welt","publisher":{"@id":"https:\/\/now-news.de\/de\/#organization"},"potentialAction":[{"@type":"SearchAction","target":{"@type":"EntryPoint","urlTemplate":"https:\/\/now-news.de\/de\/?s={search_term_string}"},"query-input":"required name=search_term_string"}],"inLanguage":"de"},{"@type":"Organization","@id":"https:\/\/now-news.de\/de\/#organization","name":"Just Now News","url":"https:\/\/now-news.de\/de\/","logo":{"@type":"ImageObject","inLanguage":"de","@id":"https:\/\/now-news.de\/de\/#\/schema\/logo\/image\/","url":"http:\/\/just-now.news\/de\/wp-content\/uploads\/sites\/3\/2022\/04\/logo500x500.jpg","contentUrl":"http:\/\/just-now.news\/de\/wp-content\/uploads\/sites\/3\/2022\/04\/logo500x500.jpg","width":500,"height":500,"caption":"Just Now News"},"image":{"@id":"https:\/\/now-news.de\/de\/#\/schema\/logo\/image\/"},"sameAs":["https:\/\/www.facebook.com\/wirmachenauf","https:\/\/x.com\/WirMachenAuf_de"]},{"@type":"Person","@id":"https:\/\/now-news.de\/de\/#\/schema\/person\/fb534a4e865501d8b3285208df34a9b5","name":"rtnews","image":{"@type":"ImageObject","inLanguage":"de","@id":"https:\/\/now-news.de\/de\/#\/schema\/person\/image\/","url":"https:\/\/secure.gravatar.com\/avatar\/82aafea7d8127119dd649515f56e2117?s=96&d=mm&r=g","contentUrl":"https:\/\/secure.gravatar.com\/avatar\/82aafea7d8127119dd649515f56e2117?s=96&d=mm&r=g","caption":"rtnews"},"url":"https:\/\/now-news.de\/de\/author\/rnews\/"}]}},"_links":{"self":[{"href":"https:\/\/now-news.de\/de\/wp-json\/wp\/v2\/posts\/16436"}],"collection":[{"href":"https:\/\/now-news.de\/de\/wp-json\/wp\/v2\/posts"}],"about":[{"href":"https:\/\/now-news.de\/de\/wp-json\/wp\/v2\/types\/post"}],"author":[{"embeddable":true,"href":"https:\/\/now-news.de\/de\/wp-json\/wp\/v2\/users\/3"}],"replies":[{"embeddable":true,"href":"https:\/\/now-news.de\/de\/wp-json\/wp\/v2\/comments?post=16436"}],"version-history":[{"count":0,"href":"https:\/\/now-news.de\/de\/wp-json\/wp\/v2\/posts\/16436\/revisions"}],"wp:featuredmedia":[{"embeddable":true,"href":"https:\/\/now-news.de\/de\/wp-json\/wp\/v2\/media\/16437"}],"wp:attachment":[{"href":"https:\/\/now-news.de\/de\/wp-json\/wp\/v2\/media?parent=16436"}],"wp:term":[{"taxonomy":"category","embeddable":true,"href":"https:\/\/now-news.de\/de\/wp-json\/wp\/v2\/categories?post=16436"},{"taxonomy":"post_tag","embeddable":true,"href":"https:\/\/now-news.de\/de\/wp-json\/wp\/v2\/tags?post=16436"}],"curies":[{"name":"wp","href":"https:\/\/api.w.org\/{rel}","templated":true}]}}