{"id":16345,"date":"2022-08-07T01:45:00","date_gmt":"2022-08-06T23:45:00","guid":{"rendered":"http:\/\/just-now.news\/de\/usa\/desantis-setzt-sich-gegen-den-zweijaehrigen-kampf-der-dems-um-die-ernennung-zum-obersten-gerichtshof-durch-und-sagt-sie-sei-der-amerikanische-traum\/"},"modified":"2022-08-07T01:45:00","modified_gmt":"2022-08-06T23:45:00","slug":"desantis-setzt-sich-gegen-den-zweijaehrigen-kampf-der-dems-um-die-ernennung-zum-obersten-gerichtshof-durch-und-sagt-sie-sei-der-amerikanische-traum","status":"publish","type":"post","link":"https:\/\/now-news.de\/de\/usa\/desantis-setzt-sich-gegen-den-zweijaehrigen-kampf-der-dems-um-die-ernennung-zum-obersten-gerichtshof-durch-und-sagt-sie-sei-der-amerikanische-traum\/","title":{"rendered":"DeSantis setzt sich gegen den zweij\u00e4hrigen Kampf der Dems um die Ernennung zum Obersten Gerichtshof durch und sagt, sie sei der \u201eamerikanische Traum\u201c."},"content":{"rendered":"<p><\/p>\n<div class=\"entry-content\">\n<p>Ein Einwanderer, der durch eine von den Demokraten initiierte Klage daran gehindert wurde, zu Floridas h\u00f6chstem Gericht aufzusteigen, wurde am Freitag vom republikanischen Gouverneur Ron DeSantis zum Obersten Gerichtshof von Florida ernannt.<\/p>\n<p>Die Bezirksrichterin von Palm Beach County, Renatha Francis, wurde in Jamaika geboren und 2004 legal eingewandert. Sie schloss 2010 die Florida Coastal Law School ab.<\/p>\n<p>\u201eIch f\u00fchle mich unglaublich geehrt und dem\u00fctig durch diese Ernennung, meinen Dienst f\u00fcr die Menschen in unserem gro\u00dfartigen Bundesstaat Florida fortzusetzen\u201c, sagte Francis laut Fox News.  \u201eIch wei\u00df, dass ich das schon bei fr\u00fcheren Gelegenheiten gesagt habe, aber ich muss es noch einmal sagen \u2013 ich stehe vor Ihnen als Inbegriff des amerikanischen Traums.\u201c<\/p>\n<div id=\"IC1-ad\" class=\"sponsor IC1\">\n<p class=\"ad-notice flipboard-remove\" fl:fl-noexcerpt=\"true\">Werbung \u2013 die Geschichte geht unten weiter<\/p>\n<div id=\"IC1\">\n<script>\n\t\t\t\t\tif( FFADS.units.IC1 && FFADS.units.IC1.ad_type == 'custom' && FFADS.units.IC1.custom_ads && ! getCookie( 'ff_subbed' ) ) {\n\t\t\t\t\t\tdocument.getElementById( 'IC1' ).innerHTML = FFADS.units.IC1.custom_ads[0].code;\n\t\t\t\t\t\tif( ! FFADS.units.IC1.lazy_load ) eval( FFADS.units.IC1.custom_ads[0].rendering_script );\n\t\t\t\t\t}\n\t\t\t\t\telse if( FFADS.units.IC1 && ! getCookie( 'ff_subbed' ) ) {\n\t\t\t\t\t\tif( 'IC' != 'SB' && 'IC' != 'SA' && FFADS.use_fixed_containers ) {\n\t\t\t\t\t\t\tlet max_wh = firefly_size_list_to_max_wh( FFADS.units.IC1.sizes );\n\t\t\t\t\t\t\tlet el = document.querySelector( '#IC1' );\n\t\t\t\t\t\t\tif( 'IC' != 'SA' && FFADS.slide_pixels ) {\n\t\t\t\t\t\t\t\tmax_wh[1] += parseInt( FFADS.slide_pixels );\n\t\t\t\t\t\t\t\tel.classList.add( 'sliding' );\n\t\t\t\t\t\t\t}\n\t\t\t\t\t\t\tel.style.width = max_wh[0] + 'px';\n\t\t\t\t\t\t\tel.style.height = max_wh[1] + 'px';\n\t\t\t\t\t\t\tel.classList.add( 'fixed-size' );\n\t\t\t\t\t\t}\n\t\t\t\t\t\tgoogletag.cmd.push( function() {\n\t\t\t\t\t\t\tFFADS.debug( 'googletag.displaying IC1' );\n\t\t\t\t\t\t\tgoogletag.display( 'IC1' );\n\t\t\t\t\t\t} );\n\t\t\t\t\t}\n\t\t\t\t\telse {\n\t\t\t\t\t\tdocument.querySelector( '#IC1-ad' ).style.display = 'none';}\n\t\t\t\t<\/script><\/div>\n<\/div>\n<blockquote class=\"twitter-tweet\">\n<p dir=\"ltr\" lang=\"en\">UHR \u2013 \u201eIch stehe vor Ihnen als Inbegriff des amerikanischen Traums \u2026 Ich bin von einer Mutter aufgewachsen, die nie die High School abgeschlossen hat \u2026 Sie hat das alles mit Mut, Entschlossenheit, Glauben und harter Arbeit wieder gut gemacht.  Diese Werte spiegeln sich in mir als Kleinunternehmer wider.\u201chttps:\/\/t.co\/F1JZATIeNO<\/p>\n<p>\u2013 Der Erste (@TheFirstonTV) <a rel=\"nofollow noopener\" target=\"_blank\" href=\"https:\/\/twitter.com\/TheFirstonTV\/status\/1555575466571997185?\">5. August 2022<\/a><\/p>\n<\/blockquote>\n<p><script async src=\"https:\/\/platform.twitter.com\/widgets.js\" charset=\"utf-8\"><\/script><\/p>\n<p><script>\n\t\t\t\t\tif( ! getCookie( 'ff_subbed' ) ) if( typeof FFADS.replace_ict != 'undefined' ) if( FFADS.replace_ict ) eval( FFADS.replace_ict );\n\t\t\t\t<\/script><\/p>\n<p>\u201eIch f\u00fchle mich geehrt, Teil dieses gro\u00dfartigen amerikanischen Experiments zu sein und auf h\u00f6chster Ebene unserer staatlichen Justiz zu dienen.  Der Oberste Gerichtshof von Florida sch\u00fctzt die Freiheit der Menschen, und die Art und Weise, wie wir dies als Justiz tun, besteht darin, die begrenzte Rolle zu respektieren und zu beachten, die unsere Richter in unserem verfassungsm\u00e4\u00dfigen Regierungssystem spielen\u201c, sagte Francis.<\/p>\n<p>Ihr Traum war 2020 verschoben worden, als DeSantis sie zum ersten Mal ernannte, aber die Ernennung wurde blockiert, weil sie zum Zeitpunkt der Ernennung seit 10 Jahren kein Mitglied der Anwaltschaft war.<\/p>\n<div id=\"IC2-ad\" class=\"sponsor IC2\">\n<p class=\"ad-notice flipboard-remove\" fl:fl-noexcerpt=\"true\">Werbung \u2013 die Geschichte geht unten weiter<\/p>\n<div id=\"IC2\">\n<script>\n\t\t\t\t\tif( FFADS.units.IC2 && FFADS.units.IC2.ad_type == 'custom' && FFADS.units.IC2.custom_ads && ! getCookie( 'ff_subbed' ) ) {\n\t\t\t\t\t\tdocument.getElementById( 'IC2' ).innerHTML = FFADS.units.IC2.custom_ads[0].code;\n\t\t\t\t\t\tif( ! FFADS.units.IC2.lazy_load ) eval( FFADS.units.IC2.custom_ads[0].rendering_script );\n\t\t\t\t\t}\n\t\t\t\t\telse if( FFADS.units.IC2 && ! getCookie( 'ff_subbed' ) ) {\n\t\t\t\t\t\tif( 'IC' != 'SB' && 'IC' != 'SA' && FFADS.use_fixed_containers ) {\n\t\t\t\t\t\t\tlet max_wh = firefly_size_list_to_max_wh( FFADS.units.IC2.sizes );\n\t\t\t\t\t\t\tlet el = document.querySelector( '#IC2' );\n\t\t\t\t\t\t\tif( 'IC' != 'SA' && FFADS.slide_pixels ) {\n\t\t\t\t\t\t\t\tmax_wh[1] += parseInt( FFADS.slide_pixels );\n\t\t\t\t\t\t\t\tel.classList.add( 'sliding' );\n\t\t\t\t\t\t\t}\n\t\t\t\t\t\t\tel.style.width = max_wh[0] + 'px';\n\t\t\t\t\t\t\tel.style.height = max_wh[1] + 'px';\n\t\t\t\t\t\t\tel.classList.add( 'fixed-size' );\n\t\t\t\t\t\t}\n\t\t\t\t\t\tgoogletag.cmd.push( function() {\n\t\t\t\t\t\t\tFFADS.debug( 'googletag.displaying IC2' );\n\t\t\t\t\t\t\tgoogletag.display( 'IC2' );\n\t\t\t\t\t\t} );\n\t\t\t\t\t}\n\t\t\t\t\telse {\n\t\t\t\t\t\tdocument.querySelector( '#IC2-ad' ).style.display = 'none';}\n\t\t\t\t<\/script><\/div>\n<\/div>\n<blockquote class=\"twitter-tweet\">\n<p dir=\"ltr\" lang=\"en\">Gouverneur DeSantis ernennt Renatha Francis zum Obersten Gerichtshof von Florida https:\/\/t.co\/087XutcTKo<\/p>\n<p>\u2013 Ron DeSantis (@GovRonDeSantis) <a rel=\"nofollow noopener\" target=\"_blank\" href=\"https:\/\/twitter.com\/GovRonDeSantis\/status\/1555571223525937152?\">5. August 2022<\/a><\/p>\n<\/blockquote>\n<p><script async src=\"https:\/\/platform.twitter.com\/widgets.js\" charset=\"utf-8\"><\/script><\/p>\n<p>Wie von der Federalist Society, der Francis angeh\u00f6rt, festgestellt wurde, trat Francis am 24. September 2010 der Anwaltschaft bei.<\/p>\n<p>DeSantis gab seine Nominierung am 26. Mai 2020 bekannt, nur vier Monate vor der gesetzlichen Mindestanforderung.<\/p>\n<p>\u201eWir lie\u00dfen jemanden eine Klage einreichen, um zu versuchen, sie vom Gericht fernzuhalten, weil sie sagten, sie k\u00f6nne nicht ernannt werden, bis sie die 10-Jahres-Marke erreicht\u201c, sagte DeSantis laut Politico.  \u201eEs war entt\u00e4uschend \u2026 es war alles Politik, es war nichts Prinzipielles.\u201c<\/p>\n<div id=\"IC3-ad\" class=\"sponsor IC3\">\n<p class=\"ad-notice flipboard-remove\" fl:fl-noexcerpt=\"true\">Werbung \u2013 die Geschichte geht unten weiter<\/p>\n<div id=\"IC3\">\n<script>\n\t\t\t\t\tif( FFADS.units.IC3 && FFADS.units.IC3.ad_type == 'custom' && FFADS.units.IC3.custom_ads && ! getCookie( 'ff_subbed' ) ) {\n\t\t\t\t\t\tdocument.getElementById( 'IC3' ).innerHTML = FFADS.units.IC3.custom_ads[0].code;\n\t\t\t\t\t\tif( ! FFADS.units.IC3.lazy_load ) eval( FFADS.units.IC3.custom_ads[0].rendering_script );\n\t\t\t\t\t}\n\t\t\t\t\telse if( FFADS.units.IC3 && ! getCookie( 'ff_subbed' ) ) {\n\t\t\t\t\t\tif( 'IC' != 'SB' && 'IC' != 'SA' && FFADS.use_fixed_containers ) {\n\t\t\t\t\t\t\tlet max_wh = firefly_size_list_to_max_wh( FFADS.units.IC3.sizes );\n\t\t\t\t\t\t\tlet el = document.querySelector( '#IC3' );\n\t\t\t\t\t\t\tif( 'IC' != 'SA' && FFADS.slide_pixels ) {\n\t\t\t\t\t\t\t\tmax_wh[1] += parseInt( FFADS.slide_pixels );\n\t\t\t\t\t\t\t\tel.classList.add( 'sliding' );\n\t\t\t\t\t\t\t}\n\t\t\t\t\t\t\tel.style.width = max_wh[0] + 'px';\n\t\t\t\t\t\t\tel.style.height = max_wh[1] + 'px';\n\t\t\t\t\t\t\tel.classList.add( 'fixed-size' );\n\t\t\t\t\t\t}\n\t\t\t\t\t\tgoogletag.cmd.push( function() {\n\t\t\t\t\t\t\tFFADS.debug( 'googletag.displaying IC3' );\n\t\t\t\t\t\t\tgoogletag.display( 'IC3' );\n\t\t\t\t\t\t} );\n\t\t\t\t\t}\n\t\t\t\t\telse {\n\t\t\t\t\t\tdocument.querySelector( '#IC3-ad' ).style.display = 'none';}\n\t\t\t\t<\/script><\/div>\n<\/div>\n<p>Die Abgeordnete des demokratischen Bundesstaates Geraldine Thompson reichte die Klage im Jahr 2020 ein und sagte, sie glaube immer noch, dass Francis nicht qualifiziert sei.<\/p>\n<p>\u201eFloridianer haben kein Vertrauen in die Gerichte, weil sie sehen, dass Menschen auf der Grundlage einer politischen Agenda ernannt werden und nicht auf der Grundlage von Gesetzeskenntnissen und Eignung\u201c, sagte sie.  \u201eEs ist beunruhigend.\u201c<\/p>\n<p>DeSantis sah das anders.<\/p>\n<p>\u201eRichterin Renatha Francis hat eine unglaubliche Lebensgeschichte, die den amerikanischen Traum verk\u00f6rpert und beweist, dass diejenigen, die in unser Land kommen, die M\u00f6glichkeit haben, ihre Tr\u00e4ume zu verwirklichen und durch harte Arbeit und die Anwendung ihrer gottgegebenen Talente die h\u00f6chsten H\u00f6hen zu erreichen welchen Bereich sie w\u00e4hlen\u201c, sagte er.<\/p>\n<div id=\"IC4-ad\" class=\"sponsor IC4\">\n<p class=\"ad-notice flipboard-remove\" fl:fl-noexcerpt=\"true\">Werbung \u2013 die Geschichte geht unten weiter<\/p>\n<div id=\"IC4\">\n<script>\n\t\t\t\t\tif( FFADS.units.IC4 && FFADS.units.IC4.ad_type == 'custom' && FFADS.units.IC4.custom_ads && ! getCookie( 'ff_subbed' ) ) {\n\t\t\t\t\t\tdocument.getElementById( 'IC4' ).innerHTML = FFADS.units.IC4.custom_ads[0].code;\n\t\t\t\t\t\tif( ! FFADS.units.IC4.lazy_load ) eval( FFADS.units.IC4.custom_ads[0].rendering_script );\n\t\t\t\t\t}\n\t\t\t\t\telse if( FFADS.units.IC4 && ! getCookie( 'ff_subbed' ) ) {\n\t\t\t\t\t\tif( 'IC' != 'SB' && 'IC' != 'SA' && FFADS.use_fixed_containers ) {\n\t\t\t\t\t\t\tlet max_wh = firefly_size_list_to_max_wh( FFADS.units.IC4.sizes );\n\t\t\t\t\t\t\tlet el = document.querySelector( '#IC4' );\n\t\t\t\t\t\t\tif( 'IC' != 'SA' && FFADS.slide_pixels ) {\n\t\t\t\t\t\t\t\tmax_wh[1] += parseInt( FFADS.slide_pixels );\n\t\t\t\t\t\t\t\tel.classList.add( 'sliding' );\n\t\t\t\t\t\t\t}\n\t\t\t\t\t\t\tel.style.width = max_wh[0] + 'px';\n\t\t\t\t\t\t\tel.style.height = max_wh[1] + 'px';\n\t\t\t\t\t\t\tel.classList.add( 'fixed-size' );\n\t\t\t\t\t\t}\n\t\t\t\t\t\tgoogletag.cmd.push( function() {\n\t\t\t\t\t\t\tFFADS.debug( 'googletag.displaying IC4' );\n\t\t\t\t\t\t\tgoogletag.display( 'IC4' );\n\t\t\t\t\t\t} );\n\t\t\t\t\t}\n\t\t\t\t\telse {\n\t\t\t\t\t\tdocument.querySelector( '#IC4-ad' ).style.display = 'none';}\n\t\t\t\t<\/script><\/div>\n<\/div>\n<p>Francis sagte, sie glaube an die Anwendung des Gesetzes \u201ewie geschrieben\u201c und dass diese Philosophie \u201ewesentlich f\u00fcr die Wahrung der Freiheit\u201c sei.<\/p>\n<blockquote class=\"twitter-tweet\">\n<p dir=\"ltr\" lang=\"en\">Herzlichen Gl\u00fcckwunsch an Floridas neuen Richter am Obersten Gerichtshof.  Gouverneur DeSantis hat Richterin Renatha Francis ernannt, und sie wird ab Anfang September am h\u00f6chsten Gericht des Staates sitzen.  https:\/\/t.co\/t8w9Su0w8Z<\/p>\n<p>\u2013 Christina Pushaw ???? ???????? (@ChristinaPushaw) <a rel=\"nofollow noopener\" target=\"_blank\" href=\"https:\/\/twitter.com\/ChristinaPushaw\/status\/1555578576665300993?\">5. August 2022<\/a><\/p>\n<\/blockquote>\n<p><script async src=\"https:\/\/platform.twitter.com\/widgets.js\" charset=\"utf-8\"><\/script><\/p>\n<p>\u201eIch nehme vielleicht zwei Jahre sp\u00e4ter als erwartet meinen Platz auf der Bank ein, aber als Geschichtsstudent bin ich immer noch voller Ehrfurcht vor der Achtung dieses Landes f\u00fcr die Rechtsstaatlichkeit und die im Text der Verfassung der Vereinigten Staaten garantierten Freiheiten. \u201c, sagte sie laut WPBF-TV.<\/p>\n<div id=\"REP_0-ad\" class=\"sponsor REP\">\n<p class=\"ad-notice flipboard-remove\" fl:fl-noexcerpt=\"true\">Werbung \u2013 die Geschichte geht unten weiter<\/p>\n<div id=\"REP_0\">\n<script>\n\t\t\t\t\tif( FFADS.units.IC5 && FFADS.units.IC5.ad_type == 'custom' && FFADS.units.IC5.custom_ads && ! getCookie( 'ff_subbed' ) ) {\n\t\t\t\t\t\tdocument.getElementById( 'REP_0' ).innerHTML = FFADS.units.IC5.custom_ads[0].code;\n\t\t\t\t\t\tif( ! FFADS.units.IC5.lazy_load ) eval( FFADS.units.IC5.custom_ads[0].rendering_script );\n\t\t\t\t\t}\n\t\t\t\t\telse if( FFADS.units.IC5 && ! getCookie( 'ff_subbed' ) ) {\n\t\t\t\t\t\tif( 'RE' != 'SB' && 'RE' != 'SA' && FFADS.use_fixed_containers ) {\n\t\t\t\t\t\t\tlet max_wh = firefly_size_list_to_max_wh( FFADS.units.IC5.sizes );\n\t\t\t\t\t\t\tlet el = document.querySelector( '#REP_0' );\n\t\t\t\t\t\t\tif( 'RE' != 'SA' && FFADS.slide_pixels ) {\n\t\t\t\t\t\t\t\tmax_wh[1] += parseInt( FFADS.slide_pixels );\n\t\t\t\t\t\t\t\tel.classList.add( 'sliding' );\n\t\t\t\t\t\t\t}\n\t\t\t\t\t\t\tel.style.width = max_wh[0] + 'px';\n\t\t\t\t\t\t\tel.style.height = max_wh[1] + 'px';\n\t\t\t\t\t\t\tel.classList.add( 'fixed-size' );\n\t\t\t\t\t\t}\n\t\t\t\t\t\tgoogletag.cmd.push( function() {\n\t\t\t\t\t\t\tFFADS.debug( 'googletag.displaying REP_0' );\n\t\t\t\t\t\t\tgoogletag.display( 'REP_0' );\n\t\t\t\t\t\t} );\n\t\t\t\t\t}\n\t\t\t\t\telse {\n\t\t\t\t\t\tdocument.querySelector( '#REP_0-ad' ).style.display = 'none';}\n\t\t\t\t<\/script><\/div>\n<\/div>\n<p>\u201eAls Richterin am Obersten Gerichtshof werde ich das Gesetz anwenden, wie es von den ordnungsgem\u00e4\u00df gew\u00e4hlten Vertretern des Volkes geschrieben wurde, in dem Wissen, dass ich ein Mitglied der Justiz in einem System mit Gewaltenteilung bin\u201c, sagte sie.<\/p>\n<p>Dieser Artikel erschien urspr\u00fcnglich im Western Journal.<\/p>\n<p class=\"article-ask\"><span class=\"ask\"><script>\n  if( getParameterByName( \"utm_source\" ) == \"testpage\" ) {\n    !function(e,t,a,n,g){e[n]=e[n]||[],e[n].push({\"gtm.start\":(new Date).getTime(),event:\"gtm.js\"});var m=t.getElementsByTagName(a)[0],r=t.createElement(a);r.async=!0,r.src=\"https:\/\/www.googletagmanager.com\/gtm.js?id=GTM-PL4PD49\",m.parentNode.insertBefore(r,m)}(window.parent,window.parent.document,\"script\",\"dataLayer\");\n    var iframe=window.parent.document.createElement(\"iframe\");iframe.src=\"https:\/\/www.googletagmanager.com\/ns.html?id=GTM-PL4PD49\";iframe.height=\"0\";iframe.width=\"0\";iframe.style=\"display:none;visibility:hidden\";window.parent.document.body.appendChild(iframe);\n    window.parent[\"$$mm-analytics\"] = window.parent[\"$$mm-analytics\"] || {};if (typeof window.parent[\"$$mm-analytics\"].firstEmbed === \"undefined\") {window.parent[\"$$mm-analytics\"].firstEmbed = Date.now();}\n    let as1 = document.createElement( \"script\" );\n    as1.src = \"https:\/\/bucket1.mm-syringe.com\/prod\/configs\/ee2300c8-43d2-7f0b-dac0-40aaf31c9d3d.js\";\n    document.body.appendChild( as1 );\n    let as2 = document.createElement( \"script\" );\n    as2.src = \"https:\/\/bucket1.mm-syringe.com\/prod\/injector\/injector.1.5.3.js\";\n    document.body.appendChild( as2 );\n  }\n<\/script><\/p>\n<div class=\"apester-media\" data-token=\"5f10a39f94902bc81d3d59a7\" data-context=\"true\" data-tags=\"\" data-fallback=\"true\" height=\"350\"><\/div>\n<p><script id=\"apester_script\" src=\"https:\/\/static.apester.com\/js\/sdk\/latest\/apester-sdk.js\" async><\/script><script type=\"text\/javascript\">\n\tfunction e(e){var t=!(arguments.length>1&&void 0!==arguments[1])||arguments[1],c=document.createElement(\"script\");c.src=e,t?c.type=\"module\":(c.async=!0,c.type=\"text\/javascript\",c.setAttribute(\"nomodule\",\"\"));var n=document.getElementsByTagName(\"script\")[0];n.parentNode.insertBefore(c,n)}function t(t,c,n){var a,o,r;null!==(a=t.marfeel)&&void 0!==a||(t.marfeel={}),null!==(o=(r=t.marfeel).cmd)&&void 0!==o||(r.cmd=[]),t.marfeel.config=n,t.marfeel.config.accountId=c;var i=\"https:\/\/sdk.mrf.io\/statics\";e(\"\".concat(i,\"\/marfeel-sdk.js?id=\").concat(c),!0),e(\"\".concat(i,\"\/marfeel-sdk.es5.js?id=\").concat(c),!1)}!function(e,c){var n=arguments.length>2&&void 0!==arguments[2]?arguments[2]:{};t(e,c,n)}(window,1573,{} \/*config*\/);\n<\/script><\/span><\/p>\n<\/div>\n<p><br \/>\n<br \/><a href=\"https:\/\/www.thegatewaypundit.com\/2022\/08\/desantis-prevails-dems-2-year-battle-supreme-court-appointee-says-american-dream\/\">Source link <\/a><\/p>\n","protected":false},"excerpt":{"rendered":"<p>Ein Einwanderer, der durch eine von den Demokraten initiierte Klage daran gehindert wurde, zu Floridas h\u00f6chstem Gericht aufzusteigen, wurde am Freitag vom republikanischen Gouverneur Ron DeSantis zum Obersten Gerichtshof von Florida ernannt. Die Bezirksrichterin von Palm Beach County, Renatha Francis, wurde in Jamaika geboren und 2004 legal eingewandert. Sie schloss 2010 die Florida Coastal Law [&hellip;]<\/p>\n","protected":false},"author":5,"featured_media":11170,"comment_status":"open","ping_status":"open","sticky":false,"template":"","format":"standard","meta":{"wp_automatic_camp":["1161"],"997ab11db6dd025a3bdbe70484b6ce0a":["DeSantis setzt sich gegen den zweij\u00e4hrigen Kampf der Dems um die Ernennung zum Obersten Gerichtshof durch und sagt, sie sei der \u201eamerikanische Traum\u201c.\n"],"original_link":["https:\/\/www.thegatewaypundit.com\/2022\/08\/desantis-prevails-dems-2-year-battle-supreme-court-appointee-says-american-dream\/"],"_thumbnail_id":["11170"],"wp_automatic_remove_first_image":["yes"],"jnews_social_counter_last_update":["1777283405"]},"categories":[25],"tags":[4531,11614,48,82,7588,45,1024,3457,278,3333,5522,6801,3564,8104,1997,434,527,29510,140,565,30536],"yoast_head":"<!-- This site is optimized with the Yoast SEO Premium plugin v22.7 (Yoast SEO v22.7) - https:\/\/yoast.com\/wordpress\/plugins\/seo\/ -->\n<title>DeSantis setzt sich gegen den zweij\u00e4hrigen Kampf der Dems um die Ernennung zum Obersten Gerichtshof durch und sagt, sie sei der \u201eamerikanische Traum\u201c. - just-now.NEWS Deutschland<\/title>\n<meta name=\"robots\" content=\"index, follow, max-snippet:-1, max-image-preview:large, max-video-preview:-1\" \/>\n<link rel=\"canonical\" href=\"https:\/\/now-news.de\/de\/usa\/desantis-setzt-sich-gegen-den-zweijaehrigen-kampf-der-dems-um-die-ernennung-zum-obersten-gerichtshof-durch-und-sagt-sie-sei-der-amerikanische-traum\/\" \/>\n<meta property=\"og:locale\" content=\"de_DE\" \/>\n<meta property=\"og:type\" content=\"article\" \/>\n<meta property=\"og:title\" content=\"DeSantis setzt sich gegen den zweij\u00e4hrigen Kampf der Dems um die Ernennung zum Obersten Gerichtshof durch und sagt, sie sei der \u201eamerikanische Traum\u201c.\" \/>\n<meta property=\"og:description\" content=\"Ein Einwanderer, der durch eine von den Demokraten initiierte Klage daran gehindert wurde, zu Floridas h\u00f6chstem Gericht aufzusteigen, wurde am Freitag vom republikanischen Gouverneur Ron DeSantis zum Obersten Gerichtshof von Florida ernannt. Die Bezirksrichterin von Palm Beach County, Renatha Francis, wurde in Jamaika geboren und 2004 legal eingewandert. Sie schloss 2010 die Florida Coastal Law [&hellip;]\" \/>\n<meta property=\"og:url\" content=\"https:\/\/now-news.de\/de\/usa\/desantis-setzt-sich-gegen-den-zweijaehrigen-kampf-der-dems-um-die-ernennung-zum-obersten-gerichtshof-durch-und-sagt-sie-sei-der-amerikanische-traum\/\" \/>\n<meta property=\"og:site_name\" content=\"just-now.NEWS Deutschland\" \/>\n<meta property=\"article:publisher\" content=\"https:\/\/www.facebook.com\/wirmachenauf\" \/>\n<meta property=\"article:published_time\" content=\"2022-08-06T23:45:00+00:00\" \/>\n<meta property=\"og:image\" content=\"https:\/\/now-news.de\/de\/wp-content\/uploads\/sites\/3\/2022\/06\/Floridas-DeSantis-stoesst-mutig-mit-Washington-zusammen-nachdem-er-sich.jpg\" \/>\n\t<meta property=\"og:image:width\" content=\"780\" \/>\n\t<meta property=\"og:image:height\" content=\"438\" \/>\n\t<meta property=\"og:image:type\" content=\"image\/jpeg\" \/>\n<meta name=\"author\" content=\"greatreset\" \/>\n<meta name=\"twitter:card\" content=\"summary_large_image\" \/>\n<meta name=\"twitter:creator\" content=\"@WirMachenAuf_de\" \/>\n<meta name=\"twitter:site\" content=\"@WirMachenAuf_de\" \/>\n<meta name=\"twitter:label1\" content=\"Verfasst von\" \/>\n\t<meta name=\"twitter:data1\" content=\"greatreset\" \/>\n\t<meta name=\"twitter:label2\" content=\"Gesch\u00e4tzte Lesezeit\" \/>\n\t<meta name=\"twitter:data2\" content=\"3\u00a0Minuten\" \/>\n<script type=\"application\/ld+json\" class=\"yoast-schema-graph\">{\"@context\":\"https:\/\/schema.org\",\"@graph\":[{\"@type\":\"Article\",\"@id\":\"https:\/\/now-news.de\/de\/usa\/desantis-setzt-sich-gegen-den-zweijaehrigen-kampf-der-dems-um-die-ernennung-zum-obersten-gerichtshof-durch-und-sagt-sie-sei-der-amerikanische-traum\/#article\",\"isPartOf\":{\"@id\":\"https:\/\/now-news.de\/de\/usa\/desantis-setzt-sich-gegen-den-zweijaehrigen-kampf-der-dems-um-die-ernennung-zum-obersten-gerichtshof-durch-und-sagt-sie-sei-der-amerikanische-traum\/\"},\"author\":{\"name\":\"greatreset\",\"@id\":\"https:\/\/now-news.de\/de\/#\/schema\/person\/8afb4cd92b68572db7902c13a349ffcb\"},\"headline\":\"DeSantis setzt sich gegen den zweij\u00e4hrigen Kampf der Dems um die Ernennung zum Obersten Gerichtshof durch und sagt, sie sei der \u201eamerikanische Traum\u201c.\",\"datePublished\":\"2022-08-06T23:45:00+00:00\",\"dateModified\":\"2022-08-06T23:45:00+00:00\",\"mainEntityOfPage\":{\"@id\":\"https:\/\/now-news.de\/de\/usa\/desantis-setzt-sich-gegen-den-zweijaehrigen-kampf-der-dems-um-die-ernennung-zum-obersten-gerichtshof-durch-und-sagt-sie-sei-der-amerikanische-traum\/\"},\"wordCount\":693,\"commentCount\":0,\"publisher\":{\"@id\":\"https:\/\/now-news.de\/de\/#organization\"},\"image\":{\"@id\":\"https:\/\/now-news.de\/de\/usa\/desantis-setzt-sich-gegen-den-zweijaehrigen-kampf-der-dems-um-die-ernennung-zum-obersten-gerichtshof-durch-und-sagt-sie-sei-der-amerikanische-traum\/#primaryimage\"},\"thumbnailUrl\":\"https:\/\/now-news.de\/de\/wp-content\/uploads\/sites\/3\/2022\/06\/Floridas-DeSantis-stoesst-mutig-mit-Washington-zusammen-nachdem-er-sich.jpg\",\"keywords\":[\"Amerikanische\",\"Dems\",\"den\",\"der\",\"DeSantis\",\"die\",\"durch\",\"Ernennung\",\"gegen\",\"Gerichtshof\",\"Kampf\",\"Obersten\",\"sagt\",\"sei\",\"setzt\",\"sich\",\"Sie\",\"TRAUM\",\"und\",\"zum\",\"zweij\u00e4hrigen\"],\"articleSection\":[\"USA\"],\"inLanguage\":\"de\",\"potentialAction\":[{\"@type\":\"CommentAction\",\"name\":\"Comment\",\"target\":[\"https:\/\/now-news.de\/de\/usa\/desantis-setzt-sich-gegen-den-zweijaehrigen-kampf-der-dems-um-die-ernennung-zum-obersten-gerichtshof-durch-und-sagt-sie-sei-der-amerikanische-traum\/#respond\"]}]},{\"@type\":\"WebPage\",\"@id\":\"https:\/\/now-news.de\/de\/usa\/desantis-setzt-sich-gegen-den-zweijaehrigen-kampf-der-dems-um-die-ernennung-zum-obersten-gerichtshof-durch-und-sagt-sie-sei-der-amerikanische-traum\/\",\"url\":\"https:\/\/now-news.de\/de\/usa\/desantis-setzt-sich-gegen-den-zweijaehrigen-kampf-der-dems-um-die-ernennung-zum-obersten-gerichtshof-durch-und-sagt-sie-sei-der-amerikanische-traum\/\",\"name\":\"DeSantis setzt sich gegen den zweij\u00e4hrigen Kampf der Dems um die Ernennung zum Obersten Gerichtshof durch und sagt, sie sei der \u201eamerikanische Traum\u201c. - just-now.NEWS Deutschland\",\"isPartOf\":{\"@id\":\"https:\/\/now-news.de\/de\/#website\"},\"primaryImageOfPage\":{\"@id\":\"https:\/\/now-news.de\/de\/usa\/desantis-setzt-sich-gegen-den-zweijaehrigen-kampf-der-dems-um-die-ernennung-zum-obersten-gerichtshof-durch-und-sagt-sie-sei-der-amerikanische-traum\/#primaryimage\"},\"image\":{\"@id\":\"https:\/\/now-news.de\/de\/usa\/desantis-setzt-sich-gegen-den-zweijaehrigen-kampf-der-dems-um-die-ernennung-zum-obersten-gerichtshof-durch-und-sagt-sie-sei-der-amerikanische-traum\/#primaryimage\"},\"thumbnailUrl\":\"https:\/\/now-news.de\/de\/wp-content\/uploads\/sites\/3\/2022\/06\/Floridas-DeSantis-stoesst-mutig-mit-Washington-zusammen-nachdem-er-sich.jpg\",\"datePublished\":\"2022-08-06T23:45:00+00:00\",\"dateModified\":\"2022-08-06T23:45:00+00:00\",\"breadcrumb\":{\"@id\":\"https:\/\/now-news.de\/de\/usa\/desantis-setzt-sich-gegen-den-zweijaehrigen-kampf-der-dems-um-die-ernennung-zum-obersten-gerichtshof-durch-und-sagt-sie-sei-der-amerikanische-traum\/#breadcrumb\"},\"inLanguage\":\"de\",\"potentialAction\":[{\"@type\":\"ReadAction\",\"target\":[\"https:\/\/now-news.de\/de\/usa\/desantis-setzt-sich-gegen-den-zweijaehrigen-kampf-der-dems-um-die-ernennung-zum-obersten-gerichtshof-durch-und-sagt-sie-sei-der-amerikanische-traum\/\"]}]},{\"@type\":\"ImageObject\",\"inLanguage\":\"de\",\"@id\":\"https:\/\/now-news.de\/de\/usa\/desantis-setzt-sich-gegen-den-zweijaehrigen-kampf-der-dems-um-die-ernennung-zum-obersten-gerichtshof-durch-und-sagt-sie-sei-der-amerikanische-traum\/#primaryimage\",\"url\":\"https:\/\/now-news.de\/de\/wp-content\/uploads\/sites\/3\/2022\/06\/Floridas-DeSantis-stoesst-mutig-mit-Washington-zusammen-nachdem-er-sich.jpg\",\"contentUrl\":\"https:\/\/now-news.de\/de\/wp-content\/uploads\/sites\/3\/2022\/06\/Floridas-DeSantis-stoesst-mutig-mit-Washington-zusammen-nachdem-er-sich.jpg\",\"width\":780,\"height\":438},{\"@type\":\"BreadcrumbList\",\"@id\":\"https:\/\/now-news.de\/de\/usa\/desantis-setzt-sich-gegen-den-zweijaehrigen-kampf-der-dems-um-die-ernennung-zum-obersten-gerichtshof-durch-und-sagt-sie-sei-der-amerikanische-traum\/#breadcrumb\",\"itemListElement\":[{\"@type\":\"ListItem\",\"position\":1,\"name\":\"Home\",\"item\":\"https:\/\/now-news.de\/de\/\"},{\"@type\":\"ListItem\",\"position\":2,\"name\":\"DeSantis setzt sich gegen den zweij\u00e4hrigen Kampf der Dems um die Ernennung zum Obersten Gerichtshof durch und sagt, sie sei der \u201eamerikanische Traum\u201c.\"}]},{\"@type\":\"WebSite\",\"@id\":\"https:\/\/now-news.de\/de\/#website\",\"url\":\"https:\/\/now-news.de\/de\/\",\"name\":\"just-now.NEWS Deutschland\",\"description\":\"Das Portal f\u00fcr unzensierte Nachrichten aus der Welt\",\"publisher\":{\"@id\":\"https:\/\/now-news.de\/de\/#organization\"},\"potentialAction\":[{\"@type\":\"SearchAction\",\"target\":{\"@type\":\"EntryPoint\",\"urlTemplate\":\"https:\/\/now-news.de\/de\/?s={search_term_string}\"},\"query-input\":\"required name=search_term_string\"}],\"inLanguage\":\"de\"},{\"@type\":\"Organization\",\"@id\":\"https:\/\/now-news.de\/de\/#organization\",\"name\":\"Just Now News\",\"url\":\"https:\/\/now-news.de\/de\/\",\"logo\":{\"@type\":\"ImageObject\",\"inLanguage\":\"de\",\"@id\":\"https:\/\/now-news.de\/de\/#\/schema\/logo\/image\/\",\"url\":\"http:\/\/just-now.news\/de\/wp-content\/uploads\/sites\/3\/2022\/04\/logo500x500.jpg\",\"contentUrl\":\"http:\/\/just-now.news\/de\/wp-content\/uploads\/sites\/3\/2022\/04\/logo500x500.jpg\",\"width\":500,\"height\":500,\"caption\":\"Just Now News\"},\"image\":{\"@id\":\"https:\/\/now-news.de\/de\/#\/schema\/logo\/image\/\"},\"sameAs\":[\"https:\/\/www.facebook.com\/wirmachenauf\",\"https:\/\/x.com\/WirMachenAuf_de\"]},{\"@type\":\"Person\",\"@id\":\"https:\/\/now-news.de\/de\/#\/schema\/person\/8afb4cd92b68572db7902c13a349ffcb\",\"name\":\"greatreset\",\"image\":{\"@type\":\"ImageObject\",\"inLanguage\":\"de\",\"@id\":\"https:\/\/now-news.de\/de\/#\/schema\/person\/image\/\",\"url\":\"https:\/\/secure.gravatar.com\/avatar\/a088df625d49991c090e78c8b9542592?s=96&d=mm&r=g\",\"contentUrl\":\"https:\/\/secure.gravatar.com\/avatar\/a088df625d49991c090e78c8b9542592?s=96&d=mm&r=g\",\"caption\":\"greatreset\"},\"url\":\"https:\/\/now-news.de\/de\/author\/greatreset\/\"}]}<\/script>\n<!-- \/ Yoast SEO Premium plugin. -->","yoast_head_json":{"title":"DeSantis setzt sich gegen den zweij\u00e4hrigen Kampf der Dems um die Ernennung zum Obersten Gerichtshof durch und sagt, sie sei der \u201eamerikanische Traum\u201c. - just-now.NEWS Deutschland","robots":{"index":"index","follow":"follow","max-snippet":"max-snippet:-1","max-image-preview":"max-image-preview:large","max-video-preview":"max-video-preview:-1"},"canonical":"https:\/\/now-news.de\/de\/usa\/desantis-setzt-sich-gegen-den-zweijaehrigen-kampf-der-dems-um-die-ernennung-zum-obersten-gerichtshof-durch-und-sagt-sie-sei-der-amerikanische-traum\/","og_locale":"de_DE","og_type":"article","og_title":"DeSantis setzt sich gegen den zweij\u00e4hrigen Kampf der Dems um die Ernennung zum Obersten Gerichtshof durch und sagt, sie sei der \u201eamerikanische Traum\u201c.","og_description":"Ein Einwanderer, der durch eine von den Demokraten initiierte Klage daran gehindert wurde, zu Floridas h\u00f6chstem Gericht aufzusteigen, wurde am Freitag vom republikanischen Gouverneur Ron DeSantis zum Obersten Gerichtshof von Florida ernannt. Die Bezirksrichterin von Palm Beach County, Renatha Francis, wurde in Jamaika geboren und 2004 legal eingewandert. Sie schloss 2010 die Florida Coastal Law [&hellip;]","og_url":"https:\/\/now-news.de\/de\/usa\/desantis-setzt-sich-gegen-den-zweijaehrigen-kampf-der-dems-um-die-ernennung-zum-obersten-gerichtshof-durch-und-sagt-sie-sei-der-amerikanische-traum\/","og_site_name":"just-now.NEWS Deutschland","article_publisher":"https:\/\/www.facebook.com\/wirmachenauf","article_published_time":"2022-08-06T23:45:00+00:00","og_image":[{"width":780,"height":438,"url":"https:\/\/now-news.de\/de\/wp-content\/uploads\/sites\/3\/2022\/06\/Floridas-DeSantis-stoesst-mutig-mit-Washington-zusammen-nachdem-er-sich.jpg","type":"image\/jpeg"}],"author":"greatreset","twitter_card":"summary_large_image","twitter_creator":"@WirMachenAuf_de","twitter_site":"@WirMachenAuf_de","twitter_misc":{"Verfasst von":"greatreset","Gesch\u00e4tzte Lesezeit":"3\u00a0Minuten"},"schema":{"@context":"https:\/\/schema.org","@graph":[{"@type":"Article","@id":"https:\/\/now-news.de\/de\/usa\/desantis-setzt-sich-gegen-den-zweijaehrigen-kampf-der-dems-um-die-ernennung-zum-obersten-gerichtshof-durch-und-sagt-sie-sei-der-amerikanische-traum\/#article","isPartOf":{"@id":"https:\/\/now-news.de\/de\/usa\/desantis-setzt-sich-gegen-den-zweijaehrigen-kampf-der-dems-um-die-ernennung-zum-obersten-gerichtshof-durch-und-sagt-sie-sei-der-amerikanische-traum\/"},"author":{"name":"greatreset","@id":"https:\/\/now-news.de\/de\/#\/schema\/person\/8afb4cd92b68572db7902c13a349ffcb"},"headline":"DeSantis setzt sich gegen den zweij\u00e4hrigen Kampf der Dems um die Ernennung zum Obersten Gerichtshof durch und sagt, sie sei der \u201eamerikanische Traum\u201c.","datePublished":"2022-08-06T23:45:00+00:00","dateModified":"2022-08-06T23:45:00+00:00","mainEntityOfPage":{"@id":"https:\/\/now-news.de\/de\/usa\/desantis-setzt-sich-gegen-den-zweijaehrigen-kampf-der-dems-um-die-ernennung-zum-obersten-gerichtshof-durch-und-sagt-sie-sei-der-amerikanische-traum\/"},"wordCount":693,"commentCount":0,"publisher":{"@id":"https:\/\/now-news.de\/de\/#organization"},"image":{"@id":"https:\/\/now-news.de\/de\/usa\/desantis-setzt-sich-gegen-den-zweijaehrigen-kampf-der-dems-um-die-ernennung-zum-obersten-gerichtshof-durch-und-sagt-sie-sei-der-amerikanische-traum\/#primaryimage"},"thumbnailUrl":"https:\/\/now-news.de\/de\/wp-content\/uploads\/sites\/3\/2022\/06\/Floridas-DeSantis-stoesst-mutig-mit-Washington-zusammen-nachdem-er-sich.jpg","keywords":["Amerikanische","Dems","den","der","DeSantis","die","durch","Ernennung","gegen","Gerichtshof","Kampf","Obersten","sagt","sei","setzt","sich","Sie","TRAUM","und","zum","zweij\u00e4hrigen"],"articleSection":["USA"],"inLanguage":"de","potentialAction":[{"@type":"CommentAction","name":"Comment","target":["https:\/\/now-news.de\/de\/usa\/desantis-setzt-sich-gegen-den-zweijaehrigen-kampf-der-dems-um-die-ernennung-zum-obersten-gerichtshof-durch-und-sagt-sie-sei-der-amerikanische-traum\/#respond"]}]},{"@type":"WebPage","@id":"https:\/\/now-news.de\/de\/usa\/desantis-setzt-sich-gegen-den-zweijaehrigen-kampf-der-dems-um-die-ernennung-zum-obersten-gerichtshof-durch-und-sagt-sie-sei-der-amerikanische-traum\/","url":"https:\/\/now-news.de\/de\/usa\/desantis-setzt-sich-gegen-den-zweijaehrigen-kampf-der-dems-um-die-ernennung-zum-obersten-gerichtshof-durch-und-sagt-sie-sei-der-amerikanische-traum\/","name":"DeSantis setzt sich gegen den zweij\u00e4hrigen Kampf der Dems um die Ernennung zum Obersten Gerichtshof durch und sagt, sie sei der \u201eamerikanische Traum\u201c. - just-now.NEWS Deutschland","isPartOf":{"@id":"https:\/\/now-news.de\/de\/#website"},"primaryImageOfPage":{"@id":"https:\/\/now-news.de\/de\/usa\/desantis-setzt-sich-gegen-den-zweijaehrigen-kampf-der-dems-um-die-ernennung-zum-obersten-gerichtshof-durch-und-sagt-sie-sei-der-amerikanische-traum\/#primaryimage"},"image":{"@id":"https:\/\/now-news.de\/de\/usa\/desantis-setzt-sich-gegen-den-zweijaehrigen-kampf-der-dems-um-die-ernennung-zum-obersten-gerichtshof-durch-und-sagt-sie-sei-der-amerikanische-traum\/#primaryimage"},"thumbnailUrl":"https:\/\/now-news.de\/de\/wp-content\/uploads\/sites\/3\/2022\/06\/Floridas-DeSantis-stoesst-mutig-mit-Washington-zusammen-nachdem-er-sich.jpg","datePublished":"2022-08-06T23:45:00+00:00","dateModified":"2022-08-06T23:45:00+00:00","breadcrumb":{"@id":"https:\/\/now-news.de\/de\/usa\/desantis-setzt-sich-gegen-den-zweijaehrigen-kampf-der-dems-um-die-ernennung-zum-obersten-gerichtshof-durch-und-sagt-sie-sei-der-amerikanische-traum\/#breadcrumb"},"inLanguage":"de","potentialAction":[{"@type":"ReadAction","target":["https:\/\/now-news.de\/de\/usa\/desantis-setzt-sich-gegen-den-zweijaehrigen-kampf-der-dems-um-die-ernennung-zum-obersten-gerichtshof-durch-und-sagt-sie-sei-der-amerikanische-traum\/"]}]},{"@type":"ImageObject","inLanguage":"de","@id":"https:\/\/now-news.de\/de\/usa\/desantis-setzt-sich-gegen-den-zweijaehrigen-kampf-der-dems-um-die-ernennung-zum-obersten-gerichtshof-durch-und-sagt-sie-sei-der-amerikanische-traum\/#primaryimage","url":"https:\/\/now-news.de\/de\/wp-content\/uploads\/sites\/3\/2022\/06\/Floridas-DeSantis-stoesst-mutig-mit-Washington-zusammen-nachdem-er-sich.jpg","contentUrl":"https:\/\/now-news.de\/de\/wp-content\/uploads\/sites\/3\/2022\/06\/Floridas-DeSantis-stoesst-mutig-mit-Washington-zusammen-nachdem-er-sich.jpg","width":780,"height":438},{"@type":"BreadcrumbList","@id":"https:\/\/now-news.de\/de\/usa\/desantis-setzt-sich-gegen-den-zweijaehrigen-kampf-der-dems-um-die-ernennung-zum-obersten-gerichtshof-durch-und-sagt-sie-sei-der-amerikanische-traum\/#breadcrumb","itemListElement":[{"@type":"ListItem","position":1,"name":"Home","item":"https:\/\/now-news.de\/de\/"},{"@type":"ListItem","position":2,"name":"DeSantis setzt sich gegen den zweij\u00e4hrigen Kampf der Dems um die Ernennung zum Obersten Gerichtshof durch und sagt, sie sei der \u201eamerikanische Traum\u201c."}]},{"@type":"WebSite","@id":"https:\/\/now-news.de\/de\/#website","url":"https:\/\/now-news.de\/de\/","name":"just-now.NEWS Deutschland","description":"Das Portal f\u00fcr unzensierte Nachrichten aus der Welt","publisher":{"@id":"https:\/\/now-news.de\/de\/#organization"},"potentialAction":[{"@type":"SearchAction","target":{"@type":"EntryPoint","urlTemplate":"https:\/\/now-news.de\/de\/?s={search_term_string}"},"query-input":"required name=search_term_string"}],"inLanguage":"de"},{"@type":"Organization","@id":"https:\/\/now-news.de\/de\/#organization","name":"Just Now News","url":"https:\/\/now-news.de\/de\/","logo":{"@type":"ImageObject","inLanguage":"de","@id":"https:\/\/now-news.de\/de\/#\/schema\/logo\/image\/","url":"http:\/\/just-now.news\/de\/wp-content\/uploads\/sites\/3\/2022\/04\/logo500x500.jpg","contentUrl":"http:\/\/just-now.news\/de\/wp-content\/uploads\/sites\/3\/2022\/04\/logo500x500.jpg","width":500,"height":500,"caption":"Just Now News"},"image":{"@id":"https:\/\/now-news.de\/de\/#\/schema\/logo\/image\/"},"sameAs":["https:\/\/www.facebook.com\/wirmachenauf","https:\/\/x.com\/WirMachenAuf_de"]},{"@type":"Person","@id":"https:\/\/now-news.de\/de\/#\/schema\/person\/8afb4cd92b68572db7902c13a349ffcb","name":"greatreset","image":{"@type":"ImageObject","inLanguage":"de","@id":"https:\/\/now-news.de\/de\/#\/schema\/person\/image\/","url":"https:\/\/secure.gravatar.com\/avatar\/a088df625d49991c090e78c8b9542592?s=96&d=mm&r=g","contentUrl":"https:\/\/secure.gravatar.com\/avatar\/a088df625d49991c090e78c8b9542592?s=96&d=mm&r=g","caption":"greatreset"},"url":"https:\/\/now-news.de\/de\/author\/greatreset\/"}]}},"_links":{"self":[{"href":"https:\/\/now-news.de\/de\/wp-json\/wp\/v2\/posts\/16345"}],"collection":[{"href":"https:\/\/now-news.de\/de\/wp-json\/wp\/v2\/posts"}],"about":[{"href":"https:\/\/now-news.de\/de\/wp-json\/wp\/v2\/types\/post"}],"author":[{"embeddable":true,"href":"https:\/\/now-news.de\/de\/wp-json\/wp\/v2\/users\/5"}],"replies":[{"embeddable":true,"href":"https:\/\/now-news.de\/de\/wp-json\/wp\/v2\/comments?post=16345"}],"version-history":[{"count":0,"href":"https:\/\/now-news.de\/de\/wp-json\/wp\/v2\/posts\/16345\/revisions"}],"wp:featuredmedia":[{"embeddable":true,"href":"https:\/\/now-news.de\/de\/wp-json\/wp\/v2\/media\/11170"}],"wp:attachment":[{"href":"https:\/\/now-news.de\/de\/wp-json\/wp\/v2\/media?parent=16345"}],"wp:term":[{"taxonomy":"category","embeddable":true,"href":"https:\/\/now-news.de\/de\/wp-json\/wp\/v2\/categories?post=16345"},{"taxonomy":"post_tag","embeddable":true,"href":"https:\/\/now-news.de\/de\/wp-json\/wp\/v2\/tags?post=16345"}],"curies":[{"name":"wp","href":"https:\/\/api.w.org\/{rel}","templated":true}]}}