{"id":16324,"date":"2022-08-06T20:15:15","date_gmt":"2022-08-06T18:15:15","guid":{"rendered":"http:\/\/just-now.news\/de\/deutschland\/zensur-wuetet-mainstream-freut-sich-prorussischer-aktivist-in-hamburg-festgenommen\/"},"modified":"2022-08-06T20:15:15","modified_gmt":"2022-08-06T18:15:15","slug":"zensur-wuetet-mainstream-freut-sich-prorussischer-aktivist-in-hamburg-festgenommen","status":"publish","type":"post","link":"https:\/\/now-news.de\/de\/deutschland\/zensur-wuetet-mainstream-freut-sich-prorussischer-aktivist-in-hamburg-festgenommen\/","title":{"rendered":"Zensur w\u00fctet \u2013 Mainstream freut sich: &quot;Prorussischer&quot; Aktivist in Hamburg festgenommen"},"content":{"rendered":"<div class=\"Text-root Text-type_1 \">\n                Die Festnahme eines Hamburger Aktivisten, der auf sozialen Netzen Inhalte teilte, in denen Unterst\u00fctzung der russischen Operation in der Ukraine bekundet und erwiesen wurde,  beleuchteten die deutschen Medien gewohnt einseitig. Zensur wird gefeiert, um inhaltliche Auseinandersetzung zu meiden.\n            <\/div>\n<p><\/p>\n<div class=\"Text-root Text-type_5 ArticleView-text ViewText-root \">\n<p><em>von Joe Bessemer<\/em><\/p>\n<p>&#8220;Ermittler haben in Hamburg einen Mann festgenommen, der auf einem Telegram-Kanal russische Propaganda zum Krieg gegen die Ukraine verbreitet haben soll.&#8221; So in etwa beginnen Nachrichten in den deutschen Medien zu diesem Anlass, das obige\u00a0Zitat etwa <a rel=\"nofollow noopener\" target=\"_blank\" href=\"https:\/\/www.welt.de\/politik\/ausland\/article240285351\/Ukraine-News-Ermittler-nehmen-in-Hamburg-prorussischen-Aktivisten-fest.html\">stammt<\/a> vom Springer-Blatt <em>Welt<\/em>. Auch <em>Der Spiegel<\/em>\u00a0<a rel=\"nofollow noopener\" target=\"_blank\" href=\"https:\/\/www.spiegel.de\/panorama\/justiz\/hamburg-mutmasslicher-russland-unterstuetzer-festgenommen-a-7873125d-5082-42d5-9bd3-6841827e3bc2\">berichtet<\/a>\u00a0dar\u00fcber mit Verweis auf Daten der Staatsanwaltschaft. Vorgeworfen wird dem 31-j\u00e4hrigen Deutschen ein Versto\u00df gegen das Kriegswaffenkontrollgesetz, weil er sich mit einem echt aussehenden Sturmgewehr habe ablichten lassen, sowie &#8220;versuchtes Anwerben f\u00fcr einen fremden Wehrdienst&#8221; und schlie\u00dflich die &#8220;Billigung von Straftaten nach dem V\u00f6lkerrecht&#8221;.<\/p>\n<p>Vorrangig bestehe die Schuld darin, dass der Aktivist den Kanal &#8220;Das andere Deutschland&#8221; im Messenger Telegram betrieben haben soll, der als prorussische und &#8220;national-bolschewistische&#8221; Plattform positioniert wurde. Dort soll er offen Sympathien f\u00fcr Russlands friedensstiftende Intervention in den terroristischen Angriffs- und <a rel=\"nofollow noopener\" target=\"_blank\" href=\"https:\/\/de.rt.com\/meinung\/132228-donbass-war-auch-nach-deutschem\/\">Vernichtungkrieg<\/a>\u00a0der mit US-Finanzen an die Macht geputschten faschistischen Kiewer Junta gegen ukrainische B\u00fcrger und das russische Volk in der Ukraine bekundet haben, der in den besagten beiden Medien ein &#8220;Angriffskrieg auf die Ukraine&#8221; genannt wird. Als besonders schwer belastender Beweis daf\u00fcr wird angef\u00fchrt, dass der 31-J\u00e4hrige auf seinem Telegram-Kanal &#8220;in mindestens vier F\u00e4llen d<a><\/a>as Symbol &#8216;Z&#8217;\u00a0in einem eindeutigen Kontext benutzt&#8221;, sowie &#8220;sechsmal in anderen sozialen Netzwerken&#8221;. Mit all dem, so die Bl\u00e4tter mit Verweis auf die Staatsanwaltschaft, habe er &#8220;eine Straftat nach dem V\u00f6lkerrecht gebilligt&#8221; \u2013 gemeint ist wohl eben der russische milit\u00e4rische Sondereinsatz auf dem Gebiet der Ukraine zu deren Demilitarisierung und Entnazifizierung, der im Establishment des Westens absichtlich als Angriffskrieg missdeutet und verschrien wird.<\/p>\n<p>F\u00fcr den 18. August habe der Aktivist seine Ausreise aus Deutschland nach\u00a0Wei\u00dfrussland\u00a0geplant, von wo aus, wie die Ermittler mutma\u00dfen, er ins Kampfgebiet zur Teilnahme an den Kriegshandlungen auf Seiten der Koalition der russischen Streitkr\u00e4fte und der Volksmilizen der verb\u00fcndeten Volksrepubliken Donezk und Lugansk weiterreisen wollte, so die Bl\u00e4tter sinngem\u00e4\u00df weiter.<\/p>\n<p>Das Landesamt f\u00fcr Verfassungsschutz habe der Polizei daher entsprechende Erkenntnisse \u00fcbermittelt, worauf die Ordnungsh\u00fcter unverz\u00fcglich und pr\u00e4ventiv zugegriffen h\u00e4tten. Bei der Durchsuchung der Wohnr\u00e4ume des namentlich nicht genannten Aktivisten wurden unter anderem mehrere Datentr\u00e4ger beschlagnahmt sowie mehrere Messer. Ein Sturmgewehr, dessen Modell nicht genannt wird, wurde zwar verwunderlicherweise nicht gefunden, daf\u00fcr habe der Mann aber &#8220;offenbar Kontakte in die rechtsextremistische Szene&#8221;.<\/p>\n<p>F\u00fcr Otto Normalb\u00fcrger ohne Zugang zu Ermittlungsdaten ist es sehr schwierig, einige dieser Behauptungen zu \u00fcberpr\u00fcfen. Grund ist nicht zuletzt, dass alle Posts im Telegram-Kanal &#8220;Anderes Deutschland&#8221; mit knapp einem halben Tausend Abonnenten gel\u00f6scht wurden, ebenso wie der komplette von dort verlinkte <a rel=\"nofollow noopener\" target=\"_blank\" href=\"https:\/\/dasanderedeutschlandword.wordpress.com\/2022\/07\/16\/hello-world\/\">gleichnamige WordPress-Account<\/a>, auf dem der Nutzer (offenbar l\u00e4ngere) Texte ver\u00f6ffentlichte, auf die er dann von Telegram aus verwies. Dies muss entweder der Aktivist selbst im Laufe seiner Festnahme getan haben, um Beweismittel zu l\u00f6schen, oder er wurde nach der Festnahme dazu gezwungen beziehungsweise die Beamten bekamen Zugriff zu seinen Kan\u00e4len und l\u00f6schten die als in Deutschland verboten gewerteten Inhalte, um deren Weiterverbreitung zu unterbinden.<\/p>\n<p>Nichtsdestoweniger lassen sich zu bestimmten Aussagen der Staatsanwaltschaft in Wiedergabe durch die Medien Kommentare abgeben.<\/p>\n<p>An erster Stelle sei der zumindest nach der gegebenen Information anscheinend haltlose Vorwurf des Rechtsextremismus genannt. Und es geht nicht nur darum, dass der Kanal in der Tat nationalbolschewistisch positioniert wurde \u2013 und deutsche Nationalbolschewisten in ihren Gr\u00fcndungsjahren (denn in Deutschland wurde diese Couleur des Bolschewismus erfunden, jawoll!) aus ihrem proletarischen wie nationalen politischen Selbstverst\u00e4ndnis <a rel=\"nofollow noopener\" target=\"_blank\" href=\"https:\/\/de.wikipedia.org\/wiki\/Ernst_Niekisch#Drittes_Reich\">heraus Feinde des von beinahe ausnahmslos allen Rechtsextremen verg\u00f6tterten Dritten Reiches waren<\/a>\u00a0und ihre heutigen Erben heute noch <a rel=\"nofollow noopener\" target=\"_blank\" href=\"https:\/\/telemetr.me\/content\/anderesdeutschland\/post\/320\/\">dem Faschismus Feind sind<\/a>, oder auch dass die russischen Nationalbolschewisten, denen sich der anonyme Aktivist sich dem Titelbild des Kanals nach zu urteilen vielleicht etwas n\u00e4her verortet, auch heute allenfalls einen Boden- und keinen Blutnationalismus vertreten (und im Vergleich zur Anfangszeit der heute verbotenen russischen Nationalbolschewistischen Partei NBP in den letzten etwa dutzend Jahren ohnehin einen deutlichen Linksruck hinlegten).<\/p>\n<p>Denn wie die im Telegram-Kanal &#8220;Anderes Deutschland&#8221; verbreiteten Inhalte in etwa aussahen, l\u00e4sst sich n\u00e4mlich auf\u00a0einschl\u00e4gigen Telegram-Statistikportalen\u00a0nachpr\u00fcfen,\u00a0sofern sie neben den Statistiken zu jedem Post wie etwa die Aufrufzahlen auch die Flie\u00dftexte aus\u00a0den Telegram-Posts selbst, oder auch die Textvorschau verlinkter\u00a0Inhalte und Hyperlinks dorthin mitspeichern. Daher kann man es weitgehend dem namenlosen politischen Aktivisten selbst \u00fcberlassen, sich im moralischen Umfeld (wenn nicht vor Gericht) zu verteidigen, sofern man bereit ist, ein minimales Ma\u00df an Recherchearbeit auf sich zu nehmen. Auf genauere Beschreibung wird hier aus rechtlichen Bedenken verzichtet, ebenso wie auf das Verlinken. Doch wer wie der Autor dieses Kommentars den angedeuteten unschweren\u00a0Weg geht,\u00a0kann sich davon \u00fcberzeugen: Zumindest die richtigen Rechtsextremen, die heute stolz in der Ukraine offen Hakenkreuze und <a rel=\"nofollow noopener\" target=\"_blank\" href=\"https:\/\/de.rt.com\/meinung\/137279-trotz-bild-von-asow-regiment-mit-ss-ymbolen-springer-kann-keine-nazis-erkennen\/\">Runen der Waffen-SS pr\u00e4sentieren<\/a>, werden Faschisten genannt und ihnen gegen\u00fcber wird eine Position unnachgiebiger Feindschaft bezogen, eben eine antifaschistische. Kostprobe gef\u00e4llig? Bittesch\u00f6n:<\/p>\n<blockquote>\n<p><strong>Erneute Flugblattaktion der deutschen Nationalbolschewisten gegen das faschistische Asow-Bataillon!<\/strong>\u00a0<br \/> Diese Woche trafen sich mehrere Aktivisten im ostdeutschen Hagenow, um die \u00f6rtliche Bev\u00f6lkerung \u00fcber die Kriegsverbrechen des Asow-Bataillons aufzukl\u00e4ren. Asow k\u00e4mpft nicht f\u00fcr die Verteidigung des &#8230;&#8221;<\/p>\n<\/blockquote>\n<p>Den revolution\u00e4ren Gedanken \u2013 denn im Motto des Kanals wird nichts Geringeres als eine nationalbolschewistische Revolution, wenn auch nicht auf weiter pr\u00e4zisiertem Wege, gefordert \u2013 bezieht der Kanalautor allem Anschein nach bei keinem Geringeren als dem zweifelsohne linkspolitisch zu verortenden Bertolt Brecht. Denn\u00a0sein entsprechender Aufsatz von 1943\/44\u00a0<a rel=\"nofollow noopener\" target=\"_blank\" href=\"http:\/\/www.mlwerke.de\/br\/br_004.htm\">trug, wenig erstaunlich, den Titel &#8220;Das andere Deutschland&#8221;<\/a>. Doch auch an die deutsche, sp\u00e4ter lateinamerikanische\u00a0<a rel=\"nofollow noopener\" target=\"_blank\" href=\"https:\/\/de.wikipedia.org\/wiki\/Das_Andere_Deutschland\">antifaschistische Zeitung mit demselben Namen<\/a> erinnert der Kanalname sicherlich nicht zuf\u00e4llig.<\/p>\n<p>Und nicht zuletzt hat\u00a0der deutsche Nationalbolschewismus f\u00fcr den an sich schon inh\u00e4rent linken antiimperialistischen Gedanken, der im Kanal in Bezug auf die Ereignisse in der Ukraine laut gedacht wird, mit dem Juden <a rel=\"nofollow noopener\" target=\"_blank\" href=\"https:\/\/de.wikipedia.org\/wiki\/Paul_Eltzbacher\">Paul Eltzbacher seinen eigenen, ganz sicher so gar nicht rechtsextremen &#8220;Propheten&#8221;<\/a>.<\/p>\n<p>Grunds\u00e4tzlich aber scheint es dem Kanalautor am ehesten um den Wunsch zu gehen, dass Deutschland, aber auch grunds\u00e4tzlich jedes andere Land\u00a0eine souver\u00e4ne Innen- und Au\u00dfenpolitik im Namen des Wohlergehens des eigenen und letztlich aller V\u00f6lker, ganz nach Dr. Otto Strasser, verfolge.\u00a0Dies scheint er gerade beim bundesdeutschen Staat schmerzlich zu vermissen und macht es an der Energiepolitik und den Folgen, die diese wegen der aktuellen russlandbezogenen Au\u00dfenpolitik der BRD tragen muss, fest.<\/p>\n<figure class=\"RTImage-root\">\n<div class=\"RTImage-image RTImage-original\"><picture class=\"Picture-root Picture-original\"><!--[if IE 9]><video style=\"display: none;\"><![endif]--><source media=\"(-webkit-min-device-pixel-ratio: 2) and (min-resolution: 120dpi)\" data-srcset=\" \nhttp:\/\/just-now.news\/de\/wp-content\/uploads\/sites\/3\/2022\/08\/62ec496048fbef6dd506775d.png 850w,\n                http:\/\/just-now.news\/de\/wp-content\/uploads\/sites\/3\/2022\/08\/62ec496048fbef6dd506775d.png 1960w,\n            \" ><source data-srcset=\" \nhttp:\/\/just-now.news\/de\/wp-content\/uploads\/sites\/3\/2022\/08\/62ec496048fbef6dd506775d.png 460w,\n              http:\/\/just-now.news\/de\/wp-content\/uploads\/sites\/3\/2022\/08\/62ec496048fbef6dd506775d.png 980w,\n            \" ><!--[if IE 9]><\/video><![endif]--><img decoding=\"async\" data- src=\"data:image\/png;base64,iVBORw0KGgoAAAANSUhEUgAAABAAAAAJCAQAAACRI2S5AAAAEElEQVR42mNkIAAYRxWAAQAG9gAKqv6+AwAAAABJRU5ErkJggg==\" class=\"Picture-root Picture-original lazyload\" data-src=\"http:\/\/just-now.news\/de\/wp-content\/uploads\/sites\/3\/2022\/08\/62ec496048fbef6dd506775d.png\" alt=\"\"><\/source><\/source><\/picture><!-- noscript pattern --><noscript><img decoding=\"async\" src=\"http:\/\/just-now.news\/de\/wp-content\/uploads\/sites\/3\/2022\/08\/62ec496048fbef6dd506775d.png\" alt=\"\"><\/noscript><\/div><figcaption class=\"RTImage-footer\"><span class=\"RTImage-caption\"><span class=\"RTImage-captionItem\">Der deutsche Adler tr\u00e4gt in der Funktion als Symbol der deutschen Nationalbolschewisten neben dem heraldisch \u00fcblichen Schwert in einer Kralle den Hammer zur Brust und die Sichel in der anderem Kralle.<\/span><\/span><span class=\"RTImage-source\"><\/span><\/figcaption><\/figure>\n<\/p>\n<p>Ob der\u00a0Vorwurf, f\u00fcr den Dienst bei einem fremden Milit\u00e4r anzuwerben, stimmt oder nicht, kann\u00a0hier nat\u00fcrlich\u00a0schwer \u00fcberpr\u00fcft werden.\u00a0Zumindest was sich auf dem Telemetr-Eintrag\u00a0von\u00a0<em>Das andere Deutschland<\/em>\u00a0zu diesem Thema finden l\u00e4sst,\u00a0ist d\u00fcrftig. Es gibt die Weiterleitung\u00a0eines Posts aus einem russischen Nazbol-Kanal, in dem einerseits in der Tat\u00a0die\u00a0Aufnahme in die internationale Brigade &#8220;15&#8221; der Volksmiliz der Volksrepublik Donezk\u00a0bekannt gegeben und andererseits zum Spenden f\u00fcr die Front aufgerufen wird. Allerdings ist dieser Post in der russischen Sprache gehalten, von der man nicht unbedingt ausgehen kann, dass das deutsche Publikum sie ohne Weiteres versteht. Und\u00a0im Kommentar der Kanalbetreiber in deutscher Sprache dazu ist lediglich von der &#8220;Unterst\u00fctzung der zahlreichen Freiwilligen und Aktivisten&#8221; <strong><em>welcher Art auch immer<\/em><\/strong> die Rede, <strong><em>die sich bereits im Donbass befinden<\/em><\/strong> \u2013 und zwar\u00a0ohne dass die erstgenannte M\u00f6glichkeit auf Deutsch \u00fcberhaupt nur erw\u00e4hnt, geschweige denn dass zum Kampf gerufen wird. (Im \u00dcbrigen d\u00fcrfen die bundesdeutschen &#8220;kompetenten Organe&#8221; an dieser Stelle aufatmen: Wer der russischen Sprache\u00a0in einem Ma\u00dfe m\u00e4chtig ist, dass er in einer russischsprachigen Miliz dienen kann, findet den Original-Post oder \u00e4hnliche Aufnahmeannoncen auch ohnehin irgendwelche\u00a0vermeintliche Mittlerschaft\u00a0\u2013 weder von <em>Das Andere Deutschland<\/em> noch von <em>RT DE<\/em>.)<\/p>\n<p>Doch hier ist ein anderer Aspekt wichtiger. Denn Fakt ist: Korrekt, in Deutschland ist bereits das versuchte Anwerben f\u00fcr den Dienst in einem fremden Milit\u00e4r strafbar. Sch\u00f6n und gut. Nun stellt sich die Frage: Warum wird jemand f\u00fcr die Weiterleitung eines derartigen Inhalts in einer fremden, den meisten im Lande unverst\u00e4ndlichen Sprache strafrechtlich belangt\u00a0\u2013 alldieweil die bundesweit gelesene\u00a0<em>FAZ<\/em>\u00a0mit ihren riesigen Auflagenzahlen v\u00f6llig unbehelligt kaum etwas anderes tut, allerdings in deutscher Sprache?\u00a0Wenn sie n\u00e4mlich in einem Leitartikel an einem Beispiel <a rel=\"nofollow noopener\" target=\"_blank\" href=\"https:\/\/www.faz.net\/aktuell\/politik\/inland\/wie-deutsche-mit-der-fremdenlegion-in-den-ukraine-krieg-ziehen-17852190.html\">erkl\u00e4rt<\/a>, wie man als deutscher Staatsb\u00fcrger auf Seiten der zahlreichen Kriegsverbrechen l\u00e4ngst \u00fcberf\u00fchrten faschistischen Kiewer Junta in deren Vernichtungskrieg gegen Frauen und Kinder im Osten der Ukraine ziehen kann? Und dabei daran erinnert, dass der Dienst im Milit\u00e4r eines Drittlandes als solcher in Deutschland straffrei ist? Ist das etwas Anderes? Oder sind auf dieser Farm der Tiere Manche doch noch gleicher als Andere?\u00a0<\/p>\n<p>Dass das Z-Symbol, das nach L\u00f6schung aller Posts auf Telegram nunmehr allein im Kanallogo zu finden ist, wo es zudem ausgerechnet \u00fcber einem Logotyp der russischen, noch Limonowschen Nazbol (statt etwa \u00fcber dem Adler der deutschen Nationalbolschewisten) prangt, von den Medien oder der Staatsanwaltschaft als das wichtigste Zeichen der Unterst\u00fctzung der russischen humanit\u00e4ren Milit\u00e4rintervention durch den Kanalautor dargestellt wird, d\u00fcrfte kein Zufall sein. Denn der Kanalbetreiber spricht diese Unterst\u00fctzung explizit aus, mal mit mehr, mal mit weniger Kontext\u00a0\u2013 aber es ist eben stets weiterf\u00fchrender Kontext dabei, und es lassen sich Argumente f\u00fcr wie gegen suchen. So aber muss man sich nicht inhaltlich mit dem Vorwurf der &#8220;Billigung einer v\u00f6lkerrechtlichen Straftat in Form eines Angriffskrieges&#8221; besch\u00e4ftigen: Das w\u00e4re n\u00e4mlich gef\u00e4hrlich, man kann und muss n\u00e4mlich mit ungleich mehr Recht dem kollektiven Westen mit den USA an der Spitze vorwerfen, Angriffskriege abermals, noch und n\u00f6cher gef\u00fchrt und dabei oft mit Deckm\u00e4ntelchen verschiedentlicher herbeifingierter Anl\u00e4sse oder ma\u00dflos \u00fcberzogener Mandate\u00a0gearbeitet zu haben \u2013 sei es <a rel=\"nofollow noopener\" target=\"_blank\" href=\"https:\/\/de.rt.com\/der-nahe-osten\/104834-uberlaufer-von-maghawir-al-thawra-usa-rekrutieren-is\/\">Unterst\u00fctzung demokratischer Oppositionskr\u00e4fte<\/a>,\u00a0<a rel=\"nofollow noopener\" target=\"_blank\" href=\"https:\/\/de.rt.com\/meinung\/104927-libyen-stellvertreterkriege-treten-in-neue\/\">humanit\u00e4re Intervention<\/a>,\u00a0<a rel=\"nofollow noopener\" target=\"_blank\" href=\"https:\/\/de.rt.com\/meinung\/85397-20-jahre-seit-nato-angriff-auf-jugoslawien-nato-drehbuch-massaker-srebrenica-zwei\/\">Verhinderung von Genozid<\/a>, <a rel=\"nofollow noopener\" target=\"_blank\" href=\"https:\/\/de.rt.com\/meinung\/136128-westliche-hegemonie-und-machtpolitik-sind\/\">Nichtverbreitung von Massenvernichtungswaffen<\/a>, <a rel=\"nofollow noopener\" target=\"_blank\" href=\"https:\/\/de.rt.com\/meinung\/32174-ex-cia-analyst-ray-mcgovern\/\">Vergeltung f\u00fcr vermeintliche Angriffe oder Verhinderung k\u00fcnftiger<\/a>, <a rel=\"nofollow noopener\" target=\"_blank\" href=\"https:\/\/de.rt.com\/meinung\/132075-wie-oft-sagten-usa-schon-glaubt-uns\/\">Eind\u00e4mmen unerw\u00fcnschter, oft als unmenschlich lediglich verschriener Ideologien oder\u00a0vieles \u00c4hnliche mehr<\/a>. Demgegen\u00fcber haben viele, sogar wohl nahezu alle diese Argumente volle G\u00fcltigkeit, wenn man sie auf den russischen Sondereinsatz im ukrainischen Krieg zu seiner Begr\u00fcndung anwendet. Einen guten \u00dcberblick hierzu <a rel=\"nofollow noopener\" target=\"_blank\" href=\"https:\/\/de.rt.com\/russland\/133033-prasentation-von-russlands-aussenamt-donbass-ukraine-2014-2022\/\">liefert<\/a> eine <a rel=\"nofollow noopener\" target=\"_blank\" href=\"https:\/\/img.rt.com\/deutsch\/docs\/2022.03\/original\/62208182b480cc7fc919f230\/Wahrheit+hinter+den+Ereignissen+in+der+Ukraine+und+im+Donbass.+Ru.%2C+Eng..pdf\">Pr\u00e4sentation des russischen Au\u00dfenministeriums<\/a> zu den Gr\u00fcnden des milit\u00e4rischen Sondereinsatzes im seit dem Jahr 2014 mal w\u00fctenden, mal schwelenden Ukraine-Krieg.<\/p>\n<p>An dieser Stelle\u00a0sollte am besten der festgenommene Kanalbetreiber selbst zu Wort kommen \u2013 hier verlinkt und kommentiert er eine <a rel=\"nofollow noopener\" target=\"_blank\" href=\"https:\/\/de.rt.com\/europa\/144839-lettland-fordert-von-russen\/\">Nachricht<\/a> von <em>RT DE<\/em>:<\/p>\n<blockquote>\n<p><strong>Lettland fordert von Russen, dass sie bei der Einreise die russische Milit\u00e4roperation verurteilen<\/strong><\/p>\n<p><em>&#8220;Ob man von US-B\u00fcrgern demn\u00e4chst auch bei der Einreise in die EU fordern darf, dass diese die v\u00f6lkerrechtswidrigen Angriffskriege der USA gegen Jugoslawien, Afghanistan oder den Irak verurteilen?&#8221;<\/em><\/p>\n<\/blockquote>\n<p>Dem ist nichts mehr hinzuzuf\u00fcgen.<\/p>\n<p><strong>Mehr zum Thema<\/strong>\u00a0\u2013\u00a0<a rel=\"nofollow noopener\" target=\"_blank\" href=\"https:\/\/de.rt.com\/russland\/133033-prasentation-von-russlands-aussenamt-donbass-ukraine-2014-2022\/\">Russlands Au\u00dfenministerium: Donbass und Ukraine 2014-2022 \u2013 Die Gr\u00fcnde f\u00fcr den Milit\u00e4reinsatz<\/a><\/p>\n<\/div>\n<p><br \/>\n<br \/><a href=\"https:\/\/de.rt.com\/meinung\/145343-zensur-wutet-mainstream-freut-sich\/\">Source link <\/a><\/p>\n","protected":false},"excerpt":{"rendered":"<p>Die Festnahme eines Hamburger Aktivisten, der auf sozialen Netzen Inhalte teilte, in denen Unterst\u00fctzung der russischen Operation in der Ukraine bekundet und erwiesen wurde, beleuchteten die deutschen Medien gewohnt einseitig. Zensur wird gefeiert, um inhaltliche Auseinandersetzung zu meiden. von Joe Bessemer &#8220;Ermittler haben in Hamburg einen Mann festgenommen, der auf einem Telegram-Kanal russische Propaganda zum [&hellip;]<\/p>\n","protected":false},"author":3,"featured_media":16325,"comment_status":"open","ping_status":"open","sticky":false,"template":"","format":"standard","meta":{"wp_automatic_camp":["217"],"7c89cce31b3cd9eb70c9f867057a64db":["Zensur w\u00fctet \u2013 Mainstream freut sich: &quot;Prorussischer&quot; Aktivist in Hamburg festgenommen"],"original_link":["https:\/\/de.rt.com\/meinung\/145343-zensur-wutet-mainstream-freut-sich\/"],"_thumbnail_id":["16325"],"_wptg_p2tg_sent2tg":["2022-08-06 20:28:25"],"jnews_social_counter_last_update":["1777338132"]},"categories":[19,23],"tags":[19770,1356,29929,26091,24689,30514,434,30513,5381],"yoast_head":"<!-- This site is optimized with the Yoast SEO Premium plugin v22.7 (Yoast SEO v22.7) - https:\/\/yoast.com\/wordpress\/plugins\/seo\/ -->\n<title>Zensur w\u00fctet \u2013 Mainstream freut sich: &quot;Prorussischer&quot; Aktivist in Hamburg festgenommen - just-now.NEWS Deutschland<\/title>\n<meta name=\"robots\" content=\"index, follow, max-snippet:-1, max-image-preview:large, max-video-preview:-1\" \/>\n<link rel=\"canonical\" href=\"https:\/\/now-news.de\/de\/deutschland\/zensur-wuetet-mainstream-freut-sich-prorussischer-aktivist-in-hamburg-festgenommen\/\" \/>\n<meta property=\"og:locale\" content=\"de_DE\" \/>\n<meta property=\"og:type\" content=\"article\" \/>\n<meta property=\"og:title\" content=\"Zensur w\u00fctet \u2013 Mainstream freut sich: &quot;Prorussischer&quot; Aktivist in Hamburg festgenommen\" \/>\n<meta property=\"og:description\" content=\"Die Festnahme eines Hamburger Aktivisten, der auf sozialen Netzen Inhalte teilte, in denen Unterst\u00fctzung der russischen Operation in der Ukraine bekundet und erwiesen wurde, beleuchteten die deutschen Medien gewohnt einseitig. Zensur wird gefeiert, um inhaltliche Auseinandersetzung zu meiden. von Joe Bessemer &#8220;Ermittler haben in Hamburg einen Mann festgenommen, der auf einem Telegram-Kanal russische Propaganda zum [&hellip;]\" \/>\n<meta property=\"og:url\" content=\"https:\/\/now-news.de\/de\/deutschland\/zensur-wuetet-mainstream-freut-sich-prorussischer-aktivist-in-hamburg-festgenommen\/\" \/>\n<meta property=\"og:site_name\" content=\"just-now.NEWS Deutschland\" \/>\n<meta property=\"article:publisher\" content=\"https:\/\/www.facebook.com\/wirmachenauf\" \/>\n<meta property=\"article:published_time\" content=\"2022-08-06T18:15:15+00:00\" \/>\n<meta property=\"og:image\" content=\"https:\/\/now-news.de\/de\/wp-content\/uploads\/sites\/3\/2022\/08\/Zensur-wuetet-\u2013-Mainstream-freut-sich-quotProrussischerquot-Aktivist-in-Hamburg.png\" \/>\n\t<meta property=\"og:image:width\" content=\"1593\" \/>\n\t<meta property=\"og:image:height\" content=\"883\" \/>\n\t<meta property=\"og:image:type\" content=\"image\/png\" \/>\n<meta name=\"author\" content=\"rtnews\" \/>\n<meta name=\"twitter:card\" content=\"summary_large_image\" \/>\n<meta name=\"twitter:creator\" content=\"@WirMachenAuf_de\" \/>\n<meta name=\"twitter:site\" content=\"@WirMachenAuf_de\" \/>\n<meta name=\"twitter:label1\" content=\"Verfasst von\" \/>\n\t<meta name=\"twitter:data1\" content=\"rtnews\" \/>\n\t<meta name=\"twitter:label2\" content=\"Gesch\u00e4tzte Lesezeit\" \/>\n\t<meta name=\"twitter:data2\" content=\"9\u00a0Minuten\" \/>\n<script type=\"application\/ld+json\" class=\"yoast-schema-graph\">{\"@context\":\"https:\/\/schema.org\",\"@graph\":[{\"@type\":\"Article\",\"@id\":\"https:\/\/now-news.de\/de\/deutschland\/zensur-wuetet-mainstream-freut-sich-prorussischer-aktivist-in-hamburg-festgenommen\/#article\",\"isPartOf\":{\"@id\":\"https:\/\/now-news.de\/de\/deutschland\/zensur-wuetet-mainstream-freut-sich-prorussischer-aktivist-in-hamburg-festgenommen\/\"},\"author\":{\"name\":\"rtnews\",\"@id\":\"https:\/\/now-news.de\/de\/#\/schema\/person\/fb534a4e865501d8b3285208df34a9b5\"},\"headline\":\"Zensur w\u00fctet \u2013 Mainstream freut sich: &quot;Prorussischer&quot; Aktivist in Hamburg festgenommen\",\"datePublished\":\"2022-08-06T18:15:15+00:00\",\"dateModified\":\"2022-08-06T18:15:15+00:00\",\"mainEntityOfPage\":{\"@id\":\"https:\/\/now-news.de\/de\/deutschland\/zensur-wuetet-mainstream-freut-sich-prorussischer-aktivist-in-hamburg-festgenommen\/\"},\"wordCount\":1872,\"commentCount\":0,\"publisher\":{\"@id\":\"https:\/\/now-news.de\/de\/#organization\"},\"image\":{\"@id\":\"https:\/\/now-news.de\/de\/deutschland\/zensur-wuetet-mainstream-freut-sich-prorussischer-aktivist-in-hamburg-festgenommen\/#primaryimage\"},\"thumbnailUrl\":\"https:\/\/now-news.de\/de\/wp-content\/uploads\/sites\/3\/2022\/08\/Zensur-wuetet-\u2013-Mainstream-freut-sich-quotProrussischerquot-Aktivist-in-Hamburg.png\",\"keywords\":[\"Aktivist\",\"festgenommen\",\"freut\",\"Hamburg\",\"Mainstream\",\"quotProrussischerquot\",\"sich\",\"w\u00fctet\",\"Zensur\"],\"articleSection\":[\"Deutschland\",\"Russland\"],\"inLanguage\":\"de\",\"potentialAction\":[{\"@type\":\"CommentAction\",\"name\":\"Comment\",\"target\":[\"https:\/\/now-news.de\/de\/deutschland\/zensur-wuetet-mainstream-freut-sich-prorussischer-aktivist-in-hamburg-festgenommen\/#respond\"]}]},{\"@type\":\"WebPage\",\"@id\":\"https:\/\/now-news.de\/de\/deutschland\/zensur-wuetet-mainstream-freut-sich-prorussischer-aktivist-in-hamburg-festgenommen\/\",\"url\":\"https:\/\/now-news.de\/de\/deutschland\/zensur-wuetet-mainstream-freut-sich-prorussischer-aktivist-in-hamburg-festgenommen\/\",\"name\":\"Zensur w\u00fctet \u2013 Mainstream freut sich: &quot;Prorussischer&quot; Aktivist in Hamburg festgenommen - just-now.NEWS Deutschland\",\"isPartOf\":{\"@id\":\"https:\/\/now-news.de\/de\/#website\"},\"primaryImageOfPage\":{\"@id\":\"https:\/\/now-news.de\/de\/deutschland\/zensur-wuetet-mainstream-freut-sich-prorussischer-aktivist-in-hamburg-festgenommen\/#primaryimage\"},\"image\":{\"@id\":\"https:\/\/now-news.de\/de\/deutschland\/zensur-wuetet-mainstream-freut-sich-prorussischer-aktivist-in-hamburg-festgenommen\/#primaryimage\"},\"thumbnailUrl\":\"https:\/\/now-news.de\/de\/wp-content\/uploads\/sites\/3\/2022\/08\/Zensur-wuetet-\u2013-Mainstream-freut-sich-quotProrussischerquot-Aktivist-in-Hamburg.png\",\"datePublished\":\"2022-08-06T18:15:15+00:00\",\"dateModified\":\"2022-08-06T18:15:15+00:00\",\"breadcrumb\":{\"@id\":\"https:\/\/now-news.de\/de\/deutschland\/zensur-wuetet-mainstream-freut-sich-prorussischer-aktivist-in-hamburg-festgenommen\/#breadcrumb\"},\"inLanguage\":\"de\",\"potentialAction\":[{\"@type\":\"ReadAction\",\"target\":[\"https:\/\/now-news.de\/de\/deutschland\/zensur-wuetet-mainstream-freut-sich-prorussischer-aktivist-in-hamburg-festgenommen\/\"]}]},{\"@type\":\"ImageObject\",\"inLanguage\":\"de\",\"@id\":\"https:\/\/now-news.de\/de\/deutschland\/zensur-wuetet-mainstream-freut-sich-prorussischer-aktivist-in-hamburg-festgenommen\/#primaryimage\",\"url\":\"https:\/\/now-news.de\/de\/wp-content\/uploads\/sites\/3\/2022\/08\/Zensur-wuetet-\u2013-Mainstream-freut-sich-quotProrussischerquot-Aktivist-in-Hamburg.png\",\"contentUrl\":\"https:\/\/now-news.de\/de\/wp-content\/uploads\/sites\/3\/2022\/08\/Zensur-wuetet-\u2013-Mainstream-freut-sich-quotProrussischerquot-Aktivist-in-Hamburg.png\",\"width\":1593,\"height\":883,\"caption\":\"Zensur w\u00fctet \u2013 Mainstream freut sich: &quot;Prorussischer&quot; Aktivist in Hamburg festgenommen\"},{\"@type\":\"BreadcrumbList\",\"@id\":\"https:\/\/now-news.de\/de\/deutschland\/zensur-wuetet-mainstream-freut-sich-prorussischer-aktivist-in-hamburg-festgenommen\/#breadcrumb\",\"itemListElement\":[{\"@type\":\"ListItem\",\"position\":1,\"name\":\"Home\",\"item\":\"https:\/\/now-news.de\/de\/\"},{\"@type\":\"ListItem\",\"position\":2,\"name\":\"Zensur w\u00fctet \u2013 Mainstream freut sich: &quot;Prorussischer&quot; Aktivist in Hamburg festgenommen\"}]},{\"@type\":\"WebSite\",\"@id\":\"https:\/\/now-news.de\/de\/#website\",\"url\":\"https:\/\/now-news.de\/de\/\",\"name\":\"just-now.NEWS Deutschland\",\"description\":\"Das Portal f\u00fcr unzensierte Nachrichten aus der Welt\",\"publisher\":{\"@id\":\"https:\/\/now-news.de\/de\/#organization\"},\"potentialAction\":[{\"@type\":\"SearchAction\",\"target\":{\"@type\":\"EntryPoint\",\"urlTemplate\":\"https:\/\/now-news.de\/de\/?s={search_term_string}\"},\"query-input\":\"required name=search_term_string\"}],\"inLanguage\":\"de\"},{\"@type\":\"Organization\",\"@id\":\"https:\/\/now-news.de\/de\/#organization\",\"name\":\"Just Now News\",\"url\":\"https:\/\/now-news.de\/de\/\",\"logo\":{\"@type\":\"ImageObject\",\"inLanguage\":\"de\",\"@id\":\"https:\/\/now-news.de\/de\/#\/schema\/logo\/image\/\",\"url\":\"http:\/\/just-now.news\/de\/wp-content\/uploads\/sites\/3\/2022\/04\/logo500x500.jpg\",\"contentUrl\":\"http:\/\/just-now.news\/de\/wp-content\/uploads\/sites\/3\/2022\/04\/logo500x500.jpg\",\"width\":500,\"height\":500,\"caption\":\"Just Now News\"},\"image\":{\"@id\":\"https:\/\/now-news.de\/de\/#\/schema\/logo\/image\/\"},\"sameAs\":[\"https:\/\/www.facebook.com\/wirmachenauf\",\"https:\/\/x.com\/WirMachenAuf_de\"]},{\"@type\":\"Person\",\"@id\":\"https:\/\/now-news.de\/de\/#\/schema\/person\/fb534a4e865501d8b3285208df34a9b5\",\"name\":\"rtnews\",\"image\":{\"@type\":\"ImageObject\",\"inLanguage\":\"de\",\"@id\":\"https:\/\/now-news.de\/de\/#\/schema\/person\/image\/\",\"url\":\"https:\/\/secure.gravatar.com\/avatar\/82aafea7d8127119dd649515f56e2117?s=96&d=mm&r=g\",\"contentUrl\":\"https:\/\/secure.gravatar.com\/avatar\/82aafea7d8127119dd649515f56e2117?s=96&d=mm&r=g\",\"caption\":\"rtnews\"},\"url\":\"https:\/\/now-news.de\/de\/author\/rnews\/\"}]}<\/script>\n<!-- \/ Yoast SEO Premium plugin. -->","yoast_head_json":{"title":"Zensur w\u00fctet \u2013 Mainstream freut sich: &quot;Prorussischer&quot; Aktivist in Hamburg festgenommen - just-now.NEWS Deutschland","robots":{"index":"index","follow":"follow","max-snippet":"max-snippet:-1","max-image-preview":"max-image-preview:large","max-video-preview":"max-video-preview:-1"},"canonical":"https:\/\/now-news.de\/de\/deutschland\/zensur-wuetet-mainstream-freut-sich-prorussischer-aktivist-in-hamburg-festgenommen\/","og_locale":"de_DE","og_type":"article","og_title":"Zensur w\u00fctet \u2013 Mainstream freut sich: &quot;Prorussischer&quot; Aktivist in Hamburg festgenommen","og_description":"Die Festnahme eines Hamburger Aktivisten, der auf sozialen Netzen Inhalte teilte, in denen Unterst\u00fctzung der russischen Operation in der Ukraine bekundet und erwiesen wurde, beleuchteten die deutschen Medien gewohnt einseitig. Zensur wird gefeiert, um inhaltliche Auseinandersetzung zu meiden. von Joe Bessemer &#8220;Ermittler haben in Hamburg einen Mann festgenommen, der auf einem Telegram-Kanal russische Propaganda zum [&hellip;]","og_url":"https:\/\/now-news.de\/de\/deutschland\/zensur-wuetet-mainstream-freut-sich-prorussischer-aktivist-in-hamburg-festgenommen\/","og_site_name":"just-now.NEWS Deutschland","article_publisher":"https:\/\/www.facebook.com\/wirmachenauf","article_published_time":"2022-08-06T18:15:15+00:00","og_image":[{"width":1593,"height":883,"url":"https:\/\/now-news.de\/de\/wp-content\/uploads\/sites\/3\/2022\/08\/Zensur-wuetet-\u2013-Mainstream-freut-sich-quotProrussischerquot-Aktivist-in-Hamburg.png","type":"image\/png"}],"author":"rtnews","twitter_card":"summary_large_image","twitter_creator":"@WirMachenAuf_de","twitter_site":"@WirMachenAuf_de","twitter_misc":{"Verfasst von":"rtnews","Gesch\u00e4tzte Lesezeit":"9\u00a0Minuten"},"schema":{"@context":"https:\/\/schema.org","@graph":[{"@type":"Article","@id":"https:\/\/now-news.de\/de\/deutschland\/zensur-wuetet-mainstream-freut-sich-prorussischer-aktivist-in-hamburg-festgenommen\/#article","isPartOf":{"@id":"https:\/\/now-news.de\/de\/deutschland\/zensur-wuetet-mainstream-freut-sich-prorussischer-aktivist-in-hamburg-festgenommen\/"},"author":{"name":"rtnews","@id":"https:\/\/now-news.de\/de\/#\/schema\/person\/fb534a4e865501d8b3285208df34a9b5"},"headline":"Zensur w\u00fctet \u2013 Mainstream freut sich: &quot;Prorussischer&quot; Aktivist in Hamburg festgenommen","datePublished":"2022-08-06T18:15:15+00:00","dateModified":"2022-08-06T18:15:15+00:00","mainEntityOfPage":{"@id":"https:\/\/now-news.de\/de\/deutschland\/zensur-wuetet-mainstream-freut-sich-prorussischer-aktivist-in-hamburg-festgenommen\/"},"wordCount":1872,"commentCount":0,"publisher":{"@id":"https:\/\/now-news.de\/de\/#organization"},"image":{"@id":"https:\/\/now-news.de\/de\/deutschland\/zensur-wuetet-mainstream-freut-sich-prorussischer-aktivist-in-hamburg-festgenommen\/#primaryimage"},"thumbnailUrl":"https:\/\/now-news.de\/de\/wp-content\/uploads\/sites\/3\/2022\/08\/Zensur-wuetet-\u2013-Mainstream-freut-sich-quotProrussischerquot-Aktivist-in-Hamburg.png","keywords":["Aktivist","festgenommen","freut","Hamburg","Mainstream","quotProrussischerquot","sich","w\u00fctet","Zensur"],"articleSection":["Deutschland","Russland"],"inLanguage":"de","potentialAction":[{"@type":"CommentAction","name":"Comment","target":["https:\/\/now-news.de\/de\/deutschland\/zensur-wuetet-mainstream-freut-sich-prorussischer-aktivist-in-hamburg-festgenommen\/#respond"]}]},{"@type":"WebPage","@id":"https:\/\/now-news.de\/de\/deutschland\/zensur-wuetet-mainstream-freut-sich-prorussischer-aktivist-in-hamburg-festgenommen\/","url":"https:\/\/now-news.de\/de\/deutschland\/zensur-wuetet-mainstream-freut-sich-prorussischer-aktivist-in-hamburg-festgenommen\/","name":"Zensur w\u00fctet \u2013 Mainstream freut sich: &quot;Prorussischer&quot; Aktivist in Hamburg festgenommen - just-now.NEWS Deutschland","isPartOf":{"@id":"https:\/\/now-news.de\/de\/#website"},"primaryImageOfPage":{"@id":"https:\/\/now-news.de\/de\/deutschland\/zensur-wuetet-mainstream-freut-sich-prorussischer-aktivist-in-hamburg-festgenommen\/#primaryimage"},"image":{"@id":"https:\/\/now-news.de\/de\/deutschland\/zensur-wuetet-mainstream-freut-sich-prorussischer-aktivist-in-hamburg-festgenommen\/#primaryimage"},"thumbnailUrl":"https:\/\/now-news.de\/de\/wp-content\/uploads\/sites\/3\/2022\/08\/Zensur-wuetet-\u2013-Mainstream-freut-sich-quotProrussischerquot-Aktivist-in-Hamburg.png","datePublished":"2022-08-06T18:15:15+00:00","dateModified":"2022-08-06T18:15:15+00:00","breadcrumb":{"@id":"https:\/\/now-news.de\/de\/deutschland\/zensur-wuetet-mainstream-freut-sich-prorussischer-aktivist-in-hamburg-festgenommen\/#breadcrumb"},"inLanguage":"de","potentialAction":[{"@type":"ReadAction","target":["https:\/\/now-news.de\/de\/deutschland\/zensur-wuetet-mainstream-freut-sich-prorussischer-aktivist-in-hamburg-festgenommen\/"]}]},{"@type":"ImageObject","inLanguage":"de","@id":"https:\/\/now-news.de\/de\/deutschland\/zensur-wuetet-mainstream-freut-sich-prorussischer-aktivist-in-hamburg-festgenommen\/#primaryimage","url":"https:\/\/now-news.de\/de\/wp-content\/uploads\/sites\/3\/2022\/08\/Zensur-wuetet-\u2013-Mainstream-freut-sich-quotProrussischerquot-Aktivist-in-Hamburg.png","contentUrl":"https:\/\/now-news.de\/de\/wp-content\/uploads\/sites\/3\/2022\/08\/Zensur-wuetet-\u2013-Mainstream-freut-sich-quotProrussischerquot-Aktivist-in-Hamburg.png","width":1593,"height":883,"caption":"Zensur w\u00fctet \u2013 Mainstream freut sich: &quot;Prorussischer&quot; Aktivist in Hamburg festgenommen"},{"@type":"BreadcrumbList","@id":"https:\/\/now-news.de\/de\/deutschland\/zensur-wuetet-mainstream-freut-sich-prorussischer-aktivist-in-hamburg-festgenommen\/#breadcrumb","itemListElement":[{"@type":"ListItem","position":1,"name":"Home","item":"https:\/\/now-news.de\/de\/"},{"@type":"ListItem","position":2,"name":"Zensur w\u00fctet \u2013 Mainstream freut sich: &quot;Prorussischer&quot; Aktivist in Hamburg festgenommen"}]},{"@type":"WebSite","@id":"https:\/\/now-news.de\/de\/#website","url":"https:\/\/now-news.de\/de\/","name":"just-now.NEWS Deutschland","description":"Das Portal f\u00fcr unzensierte Nachrichten aus der Welt","publisher":{"@id":"https:\/\/now-news.de\/de\/#organization"},"potentialAction":[{"@type":"SearchAction","target":{"@type":"EntryPoint","urlTemplate":"https:\/\/now-news.de\/de\/?s={search_term_string}"},"query-input":"required name=search_term_string"}],"inLanguage":"de"},{"@type":"Organization","@id":"https:\/\/now-news.de\/de\/#organization","name":"Just Now News","url":"https:\/\/now-news.de\/de\/","logo":{"@type":"ImageObject","inLanguage":"de","@id":"https:\/\/now-news.de\/de\/#\/schema\/logo\/image\/","url":"http:\/\/just-now.news\/de\/wp-content\/uploads\/sites\/3\/2022\/04\/logo500x500.jpg","contentUrl":"http:\/\/just-now.news\/de\/wp-content\/uploads\/sites\/3\/2022\/04\/logo500x500.jpg","width":500,"height":500,"caption":"Just Now News"},"image":{"@id":"https:\/\/now-news.de\/de\/#\/schema\/logo\/image\/"},"sameAs":["https:\/\/www.facebook.com\/wirmachenauf","https:\/\/x.com\/WirMachenAuf_de"]},{"@type":"Person","@id":"https:\/\/now-news.de\/de\/#\/schema\/person\/fb534a4e865501d8b3285208df34a9b5","name":"rtnews","image":{"@type":"ImageObject","inLanguage":"de","@id":"https:\/\/now-news.de\/de\/#\/schema\/person\/image\/","url":"https:\/\/secure.gravatar.com\/avatar\/82aafea7d8127119dd649515f56e2117?s=96&d=mm&r=g","contentUrl":"https:\/\/secure.gravatar.com\/avatar\/82aafea7d8127119dd649515f56e2117?s=96&d=mm&r=g","caption":"rtnews"},"url":"https:\/\/now-news.de\/de\/author\/rnews\/"}]}},"_links":{"self":[{"href":"https:\/\/now-news.de\/de\/wp-json\/wp\/v2\/posts\/16324"}],"collection":[{"href":"https:\/\/now-news.de\/de\/wp-json\/wp\/v2\/posts"}],"about":[{"href":"https:\/\/now-news.de\/de\/wp-json\/wp\/v2\/types\/post"}],"author":[{"embeddable":true,"href":"https:\/\/now-news.de\/de\/wp-json\/wp\/v2\/users\/3"}],"replies":[{"embeddable":true,"href":"https:\/\/now-news.de\/de\/wp-json\/wp\/v2\/comments?post=16324"}],"version-history":[{"count":0,"href":"https:\/\/now-news.de\/de\/wp-json\/wp\/v2\/posts\/16324\/revisions"}],"wp:featuredmedia":[{"embeddable":true,"href":"https:\/\/now-news.de\/de\/wp-json\/wp\/v2\/media\/16325"}],"wp:attachment":[{"href":"https:\/\/now-news.de\/de\/wp-json\/wp\/v2\/media?parent=16324"}],"wp:term":[{"taxonomy":"category","embeddable":true,"href":"https:\/\/now-news.de\/de\/wp-json\/wp\/v2\/categories?post=16324"},{"taxonomy":"post_tag","embeddable":true,"href":"https:\/\/now-news.de\/de\/wp-json\/wp\/v2\/tags?post=16324"}],"curies":[{"name":"wp","href":"https:\/\/api.w.org\/{rel}","templated":true}]}}