{"id":16283,"date":"2022-08-06T09:58:43","date_gmt":"2022-08-06T07:58:43","guid":{"rendered":"http:\/\/just-now.news\/de\/deutschland\/ab-oktober-dreifach-geimpfte-duerfen-bald-wieder-bei-null-anfangen\/"},"modified":"2022-08-06T09:58:43","modified_gmt":"2022-08-06T07:58:43","slug":"ab-oktober-dreifach-geimpfte-duerfen-bald-wieder-bei-null-anfangen","status":"publish","type":"post","link":"https:\/\/now-news.de\/de\/deutschland\/ab-oktober-dreifach-geimpfte-duerfen-bald-wieder-bei-null-anfangen\/","title":{"rendered":"Ab Oktober: Dreifach Geimpfte d\u00fcrfen bald wieder bei null anfangen"},"content":{"rendered":"<p><img decoding=\"async\" src=\"http:\/\/just-now.news\/de\/wp-content\/uploads\/sites\/3\/2022\/08\/62ed5c91b480cc19dc5e55cc.jpg\" \/><\/p>\n<div class=\"Text-root Text-type_1 \">\n                Der neue Entwurf des Infektionsschutzgesetzes sorgt schon nach kurzer Zeit f\u00fcr Kritik: Grund daf\u00fcr ist das Ablaufen des Status &#8220;geimpft&#8221; nach nur drei Monaten. In der Union fragt man sich, ob Lauterbach mit dieser Methode &#8220;seine \u00fcbervollen Impfstofflager&#8221; leeren will.\n            <\/div>\n<p><\/p>\n<div class=\"Text-root Text-type_5 ArticleView-text ViewText-root \">\n<p>Das von Bundesgesundheitsminister Karl Lauterbach (SPD) und Bundesjustizminister Marco Buschmann (FDP) ausgehandelte neue Infektionsschutzgesetz sieht sich bereits nach kurzer Zeit deutlicher Kritik ausgesetzt. Ab Oktober soll demnach weiterhin die Maskenpflicht im \u00f6ffentlichen Fernverkehr sowie eine Masken- und Testpflicht in Krankenh\u00e4usern und Pflegeeinrichtungen gelten. Bei einer sich versch\u00e4rfenden Infektionslage k\u00f6nnen die L\u00e4nder nun selbst entscheiden, ob sie h\u00e4rtere Ma\u00dfnahmen ergreifen.<\/p>\n<p>Bei Restaurants, Bars, Kultur- und Sportveranstaltungen wird es jedoch kompliziert. Im Falle entsprechender L\u00e4nderentscheidungen m\u00fcssen diejenigen keine Maske tragen, die getestet, genesen oder frisch geimpft sind.<\/p>\n<p>Die Einrichtungen m\u00fcssten dann also wieder erneut den Impf-, Genesenen- oder Teststatus am Eingang \u00fcberpr\u00fcfen. Das Gesundheitsministerium r\u00e4umte auch ein, dass\u00a0sich beispielsweise im dunklen Kinosaal maximal stichprobenartig \u00fcberpr\u00fcfen lie\u00dfe, ob man seine Maske trage. Das Justizministerium schlug daher vor, dass die\u00a0Veranstalter sich zur Unterscheidung der Besucher etwas ausdenken k\u00f6nnten, etwa Aufkleber.<\/p>\n<p>Zudem d\u00fcrfte die neue Definition von &#8220;geimpft&#8221; f\u00fcr Streit und weitere Diskussionen sorgen, denn laut Entwurf ist der Zeitpunkt der dritten Impfung entscheidend: Liegt dieser l\u00e4nger als drei Monate zur\u00fcck, gilt man\u00a0als &#8220;ungeimpft&#8221;. Die Betroffenen w\u00fcrden dann die vierte und f\u00fcnfte Impfung ben\u00f6tigen, um von Oktober bis April am \u00f6ffentlichen Leben in Restaurants, Bars und Kultureinrichtungen teilnehmen zu d\u00fcrfen, ohne Tests und Masken zu nutzen. Lauterbachs Auffassung zufolge\u00a0sind drei Monate ein gutes Zeitfenster, in dem man &#8220;wahrscheinlich gut gesch\u00fctzt&#8221; sei. Dem Gesundheitsminister zufolge solle das auch als &#8220;Anreiz f\u00fcr die Impfung&#8221; gesehen werden.\u00a0<\/p>\n<p>Dies sorgte f\u00fcr scharfe Kritik, da die St\u00e4ndige Impfkommission (STIKO) die vierte Impfung bisher nur f\u00fcr Personen \u00fcber 70 Jahren empfiehlt. Der Virologe Hendrik Streeck sagte der <em>Bild<\/em> am Donnerstag, es k\u00f6nne &#8220;nicht die L\u00f6sung sein, sich dauerhaft impfen zu lassen&#8221;. Menschen sollten sich impfen lassen, wenn sie &#8220;das Risiko eines schweren Verlaufs&#8221; verringern wollen, aber &#8220;nicht in der Hoffnung, mehr Freiheiten zu bekommen&#8221;.<\/p>\n<p>Scharfe Kritik kam auch von der Union: Tino Sorge, gesundheitspolitischer Sprecher der Unionsfraktion im Bundestag, ist ebenfalls der Meinung, dass dies &#8220;im krassem Widerspruch zu STIKO-Empfehlung&#8221; stehe, und kritisierte, dass nunmehr dreifach Geimpfte &#8220;faktisch noch zu einer Viert- oder gar F\u00fcnftimpfung gedr\u00e4ngt werden&#8221;. Sorge sagte:<\/p>\n<blockquote>\n<p><em>&#8220;Man k\u00f6nnte fast vermuten, dies soll Karl Lauterbach dabei helfen, seine \u00fcbervollen Impfstofflager zu leeren.&#8221;<\/em><\/p>\n<\/blockquote>\n<p>Der Vorstandsvorsitzende der Kassen\u00e4rztlichen Bundesvereinigung Andreas Gassen erkl\u00e4rte:<\/p>\n<blockquote>\n<p><em>&#8220;Menschen \u00fcber derartige Regularien ohne wissenschaftliche Grundlage quasi zu immer neuen Boosterimpfungen zu zwingen, w\u00e4re un\u00e4rztlich. Dieser Regelungsvorschlag aus dem neuen Infektionsschutzgesetz muss ge\u00e4ndert werden.&#8221;<\/em><\/p>\n<\/blockquote>\n<p>Lauterbach hatte zum neuen Infektionsschutzgesetz auf Twitter mitgeteilt:<\/p>\n<blockquote>\n<p><em>&#8220;Zus\u00e4tzlich auch Masken und Tests bei Sch\u00fclern ab 5. Klasse und Homeoffice Angebot sowie Testangebot am Arbeitsplatz. Die meisten dieser Regeln k\u00f6nnen die L\u00e4nder umsetzen, m\u00fcssen nicht. Die Regeln m\u00f6gen nicht jedem gefallen. Aber wir werden sie leider brauchen.&#8221;<\/em><\/p>\n<\/blockquote>\n<div class=\"EmbedBlock-root EmbedBlock-twitter\">\n<div class=\"TwitterEmbed\">\n<blockquote class=\"twitter-tweet lazyload\" data-twitter=\"twitter-tweet\">\n<p lang=\"de\" dir=\"ltr\">Zus\u00e4tzlich auch Masken und Tests bei Sch\u00fclern ab 5. Klasse und Homeoffice Angebot sowie Testangebot am Arbeitsplatz. Die meisten dieser Regeln k\u00f6nnen die L\u00e4nder umsetzen, m\u00fcssen nicht. Die Regeln m\u00f6gen nicht jedem gefallen. Aber wir werden sie leider brauchen. <a rel=\"nofollow noopener\" target=\"_blank\" href=\"https:\/\/t.co\/ctLJxv9xuv\">https:\/\/t.co\/ctLJxv9xuv<\/a><\/p>\n<p>\u2014 Prof. Karl Lauterbach (@Karl_Lauterbach) <a rel=\"nofollow noopener\" target=\"_blank\" href=\"https:\/\/twitter.com\/Karl_Lauterbach\/status\/1554854754286800901?ref_src=twsrc%5Etfw\">August 3, 2022<\/a><\/p><\/blockquote>\n<\/div>\n<\/div>\n<p><strong>Mehr zum Thema &#8211;<\/strong>\u00a0<a rel=\"nofollow noopener\" target=\"_blank\" href=\"https:\/\/test.rtde.tech\/inland\/145181-bundesregierung-plant-weiterhin-maskenpflicht-im\/\">Bundesregierung plant wieder Corona-Ma\u00dfnahmen f\u00fcr den Herbst<\/a><\/p>\n<\/p>\n<\/div>\n<p><script async src=\"https:\/\/platform.twitter.com\/widgets.js\" charset=\"utf-8\"><\/script><br \/>\n<br \/><br \/>\n<br \/><a href=\"https:\/\/de.rt.com\/inland\/145432-ab-oktober-dreifach-geimpfte-durfen\/\">Source link <\/a><\/p>\n","protected":false},"excerpt":{"rendered":"<p>Der neue Entwurf des Infektionsschutzgesetzes sorgt schon nach kurzer Zeit f\u00fcr Kritik: Grund daf\u00fcr ist das Ablaufen des Status &#8220;geimpft&#8221; nach nur drei Monaten. In der Union fragt man sich, ob Lauterbach mit dieser Methode &#8220;seine \u00fcbervollen Impfstofflager&#8221; leeren will. Das von Bundesgesundheitsminister Karl Lauterbach (SPD) und Bundesjustizminister Marco Buschmann (FDP) ausgehandelte neue Infektionsschutzgesetz sieht [&hellip;]<\/p>\n","protected":false},"author":3,"featured_media":16284,"comment_status":"open","ping_status":"open","sticky":false,"template":"","format":"standard","meta":{"wp_automatic_camp":["217"],"8db7d8be71be5e30b3d024b84a161bc8":["Ab Oktober: Dreifach Geimpfte d\u00fcrfen bald wieder bei null anfangen"],"original_link":["https:\/\/de.rt.com\/inland\/145432-ab-oktober-dreifach-geimpfte-durfen\/"],"_thumbnail_id":["16284"],"_wptg_p2tg_sent2tg":["2022-08-06 10:12:18"],"jnews_social_counter_last_update":["1777400570"]},"categories":[19,23],"tags":[16661,1624,363,6574,1486,10039,25378,22749,904],"yoast_head":"<!-- This site is optimized with the Yoast SEO Premium plugin v22.7 (Yoast SEO v22.7) - https:\/\/yoast.com\/wordpress\/plugins\/seo\/ -->\n<title>Ab Oktober: Dreifach Geimpfte d\u00fcrfen bald wieder bei null anfangen - just-now.NEWS Deutschland<\/title>\n<meta name=\"robots\" content=\"index, follow, max-snippet:-1, max-image-preview:large, max-video-preview:-1\" \/>\n<link rel=\"canonical\" href=\"https:\/\/now-news.de\/de\/deutschland\/ab-oktober-dreifach-geimpfte-duerfen-bald-wieder-bei-null-anfangen\/\" \/>\n<meta property=\"og:locale\" content=\"de_DE\" \/>\n<meta property=\"og:type\" content=\"article\" \/>\n<meta property=\"og:title\" content=\"Ab Oktober: Dreifach Geimpfte d\u00fcrfen bald wieder bei null anfangen\" \/>\n<meta property=\"og:description\" content=\"Der neue Entwurf des Infektionsschutzgesetzes sorgt schon nach kurzer Zeit f\u00fcr Kritik: Grund daf\u00fcr ist das Ablaufen des Status &#8220;geimpft&#8221; nach nur drei Monaten. In der Union fragt man sich, ob Lauterbach mit dieser Methode &#8220;seine \u00fcbervollen Impfstofflager&#8221; leeren will. Das von Bundesgesundheitsminister Karl Lauterbach (SPD) und Bundesjustizminister Marco Buschmann (FDP) ausgehandelte neue Infektionsschutzgesetz sieht [&hellip;]\" \/>\n<meta property=\"og:url\" content=\"https:\/\/now-news.de\/de\/deutschland\/ab-oktober-dreifach-geimpfte-duerfen-bald-wieder-bei-null-anfangen\/\" \/>\n<meta property=\"og:site_name\" content=\"just-now.NEWS Deutschland\" \/>\n<meta property=\"article:publisher\" content=\"https:\/\/www.facebook.com\/wirmachenauf\" \/>\n<meta property=\"article:published_time\" content=\"2022-08-06T07:58:43+00:00\" \/>\n<meta property=\"og:image\" content=\"https:\/\/now-news.de\/de\/wp-content\/uploads\/sites\/3\/2022\/08\/Ab-Oktober-Dreifach-Geimpfte-duerfen-bald-wieder-bei-null-anfangen.jpg\" \/>\n\t<meta property=\"og:image:width\" content=\"460\" \/>\n\t<meta property=\"og:image:height\" content=\"259\" \/>\n\t<meta property=\"og:image:type\" content=\"image\/jpeg\" \/>\n<meta name=\"author\" content=\"rtnews\" \/>\n<meta name=\"twitter:card\" content=\"summary_large_image\" \/>\n<meta name=\"twitter:creator\" content=\"@WirMachenAuf_de\" \/>\n<meta name=\"twitter:site\" content=\"@WirMachenAuf_de\" \/>\n<meta name=\"twitter:label1\" content=\"Verfasst von\" \/>\n\t<meta name=\"twitter:data1\" content=\"rtnews\" \/>\n\t<meta name=\"twitter:label2\" content=\"Gesch\u00e4tzte Lesezeit\" \/>\n\t<meta name=\"twitter:data2\" content=\"3\u00a0Minuten\" \/>\n<script type=\"application\/ld+json\" class=\"yoast-schema-graph\">{\"@context\":\"https:\/\/schema.org\",\"@graph\":[{\"@type\":\"Article\",\"@id\":\"https:\/\/now-news.de\/de\/deutschland\/ab-oktober-dreifach-geimpfte-duerfen-bald-wieder-bei-null-anfangen\/#article\",\"isPartOf\":{\"@id\":\"https:\/\/now-news.de\/de\/deutschland\/ab-oktober-dreifach-geimpfte-duerfen-bald-wieder-bei-null-anfangen\/\"},\"author\":{\"name\":\"rtnews\",\"@id\":\"https:\/\/now-news.de\/de\/#\/schema\/person\/fb534a4e865501d8b3285208df34a9b5\"},\"headline\":\"Ab Oktober: Dreifach Geimpfte d\u00fcrfen bald wieder bei null anfangen\",\"datePublished\":\"2022-08-06T07:58:43+00:00\",\"dateModified\":\"2022-08-06T07:58:43+00:00\",\"mainEntityOfPage\":{\"@id\":\"https:\/\/now-news.de\/de\/deutschland\/ab-oktober-dreifach-geimpfte-duerfen-bald-wieder-bei-null-anfangen\/\"},\"wordCount\":602,\"commentCount\":0,\"publisher\":{\"@id\":\"https:\/\/now-news.de\/de\/#organization\"},\"image\":{\"@id\":\"https:\/\/now-news.de\/de\/deutschland\/ab-oktober-dreifach-geimpfte-duerfen-bald-wieder-bei-null-anfangen\/#primaryimage\"},\"thumbnailUrl\":\"https:\/\/now-news.de\/de\/wp-content\/uploads\/sites\/3\/2022\/08\/Ab-Oktober-Dreifach-Geimpfte-duerfen-bald-wieder-bei-null-anfangen.jpg\",\"keywords\":[\"Anf\u00e4ngen\",\"bald\",\"bei\",\"dreifach\",\"d\u00fcrfen\",\"Geimpfte\",\"null\",\"Oktober\",\"wieder\"],\"articleSection\":[\"Deutschland\",\"Russland\"],\"inLanguage\":\"de\",\"potentialAction\":[{\"@type\":\"CommentAction\",\"name\":\"Comment\",\"target\":[\"https:\/\/now-news.de\/de\/deutschland\/ab-oktober-dreifach-geimpfte-duerfen-bald-wieder-bei-null-anfangen\/#respond\"]}]},{\"@type\":\"WebPage\",\"@id\":\"https:\/\/now-news.de\/de\/deutschland\/ab-oktober-dreifach-geimpfte-duerfen-bald-wieder-bei-null-anfangen\/\",\"url\":\"https:\/\/now-news.de\/de\/deutschland\/ab-oktober-dreifach-geimpfte-duerfen-bald-wieder-bei-null-anfangen\/\",\"name\":\"Ab Oktober: Dreifach Geimpfte d\u00fcrfen bald wieder bei null anfangen - just-now.NEWS Deutschland\",\"isPartOf\":{\"@id\":\"https:\/\/now-news.de\/de\/#website\"},\"primaryImageOfPage\":{\"@id\":\"https:\/\/now-news.de\/de\/deutschland\/ab-oktober-dreifach-geimpfte-duerfen-bald-wieder-bei-null-anfangen\/#primaryimage\"},\"image\":{\"@id\":\"https:\/\/now-news.de\/de\/deutschland\/ab-oktober-dreifach-geimpfte-duerfen-bald-wieder-bei-null-anfangen\/#primaryimage\"},\"thumbnailUrl\":\"https:\/\/now-news.de\/de\/wp-content\/uploads\/sites\/3\/2022\/08\/Ab-Oktober-Dreifach-Geimpfte-duerfen-bald-wieder-bei-null-anfangen.jpg\",\"datePublished\":\"2022-08-06T07:58:43+00:00\",\"dateModified\":\"2022-08-06T07:58:43+00:00\",\"breadcrumb\":{\"@id\":\"https:\/\/now-news.de\/de\/deutschland\/ab-oktober-dreifach-geimpfte-duerfen-bald-wieder-bei-null-anfangen\/#breadcrumb\"},\"inLanguage\":\"de\",\"potentialAction\":[{\"@type\":\"ReadAction\",\"target\":[\"https:\/\/now-news.de\/de\/deutschland\/ab-oktober-dreifach-geimpfte-duerfen-bald-wieder-bei-null-anfangen\/\"]}]},{\"@type\":\"ImageObject\",\"inLanguage\":\"de\",\"@id\":\"https:\/\/now-news.de\/de\/deutschland\/ab-oktober-dreifach-geimpfte-duerfen-bald-wieder-bei-null-anfangen\/#primaryimage\",\"url\":\"https:\/\/now-news.de\/de\/wp-content\/uploads\/sites\/3\/2022\/08\/Ab-Oktober-Dreifach-Geimpfte-duerfen-bald-wieder-bei-null-anfangen.jpg\",\"contentUrl\":\"https:\/\/now-news.de\/de\/wp-content\/uploads\/sites\/3\/2022\/08\/Ab-Oktober-Dreifach-Geimpfte-duerfen-bald-wieder-bei-null-anfangen.jpg\",\"width\":460,\"height\":259,\"caption\":\"Ab Oktober: Dreifach Geimpfte d\u00fcrfen bald wieder bei null anfangen\"},{\"@type\":\"BreadcrumbList\",\"@id\":\"https:\/\/now-news.de\/de\/deutschland\/ab-oktober-dreifach-geimpfte-duerfen-bald-wieder-bei-null-anfangen\/#breadcrumb\",\"itemListElement\":[{\"@type\":\"ListItem\",\"position\":1,\"name\":\"Home\",\"item\":\"https:\/\/now-news.de\/de\/\"},{\"@type\":\"ListItem\",\"position\":2,\"name\":\"Ab Oktober: Dreifach Geimpfte d\u00fcrfen bald wieder bei null anfangen\"}]},{\"@type\":\"WebSite\",\"@id\":\"https:\/\/now-news.de\/de\/#website\",\"url\":\"https:\/\/now-news.de\/de\/\",\"name\":\"just-now.NEWS Deutschland\",\"description\":\"Das Portal f\u00fcr unzensierte Nachrichten aus der Welt\",\"publisher\":{\"@id\":\"https:\/\/now-news.de\/de\/#organization\"},\"potentialAction\":[{\"@type\":\"SearchAction\",\"target\":{\"@type\":\"EntryPoint\",\"urlTemplate\":\"https:\/\/now-news.de\/de\/?s={search_term_string}\"},\"query-input\":\"required name=search_term_string\"}],\"inLanguage\":\"de\"},{\"@type\":\"Organization\",\"@id\":\"https:\/\/now-news.de\/de\/#organization\",\"name\":\"Just Now News\",\"url\":\"https:\/\/now-news.de\/de\/\",\"logo\":{\"@type\":\"ImageObject\",\"inLanguage\":\"de\",\"@id\":\"https:\/\/now-news.de\/de\/#\/schema\/logo\/image\/\",\"url\":\"http:\/\/just-now.news\/de\/wp-content\/uploads\/sites\/3\/2022\/04\/logo500x500.jpg\",\"contentUrl\":\"http:\/\/just-now.news\/de\/wp-content\/uploads\/sites\/3\/2022\/04\/logo500x500.jpg\",\"width\":500,\"height\":500,\"caption\":\"Just Now News\"},\"image\":{\"@id\":\"https:\/\/now-news.de\/de\/#\/schema\/logo\/image\/\"},\"sameAs\":[\"https:\/\/www.facebook.com\/wirmachenauf\",\"https:\/\/x.com\/WirMachenAuf_de\"]},{\"@type\":\"Person\",\"@id\":\"https:\/\/now-news.de\/de\/#\/schema\/person\/fb534a4e865501d8b3285208df34a9b5\",\"name\":\"rtnews\",\"image\":{\"@type\":\"ImageObject\",\"inLanguage\":\"de\",\"@id\":\"https:\/\/now-news.de\/de\/#\/schema\/person\/image\/\",\"url\":\"https:\/\/secure.gravatar.com\/avatar\/82aafea7d8127119dd649515f56e2117?s=96&d=mm&r=g\",\"contentUrl\":\"https:\/\/secure.gravatar.com\/avatar\/82aafea7d8127119dd649515f56e2117?s=96&d=mm&r=g\",\"caption\":\"rtnews\"},\"url\":\"https:\/\/now-news.de\/de\/author\/rnews\/\"}]}<\/script>\n<!-- \/ Yoast SEO Premium plugin. -->","yoast_head_json":{"title":"Ab Oktober: Dreifach Geimpfte d\u00fcrfen bald wieder bei null anfangen - just-now.NEWS Deutschland","robots":{"index":"index","follow":"follow","max-snippet":"max-snippet:-1","max-image-preview":"max-image-preview:large","max-video-preview":"max-video-preview:-1"},"canonical":"https:\/\/now-news.de\/de\/deutschland\/ab-oktober-dreifach-geimpfte-duerfen-bald-wieder-bei-null-anfangen\/","og_locale":"de_DE","og_type":"article","og_title":"Ab Oktober: Dreifach Geimpfte d\u00fcrfen bald wieder bei null anfangen","og_description":"Der neue Entwurf des Infektionsschutzgesetzes sorgt schon nach kurzer Zeit f\u00fcr Kritik: Grund daf\u00fcr ist das Ablaufen des Status &#8220;geimpft&#8221; nach nur drei Monaten. In der Union fragt man sich, ob Lauterbach mit dieser Methode &#8220;seine \u00fcbervollen Impfstofflager&#8221; leeren will. Das von Bundesgesundheitsminister Karl Lauterbach (SPD) und Bundesjustizminister Marco Buschmann (FDP) ausgehandelte neue Infektionsschutzgesetz sieht [&hellip;]","og_url":"https:\/\/now-news.de\/de\/deutschland\/ab-oktober-dreifach-geimpfte-duerfen-bald-wieder-bei-null-anfangen\/","og_site_name":"just-now.NEWS Deutschland","article_publisher":"https:\/\/www.facebook.com\/wirmachenauf","article_published_time":"2022-08-06T07:58:43+00:00","og_image":[{"width":460,"height":259,"url":"https:\/\/now-news.de\/de\/wp-content\/uploads\/sites\/3\/2022\/08\/Ab-Oktober-Dreifach-Geimpfte-duerfen-bald-wieder-bei-null-anfangen.jpg","type":"image\/jpeg"}],"author":"rtnews","twitter_card":"summary_large_image","twitter_creator":"@WirMachenAuf_de","twitter_site":"@WirMachenAuf_de","twitter_misc":{"Verfasst von":"rtnews","Gesch\u00e4tzte Lesezeit":"3\u00a0Minuten"},"schema":{"@context":"https:\/\/schema.org","@graph":[{"@type":"Article","@id":"https:\/\/now-news.de\/de\/deutschland\/ab-oktober-dreifach-geimpfte-duerfen-bald-wieder-bei-null-anfangen\/#article","isPartOf":{"@id":"https:\/\/now-news.de\/de\/deutschland\/ab-oktober-dreifach-geimpfte-duerfen-bald-wieder-bei-null-anfangen\/"},"author":{"name":"rtnews","@id":"https:\/\/now-news.de\/de\/#\/schema\/person\/fb534a4e865501d8b3285208df34a9b5"},"headline":"Ab Oktober: Dreifach Geimpfte d\u00fcrfen bald wieder bei null anfangen","datePublished":"2022-08-06T07:58:43+00:00","dateModified":"2022-08-06T07:58:43+00:00","mainEntityOfPage":{"@id":"https:\/\/now-news.de\/de\/deutschland\/ab-oktober-dreifach-geimpfte-duerfen-bald-wieder-bei-null-anfangen\/"},"wordCount":602,"commentCount":0,"publisher":{"@id":"https:\/\/now-news.de\/de\/#organization"},"image":{"@id":"https:\/\/now-news.de\/de\/deutschland\/ab-oktober-dreifach-geimpfte-duerfen-bald-wieder-bei-null-anfangen\/#primaryimage"},"thumbnailUrl":"https:\/\/now-news.de\/de\/wp-content\/uploads\/sites\/3\/2022\/08\/Ab-Oktober-Dreifach-Geimpfte-duerfen-bald-wieder-bei-null-anfangen.jpg","keywords":["Anf\u00e4ngen","bald","bei","dreifach","d\u00fcrfen","Geimpfte","null","Oktober","wieder"],"articleSection":["Deutschland","Russland"],"inLanguage":"de","potentialAction":[{"@type":"CommentAction","name":"Comment","target":["https:\/\/now-news.de\/de\/deutschland\/ab-oktober-dreifach-geimpfte-duerfen-bald-wieder-bei-null-anfangen\/#respond"]}]},{"@type":"WebPage","@id":"https:\/\/now-news.de\/de\/deutschland\/ab-oktober-dreifach-geimpfte-duerfen-bald-wieder-bei-null-anfangen\/","url":"https:\/\/now-news.de\/de\/deutschland\/ab-oktober-dreifach-geimpfte-duerfen-bald-wieder-bei-null-anfangen\/","name":"Ab Oktober: Dreifach Geimpfte d\u00fcrfen bald wieder bei null anfangen - just-now.NEWS Deutschland","isPartOf":{"@id":"https:\/\/now-news.de\/de\/#website"},"primaryImageOfPage":{"@id":"https:\/\/now-news.de\/de\/deutschland\/ab-oktober-dreifach-geimpfte-duerfen-bald-wieder-bei-null-anfangen\/#primaryimage"},"image":{"@id":"https:\/\/now-news.de\/de\/deutschland\/ab-oktober-dreifach-geimpfte-duerfen-bald-wieder-bei-null-anfangen\/#primaryimage"},"thumbnailUrl":"https:\/\/now-news.de\/de\/wp-content\/uploads\/sites\/3\/2022\/08\/Ab-Oktober-Dreifach-Geimpfte-duerfen-bald-wieder-bei-null-anfangen.jpg","datePublished":"2022-08-06T07:58:43+00:00","dateModified":"2022-08-06T07:58:43+00:00","breadcrumb":{"@id":"https:\/\/now-news.de\/de\/deutschland\/ab-oktober-dreifach-geimpfte-duerfen-bald-wieder-bei-null-anfangen\/#breadcrumb"},"inLanguage":"de","potentialAction":[{"@type":"ReadAction","target":["https:\/\/now-news.de\/de\/deutschland\/ab-oktober-dreifach-geimpfte-duerfen-bald-wieder-bei-null-anfangen\/"]}]},{"@type":"ImageObject","inLanguage":"de","@id":"https:\/\/now-news.de\/de\/deutschland\/ab-oktober-dreifach-geimpfte-duerfen-bald-wieder-bei-null-anfangen\/#primaryimage","url":"https:\/\/now-news.de\/de\/wp-content\/uploads\/sites\/3\/2022\/08\/Ab-Oktober-Dreifach-Geimpfte-duerfen-bald-wieder-bei-null-anfangen.jpg","contentUrl":"https:\/\/now-news.de\/de\/wp-content\/uploads\/sites\/3\/2022\/08\/Ab-Oktober-Dreifach-Geimpfte-duerfen-bald-wieder-bei-null-anfangen.jpg","width":460,"height":259,"caption":"Ab Oktober: Dreifach Geimpfte d\u00fcrfen bald wieder bei null anfangen"},{"@type":"BreadcrumbList","@id":"https:\/\/now-news.de\/de\/deutschland\/ab-oktober-dreifach-geimpfte-duerfen-bald-wieder-bei-null-anfangen\/#breadcrumb","itemListElement":[{"@type":"ListItem","position":1,"name":"Home","item":"https:\/\/now-news.de\/de\/"},{"@type":"ListItem","position":2,"name":"Ab Oktober: Dreifach Geimpfte d\u00fcrfen bald wieder bei null anfangen"}]},{"@type":"WebSite","@id":"https:\/\/now-news.de\/de\/#website","url":"https:\/\/now-news.de\/de\/","name":"just-now.NEWS Deutschland","description":"Das Portal f\u00fcr unzensierte Nachrichten aus der Welt","publisher":{"@id":"https:\/\/now-news.de\/de\/#organization"},"potentialAction":[{"@type":"SearchAction","target":{"@type":"EntryPoint","urlTemplate":"https:\/\/now-news.de\/de\/?s={search_term_string}"},"query-input":"required name=search_term_string"}],"inLanguage":"de"},{"@type":"Organization","@id":"https:\/\/now-news.de\/de\/#organization","name":"Just Now News","url":"https:\/\/now-news.de\/de\/","logo":{"@type":"ImageObject","inLanguage":"de","@id":"https:\/\/now-news.de\/de\/#\/schema\/logo\/image\/","url":"http:\/\/just-now.news\/de\/wp-content\/uploads\/sites\/3\/2022\/04\/logo500x500.jpg","contentUrl":"http:\/\/just-now.news\/de\/wp-content\/uploads\/sites\/3\/2022\/04\/logo500x500.jpg","width":500,"height":500,"caption":"Just Now News"},"image":{"@id":"https:\/\/now-news.de\/de\/#\/schema\/logo\/image\/"},"sameAs":["https:\/\/www.facebook.com\/wirmachenauf","https:\/\/x.com\/WirMachenAuf_de"]},{"@type":"Person","@id":"https:\/\/now-news.de\/de\/#\/schema\/person\/fb534a4e865501d8b3285208df34a9b5","name":"rtnews","image":{"@type":"ImageObject","inLanguage":"de","@id":"https:\/\/now-news.de\/de\/#\/schema\/person\/image\/","url":"https:\/\/secure.gravatar.com\/avatar\/82aafea7d8127119dd649515f56e2117?s=96&d=mm&r=g","contentUrl":"https:\/\/secure.gravatar.com\/avatar\/82aafea7d8127119dd649515f56e2117?s=96&d=mm&r=g","caption":"rtnews"},"url":"https:\/\/now-news.de\/de\/author\/rnews\/"}]}},"_links":{"self":[{"href":"https:\/\/now-news.de\/de\/wp-json\/wp\/v2\/posts\/16283"}],"collection":[{"href":"https:\/\/now-news.de\/de\/wp-json\/wp\/v2\/posts"}],"about":[{"href":"https:\/\/now-news.de\/de\/wp-json\/wp\/v2\/types\/post"}],"author":[{"embeddable":true,"href":"https:\/\/now-news.de\/de\/wp-json\/wp\/v2\/users\/3"}],"replies":[{"embeddable":true,"href":"https:\/\/now-news.de\/de\/wp-json\/wp\/v2\/comments?post=16283"}],"version-history":[{"count":0,"href":"https:\/\/now-news.de\/de\/wp-json\/wp\/v2\/posts\/16283\/revisions"}],"wp:featuredmedia":[{"embeddable":true,"href":"https:\/\/now-news.de\/de\/wp-json\/wp\/v2\/media\/16284"}],"wp:attachment":[{"href":"https:\/\/now-news.de\/de\/wp-json\/wp\/v2\/media?parent=16283"}],"wp:term":[{"taxonomy":"category","embeddable":true,"href":"https:\/\/now-news.de\/de\/wp-json\/wp\/v2\/categories?post=16283"},{"taxonomy":"post_tag","embeddable":true,"href":"https:\/\/now-news.de\/de\/wp-json\/wp\/v2\/tags?post=16283"}],"curies":[{"name":"wp","href":"https:\/\/api.w.org\/{rel}","templated":true}]}}