{"id":16240,"date":"2022-08-05T21:13:00","date_gmt":"2022-08-05T19:13:00","guid":{"rendered":"http:\/\/just-now.news\/de\/usa\/suedafrikas-gesundheitsbehoerden-bestaetigen-den-ersten-todesfall-im-zusammenhang-mit-dem-covid-impfstoff\/"},"modified":"2022-08-05T21:13:00","modified_gmt":"2022-08-05T19:13:00","slug":"suedafrikas-gesundheitsbehoerden-bestaetigen-den-ersten-todesfall-im-zusammenhang-mit-dem-covid-impfstoff","status":"publish","type":"post","link":"https:\/\/now-news.de\/de\/usa\/suedafrikas-gesundheitsbehoerden-bestaetigen-den-ersten-todesfall-im-zusammenhang-mit-dem-covid-impfstoff\/","title":{"rendered":"S\u00fcdafrikas Gesundheitsbeh\u00f6rden best\u00e4tigen den ersten Todesfall im Zusammenhang mit dem Covid-Impfstoff"},"content":{"rendered":"<div class=\"entry-content\">\n<p><\/p>\n<p>Am Donnerstag gab die s\u00fcdafrikanische Gesundheitsbeh\u00f6rde einen kausalen Zusammenhang zwischen dem Tod einer Person und der COVID-19-Impfung von Johnson &#038; Johnson bekannt.  Dies ist der erste Todesfall im Zusammenhang mit COVID-Impfstoffen, der in S\u00fcdafrika gemeldet wurde.<\/p>\n<p>Berichten zufolge entwickelte ein Patient, der die Covid-19-Impfung von J&#038;J erhalten hatte, das Guillain-Barr\u00e9-Syndrom (GBS) und starb nach l\u00e4ngerem Krankenhausaufenthalt.<\/p>\n<div id=\"IC1-ad\" class=\"sponsor IC1\">\n<p class=\"ad-notice flipboard-remove\" fl:fl-noexcerpt=\"true\">Werbung \u2013 die Geschichte geht unten weiter<\/p>\n<div id=\"IC1\">\n<script>\n\t\t\t\t\tif( FFADS.units.IC1 && FFADS.units.IC1.ad_type == 'custom' && FFADS.units.IC1.custom_ads && ! getCookie( 'ff_subbed' ) ) {\n\t\t\t\t\t\tdocument.getElementById( 'IC1' ).innerHTML = FFADS.units.IC1.custom_ads[0].code;\n\t\t\t\t\t\tif( ! FFADS.units.IC1.lazy_load ) eval( FFADS.units.IC1.custom_ads[0].rendering_script );\n\t\t\t\t\t}\n\t\t\t\t\telse if( FFADS.units.IC1 && ! getCookie( 'ff_subbed' ) ) {\n\t\t\t\t\t\tif( 'IC' != 'SB' && 'IC' != 'SA' && FFADS.use_fixed_containers ) {\n\t\t\t\t\t\t\tlet max_wh = firefly_size_list_to_max_wh( FFADS.units.IC1.sizes );\n\t\t\t\t\t\t\tlet el = document.querySelector( '#IC1' );\n\t\t\t\t\t\t\tif( 'IC' != 'SA' && FFADS.slide_pixels ) {\n\t\t\t\t\t\t\t\tmax_wh[1] += parseInt( FFADS.slide_pixels );\n\t\t\t\t\t\t\t\tel.classList.add( 'sliding' );\n\t\t\t\t\t\t\t}\n\t\t\t\t\t\t\tel.style.width = max_wh[0] + 'px';\n\t\t\t\t\t\t\tel.style.height = max_wh[1] + 'px';\n\t\t\t\t\t\t\tel.classList.add( 'fixed-size' );\n\t\t\t\t\t\t}\n\t\t\t\t\t\tgoogletag.cmd.push( function() {\n\t\t\t\t\t\t\tFFADS.debug( 'googletag.displaying IC1' );\n\t\t\t\t\t\t\tgoogletag.display( 'IC1' );\n\t\t\t\t\t\t} );\n\t\t\t\t\t}\n\t\t\t\t\telse {\n\t\t\t\t\t\tdocument.querySelector( '#IC1-ad' ).style.display = 'none';}\n\t\t\t\t<\/script><\/div>\n<\/div>\n<p>Professor Hannelie Meyer vom National Immunization Safety Committee best\u00e4tigte, dass der Tod mit dem Impfstoff in Verbindung gebracht wurde.  Sie hat auch erkl\u00e4rt, dass keine Patientendaten, nicht einmal die Provinz, in der der Tod passiert ist, ver\u00f6ffentlicht werden, um die Anonymit\u00e4t der Patienten zu sch\u00fctzen, da es sich um eine \u201eso seltene Krankheit\u201c handelt, berichtete der Daily Maverick.<\/p>\n<p>\u201eDas ist ein sehr seltenes Ereignis\u201c, sagte sie.  \u201eDie Person zeigte die Symptome kurz nach der Impfung, und dies hatte zu einem l\u00e4ngeren Krankenhausaufenthalt, mechanischer Beatmung und weiteren Infektionen gef\u00fchrt.\u201c<\/p>\n<p><script>\n\t\t\t\t\tif( ! getCookie( 'ff_subbed' ) ) if( typeof FFADS.replace_ict != 'undefined' ) if( FFADS.replace_ict ) eval( FFADS.replace_ict );\n\t\t\t\t<\/script><\/p>\n<p>Laut CDC tritt das Guillain-Barr\u00e9 (Ghee-YAN Bah-RAY)-Syndrom (GBS) auf, wenn das eigene Immunsystem einer Person die Nerven ihres K\u00f6rpers sch\u00e4digt.  Dieser Schaden verursacht Muskelschw\u00e4che und manchmal L\u00e4hmungen.<\/p>\n<p>Mehr von Daily Maverick:<\/p>\n<div id=\"IC2-ad\" class=\"sponsor IC2\">\n<p class=\"ad-notice flipboard-remove\" fl:fl-noexcerpt=\"true\">Werbung \u2013 die Geschichte geht unten weiter<\/p>\n<div id=\"IC2\">\n<script>\n\t\t\t\t\tif( FFADS.units.IC2 && FFADS.units.IC2.ad_type == 'custom' && FFADS.units.IC2.custom_ads && ! getCookie( 'ff_subbed' ) ) {\n\t\t\t\t\t\tdocument.getElementById( 'IC2' ).innerHTML = FFADS.units.IC2.custom_ads[0].code;\n\t\t\t\t\t\tif( ! FFADS.units.IC2.lazy_load ) eval( FFADS.units.IC2.custom_ads[0].rendering_script );\n\t\t\t\t\t}\n\t\t\t\t\telse if( FFADS.units.IC2 && ! getCookie( 'ff_subbed' ) ) {\n\t\t\t\t\t\tif( 'IC' != 'SB' && 'IC' != 'SA' && FFADS.use_fixed_containers ) {\n\t\t\t\t\t\t\tlet max_wh = firefly_size_list_to_max_wh( FFADS.units.IC2.sizes );\n\t\t\t\t\t\t\tlet el = document.querySelector( '#IC2' );\n\t\t\t\t\t\t\tif( 'IC' != 'SA' && FFADS.slide_pixels ) {\n\t\t\t\t\t\t\t\tmax_wh[1] += parseInt( FFADS.slide_pixels );\n\t\t\t\t\t\t\t\tel.classList.add( 'sliding' );\n\t\t\t\t\t\t\t}\n\t\t\t\t\t\t\tel.style.width = max_wh[0] + 'px';\n\t\t\t\t\t\t\tel.style.height = max_wh[1] + 'px';\n\t\t\t\t\t\t\tel.classList.add( 'fixed-size' );\n\t\t\t\t\t\t}\n\t\t\t\t\t\tgoogletag.cmd.push( function() {\n\t\t\t\t\t\t\tFFADS.debug( 'googletag.displaying IC2' );\n\t\t\t\t\t\t\tgoogletag.display( 'IC2' );\n\t\t\t\t\t\t} );\n\t\t\t\t\t}\n\t\t\t\t\telse {\n\t\t\t\t\t\tdocument.querySelector( '#IC2-ad' ).style.display = 'none';}\n\t\t\t\t<\/script><\/div>\n<\/div>\n<blockquote>\n<p>Am 13. Juli hat die amerikanische Food and Drug Administration ihre Datenbl\u00e4tter f\u00fcr den J&#038;J Covid-19-Impfstoff \u00fcberarbeitet, um Informationen \u00fcber ein beobachtetes erh\u00f6htes GBS-Risiko nach der Impfung aufzunehmen.<\/p>\n<p>Zu dieser Zeit gab es in den USA etwa 100 vorl\u00e4ufige Berichte \u00fcber GBS im Zusammenhang mit 12,5 Millionen Dosen des J&#038;J-Impfstoffs.  Davon waren 95 schwerwiegend und erforderten eine Krankenhauseinweisung.  Es gab einen gemeldeten Todesfall.<\/p>\n<p>Professor Marc Blokman, der auf klinische Pharmakologie spezialisiert ist, sagte, dass GBS sehr selten sei und jedes Jahr weltweit etwa 100.000 Menschen betroffen seien.<\/p>\n<p>Er sagte, der gemeldete Tod aufgrund des Covid-19-Impfstoffs spiegele die Situation in anderen L\u00e4ndern wider.  \u201eEs ist \u00e4u\u00dferst selten.  Es werden nur sehr wenige F\u00e4lle gemeldet und noch weniger werden als durch den Covid-19-Impfstoff verursacht best\u00e4tigt.<\/p>\n<p>\u201eWir sind davon \u00fcberzeugt, dass die Vorteile des Impfstoffs die Nebenwirkungen immer noch bei weitem \u00fcberwiegen.\u201c<\/p>\n<div id=\"IC3-ad\" class=\"sponsor IC3\">\n<p class=\"ad-notice flipboard-remove\" fl:fl-noexcerpt=\"true\">Werbung \u2013 die Geschichte geht unten weiter<\/p>\n<div id=\"IC3\">\n<script>\n\t\t\t\t\tif( FFADS.units.IC3 && FFADS.units.IC3.ad_type == 'custom' && FFADS.units.IC3.custom_ads && ! getCookie( 'ff_subbed' ) ) {\n\t\t\t\t\t\tdocument.getElementById( 'IC3' ).innerHTML = FFADS.units.IC3.custom_ads[0].code;\n\t\t\t\t\t\tif( ! FFADS.units.IC3.lazy_load ) eval( FFADS.units.IC3.custom_ads[0].rendering_script );\n\t\t\t\t\t}\n\t\t\t\t\telse if( FFADS.units.IC3 && ! getCookie( 'ff_subbed' ) ) {\n\t\t\t\t\t\tif( 'IC' != 'SB' && 'IC' != 'SA' && FFADS.use_fixed_containers ) {\n\t\t\t\t\t\t\tlet max_wh = firefly_size_list_to_max_wh( FFADS.units.IC3.sizes );\n\t\t\t\t\t\t\tlet el = document.querySelector( '#IC3' );\n\t\t\t\t\t\t\tif( 'IC' != 'SA' && FFADS.slide_pixels ) {\n\t\t\t\t\t\t\t\tmax_wh[1] += parseInt( FFADS.slide_pixels );\n\t\t\t\t\t\t\t\tel.classList.add( 'sliding' );\n\t\t\t\t\t\t\t}\n\t\t\t\t\t\t\tel.style.width = max_wh[0] + 'px';\n\t\t\t\t\t\t\tel.style.height = max_wh[1] + 'px';\n\t\t\t\t\t\t\tel.classList.add( 'fixed-size' );\n\t\t\t\t\t\t}\n\t\t\t\t\t\tgoogletag.cmd.push( function() {\n\t\t\t\t\t\t\tFFADS.debug( 'googletag.displaying IC3' );\n\t\t\t\t\t\t\tgoogletag.display( 'IC3' );\n\t\t\t\t\t\t} );\n\t\t\t\t\t}\n\t\t\t\t\telse {\n\t\t\t\t\t\tdocument.querySelector( '#IC3-ad' ).style.display = 'none';}\n\t\t\t\t<\/script><\/div>\n<\/div>\n<p>Helen Rees, Vorsitzende des Vorstands der s\u00fcdafrikanischen Regulierungsbeh\u00f6rde f\u00fcr Gesundheitsprodukte (Sahpra), sagte, das Land h\u00e4tte eine so seltene Nebenwirkung nicht erlebt, wenn der Impfstoff nicht bei Millionen Menschen eingef\u00fchrt worden w\u00e4re.<\/p>\n<p>\u201eWir m\u00fcssen sehr darauf achten, dieses Ereignis im Verh\u00e4ltnis zu halten\u201c, sagte sie.  \u201eWir m\u00fcssen fragen, was das Risiko der Krankheit selbst ist?\u201c<\/p>\n<p>Sie sagte, sie w\u00fcrden den Fall mit der Weltgesundheitsorganisation und anderen Aufsichtsbeh\u00f6rden besprechen und k\u00f6nnen best\u00e4tigen, dass er sehr, sehr selten vorkam.<\/p>\n<p>Sahpras Chef, Dr. Boitumelo Semete-Makokotlela, sagte, dies sei der erste Tod, der best\u00e4tigt wurde, um mit dem Covid-19-Impfstoff in Verbindung gebracht zu werden.<\/p>\n<div id=\"IC4-ad\" class=\"sponsor IC4\">\n<p class=\"ad-notice flipboard-remove\" fl:fl-noexcerpt=\"true\">Werbung \u2013 die Geschichte geht unten weiter<\/p>\n<div id=\"IC4\">\n<script>\n\t\t\t\t\tif( FFADS.units.IC4 && FFADS.units.IC4.ad_type == 'custom' && FFADS.units.IC4.custom_ads && ! getCookie( 'ff_subbed' ) ) {\n\t\t\t\t\t\tdocument.getElementById( 'IC4' ).innerHTML = FFADS.units.IC4.custom_ads[0].code;\n\t\t\t\t\t\tif( ! FFADS.units.IC4.lazy_load ) eval( FFADS.units.IC4.custom_ads[0].rendering_script );\n\t\t\t\t\t}\n\t\t\t\t\telse if( FFADS.units.IC4 && ! getCookie( 'ff_subbed' ) ) {\n\t\t\t\t\t\tif( 'IC' != 'SB' && 'IC' != 'SA' && FFADS.use_fixed_containers ) {\n\t\t\t\t\t\t\tlet max_wh = firefly_size_list_to_max_wh( FFADS.units.IC4.sizes );\n\t\t\t\t\t\t\tlet el = document.querySelector( '#IC4' );\n\t\t\t\t\t\t\tif( 'IC' != 'SA' && FFADS.slide_pixels ) {\n\t\t\t\t\t\t\t\tmax_wh[1] += parseInt( FFADS.slide_pixels );\n\t\t\t\t\t\t\t\tel.classList.add( 'sliding' );\n\t\t\t\t\t\t\t}\n\t\t\t\t\t\t\tel.style.width = max_wh[0] + 'px';\n\t\t\t\t\t\t\tel.style.height = max_wh[1] + 'px';\n\t\t\t\t\t\t\tel.classList.add( 'fixed-size' );\n\t\t\t\t\t\t}\n\t\t\t\t\t\tgoogletag.cmd.push( function() {\n\t\t\t\t\t\t\tFFADS.debug( 'googletag.displaying IC4' );\n\t\t\t\t\t\t\tgoogletag.display( 'IC4' );\n\t\t\t\t\t\t} );\n\t\t\t\t\t}\n\t\t\t\t\telse {\n\t\t\t\t\t\tdocument.querySelector( '#IC4-ad' ).style.display = 'none';}\n\t\t\t\t<\/script><\/div>\n<\/div>\n<p>\u201eEs gibt einen Todesfall nach neun Millionen Dosen des Impfstoffs\u201c, sagte sie.<\/p>\n<p>Sie hatten den Tod von bisher 160 Menschen als m\u00f6glicherweise durch den Covid-19-Impfstoff verursacht bewertet, und dies war der erste, der nicht zuf\u00e4llig war.<\/p>\n<p>Sie sagte, dass die Ermittlungen in einer Reihe anderer F\u00e4lle noch andauerten.<\/p>\n<p>Lesen Sie hier mehr.<\/p>\n<\/blockquote>\n<p class=\"article-ask\"><span class=\"ask\"><script>\n  if( getParameterByName( \"utm_source\" ) == \"testpage\" ) {\n    !function(e,t,a,n,g){e[n]=e[n]||[],e[n].push({\"gtm.start\":(new Date).getTime(),event:\"gtm.js\"});var m=t.getElementsByTagName(a)[0],r=t.createElement(a);r.async=!0,r.src=\"https:\/\/www.googletagmanager.com\/gtm.js?id=GTM-PL4PD49\",m.parentNode.insertBefore(r,m)}(window.parent,window.parent.document,\"script\",\"dataLayer\");\n    var iframe=window.parent.document.createElement(\"iframe\");iframe.src=\"https:\/\/www.googletagmanager.com\/ns.html?id=GTM-PL4PD49\";iframe.height=\"0\";iframe.width=\"0\";iframe.style=\"display:none;visibility:hidden\";window.parent.document.body.appendChild(iframe);\n    window.parent[\"$$mm-analytics\"] = window.parent[\"$$mm-analytics\"] || {};if (typeof window.parent[\"$$mm-analytics\"].firstEmbed === \"undefined\") {window.parent[\"$$mm-analytics\"].firstEmbed = Date.now();}\n    let as1 = document.createElement( \"script\" );\n    as1.src = \"https:\/\/bucket1.mm-syringe.com\/prod\/configs\/ee2300c8-43d2-7f0b-dac0-40aaf31c9d3d.js\";\n    document.body.appendChild( as1 );\n    let as2 = document.createElement( \"script\" );\n    as2.src = \"https:\/\/bucket1.mm-syringe.com\/prod\/injector\/injector.1.5.3.js\";\n    document.body.appendChild( as2 );\n  }\n<\/script><\/p>\n<div class=\"apester-media\" data-token=\"5f10a39f94902bc81d3d59a7\" data-context=\"true\" data-tags=\"\" data-fallback=\"true\" height=\"350\"><\/div>\n<p><script id=\"apester_script\" src=\"https:\/\/static.apester.com\/js\/sdk\/latest\/apester-sdk.js\" async><\/script><script type=\"text\/javascript\">\n\tfunction e(e){var t=!(arguments.length>1&&void 0!==arguments[1])||arguments[1],c=document.createElement(\"script\");c.src=e,t?c.type=\"module\":(c.async=!0,c.type=\"text\/javascript\",c.setAttribute(\"nomodule\",\"\"));var n=document.getElementsByTagName(\"script\")[0];n.parentNode.insertBefore(c,n)}function t(t,c,n){var a,o,r;null!==(a=t.marfeel)&&void 0!==a||(t.marfeel={}),null!==(o=(r=t.marfeel).cmd)&&void 0!==o||(r.cmd=[]),t.marfeel.config=n,t.marfeel.config.accountId=c;var i=\"https:\/\/sdk.mrf.io\/statics\";e(\"\".concat(i,\"\/marfeel-sdk.js?id=\").concat(c),!0),e(\"\".concat(i,\"\/marfeel-sdk.es5.js?id=\").concat(c),!1)}!function(e,c){var n=arguments.length>2&&void 0!==arguments[2]?arguments[2]:{};t(e,c,n)}(window,1573,{} \/*config*\/);\n<\/script><\/span><\/p>\n<\/div>\n<p><br \/>\n<br \/><a href=\"https:\/\/www.thegatewaypundit.com\/2022\/08\/south-africas-health-officials-confirm-first-death-linked-covid-vaccine\/\">Source link <\/a><\/p>\n","protected":false},"excerpt":{"rendered":"<p>Am Donnerstag gab die s\u00fcdafrikanische Gesundheitsbeh\u00f6rde einen kausalen Zusammenhang zwischen dem Tod einer Person und der COVID-19-Impfung von Johnson &#038; Johnson bekannt. Dies ist der erste Todesfall im Zusammenhang mit COVID-Impfstoffen, der in S\u00fcdafrika gemeldet wurde. Berichten zufolge entwickelte ein Patient, der die Covid-19-Impfung von J&#038;J erhalten hatte, das Guillain-Barr\u00e9-Syndrom (GBS) und starb nach l\u00e4ngerem [&hellip;]<\/p>\n","protected":false},"author":5,"featured_media":10972,"comment_status":"open","ping_status":"open","sticky":false,"template":"","format":"standard","meta":{"wp_automatic_camp":["1161"],"7ca2627ff47f8de5e0e1ca1e6c5887ba":["S\u00fcdafrikas Gesundheitsbeh\u00f6rden best\u00e4tigen den ersten Todesfall im Zusammenhang mit dem Covid-Impfstoff\n"],"original_link":["https:\/\/www.thegatewaypundit.com\/2022\/08\/south-africas-health-officials-confirm-first-death-linked-covid-vaccine\/"],"_thumbnail_id":["10972"],"wp_automatic_remove_first_image":["yes"],"jnews_social_counter_last_update":["1776928095"]},"categories":[25],"tags":[20809,6517,134,48,4899,30432,419,25445,20334,11903],"yoast_head":"<!-- This site is optimized with the Yoast SEO Premium plugin v22.7 (Yoast SEO v22.7) - https:\/\/yoast.com\/wordpress\/plugins\/seo\/ -->\n<title>S\u00fcdafrikas Gesundheitsbeh\u00f6rden best\u00e4tigen den ersten Todesfall im Zusammenhang mit dem Covid-Impfstoff - just-now.NEWS Deutschland<\/title>\n<meta name=\"robots\" content=\"index, follow, max-snippet:-1, max-image-preview:large, max-video-preview:-1\" \/>\n<link rel=\"canonical\" href=\"https:\/\/now-news.de\/de\/usa\/suedafrikas-gesundheitsbehoerden-bestaetigen-den-ersten-todesfall-im-zusammenhang-mit-dem-covid-impfstoff\/\" \/>\n<meta property=\"og:locale\" content=\"de_DE\" \/>\n<meta property=\"og:type\" content=\"article\" \/>\n<meta property=\"og:title\" content=\"S\u00fcdafrikas Gesundheitsbeh\u00f6rden best\u00e4tigen den ersten Todesfall im Zusammenhang mit dem Covid-Impfstoff\" \/>\n<meta property=\"og:description\" content=\"Am Donnerstag gab die s\u00fcdafrikanische Gesundheitsbeh\u00f6rde einen kausalen Zusammenhang zwischen dem Tod einer Person und der COVID-19-Impfung von Johnson &#038; Johnson bekannt. Dies ist der erste Todesfall im Zusammenhang mit COVID-Impfstoffen, der in S\u00fcdafrika gemeldet wurde. Berichten zufolge entwickelte ein Patient, der die Covid-19-Impfung von J&#038;J erhalten hatte, das Guillain-Barr\u00e9-Syndrom (GBS) und starb nach l\u00e4ngerem [&hellip;]\" \/>\n<meta property=\"og:url\" content=\"https:\/\/now-news.de\/de\/usa\/suedafrikas-gesundheitsbehoerden-bestaetigen-den-ersten-todesfall-im-zusammenhang-mit-dem-covid-impfstoff\/\" \/>\n<meta property=\"og:site_name\" content=\"just-now.NEWS Deutschland\" \/>\n<meta property=\"article:publisher\" content=\"https:\/\/www.facebook.com\/wirmachenauf\" \/>\n<meta property=\"article:published_time\" content=\"2022-08-05T19:13:00+00:00\" \/>\n<meta property=\"og:image\" content=\"https:\/\/now-news.de\/de\/wp-content\/uploads\/sites\/3\/2022\/06\/1655343222_Was-wir-aus-dem-Hass-auf-die-Ungeimpften-gelernt-haben.jpg\" \/>\n\t<meta property=\"og:image:width\" content=\"1406\" \/>\n\t<meta property=\"og:image:height\" content=\"846\" \/>\n\t<meta property=\"og:image:type\" content=\"image\/jpeg\" \/>\n<meta name=\"author\" content=\"greatreset\" \/>\n<meta name=\"twitter:card\" content=\"summary_large_image\" \/>\n<meta name=\"twitter:creator\" content=\"@WirMachenAuf_de\" \/>\n<meta name=\"twitter:site\" content=\"@WirMachenAuf_de\" \/>\n<meta name=\"twitter:label1\" content=\"Verfasst von\" \/>\n\t<meta name=\"twitter:data1\" content=\"greatreset\" \/>\n\t<meta name=\"twitter:label2\" content=\"Gesch\u00e4tzte Lesezeit\" \/>\n\t<meta name=\"twitter:data2\" content=\"3\u00a0Minuten\" \/>\n<script type=\"application\/ld+json\" class=\"yoast-schema-graph\">{\"@context\":\"https:\/\/schema.org\",\"@graph\":[{\"@type\":\"Article\",\"@id\":\"https:\/\/now-news.de\/de\/usa\/suedafrikas-gesundheitsbehoerden-bestaetigen-den-ersten-todesfall-im-zusammenhang-mit-dem-covid-impfstoff\/#article\",\"isPartOf\":{\"@id\":\"https:\/\/now-news.de\/de\/usa\/suedafrikas-gesundheitsbehoerden-bestaetigen-den-ersten-todesfall-im-zusammenhang-mit-dem-covid-impfstoff\/\"},\"author\":{\"name\":\"greatreset\",\"@id\":\"https:\/\/now-news.de\/de\/#\/schema\/person\/8afb4cd92b68572db7902c13a349ffcb\"},\"headline\":\"S\u00fcdafrikas Gesundheitsbeh\u00f6rden best\u00e4tigen den ersten Todesfall im Zusammenhang mit dem Covid-Impfstoff\",\"datePublished\":\"2022-08-05T19:13:00+00:00\",\"dateModified\":\"2022-08-05T19:13:00+00:00\",\"mainEntityOfPage\":{\"@id\":\"https:\/\/now-news.de\/de\/usa\/suedafrikas-gesundheitsbehoerden-bestaetigen-den-ersten-todesfall-im-zusammenhang-mit-dem-covid-impfstoff\/\"},\"wordCount\":551,\"commentCount\":0,\"publisher\":{\"@id\":\"https:\/\/now-news.de\/de\/#organization\"},\"image\":{\"@id\":\"https:\/\/now-news.de\/de\/usa\/suedafrikas-gesundheitsbehoerden-bestaetigen-den-ersten-todesfall-im-zusammenhang-mit-dem-covid-impfstoff\/#primaryimage\"},\"thumbnailUrl\":\"https:\/\/now-news.de\/de\/wp-content\/uploads\/sites\/3\/2022\/06\/1655343222_Was-wir-aus-dem-Hass-auf-die-Ungeimpften-gelernt-haben.jpg\",\"keywords\":[\"best\u00e4tigen\",\"CovidImpfstoff\",\"DEM\",\"den\",\"ersten\",\"Gesundheitsbeh\u00f6rden\",\"mit\",\"S\u00fcdafrikas\",\"Todesfall\",\"Zusammenhang\"],\"articleSection\":[\"USA\"],\"inLanguage\":\"de\",\"potentialAction\":[{\"@type\":\"CommentAction\",\"name\":\"Comment\",\"target\":[\"https:\/\/now-news.de\/de\/usa\/suedafrikas-gesundheitsbehoerden-bestaetigen-den-ersten-todesfall-im-zusammenhang-mit-dem-covid-impfstoff\/#respond\"]}]},{\"@type\":\"WebPage\",\"@id\":\"https:\/\/now-news.de\/de\/usa\/suedafrikas-gesundheitsbehoerden-bestaetigen-den-ersten-todesfall-im-zusammenhang-mit-dem-covid-impfstoff\/\",\"url\":\"https:\/\/now-news.de\/de\/usa\/suedafrikas-gesundheitsbehoerden-bestaetigen-den-ersten-todesfall-im-zusammenhang-mit-dem-covid-impfstoff\/\",\"name\":\"S\u00fcdafrikas Gesundheitsbeh\u00f6rden best\u00e4tigen den ersten Todesfall im Zusammenhang mit dem Covid-Impfstoff - just-now.NEWS Deutschland\",\"isPartOf\":{\"@id\":\"https:\/\/now-news.de\/de\/#website\"},\"primaryImageOfPage\":{\"@id\":\"https:\/\/now-news.de\/de\/usa\/suedafrikas-gesundheitsbehoerden-bestaetigen-den-ersten-todesfall-im-zusammenhang-mit-dem-covid-impfstoff\/#primaryimage\"},\"image\":{\"@id\":\"https:\/\/now-news.de\/de\/usa\/suedafrikas-gesundheitsbehoerden-bestaetigen-den-ersten-todesfall-im-zusammenhang-mit-dem-covid-impfstoff\/#primaryimage\"},\"thumbnailUrl\":\"https:\/\/now-news.de\/de\/wp-content\/uploads\/sites\/3\/2022\/06\/1655343222_Was-wir-aus-dem-Hass-auf-die-Ungeimpften-gelernt-haben.jpg\",\"datePublished\":\"2022-08-05T19:13:00+00:00\",\"dateModified\":\"2022-08-05T19:13:00+00:00\",\"breadcrumb\":{\"@id\":\"https:\/\/now-news.de\/de\/usa\/suedafrikas-gesundheitsbehoerden-bestaetigen-den-ersten-todesfall-im-zusammenhang-mit-dem-covid-impfstoff\/#breadcrumb\"},\"inLanguage\":\"de\",\"potentialAction\":[{\"@type\":\"ReadAction\",\"target\":[\"https:\/\/now-news.de\/de\/usa\/suedafrikas-gesundheitsbehoerden-bestaetigen-den-ersten-todesfall-im-zusammenhang-mit-dem-covid-impfstoff\/\"]}]},{\"@type\":\"ImageObject\",\"inLanguage\":\"de\",\"@id\":\"https:\/\/now-news.de\/de\/usa\/suedafrikas-gesundheitsbehoerden-bestaetigen-den-ersten-todesfall-im-zusammenhang-mit-dem-covid-impfstoff\/#primaryimage\",\"url\":\"https:\/\/now-news.de\/de\/wp-content\/uploads\/sites\/3\/2022\/06\/1655343222_Was-wir-aus-dem-Hass-auf-die-Ungeimpften-gelernt-haben.jpg\",\"contentUrl\":\"https:\/\/now-news.de\/de\/wp-content\/uploads\/sites\/3\/2022\/06\/1655343222_Was-wir-aus-dem-Hass-auf-die-Ungeimpften-gelernt-haben.jpg\",\"width\":1406,\"height\":846},{\"@type\":\"BreadcrumbList\",\"@id\":\"https:\/\/now-news.de\/de\/usa\/suedafrikas-gesundheitsbehoerden-bestaetigen-den-ersten-todesfall-im-zusammenhang-mit-dem-covid-impfstoff\/#breadcrumb\",\"itemListElement\":[{\"@type\":\"ListItem\",\"position\":1,\"name\":\"Home\",\"item\":\"https:\/\/now-news.de\/de\/\"},{\"@type\":\"ListItem\",\"position\":2,\"name\":\"S\u00fcdafrikas Gesundheitsbeh\u00f6rden best\u00e4tigen den ersten Todesfall im Zusammenhang mit dem Covid-Impfstoff\"}]},{\"@type\":\"WebSite\",\"@id\":\"https:\/\/now-news.de\/de\/#website\",\"url\":\"https:\/\/now-news.de\/de\/\",\"name\":\"just-now.NEWS Deutschland\",\"description\":\"Das Portal f\u00fcr unzensierte Nachrichten aus der Welt\",\"publisher\":{\"@id\":\"https:\/\/now-news.de\/de\/#organization\"},\"potentialAction\":[{\"@type\":\"SearchAction\",\"target\":{\"@type\":\"EntryPoint\",\"urlTemplate\":\"https:\/\/now-news.de\/de\/?s={search_term_string}\"},\"query-input\":\"required name=search_term_string\"}],\"inLanguage\":\"de\"},{\"@type\":\"Organization\",\"@id\":\"https:\/\/now-news.de\/de\/#organization\",\"name\":\"Just Now News\",\"url\":\"https:\/\/now-news.de\/de\/\",\"logo\":{\"@type\":\"ImageObject\",\"inLanguage\":\"de\",\"@id\":\"https:\/\/now-news.de\/de\/#\/schema\/logo\/image\/\",\"url\":\"http:\/\/just-now.news\/de\/wp-content\/uploads\/sites\/3\/2022\/04\/logo500x500.jpg\",\"contentUrl\":\"http:\/\/just-now.news\/de\/wp-content\/uploads\/sites\/3\/2022\/04\/logo500x500.jpg\",\"width\":500,\"height\":500,\"caption\":\"Just Now News\"},\"image\":{\"@id\":\"https:\/\/now-news.de\/de\/#\/schema\/logo\/image\/\"},\"sameAs\":[\"https:\/\/www.facebook.com\/wirmachenauf\",\"https:\/\/x.com\/WirMachenAuf_de\"]},{\"@type\":\"Person\",\"@id\":\"https:\/\/now-news.de\/de\/#\/schema\/person\/8afb4cd92b68572db7902c13a349ffcb\",\"name\":\"greatreset\",\"image\":{\"@type\":\"ImageObject\",\"inLanguage\":\"de\",\"@id\":\"https:\/\/now-news.de\/de\/#\/schema\/person\/image\/\",\"url\":\"https:\/\/secure.gravatar.com\/avatar\/a088df625d49991c090e78c8b9542592?s=96&d=mm&r=g\",\"contentUrl\":\"https:\/\/secure.gravatar.com\/avatar\/a088df625d49991c090e78c8b9542592?s=96&d=mm&r=g\",\"caption\":\"greatreset\"},\"url\":\"https:\/\/now-news.de\/de\/author\/greatreset\/\"}]}<\/script>\n<!-- \/ Yoast SEO Premium plugin. -->","yoast_head_json":{"title":"S\u00fcdafrikas Gesundheitsbeh\u00f6rden best\u00e4tigen den ersten Todesfall im Zusammenhang mit dem Covid-Impfstoff - just-now.NEWS Deutschland","robots":{"index":"index","follow":"follow","max-snippet":"max-snippet:-1","max-image-preview":"max-image-preview:large","max-video-preview":"max-video-preview:-1"},"canonical":"https:\/\/now-news.de\/de\/usa\/suedafrikas-gesundheitsbehoerden-bestaetigen-den-ersten-todesfall-im-zusammenhang-mit-dem-covid-impfstoff\/","og_locale":"de_DE","og_type":"article","og_title":"S\u00fcdafrikas Gesundheitsbeh\u00f6rden best\u00e4tigen den ersten Todesfall im Zusammenhang mit dem Covid-Impfstoff","og_description":"Am Donnerstag gab die s\u00fcdafrikanische Gesundheitsbeh\u00f6rde einen kausalen Zusammenhang zwischen dem Tod einer Person und der COVID-19-Impfung von Johnson &#038; Johnson bekannt. Dies ist der erste Todesfall im Zusammenhang mit COVID-Impfstoffen, der in S\u00fcdafrika gemeldet wurde. Berichten zufolge entwickelte ein Patient, der die Covid-19-Impfung von J&#038;J erhalten hatte, das Guillain-Barr\u00e9-Syndrom (GBS) und starb nach l\u00e4ngerem [&hellip;]","og_url":"https:\/\/now-news.de\/de\/usa\/suedafrikas-gesundheitsbehoerden-bestaetigen-den-ersten-todesfall-im-zusammenhang-mit-dem-covid-impfstoff\/","og_site_name":"just-now.NEWS Deutschland","article_publisher":"https:\/\/www.facebook.com\/wirmachenauf","article_published_time":"2022-08-05T19:13:00+00:00","og_image":[{"width":1406,"height":846,"url":"https:\/\/now-news.de\/de\/wp-content\/uploads\/sites\/3\/2022\/06\/1655343222_Was-wir-aus-dem-Hass-auf-die-Ungeimpften-gelernt-haben.jpg","type":"image\/jpeg"}],"author":"greatreset","twitter_card":"summary_large_image","twitter_creator":"@WirMachenAuf_de","twitter_site":"@WirMachenAuf_de","twitter_misc":{"Verfasst von":"greatreset","Gesch\u00e4tzte Lesezeit":"3\u00a0Minuten"},"schema":{"@context":"https:\/\/schema.org","@graph":[{"@type":"Article","@id":"https:\/\/now-news.de\/de\/usa\/suedafrikas-gesundheitsbehoerden-bestaetigen-den-ersten-todesfall-im-zusammenhang-mit-dem-covid-impfstoff\/#article","isPartOf":{"@id":"https:\/\/now-news.de\/de\/usa\/suedafrikas-gesundheitsbehoerden-bestaetigen-den-ersten-todesfall-im-zusammenhang-mit-dem-covid-impfstoff\/"},"author":{"name":"greatreset","@id":"https:\/\/now-news.de\/de\/#\/schema\/person\/8afb4cd92b68572db7902c13a349ffcb"},"headline":"S\u00fcdafrikas Gesundheitsbeh\u00f6rden best\u00e4tigen den ersten Todesfall im Zusammenhang mit dem Covid-Impfstoff","datePublished":"2022-08-05T19:13:00+00:00","dateModified":"2022-08-05T19:13:00+00:00","mainEntityOfPage":{"@id":"https:\/\/now-news.de\/de\/usa\/suedafrikas-gesundheitsbehoerden-bestaetigen-den-ersten-todesfall-im-zusammenhang-mit-dem-covid-impfstoff\/"},"wordCount":551,"commentCount":0,"publisher":{"@id":"https:\/\/now-news.de\/de\/#organization"},"image":{"@id":"https:\/\/now-news.de\/de\/usa\/suedafrikas-gesundheitsbehoerden-bestaetigen-den-ersten-todesfall-im-zusammenhang-mit-dem-covid-impfstoff\/#primaryimage"},"thumbnailUrl":"https:\/\/now-news.de\/de\/wp-content\/uploads\/sites\/3\/2022\/06\/1655343222_Was-wir-aus-dem-Hass-auf-die-Ungeimpften-gelernt-haben.jpg","keywords":["best\u00e4tigen","CovidImpfstoff","DEM","den","ersten","Gesundheitsbeh\u00f6rden","mit","S\u00fcdafrikas","Todesfall","Zusammenhang"],"articleSection":["USA"],"inLanguage":"de","potentialAction":[{"@type":"CommentAction","name":"Comment","target":["https:\/\/now-news.de\/de\/usa\/suedafrikas-gesundheitsbehoerden-bestaetigen-den-ersten-todesfall-im-zusammenhang-mit-dem-covid-impfstoff\/#respond"]}]},{"@type":"WebPage","@id":"https:\/\/now-news.de\/de\/usa\/suedafrikas-gesundheitsbehoerden-bestaetigen-den-ersten-todesfall-im-zusammenhang-mit-dem-covid-impfstoff\/","url":"https:\/\/now-news.de\/de\/usa\/suedafrikas-gesundheitsbehoerden-bestaetigen-den-ersten-todesfall-im-zusammenhang-mit-dem-covid-impfstoff\/","name":"S\u00fcdafrikas Gesundheitsbeh\u00f6rden best\u00e4tigen den ersten Todesfall im Zusammenhang mit dem Covid-Impfstoff - just-now.NEWS Deutschland","isPartOf":{"@id":"https:\/\/now-news.de\/de\/#website"},"primaryImageOfPage":{"@id":"https:\/\/now-news.de\/de\/usa\/suedafrikas-gesundheitsbehoerden-bestaetigen-den-ersten-todesfall-im-zusammenhang-mit-dem-covid-impfstoff\/#primaryimage"},"image":{"@id":"https:\/\/now-news.de\/de\/usa\/suedafrikas-gesundheitsbehoerden-bestaetigen-den-ersten-todesfall-im-zusammenhang-mit-dem-covid-impfstoff\/#primaryimage"},"thumbnailUrl":"https:\/\/now-news.de\/de\/wp-content\/uploads\/sites\/3\/2022\/06\/1655343222_Was-wir-aus-dem-Hass-auf-die-Ungeimpften-gelernt-haben.jpg","datePublished":"2022-08-05T19:13:00+00:00","dateModified":"2022-08-05T19:13:00+00:00","breadcrumb":{"@id":"https:\/\/now-news.de\/de\/usa\/suedafrikas-gesundheitsbehoerden-bestaetigen-den-ersten-todesfall-im-zusammenhang-mit-dem-covid-impfstoff\/#breadcrumb"},"inLanguage":"de","potentialAction":[{"@type":"ReadAction","target":["https:\/\/now-news.de\/de\/usa\/suedafrikas-gesundheitsbehoerden-bestaetigen-den-ersten-todesfall-im-zusammenhang-mit-dem-covid-impfstoff\/"]}]},{"@type":"ImageObject","inLanguage":"de","@id":"https:\/\/now-news.de\/de\/usa\/suedafrikas-gesundheitsbehoerden-bestaetigen-den-ersten-todesfall-im-zusammenhang-mit-dem-covid-impfstoff\/#primaryimage","url":"https:\/\/now-news.de\/de\/wp-content\/uploads\/sites\/3\/2022\/06\/1655343222_Was-wir-aus-dem-Hass-auf-die-Ungeimpften-gelernt-haben.jpg","contentUrl":"https:\/\/now-news.de\/de\/wp-content\/uploads\/sites\/3\/2022\/06\/1655343222_Was-wir-aus-dem-Hass-auf-die-Ungeimpften-gelernt-haben.jpg","width":1406,"height":846},{"@type":"BreadcrumbList","@id":"https:\/\/now-news.de\/de\/usa\/suedafrikas-gesundheitsbehoerden-bestaetigen-den-ersten-todesfall-im-zusammenhang-mit-dem-covid-impfstoff\/#breadcrumb","itemListElement":[{"@type":"ListItem","position":1,"name":"Home","item":"https:\/\/now-news.de\/de\/"},{"@type":"ListItem","position":2,"name":"S\u00fcdafrikas Gesundheitsbeh\u00f6rden best\u00e4tigen den ersten Todesfall im Zusammenhang mit dem Covid-Impfstoff"}]},{"@type":"WebSite","@id":"https:\/\/now-news.de\/de\/#website","url":"https:\/\/now-news.de\/de\/","name":"just-now.NEWS Deutschland","description":"Das Portal f\u00fcr unzensierte Nachrichten aus der Welt","publisher":{"@id":"https:\/\/now-news.de\/de\/#organization"},"potentialAction":[{"@type":"SearchAction","target":{"@type":"EntryPoint","urlTemplate":"https:\/\/now-news.de\/de\/?s={search_term_string}"},"query-input":"required name=search_term_string"}],"inLanguage":"de"},{"@type":"Organization","@id":"https:\/\/now-news.de\/de\/#organization","name":"Just Now News","url":"https:\/\/now-news.de\/de\/","logo":{"@type":"ImageObject","inLanguage":"de","@id":"https:\/\/now-news.de\/de\/#\/schema\/logo\/image\/","url":"http:\/\/just-now.news\/de\/wp-content\/uploads\/sites\/3\/2022\/04\/logo500x500.jpg","contentUrl":"http:\/\/just-now.news\/de\/wp-content\/uploads\/sites\/3\/2022\/04\/logo500x500.jpg","width":500,"height":500,"caption":"Just Now News"},"image":{"@id":"https:\/\/now-news.de\/de\/#\/schema\/logo\/image\/"},"sameAs":["https:\/\/www.facebook.com\/wirmachenauf","https:\/\/x.com\/WirMachenAuf_de"]},{"@type":"Person","@id":"https:\/\/now-news.de\/de\/#\/schema\/person\/8afb4cd92b68572db7902c13a349ffcb","name":"greatreset","image":{"@type":"ImageObject","inLanguage":"de","@id":"https:\/\/now-news.de\/de\/#\/schema\/person\/image\/","url":"https:\/\/secure.gravatar.com\/avatar\/a088df625d49991c090e78c8b9542592?s=96&d=mm&r=g","contentUrl":"https:\/\/secure.gravatar.com\/avatar\/a088df625d49991c090e78c8b9542592?s=96&d=mm&r=g","caption":"greatreset"},"url":"https:\/\/now-news.de\/de\/author\/greatreset\/"}]}},"_links":{"self":[{"href":"https:\/\/now-news.de\/de\/wp-json\/wp\/v2\/posts\/16240"}],"collection":[{"href":"https:\/\/now-news.de\/de\/wp-json\/wp\/v2\/posts"}],"about":[{"href":"https:\/\/now-news.de\/de\/wp-json\/wp\/v2\/types\/post"}],"author":[{"embeddable":true,"href":"https:\/\/now-news.de\/de\/wp-json\/wp\/v2\/users\/5"}],"replies":[{"embeddable":true,"href":"https:\/\/now-news.de\/de\/wp-json\/wp\/v2\/comments?post=16240"}],"version-history":[{"count":0,"href":"https:\/\/now-news.de\/de\/wp-json\/wp\/v2\/posts\/16240\/revisions"}],"wp:featuredmedia":[{"embeddable":true,"href":"https:\/\/now-news.de\/de\/wp-json\/wp\/v2\/media\/10972"}],"wp:attachment":[{"href":"https:\/\/now-news.de\/de\/wp-json\/wp\/v2\/media?parent=16240"}],"wp:term":[{"taxonomy":"category","embeddable":true,"href":"https:\/\/now-news.de\/de\/wp-json\/wp\/v2\/categories?post=16240"},{"taxonomy":"post_tag","embeddable":true,"href":"https:\/\/now-news.de\/de\/wp-json\/wp\/v2\/tags?post=16240"}],"curies":[{"name":"wp","href":"https:\/\/api.w.org\/{rel}","templated":true}]}}