{"id":16206,"date":"2022-08-05T17:48:24","date_gmt":"2022-08-05T15:48:24","guid":{"rendered":"http:\/\/just-now.news\/de\/deutschland\/migrationslobby-im-kanzleramt\/"},"modified":"2022-08-05T17:48:24","modified_gmt":"2022-08-05T15:48:24","slug":"migrationslobby-im-kanzleramt","status":"publish","type":"post","link":"https:\/\/now-news.de\/de\/deutschland\/migrationslobby-im-kanzleramt\/","title":{"rendered":"Migrationslobby im Kanzleramt"},"content":{"rendered":"<p><img decoding=\"async\" src=\"http:\/\/just-now.news\/de\/wp-content\/uploads\/sites\/3\/2022\/08\/62ecea53b480cc3f14111a4e.jpg\" \/><\/p>\n<div class=\"Text-root Text-type_1 \">\n                Wenn Regierungen, auch deutsche, Beschl\u00fcsse f\u00e4llen, die gegen die Interessen der Bev\u00f6lkerung gerichtet sind, ist das oft das Ergebnis von Lobbyisten. Auch f\u00fcr die Politik der offenen Grenzen gibt es eine solche Lobby. Sie wird aber nicht als solche gef\u00fchrt.\n            <\/div>\n<p><\/p>\n<div class=\"Text-root Text-type_5 ArticleView-text ViewText-root \">\n<p><em>von Dr. Anton Friesen<\/em><\/p>\n<p>Ob der infame <a rel=\"nofollow noopener\" target=\"_blank\" href=\"https:\/\/www.zeit.de\/2016\/27\/gerald-knaus-fluechtlinge-eu-tuerkei-abkommen\">&#8220;Fl\u00fcchtlingsdeal&#8221;<\/a> mit der T\u00fcrkei, der Erdo\u011fan T\u00fcr und Tor f\u00fcr die Erpressung der EU \u00f6ffnete, oder eine gro\u00dfangelegte <a rel=\"nofollow noopener\" target=\"_blank\" href=\"https:\/\/www.esiweb.org\/proposals\/airlift-2022-ukrainians\">&#8220;Luftbr\u00fccke&#8221;<\/a>\u00a0f\u00fcr die Ukrainer, die wohl Erinnerungen an die Berliner Luftbr\u00fccke w\u00e4hrend des (ersten) Kalten Krieges wecken soll \u2013 die Lobbyorganisation European Stability Initiative (ESI) ist ganz vorne dabei, was die Einflussnahme f\u00fcr offene Grenzen und unbegrenzte Migration angeht.<\/p>\n<p>Im Jahre 1999 ausgerechnet in Sarajevo gegr\u00fcndet, <a rel=\"nofollow noopener\" target=\"_blank\" href=\"https:\/\/www.esiweb.org\/who-we-are\">k\u00e4mpft<\/a> das ESI nach Eigenaussage ganz an vorderster Front, &#8220;um Europa gegen illiberale Kr\u00e4fte zu verteidigen.&#8221;<\/p>\n<p>Wie eine <a rel=\"nofollow noopener\" target=\"_blank\" href=\"https:\/\/dserver.bundestag.de\/btd\/20\/019\/2001968.pdf\">Anfrage<\/a> der AfD-Bundestagsfraktion unter Federf\u00fchrung ihres au\u00dfenpolitischen Sprechers, Petr Bystron, ergab,\u00a0fanden seit 2018 sechs Treffen des Direktors von ESI, Gerald Knaus \u2013 dem Kopf hinter dem Fl\u00fcchtlingsdeal \u2013 mit hochrangigen Vertretern der Bundesregierung statt. So zum Beispiel\u00a0mit dem damaligen Entwicklungsminister M\u00fcller (CSU) oder, im April dieses Jahres, also mitten im Ukraine-Krieg, mit dem Chef des Kanzleramts, Wolfgang Schmidt \u2013 der rechten Hand von Olaf Scholz (SPD). Bis 2021 wurde zudem das Bundesministerium f\u00fcr wirtschaftliche Zusammenarbeit und Entwicklung durch ESI &#8220;beraten&#8221;.<\/p>\n<p>Was bei solcherlei &#8220;Einfl\u00fcsterdiensten&#8221; rauskommt, kann man sich unschwer vorstellen. Es w\u00e4re auch durchaus vorstellbar, dass die Migrationslobbyisten der European Stability Initiative auch durch die Bundestagsflure schlurfen.\u00a0Indes erscheint die ESI nicht einmal im <a rel=\"nofollow noopener\" target=\"_blank\" href=\"https:\/\/www.lobbyregister.bundestag.de\/startseite?lang=de\">Lobbyregister<\/a> des Deutschen Bundestages. Ein (Rechts)Populist, wer B\u00f6ses dabei denkt.<\/p>\n<p>Dass offene Grenzen mit einer nicht ganz dichten Politik einhergehen, ist schon seit Jahren ein mehr als begr\u00fcndeter Verdacht all jener, die im besten Deutschland aller Zeiten f\u00fcr einen offenen Meinungsaustausch streiten. W\u00e4hrend Erstere &#8220;in&#8221;\u00a0sind, ist Letzteres &#8220;out&#8221;.<\/p>\n<p>Ganz besonders trifft das auf das Ausw\u00e4rtige Amt zu. W\u00e4hrend Annalena Baerbock weltweit in einer schusssicheren Weste eine gute Figur macht (so war <em>bella figura<\/em> in Italien urspr\u00fcnglich <em>nicht<\/em> gemeint), flie\u00dfen hunderttausende Euro an deutschem Steuergeld in unsinnige Pseudoma\u00dfnahmen.<\/p>\n<p>Ein herausragendes Beispiel, das es verdient h\u00e4tte, vom Bundesrechnungshof in dessen Liste der schlimmsten Steuergeldverschwendung des Bundes einzugehen, ist das Projekt <a rel=\"nofollow noopener\" target=\"_blank\" href=\"https:\/\/rumoursaboutgermany.info\/\">Rumours about Germany<\/a>. Hunderttausende Euro wurden seit der Migrationskrise im Herbst 2015 f\u00fcr diese Kampagne des Ausw\u00e4rtigen Amtes ausgegeben, die illegale Migration verringern soll. Doch statt illegale Migranten vor einer lebensgef\u00e4hrlichen Reise\u00a0\u00fcber das Mittelmeer abzuhalten, wurde die Internetpr\u00e4senz der Kampagne in der Vergangenheit meistens aus Deutschland <a rel=\"nofollow noopener\" target=\"_blank\" href=\"https:\/\/dserver.bundestag.de\/btd\/19\/147\/1914709.pdf\">aufgesucht<\/a>.<\/p>\n<p>Ob es wohl so viele Deutsche gibt, die vor den herrschenden Verh\u00e4ltnissen fliehen? Fragen eines lesenden B\u00fcrgers, auf die sogar Annalena Baerbock keine Antwort hat.\u00a0Und das Beste kommt bekanntlich immer zum Schluss: Bei der f\u00e4lligen Evaluierung wurden die Migranten, die ja vor der Einreise abgehalten werden sollen, \u00fcberhaupt nicht gefragt. Stattdessen hat ein Unternehmen mehr als\u00a0100.000 Euro Steuerzahlergeld f\u00fcr eine &#8220;Evaluation&#8221; <a rel=\"nofollow noopener\" target=\"_blank\" href=\"https:\/\/dserver.bundestag.de\/btd\/20\/022\/2002266.pdf\">eingestrichen<\/a>.<\/p>\n<p>Ob man dabei nicht den gesunden Menschenverstand benutzen und die\u00a0100.000 Euro sparen k\u00f6nnte? Der Angestellte, der im Niedriglohnsektor den Mindestlohn bekommt, muss mindestens 9.569 Stunden daf\u00fcr arbeiten, um (brutto!) das sich inzwischen schnell verfl\u00fcchtigende Geld in den H\u00e4nden zu halten. Aber wie sagte es unsere glorreiche Au\u00dfenministerin einmal:<\/p>\n<blockquote>\n<p><em>&#8220;Das wird Deutschland (pardon: Russland) ruinieren!&#8221;<\/em><\/p>\n<\/blockquote>\n<p><em>Dr. Anton Friesen, Wiss. Mitarbeiter im Deutschen Bundestag und ehemaliger Bundestagsabgeordneter (Ausw\u00e4rtiger Ausschuss sowie Ausschuss f\u00fcr Menschenrechte und humanit\u00e4re Hilfe). Der Autor vertritt im Artikel ausschlie\u00dflich seine eigene Meinung. <\/em><\/p>\n<p><strong>Mehr zum Thema<\/strong> &#8211; <a rel=\"nofollow noopener\" target=\"_blank\" href=\"https:\/\/de.rt.com\/europa\/144157-arbeitskrafte-zuwanderung-nach-deutschland-aus\/\">Immer mehr Arbeitskr\u00e4fte aus Bosnien-Herzegowina in Deutschland \u2013 Der Balkan-Staat leidet darunter<\/a><\/p>\n<\/div>\n<p><br \/>\n<br \/><a href=\"https:\/\/de.rt.com\/meinung\/145356-migrationslobby-im-kanzleramt\/\">Source link <\/a><\/p>\n","protected":false},"excerpt":{"rendered":"<p>Wenn Regierungen, auch deutsche, Beschl\u00fcsse f\u00e4llen, die gegen die Interessen der Bev\u00f6lkerung gerichtet sind, ist das oft das Ergebnis von Lobbyisten. Auch f\u00fcr die Politik der offenen Grenzen gibt es eine solche Lobby. Sie wird aber nicht als solche gef\u00fchrt. von Dr. Anton Friesen Ob der infame &#8220;Fl\u00fcchtlingsdeal&#8221; mit der T\u00fcrkei, der Erdo\u011fan T\u00fcr und [&hellip;]<\/p>\n","protected":false},"author":3,"featured_media":16207,"comment_status":"open","ping_status":"open","sticky":false,"template":"","format":"standard","meta":{"wp_automatic_camp":["217"],"f96b4ab370827cdb115a6db0ba2be60c":["Migrationslobby im Kanzleramt"],"original_link":["https:\/\/de.rt.com\/meinung\/145356-migrationslobby-im-kanzleramt\/"],"_thumbnail_id":["16207"],"_wptg_p2tg_sent2tg":["2022-08-05 17:50:21"],"jnews_social_counter_last_update":["1777658709"]},"categories":[19,23],"tags":[28541,30410],"yoast_head":"<!-- This site is optimized with the Yoast SEO Premium plugin v22.7 (Yoast SEO v22.7) - https:\/\/yoast.com\/wordpress\/plugins\/seo\/ -->\n<title>Migrationslobby im Kanzleramt - just-now.NEWS Deutschland<\/title>\n<meta name=\"robots\" content=\"index, follow, max-snippet:-1, max-image-preview:large, max-video-preview:-1\" \/>\n<link rel=\"canonical\" href=\"https:\/\/now-news.de\/de\/deutschland\/migrationslobby-im-kanzleramt\/\" \/>\n<meta property=\"og:locale\" content=\"de_DE\" \/>\n<meta property=\"og:type\" content=\"article\" \/>\n<meta property=\"og:title\" content=\"Migrationslobby im Kanzleramt\" \/>\n<meta property=\"og:description\" content=\"Wenn Regierungen, auch deutsche, Beschl\u00fcsse f\u00e4llen, die gegen die Interessen der Bev\u00f6lkerung gerichtet sind, ist das oft das Ergebnis von Lobbyisten. Auch f\u00fcr die Politik der offenen Grenzen gibt es eine solche Lobby. Sie wird aber nicht als solche gef\u00fchrt. von Dr. Anton Friesen Ob der infame &#8220;Fl\u00fcchtlingsdeal&#8221; mit der T\u00fcrkei, der Erdo\u011fan T\u00fcr und [&hellip;]\" \/>\n<meta property=\"og:url\" content=\"https:\/\/now-news.de\/de\/deutschland\/migrationslobby-im-kanzleramt\/\" \/>\n<meta property=\"og:site_name\" content=\"just-now.NEWS Deutschland\" \/>\n<meta property=\"article:publisher\" content=\"https:\/\/www.facebook.com\/wirmachenauf\" \/>\n<meta property=\"article:published_time\" content=\"2022-08-05T15:48:24+00:00\" \/>\n<meta property=\"og:image\" content=\"https:\/\/now-news.de\/de\/wp-content\/uploads\/sites\/3\/2022\/08\/Migrationslobby-im-Kanzleramt.jpg\" \/>\n\t<meta property=\"og:image:width\" content=\"460\" \/>\n\t<meta property=\"og:image:height\" content=\"259\" \/>\n\t<meta property=\"og:image:type\" content=\"image\/jpeg\" \/>\n<meta name=\"author\" content=\"rtnews\" \/>\n<meta name=\"twitter:card\" content=\"summary_large_image\" \/>\n<meta name=\"twitter:creator\" content=\"@WirMachenAuf_de\" \/>\n<meta name=\"twitter:site\" content=\"@WirMachenAuf_de\" \/>\n<meta name=\"twitter:label1\" content=\"Verfasst von\" \/>\n\t<meta name=\"twitter:data1\" content=\"rtnews\" \/>\n\t<meta name=\"twitter:label2\" content=\"Gesch\u00e4tzte Lesezeit\" \/>\n\t<meta name=\"twitter:data2\" content=\"3\u00a0Minuten\" \/>\n<script type=\"application\/ld+json\" class=\"yoast-schema-graph\">{\"@context\":\"https:\/\/schema.org\",\"@graph\":[{\"@type\":\"Article\",\"@id\":\"https:\/\/now-news.de\/de\/deutschland\/migrationslobby-im-kanzleramt\/#article\",\"isPartOf\":{\"@id\":\"https:\/\/now-news.de\/de\/deutschland\/migrationslobby-im-kanzleramt\/\"},\"author\":{\"name\":\"rtnews\",\"@id\":\"https:\/\/now-news.de\/de\/#\/schema\/person\/fb534a4e865501d8b3285208df34a9b5\"},\"headline\":\"Migrationslobby im Kanzleramt\",\"datePublished\":\"2022-08-05T15:48:24+00:00\",\"dateModified\":\"2022-08-05T15:48:24+00:00\",\"mainEntityOfPage\":{\"@id\":\"https:\/\/now-news.de\/de\/deutschland\/migrationslobby-im-kanzleramt\/\"},\"wordCount\":615,\"commentCount\":0,\"publisher\":{\"@id\":\"https:\/\/now-news.de\/de\/#organization\"},\"image\":{\"@id\":\"https:\/\/now-news.de\/de\/deutschland\/migrationslobby-im-kanzleramt\/#primaryimage\"},\"thumbnailUrl\":\"https:\/\/now-news.de\/de\/wp-content\/uploads\/sites\/3\/2022\/08\/Migrationslobby-im-Kanzleramt.jpg\",\"keywords\":[\"Kanzleramt\",\"Migrationslobby\"],\"articleSection\":[\"Deutschland\",\"Russland\"],\"inLanguage\":\"de\",\"potentialAction\":[{\"@type\":\"CommentAction\",\"name\":\"Comment\",\"target\":[\"https:\/\/now-news.de\/de\/deutschland\/migrationslobby-im-kanzleramt\/#respond\"]}]},{\"@type\":\"WebPage\",\"@id\":\"https:\/\/now-news.de\/de\/deutschland\/migrationslobby-im-kanzleramt\/\",\"url\":\"https:\/\/now-news.de\/de\/deutschland\/migrationslobby-im-kanzleramt\/\",\"name\":\"Migrationslobby im Kanzleramt - just-now.NEWS Deutschland\",\"isPartOf\":{\"@id\":\"https:\/\/now-news.de\/de\/#website\"},\"primaryImageOfPage\":{\"@id\":\"https:\/\/now-news.de\/de\/deutschland\/migrationslobby-im-kanzleramt\/#primaryimage\"},\"image\":{\"@id\":\"https:\/\/now-news.de\/de\/deutschland\/migrationslobby-im-kanzleramt\/#primaryimage\"},\"thumbnailUrl\":\"https:\/\/now-news.de\/de\/wp-content\/uploads\/sites\/3\/2022\/08\/Migrationslobby-im-Kanzleramt.jpg\",\"datePublished\":\"2022-08-05T15:48:24+00:00\",\"dateModified\":\"2022-08-05T15:48:24+00:00\",\"breadcrumb\":{\"@id\":\"https:\/\/now-news.de\/de\/deutschland\/migrationslobby-im-kanzleramt\/#breadcrumb\"},\"inLanguage\":\"de\",\"potentialAction\":[{\"@type\":\"ReadAction\",\"target\":[\"https:\/\/now-news.de\/de\/deutschland\/migrationslobby-im-kanzleramt\/\"]}]},{\"@type\":\"ImageObject\",\"inLanguage\":\"de\",\"@id\":\"https:\/\/now-news.de\/de\/deutschland\/migrationslobby-im-kanzleramt\/#primaryimage\",\"url\":\"https:\/\/now-news.de\/de\/wp-content\/uploads\/sites\/3\/2022\/08\/Migrationslobby-im-Kanzleramt.jpg\",\"contentUrl\":\"https:\/\/now-news.de\/de\/wp-content\/uploads\/sites\/3\/2022\/08\/Migrationslobby-im-Kanzleramt.jpg\",\"width\":460,\"height\":259,\"caption\":\"Migrationslobby im Kanzleramt\"},{\"@type\":\"BreadcrumbList\",\"@id\":\"https:\/\/now-news.de\/de\/deutschland\/migrationslobby-im-kanzleramt\/#breadcrumb\",\"itemListElement\":[{\"@type\":\"ListItem\",\"position\":1,\"name\":\"Home\",\"item\":\"https:\/\/now-news.de\/de\/\"},{\"@type\":\"ListItem\",\"position\":2,\"name\":\"Migrationslobby im Kanzleramt\"}]},{\"@type\":\"WebSite\",\"@id\":\"https:\/\/now-news.de\/de\/#website\",\"url\":\"https:\/\/now-news.de\/de\/\",\"name\":\"just-now.NEWS Deutschland\",\"description\":\"Das Portal f\u00fcr unzensierte Nachrichten aus der Welt\",\"publisher\":{\"@id\":\"https:\/\/now-news.de\/de\/#organization\"},\"potentialAction\":[{\"@type\":\"SearchAction\",\"target\":{\"@type\":\"EntryPoint\",\"urlTemplate\":\"https:\/\/now-news.de\/de\/?s={search_term_string}\"},\"query-input\":\"required name=search_term_string\"}],\"inLanguage\":\"de\"},{\"@type\":\"Organization\",\"@id\":\"https:\/\/now-news.de\/de\/#organization\",\"name\":\"Just Now News\",\"url\":\"https:\/\/now-news.de\/de\/\",\"logo\":{\"@type\":\"ImageObject\",\"inLanguage\":\"de\",\"@id\":\"https:\/\/now-news.de\/de\/#\/schema\/logo\/image\/\",\"url\":\"http:\/\/just-now.news\/de\/wp-content\/uploads\/sites\/3\/2022\/04\/logo500x500.jpg\",\"contentUrl\":\"http:\/\/just-now.news\/de\/wp-content\/uploads\/sites\/3\/2022\/04\/logo500x500.jpg\",\"width\":500,\"height\":500,\"caption\":\"Just Now News\"},\"image\":{\"@id\":\"https:\/\/now-news.de\/de\/#\/schema\/logo\/image\/\"},\"sameAs\":[\"https:\/\/www.facebook.com\/wirmachenauf\",\"https:\/\/x.com\/WirMachenAuf_de\"]},{\"@type\":\"Person\",\"@id\":\"https:\/\/now-news.de\/de\/#\/schema\/person\/fb534a4e865501d8b3285208df34a9b5\",\"name\":\"rtnews\",\"image\":{\"@type\":\"ImageObject\",\"inLanguage\":\"de\",\"@id\":\"https:\/\/now-news.de\/de\/#\/schema\/person\/image\/\",\"url\":\"https:\/\/secure.gravatar.com\/avatar\/82aafea7d8127119dd649515f56e2117?s=96&d=mm&r=g\",\"contentUrl\":\"https:\/\/secure.gravatar.com\/avatar\/82aafea7d8127119dd649515f56e2117?s=96&d=mm&r=g\",\"caption\":\"rtnews\"},\"url\":\"https:\/\/now-news.de\/de\/author\/rnews\/\"}]}<\/script>\n<!-- \/ Yoast SEO Premium plugin. -->","yoast_head_json":{"title":"Migrationslobby im Kanzleramt - just-now.NEWS Deutschland","robots":{"index":"index","follow":"follow","max-snippet":"max-snippet:-1","max-image-preview":"max-image-preview:large","max-video-preview":"max-video-preview:-1"},"canonical":"https:\/\/now-news.de\/de\/deutschland\/migrationslobby-im-kanzleramt\/","og_locale":"de_DE","og_type":"article","og_title":"Migrationslobby im Kanzleramt","og_description":"Wenn Regierungen, auch deutsche, Beschl\u00fcsse f\u00e4llen, die gegen die Interessen der Bev\u00f6lkerung gerichtet sind, ist das oft das Ergebnis von Lobbyisten. Auch f\u00fcr die Politik der offenen Grenzen gibt es eine solche Lobby. Sie wird aber nicht als solche gef\u00fchrt. von Dr. Anton Friesen Ob der infame &#8220;Fl\u00fcchtlingsdeal&#8221; mit der T\u00fcrkei, der Erdo\u011fan T\u00fcr und [&hellip;]","og_url":"https:\/\/now-news.de\/de\/deutschland\/migrationslobby-im-kanzleramt\/","og_site_name":"just-now.NEWS Deutschland","article_publisher":"https:\/\/www.facebook.com\/wirmachenauf","article_published_time":"2022-08-05T15:48:24+00:00","og_image":[{"width":460,"height":259,"url":"https:\/\/now-news.de\/de\/wp-content\/uploads\/sites\/3\/2022\/08\/Migrationslobby-im-Kanzleramt.jpg","type":"image\/jpeg"}],"author":"rtnews","twitter_card":"summary_large_image","twitter_creator":"@WirMachenAuf_de","twitter_site":"@WirMachenAuf_de","twitter_misc":{"Verfasst von":"rtnews","Gesch\u00e4tzte Lesezeit":"3\u00a0Minuten"},"schema":{"@context":"https:\/\/schema.org","@graph":[{"@type":"Article","@id":"https:\/\/now-news.de\/de\/deutschland\/migrationslobby-im-kanzleramt\/#article","isPartOf":{"@id":"https:\/\/now-news.de\/de\/deutschland\/migrationslobby-im-kanzleramt\/"},"author":{"name":"rtnews","@id":"https:\/\/now-news.de\/de\/#\/schema\/person\/fb534a4e865501d8b3285208df34a9b5"},"headline":"Migrationslobby im Kanzleramt","datePublished":"2022-08-05T15:48:24+00:00","dateModified":"2022-08-05T15:48:24+00:00","mainEntityOfPage":{"@id":"https:\/\/now-news.de\/de\/deutschland\/migrationslobby-im-kanzleramt\/"},"wordCount":615,"commentCount":0,"publisher":{"@id":"https:\/\/now-news.de\/de\/#organization"},"image":{"@id":"https:\/\/now-news.de\/de\/deutschland\/migrationslobby-im-kanzleramt\/#primaryimage"},"thumbnailUrl":"https:\/\/now-news.de\/de\/wp-content\/uploads\/sites\/3\/2022\/08\/Migrationslobby-im-Kanzleramt.jpg","keywords":["Kanzleramt","Migrationslobby"],"articleSection":["Deutschland","Russland"],"inLanguage":"de","potentialAction":[{"@type":"CommentAction","name":"Comment","target":["https:\/\/now-news.de\/de\/deutschland\/migrationslobby-im-kanzleramt\/#respond"]}]},{"@type":"WebPage","@id":"https:\/\/now-news.de\/de\/deutschland\/migrationslobby-im-kanzleramt\/","url":"https:\/\/now-news.de\/de\/deutschland\/migrationslobby-im-kanzleramt\/","name":"Migrationslobby im Kanzleramt - just-now.NEWS Deutschland","isPartOf":{"@id":"https:\/\/now-news.de\/de\/#website"},"primaryImageOfPage":{"@id":"https:\/\/now-news.de\/de\/deutschland\/migrationslobby-im-kanzleramt\/#primaryimage"},"image":{"@id":"https:\/\/now-news.de\/de\/deutschland\/migrationslobby-im-kanzleramt\/#primaryimage"},"thumbnailUrl":"https:\/\/now-news.de\/de\/wp-content\/uploads\/sites\/3\/2022\/08\/Migrationslobby-im-Kanzleramt.jpg","datePublished":"2022-08-05T15:48:24+00:00","dateModified":"2022-08-05T15:48:24+00:00","breadcrumb":{"@id":"https:\/\/now-news.de\/de\/deutschland\/migrationslobby-im-kanzleramt\/#breadcrumb"},"inLanguage":"de","potentialAction":[{"@type":"ReadAction","target":["https:\/\/now-news.de\/de\/deutschland\/migrationslobby-im-kanzleramt\/"]}]},{"@type":"ImageObject","inLanguage":"de","@id":"https:\/\/now-news.de\/de\/deutschland\/migrationslobby-im-kanzleramt\/#primaryimage","url":"https:\/\/now-news.de\/de\/wp-content\/uploads\/sites\/3\/2022\/08\/Migrationslobby-im-Kanzleramt.jpg","contentUrl":"https:\/\/now-news.de\/de\/wp-content\/uploads\/sites\/3\/2022\/08\/Migrationslobby-im-Kanzleramt.jpg","width":460,"height":259,"caption":"Migrationslobby im Kanzleramt"},{"@type":"BreadcrumbList","@id":"https:\/\/now-news.de\/de\/deutschland\/migrationslobby-im-kanzleramt\/#breadcrumb","itemListElement":[{"@type":"ListItem","position":1,"name":"Home","item":"https:\/\/now-news.de\/de\/"},{"@type":"ListItem","position":2,"name":"Migrationslobby im Kanzleramt"}]},{"@type":"WebSite","@id":"https:\/\/now-news.de\/de\/#website","url":"https:\/\/now-news.de\/de\/","name":"just-now.NEWS Deutschland","description":"Das Portal f\u00fcr unzensierte Nachrichten aus der Welt","publisher":{"@id":"https:\/\/now-news.de\/de\/#organization"},"potentialAction":[{"@type":"SearchAction","target":{"@type":"EntryPoint","urlTemplate":"https:\/\/now-news.de\/de\/?s={search_term_string}"},"query-input":"required name=search_term_string"}],"inLanguage":"de"},{"@type":"Organization","@id":"https:\/\/now-news.de\/de\/#organization","name":"Just Now News","url":"https:\/\/now-news.de\/de\/","logo":{"@type":"ImageObject","inLanguage":"de","@id":"https:\/\/now-news.de\/de\/#\/schema\/logo\/image\/","url":"http:\/\/just-now.news\/de\/wp-content\/uploads\/sites\/3\/2022\/04\/logo500x500.jpg","contentUrl":"http:\/\/just-now.news\/de\/wp-content\/uploads\/sites\/3\/2022\/04\/logo500x500.jpg","width":500,"height":500,"caption":"Just Now News"},"image":{"@id":"https:\/\/now-news.de\/de\/#\/schema\/logo\/image\/"},"sameAs":["https:\/\/www.facebook.com\/wirmachenauf","https:\/\/x.com\/WirMachenAuf_de"]},{"@type":"Person","@id":"https:\/\/now-news.de\/de\/#\/schema\/person\/fb534a4e865501d8b3285208df34a9b5","name":"rtnews","image":{"@type":"ImageObject","inLanguage":"de","@id":"https:\/\/now-news.de\/de\/#\/schema\/person\/image\/","url":"https:\/\/secure.gravatar.com\/avatar\/82aafea7d8127119dd649515f56e2117?s=96&d=mm&r=g","contentUrl":"https:\/\/secure.gravatar.com\/avatar\/82aafea7d8127119dd649515f56e2117?s=96&d=mm&r=g","caption":"rtnews"},"url":"https:\/\/now-news.de\/de\/author\/rnews\/"}]}},"_links":{"self":[{"href":"https:\/\/now-news.de\/de\/wp-json\/wp\/v2\/posts\/16206"}],"collection":[{"href":"https:\/\/now-news.de\/de\/wp-json\/wp\/v2\/posts"}],"about":[{"href":"https:\/\/now-news.de\/de\/wp-json\/wp\/v2\/types\/post"}],"author":[{"embeddable":true,"href":"https:\/\/now-news.de\/de\/wp-json\/wp\/v2\/users\/3"}],"replies":[{"embeddable":true,"href":"https:\/\/now-news.de\/de\/wp-json\/wp\/v2\/comments?post=16206"}],"version-history":[{"count":0,"href":"https:\/\/now-news.de\/de\/wp-json\/wp\/v2\/posts\/16206\/revisions"}],"wp:featuredmedia":[{"embeddable":true,"href":"https:\/\/now-news.de\/de\/wp-json\/wp\/v2\/media\/16207"}],"wp:attachment":[{"href":"https:\/\/now-news.de\/de\/wp-json\/wp\/v2\/media?parent=16206"}],"wp:term":[{"taxonomy":"category","embeddable":true,"href":"https:\/\/now-news.de\/de\/wp-json\/wp\/v2\/categories?post=16206"},{"taxonomy":"post_tag","embeddable":true,"href":"https:\/\/now-news.de\/de\/wp-json\/wp\/v2\/tags?post=16206"}],"curies":[{"name":"wp","href":"https:\/\/api.w.org\/{rel}","templated":true}]}}