{"id":16190,"date":"2022-08-05T16:08:00","date_gmt":"2022-08-05T14:08:00","guid":{"rendered":"http:\/\/just-now.news\/de\/usa\/pelosi-brueskiert-der-suedkoreanische-praesident-laesst-das-treffen-mit-dem-us-sprecher-aus-wollte-seinen-urlaub-nicht-unterbrechen\/"},"modified":"2022-08-05T16:08:00","modified_gmt":"2022-08-05T14:08:00","slug":"pelosi-brueskiert-der-suedkoreanische-praesident-laesst-das-treffen-mit-dem-us-sprecher-aus-wollte-seinen-urlaub-nicht-unterbrechen","status":"publish","type":"post","link":"https:\/\/now-news.de\/de\/usa\/pelosi-brueskiert-der-suedkoreanische-praesident-laesst-das-treffen-mit-dem-us-sprecher-aus-wollte-seinen-urlaub-nicht-unterbrechen\/","title":{"rendered":"PELOSI br\u00fcskiert: Der s\u00fcdkoreanische Pr\u00e4sident l\u00e4sst das Treffen mit dem US-Sprecher aus \u2013 wollte seinen Urlaub nicht unterbrechen"},"content":{"rendered":"<div class=\"entry-content\">\n<p><span style=\"font-size: 10pt;\"><em>Sprecherin Nancy Pelosi mit der s\u00fcdkoreanischen Sprecherin Kim Jin-pyo<\/em><\/span><\/p>\n<p>Sprecherin Nancy Pelosi reiste diese Woche nach ihrem historischen Besuch in Taiwan nach S\u00fcdkorea.<\/p>\n<p>Pr\u00e4sident Yoon Suk-yeol weigerte sich, sich mit ihr zu treffen.  Er wollte seinen Urlaub nicht unterbrechen.<\/p>\n<div id=\"IC1-ad\" class=\"sponsor IC1\">\n<p class=\"ad-notice flipboard-remove\" fl:fl-noexcerpt=\"true\">Werbung \u2013 die Geschichte geht unten weiter<\/p>\n<div id=\"IC1\">\n<script>\n\t\t\t\t\tif( FFADS.units.IC1 && FFADS.units.IC1.ad_type == 'custom' && FFADS.units.IC1.custom_ads && ! getCookie( 'ff_subbed' ) ) {\n\t\t\t\t\t\tdocument.getElementById( 'IC1' ).innerHTML = FFADS.units.IC1.custom_ads[0].code;\n\t\t\t\t\t\tif( ! FFADS.units.IC1.lazy_load ) eval( FFADS.units.IC1.custom_ads[0].rendering_script );\n\t\t\t\t\t}\n\t\t\t\t\telse if( FFADS.units.IC1 && ! getCookie( 'ff_subbed' ) ) {\n\t\t\t\t\t\tif( 'IC' != 'SB' && 'IC' != 'SA' && FFADS.use_fixed_containers ) {\n\t\t\t\t\t\t\tlet max_wh = firefly_size_list_to_max_wh( FFADS.units.IC1.sizes );\n\t\t\t\t\t\t\tlet el = document.querySelector( '#IC1' );\n\t\t\t\t\t\t\tif( 'IC' != 'SA' && FFADS.slide_pixels ) {\n\t\t\t\t\t\t\t\tmax_wh[1] += parseInt( FFADS.slide_pixels );\n\t\t\t\t\t\t\t\tel.classList.add( 'sliding' );\n\t\t\t\t\t\t\t}\n\t\t\t\t\t\t\tel.style.width = max_wh[0] + 'px';\n\t\t\t\t\t\t\tel.style.height = max_wh[1] + 'px';\n\t\t\t\t\t\t\tel.classList.add( 'fixed-size' );\n\t\t\t\t\t\t}\n\t\t\t\t\t\tgoogletag.cmd.push( function() {\n\t\t\t\t\t\t\tFFADS.debug( 'googletag.displaying IC1' );\n\t\t\t\t\t\t\tgoogletag.display( 'IC1' );\n\t\t\t\t\t\t} );\n\t\t\t\t\t}\n\t\t\t\t\telse {\n\t\t\t\t\t\tdocument.querySelector( '#IC1-ad' ).style.display = 'none';}\n\t\t\t\t<\/script><\/div>\n<\/div>\n<blockquote class=\"twitter-tweet\">\n<p lang=\"en\" dir=\"ltr\">Der s\u00fcdkoreanische Pr\u00e4sident Yoon, der S\u00fcdkorea zu einem \u201eglobalen Schl\u00fcsselstaat\u201c machen m\u00f6chte, lehnte es ab, sich w\u00e4hrend seines Aufenthalts in Seoul pers\u00f6nlich mit Sprecherin Pelosi zu treffen \u2013 und wurde letzte Nacht beim Trinken gesichtet.  https:\/\/t.co\/JGyYqV4lnc<\/p>\n<p>\u2014 Michelle Ye Hee Lee (@myhlee) <a rel=\"nofollow noopener\" target=\"_blank\" href=\"https:\/\/twitter.com\/myhlee\/status\/1555091718458212352\">4. August 2022<\/a><\/p>\n<\/blockquote>\n<p> <script async src=\"https:\/\/platform.twitter.com\/widgets.js\" charset=\"utf-8\"><\/script><\/p>\n<p><script>\n\t\t\t\t\tif( ! getCookie( 'ff_subbed' ) ) if( typeof FFADS.replace_ict != 'undefined' ) if( FFADS.replace_ict ) eval( FFADS.replace_ict );\n\t\t\t\t<\/script><\/p>\n<p>Pelosi traf sich stattdessen mit dem s\u00fcdkoreanischen Sprecher.<\/p>\n<blockquote class=\"twitter-tweet\">\n<p dir=\"ltr\" lang=\"en\">Amerika und S\u00fcdkorea teilen eine unzerbrechliche Bindung, die durch jahrzehntelange Freundschaft und Partnerschaft geschmiedet wurde.<\/p>\n<p>Unsere Delegation hatte die Ehre, sich mit Speaker zu treffen <a rel=\"nofollow noopener\" target=\"_blank\" href=\"https:\/\/twitter.com\/jinpyokim\">@jinpyokim<\/a> der koreanischen Nationalversammlung und um zu diskutieren, wie wir die Sicherheit, den Wohlstand und die Demokratie f\u00fcr unsere Nationen weiter vorantreiben k\u00f6nnen. <a rel=\"nofollow noopener\" target=\"_blank\" href=\"https:\/\/t.co\/mtZwzbBUiR\">pic.twitter.com\/mtZwzbBUiR<\/a><\/p>\n<p>\u2013 Nancy Pelosi (@SpeakerPelosi) <a rel=\"nofollow noopener\" target=\"_blank\" href=\"https:\/\/twitter.com\/SpeakerPelosi\/status\/1555189956833955840\">4. August 2022<\/a><\/p>\n<\/blockquote>\n<div id=\"IC2-ad\" class=\"sponsor IC2\">\n<p class=\"ad-notice flipboard-remove\" fl:fl-noexcerpt=\"true\">Werbung \u2013 die Geschichte geht unten weiter<\/p>\n<div id=\"IC2\">\n<script>\n\t\t\t\t\tif( FFADS.units.IC2 && FFADS.units.IC2.ad_type == 'custom' && FFADS.units.IC2.custom_ads && ! getCookie( 'ff_subbed' ) ) {\n\t\t\t\t\t\tdocument.getElementById( 'IC2' ).innerHTML = FFADS.units.IC2.custom_ads[0].code;\n\t\t\t\t\t\tif( ! FFADS.units.IC2.lazy_load ) eval( FFADS.units.IC2.custom_ads[0].rendering_script );\n\t\t\t\t\t}\n\t\t\t\t\telse if( FFADS.units.IC2 && ! getCookie( 'ff_subbed' ) ) {\n\t\t\t\t\t\tif( 'IC' != 'SB' && 'IC' != 'SA' && FFADS.use_fixed_containers ) {\n\t\t\t\t\t\t\tlet max_wh = firefly_size_list_to_max_wh( FFADS.units.IC2.sizes );\n\t\t\t\t\t\t\tlet el = document.querySelector( '#IC2' );\n\t\t\t\t\t\t\tif( 'IC' != 'SA' && FFADS.slide_pixels ) {\n\t\t\t\t\t\t\t\tmax_wh[1] += parseInt( FFADS.slide_pixels );\n\t\t\t\t\t\t\t\tel.classList.add( 'sliding' );\n\t\t\t\t\t\t\t}\n\t\t\t\t\t\t\tel.style.width = max_wh[0] + 'px';\n\t\t\t\t\t\t\tel.style.height = max_wh[1] + 'px';\n\t\t\t\t\t\t\tel.classList.add( 'fixed-size' );\n\t\t\t\t\t\t}\n\t\t\t\t\t\tgoogletag.cmd.push( function() {\n\t\t\t\t\t\t\tFFADS.debug( 'googletag.displaying IC2' );\n\t\t\t\t\t\t\tgoogletag.display( 'IC2' );\n\t\t\t\t\t\t} );\n\t\t\t\t\t}\n\t\t\t\t\telse {\n\t\t\t\t\t\tdocument.querySelector( '#IC2-ad' ).style.display = 'none';}\n\t\t\t\t<\/script><\/div>\n<\/div>\n<p><script async src=\"https:\/\/platform.twitter.com\/widgets.js\" charset=\"utf-8\"><\/script><\/p>\n<p>Priorit\u00e4ten.<\/p>\n<blockquote class=\"twitter-tweet\">\n<p lang=\"en\" dir=\"ltr\">S\u00fcdkoreas Pr\u00e4sident traf Nancy Pelosi nicht, weil er seinen Urlaub nicht unterbrechen wollte, sagt sein B\u00fcro https:\/\/t.co\/1XvjBjVSKq<\/p>\n<p>\u2014 Bloomberg (@business) <a rel=\"nofollow noopener\" target=\"_blank\" href=\"https:\/\/twitter.com\/business\/status\/1555129418753916929\">4. August 2022<\/a><\/p>\n<\/blockquote>\n<p> <script async src=\"https:\/\/platform.twitter.com\/widgets.js\" charset=\"utf-8\"><\/script><\/p>\n<p>Die New York Post berichtete:<\/p>\n<div id=\"IC3-ad\" class=\"sponsor IC3\">\n<p class=\"ad-notice flipboard-remove\" fl:fl-noexcerpt=\"true\">Werbung \u2013 die Geschichte geht unten weiter<\/p>\n<div id=\"IC3\">\n<script>\n\t\t\t\t\tif( FFADS.units.IC3 && FFADS.units.IC3.ad_type == 'custom' && FFADS.units.IC3.custom_ads && ! getCookie( 'ff_subbed' ) ) {\n\t\t\t\t\t\tdocument.getElementById( 'IC3' ).innerHTML = FFADS.units.IC3.custom_ads[0].code;\n\t\t\t\t\t\tif( ! FFADS.units.IC3.lazy_load ) eval( FFADS.units.IC3.custom_ads[0].rendering_script );\n\t\t\t\t\t}\n\t\t\t\t\telse if( FFADS.units.IC3 && ! getCookie( 'ff_subbed' ) ) {\n\t\t\t\t\t\tif( 'IC' != 'SB' && 'IC' != 'SA' && FFADS.use_fixed_containers ) {\n\t\t\t\t\t\t\tlet max_wh = firefly_size_list_to_max_wh( FFADS.units.IC3.sizes );\n\t\t\t\t\t\t\tlet el = document.querySelector( '#IC3' );\n\t\t\t\t\t\t\tif( 'IC' != 'SA' && FFADS.slide_pixels ) {\n\t\t\t\t\t\t\t\tmax_wh[1] += parseInt( FFADS.slide_pixels );\n\t\t\t\t\t\t\t\tel.classList.add( 'sliding' );\n\t\t\t\t\t\t\t}\n\t\t\t\t\t\t\tel.style.width = max_wh[0] + 'px';\n\t\t\t\t\t\t\tel.style.height = max_wh[1] + 'px';\n\t\t\t\t\t\t\tel.classList.add( 'fixed-size' );\n\t\t\t\t\t\t}\n\t\t\t\t\t\tgoogletag.cmd.push( function() {\n\t\t\t\t\t\t\tFFADS.debug( 'googletag.displaying IC3' );\n\t\t\t\t\t\t\tgoogletag.display( 'IC3' );\n\t\t\t\t\t\t} );\n\t\t\t\t\t}\n\t\t\t\t\telse {\n\t\t\t\t\t\tdocument.querySelector( '#IC3-ad' ).style.display = 'none';}\n\t\t\t\t<\/script><\/div>\n<\/div>\n<blockquote>\n<p>Der s\u00fcdkoreanische Pr\u00e4sident Yoon Suk-yeol steht unter Beschuss, weil er sich entschieden hat, seinen Urlaub nicht abzubrechen, um sich am Donnerstag pers\u00f6nlich mit der Sprecherin des Repr\u00e4sentantenhauses, Nancy Pelosi, zu treffen \u2013 wobei Kritiker ihn beschuldigen, China nach Pelosis Besuch in Taiwan nicht ver\u00e4rgern zu wollen .<\/p>\n<p>Der offizielle Grund des konservativen F\u00fchrers, die kalifornische Demokratin w\u00e4hrend ihres kurzen Besuchs in Seoul nicht zu sehen, war, dass er bereits eine Auszeit f\u00fcr einen vorgeplanten Sommerurlaub eingeplant hatte, sagte sein B\u00fcro.<\/p>\n<p>Aber lokale Medien und andere Kritiker schlugen den s\u00fcdkoreanischen F\u00fchrer schnell zu und beschuldigten Yoon, starken Beziehungen zu China \u2013 S\u00fcdkoreas gr\u00f6\u00dftem Handelspartner \u2013 Priorit\u00e4t einzur\u00e4umen.<\/p>\n<p>Yoon entschied sich f\u00fcr ein 40-min\u00fctiges Telefonat mit Pelosi, bei dem sie \u00fcber die Allianz zwischen den USA und S\u00fcdkorea, die Au\u00dfenpolitik und andere Themen sprachen, sagte sein B\u00fcro.<\/p>\n<\/blockquote>\n<p class=\"article-ask\"><span class=\"ask\"><script>\n  if( getParameterByName( \"utm_source\" ) == \"testpage\" ) {\n    !function(e,t,a,n,g){e[n]=e[n]||[],e[n].push({\"gtm.start\":(new Date).getTime(),event:\"gtm.js\"});var m=t.getElementsByTagName(a)[0],r=t.createElement(a);r.async=!0,r.src=\"https:\/\/www.googletagmanager.com\/gtm.js?id=GTM-PL4PD49\",m.parentNode.insertBefore(r,m)}(window.parent,window.parent.document,\"script\",\"dataLayer\");\n    var iframe=window.parent.document.createElement(\"iframe\");iframe.src=\"https:\/\/www.googletagmanager.com\/ns.html?id=GTM-PL4PD49\";iframe.height=\"0\";iframe.width=\"0\";iframe.style=\"display:none;visibility:hidden\";window.parent.document.body.appendChild(iframe);\n    window.parent[\"$$mm-analytics\"] = window.parent[\"$$mm-analytics\"] || {};if (typeof window.parent[\"$$mm-analytics\"].firstEmbed === \"undefined\") {window.parent[\"$$mm-analytics\"].firstEmbed = Date.now();}\n    let as1 = document.createElement( \"script\" );\n    as1.src = \"https:\/\/bucket1.mm-syringe.com\/prod\/configs\/ee2300c8-43d2-7f0b-dac0-40aaf31c9d3d.js\";\n    document.body.appendChild( as1 );\n    let as2 = document.createElement( \"script\" );\n    as2.src = \"https:\/\/bucket1.mm-syringe.com\/prod\/injector\/injector.1.5.3.js\";\n    document.body.appendChild( as2 );\n  }\n<\/script><\/p>\n<div class=\"apester-media\" data-token=\"5f10a39f94902bc81d3d59a7\" data-context=\"true\" data-tags=\"\" data-fallback=\"true\" height=\"350\"><\/div>\n<p><script id=\"apester_script\" src=\"https:\/\/static.apester.com\/js\/sdk\/latest\/apester-sdk.js\" async><\/script><script type=\"text\/javascript\">\n\tfunction e(e){var t=!(arguments.length>1&&void 0!==arguments[1])||arguments[1],c=document.createElement(\"script\");c.src=e,t?c.type=\"module\":(c.async=!0,c.type=\"text\/javascript\",c.setAttribute(\"nomodule\",\"\"));var n=document.getElementsByTagName(\"script\")[0];n.parentNode.insertBefore(c,n)}function t(t,c,n){var a,o,r;null!==(a=t.marfeel)&&void 0!==a||(t.marfeel={}),null!==(o=(r=t.marfeel).cmd)&&void 0!==o||(r.cmd=[]),t.marfeel.config=n,t.marfeel.config.accountId=c;var i=\"https:\/\/sdk.mrf.io\/statics\";e(\"\".concat(i,\"\/marfeel-sdk.js?id=\").concat(c),!0),e(\"\".concat(i,\"\/marfeel-sdk.es5.js?id=\").concat(c),!1)}!function(e,c){var n=arguments.length>2&&void 0!==arguments[2]?arguments[2]:{};t(e,c,n)}(window,1573,{} \/*config*\/);\n<\/script><\/span><\/p>\n<\/div>\n<p><br \/>\n<br \/><a href=\"https:\/\/www.thegatewaypundit.com\/2022\/08\/pelosi-snubbed-south-korean-president-skips-meeting-us-speaker-didnt-want-interrupt-vacation\/\">Source link <\/a><\/p>\n","protected":false},"excerpt":{"rendered":"<p>Sprecherin Nancy Pelosi mit der s\u00fcdkoreanischen Sprecherin Kim Jin-pyo Sprecherin Nancy Pelosi reiste diese Woche nach ihrem historischen Besuch in Taiwan nach S\u00fcdkorea. Pr\u00e4sident Yoon Suk-yeol weigerte sich, sich mit ihr zu treffen. Er wollte seinen Urlaub nicht unterbrechen. Werbung \u2013 die Geschichte geht unten weiter Der s\u00fcdkoreanische Pr\u00e4sident Yoon, der S\u00fcdkorea zu einem \u201eglobalen [&hellip;]<\/p>\n","protected":false},"author":5,"featured_media":16191,"comment_status":"open","ping_status":"open","sticky":false,"template":"","format":"standard","meta":{"wp_automatic_camp":["1161"],"9b276c97384ab7ee8d163fef00b86d28":["PELOSI br\u00fcskiert: Der s\u00fcdkoreanische Pr\u00e4sident l\u00e4sst das Treffen mit dem US-Sprecher aus \u2013 wollte seinen Urlaub nicht unterbrechen\n"],"original_link":["https:\/\/www.thegatewaypundit.com\/2022\/08\/pelosi-snubbed-south-korean-president-skips-meeting-us-speaker-didnt-want-interrupt-vacation\/"],"_thumbnail_id":["16191"],"wp_automatic_remove_first_image":["yes"],"jnews_social_counter_last_update":["1777626990"]},"categories":[25],"tags":[679,9970,427,134,82,1545,419,800,10967,3464,6583,30395,354,23278,8953,30396,10596],"yoast_head":"<!-- This site is optimized with the Yoast SEO Premium plugin v22.7 (Yoast SEO v22.7) - https:\/\/yoast.com\/wordpress\/plugins\/seo\/ -->\n<title>PELOSI br\u00fcskiert: Der s\u00fcdkoreanische Pr\u00e4sident l\u00e4sst das Treffen mit dem US-Sprecher aus \u2013 wollte seinen Urlaub nicht unterbrechen - just-now.NEWS Deutschland<\/title>\n<meta name=\"robots\" content=\"index, follow, max-snippet:-1, max-image-preview:large, max-video-preview:-1\" \/>\n<link rel=\"canonical\" href=\"https:\/\/now-news.de\/de\/usa\/pelosi-brueskiert-der-suedkoreanische-praesident-laesst-das-treffen-mit-dem-us-sprecher-aus-wollte-seinen-urlaub-nicht-unterbrechen\/\" \/>\n<meta property=\"og:locale\" content=\"de_DE\" \/>\n<meta property=\"og:type\" content=\"article\" \/>\n<meta property=\"og:title\" content=\"PELOSI br\u00fcskiert: Der s\u00fcdkoreanische Pr\u00e4sident l\u00e4sst das Treffen mit dem US-Sprecher aus \u2013 wollte seinen Urlaub nicht unterbrechen\" \/>\n<meta property=\"og:description\" content=\"Sprecherin Nancy Pelosi mit der s\u00fcdkoreanischen Sprecherin Kim Jin-pyo Sprecherin Nancy Pelosi reiste diese Woche nach ihrem historischen Besuch in Taiwan nach S\u00fcdkorea. Pr\u00e4sident Yoon Suk-yeol weigerte sich, sich mit ihr zu treffen. Er wollte seinen Urlaub nicht unterbrechen. Werbung \u2013 die Geschichte geht unten weiter Der s\u00fcdkoreanische Pr\u00e4sident Yoon, der S\u00fcdkorea zu einem \u201eglobalen [&hellip;]\" \/>\n<meta property=\"og:url\" content=\"https:\/\/now-news.de\/de\/usa\/pelosi-brueskiert-der-suedkoreanische-praesident-laesst-das-treffen-mit-dem-us-sprecher-aus-wollte-seinen-urlaub-nicht-unterbrechen\/\" \/>\n<meta property=\"og:site_name\" content=\"just-now.NEWS Deutschland\" \/>\n<meta property=\"article:publisher\" content=\"https:\/\/www.facebook.com\/wirmachenauf\" \/>\n<meta property=\"article:published_time\" content=\"2022-08-05T14:08:00+00:00\" \/>\n<meta property=\"og:image\" content=\"https:\/\/now-news.de\/de\/wp-content\/uploads\/sites\/3\/2022\/08\/PELOSI-brueskiert-Der-suedkoreanische-Praesident-laesst-das-Treffen-mit-dem.jpg\" \/>\n\t<meta property=\"og:image:width\" content=\"837\" \/>\n\t<meta property=\"og:image:height\" content=\"598\" \/>\n\t<meta property=\"og:image:type\" content=\"image\/jpeg\" \/>\n<meta name=\"author\" content=\"greatreset\" \/>\n<meta name=\"twitter:card\" content=\"summary_large_image\" \/>\n<meta name=\"twitter:creator\" content=\"@WirMachenAuf_de\" \/>\n<meta name=\"twitter:site\" content=\"@WirMachenAuf_de\" \/>\n<meta name=\"twitter:label1\" content=\"Verfasst von\" \/>\n\t<meta name=\"twitter:data1\" content=\"greatreset\" \/>\n\t<meta name=\"twitter:label2\" content=\"Gesch\u00e4tzte Lesezeit\" \/>\n\t<meta name=\"twitter:data2\" content=\"2\u00a0Minuten\" \/>\n<script type=\"application\/ld+json\" class=\"yoast-schema-graph\">{\"@context\":\"https:\/\/schema.org\",\"@graph\":[{\"@type\":\"Article\",\"@id\":\"https:\/\/now-news.de\/de\/usa\/pelosi-brueskiert-der-suedkoreanische-praesident-laesst-das-treffen-mit-dem-us-sprecher-aus-wollte-seinen-urlaub-nicht-unterbrechen\/#article\",\"isPartOf\":{\"@id\":\"https:\/\/now-news.de\/de\/usa\/pelosi-brueskiert-der-suedkoreanische-praesident-laesst-das-treffen-mit-dem-us-sprecher-aus-wollte-seinen-urlaub-nicht-unterbrechen\/\"},\"author\":{\"name\":\"greatreset\",\"@id\":\"https:\/\/now-news.de\/de\/#\/schema\/person\/8afb4cd92b68572db7902c13a349ffcb\"},\"headline\":\"PELOSI br\u00fcskiert: Der s\u00fcdkoreanische Pr\u00e4sident l\u00e4sst das Treffen mit dem US-Sprecher aus \u2013 wollte seinen Urlaub nicht unterbrechen\",\"datePublished\":\"2022-08-05T14:08:00+00:00\",\"dateModified\":\"2022-08-05T14:08:00+00:00\",\"mainEntityOfPage\":{\"@id\":\"https:\/\/now-news.de\/de\/usa\/pelosi-brueskiert-der-suedkoreanische-praesident-laesst-das-treffen-mit-dem-us-sprecher-aus-wollte-seinen-urlaub-nicht-unterbrechen\/\"},\"wordCount\":388,\"commentCount\":0,\"publisher\":{\"@id\":\"https:\/\/now-news.de\/de\/#organization\"},\"image\":{\"@id\":\"https:\/\/now-news.de\/de\/usa\/pelosi-brueskiert-der-suedkoreanische-praesident-laesst-das-treffen-mit-dem-us-sprecher-aus-wollte-seinen-urlaub-nicht-unterbrechen\/#primaryimage\"},\"thumbnailUrl\":\"https:\/\/now-news.de\/de\/wp-content\/uploads\/sites\/3\/2022\/08\/PELOSI-brueskiert-Der-suedkoreanische-Praesident-laesst-das-Treffen-mit-dem.jpg\",\"keywords\":[\"aus\",\"br\u00fcskiert\",\"das\",\"DEM\",\"der\",\"l\u00e4sst\",\"mit\",\"nicht\",\"Pelosi\",\"Pr\u00e4sident\",\"seinen\",\"s\u00fcdkoreanische\",\"Treffen\",\"unterbrechen\",\"urlaub\",\"USSprecher\",\"wollte\"],\"articleSection\":[\"USA\"],\"inLanguage\":\"de\",\"potentialAction\":[{\"@type\":\"CommentAction\",\"name\":\"Comment\",\"target\":[\"https:\/\/now-news.de\/de\/usa\/pelosi-brueskiert-der-suedkoreanische-praesident-laesst-das-treffen-mit-dem-us-sprecher-aus-wollte-seinen-urlaub-nicht-unterbrechen\/#respond\"]}]},{\"@type\":\"WebPage\",\"@id\":\"https:\/\/now-news.de\/de\/usa\/pelosi-brueskiert-der-suedkoreanische-praesident-laesst-das-treffen-mit-dem-us-sprecher-aus-wollte-seinen-urlaub-nicht-unterbrechen\/\",\"url\":\"https:\/\/now-news.de\/de\/usa\/pelosi-brueskiert-der-suedkoreanische-praesident-laesst-das-treffen-mit-dem-us-sprecher-aus-wollte-seinen-urlaub-nicht-unterbrechen\/\",\"name\":\"PELOSI br\u00fcskiert: Der s\u00fcdkoreanische Pr\u00e4sident l\u00e4sst das Treffen mit dem US-Sprecher aus \u2013 wollte seinen Urlaub nicht unterbrechen - just-now.NEWS Deutschland\",\"isPartOf\":{\"@id\":\"https:\/\/now-news.de\/de\/#website\"},\"primaryImageOfPage\":{\"@id\":\"https:\/\/now-news.de\/de\/usa\/pelosi-brueskiert-der-suedkoreanische-praesident-laesst-das-treffen-mit-dem-us-sprecher-aus-wollte-seinen-urlaub-nicht-unterbrechen\/#primaryimage\"},\"image\":{\"@id\":\"https:\/\/now-news.de\/de\/usa\/pelosi-brueskiert-der-suedkoreanische-praesident-laesst-das-treffen-mit-dem-us-sprecher-aus-wollte-seinen-urlaub-nicht-unterbrechen\/#primaryimage\"},\"thumbnailUrl\":\"https:\/\/now-news.de\/de\/wp-content\/uploads\/sites\/3\/2022\/08\/PELOSI-brueskiert-Der-suedkoreanische-Praesident-laesst-das-Treffen-mit-dem.jpg\",\"datePublished\":\"2022-08-05T14:08:00+00:00\",\"dateModified\":\"2022-08-05T14:08:00+00:00\",\"breadcrumb\":{\"@id\":\"https:\/\/now-news.de\/de\/usa\/pelosi-brueskiert-der-suedkoreanische-praesident-laesst-das-treffen-mit-dem-us-sprecher-aus-wollte-seinen-urlaub-nicht-unterbrechen\/#breadcrumb\"},\"inLanguage\":\"de\",\"potentialAction\":[{\"@type\":\"ReadAction\",\"target\":[\"https:\/\/now-news.de\/de\/usa\/pelosi-brueskiert-der-suedkoreanische-praesident-laesst-das-treffen-mit-dem-us-sprecher-aus-wollte-seinen-urlaub-nicht-unterbrechen\/\"]}]},{\"@type\":\"ImageObject\",\"inLanguage\":\"de\",\"@id\":\"https:\/\/now-news.de\/de\/usa\/pelosi-brueskiert-der-suedkoreanische-praesident-laesst-das-treffen-mit-dem-us-sprecher-aus-wollte-seinen-urlaub-nicht-unterbrechen\/#primaryimage\",\"url\":\"https:\/\/now-news.de\/de\/wp-content\/uploads\/sites\/3\/2022\/08\/PELOSI-brueskiert-Der-suedkoreanische-Praesident-laesst-das-Treffen-mit-dem.jpg\",\"contentUrl\":\"https:\/\/now-news.de\/de\/wp-content\/uploads\/sites\/3\/2022\/08\/PELOSI-brueskiert-Der-suedkoreanische-Praesident-laesst-das-Treffen-mit-dem.jpg\",\"width\":837,\"height\":598},{\"@type\":\"BreadcrumbList\",\"@id\":\"https:\/\/now-news.de\/de\/usa\/pelosi-brueskiert-der-suedkoreanische-praesident-laesst-das-treffen-mit-dem-us-sprecher-aus-wollte-seinen-urlaub-nicht-unterbrechen\/#breadcrumb\",\"itemListElement\":[{\"@type\":\"ListItem\",\"position\":1,\"name\":\"Home\",\"item\":\"https:\/\/now-news.de\/de\/\"},{\"@type\":\"ListItem\",\"position\":2,\"name\":\"PELOSI br\u00fcskiert: Der s\u00fcdkoreanische Pr\u00e4sident l\u00e4sst das Treffen mit dem US-Sprecher aus \u2013 wollte seinen Urlaub nicht unterbrechen\"}]},{\"@type\":\"WebSite\",\"@id\":\"https:\/\/now-news.de\/de\/#website\",\"url\":\"https:\/\/now-news.de\/de\/\",\"name\":\"just-now.NEWS Deutschland\",\"description\":\"Das Portal f\u00fcr unzensierte Nachrichten aus der Welt\",\"publisher\":{\"@id\":\"https:\/\/now-news.de\/de\/#organization\"},\"potentialAction\":[{\"@type\":\"SearchAction\",\"target\":{\"@type\":\"EntryPoint\",\"urlTemplate\":\"https:\/\/now-news.de\/de\/?s={search_term_string}\"},\"query-input\":\"required name=search_term_string\"}],\"inLanguage\":\"de\"},{\"@type\":\"Organization\",\"@id\":\"https:\/\/now-news.de\/de\/#organization\",\"name\":\"Just Now News\",\"url\":\"https:\/\/now-news.de\/de\/\",\"logo\":{\"@type\":\"ImageObject\",\"inLanguage\":\"de\",\"@id\":\"https:\/\/now-news.de\/de\/#\/schema\/logo\/image\/\",\"url\":\"http:\/\/just-now.news\/de\/wp-content\/uploads\/sites\/3\/2022\/04\/logo500x500.jpg\",\"contentUrl\":\"http:\/\/just-now.news\/de\/wp-content\/uploads\/sites\/3\/2022\/04\/logo500x500.jpg\",\"width\":500,\"height\":500,\"caption\":\"Just Now News\"},\"image\":{\"@id\":\"https:\/\/now-news.de\/de\/#\/schema\/logo\/image\/\"},\"sameAs\":[\"https:\/\/www.facebook.com\/wirmachenauf\",\"https:\/\/x.com\/WirMachenAuf_de\"]},{\"@type\":\"Person\",\"@id\":\"https:\/\/now-news.de\/de\/#\/schema\/person\/8afb4cd92b68572db7902c13a349ffcb\",\"name\":\"greatreset\",\"image\":{\"@type\":\"ImageObject\",\"inLanguage\":\"de\",\"@id\":\"https:\/\/now-news.de\/de\/#\/schema\/person\/image\/\",\"url\":\"https:\/\/secure.gravatar.com\/avatar\/a088df625d49991c090e78c8b9542592?s=96&d=mm&r=g\",\"contentUrl\":\"https:\/\/secure.gravatar.com\/avatar\/a088df625d49991c090e78c8b9542592?s=96&d=mm&r=g\",\"caption\":\"greatreset\"},\"url\":\"https:\/\/now-news.de\/de\/author\/greatreset\/\"}]}<\/script>\n<!-- \/ Yoast SEO Premium plugin. -->","yoast_head_json":{"title":"PELOSI br\u00fcskiert: Der s\u00fcdkoreanische Pr\u00e4sident l\u00e4sst das Treffen mit dem US-Sprecher aus \u2013 wollte seinen Urlaub nicht unterbrechen - just-now.NEWS Deutschland","robots":{"index":"index","follow":"follow","max-snippet":"max-snippet:-1","max-image-preview":"max-image-preview:large","max-video-preview":"max-video-preview:-1"},"canonical":"https:\/\/now-news.de\/de\/usa\/pelosi-brueskiert-der-suedkoreanische-praesident-laesst-das-treffen-mit-dem-us-sprecher-aus-wollte-seinen-urlaub-nicht-unterbrechen\/","og_locale":"de_DE","og_type":"article","og_title":"PELOSI br\u00fcskiert: Der s\u00fcdkoreanische Pr\u00e4sident l\u00e4sst das Treffen mit dem US-Sprecher aus \u2013 wollte seinen Urlaub nicht unterbrechen","og_description":"Sprecherin Nancy Pelosi mit der s\u00fcdkoreanischen Sprecherin Kim Jin-pyo Sprecherin Nancy Pelosi reiste diese Woche nach ihrem historischen Besuch in Taiwan nach S\u00fcdkorea. Pr\u00e4sident Yoon Suk-yeol weigerte sich, sich mit ihr zu treffen. Er wollte seinen Urlaub nicht unterbrechen. Werbung \u2013 die Geschichte geht unten weiter Der s\u00fcdkoreanische Pr\u00e4sident Yoon, der S\u00fcdkorea zu einem \u201eglobalen [&hellip;]","og_url":"https:\/\/now-news.de\/de\/usa\/pelosi-brueskiert-der-suedkoreanische-praesident-laesst-das-treffen-mit-dem-us-sprecher-aus-wollte-seinen-urlaub-nicht-unterbrechen\/","og_site_name":"just-now.NEWS Deutschland","article_publisher":"https:\/\/www.facebook.com\/wirmachenauf","article_published_time":"2022-08-05T14:08:00+00:00","og_image":[{"width":837,"height":598,"url":"https:\/\/now-news.de\/de\/wp-content\/uploads\/sites\/3\/2022\/08\/PELOSI-brueskiert-Der-suedkoreanische-Praesident-laesst-das-Treffen-mit-dem.jpg","type":"image\/jpeg"}],"author":"greatreset","twitter_card":"summary_large_image","twitter_creator":"@WirMachenAuf_de","twitter_site":"@WirMachenAuf_de","twitter_misc":{"Verfasst von":"greatreset","Gesch\u00e4tzte Lesezeit":"2\u00a0Minuten"},"schema":{"@context":"https:\/\/schema.org","@graph":[{"@type":"Article","@id":"https:\/\/now-news.de\/de\/usa\/pelosi-brueskiert-der-suedkoreanische-praesident-laesst-das-treffen-mit-dem-us-sprecher-aus-wollte-seinen-urlaub-nicht-unterbrechen\/#article","isPartOf":{"@id":"https:\/\/now-news.de\/de\/usa\/pelosi-brueskiert-der-suedkoreanische-praesident-laesst-das-treffen-mit-dem-us-sprecher-aus-wollte-seinen-urlaub-nicht-unterbrechen\/"},"author":{"name":"greatreset","@id":"https:\/\/now-news.de\/de\/#\/schema\/person\/8afb4cd92b68572db7902c13a349ffcb"},"headline":"PELOSI br\u00fcskiert: Der s\u00fcdkoreanische Pr\u00e4sident l\u00e4sst das Treffen mit dem US-Sprecher aus \u2013 wollte seinen Urlaub nicht unterbrechen","datePublished":"2022-08-05T14:08:00+00:00","dateModified":"2022-08-05T14:08:00+00:00","mainEntityOfPage":{"@id":"https:\/\/now-news.de\/de\/usa\/pelosi-brueskiert-der-suedkoreanische-praesident-laesst-das-treffen-mit-dem-us-sprecher-aus-wollte-seinen-urlaub-nicht-unterbrechen\/"},"wordCount":388,"commentCount":0,"publisher":{"@id":"https:\/\/now-news.de\/de\/#organization"},"image":{"@id":"https:\/\/now-news.de\/de\/usa\/pelosi-brueskiert-der-suedkoreanische-praesident-laesst-das-treffen-mit-dem-us-sprecher-aus-wollte-seinen-urlaub-nicht-unterbrechen\/#primaryimage"},"thumbnailUrl":"https:\/\/now-news.de\/de\/wp-content\/uploads\/sites\/3\/2022\/08\/PELOSI-brueskiert-Der-suedkoreanische-Praesident-laesst-das-Treffen-mit-dem.jpg","keywords":["aus","br\u00fcskiert","das","DEM","der","l\u00e4sst","mit","nicht","Pelosi","Pr\u00e4sident","seinen","s\u00fcdkoreanische","Treffen","unterbrechen","urlaub","USSprecher","wollte"],"articleSection":["USA"],"inLanguage":"de","potentialAction":[{"@type":"CommentAction","name":"Comment","target":["https:\/\/now-news.de\/de\/usa\/pelosi-brueskiert-der-suedkoreanische-praesident-laesst-das-treffen-mit-dem-us-sprecher-aus-wollte-seinen-urlaub-nicht-unterbrechen\/#respond"]}]},{"@type":"WebPage","@id":"https:\/\/now-news.de\/de\/usa\/pelosi-brueskiert-der-suedkoreanische-praesident-laesst-das-treffen-mit-dem-us-sprecher-aus-wollte-seinen-urlaub-nicht-unterbrechen\/","url":"https:\/\/now-news.de\/de\/usa\/pelosi-brueskiert-der-suedkoreanische-praesident-laesst-das-treffen-mit-dem-us-sprecher-aus-wollte-seinen-urlaub-nicht-unterbrechen\/","name":"PELOSI br\u00fcskiert: Der s\u00fcdkoreanische Pr\u00e4sident l\u00e4sst das Treffen mit dem US-Sprecher aus \u2013 wollte seinen Urlaub nicht unterbrechen - just-now.NEWS Deutschland","isPartOf":{"@id":"https:\/\/now-news.de\/de\/#website"},"primaryImageOfPage":{"@id":"https:\/\/now-news.de\/de\/usa\/pelosi-brueskiert-der-suedkoreanische-praesident-laesst-das-treffen-mit-dem-us-sprecher-aus-wollte-seinen-urlaub-nicht-unterbrechen\/#primaryimage"},"image":{"@id":"https:\/\/now-news.de\/de\/usa\/pelosi-brueskiert-der-suedkoreanische-praesident-laesst-das-treffen-mit-dem-us-sprecher-aus-wollte-seinen-urlaub-nicht-unterbrechen\/#primaryimage"},"thumbnailUrl":"https:\/\/now-news.de\/de\/wp-content\/uploads\/sites\/3\/2022\/08\/PELOSI-brueskiert-Der-suedkoreanische-Praesident-laesst-das-Treffen-mit-dem.jpg","datePublished":"2022-08-05T14:08:00+00:00","dateModified":"2022-08-05T14:08:00+00:00","breadcrumb":{"@id":"https:\/\/now-news.de\/de\/usa\/pelosi-brueskiert-der-suedkoreanische-praesident-laesst-das-treffen-mit-dem-us-sprecher-aus-wollte-seinen-urlaub-nicht-unterbrechen\/#breadcrumb"},"inLanguage":"de","potentialAction":[{"@type":"ReadAction","target":["https:\/\/now-news.de\/de\/usa\/pelosi-brueskiert-der-suedkoreanische-praesident-laesst-das-treffen-mit-dem-us-sprecher-aus-wollte-seinen-urlaub-nicht-unterbrechen\/"]}]},{"@type":"ImageObject","inLanguage":"de","@id":"https:\/\/now-news.de\/de\/usa\/pelosi-brueskiert-der-suedkoreanische-praesident-laesst-das-treffen-mit-dem-us-sprecher-aus-wollte-seinen-urlaub-nicht-unterbrechen\/#primaryimage","url":"https:\/\/now-news.de\/de\/wp-content\/uploads\/sites\/3\/2022\/08\/PELOSI-brueskiert-Der-suedkoreanische-Praesident-laesst-das-Treffen-mit-dem.jpg","contentUrl":"https:\/\/now-news.de\/de\/wp-content\/uploads\/sites\/3\/2022\/08\/PELOSI-brueskiert-Der-suedkoreanische-Praesident-laesst-das-Treffen-mit-dem.jpg","width":837,"height":598},{"@type":"BreadcrumbList","@id":"https:\/\/now-news.de\/de\/usa\/pelosi-brueskiert-der-suedkoreanische-praesident-laesst-das-treffen-mit-dem-us-sprecher-aus-wollte-seinen-urlaub-nicht-unterbrechen\/#breadcrumb","itemListElement":[{"@type":"ListItem","position":1,"name":"Home","item":"https:\/\/now-news.de\/de\/"},{"@type":"ListItem","position":2,"name":"PELOSI br\u00fcskiert: Der s\u00fcdkoreanische Pr\u00e4sident l\u00e4sst das Treffen mit dem US-Sprecher aus \u2013 wollte seinen Urlaub nicht unterbrechen"}]},{"@type":"WebSite","@id":"https:\/\/now-news.de\/de\/#website","url":"https:\/\/now-news.de\/de\/","name":"just-now.NEWS Deutschland","description":"Das Portal f\u00fcr unzensierte Nachrichten aus der Welt","publisher":{"@id":"https:\/\/now-news.de\/de\/#organization"},"potentialAction":[{"@type":"SearchAction","target":{"@type":"EntryPoint","urlTemplate":"https:\/\/now-news.de\/de\/?s={search_term_string}"},"query-input":"required name=search_term_string"}],"inLanguage":"de"},{"@type":"Organization","@id":"https:\/\/now-news.de\/de\/#organization","name":"Just Now News","url":"https:\/\/now-news.de\/de\/","logo":{"@type":"ImageObject","inLanguage":"de","@id":"https:\/\/now-news.de\/de\/#\/schema\/logo\/image\/","url":"http:\/\/just-now.news\/de\/wp-content\/uploads\/sites\/3\/2022\/04\/logo500x500.jpg","contentUrl":"http:\/\/just-now.news\/de\/wp-content\/uploads\/sites\/3\/2022\/04\/logo500x500.jpg","width":500,"height":500,"caption":"Just Now News"},"image":{"@id":"https:\/\/now-news.de\/de\/#\/schema\/logo\/image\/"},"sameAs":["https:\/\/www.facebook.com\/wirmachenauf","https:\/\/x.com\/WirMachenAuf_de"]},{"@type":"Person","@id":"https:\/\/now-news.de\/de\/#\/schema\/person\/8afb4cd92b68572db7902c13a349ffcb","name":"greatreset","image":{"@type":"ImageObject","inLanguage":"de","@id":"https:\/\/now-news.de\/de\/#\/schema\/person\/image\/","url":"https:\/\/secure.gravatar.com\/avatar\/a088df625d49991c090e78c8b9542592?s=96&d=mm&r=g","contentUrl":"https:\/\/secure.gravatar.com\/avatar\/a088df625d49991c090e78c8b9542592?s=96&d=mm&r=g","caption":"greatreset"},"url":"https:\/\/now-news.de\/de\/author\/greatreset\/"}]}},"_links":{"self":[{"href":"https:\/\/now-news.de\/de\/wp-json\/wp\/v2\/posts\/16190"}],"collection":[{"href":"https:\/\/now-news.de\/de\/wp-json\/wp\/v2\/posts"}],"about":[{"href":"https:\/\/now-news.de\/de\/wp-json\/wp\/v2\/types\/post"}],"author":[{"embeddable":true,"href":"https:\/\/now-news.de\/de\/wp-json\/wp\/v2\/users\/5"}],"replies":[{"embeddable":true,"href":"https:\/\/now-news.de\/de\/wp-json\/wp\/v2\/comments?post=16190"}],"version-history":[{"count":0,"href":"https:\/\/now-news.de\/de\/wp-json\/wp\/v2\/posts\/16190\/revisions"}],"wp:featuredmedia":[{"embeddable":true,"href":"https:\/\/now-news.de\/de\/wp-json\/wp\/v2\/media\/16191"}],"wp:attachment":[{"href":"https:\/\/now-news.de\/de\/wp-json\/wp\/v2\/media?parent=16190"}],"wp:term":[{"taxonomy":"category","embeddable":true,"href":"https:\/\/now-news.de\/de\/wp-json\/wp\/v2\/categories?post=16190"},{"taxonomy":"post_tag","embeddable":true,"href":"https:\/\/now-news.de\/de\/wp-json\/wp\/v2\/tags?post=16190"}],"curies":[{"name":"wp","href":"https:\/\/api.w.org\/{rel}","templated":true}]}}