{"id":16123,"date":"2022-08-04T23:42:28","date_gmt":"2022-08-04T21:42:28","guid":{"rendered":"http:\/\/just-now.news\/de\/china\/kein-kommentar-zu-taiwan-waehrend-pelosi-treffen-mit-der-suedkoreanischen-fuehrung\/"},"modified":"2022-08-04T23:42:28","modified_gmt":"2022-08-04T21:42:28","slug":"kein-kommentar-zu-taiwan-waehrend-pelosi-treffen-mit-der-suedkoreanischen-fuehrung","status":"publish","type":"post","link":"https:\/\/now-news.de\/de\/china\/kein-kommentar-zu-taiwan-waehrend-pelosi-treffen-mit-der-suedkoreanischen-fuehrung\/","title":{"rendered":"Kein Kommentar zu Taiwan w\u00e4hrend Pelosi-Treffen mit der s\u00fcdkoreanischen F\u00fchrung"},"content":{"rendered":"<p><\/p>\n<div>\n<p>Die Sprecherin des US-Repr\u00e4sentantenhauses, Nancy Pelosi, traf am Donnerstag im Rahmen ihrer laufenden Asienreise mit der politischen F\u00fchrung in S\u00fcdkorea zusammen.  Weder die Delegation von Pelosi noch die koreanische F\u00fchrung \u00e4u\u00dferten sich zu den derzeit versch\u00e4rften Spannungen mit dem kommunistischen China in der Taiwan-Frage.<\/p>\n<p>Pelosi traf sich pers\u00f6nlich mit dem Sprecher der s\u00fcdkoreanischen Nationalversammlung, Kim Jin Pyo, und anderen hochrangigen Mitgliedern des s\u00fcdkoreanischen Parlaments, danach hielt sie eine Telefonkonferenz mit Pr\u00e4sident Yoon Suk Yeol ab, der im Urlaub war.<\/p>\n<p>Die beiden Seiten er\u00f6rterten das B\u00fcndnis zwischen den USA und Korea, die Au\u00dfenpolitik und andere Themen, brachten jedoch das Thema Taiwan nicht zur Sprache.<\/p>\n<p>Die Vereinigten Staaten und S\u00fcdkorea unterhalten seit dem Koreakrieg in den 1950er Jahren, dem letzten Mal, als US-Streitkr\u00e4fte gegen das kommunistische China k\u00e4mpften, ein festes B\u00fcndnis.  Yoon trat sein Amt im Mai mit dem Versprechen an, das Milit\u00e4rb\u00fcndnis S\u00fcdkoreas mit den Vereinigten Staaten gegen Nordkorea zu st\u00e4rken.<\/p>\n<p>Das Thema China ist jetzt jedoch ein heikles Thema f\u00fcr S\u00fcdkorea, da die Nationen wichtige Handelspartner sind.  S\u00fcdkorea hat sich bem\u00fcht, ein Gleichgewicht zwischen seinen Beziehungen zu den Vereinigten Staaten und China zu finden, da sich die chinesisch-amerikanische Rivalit\u00e4t in den letzten Jahren vertieft hat.<\/p>\n<h2>Taiwan ist entschlossen gegen die Aggression der KPCh<\/h2>\n<p>S\u00fcdkoreaner haben Yoons Vers\u00e4umnis, Pelosi pers\u00f6nlich zu treffen, in Frage gestellt, da Pelosi durch Asien tourt und F\u00fchrungskr\u00e4fte aus Singapur, Malaysia und Japan trifft.<\/p>\n<p>Der Stopp der Rednerin in S\u00fcdkorea folgt jedoch auf ihren vielbeachteten Besuch in Taiwan Anfang der Woche, den die F\u00fchrer der Kommunistischen Partei Chinas (KPCh) als Vorwand benutzten, um eine Reihe aggressiver und vergeltender Wirtschafts-, Cyber- und Milit\u00e4roperationen zu starten.<\/p>\n<p>In den Tagen seitdem hat die KPCh mehrere Cyberangriffe gegen Taiwan gestartet, Hunderte von Importverboten angek\u00fcndigt und die Insel mit beispiellosen Milit\u00e4r\u00fcbungen effektiv blockiert.<\/p>\n<p>Die bisher eskalierendste Aktion war jedoch die Entscheidung der KPCh, mehrere Raketen \u00fcber Taiwan und in Japans ausschlie\u00dfliche Wirtschaftszone (AWZ) abzufeuern, ein Gebiet, das 200 Seemeilen (230 Meilen) von der K\u00fcste des Landes entfernt ist.<\/p>\n<p>\u201eDass f\u00fcnf chinesische Raketen so in Japans AWZ fallen, ist eine Premiere\u201c, sagte der japanische Verteidigungsminister Nobuo Kishi.<\/p>\n<p>\u201eWir haben auf diplomatischem Wege stark protestiert.\u201c<\/p>\n<p>Die KPCh h\u00e4lt an einem sogenannten Ein-China-Prinzip fest, das besagt, dass Taiwan eine abtr\u00fcnnige Provinz ist, die mit dem Festland wiedervereinigt werden muss.  Das Regime schlie\u00dft den Einsatz von Gewalt zur Erreichung dieses Ziels nicht aus.  Taiwan ist seit 1949 selbstverwaltet und wurde jedoch nie von der KPCh kontrolliert.  Und Taiwans demokratische Regierung und bl\u00fchende Marktwirtschaft stellen sicher, dass es gesunde Handelsbeziehungen mit vielen Weltm\u00e4chten unterh\u00e4lt.<\/p>\n<p>Die Beziehungen der USA zu Taiwan und China werden durch eine Reihe von Vertr\u00e4gen und diplomatischen Depeschen geregelt, die bis in die 1970er Jahre zur\u00fcckreichen.  Insbesondere halten die Vereinigten Staaten an einer Ein-China-Politik fest, die das Ein-China-Prinzip der KPCh anerkennt, aber nicht unterst\u00fctzt.  Die Politik schreibt auch umfangreiche inoffizielle Beziehungen zu Taiwan vor.  Der Taiwan Relations Act von 1979 schreibt ferner vor, dass die Vereinigten Staaten Taiwan die f\u00fcr seine Selbstverteidigung notwendigen Waffen liefern werden.<\/p>\n<p>Im Mittelpunkt der anhaltenden Spannungen zwischen der KPCh und den Vereinigten Staaten steht ihre langj\u00e4hrige Vereinbarung, dass keine Seite versuchen wird, diesen Status quo einseitig durch Gewalt oder Zwang zu \u00e4ndern.<\/p>\n<p>Die KPCh-Beh\u00f6rden behaupten, dass der Besuch von Pelosis dazu gedacht war, diesen Status quo einseitig zu \u00e4ndern, w\u00e4hrend US-Beamte dasselbe \u00fcber Chinas zunehmende milit\u00e4rische und wirtschaftliche Aggression in der Region sagen.<\/p>\n<p>\u201eHeute steht die Welt vor der Wahl zwischen Demokratie und Autokratie\u201c, sagte Pelosi am Mittwoch in einer kurzen Rede bei einem Treffen mit der taiwanesischen Pr\u00e4sidentin Tsai Ing-wen.  \u201eAmerikas Entschlossenheit, die Demokratie hier in Taiwan und auf der ganzen Welt zu bewahren, bleibt eisern.\u201c<\/p>\n<p>\u201eUnser Besuch bekr\u00e4ftigt, dass Amerika zu Taiwan steht: eine robuste, lebendige Demokratie und unser wichtiger Partner im Indopazifik\u201c, sagte Pelosi <a rel=\"nofollow noopener\" target=\"_blank\" href=\"https:\/\/twitter.com\/SpeakerPelosi\/status\/1554496902812602370\">hinzugef\u00fcgt<\/a> in einem Tweet nach der Reise.<\/p>\n<p>Das taiwanesische Verteidigungsministerium bezeichnete die chinesischen \u00dcbungen als \u201eunvern\u00fcnftige Ma\u00dfnahmen, um den Status quo zu \u00e4ndern und den Frieden und die Stabilit\u00e4t in der Region zu zerst\u00f6ren\u201c.<\/p>\n<\/div>\n<p><script async src=\"\/\/platform.twitter.com\/widgets.js\" charset=\"utf-8\"><\/script><br \/>\n<br \/><br \/>\n<b> Text ist eine \u00dcbersetzung vom Epoch Times Artikel:<\/p>\n<p><a href=\"https:\/\/www.theepochtimes.com\/no-comment-on-taiwan-during-pelosi-meetings-with-south-korea-leadership_4643097.html\">Source link <\/a><\/p>\n","protected":false},"excerpt":{"rendered":"<p>Die Sprecherin des US-Repr\u00e4sentantenhauses, Nancy Pelosi, traf am Donnerstag im Rahmen ihrer laufenden Asienreise mit der politischen F\u00fchrung in S\u00fcdkorea zusammen. Weder die Delegation von Pelosi noch die koreanische F\u00fchrung \u00e4u\u00dferten sich zu den derzeit versch\u00e4rften Spannungen mit dem kommunistischen China in der Taiwan-Frage. Pelosi traf sich pers\u00f6nlich mit dem Sprecher der s\u00fcdkoreanischen Nationalversammlung, Kim [&hellip;]<\/p>\n","protected":false},"author":6,"featured_media":16124,"comment_status":"open","ping_status":"open","sticky":false,"template":"","format":"standard","meta":{"wp_automatic_camp":["1164"],"d65f50687e0624b8cc4294852cabe093":["Kein Kommentar zu Taiwan w\u00e4hrend Pelosi-Treffen mit der s\u00fcdkoreanischen F\u00fchrung\n"],"original_link":["https:\/\/www.theepochtimes.com\/no-comment-on-taiwan-during-pelosi-meetings-with-south-korea-leadership_4643097.html"],"_thumbnail_id":["16124"],"wp_automatic_remove_first_image":["yes"],"jnews_social_counter_last_update":["1777623701"]},"categories":[21],"tags":[82,19159,2030,30325,419,30326,30327,1043,3647],"yoast_head":"<!-- This site is optimized with the Yoast SEO Premium plugin v22.7 (Yoast SEO v22.7) - https:\/\/yoast.com\/wordpress\/plugins\/seo\/ -->\n<title>Kein Kommentar zu Taiwan w\u00e4hrend Pelosi-Treffen mit der s\u00fcdkoreanischen F\u00fchrung - just-now.NEWS Deutschland<\/title>\n<meta name=\"robots\" content=\"index, follow, max-snippet:-1, max-image-preview:large, max-video-preview:-1\" \/>\n<link rel=\"canonical\" href=\"https:\/\/now-news.de\/de\/china\/kein-kommentar-zu-taiwan-waehrend-pelosi-treffen-mit-der-suedkoreanischen-fuehrung\/\" \/>\n<meta property=\"og:locale\" content=\"de_DE\" \/>\n<meta property=\"og:type\" content=\"article\" \/>\n<meta property=\"og:title\" content=\"Kein Kommentar zu Taiwan w\u00e4hrend Pelosi-Treffen mit der s\u00fcdkoreanischen F\u00fchrung\" \/>\n<meta property=\"og:description\" content=\"Die Sprecherin des US-Repr\u00e4sentantenhauses, Nancy Pelosi, traf am Donnerstag im Rahmen ihrer laufenden Asienreise mit der politischen F\u00fchrung in S\u00fcdkorea zusammen. Weder die Delegation von Pelosi noch die koreanische F\u00fchrung \u00e4u\u00dferten sich zu den derzeit versch\u00e4rften Spannungen mit dem kommunistischen China in der Taiwan-Frage. Pelosi traf sich pers\u00f6nlich mit dem Sprecher der s\u00fcdkoreanischen Nationalversammlung, Kim [&hellip;]\" \/>\n<meta property=\"og:url\" content=\"https:\/\/now-news.de\/de\/china\/kein-kommentar-zu-taiwan-waehrend-pelosi-treffen-mit-der-suedkoreanischen-fuehrung\/\" \/>\n<meta property=\"og:site_name\" content=\"just-now.NEWS Deutschland\" \/>\n<meta property=\"article:publisher\" content=\"https:\/\/www.facebook.com\/wirmachenauf\" \/>\n<meta property=\"article:published_time\" content=\"2022-08-04T21:42:28+00:00\" \/>\n<meta property=\"og:image\" content=\"https:\/\/now-news.de\/de\/wp-content\/uploads\/sites\/3\/2022\/08\/1659649404_Kein-Kommentar-zu-Taiwan-waehrend-Pelosi-Treffen-mit-der-suedkoreanischen-Fuehrung.jpg\" \/>\n\t<meta property=\"og:image:width\" content=\"1200\" \/>\n\t<meta property=\"og:image:height\" content=\"787\" \/>\n\t<meta property=\"og:image:type\" content=\"image\/jpeg\" \/>\n<meta name=\"author\" content=\"epoch\" \/>\n<meta name=\"twitter:card\" content=\"summary_large_image\" \/>\n<meta name=\"twitter:creator\" content=\"@WirMachenAuf_de\" \/>\n<meta name=\"twitter:site\" content=\"@WirMachenAuf_de\" \/>\n<meta name=\"twitter:label1\" content=\"Verfasst von\" \/>\n\t<meta name=\"twitter:data1\" content=\"epoch\" \/>\n\t<meta name=\"twitter:label2\" content=\"Gesch\u00e4tzte Lesezeit\" \/>\n\t<meta name=\"twitter:data2\" content=\"4\u00a0Minuten\" \/>\n<script type=\"application\/ld+json\" class=\"yoast-schema-graph\">{\"@context\":\"https:\/\/schema.org\",\"@graph\":[{\"@type\":\"Article\",\"@id\":\"https:\/\/now-news.de\/de\/china\/kein-kommentar-zu-taiwan-waehrend-pelosi-treffen-mit-der-suedkoreanischen-fuehrung\/#article\",\"isPartOf\":{\"@id\":\"https:\/\/now-news.de\/de\/china\/kein-kommentar-zu-taiwan-waehrend-pelosi-treffen-mit-der-suedkoreanischen-fuehrung\/\"},\"author\":{\"name\":\"epoch\",\"@id\":\"https:\/\/now-news.de\/de\/#\/schema\/person\/c6dfcd35a72a074487761b9d49aef52f\"},\"headline\":\"Kein Kommentar zu Taiwan w\u00e4hrend Pelosi-Treffen mit der s\u00fcdkoreanischen F\u00fchrung\",\"datePublished\":\"2022-08-04T21:42:28+00:00\",\"dateModified\":\"2022-08-04T21:42:28+00:00\",\"mainEntityOfPage\":{\"@id\":\"https:\/\/now-news.de\/de\/china\/kein-kommentar-zu-taiwan-waehrend-pelosi-treffen-mit-der-suedkoreanischen-fuehrung\/\"},\"wordCount\":733,\"commentCount\":0,\"publisher\":{\"@id\":\"https:\/\/now-news.de\/de\/#organization\"},\"image\":{\"@id\":\"https:\/\/now-news.de\/de\/china\/kein-kommentar-zu-taiwan-waehrend-pelosi-treffen-mit-der-suedkoreanischen-fuehrung\/#primaryimage\"},\"thumbnailUrl\":\"https:\/\/now-news.de\/de\/wp-content\/uploads\/sites\/3\/2022\/08\/1659649404_Kein-Kommentar-zu-Taiwan-waehrend-Pelosi-Treffen-mit-der-suedkoreanischen-Fuehrung.jpg\",\"keywords\":[\"der\",\"F\u00fchrung\",\"Kein\",\"Kommentar\",\"mit\",\"PelosiTreffen\",\"s\u00fcdkoreanischen\",\"Taiwan\",\"w\u00e4hrend\"],\"articleSection\":[\"China\"],\"inLanguage\":\"de\",\"potentialAction\":[{\"@type\":\"CommentAction\",\"name\":\"Comment\",\"target\":[\"https:\/\/now-news.de\/de\/china\/kein-kommentar-zu-taiwan-waehrend-pelosi-treffen-mit-der-suedkoreanischen-fuehrung\/#respond\"]}]},{\"@type\":\"WebPage\",\"@id\":\"https:\/\/now-news.de\/de\/china\/kein-kommentar-zu-taiwan-waehrend-pelosi-treffen-mit-der-suedkoreanischen-fuehrung\/\",\"url\":\"https:\/\/now-news.de\/de\/china\/kein-kommentar-zu-taiwan-waehrend-pelosi-treffen-mit-der-suedkoreanischen-fuehrung\/\",\"name\":\"Kein Kommentar zu Taiwan w\u00e4hrend Pelosi-Treffen mit der s\u00fcdkoreanischen F\u00fchrung - just-now.NEWS Deutschland\",\"isPartOf\":{\"@id\":\"https:\/\/now-news.de\/de\/#website\"},\"primaryImageOfPage\":{\"@id\":\"https:\/\/now-news.de\/de\/china\/kein-kommentar-zu-taiwan-waehrend-pelosi-treffen-mit-der-suedkoreanischen-fuehrung\/#primaryimage\"},\"image\":{\"@id\":\"https:\/\/now-news.de\/de\/china\/kein-kommentar-zu-taiwan-waehrend-pelosi-treffen-mit-der-suedkoreanischen-fuehrung\/#primaryimage\"},\"thumbnailUrl\":\"https:\/\/now-news.de\/de\/wp-content\/uploads\/sites\/3\/2022\/08\/1659649404_Kein-Kommentar-zu-Taiwan-waehrend-Pelosi-Treffen-mit-der-suedkoreanischen-Fuehrung.jpg\",\"datePublished\":\"2022-08-04T21:42:28+00:00\",\"dateModified\":\"2022-08-04T21:42:28+00:00\",\"breadcrumb\":{\"@id\":\"https:\/\/now-news.de\/de\/china\/kein-kommentar-zu-taiwan-waehrend-pelosi-treffen-mit-der-suedkoreanischen-fuehrung\/#breadcrumb\"},\"inLanguage\":\"de\",\"potentialAction\":[{\"@type\":\"ReadAction\",\"target\":[\"https:\/\/now-news.de\/de\/china\/kein-kommentar-zu-taiwan-waehrend-pelosi-treffen-mit-der-suedkoreanischen-fuehrung\/\"]}]},{\"@type\":\"ImageObject\",\"inLanguage\":\"de\",\"@id\":\"https:\/\/now-news.de\/de\/china\/kein-kommentar-zu-taiwan-waehrend-pelosi-treffen-mit-der-suedkoreanischen-fuehrung\/#primaryimage\",\"url\":\"https:\/\/now-news.de\/de\/wp-content\/uploads\/sites\/3\/2022\/08\/1659649404_Kein-Kommentar-zu-Taiwan-waehrend-Pelosi-Treffen-mit-der-suedkoreanischen-Fuehrung.jpg\",\"contentUrl\":\"https:\/\/now-news.de\/de\/wp-content\/uploads\/sites\/3\/2022\/08\/1659649404_Kein-Kommentar-zu-Taiwan-waehrend-Pelosi-Treffen-mit-der-suedkoreanischen-Fuehrung.jpg\",\"width\":1200,\"height\":787},{\"@type\":\"BreadcrumbList\",\"@id\":\"https:\/\/now-news.de\/de\/china\/kein-kommentar-zu-taiwan-waehrend-pelosi-treffen-mit-der-suedkoreanischen-fuehrung\/#breadcrumb\",\"itemListElement\":[{\"@type\":\"ListItem\",\"position\":1,\"name\":\"Home\",\"item\":\"https:\/\/now-news.de\/de\/\"},{\"@type\":\"ListItem\",\"position\":2,\"name\":\"Kein Kommentar zu Taiwan w\u00e4hrend Pelosi-Treffen mit der s\u00fcdkoreanischen F\u00fchrung\"}]},{\"@type\":\"WebSite\",\"@id\":\"https:\/\/now-news.de\/de\/#website\",\"url\":\"https:\/\/now-news.de\/de\/\",\"name\":\"just-now.NEWS Deutschland\",\"description\":\"Das Portal f\u00fcr unzensierte Nachrichten aus der Welt\",\"publisher\":{\"@id\":\"https:\/\/now-news.de\/de\/#organization\"},\"potentialAction\":[{\"@type\":\"SearchAction\",\"target\":{\"@type\":\"EntryPoint\",\"urlTemplate\":\"https:\/\/now-news.de\/de\/?s={search_term_string}\"},\"query-input\":\"required name=search_term_string\"}],\"inLanguage\":\"de\"},{\"@type\":\"Organization\",\"@id\":\"https:\/\/now-news.de\/de\/#organization\",\"name\":\"Just Now News\",\"url\":\"https:\/\/now-news.de\/de\/\",\"logo\":{\"@type\":\"ImageObject\",\"inLanguage\":\"de\",\"@id\":\"https:\/\/now-news.de\/de\/#\/schema\/logo\/image\/\",\"url\":\"http:\/\/just-now.news\/de\/wp-content\/uploads\/sites\/3\/2022\/04\/logo500x500.jpg\",\"contentUrl\":\"http:\/\/just-now.news\/de\/wp-content\/uploads\/sites\/3\/2022\/04\/logo500x500.jpg\",\"width\":500,\"height\":500,\"caption\":\"Just Now News\"},\"image\":{\"@id\":\"https:\/\/now-news.de\/de\/#\/schema\/logo\/image\/\"},\"sameAs\":[\"https:\/\/www.facebook.com\/wirmachenauf\",\"https:\/\/x.com\/WirMachenAuf_de\"]},{\"@type\":\"Person\",\"@id\":\"https:\/\/now-news.de\/de\/#\/schema\/person\/c6dfcd35a72a074487761b9d49aef52f\",\"name\":\"epoch\",\"image\":{\"@type\":\"ImageObject\",\"inLanguage\":\"de\",\"@id\":\"https:\/\/now-news.de\/de\/#\/schema\/person\/image\/\",\"url\":\"https:\/\/secure.gravatar.com\/avatar\/56933836307948e61ef581cc4d100335?s=96&d=mm&r=g\",\"contentUrl\":\"https:\/\/secure.gravatar.com\/avatar\/56933836307948e61ef581cc4d100335?s=96&d=mm&r=g\",\"caption\":\"epoch\"},\"url\":\"https:\/\/now-news.de\/de\/author\/epoch\/\"}]}<\/script>\n<!-- \/ Yoast SEO Premium plugin. -->","yoast_head_json":{"title":"Kein Kommentar zu Taiwan w\u00e4hrend Pelosi-Treffen mit der s\u00fcdkoreanischen F\u00fchrung - just-now.NEWS Deutschland","robots":{"index":"index","follow":"follow","max-snippet":"max-snippet:-1","max-image-preview":"max-image-preview:large","max-video-preview":"max-video-preview:-1"},"canonical":"https:\/\/now-news.de\/de\/china\/kein-kommentar-zu-taiwan-waehrend-pelosi-treffen-mit-der-suedkoreanischen-fuehrung\/","og_locale":"de_DE","og_type":"article","og_title":"Kein Kommentar zu Taiwan w\u00e4hrend Pelosi-Treffen mit der s\u00fcdkoreanischen F\u00fchrung","og_description":"Die Sprecherin des US-Repr\u00e4sentantenhauses, Nancy Pelosi, traf am Donnerstag im Rahmen ihrer laufenden Asienreise mit der politischen F\u00fchrung in S\u00fcdkorea zusammen. Weder die Delegation von Pelosi noch die koreanische F\u00fchrung \u00e4u\u00dferten sich zu den derzeit versch\u00e4rften Spannungen mit dem kommunistischen China in der Taiwan-Frage. Pelosi traf sich pers\u00f6nlich mit dem Sprecher der s\u00fcdkoreanischen Nationalversammlung, Kim [&hellip;]","og_url":"https:\/\/now-news.de\/de\/china\/kein-kommentar-zu-taiwan-waehrend-pelosi-treffen-mit-der-suedkoreanischen-fuehrung\/","og_site_name":"just-now.NEWS Deutschland","article_publisher":"https:\/\/www.facebook.com\/wirmachenauf","article_published_time":"2022-08-04T21:42:28+00:00","og_image":[{"width":1200,"height":787,"url":"https:\/\/now-news.de\/de\/wp-content\/uploads\/sites\/3\/2022\/08\/1659649404_Kein-Kommentar-zu-Taiwan-waehrend-Pelosi-Treffen-mit-der-suedkoreanischen-Fuehrung.jpg","type":"image\/jpeg"}],"author":"epoch","twitter_card":"summary_large_image","twitter_creator":"@WirMachenAuf_de","twitter_site":"@WirMachenAuf_de","twitter_misc":{"Verfasst von":"epoch","Gesch\u00e4tzte Lesezeit":"4\u00a0Minuten"},"schema":{"@context":"https:\/\/schema.org","@graph":[{"@type":"Article","@id":"https:\/\/now-news.de\/de\/china\/kein-kommentar-zu-taiwan-waehrend-pelosi-treffen-mit-der-suedkoreanischen-fuehrung\/#article","isPartOf":{"@id":"https:\/\/now-news.de\/de\/china\/kein-kommentar-zu-taiwan-waehrend-pelosi-treffen-mit-der-suedkoreanischen-fuehrung\/"},"author":{"name":"epoch","@id":"https:\/\/now-news.de\/de\/#\/schema\/person\/c6dfcd35a72a074487761b9d49aef52f"},"headline":"Kein Kommentar zu Taiwan w\u00e4hrend Pelosi-Treffen mit der s\u00fcdkoreanischen F\u00fchrung","datePublished":"2022-08-04T21:42:28+00:00","dateModified":"2022-08-04T21:42:28+00:00","mainEntityOfPage":{"@id":"https:\/\/now-news.de\/de\/china\/kein-kommentar-zu-taiwan-waehrend-pelosi-treffen-mit-der-suedkoreanischen-fuehrung\/"},"wordCount":733,"commentCount":0,"publisher":{"@id":"https:\/\/now-news.de\/de\/#organization"},"image":{"@id":"https:\/\/now-news.de\/de\/china\/kein-kommentar-zu-taiwan-waehrend-pelosi-treffen-mit-der-suedkoreanischen-fuehrung\/#primaryimage"},"thumbnailUrl":"https:\/\/now-news.de\/de\/wp-content\/uploads\/sites\/3\/2022\/08\/1659649404_Kein-Kommentar-zu-Taiwan-waehrend-Pelosi-Treffen-mit-der-suedkoreanischen-Fuehrung.jpg","keywords":["der","F\u00fchrung","Kein","Kommentar","mit","PelosiTreffen","s\u00fcdkoreanischen","Taiwan","w\u00e4hrend"],"articleSection":["China"],"inLanguage":"de","potentialAction":[{"@type":"CommentAction","name":"Comment","target":["https:\/\/now-news.de\/de\/china\/kein-kommentar-zu-taiwan-waehrend-pelosi-treffen-mit-der-suedkoreanischen-fuehrung\/#respond"]}]},{"@type":"WebPage","@id":"https:\/\/now-news.de\/de\/china\/kein-kommentar-zu-taiwan-waehrend-pelosi-treffen-mit-der-suedkoreanischen-fuehrung\/","url":"https:\/\/now-news.de\/de\/china\/kein-kommentar-zu-taiwan-waehrend-pelosi-treffen-mit-der-suedkoreanischen-fuehrung\/","name":"Kein Kommentar zu Taiwan w\u00e4hrend Pelosi-Treffen mit der s\u00fcdkoreanischen F\u00fchrung - just-now.NEWS Deutschland","isPartOf":{"@id":"https:\/\/now-news.de\/de\/#website"},"primaryImageOfPage":{"@id":"https:\/\/now-news.de\/de\/china\/kein-kommentar-zu-taiwan-waehrend-pelosi-treffen-mit-der-suedkoreanischen-fuehrung\/#primaryimage"},"image":{"@id":"https:\/\/now-news.de\/de\/china\/kein-kommentar-zu-taiwan-waehrend-pelosi-treffen-mit-der-suedkoreanischen-fuehrung\/#primaryimage"},"thumbnailUrl":"https:\/\/now-news.de\/de\/wp-content\/uploads\/sites\/3\/2022\/08\/1659649404_Kein-Kommentar-zu-Taiwan-waehrend-Pelosi-Treffen-mit-der-suedkoreanischen-Fuehrung.jpg","datePublished":"2022-08-04T21:42:28+00:00","dateModified":"2022-08-04T21:42:28+00:00","breadcrumb":{"@id":"https:\/\/now-news.de\/de\/china\/kein-kommentar-zu-taiwan-waehrend-pelosi-treffen-mit-der-suedkoreanischen-fuehrung\/#breadcrumb"},"inLanguage":"de","potentialAction":[{"@type":"ReadAction","target":["https:\/\/now-news.de\/de\/china\/kein-kommentar-zu-taiwan-waehrend-pelosi-treffen-mit-der-suedkoreanischen-fuehrung\/"]}]},{"@type":"ImageObject","inLanguage":"de","@id":"https:\/\/now-news.de\/de\/china\/kein-kommentar-zu-taiwan-waehrend-pelosi-treffen-mit-der-suedkoreanischen-fuehrung\/#primaryimage","url":"https:\/\/now-news.de\/de\/wp-content\/uploads\/sites\/3\/2022\/08\/1659649404_Kein-Kommentar-zu-Taiwan-waehrend-Pelosi-Treffen-mit-der-suedkoreanischen-Fuehrung.jpg","contentUrl":"https:\/\/now-news.de\/de\/wp-content\/uploads\/sites\/3\/2022\/08\/1659649404_Kein-Kommentar-zu-Taiwan-waehrend-Pelosi-Treffen-mit-der-suedkoreanischen-Fuehrung.jpg","width":1200,"height":787},{"@type":"BreadcrumbList","@id":"https:\/\/now-news.de\/de\/china\/kein-kommentar-zu-taiwan-waehrend-pelosi-treffen-mit-der-suedkoreanischen-fuehrung\/#breadcrumb","itemListElement":[{"@type":"ListItem","position":1,"name":"Home","item":"https:\/\/now-news.de\/de\/"},{"@type":"ListItem","position":2,"name":"Kein Kommentar zu Taiwan w\u00e4hrend Pelosi-Treffen mit der s\u00fcdkoreanischen F\u00fchrung"}]},{"@type":"WebSite","@id":"https:\/\/now-news.de\/de\/#website","url":"https:\/\/now-news.de\/de\/","name":"just-now.NEWS Deutschland","description":"Das Portal f\u00fcr unzensierte Nachrichten aus der Welt","publisher":{"@id":"https:\/\/now-news.de\/de\/#organization"},"potentialAction":[{"@type":"SearchAction","target":{"@type":"EntryPoint","urlTemplate":"https:\/\/now-news.de\/de\/?s={search_term_string}"},"query-input":"required name=search_term_string"}],"inLanguage":"de"},{"@type":"Organization","@id":"https:\/\/now-news.de\/de\/#organization","name":"Just Now News","url":"https:\/\/now-news.de\/de\/","logo":{"@type":"ImageObject","inLanguage":"de","@id":"https:\/\/now-news.de\/de\/#\/schema\/logo\/image\/","url":"http:\/\/just-now.news\/de\/wp-content\/uploads\/sites\/3\/2022\/04\/logo500x500.jpg","contentUrl":"http:\/\/just-now.news\/de\/wp-content\/uploads\/sites\/3\/2022\/04\/logo500x500.jpg","width":500,"height":500,"caption":"Just Now News"},"image":{"@id":"https:\/\/now-news.de\/de\/#\/schema\/logo\/image\/"},"sameAs":["https:\/\/www.facebook.com\/wirmachenauf","https:\/\/x.com\/WirMachenAuf_de"]},{"@type":"Person","@id":"https:\/\/now-news.de\/de\/#\/schema\/person\/c6dfcd35a72a074487761b9d49aef52f","name":"epoch","image":{"@type":"ImageObject","inLanguage":"de","@id":"https:\/\/now-news.de\/de\/#\/schema\/person\/image\/","url":"https:\/\/secure.gravatar.com\/avatar\/56933836307948e61ef581cc4d100335?s=96&d=mm&r=g","contentUrl":"https:\/\/secure.gravatar.com\/avatar\/56933836307948e61ef581cc4d100335?s=96&d=mm&r=g","caption":"epoch"},"url":"https:\/\/now-news.de\/de\/author\/epoch\/"}]}},"_links":{"self":[{"href":"https:\/\/now-news.de\/de\/wp-json\/wp\/v2\/posts\/16123"}],"collection":[{"href":"https:\/\/now-news.de\/de\/wp-json\/wp\/v2\/posts"}],"about":[{"href":"https:\/\/now-news.de\/de\/wp-json\/wp\/v2\/types\/post"}],"author":[{"embeddable":true,"href":"https:\/\/now-news.de\/de\/wp-json\/wp\/v2\/users\/6"}],"replies":[{"embeddable":true,"href":"https:\/\/now-news.de\/de\/wp-json\/wp\/v2\/comments?post=16123"}],"version-history":[{"count":0,"href":"https:\/\/now-news.de\/de\/wp-json\/wp\/v2\/posts\/16123\/revisions"}],"wp:featuredmedia":[{"embeddable":true,"href":"https:\/\/now-news.de\/de\/wp-json\/wp\/v2\/media\/16124"}],"wp:attachment":[{"href":"https:\/\/now-news.de\/de\/wp-json\/wp\/v2\/media?parent=16123"}],"wp:term":[{"taxonomy":"category","embeddable":true,"href":"https:\/\/now-news.de\/de\/wp-json\/wp\/v2\/categories?post=16123"},{"taxonomy":"post_tag","embeddable":true,"href":"https:\/\/now-news.de\/de\/wp-json\/wp\/v2\/tags?post=16123"}],"curies":[{"name":"wp","href":"https:\/\/api.w.org\/{rel}","templated":true}]}}