{"id":16117,"date":"2022-08-04T22:21:39","date_gmt":"2022-08-04T20:21:39","guid":{"rendered":"http:\/\/just-now.news\/de\/deutschland\/estlands-regierung-will-alle-sowjetischen-denkmaeler-demontieren\/"},"modified":"2022-08-04T22:21:39","modified_gmt":"2022-08-04T20:21:39","slug":"estlands-regierung-will-alle-sowjetischen-denkmaeler-demontieren","status":"publish","type":"post","link":"https:\/\/now-news.de\/de\/deutschland\/estlands-regierung-will-alle-sowjetischen-denkmaeler-demontieren\/","title":{"rendered":"Estlands Regierung will alle sowjetischen Denkm\u00e4ler demontieren"},"content":{"rendered":"<div class=\"Text-root Text-type_1 \">\n                Die estnische Regierung hat entschieden, alle sowjetischen Denkm\u00e4ler, die im Land noch an den Zweiten Weltkrieg erinnern, zu demontieren. Konflikte mit der russischen Minderheit im Land sind da vorprogrammiert. Estnischer Antifaschisten wird ohnehin nur noch im russischen Welikije Luki gedacht.\n            <\/div>\n<p><\/p>\n<div class=\"Text-root Text-type_5 ArticleView-text ViewText-root \">\n<p>In Estland\u00a0sollen auf Beschluss der Regierung s\u00e4mtliche sowjetische\u00a0Denkm\u00e4ler in dem baltischen EU- und NATO-Land\u00a0demontiert oder verlegt werden.\u00a0Ministerpr\u00e4sidentin Kaja Kallas sagte am Donnerstag in Tallinn:<\/p>\n<blockquote>\n<p><em>&#8220;Die Hauptsache ist entschieden \u2013 sowjetische Denkm\u00e4ler m\u00fcssen aus dem \u00f6ffentlichen Raum entfernt werden, und das werden wir so schnell wie m\u00f6glich tun.&#8221;<\/em><\/p>\n<\/blockquote>\n<p>Zeitpunkt und Reihenfolge hingen demnach von der Bereitschaft und den logistischen Planungen der St\u00e4dte\u00a0und\u00a0Gemeinden ab.\u00a0<\/p>\n<p>Nach Angaben der Ministerpr\u00e4sidentin gibt es in Estland\u00a0etwa 200 bis 400 sowjetische\u00a0Denkm\u00e4ler. In der Mehrheit handelt es sich um Denkm\u00e4ler, die an den Kampf der Roten Armee gegen die hitlerdeutschen Truppen im\u00a0Zweiten Weltkrieg erinnern, sowie Mahnmale f\u00fcr Opfer des Faschismus. Alle kommunistischen Denkm\u00e4ler sind in Estland bereits in den 90er Jahren demontiert worden.<\/p>\n<p>In den Mittelpunkt der \u00f6ffentlichen Debatte r\u00fcckte zuletzt vor allem ein Panzer-Monument\u00a0nahe der estnisch-russischen Grenzstadt Narva im Osten des baltischen Landes. Dort versammelten sich am\u00a0Mittwochabend mehrere Dutzend\u00a0Menschen, nachdem es Ger\u00fcchte gegeben hatte, dass das auf einem hohen Sockel stehende Kriegsrelikt\u00a0entfernt werden w\u00fcrde.\u00a0<\/p>\n<figure class=\"RTImage-root\">\n<div class=\"RTImage-image RTImage-original\"><picture class=\"Picture-root Picture-original\"><!--[if IE 9]><video style=\"display: none;\"><![endif]--><source media=\"(-webkit-min-device-pixel-ratio: 2) and (min-resolution: 120dpi)\" data-srcset=\" \nhttp:\/\/just-now.news\/de\/wp-content\/uploads\/sites\/3\/2022\/08\/62ebf87648fbef6dd5067721.jpg 850w,\n                http:\/\/just-now.news\/de\/wp-content\/uploads\/sites\/3\/2022\/08\/62ebf87648fbef6dd5067721.jpg 1960w,\n            \" ><source data-srcset=\" \nhttp:\/\/just-now.news\/de\/wp-content\/uploads\/sites\/3\/2022\/08\/62ebf87648fbef6dd5067721.jpg 460w,\n              http:\/\/just-now.news\/de\/wp-content\/uploads\/sites\/3\/2022\/08\/62ebf87648fbef6dd5067721.jpg 980w,\n            \" ><!--[if IE 9]><\/video><![endif]--><img decoding=\"async\" data- src=\"data:image\/png;base64,iVBORw0KGgoAAAANSUhEUgAAABAAAAAJCAQAAACRI2S5AAAAEElEQVR42mNkIAAYRxWAAQAG9gAKqv6+AwAAAABJRU5ErkJggg==\" class=\"Picture-root Picture-original lazyload\" data-src=\"http:\/\/just-now.news\/de\/wp-content\/uploads\/sites\/3\/2022\/08\/62ebf87648fbef6dd5067721.jpg\" alt=\"\"><\/source><\/source><\/picture><!-- noscript pattern --><noscript><img decoding=\"async\" src=\"http:\/\/just-now.news\/de\/wp-content\/uploads\/sites\/3\/2022\/08\/62ebf87648fbef6dd5067721.jpg\" alt=\"\"><\/noscript><\/div><figcaption class=\"RTImage-footer\"><span class=\"RTImage-caption\"><span class=\"RTImage-captionItem\">Das einzige Denkmal, das noch an die estnischen Rotarmisten, die im Kampf gegen den Hitlerfaschismus fielen, erinnert, befindet sich in der russischen Stadt Welikije Luki. In Estland selbst sind die etwa 20.000 estnischen Antifaschisten vergessen.<\/span><\/span><span class=\"RTImage-source\"><span class=\"RTImage-captionItem\">M. Jurtschenko \/ RIA Nowosti<\/span><span class=\"RTImage-captionItem\"> \/ Sputnik<\/span><\/span><\/figcaption><\/figure>\n<p>Kallas bewertete das Denkmal am Donnerstag dagegen so:<\/p>\n<blockquote>\n<p><em>&#8220;Ein Panzer ist eine Mordwaffe, er ist kein Erinnerungsobjekt.\u00a0Und mit denselben\u00a0Panzern werden gegenw\u00e4rtig\u00a0auf den Stra\u00dfen der Ukraine Menschen get\u00f6tet.&#8221;<\/em><\/p>\n<\/blockquote>\n<p>Die Verwaltung\u00a0der rund\u00a060.000 Einwohner z\u00e4hlenden Stadt Narwa, deren Bev\u00f6lkerung\u00a0zu mehr als\u00a090 Prozent aus ethnischen Russen besteht, hatte\u00a0sich zuvor\u00a0gegen eine Demontage des Sowjetpanzers ausgesprochen. Sie will nach der Ank\u00fcndigung der Ministerpr\u00e4sidentin nun das Gespr\u00e4ch mit der Regierung in Tallinn suchen.\u00a0\u00a0<\/p>\n<p>Estland war im Jahr 1940 nach unter Historikern umstrittenen Wahlen Sowjetrepublik geworden. Im Zweiten Weltkrieg war es von 1941 bis 1944 (einige Inseln noch bis 1945) von Deutschland\u00a0besetzt. Das estnische Volk war im Zweiten Weltkrieg gespalten: W\u00e4hrend Zehntausende mit dem nationalsozialistischen Deutschland kooperierten und sich sogar in seine Dienste, etwa als KZ-Aufseher oder <a rel=\"nofollow noopener\" target=\"_blank\" href=\"https:\/\/en.wikipedia.org\/wiki\/Estonian_Legion\">bei der Waffen-SS<\/a>, stellten, konnten immerhin <a rel=\"nofollow noopener\" target=\"_blank\" href=\"https:\/\/en.wikipedia.org\/wiki\/7th_Rifle_Division_(Soviet_Union)\">zwei Divisionen der Roten Armee<\/a> \u00fcberwiegend mit ethnischen Esten aufgestellt werden. Die heutige offizielle Erinnerungskultur in Estland hat sich vollst\u00e4ndig auf die Seite der ersten Bev\u00f6lkerungsgruppe gestellt, die Erinnerung an die estnischen antifaschistischen Divisionen wird heute nur noch mit einem Denkmal in der russischen Stadt Welikije Luki wachgehalten.\u00a0<\/p>\n<p>Nach Kriegsende blieb\u00a0der Baltenstaat bis 1991 Teil der Sowjetunion. Bis heute\u00a0besteht die Bev\u00f6lkerung zu rund einem Viertel aus ethnischen Russen, die h\u00e4ufig auch famili\u00e4re Bindungen nach Russland haben. Unter ihnen gibt es Umfragen zufolge Unterst\u00fctzung f\u00fcr den Kurs des russischen Pr\u00e4sidenten Wladimir Putin.<\/p>\n<p><em>(rt\/dpa)<\/em>\u00a0<\/p>\n<p><strong>Mehr zum Thema<\/strong> &#8211; <a rel=\"nofollow noopener\" target=\"_blank\" href=\"https:\/\/de.rt.com\/meinung\/144629-geo-kultur-trifft-geopolitik\/\">Geo-Kultur trifft Geopolitik: Finnland und Schweden in der NATO? Dann auch russische Ostukraine!<\/a><\/p>\n<\/div>\n<p><br \/>\n<br \/><a href=\"https:\/\/de.rt.com\/europa\/145320-estlands-regierung-will-alle-sowjetischen\/\">Source link <\/a><\/p>\n","protected":false},"excerpt":{"rendered":"<p>Die estnische Regierung hat entschieden, alle sowjetischen Denkm\u00e4ler, die im Land noch an den Zweiten Weltkrieg erinnern, zu demontieren. Konflikte mit der russischen Minderheit im Land sind da vorprogrammiert. Estnischer Antifaschisten wird ohnehin nur noch im russischen Welikije Luki gedacht. In Estland\u00a0sollen auf Beschluss der Regierung s\u00e4mtliche sowjetische\u00a0Denkm\u00e4ler in dem baltischen EU- und NATO-Land\u00a0demontiert oder [&hellip;]<\/p>\n","protected":false},"author":3,"featured_media":16118,"comment_status":"open","ping_status":"open","sticky":false,"template":"","format":"standard","meta":{"wp_automatic_camp":["217"],"134f48ab8f856624318fd5f443343eae":["Estlands Regierung will alle sowjetischen Denkm\u00e4ler demontieren"],"original_link":["https:\/\/de.rt.com\/europa\/145320-estlands-regierung-will-alle-sowjetischen\/"],"_thumbnail_id":["16118"],"_wptg_p2tg_sent2tg":["2022-08-04 22:35:29"],"jnews_social_counter_last_update":["1777360711"]},"categories":[19,23],"tags":[271,30321,30320,30319,46,2113],"yoast_head":"<!-- This site is optimized with the Yoast SEO Premium plugin v22.7 (Yoast SEO v22.7) - https:\/\/yoast.com\/wordpress\/plugins\/seo\/ -->\n<title>Estlands Regierung will alle sowjetischen Denkm\u00e4ler demontieren - just-now.NEWS Deutschland<\/title>\n<meta name=\"robots\" content=\"index, follow, max-snippet:-1, max-image-preview:large, max-video-preview:-1\" \/>\n<link rel=\"canonical\" href=\"https:\/\/now-news.de\/de\/deutschland\/estlands-regierung-will-alle-sowjetischen-denkmaeler-demontieren\/\" \/>\n<meta property=\"og:locale\" content=\"de_DE\" \/>\n<meta property=\"og:type\" content=\"article\" \/>\n<meta property=\"og:title\" content=\"Estlands Regierung will alle sowjetischen Denkm\u00e4ler demontieren\" \/>\n<meta property=\"og:description\" content=\"Die estnische Regierung hat entschieden, alle sowjetischen Denkm\u00e4ler, die im Land noch an den Zweiten Weltkrieg erinnern, zu demontieren. Konflikte mit der russischen Minderheit im Land sind da vorprogrammiert. Estnischer Antifaschisten wird ohnehin nur noch im russischen Welikije Luki gedacht. In Estland\u00a0sollen auf Beschluss der Regierung s\u00e4mtliche sowjetische\u00a0Denkm\u00e4ler in dem baltischen EU- und NATO-Land\u00a0demontiert oder [&hellip;]\" \/>\n<meta property=\"og:url\" content=\"https:\/\/now-news.de\/de\/deutschland\/estlands-regierung-will-alle-sowjetischen-denkmaeler-demontieren\/\" \/>\n<meta property=\"og:site_name\" content=\"just-now.NEWS Deutschland\" \/>\n<meta property=\"article:publisher\" content=\"https:\/\/www.facebook.com\/wirmachenauf\" \/>\n<meta property=\"article:published_time\" content=\"2022-08-04T20:21:39+00:00\" \/>\n<meta property=\"og:image\" content=\"https:\/\/now-news.de\/de\/wp-content\/uploads\/sites\/3\/2022\/08\/Estlands-Regierung-will-alle-sowjetischen-Denkmaeler-demontieren.jpg\" \/>\n\t<meta property=\"og:image:width\" content=\"710\" \/>\n\t<meta property=\"og:image:height\" content=\"1080\" \/>\n\t<meta property=\"og:image:type\" content=\"image\/jpeg\" \/>\n<meta name=\"author\" content=\"rtnews\" \/>\n<meta name=\"twitter:card\" content=\"summary_large_image\" \/>\n<meta name=\"twitter:creator\" content=\"@WirMachenAuf_de\" \/>\n<meta name=\"twitter:site\" content=\"@WirMachenAuf_de\" \/>\n<meta name=\"twitter:label1\" content=\"Verfasst von\" \/>\n\t<meta name=\"twitter:data1\" content=\"rtnews\" \/>\n\t<meta name=\"twitter:label2\" content=\"Gesch\u00e4tzte Lesezeit\" \/>\n\t<meta name=\"twitter:data2\" content=\"3\u00a0Minuten\" \/>\n<script type=\"application\/ld+json\" class=\"yoast-schema-graph\">{\"@context\":\"https:\/\/schema.org\",\"@graph\":[{\"@type\":\"Article\",\"@id\":\"https:\/\/now-news.de\/de\/deutschland\/estlands-regierung-will-alle-sowjetischen-denkmaeler-demontieren\/#article\",\"isPartOf\":{\"@id\":\"https:\/\/now-news.de\/de\/deutschland\/estlands-regierung-will-alle-sowjetischen-denkmaeler-demontieren\/\"},\"author\":{\"name\":\"rtnews\",\"@id\":\"https:\/\/now-news.de\/de\/#\/schema\/person\/fb534a4e865501d8b3285208df34a9b5\"},\"headline\":\"Estlands Regierung will alle sowjetischen Denkm\u00e4ler demontieren\",\"datePublished\":\"2022-08-04T20:21:39+00:00\",\"dateModified\":\"2022-08-04T20:21:39+00:00\",\"mainEntityOfPage\":{\"@id\":\"https:\/\/now-news.de\/de\/deutschland\/estlands-regierung-will-alle-sowjetischen-denkmaeler-demontieren\/\"},\"wordCount\":530,\"commentCount\":0,\"publisher\":{\"@id\":\"https:\/\/now-news.de\/de\/#organization\"},\"image\":{\"@id\":\"https:\/\/now-news.de\/de\/deutschland\/estlands-regierung-will-alle-sowjetischen-denkmaeler-demontieren\/#primaryimage\"},\"thumbnailUrl\":\"https:\/\/now-news.de\/de\/wp-content\/uploads\/sites\/3\/2022\/08\/Estlands-Regierung-will-alle-sowjetischen-Denkmaeler-demontieren.jpg\",\"keywords\":[\"ALLE\",\"demontieren\",\"Denkm\u00e4ler\",\"Estlands\",\"Regierung\",\"sowjetischen\"],\"articleSection\":[\"Deutschland\",\"Russland\"],\"inLanguage\":\"de\",\"potentialAction\":[{\"@type\":\"CommentAction\",\"name\":\"Comment\",\"target\":[\"https:\/\/now-news.de\/de\/deutschland\/estlands-regierung-will-alle-sowjetischen-denkmaeler-demontieren\/#respond\"]}]},{\"@type\":\"WebPage\",\"@id\":\"https:\/\/now-news.de\/de\/deutschland\/estlands-regierung-will-alle-sowjetischen-denkmaeler-demontieren\/\",\"url\":\"https:\/\/now-news.de\/de\/deutschland\/estlands-regierung-will-alle-sowjetischen-denkmaeler-demontieren\/\",\"name\":\"Estlands Regierung will alle sowjetischen Denkm\u00e4ler demontieren - just-now.NEWS Deutschland\",\"isPartOf\":{\"@id\":\"https:\/\/now-news.de\/de\/#website\"},\"primaryImageOfPage\":{\"@id\":\"https:\/\/now-news.de\/de\/deutschland\/estlands-regierung-will-alle-sowjetischen-denkmaeler-demontieren\/#primaryimage\"},\"image\":{\"@id\":\"https:\/\/now-news.de\/de\/deutschland\/estlands-regierung-will-alle-sowjetischen-denkmaeler-demontieren\/#primaryimage\"},\"thumbnailUrl\":\"https:\/\/now-news.de\/de\/wp-content\/uploads\/sites\/3\/2022\/08\/Estlands-Regierung-will-alle-sowjetischen-Denkmaeler-demontieren.jpg\",\"datePublished\":\"2022-08-04T20:21:39+00:00\",\"dateModified\":\"2022-08-04T20:21:39+00:00\",\"breadcrumb\":{\"@id\":\"https:\/\/now-news.de\/de\/deutschland\/estlands-regierung-will-alle-sowjetischen-denkmaeler-demontieren\/#breadcrumb\"},\"inLanguage\":\"de\",\"potentialAction\":[{\"@type\":\"ReadAction\",\"target\":[\"https:\/\/now-news.de\/de\/deutschland\/estlands-regierung-will-alle-sowjetischen-denkmaeler-demontieren\/\"]}]},{\"@type\":\"ImageObject\",\"inLanguage\":\"de\",\"@id\":\"https:\/\/now-news.de\/de\/deutschland\/estlands-regierung-will-alle-sowjetischen-denkmaeler-demontieren\/#primaryimage\",\"url\":\"https:\/\/now-news.de\/de\/wp-content\/uploads\/sites\/3\/2022\/08\/Estlands-Regierung-will-alle-sowjetischen-Denkmaeler-demontieren.jpg\",\"contentUrl\":\"https:\/\/now-news.de\/de\/wp-content\/uploads\/sites\/3\/2022\/08\/Estlands-Regierung-will-alle-sowjetischen-Denkmaeler-demontieren.jpg\",\"width\":710,\"height\":1080,\"caption\":\"Estlands Regierung will alle sowjetischen Denkm\u00e4ler demontieren\"},{\"@type\":\"BreadcrumbList\",\"@id\":\"https:\/\/now-news.de\/de\/deutschland\/estlands-regierung-will-alle-sowjetischen-denkmaeler-demontieren\/#breadcrumb\",\"itemListElement\":[{\"@type\":\"ListItem\",\"position\":1,\"name\":\"Home\",\"item\":\"https:\/\/now-news.de\/de\/\"},{\"@type\":\"ListItem\",\"position\":2,\"name\":\"Estlands Regierung will alle sowjetischen Denkm\u00e4ler demontieren\"}]},{\"@type\":\"WebSite\",\"@id\":\"https:\/\/now-news.de\/de\/#website\",\"url\":\"https:\/\/now-news.de\/de\/\",\"name\":\"just-now.NEWS Deutschland\",\"description\":\"Das Portal f\u00fcr unzensierte Nachrichten aus der Welt\",\"publisher\":{\"@id\":\"https:\/\/now-news.de\/de\/#organization\"},\"potentialAction\":[{\"@type\":\"SearchAction\",\"target\":{\"@type\":\"EntryPoint\",\"urlTemplate\":\"https:\/\/now-news.de\/de\/?s={search_term_string}\"},\"query-input\":\"required name=search_term_string\"}],\"inLanguage\":\"de\"},{\"@type\":\"Organization\",\"@id\":\"https:\/\/now-news.de\/de\/#organization\",\"name\":\"Just Now News\",\"url\":\"https:\/\/now-news.de\/de\/\",\"logo\":{\"@type\":\"ImageObject\",\"inLanguage\":\"de\",\"@id\":\"https:\/\/now-news.de\/de\/#\/schema\/logo\/image\/\",\"url\":\"http:\/\/just-now.news\/de\/wp-content\/uploads\/sites\/3\/2022\/04\/logo500x500.jpg\",\"contentUrl\":\"http:\/\/just-now.news\/de\/wp-content\/uploads\/sites\/3\/2022\/04\/logo500x500.jpg\",\"width\":500,\"height\":500,\"caption\":\"Just Now News\"},\"image\":{\"@id\":\"https:\/\/now-news.de\/de\/#\/schema\/logo\/image\/\"},\"sameAs\":[\"https:\/\/www.facebook.com\/wirmachenauf\",\"https:\/\/x.com\/WirMachenAuf_de\"]},{\"@type\":\"Person\",\"@id\":\"https:\/\/now-news.de\/de\/#\/schema\/person\/fb534a4e865501d8b3285208df34a9b5\",\"name\":\"rtnews\",\"image\":{\"@type\":\"ImageObject\",\"inLanguage\":\"de\",\"@id\":\"https:\/\/now-news.de\/de\/#\/schema\/person\/image\/\",\"url\":\"https:\/\/secure.gravatar.com\/avatar\/82aafea7d8127119dd649515f56e2117?s=96&d=mm&r=g\",\"contentUrl\":\"https:\/\/secure.gravatar.com\/avatar\/82aafea7d8127119dd649515f56e2117?s=96&d=mm&r=g\",\"caption\":\"rtnews\"},\"url\":\"https:\/\/now-news.de\/de\/author\/rnews\/\"}]}<\/script>\n<!-- \/ Yoast SEO Premium plugin. -->","yoast_head_json":{"title":"Estlands Regierung will alle sowjetischen Denkm\u00e4ler demontieren - just-now.NEWS Deutschland","robots":{"index":"index","follow":"follow","max-snippet":"max-snippet:-1","max-image-preview":"max-image-preview:large","max-video-preview":"max-video-preview:-1"},"canonical":"https:\/\/now-news.de\/de\/deutschland\/estlands-regierung-will-alle-sowjetischen-denkmaeler-demontieren\/","og_locale":"de_DE","og_type":"article","og_title":"Estlands Regierung will alle sowjetischen Denkm\u00e4ler demontieren","og_description":"Die estnische Regierung hat entschieden, alle sowjetischen Denkm\u00e4ler, die im Land noch an den Zweiten Weltkrieg erinnern, zu demontieren. Konflikte mit der russischen Minderheit im Land sind da vorprogrammiert. Estnischer Antifaschisten wird ohnehin nur noch im russischen Welikije Luki gedacht. In Estland\u00a0sollen auf Beschluss der Regierung s\u00e4mtliche sowjetische\u00a0Denkm\u00e4ler in dem baltischen EU- und NATO-Land\u00a0demontiert oder [&hellip;]","og_url":"https:\/\/now-news.de\/de\/deutschland\/estlands-regierung-will-alle-sowjetischen-denkmaeler-demontieren\/","og_site_name":"just-now.NEWS Deutschland","article_publisher":"https:\/\/www.facebook.com\/wirmachenauf","article_published_time":"2022-08-04T20:21:39+00:00","og_image":[{"width":710,"height":1080,"url":"https:\/\/now-news.de\/de\/wp-content\/uploads\/sites\/3\/2022\/08\/Estlands-Regierung-will-alle-sowjetischen-Denkmaeler-demontieren.jpg","type":"image\/jpeg"}],"author":"rtnews","twitter_card":"summary_large_image","twitter_creator":"@WirMachenAuf_de","twitter_site":"@WirMachenAuf_de","twitter_misc":{"Verfasst von":"rtnews","Gesch\u00e4tzte Lesezeit":"3\u00a0Minuten"},"schema":{"@context":"https:\/\/schema.org","@graph":[{"@type":"Article","@id":"https:\/\/now-news.de\/de\/deutschland\/estlands-regierung-will-alle-sowjetischen-denkmaeler-demontieren\/#article","isPartOf":{"@id":"https:\/\/now-news.de\/de\/deutschland\/estlands-regierung-will-alle-sowjetischen-denkmaeler-demontieren\/"},"author":{"name":"rtnews","@id":"https:\/\/now-news.de\/de\/#\/schema\/person\/fb534a4e865501d8b3285208df34a9b5"},"headline":"Estlands Regierung will alle sowjetischen Denkm\u00e4ler demontieren","datePublished":"2022-08-04T20:21:39+00:00","dateModified":"2022-08-04T20:21:39+00:00","mainEntityOfPage":{"@id":"https:\/\/now-news.de\/de\/deutschland\/estlands-regierung-will-alle-sowjetischen-denkmaeler-demontieren\/"},"wordCount":530,"commentCount":0,"publisher":{"@id":"https:\/\/now-news.de\/de\/#organization"},"image":{"@id":"https:\/\/now-news.de\/de\/deutschland\/estlands-regierung-will-alle-sowjetischen-denkmaeler-demontieren\/#primaryimage"},"thumbnailUrl":"https:\/\/now-news.de\/de\/wp-content\/uploads\/sites\/3\/2022\/08\/Estlands-Regierung-will-alle-sowjetischen-Denkmaeler-demontieren.jpg","keywords":["ALLE","demontieren","Denkm\u00e4ler","Estlands","Regierung","sowjetischen"],"articleSection":["Deutschland","Russland"],"inLanguage":"de","potentialAction":[{"@type":"CommentAction","name":"Comment","target":["https:\/\/now-news.de\/de\/deutschland\/estlands-regierung-will-alle-sowjetischen-denkmaeler-demontieren\/#respond"]}]},{"@type":"WebPage","@id":"https:\/\/now-news.de\/de\/deutschland\/estlands-regierung-will-alle-sowjetischen-denkmaeler-demontieren\/","url":"https:\/\/now-news.de\/de\/deutschland\/estlands-regierung-will-alle-sowjetischen-denkmaeler-demontieren\/","name":"Estlands Regierung will alle sowjetischen Denkm\u00e4ler demontieren - just-now.NEWS Deutschland","isPartOf":{"@id":"https:\/\/now-news.de\/de\/#website"},"primaryImageOfPage":{"@id":"https:\/\/now-news.de\/de\/deutschland\/estlands-regierung-will-alle-sowjetischen-denkmaeler-demontieren\/#primaryimage"},"image":{"@id":"https:\/\/now-news.de\/de\/deutschland\/estlands-regierung-will-alle-sowjetischen-denkmaeler-demontieren\/#primaryimage"},"thumbnailUrl":"https:\/\/now-news.de\/de\/wp-content\/uploads\/sites\/3\/2022\/08\/Estlands-Regierung-will-alle-sowjetischen-Denkmaeler-demontieren.jpg","datePublished":"2022-08-04T20:21:39+00:00","dateModified":"2022-08-04T20:21:39+00:00","breadcrumb":{"@id":"https:\/\/now-news.de\/de\/deutschland\/estlands-regierung-will-alle-sowjetischen-denkmaeler-demontieren\/#breadcrumb"},"inLanguage":"de","potentialAction":[{"@type":"ReadAction","target":["https:\/\/now-news.de\/de\/deutschland\/estlands-regierung-will-alle-sowjetischen-denkmaeler-demontieren\/"]}]},{"@type":"ImageObject","inLanguage":"de","@id":"https:\/\/now-news.de\/de\/deutschland\/estlands-regierung-will-alle-sowjetischen-denkmaeler-demontieren\/#primaryimage","url":"https:\/\/now-news.de\/de\/wp-content\/uploads\/sites\/3\/2022\/08\/Estlands-Regierung-will-alle-sowjetischen-Denkmaeler-demontieren.jpg","contentUrl":"https:\/\/now-news.de\/de\/wp-content\/uploads\/sites\/3\/2022\/08\/Estlands-Regierung-will-alle-sowjetischen-Denkmaeler-demontieren.jpg","width":710,"height":1080,"caption":"Estlands Regierung will alle sowjetischen Denkm\u00e4ler demontieren"},{"@type":"BreadcrumbList","@id":"https:\/\/now-news.de\/de\/deutschland\/estlands-regierung-will-alle-sowjetischen-denkmaeler-demontieren\/#breadcrumb","itemListElement":[{"@type":"ListItem","position":1,"name":"Home","item":"https:\/\/now-news.de\/de\/"},{"@type":"ListItem","position":2,"name":"Estlands Regierung will alle sowjetischen Denkm\u00e4ler demontieren"}]},{"@type":"WebSite","@id":"https:\/\/now-news.de\/de\/#website","url":"https:\/\/now-news.de\/de\/","name":"just-now.NEWS Deutschland","description":"Das Portal f\u00fcr unzensierte Nachrichten aus der Welt","publisher":{"@id":"https:\/\/now-news.de\/de\/#organization"},"potentialAction":[{"@type":"SearchAction","target":{"@type":"EntryPoint","urlTemplate":"https:\/\/now-news.de\/de\/?s={search_term_string}"},"query-input":"required name=search_term_string"}],"inLanguage":"de"},{"@type":"Organization","@id":"https:\/\/now-news.de\/de\/#organization","name":"Just Now News","url":"https:\/\/now-news.de\/de\/","logo":{"@type":"ImageObject","inLanguage":"de","@id":"https:\/\/now-news.de\/de\/#\/schema\/logo\/image\/","url":"http:\/\/just-now.news\/de\/wp-content\/uploads\/sites\/3\/2022\/04\/logo500x500.jpg","contentUrl":"http:\/\/just-now.news\/de\/wp-content\/uploads\/sites\/3\/2022\/04\/logo500x500.jpg","width":500,"height":500,"caption":"Just Now News"},"image":{"@id":"https:\/\/now-news.de\/de\/#\/schema\/logo\/image\/"},"sameAs":["https:\/\/www.facebook.com\/wirmachenauf","https:\/\/x.com\/WirMachenAuf_de"]},{"@type":"Person","@id":"https:\/\/now-news.de\/de\/#\/schema\/person\/fb534a4e865501d8b3285208df34a9b5","name":"rtnews","image":{"@type":"ImageObject","inLanguage":"de","@id":"https:\/\/now-news.de\/de\/#\/schema\/person\/image\/","url":"https:\/\/secure.gravatar.com\/avatar\/82aafea7d8127119dd649515f56e2117?s=96&d=mm&r=g","contentUrl":"https:\/\/secure.gravatar.com\/avatar\/82aafea7d8127119dd649515f56e2117?s=96&d=mm&r=g","caption":"rtnews"},"url":"https:\/\/now-news.de\/de\/author\/rnews\/"}]}},"_links":{"self":[{"href":"https:\/\/now-news.de\/de\/wp-json\/wp\/v2\/posts\/16117"}],"collection":[{"href":"https:\/\/now-news.de\/de\/wp-json\/wp\/v2\/posts"}],"about":[{"href":"https:\/\/now-news.de\/de\/wp-json\/wp\/v2\/types\/post"}],"author":[{"embeddable":true,"href":"https:\/\/now-news.de\/de\/wp-json\/wp\/v2\/users\/3"}],"replies":[{"embeddable":true,"href":"https:\/\/now-news.de\/de\/wp-json\/wp\/v2\/comments?post=16117"}],"version-history":[{"count":0,"href":"https:\/\/now-news.de\/de\/wp-json\/wp\/v2\/posts\/16117\/revisions"}],"wp:featuredmedia":[{"embeddable":true,"href":"https:\/\/now-news.de\/de\/wp-json\/wp\/v2\/media\/16118"}],"wp:attachment":[{"href":"https:\/\/now-news.de\/de\/wp-json\/wp\/v2\/media?parent=16117"}],"wp:term":[{"taxonomy":"category","embeddable":true,"href":"https:\/\/now-news.de\/de\/wp-json\/wp\/v2\/categories?post=16117"},{"taxonomy":"post_tag","embeddable":true,"href":"https:\/\/now-news.de\/de\/wp-json\/wp\/v2\/tags?post=16117"}],"curies":[{"name":"wp","href":"https:\/\/api.w.org\/{rel}","templated":true}]}}