{"id":16115,"date":"2022-08-04T22:02:45","date_gmt":"2022-08-04T20:02:45","guid":{"rendered":"http:\/\/just-now.news\/de\/deutschland\/kreml-reagiert-auf-anschuldigungen-von-siemens-brauchen-rechtskraeftige-belege-nicht-worte-allein\/"},"modified":"2022-08-04T22:02:45","modified_gmt":"2022-08-04T20:02:45","slug":"kreml-reagiert-auf-anschuldigungen-von-siemens-brauchen-rechtskraeftige-belege-nicht-worte-allein","status":"publish","type":"post","link":"https:\/\/now-news.de\/de\/deutschland\/kreml-reagiert-auf-anschuldigungen-von-siemens-brauchen-rechtskraeftige-belege-nicht-worte-allein\/","title":{"rendered":"Kreml reagiert auf Anschuldigungen von Siemens: Brauchen rechtskr\u00e4ftige Belege, nicht Worte allein"},"content":{"rendered":"<p><img decoding=\"async\" src=\"http:\/\/just-now.news\/de\/wp-content\/uploads\/sites\/3\/2022\/08\/62ebdca0b480cc76b9354ec9.jpg\" \/><\/p>\n<p>Moskau hat die Behauptungen von Siemens Energy zur\u00fcckgewiesen, wonach der russische Energieriese Gazprom Vorw\u00e4nde erfinde, um die Gas-Turbine f\u00fcr die Pipeline Nord Stream 1 nicht nach Russland zu transportieren. Kremlsprecher Dmitri Peskow sagte am Donnerstag:<\/p>\n<blockquote>\n<p><em>&#8220;Gazprom w\u00fcrde die Turbine wirklich gerne bekommen. Aber schlie\u00dflich war es nicht Gazprom, das die Sanktionen verh\u00e4ngt hat. In diesem Fall ist es f\u00fcr Gazprom wichtig, rechtliche Unterlagen zu erhalten, die besagen, dass die Turbine nicht unter Sanktionen f\u00e4llt. In diesem Fall reichen Worte allein absolut nicht aus.&#8221;<\/em><\/p>\n<\/blockquote>\n<p>Der Sprecher wies darauf hin, dass es neben der EU auch noch das Vereinigte K\u00f6nigreich gibt. Die Wartung und Instandhaltung dieser Turbinen w\u00fcrden von einer britischen Tochtergesellschaft von Siemens nach britischem Recht und unter britischer Gerichtsbarkeit durchgef\u00fchrt. Aufgrund aller gegen Gazprom verh\u00e4ngten Sanktionen m\u00fcsse sich\u00a0das Unternehmen absichern, so Peskow. \u00a0<\/p>\n<p>Zuvor hatte Siemens Energy Gazprom vorgeworfen, Vorw\u00e4nde zu erfinden, um den Transport der Turbine von Deutschland nach Russland zu verhindern.<\/p>\n<\/p>\n<p>&#8220;Alles, was man dazu sagen kann, ist gesagt worden. Sogar der deutsche Bundeskanzler war gestern da und hat eine Rede gehalten. Da gibt es nichts mehr zu sagen. Es gibt keine EU-Sanktionen gegen die Turbine, das ist einfach nicht wahr&#8221;, zitierte die russische Wirtschaftszeitung <em>RBC<\/em> einen Vertreter von Siemens Energy. Er behauptete, dass Russland t\u00e4glich neue Gr\u00fcnde anf\u00fchre, warum es die Turbine nicht akzeptieren k\u00f6nne.<\/p>\n<p>Am Mittwoch hatte Gazprom westliche Sanktionen daf\u00fcr verantwortlich gemacht, dass die Turbine, die f\u00fcr die Erh\u00f6hung der Gaslieferungen nach Deutschland ben\u00f6tigt wird, nicht geliefert werden kann.\u00a0&#8220;Die Sanktionsregelungen Kanadas, der EU und Gro\u00dfbritanniens sowie die Unvereinbarkeit der aktuellen Lage mit den vertraglichen Verpflichtungen von Siemens machen die Lieferung der Turbine 073 an die Verdichterstation Portowaja unm\u00f6glich&#8221;, schrieb Gazprom in einer Erkl\u00e4rung.<\/p>\n<p>Bundeskanzler Olaf Scholz hatte Russland ebenso vorgeworfen, Vorw\u00e4nde f\u00fcr die ausbleibenden Gaslieferungen zu nutzen. Die Turbine sei in perfektem Zustand, jederzeit einsetzbar und k\u00f6nne geliefert werden, sagte er am Mittwoch bei einem Besuch des Energietechnik-Konzerns\u00a0Siemens\u00a0Energy in M\u00fclheim an der Ruhr. Dort wird die Maschine derzeit zwischengelagert. \u00a0<\/p>\n<p>Ende Juli hatte Gazprom zwar best\u00e4tigt, Unterlagen f\u00fcr die Turbine von Siemens erhalten\u00a0zu haben. Nach Angaben des russischen Unternehmens seien in den Dokumenten aber einige durch die Sanktionen aufgeworfenen Fragen nicht gekl\u00e4rt worden.<\/p>\n<\/p>\n<p><strong>Mehr zum Thema<\/strong> &#8211; <a rel=\"nofollow noopener\" target=\"_blank\" href=\"https:\/\/de.rt.com\/wirtschaft\/145282-medienbericht-siemens-bezichtigt-gazprom-luege\/\">Medienbericht: Siemens bezichtigt Gazprom der L\u00fcge<\/a><\/p>\n<p><br \/>\n<br \/><a href=\"https:\/\/de.rt.com\/international\/145308-kreml-reagiert-auf-anschuldigungen-von\/\">Source link <\/a><\/p>\n","protected":false},"excerpt":{"rendered":"<p>Moskau hat die Behauptungen von Siemens Energy zur\u00fcckgewiesen, wonach der russische Energieriese Gazprom Vorw\u00e4nde erfinde, um die Gas-Turbine f\u00fcr die Pipeline Nord Stream 1 nicht nach Russland zu transportieren. Kremlsprecher Dmitri Peskow sagte am Donnerstag: &#8220;Gazprom w\u00fcrde die Turbine wirklich gerne bekommen. Aber schlie\u00dflich war es nicht Gazprom, das die Sanktionen verh\u00e4ngt hat. In diesem [&hellip;]<\/p>\n","protected":false},"author":3,"featured_media":16116,"comment_status":"open","ping_status":"open","sticky":false,"template":"","format":"standard","meta":{"wp_automatic_camp":["217"],"7344fc125ff66a54407a0c654a70303c":["Kreml reagiert auf Anschuldigungen von Siemens: Brauchen rechtskr\u00e4ftige Belege, nicht Worte allein"],"original_link":["https:\/\/de.rt.com\/international\/145308-kreml-reagiert-auf-anschuldigungen-von\/"],"_thumbnail_id":["16116"],"_wptg_p2tg_sent2tg":["2022-08-04 22:19:07"],"jnews_social_counter_last_update":["1777571120"]},"categories":[19,23],"tags":[21330,21119,133,30318,16210,6312,800,281,30317,19902,50,6314],"yoast_head":"<!-- This site is optimized with the Yoast SEO Premium plugin v22.7 (Yoast SEO v22.7) - https:\/\/yoast.com\/wordpress\/plugins\/seo\/ -->\n<title>Kreml reagiert auf Anschuldigungen von Siemens: Brauchen rechtskr\u00e4ftige Belege, nicht Worte allein - just-now.NEWS Deutschland<\/title>\n<meta name=\"robots\" content=\"index, follow, max-snippet:-1, max-image-preview:large, max-video-preview:-1\" \/>\n<link rel=\"canonical\" href=\"https:\/\/now-news.de\/de\/deutschland\/kreml-reagiert-auf-anschuldigungen-von-siemens-brauchen-rechtskraeftige-belege-nicht-worte-allein\/\" \/>\n<meta property=\"og:locale\" content=\"de_DE\" \/>\n<meta property=\"og:type\" content=\"article\" \/>\n<meta property=\"og:title\" content=\"Kreml reagiert auf Anschuldigungen von Siemens: Brauchen rechtskr\u00e4ftige Belege, nicht Worte allein\" \/>\n<meta property=\"og:description\" content=\"Moskau hat die Behauptungen von Siemens Energy zur\u00fcckgewiesen, wonach der russische Energieriese Gazprom Vorw\u00e4nde erfinde, um die Gas-Turbine f\u00fcr die Pipeline Nord Stream 1 nicht nach Russland zu transportieren. Kremlsprecher Dmitri Peskow sagte am Donnerstag: &#8220;Gazprom w\u00fcrde die Turbine wirklich gerne bekommen. Aber schlie\u00dflich war es nicht Gazprom, das die Sanktionen verh\u00e4ngt hat. In diesem [&hellip;]\" \/>\n<meta property=\"og:url\" content=\"https:\/\/now-news.de\/de\/deutschland\/kreml-reagiert-auf-anschuldigungen-von-siemens-brauchen-rechtskraeftige-belege-nicht-worte-allein\/\" \/>\n<meta property=\"og:site_name\" content=\"just-now.NEWS Deutschland\" \/>\n<meta property=\"article:publisher\" content=\"https:\/\/www.facebook.com\/wirmachenauf\" \/>\n<meta property=\"article:published_time\" content=\"2022-08-04T20:02:45+00:00\" \/>\n<meta property=\"og:image\" content=\"https:\/\/now-news.de\/de\/wp-content\/uploads\/sites\/3\/2022\/08\/Kreml-reagiert-auf-Anschuldigungen-von-Siemens-Brauchen-rechtskraeftige-Belege-nicht.jpg\" \/>\n\t<meta property=\"og:image:width\" content=\"460\" \/>\n\t<meta property=\"og:image:height\" content=\"259\" \/>\n\t<meta property=\"og:image:type\" content=\"image\/jpeg\" \/>\n<meta name=\"author\" content=\"rtnews\" \/>\n<meta name=\"twitter:card\" content=\"summary_large_image\" \/>\n<meta name=\"twitter:creator\" content=\"@WirMachenAuf_de\" \/>\n<meta name=\"twitter:site\" content=\"@WirMachenAuf_de\" \/>\n<meta name=\"twitter:label1\" content=\"Verfasst von\" \/>\n\t<meta name=\"twitter:data1\" content=\"rtnews\" \/>\n\t<meta name=\"twitter:label2\" content=\"Gesch\u00e4tzte Lesezeit\" \/>\n\t<meta name=\"twitter:data2\" content=\"2\u00a0Minuten\" \/>\n<script type=\"application\/ld+json\" class=\"yoast-schema-graph\">{\"@context\":\"https:\/\/schema.org\",\"@graph\":[{\"@type\":\"Article\",\"@id\":\"https:\/\/now-news.de\/de\/deutschland\/kreml-reagiert-auf-anschuldigungen-von-siemens-brauchen-rechtskraeftige-belege-nicht-worte-allein\/#article\",\"isPartOf\":{\"@id\":\"https:\/\/now-news.de\/de\/deutschland\/kreml-reagiert-auf-anschuldigungen-von-siemens-brauchen-rechtskraeftige-belege-nicht-worte-allein\/\"},\"author\":{\"name\":\"rtnews\",\"@id\":\"https:\/\/now-news.de\/de\/#\/schema\/person\/fb534a4e865501d8b3285208df34a9b5\"},\"headline\":\"Kreml reagiert auf Anschuldigungen von Siemens: Brauchen rechtskr\u00e4ftige Belege, nicht Worte allein\",\"datePublished\":\"2022-08-04T20:02:45+00:00\",\"dateModified\":\"2022-08-04T20:02:45+00:00\",\"mainEntityOfPage\":{\"@id\":\"https:\/\/now-news.de\/de\/deutschland\/kreml-reagiert-auf-anschuldigungen-von-siemens-brauchen-rechtskraeftige-belege-nicht-worte-allein\/\"},\"wordCount\":418,\"commentCount\":0,\"publisher\":{\"@id\":\"https:\/\/now-news.de\/de\/#organization\"},\"image\":{\"@id\":\"https:\/\/now-news.de\/de\/deutschland\/kreml-reagiert-auf-anschuldigungen-von-siemens-brauchen-rechtskraeftige-belege-nicht-worte-allein\/#primaryimage\"},\"thumbnailUrl\":\"https:\/\/now-news.de\/de\/wp-content\/uploads\/sites\/3\/2022\/08\/Kreml-reagiert-auf-Anschuldigungen-von-Siemens-Brauchen-rechtskraeftige-Belege-nicht.jpg\",\"keywords\":[\"allein\",\"Anschuldigungen\",\"AUF\",\"Belege\",\"BRAUCHEN\",\"Kreml\",\"nicht\",\"reagiert\",\"rechtskr\u00e4ftige\",\"Siemens\",\"von\",\"Worte\"],\"articleSection\":[\"Deutschland\",\"Russland\"],\"inLanguage\":\"de\",\"potentialAction\":[{\"@type\":\"CommentAction\",\"name\":\"Comment\",\"target\":[\"https:\/\/now-news.de\/de\/deutschland\/kreml-reagiert-auf-anschuldigungen-von-siemens-brauchen-rechtskraeftige-belege-nicht-worte-allein\/#respond\"]}]},{\"@type\":\"WebPage\",\"@id\":\"https:\/\/now-news.de\/de\/deutschland\/kreml-reagiert-auf-anschuldigungen-von-siemens-brauchen-rechtskraeftige-belege-nicht-worte-allein\/\",\"url\":\"https:\/\/now-news.de\/de\/deutschland\/kreml-reagiert-auf-anschuldigungen-von-siemens-brauchen-rechtskraeftige-belege-nicht-worte-allein\/\",\"name\":\"Kreml reagiert auf Anschuldigungen von Siemens: Brauchen rechtskr\u00e4ftige Belege, nicht Worte allein - just-now.NEWS Deutschland\",\"isPartOf\":{\"@id\":\"https:\/\/now-news.de\/de\/#website\"},\"primaryImageOfPage\":{\"@id\":\"https:\/\/now-news.de\/de\/deutschland\/kreml-reagiert-auf-anschuldigungen-von-siemens-brauchen-rechtskraeftige-belege-nicht-worte-allein\/#primaryimage\"},\"image\":{\"@id\":\"https:\/\/now-news.de\/de\/deutschland\/kreml-reagiert-auf-anschuldigungen-von-siemens-brauchen-rechtskraeftige-belege-nicht-worte-allein\/#primaryimage\"},\"thumbnailUrl\":\"https:\/\/now-news.de\/de\/wp-content\/uploads\/sites\/3\/2022\/08\/Kreml-reagiert-auf-Anschuldigungen-von-Siemens-Brauchen-rechtskraeftige-Belege-nicht.jpg\",\"datePublished\":\"2022-08-04T20:02:45+00:00\",\"dateModified\":\"2022-08-04T20:02:45+00:00\",\"breadcrumb\":{\"@id\":\"https:\/\/now-news.de\/de\/deutschland\/kreml-reagiert-auf-anschuldigungen-von-siemens-brauchen-rechtskraeftige-belege-nicht-worte-allein\/#breadcrumb\"},\"inLanguage\":\"de\",\"potentialAction\":[{\"@type\":\"ReadAction\",\"target\":[\"https:\/\/now-news.de\/de\/deutschland\/kreml-reagiert-auf-anschuldigungen-von-siemens-brauchen-rechtskraeftige-belege-nicht-worte-allein\/\"]}]},{\"@type\":\"ImageObject\",\"inLanguage\":\"de\",\"@id\":\"https:\/\/now-news.de\/de\/deutschland\/kreml-reagiert-auf-anschuldigungen-von-siemens-brauchen-rechtskraeftige-belege-nicht-worte-allein\/#primaryimage\",\"url\":\"https:\/\/now-news.de\/de\/wp-content\/uploads\/sites\/3\/2022\/08\/Kreml-reagiert-auf-Anschuldigungen-von-Siemens-Brauchen-rechtskraeftige-Belege-nicht.jpg\",\"contentUrl\":\"https:\/\/now-news.de\/de\/wp-content\/uploads\/sites\/3\/2022\/08\/Kreml-reagiert-auf-Anschuldigungen-von-Siemens-Brauchen-rechtskraeftige-Belege-nicht.jpg\",\"width\":460,\"height\":259,\"caption\":\"Kreml reagiert auf Anschuldigungen von Siemens: Brauchen rechtskr\u00e4ftige Belege, nicht Worte allein\"},{\"@type\":\"BreadcrumbList\",\"@id\":\"https:\/\/now-news.de\/de\/deutschland\/kreml-reagiert-auf-anschuldigungen-von-siemens-brauchen-rechtskraeftige-belege-nicht-worte-allein\/#breadcrumb\",\"itemListElement\":[{\"@type\":\"ListItem\",\"position\":1,\"name\":\"Home\",\"item\":\"https:\/\/now-news.de\/de\/\"},{\"@type\":\"ListItem\",\"position\":2,\"name\":\"Kreml reagiert auf Anschuldigungen von Siemens: Brauchen rechtskr\u00e4ftige Belege, nicht Worte allein\"}]},{\"@type\":\"WebSite\",\"@id\":\"https:\/\/now-news.de\/de\/#website\",\"url\":\"https:\/\/now-news.de\/de\/\",\"name\":\"just-now.NEWS Deutschland\",\"description\":\"Das Portal f\u00fcr unzensierte Nachrichten aus der Welt\",\"publisher\":{\"@id\":\"https:\/\/now-news.de\/de\/#organization\"},\"potentialAction\":[{\"@type\":\"SearchAction\",\"target\":{\"@type\":\"EntryPoint\",\"urlTemplate\":\"https:\/\/now-news.de\/de\/?s={search_term_string}\"},\"query-input\":\"required name=search_term_string\"}],\"inLanguage\":\"de\"},{\"@type\":\"Organization\",\"@id\":\"https:\/\/now-news.de\/de\/#organization\",\"name\":\"Just Now News\",\"url\":\"https:\/\/now-news.de\/de\/\",\"logo\":{\"@type\":\"ImageObject\",\"inLanguage\":\"de\",\"@id\":\"https:\/\/now-news.de\/de\/#\/schema\/logo\/image\/\",\"url\":\"http:\/\/just-now.news\/de\/wp-content\/uploads\/sites\/3\/2022\/04\/logo500x500.jpg\",\"contentUrl\":\"http:\/\/just-now.news\/de\/wp-content\/uploads\/sites\/3\/2022\/04\/logo500x500.jpg\",\"width\":500,\"height\":500,\"caption\":\"Just Now News\"},\"image\":{\"@id\":\"https:\/\/now-news.de\/de\/#\/schema\/logo\/image\/\"},\"sameAs\":[\"https:\/\/www.facebook.com\/wirmachenauf\",\"https:\/\/x.com\/WirMachenAuf_de\"]},{\"@type\":\"Person\",\"@id\":\"https:\/\/now-news.de\/de\/#\/schema\/person\/fb534a4e865501d8b3285208df34a9b5\",\"name\":\"rtnews\",\"image\":{\"@type\":\"ImageObject\",\"inLanguage\":\"de\",\"@id\":\"https:\/\/now-news.de\/de\/#\/schema\/person\/image\/\",\"url\":\"https:\/\/secure.gravatar.com\/avatar\/82aafea7d8127119dd649515f56e2117?s=96&d=mm&r=g\",\"contentUrl\":\"https:\/\/secure.gravatar.com\/avatar\/82aafea7d8127119dd649515f56e2117?s=96&d=mm&r=g\",\"caption\":\"rtnews\"},\"url\":\"https:\/\/now-news.de\/de\/author\/rnews\/\"}]}<\/script>\n<!-- \/ Yoast SEO Premium plugin. -->","yoast_head_json":{"title":"Kreml reagiert auf Anschuldigungen von Siemens: Brauchen rechtskr\u00e4ftige Belege, nicht Worte allein - just-now.NEWS Deutschland","robots":{"index":"index","follow":"follow","max-snippet":"max-snippet:-1","max-image-preview":"max-image-preview:large","max-video-preview":"max-video-preview:-1"},"canonical":"https:\/\/now-news.de\/de\/deutschland\/kreml-reagiert-auf-anschuldigungen-von-siemens-brauchen-rechtskraeftige-belege-nicht-worte-allein\/","og_locale":"de_DE","og_type":"article","og_title":"Kreml reagiert auf Anschuldigungen von Siemens: Brauchen rechtskr\u00e4ftige Belege, nicht Worte allein","og_description":"Moskau hat die Behauptungen von Siemens Energy zur\u00fcckgewiesen, wonach der russische Energieriese Gazprom Vorw\u00e4nde erfinde, um die Gas-Turbine f\u00fcr die Pipeline Nord Stream 1 nicht nach Russland zu transportieren. Kremlsprecher Dmitri Peskow sagte am Donnerstag: &#8220;Gazprom w\u00fcrde die Turbine wirklich gerne bekommen. Aber schlie\u00dflich war es nicht Gazprom, das die Sanktionen verh\u00e4ngt hat. In diesem [&hellip;]","og_url":"https:\/\/now-news.de\/de\/deutschland\/kreml-reagiert-auf-anschuldigungen-von-siemens-brauchen-rechtskraeftige-belege-nicht-worte-allein\/","og_site_name":"just-now.NEWS Deutschland","article_publisher":"https:\/\/www.facebook.com\/wirmachenauf","article_published_time":"2022-08-04T20:02:45+00:00","og_image":[{"width":460,"height":259,"url":"https:\/\/now-news.de\/de\/wp-content\/uploads\/sites\/3\/2022\/08\/Kreml-reagiert-auf-Anschuldigungen-von-Siemens-Brauchen-rechtskraeftige-Belege-nicht.jpg","type":"image\/jpeg"}],"author":"rtnews","twitter_card":"summary_large_image","twitter_creator":"@WirMachenAuf_de","twitter_site":"@WirMachenAuf_de","twitter_misc":{"Verfasst von":"rtnews","Gesch\u00e4tzte Lesezeit":"2\u00a0Minuten"},"schema":{"@context":"https:\/\/schema.org","@graph":[{"@type":"Article","@id":"https:\/\/now-news.de\/de\/deutschland\/kreml-reagiert-auf-anschuldigungen-von-siemens-brauchen-rechtskraeftige-belege-nicht-worte-allein\/#article","isPartOf":{"@id":"https:\/\/now-news.de\/de\/deutschland\/kreml-reagiert-auf-anschuldigungen-von-siemens-brauchen-rechtskraeftige-belege-nicht-worte-allein\/"},"author":{"name":"rtnews","@id":"https:\/\/now-news.de\/de\/#\/schema\/person\/fb534a4e865501d8b3285208df34a9b5"},"headline":"Kreml reagiert auf Anschuldigungen von Siemens: Brauchen rechtskr\u00e4ftige Belege, nicht Worte allein","datePublished":"2022-08-04T20:02:45+00:00","dateModified":"2022-08-04T20:02:45+00:00","mainEntityOfPage":{"@id":"https:\/\/now-news.de\/de\/deutschland\/kreml-reagiert-auf-anschuldigungen-von-siemens-brauchen-rechtskraeftige-belege-nicht-worte-allein\/"},"wordCount":418,"commentCount":0,"publisher":{"@id":"https:\/\/now-news.de\/de\/#organization"},"image":{"@id":"https:\/\/now-news.de\/de\/deutschland\/kreml-reagiert-auf-anschuldigungen-von-siemens-brauchen-rechtskraeftige-belege-nicht-worte-allein\/#primaryimage"},"thumbnailUrl":"https:\/\/now-news.de\/de\/wp-content\/uploads\/sites\/3\/2022\/08\/Kreml-reagiert-auf-Anschuldigungen-von-Siemens-Brauchen-rechtskraeftige-Belege-nicht.jpg","keywords":["allein","Anschuldigungen","AUF","Belege","BRAUCHEN","Kreml","nicht","reagiert","rechtskr\u00e4ftige","Siemens","von","Worte"],"articleSection":["Deutschland","Russland"],"inLanguage":"de","potentialAction":[{"@type":"CommentAction","name":"Comment","target":["https:\/\/now-news.de\/de\/deutschland\/kreml-reagiert-auf-anschuldigungen-von-siemens-brauchen-rechtskraeftige-belege-nicht-worte-allein\/#respond"]}]},{"@type":"WebPage","@id":"https:\/\/now-news.de\/de\/deutschland\/kreml-reagiert-auf-anschuldigungen-von-siemens-brauchen-rechtskraeftige-belege-nicht-worte-allein\/","url":"https:\/\/now-news.de\/de\/deutschland\/kreml-reagiert-auf-anschuldigungen-von-siemens-brauchen-rechtskraeftige-belege-nicht-worte-allein\/","name":"Kreml reagiert auf Anschuldigungen von Siemens: Brauchen rechtskr\u00e4ftige Belege, nicht Worte allein - just-now.NEWS Deutschland","isPartOf":{"@id":"https:\/\/now-news.de\/de\/#website"},"primaryImageOfPage":{"@id":"https:\/\/now-news.de\/de\/deutschland\/kreml-reagiert-auf-anschuldigungen-von-siemens-brauchen-rechtskraeftige-belege-nicht-worte-allein\/#primaryimage"},"image":{"@id":"https:\/\/now-news.de\/de\/deutschland\/kreml-reagiert-auf-anschuldigungen-von-siemens-brauchen-rechtskraeftige-belege-nicht-worte-allein\/#primaryimage"},"thumbnailUrl":"https:\/\/now-news.de\/de\/wp-content\/uploads\/sites\/3\/2022\/08\/Kreml-reagiert-auf-Anschuldigungen-von-Siemens-Brauchen-rechtskraeftige-Belege-nicht.jpg","datePublished":"2022-08-04T20:02:45+00:00","dateModified":"2022-08-04T20:02:45+00:00","breadcrumb":{"@id":"https:\/\/now-news.de\/de\/deutschland\/kreml-reagiert-auf-anschuldigungen-von-siemens-brauchen-rechtskraeftige-belege-nicht-worte-allein\/#breadcrumb"},"inLanguage":"de","potentialAction":[{"@type":"ReadAction","target":["https:\/\/now-news.de\/de\/deutschland\/kreml-reagiert-auf-anschuldigungen-von-siemens-brauchen-rechtskraeftige-belege-nicht-worte-allein\/"]}]},{"@type":"ImageObject","inLanguage":"de","@id":"https:\/\/now-news.de\/de\/deutschland\/kreml-reagiert-auf-anschuldigungen-von-siemens-brauchen-rechtskraeftige-belege-nicht-worte-allein\/#primaryimage","url":"https:\/\/now-news.de\/de\/wp-content\/uploads\/sites\/3\/2022\/08\/Kreml-reagiert-auf-Anschuldigungen-von-Siemens-Brauchen-rechtskraeftige-Belege-nicht.jpg","contentUrl":"https:\/\/now-news.de\/de\/wp-content\/uploads\/sites\/3\/2022\/08\/Kreml-reagiert-auf-Anschuldigungen-von-Siemens-Brauchen-rechtskraeftige-Belege-nicht.jpg","width":460,"height":259,"caption":"Kreml reagiert auf Anschuldigungen von Siemens: Brauchen rechtskr\u00e4ftige Belege, nicht Worte allein"},{"@type":"BreadcrumbList","@id":"https:\/\/now-news.de\/de\/deutschland\/kreml-reagiert-auf-anschuldigungen-von-siemens-brauchen-rechtskraeftige-belege-nicht-worte-allein\/#breadcrumb","itemListElement":[{"@type":"ListItem","position":1,"name":"Home","item":"https:\/\/now-news.de\/de\/"},{"@type":"ListItem","position":2,"name":"Kreml reagiert auf Anschuldigungen von Siemens: Brauchen rechtskr\u00e4ftige Belege, nicht Worte allein"}]},{"@type":"WebSite","@id":"https:\/\/now-news.de\/de\/#website","url":"https:\/\/now-news.de\/de\/","name":"just-now.NEWS Deutschland","description":"Das Portal f\u00fcr unzensierte Nachrichten aus der Welt","publisher":{"@id":"https:\/\/now-news.de\/de\/#organization"},"potentialAction":[{"@type":"SearchAction","target":{"@type":"EntryPoint","urlTemplate":"https:\/\/now-news.de\/de\/?s={search_term_string}"},"query-input":"required name=search_term_string"}],"inLanguage":"de"},{"@type":"Organization","@id":"https:\/\/now-news.de\/de\/#organization","name":"Just Now News","url":"https:\/\/now-news.de\/de\/","logo":{"@type":"ImageObject","inLanguage":"de","@id":"https:\/\/now-news.de\/de\/#\/schema\/logo\/image\/","url":"http:\/\/just-now.news\/de\/wp-content\/uploads\/sites\/3\/2022\/04\/logo500x500.jpg","contentUrl":"http:\/\/just-now.news\/de\/wp-content\/uploads\/sites\/3\/2022\/04\/logo500x500.jpg","width":500,"height":500,"caption":"Just Now News"},"image":{"@id":"https:\/\/now-news.de\/de\/#\/schema\/logo\/image\/"},"sameAs":["https:\/\/www.facebook.com\/wirmachenauf","https:\/\/x.com\/WirMachenAuf_de"]},{"@type":"Person","@id":"https:\/\/now-news.de\/de\/#\/schema\/person\/fb534a4e865501d8b3285208df34a9b5","name":"rtnews","image":{"@type":"ImageObject","inLanguage":"de","@id":"https:\/\/now-news.de\/de\/#\/schema\/person\/image\/","url":"https:\/\/secure.gravatar.com\/avatar\/82aafea7d8127119dd649515f56e2117?s=96&d=mm&r=g","contentUrl":"https:\/\/secure.gravatar.com\/avatar\/82aafea7d8127119dd649515f56e2117?s=96&d=mm&r=g","caption":"rtnews"},"url":"https:\/\/now-news.de\/de\/author\/rnews\/"}]}},"_links":{"self":[{"href":"https:\/\/now-news.de\/de\/wp-json\/wp\/v2\/posts\/16115"}],"collection":[{"href":"https:\/\/now-news.de\/de\/wp-json\/wp\/v2\/posts"}],"about":[{"href":"https:\/\/now-news.de\/de\/wp-json\/wp\/v2\/types\/post"}],"author":[{"embeddable":true,"href":"https:\/\/now-news.de\/de\/wp-json\/wp\/v2\/users\/3"}],"replies":[{"embeddable":true,"href":"https:\/\/now-news.de\/de\/wp-json\/wp\/v2\/comments?post=16115"}],"version-history":[{"count":0,"href":"https:\/\/now-news.de\/de\/wp-json\/wp\/v2\/posts\/16115\/revisions"}],"wp:featuredmedia":[{"embeddable":true,"href":"https:\/\/now-news.de\/de\/wp-json\/wp\/v2\/media\/16116"}],"wp:attachment":[{"href":"https:\/\/now-news.de\/de\/wp-json\/wp\/v2\/media?parent=16115"}],"wp:term":[{"taxonomy":"category","embeddable":true,"href":"https:\/\/now-news.de\/de\/wp-json\/wp\/v2\/categories?post=16115"},{"taxonomy":"post_tag","embeddable":true,"href":"https:\/\/now-news.de\/de\/wp-json\/wp\/v2\/tags?post=16115"}],"curies":[{"name":"wp","href":"https:\/\/api.w.org\/{rel}","templated":true}]}}