{"id":16081,"date":"2022-08-04T18:06:21","date_gmt":"2022-08-04T16:06:21","guid":{"rendered":"http:\/\/just-now.news\/de\/deutschland\/sachsens-wirtschaft-fuerchtet-wegen-sanktionen-gravierende-wirtschaftliche-und-soziale-verwerfungen\/"},"modified":"2022-08-04T18:06:21","modified_gmt":"2022-08-04T16:06:21","slug":"sachsens-wirtschaft-fuerchtet-wegen-sanktionen-gravierende-wirtschaftliche-und-soziale-verwerfungen","status":"publish","type":"post","link":"https:\/\/now-news.de\/de\/deutschland\/sachsens-wirtschaft-fuerchtet-wegen-sanktionen-gravierende-wirtschaftliche-und-soziale-verwerfungen\/","title":{"rendered":"Sachsens Wirtschaft f\u00fcrchtet wegen Sanktionen &quot;gravierende wirtschaftliche und soziale Verwerfungen&quot;"},"content":{"rendered":"<p><img decoding=\"async\" src=\"http:\/\/just-now.news\/de\/wp-content\/uploads\/sites\/3\/2022\/08\/62ebcdc0b480cc225a3f5984.jpg\" \/><\/p>\n<div class=\"Text-root Text-type_1 \">\n                In Sachsen protestieren nicht nur unz\u00e4hlige B\u00fcrger gegen die antirussischen Sanktionen der Bundesregierung. Nun geht auch die Wirtschaft und vor allem der Mittelstand auf die Barrikaden \u2013 Unterst\u00fctzung gibt es auch von Ministerpr\u00e4sident Michael Kretschmer.\n            <\/div>\n<p><\/p>\n<div class=\"Text-root Text-type_5 ArticleView-text ViewText-root \">\n<p>Kaum ein Bundesland ist so angewiesen auf g\u00fcnstige russische Energie wie Sachsen. Die Wirtschaft im Freistaat bef\u00fcrchtet nun angesichts explodierender Preise aufgrund der antirussischen Sanktionen Engp\u00e4sse und Ausf\u00e4lle in der Energieversorgung \u2013 das <a rel=\"nofollow noopener\" target=\"_blank\" href=\"https:\/\/www.n-tv.de\/regionales\/sachsen\/Sachsens-Wirtschaft-schlaegt-wegen-Energiekrise-Alarm-article23503443.html\">berichtet <\/a><em>NTV<\/em>. In einem offenen Brief an die Landes- und Bundespolitik wurde am Mittwoch die dramatische Situation zahlreicher s\u00e4chsischer Unternehmen durch die massiv gestiegenen Energiekosten und die Unsicherheiten bei der Gasversorgung aufgezeigt. Initiatoren des Schreibens sind die Industrie- und Handelskammer (IHK) Chemnitz sowie die Vereinigung der S\u00e4chsischen Wirtschaft (VSW).<\/p>\n<p>Unter anderem fordere man darin die Verringerung der Gasverstromung durch sofortige Inbetriebnahme der Kohlekraftwerke und die zeitweise Aufhebung von Abgaben und Steuern auf Energie. Man pflichtete final auch dem s\u00e4chsischen Ministerpr\u00e4sidenten Michael Kretschmer (CDU) bei, trotz des Krieges nicht &#8220;die energiepolitischen Realit\u00e4ten zu ignorieren&#8221;. Betont wurde:<\/p>\n<blockquote>\n<p><em>&#8220;Eine kurzfristige und alternativlose Komplettabkopplung von russischen Energietr\u00e4gern ist ohne gravierende wirtschaftliche und soziale Verwerfungen in Deutschland und Europa nicht m\u00f6glich.&#8221;<\/em><\/p>\n<\/blockquote>\n<p>Dieter Pfortner, Pr\u00e4sident der IHK Chemnitz erg\u00e4nzt im alarmistischen Ton:<\/p>\n<blockquote>\n<p><em> &#8220;Wenn hier nicht schnell weitere Unterst\u00fctzungsma\u00dfnahmen ergriffen werden, sind die Folgen f\u00fcr die Wirtschaft kaum absehbar.&#8221;<\/em><\/p>\n<\/blockquote>\n<p>Einsparungen beim Gasverbrauch seien unter allen Umst\u00e4nden zu vermeiden, betonte auch der VSW-Pr\u00e4sident J\u00f6rg Br\u00fcckner. Er mahnte: &#8220;Wenn sie aber unausweichlich werden sollten, muss es einen klaren Vorrang f\u00fcr wertsch\u00f6pfungsrelevante T\u00e4tigkeiten geben. Alles andere kann sich unsere Gesellschaft nicht leisten.&#8221;<\/p>\n<p>Der s\u00e4chsische CDU-Generalsekret\u00e4r Alexander Dierks wies darauf hin, dass von dem in Berlin geplanten Energiekostend\u00e4mpfungsprogramm (EKDP) kleinere Handwerksunternehmen nicht profitierten. Betroffen sind 1500 B\u00e4ckereien und Fleischereien in Sachsen, die keinen Cent sehen w\u00fcrden. Der Mittelstand stehe am Abgrund. Dierks betonte:<\/p>\n<blockquote>\n<p><em> &#8220;Und das, obwohl gerade diese Betriebe, die oft seit Generationen in Familienhand sind, systemrelevant sind: Sie sind zuverl\u00e4ssige Arbeitgeber vor Ort und kaum ersetzbar bei der Nahversorgung in l\u00e4ndlichen Regionen.&#8221;<\/em><\/p>\n<\/blockquote>\n<p>Sachsens Ministerpr\u00e4sident Michael Kretschmer warf am Donnerstag der Bundesregierung vor, mit ihren Aussagen zum Energiesparen &#8220;Alibipolitik&#8221; durchzuf\u00fchren. In einem Interview mit der <em>Leipziger Volkszeitung <\/em><a rel=\"nofollow noopener\" target=\"_blank\" href=\"https:\/\/www.lvz.de\/politik\/regional\/michael-kretschmer-findet-tipps-zum-energiesparen-mehr-als-zynisch-IEHCOCB7XNKS7POUPOTSZT3XEY.html\">sagte<\/a> der CDU-Politiker, es sei &#8220;auch mehr als zynisch&#8221;, den B\u00fcrgern jetzt Energiespartipps zu geben. Kretschmer warnte:<\/p>\n<blockquote>\n<p><em>&#8220;Die steigenden Kosten sind f\u00fcr viele Menschen bedrohlich. Diese B\u00fcrger sind sehr, sehr sparsam, weil sie sich diese Preise nicht leisten k\u00f6nnen.&#8221;<\/em><\/p>\n<\/blockquote>\n<p>Der 47-J\u00e4hrige sprach sich erneut f\u00fcr den Weiterbetrieb der drei noch aktiven Atomkraftwerke in Deutschland aus, alles andere w\u00e4re &#8220;irrwitzig&#8221;. Wegen der antirussischen Sanktionen muss ein Plan gemacht werden, wie es mit der Atomkraft und wie es \u00fcberhaupt mit der sogenannten &#8220;Energiewende&#8221; weitergehen solle.<\/p>\n<p><strong>Mehr zum Thema<\/strong> \u2013 <a rel=\"nofollow noopener\" target=\"_blank\" href=\"https:\/\/test.rtde.tech\/inland\/143948-melnyk-teilt-nun-gegen-sachsens\/\">&#8220;Kopf ins Tiefk\u00fchlregal stecken&#8221; \u2013 Melnyk teilt gegen Sachsens Premier Kretschmer aus<\/a><\/p>\n<\/div>\n<p><br \/>\n<br \/><a href=\"https:\/\/de.rt.com\/inland\/145278-sachsens-wirtschaft-furchtet-wegen-sanktionen\/\">Source link <\/a><\/p>\n","protected":false},"excerpt":{"rendered":"<p>In Sachsen protestieren nicht nur unz\u00e4hlige B\u00fcrger gegen die antirussischen Sanktionen der Bundesregierung. Nun geht auch die Wirtschaft und vor allem der Mittelstand auf die Barrikaden \u2013 Unterst\u00fctzung gibt es auch von Ministerpr\u00e4sident Michael Kretschmer. Kaum ein Bundesland ist so angewiesen auf g\u00fcnstige russische Energie wie Sachsen. Die Wirtschaft im Freistaat bef\u00fcrchtet nun angesichts explodierender [&hellip;]<\/p>\n","protected":false},"author":3,"featured_media":16082,"comment_status":"open","ping_status":"open","sticky":false,"template":"","format":"standard","meta":{"wp_automatic_camp":["217"],"7e90b5ad89dc06e1a62ac4001b11633b":["Sachsens Wirtschaft f\u00fcrchtet wegen Sanktionen &quot;gravierende wirtschaftliche und soziale Verwerfungen&quot;"],"original_link":["https:\/\/de.rt.com\/inland\/145278-sachsens-wirtschaft-furchtet-wegen-sanktionen\/"],"_thumbnail_id":["16082"],"_wptg_p2tg_sent2tg":["2022-08-04 18:16:21"],"jnews_social_counter_last_update":["1777613693"]},"categories":[19,23],"tags":[25167,30290,7138,713,21748,140,30291,145,291,4852],"yoast_head":"<!-- This site is optimized with the Yoast SEO Premium plugin v22.7 (Yoast SEO v22.7) - https:\/\/yoast.com\/wordpress\/plugins\/seo\/ -->\n<title>Sachsens Wirtschaft f\u00fcrchtet wegen Sanktionen &quot;gravierende wirtschaftliche und soziale Verwerfungen&quot; - just-now.NEWS Deutschland<\/title>\n<meta name=\"robots\" content=\"index, follow, max-snippet:-1, max-image-preview:large, max-video-preview:-1\" \/>\n<link rel=\"canonical\" href=\"https:\/\/now-news.de\/de\/deutschland\/sachsens-wirtschaft-fuerchtet-wegen-sanktionen-gravierende-wirtschaftliche-und-soziale-verwerfungen\/\" \/>\n<meta property=\"og:locale\" content=\"de_DE\" \/>\n<meta property=\"og:type\" content=\"article\" \/>\n<meta property=\"og:title\" content=\"Sachsens Wirtschaft f\u00fcrchtet wegen Sanktionen &quot;gravierende wirtschaftliche und soziale Verwerfungen&quot;\" \/>\n<meta property=\"og:description\" content=\"In Sachsen protestieren nicht nur unz\u00e4hlige B\u00fcrger gegen die antirussischen Sanktionen der Bundesregierung. Nun geht auch die Wirtschaft und vor allem der Mittelstand auf die Barrikaden \u2013 Unterst\u00fctzung gibt es auch von Ministerpr\u00e4sident Michael Kretschmer. Kaum ein Bundesland ist so angewiesen auf g\u00fcnstige russische Energie wie Sachsen. Die Wirtschaft im Freistaat bef\u00fcrchtet nun angesichts explodierender [&hellip;]\" \/>\n<meta property=\"og:url\" content=\"https:\/\/now-news.de\/de\/deutschland\/sachsens-wirtschaft-fuerchtet-wegen-sanktionen-gravierende-wirtschaftliche-und-soziale-verwerfungen\/\" \/>\n<meta property=\"og:site_name\" content=\"just-now.NEWS Deutschland\" \/>\n<meta property=\"article:publisher\" content=\"https:\/\/www.facebook.com\/wirmachenauf\" \/>\n<meta property=\"article:published_time\" content=\"2022-08-04T16:06:21+00:00\" \/>\n<meta property=\"og:image\" content=\"https:\/\/now-news.de\/de\/wp-content\/uploads\/sites\/3\/2022\/08\/Sachsens-Wirtschaft-fuerchtet-wegen-Sanktionen-quotgravierende-wirtschaftliche-und-soziale-Verwerfungenquot.jpg\" \/>\n\t<meta property=\"og:image:width\" content=\"460\" \/>\n\t<meta property=\"og:image:height\" content=\"259\" \/>\n\t<meta property=\"og:image:type\" content=\"image\/jpeg\" \/>\n<meta name=\"author\" content=\"rtnews\" \/>\n<meta name=\"twitter:card\" content=\"summary_large_image\" \/>\n<meta name=\"twitter:creator\" content=\"@WirMachenAuf_de\" \/>\n<meta name=\"twitter:site\" content=\"@WirMachenAuf_de\" \/>\n<meta name=\"twitter:label1\" content=\"Verfasst von\" \/>\n\t<meta name=\"twitter:data1\" content=\"rtnews\" \/>\n\t<meta name=\"twitter:label2\" content=\"Gesch\u00e4tzte Lesezeit\" \/>\n\t<meta name=\"twitter:data2\" content=\"2\u00a0Minuten\" \/>\n<script type=\"application\/ld+json\" class=\"yoast-schema-graph\">{\"@context\":\"https:\/\/schema.org\",\"@graph\":[{\"@type\":\"Article\",\"@id\":\"https:\/\/now-news.de\/de\/deutschland\/sachsens-wirtschaft-fuerchtet-wegen-sanktionen-gravierende-wirtschaftliche-und-soziale-verwerfungen\/#article\",\"isPartOf\":{\"@id\":\"https:\/\/now-news.de\/de\/deutschland\/sachsens-wirtschaft-fuerchtet-wegen-sanktionen-gravierende-wirtschaftliche-und-soziale-verwerfungen\/\"},\"author\":{\"name\":\"rtnews\",\"@id\":\"https:\/\/now-news.de\/de\/#\/schema\/person\/fb534a4e865501d8b3285208df34a9b5\"},\"headline\":\"Sachsens Wirtschaft f\u00fcrchtet wegen Sanktionen &quot;gravierende wirtschaftliche und soziale Verwerfungen&quot;\",\"datePublished\":\"2022-08-04T16:06:21+00:00\",\"dateModified\":\"2022-08-04T16:06:21+00:00\",\"mainEntityOfPage\":{\"@id\":\"https:\/\/now-news.de\/de\/deutschland\/sachsens-wirtschaft-fuerchtet-wegen-sanktionen-gravierende-wirtschaftliche-und-soziale-verwerfungen\/\"},\"wordCount\":498,\"commentCount\":0,\"publisher\":{\"@id\":\"https:\/\/now-news.de\/de\/#organization\"},\"image\":{\"@id\":\"https:\/\/now-news.de\/de\/deutschland\/sachsens-wirtschaft-fuerchtet-wegen-sanktionen-gravierende-wirtschaftliche-und-soziale-verwerfungen\/#primaryimage\"},\"thumbnailUrl\":\"https:\/\/now-news.de\/de\/wp-content\/uploads\/sites\/3\/2022\/08\/Sachsens-Wirtschaft-fuerchtet-wegen-Sanktionen-quotgravierende-wirtschaftliche-und-soziale-Verwerfungenquot.jpg\",\"keywords\":[\"f\u00fcrchtet\",\"quotgravierende\",\"Sachsens\",\"Sanktionen\",\"soziale\",\"und\",\"Verwerfungenquot\",\"wegen\",\"wirtschaft\",\"wirtschaftliche\"],\"articleSection\":[\"Deutschland\",\"Russland\"],\"inLanguage\":\"de\",\"potentialAction\":[{\"@type\":\"CommentAction\",\"name\":\"Comment\",\"target\":[\"https:\/\/now-news.de\/de\/deutschland\/sachsens-wirtschaft-fuerchtet-wegen-sanktionen-gravierende-wirtschaftliche-und-soziale-verwerfungen\/#respond\"]}]},{\"@type\":\"WebPage\",\"@id\":\"https:\/\/now-news.de\/de\/deutschland\/sachsens-wirtschaft-fuerchtet-wegen-sanktionen-gravierende-wirtschaftliche-und-soziale-verwerfungen\/\",\"url\":\"https:\/\/now-news.de\/de\/deutschland\/sachsens-wirtschaft-fuerchtet-wegen-sanktionen-gravierende-wirtschaftliche-und-soziale-verwerfungen\/\",\"name\":\"Sachsens Wirtschaft f\u00fcrchtet wegen Sanktionen &quot;gravierende wirtschaftliche und soziale Verwerfungen&quot; - just-now.NEWS Deutschland\",\"isPartOf\":{\"@id\":\"https:\/\/now-news.de\/de\/#website\"},\"primaryImageOfPage\":{\"@id\":\"https:\/\/now-news.de\/de\/deutschland\/sachsens-wirtschaft-fuerchtet-wegen-sanktionen-gravierende-wirtschaftliche-und-soziale-verwerfungen\/#primaryimage\"},\"image\":{\"@id\":\"https:\/\/now-news.de\/de\/deutschland\/sachsens-wirtschaft-fuerchtet-wegen-sanktionen-gravierende-wirtschaftliche-und-soziale-verwerfungen\/#primaryimage\"},\"thumbnailUrl\":\"https:\/\/now-news.de\/de\/wp-content\/uploads\/sites\/3\/2022\/08\/Sachsens-Wirtschaft-fuerchtet-wegen-Sanktionen-quotgravierende-wirtschaftliche-und-soziale-Verwerfungenquot.jpg\",\"datePublished\":\"2022-08-04T16:06:21+00:00\",\"dateModified\":\"2022-08-04T16:06:21+00:00\",\"breadcrumb\":{\"@id\":\"https:\/\/now-news.de\/de\/deutschland\/sachsens-wirtschaft-fuerchtet-wegen-sanktionen-gravierende-wirtschaftliche-und-soziale-verwerfungen\/#breadcrumb\"},\"inLanguage\":\"de\",\"potentialAction\":[{\"@type\":\"ReadAction\",\"target\":[\"https:\/\/now-news.de\/de\/deutschland\/sachsens-wirtschaft-fuerchtet-wegen-sanktionen-gravierende-wirtschaftliche-und-soziale-verwerfungen\/\"]}]},{\"@type\":\"ImageObject\",\"inLanguage\":\"de\",\"@id\":\"https:\/\/now-news.de\/de\/deutschland\/sachsens-wirtschaft-fuerchtet-wegen-sanktionen-gravierende-wirtschaftliche-und-soziale-verwerfungen\/#primaryimage\",\"url\":\"https:\/\/now-news.de\/de\/wp-content\/uploads\/sites\/3\/2022\/08\/Sachsens-Wirtschaft-fuerchtet-wegen-Sanktionen-quotgravierende-wirtschaftliche-und-soziale-Verwerfungenquot.jpg\",\"contentUrl\":\"https:\/\/now-news.de\/de\/wp-content\/uploads\/sites\/3\/2022\/08\/Sachsens-Wirtschaft-fuerchtet-wegen-Sanktionen-quotgravierende-wirtschaftliche-und-soziale-Verwerfungenquot.jpg\",\"width\":460,\"height\":259,\"caption\":\"Sachsens Wirtschaft f\u00fcrchtet wegen Sanktionen &quot;gravierende wirtschaftliche und soziale Verwerfungen&quot;\"},{\"@type\":\"BreadcrumbList\",\"@id\":\"https:\/\/now-news.de\/de\/deutschland\/sachsens-wirtschaft-fuerchtet-wegen-sanktionen-gravierende-wirtschaftliche-und-soziale-verwerfungen\/#breadcrumb\",\"itemListElement\":[{\"@type\":\"ListItem\",\"position\":1,\"name\":\"Home\",\"item\":\"https:\/\/now-news.de\/de\/\"},{\"@type\":\"ListItem\",\"position\":2,\"name\":\"Sachsens Wirtschaft f\u00fcrchtet wegen Sanktionen &quot;gravierende wirtschaftliche und soziale Verwerfungen&quot;\"}]},{\"@type\":\"WebSite\",\"@id\":\"https:\/\/now-news.de\/de\/#website\",\"url\":\"https:\/\/now-news.de\/de\/\",\"name\":\"just-now.NEWS Deutschland\",\"description\":\"Das Portal f\u00fcr unzensierte Nachrichten aus der Welt\",\"publisher\":{\"@id\":\"https:\/\/now-news.de\/de\/#organization\"},\"potentialAction\":[{\"@type\":\"SearchAction\",\"target\":{\"@type\":\"EntryPoint\",\"urlTemplate\":\"https:\/\/now-news.de\/de\/?s={search_term_string}\"},\"query-input\":\"required name=search_term_string\"}],\"inLanguage\":\"de\"},{\"@type\":\"Organization\",\"@id\":\"https:\/\/now-news.de\/de\/#organization\",\"name\":\"Just Now News\",\"url\":\"https:\/\/now-news.de\/de\/\",\"logo\":{\"@type\":\"ImageObject\",\"inLanguage\":\"de\",\"@id\":\"https:\/\/now-news.de\/de\/#\/schema\/logo\/image\/\",\"url\":\"http:\/\/just-now.news\/de\/wp-content\/uploads\/sites\/3\/2022\/04\/logo500x500.jpg\",\"contentUrl\":\"http:\/\/just-now.news\/de\/wp-content\/uploads\/sites\/3\/2022\/04\/logo500x500.jpg\",\"width\":500,\"height\":500,\"caption\":\"Just Now News\"},\"image\":{\"@id\":\"https:\/\/now-news.de\/de\/#\/schema\/logo\/image\/\"},\"sameAs\":[\"https:\/\/www.facebook.com\/wirmachenauf\",\"https:\/\/x.com\/WirMachenAuf_de\"]},{\"@type\":\"Person\",\"@id\":\"https:\/\/now-news.de\/de\/#\/schema\/person\/fb534a4e865501d8b3285208df34a9b5\",\"name\":\"rtnews\",\"image\":{\"@type\":\"ImageObject\",\"inLanguage\":\"de\",\"@id\":\"https:\/\/now-news.de\/de\/#\/schema\/person\/image\/\",\"url\":\"https:\/\/secure.gravatar.com\/avatar\/82aafea7d8127119dd649515f56e2117?s=96&d=mm&r=g\",\"contentUrl\":\"https:\/\/secure.gravatar.com\/avatar\/82aafea7d8127119dd649515f56e2117?s=96&d=mm&r=g\",\"caption\":\"rtnews\"},\"url\":\"https:\/\/now-news.de\/de\/author\/rnews\/\"}]}<\/script>\n<!-- \/ Yoast SEO Premium plugin. -->","yoast_head_json":{"title":"Sachsens Wirtschaft f\u00fcrchtet wegen Sanktionen &quot;gravierende wirtschaftliche und soziale Verwerfungen&quot; - just-now.NEWS Deutschland","robots":{"index":"index","follow":"follow","max-snippet":"max-snippet:-1","max-image-preview":"max-image-preview:large","max-video-preview":"max-video-preview:-1"},"canonical":"https:\/\/now-news.de\/de\/deutschland\/sachsens-wirtschaft-fuerchtet-wegen-sanktionen-gravierende-wirtschaftliche-und-soziale-verwerfungen\/","og_locale":"de_DE","og_type":"article","og_title":"Sachsens Wirtschaft f\u00fcrchtet wegen Sanktionen &quot;gravierende wirtschaftliche und soziale Verwerfungen&quot;","og_description":"In Sachsen protestieren nicht nur unz\u00e4hlige B\u00fcrger gegen die antirussischen Sanktionen der Bundesregierung. Nun geht auch die Wirtschaft und vor allem der Mittelstand auf die Barrikaden \u2013 Unterst\u00fctzung gibt es auch von Ministerpr\u00e4sident Michael Kretschmer. Kaum ein Bundesland ist so angewiesen auf g\u00fcnstige russische Energie wie Sachsen. Die Wirtschaft im Freistaat bef\u00fcrchtet nun angesichts explodierender [&hellip;]","og_url":"https:\/\/now-news.de\/de\/deutschland\/sachsens-wirtschaft-fuerchtet-wegen-sanktionen-gravierende-wirtschaftliche-und-soziale-verwerfungen\/","og_site_name":"just-now.NEWS Deutschland","article_publisher":"https:\/\/www.facebook.com\/wirmachenauf","article_published_time":"2022-08-04T16:06:21+00:00","og_image":[{"width":460,"height":259,"url":"https:\/\/now-news.de\/de\/wp-content\/uploads\/sites\/3\/2022\/08\/Sachsens-Wirtschaft-fuerchtet-wegen-Sanktionen-quotgravierende-wirtschaftliche-und-soziale-Verwerfungenquot.jpg","type":"image\/jpeg"}],"author":"rtnews","twitter_card":"summary_large_image","twitter_creator":"@WirMachenAuf_de","twitter_site":"@WirMachenAuf_de","twitter_misc":{"Verfasst von":"rtnews","Gesch\u00e4tzte Lesezeit":"2\u00a0Minuten"},"schema":{"@context":"https:\/\/schema.org","@graph":[{"@type":"Article","@id":"https:\/\/now-news.de\/de\/deutschland\/sachsens-wirtschaft-fuerchtet-wegen-sanktionen-gravierende-wirtschaftliche-und-soziale-verwerfungen\/#article","isPartOf":{"@id":"https:\/\/now-news.de\/de\/deutschland\/sachsens-wirtschaft-fuerchtet-wegen-sanktionen-gravierende-wirtschaftliche-und-soziale-verwerfungen\/"},"author":{"name":"rtnews","@id":"https:\/\/now-news.de\/de\/#\/schema\/person\/fb534a4e865501d8b3285208df34a9b5"},"headline":"Sachsens Wirtschaft f\u00fcrchtet wegen Sanktionen &quot;gravierende wirtschaftliche und soziale Verwerfungen&quot;","datePublished":"2022-08-04T16:06:21+00:00","dateModified":"2022-08-04T16:06:21+00:00","mainEntityOfPage":{"@id":"https:\/\/now-news.de\/de\/deutschland\/sachsens-wirtschaft-fuerchtet-wegen-sanktionen-gravierende-wirtschaftliche-und-soziale-verwerfungen\/"},"wordCount":498,"commentCount":0,"publisher":{"@id":"https:\/\/now-news.de\/de\/#organization"},"image":{"@id":"https:\/\/now-news.de\/de\/deutschland\/sachsens-wirtschaft-fuerchtet-wegen-sanktionen-gravierende-wirtschaftliche-und-soziale-verwerfungen\/#primaryimage"},"thumbnailUrl":"https:\/\/now-news.de\/de\/wp-content\/uploads\/sites\/3\/2022\/08\/Sachsens-Wirtschaft-fuerchtet-wegen-Sanktionen-quotgravierende-wirtschaftliche-und-soziale-Verwerfungenquot.jpg","keywords":["f\u00fcrchtet","quotgravierende","Sachsens","Sanktionen","soziale","und","Verwerfungenquot","wegen","wirtschaft","wirtschaftliche"],"articleSection":["Deutschland","Russland"],"inLanguage":"de","potentialAction":[{"@type":"CommentAction","name":"Comment","target":["https:\/\/now-news.de\/de\/deutschland\/sachsens-wirtschaft-fuerchtet-wegen-sanktionen-gravierende-wirtschaftliche-und-soziale-verwerfungen\/#respond"]}]},{"@type":"WebPage","@id":"https:\/\/now-news.de\/de\/deutschland\/sachsens-wirtschaft-fuerchtet-wegen-sanktionen-gravierende-wirtschaftliche-und-soziale-verwerfungen\/","url":"https:\/\/now-news.de\/de\/deutschland\/sachsens-wirtschaft-fuerchtet-wegen-sanktionen-gravierende-wirtschaftliche-und-soziale-verwerfungen\/","name":"Sachsens Wirtschaft f\u00fcrchtet wegen Sanktionen &quot;gravierende wirtschaftliche und soziale Verwerfungen&quot; - just-now.NEWS Deutschland","isPartOf":{"@id":"https:\/\/now-news.de\/de\/#website"},"primaryImageOfPage":{"@id":"https:\/\/now-news.de\/de\/deutschland\/sachsens-wirtschaft-fuerchtet-wegen-sanktionen-gravierende-wirtschaftliche-und-soziale-verwerfungen\/#primaryimage"},"image":{"@id":"https:\/\/now-news.de\/de\/deutschland\/sachsens-wirtschaft-fuerchtet-wegen-sanktionen-gravierende-wirtschaftliche-und-soziale-verwerfungen\/#primaryimage"},"thumbnailUrl":"https:\/\/now-news.de\/de\/wp-content\/uploads\/sites\/3\/2022\/08\/Sachsens-Wirtschaft-fuerchtet-wegen-Sanktionen-quotgravierende-wirtschaftliche-und-soziale-Verwerfungenquot.jpg","datePublished":"2022-08-04T16:06:21+00:00","dateModified":"2022-08-04T16:06:21+00:00","breadcrumb":{"@id":"https:\/\/now-news.de\/de\/deutschland\/sachsens-wirtschaft-fuerchtet-wegen-sanktionen-gravierende-wirtschaftliche-und-soziale-verwerfungen\/#breadcrumb"},"inLanguage":"de","potentialAction":[{"@type":"ReadAction","target":["https:\/\/now-news.de\/de\/deutschland\/sachsens-wirtschaft-fuerchtet-wegen-sanktionen-gravierende-wirtschaftliche-und-soziale-verwerfungen\/"]}]},{"@type":"ImageObject","inLanguage":"de","@id":"https:\/\/now-news.de\/de\/deutschland\/sachsens-wirtschaft-fuerchtet-wegen-sanktionen-gravierende-wirtschaftliche-und-soziale-verwerfungen\/#primaryimage","url":"https:\/\/now-news.de\/de\/wp-content\/uploads\/sites\/3\/2022\/08\/Sachsens-Wirtschaft-fuerchtet-wegen-Sanktionen-quotgravierende-wirtschaftliche-und-soziale-Verwerfungenquot.jpg","contentUrl":"https:\/\/now-news.de\/de\/wp-content\/uploads\/sites\/3\/2022\/08\/Sachsens-Wirtschaft-fuerchtet-wegen-Sanktionen-quotgravierende-wirtschaftliche-und-soziale-Verwerfungenquot.jpg","width":460,"height":259,"caption":"Sachsens Wirtschaft f\u00fcrchtet wegen Sanktionen &quot;gravierende wirtschaftliche und soziale Verwerfungen&quot;"},{"@type":"BreadcrumbList","@id":"https:\/\/now-news.de\/de\/deutschland\/sachsens-wirtschaft-fuerchtet-wegen-sanktionen-gravierende-wirtschaftliche-und-soziale-verwerfungen\/#breadcrumb","itemListElement":[{"@type":"ListItem","position":1,"name":"Home","item":"https:\/\/now-news.de\/de\/"},{"@type":"ListItem","position":2,"name":"Sachsens Wirtschaft f\u00fcrchtet wegen Sanktionen &quot;gravierende wirtschaftliche und soziale Verwerfungen&quot;"}]},{"@type":"WebSite","@id":"https:\/\/now-news.de\/de\/#website","url":"https:\/\/now-news.de\/de\/","name":"just-now.NEWS Deutschland","description":"Das Portal f\u00fcr unzensierte Nachrichten aus der Welt","publisher":{"@id":"https:\/\/now-news.de\/de\/#organization"},"potentialAction":[{"@type":"SearchAction","target":{"@type":"EntryPoint","urlTemplate":"https:\/\/now-news.de\/de\/?s={search_term_string}"},"query-input":"required name=search_term_string"}],"inLanguage":"de"},{"@type":"Organization","@id":"https:\/\/now-news.de\/de\/#organization","name":"Just Now News","url":"https:\/\/now-news.de\/de\/","logo":{"@type":"ImageObject","inLanguage":"de","@id":"https:\/\/now-news.de\/de\/#\/schema\/logo\/image\/","url":"http:\/\/just-now.news\/de\/wp-content\/uploads\/sites\/3\/2022\/04\/logo500x500.jpg","contentUrl":"http:\/\/just-now.news\/de\/wp-content\/uploads\/sites\/3\/2022\/04\/logo500x500.jpg","width":500,"height":500,"caption":"Just Now News"},"image":{"@id":"https:\/\/now-news.de\/de\/#\/schema\/logo\/image\/"},"sameAs":["https:\/\/www.facebook.com\/wirmachenauf","https:\/\/x.com\/WirMachenAuf_de"]},{"@type":"Person","@id":"https:\/\/now-news.de\/de\/#\/schema\/person\/fb534a4e865501d8b3285208df34a9b5","name":"rtnews","image":{"@type":"ImageObject","inLanguage":"de","@id":"https:\/\/now-news.de\/de\/#\/schema\/person\/image\/","url":"https:\/\/secure.gravatar.com\/avatar\/82aafea7d8127119dd649515f56e2117?s=96&d=mm&r=g","contentUrl":"https:\/\/secure.gravatar.com\/avatar\/82aafea7d8127119dd649515f56e2117?s=96&d=mm&r=g","caption":"rtnews"},"url":"https:\/\/now-news.de\/de\/author\/rnews\/"}]}},"_links":{"self":[{"href":"https:\/\/now-news.de\/de\/wp-json\/wp\/v2\/posts\/16081"}],"collection":[{"href":"https:\/\/now-news.de\/de\/wp-json\/wp\/v2\/posts"}],"about":[{"href":"https:\/\/now-news.de\/de\/wp-json\/wp\/v2\/types\/post"}],"author":[{"embeddable":true,"href":"https:\/\/now-news.de\/de\/wp-json\/wp\/v2\/users\/3"}],"replies":[{"embeddable":true,"href":"https:\/\/now-news.de\/de\/wp-json\/wp\/v2\/comments?post=16081"}],"version-history":[{"count":0,"href":"https:\/\/now-news.de\/de\/wp-json\/wp\/v2\/posts\/16081\/revisions"}],"wp:featuredmedia":[{"embeddable":true,"href":"https:\/\/now-news.de\/de\/wp-json\/wp\/v2\/media\/16082"}],"wp:attachment":[{"href":"https:\/\/now-news.de\/de\/wp-json\/wp\/v2\/media?parent=16081"}],"wp:term":[{"taxonomy":"category","embeddable":true,"href":"https:\/\/now-news.de\/de\/wp-json\/wp\/v2\/categories?post=16081"},{"taxonomy":"post_tag","embeddable":true,"href":"https:\/\/now-news.de\/de\/wp-json\/wp\/v2\/tags?post=16081"}],"curies":[{"name":"wp","href":"https:\/\/api.w.org\/{rel}","templated":true}]}}