{"id":16079,"date":"2022-08-04T17:38:00","date_gmt":"2022-08-04T15:38:00","guid":{"rendered":"http:\/\/just-now.news\/de\/usa\/breaking-das-fbi-verhaftet-vier-polizisten-die-wegen-bundesverbrechen-im-zusammenhang-mit-dem-tod-von-breonna-taylor-angeklagt-sind\/"},"modified":"2022-08-04T17:38:00","modified_gmt":"2022-08-04T15:38:00","slug":"breaking-das-fbi-verhaftet-vier-polizisten-die-wegen-bundesverbrechen-im-zusammenhang-mit-dem-tod-von-breonna-taylor-angeklagt-sind","status":"publish","type":"post","link":"https:\/\/now-news.de\/de\/usa\/breaking-das-fbi-verhaftet-vier-polizisten-die-wegen-bundesverbrechen-im-zusammenhang-mit-dem-tod-von-breonna-taylor-angeklagt-sind\/","title":{"rendered":"BREAKING: Das FBI verhaftet vier Polizisten, die wegen Bundesverbrechen im Zusammenhang mit dem Tod von Breonna Taylor angeklagt sind"},"content":{"rendered":"<div class=\"entry-content\">\n<p><em>Breona Taylor<em><\/em><\/em><\/p>\n<p>Vier Polizisten wurden wegen Bundesverbrechen im Zusammenhang mit dem Tod von Breonna Taylor angeklagt.<\/p>\n<p>US-Generalstaatsanwalt Merrick Garland gab am Donnerstag bekannt, dass das Justizministerium vier derzeitige und ehemalige Polizeibeamte von Louisville im Zusammenhang mit der Razzia anklagt, bei der Breonna Taylor get\u00f6tet wurde.<\/p>\n<div id=\"IC1-ad\" class=\"sponsor IC1\">\n<p class=\"ad-notice flipboard-remove\" fl:fl-noexcerpt=\"true\">Werbung \u2013 die Geschichte geht unten weiter<\/p>\n<div id=\"IC1\">\n<script>\n\t\t\t\t\tif( FFADS.units.IC1 && FFADS.units.IC1.ad_type == 'custom' && FFADS.units.IC1.custom_ads && ! getCookie( 'ff_subbed' ) ) {\n\t\t\t\t\t\tdocument.getElementById( 'IC1' ).innerHTML = FFADS.units.IC1.custom_ads[0].code;\n\t\t\t\t\t\tif( ! FFADS.units.IC1.lazy_load ) eval( FFADS.units.IC1.custom_ads[0].rendering_script );\n\t\t\t\t\t}\n\t\t\t\t\telse if( FFADS.units.IC1 && ! getCookie( 'ff_subbed' ) ) {\n\t\t\t\t\t\tif( 'IC' != 'SB' && 'IC' != 'SA' && FFADS.use_fixed_containers ) {\n\t\t\t\t\t\t\tlet max_wh = firefly_size_list_to_max_wh( FFADS.units.IC1.sizes );\n\t\t\t\t\t\t\tlet el = document.querySelector( '#IC1' );\n\t\t\t\t\t\t\tif( 'IC' != 'SA' && FFADS.slide_pixels ) {\n\t\t\t\t\t\t\t\tmax_wh[1] += parseInt( FFADS.slide_pixels );\n\t\t\t\t\t\t\t\tel.classList.add( 'sliding' );\n\t\t\t\t\t\t\t}\n\t\t\t\t\t\t\tel.style.width = max_wh[0] + 'px';\n\t\t\t\t\t\t\tel.style.height = max_wh[1] + 'px';\n\t\t\t\t\t\t\tel.classList.add( 'fixed-size' );\n\t\t\t\t\t\t}\n\t\t\t\t\t\tgoogletag.cmd.push( function() {\n\t\t\t\t\t\t\tFFADS.debug( 'googletag.displaying IC1' );\n\t\t\t\t\t\t\tgoogletag.display( 'IC1' );\n\t\t\t\t\t\t} );\n\t\t\t\t\t}\n\t\t\t\t\telse {\n\t\t\t\t\t\tdocument.querySelector( '#IC1-ad' ).style.display = 'none';}\n\t\t\t\t<\/script><\/div>\n<\/div>\n<p>Das FBI hat am Donnerstag vier Polizisten festgenommen \u2013 darunter einen Detektiv, der bereits von einer Jury freigesprochen wurde!<\/p>\n<p>Taylor wurde am 13. M\u00e4rz 2020 bei einem Klopf- und Drogenangriff get\u00f6tet, bei dem ihr Freund auf die Polizei schoss und sie das Feuer erwiderten.  LMPD-Sgt.  Jon Mattingly wurde w\u00e4hrend des Austauschs angeschossen und hat sich inzwischen erholt.<\/p>\n<p><script>\n\t\t\t\t\tif( ! getCookie( 'ff_subbed' ) ) if( typeof FFADS.replace_ict != 'undefined' ) if( FFADS.replace_ict ) eval( FFADS.replace_ict );\n\t\t\t\t<\/script><\/p>\n<p>Im September 2020 k\u00fcndigte der Generalstaatsanwalt von Kentucky, Daniel Cameron, an, dass gegen zwei der an der Erschie\u00dfung von Breonna Taylor beteiligten Polizeibeamten aus Louisville keine Anklage erhoben werde, w\u00e4hrend der dritte wegen \u201emutwilliger Gef\u00e4hrdung\u201c angeklagt sei.<\/p>\n<p>Detective Brett Hankison wurde von einer Grand Jury in drei F\u00e4llen wegen \u201emutwilliger Gef\u00e4hrdung ersten Grades\u201c angeklagt.<\/p>\n<div id=\"IC2-ad\" class=\"sponsor IC2\">\n<p class=\"ad-notice flipboard-remove\" fl:fl-noexcerpt=\"true\">Werbung \u2013 die Geschichte geht unten weiter<\/p>\n<div id=\"IC2\">\n<script>\n\t\t\t\t\tif( FFADS.units.IC2 && FFADS.units.IC2.ad_type == 'custom' && FFADS.units.IC2.custom_ads && ! getCookie( 'ff_subbed' ) ) {\n\t\t\t\t\t\tdocument.getElementById( 'IC2' ).innerHTML = FFADS.units.IC2.custom_ads[0].code;\n\t\t\t\t\t\tif( ! FFADS.units.IC2.lazy_load ) eval( FFADS.units.IC2.custom_ads[0].rendering_script );\n\t\t\t\t\t}\n\t\t\t\t\telse if( FFADS.units.IC2 && ! getCookie( 'ff_subbed' ) ) {\n\t\t\t\t\t\tif( 'IC' != 'SB' && 'IC' != 'SA' && FFADS.use_fixed_containers ) {\n\t\t\t\t\t\t\tlet max_wh = firefly_size_list_to_max_wh( FFADS.units.IC2.sizes );\n\t\t\t\t\t\t\tlet el = document.querySelector( '#IC2' );\n\t\t\t\t\t\t\tif( 'IC' != 'SA' && FFADS.slide_pixels ) {\n\t\t\t\t\t\t\t\tmax_wh[1] += parseInt( FFADS.slide_pixels );\n\t\t\t\t\t\t\t\tel.classList.add( 'sliding' );\n\t\t\t\t\t\t\t}\n\t\t\t\t\t\t\tel.style.width = max_wh[0] + 'px';\n\t\t\t\t\t\t\tel.style.height = max_wh[1] + 'px';\n\t\t\t\t\t\t\tel.classList.add( 'fixed-size' );\n\t\t\t\t\t\t}\n\t\t\t\t\t\tgoogletag.cmd.push( function() {\n\t\t\t\t\t\t\tFFADS.debug( 'googletag.displaying IC2' );\n\t\t\t\t\t\t\tgoogletag.display( 'IC2' );\n\t\t\t\t\t\t} );\n\t\t\t\t\t}\n\t\t\t\t\telse {\n\t\t\t\t\t\tdocument.querySelector( '#IC2-ad' ).style.display = 'none';}\n\t\t\t\t<\/script><\/div>\n<\/div>\n<p><img decoding=\"async\" loading=\"lazy\" src=\"http:\/\/just-now.news\/de\/wp-content\/uploads\/sites\/3\/2022\/08\/1659628033_263_BREAKING-Das-FBI-verhaftet-vier-Polizisten-die-wegen-Bundesverbrechen-im.jpg\" alt=\"\" width=\"600\" height=\"338\" class=\"alignnone size-full wp-image-708654\"  ><em>Brett Hankison<em><\/em><\/em><\/p>\n<p>Mutwillige Gef\u00e4hrdung ist ein Verbrechen der Klasse D, das mit ein bis f\u00fcnf Jahren Gef\u00e4ngnis bestraft werden kann.<\/p>\n<p>Eine Jury im M\u00e4rz dieses Jahres befand Hankison in allen drei Anklagepunkten der mutwilligen Gef\u00e4hrdung des Verbrechens f\u00fcr nicht schuldig.<\/p>\n<p>Jetzt geht Merrick Garland gegen Brett Hankison und drei weitere Polizisten aus Louisville vor.<\/p>\n<p>ABC News berichtet:<\/p>\n<div id=\"IC3-ad\" class=\"sponsor IC3\">\n<p class=\"ad-notice flipboard-remove\" fl:fl-noexcerpt=\"true\">Werbung \u2013 die Geschichte geht unten weiter<\/p>\n<div id=\"IC3\">\n<script>\n\t\t\t\t\tif( FFADS.units.IC3 && FFADS.units.IC3.ad_type == 'custom' && FFADS.units.IC3.custom_ads && ! getCookie( 'ff_subbed' ) ) {\n\t\t\t\t\t\tdocument.getElementById( 'IC3' ).innerHTML = FFADS.units.IC3.custom_ads[0].code;\n\t\t\t\t\t\tif( ! FFADS.units.IC3.lazy_load ) eval( FFADS.units.IC3.custom_ads[0].rendering_script );\n\t\t\t\t\t}\n\t\t\t\t\telse if( FFADS.units.IC3 && ! getCookie( 'ff_subbed' ) ) {\n\t\t\t\t\t\tif( 'IC' != 'SB' && 'IC' != 'SA' && FFADS.use_fixed_containers ) {\n\t\t\t\t\t\t\tlet max_wh = firefly_size_list_to_max_wh( FFADS.units.IC3.sizes );\n\t\t\t\t\t\t\tlet el = document.querySelector( '#IC3' );\n\t\t\t\t\t\t\tif( 'IC' != 'SA' && FFADS.slide_pixels ) {\n\t\t\t\t\t\t\t\tmax_wh[1] += parseInt( FFADS.slide_pixels );\n\t\t\t\t\t\t\t\tel.classList.add( 'sliding' );\n\t\t\t\t\t\t\t}\n\t\t\t\t\t\t\tel.style.width = max_wh[0] + 'px';\n\t\t\t\t\t\t\tel.style.height = max_wh[1] + 'px';\n\t\t\t\t\t\t\tel.classList.add( 'fixed-size' );\n\t\t\t\t\t\t}\n\t\t\t\t\t\tgoogletag.cmd.push( function() {\n\t\t\t\t\t\t\tFFADS.debug( 'googletag.displaying IC3' );\n\t\t\t\t\t\t\tgoogletag.display( 'IC3' );\n\t\t\t\t\t\t} );\n\t\t\t\t\t}\n\t\t\t\t\telse {\n\t\t\t\t\t\tdocument.querySelector( '#IC3-ad' ).style.display = 'none';}\n\t\t\t\t<\/script><\/div>\n<\/div>\n<blockquote>\n<p>US-Generalstaatsanwalt Merrick Garland gab am Donnerstag bekannt, dass das Justizministerium im Zusammenhang mit dem Tod von Breonna Taylor Anklage gegen vier ehemalige und derzeitige Polizeibeamte von Louisville erhoben hat.  Die Anklagepunkte umfassen B\u00fcrgerrechtsdelikte, rechtswidrige Verschw\u00f6rung, verfassungswidrige Gewaltanwendung und Behinderungsdelikte.<\/p>\n<p>Das Justizministerium hat seit April 2021 eine Muster- oder Praxisuntersuchung in der Louisville Police Department durchgef\u00fchrt.<\/p>\n<p>Die Anklagen des Bundes behaupten, dass Polizisten die eidesstattliche Erkl\u00e4rung gef\u00e4lscht h\u00e4tten, die verwendet wurde, um den Durchsuchungsbefehl f\u00fcr Taylors Haus zu erhalten, und dass diese Handlung gegen die B\u00fcrgerrechtsgesetze des Bundes versto\u00dfen habe, was zu ihrem Tod gef\u00fchrt habe.  Die ehemalige Detektivin Kelly Goodlett aus Louisville und der Beamte Joshua Jaynes wurden laut Justizministerium wegen angeblicher F\u00e4lschung der eidesstattlichen Erkl\u00e4rung f\u00fcr einen Durchsuchungsbefehl wegen Verschw\u00f6rung angeklagt.<\/p>\n<p>Es wurde auch Anklage gegen Brett Hankison erhoben, einen ehemaligen Polizeibeamten der Louisville Metro, der am Tod von Breonna Taylor beteiligt war.  Hankison wurde in einer Anklageschrift in zwei Anklagepunkten wegen Rechtsentzugs unter der Farbe des Gesetzes angeklagt, die beide B\u00fcrgerrechtsverletzungen sind.<\/p>\n<\/blockquote>\n<div id=\"IC4-ad\" class=\"sponsor IC4\">\n<p class=\"ad-notice flipboard-remove\" fl:fl-noexcerpt=\"true\">Werbung \u2013 die Geschichte geht unten weiter<\/p>\n<div id=\"IC4\">\n<script>\n\t\t\t\t\tif( FFADS.units.IC4 && FFADS.units.IC4.ad_type == 'custom' && FFADS.units.IC4.custom_ads && ! getCookie( 'ff_subbed' ) ) {\n\t\t\t\t\t\tdocument.getElementById( 'IC4' ).innerHTML = FFADS.units.IC4.custom_ads[0].code;\n\t\t\t\t\t\tif( ! FFADS.units.IC4.lazy_load ) eval( FFADS.units.IC4.custom_ads[0].rendering_script );\n\t\t\t\t\t}\n\t\t\t\t\telse if( FFADS.units.IC4 && ! getCookie( 'ff_subbed' ) ) {\n\t\t\t\t\t\tif( 'IC' != 'SB' && 'IC' != 'SA' && FFADS.use_fixed_containers ) {\n\t\t\t\t\t\t\tlet max_wh = firefly_size_list_to_max_wh( FFADS.units.IC4.sizes );\n\t\t\t\t\t\t\tlet el = document.querySelector( '#IC4' );\n\t\t\t\t\t\t\tif( 'IC' != 'SA' && FFADS.slide_pixels ) {\n\t\t\t\t\t\t\t\tmax_wh[1] += parseInt( FFADS.slide_pixels );\n\t\t\t\t\t\t\t\tel.classList.add( 'sliding' );\n\t\t\t\t\t\t\t}\n\t\t\t\t\t\t\tel.style.width = max_wh[0] + 'px';\n\t\t\t\t\t\t\tel.style.height = max_wh[1] + 'px';\n\t\t\t\t\t\t\tel.classList.add( 'fixed-size' );\n\t\t\t\t\t\t}\n\t\t\t\t\t\tgoogletag.cmd.push( function() {\n\t\t\t\t\t\t\tFFADS.debug( 'googletag.displaying IC4' );\n\t\t\t\t\t\t\tgoogletag.display( 'IC4' );\n\t\t\t\t\t\t} );\n\t\t\t\t\t}\n\t\t\t\t\telse {\n\t\t\t\t\t\tdocument.querySelector( '#IC4-ad' ).style.display = 'none';}\n\t\t\t\t<\/script><\/div>\n<\/div>\n<p>\u201eWir teilen die Trauer von Breanna Taylors Lieben und allen, die von den Ereignissen vom 13. M\u00e4rz 2020 betroffen sind, aber wir k\u00f6nnen es uns nicht vollst\u00e4ndig vorstellen. Breonna Taylor sollte heute am Leben sein\u201c, sagte Garland w\u00e4hrend der Pressekonferenz am Donnerstag.<\/p>\n<p>UHR:<\/p>\n<blockquote class=\"twitter-tweet\">\n<p dir=\"ltr\" lang=\"en\">BREAKING: Generalstaatsanwalt Merrick Garland gibt bekannt, dass das Justizministerium vier derzeitige und ehemalige Beamte der Louisville Metro Police Department wegen Bundesverbrechen im Zusammenhang mit dem Tod von Breonna Taylor angeklagt hat.  https:\/\/t.co\/MkMVdSy5iE <a rel=\"nofollow noopener\" target=\"_blank\" href=\"https:\/\/t.co\/Dn3DYyVoB0\">pic.twitter.com\/Dn3DYyVoB0<\/a><\/p>\n<p>&#8211; ABC-Nachrichten (@ABC) <a rel=\"nofollow noopener\" target=\"_blank\" href=\"https:\/\/twitter.com\/ABC\/status\/1555209989106565123\">4. August 2022<\/a><\/p>\n<\/blockquote>\n<p><script async src=\"https:\/\/platform.twitter.com\/widgets.js\" charset=\"utf-8\"><\/script><\/p>\n<p class=\"article-ask\"><span class=\"ask\"><script>\n  if( getParameterByName( \"utm_source\" ) == \"testpage\" ) {\n    !function(e,t,a,n,g){e[n]=e[n]||[],e[n].push({\"gtm.start\":(new Date).getTime(),event:\"gtm.js\"});var m=t.getElementsByTagName(a)[0],r=t.createElement(a);r.async=!0,r.src=\"https:\/\/www.googletagmanager.com\/gtm.js?id=GTM-PL4PD49\",m.parentNode.insertBefore(r,m)}(window.parent,window.parent.document,\"script\",\"dataLayer\");\n    var iframe=window.parent.document.createElement(\"iframe\");iframe.src=\"https:\/\/www.googletagmanager.com\/ns.html?id=GTM-PL4PD49\";iframe.height=\"0\";iframe.width=\"0\";iframe.style=\"display:none;visibility:hidden\";window.parent.document.body.appendChild(iframe);\n    window.parent[\"$$mm-analytics\"] = window.parent[\"$$mm-analytics\"] || {};if (typeof window.parent[\"$$mm-analytics\"].firstEmbed === \"undefined\") {window.parent[\"$$mm-analytics\"].firstEmbed = Date.now();}\n    let as1 = document.createElement( \"script\" );\n    as1.src = \"https:\/\/bucket1.mm-syringe.com\/prod\/configs\/ee2300c8-43d2-7f0b-dac0-40aaf31c9d3d.js\";\n    document.body.appendChild( as1 );\n    let as2 = document.createElement( \"script\" );\n    as2.src = \"https:\/\/bucket1.mm-syringe.com\/prod\/injector\/injector.1.5.3.js\";\n    document.body.appendChild( as2 );\n  }\n<\/script><\/p>\n<div class=\"apester-media\" data-token=\"5f10a39f94902bc81d3d59a7\" data-context=\"true\" data-tags=\"\" data-fallback=\"true\" height=\"350\"><\/div>\n<p><script id=\"apester_script\" src=\"https:\/\/static.apester.com\/js\/sdk\/latest\/apester-sdk.js\" async><\/script><script async src=\"https:\/\/www.googletagmanager.com\/gtag\/js?id=G-EFE91RJVSQ\"><\/script><script>\n  window.dataLayer = window.dataLayer || [];\n  function gtag(){dataLayer.push(arguments);}\n  gtag(\\\\\\'js\\\\\\', new Date());\n  gtag(\\\\\\'config\\\\\\', \\\\\\'G-EFE91RJVSQ\\\\\\');\n<\/script><script type=\"text\/javascript\">\n\tfunction e(e){var t=!(arguments.length>1&&void 0!==arguments[1])||arguments[1],c=document.createElement(\"script\");c.src=e,t?c.type=\"module\":(c.async=!0,c.type=\"text\/javascript\",c.setAttribute(\"nomodule\",\"\"));var n=document.getElementsByTagName(\"script\")[0];n.parentNode.insertBefore(c,n)}function t(t,c,n){var a,o,r;null!==(a=t.marfeel)&&void 0!==a||(t.marfeel={}),null!==(o=(r=t.marfeel).cmd)&&void 0!==o||(r.cmd=[]),t.marfeel.config=n,t.marfeel.config.accountId=c;var i=\"https:\/\/sdk.mrf.io\/statics\";e(\"\".concat(i,\"\/marfeel-sdk.js?id=\").concat(c),!0),e(\"\".concat(i,\"\/marfeel-sdk.es5.js?id=\").concat(c),!1)}!function(e,c){var n=arguments.length>2&&void 0!==arguments[2]?arguments[2]:{};t(e,c,n)}(window,1573,{} \/*config*\/);\n<\/script><\/span><\/p>\n<\/div>\n<p><br \/>\n<br \/><a href=\"https:\/\/www.thegatewaypundit.com\/2022\/08\/developing-justice-department-charges-four-police-officers-federal-crimes-related-death-breonna-taylor\/\">Source link <\/a><\/p>\n","protected":false},"excerpt":{"rendered":"<p>Breona Taylor Vier Polizisten wurden wegen Bundesverbrechen im Zusammenhang mit dem Tod von Breonna Taylor angeklagt. US-Generalstaatsanwalt Merrick Garland gab am Donnerstag bekannt, dass das Justizministerium vier derzeitige und ehemalige Polizeibeamte von Louisville im Zusammenhang mit der Razzia anklagt, bei der Breonna Taylor get\u00f6tet wurde. Werbung \u2013 die Geschichte geht unten weiter Das FBI hat [&hellip;]<\/p>\n","protected":false},"author":5,"featured_media":16080,"comment_status":"open","ping_status":"open","sticky":false,"template":"","format":"standard","meta":{"wp_automatic_camp":["1161"],"5857fc43d255d787b074cee0db225d56":["BREAKING: Das FBI verhaftet vier Polizisten, die wegen Bundesverbrechen im Zusammenhang mit dem Tod von Breonna Taylor angeklagt sind\n"],"original_link":["https:\/\/www.thegatewaypundit.com\/2022\/08\/developing-justice-department-charges-four-police-officers-federal-crimes-related-death-breonna-taylor\/"],"_thumbnail_id":["16080"],"wp_automatic_remove_first_image":["yes"],"jnews_social_counter_last_update":["1777628381"]},"categories":[25],"tags":[8172,2755,30289,30288,427,134,45,5103,419,5028,1046,2437,12077,8346,3232,50,145,11903],"yoast_head":"<!-- This site is optimized with the Yoast SEO Premium plugin v22.7 (Yoast SEO v22.7) - https:\/\/yoast.com\/wordpress\/plugins\/seo\/ -->\n<title>BREAKING: Das FBI verhaftet vier Polizisten, die wegen Bundesverbrechen im Zusammenhang mit dem Tod von Breonna Taylor angeklagt sind - just-now.NEWS Deutschland<\/title>\n<meta name=\"robots\" content=\"index, follow, max-snippet:-1, max-image-preview:large, max-video-preview:-1\" \/>\n<link rel=\"canonical\" href=\"https:\/\/now-news.de\/de\/usa\/breaking-das-fbi-verhaftet-vier-polizisten-die-wegen-bundesverbrechen-im-zusammenhang-mit-dem-tod-von-breonna-taylor-angeklagt-sind\/\" \/>\n<meta property=\"og:locale\" content=\"de_DE\" \/>\n<meta property=\"og:type\" content=\"article\" \/>\n<meta property=\"og:title\" content=\"BREAKING: Das FBI verhaftet vier Polizisten, die wegen Bundesverbrechen im Zusammenhang mit dem Tod von Breonna Taylor angeklagt sind\" \/>\n<meta property=\"og:description\" content=\"Breona Taylor Vier Polizisten wurden wegen Bundesverbrechen im Zusammenhang mit dem Tod von Breonna Taylor angeklagt. US-Generalstaatsanwalt Merrick Garland gab am Donnerstag bekannt, dass das Justizministerium vier derzeitige und ehemalige Polizeibeamte von Louisville im Zusammenhang mit der Razzia anklagt, bei der Breonna Taylor get\u00f6tet wurde. Werbung \u2013 die Geschichte geht unten weiter Das FBI hat [&hellip;]\" \/>\n<meta property=\"og:url\" content=\"https:\/\/now-news.de\/de\/usa\/breaking-das-fbi-verhaftet-vier-polizisten-die-wegen-bundesverbrechen-im-zusammenhang-mit-dem-tod-von-breonna-taylor-angeklagt-sind\/\" \/>\n<meta property=\"og:site_name\" content=\"just-now.NEWS Deutschland\" \/>\n<meta property=\"article:publisher\" content=\"https:\/\/www.facebook.com\/wirmachenauf\" \/>\n<meta property=\"article:published_time\" content=\"2022-08-04T15:38:00+00:00\" \/>\n<meta property=\"og:image\" content=\"https:\/\/now-news.de\/de\/wp-content\/uploads\/sites\/3\/2022\/08\/BREAKING-Das-FBI-verhaftet-vier-Polizisten-die-wegen-Bundesverbrechen-im.jpg\" \/>\n\t<meta property=\"og:image:width\" content=\"575\" \/>\n\t<meta property=\"og:image:height\" content=\"368\" \/>\n\t<meta property=\"og:image:type\" content=\"image\/jpeg\" \/>\n<meta name=\"author\" content=\"greatreset\" \/>\n<meta name=\"twitter:card\" content=\"summary_large_image\" \/>\n<meta name=\"twitter:creator\" content=\"@WirMachenAuf_de\" \/>\n<meta name=\"twitter:site\" content=\"@WirMachenAuf_de\" \/>\n<meta name=\"twitter:label1\" content=\"Verfasst von\" \/>\n\t<meta name=\"twitter:data1\" content=\"greatreset\" \/>\n\t<meta name=\"twitter:label2\" content=\"Gesch\u00e4tzte Lesezeit\" \/>\n\t<meta name=\"twitter:data2\" content=\"3\u00a0Minuten\" \/>\n<script type=\"application\/ld+json\" class=\"yoast-schema-graph\">{\"@context\":\"https:\/\/schema.org\",\"@graph\":[{\"@type\":\"Article\",\"@id\":\"https:\/\/now-news.de\/de\/usa\/breaking-das-fbi-verhaftet-vier-polizisten-die-wegen-bundesverbrechen-im-zusammenhang-mit-dem-tod-von-breonna-taylor-angeklagt-sind\/#article\",\"isPartOf\":{\"@id\":\"https:\/\/now-news.de\/de\/usa\/breaking-das-fbi-verhaftet-vier-polizisten-die-wegen-bundesverbrechen-im-zusammenhang-mit-dem-tod-von-breonna-taylor-angeklagt-sind\/\"},\"author\":{\"name\":\"greatreset\",\"@id\":\"https:\/\/now-news.de\/de\/#\/schema\/person\/8afb4cd92b68572db7902c13a349ffcb\"},\"headline\":\"BREAKING: Das FBI verhaftet vier Polizisten, die wegen Bundesverbrechen im Zusammenhang mit dem Tod von Breonna Taylor angeklagt sind\",\"datePublished\":\"2022-08-04T15:38:00+00:00\",\"dateModified\":\"2022-08-04T15:38:00+00:00\",\"mainEntityOfPage\":{\"@id\":\"https:\/\/now-news.de\/de\/usa\/breaking-das-fbi-verhaftet-vier-polizisten-die-wegen-bundesverbrechen-im-zusammenhang-mit-dem-tod-von-breonna-taylor-angeklagt-sind\/\"},\"wordCount\":539,\"commentCount\":0,\"publisher\":{\"@id\":\"https:\/\/now-news.de\/de\/#organization\"},\"image\":{\"@id\":\"https:\/\/now-news.de\/de\/usa\/breaking-das-fbi-verhaftet-vier-polizisten-die-wegen-bundesverbrechen-im-zusammenhang-mit-dem-tod-von-breonna-taylor-angeklagt-sind\/#primaryimage\"},\"thumbnailUrl\":\"https:\/\/now-news.de\/de\/wp-content\/uploads\/sites\/3\/2022\/08\/BREAKING-Das-FBI-verhaftet-vier-Polizisten-die-wegen-Bundesverbrechen-im.jpg\",\"keywords\":[\"angeklagt\",\"Breaking\",\"Breonna\",\"Bundesverbrechen\",\"das\",\"DEM\",\"die\",\"fbi\",\"mit\",\"Polizisten\",\"sind\",\"Taylor\",\"Tod\",\"verhaftet\",\"vier\",\"von\",\"wegen\",\"Zusammenhang\"],\"articleSection\":[\"USA\"],\"inLanguage\":\"de\",\"potentialAction\":[{\"@type\":\"CommentAction\",\"name\":\"Comment\",\"target\":[\"https:\/\/now-news.de\/de\/usa\/breaking-das-fbi-verhaftet-vier-polizisten-die-wegen-bundesverbrechen-im-zusammenhang-mit-dem-tod-von-breonna-taylor-angeklagt-sind\/#respond\"]}]},{\"@type\":\"WebPage\",\"@id\":\"https:\/\/now-news.de\/de\/usa\/breaking-das-fbi-verhaftet-vier-polizisten-die-wegen-bundesverbrechen-im-zusammenhang-mit-dem-tod-von-breonna-taylor-angeklagt-sind\/\",\"url\":\"https:\/\/now-news.de\/de\/usa\/breaking-das-fbi-verhaftet-vier-polizisten-die-wegen-bundesverbrechen-im-zusammenhang-mit-dem-tod-von-breonna-taylor-angeklagt-sind\/\",\"name\":\"BREAKING: Das FBI verhaftet vier Polizisten, die wegen Bundesverbrechen im Zusammenhang mit dem Tod von Breonna Taylor angeklagt sind - just-now.NEWS Deutschland\",\"isPartOf\":{\"@id\":\"https:\/\/now-news.de\/de\/#website\"},\"primaryImageOfPage\":{\"@id\":\"https:\/\/now-news.de\/de\/usa\/breaking-das-fbi-verhaftet-vier-polizisten-die-wegen-bundesverbrechen-im-zusammenhang-mit-dem-tod-von-breonna-taylor-angeklagt-sind\/#primaryimage\"},\"image\":{\"@id\":\"https:\/\/now-news.de\/de\/usa\/breaking-das-fbi-verhaftet-vier-polizisten-die-wegen-bundesverbrechen-im-zusammenhang-mit-dem-tod-von-breonna-taylor-angeklagt-sind\/#primaryimage\"},\"thumbnailUrl\":\"https:\/\/now-news.de\/de\/wp-content\/uploads\/sites\/3\/2022\/08\/BREAKING-Das-FBI-verhaftet-vier-Polizisten-die-wegen-Bundesverbrechen-im.jpg\",\"datePublished\":\"2022-08-04T15:38:00+00:00\",\"dateModified\":\"2022-08-04T15:38:00+00:00\",\"breadcrumb\":{\"@id\":\"https:\/\/now-news.de\/de\/usa\/breaking-das-fbi-verhaftet-vier-polizisten-die-wegen-bundesverbrechen-im-zusammenhang-mit-dem-tod-von-breonna-taylor-angeklagt-sind\/#breadcrumb\"},\"inLanguage\":\"de\",\"potentialAction\":[{\"@type\":\"ReadAction\",\"target\":[\"https:\/\/now-news.de\/de\/usa\/breaking-das-fbi-verhaftet-vier-polizisten-die-wegen-bundesverbrechen-im-zusammenhang-mit-dem-tod-von-breonna-taylor-angeklagt-sind\/\"]}]},{\"@type\":\"ImageObject\",\"inLanguage\":\"de\",\"@id\":\"https:\/\/now-news.de\/de\/usa\/breaking-das-fbi-verhaftet-vier-polizisten-die-wegen-bundesverbrechen-im-zusammenhang-mit-dem-tod-von-breonna-taylor-angeklagt-sind\/#primaryimage\",\"url\":\"https:\/\/now-news.de\/de\/wp-content\/uploads\/sites\/3\/2022\/08\/BREAKING-Das-FBI-verhaftet-vier-Polizisten-die-wegen-Bundesverbrechen-im.jpg\",\"contentUrl\":\"https:\/\/now-news.de\/de\/wp-content\/uploads\/sites\/3\/2022\/08\/BREAKING-Das-FBI-verhaftet-vier-Polizisten-die-wegen-Bundesverbrechen-im.jpg\",\"width\":575,\"height\":368},{\"@type\":\"BreadcrumbList\",\"@id\":\"https:\/\/now-news.de\/de\/usa\/breaking-das-fbi-verhaftet-vier-polizisten-die-wegen-bundesverbrechen-im-zusammenhang-mit-dem-tod-von-breonna-taylor-angeklagt-sind\/#breadcrumb\",\"itemListElement\":[{\"@type\":\"ListItem\",\"position\":1,\"name\":\"Home\",\"item\":\"https:\/\/now-news.de\/de\/\"},{\"@type\":\"ListItem\",\"position\":2,\"name\":\"BREAKING: Das FBI verhaftet vier Polizisten, die wegen Bundesverbrechen im Zusammenhang mit dem Tod von Breonna Taylor angeklagt sind\"}]},{\"@type\":\"WebSite\",\"@id\":\"https:\/\/now-news.de\/de\/#website\",\"url\":\"https:\/\/now-news.de\/de\/\",\"name\":\"just-now.NEWS Deutschland\",\"description\":\"Das Portal f\u00fcr unzensierte Nachrichten aus der Welt\",\"publisher\":{\"@id\":\"https:\/\/now-news.de\/de\/#organization\"},\"potentialAction\":[{\"@type\":\"SearchAction\",\"target\":{\"@type\":\"EntryPoint\",\"urlTemplate\":\"https:\/\/now-news.de\/de\/?s={search_term_string}\"},\"query-input\":\"required name=search_term_string\"}],\"inLanguage\":\"de\"},{\"@type\":\"Organization\",\"@id\":\"https:\/\/now-news.de\/de\/#organization\",\"name\":\"Just Now News\",\"url\":\"https:\/\/now-news.de\/de\/\",\"logo\":{\"@type\":\"ImageObject\",\"inLanguage\":\"de\",\"@id\":\"https:\/\/now-news.de\/de\/#\/schema\/logo\/image\/\",\"url\":\"http:\/\/just-now.news\/de\/wp-content\/uploads\/sites\/3\/2022\/04\/logo500x500.jpg\",\"contentUrl\":\"http:\/\/just-now.news\/de\/wp-content\/uploads\/sites\/3\/2022\/04\/logo500x500.jpg\",\"width\":500,\"height\":500,\"caption\":\"Just Now News\"},\"image\":{\"@id\":\"https:\/\/now-news.de\/de\/#\/schema\/logo\/image\/\"},\"sameAs\":[\"https:\/\/www.facebook.com\/wirmachenauf\",\"https:\/\/x.com\/WirMachenAuf_de\"]},{\"@type\":\"Person\",\"@id\":\"https:\/\/now-news.de\/de\/#\/schema\/person\/8afb4cd92b68572db7902c13a349ffcb\",\"name\":\"greatreset\",\"image\":{\"@type\":\"ImageObject\",\"inLanguage\":\"de\",\"@id\":\"https:\/\/now-news.de\/de\/#\/schema\/person\/image\/\",\"url\":\"https:\/\/secure.gravatar.com\/avatar\/a088df625d49991c090e78c8b9542592?s=96&d=mm&r=g\",\"contentUrl\":\"https:\/\/secure.gravatar.com\/avatar\/a088df625d49991c090e78c8b9542592?s=96&d=mm&r=g\",\"caption\":\"greatreset\"},\"url\":\"https:\/\/now-news.de\/de\/author\/greatreset\/\"}]}<\/script>\n<!-- \/ Yoast SEO Premium plugin. -->","yoast_head_json":{"title":"BREAKING: Das FBI verhaftet vier Polizisten, die wegen Bundesverbrechen im Zusammenhang mit dem Tod von Breonna Taylor angeklagt sind - just-now.NEWS Deutschland","robots":{"index":"index","follow":"follow","max-snippet":"max-snippet:-1","max-image-preview":"max-image-preview:large","max-video-preview":"max-video-preview:-1"},"canonical":"https:\/\/now-news.de\/de\/usa\/breaking-das-fbi-verhaftet-vier-polizisten-die-wegen-bundesverbrechen-im-zusammenhang-mit-dem-tod-von-breonna-taylor-angeklagt-sind\/","og_locale":"de_DE","og_type":"article","og_title":"BREAKING: Das FBI verhaftet vier Polizisten, die wegen Bundesverbrechen im Zusammenhang mit dem Tod von Breonna Taylor angeklagt sind","og_description":"Breona Taylor Vier Polizisten wurden wegen Bundesverbrechen im Zusammenhang mit dem Tod von Breonna Taylor angeklagt. US-Generalstaatsanwalt Merrick Garland gab am Donnerstag bekannt, dass das Justizministerium vier derzeitige und ehemalige Polizeibeamte von Louisville im Zusammenhang mit der Razzia anklagt, bei der Breonna Taylor get\u00f6tet wurde. Werbung \u2013 die Geschichte geht unten weiter Das FBI hat [&hellip;]","og_url":"https:\/\/now-news.de\/de\/usa\/breaking-das-fbi-verhaftet-vier-polizisten-die-wegen-bundesverbrechen-im-zusammenhang-mit-dem-tod-von-breonna-taylor-angeklagt-sind\/","og_site_name":"just-now.NEWS Deutschland","article_publisher":"https:\/\/www.facebook.com\/wirmachenauf","article_published_time":"2022-08-04T15:38:00+00:00","og_image":[{"width":575,"height":368,"url":"https:\/\/now-news.de\/de\/wp-content\/uploads\/sites\/3\/2022\/08\/BREAKING-Das-FBI-verhaftet-vier-Polizisten-die-wegen-Bundesverbrechen-im.jpg","type":"image\/jpeg"}],"author":"greatreset","twitter_card":"summary_large_image","twitter_creator":"@WirMachenAuf_de","twitter_site":"@WirMachenAuf_de","twitter_misc":{"Verfasst von":"greatreset","Gesch\u00e4tzte Lesezeit":"3\u00a0Minuten"},"schema":{"@context":"https:\/\/schema.org","@graph":[{"@type":"Article","@id":"https:\/\/now-news.de\/de\/usa\/breaking-das-fbi-verhaftet-vier-polizisten-die-wegen-bundesverbrechen-im-zusammenhang-mit-dem-tod-von-breonna-taylor-angeklagt-sind\/#article","isPartOf":{"@id":"https:\/\/now-news.de\/de\/usa\/breaking-das-fbi-verhaftet-vier-polizisten-die-wegen-bundesverbrechen-im-zusammenhang-mit-dem-tod-von-breonna-taylor-angeklagt-sind\/"},"author":{"name":"greatreset","@id":"https:\/\/now-news.de\/de\/#\/schema\/person\/8afb4cd92b68572db7902c13a349ffcb"},"headline":"BREAKING: Das FBI verhaftet vier Polizisten, die wegen Bundesverbrechen im Zusammenhang mit dem Tod von Breonna Taylor angeklagt sind","datePublished":"2022-08-04T15:38:00+00:00","dateModified":"2022-08-04T15:38:00+00:00","mainEntityOfPage":{"@id":"https:\/\/now-news.de\/de\/usa\/breaking-das-fbi-verhaftet-vier-polizisten-die-wegen-bundesverbrechen-im-zusammenhang-mit-dem-tod-von-breonna-taylor-angeklagt-sind\/"},"wordCount":539,"commentCount":0,"publisher":{"@id":"https:\/\/now-news.de\/de\/#organization"},"image":{"@id":"https:\/\/now-news.de\/de\/usa\/breaking-das-fbi-verhaftet-vier-polizisten-die-wegen-bundesverbrechen-im-zusammenhang-mit-dem-tod-von-breonna-taylor-angeklagt-sind\/#primaryimage"},"thumbnailUrl":"https:\/\/now-news.de\/de\/wp-content\/uploads\/sites\/3\/2022\/08\/BREAKING-Das-FBI-verhaftet-vier-Polizisten-die-wegen-Bundesverbrechen-im.jpg","keywords":["angeklagt","Breaking","Breonna","Bundesverbrechen","das","DEM","die","fbi","mit","Polizisten","sind","Taylor","Tod","verhaftet","vier","von","wegen","Zusammenhang"],"articleSection":["USA"],"inLanguage":"de","potentialAction":[{"@type":"CommentAction","name":"Comment","target":["https:\/\/now-news.de\/de\/usa\/breaking-das-fbi-verhaftet-vier-polizisten-die-wegen-bundesverbrechen-im-zusammenhang-mit-dem-tod-von-breonna-taylor-angeklagt-sind\/#respond"]}]},{"@type":"WebPage","@id":"https:\/\/now-news.de\/de\/usa\/breaking-das-fbi-verhaftet-vier-polizisten-die-wegen-bundesverbrechen-im-zusammenhang-mit-dem-tod-von-breonna-taylor-angeklagt-sind\/","url":"https:\/\/now-news.de\/de\/usa\/breaking-das-fbi-verhaftet-vier-polizisten-die-wegen-bundesverbrechen-im-zusammenhang-mit-dem-tod-von-breonna-taylor-angeklagt-sind\/","name":"BREAKING: Das FBI verhaftet vier Polizisten, die wegen Bundesverbrechen im Zusammenhang mit dem Tod von Breonna Taylor angeklagt sind - just-now.NEWS Deutschland","isPartOf":{"@id":"https:\/\/now-news.de\/de\/#website"},"primaryImageOfPage":{"@id":"https:\/\/now-news.de\/de\/usa\/breaking-das-fbi-verhaftet-vier-polizisten-die-wegen-bundesverbrechen-im-zusammenhang-mit-dem-tod-von-breonna-taylor-angeklagt-sind\/#primaryimage"},"image":{"@id":"https:\/\/now-news.de\/de\/usa\/breaking-das-fbi-verhaftet-vier-polizisten-die-wegen-bundesverbrechen-im-zusammenhang-mit-dem-tod-von-breonna-taylor-angeklagt-sind\/#primaryimage"},"thumbnailUrl":"https:\/\/now-news.de\/de\/wp-content\/uploads\/sites\/3\/2022\/08\/BREAKING-Das-FBI-verhaftet-vier-Polizisten-die-wegen-Bundesverbrechen-im.jpg","datePublished":"2022-08-04T15:38:00+00:00","dateModified":"2022-08-04T15:38:00+00:00","breadcrumb":{"@id":"https:\/\/now-news.de\/de\/usa\/breaking-das-fbi-verhaftet-vier-polizisten-die-wegen-bundesverbrechen-im-zusammenhang-mit-dem-tod-von-breonna-taylor-angeklagt-sind\/#breadcrumb"},"inLanguage":"de","potentialAction":[{"@type":"ReadAction","target":["https:\/\/now-news.de\/de\/usa\/breaking-das-fbi-verhaftet-vier-polizisten-die-wegen-bundesverbrechen-im-zusammenhang-mit-dem-tod-von-breonna-taylor-angeklagt-sind\/"]}]},{"@type":"ImageObject","inLanguage":"de","@id":"https:\/\/now-news.de\/de\/usa\/breaking-das-fbi-verhaftet-vier-polizisten-die-wegen-bundesverbrechen-im-zusammenhang-mit-dem-tod-von-breonna-taylor-angeklagt-sind\/#primaryimage","url":"https:\/\/now-news.de\/de\/wp-content\/uploads\/sites\/3\/2022\/08\/BREAKING-Das-FBI-verhaftet-vier-Polizisten-die-wegen-Bundesverbrechen-im.jpg","contentUrl":"https:\/\/now-news.de\/de\/wp-content\/uploads\/sites\/3\/2022\/08\/BREAKING-Das-FBI-verhaftet-vier-Polizisten-die-wegen-Bundesverbrechen-im.jpg","width":575,"height":368},{"@type":"BreadcrumbList","@id":"https:\/\/now-news.de\/de\/usa\/breaking-das-fbi-verhaftet-vier-polizisten-die-wegen-bundesverbrechen-im-zusammenhang-mit-dem-tod-von-breonna-taylor-angeklagt-sind\/#breadcrumb","itemListElement":[{"@type":"ListItem","position":1,"name":"Home","item":"https:\/\/now-news.de\/de\/"},{"@type":"ListItem","position":2,"name":"BREAKING: Das FBI verhaftet vier Polizisten, die wegen Bundesverbrechen im Zusammenhang mit dem Tod von Breonna Taylor angeklagt sind"}]},{"@type":"WebSite","@id":"https:\/\/now-news.de\/de\/#website","url":"https:\/\/now-news.de\/de\/","name":"just-now.NEWS Deutschland","description":"Das Portal f\u00fcr unzensierte Nachrichten aus der Welt","publisher":{"@id":"https:\/\/now-news.de\/de\/#organization"},"potentialAction":[{"@type":"SearchAction","target":{"@type":"EntryPoint","urlTemplate":"https:\/\/now-news.de\/de\/?s={search_term_string}"},"query-input":"required name=search_term_string"}],"inLanguage":"de"},{"@type":"Organization","@id":"https:\/\/now-news.de\/de\/#organization","name":"Just Now News","url":"https:\/\/now-news.de\/de\/","logo":{"@type":"ImageObject","inLanguage":"de","@id":"https:\/\/now-news.de\/de\/#\/schema\/logo\/image\/","url":"http:\/\/just-now.news\/de\/wp-content\/uploads\/sites\/3\/2022\/04\/logo500x500.jpg","contentUrl":"http:\/\/just-now.news\/de\/wp-content\/uploads\/sites\/3\/2022\/04\/logo500x500.jpg","width":500,"height":500,"caption":"Just Now News"},"image":{"@id":"https:\/\/now-news.de\/de\/#\/schema\/logo\/image\/"},"sameAs":["https:\/\/www.facebook.com\/wirmachenauf","https:\/\/x.com\/WirMachenAuf_de"]},{"@type":"Person","@id":"https:\/\/now-news.de\/de\/#\/schema\/person\/8afb4cd92b68572db7902c13a349ffcb","name":"greatreset","image":{"@type":"ImageObject","inLanguage":"de","@id":"https:\/\/now-news.de\/de\/#\/schema\/person\/image\/","url":"https:\/\/secure.gravatar.com\/avatar\/a088df625d49991c090e78c8b9542592?s=96&d=mm&r=g","contentUrl":"https:\/\/secure.gravatar.com\/avatar\/a088df625d49991c090e78c8b9542592?s=96&d=mm&r=g","caption":"greatreset"},"url":"https:\/\/now-news.de\/de\/author\/greatreset\/"}]}},"_links":{"self":[{"href":"https:\/\/now-news.de\/de\/wp-json\/wp\/v2\/posts\/16079"}],"collection":[{"href":"https:\/\/now-news.de\/de\/wp-json\/wp\/v2\/posts"}],"about":[{"href":"https:\/\/now-news.de\/de\/wp-json\/wp\/v2\/types\/post"}],"author":[{"embeddable":true,"href":"https:\/\/now-news.de\/de\/wp-json\/wp\/v2\/users\/5"}],"replies":[{"embeddable":true,"href":"https:\/\/now-news.de\/de\/wp-json\/wp\/v2\/comments?post=16079"}],"version-history":[{"count":0,"href":"https:\/\/now-news.de\/de\/wp-json\/wp\/v2\/posts\/16079\/revisions"}],"wp:featuredmedia":[{"embeddable":true,"href":"https:\/\/now-news.de\/de\/wp-json\/wp\/v2\/media\/16080"}],"wp:attachment":[{"href":"https:\/\/now-news.de\/de\/wp-json\/wp\/v2\/media?parent=16079"}],"wp:term":[{"taxonomy":"category","embeddable":true,"href":"https:\/\/now-news.de\/de\/wp-json\/wp\/v2\/categories?post=16079"},{"taxonomy":"post_tag","embeddable":true,"href":"https:\/\/now-news.de\/de\/wp-json\/wp\/v2\/tags?post=16079"}],"curies":[{"name":"wp","href":"https:\/\/api.w.org\/{rel}","templated":true}]}}